{"id":195082,"date":"2019-04-22T19:25:14","date_gmt":"2019-04-22T19:25:14","guid":{"rendered":"https:\/\/www.meydan.tv\/article\/yalniz-bir-avtomobilin-getdiyi-kend\/"},"modified":"2019-04-22T19:25:14","modified_gmt":"2019-04-22T19:25:14","slug":"yalniz-bir-avtomobilin-getdiyi-kend","status":"publish","type":"post","link":"https:\/\/www.meydan.tv\/az\/article\/yalniz-bir-avtomobilin-getdiyi-kend\/","title":{"rendered":"Yaln\u0131z bir avtomobilin getdiyi k\u0259nd"},"content":{"rendered":"<p>\n  <i><br \/>\n    Buduqda evl\u0259rin dam\u0131 yoxdur, d\u00f6rd t\u0259r\u0259fi m\u0259zarl\u0131qd\u0131r, yegan\u0259 avtomobil is\u0259 iki g\u00fcnd\u0259n bir i\u015fl\u0259yir<br \/>\n  <\/i>\n<\/p>\n<p>\n  Tarixi Qafqaz Albaniyas\u0131na gedib \u00e7\u0131xan Quban\u0131n Buduq k\u0259ndi a\u011f\u0131r g\u00fcnl\u0259rini ya\u015fay\u0131r. K\u0259nd sakinl\u0259ri probleml\u0259rin \u00fcz\u00fcnd\u0259n bir-birinin ard\u0131nca evl\u0259rini qoyub gedir. Qayalar\u0131n, da\u011flar\u0131n qoynuna s\u0131\u011f\u0131nan bu q\u0259dim ya\u015fay\u0131\u015f yerin\u0259 Qubadan adic\u0259 yol da yoxdur.\n<\/p>\n<p>\n  <b><br \/>\n    Probleml\u0259rd\u0259n bo\u011fulan k\u0259nd<br \/>\n  <\/b>\n<\/p>\n<p>\n  \u201cYol yoxdur\u201d ifad\u0259si s\u00f6z\u00fcn birba\u015fa m\u0259nas\u0131nda yaz\u0131l\u0131b. Qr\u0131zd\u0259hn\u0259 k\u0259ndind\u0259n sonra s\u00fcr\u00fcc\u00fcm\u00fcz Yaqub H\u0259s\u0259nov 30 ild\u0259n \u00e7oxdur ona yolda\u015fl\u0131q ed\u0259n UAZ-\u0131 il\u0259 t\u0259p\u0259l\u0259rin \u00fcst\u00fcn\u0259 \u015f\u0131\u011f\u0131y\u0131r. Asfalt bitdi, bundan o t\u0259r\u0259f\u0259 qayalar\u0131n k\u0259nar\u0131, da\u011flar\u0131n yamac\u0131 il\u0259 getm\u0259k laz\u0131m g\u0259l\u0259c\u0259k. \u0130r\u0259lid\u0259 t\u0259xmin\u0259n 15 km qal\u0131b. Yaqub H\u0259s\u0259nov \u201ch\u0259l\u0259 \u00e7ox ged\u0259c\u0259yik,\u201d &#8211; deyir. UAZ h\u0259r metri gerid\u0259 qoymaq \u00fc\u00e7\u00fcn \u201cqan-t\u0259r t\u00f6k\u00fcr\u201d, b\u00fct\u00fcn g\u00fcc\u00fcn\u00fc ortaya qoyur. S\u00fcr\u00fcc\u00fc dan\u0131\u015f\u0131r ki, yolda qald\u0131qlar\u0131 az olmay\u0131b, buna g\u00f6r\u0259 d\u0259 h\u0259r g\u00fcn ma\u015f\u0131n\u0131n naz\u0131 il\u0259 oynay\u0131r. K\u0259nd camaat\u0131n\u0131 Qubaya v\u0259 geri da\u015f\u0131yan t\u0259kc\u0259 odur. Ham\u0131 onun k\u00f6hn\u0259 ma\u015f\u0131n\u0131n\u0131 \u00fcmidin\u0259 qal\u0131b. K\u0259nd\u0259 iki saat sonra \u00e7at\u0131r\u0131q. S\u00fcr\u00fcc\u00fc iki g\u00fcn sonra geri qay\u0131da bil\u0259c\u0259yini deyir&#8230;\n<\/p>\n<p>\n  K\u0259ndd\u0259 o q\u0259d\u0259r problem var ki, \u201chans\u0131ndan ba\u015flayaq?\u201d sual\u0131n\u0131 cavabland\u0131rmaq \u00e7ox \u00e7\u0259tin g\u00f6r\u00fcn\u00fcr. Qaz yoxdur, he\u00e7 vaxt olmay\u0131b. \u0130nsanlar evini t\u0259z\u0259kl\u0259 q\u0131zd\u0131r\u0131r. \u0130\u00e7m\u0259li su yoxdur. Da\u011flar\u0131n sin\u0259sind\u0259ki bulaqlardan k\u0259nd\u0259 primitiv \u00fcsulla su x\u0259tti \u00e7\u0259km\u0259y\u0259 \u00e7al\u0131\u015f\u0131blar. Q\u0131\u015fda h\u0259r yer dondu\u011fundan, i\u015f lap \u00e7\u0259tinl\u0259\u015fir. Qad\u0131nlar uzunqulaqla bula\u011fa gedib, ev\u0259 su g\u0259tirir. K\u0259ndd\u0259 oldu\u011fumuz m\u00fcdd\u0259td\u0259 mobil telefon birc\u0259 d\u0259f\u0259 d\u0259 \u015f\u0259b\u0259k\u0259y\u0259 qo\u015fulmad\u0131. H\u0259r \u00fc\u00e7 mobil operatora m\u00fcraci\u0259t el\u0259yibl\u0259r, he\u00e7 bir t\u0259dbir g\u00f6r\u00fclm\u0259yib. M\u0259kt\u0259b yaln\u0131z ibtidai t\u0259hsil verir. \u0130ll\u0259r \u0259vv\u0259l natamam orta m\u0259kt\u0259b olub, sonra ba\u011flay\u0131blar. K\u0259ndd\u0259n ged\u0259nl\u0259rin \u0259sas arqumentl\u0259rind\u0259n biri d\u0259 u\u015faqlara laz\u0131mi t\u0259hsil ver\u0259 bilm\u0259m\u0259kl\u0259ridir. Sakinl\u0259r d\u00f6rd\u00fcnc\u00fc sinifd\u0259n sonra u\u015faqlar\u0131 ba\u015fqa k\u0259ndl\u0259rd\u0259ki qohumlar\u0131n\u0131n yan\u0131na g\u00f6nd\u0259rir ki, t\u0259hsil yar\u0131m\u00e7\u0131q qalmas\u0131n. Buduqda he\u00e7 kim sosial yard\u0131m alm\u0131r. Barmaqla say\u0131lacaq q\u0259d\u0259r adam i\u015fl\u0259yir. Bir ne\u00e7\u0259 n\u0259f\u0259r t\u0259qa\u00fcd al\u0131r. Camaat \u0259sas\u0259n heyvandarl\u0131qla dolanma\u011fa \u00e7al\u0131\u015f\u0131r. Al\u0131nm\u0131r, \u00e7\u00fcnki otlaq \u0259razil\u0259ri, \u00f6r\u00fc\u015f yerl\u0259rini m\u00fcxt\u0259lif v\u0259zif\u0259 adamlar\u0131 z\u0259bt el\u0259yib. Ke\u00e7mi\u015f ekologiya v\u0259 t\u0259bii s\u0259rv\u0259tl\u0259r naziri H\u00fcseynqulu Ba\u011f\u0131rovun, \u201cS\u0259d\u0259r\u0259k\u201d Ticar\u0259t M\u0259rk\u0259zinin r\u0259hb\u0259ri Yusif Q\u0259dimb\u0259ylinin ad\u0131n\u0131 \u00e7\u0259kirl\u0259r. \u0130\u015f\u0131q x\u0259tl\u0259ri k\u00f6hn\u0259lib, q\u0131\u015fda xeyli qaranl\u0131qda qal\u0131rlar. Tibb m\u0259nt\u0259q\u0259si yoxdur. Gec\u0259 k\u0259ndd\u0259 kimins\u0259 hal\u0131 pisl\u0259\u015f\u0259nd\u0259 x\u0259st\u0259ni \u00f6z g\u00fccl\u0259rin\u0259 h\u0259yatda saxlama\u011fa \u00e7al\u0131\u015f\u0131rlar. Biz\u0259 k\u0259ndin 1880-ci ild\u0259 xarici fotoqraf\u0131n \u00e7\u0259kdiyi \u015f\u0259klini g\u00f6st\u0259rirl\u0259r. Buduqda o vaxt t\u0259xmin\u0259n 500 ev olub. \u0130ndi c\u0259mi 28 t\u0259s\u0259rr\u00fcfat qal\u0131b. Buduqlular Qubaya yax\u0131n k\u0259ndl\u0259r\u0259 k\u00f6\u00e7m\u0259y\u0259 \u00e7al\u0131\u015f\u0131r&#8230;\n<\/p>\n<figure class=\"wp-block-image size-large\">\n  <img decoding=\"async\" src=\"https:\/\/www.meydan.tv\/az\/rufeddin-cabbarov\/\" alt=\"Ruf\u0259ddin Cabbarov\" class=\"wp-image-122482\"\/><figcaption>\n    Ruf\u0259ddin Cabbarov<br \/>\n  <\/figcaption><\/figure>\n<p>\n  <i><br \/>\n    \u201cYer qalmay\u0131b, ham\u0131s\u0131n\u0131 sat\u0131blar\u201d<br \/>\n  <\/i>\n<\/p>\n<p>\n  K\u0259nd sakini R\u00fcf\u0259ddin Cabbarovla qar\u015f\u0131la\u015f\u0131r\u0131q. \u00dcr\u0259yi doludur:\n<\/p>\n<p>\n  \u201cM\u0259ni \u0259n \u00e7ox bu k\u0259ndd\u0259n k\u00f6\u00e7\u00fcb ged\u0259nl\u0259r narahat el\u0259yir. G\u00f6z\u00fcm\u00fc bu k\u0259ndd\u0259 a\u00e7m\u0131\u015fam, babalar\u0131m\u0131n ruhu dola\u015f\u0131r burada. Bu g\u00fcn\u0259 qalmas\u0131na heyfim g\u0259lir. M\u0259nim 60 ya\u015f\u0131m var, bundan sonra gedib a\u015fa\u011f\u0131larda harada ya\u015fay\u0131m? O k\u0259ndl\u0259rin sakinl\u0259rind\u0259n biri g\u0259lib ya\u015fay\u0131rm\u0131 m\u0259nim v\u0259t\u0259nimd\u0259? M\u0259n he\u00e7 qaz olmamas\u0131n\u0131 problem saym\u0131ram. Su laz\u0131md\u0131. \u0130\u015f\u0131q x\u0259ttimiz k\u00f6hn\u0259di. K\u00fcl\u0259k \u0259s\u0259n kimi qaranl\u0131qda qal\u0131r\u0131q. Yolumuz yoxdu. Novruz bayram\u0131 \u0259r\u0259f\u0259sind\u0259 bir h\u0259ft\u0259y\u0259 yax\u0131n Quba il\u0259 tamamil\u0259 \u0259laq\u0259 k\u0259sildi. Siz h\u0259l\u0259 yax\u015f\u0131 vaxtda g\u0259lmisiz. M\u0259n Qubadan g\u0259l\u0259nd\u0259 spidometr\u0259 baxm\u0131\u015fam, c\u0259mi 41 kilometr m\u0259saf\u0259di. Qr\u0131zd\u0259hn\u0259d\u0259n b\u0259ri yolu d\u00fcz\u0259lts\u0259l\u0259r, insanlar da qa\u00e7\u0131b getm\u0259z. \u015e\u0259xs\u0259n m\u0259nim anam\u0131 o vaxt h\u0259kim\u0259 \u00e7atd\u0131ra bilm\u0259dil\u0259r, cavank\u0259n r\u0259hm\u0259t\u0259 getdi. R\u00fck k\u0259ndind\u0259 tibb m\u0259nt\u0259q\u0259si vard\u0131, ora qa\u00e7\u0131rd\u0131q, indi h\u0259min yeri d\u0259 ba\u011flay\u0131blar. Biz heyvandarl\u0131qla dolan\u0131r\u0131q. Torpaqlar\u0131 g\u00f6t\u00fcr\u00fcb veribl\u0259r \u201cS\u0259d\u0259r\u0259k\u201d adl\u0131 m\u00fc\u0259ssis\u0259y\u0259. Bu torpaq Budu\u011fun deyil? U\u015fa\u011fa deyir\u0259m ki, heyvan\u0131 apar \u00f6r\u00fc\u015f\u0259. Deyir, ata, hara apar\u0131m? Yer qalmay\u0131b, ham\u0131s\u0131n\u0131 sat\u0131blar. \u201cS\u0259d\u0259r\u0259k\u201d 1800 qoyun saxlay\u0131r. Bizim heyvanlar is\u0259 ot tapm\u0131r\u201d.\n<\/p>\n<figure class=\"wp-block-image size-large\">\n  <img decoding=\"async\" src=\"https:\/\/www.meydan.tv\/az\/aa39acc4-ca6a-4a1b-9c83-02f47331c344-jpeg\/\" alt=\"AA39ACC4-CA6A-4A1B-9C83-02F47331C344.jpeg\" class=\"wp-image-122509\"\/><figcaption>\n    Buduq k\u0259ndi<br \/>\n  <\/figcaption><\/figure>\n<p>\n  <i><br \/>\n    \u201cK\u0259ndd\u0259 ya\u015famaq h\u0259rt\u0259r\u0259fli \u00e7\u0259tindi\u201d<br \/>\n  <\/i>\n<\/p>\n<p>\n  K\u0259nd sakinl\u0259ri biz\u0259 Elman M\u0259mm\u0259dovun evini ni\u015fan verir. O\u011flu H\u00f6rm\u0259t ali t\u0259hsil alsa da, i\u015fsizdir. Elman M\u0259mm\u0259dovu dinl\u0259yirik:\n<\/p>\n<p>\n  \u201cBu k\u0259ndd\u0259 ya\u015famaq h\u0259rt\u0259r\u0259fli \u00e7\u0259tindi. Suyu yox, yolu yox. Rayonla \u0259laq\u0259 olmur. \u0130\u015f yoxdu, ham\u0131 \u015f\u0259xsi t\u0259s\u0259rr\u00fcfat\u0131n\u0131n \u00fcmidin\u0259 qal\u0131b. H\u0259r ail\u0259nin aya\u011f\u0131nda torpaq \u0259razisi var dey\u0259, he\u00e7 kim\u0259 sosial yard\u0131m vermirl\u0259r. Y\u00fcks\u0259kkeyfiyy\u0259tli torpaq kimi yaz\u0131blar, guya ikinci kateqoriyad\u0131. Amma yaln\u0131z bi\u00e7in\u0259 yaray\u0131r. G\u0259lir g\u0259tir\u0259c\u0259k torpaqlar deyil. Ke\u00e7\u0259n il quraql\u0131q oldu, he\u00e7 laz\u0131m\u0131nca ot da bi\u00e7\u0259 bilm\u0259dik. Qazanc g\u00f6rm\u00fcr\u00fck, amma sosial yard\u0131m alma\u011fa mane olur. \u0130ki-\u00fc\u00e7 in\u0259yi, iyirmi qoyunu olana da deyirl\u0259r ki, t\u0259s\u0259rr\u00fcfat\u0131n var, dolan\u0131rsan. Rayon m\u0259rk\u0259zin\u0259 gedib-g\u0259l\u0259 bilmirik. \u0130st\u0259r-ist\u0259m\u0259z i\u015fimiz d\u00fc\u015f\u00fcr. Qubadan Budu\u011fa g\u0259lm\u0259k bir adama 12 manata ba\u015fa g\u0259lir. Ev\u0259 g\u0259l\u0259n pulun \u00e7oxunu yola x\u0259rcl\u0259m\u0259li oluruq. M\u0259kt\u0259b ibtidai t\u0259hsil verir. M\u0259n u\u015faqlar\u0131 orda-burda oxutdurdum. \u0130xtisas m\u00fc\u0259lliml\u0259ri olmad\u0131, b\u0259zi sinifl\u0259rd\u0259 u\u015faq \u00e7atmad\u0131 dey\u0259, yuxar\u0131 sinifl\u0259ri ba\u011flad\u0131lar. O\u011flum kimya-biologoya m\u00fc\u0259llimi olmal\u0131d\u0131. \u0130\u015f\u0259 q\u0259bul imtahan\u0131na gecikdi, g\u0259l\u0259n il\u0259 qald\u0131. Ona g\u00f6r\u0259 icra hakimiyy\u0259tin\u0259 d\u0259 getmi\u015fdim. Dedil\u0259r, baxar\u0131q, CV versin. Verdik, x\u0259b\u0259r yoxdur. O biri o\u011flum onuncu sinifd\u0259 oxuyur. Q\u0131z\u0131m evlidir, rayon m\u0259rk\u0259zin\u0259 yax\u0131n yerd\u0259 ya\u015fay\u0131r. O\u011flum da be\u015f il onlarda qal\u0131b oxudu. Bu ild\u0259n X\u0131nal\u0131qdak\u0131 internata qoymu\u015fam. Qohum evind\u0259 n\u0259 q\u0259d\u0259r saxlamaq olar? K\u0259nd\u0259 qar\u015f\u0131 laqeydlik var. \u0130nsanlar \u015f\u0259raitl\u0259 bar\u0131\u015fmay\u0131b k\u00f6\u00e7\u00fcrl\u0259r. On il \u0259vv\u0259l bu k\u0259ndd\u0259 50-60 ev var idi. \u015e\u0259raitsizlikd\u0259n \u015f\u0259h\u0259r m\u0259rk\u0259zin\u0259 yax\u0131n yerl\u0259r\u0259 \u00fcz tuturlar\u201d.\n<\/p>\n<figure class=\"wp-block-image size-large\">\n  <img decoding=\"async\" src=\"https:\/\/www.meydan.tv\/az\/elman-memmedov-2\/\" alt=\"Elman M\u0259mm\u0259dov\" class=\"wp-image-122497\"\/><figcaption>\n    Elman M\u0259mm\u0259dov<br \/>\n  <\/figcaption><\/figure>\n<p>\n  Diktofonu s\u00f6nd\u00fcrs\u0259k d\u0259, Elman M\u0259mm\u0259dovun s\u00f6z\u00fc \u00e7oxdur. Deyir, buduqlular m\u0259kt\u0259bin d\u00f6rdillik olmas\u0131n\u0131 \u00f6z\u00fcn\u0259 \u00e7ox d\u0259rd el\u0259yir:\n<\/p>\n<p>\n  \u201cBu il birinci sinf\u0259 on u\u015faq gedib. Yuxar\u0131 sinifl\u0259r\u0259 imkan yaratsalar, camaat da geri qay\u0131dar\u201d.\n<\/p>\n<p>\n  <i><br \/>\n    M\u0259rm\u0259r arzular<br \/>\n  <\/i>\n<\/p>\n<p>\n  Evl\u0259rinin dam\u0131 olmayan k\u0259ndd\u0259 nadir a\u011faclar g\u00f6z\u0259 d\u0259yir. Qayalar \u00f6z qoynunda a\u011fac b\u0259sl\u0259m\u0259k ist\u0259mir. \u0130nsanlar \u00fcmidini itirmir. B\u0259zi a\u011faclarda ild\u0259 bir ne\u00e7\u0259 alma g\u00f6r\u00fcn\u00fcr. Bir az kartof \u0259kirl\u0259r, sulaya bilmirl\u0259r. Bol ya\u011f\u0131\u015f ya\u011fsa, m\u0259hsul da olur.\n<\/p>\n<p>\n  K\u0259ndd\u0259 camaat dan\u0131\u015f\u0131r ki, haradasa yax\u0131nl\u0131qda m\u0259rm\u0259r tap\u0131l\u0131b, bir aya T\u00fcrkiy\u0259 \u015firk\u0259ti i\u015f\u0259 ba\u015flayacaq. K\u0259ndd\u0259n cavanlar\u0131 i\u015f\u0259 g\u00f6t\u00fcr\u0259c\u0259kl\u0259rin\u0259 \u00fcmid el\u0259yirl\u0259r.\n<\/p>\n<figure class=\"wp-block-image size-large\">\n  <img decoding=\"async\" src=\"https:\/\/www.meydan.tv\/az\/kend-mektebi\/\" alt=\"K\u0259nd m\u0259kt\u0259bi\" class=\"wp-image-122491\"\/><figcaption>\n    m\u0259kt\u0259b<br \/>\n  <\/figcaption><\/figure>\n<p>\n  K\u0259ndin d\u00f6rd bir t\u0259r\u0259fi q\u0259birdir. Q\u0259dim ya\u015fay\u0131\u015f m\u0259sk\u0259ninin g\u0259lib-getmi\u015f b\u00fct\u00fcn ke\u00e7mi\u015f sakinl\u0259rini buralarda d\u0259fn el\u0259yibl\u0259r. Q\u0259birl\u0259rin aras\u0131 il\u0259 qoca qad\u0131n dola\u015f\u0131r. Etneg\u00fcl Nift\u0259liyeva t\u0259z\u0259k toplay\u0131r. Yaz Budu\u011fa h\u0259l\u0259 bir az gec g\u0259l\u0259c\u0259k, evi q\u0131zd\u0131rmaq laz\u0131md\u0131r. Etneg\u00fcl n\u0259n\u0259 sa\u011folla\u015fanda deyir ki, saxlayan olsa, gedib a\u015fa\u011f\u0131 k\u0259ndl\u0259rd\u0259 ya\u015fayar&#8230;\n<\/p>\n<figure class=\"wp-block-image size-large\">\n  <img decoding=\"async\" src=\"https:\/\/www.meydan.tv\/az\/kend-kitabxanasi\/\" alt=\"K\u0259nd kitabxanas\u0131\" class=\"wp-image-122488\"\/><figcaption>\n    kitabxana<br \/>\n  <\/figcaption><\/figure>\n<figure class=\"wp-block-image size-large\">\n  <img decoding=\"async\" src=\"https:\/\/www.meydan.tv\/az\/etnegul-nifteliyeva\/\" alt=\"Etneg\u00fcl Nift\u0259liyeva\" class=\"wp-image-122494\"\/><figcaption>\n    Etn\u0259g\u00fcl Nift\u0259liyeva<br \/>\n  <\/figcaption><\/figure>\n","protected":false},"excerpt":{"rendered":"<p>Buduqda evl\u0259rin dam\u0131 yoxdur, d\u00f6rd t\u0259r\u0259fi m\u0259zarl\u0131qd\u0131r, yegan\u0259 avtomobil is\u0259 iki g\u00fcnd\u0259n bir i\u015fl\u0259yir<\/p>\n","protected":false},"author":11,"featured_media":122503,"comment_status":"closed","ping_status":"open","sticky":false,"template":"","format":"standard","meta":{"_acf_changed":false,"_sitemap_exclude":false,"_sitemap_priority":"","_sitemap_frequency":"","footnotes":""},"categories":[60],"tags":[],"class_list":["post-195082","post","type-post","status-publish","format-standard","has-post-thumbnail","hentry","category-bolge","infinite-scroll-item","generate-columns","tablet-grid-50","mobile-grid-100","grid-parent","grid-33","no-featured-image-padding"],"acf":[],"yoast_head":"<!-- This site is optimized with the Yoast SEO plugin v27.4 - https:\/\/yoast.com\/product\/yoast-seo-wordpress\/ -->\n<title>Yaln\u0131z bir avtomobilin getdiyi k\u0259nd - MEYDAN.TV<\/title>\n<meta name=\"robots\" content=\"index, follow, max-snippet:-1, max-image-preview:large, max-video-preview:-1\" \/>\n<link rel=\"canonical\" href=\"https:\/\/www.meydan.tv\/az\/article\/yalniz-bir-avtomobilin-getdiyi-kend\/\" \/>\n<meta property=\"og:locale\" content=\"az_AZ\" \/>\n<meta property=\"og:type\" content=\"article\" \/>\n<meta property=\"og:title\" content=\"Yaln\u0131z bir avtomobilin getdiyi k\u0259nd - MEYDAN.TV\" \/>\n<meta property=\"og:description\" content=\"Buduqda evl\u0259rin dam\u0131 yoxdur, d\u00f6rd t\u0259r\u0259fi m\u0259zarl\u0131qd\u0131r, yegan\u0259 avtomobil is\u0259 iki g\u00fcnd\u0259n bir i\u015fl\u0259yir\" \/>\n<meta property=\"og:url\" content=\"https:\/\/www.meydan.tv\/az\/article\/yalniz-bir-avtomobilin-getdiyi-kend\/\" \/>\n<meta property=\"og:site_name\" content=\"MEYDAN.TV\" \/>\n<meta property=\"article:published_time\" content=\"2019-04-22T19:25:14+00:00\" \/>\n<meta property=\"og:image\" content=\"https:\/\/www.meydan.tv\/wp-content\/uploads\/da5c6c27-4323-4ace-95af-e963556acdc6-scaled.jpeg\" \/>\n\t<meta property=\"og:image:width\" content=\"2560\" \/>\n\t<meta property=\"og:image:height\" content=\"1920\" \/>\n\t<meta property=\"og:image:type\" content=\"image\/jpeg\" \/>\n<meta name=\"author\" content=\"user-manager\" \/>\n<meta name=\"twitter:card\" content=\"summary_large_image\" \/>\n<script type=\"application\/ld+json\" class=\"yoast-schema-graph\">{\"@context\":\"https:\\\/\\\/schema.org\",\"@graph\":[{\"@type\":\"Article\",\"@id\":\"https:\\\/\\\/www.meydan.tv\\\/az\\\/article\\\/yalniz-bir-avtomobilin-getdiyi-kend\\\/#article\",\"isPartOf\":{\"@id\":\"https:\\\/\\\/www.meydan.tv\\\/az\\\/article\\\/yalniz-bir-avtomobilin-getdiyi-kend\\\/\"},\"author\":{\"name\":\"user-manager\",\"@id\":\"https:\\\/\\\/www.meydan.tv\\\/az\\\/#\\\/schema\\\/person\\\/10d11eccf6da3662cf5fdab9806ea91a\"},\"headline\":\"Yaln\u0131z bir avtomobilin getdiyi k\u0259nd\",\"datePublished\":\"2019-04-22T19:25:14+00:00\",\"mainEntityOfPage\":{\"@id\":\"https:\\\/\\\/www.meydan.tv\\\/az\\\/article\\\/yalniz-bir-avtomobilin-getdiyi-kend\\\/\"},\"wordCount\":1540,\"publisher\":{\"@id\":\"https:\\\/\\\/www.meydan.tv\\\/az\\\/#organization\"},\"image\":{\"@id\":\"https:\\\/\\\/www.meydan.tv\\\/az\\\/article\\\/yalniz-bir-avtomobilin-getdiyi-kend\\\/#primaryimage\"},\"thumbnailUrl\":\"https:\\\/\\\/www.meydan.tv\\\/wp-content\\\/uploads\\\/da5c6c27-4323-4ace-95af-e963556acdc6-scaled.jpeg\",\"articleSection\":[\"B\u00f6lg\u0259\"],\"inLanguage\":\"az\"},{\"@type\":\"WebPage\",\"@id\":\"https:\\\/\\\/www.meydan.tv\\\/az\\\/article\\\/yalniz-bir-avtomobilin-getdiyi-kend\\\/\",\"url\":\"https:\\\/\\\/www.meydan.tv\\\/az\\\/article\\\/yalniz-bir-avtomobilin-getdiyi-kend\\\/\",\"name\":\"Yaln\u0131z bir avtomobilin getdiyi k\u0259nd - MEYDAN.TV\",\"isPartOf\":{\"@id\":\"https:\\\/\\\/www.meydan.tv\\\/az\\\/#website\"},\"primaryImageOfPage\":{\"@id\":\"https:\\\/\\\/www.meydan.tv\\\/az\\\/article\\\/yalniz-bir-avtomobilin-getdiyi-kend\\\/#primaryimage\"},\"image\":{\"@id\":\"https:\\\/\\\/www.meydan.tv\\\/az\\\/article\\\/yalniz-bir-avtomobilin-getdiyi-kend\\\/#primaryimage\"},\"thumbnailUrl\":\"https:\\\/\\\/www.meydan.tv\\\/wp-content\\\/uploads\\\/da5c6c27-4323-4ace-95af-e963556acdc6-scaled.jpeg\",\"datePublished\":\"2019-04-22T19:25:14+00:00\",\"breadcrumb\":{\"@id\":\"https:\\\/\\\/www.meydan.tv\\\/az\\\/article\\\/yalniz-bir-avtomobilin-getdiyi-kend\\\/#breadcrumb\"},\"inLanguage\":\"az\",\"potentialAction\":[{\"@type\":\"ReadAction\",\"target\":[\"https:\\\/\\\/www.meydan.tv\\\/az\\\/article\\\/yalniz-bir-avtomobilin-getdiyi-kend\\\/\"]}]},{\"@type\":\"ImageObject\",\"inLanguage\":\"az\",\"@id\":\"https:\\\/\\\/www.meydan.tv\\\/az\\\/article\\\/yalniz-bir-avtomobilin-getdiyi-kend\\\/#primaryimage\",\"url\":\"https:\\\/\\\/www.meydan.tv\\\/wp-content\\\/uploads\\\/da5c6c27-4323-4ace-95af-e963556acdc6-scaled.jpeg\",\"contentUrl\":\"https:\\\/\\\/www.meydan.tv\\\/wp-content\\\/uploads\\\/da5c6c27-4323-4ace-95af-e963556acdc6-scaled.jpeg\",\"width\":2560,\"height\":1920,\"caption\":\"Source: Meydan Tv\"},{\"@type\":\"BreadcrumbList\",\"@id\":\"https:\\\/\\\/www.meydan.tv\\\/az\\\/article\\\/yalniz-bir-avtomobilin-getdiyi-kend\\\/#breadcrumb\",\"itemListElement\":[{\"@type\":\"ListItem\",\"position\":1,\"name\":\"Ana s\u0259hif\u0259\",\"item\":\"https:\\\/\\\/www.meydan.tv\\\/az\\\/\"},{\"@type\":\"ListItem\",\"position\":2,\"name\":\"B\u00f6lg\u0259\",\"item\":\"https:\\\/\\\/www.meydan.tv\\\/az\\\/section\\\/bolge\\\/\"},{\"@type\":\"ListItem\",\"position\":3,\"name\":\"Yaln\u0131z bir avtomobilin getdiyi k\u0259nd\"}]},{\"@type\":\"WebSite\",\"@id\":\"https:\\\/\\\/www.meydan.tv\\\/az\\\/#website\",\"url\":\"https:\\\/\\\/www.meydan.tv\\\/az\\\/\",\"name\":\"MEYDAN.TV\",\"description\":\"Meydan TV Az\u0259rbaycan\u0131n media m\u0259kan\u0131ndak\u0131 alternativ s\u0259sidir\",\"publisher\":{\"@id\":\"https:\\\/\\\/www.meydan.tv\\\/az\\\/#organization\"},\"potentialAction\":[{\"@type\":\"SearchAction\",\"target\":{\"@type\":\"EntryPoint\",\"urlTemplate\":\"https:\\\/\\\/www.meydan.tv\\\/az\\\/?s={search_term_string}\"},\"query-input\":{\"@type\":\"PropertyValueSpecification\",\"valueRequired\":true,\"valueName\":\"search_term_string\"}}],\"inLanguage\":\"az\"},{\"@type\":\"Organization\",\"@id\":\"https:\\\/\\\/www.meydan.tv\\\/az\\\/#organization\",\"name\":\"Meydan TV\",\"url\":\"https:\\\/\\\/www.meydan.tv\\\/az\\\/\",\"logo\":{\"@type\":\"ImageObject\",\"inLanguage\":\"az\",\"@id\":\"https:\\\/\\\/www.meydan.tv\\\/az\\\/#\\\/schema\\\/logo\\\/image\\\/\",\"url\":\"https:\\\/\\\/www.meydan.tv\\\/wp-content\\\/uploads\\\/2021\\\/07\\\/meydan-logo.svg\",\"contentUrl\":\"https:\\\/\\\/www.meydan.tv\\\/wp-content\\\/uploads\\\/2021\\\/07\\\/meydan-logo.svg\",\"width\":195,\"height\":46,\"caption\":\"Meydan TV\"},\"image\":{\"@id\":\"https:\\\/\\\/www.meydan.tv\\\/az\\\/#\\\/schema\\\/logo\\\/image\\\/\"}},{\"@type\":\"Person\",\"@id\":\"https:\\\/\\\/www.meydan.tv\\\/az\\\/#\\\/schema\\\/person\\\/10d11eccf6da3662cf5fdab9806ea91a\",\"name\":\"user-manager\"}]}<\/script>\n<!-- \/ Yoast SEO plugin. -->","yoast_head_json":{"title":"Yaln\u0131z bir avtomobilin getdiyi k\u0259nd - MEYDAN.TV","robots":{"index":"index","follow":"follow","max-snippet":"max-snippet:-1","max-image-preview":"max-image-preview:large","max-video-preview":"max-video-preview:-1"},"canonical":"https:\/\/www.meydan.tv\/az\/article\/yalniz-bir-avtomobilin-getdiyi-kend\/","og_locale":"az_AZ","og_type":"article","og_title":"Yaln\u0131z bir avtomobilin getdiyi k\u0259nd - MEYDAN.TV","og_description":"Buduqda evl\u0259rin dam\u0131 yoxdur, d\u00f6rd t\u0259r\u0259fi m\u0259zarl\u0131qd\u0131r, yegan\u0259 avtomobil is\u0259 iki g\u00fcnd\u0259n bir i\u015fl\u0259yir","og_url":"https:\/\/www.meydan.tv\/az\/article\/yalniz-bir-avtomobilin-getdiyi-kend\/","og_site_name":"MEYDAN.TV","article_published_time":"2019-04-22T19:25:14+00:00","og_image":[{"width":2560,"height":1920,"url":"https:\/\/www.meydan.tv\/wp-content\/uploads\/da5c6c27-4323-4ace-95af-e963556acdc6-scaled.jpeg","type":"image\/jpeg"}],"author":"user-manager","twitter_card":"summary_large_image","schema":{"@context":"https:\/\/schema.org","@graph":[{"@type":"Article","@id":"https:\/\/www.meydan.tv\/az\/article\/yalniz-bir-avtomobilin-getdiyi-kend\/#article","isPartOf":{"@id":"https:\/\/www.meydan.tv\/az\/article\/yalniz-bir-avtomobilin-getdiyi-kend\/"},"author":{"name":"user-manager","@id":"https:\/\/www.meydan.tv\/az\/#\/schema\/person\/10d11eccf6da3662cf5fdab9806ea91a"},"headline":"Yaln\u0131z bir avtomobilin getdiyi k\u0259nd","datePublished":"2019-04-22T19:25:14+00:00","mainEntityOfPage":{"@id":"https:\/\/www.meydan.tv\/az\/article\/yalniz-bir-avtomobilin-getdiyi-kend\/"},"wordCount":1540,"publisher":{"@id":"https:\/\/www.meydan.tv\/az\/#organization"},"image":{"@id":"https:\/\/www.meydan.tv\/az\/article\/yalniz-bir-avtomobilin-getdiyi-kend\/#primaryimage"},"thumbnailUrl":"https:\/\/www.meydan.tv\/wp-content\/uploads\/da5c6c27-4323-4ace-95af-e963556acdc6-scaled.jpeg","articleSection":["B\u00f6lg\u0259"],"inLanguage":"az"},{"@type":"WebPage","@id":"https:\/\/www.meydan.tv\/az\/article\/yalniz-bir-avtomobilin-getdiyi-kend\/","url":"https:\/\/www.meydan.tv\/az\/article\/yalniz-bir-avtomobilin-getdiyi-kend\/","name":"Yaln\u0131z bir avtomobilin getdiyi k\u0259nd - MEYDAN.TV","isPartOf":{"@id":"https:\/\/www.meydan.tv\/az\/#website"},"primaryImageOfPage":{"@id":"https:\/\/www.meydan.tv\/az\/article\/yalniz-bir-avtomobilin-getdiyi-kend\/#primaryimage"},"image":{"@id":"https:\/\/www.meydan.tv\/az\/article\/yalniz-bir-avtomobilin-getdiyi-kend\/#primaryimage"},"thumbnailUrl":"https:\/\/www.meydan.tv\/wp-content\/uploads\/da5c6c27-4323-4ace-95af-e963556acdc6-scaled.jpeg","datePublished":"2019-04-22T19:25:14+00:00","breadcrumb":{"@id":"https:\/\/www.meydan.tv\/az\/article\/yalniz-bir-avtomobilin-getdiyi-kend\/#breadcrumb"},"inLanguage":"az","potentialAction":[{"@type":"ReadAction","target":["https:\/\/www.meydan.tv\/az\/article\/yalniz-bir-avtomobilin-getdiyi-kend\/"]}]},{"@type":"ImageObject","inLanguage":"az","@id":"https:\/\/www.meydan.tv\/az\/article\/yalniz-bir-avtomobilin-getdiyi-kend\/#primaryimage","url":"https:\/\/www.meydan.tv\/wp-content\/uploads\/da5c6c27-4323-4ace-95af-e963556acdc6-scaled.jpeg","contentUrl":"https:\/\/www.meydan.tv\/wp-content\/uploads\/da5c6c27-4323-4ace-95af-e963556acdc6-scaled.jpeg","width":2560,"height":1920,"caption":"Source: Meydan Tv"},{"@type":"BreadcrumbList","@id":"https:\/\/www.meydan.tv\/az\/article\/yalniz-bir-avtomobilin-getdiyi-kend\/#breadcrumb","itemListElement":[{"@type":"ListItem","position":1,"name":"Ana s\u0259hif\u0259","item":"https:\/\/www.meydan.tv\/az\/"},{"@type":"ListItem","position":2,"name":"B\u00f6lg\u0259","item":"https:\/\/www.meydan.tv\/az\/section\/bolge\/"},{"@type":"ListItem","position":3,"name":"Yaln\u0131z bir avtomobilin getdiyi k\u0259nd"}]},{"@type":"WebSite","@id":"https:\/\/www.meydan.tv\/az\/#website","url":"https:\/\/www.meydan.tv\/az\/","name":"MEYDAN.TV","description":"Meydan TV Az\u0259rbaycan\u0131n media m\u0259kan\u0131ndak\u0131 alternativ s\u0259sidir","publisher":{"@id":"https:\/\/www.meydan.tv\/az\/#organization"},"potentialAction":[{"@type":"SearchAction","target":{"@type":"EntryPoint","urlTemplate":"https:\/\/www.meydan.tv\/az\/?s={search_term_string}"},"query-input":{"@type":"PropertyValueSpecification","valueRequired":true,"valueName":"search_term_string"}}],"inLanguage":"az"},{"@type":"Organization","@id":"https:\/\/www.meydan.tv\/az\/#organization","name":"Meydan TV","url":"https:\/\/www.meydan.tv\/az\/","logo":{"@type":"ImageObject","inLanguage":"az","@id":"https:\/\/www.meydan.tv\/az\/#\/schema\/logo\/image\/","url":"https:\/\/www.meydan.tv\/wp-content\/uploads\/2021\/07\/meydan-logo.svg","contentUrl":"https:\/\/www.meydan.tv\/wp-content\/uploads\/2021\/07\/meydan-logo.svg","width":195,"height":46,"caption":"Meydan TV"},"image":{"@id":"https:\/\/www.meydan.tv\/az\/#\/schema\/logo\/image\/"}},{"@type":"Person","@id":"https:\/\/www.meydan.tv\/az\/#\/schema\/person\/10d11eccf6da3662cf5fdab9806ea91a","name":"user-manager"}]}},"_links":{"self":[{"href":"https:\/\/www.meydan.tv\/az\/wp-json\/wp\/v2\/posts\/195082","targetHints":{"allow":["GET"]}}],"collection":[{"href":"https:\/\/www.meydan.tv\/az\/wp-json\/wp\/v2\/posts"}],"about":[{"href":"https:\/\/www.meydan.tv\/az\/wp-json\/wp\/v2\/types\/post"}],"author":[{"embeddable":true,"href":"https:\/\/www.meydan.tv\/az\/wp-json\/wp\/v2\/users\/11"}],"replies":[{"embeddable":true,"href":"https:\/\/www.meydan.tv\/az\/wp-json\/wp\/v2\/comments?post=195082"}],"version-history":[{"count":0,"href":"https:\/\/www.meydan.tv\/az\/wp-json\/wp\/v2\/posts\/195082\/revisions"}],"wp:featuredmedia":[{"embeddable":true,"href":"https:\/\/www.meydan.tv\/az\/wp-json\/wp\/v2\/media\/122503"}],"wp:attachment":[{"href":"https:\/\/www.meydan.tv\/az\/wp-json\/wp\/v2\/media?parent=195082"}],"wp:term":[{"taxonomy":"category","embeddable":true,"href":"https:\/\/www.meydan.tv\/az\/wp-json\/wp\/v2\/categories?post=195082"},{"taxonomy":"post_tag","embeddable":true,"href":"https:\/\/www.meydan.tv\/az\/wp-json\/wp\/v2\/tags?post=195082"}],"curies":[{"name":"wp","href":"https:\/\/api.w.org\/{rel}","templated":true}]}}