{"id":195072,"date":"2019-04-22T15:30:13","date_gmt":"2019-04-22T15:30:13","guid":{"rendered":"https:\/\/www.meydan.tv\/article\/sabirin-ev-muzeyinden-tapilan-qebir-daslari-arasdirilmadi\/"},"modified":"2019-04-22T15:30:13","modified_gmt":"2019-04-22T15:30:13","slug":"sabirin-ev-muzeyinden-tapilan-qebir-daslari-arasdirilmadi","status":"publish","type":"post","link":"https:\/\/www.meydan.tv\/az\/article\/sabirin-ev-muzeyinden-tapilan-qebir-daslari-arasdirilmadi\/","title":{"rendered":"&#8221;Sabirin ev-muzeyind\u0259n tap\u0131lan q\u0259bir da\u015flar\u0131 ara\u015fd\u0131r\u0131lmad\u0131&#8221;"},"content":{"rendered":"<p>\n  <i><br \/>\n    D\u00f6vl\u0259t r\u0259smisi is\u0259 \u015eamax\u0131 sakininin dedikl\u0259rini r\u0259dd edir<br \/>\n  <\/i>\n<\/p>\n<p>\n  \u201cMirz\u0259 \u018fl\u0259kb\u0259r Sabirin ev-muzeyi s\u00f6k\u00fcl\u0259nd\u0259, oradan 14-c\u00fc \u0259sr\u0259 aid m\u0259zarlar, qala divarlar\u0131n\u0131n oldu\u011fu g\u00fcman edil\u0259n tikili hiss\u0259l\u0259r, h\u0259tta g\u00fcm\u00fc\u015f v\u0259 mis sikk\u0259l\u0259r \u00e7\u0131xd\u0131. H\u0259min q\u0259bir da\u015flar\u0131 k\u00fctl\u0259vi deyildi, ara\u015fd\u0131rmad\u0131lar, el\u0259c\u0259, \u00fcz\u0259rind\u0259n tikinti i\u015fl\u0259ri apard\u0131lar\u201d.\n<\/p>\n<p>\n  Bu s\u00f6zl\u0259ri Meydan TV-y\u0259 \u015eamax\u0131 sakini Aynar H\u0259bibov deyir. Onun s\u00f6zl\u0259rin\u0259 g\u00f6r\u0259, Az\u0259rbaycan\u0131n satirik \u015fairinin \u0259sas\u0131 1962-ci ild\u0259 qoyulan ev-muzeyi s\u00f6k\u00fcl\u0259nd\u0259, t\u0259xmin\u0259n 4 metr d\u0259rinlikd\u0259 tarixi abid\u0259l\u0259rin qal\u0131qlar\u0131 a\u015fkarlan\u0131b:\n<\/p>\n<p>\n  \u201cEv-muzeyi tamamil\u0259 s\u00f6k\u00fcld\u00fc v\u0259 m\u00fcasir tipd\u0259 in\u015fa olundu. G\u00f6rd\u00fcy\u00fcn\u00fcz kimi, muzey tikilib, haz\u0131rd\u0131r. Lakin h\u0259l\u0259 ki, istifad\u0259y\u0259 verilm\u0259yib. Onu da \u0259lav\u0259 edim ki, s\u00f6k\u00fcnt\u00fcl\u0259r zaman\u0131 keramikadan haz\u0131rlanm\u0131\u015f su x\u0259tl\u0259ri d\u0259 a\u015fkarlanm\u0131\u015fd\u0131. T\u0259xmin\u0259n 4 metr d\u0259rinlikd\u0259, sar\u0131 torpaqdan. Biz ona k\u00f6hn\u0259 \u015eamax\u0131 deyirik. B\u00fct\u00fcn dedikl\u0259rim \u00e7\u0131xd\u0131. \u00dcmumiyy\u0259tl\u0259, \u015eamax\u0131 arxeoloji bax\u0131mdan \u0259m\u0259lli-ba\u015fl\u0131 ara\u015fd\u0131r\u0131lmay\u0131b. Cabbar X\u0259lilov v\u0259 H\u00fcseyn Ciddi ara\u015fd\u0131rma edib. Onlardan sonra qaz\u0131nt\u0131-t\u0259dqiqat i\u015fl\u0259ri apar\u0131lmay\u0131b\u201d.\n<\/p>\n<p>\n  A.H\u0259bibov bildirir ki, \u015eamax\u0131da olan tarixi abid\u0259l\u0259r\u0259 sanki bir qar\u015f\u0131 laqeyidlik, bigan\u0259lik var. \u015eirvan\u015fahlar d\u00f6vl\u0259tinin m\u00fcdafi\u0259 istehkamlar\u0131 bir-biri il\u0259 s\u0131x \u0259laq\u0259dar oldu\u011fundan burada kompleks t\u0259dqiqat i\u015fl\u0259rinin apar\u0131lmas\u0131 vacibdir:\n<\/p>\n<figure class=\"wp-block-image size-large\">\n  <img decoding=\"async\" src=\"https:\/\/www.meydan.tv\/az\/image_from_ios-1-jpg-10\/\" alt=\"image_from_ios (1).jpg\" class=\"wp-image-122473\"\/><figcaption>\n    Sabirin m\u0259zar\u0131<br \/>\n  <\/figcaption><\/figure>\n<p>\n  \u201cMirz\u0259 \u018fl\u0259kb\u0259r Sabirin evind\u0259n tap\u0131lan qal\u0131qlar\u0131 eksponat \u015f\u0259klind\u0259 toplamaq v\u0259 oran\u0131 ki\u00e7ik bir muzey etm\u0259k olard\u0131. G\u00f6r\u00fcn\u00fcr, bunda he\u00e7 kim maraql\u0131 deyil. D\u0259f\u0259l\u0259rl\u0259 ba\u015f ver\u0259n t\u0259bii f\u0259lak\u0259tl\u0259rd\u0259n sonra da tarix itib-bat\u0131r. Bizim art\u0131q g\u00f6st\u0259r\u0259 bil\u0259c\u0259yimiz \u00e7ox az tarixi abid\u0259l\u0259rimiz qal\u0131b. Burada m\u00fctl\u0259q arxeoloji qaz\u0131nt\u0131lar apar\u0131lmal\u0131d\u0131r. Biz tariximizi a\u00e7a bil\u0259rik\u201d.\n<\/p>\n<p>\n  \u0130smay\u0131ll\u0131 Regional M\u0259d\u0259niyy\u0259t \u0130dar\u0259sinin \u015eamax\u0131 rayonu \u00fczr\u0259 r\u0259hb\u0259ri Rafael Ta\u011f\u0131zad\u0259 is\u0259 s\u00f6yl\u0259nil\u0259n iddialar\u0131 \u0259sass\u0131z say\u0131r. O, Meydan TV-y\u0259 bildirib ki, Sabirin ev-muzeyind\u0259 s\u00f6k\u00fcnt\u00fc apar\u0131lan zaman yaln\u0131z q\u0259birda\u015f\u0131 \u00e7\u0131x\u0131b:\n<\/p>\n<p>\n  \u201c\u015eamax\u0131da doqquz d\u0259f\u0259 d\u0259h\u015f\u0259tli z\u0259lz\u0259l\u0259 oldu\u011fundan, haran\u0131 qazsan, m\u00fctl\u0259q maddi m\u0259d\u0259niyy\u0259t n\u00fcmun\u0259si \u00e7\u0131x\u0131r. Hardasa qaz\u0131nt\u0131 apar\u0131lan zaman n\u0259s\u0259 tap\u0131l\u0131rsa, \u015eamax\u0131-A\u011fsu Arxeoloji Ekspedisiyas\u0131n\u0131n n\u00fcmay\u0259nd\u0259l\u0259ri n\u00fcmun\u0259l\u0259ri t\u0259dqiqat \u00fc\u00e7\u00fcn g\u00f6t\u00fcr\u00fcl\u0259r, sonra da muzeyl\u0259r\u0259 verirl\u0259r. He\u00e7 n\u0259 yiy\u0259siz qalm\u0131r.\n<\/p>\n<figure class=\"wp-block-image size-large\">\n  <img decoding=\"async\" src=\"https:\/\/www.meydan.tv\/az\/image_from_ios-2-jpg-21\/\" alt=\"image_from_ios (2).jpg\" class=\"wp-image-122458\"\/><figcaption>\n    q\u0259bir da\u015f\u0131<br \/>\n  <\/figcaption><\/figure>\n<p>\n  Sabirin ev-muzeyin\u0259 g\u0259linc\u0259, s\u00f6k\u00fcnt\u00fc zaman\u0131 oradan yaln\u0131z bir q\u0259bir da\u015f\u0131 tap\u0131l\u0131b. M\u00fczeyin gir\u0259c\u0259yind\u0259, b\u00fcst\u00fcn\u00fcn yan\u0131nda, \u015f\u00fc\u015f\u0259 alt\u0131na qoyulub saxlan\u0131l\u0131r. M\u0259n orada ba\u015fqa maddi m\u0259d\u0259niyy\u0259t n\u00fcmun\u0259l\u0259rin\u0259 rast g\u0259lm\u0259dim\u201d.\n<\/p>\n<p>\n  R.Ta\u011f\u0131zad\u0259 onu da s\u00f6yl\u0259di ki, Sabirin ev-muzeyinin tikinti i\u015fl\u0259ri ba\u015fa \u00e7at\u0131b. Haz\u0131rda eksponatlardan ibar\u0259t ekspozisiyalar qurulur. A\u00e7\u0131l\u0131\u015f m\u0259rasimi bu il may\u0131n 30-da \u015fairin do\u011fum g\u00fcn\u00fcnd\u0259 olacaq.\n<\/p>\n<p>\n  Mirz\u0259 \u018fl\u0259kb\u0259r Sabirin ev-muzeyi 1962-ci ild\u0259, \u015fairin do\u011fumunun 100 illiyi il\u0259 m\u00fcnasib\u0259til\u0259 yarad\u0131l\u0131b. Bir m\u0259rt\u0259b\u0259d\u0259n v\u0259 2 ekspozisiya zal\u0131dan ibar\u0259t olub. Bina 1978-ci ild\u0259 s\u00f6k\u00fcl\u0259r\u0259k iki m\u0259rt\u0259b\u0259li formada in\u015fa edilib. Muzey yenid\u0259n, 2017-ci ilin sentyabr ay\u0131nda divar\u0131n\u0131n u\u00e7mas\u0131 n\u0259tic\u0259sind\u0259 ba\u011flan\u0131b v\u0259 restavrasiyas\u0131 m\u0259qs\u0259dil\u0259 s\u00f6k\u00fcl\u0259r\u0259k, t\u0259krar in\u015fa edilib.\n<\/p>\n<figure class=\"wp-block-image size-large\">\n  <img decoding=\"async\" src=\"https:\/\/www.meydan.tv\/az\/image_from_ios-4-jpg-14\/\" alt=\"image_from_ios (4).jpg\" class=\"wp-image-122461\"\/><figcaption>\n    q\u0259bir da\u015f\u0131<br \/>\n  <\/figcaption><\/figure>\n","protected":false},"excerpt":{"rendered":"<p>Mirz\u0259 \u018fl\u0259kb\u0259r Sabirin ev-muzeyi 1962-ci ild\u0259, \u015fairin do\u011fumunun 100 illiyi il\u0259 m\u00fcnasib\u0259til\u0259 yarad\u0131l\u0131b<\/p>\n","protected":false},"author":11,"featured_media":122467,"comment_status":"closed","ping_status":"open","sticky":false,"template":"","format":"standard","meta":{"_acf_changed":false,"_sitemap_exclude":false,"_sitemap_priority":"","_sitemap_frequency":"","footnotes":""},"categories":[60],"tags":[],"class_list":["post-195072","post","type-post","status-publish","format-standard","has-post-thumbnail","hentry","category-bolge","infinite-scroll-item","generate-columns","tablet-grid-50","mobile-grid-100","grid-parent","grid-33","no-featured-image-padding"],"acf":[],"yoast_head":"<!-- This site is optimized with the Yoast SEO plugin v27.4 - https:\/\/yoast.com\/product\/yoast-seo-wordpress\/ -->\n<title>&#039;&#039;Sabirin ev-muzeyind\u0259n tap\u0131lan q\u0259bir da\u015flar\u0131 ara\u015fd\u0131r\u0131lmad\u0131&#039;&#039; - MEYDAN.TV<\/title>\n<meta name=\"robots\" content=\"index, follow, max-snippet:-1, max-image-preview:large, max-video-preview:-1\" \/>\n<link rel=\"canonical\" href=\"https:\/\/www.meydan.tv\/az\/article\/sabirin-ev-muzeyinden-tapilan-qebir-daslari-arasdirilmadi\/\" \/>\n<meta property=\"og:locale\" content=\"az_AZ\" \/>\n<meta property=\"og:type\" content=\"article\" \/>\n<meta property=\"og:title\" content=\"&#039;&#039;Sabirin ev-muzeyind\u0259n tap\u0131lan q\u0259bir da\u015flar\u0131 ara\u015fd\u0131r\u0131lmad\u0131&#039;&#039; - MEYDAN.TV\" \/>\n<meta property=\"og:description\" content=\"Mirz\u0259 \u018fl\u0259kb\u0259r Sabirin ev-muzeyi 1962-ci ild\u0259, \u015fairin do\u011fumunun 100 illiyi il\u0259 m\u00fcnasib\u0259til\u0259 yarad\u0131l\u0131b\" \/>\n<meta property=\"og:url\" content=\"https:\/\/www.meydan.tv\/az\/article\/sabirin-ev-muzeyinden-tapilan-qebir-daslari-arasdirilmadi\/\" \/>\n<meta property=\"og:site_name\" content=\"MEYDAN.TV\" \/>\n<meta property=\"article:published_time\" content=\"2019-04-22T15:30:13+00:00\" \/>\n<meta property=\"og:image\" content=\"https:\/\/www.meydan.tv\/wp-content\/uploads\/image_from_ios_joh2een-scaled.jpg\" \/>\n\t<meta property=\"og:image:width\" content=\"2560\" \/>\n\t<meta property=\"og:image:height\" content=\"1707\" \/>\n\t<meta property=\"og:image:type\" content=\"image\/jpeg\" \/>\n<meta name=\"author\" content=\"user-manager\" \/>\n<meta name=\"twitter:card\" content=\"summary_large_image\" \/>\n<script type=\"application\/ld+json\" class=\"yoast-schema-graph\">{\"@context\":\"https:\\\/\\\/schema.org\",\"@graph\":[{\"@type\":\"Article\",\"@id\":\"https:\\\/\\\/www.meydan.tv\\\/az\\\/article\\\/sabirin-ev-muzeyinden-tapilan-qebir-daslari-arasdirilmadi\\\/#article\",\"isPartOf\":{\"@id\":\"https:\\\/\\\/www.meydan.tv\\\/az\\\/article\\\/sabirin-ev-muzeyinden-tapilan-qebir-daslari-arasdirilmadi\\\/\"},\"author\":{\"name\":\"user-manager\",\"@id\":\"https:\\\/\\\/www.meydan.tv\\\/az\\\/#\\\/schema\\\/person\\\/10d11eccf6da3662cf5fdab9806ea91a\"},\"headline\":\"&#8221;Sabirin ev-muzeyind\u0259n tap\u0131lan q\u0259bir da\u015flar\u0131 ara\u015fd\u0131r\u0131lmad\u0131&#8221;\",\"datePublished\":\"2019-04-22T15:30:13+00:00\",\"mainEntityOfPage\":{\"@id\":\"https:\\\/\\\/www.meydan.tv\\\/az\\\/article\\\/sabirin-ev-muzeyinden-tapilan-qebir-daslari-arasdirilmadi\\\/\"},\"wordCount\":688,\"publisher\":{\"@id\":\"https:\\\/\\\/www.meydan.tv\\\/az\\\/#organization\"},\"image\":{\"@id\":\"https:\\\/\\\/www.meydan.tv\\\/az\\\/article\\\/sabirin-ev-muzeyinden-tapilan-qebir-daslari-arasdirilmadi\\\/#primaryimage\"},\"thumbnailUrl\":\"https:\\\/\\\/www.meydan.tv\\\/wp-content\\\/uploads\\\/image_from_ios_joh2een-scaled.jpg\",\"articleSection\":[\"B\u00f6lg\u0259\"],\"inLanguage\":\"az\"},{\"@type\":\"WebPage\",\"@id\":\"https:\\\/\\\/www.meydan.tv\\\/az\\\/article\\\/sabirin-ev-muzeyinden-tapilan-qebir-daslari-arasdirilmadi\\\/\",\"url\":\"https:\\\/\\\/www.meydan.tv\\\/az\\\/article\\\/sabirin-ev-muzeyinden-tapilan-qebir-daslari-arasdirilmadi\\\/\",\"name\":\"''Sabirin ev-muzeyind\u0259n tap\u0131lan q\u0259bir da\u015flar\u0131 ara\u015fd\u0131r\u0131lmad\u0131'' - MEYDAN.TV\",\"isPartOf\":{\"@id\":\"https:\\\/\\\/www.meydan.tv\\\/az\\\/#website\"},\"primaryImageOfPage\":{\"@id\":\"https:\\\/\\\/www.meydan.tv\\\/az\\\/article\\\/sabirin-ev-muzeyinden-tapilan-qebir-daslari-arasdirilmadi\\\/#primaryimage\"},\"image\":{\"@id\":\"https:\\\/\\\/www.meydan.tv\\\/az\\\/article\\\/sabirin-ev-muzeyinden-tapilan-qebir-daslari-arasdirilmadi\\\/#primaryimage\"},\"thumbnailUrl\":\"https:\\\/\\\/www.meydan.tv\\\/wp-content\\\/uploads\\\/image_from_ios_joh2een-scaled.jpg\",\"datePublished\":\"2019-04-22T15:30:13+00:00\",\"breadcrumb\":{\"@id\":\"https:\\\/\\\/www.meydan.tv\\\/az\\\/article\\\/sabirin-ev-muzeyinden-tapilan-qebir-daslari-arasdirilmadi\\\/#breadcrumb\"},\"inLanguage\":\"az\",\"potentialAction\":[{\"@type\":\"ReadAction\",\"target\":[\"https:\\\/\\\/www.meydan.tv\\\/az\\\/article\\\/sabirin-ev-muzeyinden-tapilan-qebir-daslari-arasdirilmadi\\\/\"]}]},{\"@type\":\"ImageObject\",\"inLanguage\":\"az\",\"@id\":\"https:\\\/\\\/www.meydan.tv\\\/az\\\/article\\\/sabirin-ev-muzeyinden-tapilan-qebir-daslari-arasdirilmadi\\\/#primaryimage\",\"url\":\"https:\\\/\\\/www.meydan.tv\\\/wp-content\\\/uploads\\\/image_from_ios_joh2een-scaled.jpg\",\"contentUrl\":\"https:\\\/\\\/www.meydan.tv\\\/wp-content\\\/uploads\\\/image_from_ios_joh2een-scaled.jpg\",\"width\":2560,\"height\":1707,\"caption\":\"Source: meydan tv\"},{\"@type\":\"BreadcrumbList\",\"@id\":\"https:\\\/\\\/www.meydan.tv\\\/az\\\/article\\\/sabirin-ev-muzeyinden-tapilan-qebir-daslari-arasdirilmadi\\\/#breadcrumb\",\"itemListElement\":[{\"@type\":\"ListItem\",\"position\":1,\"name\":\"Ana s\u0259hif\u0259\",\"item\":\"https:\\\/\\\/www.meydan.tv\\\/az\\\/\"},{\"@type\":\"ListItem\",\"position\":2,\"name\":\"B\u00f6lg\u0259\",\"item\":\"https:\\\/\\\/www.meydan.tv\\\/az\\\/section\\\/bolge\\\/\"},{\"@type\":\"ListItem\",\"position\":3,\"name\":\"&#8221;Sabirin ev-muzeyind\u0259n tap\u0131lan q\u0259bir da\u015flar\u0131 ara\u015fd\u0131r\u0131lmad\u0131&#8221;\"}]},{\"@type\":\"WebSite\",\"@id\":\"https:\\\/\\\/www.meydan.tv\\\/az\\\/#website\",\"url\":\"https:\\\/\\\/www.meydan.tv\\\/az\\\/\",\"name\":\"MEYDAN.TV\",\"description\":\"Meydan TV Az\u0259rbaycan\u0131n media m\u0259kan\u0131ndak\u0131 alternativ s\u0259sidir\",\"publisher\":{\"@id\":\"https:\\\/\\\/www.meydan.tv\\\/az\\\/#organization\"},\"potentialAction\":[{\"@type\":\"SearchAction\",\"target\":{\"@type\":\"EntryPoint\",\"urlTemplate\":\"https:\\\/\\\/www.meydan.tv\\\/az\\\/?s={search_term_string}\"},\"query-input\":{\"@type\":\"PropertyValueSpecification\",\"valueRequired\":true,\"valueName\":\"search_term_string\"}}],\"inLanguage\":\"az\"},{\"@type\":\"Organization\",\"@id\":\"https:\\\/\\\/www.meydan.tv\\\/az\\\/#organization\",\"name\":\"Meydan TV\",\"url\":\"https:\\\/\\\/www.meydan.tv\\\/az\\\/\",\"logo\":{\"@type\":\"ImageObject\",\"inLanguage\":\"az\",\"@id\":\"https:\\\/\\\/www.meydan.tv\\\/az\\\/#\\\/schema\\\/logo\\\/image\\\/\",\"url\":\"https:\\\/\\\/www.meydan.tv\\\/wp-content\\\/uploads\\\/2021\\\/07\\\/meydan-logo.svg\",\"contentUrl\":\"https:\\\/\\\/www.meydan.tv\\\/wp-content\\\/uploads\\\/2021\\\/07\\\/meydan-logo.svg\",\"width\":195,\"height\":46,\"caption\":\"Meydan TV\"},\"image\":{\"@id\":\"https:\\\/\\\/www.meydan.tv\\\/az\\\/#\\\/schema\\\/logo\\\/image\\\/\"}},{\"@type\":\"Person\",\"@id\":\"https:\\\/\\\/www.meydan.tv\\\/az\\\/#\\\/schema\\\/person\\\/10d11eccf6da3662cf5fdab9806ea91a\",\"name\":\"user-manager\"}]}<\/script>\n<!-- \/ Yoast SEO plugin. -->","yoast_head_json":{"title":"''Sabirin ev-muzeyind\u0259n tap\u0131lan q\u0259bir da\u015flar\u0131 ara\u015fd\u0131r\u0131lmad\u0131'' - MEYDAN.TV","robots":{"index":"index","follow":"follow","max-snippet":"max-snippet:-1","max-image-preview":"max-image-preview:large","max-video-preview":"max-video-preview:-1"},"canonical":"https:\/\/www.meydan.tv\/az\/article\/sabirin-ev-muzeyinden-tapilan-qebir-daslari-arasdirilmadi\/","og_locale":"az_AZ","og_type":"article","og_title":"''Sabirin ev-muzeyind\u0259n tap\u0131lan q\u0259bir da\u015flar\u0131 ara\u015fd\u0131r\u0131lmad\u0131'' - MEYDAN.TV","og_description":"Mirz\u0259 \u018fl\u0259kb\u0259r Sabirin ev-muzeyi 1962-ci ild\u0259, \u015fairin do\u011fumunun 100 illiyi il\u0259 m\u00fcnasib\u0259til\u0259 yarad\u0131l\u0131b","og_url":"https:\/\/www.meydan.tv\/az\/article\/sabirin-ev-muzeyinden-tapilan-qebir-daslari-arasdirilmadi\/","og_site_name":"MEYDAN.TV","article_published_time":"2019-04-22T15:30:13+00:00","og_image":[{"width":2560,"height":1707,"url":"https:\/\/www.meydan.tv\/wp-content\/uploads\/image_from_ios_joh2een-scaled.jpg","type":"image\/jpeg"}],"author":"user-manager","twitter_card":"summary_large_image","schema":{"@context":"https:\/\/schema.org","@graph":[{"@type":"Article","@id":"https:\/\/www.meydan.tv\/az\/article\/sabirin-ev-muzeyinden-tapilan-qebir-daslari-arasdirilmadi\/#article","isPartOf":{"@id":"https:\/\/www.meydan.tv\/az\/article\/sabirin-ev-muzeyinden-tapilan-qebir-daslari-arasdirilmadi\/"},"author":{"name":"user-manager","@id":"https:\/\/www.meydan.tv\/az\/#\/schema\/person\/10d11eccf6da3662cf5fdab9806ea91a"},"headline":"&#8221;Sabirin ev-muzeyind\u0259n tap\u0131lan q\u0259bir da\u015flar\u0131 ara\u015fd\u0131r\u0131lmad\u0131&#8221;","datePublished":"2019-04-22T15:30:13+00:00","mainEntityOfPage":{"@id":"https:\/\/www.meydan.tv\/az\/article\/sabirin-ev-muzeyinden-tapilan-qebir-daslari-arasdirilmadi\/"},"wordCount":688,"publisher":{"@id":"https:\/\/www.meydan.tv\/az\/#organization"},"image":{"@id":"https:\/\/www.meydan.tv\/az\/article\/sabirin-ev-muzeyinden-tapilan-qebir-daslari-arasdirilmadi\/#primaryimage"},"thumbnailUrl":"https:\/\/www.meydan.tv\/wp-content\/uploads\/image_from_ios_joh2een-scaled.jpg","articleSection":["B\u00f6lg\u0259"],"inLanguage":"az"},{"@type":"WebPage","@id":"https:\/\/www.meydan.tv\/az\/article\/sabirin-ev-muzeyinden-tapilan-qebir-daslari-arasdirilmadi\/","url":"https:\/\/www.meydan.tv\/az\/article\/sabirin-ev-muzeyinden-tapilan-qebir-daslari-arasdirilmadi\/","name":"''Sabirin ev-muzeyind\u0259n tap\u0131lan q\u0259bir da\u015flar\u0131 ara\u015fd\u0131r\u0131lmad\u0131'' - MEYDAN.TV","isPartOf":{"@id":"https:\/\/www.meydan.tv\/az\/#website"},"primaryImageOfPage":{"@id":"https:\/\/www.meydan.tv\/az\/article\/sabirin-ev-muzeyinden-tapilan-qebir-daslari-arasdirilmadi\/#primaryimage"},"image":{"@id":"https:\/\/www.meydan.tv\/az\/article\/sabirin-ev-muzeyinden-tapilan-qebir-daslari-arasdirilmadi\/#primaryimage"},"thumbnailUrl":"https:\/\/www.meydan.tv\/wp-content\/uploads\/image_from_ios_joh2een-scaled.jpg","datePublished":"2019-04-22T15:30:13+00:00","breadcrumb":{"@id":"https:\/\/www.meydan.tv\/az\/article\/sabirin-ev-muzeyinden-tapilan-qebir-daslari-arasdirilmadi\/#breadcrumb"},"inLanguage":"az","potentialAction":[{"@type":"ReadAction","target":["https:\/\/www.meydan.tv\/az\/article\/sabirin-ev-muzeyinden-tapilan-qebir-daslari-arasdirilmadi\/"]}]},{"@type":"ImageObject","inLanguage":"az","@id":"https:\/\/www.meydan.tv\/az\/article\/sabirin-ev-muzeyinden-tapilan-qebir-daslari-arasdirilmadi\/#primaryimage","url":"https:\/\/www.meydan.tv\/wp-content\/uploads\/image_from_ios_joh2een-scaled.jpg","contentUrl":"https:\/\/www.meydan.tv\/wp-content\/uploads\/image_from_ios_joh2een-scaled.jpg","width":2560,"height":1707,"caption":"Source: meydan tv"},{"@type":"BreadcrumbList","@id":"https:\/\/www.meydan.tv\/az\/article\/sabirin-ev-muzeyinden-tapilan-qebir-daslari-arasdirilmadi\/#breadcrumb","itemListElement":[{"@type":"ListItem","position":1,"name":"Ana s\u0259hif\u0259","item":"https:\/\/www.meydan.tv\/az\/"},{"@type":"ListItem","position":2,"name":"B\u00f6lg\u0259","item":"https:\/\/www.meydan.tv\/az\/section\/bolge\/"},{"@type":"ListItem","position":3,"name":"&#8221;Sabirin ev-muzeyind\u0259n tap\u0131lan q\u0259bir da\u015flar\u0131 ara\u015fd\u0131r\u0131lmad\u0131&#8221;"}]},{"@type":"WebSite","@id":"https:\/\/www.meydan.tv\/az\/#website","url":"https:\/\/www.meydan.tv\/az\/","name":"MEYDAN.TV","description":"Meydan TV Az\u0259rbaycan\u0131n media m\u0259kan\u0131ndak\u0131 alternativ s\u0259sidir","publisher":{"@id":"https:\/\/www.meydan.tv\/az\/#organization"},"potentialAction":[{"@type":"SearchAction","target":{"@type":"EntryPoint","urlTemplate":"https:\/\/www.meydan.tv\/az\/?s={search_term_string}"},"query-input":{"@type":"PropertyValueSpecification","valueRequired":true,"valueName":"search_term_string"}}],"inLanguage":"az"},{"@type":"Organization","@id":"https:\/\/www.meydan.tv\/az\/#organization","name":"Meydan TV","url":"https:\/\/www.meydan.tv\/az\/","logo":{"@type":"ImageObject","inLanguage":"az","@id":"https:\/\/www.meydan.tv\/az\/#\/schema\/logo\/image\/","url":"https:\/\/www.meydan.tv\/wp-content\/uploads\/2021\/07\/meydan-logo.svg","contentUrl":"https:\/\/www.meydan.tv\/wp-content\/uploads\/2021\/07\/meydan-logo.svg","width":195,"height":46,"caption":"Meydan TV"},"image":{"@id":"https:\/\/www.meydan.tv\/az\/#\/schema\/logo\/image\/"}},{"@type":"Person","@id":"https:\/\/www.meydan.tv\/az\/#\/schema\/person\/10d11eccf6da3662cf5fdab9806ea91a","name":"user-manager"}]}},"_links":{"self":[{"href":"https:\/\/www.meydan.tv\/az\/wp-json\/wp\/v2\/posts\/195072","targetHints":{"allow":["GET"]}}],"collection":[{"href":"https:\/\/www.meydan.tv\/az\/wp-json\/wp\/v2\/posts"}],"about":[{"href":"https:\/\/www.meydan.tv\/az\/wp-json\/wp\/v2\/types\/post"}],"author":[{"embeddable":true,"href":"https:\/\/www.meydan.tv\/az\/wp-json\/wp\/v2\/users\/11"}],"replies":[{"embeddable":true,"href":"https:\/\/www.meydan.tv\/az\/wp-json\/wp\/v2\/comments?post=195072"}],"version-history":[{"count":0,"href":"https:\/\/www.meydan.tv\/az\/wp-json\/wp\/v2\/posts\/195072\/revisions"}],"wp:featuredmedia":[{"embeddable":true,"href":"https:\/\/www.meydan.tv\/az\/wp-json\/wp\/v2\/media\/122467"}],"wp:attachment":[{"href":"https:\/\/www.meydan.tv\/az\/wp-json\/wp\/v2\/media?parent=195072"}],"wp:term":[{"taxonomy":"category","embeddable":true,"href":"https:\/\/www.meydan.tv\/az\/wp-json\/wp\/v2\/categories?post=195072"},{"taxonomy":"post_tag","embeddable":true,"href":"https:\/\/www.meydan.tv\/az\/wp-json\/wp\/v2\/tags?post=195072"}],"curies":[{"name":"wp","href":"https:\/\/api.w.org\/{rel}","templated":true}]}}