{"id":195064,"date":"2019-04-22T10:51:24","date_gmt":"2019-04-22T10:51:24","guid":{"rendered":"https:\/\/www.meydan.tv\/article\/gence-sakini-polis-reisinin-onun-erazisini-menimsediyini-deyir\/"},"modified":"2019-04-22T10:51:24","modified_gmt":"2019-04-22T10:51:24","slug":"gence-sakini-polis-reisinin-onun-erazisini-menimsediyini-deyir","status":"publish","type":"post","link":"https:\/\/www.meydan.tv\/az\/article\/gence-sakini-polis-reisinin-onun-erazisini-menimsediyini-deyir\/","title":{"rendered":"G\u0259nc\u0259 sakini polis r\u0259isinin onun \u0259razisini m\u0259nims\u0259diyini deyir"},"content":{"rendered":"<p>\n  <i><br \/>\n    &#x27;&#x27;Tam \u0259minlikl\u0259 deyir\u0259m, \u0130sg\u0259nd\u0259rovlar hakiml\u0259ri pulla ald\u0131lar&#x27;&#x27;<br \/>\n  <\/i>\n<\/p>\n<p>\n  G\u0259nc\u0259 \u015f\u0259h\u0259rinin \u015eah \u0130smay\u0131l X\u0259tai prospektind\u0259 yerl\u0259\u015f\u0259n \u201cAvtomotoservis v\u0259 Ticar\u0259t M\u00fc\u0259ssis\u0259si\u201dnin \u0259razisi iki il\u0259 yax\u0131nd\u0131r m\u0259hk\u0259m\u0259 \u00e7\u0259ki\u015fm\u0259sind\u0259dir. M\u00fc\u0259ssis\u0259nin \u0259razisi r\u0259smi olaraq 60 sot, qeyri-r\u0259smi 80 sotu \u0259hat\u0259 edir.\n<\/p>\n<p>\n  Bura \u00f6t\u0259n \u0259srin 90-c\u0131 ill\u0259rind\u0259 bax\u0131ms\u0131z v\u0259ziyy\u0259tind\u0259 oldu\u011fundan zibilxanaya \u00e7evrilib. El\u0259 h\u0259min ill\u0259rd\u0259 icra ba\u015f\u00e7\u0131s\u0131 Rasim Da\u015fd\u0259mirov \u0259razini m\u00fc\u0259ssis\u0259d\u0259 \u00e7al\u0131\u015fan Akif Na\u011f\u0131yevin ixtiyar\u0131na verib. O da icra ba\u015f\u00e7\u0131s\u0131n\u0131n icaz\u0259siyl\u0259 istilik sistemi v\u0259 13 adam\u0131n \u00e7al\u0131\u015fd\u0131\u011f\u0131 \u201cAvtomobil t\u0259mir emalatxanas\u0131\u201d qurub.\n<\/p>\n<p>\n  Bu bar\u0259d\u0259 Meydan TV-y\u0259 dan\u0131\u015fan A.Na\u011f\u0131yev bildirib ki, istilik sistemind\u0259 20 min q\u0131z\u0131lg\u00fcl kolu \u0259kib:\n<\/p>\n<p>\n  \u201c\u00dcmumiyy\u0259tl\u0259, \u0259razi, torpaq d\u00f6vl\u0259tin olub, \u00f6z\u0259ll\u0259\u015fdirilm\u0259yib, \u00fcst\u00fcnd\u0259kil\u0259r is\u0259 m\u0259nim idi. Y\u0259ni 1987-ci ilin 31 dekabr\u0131nda Kirovabad \u015e\u0259h\u0259r Soveti m\u00fc\u0259ssis\u0259nin \u201cAvtoservis\u201din m\u00fclkiyy\u0259tin\u0259 verilm\u0259si haqda q\u0259rar \u00e7\u0131xar\u0131b. 1988-ci ilin 10 iyulunda m\u00fc\u0259ssis\u0259nin \u0259m\u0259k kollektivinin iclas\u0131nda q\u0259rara al\u0131n\u0131b ki, \u0259razi m\u0259n\u0259 verilsin. Bununla ba\u011fl\u0131 iclas\u0131n protokolu da var. 1992-ci ilin yanvar\u0131n 31-d\u0259 \u201cAvtomotoservis v\u0259 Ticar\u0259t M\u00fc\u0259ssis\u0259si\u201d \u0259razini m\u0259nim r\u0259is oldu\u011fum 7 n\u00f6mr\u0259li Texniki Xidm\u0259t M\u0259nt\u0259q\u0259sin\u0259 verilm\u0259si haqda s\u0259r\u0259ncam \u00e7\u0131xard\u0131b. Ancaq 2000-ci ild\u0259n \u0259traf binalarda ya\u015fayan m\u00fcxt\u0259lif adamlar obyekt\u0259 diqq\u0259t yetirirdi. Konkret olaraq, G\u0259nc\u0259 Texnologiya \u0130nstitutunun m\u00fc\u0259llimi \u0130brahim \u0130sg\u0259nd\u0259rovun qarda\u015f\u0131, G\u0259nc\u0259 Polis \u0130dar\u0259sinin Gec\u0259 \u015f\u00f6b\u0259sinin r\u0259isi S\u00fcleyman \u0130sg\u0259nd\u0259rov vasit\u0259sil\u0259 m\u0259n\u0259 t\u0259zyiql\u0259r ba\u015fland\u0131. Ail\u0259 v\u0259ziyy\u0259tim\u0259 g\u00f6r\u0259 he\u00e7 n\u0259 ed\u0259 bilm\u0259dim, raz\u0131la\u015f\u0131b \u0259razid\u0259n 17 sotu \u0130brahim \u0130sg\u0259nd\u0259rova 25 min dollar satd\u0131m, y\u0259ni torpa\u011f\u0131 yox, \u00fcst\u00fcnd\u0259ki obyekti, o da \u00f6z\u0259ll\u0259\u015fdirdi. Sonradan m\u0259lum oldu ki, torpa\u011f\u0131 da \u00f6z\u0259ll\u0259\u015fdirib. Qalan 43 sot m\u0259nd\u0259ydi. Amma \u0130brahim \u0130sg\u0259nd\u0259rov 25 mind\u0259n 15 min dollara d\u00fc\u015fd\u00fc, yen\u0259 raz\u0131la\u015fd\u0131m, onun 11 min dollar\u0131n\u0131 verdi, 4 min borcu qalanda \u0130brahim \u0130sg\u0259nd\u0259rov \u00f6ld\u00fc\u201d.\n<\/p>\n<figure class=\"wp-block-image size-large\">\n  <img decoding=\"async\" src=\"https:\/\/www.meydan.tv\/az\/20190422_124120-jpg\/\" alt=\"20190422_124120.jpg\" class=\"wp-image-122419\"\/><figcaption>\n    Kirovabad \u015e\u0259h\u0259r Sovetinin q\u0259rar\u0131<br \/>\n  <\/figcaption><\/figure>\n<p>\n  A.Na\u011f\u0131yev deyir ki, 2000-ci ill\u0259rin \u0259vv\u0259lind\u0259 yeri \u00f6z\u0259ll\u0259\u015fdirm\u0259k ist\u0259y\u0259nd\u0259 ba\u015fqa m\u0259nz\u0259r\u0259 il\u0259 rastla\u015f\u0131b:\n<\/p>\n<p>\n  \u201cD\u00f6vl\u0259t \u018fmlak Komit\u0259sinin yerli idar\u0259sind\u0259n torpa\u011f\u0131n \u00f6z\u0259ll\u0259\u015fdirildiyini s\u00f6yl\u0259dil\u0259r. Halbuki, \u201cAvtomotoservis v\u0259 Ticar\u0259t M\u00fc\u0259ssis\u0259\u201dsi \u0259razini sat\u0131\u015fa \u00e7\u0131xartmad\u0131\u011f\u0131n\u0131 bildirdi. Dem\u0259li, v\u0259ziyy\u0259t bel\u0259 olub, \u0130brahim \u0130sg\u0259nd\u0259rov 2003-c\u00fc ilin fevral\u0131nda o\u011flu El\u015f\u0259n \u0130sg\u0259nd\u0259rovu x\u0259b\u0259rim olmadan yerim\u0259 ke\u00e7irib. M\u0259nim haqq\u0131mda da yaz\u0131blar ki, i\u015f\u0259 g\u0259lm\u0259diyi \u00fc\u00e7\u00fcn \u00e7\u0131xar\u0131l\u0131b. Halbuki, m\u00fcalic\u0259y\u0259 getm\u0259yiml\u0259 ba\u011fl\u0131 \u0259riz\u0259m olub, y\u0259ni tibbi aray\u0131\u015f da alm\u0131\u015fam, daha i\u015fd\u0259n \u00e7\u0131xmaq haqda \u0259riz\u0259 yazmam\u0131\u015fam, amma burda saxtakarl\u0131q edib, m\u0259ni i\u015fd\u0259n \u00e7\u0131xar\u0131blar. 2005-c\u00fc ild\u0259 El\u015f\u0259n \u0130sg\u0259nd\u0259rov i\u015fd\u0259n \u00e7\u0131x\u0131b v\u0259 yerin\u0259 bac\u0131s\u0131n\u0131n qay\u0131natas\u0131n\u0131 g\u00f6t\u00fcrd\u00fcb. El\u015f\u0259n \u0130sg\u0259nd\u0259rov haz\u0131rda DTX-n\u0131n \u015e\u0259mkir Rayon \u015e\u00f6b\u0259sinin r\u0259is m\u00fcavinidir\u201d.\n<\/p>\n<p>\n  A.Na\u011f\u0131yev qar\u015f\u0131la\u015fd\u0131\u011f\u0131 v\u0259ziyy\u0259tl\u0259 ba\u011fl\u0131 G\u0259nc\u0259 \u015f\u0259h\u0259r Nizami Rayon M\u0259hk\u0259m\u0259sin\u0259 \u015fikay\u0259t verib:\n<\/p>\n<p>\n  \u201c8 ay davam ed\u0259n prosesd\u0259n sonra hakim G\u00fcnd\u00fcz \u015eirinov m\u0259ni \u00e7a\u011f\u0131r\u0131b dedi ki, i\u015fi G\u0259nc\u0259 Apelyasiya M\u0259hk\u0259m\u0259sin\u0259 g\u00f6nd\u0259rir. \u00c7ox q\u0259rib\u0259dir ki, he\u00e7 bir q\u0259rara verm\u0259di, a\u00e7\u0131q \u015f\u0259kild\u0259 s\u00f6yl\u0259di ki, ba\u011f\u0131\u015fla, i\u015fi ba\u011flaya bilmir. G\u0259nc\u0259 Apelyasiya M\u0259hk\u0259m\u0259si i\u015fi K\u0259p\u0259z Rayon M\u0259hk\u0259m\u0259sin\u0259 g\u00f6nd\u0259rdi, hakim Afiq H\u00fcseynzad\u0259 idi. Hakiml\u0259 g\u00f6r\u00fc\u015f\u00fcb b\u00fct\u00fcn s\u0259n\u0259dl\u0259ri t\u0259qdim etdim. Amma 6 ay davam ed\u0259n prosesd\u0259 qar\u015f\u0131 t\u0259r\u0259fd\u0259n he\u00e7 kim g\u0259lm\u0259di, iclaslarda hakim yaln\u0131z m\u0259ni dan\u0131\u015fd\u0131r\u0131rd\u0131. Sonuncu iclasda da qar\u015f\u0131 t\u0259r\u0259fd\u0259n he\u00e7 kim g\u0259lm\u0259di, amma hakim Afiq H\u00fcseynzad\u0259 \u0130sg\u0259nd\u0259rovun xeyrin\u0259 q\u0259rar \u00e7\u0131xartd\u0131. S\u0259b\u0259bini soru\u015fduqda, dedi ki, s\u0259n subyekt deyils\u0259n. Onda soru\u015fdum ki, o zaman m\u0259ni niy\u0259 6 ayd\u0131r dan\u0131\u015fd\u0131r\u0131rd\u0131n? Cavab verm\u0259di, susdu. Tam \u0259minlikl\u0259 deyir\u0259m ki, \u0130sg\u0259nd\u0259rovlar \u0259vv\u0259lki m\u0259hk\u0259m\u0259 instansiyalar\u0131 da daxil olmaqla hakiml\u0259ri pulla ald\u0131lar. Sonuncu prosesd\u0259 bu bar\u0259d\u0259 dan\u0131\u015fanda hakim m\u0259ni 15 sutka h\u0259bsl\u0259 qorxutdu, bildirdim ki, bel\u0259 \u015feyl\u0259r\u0259 g\u00f6r\u0259 h\u0259bsd\u0259 yatmaq vicdanl\u0131 olmaq dem\u0259kdir. Ali M\u0259hk\u0259m\u0259 is\u0259 m\u0259ni proses\u0259 d\u0259v\u0259t etm\u0259di, q\u0259rar\u0131 m\u0259ktubla g\u00f6nd\u0259rdi\u201d.\n<\/p>\n<figure class=\"wp-block-image size-large\">\n  <img decoding=\"async\" src=\"https:\/\/www.meydan.tv\/az\/20190422_124029-jpg\/\" alt=\"20190422_124029.jpg\" class=\"wp-image-122422\"\/><figcaption>\n    protokol<br \/>\n  <\/figcaption><\/figure>\n<p>\n  Meydan TV Akif Na\u011f\u0131yevin iddialar\u0131 il\u0259 \u0259laq\u0259dar G\u0259nc\u0259 Polis \u0130dar\u0259sinin Gec\u0259 \u015f\u00f6b\u0259sinin sabiq r\u0259isi S\u00fcleyman \u0130sg\u0259nd\u0259rovla \u0259laq\u0259 saxlay\u0131b.\n<\/p>\n<p>\n  S.\u0130sg\u0259nd\u0259rov A.Na\u011f\u0131yevin dedikl\u0259rinin yalan v\u0259 b\u00f6htan oldu\u011funu bildirib:\n<\/p>\n<p>\n  \u201cBu ill\u0259r \u0259razind\u0259 Akif Na\u011f\u0131yev Rusiyada olub v\u0259 biz d\u0259 auksiona \u00e7\u0131xar\u0131lan \u0259razini al\u0131b \u00f6z\u0259ll\u0259\u015fdirmi\u015fik. Buna g\u00f6r\u0259 d\u00f6vl\u0259t\u0259 60 min manat \u00f6d\u0259mi\u015fik. \u018fn \u0259sas\u0131 onun \u015fikay\u0259ti m\u0259hk\u0259m\u0259d\u0259 m\u00fcbahis\u0259l\u0259ndirib, son n\u0259tic\u0259d\u0259 Ali M\u0259hk\u0259m\u0259 bizim haql\u0131 oldu\u011fumuzu t\u0259sdiql\u0259y\u0259n q\u0259rar \u00e7\u0131xar\u0131b. \u018fg\u0259r naraz\u0131l\u0131\u011f\u0131 vard\u0131sa, Avropa M\u0259hk\u0259m\u0259sin\u0259 \u015fikay\u0259t ed\u0259rdi\u201d.<\/p>\n","protected":false},"excerpt":{"rendered":"<p>Bu ill\u0259r \u0259razind\u0259 Akif Na\u011f\u0131yev Rusiyada olub v\u0259 biz d\u0259 auksiona \u00e7\u0131xar\u0131lan \u0259razini al\u0131b \u00f6z\u0259ll\u0259\u015fdirmi\u015fik.<\/p>\n","protected":false},"author":11,"featured_media":122416,"comment_status":"closed","ping_status":"open","sticky":false,"template":"","format":"standard","meta":{"_acf_changed":false,"_sitemap_exclude":false,"_sitemap_priority":"","_sitemap_frequency":"","footnotes":""},"categories":[60],"tags":[],"class_list":["post-195064","post","type-post","status-publish","format-standard","has-post-thumbnail","hentry","category-bolge","infinite-scroll-item","generate-columns","tablet-grid-50","mobile-grid-100","grid-parent","grid-33","no-featured-image-padding"],"acf":[],"yoast_head":"<!-- This site is optimized with the Yoast SEO plugin v27.4 - https:\/\/yoast.com\/product\/yoast-seo-wordpress\/ -->\n<title>G\u0259nc\u0259 sakini polis r\u0259isinin onun \u0259razisini m\u0259nims\u0259diyini deyir - MEYDAN.TV<\/title>\n<meta name=\"robots\" content=\"index, follow, max-snippet:-1, max-image-preview:large, max-video-preview:-1\" \/>\n<link rel=\"canonical\" href=\"https:\/\/www.meydan.tv\/az\/article\/gence-sakini-polis-reisinin-onun-erazisini-menimsediyini-deyir\/\" \/>\n<meta property=\"og:locale\" content=\"az_AZ\" \/>\n<meta property=\"og:type\" content=\"article\" \/>\n<meta property=\"og:title\" content=\"G\u0259nc\u0259 sakini polis r\u0259isinin onun \u0259razisini m\u0259nims\u0259diyini deyir - MEYDAN.TV\" \/>\n<meta property=\"og:description\" content=\"Bu ill\u0259r \u0259razind\u0259 Akif Na\u011f\u0131yev Rusiyada olub v\u0259 biz d\u0259 auksiona \u00e7\u0131xar\u0131lan \u0259razini al\u0131b \u00f6z\u0259ll\u0259\u015fdirmi\u015fik.\" \/>\n<meta property=\"og:url\" content=\"https:\/\/www.meydan.tv\/az\/article\/gence-sakini-polis-reisinin-onun-erazisini-menimsediyini-deyir\/\" \/>\n<meta property=\"og:site_name\" content=\"MEYDAN.TV\" \/>\n<meta property=\"article:published_time\" content=\"2019-04-22T10:51:24+00:00\" \/>\n<meta property=\"og:image\" content=\"https:\/\/www.meydan.tv\/wp-content\/uploads\/20190411_183823_1.jpg\" \/>\n\t<meta property=\"og:image:width\" content=\"1777\" \/>\n\t<meta property=\"og:image:height\" content=\"1000\" \/>\n\t<meta property=\"og:image:type\" content=\"image\/jpeg\" \/>\n<meta name=\"author\" content=\"user-manager\" \/>\n<meta name=\"twitter:card\" content=\"summary_large_image\" \/>\n<script type=\"application\/ld+json\" class=\"yoast-schema-graph\">{\"@context\":\"https:\\\/\\\/schema.org\",\"@graph\":[{\"@type\":\"Article\",\"@id\":\"https:\\\/\\\/www.meydan.tv\\\/az\\\/article\\\/gence-sakini-polis-reisinin-onun-erazisini-menimsediyini-deyir\\\/#article\",\"isPartOf\":{\"@id\":\"https:\\\/\\\/www.meydan.tv\\\/az\\\/article\\\/gence-sakini-polis-reisinin-onun-erazisini-menimsediyini-deyir\\\/\"},\"author\":{\"name\":\"user-manager\",\"@id\":\"https:\\\/\\\/www.meydan.tv\\\/az\\\/#\\\/schema\\\/person\\\/10d11eccf6da3662cf5fdab9806ea91a\"},\"headline\":\"G\u0259nc\u0259 sakini polis r\u0259isinin onun \u0259razisini m\u0259nims\u0259diyini deyir\",\"datePublished\":\"2019-04-22T10:51:24+00:00\",\"mainEntityOfPage\":{\"@id\":\"https:\\\/\\\/www.meydan.tv\\\/az\\\/article\\\/gence-sakini-polis-reisinin-onun-erazisini-menimsediyini-deyir\\\/\"},\"wordCount\":992,\"publisher\":{\"@id\":\"https:\\\/\\\/www.meydan.tv\\\/az\\\/#organization\"},\"image\":{\"@id\":\"https:\\\/\\\/www.meydan.tv\\\/az\\\/article\\\/gence-sakini-polis-reisinin-onun-erazisini-menimsediyini-deyir\\\/#primaryimage\"},\"thumbnailUrl\":\"https:\\\/\\\/www.meydan.tv\\\/wp-content\\\/uploads\\\/20190411_183823_1.jpg\",\"articleSection\":[\"B\u00f6lg\u0259\"],\"inLanguage\":\"az\"},{\"@type\":\"WebPage\",\"@id\":\"https:\\\/\\\/www.meydan.tv\\\/az\\\/article\\\/gence-sakini-polis-reisinin-onun-erazisini-menimsediyini-deyir\\\/\",\"url\":\"https:\\\/\\\/www.meydan.tv\\\/az\\\/article\\\/gence-sakini-polis-reisinin-onun-erazisini-menimsediyini-deyir\\\/\",\"name\":\"G\u0259nc\u0259 sakini polis r\u0259isinin onun \u0259razisini m\u0259nims\u0259diyini deyir - MEYDAN.TV\",\"isPartOf\":{\"@id\":\"https:\\\/\\\/www.meydan.tv\\\/az\\\/#website\"},\"primaryImageOfPage\":{\"@id\":\"https:\\\/\\\/www.meydan.tv\\\/az\\\/article\\\/gence-sakini-polis-reisinin-onun-erazisini-menimsediyini-deyir\\\/#primaryimage\"},\"image\":{\"@id\":\"https:\\\/\\\/www.meydan.tv\\\/az\\\/article\\\/gence-sakini-polis-reisinin-onun-erazisini-menimsediyini-deyir\\\/#primaryimage\"},\"thumbnailUrl\":\"https:\\\/\\\/www.meydan.tv\\\/wp-content\\\/uploads\\\/20190411_183823_1.jpg\",\"datePublished\":\"2019-04-22T10:51:24+00:00\",\"breadcrumb\":{\"@id\":\"https:\\\/\\\/www.meydan.tv\\\/az\\\/article\\\/gence-sakini-polis-reisinin-onun-erazisini-menimsediyini-deyir\\\/#breadcrumb\"},\"inLanguage\":\"az\",\"potentialAction\":[{\"@type\":\"ReadAction\",\"target\":[\"https:\\\/\\\/www.meydan.tv\\\/az\\\/article\\\/gence-sakini-polis-reisinin-onun-erazisini-menimsediyini-deyir\\\/\"]}]},{\"@type\":\"ImageObject\",\"inLanguage\":\"az\",\"@id\":\"https:\\\/\\\/www.meydan.tv\\\/az\\\/article\\\/gence-sakini-polis-reisinin-onun-erazisini-menimsediyini-deyir\\\/#primaryimage\",\"url\":\"https:\\\/\\\/www.meydan.tv\\\/wp-content\\\/uploads\\\/20190411_183823_1.jpg\",\"contentUrl\":\"https:\\\/\\\/www.meydan.tv\\\/wp-content\\\/uploads\\\/20190411_183823_1.jpg\",\"width\":1777,\"height\":1000,\"caption\":\"Source: meydan tv\"},{\"@type\":\"BreadcrumbList\",\"@id\":\"https:\\\/\\\/www.meydan.tv\\\/az\\\/article\\\/gence-sakini-polis-reisinin-onun-erazisini-menimsediyini-deyir\\\/#breadcrumb\",\"itemListElement\":[{\"@type\":\"ListItem\",\"position\":1,\"name\":\"Ana s\u0259hif\u0259\",\"item\":\"https:\\\/\\\/www.meydan.tv\\\/az\\\/\"},{\"@type\":\"ListItem\",\"position\":2,\"name\":\"B\u00f6lg\u0259\",\"item\":\"https:\\\/\\\/www.meydan.tv\\\/az\\\/section\\\/bolge\\\/\"},{\"@type\":\"ListItem\",\"position\":3,\"name\":\"G\u0259nc\u0259 sakini polis r\u0259isinin onun \u0259razisini m\u0259nims\u0259diyini deyir\"}]},{\"@type\":\"WebSite\",\"@id\":\"https:\\\/\\\/www.meydan.tv\\\/az\\\/#website\",\"url\":\"https:\\\/\\\/www.meydan.tv\\\/az\\\/\",\"name\":\"MEYDAN.TV\",\"description\":\"Meydan TV Az\u0259rbaycan\u0131n media m\u0259kan\u0131ndak\u0131 alternativ s\u0259sidir\",\"publisher\":{\"@id\":\"https:\\\/\\\/www.meydan.tv\\\/az\\\/#organization\"},\"potentialAction\":[{\"@type\":\"SearchAction\",\"target\":{\"@type\":\"EntryPoint\",\"urlTemplate\":\"https:\\\/\\\/www.meydan.tv\\\/az\\\/?s={search_term_string}\"},\"query-input\":{\"@type\":\"PropertyValueSpecification\",\"valueRequired\":true,\"valueName\":\"search_term_string\"}}],\"inLanguage\":\"az\"},{\"@type\":\"Organization\",\"@id\":\"https:\\\/\\\/www.meydan.tv\\\/az\\\/#organization\",\"name\":\"Meydan TV\",\"url\":\"https:\\\/\\\/www.meydan.tv\\\/az\\\/\",\"logo\":{\"@type\":\"ImageObject\",\"inLanguage\":\"az\",\"@id\":\"https:\\\/\\\/www.meydan.tv\\\/az\\\/#\\\/schema\\\/logo\\\/image\\\/\",\"url\":\"https:\\\/\\\/www.meydan.tv\\\/wp-content\\\/uploads\\\/2021\\\/07\\\/meydan-logo.svg\",\"contentUrl\":\"https:\\\/\\\/www.meydan.tv\\\/wp-content\\\/uploads\\\/2021\\\/07\\\/meydan-logo.svg\",\"width\":195,\"height\":46,\"caption\":\"Meydan TV\"},\"image\":{\"@id\":\"https:\\\/\\\/www.meydan.tv\\\/az\\\/#\\\/schema\\\/logo\\\/image\\\/\"}},{\"@type\":\"Person\",\"@id\":\"https:\\\/\\\/www.meydan.tv\\\/az\\\/#\\\/schema\\\/person\\\/10d11eccf6da3662cf5fdab9806ea91a\",\"name\":\"user-manager\"}]}<\/script>\n<!-- \/ Yoast SEO plugin. -->","yoast_head_json":{"title":"G\u0259nc\u0259 sakini polis r\u0259isinin onun \u0259razisini m\u0259nims\u0259diyini deyir - MEYDAN.TV","robots":{"index":"index","follow":"follow","max-snippet":"max-snippet:-1","max-image-preview":"max-image-preview:large","max-video-preview":"max-video-preview:-1"},"canonical":"https:\/\/www.meydan.tv\/az\/article\/gence-sakini-polis-reisinin-onun-erazisini-menimsediyini-deyir\/","og_locale":"az_AZ","og_type":"article","og_title":"G\u0259nc\u0259 sakini polis r\u0259isinin onun \u0259razisini m\u0259nims\u0259diyini deyir - MEYDAN.TV","og_description":"Bu ill\u0259r \u0259razind\u0259 Akif Na\u011f\u0131yev Rusiyada olub v\u0259 biz d\u0259 auksiona \u00e7\u0131xar\u0131lan \u0259razini al\u0131b \u00f6z\u0259ll\u0259\u015fdirmi\u015fik.","og_url":"https:\/\/www.meydan.tv\/az\/article\/gence-sakini-polis-reisinin-onun-erazisini-menimsediyini-deyir\/","og_site_name":"MEYDAN.TV","article_published_time":"2019-04-22T10:51:24+00:00","og_image":[{"width":1777,"height":1000,"url":"https:\/\/www.meydan.tv\/wp-content\/uploads\/20190411_183823_1.jpg","type":"image\/jpeg"}],"author":"user-manager","twitter_card":"summary_large_image","schema":{"@context":"https:\/\/schema.org","@graph":[{"@type":"Article","@id":"https:\/\/www.meydan.tv\/az\/article\/gence-sakini-polis-reisinin-onun-erazisini-menimsediyini-deyir\/#article","isPartOf":{"@id":"https:\/\/www.meydan.tv\/az\/article\/gence-sakini-polis-reisinin-onun-erazisini-menimsediyini-deyir\/"},"author":{"name":"user-manager","@id":"https:\/\/www.meydan.tv\/az\/#\/schema\/person\/10d11eccf6da3662cf5fdab9806ea91a"},"headline":"G\u0259nc\u0259 sakini polis r\u0259isinin onun \u0259razisini m\u0259nims\u0259diyini deyir","datePublished":"2019-04-22T10:51:24+00:00","mainEntityOfPage":{"@id":"https:\/\/www.meydan.tv\/az\/article\/gence-sakini-polis-reisinin-onun-erazisini-menimsediyini-deyir\/"},"wordCount":992,"publisher":{"@id":"https:\/\/www.meydan.tv\/az\/#organization"},"image":{"@id":"https:\/\/www.meydan.tv\/az\/article\/gence-sakini-polis-reisinin-onun-erazisini-menimsediyini-deyir\/#primaryimage"},"thumbnailUrl":"https:\/\/www.meydan.tv\/wp-content\/uploads\/20190411_183823_1.jpg","articleSection":["B\u00f6lg\u0259"],"inLanguage":"az"},{"@type":"WebPage","@id":"https:\/\/www.meydan.tv\/az\/article\/gence-sakini-polis-reisinin-onun-erazisini-menimsediyini-deyir\/","url":"https:\/\/www.meydan.tv\/az\/article\/gence-sakini-polis-reisinin-onun-erazisini-menimsediyini-deyir\/","name":"G\u0259nc\u0259 sakini polis r\u0259isinin onun \u0259razisini m\u0259nims\u0259diyini deyir - MEYDAN.TV","isPartOf":{"@id":"https:\/\/www.meydan.tv\/az\/#website"},"primaryImageOfPage":{"@id":"https:\/\/www.meydan.tv\/az\/article\/gence-sakini-polis-reisinin-onun-erazisini-menimsediyini-deyir\/#primaryimage"},"image":{"@id":"https:\/\/www.meydan.tv\/az\/article\/gence-sakini-polis-reisinin-onun-erazisini-menimsediyini-deyir\/#primaryimage"},"thumbnailUrl":"https:\/\/www.meydan.tv\/wp-content\/uploads\/20190411_183823_1.jpg","datePublished":"2019-04-22T10:51:24+00:00","breadcrumb":{"@id":"https:\/\/www.meydan.tv\/az\/article\/gence-sakini-polis-reisinin-onun-erazisini-menimsediyini-deyir\/#breadcrumb"},"inLanguage":"az","potentialAction":[{"@type":"ReadAction","target":["https:\/\/www.meydan.tv\/az\/article\/gence-sakini-polis-reisinin-onun-erazisini-menimsediyini-deyir\/"]}]},{"@type":"ImageObject","inLanguage":"az","@id":"https:\/\/www.meydan.tv\/az\/article\/gence-sakini-polis-reisinin-onun-erazisini-menimsediyini-deyir\/#primaryimage","url":"https:\/\/www.meydan.tv\/wp-content\/uploads\/20190411_183823_1.jpg","contentUrl":"https:\/\/www.meydan.tv\/wp-content\/uploads\/20190411_183823_1.jpg","width":1777,"height":1000,"caption":"Source: meydan tv"},{"@type":"BreadcrumbList","@id":"https:\/\/www.meydan.tv\/az\/article\/gence-sakini-polis-reisinin-onun-erazisini-menimsediyini-deyir\/#breadcrumb","itemListElement":[{"@type":"ListItem","position":1,"name":"Ana s\u0259hif\u0259","item":"https:\/\/www.meydan.tv\/az\/"},{"@type":"ListItem","position":2,"name":"B\u00f6lg\u0259","item":"https:\/\/www.meydan.tv\/az\/section\/bolge\/"},{"@type":"ListItem","position":3,"name":"G\u0259nc\u0259 sakini polis r\u0259isinin onun \u0259razisini m\u0259nims\u0259diyini deyir"}]},{"@type":"WebSite","@id":"https:\/\/www.meydan.tv\/az\/#website","url":"https:\/\/www.meydan.tv\/az\/","name":"MEYDAN.TV","description":"Meydan TV Az\u0259rbaycan\u0131n media m\u0259kan\u0131ndak\u0131 alternativ s\u0259sidir","publisher":{"@id":"https:\/\/www.meydan.tv\/az\/#organization"},"potentialAction":[{"@type":"SearchAction","target":{"@type":"EntryPoint","urlTemplate":"https:\/\/www.meydan.tv\/az\/?s={search_term_string}"},"query-input":{"@type":"PropertyValueSpecification","valueRequired":true,"valueName":"search_term_string"}}],"inLanguage":"az"},{"@type":"Organization","@id":"https:\/\/www.meydan.tv\/az\/#organization","name":"Meydan TV","url":"https:\/\/www.meydan.tv\/az\/","logo":{"@type":"ImageObject","inLanguage":"az","@id":"https:\/\/www.meydan.tv\/az\/#\/schema\/logo\/image\/","url":"https:\/\/www.meydan.tv\/wp-content\/uploads\/2021\/07\/meydan-logo.svg","contentUrl":"https:\/\/www.meydan.tv\/wp-content\/uploads\/2021\/07\/meydan-logo.svg","width":195,"height":46,"caption":"Meydan TV"},"image":{"@id":"https:\/\/www.meydan.tv\/az\/#\/schema\/logo\/image\/"}},{"@type":"Person","@id":"https:\/\/www.meydan.tv\/az\/#\/schema\/person\/10d11eccf6da3662cf5fdab9806ea91a","name":"user-manager"}]}},"_links":{"self":[{"href":"https:\/\/www.meydan.tv\/az\/wp-json\/wp\/v2\/posts\/195064","targetHints":{"allow":["GET"]}}],"collection":[{"href":"https:\/\/www.meydan.tv\/az\/wp-json\/wp\/v2\/posts"}],"about":[{"href":"https:\/\/www.meydan.tv\/az\/wp-json\/wp\/v2\/types\/post"}],"author":[{"embeddable":true,"href":"https:\/\/www.meydan.tv\/az\/wp-json\/wp\/v2\/users\/11"}],"replies":[{"embeddable":true,"href":"https:\/\/www.meydan.tv\/az\/wp-json\/wp\/v2\/comments?post=195064"}],"version-history":[{"count":0,"href":"https:\/\/www.meydan.tv\/az\/wp-json\/wp\/v2\/posts\/195064\/revisions"}],"wp:featuredmedia":[{"embeddable":true,"href":"https:\/\/www.meydan.tv\/az\/wp-json\/wp\/v2\/media\/122416"}],"wp:attachment":[{"href":"https:\/\/www.meydan.tv\/az\/wp-json\/wp\/v2\/media?parent=195064"}],"wp:term":[{"taxonomy":"category","embeddable":true,"href":"https:\/\/www.meydan.tv\/az\/wp-json\/wp\/v2\/categories?post=195064"},{"taxonomy":"post_tag","embeddable":true,"href":"https:\/\/www.meydan.tv\/az\/wp-json\/wp\/v2\/tags?post=195064"}],"curies":[{"name":"wp","href":"https:\/\/api.w.org\/{rel}","templated":true}]}}