{"id":195042,"date":"2019-04-19T12:42:05","date_gmt":"2019-04-19T12:42:05","guid":{"rendered":"https:\/\/www.meydan.tv\/article\/ucar-sakini-imkansizliqdan-usagi-mektebden-cixarmaq-isteyirik\/"},"modified":"2019-04-19T12:42:05","modified_gmt":"2019-04-19T12:42:05","slug":"ucar-sakini-imkansizliqdan-usagi-mektebden-cixarmaq-isteyirik","status":"publish","type":"post","link":"https:\/\/www.meydan.tv\/az\/article\/ucar-sakini-imkansizliqdan-usagi-mektebden-cixarmaq-isteyirik\/","title":{"rendered":"Ucar sakini: \u0130mkans\u0131zl\u0131qdan u\u015fa\u011f\u0131 m\u0259kt\u0259bd\u0259n \u00e7\u0131xarmaq ist\u0259yirik"},"content":{"rendered":"<p>\n  <i><br \/>\n    &#x27;&#x27;\u015e\u0259k\u0259rd\u0259n g\u00f6zl\u0259rim tutulub, yolda\u015f\u0131m is\u0259 yataq x\u0259st\u0259sidir&#x27;&#x27;<br \/>\n  <\/i>\n<\/p>\n<p>\n  \u201cYolda\u015f\u0131m son iki ild\u0259 \u00e7ox a\u011f\u0131r x\u0259st\u0259liy\u0259 tutulub. H\u0259kiml\u0259r d\u0259 \u00e7ar\u0259sini bilmirl\u0259r. M\u00fcalic\u0259l\u0259r\u0259, d\u0259rmanlara g\u00f6r\u0259 n\u0259yimiz vard\u0131sa, satd\u0131q. Yen\u0259 sa\u011falmad\u0131. Ya\u015f\u0131m\u0131z altm\u0131\u015f\u0131 ke\u00e7ib, pensiya d\u00fc\u015fm\u00fcr, bir yerd\u0259n d\u0259 bir q\u0259pik g\u0259lirimiz yoxdur. Ya\u015fay\u0131\u015f \u015f\u0259raitimiz b\u0259rbad g\u00fcnd\u0259dir, n\u0259 ed\u0259c\u0259yimizi bilmirik\u201d.\n<\/p>\n<p>\n  Ucar rayonunun Qazyan k\u0259ndinin sakini, 63 ya\u015fl\u0131 Abul R\u0259himov bel\u0259 deyir.\n<\/p>\n<p>\n  Bildirir ki, \u0259slind\u0259 indiy\u0259 q\u0259d\u0259r \u00e7oxdan pensiya almal\u0131 idi. Sad\u0259c\u0259 pensiya ya\u015f\u0131 art\u0131r\u0131ld\u0131\u011f\u0131ndan ala bilm\u0259yib:\n<\/p>\n<p>\n  \u201cPensiya ya\u015f\u0131 atl\u0131, biz piyaday\u0131q. Qa\u00e7\u0131r, \u00e7ata bilmirik. \u0130nsanlar\u0131n ya\u015fay\u0131\u015f\u0131n\u0131 yax\u015f\u0131la\u015fd\u0131rmaq \u0259v\u0259zin\u0259 getdikc\u0259 daha da pisl\u0259\u015fdirirl\u0259r. Yolda\u015f\u0131m yataq, m\u0259n \u015f\u0259k\u0259r, t\u0259zyiq x\u0259st\u0259si, bir q\u0259pik g\u0259lirimiz d\u0259 yox\u201d.\n<\/p>\n<p>\n  Ail\u0259nin himay\u0259sind\u0259 azya\u015fl\u0131 \u00f6vladlar\u0131 var, 7-ci sinifd\u0259 oxuyur. A.R\u0259himov deyir ki, art\u0131q geyimini, m\u0259kt\u0259b l\u0259vazimatlar\u0131n\u0131 ala bilmirl\u0259r. Bel\u0259 gets\u0259, m\u0259kt\u0259bd\u0259n \u00e7\u0131xarmal\u0131 olacaqlar:\n<\/p>\n<p>\n  \u201c\u00d6z\u00fcm d\u0259 a\u011f\u0131r x\u0259st\u0259y\u0259m. \u015e\u0259k\u0259rd\u0259n g\u00f6zl\u0259rim tutulub. Ayaq barma\u011f\u0131m qanqrena olub. H\u0259yat yolda\u015f\u0131m da g\u00f6rd\u00fcy\u00fcn\u00fcz kimi a\u011f\u0131r yataq x\u0259st\u0259sidir. \u018fm\u0259k v\u0259 \u018fhalinin Sosial M\u00fcdafi\u0259si Nazirliyi biz\u0259 \u0259lillik d\u0259r\u0259c\u0259si t\u0259yinat\u0131ndan imtina edib. Sosial Fond is\u0259 \u00fcnvanl\u0131 sosial yard\u0131m\u0131 pulla d\u00fcz\u0259ldir. Ya g\u0259r\u0259k pul ver\u0259s\u0259n, ya da yard\u0131m\u0131n bir ne\u00e7\u0259 ay\u0131n\u0131 onlara verm\u0259y\u0259 raz\u0131 olasan. He\u00e7 birimiz d\u0259 i\u015fl\u0259mirik. Kim\u0259, hara m\u00fcraci\u0259t ed\u0259c\u0259yimizi bilmirik\u201d.\n<\/p>\n<figure class=\"wp-block-image size-large\">\n  <img decoding=\"async\" src=\"https:\/\/www.meydan.tv\/az\/image00001-jpeg-11\/\" alt=\"image00001.jpeg\" class=\"wp-image-122353\"\/><figcaption>\n    tibbi aray\u0131\u015flar<br \/>\n  <\/figcaption><\/figure>\n<p>\n  Abul R\u0259himov deyir ki, x\u0259st\u0259 xan\u0131m\u0131na baxmaq da \u00e7\u0259tindir. Onu bir yerd\u0259n dig\u0259r yer\u0259 aparmaq, yata\u011f\u0131nda sa\u011fa-sola \u00e7evirm\u0259k laz\u0131m g\u0259lir. B\u00fct\u00fcn bunlar\u0131 7-ci sinifd\u0259 oxuyan q\u0131z\u0131 edir:\n<\/p>\n<p>\n  \u201cYolda\u015f\u0131m iki d\u0259f\u0259 sirk\u0259 i\u00e7m\u0259k ist\u0259yib. \u0130ntihara c\u0259hd edib, u\u015faq qoymay\u0131b. N\u0259 etsin, q\u0131namal\u0131 deyil. A\u011f\u0131r x\u0259st\u0259dir v\u0259 bizim n\u0259inki onu m\u00fcalic\u0259 etdirm\u0259y\u0259, he\u00e7 \u00e7\u00f6r\u0259k alma\u011fa imkan\u0131m\u0131z yoxdur\u201d.\n<\/p>\n<p>\n  Abul R\u0259himovun h\u0259yat yolda\u015f\u0131 Naib\u0259 R\u0259himovan\u0131n \u00e7\u0259kisi x\u0259st\u0259likd\u0259n \u00f6nc\u0259 80 kiloqram olub. \u0130ndi 40 kiloya d\u00fc\u015fd\u00fcy\u00fcn\u00fc s\u00f6yl\u0259yir:\n<\/p>\n<p>\n  \u201cAcl\u0131q, yoxsulluq i\u00e7ind\u0259 ya\u015fay\u0131r\u0131q. Daha d\u00f6z\u0259 bilmir\u0259m, x\u0259st\u0259likl\u0259r h\u0259r \u015feyimizi \u0259limizd\u0259n ald\u0131. Zaman g\u0259ldi, q\u0131z\u0131llar\u0131m\u0131, h\u0259tta evimizin \u0259\u015fyalar\u0131n\u0131 satd\u0131q. M\u0259ni 2 il bundan \u00f6nc\u0259 g\u00f6r\u0259n indi tan\u0131m\u0131r. Bak\u0131dak\u0131 x\u0259st\u0259xanalardan tutmu\u015f, \u0130rana q\u0259d\u0259r, g\u0259zm\u0259diyim yer qalmay\u0131b. Ax\u0131rda dedil\u0259r ki, sinir vurub \u0259z\u0259l\u0259ni z\u0259ifl\u0259dib. Bir d\u0259 g\u00f6r\u00fcrs\u0259n \u00fcr\u0259yim tutur, o d\u0259qiq\u0259 \u00e7\u00f6l\u0259 \u00e7\u0131xarmasalar \u00f6z\u00fcmd\u0259n gedir\u0259m. Art\u0131q \u0259lim, aya\u011f\u0131mla birg\u0259 dilim d\u0259 tutmur. Getdikc\u0259 dan\u0131\u015f\u0131\u011f\u0131m\u0131 itirdiyimi hiss edir\u0259m. M\u0259n \u00fcz\u00fcm\u00fc d\u00f6vl\u0259t\u0259 tutub soru\u015furam. N\u0259 etm\u0259liy\u0259m? X\u0259st\u0259xanalar pul ist\u0259yir, d\u0259rmanlar pullu, s\u0131\u011forta yox, pensiyaya ya\u015f\u0131m \u00e7atm\u0131r, g\u0259lirim yox, a\u011f\u0131r x\u0259st\u0259y\u0259m, \u00f6lm\u0259liy\u0259mmi?\u201d, &#8211; Naib\u0259 R\u0259himova sual edir.\n<\/p>\n<figure class=\"wp-block-image size-large\">\n  <img decoding=\"async\" src=\"https:\/\/www.meydan.tv\/az\/image00002-jpeg-12\/\" alt=\"image00002.jpeg\" class=\"wp-image-122359\"\/><figcaption>\n    Nail\u0259 R\u0259himova<br \/>\n  <\/figcaption><\/figure>\n<p>\n  N.R\u0259himova \u0259lav\u0259 edir ki, d\u0259rmanlar\u0131n\u0131 borc-x\u0259rcl\u0259 al\u0131r, i\u00e7ir. He\u00e7 onun da xeyri yoxdur:\n<\/p>\n<p>\n  \u201cHe\u00e7 yerim a\u011fr\u0131m\u0131r, ancaq \u0259lim, aya\u011f\u0131m bo\u015fal\u0131r, y\u0131x\u0131l\u0131ram. \u018flimiz\u0259 ke\u00e7\u0259ni d\u0259rmana verdiyimizd\u0259n, i\u015f\u0131\u011fa, qaza n\u0259 q\u0259d\u0259r borcumuz y\u0131\u011f\u0131l\u0131b. Q\u0131z\u0131m\u0131z 7-ci sinifd\u0259 oxuyur, \u0259la\u00e7\u0131d\u0131r. Bel\u0259 gets\u0259, onun t\u0259hsilini davam etdirm\u0259sin\u0259 d\u0259st\u0259k ola bilm\u0259y\u0259c\u0259yik. H\u0259m d\u0259 m\u0259n\u0259 bax\u0131r ax\u0131. V\u0259ziyy\u0259tim d\u0259 g\u00fcn\u00fc-g\u00fcnd\u0259n pisl\u0259\u015fir. G\u0259r\u0259k \u00e7\u0131xar\u0131b evd\u0259 oturdaq ki, h\u0259m d\u0259 m\u0259n\u0259 baxs\u0131n\u201d.\n<\/p>\n<p>\n  Abul R\u0259himov deyir ki, k\u0259nd camaat\u0131 dolanmaqlar\u0131na k\u00f6m\u0259k edir. Ancaq bunun n\u0259 zamanad\u0259k davam ed\u0259c\u0259yini bilmir:\n<\/p>\n<p>\n  \u201cX\u0259st\u0259y\u0259 d\u0259ym\u0259k ad\u0131 il\u0259 g\u0259lirl\u0259r, h\u0259r\u0259sinin \u0259lind\u0259 bir z\u0259nbil. Biz bir ail\u0259 kimi m\u0259hv oluruq. U\u015fa\u011f\u0131m\u0131z\u0131 nec\u0259 b\u00f6y\u00fcd\u0259c\u0259yik, bilmirik. \u0130kimiz d\u0259 sa\u011flaml\u0131\u011f\u0131m\u0131z\u0131 itirmi\u015fik. Qohum-qarda\u015f\u0131n g\u0259tirib n\u0259s\u0259 verm\u0259siyl\u0259 dolanmaq olmur. Deyir\u0259m, y\u0259qin biz\u0259 d\u0259 bir yiy\u0259 duran tap\u0131lar\u201d.\n<\/p>\n<figure class=\"wp-block-image size-large\">\n  <img decoding=\"async\" src=\"https:\/\/www.meydan.tv\/az\/image00003-jpeg-6\/\" alt=\"image00003.jpeg\" class=\"wp-image-122368\"\/><figcaption>\n    h\u0259kiml\u0259rin verdikl\u0259ri s\u0259n\u0259dl\u0259r<br \/>\n  <\/figcaption><\/figure>\n<p>\n  Ucar Rayon \u0130cra Hakimiyy\u0259tind\u0259n Meydan TV-y\u0259 bildirilib ki, ail\u0259 \u00fcnvanl\u0131 sosial yard\u0131m \u00fc\u00e7\u00fcn Sosial M\u00fcdafi\u0259 Fondunun Ucar Rayon \u015e\u00f6b\u0259sin\u0259 m\u00fcraci\u0259t etm\u0259lidir:\n<\/p>\n<p>\n  \u201c\u0130cra hakimiyy\u0259ti yard\u0131m vermir. \u018fg\u0259r h\u0259qiq\u0259t\u0259nd\u0259 a\u011f\u0131r azt\u0259minatl\u0131 ail\u0259dirl\u0259rs\u0259, o zaman fonda m\u00fcraci\u0259t etm\u0259lidirl\u0259r\u201d.\n<\/p>\n<p>\n  D\u00f6vl\u0259t Sosial M\u00fcdafi\u0259 Fondunun Ucar Rayon \u015e\u00f6b\u0259sind\u0259n is\u0259 bildirilib ki, ail\u0259 onlara elektron qaydada m\u00fcraci\u0259t etm\u0259lidir. \u00dcnvanl\u0131 sosial yard\u0131m qar\u015f\u0131l\u0131\u011f\u0131nda v\u0259t\u0259nda\u015flardan pul almas\u0131na g\u0259linc\u0259, fondun \u0259m\u0259kda\u015f\u0131 M\u0259tan\u0259t M\u0259mm\u0259dova deyib ki, onlar yard\u0131m \u00fc\u00e7\u00fcn m\u00fcraci\u0259t ed\u0259n v\u0259t\u0259nda\u015flar\u0131n \u00fcz\u00fcn\u00fc g\u00f6rm\u00fcrl\u0259r, ham\u0131 elektron qaydada m\u00fcraci\u0259t edir:\n<\/p>\n<p>\n  \u201cBu, nazirliyin sistemidir. H\u0259r hans\u0131 r\u00fc\u015fv\u0259t al\u0131nmas\u0131ndan s\u00f6hb\u0259t ged\u0259 bilm\u0259z. Komp\u00fcterl\u0259 m\u00fcraci\u0259t edirl\u0259r, telefon n\u00f6mr\u0259si qoyurlar. El\u0259 telefona da cavab g\u0259lir ki, yard\u0131m t\u0259yin olundu, ya yox. V\u0259t\u0259nda\u015f maksimum bir h\u0259ft\u0259, on g\u00fcn\u0259 cavab al\u0131r. S\u0259n\u0259dl\u0259ri biz g\u00f6t\u00fcrm\u00fcr\u00fck, onlardan nec\u0259 pul ala bil\u0259rik? H\u0259r \u015fey elektron sisteml\u0259, telefonla h\u0259ll edilir. Yard\u0131m t\u0259yin olunandan sonra kart da po\u00e7t vasit\u0259sil\u0259 g\u00f6nd\u0259rilir. Yox, v\u0259t\u0259nda\u015f prosesi ba\u015fa d\u00fc\u015fm\u00fcrs\u0259, o zaman g\u0259lir, ba\u015fa sal\u0131r, k\u00f6m\u0259k edirik. Ancaq \u00f6z\u00fc m\u00fcraci\u0259t ed\u0259 bil\u0259n birinin \u00fcz\u00fcn\u00fc d\u0259 g\u00f6rm\u00fcr\u00fck. \u018fg\u0259r h\u0259min ail\u0259 m\u00fcraci\u0259t qaydas\u0131n\u0131 bilmirs\u0259, g\u0259lsin, bizd\u0259 t\u0259limat var, onu ba\u015fa salaq\u201d.\n<\/p>\n<p>\n  Ail\u0259y\u0259 \u0259lillik d\u0259r\u0259c\u0259si t\u0259yinat\u0131 il\u0259 ba\u011fl\u0131 bir ne\u00e7\u0259 g\u00fcn \u0259rzind\u0259 \u018fm\u0259k v\u0259 \u018fhalinin Sosial M\u00fcdafi\u0259si Nazirliyind\u0259n m\u00fcnasib\u0259t \u00f6yr\u0259nm\u0259k m\u00fcmk\u00fcn olmay\u0131b.\n<\/p>\n<figure class=\"wp-block-image size-large\">\n  <img decoding=\"async\" src=\"https:\/\/www.meydan.tv\/az\/image00004-jpeg-8\/\" alt=\"image00004.jpeg\" class=\"wp-image-122365\"\/><figcaption>\n    h\u0259kim aray\u0131\u015flar\u0131<br \/>\n  <\/figcaption><\/figure>\n","protected":false},"excerpt":{"rendered":"<p>\u018fg\u0259r h\u0259qiq\u0259t\u0259nd\u0259 a\u011f\u0131r azt\u0259minatl\u0131 ail\u0259dirl\u0259rs\u0259, o zaman fonda m\u00fcraci\u0259t etm\u0259lidirl\u0259r<\/p>\n","protected":false},"author":11,"featured_media":122356,"comment_status":"closed","ping_status":"open","sticky":false,"template":"","format":"standard","meta":{"_acf_changed":false,"_sitemap_exclude":false,"_sitemap_priority":"","_sitemap_frequency":"","footnotes":""},"categories":[60],"tags":[],"class_list":["post-195042","post","type-post","status-publish","format-standard","has-post-thumbnail","hentry","category-bolge","infinite-scroll-item","generate-columns","tablet-grid-50","mobile-grid-100","grid-parent","grid-33","no-featured-image-padding"],"acf":[],"yoast_head":"<!-- This site is optimized with the Yoast SEO plugin v27.4 - https:\/\/yoast.com\/product\/yoast-seo-wordpress\/ -->\n<title>Ucar sakini: \u0130mkans\u0131zl\u0131qdan u\u015fa\u011f\u0131 m\u0259kt\u0259bd\u0259n \u00e7\u0131xarmaq ist\u0259yirik - MEYDAN.TV<\/title>\n<meta name=\"robots\" content=\"index, follow, max-snippet:-1, max-image-preview:large, max-video-preview:-1\" \/>\n<link rel=\"canonical\" href=\"https:\/\/www.meydan.tv\/az\/article\/ucar-sakini-imkansizliqdan-usagi-mektebden-cixarmaq-isteyirik\/\" \/>\n<meta property=\"og:locale\" content=\"az_AZ\" \/>\n<meta property=\"og:type\" content=\"article\" \/>\n<meta property=\"og:title\" content=\"Ucar sakini: \u0130mkans\u0131zl\u0131qdan u\u015fa\u011f\u0131 m\u0259kt\u0259bd\u0259n \u00e7\u0131xarmaq ist\u0259yirik - MEYDAN.TV\" \/>\n<meta property=\"og:description\" content=\"\u018fg\u0259r h\u0259qiq\u0259t\u0259nd\u0259 a\u011f\u0131r azt\u0259minatl\u0131 ail\u0259dirl\u0259rs\u0259, o zaman fonda m\u00fcraci\u0259t etm\u0259lidirl\u0259r\" \/>\n<meta property=\"og:url\" content=\"https:\/\/www.meydan.tv\/az\/article\/ucar-sakini-imkansizliqdan-usagi-mektebden-cixarmaq-isteyirik\/\" \/>\n<meta property=\"og:site_name\" content=\"MEYDAN.TV\" \/>\n<meta property=\"article:published_time\" content=\"2019-04-19T12:42:05+00:00\" \/>\n<meta property=\"og:image\" content=\"https:\/\/www.meydan.tv\/wp-content\/uploads\/image00005_r1nx4cv-scaled.jpeg\" \/>\n\t<meta property=\"og:image:width\" content=\"2560\" \/>\n\t<meta property=\"og:image:height\" content=\"1920\" \/>\n\t<meta property=\"og:image:type\" content=\"image\/jpeg\" \/>\n<meta name=\"author\" content=\"user-manager\" \/>\n<meta name=\"twitter:card\" content=\"summary_large_image\" \/>\n<script type=\"application\/ld+json\" class=\"yoast-schema-graph\">{\"@context\":\"https:\\\/\\\/schema.org\",\"@graph\":[{\"@type\":\"Article\",\"@id\":\"https:\\\/\\\/www.meydan.tv\\\/az\\\/article\\\/ucar-sakini-imkansizliqdan-usagi-mektebden-cixarmaq-isteyirik\\\/#article\",\"isPartOf\":{\"@id\":\"https:\\\/\\\/www.meydan.tv\\\/az\\\/article\\\/ucar-sakini-imkansizliqdan-usagi-mektebden-cixarmaq-isteyirik\\\/\"},\"author\":{\"name\":\"user-manager\",\"@id\":\"https:\\\/\\\/www.meydan.tv\\\/az\\\/#\\\/schema\\\/person\\\/10d11eccf6da3662cf5fdab9806ea91a\"},\"headline\":\"Ucar sakini: \u0130mkans\u0131zl\u0131qdan u\u015fa\u011f\u0131 m\u0259kt\u0259bd\u0259n \u00e7\u0131xarmaq ist\u0259yirik\",\"datePublished\":\"2019-04-19T12:42:05+00:00\",\"mainEntityOfPage\":{\"@id\":\"https:\\\/\\\/www.meydan.tv\\\/az\\\/article\\\/ucar-sakini-imkansizliqdan-usagi-mektebden-cixarmaq-isteyirik\\\/\"},\"wordCount\":1155,\"publisher\":{\"@id\":\"https:\\\/\\\/www.meydan.tv\\\/az\\\/#organization\"},\"image\":{\"@id\":\"https:\\\/\\\/www.meydan.tv\\\/az\\\/article\\\/ucar-sakini-imkansizliqdan-usagi-mektebden-cixarmaq-isteyirik\\\/#primaryimage\"},\"thumbnailUrl\":\"https:\\\/\\\/www.meydan.tv\\\/wp-content\\\/uploads\\\/image00005_r1nx4cv-scaled.jpeg\",\"articleSection\":[\"B\u00f6lg\u0259\"],\"inLanguage\":\"az\"},{\"@type\":\"WebPage\",\"@id\":\"https:\\\/\\\/www.meydan.tv\\\/az\\\/article\\\/ucar-sakini-imkansizliqdan-usagi-mektebden-cixarmaq-isteyirik\\\/\",\"url\":\"https:\\\/\\\/www.meydan.tv\\\/az\\\/article\\\/ucar-sakini-imkansizliqdan-usagi-mektebden-cixarmaq-isteyirik\\\/\",\"name\":\"Ucar sakini: \u0130mkans\u0131zl\u0131qdan u\u015fa\u011f\u0131 m\u0259kt\u0259bd\u0259n \u00e7\u0131xarmaq ist\u0259yirik - MEYDAN.TV\",\"isPartOf\":{\"@id\":\"https:\\\/\\\/www.meydan.tv\\\/az\\\/#website\"},\"primaryImageOfPage\":{\"@id\":\"https:\\\/\\\/www.meydan.tv\\\/az\\\/article\\\/ucar-sakini-imkansizliqdan-usagi-mektebden-cixarmaq-isteyirik\\\/#primaryimage\"},\"image\":{\"@id\":\"https:\\\/\\\/www.meydan.tv\\\/az\\\/article\\\/ucar-sakini-imkansizliqdan-usagi-mektebden-cixarmaq-isteyirik\\\/#primaryimage\"},\"thumbnailUrl\":\"https:\\\/\\\/www.meydan.tv\\\/wp-content\\\/uploads\\\/image00005_r1nx4cv-scaled.jpeg\",\"datePublished\":\"2019-04-19T12:42:05+00:00\",\"breadcrumb\":{\"@id\":\"https:\\\/\\\/www.meydan.tv\\\/az\\\/article\\\/ucar-sakini-imkansizliqdan-usagi-mektebden-cixarmaq-isteyirik\\\/#breadcrumb\"},\"inLanguage\":\"az\",\"potentialAction\":[{\"@type\":\"ReadAction\",\"target\":[\"https:\\\/\\\/www.meydan.tv\\\/az\\\/article\\\/ucar-sakini-imkansizliqdan-usagi-mektebden-cixarmaq-isteyirik\\\/\"]}]},{\"@type\":\"ImageObject\",\"inLanguage\":\"az\",\"@id\":\"https:\\\/\\\/www.meydan.tv\\\/az\\\/article\\\/ucar-sakini-imkansizliqdan-usagi-mektebden-cixarmaq-isteyirik\\\/#primaryimage\",\"url\":\"https:\\\/\\\/www.meydan.tv\\\/wp-content\\\/uploads\\\/image00005_r1nx4cv-scaled.jpeg\",\"contentUrl\":\"https:\\\/\\\/www.meydan.tv\\\/wp-content\\\/uploads\\\/image00005_r1nx4cv-scaled.jpeg\",\"width\":2560,\"height\":1920,\"caption\":\"Source: meydan tv\"},{\"@type\":\"BreadcrumbList\",\"@id\":\"https:\\\/\\\/www.meydan.tv\\\/az\\\/article\\\/ucar-sakini-imkansizliqdan-usagi-mektebden-cixarmaq-isteyirik\\\/#breadcrumb\",\"itemListElement\":[{\"@type\":\"ListItem\",\"position\":1,\"name\":\"Ana s\u0259hif\u0259\",\"item\":\"https:\\\/\\\/www.meydan.tv\\\/az\\\/\"},{\"@type\":\"ListItem\",\"position\":2,\"name\":\"B\u00f6lg\u0259\",\"item\":\"https:\\\/\\\/www.meydan.tv\\\/az\\\/section\\\/bolge\\\/\"},{\"@type\":\"ListItem\",\"position\":3,\"name\":\"Ucar sakini: \u0130mkans\u0131zl\u0131qdan u\u015fa\u011f\u0131 m\u0259kt\u0259bd\u0259n \u00e7\u0131xarmaq ist\u0259yirik\"}]},{\"@type\":\"WebSite\",\"@id\":\"https:\\\/\\\/www.meydan.tv\\\/az\\\/#website\",\"url\":\"https:\\\/\\\/www.meydan.tv\\\/az\\\/\",\"name\":\"MEYDAN.TV\",\"description\":\"Meydan TV Az\u0259rbaycan\u0131n media m\u0259kan\u0131ndak\u0131 alternativ s\u0259sidir\",\"publisher\":{\"@id\":\"https:\\\/\\\/www.meydan.tv\\\/az\\\/#organization\"},\"potentialAction\":[{\"@type\":\"SearchAction\",\"target\":{\"@type\":\"EntryPoint\",\"urlTemplate\":\"https:\\\/\\\/www.meydan.tv\\\/az\\\/?s={search_term_string}\"},\"query-input\":{\"@type\":\"PropertyValueSpecification\",\"valueRequired\":true,\"valueName\":\"search_term_string\"}}],\"inLanguage\":\"az\"},{\"@type\":\"Organization\",\"@id\":\"https:\\\/\\\/www.meydan.tv\\\/az\\\/#organization\",\"name\":\"Meydan TV\",\"url\":\"https:\\\/\\\/www.meydan.tv\\\/az\\\/\",\"logo\":{\"@type\":\"ImageObject\",\"inLanguage\":\"az\",\"@id\":\"https:\\\/\\\/www.meydan.tv\\\/az\\\/#\\\/schema\\\/logo\\\/image\\\/\",\"url\":\"https:\\\/\\\/www.meydan.tv\\\/wp-content\\\/uploads\\\/2021\\\/07\\\/meydan-logo.svg\",\"contentUrl\":\"https:\\\/\\\/www.meydan.tv\\\/wp-content\\\/uploads\\\/2021\\\/07\\\/meydan-logo.svg\",\"width\":195,\"height\":46,\"caption\":\"Meydan TV\"},\"image\":{\"@id\":\"https:\\\/\\\/www.meydan.tv\\\/az\\\/#\\\/schema\\\/logo\\\/image\\\/\"}},{\"@type\":\"Person\",\"@id\":\"https:\\\/\\\/www.meydan.tv\\\/az\\\/#\\\/schema\\\/person\\\/10d11eccf6da3662cf5fdab9806ea91a\",\"name\":\"user-manager\"}]}<\/script>\n<!-- \/ Yoast SEO plugin. -->","yoast_head_json":{"title":"Ucar sakini: \u0130mkans\u0131zl\u0131qdan u\u015fa\u011f\u0131 m\u0259kt\u0259bd\u0259n \u00e7\u0131xarmaq ist\u0259yirik - MEYDAN.TV","robots":{"index":"index","follow":"follow","max-snippet":"max-snippet:-1","max-image-preview":"max-image-preview:large","max-video-preview":"max-video-preview:-1"},"canonical":"https:\/\/www.meydan.tv\/az\/article\/ucar-sakini-imkansizliqdan-usagi-mektebden-cixarmaq-isteyirik\/","og_locale":"az_AZ","og_type":"article","og_title":"Ucar sakini: \u0130mkans\u0131zl\u0131qdan u\u015fa\u011f\u0131 m\u0259kt\u0259bd\u0259n \u00e7\u0131xarmaq ist\u0259yirik - MEYDAN.TV","og_description":"\u018fg\u0259r h\u0259qiq\u0259t\u0259nd\u0259 a\u011f\u0131r azt\u0259minatl\u0131 ail\u0259dirl\u0259rs\u0259, o zaman fonda m\u00fcraci\u0259t etm\u0259lidirl\u0259r","og_url":"https:\/\/www.meydan.tv\/az\/article\/ucar-sakini-imkansizliqdan-usagi-mektebden-cixarmaq-isteyirik\/","og_site_name":"MEYDAN.TV","article_published_time":"2019-04-19T12:42:05+00:00","og_image":[{"width":2560,"height":1920,"url":"https:\/\/www.meydan.tv\/wp-content\/uploads\/image00005_r1nx4cv-scaled.jpeg","type":"image\/jpeg"}],"author":"user-manager","twitter_card":"summary_large_image","schema":{"@context":"https:\/\/schema.org","@graph":[{"@type":"Article","@id":"https:\/\/www.meydan.tv\/az\/article\/ucar-sakini-imkansizliqdan-usagi-mektebden-cixarmaq-isteyirik\/#article","isPartOf":{"@id":"https:\/\/www.meydan.tv\/az\/article\/ucar-sakini-imkansizliqdan-usagi-mektebden-cixarmaq-isteyirik\/"},"author":{"name":"user-manager","@id":"https:\/\/www.meydan.tv\/az\/#\/schema\/person\/10d11eccf6da3662cf5fdab9806ea91a"},"headline":"Ucar sakini: \u0130mkans\u0131zl\u0131qdan u\u015fa\u011f\u0131 m\u0259kt\u0259bd\u0259n \u00e7\u0131xarmaq ist\u0259yirik","datePublished":"2019-04-19T12:42:05+00:00","mainEntityOfPage":{"@id":"https:\/\/www.meydan.tv\/az\/article\/ucar-sakini-imkansizliqdan-usagi-mektebden-cixarmaq-isteyirik\/"},"wordCount":1155,"publisher":{"@id":"https:\/\/www.meydan.tv\/az\/#organization"},"image":{"@id":"https:\/\/www.meydan.tv\/az\/article\/ucar-sakini-imkansizliqdan-usagi-mektebden-cixarmaq-isteyirik\/#primaryimage"},"thumbnailUrl":"https:\/\/www.meydan.tv\/wp-content\/uploads\/image00005_r1nx4cv-scaled.jpeg","articleSection":["B\u00f6lg\u0259"],"inLanguage":"az"},{"@type":"WebPage","@id":"https:\/\/www.meydan.tv\/az\/article\/ucar-sakini-imkansizliqdan-usagi-mektebden-cixarmaq-isteyirik\/","url":"https:\/\/www.meydan.tv\/az\/article\/ucar-sakini-imkansizliqdan-usagi-mektebden-cixarmaq-isteyirik\/","name":"Ucar sakini: \u0130mkans\u0131zl\u0131qdan u\u015fa\u011f\u0131 m\u0259kt\u0259bd\u0259n \u00e7\u0131xarmaq ist\u0259yirik - MEYDAN.TV","isPartOf":{"@id":"https:\/\/www.meydan.tv\/az\/#website"},"primaryImageOfPage":{"@id":"https:\/\/www.meydan.tv\/az\/article\/ucar-sakini-imkansizliqdan-usagi-mektebden-cixarmaq-isteyirik\/#primaryimage"},"image":{"@id":"https:\/\/www.meydan.tv\/az\/article\/ucar-sakini-imkansizliqdan-usagi-mektebden-cixarmaq-isteyirik\/#primaryimage"},"thumbnailUrl":"https:\/\/www.meydan.tv\/wp-content\/uploads\/image00005_r1nx4cv-scaled.jpeg","datePublished":"2019-04-19T12:42:05+00:00","breadcrumb":{"@id":"https:\/\/www.meydan.tv\/az\/article\/ucar-sakini-imkansizliqdan-usagi-mektebden-cixarmaq-isteyirik\/#breadcrumb"},"inLanguage":"az","potentialAction":[{"@type":"ReadAction","target":["https:\/\/www.meydan.tv\/az\/article\/ucar-sakini-imkansizliqdan-usagi-mektebden-cixarmaq-isteyirik\/"]}]},{"@type":"ImageObject","inLanguage":"az","@id":"https:\/\/www.meydan.tv\/az\/article\/ucar-sakini-imkansizliqdan-usagi-mektebden-cixarmaq-isteyirik\/#primaryimage","url":"https:\/\/www.meydan.tv\/wp-content\/uploads\/image00005_r1nx4cv-scaled.jpeg","contentUrl":"https:\/\/www.meydan.tv\/wp-content\/uploads\/image00005_r1nx4cv-scaled.jpeg","width":2560,"height":1920,"caption":"Source: meydan tv"},{"@type":"BreadcrumbList","@id":"https:\/\/www.meydan.tv\/az\/article\/ucar-sakini-imkansizliqdan-usagi-mektebden-cixarmaq-isteyirik\/#breadcrumb","itemListElement":[{"@type":"ListItem","position":1,"name":"Ana s\u0259hif\u0259","item":"https:\/\/www.meydan.tv\/az\/"},{"@type":"ListItem","position":2,"name":"B\u00f6lg\u0259","item":"https:\/\/www.meydan.tv\/az\/section\/bolge\/"},{"@type":"ListItem","position":3,"name":"Ucar sakini: \u0130mkans\u0131zl\u0131qdan u\u015fa\u011f\u0131 m\u0259kt\u0259bd\u0259n \u00e7\u0131xarmaq ist\u0259yirik"}]},{"@type":"WebSite","@id":"https:\/\/www.meydan.tv\/az\/#website","url":"https:\/\/www.meydan.tv\/az\/","name":"MEYDAN.TV","description":"Meydan TV Az\u0259rbaycan\u0131n media m\u0259kan\u0131ndak\u0131 alternativ s\u0259sidir","publisher":{"@id":"https:\/\/www.meydan.tv\/az\/#organization"},"potentialAction":[{"@type":"SearchAction","target":{"@type":"EntryPoint","urlTemplate":"https:\/\/www.meydan.tv\/az\/?s={search_term_string}"},"query-input":{"@type":"PropertyValueSpecification","valueRequired":true,"valueName":"search_term_string"}}],"inLanguage":"az"},{"@type":"Organization","@id":"https:\/\/www.meydan.tv\/az\/#organization","name":"Meydan TV","url":"https:\/\/www.meydan.tv\/az\/","logo":{"@type":"ImageObject","inLanguage":"az","@id":"https:\/\/www.meydan.tv\/az\/#\/schema\/logo\/image\/","url":"https:\/\/www.meydan.tv\/wp-content\/uploads\/2021\/07\/meydan-logo.svg","contentUrl":"https:\/\/www.meydan.tv\/wp-content\/uploads\/2021\/07\/meydan-logo.svg","width":195,"height":46,"caption":"Meydan TV"},"image":{"@id":"https:\/\/www.meydan.tv\/az\/#\/schema\/logo\/image\/"}},{"@type":"Person","@id":"https:\/\/www.meydan.tv\/az\/#\/schema\/person\/10d11eccf6da3662cf5fdab9806ea91a","name":"user-manager"}]}},"_links":{"self":[{"href":"https:\/\/www.meydan.tv\/az\/wp-json\/wp\/v2\/posts\/195042","targetHints":{"allow":["GET"]}}],"collection":[{"href":"https:\/\/www.meydan.tv\/az\/wp-json\/wp\/v2\/posts"}],"about":[{"href":"https:\/\/www.meydan.tv\/az\/wp-json\/wp\/v2\/types\/post"}],"author":[{"embeddable":true,"href":"https:\/\/www.meydan.tv\/az\/wp-json\/wp\/v2\/users\/11"}],"replies":[{"embeddable":true,"href":"https:\/\/www.meydan.tv\/az\/wp-json\/wp\/v2\/comments?post=195042"}],"version-history":[{"count":0,"href":"https:\/\/www.meydan.tv\/az\/wp-json\/wp\/v2\/posts\/195042\/revisions"}],"wp:featuredmedia":[{"embeddable":true,"href":"https:\/\/www.meydan.tv\/az\/wp-json\/wp\/v2\/media\/122356"}],"wp:attachment":[{"href":"https:\/\/www.meydan.tv\/az\/wp-json\/wp\/v2\/media?parent=195042"}],"wp:term":[{"taxonomy":"category","embeddable":true,"href":"https:\/\/www.meydan.tv\/az\/wp-json\/wp\/v2\/categories?post=195042"},{"taxonomy":"post_tag","embeddable":true,"href":"https:\/\/www.meydan.tv\/az\/wp-json\/wp\/v2\/tags?post=195042"}],"curies":[{"name":"wp","href":"https:\/\/api.w.org\/{rel}","templated":true}]}}