{"id":195029,"date":"2019-04-18T14:13:04","date_gmt":"2019-04-18T14:13:04","guid":{"rendered":"https:\/\/www.meydan.tv\/article\/tovlede-yasayan-qadin-usaq-makaron-ucun-agladi-alib-bisire-bilmedim\/"},"modified":"2019-04-18T14:13:04","modified_gmt":"2019-04-18T14:13:04","slug":"tovlede-yasayan-qadin-usaq-makaron-ucun-agladi-alib-bisire-bilmedim","status":"publish","type":"post","link":"https:\/\/www.meydan.tv\/az\/article\/tovlede-yasayan-qadin-usaq-makaron-ucun-agladi-alib-bisire-bilmedim\/","title":{"rendered":"T\u00f6vl\u0259d\u0259 ya\u015fayan qad\u0131n: Us\u0327aq makaron \u00fc\u00e7\u00fcn ag\u0306lad\u0131, al\u0131b bis\u0327ir\u0259 bilm\u0259dim"},"content":{"rendered":"<p>\n  \u201c2 ko\u0308rp\u0259 us\u0327ag\u0306\u0131mla k\u0259ndd\u0259ki bir ail\u0259nin to\u0308vl\u0259sind\u0259 kiray\u0259 qal\u0131ram. H\u0259yat yoldas\u0327\u0131m at\u0131b, baxm\u0131r. Q\u0131z\u0131n\u0131, u\u0308mumiyy\u0259tl\u0259, q\u0259bul etmir, deyir, m\u0259nim deyil. O\u0308zu\u0308nu\u0308 qoyub d\u0259liliy\u0259, og\u0306luna da aliment vermir. Qalm\u0131s\u0327am 2 us\u0327aqla t\u0259k-t\u0259nha\u201d.\n<\/p>\n<p>\n  B\u0259rd\u0259nin S\u0327irvanl\u0131 k\u0259ndinin sakini Mehriban Qurbanova bel\u0259 deyir. 30 yas\u0327l\u0131 Mehriban 6 il o\u0308nc\u0259 h\u0259yat yoldas\u0327\u0131ndan ayr\u0131l\u0131b. I\u0307ki o\u0308vlad\u0131 var, onlar\u0131 t\u0259k bo\u0308yu\u0308tm\u0259li olub. Deyir, n\u0259 h\u0259yat yoldas\u0327\u0131 aliment verir, n\u0259 d\u0259 do\u0308vl\u0259t t\u0259nha ana kimi ko\u0308m\u0259k edir, n\u0259 d\u0259 u\u0308nvanl\u0131 sosial yard\u0131m ala bilir. Hara mu\u0308raci\u0259t edir, mu\u0308sb\u0259t cavab ala bilmir. Mehriban Qurbanova bas\u0327\u0131na g\u0259l\u0259nl\u0259ri Meydan TV il\u0259 bo\u0308lu\u0308s\u0327u\u0308b. Deyir, 2010-cu ild\u0259 ail\u0259 h\u0259yat\u0131 qurub. I\u0307kinci us\u0327ag\u0306a hamil\u0259 olanda h\u0259yat yoldas\u0327\u0131ndan ayr\u0131l\u0131b:\n<\/p>\n<p>\n  \u201cHamil\u0259liyi c\u0327ox pis kec\u0327irirdim. Mu\u0308alic\u0259 olunmaq u\u0308c\u0327u\u0308n B\u0259rd\u0259nin M\u0259rk\u0259zi X\u0259st\u0259xanas\u0131na getdim. Orada 8 gu\u0308n yatmal\u0131 oldum. Qay\u0131danda go\u0308rdu\u0308m ki, ev\u0259 bas\u0327qas\u0131n\u0131 g\u0259tirib, h\u0259tta Go\u0308yc\u0327ayda o\u0308zu\u0308n\u0259 toy da edib. M\u0259ni ic\u0327\u0259ri buraxmad\u0131. Og\u0306lumu da qoltug\u0306uma verib, yola sald\u0131\u201d.\n<\/p>\n<h3>\n  \u201cBorc-x\u0259rcl\u0259, kreditl\u0259 atam\u0131n m\u0259n\u0259 ald\u0131g\u0306\u0131 evd\u0259n qovuldum\u201d<br \/>\n<\/h3>\n<p>\n  M.Qurbanova deyir ki, qovuldug\u0306u evi atas\u0131 ona cehiz \u0259v\u0259zin\u0259 al\u0131bm\u0131s\u0327. Quzanl\u0131da ko\u0308c\u0327ku\u0308nl\u0259r u\u0308c\u0327u\u0308n tikil\u0259n evl\u0259rd\u0259n idi. Sat\u0131rd\u0131lar, atam ald\u0131. Sad\u0259c\u0259 m\u0259n yerli oldug\u0306um u\u0308c\u0327u\u0308n ad\u0131ma r\u0259smil\u0259s\u0327dir\u0259 bilm\u0259di. H\u0259yat yoldas\u0327\u0131m ko\u0308c\u0327ku\u0308n idi, onun ad\u0131na kec\u0327irdil\u0259r. C\u0327u\u0308nki h\u0259min evl\u0259r ancaq ko\u0308c\u0327ku\u0308nl\u0259rin ad\u0131na ola bil\u0259r. Yerli insanlara sat\u0131la bilm\u0259z. Bel\u0259c\u0259, borc- x\u0259rcl\u0259, kreditl\u0259 atam\u0131n m\u0259n\u0259 ald\u0131g\u0306\u0131 evd\u0259n qovuldum. I\u0307ndi orada kec\u0327mis\u0327 h\u0259yat yoldas\u0327\u0131m yeni xan\u0131m\u0131 il\u0259 yas\u0327ay\u0131r\u201d.\n<\/p>\n<figure class=\"wp-block-image size-large\">\n  <img decoding=\"async\" src=\"https:\/\/www.meydan.tv\/az\/evin-veziyyeti-3\/\" alt=\"Evin v\u0259ziyy\u0259ti\" class=\"wp-image-122230\"\/><figcaption>\n    Evin v\u0259ziyy\u0259ti<br \/>\n  <\/figcaption><\/figure>\n<h3>\n  \u201cQalm\u0131s\u0327am camaat\u0131n to\u0308vl\u0259sind\u0259\u201d<br \/>\n<\/h3>\n<p>\n  Mehriban Qurbanova deyir ki, atas\u0131 bu hadis\u0259d\u0259n sars\u0131l\u0131b. X\u0259st\u0259lik tap\u0131b, bu yax\u0131nlarda v\u0259fat edib. Anas\u0131 is\u0259 u\u0308r\u0259k x\u0259st\u0259sidir:\n<\/p>\n<p>\n  \u201cDem\u0259yim odur ki, hec\u0327 yerd\u0259n ko\u0308m\u0259yim yoxdur. Qalm\u0131s\u0327am camaat\u0131n to\u0308vl\u0259sind\u0259. Bu yax\u0131nlarda dedil\u0259r ki, heyvan saxlamaq ist\u0259yirik, o\u0308zu\u0308n\u0259 bas\u0327qa yer tap\u201d.\n<\/p>\n<p>\n  \u201cI\u0307st\u0259yir\u0259m balalar\u0131ma t\u0259hsil verim, sag\u0306lam bo\u0308yu\u0308du\u0308m\u201d\n<\/p>\n<p>\n  M.Qurbanova qald\u0131g\u0306\u0131 yerd\u0259n c\u0327\u0131xsa, h\u0259min qiym\u0259t\u0259 bas\u0327qa yer tapa bilm\u0259y\u0259c\u0259yini deyir. O, us\u0327aqlar\u0131 il\u0259 birg\u0259 ku\u0308c\u0327\u0259l\u0259rd\u0259 qalmaqdan qorxur:\n<\/p>\n<p>\n  \u201cM\u0259nim is\u0259 arzular\u0131m var. I\u0307st\u0259yir\u0259m balalar\u0131ma t\u0259hsil verim, sag\u0306lam bo\u0308yu\u0308du\u0308m, c\u0259miyy\u0259t\u0259 xeyirli o\u0308vlad olsun. Bax\u0131n, ayag\u0306\u0131m\u0131 qoyuram, yerd\u0259n buz c\u0327\u0131x\u0131r. Burada bo\u0308yu\u0308y\u0259n us\u0327ag\u0306\u0131n g\u0259l\u0259c\u0259yi n\u0259 olacaq? H\u0259l\u0259 bir evsiz qalmaq t\u0259hlu\u0308k\u0259miz d\u0259 var. N\u0259 ed\u0259c\u0259m, bilmir\u0259m. Kec\u0327\u0259n gec\u0259 us\u0327aq durub c\u0327\u0131g\u0306\u0131r\u0131r ki, ana ev\u0259 sic\u0327ovul girib. Durub birt\u0259h\u0259r c\u0327\u0131xarm\u0131s\u0327am. H\u0259r yer des\u0327ik-des\u0327ikdir\u201d.\n<\/p>\n<figure class=\"wp-block-image size-large\">\n  <img decoding=\"async\" src=\"https:\/\/www.meydan.tv\/az\/evin-veziyyeti-5\/\" alt=\"Evin v\u0259ziyy\u0259ti\" class=\"wp-image-122236\"\/><figcaption>\n    M\u0259nzilin \u015f\u0259raiti<br \/>\n  <\/figcaption><\/figure>\n<h3>\n  \u201cUs\u0327aqlar\u0131 qoyub is\u0327\u0259 ged\u0259 bilmir\u0259m\u201d<br \/>\n<\/h3>\n<p>\n  Ana og\u0306lunun 2-ci sinifd\u0259 oxudug\u0306unu, ancaq imkans\u0131zl\u0131qdan m\u0259kt\u0259b\u0259 go\u0308nd\u0259r\u0259 bilm\u0259diyini so\u0308yl\u0259yir. Deyir, az qala h\u0259r gu\u0308n mu\u0308\u0259llim c\u0327ag\u0306\u0131r\u0131r, s\u0327ikay\u0259t edir ki, us\u0327aq niy\u0259 d\u0259rs\u0259 g\u0259lmir:\n<\/p>\n<p>\n  \u201cDeyir\u0259m, vallah imkan yoxdur, d\u0259ft\u0259r, q\u0259l\u0259m ala bilmir\u0259m. 25 q\u0259piklik d\u0259ft\u0259r n\u0259dir ki, m\u0259n onu ala bilm\u0259yim. N\u0259 q\u0259d\u0259r mu\u0308\u0259llim, qons\u0327u etm\u0259lidir? Qons\u0327u g\u0259tirir bir qazan yem\u0259k verir. N\u0259 q\u0259d\u0259r davam ed\u0259c\u0259k bu? O gu\u0308n us\u0327aq makaron n\u0259dir ki, onun u\u0308stu\u0308nd\u0259 ag\u0306lad\u0131, m\u0259n al\u0131b bis\u0327ir\u0259 bilm\u0259dim. \u018fvv\u0259l ko\u0308rp\u0259 idi, qoyub ged\u0259 bilirdim. I\u0307ndi kic\u0327iyin 4 yas\u0327\u0131 var. Odla, is\u0327\u0131qla oynay\u0131r, qoyub ged\u0259, is\u0327l\u0259y\u0259 bilmir\u0259m\u201d.\n<\/p>\n<h3>\n  \u201c2 kilometr yolu \u0259limd\u0259 yaba ko\u0308k qazmag\u0306a gedir\u0259m\u201d<br \/>\n<\/h3>\n<p>\n  Mehriban Qurbanova v\u0259ziyy\u0259tl\u0259rinin gu\u0308nu\u0308-gu\u0308nd\u0259n ag\u0306\u0131rlas\u0327d\u0131g\u0306\u0131n\u0131 deyir. Bildirir ki, he\u00e7 yerd\u0259n g\u0259lirl\u0259ri yoxdur. I\u0307s\u0327\u0259 d\u0259 ged\u0259 bilmir dey\u0259, dolan\u0131s\u0327\u0131qlar\u0131 ac\u0131nacaql\u0131d\u0131r:\n<\/p>\n<p>\n  \u201cVallah ac\u0131ndan o\u0308lu\u0308ru\u0308k, pis v\u0259ziyy\u0259td\u0259yik. Nolar, m\u0259n\u0259 ko\u0308m\u0259k etsinl\u0259r. Qoyub gedir\u0259m sah\u0259y\u0259. I\u0307nan\u0131n, 2 kilometr yolu \u0259limd\u0259 yaba ko\u0308k qazmag\u0306a gedir\u0259m. C\u0327at\u0131ram ora, bir t\u0259cili tibbi yard\u0131m mas\u0327\u0131n\u0131, yang\u0306\u0131nso\u0308ndu\u0308r\u0259n s\u0259si g\u0259l\u0259n kimi d\u0259li oluram. Deyir\u0259m, Allah m\u0259n\u0259 o\u0308lu\u0308m ver, go\u0308r\u0259n m\u0259nim us\u0327aqlar\u0131ma n\u0259s\u0259 oldu? Ku\u0308c\u0327\u0259d\u0259n g\u0259l\u0259nd\u0259 qap\u0131n\u0131n ag\u0306z\u0131nda mas\u0327\u0131n go\u0308r\u0259nd\u0259 u\u0308r\u0259yim ag\u0306z\u0131ma g\u0259lir, deyir\u0259m, y\u0259qin m\u0259nim balalar\u0131m o\u0308lu\u0308b. Bel\u0259 yas\u0327amaq olar?\u201d\n<\/p>\n<figure class=\"wp-block-image size-large\">\n  <img decoding=\"async\" src=\"https:\/\/www.meydan.tv\/az\/evin-veziyyeti-4\/\" alt=\"Evin v\u0259ziyy\u0259ti\" class=\"wp-image-122233\"\/><figcaption>\n    Evin v\u0259ziyy\u0259ti<br \/>\n  <\/figcaption><\/figure>\n<h3>\n  \u201cQ\u0131z\u0131m nec\u0259 b\u00f6y\u00fcy\u00fcb, bilmir\u0259m\u201d<br \/>\n<\/h3>\n<p>\n  Mehriban Qurbanova deyir ki, q\u0131z\u0131n\u0131n us\u0327aql\u0131g\u0306\u0131n\u0131 c\u0327\u0259tinlikl\u0259 xat\u0131rlay\u0131r. Onu 6 ayl\u0131g\u0306\u0131ndan evd\u0259 qoyub, is\u0327l\u0259m\u0259y\u0259 getdiyi u\u0308c\u0327u\u0308n nec\u0259 bo\u0308yu\u0308du\u0308yu\u0308nu\u0308 bilmir:\n<\/p>\n<p>\n  \u201cBir ana o\u0308z balas\u0131n\u0131n us\u0327aql\u0131g\u0306\u0131n\u0131 xat\u0131rlaya bilmir. Allah s\u0327ahiddir, 6 ayl\u0131g\u0306\u0131ndan at\u0131b, sah\u0259l\u0259r\u0259 c\u0327\u0131xm\u0131s\u0327am. Bilmir\u0259m ki, m\u0259nim balam nec\u0259 bo\u0308yu\u0308du\u0308. I\u0307ndi m\u0259n n\u0259 bilim onun g\u0259l\u0259c\u0259yi nec\u0259 olacaq? Bel\u0259 bala saxlayarlar? Ata h\u0259l\u0259 q\u0131z\u0131n\u0131n u\u0308zu\u0308nu\u0308 go\u0308rm\u0259yib. Aliment\u0259 go\u0308r\u0259 ondan imtina edib. Deyir, m\u0259nd\u0259n deyil. Onun n\u0259 gu\u0308nah\u0131 var ki, bunlar\u0131 yas\u0327amaq m\u0259cburiyy\u0259tind\u0259dir\u201d.\n<\/p>\n<p>\n  \u201cBir torba, ic\u0327i bos\u0327-bos\u0327 cu\u0308ml\u0259l\u0259rl\u0259 dolu m\u0259ktublar alm\u0131s\u0327am\u201d\n<\/p>\n<p>\n  Qald\u0131qlar\u0131 yerin s\u0327\u0259raitin\u0259 g\u0259linc\u0259, M. Qurbanova deyir ki, c\u0327o\u0308r\u0259k yedikl\u0259ri masan\u0131n u\u0308stu\u0308n\u0259 toz-torpaq to\u0308ku\u0308lu\u0308r. Evd\u0259n sic\u0327ovul, k\u0259rt\u0259nk\u0259l\u0259, ilan c\u0327\u0131x\u0131r:\n<\/p>\n<p>\n  \u201cBundan art\u0131q n\u0259 deyim daha. H\u0259r yer\u0259 mu\u0308raci\u0259t etmis\u0327\u0259m; Alimenti ala bilm\u0259diyim\u0259 go\u0308r\u0259 Ombudsman Aparat\u0131na, \u018fdliyy\u0259 Nazirliyin\u0259, m\u0259hk\u0259m\u0259y\u0259, yas\u0327ay\u0131s\u0327\u0131ma go\u0308r\u0259 B\u0259rd\u0259 Rayon I\u0307cra Hakimiyy\u0259tin\u0259, Sosial Fonda v\u0259 s. Bir torba da m\u0259ktub alm\u0131s\u0327am. Ham\u0131s\u0131n\u0131n ic\u0327i bos\u0327-bos\u0327 cu\u0308ml\u0259l\u0259rl\u0259 doludur. Biz\u0259 ko\u0308m\u0259k ed\u0259n yoxdur\u201d.\n<\/p>\n<figure class=\"wp-block-image size-large\">\n  <img decoding=\"async\" src=\"https:\/\/www.meydan.tv\/az\/senedler\/\" alt=\"S\u0259n\u0259dl\u0259r\" class=\"wp-image-122245\"\/><figcaption>\n    \u015eikay\u0259t\u00e7i s\u0259n\u0259dl\u0259ri g\u00f6st\u0259rir<br \/>\n  <\/figcaption><\/figure>\n<h3>\n  \u201cM\u0259n\u0259 o\u0308lu\u0308m d\u0259 haramd\u0131r\u201d<br \/>\n<\/h3>\n<p>\n  M.Qurbanova h\u0259m d\u0259 onkoloji x\u0259st\u0259likd\u0259n \u0259ziyy\u0259t c\u0327\u0259kir. Deyir, buna go\u0308r\u0259 n\u0259 mu\u0308alic\u0259 go\u0308tu\u0308r\u0259, n\u0259 d\u0259 h\u0259kim\u0259 ged\u0259 bilir:\n<\/p>\n<p>\n  \u201cGedib yoxlana, mu\u0308alic\u0259 ala bilmir\u0259m. Sabah m\u0259n o\u0308ls\u0259m, bu us\u0327aqlar\u0131n hal\u0131 nec\u0259 olacaq bilmir\u0259m. \u018fslind\u0259 m\u0259n\u0259 o\u0308lu\u0308m d\u0259 haramd\u0131r. Bir yerd\u0259n bir q\u0259pik g\u0259lirim yoxdur, is\u0327l\u0259y\u0259 d\u0259 bilmir\u0259m. Arada onlar\u0131 yat\u0131zd\u0131r\u0131b gedir\u0259m kimins\u0259 100 d\u0259st\u0259 go\u0308yu\u0308nu\u0308 bag\u0306lay\u0131b 2 manat al\u0131b, g\u0259lir\u0259m ev\u0259. Ona da kartofdan, go\u0308yd\u0259n al\u0131b bis\u0327irir\u0259m, yeyirl\u0259r. Bax\u0131n, m\u0259nim gu\u0308nu\u0308m budur\u201d.\n<\/p>\n<p>\n  \u201cI\u0307ki ko\u0308rp\u0259 bala il\u0259 qalm\u0131s\u0327am ortal\u0131qda\u201d Ana v\u0259 iki o\u0308vlad\u0131 q\u0131s\u0327\u0131 to\u0308vl\u0259d\u0259, betonun u\u0308stu\u0308nd\u0259 kec\u0327irdikl\u0259rini deyirl\u0259r. Mehriban Qurbanova s\u0327\u0259raitin ag\u0306\u0131rl\u0131g\u0306\u0131ndan dan\u0131s\u0327\u0131r: \u201cI\u0307nan\u0131n q\u0131s\u0327\u0131, qar\u0131 bu betonun u\u0308stu\u0308nd\u0259 kec\u0327irmis\u0327ik. Dona- dona, ru\u0308tub\u0259td\u0259. Go\u0308ru\u0308n n\u0259 v\u0259ziyy\u0259tdir. To\u0308vl\u0259dir, heyvan\u0131 bag\u0306lamaq u\u0308c\u0327u\u0308n yer\u0259 basd\u0131r\u0131lan d\u0259mirl\u0259r h\u0259l\u0259 d\u0259 qal\u0131r. Kec\u0327\u0259n d\u0259f\u0259 us\u0327aq ilis\u0327ib y\u0131x\u0131l\u0131b. U\u0308zu\u0308 girmis\u0327di h\u0259min d\u0259mir\u0259. I\u0307mkan\u0131m yoxdur ki, onlar\u0131 k\u0259sdir\u0259m. I\u0307ki ko\u0308rp\u0259 bala il\u0259 qalm\u0131s\u0327am ortal\u0131qda\u201d. B\u0259rd\u0259 Rayon I\u0307cra Hakimiyy\u0259tinin \u00fcmumi s\u0327o\u0308b\u0259sind\u0259n deyibl\u0259r ki, Mehriban Qurbanovaya k\u00f6m\u0259k ed\u0259 bilm\u0259y\u0259c\u0259kl\u0259r: \u201cU\u0308nvanl\u0131 sosial yard\u0131m u\u0308c\u0327u\u0308n Sosial Fonda mu\u0308raci\u0259t etm\u0259lidir. Alimenti ala bilmirs\u0259, m\u0259hk\u0259m\u0259y\u0259 u\u0308z tutmal\u0131d\u0131r. Qald\u0131, onun x\u0259st\u0259liyin\u0259, do\u0308vl\u0259t x\u0259st\u0259xanalar\u0131nda mu\u0308ayin\u0259 pulsuzdur. Bu probleml\u0259rin ham\u0131s\u0131n\u0131n h\u0259lli mu\u0308mku\u0308ndu\u0308r. Daha siz\u0259 niy\u0259 mu\u0308raci\u0259t edib? M\u0259tbuat onun u\u0308c\u0327u\u0308n n\u0259 ed\u0259 bil\u0259r? H\u0259min xan\u0131ma deyin, du\u0308zgu\u0308n u\u0308nvanlara mu\u0308raci\u0259t etsin\u201d.\n<\/p>\n<p>\n  Do\u0308vl\u0259t Sosial Mu\u0308dafi\u0259 Fondunun B\u0259rd\u0259 S\u0327o\u0308b\u0259sind\u0259n is\u0259 bildirilib ki, ail\u0259 mu\u0308vafiq s\u0259n\u0259dl\u0259rl\u0259 birg\u0259 onlara elektron qaydada mu\u0308raci\u0259t etm\u0259lidir. Bundan sonra onlar\u0131n s\u0259n\u0259dl\u0259rin\u0259 bax\u0131l\u0131r v\u0259 sosial yard\u0131m al\u0131b-almamalar\u0131 mu\u0308\u0259yy\u0259nl\u0259s\u0327dirilir:\n<\/p>\n<p>\n  \u201cAncaq mu\u0308raci\u0259t etm\u0259d\u0259n s\u0327ifahi n\u0259s\u0259 dey\u0259 bilm\u0259rik. Buna xu\u0308susi komissiya bax\u0131r. Hans\u0131 s\u0259n\u0259dl\u0259rin laz\u0131m oldug\u0306unu bilmirl\u0259rs\u0259, yax\u0131nlas\u0327\u0131b o\u0308yr\u0259n\u0259 bil\u0259rl\u0259r\u201d.<\/p>\n","protected":false},"excerpt":{"rendered":"<p>\u201cAtas\u0131 aliment\u0259 g\u00f6r\u0259 q\u0131z\u0131ndan imtina edib\u201d<\/p>\n","protected":false},"author":11,"featured_media":122242,"comment_status":"closed","ping_status":"open","sticky":false,"template":"","format":"standard","meta":{"_acf_changed":false,"_sitemap_exclude":false,"_sitemap_priority":"","_sitemap_frequency":"","footnotes":""},"categories":[60],"tags":[],"class_list":["post-195029","post","type-post","status-publish","format-standard","has-post-thumbnail","hentry","category-bolge","infinite-scroll-item","generate-columns","tablet-grid-50","mobile-grid-100","grid-parent","grid-33","no-featured-image-padding"],"acf":[],"yoast_head":"<!-- This site is optimized with the Yoast SEO plugin v27.4 - https:\/\/yoast.com\/product\/yoast-seo-wordpress\/ -->\n<title>T\u00f6vl\u0259d\u0259 ya\u015fayan qad\u0131n: Us\u0327aq makaron \u00fc\u00e7\u00fcn ag\u0306lad\u0131, al\u0131b bis\u0327ir\u0259 bilm\u0259dim - MEYDAN.TV<\/title>\n<meta name=\"robots\" content=\"index, follow, max-snippet:-1, max-image-preview:large, max-video-preview:-1\" \/>\n<link rel=\"canonical\" href=\"https:\/\/www.meydan.tv\/az\/article\/tovlede-yasayan-qadin-usaq-makaron-ucun-agladi-alib-bisire-bilmedim\/\" \/>\n<meta property=\"og:locale\" content=\"az_AZ\" \/>\n<meta property=\"og:type\" content=\"article\" \/>\n<meta property=\"og:title\" content=\"T\u00f6vl\u0259d\u0259 ya\u015fayan qad\u0131n: Us\u0327aq makaron \u00fc\u00e7\u00fcn ag\u0306lad\u0131, al\u0131b bis\u0327ir\u0259 bilm\u0259dim - MEYDAN.TV\" \/>\n<meta property=\"og:description\" content=\"\u201cAtas\u0131 aliment\u0259 g\u00f6r\u0259 q\u0131z\u0131ndan imtina edib\u201d\" \/>\n<meta property=\"og:url\" content=\"https:\/\/www.meydan.tv\/az\/article\/tovlede-yasayan-qadin-usaq-makaron-ucun-agladi-alib-bisire-bilmedim\/\" \/>\n<meta property=\"og:site_name\" content=\"MEYDAN.TV\" \/>\n<meta property=\"article:published_time\" content=\"2019-04-18T14:13:04+00:00\" \/>\n<meta property=\"og:image\" content=\"https:\/\/www.meydan.tv\/wp-content\/uploads\/image00001_wtyxrsm-scaled.jpeg\" \/>\n\t<meta property=\"og:image:width\" content=\"2560\" \/>\n\t<meta property=\"og:image:height\" content=\"1920\" \/>\n\t<meta property=\"og:image:type\" content=\"image\/jpeg\" \/>\n<meta name=\"author\" content=\"user-manager\" \/>\n<meta name=\"twitter:card\" content=\"summary_large_image\" \/>\n<script type=\"application\/ld+json\" class=\"yoast-schema-graph\">{\"@context\":\"https:\\\/\\\/schema.org\",\"@graph\":[{\"@type\":\"Article\",\"@id\":\"https:\\\/\\\/www.meydan.tv\\\/az\\\/article\\\/tovlede-yasayan-qadin-usaq-makaron-ucun-agladi-alib-bisire-bilmedim\\\/#article\",\"isPartOf\":{\"@id\":\"https:\\\/\\\/www.meydan.tv\\\/az\\\/article\\\/tovlede-yasayan-qadin-usaq-makaron-ucun-agladi-alib-bisire-bilmedim\\\/\"},\"author\":{\"name\":\"user-manager\",\"@id\":\"https:\\\/\\\/www.meydan.tv\\\/az\\\/#\\\/schema\\\/person\\\/10d11eccf6da3662cf5fdab9806ea91a\"},\"headline\":\"T\u00f6vl\u0259d\u0259 ya\u015fayan qad\u0131n: Us\u0327aq makaron \u00fc\u00e7\u00fcn ag\u0306lad\u0131, al\u0131b bis\u0327ir\u0259 bilm\u0259dim\",\"datePublished\":\"2019-04-18T14:13:04+00:00\",\"mainEntityOfPage\":{\"@id\":\"https:\\\/\\\/www.meydan.tv\\\/az\\\/article\\\/tovlede-yasayan-qadin-usaq-makaron-ucun-agladi-alib-bisire-bilmedim\\\/\"},\"wordCount\":1709,\"publisher\":{\"@id\":\"https:\\\/\\\/www.meydan.tv\\\/az\\\/#organization\"},\"image\":{\"@id\":\"https:\\\/\\\/www.meydan.tv\\\/az\\\/article\\\/tovlede-yasayan-qadin-usaq-makaron-ucun-agladi-alib-bisire-bilmedim\\\/#primaryimage\"},\"thumbnailUrl\":\"https:\\\/\\\/www.meydan.tv\\\/wp-content\\\/uploads\\\/image00001_wtyxrsm-scaled.jpeg\",\"articleSection\":[\"B\u00f6lg\u0259\"],\"inLanguage\":\"az\"},{\"@type\":\"WebPage\",\"@id\":\"https:\\\/\\\/www.meydan.tv\\\/az\\\/article\\\/tovlede-yasayan-qadin-usaq-makaron-ucun-agladi-alib-bisire-bilmedim\\\/\",\"url\":\"https:\\\/\\\/www.meydan.tv\\\/az\\\/article\\\/tovlede-yasayan-qadin-usaq-makaron-ucun-agladi-alib-bisire-bilmedim\\\/\",\"name\":\"T\u00f6vl\u0259d\u0259 ya\u015fayan qad\u0131n: Us\u0327aq makaron \u00fc\u00e7\u00fcn ag\u0306lad\u0131, al\u0131b bis\u0327ir\u0259 bilm\u0259dim - MEYDAN.TV\",\"isPartOf\":{\"@id\":\"https:\\\/\\\/www.meydan.tv\\\/az\\\/#website\"},\"primaryImageOfPage\":{\"@id\":\"https:\\\/\\\/www.meydan.tv\\\/az\\\/article\\\/tovlede-yasayan-qadin-usaq-makaron-ucun-agladi-alib-bisire-bilmedim\\\/#primaryimage\"},\"image\":{\"@id\":\"https:\\\/\\\/www.meydan.tv\\\/az\\\/article\\\/tovlede-yasayan-qadin-usaq-makaron-ucun-agladi-alib-bisire-bilmedim\\\/#primaryimage\"},\"thumbnailUrl\":\"https:\\\/\\\/www.meydan.tv\\\/wp-content\\\/uploads\\\/image00001_wtyxrsm-scaled.jpeg\",\"datePublished\":\"2019-04-18T14:13:04+00:00\",\"breadcrumb\":{\"@id\":\"https:\\\/\\\/www.meydan.tv\\\/az\\\/article\\\/tovlede-yasayan-qadin-usaq-makaron-ucun-agladi-alib-bisire-bilmedim\\\/#breadcrumb\"},\"inLanguage\":\"az\",\"potentialAction\":[{\"@type\":\"ReadAction\",\"target\":[\"https:\\\/\\\/www.meydan.tv\\\/az\\\/article\\\/tovlede-yasayan-qadin-usaq-makaron-ucun-agladi-alib-bisire-bilmedim\\\/\"]}]},{\"@type\":\"ImageObject\",\"inLanguage\":\"az\",\"@id\":\"https:\\\/\\\/www.meydan.tv\\\/az\\\/article\\\/tovlede-yasayan-qadin-usaq-makaron-ucun-agladi-alib-bisire-bilmedim\\\/#primaryimage\",\"url\":\"https:\\\/\\\/www.meydan.tv\\\/wp-content\\\/uploads\\\/image00001_wtyxrsm-scaled.jpeg\",\"contentUrl\":\"https:\\\/\\\/www.meydan.tv\\\/wp-content\\\/uploads\\\/image00001_wtyxrsm-scaled.jpeg\",\"width\":2560,\"height\":1920,\"caption\":\"Source: Meydan TV\"},{\"@type\":\"BreadcrumbList\",\"@id\":\"https:\\\/\\\/www.meydan.tv\\\/az\\\/article\\\/tovlede-yasayan-qadin-usaq-makaron-ucun-agladi-alib-bisire-bilmedim\\\/#breadcrumb\",\"itemListElement\":[{\"@type\":\"ListItem\",\"position\":1,\"name\":\"Ana s\u0259hif\u0259\",\"item\":\"https:\\\/\\\/www.meydan.tv\\\/az\\\/\"},{\"@type\":\"ListItem\",\"position\":2,\"name\":\"B\u00f6lg\u0259\",\"item\":\"https:\\\/\\\/www.meydan.tv\\\/az\\\/section\\\/bolge\\\/\"},{\"@type\":\"ListItem\",\"position\":3,\"name\":\"T\u00f6vl\u0259d\u0259 ya\u015fayan qad\u0131n: Us\u0327aq makaron \u00fc\u00e7\u00fcn ag\u0306lad\u0131, al\u0131b bis\u0327ir\u0259 bilm\u0259dim\"}]},{\"@type\":\"WebSite\",\"@id\":\"https:\\\/\\\/www.meydan.tv\\\/az\\\/#website\",\"url\":\"https:\\\/\\\/www.meydan.tv\\\/az\\\/\",\"name\":\"MEYDAN.TV\",\"description\":\"Meydan TV Az\u0259rbaycan\u0131n media m\u0259kan\u0131ndak\u0131 alternativ s\u0259sidir\",\"publisher\":{\"@id\":\"https:\\\/\\\/www.meydan.tv\\\/az\\\/#organization\"},\"potentialAction\":[{\"@type\":\"SearchAction\",\"target\":{\"@type\":\"EntryPoint\",\"urlTemplate\":\"https:\\\/\\\/www.meydan.tv\\\/az\\\/?s={search_term_string}\"},\"query-input\":{\"@type\":\"PropertyValueSpecification\",\"valueRequired\":true,\"valueName\":\"search_term_string\"}}],\"inLanguage\":\"az\"},{\"@type\":\"Organization\",\"@id\":\"https:\\\/\\\/www.meydan.tv\\\/az\\\/#organization\",\"name\":\"Meydan TV\",\"url\":\"https:\\\/\\\/www.meydan.tv\\\/az\\\/\",\"logo\":{\"@type\":\"ImageObject\",\"inLanguage\":\"az\",\"@id\":\"https:\\\/\\\/www.meydan.tv\\\/az\\\/#\\\/schema\\\/logo\\\/image\\\/\",\"url\":\"https:\\\/\\\/www.meydan.tv\\\/wp-content\\\/uploads\\\/2021\\\/07\\\/meydan-logo.svg\",\"contentUrl\":\"https:\\\/\\\/www.meydan.tv\\\/wp-content\\\/uploads\\\/2021\\\/07\\\/meydan-logo.svg\",\"width\":195,\"height\":46,\"caption\":\"Meydan TV\"},\"image\":{\"@id\":\"https:\\\/\\\/www.meydan.tv\\\/az\\\/#\\\/schema\\\/logo\\\/image\\\/\"}},{\"@type\":\"Person\",\"@id\":\"https:\\\/\\\/www.meydan.tv\\\/az\\\/#\\\/schema\\\/person\\\/10d11eccf6da3662cf5fdab9806ea91a\",\"name\":\"user-manager\"}]}<\/script>\n<!-- \/ Yoast SEO plugin. -->","yoast_head_json":{"title":"T\u00f6vl\u0259d\u0259 ya\u015fayan qad\u0131n: Us\u0327aq makaron \u00fc\u00e7\u00fcn ag\u0306lad\u0131, al\u0131b bis\u0327ir\u0259 bilm\u0259dim - MEYDAN.TV","robots":{"index":"index","follow":"follow","max-snippet":"max-snippet:-1","max-image-preview":"max-image-preview:large","max-video-preview":"max-video-preview:-1"},"canonical":"https:\/\/www.meydan.tv\/az\/article\/tovlede-yasayan-qadin-usaq-makaron-ucun-agladi-alib-bisire-bilmedim\/","og_locale":"az_AZ","og_type":"article","og_title":"T\u00f6vl\u0259d\u0259 ya\u015fayan qad\u0131n: Us\u0327aq makaron \u00fc\u00e7\u00fcn ag\u0306lad\u0131, al\u0131b bis\u0327ir\u0259 bilm\u0259dim - MEYDAN.TV","og_description":"\u201cAtas\u0131 aliment\u0259 g\u00f6r\u0259 q\u0131z\u0131ndan imtina edib\u201d","og_url":"https:\/\/www.meydan.tv\/az\/article\/tovlede-yasayan-qadin-usaq-makaron-ucun-agladi-alib-bisire-bilmedim\/","og_site_name":"MEYDAN.TV","article_published_time":"2019-04-18T14:13:04+00:00","og_image":[{"width":2560,"height":1920,"url":"https:\/\/www.meydan.tv\/wp-content\/uploads\/image00001_wtyxrsm-scaled.jpeg","type":"image\/jpeg"}],"author":"user-manager","twitter_card":"summary_large_image","schema":{"@context":"https:\/\/schema.org","@graph":[{"@type":"Article","@id":"https:\/\/www.meydan.tv\/az\/article\/tovlede-yasayan-qadin-usaq-makaron-ucun-agladi-alib-bisire-bilmedim\/#article","isPartOf":{"@id":"https:\/\/www.meydan.tv\/az\/article\/tovlede-yasayan-qadin-usaq-makaron-ucun-agladi-alib-bisire-bilmedim\/"},"author":{"name":"user-manager","@id":"https:\/\/www.meydan.tv\/az\/#\/schema\/person\/10d11eccf6da3662cf5fdab9806ea91a"},"headline":"T\u00f6vl\u0259d\u0259 ya\u015fayan qad\u0131n: Us\u0327aq makaron \u00fc\u00e7\u00fcn ag\u0306lad\u0131, al\u0131b bis\u0327ir\u0259 bilm\u0259dim","datePublished":"2019-04-18T14:13:04+00:00","mainEntityOfPage":{"@id":"https:\/\/www.meydan.tv\/az\/article\/tovlede-yasayan-qadin-usaq-makaron-ucun-agladi-alib-bisire-bilmedim\/"},"wordCount":1709,"publisher":{"@id":"https:\/\/www.meydan.tv\/az\/#organization"},"image":{"@id":"https:\/\/www.meydan.tv\/az\/article\/tovlede-yasayan-qadin-usaq-makaron-ucun-agladi-alib-bisire-bilmedim\/#primaryimage"},"thumbnailUrl":"https:\/\/www.meydan.tv\/wp-content\/uploads\/image00001_wtyxrsm-scaled.jpeg","articleSection":["B\u00f6lg\u0259"],"inLanguage":"az"},{"@type":"WebPage","@id":"https:\/\/www.meydan.tv\/az\/article\/tovlede-yasayan-qadin-usaq-makaron-ucun-agladi-alib-bisire-bilmedim\/","url":"https:\/\/www.meydan.tv\/az\/article\/tovlede-yasayan-qadin-usaq-makaron-ucun-agladi-alib-bisire-bilmedim\/","name":"T\u00f6vl\u0259d\u0259 ya\u015fayan qad\u0131n: Us\u0327aq makaron \u00fc\u00e7\u00fcn ag\u0306lad\u0131, al\u0131b bis\u0327ir\u0259 bilm\u0259dim - MEYDAN.TV","isPartOf":{"@id":"https:\/\/www.meydan.tv\/az\/#website"},"primaryImageOfPage":{"@id":"https:\/\/www.meydan.tv\/az\/article\/tovlede-yasayan-qadin-usaq-makaron-ucun-agladi-alib-bisire-bilmedim\/#primaryimage"},"image":{"@id":"https:\/\/www.meydan.tv\/az\/article\/tovlede-yasayan-qadin-usaq-makaron-ucun-agladi-alib-bisire-bilmedim\/#primaryimage"},"thumbnailUrl":"https:\/\/www.meydan.tv\/wp-content\/uploads\/image00001_wtyxrsm-scaled.jpeg","datePublished":"2019-04-18T14:13:04+00:00","breadcrumb":{"@id":"https:\/\/www.meydan.tv\/az\/article\/tovlede-yasayan-qadin-usaq-makaron-ucun-agladi-alib-bisire-bilmedim\/#breadcrumb"},"inLanguage":"az","potentialAction":[{"@type":"ReadAction","target":["https:\/\/www.meydan.tv\/az\/article\/tovlede-yasayan-qadin-usaq-makaron-ucun-agladi-alib-bisire-bilmedim\/"]}]},{"@type":"ImageObject","inLanguage":"az","@id":"https:\/\/www.meydan.tv\/az\/article\/tovlede-yasayan-qadin-usaq-makaron-ucun-agladi-alib-bisire-bilmedim\/#primaryimage","url":"https:\/\/www.meydan.tv\/wp-content\/uploads\/image00001_wtyxrsm-scaled.jpeg","contentUrl":"https:\/\/www.meydan.tv\/wp-content\/uploads\/image00001_wtyxrsm-scaled.jpeg","width":2560,"height":1920,"caption":"Source: Meydan TV"},{"@type":"BreadcrumbList","@id":"https:\/\/www.meydan.tv\/az\/article\/tovlede-yasayan-qadin-usaq-makaron-ucun-agladi-alib-bisire-bilmedim\/#breadcrumb","itemListElement":[{"@type":"ListItem","position":1,"name":"Ana s\u0259hif\u0259","item":"https:\/\/www.meydan.tv\/az\/"},{"@type":"ListItem","position":2,"name":"B\u00f6lg\u0259","item":"https:\/\/www.meydan.tv\/az\/section\/bolge\/"},{"@type":"ListItem","position":3,"name":"T\u00f6vl\u0259d\u0259 ya\u015fayan qad\u0131n: Us\u0327aq makaron \u00fc\u00e7\u00fcn ag\u0306lad\u0131, al\u0131b bis\u0327ir\u0259 bilm\u0259dim"}]},{"@type":"WebSite","@id":"https:\/\/www.meydan.tv\/az\/#website","url":"https:\/\/www.meydan.tv\/az\/","name":"MEYDAN.TV","description":"Meydan TV Az\u0259rbaycan\u0131n media m\u0259kan\u0131ndak\u0131 alternativ s\u0259sidir","publisher":{"@id":"https:\/\/www.meydan.tv\/az\/#organization"},"potentialAction":[{"@type":"SearchAction","target":{"@type":"EntryPoint","urlTemplate":"https:\/\/www.meydan.tv\/az\/?s={search_term_string}"},"query-input":{"@type":"PropertyValueSpecification","valueRequired":true,"valueName":"search_term_string"}}],"inLanguage":"az"},{"@type":"Organization","@id":"https:\/\/www.meydan.tv\/az\/#organization","name":"Meydan TV","url":"https:\/\/www.meydan.tv\/az\/","logo":{"@type":"ImageObject","inLanguage":"az","@id":"https:\/\/www.meydan.tv\/az\/#\/schema\/logo\/image\/","url":"https:\/\/www.meydan.tv\/wp-content\/uploads\/2021\/07\/meydan-logo.svg","contentUrl":"https:\/\/www.meydan.tv\/wp-content\/uploads\/2021\/07\/meydan-logo.svg","width":195,"height":46,"caption":"Meydan TV"},"image":{"@id":"https:\/\/www.meydan.tv\/az\/#\/schema\/logo\/image\/"}},{"@type":"Person","@id":"https:\/\/www.meydan.tv\/az\/#\/schema\/person\/10d11eccf6da3662cf5fdab9806ea91a","name":"user-manager"}]}},"_links":{"self":[{"href":"https:\/\/www.meydan.tv\/az\/wp-json\/wp\/v2\/posts\/195029","targetHints":{"allow":["GET"]}}],"collection":[{"href":"https:\/\/www.meydan.tv\/az\/wp-json\/wp\/v2\/posts"}],"about":[{"href":"https:\/\/www.meydan.tv\/az\/wp-json\/wp\/v2\/types\/post"}],"author":[{"embeddable":true,"href":"https:\/\/www.meydan.tv\/az\/wp-json\/wp\/v2\/users\/11"}],"replies":[{"embeddable":true,"href":"https:\/\/www.meydan.tv\/az\/wp-json\/wp\/v2\/comments?post=195029"}],"version-history":[{"count":0,"href":"https:\/\/www.meydan.tv\/az\/wp-json\/wp\/v2\/posts\/195029\/revisions"}],"wp:featuredmedia":[{"embeddable":true,"href":"https:\/\/www.meydan.tv\/az\/wp-json\/wp\/v2\/media\/122242"}],"wp:attachment":[{"href":"https:\/\/www.meydan.tv\/az\/wp-json\/wp\/v2\/media?parent=195029"}],"wp:term":[{"taxonomy":"category","embeddable":true,"href":"https:\/\/www.meydan.tv\/az\/wp-json\/wp\/v2\/categories?post=195029"},{"taxonomy":"post_tag","embeddable":true,"href":"https:\/\/www.meydan.tv\/az\/wp-json\/wp\/v2\/tags?post=195029"}],"curies":[{"name":"wp","href":"https:\/\/api.w.org\/{rel}","templated":true}]}}