{"id":195028,"date":"2019-04-18T15:04:46","date_gmt":"2019-04-18T15:04:46","guid":{"rendered":"https:\/\/www.meydan.tv\/article\/seki-sakini-elilliyi-oldugu-ucun-evine-isiq-qaz-cekmirler\/"},"modified":"2019-04-18T15:04:46","modified_gmt":"2019-04-18T15:04:46","slug":"seki-sakini-elilliyi-oldugu-ucun-evine-isiq-qaz-cekmirler","status":"publish","type":"post","link":"https:\/\/www.meydan.tv\/az\/article\/seki-sakini-elilliyi-oldugu-ucun-evine-isiq-qaz-cekmirler\/","title":{"rendered":"\u015e\u0259ki sakini: \u018flilliyi oldu\u011fu \u00fc\u00e7\u00fcn evin\u0259 i\u015f\u0131q, qaz \u00e7\u0259kmirl\u0259r"},"content":{"rendered":"<p>\n  <i><br \/>\n    Almas \u018fmirova qarda\u015f\u0131 o\u011flu \u00fc\u00e7\u00fcn \u0259laq\u0259dar qurumlara m\u00fcraci\u0259t \u00fcnvanlay\u0131b<br \/>\n  <\/i>\n<\/p>\n<p>\n  \u201cQarda\u015f\u0131m Oruc bir ne\u00e7\u0259 il \u0259vv\u0259l x\u0259st\u0259likd\u0259n v\u0259fat edib. O\u011flu, 3-c\u00fc qrup \u0259liliyi olan S\u0259rv\u0259r \u018fmirov t\u0259k qal\u0131b. Onun ya\u015fay\u0131\u015f \u015f\u0259raiti v\u0259 dolan\u0131\u015f\u0131\u011f\u0131 a\u011f\u0131rd\u0131r. Evin\u0259 qaz v\u0259 i\u015f\u0131q \u00e7\u0259kilmir. N\u0259tic\u0259d\u0259, qaranl\u0131q, soyuq bir daxmada ya\u015fama\u011fa m\u0259cburdur\u201d.\n<\/p>\n<p>\n  \u015e\u0259kinin Ba\u015f G\u00f6yn\u00fck k\u0259ndinin sakini Almas \u018fmirova bel\u0259 deyir. O, 29 ya\u015fl\u0131 qarda\u015f\u0131 o\u011fluna g\u00f6r\u0259 \u00e7ox narahat oldu\u011funu s\u00f6yl\u0259yir:\n<\/p>\n<p>\n  \u201cOnun ya\u015fad\u0131\u011f\u0131 daxmaya i\u015f\u0131q v\u0259 qaz \u00e7\u0259kilm\u0259si \u00fc\u00e7\u00fcn d\u0259f\u0259l\u0259rl\u0259 yerli orqanlara \u0259riz\u0259 il\u0259 m\u00fcraci\u0259t etmi\u015f\u0259m. He\u00e7 bir xeyri olmay\u0131b. Qarda\u015f\u0131m o\u011flu S\u0259rv\u0259r fiziki c\u0259h\u0259td\u0259n g\u00fccl\u00fc olsa da, son 3 ildir ki, q\u0131\u015f\u0131 da, pay\u0131z\u0131 da elektriki v\u0259 qaz\u0131 olmayan birotaql\u0131 daxmada ke\u00e7irib. Yaz\u0131q u\u015faq ma\u011fara \u015f\u0259raitind\u0259 ya\u015fama\u011fa, daha do\u011frusu, m\u00f6vcud olma\u011fa m\u0259hkumdur\u201d.\n<\/p>\n<p>\n  Almas \u018fmirova deyir ki, k\u0259nd \u0259halisi S\u0259rv\u0259rin qeydin\u0259 qal\u0131r, ona \u0259ll\u0259rind\u0259n g\u0259l\u0259n k\u00f6m\u0259yi g\u00f6st\u0259rirl\u0259r. Ancaq b\u0259zi \u015feyl\u0259r var ki, onlar \u0259halinin \u0259lind\u0259n g\u0259lmir, g\u0259r\u0259k d\u00f6vl\u0259t d\u0259 k\u00f6m\u0259k etsin:\n<\/p>\n<p>\n  \u201cAidiyyat\u0131 t\u0259\u015fkilatlar onun evin\u0259 qaz v\u0259 elektrik say\u011fac\u0131 qoydurub adam kimi ya\u015famas\u0131na imkan vermirl\u0259r. S\u0259rv\u0259r pulu olmad\u0131\u011f\u0131na g\u00f6r\u0259 Robinzon Kruzo kimi t\u0259k-t\u0259nha ya\u015fay\u0131r. \u00c7ox sakit v\u0259 avam oldu\u011funa g\u00f6r\u0259 k\u0259nd sakinl\u0259rid\u0259n b\u0259zil\u0259ri onu aldadaraq, g\u00fcnd\u0259lik 2-3 manat pul verib \u00f6z t\u0259s\u0259rr\u00fcfatlar\u0131nda qul kimi i\u015fl\u0259dirl\u0259r. \u00c7ar\u0259siz tifil d\u0259 \u00f6z\u00fcn\u0259 \u00e7\u00f6r\u0259k almaq \u00fc\u00e7\u00fcn b\u00fct\u00fcn \u0259zablara qatlan\u0131r\u201d.\n<\/p>\n<p>\n  Bibisi deyir ki, S\u0259rv\u0259rin \u0259lilliy\u0259 g\u00f6r\u0259 ald\u0131\u011f\u0131 \u00e7ox az t\u0259qa\u00fcdd\u0259n ba\u015fqa g\u0259liri yoxdur. H\u0259tta \u00fcnvanl\u0131 sosial yard\u0131ma da m\u00fcraci\u0259t edib, verm\u0259yibl\u0259r:\n<\/p>\n<p>\n  \u201cAx\u0131 o da insand\u0131r. Ald\u0131\u011f\u0131 q\u0259pik-quru\u015f t\u0259qa\u00fcd\u00fcn\u00fc d\u0259rmanlara veririk ki, x\u0259st\u0259liyi artmas\u0131n. Onun g\u00fcnd\u0259lik quru \u00e7\u00f6r\u0259kd\u0259n ba\u015fqa yem\u0259y\u0259 he\u00e7 n\u0259yi olmur. Kim inanm\u0131rsa, k\u0259ndimiz\u0259 g\u0259lib, S\u0259rv\u0259rin d\u0259h\u015f\u0259tli ya\u015fam t\u0259rzinin \u015fahidi ola bil\u0259r\u201d.\n<\/p>\n<p>\n  Almas \u018fmirova qarda\u015f\u0131 o\u011flu S\u0259rv\u0259r \u018fmirovun i\u015f\u0131qs\u0131z, qazs\u0131z, a\u011f\u0131r v\u0259ziyy\u0259td\u0259 ya\u015famas\u0131 il\u0259 ba\u011fl\u0131 Prezident \u0130lham \u018fliyev\u0259, Birinci vitse-prezident Mehriban \u018fliyevaya, energetika naziri P\u0259rviz \u015eahbazova, iqtisadiyyat naziri \u015eahin Mustafayev\u0259, Az\u0259rbaycan Respublikas\u0131n\u0131n Audit-Az\u0259rbaycan t\u0259\u015fkilat\u0131na, SOCAR prezidenti R\u00f6vn\u0259q Abdullayev\u0259, \u201cAz\u0259riqaz\u201d \u0130B-nin s\u0259dri \u018fkb\u0259r Hac\u0131yev\u0259, Az\u0259renerji ASC-nin s\u0259dri Baba Rzayev\u0259, \u201cAz\u0259ri\u015f\u0131q\u201d ASC -nin s\u0259drin\u0259, Ombudsman Aparat\u0131n\u0131n s\u0259dri E.S\u00fcleymanovaya, Ail\u0259, Qad\u0131n v\u0259 U\u015faq probleml\u0259ri \u00fczr\u0259 D\u00f6vl\u0259t Komit\u0259sin\u0259 m\u0259ktubla m\u00fcraci\u0259t edib. Xahi\u015f edib ki, t\u0259nha v\u0259 \u0259lil qarda\u015f\u0131 o\u011flu S\u0259rv\u0259r\u0259 bir v\u0259t\u0259nda\u015f olaraq i\u015f\u0131q v\u0259 qaz say\u011faclar\u0131n\u0131n qoyulmas\u0131 \u00fc\u00e7\u00fcn aidiyyat\u0131 \u00fczr\u0259 tap\u015f\u0131r\u0131qlar versinl\u0259r.\n<\/p>\n<p>\n  Meydan TV m\u0259s\u0259l\u0259y\u0259 m\u00fcnasib\u0259t \u00f6yr\u0259nm\u0259k \u00fc\u00e7\u00fcn \u015e\u0259ki \u015e\u0259h\u0259r \u0130cra Hakimiyy\u0259ti il\u0259 \u0259laq\u0259 saxlay\u0131b. \u00dcmumi \u015f\u00f6b\u0259d\u0259n bildiribl\u0259r ki, say\u011facla t\u0259min olunmaq h\u0259r bir v\u0259t\u0259nda\u015f\u0131n haqq\u0131d\u0131r:\n<\/p>\n<p>\n  \u201cAmma bu i\u015f\u0259 biz baxm\u0131r\u0131q. Aidiyyat\u0131 qurumlara m\u00fcraci\u0259t edin. O adam\u0131n a\u011f\u0131r v\u0259ziyy\u0259td\u0259 ya\u015famas\u0131na g\u0259linc\u0259, sosial fonda m\u00fcraci\u0259t ed\u0259 bil\u0259r\u201d.\n<\/p>\n<p>\n  \u015e\u0259ki Regional Elektrik \u015e\u0259b\u0259k\u0259si v\u0259 Qaz \u0130stismar \u0130dar\u0259sind\u0259n is\u0259 m\u0259s\u0259l\u0259ni ara\u015fd\u0131racaqlar\u0131n\u0131 s\u00f6yl\u0259yibl\u0259r.\n<\/p>\n<p>\n  H\u00fcquq\u015f\u00fcnas S\u0259m\u0259d R\u0259himli deyir ki, bel\u0259 olan halda S\u0259rv\u0259r \u018fmirov aidiyyat\u0131 qurumlara evin\u0259 i\u015f\u0131q v\u0259 qaz \u00e7\u0259kilm\u0259si \u00fc\u00e7\u00fcn \u0259riz\u0259 il\u0259 m\u00fcraci\u0259t etm\u0259lidir. Aidiyyat\u0131 qurumlar bundan imtina ed\u0259 bilm\u0259zl\u0259r. \u018fg\u0259r imtina ets\u0259l\u0259r, v\u0259t\u0259nda\u015f m\u0259hk\u0259m\u0259y\u0259 m\u00fcraci\u0259t etm\u0259lidir:\n<\/p>\n<p>\n  \u201cO zaman h\u0259min qurumlar m\u0259hk\u0259m\u0259d\u0259 v\u0259t\u0259nda\u015f\u0131n evin\u0259 elektrik v\u0259 qaz \u00e7\u0259kilm\u0259m\u0259sinin s\u0259b\u0259bini izah etm\u0259lidirl\u0259r. \u018fg\u0259r m\u0259hk\u0259m\u0259 \u015f\u0259xsi m\u0259hdud f\u0259aliyy\u0259t qabiliyy\u0259tli sayarsa, o zaman ona himay\u0259\u00e7i t\u0259yin olunmal\u0131, h\u0259min himay\u0259\u00e7i il\u0259 m\u00fcqavil\u0259 ba\u011flanmal\u0131d\u0131r. \u00c7\u00fcnki qanunla m\u0259hdud f\u0259aliyy\u0259t qabiliyy\u0259tli \u015f\u0259xsl\u0259 m\u00fcqavil\u0259 ba\u011flamaq m\u00fcmk\u00fcn deyil\u201d.\n<\/p>\n<figure class=\"wp-block-image size-large\">\n  <img decoding=\"async\" src=\"https:\/\/www.meydan.tv\/az\/evin-veziyyeti-7\/\" alt=\"Evin v\u0259ziyy\u0259ti\" class=\"wp-image-122275\"\/><figcaption>\n    Evin v\u0259ziyy\u0259ti<br \/>\n  <\/figcaption><\/figure>\n<figure class=\"wp-block-image size-large\">\n  <img decoding=\"async\" src=\"https:\/\/www.meydan.tv\/az\/evin-veziyyeti-8\/\" alt=\"Evin v\u0259ziyy\u0259ti\" class=\"wp-image-122278\"\/><figcaption>\n    Evin v\u0259ziyy\u0259ti<br \/>\n  <\/figcaption><\/figure>\n","protected":false},"excerpt":{"rendered":"<p>Almas \u018fmirova qarda\u015f\u0131 o\u011flu \u00fc\u00e7\u00fcn \u0259laq\u0259dar qurumlara m\u00fcraci\u0259t \u00fcnvanlay\u0131b<\/p>\n","protected":false},"author":11,"featured_media":122272,"comment_status":"closed","ping_status":"open","sticky":false,"template":"","format":"standard","meta":{"_acf_changed":false,"_sitemap_exclude":false,"_sitemap_priority":"","_sitemap_frequency":"","footnotes":""},"categories":[60],"tags":[],"class_list":["post-195028","post","type-post","status-publish","format-standard","has-post-thumbnail","hentry","category-bolge","infinite-scroll-item","generate-columns","tablet-grid-50","mobile-grid-100","grid-parent","grid-33","no-featured-image-padding"],"acf":[],"yoast_head":"<!-- This site is optimized with the Yoast SEO plugin v27.4 - https:\/\/yoast.com\/product\/yoast-seo-wordpress\/ -->\n<title>\u015e\u0259ki sakini: \u018flilliyi oldu\u011fu \u00fc\u00e7\u00fcn evin\u0259 i\u015f\u0131q, qaz \u00e7\u0259kmirl\u0259r - MEYDAN.TV<\/title>\n<meta name=\"robots\" content=\"index, follow, max-snippet:-1, max-image-preview:large, max-video-preview:-1\" \/>\n<link rel=\"canonical\" href=\"https:\/\/www.meydan.tv\/az\/article\/seki-sakini-elilliyi-oldugu-ucun-evine-isiq-qaz-cekmirler\/\" \/>\n<meta property=\"og:locale\" content=\"az_AZ\" \/>\n<meta property=\"og:type\" content=\"article\" \/>\n<meta property=\"og:title\" content=\"\u015e\u0259ki sakini: \u018flilliyi oldu\u011fu \u00fc\u00e7\u00fcn evin\u0259 i\u015f\u0131q, qaz \u00e7\u0259kmirl\u0259r - MEYDAN.TV\" \/>\n<meta property=\"og:description\" content=\"Almas \u018fmirova qarda\u015f\u0131 o\u011flu \u00fc\u00e7\u00fcn \u0259laq\u0259dar qurumlara m\u00fcraci\u0259t \u00fcnvanlay\u0131b\" \/>\n<meta property=\"og:url\" content=\"https:\/\/www.meydan.tv\/az\/article\/seki-sakini-elilliyi-oldugu-ucun-evine-isiq-qaz-cekmirler\/\" \/>\n<meta property=\"og:site_name\" content=\"MEYDAN.TV\" \/>\n<meta property=\"article:published_time\" content=\"2019-04-18T15:04:46+00:00\" \/>\n<meta property=\"og:image\" content=\"https:\/\/www.meydan.tv\/wp-content\/uploads\/image_from_ios_30.jpg\" \/>\n\t<meta property=\"og:image:width\" content=\"826\" \/>\n\t<meta property=\"og:image:height\" content=\"620\" \/>\n\t<meta property=\"og:image:type\" content=\"image\/jpeg\" \/>\n<meta name=\"author\" content=\"user-manager\" \/>\n<meta name=\"twitter:card\" content=\"summary_large_image\" \/>\n<script type=\"application\/ld+json\" class=\"yoast-schema-graph\">{\"@context\":\"https:\\\/\\\/schema.org\",\"@graph\":[{\"@type\":\"Article\",\"@id\":\"https:\\\/\\\/www.meydan.tv\\\/az\\\/article\\\/seki-sakini-elilliyi-oldugu-ucun-evine-isiq-qaz-cekmirler\\\/#article\",\"isPartOf\":{\"@id\":\"https:\\\/\\\/www.meydan.tv\\\/az\\\/article\\\/seki-sakini-elilliyi-oldugu-ucun-evine-isiq-qaz-cekmirler\\\/\"},\"author\":{\"name\":\"user-manager\",\"@id\":\"https:\\\/\\\/www.meydan.tv\\\/az\\\/#\\\/schema\\\/person\\\/10d11eccf6da3662cf5fdab9806ea91a\"},\"headline\":\"\u015e\u0259ki sakini: \u018flilliyi oldu\u011fu \u00fc\u00e7\u00fcn evin\u0259 i\u015f\u0131q, qaz \u00e7\u0259kmirl\u0259r\",\"datePublished\":\"2019-04-18T15:04:46+00:00\",\"mainEntityOfPage\":{\"@id\":\"https:\\\/\\\/www.meydan.tv\\\/az\\\/article\\\/seki-sakini-elilliyi-oldugu-ucun-evine-isiq-qaz-cekmirler\\\/\"},\"wordCount\":816,\"publisher\":{\"@id\":\"https:\\\/\\\/www.meydan.tv\\\/az\\\/#organization\"},\"image\":{\"@id\":\"https:\\\/\\\/www.meydan.tv\\\/az\\\/article\\\/seki-sakini-elilliyi-oldugu-ucun-evine-isiq-qaz-cekmirler\\\/#primaryimage\"},\"thumbnailUrl\":\"https:\\\/\\\/www.meydan.tv\\\/wp-content\\\/uploads\\\/image_from_ios_30.jpg\",\"articleSection\":[\"B\u00f6lg\u0259\"],\"inLanguage\":\"az\"},{\"@type\":\"WebPage\",\"@id\":\"https:\\\/\\\/www.meydan.tv\\\/az\\\/article\\\/seki-sakini-elilliyi-oldugu-ucun-evine-isiq-qaz-cekmirler\\\/\",\"url\":\"https:\\\/\\\/www.meydan.tv\\\/az\\\/article\\\/seki-sakini-elilliyi-oldugu-ucun-evine-isiq-qaz-cekmirler\\\/\",\"name\":\"\u015e\u0259ki sakini: \u018flilliyi oldu\u011fu \u00fc\u00e7\u00fcn evin\u0259 i\u015f\u0131q, qaz \u00e7\u0259kmirl\u0259r - MEYDAN.TV\",\"isPartOf\":{\"@id\":\"https:\\\/\\\/www.meydan.tv\\\/az\\\/#website\"},\"primaryImageOfPage\":{\"@id\":\"https:\\\/\\\/www.meydan.tv\\\/az\\\/article\\\/seki-sakini-elilliyi-oldugu-ucun-evine-isiq-qaz-cekmirler\\\/#primaryimage\"},\"image\":{\"@id\":\"https:\\\/\\\/www.meydan.tv\\\/az\\\/article\\\/seki-sakini-elilliyi-oldugu-ucun-evine-isiq-qaz-cekmirler\\\/#primaryimage\"},\"thumbnailUrl\":\"https:\\\/\\\/www.meydan.tv\\\/wp-content\\\/uploads\\\/image_from_ios_30.jpg\",\"datePublished\":\"2019-04-18T15:04:46+00:00\",\"breadcrumb\":{\"@id\":\"https:\\\/\\\/www.meydan.tv\\\/az\\\/article\\\/seki-sakini-elilliyi-oldugu-ucun-evine-isiq-qaz-cekmirler\\\/#breadcrumb\"},\"inLanguage\":\"az\",\"potentialAction\":[{\"@type\":\"ReadAction\",\"target\":[\"https:\\\/\\\/www.meydan.tv\\\/az\\\/article\\\/seki-sakini-elilliyi-oldugu-ucun-evine-isiq-qaz-cekmirler\\\/\"]}]},{\"@type\":\"ImageObject\",\"inLanguage\":\"az\",\"@id\":\"https:\\\/\\\/www.meydan.tv\\\/az\\\/article\\\/seki-sakini-elilliyi-oldugu-ucun-evine-isiq-qaz-cekmirler\\\/#primaryimage\",\"url\":\"https:\\\/\\\/www.meydan.tv\\\/wp-content\\\/uploads\\\/image_from_ios_30.jpg\",\"contentUrl\":\"https:\\\/\\\/www.meydan.tv\\\/wp-content\\\/uploads\\\/image_from_ios_30.jpg\",\"width\":826,\"height\":620,\"caption\":\"Source: Meydan TV\"},{\"@type\":\"BreadcrumbList\",\"@id\":\"https:\\\/\\\/www.meydan.tv\\\/az\\\/article\\\/seki-sakini-elilliyi-oldugu-ucun-evine-isiq-qaz-cekmirler\\\/#breadcrumb\",\"itemListElement\":[{\"@type\":\"ListItem\",\"position\":1,\"name\":\"Ana s\u0259hif\u0259\",\"item\":\"https:\\\/\\\/www.meydan.tv\\\/az\\\/\"},{\"@type\":\"ListItem\",\"position\":2,\"name\":\"B\u00f6lg\u0259\",\"item\":\"https:\\\/\\\/www.meydan.tv\\\/az\\\/section\\\/bolge\\\/\"},{\"@type\":\"ListItem\",\"position\":3,\"name\":\"\u015e\u0259ki sakini: \u018flilliyi oldu\u011fu \u00fc\u00e7\u00fcn evin\u0259 i\u015f\u0131q, qaz \u00e7\u0259kmirl\u0259r\"}]},{\"@type\":\"WebSite\",\"@id\":\"https:\\\/\\\/www.meydan.tv\\\/az\\\/#website\",\"url\":\"https:\\\/\\\/www.meydan.tv\\\/az\\\/\",\"name\":\"MEYDAN.TV\",\"description\":\"Meydan TV Az\u0259rbaycan\u0131n media m\u0259kan\u0131ndak\u0131 alternativ s\u0259sidir\",\"publisher\":{\"@id\":\"https:\\\/\\\/www.meydan.tv\\\/az\\\/#organization\"},\"potentialAction\":[{\"@type\":\"SearchAction\",\"target\":{\"@type\":\"EntryPoint\",\"urlTemplate\":\"https:\\\/\\\/www.meydan.tv\\\/az\\\/?s={search_term_string}\"},\"query-input\":{\"@type\":\"PropertyValueSpecification\",\"valueRequired\":true,\"valueName\":\"search_term_string\"}}],\"inLanguage\":\"az\"},{\"@type\":\"Organization\",\"@id\":\"https:\\\/\\\/www.meydan.tv\\\/az\\\/#organization\",\"name\":\"Meydan TV\",\"url\":\"https:\\\/\\\/www.meydan.tv\\\/az\\\/\",\"logo\":{\"@type\":\"ImageObject\",\"inLanguage\":\"az\",\"@id\":\"https:\\\/\\\/www.meydan.tv\\\/az\\\/#\\\/schema\\\/logo\\\/image\\\/\",\"url\":\"https:\\\/\\\/www.meydan.tv\\\/wp-content\\\/uploads\\\/2021\\\/07\\\/meydan-logo.svg\",\"contentUrl\":\"https:\\\/\\\/www.meydan.tv\\\/wp-content\\\/uploads\\\/2021\\\/07\\\/meydan-logo.svg\",\"width\":195,\"height\":46,\"caption\":\"Meydan TV\"},\"image\":{\"@id\":\"https:\\\/\\\/www.meydan.tv\\\/az\\\/#\\\/schema\\\/logo\\\/image\\\/\"}},{\"@type\":\"Person\",\"@id\":\"https:\\\/\\\/www.meydan.tv\\\/az\\\/#\\\/schema\\\/person\\\/10d11eccf6da3662cf5fdab9806ea91a\",\"name\":\"user-manager\"}]}<\/script>\n<!-- \/ Yoast SEO plugin. -->","yoast_head_json":{"title":"\u015e\u0259ki sakini: \u018flilliyi oldu\u011fu \u00fc\u00e7\u00fcn evin\u0259 i\u015f\u0131q, qaz \u00e7\u0259kmirl\u0259r - MEYDAN.TV","robots":{"index":"index","follow":"follow","max-snippet":"max-snippet:-1","max-image-preview":"max-image-preview:large","max-video-preview":"max-video-preview:-1"},"canonical":"https:\/\/www.meydan.tv\/az\/article\/seki-sakini-elilliyi-oldugu-ucun-evine-isiq-qaz-cekmirler\/","og_locale":"az_AZ","og_type":"article","og_title":"\u015e\u0259ki sakini: \u018flilliyi oldu\u011fu \u00fc\u00e7\u00fcn evin\u0259 i\u015f\u0131q, qaz \u00e7\u0259kmirl\u0259r - MEYDAN.TV","og_description":"Almas \u018fmirova qarda\u015f\u0131 o\u011flu \u00fc\u00e7\u00fcn \u0259laq\u0259dar qurumlara m\u00fcraci\u0259t \u00fcnvanlay\u0131b","og_url":"https:\/\/www.meydan.tv\/az\/article\/seki-sakini-elilliyi-oldugu-ucun-evine-isiq-qaz-cekmirler\/","og_site_name":"MEYDAN.TV","article_published_time":"2019-04-18T15:04:46+00:00","og_image":[{"width":826,"height":620,"url":"https:\/\/www.meydan.tv\/wp-content\/uploads\/image_from_ios_30.jpg","type":"image\/jpeg"}],"author":"user-manager","twitter_card":"summary_large_image","schema":{"@context":"https:\/\/schema.org","@graph":[{"@type":"Article","@id":"https:\/\/www.meydan.tv\/az\/article\/seki-sakini-elilliyi-oldugu-ucun-evine-isiq-qaz-cekmirler\/#article","isPartOf":{"@id":"https:\/\/www.meydan.tv\/az\/article\/seki-sakini-elilliyi-oldugu-ucun-evine-isiq-qaz-cekmirler\/"},"author":{"name":"user-manager","@id":"https:\/\/www.meydan.tv\/az\/#\/schema\/person\/10d11eccf6da3662cf5fdab9806ea91a"},"headline":"\u015e\u0259ki sakini: \u018flilliyi oldu\u011fu \u00fc\u00e7\u00fcn evin\u0259 i\u015f\u0131q, qaz \u00e7\u0259kmirl\u0259r","datePublished":"2019-04-18T15:04:46+00:00","mainEntityOfPage":{"@id":"https:\/\/www.meydan.tv\/az\/article\/seki-sakini-elilliyi-oldugu-ucun-evine-isiq-qaz-cekmirler\/"},"wordCount":816,"publisher":{"@id":"https:\/\/www.meydan.tv\/az\/#organization"},"image":{"@id":"https:\/\/www.meydan.tv\/az\/article\/seki-sakini-elilliyi-oldugu-ucun-evine-isiq-qaz-cekmirler\/#primaryimage"},"thumbnailUrl":"https:\/\/www.meydan.tv\/wp-content\/uploads\/image_from_ios_30.jpg","articleSection":["B\u00f6lg\u0259"],"inLanguage":"az"},{"@type":"WebPage","@id":"https:\/\/www.meydan.tv\/az\/article\/seki-sakini-elilliyi-oldugu-ucun-evine-isiq-qaz-cekmirler\/","url":"https:\/\/www.meydan.tv\/az\/article\/seki-sakini-elilliyi-oldugu-ucun-evine-isiq-qaz-cekmirler\/","name":"\u015e\u0259ki sakini: \u018flilliyi oldu\u011fu \u00fc\u00e7\u00fcn evin\u0259 i\u015f\u0131q, qaz \u00e7\u0259kmirl\u0259r - MEYDAN.TV","isPartOf":{"@id":"https:\/\/www.meydan.tv\/az\/#website"},"primaryImageOfPage":{"@id":"https:\/\/www.meydan.tv\/az\/article\/seki-sakini-elilliyi-oldugu-ucun-evine-isiq-qaz-cekmirler\/#primaryimage"},"image":{"@id":"https:\/\/www.meydan.tv\/az\/article\/seki-sakini-elilliyi-oldugu-ucun-evine-isiq-qaz-cekmirler\/#primaryimage"},"thumbnailUrl":"https:\/\/www.meydan.tv\/wp-content\/uploads\/image_from_ios_30.jpg","datePublished":"2019-04-18T15:04:46+00:00","breadcrumb":{"@id":"https:\/\/www.meydan.tv\/az\/article\/seki-sakini-elilliyi-oldugu-ucun-evine-isiq-qaz-cekmirler\/#breadcrumb"},"inLanguage":"az","potentialAction":[{"@type":"ReadAction","target":["https:\/\/www.meydan.tv\/az\/article\/seki-sakini-elilliyi-oldugu-ucun-evine-isiq-qaz-cekmirler\/"]}]},{"@type":"ImageObject","inLanguage":"az","@id":"https:\/\/www.meydan.tv\/az\/article\/seki-sakini-elilliyi-oldugu-ucun-evine-isiq-qaz-cekmirler\/#primaryimage","url":"https:\/\/www.meydan.tv\/wp-content\/uploads\/image_from_ios_30.jpg","contentUrl":"https:\/\/www.meydan.tv\/wp-content\/uploads\/image_from_ios_30.jpg","width":826,"height":620,"caption":"Source: Meydan TV"},{"@type":"BreadcrumbList","@id":"https:\/\/www.meydan.tv\/az\/article\/seki-sakini-elilliyi-oldugu-ucun-evine-isiq-qaz-cekmirler\/#breadcrumb","itemListElement":[{"@type":"ListItem","position":1,"name":"Ana s\u0259hif\u0259","item":"https:\/\/www.meydan.tv\/az\/"},{"@type":"ListItem","position":2,"name":"B\u00f6lg\u0259","item":"https:\/\/www.meydan.tv\/az\/section\/bolge\/"},{"@type":"ListItem","position":3,"name":"\u015e\u0259ki sakini: \u018flilliyi oldu\u011fu \u00fc\u00e7\u00fcn evin\u0259 i\u015f\u0131q, qaz \u00e7\u0259kmirl\u0259r"}]},{"@type":"WebSite","@id":"https:\/\/www.meydan.tv\/az\/#website","url":"https:\/\/www.meydan.tv\/az\/","name":"MEYDAN.TV","description":"Meydan TV Az\u0259rbaycan\u0131n media m\u0259kan\u0131ndak\u0131 alternativ s\u0259sidir","publisher":{"@id":"https:\/\/www.meydan.tv\/az\/#organization"},"potentialAction":[{"@type":"SearchAction","target":{"@type":"EntryPoint","urlTemplate":"https:\/\/www.meydan.tv\/az\/?s={search_term_string}"},"query-input":{"@type":"PropertyValueSpecification","valueRequired":true,"valueName":"search_term_string"}}],"inLanguage":"az"},{"@type":"Organization","@id":"https:\/\/www.meydan.tv\/az\/#organization","name":"Meydan TV","url":"https:\/\/www.meydan.tv\/az\/","logo":{"@type":"ImageObject","inLanguage":"az","@id":"https:\/\/www.meydan.tv\/az\/#\/schema\/logo\/image\/","url":"https:\/\/www.meydan.tv\/wp-content\/uploads\/2021\/07\/meydan-logo.svg","contentUrl":"https:\/\/www.meydan.tv\/wp-content\/uploads\/2021\/07\/meydan-logo.svg","width":195,"height":46,"caption":"Meydan TV"},"image":{"@id":"https:\/\/www.meydan.tv\/az\/#\/schema\/logo\/image\/"}},{"@type":"Person","@id":"https:\/\/www.meydan.tv\/az\/#\/schema\/person\/10d11eccf6da3662cf5fdab9806ea91a","name":"user-manager"}]}},"_links":{"self":[{"href":"https:\/\/www.meydan.tv\/az\/wp-json\/wp\/v2\/posts\/195028","targetHints":{"allow":["GET"]}}],"collection":[{"href":"https:\/\/www.meydan.tv\/az\/wp-json\/wp\/v2\/posts"}],"about":[{"href":"https:\/\/www.meydan.tv\/az\/wp-json\/wp\/v2\/types\/post"}],"author":[{"embeddable":true,"href":"https:\/\/www.meydan.tv\/az\/wp-json\/wp\/v2\/users\/11"}],"replies":[{"embeddable":true,"href":"https:\/\/www.meydan.tv\/az\/wp-json\/wp\/v2\/comments?post=195028"}],"version-history":[{"count":0,"href":"https:\/\/www.meydan.tv\/az\/wp-json\/wp\/v2\/posts\/195028\/revisions"}],"wp:featuredmedia":[{"embeddable":true,"href":"https:\/\/www.meydan.tv\/az\/wp-json\/wp\/v2\/media\/122272"}],"wp:attachment":[{"href":"https:\/\/www.meydan.tv\/az\/wp-json\/wp\/v2\/media?parent=195028"}],"wp:term":[{"taxonomy":"category","embeddable":true,"href":"https:\/\/www.meydan.tv\/az\/wp-json\/wp\/v2\/categories?post=195028"},{"taxonomy":"post_tag","embeddable":true,"href":"https:\/\/www.meydan.tv\/az\/wp-json\/wp\/v2\/tags?post=195028"}],"curies":[{"name":"wp","href":"https:\/\/api.w.org\/{rel}","templated":true}]}}