{"id":195001,"date":"2019-04-17T10:27:10","date_gmt":"2019-04-17T10:27:10","guid":{"rendered":"https:\/\/www.meydan.tv\/article\/lgbtq-ferdi-cmiyyt-bizi-bynmdiklri-hyata-suruklyir-sonra-ise-qinayir\/"},"modified":"2019-04-17T10:27:10","modified_gmt":"2019-04-17T10:27:10","slug":"lgbtq-ferdi-cmiyyt-bizi-bynmdiklri-hyata-suruklyir-sonra-ise-qinayir","status":"publish","type":"post","link":"https:\/\/www.meydan.tv\/az\/article\/lgbtq-ferdi-cmiyyt-bizi-bynmdiklri-hyata-suruklyir-sonra-ise-qinayir\/","title":{"rendered":"LGBTQ f\u0259rdi: C\u04d9miyy\u04d9t bizi b\u04d9y\u04d9nm\u04d9dikl\u04d9ri h\u04d9yata s\u00fcr\u00fckl\u04d9yir, sonra is\u0259 q\u0131nay\u0131r"},"content":{"rendered":"<p>\n  <i><br \/>\n    Az\u0259rbaycanda yeni t\u0259qib dal\u011fas\u0131n\u0131n s\u0259b\u0259bl\u0259ri<br \/>\n  <\/i>\n<\/p>\n<p>\n  Aprelin 1-d\u0259 Bak\u0131da polis minimum 14 LGBTQ f\u0259rdi saxlay\u0131b, bunlar \u0259sas\u0259n transseksuallard\u0131r. Bu haqda \u201cFreedom House\u201dnin Az\u0259rbaycanda yeni t\u0259qib dal\u011fas\u0131 il\u0259 ba\u011fl\u0131 yayd\u0131\u011f\u0131 m\u0259lumatda deyilir.\n<\/p>\n<p>\n  M\u0259lumatlara g\u00f6r\u0259, saxlan\u0131lan \u015f\u0259xsl\u0259r tibbi m\u00fcayin\u0259d\u0259n ke\u00e7m\u0259y\u0259 m\u0259cbur olublar, bir n\u0259f\u0259r \u201cx\u0131rda xuliqanl\u0131q\u201dda g\u00fcnahland\u0131r\u0131l\u0131b, dig\u0259rl\u0259ri 30 sutka h\u0259bs olunublar v\u0259 ya c\u0259rim\u0259 edilibl\u0259r. \u201cMinoritar Az\u0259rbaycan\u201d &#8211; yerli LGBTQ t\u0259\u015fkilat\u0131 is\u0259 bildirib ki, polis \u0130nternet vasit\u0259sil\u0259 \u201ctransseksual ovu\u201dna \u00e7\u0131x\u0131b.\n<\/p>\n<p>\n  Yeni t\u0259qib dal\u011fas\u0131 il\u0259 ba\u011fl\u0131 d\u00f6vl\u0259t t\u0259r\u0259find\u0259n ilk siqnallar is\u0259 ilin \u0259vv\u0259lind\u0259 ba\u015flay\u0131b.\n<\/p>\n<p>\n  Fevral\u0131n 7-d\u0259 Ail\u0259, Qad\u0131n v\u0259 U\u015faq Probleml\u0259ri \u00fczr\u0259 D\u00f6vl\u0259t Komit\u0259si s\u0259dr m\u00fcavini Aynur Sofiyevan\u0131n \u201cG\u0259ncl\u0259r v\u0259 ail\u0259: \u0259n\u0259n\u0259 v\u0259 m\u00fcasir bax\u0131\u015f\u201d m\u00f6vzusunda ke\u00e7iril\u0259n t\u0259dbird\u0259 etdiyi \u00e7\u0131x\u0131\u015f Az\u0259rbaycanda homofobiya m\u00f6vzusunu yenid\u0259n g\u00fcnd\u0259m\u0259 g\u0259tririb. Sofiyeva \u00e7\u0131x\u0131\u015f\u0131 zaman\u0131 bildirib ki, \u201cQ\u0259rbd\u0259 ail\u0259d\u0259 u\u015faq \u0259v\u0259zin\u0259 heyvan saxlan\u0131l\u0131r. Geni\u015f ail\u0259l\u0259ri ki\u00e7ik ail\u0259l\u0259r t\u0259\u015fkil edir v\u0259 bel\u0259 ail\u0259l\u0259r d\u00fcnyada artmaqdad\u0131r. F\u0259rqli ail\u0259 modell\u0259rini biz\u0259 s\u0131r\u0131maq ist\u0259yirl\u0259r. H\u0259mcinsl\u0259rin nikah\u0131n\u0131 biz\u0259 ail\u0259 modeli kimi s\u0131r\u0131maq ist\u0259yirl\u0259r. Bunlara n\u0259z\u0259r salanda Q\u0259rbd\u0259 ail\u0259 modelinin da\u011f\u0131ld\u0131\u011f\u0131n\u0131 g\u00f6r\u00fcr\u00fck. Bu da d\u00fcnyada demoqrafik probleml\u0259r\u0259 g\u0259tirib \u00e7\u0131xar\u0131r. Q\u0259rb bu probleml\u0259ri h\u0259ll etm\u0259k yerin\u0259 onu ba\u015fqa c\u0259miyy\u0259tl\u0259r\u0259 \u00f6t\u00fcrm\u0259k m\u0259qs\u0259di tutub. Bizim \u00fc\u00e7\u00fcn \u0259sas m\u0259qs\u0259d milli d\u0259y\u0259rl\u0259ri qorumaq olmal\u0131d\u0131r\u201d.\n<\/p>\n<p>\n  Sofiyeva h\u0259m\u00e7inin beyn\u0259lxalq insan haqlar\u0131 t\u0259\u015fkilatlar\u0131n\u0131n bu t\u0259bli\u011fat\u0131 d\u0259st\u0259kl\u0259m\u0259kd\u0259 g\u00fcnahland\u0131r\u0131b. Az\u0259rbaycanda eynicinsli nikahlar\u0131 m\u00fcdafi\u0259 ed\u0259nl\u0259ri is\u0259 vulqar ifad\u0259 il\u0259 \u201cverbov\u015fikl\u0259r\u201d adland\u0131r\u0131b.\n<\/p>\n<p>\n  H\u0259m\u00e7inin bir ne\u00e7\u0259 LGBTQ f\u0259rdi son zamanlar polisin onlara yax\u0131nla\u015faraq \u00fcnvanlar\u0131n\u0131 soru\u015fduqlar\u0131n\u0131 bildirib . \u201cBir d\u0259f\u0259 2 polis yax\u0131nla\u015fd\u0131 v\u0259 \u00fcnvan\u0131m\u0131 soru\u015fdu. D\u00fc\u015f\u00fcnd\u00fcm ki, y\u0259qin t\u0259sad\u00fcfd\u00fcr. Daha sonrak\u0131 g\u00fcnl\u0259rd\u0259 bu hal 2 d\u0259f\u0259 t\u0259krarland\u0131 v\u0259 anlad\u0131m ki, onlar m\u0259nim g\u00f6r\u00fcn\u00fc\u015f\u00fcm\u0259 g\u00f6r\u0259 bunu edirl\u0259r v\u0259 bu d\u0259f\u0259 onlara qald\u0131\u011f\u0131m \u00fcnvan\u0131 s\u0259hv dedim\u201d. \u2013 onlardan biri Meydan TV-y\u0259 dan\u0131\u015f\u0131b.\n<\/p>\n<p><embed alt=\"Fidan Nazar\" embedtype=\"image\" format=\"left\" id=\"28985\"\/><\/p>\n<p>\n  <b><br \/>\n    \u201cBu m\u0259nim f\u0259rd olaraq azadl\u0131q h\u00fcququmdur\u201d<br \/>\n  <\/b>\n<\/p>\n<p>\n  G\u0259nc f\u0259al Fidan Nazar facebook hesab\u0131nda Nazirl\u0259r Kabinetinin \u201cPedaqoji f\u0259aliyy\u0259tl\u0259 m\u0259\u015f\u011ful olma\u011fa yol verm\u0259y\u0259n x\u0259st\u0259likl\u0259rin Siyah\u0131s\u0131\u201dn\u0131 payla\u015f\u0131b. O, bu siyah\u0131da qeyd olunan \u201cSeksual se\u00e7imin pozuntusu\u201dnun x\u0259st\u0259lik say\u0131lmas\u0131n\u0131 d\u00f6vl\u0259tin diskriminasiyas\u0131 kimi qiym\u0259tl\u0259ndirib.\n<\/p>\n<p>\n  Haz\u0131rda Almaniyada ya\u015fayan h\u00fcquq m\u00fcdafi\u0259\u00e7isi, LGBTQ f\u0259rdi Cavid N\u0259biyev bu tip hallar\u0131n ilk d\u0259f\u0259 ya\u015fanmad\u0131\u011f\u0131n\u0131 bildirib: \u201cQanunvericilik orqan\u0131 olan Milli M\u04d9clis n\u00fcmay\u04d9nd\u04d9l\u04d9ri d\u04d9f\u04d9l\u04d9rl\u04d9 a\u00e7\u0131q \u015f\u04d9kild\u04d9 homofob v\u04d9 transfob fikirl\u04d9r s\u04d9sl\u04d9ndirm\u04d9k \u00e7\u04d9kinmirl\u04d9r. Bu tip adamlar \u00f6zl\u0259rinin f\u0259rdi d\u0259y\u0259l\u0259rini qanunvericilikd\u0259n daha \u00fcst\u00fcn tutur.\n<\/p>\n<p>\n  Fazil Mustafa bir d\u0259f\u0259 m\u0259niml\u0259 ba\u011fl\u0131 m\u0259s\u0259l\u0259d\u0259 demi\u015fdi ki, \u201cC\u0259miyy\u0259t lazimi reaksiyan\u0131 verm\u0259di\u201d. Y\u0259qin ki, \u201clazimi reaksiya\u201d dey\u0259nd\u0259 m\u0259ni \u00f6ld\u00fcrm\u0259yi n\u0259z\u0259rd\u0259 tutub. 2010-cu ild\u0259 Az\u0259rbaycan\u0131n A\u015ePA-da o zamank\u0131 n\u00fcmay\u0259nd\u0259 hey\u0259tinin \u00fczvl\u0259ri G\u00fclt\u0259kin Hac\u0131b\u0259yli v\u0259 Sabir Hac\u0131yev \u201cCinsi oriyentasiya v\u04d9 gender kimliyi \u04d9sasl\u0131 diskriminasiya il\u04d9 m\u00fcbariz\u04d9\u201d m\u00f6vzusunda m\u00fczakir\u04d9l\u04d9ri boykot etmi\u015fdi. Had\u0131 R\u04d9c\u04d9bli is\u04d9 &quot;M\u0259n bu m\u00fczakir\u0259y\u04d9 \u00e7ox m\u0259nfi bax\u0131ram. Biz milli v\u0259 m\u0259d\u0259ni d\u0259y\u0259rl\u0259rimizi qorumal\u0131y\u0131q. Bu bizim \u00fc\u00e7\u00fcn q\u0259buledilm\u0259zdir&quot;. \u2013 demi\u015fdi\u201d.\n<\/p>\n<p>\n  N\u0259biyev d\u00fc\u015f\u00fcn\u00fcr ki, LGBTQ f\u0259rdl\u0259rin azadl\u0131q h\u00fcququna yana\u015fma k\u00fctl\u0259nin m\u00f6vqeyin\u0259 g\u00f6r\u0259 olmamal\u0131d\u0131r. O, haz\u0131rda ya\u015fad\u0131\u011f\u0131 Almaniyan\u0131 Az\u0259rbaycanla m\u00fcqayis\u0259 edib: \u201cBu m\u0259s\u0259l\u0259d\u0259 Az\u0259rbaycan v\u0259 Almaniya aras\u0131nda ciddi f\u0259rql\u0259r var. Almaniyada insanlar\u0131n dig\u04d9rin\u04d9 z\u04d9r\u04d9r verm\u04d9diyi t\u04d9qdird\u04d9 f\u0259rdi h\u00fcququ, azadl\u0131\u011f\u0131 \u00fcst\u00fcn tutulur. Kims\u0259 s\u0259nin cinsi oriyentasiyan\u0131 q\u0259bul etm\u0259y\u0259, buna m\u0259nfi yana\u015fa bil\u0259r. Amma bu, f\u0259rdi azadl\u0131q anlay\u0131\u015f\u0131 oldu\u011fundan kimins\u0259 s\u0259nin azadl\u0131\u011f\u0131na qar\u015f\u0131 g\u0259lm\u0259sini qanunlar, h\u00fcquq-m\u00fchafiz\u04d9 orqanlar\u0131 etik q\u04d9bul etmir. Bizd\u0259 is\u0259 \u00e7oxlu\u011fu \u0259sas g\u0259tirib deyirl\u0259r ki, biz bu m\u0259s\u0259l\u0259l\u0259ri q\u0259bul ed\u0259 bilm\u0259rik, \u00e7\u00fcnki c\u0259miyy\u0259timiz haz\u0131r deyil. Amma \u0259sass\u0131z fikirdir. C\u0259miyy\u0259tin, \u00e7oxlu\u011fun buna haz\u0131r olub-olmamas\u0131 m\u00fczakir\u0259 m\u00f6vzusu ola bilm\u0259z. M\u04d9ni m\u00fcdafi\u04d9 ed\u04d9c\u04d9k qanunlar\u0131n olmas\u0131n\u0131 hans\u0131sa \u00e7oxlu\u011fun ist\u04d9yind\u04d9n, kefind\u04d9n as\u0131l\u0131 olmas\u0131 g\u00fcl\u00fcncd\u00fcr. \u00c7\u00fcnki, bu, m\u0259nim f\u0259rd olaraq azadl\u0131q h\u00fcququmdur\u201d.\n<\/p>\n<p>\n  <b><br \/>\n    \u201cSizi m\u00fcdafi\u0259 ets\u0259k, Nardarandan nec\u0259 s\u0259s ala bil\u0259rik?\u201d<br \/>\n  <\/b>\n<\/p>\n<p>\n  Az\u0259rbaycanda LGBTQ \u00fczvl\u0259rin\u0259 qar\u015f\u0131 \u0259n b\u00f6y\u00fck total h\u00fccum 2017-ci il olaylar\u0131 il\u0259 ba\u011fl\u0131d\u0131r. 2017-ci ilin sentyabr\u0131n 15-d\u0259 11 n\u0259f\u0259rin polis t\u0259r\u0259find\u0259n h\u0259bsi il\u0259 ba\u015flam\u0131\u015f h\u00fccum Q\u0259rb \u00f6lk\u0259l\u0259rinin Az\u0259rbaycan h\u00f6kum\u0259tin\u0259 ciddi irad\u0131ndan sonra oktyabr ay\u0131nda dayand\u0131r\u0131lm\u0131\u015fd\u0131. R\u0259smi m\u0259lumatlarda 83, qeyri-r\u0259smi m\u0259lumatlarda is\u0259 200-\u0259 yax\u0131n insan\u0131n saxlan\u0131ld\u0131\u011f\u0131, t\u0259hqiredici davran\u0131\u015fa m\u0259ruz qald\u0131\u011f\u0131 bildirilmi\u015fdi.\n<\/p>\n<p>\n  H\u00fcquq m\u00fcdafi\u0259\u00e7isi G\u00fclnar\u0259 Mehdiyeva h\u0259min hadis\u0259l\u0259r zaman\u0131 polisin davran\u0131\u015f\u0131n\u0131n al\u00e7ald\u0131c\u0131 oldu\u011funu deyir: \u201cYerli h\u00fcquq-m\u00fchafiz\u0259 orqanlar\u0131nda \u00e7al\u0131\u015fan \u015f\u0259xsl\u0259rin \u00e7ox ciddi homofobiyas\u0131 var. Onlar LGBTQ f\u0259rdl\u0259rini \u201cx\u0259st\u0259\u201d, \u201c\u00fczd\u0259niraq\u201d adland\u0131r\u0131rlar. H\u0259min vaxt\u0131 bel\u0259 bir \u0259mr olmu\u015fdu ki, ham\u0131n\u0131n ba\u015f\u0131 q\u0131rx\u0131ls\u0131n. Bu, onu g\u00f6st\u0259rirdi ki, hans\u0131sa sifari\u015fi yerin\u0259 yetirirl\u0259r. H\u0259tta transgend\u0259rl\u0259rd\u0259n bir ne\u00e7\u0259si bunun edilm\u0259m\u0259si \u00fc\u00e7\u00fcn r\u00fc\u015fv\u0259t t\u0259klif etmi\u015fdi. Amma raz\u0131la\u015fmam\u0131\u015fd\u0131lar. \u018fmin\u0259m ki, onlar hans\u0131sa \u201cplan\u201d verm\u0259li idil\u0259r. F\u00fcrs\u0259td\u0259n istifad\u0259 ed\u0259n h\u00fcquq-m\u00fchafiz\u0259 i\u015f\u00e7il\u0259ri h\u0259tta \u201cTarqovu\u201dda \u0259lam\u0259tl\u0259rind\u0259n LGBT f\u0259rdl\u0259r\u0259 b\u0259nz\u0259y\u0259n, lakin LGBT f\u0259rd olmayan insanlar\u0131 da b\u00f6lm\u0259l\u0259r\u0259 apar\u0131b r\u00fc\u015fv\u0259t al\u0131b buraxm\u0131\u015fd\u0131lar. Bu tip misallar h\u0259dd\u0259n art\u0131q \u00e7ox idi. M\u00fc\u0259yy\u0259n bir qismi \u201cplan\u201d doldurmaq \u00fc\u00e7\u00fcn sutqal\u0131\u011fa atd\u0131lar, dig\u0259r bir qismi is\u0259 r\u00fc\u015fv\u0259t al\u0131b buraxd\u0131lar. Trangenderl\u0259ri tutark\u0259n is\u0259 onlardan \u0259n az\u0131 \u00fc\u00e7 n\u0259f\u0259rin ad\u0131n\u0131 dem\u0259si t\u0259l\u0259b edilib. Seks xidm\u0259ti g\u00f6st\u0259r\u0259n i\u015f\u00e7il\u0259rd\u0259n is\u0259 imkanl\u0131 v\u0259 ya m\u0259mur m\u00fc\u015ft\u0259ril\u0259rinin \u0259laq\u0259 vasit\u0259l\u0259rini verm\u0259k t\u0259l\u0259b olunurdu. Bir \u00e7oxundan is\u0259 onlar\u0131n dedikl\u0259rin\u0259 g\u00f6r\u0259 tan\u0131mad\u0131qlar\u0131 \u015f\u0259xsl\u0259r\u0259 qar\u015f\u0131 yalan\u00e7\u0131 \u015fahidlik t\u0259l\u0259b edilirdi. Avropadan reaksiya g\u0259l\u0259nd\u0259n sonra bir gec\u0259nin i\u00e7ind\u0259 ham\u0131n\u0131 buraxd\u0131lar\u201d.\n<\/p>\n<p>\n  Mehdiyeva bu m\u0259s\u0259l\u0259nin d\u00f6vl\u0259t r\u0259smil\u0259ri t\u0259r\u0259find\u0259n siyasi al\u0259t kimi istifad\u0259sind\u0259n naraz\u0131d\u0131r. H\u0259m\u00e7inin V\u0259t\u0259nda\u015f C\u0259miyy\u0259tinin m\u0259s\u0259l\u0259y\u0259 m\u00fcnasib\u0259t bildirm\u0259kd\u0259n qorxdu\u011funu da vur\u011fulay\u0131r: \u201cAra-s\u0131ra deputatlar v\u0259 m\u00fc\u0259yy\u0259n d\u00f6vl\u0259t qurumlar\u0131 n\u00fcmay\u0259nd\u0259l\u0259ri Avropan\u0131n \u00f6z d\u0259y\u0259rl\u0259rini Az\u0259rbaycana s\u0131r\u0131maq ist\u0259diyi bar\u0259d\u0259 iddialar s\u0259sl\u0259ndirirl\u0259r. Deyirl\u0259r ki, eynicinslilik d\u0259 bir d\u0259y\u0259rdir v\u0259 onu biz\u0259 s\u0131r\u0131maq ist\u0259yirl\u0259r. Avropan\u0131 q\u0131namaq ist\u0259y\u0259nd\u0259, bu, bir arqument kimi istifad\u0259 olunur. X\u00fcsus\u0259n d\u0259 Avropa Birliyi il\u0259 Az\u0259rbaycan h\u00f6kum\u0259tinin aralar\u0131 d\u0259y\u0259nd\u0259 bu m\u0259s\u0259l\u0259 g\u00fcnd\u0259m\u0259 g\u0259lir. Bilirl\u0259r ki, Az\u0259rbaycan xalq\u0131 homofob xalqd\u0131r v\u0259 onlar\u0131n fikirl\u0259rin\u0259 uy\u011fun a\u00e7\u0131qlama verib xalq\u0131n r\u0259\u011fb\u0259tini qazanma\u011fa \u00e7al\u0131\u015f\u0131rlar. H\u0259m\u00e7inin, 2017-ci il h\u0259bsl\u0259ri zaman\u0131 he\u00e7 bir QHT, partiya v\u0259 ya g\u0259ncl\u0259r t\u0259\u015fkilat\u0131n\u0131n s\u0259si \u00e7\u0131xmad\u0131. Bu t\u0259\u015fkilatlar\u0131n b\u0259zi \u00fczvl\u0259ri \u00f6z adlar\u0131ndan \u201cFacebook\u201dda q\u0131nay\u0131c\u0131 statuslar yazd\u0131lar, ba\u015fqa he\u00e7 bir m\u00fcdafi\u0259 hal\u0131 g\u00f6rm\u0259dik. Amma bu t\u0259k homofobiyadan yox, h\u0259m d\u0259 qorxudan ir\u0259li g\u0259lirdi. Bir siyas\u0259t\u00e7i m\u0259n\u0259 demi\u015fdi ki, \u201cBiz sizi m\u00fcdafi\u0259 ets\u0259k, Nardarandan nec\u0259 s\u0259s ala bil\u0259rik?\u201d Bir \u00e7ox halda dindar k\u0259simi itirm\u0259m\u0259k \u00fc\u00e7\u00fcn LGBTQ f\u0259rdl\u0259rin h\u00fcquqlar\u0131n\u0131 qurban verirl\u0259r\u201d.\n<\/p>\n<p><embed alt=\"Cavid N\u0259biyev, foto: sosial \u015f\u0259b\u0259k\u0259\" embedtype=\"image\" format=\"right\" id=\"22829\"\/><\/p>\n<p>\n  <b><br \/>\n    \u0130\u015f tapmaqda \u00e7\u0259tinlikl\u0259r v\u0259 diskriminasiya var<br \/>\n  <\/b>\n<\/p>\n<p>\n  Cavid N\u0259biyev LGBTQ f\u0259rdl\u0259rin \u00f6z cinsi orientasiyalar\u0131n\u0131 bildiridiyi t\u0259qdird\u0259 i\u015f tapmaqda \u00e7\u0259tinlik \u00e7\u0259kdiyini deyir: \u201c\u0130st\u0259r d\u00f6vl\u0259t, ist\u0259rs\u0259 d\u0259 qeyri-d\u00f6vl\u0259t sektorunda \u0259g\u0259r kims\u04d9 \u00f6z cinsi oriyentasiyas\u0131n\u0131 a\u00e7\u0131q bildirirs\u0259, bu ona ciddi probleml\u0259r yarad\u0131r. D\u00f6vl\u0259t idar\u0259sind\u0259 i\u015fl\u0259mi\u015f bir \u015f\u0259xs tan\u0131y\u0131ram. Onun cinsi oriyentasiyas\u0131 a\u015fkar olduqda m\u00fcxt\u0259lif b\u0259han\u0259l\u0259rl\u0259 i\u015find\u0259n k\u0259narla\u015fd\u0131rd\u0131lar. H\u00fcquqi bax\u0131mdan onun cinsi oriyentasiyas\u0131 \u0259sas g\u0259tirilm\u0259di. Amma \u0259sl s\u0259b\u0259b bu idi. H\u0259m\u00e7inin bir \u00e7ox halda bel\u0259 \u015f\u0259xsl\u0259r\u0259 qar\u015f\u0131 yarad\u0131lan bezdirici m\u00fchit onlar\u0131n \u00f6z\u00fcn\u00fcn i\u015fd\u0259n getm\u0259sin\u0259 s\u0259b\u0259b olur. Dig\u0259r bir hekay\u04d9 kimi, tan\u0131d\u0131\u011f\u0131m transgender seks i\u015f\u00e7isini g\u0259tir\u0259 bil\u0259r\u0259m. M\u04d9n\u04d9 deyirdi: \u201cBak\u0131 D\u00f6vl\u0259t Universitetini q\u0131rm\u0131z\u0131 diplomla qurtarm\u0131\u015fam, amma he\u00e7 bir yerd\u0259 i\u015f tapa bilmir\u04d9m. M\u04d9ni oldu\u011fum, g\u00f6r\u00fcnd\u00fcy\u00fcm kimi q\u04d9bul etm\u04d9dil\u04d9r. Nifr\u04d9t etdiyim bir b\u04d9d\u04d9ni h\u04d9r g\u00fcn g\u00fczg\u00fcd\u04d9 g\u00f6r\u00fcb, onlar\u0131n qaydalar\u0131na ba\u015f \u04d9ym\u04d9k ist\u04d9m\u04d9dim. M\u0259cbur olub \u00f6z\u00fcm\u00fc doland\u0131ra bilm\u04d9yim \u00fc\u00e7\u00fcn bu i\u015f\u0259 ba\u015flad\u0131m. C\u04d9miyy\u04d9t bizi b\u04d9y\u04d9nm\u04d9dikl\u04d9ri h\u04d9yata s\u00fcr\u00fckl\u04d9yir, sonra is\u0259 q\u0131nay\u0131r\u201d.\n<\/p>\n<p>\n  R\u0259ssam kimi f\u0259aliyy\u0259t g\u00f6st\u0259r\u0259n Seymur Nazar \u0259sas\u0259n g\u00f6r\u00fcn\u00fc\u015f\u00fc il\u0259 ba\u011fl\u0131 c\u0259miyy\u0259td\u0259 probleml\u0259rl\u0259 qar\u015f\u0131la\u015fd\u0131\u011f\u0131n\u0131 deyir: \u201cH\u0259m\u00e7inin davran\u0131\u015f, dan\u0131\u015f\u0131\u011f\u0131mla ba\u011fl\u0131 da probleml\u0259r yaran\u0131r. Hans\u0131sa yerd\u0259 olanda f\u0259rqliliyim\u0259 m\u00fcxt\u0259lif reaksiyalar ola bilir. Ya s\u0131x\u0131rlar, ya da k\u0259narla\u015fd\u0131r\u0131rlar. Amma \u015fidd\u0259t v\u0259 ox\u015far hallarla rastla\u015fmam\u0131\u015fam. Amma \u015fidd\u0259t g\u00f6r\u0259n, ail\u0259sind\u0259n qovulan insanlar tan\u0131y\u0131ram. B\u0259zi yerl\u0259rd\u0259 i\u015f\u0259 getdiyim ilk g\u00fcnl\u0259rd\u0259 davran\u0131\u015flar\u0131m v\u0259 g\u00f6r\u00fcn\u00fc\u015f\u00fcm\u00fcn f\u0259rqli olma\u011f\u0131 il\u0259 ba\u011fl\u0131 probleml\u0259r yaran\u0131b. Amma i\u015fimi normal g\u00f6rd\u00fckd\u0259n sonra b\u00fct\u00fcn bunlara t\u0259dric\u0259n \u00f6yr\u0259\u015firl\u0259r. R\u0259ssam olma\u011f\u0131m da bir q\u0259d\u0259r k\u00f6m\u0259yim\u0259 \u00e7at\u0131r. \u0130nsanlar aras\u0131nda bel\u0259 bir d\u00fc\u015f\u00fcnc\u0259 var ki, \u0259g\u0259r r\u0259ssamsansa, g\u00f6r\u00fcn\u00fc\u015f\u00fcn\u00fcn f\u0259rqli olma\u011f\u0131 normald\u0131r. Amma bu, he\u00e7 d\u0259 ham\u0131da bel\u0259 olmur. Dig\u0259r insanlar m\u00fcxt\u0259lif probleml\u0259rl\u0259 \u00fczl\u0259\u015fir\u201d.\n<\/p>\n<p>\n  Ad\u0131n\u0131n gizli saxlan\u0131lmas\u0131n\u0131 ist\u0259y\u0259n LGBTQ f\u0259rd m\u0259xsus oldu\u011fu cinsi oriyentasiyas\u0131ndan utanmasa da, bunu ail\u0259sin\u0259 g\u00f6r\u0259 gizli saxlad\u0131\u011f\u0131n\u0131 deyir: \u201cKimliyimd\u0259n utanm\u0131ram. \u018ftraf\u0131mdak\u0131 dostlar\u0131m kim oldu\u011fumu bilir. Oxudu\u011fum universitetd\u0259 cinsi oriyentasiyamdan x\u0259b\u0259r tutandan sonra m\u0259ni \u00f6zl\u0259rind\u0259n uzaqla\u015fd\u0131rma\u011fa ba\u015flam\u0131\u015fd\u0131lar, amma \u015fidd\u0259t g\u00f6rm\u0259dim. Yaln\u0131z atam bu haqda x\u0259b\u0259r tutanda m\u0259ni d\u00f6ym\u00fc\u015fd\u00fc. Daha sonra is\u0259 psixoloqa aparm\u0131\u015fd\u0131lar. Psixoloq m\u0259nim bu seanslara raz\u0131 olmad\u0131\u011f\u0131m\u0131 ba\u015fa d\u00fc\u015f\u00fcb, q\u0259bul etm\u0259kd\u0259n imtina etmi\u015fdi. Daha sonra is\u0259 ail\u0259m\u0259 yalan dan\u0131\u015fma\u011fa ba\u015flad\u0131m ki, \u201cd\u00fcz\u0259lmi\u015f\u0259m\u201d. \u018fg\u0259r anam ba\u015fa d\u00fc\u015fs\u0259 ki, m\u0259n \u0259vv\u0259lki kimiy\u0259m, bu, ona \u00e7ox pis t\u0259sir ed\u0259c\u0259k. Buna g\u00f6r\u0259 d\u0259 bu m\u0259s\u0259l\u0259ni m\u00fcmk\u00fcn q\u0259d\u0259r ail\u0259md\u0259n gizli saxlay\u0131ram\u201d.\n<\/p>\n<p>\n  G\u0259nc\u0259d\u0259 ya\u015fayan LGBTQ aktivisti R\u0259van N\u0259simi is\u0259 i\u015fl\u0259 ba\u011fl\u0131 \u00e7\u0259tinliyinin olmad\u0131\u011f\u0131n\u0131, h\u0259tta polisl\u0259 ba\u011fl\u0131 da problem ya\u015famad\u0131\u011f\u0131n\u0131 vur\u011fulay\u0131r: \u201c\u0130\u015fd\u0259 m\u0259ni q\u0259bul edirl\u0259r v\u0259 problem yaratmay\u0131blar. Polisl\u0259 ba\u011fl\u0131 is\u0259 yaln\u0131z bir d\u0259f\u0259 problemim olub. Bak\u0131da olark\u0259n polis m\u0259ni saxlay\u0131b \u015fantaj etmi\u015fdi ki, ail\u0259n\u0259 dey\u0259c\u0259yik. Ail\u0259m\u0259 z\u0259ng vurdular, anam da onlara bildirdi ki, bu u\u015fa\u011f\u0131m\u0131n \u015f\u0259xsi i\u015fidir. Bundan sonra aciz qal\u0131b m\u0259ni buraxd\u0131lar. G\u0259nc\u0259d\u0259 is\u0259 bel\u0259 halla rastla\u015fmam\u0131\u015fam, polis m\u00fcraci\u0259t etdiyim zaman i\u015fim\u0259 bax\u0131b. Amma g\u00f6r\u00fcrs\u0259n ki, yolla ged\u0259rk\u0259n s\u00f6z at\u0131rlar, \u201czarafatla\u015fma\u011fa\u201d \u00e7al\u0131\u015f\u0131rlar\u201d.\n<\/p>\n<p>\n  R\u0259van N\u0259simi d\u00fc\u015f\u00fcn\u00fcr ki, t\u0259ziq\u0259 m\u0259ruz qalanlar\u0131n \u00e7oxu ail\u0259l\u0259rind\u0259n t\u0259ziq g\u00f6r\u0259n \u015f\u0259xsl\u0259rdir: \u201cAmma t\u0259bii ki, ham\u0131da v\u0259ziyy\u0259t yax\u015f\u0131 deyil. Ail\u0259daxili \u015fidd\u0259t v\u0259 r\u0259dd edil\u0259nl\u0259r var. Fikrimc\u0259, bu m\u0259s\u0259l\u0259d\u0259 \u0259sas olan ail\u0259nin m\u00f6vqeyidir. \u018fg\u0259r ail\u0259n v\u0259 yax\u0131nlar\u0131n s\u0259ni q\u0259bul edirs\u0259, he\u00e7 kim s\u0259n\u0259 bir \u015fey ed\u0259 bilm\u0259z. Amma ail\u0259n s\u0259ni r\u0259dd edirs\u0259, o zaman k\u0259nardak\u0131 adamlar s\u0259nin m\u00fcdafi\u0259siz olma\u011f\u0131ndan istifad\u0259 edir, s\u0259ni \u015fantaj etm\u0259y\u0259 \u00e7al\u0131\u015f\u0131rlar. H\u0259m\u00e7inin m\u0259n \u201ccoming out\u201d etmi\u015f \u015f\u0259xs\u0259m. Bunun da \u00f6z rolu var. \u018fg\u0259r s\u0259n kimliyini gizl\u0259tmir v\u0259 utanm\u0131rsansa, bu zaman k\u0259nardak\u0131lar da s\u0259n\u0259 h\u00f6rm\u0259t edirl\u0259r\u201d.<\/p>\n","protected":false},"excerpt":{"rendered":"<p>Az\u0259rbaycanda yeni t\u0259qib dal\u011fas\u0131n\u0131n s\u0259b\u0259bl\u0259ri<\/p>\n","protected":false},"author":11,"featured_media":122179,"comment_status":"closed","ping_status":"open","sticky":false,"template":"","format":"standard","meta":{"_acf_changed":false,"_sitemap_exclude":false,"_sitemap_priority":"","_sitemap_frequency":"","footnotes":""},"categories":[56],"tags":[],"class_list":["post-195001","post","type-post","status-publish","format-standard","has-post-thumbnail","hentry","category-xeberler","infinite-scroll-item","generate-columns","tablet-grid-50","mobile-grid-100","grid-parent","grid-33","no-featured-image-padding"],"acf":[],"yoast_head":"<!-- This site is optimized with the Yoast SEO plugin v27.5 - https:\/\/yoast.com\/product\/yoast-seo-wordpress\/ -->\n<title>LGBTQ f\u0259rdi: C\u04d9miyy\u04d9t bizi b\u04d9y\u04d9nm\u04d9dikl\u04d9ri h\u04d9yata s\u00fcr\u00fckl\u04d9yir, sonra is\u0259 q\u0131nay\u0131r - MEYDAN.TV<\/title>\n<meta name=\"robots\" content=\"index, follow, max-snippet:-1, max-image-preview:large, max-video-preview:-1\" \/>\n<link rel=\"canonical\" href=\"https:\/\/www.meydan.tv\/az\/article\/lgbtq-ferdi-cmiyyt-bizi-bynmdiklri-hyata-suruklyir-sonra-ise-qinayir\/\" \/>\n<meta property=\"og:locale\" content=\"az_AZ\" \/>\n<meta property=\"og:type\" content=\"article\" \/>\n<meta property=\"og:title\" content=\"LGBTQ f\u0259rdi: C\u04d9miyy\u04d9t bizi b\u04d9y\u04d9nm\u04d9dikl\u04d9ri h\u04d9yata s\u00fcr\u00fckl\u04d9yir, sonra is\u0259 q\u0131nay\u0131r - MEYDAN.TV\" \/>\n<meta property=\"og:description\" content=\"Az\u0259rbaycanda yeni t\u0259qib dal\u011fas\u0131n\u0131n s\u0259b\u0259bl\u0259ri\" \/>\n<meta property=\"og:url\" content=\"https:\/\/www.meydan.tv\/az\/article\/lgbtq-ferdi-cmiyyt-bizi-bynmdiklri-hyata-suruklyir-sonra-ise-qinayir\/\" \/>\n<meta property=\"og:site_name\" content=\"MEYDAN.TV\" \/>\n<meta property=\"article:published_time\" content=\"2019-04-17T10:27:10+00:00\" \/>\n<meta property=\"og:image\" content=\"https:\/\/www.meydan.tv\/wp-content\/uploads\/f72a4037-74d6-4c4d-b994-b059755c2202.png\" \/>\n\t<meta property=\"og:image:width\" content=\"1200\" \/>\n\t<meta property=\"og:image:height\" content=\"675\" \/>\n\t<meta property=\"og:image:type\" content=\"image\/png\" \/>\n<meta name=\"author\" content=\"user-manager\" \/>\n<meta name=\"twitter:card\" content=\"summary_large_image\" \/>\n<script type=\"application\/ld+json\" class=\"yoast-schema-graph\">{\"@context\":\"https:\\\/\\\/schema.org\",\"@graph\":[{\"@type\":\"Article\",\"@id\":\"https:\\\/\\\/www.meydan.tv\\\/az\\\/article\\\/lgbtq-ferdi-cmiyyt-bizi-bynmdiklri-hyata-suruklyir-sonra-ise-qinayir\\\/#article\",\"isPartOf\":{\"@id\":\"https:\\\/\\\/www.meydan.tv\\\/az\\\/article\\\/lgbtq-ferdi-cmiyyt-bizi-bynmdiklri-hyata-suruklyir-sonra-ise-qinayir\\\/\"},\"author\":{\"name\":\"user-manager\",\"@id\":\"https:\\\/\\\/www.meydan.tv\\\/az\\\/#\\\/schema\\\/person\\\/10d11eccf6da3662cf5fdab9806ea91a\"},\"headline\":\"LGBTQ f\u0259rdi: C\u04d9miyy\u04d9t bizi b\u04d9y\u04d9nm\u04d9dikl\u04d9ri h\u04d9yata s\u00fcr\u00fckl\u04d9yir, sonra is\u0259 q\u0131nay\u0131r\",\"datePublished\":\"2019-04-17T10:27:10+00:00\",\"mainEntityOfPage\":{\"@id\":\"https:\\\/\\\/www.meydan.tv\\\/az\\\/article\\\/lgbtq-ferdi-cmiyyt-bizi-bynmdiklri-hyata-suruklyir-sonra-ise-qinayir\\\/\"},\"wordCount\":2519,\"publisher\":{\"@id\":\"https:\\\/\\\/www.meydan.tv\\\/az\\\/#organization\"},\"image\":{\"@id\":\"https:\\\/\\\/www.meydan.tv\\\/az\\\/article\\\/lgbtq-ferdi-cmiyyt-bizi-bynmdiklri-hyata-suruklyir-sonra-ise-qinayir\\\/#primaryimage\"},\"thumbnailUrl\":\"https:\\\/\\\/www.meydan.tv\\\/wp-content\\\/uploads\\\/f72a4037-74d6-4c4d-b994-b059755c2202.png\",\"articleSection\":[\"X\u0259b\u0259rl\u0259r\"],\"inLanguage\":\"az\"},{\"@type\":\"WebPage\",\"@id\":\"https:\\\/\\\/www.meydan.tv\\\/az\\\/article\\\/lgbtq-ferdi-cmiyyt-bizi-bynmdiklri-hyata-suruklyir-sonra-ise-qinayir\\\/\",\"url\":\"https:\\\/\\\/www.meydan.tv\\\/az\\\/article\\\/lgbtq-ferdi-cmiyyt-bizi-bynmdiklri-hyata-suruklyir-sonra-ise-qinayir\\\/\",\"name\":\"LGBTQ f\u0259rdi: C\u04d9miyy\u04d9t bizi b\u04d9y\u04d9nm\u04d9dikl\u04d9ri h\u04d9yata s\u00fcr\u00fckl\u04d9yir, sonra is\u0259 q\u0131nay\u0131r - MEYDAN.TV\",\"isPartOf\":{\"@id\":\"https:\\\/\\\/www.meydan.tv\\\/az\\\/#website\"},\"primaryImageOfPage\":{\"@id\":\"https:\\\/\\\/www.meydan.tv\\\/az\\\/article\\\/lgbtq-ferdi-cmiyyt-bizi-bynmdiklri-hyata-suruklyir-sonra-ise-qinayir\\\/#primaryimage\"},\"image\":{\"@id\":\"https:\\\/\\\/www.meydan.tv\\\/az\\\/article\\\/lgbtq-ferdi-cmiyyt-bizi-bynmdiklri-hyata-suruklyir-sonra-ise-qinayir\\\/#primaryimage\"},\"thumbnailUrl\":\"https:\\\/\\\/www.meydan.tv\\\/wp-content\\\/uploads\\\/f72a4037-74d6-4c4d-b994-b059755c2202.png\",\"datePublished\":\"2019-04-17T10:27:10+00:00\",\"breadcrumb\":{\"@id\":\"https:\\\/\\\/www.meydan.tv\\\/az\\\/article\\\/lgbtq-ferdi-cmiyyt-bizi-bynmdiklri-hyata-suruklyir-sonra-ise-qinayir\\\/#breadcrumb\"},\"inLanguage\":\"az\",\"potentialAction\":[{\"@type\":\"ReadAction\",\"target\":[\"https:\\\/\\\/www.meydan.tv\\\/az\\\/article\\\/lgbtq-ferdi-cmiyyt-bizi-bynmdiklri-hyata-suruklyir-sonra-ise-qinayir\\\/\"]}]},{\"@type\":\"ImageObject\",\"inLanguage\":\"az\",\"@id\":\"https:\\\/\\\/www.meydan.tv\\\/az\\\/article\\\/lgbtq-ferdi-cmiyyt-bizi-bynmdiklri-hyata-suruklyir-sonra-ise-qinayir\\\/#primaryimage\",\"url\":\"https:\\\/\\\/www.meydan.tv\\\/wp-content\\\/uploads\\\/f72a4037-74d6-4c4d-b994-b059755c2202.png\",\"contentUrl\":\"https:\\\/\\\/www.meydan.tv\\\/wp-content\\\/uploads\\\/f72a4037-74d6-4c4d-b994-b059755c2202.png\",\"width\":1200,\"height\":675,\"caption\":\"Source: Rfrl\"},{\"@type\":\"BreadcrumbList\",\"@id\":\"https:\\\/\\\/www.meydan.tv\\\/az\\\/article\\\/lgbtq-ferdi-cmiyyt-bizi-bynmdiklri-hyata-suruklyir-sonra-ise-qinayir\\\/#breadcrumb\",\"itemListElement\":[{\"@type\":\"ListItem\",\"position\":1,\"name\":\"Ana s\u0259hif\u0259\",\"item\":\"https:\\\/\\\/www.meydan.tv\\\/az\\\/\"},{\"@type\":\"ListItem\",\"position\":2,\"name\":\"X\u0259b\u0259rl\u0259r\",\"item\":\"https:\\\/\\\/www.meydan.tv\\\/az\\\/section\\\/xeberler\\\/\"},{\"@type\":\"ListItem\",\"position\":3,\"name\":\"LGBTQ f\u0259rdi: C\u04d9miyy\u04d9t bizi b\u04d9y\u04d9nm\u04d9dikl\u04d9ri h\u04d9yata s\u00fcr\u00fckl\u04d9yir, sonra is\u0259 q\u0131nay\u0131r\"}]},{\"@type\":\"WebSite\",\"@id\":\"https:\\\/\\\/www.meydan.tv\\\/az\\\/#website\",\"url\":\"https:\\\/\\\/www.meydan.tv\\\/az\\\/\",\"name\":\"MEYDAN.TV\",\"description\":\"Meydan TV Az\u0259rbaycan\u0131n media m\u0259kan\u0131ndak\u0131 alternativ s\u0259sidir\",\"publisher\":{\"@id\":\"https:\\\/\\\/www.meydan.tv\\\/az\\\/#organization\"},\"potentialAction\":[{\"@type\":\"SearchAction\",\"target\":{\"@type\":\"EntryPoint\",\"urlTemplate\":\"https:\\\/\\\/www.meydan.tv\\\/az\\\/?s={search_term_string}\"},\"query-input\":{\"@type\":\"PropertyValueSpecification\",\"valueRequired\":true,\"valueName\":\"search_term_string\"}}],\"inLanguage\":\"az\"},{\"@type\":\"Organization\",\"@id\":\"https:\\\/\\\/www.meydan.tv\\\/az\\\/#organization\",\"name\":\"Meydan TV\",\"url\":\"https:\\\/\\\/www.meydan.tv\\\/az\\\/\",\"logo\":{\"@type\":\"ImageObject\",\"inLanguage\":\"az\",\"@id\":\"https:\\\/\\\/www.meydan.tv\\\/az\\\/#\\\/schema\\\/logo\\\/image\\\/\",\"url\":\"https:\\\/\\\/www.meydan.tv\\\/wp-content\\\/uploads\\\/2021\\\/07\\\/meydan-logo.svg\",\"contentUrl\":\"https:\\\/\\\/www.meydan.tv\\\/wp-content\\\/uploads\\\/2021\\\/07\\\/meydan-logo.svg\",\"width\":195,\"height\":46,\"caption\":\"Meydan TV\"},\"image\":{\"@id\":\"https:\\\/\\\/www.meydan.tv\\\/az\\\/#\\\/schema\\\/logo\\\/image\\\/\"}},{\"@type\":\"Person\",\"@id\":\"https:\\\/\\\/www.meydan.tv\\\/az\\\/#\\\/schema\\\/person\\\/10d11eccf6da3662cf5fdab9806ea91a\",\"name\":\"user-manager\"}]}<\/script>\n<!-- \/ Yoast SEO plugin. -->","yoast_head_json":{"title":"LGBTQ f\u0259rdi: C\u04d9miyy\u04d9t bizi b\u04d9y\u04d9nm\u04d9dikl\u04d9ri h\u04d9yata s\u00fcr\u00fckl\u04d9yir, sonra is\u0259 q\u0131nay\u0131r - MEYDAN.TV","robots":{"index":"index","follow":"follow","max-snippet":"max-snippet:-1","max-image-preview":"max-image-preview:large","max-video-preview":"max-video-preview:-1"},"canonical":"https:\/\/www.meydan.tv\/az\/article\/lgbtq-ferdi-cmiyyt-bizi-bynmdiklri-hyata-suruklyir-sonra-ise-qinayir\/","og_locale":"az_AZ","og_type":"article","og_title":"LGBTQ f\u0259rdi: C\u04d9miyy\u04d9t bizi b\u04d9y\u04d9nm\u04d9dikl\u04d9ri h\u04d9yata s\u00fcr\u00fckl\u04d9yir, sonra is\u0259 q\u0131nay\u0131r - MEYDAN.TV","og_description":"Az\u0259rbaycanda yeni t\u0259qib dal\u011fas\u0131n\u0131n s\u0259b\u0259bl\u0259ri","og_url":"https:\/\/www.meydan.tv\/az\/article\/lgbtq-ferdi-cmiyyt-bizi-bynmdiklri-hyata-suruklyir-sonra-ise-qinayir\/","og_site_name":"MEYDAN.TV","article_published_time":"2019-04-17T10:27:10+00:00","og_image":[{"width":1200,"height":675,"url":"https:\/\/www.meydan.tv\/wp-content\/uploads\/f72a4037-74d6-4c4d-b994-b059755c2202.png","type":"image\/png"}],"author":"user-manager","twitter_card":"summary_large_image","schema":{"@context":"https:\/\/schema.org","@graph":[{"@type":"Article","@id":"https:\/\/www.meydan.tv\/az\/article\/lgbtq-ferdi-cmiyyt-bizi-bynmdiklri-hyata-suruklyir-sonra-ise-qinayir\/#article","isPartOf":{"@id":"https:\/\/www.meydan.tv\/az\/article\/lgbtq-ferdi-cmiyyt-bizi-bynmdiklri-hyata-suruklyir-sonra-ise-qinayir\/"},"author":{"name":"user-manager","@id":"https:\/\/www.meydan.tv\/az\/#\/schema\/person\/10d11eccf6da3662cf5fdab9806ea91a"},"headline":"LGBTQ f\u0259rdi: C\u04d9miyy\u04d9t bizi b\u04d9y\u04d9nm\u04d9dikl\u04d9ri h\u04d9yata s\u00fcr\u00fckl\u04d9yir, sonra is\u0259 q\u0131nay\u0131r","datePublished":"2019-04-17T10:27:10+00:00","mainEntityOfPage":{"@id":"https:\/\/www.meydan.tv\/az\/article\/lgbtq-ferdi-cmiyyt-bizi-bynmdiklri-hyata-suruklyir-sonra-ise-qinayir\/"},"wordCount":2519,"publisher":{"@id":"https:\/\/www.meydan.tv\/az\/#organization"},"image":{"@id":"https:\/\/www.meydan.tv\/az\/article\/lgbtq-ferdi-cmiyyt-bizi-bynmdiklri-hyata-suruklyir-sonra-ise-qinayir\/#primaryimage"},"thumbnailUrl":"https:\/\/www.meydan.tv\/wp-content\/uploads\/f72a4037-74d6-4c4d-b994-b059755c2202.png","articleSection":["X\u0259b\u0259rl\u0259r"],"inLanguage":"az"},{"@type":"WebPage","@id":"https:\/\/www.meydan.tv\/az\/article\/lgbtq-ferdi-cmiyyt-bizi-bynmdiklri-hyata-suruklyir-sonra-ise-qinayir\/","url":"https:\/\/www.meydan.tv\/az\/article\/lgbtq-ferdi-cmiyyt-bizi-bynmdiklri-hyata-suruklyir-sonra-ise-qinayir\/","name":"LGBTQ f\u0259rdi: C\u04d9miyy\u04d9t bizi b\u04d9y\u04d9nm\u04d9dikl\u04d9ri h\u04d9yata s\u00fcr\u00fckl\u04d9yir, sonra is\u0259 q\u0131nay\u0131r - MEYDAN.TV","isPartOf":{"@id":"https:\/\/www.meydan.tv\/az\/#website"},"primaryImageOfPage":{"@id":"https:\/\/www.meydan.tv\/az\/article\/lgbtq-ferdi-cmiyyt-bizi-bynmdiklri-hyata-suruklyir-sonra-ise-qinayir\/#primaryimage"},"image":{"@id":"https:\/\/www.meydan.tv\/az\/article\/lgbtq-ferdi-cmiyyt-bizi-bynmdiklri-hyata-suruklyir-sonra-ise-qinayir\/#primaryimage"},"thumbnailUrl":"https:\/\/www.meydan.tv\/wp-content\/uploads\/f72a4037-74d6-4c4d-b994-b059755c2202.png","datePublished":"2019-04-17T10:27:10+00:00","breadcrumb":{"@id":"https:\/\/www.meydan.tv\/az\/article\/lgbtq-ferdi-cmiyyt-bizi-bynmdiklri-hyata-suruklyir-sonra-ise-qinayir\/#breadcrumb"},"inLanguage":"az","potentialAction":[{"@type":"ReadAction","target":["https:\/\/www.meydan.tv\/az\/article\/lgbtq-ferdi-cmiyyt-bizi-bynmdiklri-hyata-suruklyir-sonra-ise-qinayir\/"]}]},{"@type":"ImageObject","inLanguage":"az","@id":"https:\/\/www.meydan.tv\/az\/article\/lgbtq-ferdi-cmiyyt-bizi-bynmdiklri-hyata-suruklyir-sonra-ise-qinayir\/#primaryimage","url":"https:\/\/www.meydan.tv\/wp-content\/uploads\/f72a4037-74d6-4c4d-b994-b059755c2202.png","contentUrl":"https:\/\/www.meydan.tv\/wp-content\/uploads\/f72a4037-74d6-4c4d-b994-b059755c2202.png","width":1200,"height":675,"caption":"Source: Rfrl"},{"@type":"BreadcrumbList","@id":"https:\/\/www.meydan.tv\/az\/article\/lgbtq-ferdi-cmiyyt-bizi-bynmdiklri-hyata-suruklyir-sonra-ise-qinayir\/#breadcrumb","itemListElement":[{"@type":"ListItem","position":1,"name":"Ana s\u0259hif\u0259","item":"https:\/\/www.meydan.tv\/az\/"},{"@type":"ListItem","position":2,"name":"X\u0259b\u0259rl\u0259r","item":"https:\/\/www.meydan.tv\/az\/section\/xeberler\/"},{"@type":"ListItem","position":3,"name":"LGBTQ f\u0259rdi: C\u04d9miyy\u04d9t bizi b\u04d9y\u04d9nm\u04d9dikl\u04d9ri h\u04d9yata s\u00fcr\u00fckl\u04d9yir, sonra is\u0259 q\u0131nay\u0131r"}]},{"@type":"WebSite","@id":"https:\/\/www.meydan.tv\/az\/#website","url":"https:\/\/www.meydan.tv\/az\/","name":"MEYDAN.TV","description":"Meydan TV Az\u0259rbaycan\u0131n media m\u0259kan\u0131ndak\u0131 alternativ s\u0259sidir","publisher":{"@id":"https:\/\/www.meydan.tv\/az\/#organization"},"potentialAction":[{"@type":"SearchAction","target":{"@type":"EntryPoint","urlTemplate":"https:\/\/www.meydan.tv\/az\/?s={search_term_string}"},"query-input":{"@type":"PropertyValueSpecification","valueRequired":true,"valueName":"search_term_string"}}],"inLanguage":"az"},{"@type":"Organization","@id":"https:\/\/www.meydan.tv\/az\/#organization","name":"Meydan TV","url":"https:\/\/www.meydan.tv\/az\/","logo":{"@type":"ImageObject","inLanguage":"az","@id":"https:\/\/www.meydan.tv\/az\/#\/schema\/logo\/image\/","url":"https:\/\/www.meydan.tv\/wp-content\/uploads\/2021\/07\/meydan-logo.svg","contentUrl":"https:\/\/www.meydan.tv\/wp-content\/uploads\/2021\/07\/meydan-logo.svg","width":195,"height":46,"caption":"Meydan TV"},"image":{"@id":"https:\/\/www.meydan.tv\/az\/#\/schema\/logo\/image\/"}},{"@type":"Person","@id":"https:\/\/www.meydan.tv\/az\/#\/schema\/person\/10d11eccf6da3662cf5fdab9806ea91a","name":"user-manager"}]}},"_links":{"self":[{"href":"https:\/\/www.meydan.tv\/az\/wp-json\/wp\/v2\/posts\/195001","targetHints":{"allow":["GET"]}}],"collection":[{"href":"https:\/\/www.meydan.tv\/az\/wp-json\/wp\/v2\/posts"}],"about":[{"href":"https:\/\/www.meydan.tv\/az\/wp-json\/wp\/v2\/types\/post"}],"author":[{"embeddable":true,"href":"https:\/\/www.meydan.tv\/az\/wp-json\/wp\/v2\/users\/11"}],"replies":[{"embeddable":true,"href":"https:\/\/www.meydan.tv\/az\/wp-json\/wp\/v2\/comments?post=195001"}],"version-history":[{"count":0,"href":"https:\/\/www.meydan.tv\/az\/wp-json\/wp\/v2\/posts\/195001\/revisions"}],"wp:featuredmedia":[{"embeddable":true,"href":"https:\/\/www.meydan.tv\/az\/wp-json\/wp\/v2\/media\/122179"}],"wp:attachment":[{"href":"https:\/\/www.meydan.tv\/az\/wp-json\/wp\/v2\/media?parent=195001"}],"wp:term":[{"taxonomy":"category","embeddable":true,"href":"https:\/\/www.meydan.tv\/az\/wp-json\/wp\/v2\/categories?post=195001"},{"taxonomy":"post_tag","embeddable":true,"href":"https:\/\/www.meydan.tv\/az\/wp-json\/wp\/v2\/tags?post=195001"}],"curies":[{"name":"wp","href":"https:\/\/api.w.org\/{rel}","templated":true}]}}