{"id":194988,"date":"2019-04-16T13:30:45","date_gmt":"2019-04-16T13:30:45","guid":{"rendered":"https:\/\/www.meydan.tv\/article\/qebelede-evi-yanan-aile-20-gundur-soyuq-cadirda-yasayiriq\/"},"modified":"2019-04-16T13:30:45","modified_gmt":"2019-04-16T13:30:45","slug":"qebelede-evi-yanan-aile-20-gundur-soyuq-cadirda-yasayiriq","status":"publish","type":"post","link":"https:\/\/www.meydan.tv\/az\/article\/qebelede-evi-yanan-aile-20-gundur-soyuq-cadirda-yasayiriq\/","title":{"rendered":"Q\u0259b\u0259l\u0259d\u0259 evi yanan ail\u0259: 20 g\u00fcnd\u00fcr soyuq \u00e7ad\u0131rda ya\u015fay\u0131r\u0131q"},"content":{"rendered":"<p>\n  <i><br \/>\n    A\u011fdam k\u00f6\u00e7k\u00fcn\u00fc olan ail\u0259 3 h\u0259ft\u0259dir ki, h\u0259yatla m\u00fccadil\u0259 apar\u0131r<br \/>\n  <\/i>\n<\/p>\n<p>\n  \u201cBir d\u0259 yuxudan ay\u0131ld\u0131q ki, alovun i\u00e7ind\u0259yik&#8230; Birt\u0259h\u0259r can\u0131m\u0131z\u0131 \u00e7\u00f6l\u0259 ata bildik. 4 otaq k\u00fcl\u0259 d\u00f6nd\u00fc. \u0130\u00e7\u0259risind\u0259ki \u0259\u015fyalar, s\u0259n\u0259dl\u0259rimiz \u2013 ham\u0131s\u0131 yand\u0131&#8230; H\u0259y\u0259td\u0259ki 150 toyuq-c\u00fcc\u0259 d\u0259 t\u0259l\u0259f oldu\u201d.\n<\/p>\n<p>\n  Q\u0259b\u0259l\u0259nin Nij q\u0259s\u0259b\u0259sinin yax\u0131nl\u0131\u011f\u0131ndak\u0131 ke\u00e7mi\u015f mal-qara fermas\u0131nda k\u00f6\u00e7k\u00fcn ail\u0259sinin m\u0259skunla\u015fd\u0131\u011f\u0131 fin tipli, taxta konstruksiyal\u0131 ev yand\u0131\u011f\u0131ndan ail\u0259 \u00e7ad\u0131ra yerl\u0259\u015fdirilib. 20 g\u00fcnd\u00fcr ki, iki u\u015faq v\u0259 ail\u0259nin dig\u0259r d\u00f6rd \u00fczv\u00fc soyuq \u00e7ad\u0131rda ya\u015fay\u0131r. Ail\u0259 ba\u015f\u00e7\u0131s\u0131 Zabil \u018fliyev Meydan TV-y\u0259 dan\u0131\u015f\u0131r ki, 1993-c\u00fc ild\u0259 A\u011fdamdan k\u00f6\u00e7k\u00fcn d\u00fc\u015f\u0259nd\u0259n buraya s\u0131\u011f\u0131n\u0131blar. Az\u0131 \u0259lli ya\u015f\u0131 olan taxta ev bu il mart\u0131n 26-da s\u0259h\u0259r\u0259 yax\u0131n al\u0131\u015f\u0131b. S\u0259b\u0259b evin \u00fcz\u0259rind\u0259n h\u00f6r\u00fcm\u00e7\u0259k toru kimi sallanan q\u0259zal\u0131 elektrik naqill\u0259rind\u0259ki q\u0131saqapanma olub.\n<\/p>\n<p>\n  <i><br \/>\n    \u201cDedil\u0259r, qalan \u015feyl\u0259r bizlik deyil\u201d<br \/>\n  <\/i>\n<\/p>\n<p>\n  Ev sahibinin s\u00f6zl\u0259rin\u0259 g\u00f6r\u0259, yan\u011f\u0131ndan sonra F\u00f6vq\u0259lad\u0259 Hallar Nazirliyi onlara \u00e7ad\u0131r qurub:\n<\/p>\n<p>\n  \u201cF\u00f6vq\u0259lad\u0259 Hallar Nazirliyinin i\u015f\u00e7il\u0259ri \u00e7ad\u0131r qurdular, icra hakimiyy\u0259tinin i\u015f\u00e7il\u0259ri is\u0259 u\u015faq ba\u011f\u00e7as\u0131ndan 4 s\u0131n\u0131q-salxaq \u00e7arpay\u0131, bir k\u00f6hn\u0259 d\u00f6\u015f\u0259k g\u0259tirib verdil\u0259r. Dedil\u0259r, qalan \u015feyl\u0259r bizlik deyil\u201d.\n<\/p>\n<p>\n  Evin yerl\u0259\u015fdiyi ferma Nijd\u0259n 4, rayon m\u0259rk\u0259zind\u0259n 11 kilometr aral\u0131da yerl\u0259\u015fir.\n<\/p>\n<figure class=\"wp-block-image size-large\">\n  <img decoding=\"async\" src=\"https:\/\/www.meydan.tv\/az\/image_from_ios-5-jpg-6\/\" alt=\"image_from_ios (5).jpg\" class=\"wp-image-122122\"\/><figcaption>\n    yanan ev<br \/>\n  <\/figcaption><\/figure>\n<p>\n  <i><br \/>\n    \u201cYan\u011f\u0131ns\u00f6nd\u00fcr\u0259nl\u0259r yeti\u015finc\u0259, k\u00f6z qalm\u0131\u015fd\u0131\u201d<br \/>\n  <\/i>\n<\/p>\n<p>\n  Zabil \u018fliyevin s\u00f6zl\u0259rin\u0259 g\u00f6r\u0259, yan\u011f\u0131ns\u00f6nd\u00fcr\u0259nl\u0259r g\u0259linc\u0259, evin k\u00fcl\u00fc qal\u0131b:\n<\/p>\n<p>\n  \u201cTaxta ev idi, al\u0131\u015fd\u0131, yana-yana getdi&#8230; Yan\u011f\u0131ns\u00f6nd\u00fcr\u0259nl\u0259r g\u0259lib k\u00f6z\u00fcn\u00fc s\u00f6nd\u00fcrd\u00fcl\u0259r. Birc\u0259 \u00e7\u00f6p d\u0259 \u00e7\u0131xara bilm\u0259dik. \u018fynimizd\u0259ki paltarlar\u0131 qon\u015fular verdi. Soyuqdan donmu\u015fduq. S\u0259h\u0259r icra hakimiyy\u0259tin\u0259 getdim. Birinci m\u00fcavin Arif m\u00fc\u0259llim q\u0259bul el\u0259di, m\u0259ni dinl\u0259di, dedi, h\u0259l\u0259lik sizi \u00e7ad\u0131ra yerl\u0259\u015fdir\u0259k, sonra h\u0259r c\u00fcr k\u00f6m\u0259klik olunacaq. \u0130cra hakimiyy\u0259ti biz\u0259 yaln\u0131z h\u0259min g\u00fcn ac qalmayaq dey\u0259, kolbasa-\u00e7\u00f6r\u0259kl\u0259 k\u00f6m\u0259k el\u0259di. Sonra g\u0259tirib \u00e7ad\u0131r qurdular, i\u00e7ind\u0259 he\u00e7 n\u0259 yox idi. Qon\u015fular bir-iki yor\u011fan-d\u00f6\u015f\u0259k, yast\u0131qla k\u00f6m\u0259k el\u0259dil\u0259r. \u0130cra hakimiyy\u0259tinin i\u015f\u00e7il\u0259ri d\u0259 bir u\u015faq ba\u011f\u00e7as\u0131ndan k\u00f6hn\u0259 \u00e7arpay\u0131lar g\u0259tirib verdil\u0259r\u201d.\n<\/p>\n<p>\n  <i><br \/>\n    \u201cU\u015faqlar d\u0259rs\u0259 getmir, m\u0259kt\u0259bd\u0259n maraqlanan da yoxdur\u201d<br \/>\n  <\/i>\n<\/p>\n<p>\n  Zabil \u018fliyev deyir, n\u0259v\u0259l\u0259rind\u0259n biri 4, dig\u0259ri 5-ci sinifd\u0259 oxuyur. H\u0259r ikisi x\u0259st\u0259dir, d\u00f6vl\u0259t hesab\u0131na d\u0259rman preparatlar\u0131yla t\u0259min olunurlar. \u0130ndi x\u0259st\u0259 u\u015faqlar soyuq \u00e7ad\u0131rda \u00f6l\u00fcm-dirim sava\u015f\u0131 apar\u0131rlar:\n<\/p>\n<p>\n  \u201cM\u0259kt\u0259b\u0259 getmirl\u0259r. Nec\u0259 g\u00f6nd\u0259rim? H\u0259r \u015feyl\u0259ri yan\u0131b. B\u00fct\u00fcn k\u0259nd ba\u015f\u0131m\u0131za g\u0259l\u0259ni bilir. M\u0259kt\u0259b d\u0259 bilir. \u018fn pisi odur ki, m\u00fc\u0259lliml\u0259ri birc\u0259 d\u0259f\u0259 d\u0259 olsun g\u0259lib bu u\u015faqlarla maraqlanmay\u0131b. Y\u0259ni, g\u0259lm\u0259k v\u0259zif\u0259 borclar\u0131 deyil, ancaq u\u015faqlara b\u00f6y\u00fck m\u0259n\u0259vi d\u0259st\u0259k olard\u0131. Birc\u0259 d\u0259f\u0259 g\u0259lib \u00e7ad\u0131rdan boylan\u0131b dem\u0259dil\u0259r ki, ay u\u015faqlar, nec\u0259siz, \u00f6lm\u00fcs\u00fcz, qalm\u0131s\u0131z?\u201d.\n<\/p>\n<figure class=\"wp-block-image size-large\">\n  <img decoding=\"async\" src=\"https:\/\/www.meydan.tv\/az\/image_from_ios-4-jpg-12\/\" alt=\"image_from_ios (4).jpg\" class=\"wp-image-122125\"\/><figcaption>\n    \u00e7ad\u0131r<br \/>\n  <\/figcaption><\/figure>\n<p>\n  <i><br \/>\n    \u00dcr\u0259k \u0259m\u0259liyyat\u0131 \u00fc\u00e7\u00fcn kredit g\u00f6t\u00fcrd\u00fcy\u00fc pul da yan\u0131b<br \/>\n  <\/i>\n<\/p>\n<p>\n  Zabil \u018fliyevin 65 ya\u015f\u0131 var. Pensiya kart\u0131 il\u0259 banklardan birind\u0259n 2 min manat kredit g\u00f6t\u00fcr\u00fcb ki, \u0130rana \u00fcr\u0259k \u0259m\u0259liyyat\u0131na getsin. O pul da yan\u0131b&#8230;\n<\/p>\n<p>\n  Zabil \u018fliyev deyir, hadis\u0259d\u0259n sonra \u201cQa\u00e7q\u0131nkom\u201dun n\u00fcmay\u0259nd\u0259l\u0259ri g\u0259lib, yanan ev\u0259 bax\u0131\u015f ke\u00e7iribl\u0259r, b\u0259zi qeydl\u0259r apar\u0131blar, ona bildiribl\u0259r ki, tezlikl\u0259 burada ail\u0259 \u00fc\u00e7\u00fcn yeni ev tikil\u0259c\u0259k:\n<\/p>\n<p>\n  \u201cOnlar da o ged\u0259n getdil\u0259r. Ham\u0131 getdi, bir daha g\u0259lm\u0259di&#8230; \u0130cra hakimiyy\u0259ti getdi, \u201cQa\u00e7q\u0131nkom\u201d getdi, F\u00f6vq\u0259lad\u0259 Hallar Nazirliyi getdi&#8230; El\u0259 bil bu qurumlar t\u0259skinlik verm\u0259k \u00fc\u00e7\u00fcn f\u0259aliyy\u0259t g\u00f6st\u0259rir. G\u0259lirl\u0259r, t\u0259s\u0259lli verib yola \u00e7\u0131x\u0131rlar. Gedir\u0259m icra hakimiyy\u0259tin\u0259, deyirl\u0259r, bizlik deyil, s\u0259n\u0259 ev tikm\u0259k F\u00f6vq\u0259lad\u0259 Hallar Nazirliyinin i\u015fidir. F\u00f6vq\u0259lad\u0259 Hallar Nazirliyind\u0259 bu i\u015f\u0259 baxan kimdir, kimin yan\u0131na ged\u0259k, bilmirik. \u201cQa\u00e7q\u0131nkom\u201d \u00fcmumiyy\u0259tl\u0259, yax\u0131n durmur\u201d.\n<\/p>\n<figure class=\"wp-block-image size-large\">\n  <img decoding=\"async\" src=\"https:\/\/www.meydan.tv\/az\/image_from_ios-6-jpg-4\/\" alt=\"image_from_ios (6).jpg\" class=\"wp-image-122128\"\/><figcaption>\n    evi yanan ail\u0259<br \/>\n  <\/figcaption><\/figure>\n<p>\n  <i><br \/>\n    R\u0259smi qurum deyir ki&#8230;<br \/>\n  <\/i>\n<\/p>\n<p>\n  Q\u0259b\u0259l\u0259 Rayon \u0130cra Hakimiyy\u0259tind\u0259n bildirilib ki, k\u00f6\u00e7k\u00fcn ail\u0259sinin m\u0259skunla\u015fd\u0131\u011f\u0131 ev yand\u0131\u011f\u0131 \u00fc\u00e7\u00fcn ail\u0259y\u0259 evi F\u00f6vq\u0259lad\u0259 Hallar Nazirliyi tikm\u0259lidir. Ya da ail\u0259y\u0259 \u201cQa\u00e7q\u0131nkom\u201d sahib \u00e7\u0131xmal\u0131, k\u00f6\u00e7k\u00fcnl\u0259r \u00fc\u00e7\u00fcn tikil\u0259n evl\u0259rd\u0259n bu ail\u0259y\u0259 d\u0259 verilm\u0259lidir: \u201cBiz ail\u0259y\u0259 imkan\u0131m\u0131z daxilind\u0259 ilkin yard\u0131mlar\u0131m\u0131z\u0131 etmi\u015fik. S\u0259n\u0259dl\u0259r\u0259 g\u00f6r\u0259 rayonun Yan\u011f\u0131ndan M\u00fchafiz\u0259 Xidm\u0259tind\u0259n aray\u0131\u015f alaraq ASAN Xidm\u0259t\u0259 t\u0259qdim etm\u0259lidil\u0259r, bu aray\u015f \u0259sas\u0131nda ail\u0259 \u00fczvl\u0259rin\u0259 yan\u011f\u0131n zaman\u0131 m\u0259hv olmu\u015f s\u0259n\u0259dl\u0259rin yenisi veril\u0259c\u0259k.\n<\/p>\n<p>\n  Meydan TV m\u00fcxbiri n\u0259 FHN, n\u0259 d\u0259 Qa\u00e7q\u0131n v\u0259 M\u0259cburi K\u00f6\u00e7k\u00fcnl\u0259rl\u0259 \u0130\u015f \u00fczr\u0259 D\u00f6vl\u0259t Komit\u0259sind\u0259n m\u0259s\u0259l\u0259y\u0259 m\u00fcnasib\u0259t \u00f6yr\u0259n\u0259 bilm\u0259yib.<\/p>\n","protected":false},"excerpt":{"rendered":"<p>\u0130\u00e7\u0259risind\u0259ki \u0259\u015fyalar, s\u0259n\u0259dl\u0259rimiz \u2013 ham\u0131s\u0131 yand\u0131&#8230;<\/p>\n","protected":false},"author":11,"featured_media":122116,"comment_status":"closed","ping_status":"open","sticky":false,"template":"","format":"standard","meta":{"_acf_changed":false,"_sitemap_exclude":false,"_sitemap_priority":"","_sitemap_frequency":"","footnotes":""},"categories":[60],"tags":[],"class_list":["post-194988","post","type-post","status-publish","format-standard","has-post-thumbnail","hentry","category-bolge","infinite-scroll-item","generate-columns","tablet-grid-50","mobile-grid-100","grid-parent","grid-33","no-featured-image-padding"],"acf":[],"yoast_head":"<!-- This site is optimized with the Yoast SEO plugin v27.4 - https:\/\/yoast.com\/product\/yoast-seo-wordpress\/ -->\n<title>Q\u0259b\u0259l\u0259d\u0259 evi yanan ail\u0259: 20 g\u00fcnd\u00fcr soyuq \u00e7ad\u0131rda ya\u015fay\u0131r\u0131q - MEYDAN.TV<\/title>\n<meta name=\"robots\" content=\"index, follow, max-snippet:-1, max-image-preview:large, max-video-preview:-1\" \/>\n<link rel=\"canonical\" href=\"https:\/\/www.meydan.tv\/az\/article\/qebelede-evi-yanan-aile-20-gundur-soyuq-cadirda-yasayiriq\/\" \/>\n<meta property=\"og:locale\" content=\"az_AZ\" \/>\n<meta property=\"og:type\" content=\"article\" \/>\n<meta property=\"og:title\" content=\"Q\u0259b\u0259l\u0259d\u0259 evi yanan ail\u0259: 20 g\u00fcnd\u00fcr soyuq \u00e7ad\u0131rda ya\u015fay\u0131r\u0131q - MEYDAN.TV\" \/>\n<meta property=\"og:description\" content=\"\u0130\u00e7\u0259risind\u0259ki \u0259\u015fyalar, s\u0259n\u0259dl\u0259rimiz \u2013 ham\u0131s\u0131 yand\u0131...\" \/>\n<meta property=\"og:url\" content=\"https:\/\/www.meydan.tv\/az\/article\/qebelede-evi-yanan-aile-20-gundur-soyuq-cadirda-yasayiriq\/\" \/>\n<meta property=\"og:site_name\" content=\"MEYDAN.TV\" \/>\n<meta property=\"article:published_time\" content=\"2019-04-16T13:30:45+00:00\" \/>\n<meta property=\"og:image\" content=\"https:\/\/www.meydan.tv\/wp-content\/uploads\/image_from_ios_1_zd5xqr4.jpg\" \/>\n\t<meta property=\"og:image:width\" content=\"1032\" \/>\n\t<meta property=\"og:image:height\" content=\"774\" \/>\n\t<meta property=\"og:image:type\" content=\"image\/jpeg\" \/>\n<meta name=\"author\" content=\"user-manager\" \/>\n<meta name=\"twitter:card\" content=\"summary_large_image\" \/>\n<script type=\"application\/ld+json\" class=\"yoast-schema-graph\">{\"@context\":\"https:\\\/\\\/schema.org\",\"@graph\":[{\"@type\":\"Article\",\"@id\":\"https:\\\/\\\/www.meydan.tv\\\/az\\\/article\\\/qebelede-evi-yanan-aile-20-gundur-soyuq-cadirda-yasayiriq\\\/#article\",\"isPartOf\":{\"@id\":\"https:\\\/\\\/www.meydan.tv\\\/az\\\/article\\\/qebelede-evi-yanan-aile-20-gundur-soyuq-cadirda-yasayiriq\\\/\"},\"author\":{\"name\":\"user-manager\",\"@id\":\"https:\\\/\\\/www.meydan.tv\\\/az\\\/#\\\/schema\\\/person\\\/10d11eccf6da3662cf5fdab9806ea91a\"},\"headline\":\"Q\u0259b\u0259l\u0259d\u0259 evi yanan ail\u0259: 20 g\u00fcnd\u00fcr soyuq \u00e7ad\u0131rda ya\u015fay\u0131r\u0131q\",\"datePublished\":\"2019-04-16T13:30:45+00:00\",\"mainEntityOfPage\":{\"@id\":\"https:\\\/\\\/www.meydan.tv\\\/az\\\/article\\\/qebelede-evi-yanan-aile-20-gundur-soyuq-cadirda-yasayiriq\\\/\"},\"wordCount\":967,\"publisher\":{\"@id\":\"https:\\\/\\\/www.meydan.tv\\\/az\\\/#organization\"},\"image\":{\"@id\":\"https:\\\/\\\/www.meydan.tv\\\/az\\\/article\\\/qebelede-evi-yanan-aile-20-gundur-soyuq-cadirda-yasayiriq\\\/#primaryimage\"},\"thumbnailUrl\":\"https:\\\/\\\/www.meydan.tv\\\/wp-content\\\/uploads\\\/image_from_ios_1_zd5xqr4.jpg\",\"articleSection\":[\"B\u00f6lg\u0259\"],\"inLanguage\":\"az\"},{\"@type\":\"WebPage\",\"@id\":\"https:\\\/\\\/www.meydan.tv\\\/az\\\/article\\\/qebelede-evi-yanan-aile-20-gundur-soyuq-cadirda-yasayiriq\\\/\",\"url\":\"https:\\\/\\\/www.meydan.tv\\\/az\\\/article\\\/qebelede-evi-yanan-aile-20-gundur-soyuq-cadirda-yasayiriq\\\/\",\"name\":\"Q\u0259b\u0259l\u0259d\u0259 evi yanan ail\u0259: 20 g\u00fcnd\u00fcr soyuq \u00e7ad\u0131rda ya\u015fay\u0131r\u0131q - MEYDAN.TV\",\"isPartOf\":{\"@id\":\"https:\\\/\\\/www.meydan.tv\\\/az\\\/#website\"},\"primaryImageOfPage\":{\"@id\":\"https:\\\/\\\/www.meydan.tv\\\/az\\\/article\\\/qebelede-evi-yanan-aile-20-gundur-soyuq-cadirda-yasayiriq\\\/#primaryimage\"},\"image\":{\"@id\":\"https:\\\/\\\/www.meydan.tv\\\/az\\\/article\\\/qebelede-evi-yanan-aile-20-gundur-soyuq-cadirda-yasayiriq\\\/#primaryimage\"},\"thumbnailUrl\":\"https:\\\/\\\/www.meydan.tv\\\/wp-content\\\/uploads\\\/image_from_ios_1_zd5xqr4.jpg\",\"datePublished\":\"2019-04-16T13:30:45+00:00\",\"breadcrumb\":{\"@id\":\"https:\\\/\\\/www.meydan.tv\\\/az\\\/article\\\/qebelede-evi-yanan-aile-20-gundur-soyuq-cadirda-yasayiriq\\\/#breadcrumb\"},\"inLanguage\":\"az\",\"potentialAction\":[{\"@type\":\"ReadAction\",\"target\":[\"https:\\\/\\\/www.meydan.tv\\\/az\\\/article\\\/qebelede-evi-yanan-aile-20-gundur-soyuq-cadirda-yasayiriq\\\/\"]}]},{\"@type\":\"ImageObject\",\"inLanguage\":\"az\",\"@id\":\"https:\\\/\\\/www.meydan.tv\\\/az\\\/article\\\/qebelede-evi-yanan-aile-20-gundur-soyuq-cadirda-yasayiriq\\\/#primaryimage\",\"url\":\"https:\\\/\\\/www.meydan.tv\\\/wp-content\\\/uploads\\\/image_from_ios_1_zd5xqr4.jpg\",\"contentUrl\":\"https:\\\/\\\/www.meydan.tv\\\/wp-content\\\/uploads\\\/image_from_ios_1_zd5xqr4.jpg\",\"width\":1032,\"height\":774,\"caption\":\"Source: meydan tv\"},{\"@type\":\"BreadcrumbList\",\"@id\":\"https:\\\/\\\/www.meydan.tv\\\/az\\\/article\\\/qebelede-evi-yanan-aile-20-gundur-soyuq-cadirda-yasayiriq\\\/#breadcrumb\",\"itemListElement\":[{\"@type\":\"ListItem\",\"position\":1,\"name\":\"Ana s\u0259hif\u0259\",\"item\":\"https:\\\/\\\/www.meydan.tv\\\/az\\\/\"},{\"@type\":\"ListItem\",\"position\":2,\"name\":\"B\u00f6lg\u0259\",\"item\":\"https:\\\/\\\/www.meydan.tv\\\/az\\\/section\\\/bolge\\\/\"},{\"@type\":\"ListItem\",\"position\":3,\"name\":\"Q\u0259b\u0259l\u0259d\u0259 evi yanan ail\u0259: 20 g\u00fcnd\u00fcr soyuq \u00e7ad\u0131rda ya\u015fay\u0131r\u0131q\"}]},{\"@type\":\"WebSite\",\"@id\":\"https:\\\/\\\/www.meydan.tv\\\/az\\\/#website\",\"url\":\"https:\\\/\\\/www.meydan.tv\\\/az\\\/\",\"name\":\"MEYDAN.TV\",\"description\":\"Meydan TV Az\u0259rbaycan\u0131n media m\u0259kan\u0131ndak\u0131 alternativ s\u0259sidir\",\"publisher\":{\"@id\":\"https:\\\/\\\/www.meydan.tv\\\/az\\\/#organization\"},\"potentialAction\":[{\"@type\":\"SearchAction\",\"target\":{\"@type\":\"EntryPoint\",\"urlTemplate\":\"https:\\\/\\\/www.meydan.tv\\\/az\\\/?s={search_term_string}\"},\"query-input\":{\"@type\":\"PropertyValueSpecification\",\"valueRequired\":true,\"valueName\":\"search_term_string\"}}],\"inLanguage\":\"az\"},{\"@type\":\"Organization\",\"@id\":\"https:\\\/\\\/www.meydan.tv\\\/az\\\/#organization\",\"name\":\"Meydan TV\",\"url\":\"https:\\\/\\\/www.meydan.tv\\\/az\\\/\",\"logo\":{\"@type\":\"ImageObject\",\"inLanguage\":\"az\",\"@id\":\"https:\\\/\\\/www.meydan.tv\\\/az\\\/#\\\/schema\\\/logo\\\/image\\\/\",\"url\":\"https:\\\/\\\/www.meydan.tv\\\/wp-content\\\/uploads\\\/2021\\\/07\\\/meydan-logo.svg\",\"contentUrl\":\"https:\\\/\\\/www.meydan.tv\\\/wp-content\\\/uploads\\\/2021\\\/07\\\/meydan-logo.svg\",\"width\":195,\"height\":46,\"caption\":\"Meydan TV\"},\"image\":{\"@id\":\"https:\\\/\\\/www.meydan.tv\\\/az\\\/#\\\/schema\\\/logo\\\/image\\\/\"}},{\"@type\":\"Person\",\"@id\":\"https:\\\/\\\/www.meydan.tv\\\/az\\\/#\\\/schema\\\/person\\\/10d11eccf6da3662cf5fdab9806ea91a\",\"name\":\"user-manager\"}]}<\/script>\n<!-- \/ Yoast SEO plugin. -->","yoast_head_json":{"title":"Q\u0259b\u0259l\u0259d\u0259 evi yanan ail\u0259: 20 g\u00fcnd\u00fcr soyuq \u00e7ad\u0131rda ya\u015fay\u0131r\u0131q - MEYDAN.TV","robots":{"index":"index","follow":"follow","max-snippet":"max-snippet:-1","max-image-preview":"max-image-preview:large","max-video-preview":"max-video-preview:-1"},"canonical":"https:\/\/www.meydan.tv\/az\/article\/qebelede-evi-yanan-aile-20-gundur-soyuq-cadirda-yasayiriq\/","og_locale":"az_AZ","og_type":"article","og_title":"Q\u0259b\u0259l\u0259d\u0259 evi yanan ail\u0259: 20 g\u00fcnd\u00fcr soyuq \u00e7ad\u0131rda ya\u015fay\u0131r\u0131q - MEYDAN.TV","og_description":"\u0130\u00e7\u0259risind\u0259ki \u0259\u015fyalar, s\u0259n\u0259dl\u0259rimiz \u2013 ham\u0131s\u0131 yand\u0131...","og_url":"https:\/\/www.meydan.tv\/az\/article\/qebelede-evi-yanan-aile-20-gundur-soyuq-cadirda-yasayiriq\/","og_site_name":"MEYDAN.TV","article_published_time":"2019-04-16T13:30:45+00:00","og_image":[{"width":1032,"height":774,"url":"https:\/\/www.meydan.tv\/wp-content\/uploads\/image_from_ios_1_zd5xqr4.jpg","type":"image\/jpeg"}],"author":"user-manager","twitter_card":"summary_large_image","schema":{"@context":"https:\/\/schema.org","@graph":[{"@type":"Article","@id":"https:\/\/www.meydan.tv\/az\/article\/qebelede-evi-yanan-aile-20-gundur-soyuq-cadirda-yasayiriq\/#article","isPartOf":{"@id":"https:\/\/www.meydan.tv\/az\/article\/qebelede-evi-yanan-aile-20-gundur-soyuq-cadirda-yasayiriq\/"},"author":{"name":"user-manager","@id":"https:\/\/www.meydan.tv\/az\/#\/schema\/person\/10d11eccf6da3662cf5fdab9806ea91a"},"headline":"Q\u0259b\u0259l\u0259d\u0259 evi yanan ail\u0259: 20 g\u00fcnd\u00fcr soyuq \u00e7ad\u0131rda ya\u015fay\u0131r\u0131q","datePublished":"2019-04-16T13:30:45+00:00","mainEntityOfPage":{"@id":"https:\/\/www.meydan.tv\/az\/article\/qebelede-evi-yanan-aile-20-gundur-soyuq-cadirda-yasayiriq\/"},"wordCount":967,"publisher":{"@id":"https:\/\/www.meydan.tv\/az\/#organization"},"image":{"@id":"https:\/\/www.meydan.tv\/az\/article\/qebelede-evi-yanan-aile-20-gundur-soyuq-cadirda-yasayiriq\/#primaryimage"},"thumbnailUrl":"https:\/\/www.meydan.tv\/wp-content\/uploads\/image_from_ios_1_zd5xqr4.jpg","articleSection":["B\u00f6lg\u0259"],"inLanguage":"az"},{"@type":"WebPage","@id":"https:\/\/www.meydan.tv\/az\/article\/qebelede-evi-yanan-aile-20-gundur-soyuq-cadirda-yasayiriq\/","url":"https:\/\/www.meydan.tv\/az\/article\/qebelede-evi-yanan-aile-20-gundur-soyuq-cadirda-yasayiriq\/","name":"Q\u0259b\u0259l\u0259d\u0259 evi yanan ail\u0259: 20 g\u00fcnd\u00fcr soyuq \u00e7ad\u0131rda ya\u015fay\u0131r\u0131q - MEYDAN.TV","isPartOf":{"@id":"https:\/\/www.meydan.tv\/az\/#website"},"primaryImageOfPage":{"@id":"https:\/\/www.meydan.tv\/az\/article\/qebelede-evi-yanan-aile-20-gundur-soyuq-cadirda-yasayiriq\/#primaryimage"},"image":{"@id":"https:\/\/www.meydan.tv\/az\/article\/qebelede-evi-yanan-aile-20-gundur-soyuq-cadirda-yasayiriq\/#primaryimage"},"thumbnailUrl":"https:\/\/www.meydan.tv\/wp-content\/uploads\/image_from_ios_1_zd5xqr4.jpg","datePublished":"2019-04-16T13:30:45+00:00","breadcrumb":{"@id":"https:\/\/www.meydan.tv\/az\/article\/qebelede-evi-yanan-aile-20-gundur-soyuq-cadirda-yasayiriq\/#breadcrumb"},"inLanguage":"az","potentialAction":[{"@type":"ReadAction","target":["https:\/\/www.meydan.tv\/az\/article\/qebelede-evi-yanan-aile-20-gundur-soyuq-cadirda-yasayiriq\/"]}]},{"@type":"ImageObject","inLanguage":"az","@id":"https:\/\/www.meydan.tv\/az\/article\/qebelede-evi-yanan-aile-20-gundur-soyuq-cadirda-yasayiriq\/#primaryimage","url":"https:\/\/www.meydan.tv\/wp-content\/uploads\/image_from_ios_1_zd5xqr4.jpg","contentUrl":"https:\/\/www.meydan.tv\/wp-content\/uploads\/image_from_ios_1_zd5xqr4.jpg","width":1032,"height":774,"caption":"Source: meydan tv"},{"@type":"BreadcrumbList","@id":"https:\/\/www.meydan.tv\/az\/article\/qebelede-evi-yanan-aile-20-gundur-soyuq-cadirda-yasayiriq\/#breadcrumb","itemListElement":[{"@type":"ListItem","position":1,"name":"Ana s\u0259hif\u0259","item":"https:\/\/www.meydan.tv\/az\/"},{"@type":"ListItem","position":2,"name":"B\u00f6lg\u0259","item":"https:\/\/www.meydan.tv\/az\/section\/bolge\/"},{"@type":"ListItem","position":3,"name":"Q\u0259b\u0259l\u0259d\u0259 evi yanan ail\u0259: 20 g\u00fcnd\u00fcr soyuq \u00e7ad\u0131rda ya\u015fay\u0131r\u0131q"}]},{"@type":"WebSite","@id":"https:\/\/www.meydan.tv\/az\/#website","url":"https:\/\/www.meydan.tv\/az\/","name":"MEYDAN.TV","description":"Meydan TV Az\u0259rbaycan\u0131n media m\u0259kan\u0131ndak\u0131 alternativ s\u0259sidir","publisher":{"@id":"https:\/\/www.meydan.tv\/az\/#organization"},"potentialAction":[{"@type":"SearchAction","target":{"@type":"EntryPoint","urlTemplate":"https:\/\/www.meydan.tv\/az\/?s={search_term_string}"},"query-input":{"@type":"PropertyValueSpecification","valueRequired":true,"valueName":"search_term_string"}}],"inLanguage":"az"},{"@type":"Organization","@id":"https:\/\/www.meydan.tv\/az\/#organization","name":"Meydan TV","url":"https:\/\/www.meydan.tv\/az\/","logo":{"@type":"ImageObject","inLanguage":"az","@id":"https:\/\/www.meydan.tv\/az\/#\/schema\/logo\/image\/","url":"https:\/\/www.meydan.tv\/wp-content\/uploads\/2021\/07\/meydan-logo.svg","contentUrl":"https:\/\/www.meydan.tv\/wp-content\/uploads\/2021\/07\/meydan-logo.svg","width":195,"height":46,"caption":"Meydan TV"},"image":{"@id":"https:\/\/www.meydan.tv\/az\/#\/schema\/logo\/image\/"}},{"@type":"Person","@id":"https:\/\/www.meydan.tv\/az\/#\/schema\/person\/10d11eccf6da3662cf5fdab9806ea91a","name":"user-manager"}]}},"_links":{"self":[{"href":"https:\/\/www.meydan.tv\/az\/wp-json\/wp\/v2\/posts\/194988","targetHints":{"allow":["GET"]}}],"collection":[{"href":"https:\/\/www.meydan.tv\/az\/wp-json\/wp\/v2\/posts"}],"about":[{"href":"https:\/\/www.meydan.tv\/az\/wp-json\/wp\/v2\/types\/post"}],"author":[{"embeddable":true,"href":"https:\/\/www.meydan.tv\/az\/wp-json\/wp\/v2\/users\/11"}],"replies":[{"embeddable":true,"href":"https:\/\/www.meydan.tv\/az\/wp-json\/wp\/v2\/comments?post=194988"}],"version-history":[{"count":0,"href":"https:\/\/www.meydan.tv\/az\/wp-json\/wp\/v2\/posts\/194988\/revisions"}],"wp:featuredmedia":[{"embeddable":true,"href":"https:\/\/www.meydan.tv\/az\/wp-json\/wp\/v2\/media\/122116"}],"wp:attachment":[{"href":"https:\/\/www.meydan.tv\/az\/wp-json\/wp\/v2\/media?parent=194988"}],"wp:term":[{"taxonomy":"category","embeddable":true,"href":"https:\/\/www.meydan.tv\/az\/wp-json\/wp\/v2\/categories?post=194988"},{"taxonomy":"post_tag","embeddable":true,"href":"https:\/\/www.meydan.tv\/az\/wp-json\/wp\/v2\/tags?post=194988"}],"curies":[{"name":"wp","href":"https:\/\/api.w.org\/{rel}","templated":true}]}}