{"id":194987,"date":"2019-04-16T12:41:46","date_gmt":"2019-04-16T12:41:46","guid":{"rendered":"https:\/\/www.meydan.tv\/article\/dogum-evinin-26-illik-sakinleri\/"},"modified":"2019-04-16T12:41:46","modified_gmt":"2019-04-16T12:41:46","slug":"dogum-evinin-26-illik-sakinleri","status":"publish","type":"post","link":"https:\/\/www.meydan.tv\/az\/article\/dogum-evinin-26-illik-sakinleri\/","title":{"rendered":"Do\u011fum evinin 26 illik sakinl\u0259ri"},"content":{"rendered":"<p>\n  <i><br \/>\n    &#x27;&#x27;Bir uzaq qohumumuz var, gedib onun evind\u0259 c\u0327imir\u0259m&#x27;&#x27;<br \/>\n  <\/i>\n<\/p>\n<p>\n  \u201cAg\u0306damda o q\u0259d\u0259r yaxs\u0327\u0131 s\u0327\u0259raitim var idi ki, qoyub g\u0259ldik buralara. Yoldas\u0327\u0131m\u0131 da bu q\u0259ribc\u0327ilikd\u0259 itirdim, indi qalm\u0131s\u0327am t\u0259k-t\u0259nha. S\u0327\u0259raiti d\u0259 o\u0308zu\u0308nu\u0308z go\u0308ru\u0308rsu\u0308nu\u0308z. Bu, yas\u0327ay\u0131s\u0327 deyil, su\u0308ru\u0308nm\u0259k, o\u0308lm\u0259kdir\u201d.\n<\/p>\n<p>\n  Ag\u0306damdan olan m\u0259cburi ko\u0308c\u0327ku\u0308n, 77 yas\u0327l\u0131 Sahib\u0259 R\u0259himova bel\u0259 deyir.\n<\/p>\n<p>\n  S. R\u0259himova 26 ildir Yevlax\u0131n Mal Bin\u0259si k\u0259ndind\u0259ki ko\u0308hn\u0259 dog\u0306um evind\u0259 m\u0259skunlas\u0327\u0131b. Deyir, onlar\u0131n bu v\u0259ziyy\u0259tind\u0259n aidiyyat\u0131 qurumlar\u0131n x\u0259b\u0259ri yoxdur. U\u0308mumiyy\u0259tl\u0259, bir d\u0259f\u0259 d\u0259 g\u0259lib onlarla maraqlanan olmay\u0131b.\n<\/p>\n<p>\n  \u201cI\u0307ll\u0259rdir burada m\u0259skunlas\u0327m\u0131s\u0327\u0131q. Go\u0308ru\u0308n d\u0259 ru\u0308tub\u0259tdir, s\u0327\u0259raitsizlikdir, c\u0327\u0259tindir. Bir balaca otag\u0306\u0131m var. I\u0307c\u0327ind\u0259 h\u0259m yem\u0259k bis\u0327irir\u0259m, h\u0259m yat\u0131ram, h\u0259m d\u0259 otururam. Q\u0131s\u0327\u0131 soyuq, yay\u0131 qaynar olur. U\u0308stu\u0308 d\u0259mirdir ax\u0131\u201d.\n<\/p>\n<figure class=\"wp-block-image size-large\">\n  <img decoding=\"async\" src=\"https:\/\/www.meydan.tv\/az\/image00005-jpeg-9\/\" alt=\"image00005.jpeg\" class=\"wp-image-122101\"\/><figcaption>\n    Sahib\u0259 R\u0259himova<br \/>\n  <\/figcaption><\/figure>\n<p>\n  Sahib\u0259 R\u0259himovan\u0131n o\u0308vlad\u0131 olmay\u0131b. Kims\u0259siz oldug\u0306unu so\u0308yl\u0259yir. Deyir, el\u0259 bu evd\u0259 d\u0259 t\u0259k-t\u0259nha yas\u0327ay\u0131r:\n<\/p>\n<p>\n  \u201cPensiya il\u0259 dolan\u0131ram. Ona go\u0308r\u0259 d\u0259 o\u0308zu\u0308m\u0259 bir s\u0327\u0259rait qura bilmir\u0259m. Q\u0131s\u0327da soyuq, yayda isti olur. I\u0307c\u0327\u0259rid\u0259 n\u0259f\u0259s k\u0259silir, durmaq mu\u0308mku\u0308n olmur. Hamam, normal ayaqyolu yox. Bir uzaq qohumumuz var, gedib onun evind\u0259 c\u0327imir\u0259m. Onda da utana-utana. Adam n\u0259 q\u0259d\u0259r onun-bunun qap\u0131s\u0131nda qalar?\u201d\n<\/p>\n<p>\n  59 yas\u0327l\u0131 K\u0259lb\u0259c\u0259r ko\u0308c\u0327ku\u0308nu\u0308 Xan\u0131m M\u0259mm\u0259dova da m\u0259kt\u0259bli q\u0131z\u0131 il\u0259 birg\u0259 burada yas\u0327ay\u0131r. Deyir, yoldas\u0327\u0131 r\u0259hm\u0259t\u0259 gedib, o\u0308vlad\u0131n\u0131 t\u0259k bo\u0308yu\u0308du\u0308r. N\u0259 d\u0259 imkan\u0131 yoxdur ki, o\u0308zu\u0308n\u0259 bir s\u0327\u0259rait qura, ev tik\u0259 v\u0259 yaxud ev ala:\n<\/p>\n<p>\n  \u201cDam\u0131m\u0131z d\u0259mirdi, yag\u0306\u0131s\u0327 yag\u0306anda s\u0259sind\u0259n durmaq mu\u0308mku\u0308n deyil. Yayda da el\u0259 q\u0131z\u0131r ki, ic\u0327\u0259rid\u0259 istid\u0259n durmaq olmur. Q\u0131z\u0131m m\u0259kt\u0259blidir, 11-d\u0259 oxuyur. Bir go\u0308ru\u0308n, divarlar\u0131 b\u0259z\u0259yib, s\u0327\u0259kill\u0259r yap\u0131s\u0327d\u0131r\u0131b ki, bir az ab\u0131rl\u0131 go\u0308ru\u0308nsu\u0308n. Des\u0327ikl\u0259ri, l\u0259k\u0259l\u0259ri, y\u0131rt\u0131qlar\u0131 tutmaq ist\u0259yib. Ancaq m\u00fcmk\u00fcn deyil? Bir-iki s\u0327\u0259kill\u0259 tutulacaq d\u0259lm\u0259-d\u0259lik deyil bunlar\u201d.\n<\/p>\n<figure class=\"wp-block-image size-large\">\n  <img decoding=\"async\" src=\"https:\/\/www.meydan.tv\/az\/image00002-jpeg-11\/\" alt=\"image00002.jpeg\" class=\"wp-image-122092\"\/><figcaption>\n    ev<br \/>\n  <\/figcaption><\/figure>\n<p>\n  X. M\u0259mm\u0259dova deyir ki, q\u0131z\u0131n\u0131 h\u0259ft\u0259sonlar\u0131 day\u0131s\u0131gil\u0259 go\u0308nd\u0259rir ki, onlar\u0131n hamam\u0131 var, istifad\u0259 etsin. O\u0308zu\u0308 is\u0259 burada su q\u0131zd\u0131rmaqla, birt\u0259h\u0259r yola verir. Amma bezib, art\u0131q h\u0259r s\u0327ey ona c\u0327\u0259tin g\u0259lir:\n<\/p>\n<p>\n  \u201cYas\u0327a dolduqca adam s\u0327\u0259raitli yer ist\u0259yir. Hec\u0327 yerd\u0259 d\u0259 is\u0327l\u0259mir\u0259m. C\u0327o\u0308r\u0259kpulu il\u0259 dolan\u0131r\u0131q. Onu da birt\u0259h\u0259r, c\u0327\u0259tindir. Nolar, biz\u0259 d\u0259 tikil\u0259n evl\u0259rd\u0259n birini ver\u0259l\u0259r, biz d\u0259 normal insanlar kimi yas\u0327ayaq\u201d.\n<\/p>\n<p>\n  Meydan TV m\u0259s\u0259l\u0259y\u0259 mu\u0308nasib\u0259t o\u0308yr\u0259nm\u0259k u\u0308c\u0327u\u0308n Yevlax Rayon I\u0307cra Hakimiyy\u0259ti il\u0259 \u0259laq\u0259 saxlay\u0131b. I\u0307cra Hakimiyy\u0259tind\u0259n bildirilib ki, b\u0259li, rayonlar\u0131nda ko\u0308c\u0327ku\u0308nl\u0259r mu\u0308xt\u0259lif s\u0327\u0259raitsiz, yas\u0327ay\u0131s\u0327 t\u0259yinat\u0131 olmayan obyektl\u0259rd\u0259 m\u0259skunlas\u0327\u0131blar. Ancaq onlar\u0131n ko\u0308c\u0327u\u0308ru\u0308lm\u0259si is\u0327ini icra hakimiyy\u0259ti h\u0259yata kec\u0327irmir:\n<\/p>\n<p>\n  \u201cBu is\u0327i bo\u0308lg\u0259l\u0259rd\u0259 d\u0259 Qac\u0327q\u0131n v\u0259 M\u0259cburi Ko\u0308c\u0327ku\u0308nl\u0259rin I\u0307s\u0327l\u0259ri U\u0308zr\u0259 Do\u0308vl\u0259t Komit\u0259si h\u0259yata kec\u0327irir. Onlara mu\u0308raci\u0259t ets\u0259niz, daha dog\u0306ru olar. Onlar h\u0259min insanlar\u0131 siyah\u0131ya al\u0131rlar, sonra h\u0259min \u0259razid\u0259 ev tikil\u0259nd\u0259 h\u0259min adamlar\u0131 ko\u0308c\u0327u\u0308ru\u0308rl\u0259r. 26 il \u0259rzind\u0259 xeyli m\u0259cburi ko\u0308c\u0327ku\u0308n yeni evl\u0259rl\u0259 t\u0259min edilib\u201d.\n<\/p>\n<figure class=\"wp-block-image size-large\">\n  <img decoding=\"async\" src=\"https:\/\/www.meydan.tv\/az\/image00009-jpeg-11\/\" alt=\"image00009.jpeg\" class=\"wp-image-122089\"\/><figcaption>\n    Xan\u0131m M\u0259mm\u0259dova<br \/>\n  <\/figcaption><\/figure>\n<p>\n  Qac\u0327q\u0131n v\u0259 M\u0259cburi Ko\u0308c\u0327ku\u0308nl\u0259r u\u0308zr\u0259 do\u0308vl\u0259t komit\u0259sinin m\u0259tbuat xidm\u0259tinin r\u0259hb\u0259ri I\u0307brahim Mirz\u0259yev Meydan TV- y\u0259 bildirib ki, m\u0259cburi ko\u0308c\u0327ku\u0308nl\u0259rin yeni m\u0259nzill\u0259 t\u0259minat\u0131 h\u0259r zaman Prezident I\u0307lham \u018fliyev v\u0259 Birinci vitse- prezident xan\u0131m Mehriban \u018fliyevan\u0131n diqq\u0259t m\u0259rk\u0259zind\u0259dir. Yeni tikil\u0259n m\u0259nzill\u0259r Az\u0259rbaycan Respublikas\u0131 Prezidentinin mu\u0308vafiq F\u0259rman v\u0259 S\u0259r\u0259ncamlar\u0131na \u0259sas\u0259n, Do\u0308vl\u0259t Proqram\u0131 v\u0259 ona edilmis\u0327 \u0259lav\u0259l\u0259rd\u0259 go\u0308st\u0259ril\u0259n konkret ko\u0308c\u0327u\u0308ru\u0308lm\u0259 obyektl\u0259ri u\u0308zr\u0259 h\u0259yata kec\u0327irilir. Bundan bas\u0327qa, \u0259n q\u0259zal\u0131, h\u0259yat u\u0308c\u0327u\u0308n t\u0259hlu\u0308k\u0259li s\u0327\u0259raitd\u0259 yas\u0327ayan m\u0259cburi ko\u0308c\u0327ku\u0308n ail\u0259l\u0259ri ilk no\u0308vb\u0259d\u0259 yeni m\u0259nzill\u0259rl\u0259 t\u0259min edilir:\n<\/p>\n<p>\n  \u201cBu obyektl\u0259r Do\u0308vl\u0259t Komit\u0259sind\u0259 yarad\u0131lm\u0131s\u0327 is\u0327c\u0327i qrupu v\u0259 komissiyan\u0131n h\u0259rt\u0259r\u0259fli v\u0259 s\u0327\u0259ffaf aras\u0327d\u0131rmas\u0131 n\u0259tic\u0259sind\u0259 mu\u0308\u0259yy\u0259n olunur. M\u0259nzill\u0259 \u0259laq\u0259dar mu\u0308raci\u0259tl\u0259r is\u0327c\u0327i qrupu t\u0259r\u0259find\u0259n aras\u0327d\u0131r\u0131l\u0131r, n\u0259tic\u0259l\u0259r komissiyaya t\u0259qdim edilir. Komissiyan\u0131n r\u0259yi Do\u0308vl\u0259t Komit\u0259sinin s\u0259drin\u0259 t\u0259qdim edilir v\u0259 mu\u0308v\u0259qq\u0259ti m\u0259skunlas\u0327ma obyektl\u0259rinin ko\u0308c\u0327u\u0308ru\u0308lm\u0259si bar\u0259d\u0259 q\u0259rar q\u0259bul edilir\u201d.\n<\/p>\n<p>\n  I\u0307. Mirz\u0259yev \u0259lav\u0259 edib ki, regionlarda da m\u0259cburi ko\u0308c\u0327ku\u0308nl\u0259r u\u0308c\u0327u\u0308n hu\u0308ndu\u0308rm\u0259rt\u0259b\u0259li binalar v\u0259 f\u0259rdi evl\u0259rin tikintisi davam edir:\n<\/p>\n<p>\n  \u201cYevlax s\u0327\u0259h\u0259ri \u0259razisind\u0259 m\u0259cburi ko\u0308c\u0327ku\u0308nl\u0259r u\u0308c\u0327u\u0308n yas\u0327ay\u0131s\u0327 binalar\u0131 tikil\u0259n zaman qeyd etdiyiniz u\u0308nvanda yas\u0327ayan ail\u0259l\u0259rin d\u0259 ko\u0308c\u0327u\u0308ru\u0308lm\u0259si qanunauyg\u0306un formada bax\u0131lacaq\u201d.\n<\/p>\n<figure class=\"wp-block-image size-large\">\n  <img decoding=\"async\" src=\"https:\/\/www.meydan.tv\/az\/image00010-jpeg-6\/\" alt=\"image00010.jpeg\" class=\"wp-image-122095\"\/><figcaption>\n    evin i\u00e7i<br \/>\n  <\/figcaption><\/figure>\n<figure class=\"wp-block-image size-large\">\n  <img decoding=\"async\" src=\"https:\/\/www.meydan.tv\/az\/image00013-jpeg-4\/\" alt=\"image00013.jpeg\" class=\"wp-image-122098\"\/><figcaption>\n    d\u0259hliz<br \/>\n  <\/figcaption><\/figure>\n<figure class=\"wp-block-image size-large\">\n  <img decoding=\"async\" src=\"https:\/\/www.meydan.tv\/az\/image00011-jpeg-9\/\" alt=\"image00011.jpeg\" class=\"wp-image-122104\"\/><figcaption>\n    ev<br \/>\n  <\/figcaption><\/figure>\n<figure class=\"wp-block-image size-large\">\n  <img decoding=\"async\" src=\"https:\/\/www.meydan.tv\/az\/image00015-jpeg-3\/\" alt=\"image00015.jpeg\" class=\"wp-image-122113\"\/><figcaption>\n    Xan\u0131m M\u0259mm\u0259dova<br \/>\n  <\/figcaption><\/figure>\n","protected":false},"excerpt":{"rendered":"<p>Dam\u0131m\u0131z d\u0259mirdi, yag\u0306\u0131s\u0327 yag\u0306anda s\u0259sind\u0259n durmaq mu\u0308mku\u0308n deyil<\/p>\n","protected":false},"author":11,"featured_media":122083,"comment_status":"closed","ping_status":"open","sticky":false,"template":"","format":"standard","meta":{"_acf_changed":false,"_sitemap_exclude":false,"_sitemap_priority":"","_sitemap_frequency":"","footnotes":""},"categories":[60],"tags":[],"class_list":["post-194987","post","type-post","status-publish","format-standard","has-post-thumbnail","hentry","category-bolge","infinite-scroll-item","generate-columns","tablet-grid-50","mobile-grid-100","grid-parent","grid-33","no-featured-image-padding"],"acf":[],"yoast_head":"<!-- This site is optimized with the Yoast SEO plugin v27.4 - https:\/\/yoast.com\/product\/yoast-seo-wordpress\/ -->\n<title>Do\u011fum evinin 26 illik sakinl\u0259ri - MEYDAN.TV<\/title>\n<meta name=\"robots\" content=\"index, follow, max-snippet:-1, max-image-preview:large, max-video-preview:-1\" \/>\n<link rel=\"canonical\" href=\"https:\/\/www.meydan.tv\/az\/article\/dogum-evinin-26-illik-sakinleri\/\" \/>\n<meta property=\"og:locale\" content=\"az_AZ\" \/>\n<meta property=\"og:type\" content=\"article\" \/>\n<meta property=\"og:title\" content=\"Do\u011fum evinin 26 illik sakinl\u0259ri - MEYDAN.TV\" \/>\n<meta property=\"og:description\" content=\"Dam\u0131m\u0131z d\u0259mirdi, yag\u0306\u0131s\u0327 yag\u0306anda s\u0259sind\u0259n durmaq mu\u0308mku\u0308n deyil\" \/>\n<meta property=\"og:url\" content=\"https:\/\/www.meydan.tv\/az\/article\/dogum-evinin-26-illik-sakinleri\/\" \/>\n<meta property=\"og:site_name\" content=\"MEYDAN.TV\" \/>\n<meta property=\"article:published_time\" content=\"2019-04-16T12:41:46+00:00\" \/>\n<meta property=\"og:image\" content=\"https:\/\/www.meydan.tv\/wp-content\/uploads\/image00016_tf254uq.jpeg\" \/>\n\t<meta property=\"og:image:width\" content=\"640\" \/>\n\t<meta property=\"og:image:height\" content=\"480\" \/>\n\t<meta property=\"og:image:type\" content=\"image\/jpeg\" \/>\n<meta name=\"author\" content=\"user-manager\" \/>\n<meta name=\"twitter:card\" content=\"summary_large_image\" \/>\n<script type=\"application\/ld+json\" class=\"yoast-schema-graph\">{\"@context\":\"https:\\\/\\\/schema.org\",\"@graph\":[{\"@type\":\"Article\",\"@id\":\"https:\\\/\\\/www.meydan.tv\\\/az\\\/article\\\/dogum-evinin-26-illik-sakinleri\\\/#article\",\"isPartOf\":{\"@id\":\"https:\\\/\\\/www.meydan.tv\\\/az\\\/article\\\/dogum-evinin-26-illik-sakinleri\\\/\"},\"author\":{\"name\":\"user-manager\",\"@id\":\"https:\\\/\\\/www.meydan.tv\\\/az\\\/#\\\/schema\\\/person\\\/10d11eccf6da3662cf5fdab9806ea91a\"},\"headline\":\"Do\u011fum evinin 26 illik sakinl\u0259ri\",\"datePublished\":\"2019-04-16T12:41:46+00:00\",\"mainEntityOfPage\":{\"@id\":\"https:\\\/\\\/www.meydan.tv\\\/az\\\/article\\\/dogum-evinin-26-illik-sakinleri\\\/\"},\"wordCount\":1051,\"publisher\":{\"@id\":\"https:\\\/\\\/www.meydan.tv\\\/az\\\/#organization\"},\"image\":{\"@id\":\"https:\\\/\\\/www.meydan.tv\\\/az\\\/article\\\/dogum-evinin-26-illik-sakinleri\\\/#primaryimage\"},\"thumbnailUrl\":\"https:\\\/\\\/www.meydan.tv\\\/wp-content\\\/uploads\\\/image00016_tf254uq.jpeg\",\"articleSection\":[\"B\u00f6lg\u0259\"],\"inLanguage\":\"az\"},{\"@type\":\"WebPage\",\"@id\":\"https:\\\/\\\/www.meydan.tv\\\/az\\\/article\\\/dogum-evinin-26-illik-sakinleri\\\/\",\"url\":\"https:\\\/\\\/www.meydan.tv\\\/az\\\/article\\\/dogum-evinin-26-illik-sakinleri\\\/\",\"name\":\"Do\u011fum evinin 26 illik sakinl\u0259ri - MEYDAN.TV\",\"isPartOf\":{\"@id\":\"https:\\\/\\\/www.meydan.tv\\\/az\\\/#website\"},\"primaryImageOfPage\":{\"@id\":\"https:\\\/\\\/www.meydan.tv\\\/az\\\/article\\\/dogum-evinin-26-illik-sakinleri\\\/#primaryimage\"},\"image\":{\"@id\":\"https:\\\/\\\/www.meydan.tv\\\/az\\\/article\\\/dogum-evinin-26-illik-sakinleri\\\/#primaryimage\"},\"thumbnailUrl\":\"https:\\\/\\\/www.meydan.tv\\\/wp-content\\\/uploads\\\/image00016_tf254uq.jpeg\",\"datePublished\":\"2019-04-16T12:41:46+00:00\",\"breadcrumb\":{\"@id\":\"https:\\\/\\\/www.meydan.tv\\\/az\\\/article\\\/dogum-evinin-26-illik-sakinleri\\\/#breadcrumb\"},\"inLanguage\":\"az\",\"potentialAction\":[{\"@type\":\"ReadAction\",\"target\":[\"https:\\\/\\\/www.meydan.tv\\\/az\\\/article\\\/dogum-evinin-26-illik-sakinleri\\\/\"]}]},{\"@type\":\"ImageObject\",\"inLanguage\":\"az\",\"@id\":\"https:\\\/\\\/www.meydan.tv\\\/az\\\/article\\\/dogum-evinin-26-illik-sakinleri\\\/#primaryimage\",\"url\":\"https:\\\/\\\/www.meydan.tv\\\/wp-content\\\/uploads\\\/image00016_tf254uq.jpeg\",\"contentUrl\":\"https:\\\/\\\/www.meydan.tv\\\/wp-content\\\/uploads\\\/image00016_tf254uq.jpeg\",\"width\":640,\"height\":480,\"caption\":\"Source: meydan tv\"},{\"@type\":\"BreadcrumbList\",\"@id\":\"https:\\\/\\\/www.meydan.tv\\\/az\\\/article\\\/dogum-evinin-26-illik-sakinleri\\\/#breadcrumb\",\"itemListElement\":[{\"@type\":\"ListItem\",\"position\":1,\"name\":\"Ana s\u0259hif\u0259\",\"item\":\"https:\\\/\\\/www.meydan.tv\\\/az\\\/\"},{\"@type\":\"ListItem\",\"position\":2,\"name\":\"B\u00f6lg\u0259\",\"item\":\"https:\\\/\\\/www.meydan.tv\\\/az\\\/section\\\/bolge\\\/\"},{\"@type\":\"ListItem\",\"position\":3,\"name\":\"Do\u011fum evinin 26 illik sakinl\u0259ri\"}]},{\"@type\":\"WebSite\",\"@id\":\"https:\\\/\\\/www.meydan.tv\\\/az\\\/#website\",\"url\":\"https:\\\/\\\/www.meydan.tv\\\/az\\\/\",\"name\":\"MEYDAN.TV\",\"description\":\"Meydan TV Az\u0259rbaycan\u0131n media m\u0259kan\u0131ndak\u0131 alternativ s\u0259sidir\",\"publisher\":{\"@id\":\"https:\\\/\\\/www.meydan.tv\\\/az\\\/#organization\"},\"potentialAction\":[{\"@type\":\"SearchAction\",\"target\":{\"@type\":\"EntryPoint\",\"urlTemplate\":\"https:\\\/\\\/www.meydan.tv\\\/az\\\/?s={search_term_string}\"},\"query-input\":{\"@type\":\"PropertyValueSpecification\",\"valueRequired\":true,\"valueName\":\"search_term_string\"}}],\"inLanguage\":\"az\"},{\"@type\":\"Organization\",\"@id\":\"https:\\\/\\\/www.meydan.tv\\\/az\\\/#organization\",\"name\":\"Meydan TV\",\"url\":\"https:\\\/\\\/www.meydan.tv\\\/az\\\/\",\"logo\":{\"@type\":\"ImageObject\",\"inLanguage\":\"az\",\"@id\":\"https:\\\/\\\/www.meydan.tv\\\/az\\\/#\\\/schema\\\/logo\\\/image\\\/\",\"url\":\"https:\\\/\\\/www.meydan.tv\\\/wp-content\\\/uploads\\\/2021\\\/07\\\/meydan-logo.svg\",\"contentUrl\":\"https:\\\/\\\/www.meydan.tv\\\/wp-content\\\/uploads\\\/2021\\\/07\\\/meydan-logo.svg\",\"width\":195,\"height\":46,\"caption\":\"Meydan TV\"},\"image\":{\"@id\":\"https:\\\/\\\/www.meydan.tv\\\/az\\\/#\\\/schema\\\/logo\\\/image\\\/\"}},{\"@type\":\"Person\",\"@id\":\"https:\\\/\\\/www.meydan.tv\\\/az\\\/#\\\/schema\\\/person\\\/10d11eccf6da3662cf5fdab9806ea91a\",\"name\":\"user-manager\"}]}<\/script>\n<!-- \/ Yoast SEO plugin. -->","yoast_head_json":{"title":"Do\u011fum evinin 26 illik sakinl\u0259ri - MEYDAN.TV","robots":{"index":"index","follow":"follow","max-snippet":"max-snippet:-1","max-image-preview":"max-image-preview:large","max-video-preview":"max-video-preview:-1"},"canonical":"https:\/\/www.meydan.tv\/az\/article\/dogum-evinin-26-illik-sakinleri\/","og_locale":"az_AZ","og_type":"article","og_title":"Do\u011fum evinin 26 illik sakinl\u0259ri - MEYDAN.TV","og_description":"Dam\u0131m\u0131z d\u0259mirdi, yag\u0306\u0131s\u0327 yag\u0306anda s\u0259sind\u0259n durmaq mu\u0308mku\u0308n deyil","og_url":"https:\/\/www.meydan.tv\/az\/article\/dogum-evinin-26-illik-sakinleri\/","og_site_name":"MEYDAN.TV","article_published_time":"2019-04-16T12:41:46+00:00","og_image":[{"width":640,"height":480,"url":"https:\/\/www.meydan.tv\/wp-content\/uploads\/image00016_tf254uq.jpeg","type":"image\/jpeg"}],"author":"user-manager","twitter_card":"summary_large_image","schema":{"@context":"https:\/\/schema.org","@graph":[{"@type":"Article","@id":"https:\/\/www.meydan.tv\/az\/article\/dogum-evinin-26-illik-sakinleri\/#article","isPartOf":{"@id":"https:\/\/www.meydan.tv\/az\/article\/dogum-evinin-26-illik-sakinleri\/"},"author":{"name":"user-manager","@id":"https:\/\/www.meydan.tv\/az\/#\/schema\/person\/10d11eccf6da3662cf5fdab9806ea91a"},"headline":"Do\u011fum evinin 26 illik sakinl\u0259ri","datePublished":"2019-04-16T12:41:46+00:00","mainEntityOfPage":{"@id":"https:\/\/www.meydan.tv\/az\/article\/dogum-evinin-26-illik-sakinleri\/"},"wordCount":1051,"publisher":{"@id":"https:\/\/www.meydan.tv\/az\/#organization"},"image":{"@id":"https:\/\/www.meydan.tv\/az\/article\/dogum-evinin-26-illik-sakinleri\/#primaryimage"},"thumbnailUrl":"https:\/\/www.meydan.tv\/wp-content\/uploads\/image00016_tf254uq.jpeg","articleSection":["B\u00f6lg\u0259"],"inLanguage":"az"},{"@type":"WebPage","@id":"https:\/\/www.meydan.tv\/az\/article\/dogum-evinin-26-illik-sakinleri\/","url":"https:\/\/www.meydan.tv\/az\/article\/dogum-evinin-26-illik-sakinleri\/","name":"Do\u011fum evinin 26 illik sakinl\u0259ri - MEYDAN.TV","isPartOf":{"@id":"https:\/\/www.meydan.tv\/az\/#website"},"primaryImageOfPage":{"@id":"https:\/\/www.meydan.tv\/az\/article\/dogum-evinin-26-illik-sakinleri\/#primaryimage"},"image":{"@id":"https:\/\/www.meydan.tv\/az\/article\/dogum-evinin-26-illik-sakinleri\/#primaryimage"},"thumbnailUrl":"https:\/\/www.meydan.tv\/wp-content\/uploads\/image00016_tf254uq.jpeg","datePublished":"2019-04-16T12:41:46+00:00","breadcrumb":{"@id":"https:\/\/www.meydan.tv\/az\/article\/dogum-evinin-26-illik-sakinleri\/#breadcrumb"},"inLanguage":"az","potentialAction":[{"@type":"ReadAction","target":["https:\/\/www.meydan.tv\/az\/article\/dogum-evinin-26-illik-sakinleri\/"]}]},{"@type":"ImageObject","inLanguage":"az","@id":"https:\/\/www.meydan.tv\/az\/article\/dogum-evinin-26-illik-sakinleri\/#primaryimage","url":"https:\/\/www.meydan.tv\/wp-content\/uploads\/image00016_tf254uq.jpeg","contentUrl":"https:\/\/www.meydan.tv\/wp-content\/uploads\/image00016_tf254uq.jpeg","width":640,"height":480,"caption":"Source: meydan tv"},{"@type":"BreadcrumbList","@id":"https:\/\/www.meydan.tv\/az\/article\/dogum-evinin-26-illik-sakinleri\/#breadcrumb","itemListElement":[{"@type":"ListItem","position":1,"name":"Ana s\u0259hif\u0259","item":"https:\/\/www.meydan.tv\/az\/"},{"@type":"ListItem","position":2,"name":"B\u00f6lg\u0259","item":"https:\/\/www.meydan.tv\/az\/section\/bolge\/"},{"@type":"ListItem","position":3,"name":"Do\u011fum evinin 26 illik sakinl\u0259ri"}]},{"@type":"WebSite","@id":"https:\/\/www.meydan.tv\/az\/#website","url":"https:\/\/www.meydan.tv\/az\/","name":"MEYDAN.TV","description":"Meydan TV Az\u0259rbaycan\u0131n media m\u0259kan\u0131ndak\u0131 alternativ s\u0259sidir","publisher":{"@id":"https:\/\/www.meydan.tv\/az\/#organization"},"potentialAction":[{"@type":"SearchAction","target":{"@type":"EntryPoint","urlTemplate":"https:\/\/www.meydan.tv\/az\/?s={search_term_string}"},"query-input":{"@type":"PropertyValueSpecification","valueRequired":true,"valueName":"search_term_string"}}],"inLanguage":"az"},{"@type":"Organization","@id":"https:\/\/www.meydan.tv\/az\/#organization","name":"Meydan TV","url":"https:\/\/www.meydan.tv\/az\/","logo":{"@type":"ImageObject","inLanguage":"az","@id":"https:\/\/www.meydan.tv\/az\/#\/schema\/logo\/image\/","url":"https:\/\/www.meydan.tv\/wp-content\/uploads\/2021\/07\/meydan-logo.svg","contentUrl":"https:\/\/www.meydan.tv\/wp-content\/uploads\/2021\/07\/meydan-logo.svg","width":195,"height":46,"caption":"Meydan TV"},"image":{"@id":"https:\/\/www.meydan.tv\/az\/#\/schema\/logo\/image\/"}},{"@type":"Person","@id":"https:\/\/www.meydan.tv\/az\/#\/schema\/person\/10d11eccf6da3662cf5fdab9806ea91a","name":"user-manager"}]}},"_links":{"self":[{"href":"https:\/\/www.meydan.tv\/az\/wp-json\/wp\/v2\/posts\/194987","targetHints":{"allow":["GET"]}}],"collection":[{"href":"https:\/\/www.meydan.tv\/az\/wp-json\/wp\/v2\/posts"}],"about":[{"href":"https:\/\/www.meydan.tv\/az\/wp-json\/wp\/v2\/types\/post"}],"author":[{"embeddable":true,"href":"https:\/\/www.meydan.tv\/az\/wp-json\/wp\/v2\/users\/11"}],"replies":[{"embeddable":true,"href":"https:\/\/www.meydan.tv\/az\/wp-json\/wp\/v2\/comments?post=194987"}],"version-history":[{"count":0,"href":"https:\/\/www.meydan.tv\/az\/wp-json\/wp\/v2\/posts\/194987\/revisions"}],"wp:featuredmedia":[{"embeddable":true,"href":"https:\/\/www.meydan.tv\/az\/wp-json\/wp\/v2\/media\/122083"}],"wp:attachment":[{"href":"https:\/\/www.meydan.tv\/az\/wp-json\/wp\/v2\/media?parent=194987"}],"wp:term":[{"taxonomy":"category","embeddable":true,"href":"https:\/\/www.meydan.tv\/az\/wp-json\/wp\/v2\/categories?post=194987"},{"taxonomy":"post_tag","embeddable":true,"href":"https:\/\/www.meydan.tv\/az\/wp-json\/wp\/v2\/tags?post=194987"}],"curies":[{"name":"wp","href":"https:\/\/api.w.org\/{rel}","templated":true}]}}