{"id":194969,"date":"2019-04-15T14:42:04","date_gmt":"2019-04-15T14:42:04","guid":{"rendered":"https:\/\/www.meydan.tv\/article\/pambiqci-prezidente-dedikleri-qeder-qazansaydim-qisda-acindan-olmezdim\/"},"modified":"2019-04-15T14:42:04","modified_gmt":"2019-04-15T14:42:04","slug":"pambiqci-prezidente-dedikleri-qeder-qazansaydim-qisda-acindan-olmezdim","status":"publish","type":"post","link":"https:\/\/www.meydan.tv\/az\/article\/pambiqci-prezidente-dedikleri-qeder-qazansaydim-qisda-acindan-olmezdim\/","title":{"rendered":"Pamb\u0131q\u00e7\u0131: Prezident\u0259 dedikl\u0259ri q\u0259d\u0259r qazansayd\u0131m, q\u0131\u015fda ac\u0131ndan \u00f6lm\u0259zdim"},"content":{"rendered":"<p>\n  <i><br \/>\n    &#x27;&#x27;Kartof qaynatmas\u0131 yem\u0259kd\u0259n bezmi\u015fdim, indi onu da tapm\u0131ram&#x27;&#x27;<br \/>\n  <\/i>\n<\/p>\n<p>\n  \u201cPamb\u0131q m\u00f6vs\u00fcm\u00fc il\u0259 birg\u0259 bizim dolan\u0131\u015f\u0131\u011f\u0131m\u0131z, ya\u015fay\u0131\u015f\u0131m\u0131z da bitir. Rayonda ba\u015fqa i\u015f tapmaq m\u00fcmk\u00fcn deyil. Birc\u0259 pamb\u0131qd\u0131r, o da m\u00f6vs\u00fcmd\u0259n m\u00f6vs\u00fcm\u0259. M\u0259n yalandan, b\u0259z\u0259kli-d\u00fcz\u0259kli c\u00fcml\u0259l\u0259r qura bilmir\u0259m, q\u0131\u015f aylar\u0131n\u0131 yem\u0259y\u0259 \u00e7\u00f6r\u0259k tapmam\u0131\u015f\u0131q\u201d.\n<\/p>\n<p>\n  K\u00fcrd\u0259mir sakini, 53 ya\u015fl\u0131 P\u00fcst\u0259 Orucova bel\u0259 deyir. Bildirir ki, imkans\u0131zl\u0131qdan ail\u0259si ona t\u0259hsil ver\u0259 bilm\u0259yib. Erk\u0259n ya\u015fda ail\u0259 qurmal\u0131 olub. H\u0259yat yolda\u015f\u0131n\u0131n da bir pe\u015f\u0259si, s\u0259n\u0259ti olmad\u0131\u011f\u0131ndan ilk g\u00fcnd\u0259n yoxsulluq \u00e7\u0259kib. \u00d6lk\u0259d\u0259 k\u00fctl\u0259vi pamb\u0131q \u0259kinin\u0259 start veril\u0259n\u0259d\u0259k yolda\u015f\u0131 f\u0259hl\u0259lik edib, ail\u0259ni doland\u0131r\u0131rm\u0131\u015f. Sonradan bir aya\u011f\u0131 tutulub, i\u015fl\u0259d\u0259 bilm\u0259yib. Bununla ail\u0259nin dolan\u0131\u015f\u0131\u011f\u0131 \u00e7\u0259tinl\u0259\u015fib. Son 2 ild\u0259 evin xan\u0131m\u0131 P\u00fcst\u0259 Orucova qon\u015fu qad\u0131nlarla birg\u0259 pamb\u0131q sah\u0259l\u0259rin\u0259 ala\u011fa, pamb\u0131q toplma\u011fa getm\u0259y\u0259 ba\u015flay\u0131b. \u201c\u0130ndi n\u0259 pamb\u0131q, n\u0259 i\u015f, n\u0259 d\u0259 pul var\u201d, &#8211; deyir. M\u00f6vs\u00fcm\u00fcnd\u0259 g\u00fcn\u00fc 7-8 manatdan i\u015fl\u0259yir, sonra q\u0131\u015fla birg\u0259 qara g\u00fcnl\u0259rinin d\u0259 g\u0259ldiyini s\u00f6yl\u0259yir.\n<\/p>\n<p>\n  <i><br \/>\n    M\u00f6vs\u00fcm\u00fcnd\u0259 7-8 manat qazanc, ba\u015fqa vaxt\u0131 ac\u0131ndan \u00f6ld\u00fcr\u0259n pamb\u0131q<br \/>\n  <\/i>\n<\/p>\n<p>\n  2016-c\u0131 ild\u0259n pamb\u0131q\u00e7\u0131l\u0131q h\u00f6kum\u0259tin \u0259sas diqq\u0259t ay\u0131rd\u0131\u011f\u0131 sah\u0259l\u0259rd\u0259n birin\u0259 \u00e7evrilib. H\u00f6kum\u0259t bu sah\u0259ni inki\u015faf etdirm\u0259kl\u0259 h\u0259m yeni i\u015f yerl\u0259rinin a\u00e7\u0131lmas\u0131n\u0131, h\u0259m d\u0259 \u00f6lk\u0259y\u0259 valyuta ax\u0131n\u0131n\u0131 art\u0131rma\u011f\u0131 d\u00fc\u015f\u00fcnd\u00fcy\u00fcn\u00fc b\u0259yan edib.\n<\/p>\n<figure class=\"wp-block-image size-large\">\n  <img decoding=\"async\" src=\"https:\/\/www.meydan.tv\/az\/image00002-jpeg-10\/\" alt=\"image00002.jpeg\" class=\"wp-image-122026\"\/><figcaption>\n    m\u0259tb\u0259x<br \/>\n  <\/figcaption><\/figure>\n<p>\n  \u00d6lk\u0259 prezidenti \u0130lham \u018fliyevin 2017-ci il 13 iyul tarixli<br \/>\n  <a href=\"http:\/\/www.e-qanun.az\/framework\/36050\"><br \/>\n    s\u0259r\u0259ncam<br \/>\n  <\/a><br \/>\n  \u0131 il\u0259 \u201cAz\u0259rbaycan Respublikas\u0131nda pamb\u0131q\u00e7\u0131l\u0131\u011f\u0131n inki\u015faf\u0131na dair 2017\u20132022-ci ill\u0259r \u00fc\u00e7\u00fcn D\u00f6vl\u0259t Proqram\u0131\u201d da t\u0259sdiq edilib v\u0259 m\u0259qs\u0259d 2022-ci il\u0259d\u0259k pamb\u0131q istehsal\u0131n\u0131 500 min tona \u00e7atd\u0131rmaqd\u0131r. Proqram dem\u0259k olar ki, b\u00fct\u00fcn d\u00f6vl\u0259t qurumlar\u0131, x\u00fcsusi il\u0259 d\u0259 Maliyy\u0259 v\u0259 \u0130qtisadiyyat nazirlikl\u0259rinin \u00fcz\u0259rin\u0259 pamb\u0131q\u00e7\u0131l\u0131\u011f\u0131n inki\u015faf\u0131na x\u00fcsusi diqq\u0259t ay\u0131rmaqla ba\u011fl\u0131 \u00f6hd\u0259lik qoyub.\n<\/p>\n<p>\n  Bu sah\u0259y\u0259<br \/>\n  <a href=\"https:\/\/cabmin.gov.az\/archive\/documents\/\"><br \/>\n    2016-c\u0131 il<br \/>\n  <\/a><br \/>\n  d\u0259n ba\u015flayaraq d\u00f6vl\u0259t b\u00fcdc\u0259sid\u0259n subsidiya da ayr\u0131l\u0131r.\n<\/p>\n<p>\n  Prezident \u0130lham \u018fliyev \u00e7\u0131x\u0131\u015flar\u0131ndan birind\u0259 deyib ki, 2017-ci ild\u0259 pamb\u0131q\u00e7\u0131l\u0131qda 200 mind\u0259n \u00e7ox insan i\u015fl\u0259 t\u0259min olunub.\n<\/p>\n<p>\n  <i><br \/>\n    \u201cC\u0259nab prezident, g\u00fcn\u0259 100 kiloqram y\u0131\u011fsalar, ax\u015fam evl\u0259rin\u0259 100 manat pul apar\u0131rlar\u201d<br \/>\n  <\/i>\n<\/p>\n<p>\n  \u00d6t\u0259n ilin sonu<br \/>\n  <a href=\"https:\/\/president.az\/articles\/30587\"><br \/>\n    \u0130lham \u018fliyev<br \/>\n  <\/a><br \/>\n  A\u011fcab\u0259di rayonundak\u0131 pamb\u0131q sah\u0259l\u0259rind\u0259n birin\u0259 getmi\u015fdi. Buradak\u0131 \u00e7\u0131x\u0131\u015f\u0131nda is\u0259 bildirmi\u015fdi ki, pamb\u0131q\u00e7\u0131l\u0131qda 190 min insan i\u015fl\u0259yir, pul qazan\u0131r, h\u0259m \u00f6z ail\u0259 b\u00fcdc\u0259sini yax\u015f\u0131la\u015fd\u0131r\u0131r, h\u0259m d\u0259 d\u00f6vl\u0259t\u0259 xeyir verir. Prezidentin adamba\u015f\u0131na orta hesabla n\u0259 q\u0259d\u0259r pamb\u0131q y\u0131\u011f\u0131rs\u0131n\u0131z? \u2013 sual\u0131na pamb\u0131q\u00e7\u0131lar g\u00fcnd\u0259 110-120 kiloqram cavab\u0131n\u0131 vermi\u015fdil\u0259r. Bu zaman \u0130lham \u018fliyev onlar\u0131n g\u00fcnd\u0259lik qazanclar\u0131n\u0131 x\u0259b\u0259r alm\u0131\u015fd\u0131. Pamb\u0131q\u00e7\u0131lardan \u00f6nc\u0259 A\u011fcab\u0259dinin icra ba\u015f\u00e7\u0131s\u0131 \u015eahin M\u0259mm\u0259dov h\u0259r pamb\u0131q\u00e7\u0131n\u0131n g\u00fcn\u0259 24 manat g\u0259lir g\u00f6t\u00fcrd\u00fcy\u00fcn\u00fc s\u00f6yl\u0259mi\u015fdi. \u018flav\u0259 etmi\u015fdi ki, bir evd\u0259n tarlaya be\u015f adam \u00e7\u0131x\u0131rsa, h\u0259r\u0259si 100 kiloqram y\u0131\u011fsa, ax\u015fam evl\u0259rin\u0259 100 manat pul apar\u0131rlar. \u0130lham \u018fliyev bunun \u00e7ox yax\u015f\u0131 oldu\u011funu s\u00f6yl\u0259mi\u015fdi.\n<\/p>\n<figure class=\"wp-block-image size-large\">\n  <img decoding=\"async\" src=\"https:\/\/www.meydan.tv\/az\/image00006-jpeg-12\/\" alt=\"image00006.jpeg\" class=\"wp-image-122029\"\/><figcaption>\n    Pamb\u0131q\u00e7\u0131n\u0131n evi<br \/>\n  <\/figcaption><\/figure>\n<p>\n  <i><br \/>\n    \u201cBiz bir g\u00fcnd\u0259 7 manat qazananda sevinirik\u201d<br \/>\n  <\/i>\n<\/p>\n<p>\n  P\u00fcst\u0259 Orucova is\u0259 deyir ki, \u00f6z\u00fcn\u00fc \u00f6ld\u00fcrs\u0259, g\u00fcn\u0259 50-60 kilodan \u00e7ox pamb\u0131q toplamaq m\u00fcmk\u00fcn deyil:\n<\/p>\n<p>\n  \u201cBizd\u0259 bir xan\u0131m var, \u0259n \u00e7ox o toplay\u0131r. \u018fli g\u00f6r\u00fcnm\u00fcr, \u00f6z\u00fcn\u00fc \u00f6ld\u00fcr\u00fcr. Onun \u0259n \u00e7ox toplad\u0131\u011f\u0131 72 kilo olub. Televiziyada deyirl\u0259r, g\u00fcn\u0259 120 kilo toplamaq m\u00fcmk\u00fcnd\u00fcr. H\u0259min pamb\u0131q\u00e7\u0131lar\u0131n \u0259ynind\u0259 x\u00fcsusi geyim, ba\u015flar\u0131nda papaq da vard\u0131. \u018fslind\u0259 el\u0259dirmi? \u018fliyal\u0131n, \u00fcz\u00fcm\u00fcz\u0259 d\u0259 evd\u0259n tapd\u0131\u011f\u0131m\u0131z k\u00f6hn\u0259 bezd\u0259n, par\u00e7adan ba\u011flay\u0131b, gedirik. El\u0259 buradan da h\u0259r \u015feyin yalan oldu\u011fu g\u00f6r\u00fcn\u00fcr. Deyirl\u0259r, g\u00fcn\u0259 20 manatdan \u00e7ox qazan\u0131r\u0131q. Adam\u0131n lap g\u00fclm\u0259yi g\u0259lir. Onlar hans\u0131 \u00f6lk\u0259d\u0259 ya\u015fay\u0131r, bilmir\u0259m, amma biz bir g\u00fcnd\u0259 7 manat qazananda sevinirik\u201d.\n<\/p>\n<p>\n  <i><br \/>\n    \u201cKim itirib o 20 manat\u0131 ki, pamb\u0131q\u00e7\u0131 taps\u0131n?\u201d<br \/>\n  <\/i>\n<\/p>\n<p>\n  P.Orucova deyir ki, evind\u0259 n\u0259 i\u015f\u0131\u011f\u0131, n\u0259 d\u0259 qaz\u0131 var. Yem\u0259yini, \u00e7ay\u0131n\u0131 h\u0259y\u0259td\u0259ki ocaqda haz\u0131rlay\u0131r. Odun alma\u011fa bel\u0259 imkan\u0131 olmad\u0131\u011f\u0131ndan, b\u00fct\u00fcn g\u00fcn\u00fc k\u00fc\u00e7\u0259l\u0259rd\u0259n \u00e7\u00f6r-\u00e7\u00f6p toplay\u0131r, bununla q\u0131\u015f\u0131 birt\u0259h\u0259r yola verir:\n<\/p>\n<figure class=\"wp-block-image size-large\">\n  <img decoding=\"async\" src=\"https:\/\/www.meydan.tv\/az\/image00011-jpeg-8\/\" alt=\"image00011.jpeg\" class=\"wp-image-122035\"\/><figcaption>\n    ev<br \/>\n  <\/figcaption><\/figure>\n<p>\n  \u201c\u0130\u015f\u0131q \u00e7\u0259kdirm\u0259k ist\u0259dik, dedil\u0259r r\u00fcsum \u00f6d\u0259m\u0259lisiniz. Biz 20 q\u0259pik tapm\u0131r\u0131q ki, \u00e7\u00f6r\u0259k alaq. R\u00fcsumu haradan tapaq? Qaz \u00fc\u00e7\u00fcn d\u0259 deyirl\u0259r ki, borular\u0131 al\u0131n, g\u0259l\u0259k \u00e7\u0259k\u0259k. M\u0259n g\u00fcn\u0259 20 manat qazansayd\u0131m, bunlar\u0131 ed\u0259 bilm\u0259zdimmi? Kim itirib o 20 manat\u0131 ki, pamb\u0131q\u00e7\u0131 taps\u0131n? Prezident\u0259 dedikl\u0259ri q\u0259d\u0259r qazansayd\u0131m, q\u0131\u015fda ac\u0131ndan \u00f6lm\u0259zdim\u201d.\n<\/p>\n<p>\n  <i><br \/>\n    \u201cPamb\u0131q topland\u0131, bitdi, yetim P\u00fcst\u0259nin qara g\u00fcnl\u0259ri ba\u015flad\u0131\u201d<br \/>\n  <\/i>\n<\/p>\n<p>\n  P. Orucova evini i\u015f\u0131qland\u0131rmaq \u00fc\u00e7\u00fcn qon\u015fudan uzad\u0131c\u0131 il\u0259 elektrik \u00e7\u0259kib. Deyir, ona da utand\u0131\u011f\u0131ndan \u0259lav\u0259 he\u00e7 n\u0259 taxa bilmir. Birc\u0259 lampa tax\u0131r ki, gec\u0259l\u0259r qaranl\u0131qda oturmas\u0131nlar:\n<\/p>\n<p>\n  \u201cYa\u015fay\u0131\u015f\u0131m\u0131, dolan\u0131\u015f\u0131\u011f\u0131m\u0131 g\u00f6r\u00fcrs\u00fcn\u00fcz d\u0259. He\u00e7 yerd\u0259n k\u00f6m\u0259yim, bir q\u0259pik alaca\u011f\u0131m yoxdur. Pamb\u0131q topland\u0131, bitdi, yetim P\u00fcst\u0259nin qara g\u00fcnl\u0259ri ba\u015flad\u0131. Qazanc\u0131m i\u015f olan vaxtlar ac qalmama\u011fa yetir. Vallah, kartof qaynatmas\u0131 yem\u0259kd\u0259n bezmi\u015fdim, indi onu da tapm\u0131ram. Bir bax\u0131n d\u0259, qazs\u0131z, i\u015f\u0131qs\u0131z bir evd\u0259 q\u0131\u015f\u0131 ba\u015fa vurmaq n\u0259 dem\u0259kdir?\u201d\n<\/p>\n<p>\n  <i><br \/>\n    \u201cAcl\u0131q m\u0259ni x\u0259st\u0259 sal\u0131b\u201d<br \/>\n  <\/i>\n<\/p>\n<p>\n  P\u00fcst\u0259 Orucova deyir ki, bug\u00fcnd\u0259n sabaha \u00fcmidi olmayan insanlard\u0131lar. \u0130ndi d\u0259 \u00fcmidini pamb\u0131\u011fa ba\u011flay\u0131b. G\u00f6zl\u0259yir, toxum s\u0259pilsin, alaq \u00e7\u0131xs\u0131n, yen\u0259 gedib t\u0259mizl\u0259sin:\n<\/p>\n<p>\n  \u201cO a\u011f\u0131r i\u015fi bilirsiniz nec\u0259 h\u0259sr\u0259tl\u0259 g\u00f6zl\u0259yir\u0259m? Vallah, acl\u0131q m\u0259ni x\u0259st\u0259 sal\u0131b. Arada dedim gedib onun-bunun qap\u0131s\u0131n\u0131 t\u0259mizl\u0259yim. B\u0259lk\u0259 3-4 manat ver\u0259n tap\u0131la. Kim\u0259 dedim, \u201cehtiyac\u0131m\u0131z yoxdur\u201d &#8211; cavab\u0131n\u0131 ald\u0131m. Camaat o q\u0259d\u0259r pis v\u0259ziyy\u0259td\u0259 ya\u015fay\u0131r ki, art\u0131q a\u011f\u0131r i\u015fl\u0259rini d\u0259 \u00f6zl\u0259ri g\u00f6r\u00fcrl\u0259r. Adam tutub i\u015f g\u00f6rd\u00fcrm\u0259k d\u00f6vr\u00fc d\u0259 arxada qal\u0131b\u201d.\n<\/p>\n<figure class=\"wp-block-image size-large\">\n  <img decoding=\"async\" src=\"https:\/\/www.meydan.tv\/az\/image00010-jpeg-5\/\" alt=\"image00010.jpeg\" class=\"wp-image-122032\"\/><figcaption>\n    Pamb\u0131q\u00e7\u0131n\u0131n h\u0259y\u0259ti<br \/>\n  <\/figcaption><\/figure>\n<p>\n  <i><br \/>\n    \u201c24 rayonun pamb\u0131q tarlalar\u0131nda 70 min\u0259 yax\u0131n insan i\u015fl\u0259y\u0259c\u0259k\u201d<br \/>\n  <\/i>\n<\/p>\n<p>\n  Prezident \u0130lham \u018fliyev tez-tez yeni i\u015f yerl\u0259rinin a\u00e7\u0131lamas\u0131 il\u0259 ba\u011fl\u0131 a\u00e7\u0131qlamalar verir. Sonuncu \u00e7\u0131x\u0131\u015flar\u0131ndan birind\u0259 o bildirmi\u015fdi ki, son 13 il \u0259rzind\u0259 1 milyon 300 min yeni i\u015f yeri yarad\u0131l\u0131b:\n<\/p>\n<p>\n  \u201cPamb\u0131q\u00e7\u0131l\u0131\u011f\u0131n inki\u015faf\u0131 iqtisadi m\u0259s\u0259l\u0259l\u0259rin h\u0259lli il\u0259 yana\u015f\u0131, eyni zamanda, sosial m\u0259s\u0259l\u0259dir. M\u0259n\u0259 veril\u0259n m\u0259lumata g\u00f6r\u0259, bu il 24 rayonun pamb\u0131q tarlalar\u0131nda 70 min\u0259 yax\u0131n insan i\u015fl\u0259y\u0259c\u0259k v\u0259 bu, m\u0259\u015f\u011fullu\u011fun art\u0131r\u0131lmas\u0131 dem\u0259kdir. \u0130\u015fsizliyin aradan qald\u0131r\u0131lmas\u0131 istiqam\u0259tind\u0259 \u00e7ox ciddi add\u0131mlar at\u0131l\u0131b. El\u0259 pamb\u0131q\u00e7\u0131l\u0131\u011f\u0131n inki\u015faf\u0131 da yeni i\u015f yerl\u0259rinin yarad\u0131lmas\u0131 dem\u0259kdir. Hesab edir\u0259m ki, g\u0259l\u0259n il \u0259kin sah\u0259l\u0259ri daha da artacaq v\u0259 bel\u0259likl\u0259, i\u015fl\u0259y\u0259nl\u0259rin say\u0131 da artmal\u0131d\u0131r. Pamb\u0131q \u0259kil\u0259n rayonlarda y\u00fcz minl\u0259rl\u0259 insan bu i\u015fl\u0259r\u0259 c\u0259lb edil\u0259c\u0259k\u201d.\n<\/p>\n<p>\n  Prezidentin, el\u0259c\u0259 d\u0259 d\u00f6vl\u0259t r\u0259smil\u0259rinin a\u00e7\u0131qlamalar\u0131na g\u00f6r\u0259, pamb\u0131q\u00e7\u0131l\u0131q siyas\u0259tind\u0259n daha \u00e7ox b\u0259hr\u0259l\u0259n\u0259nl\u0259r region \u0259halisi olmal\u0131 idi. \u00d6lk\u0259d\u0259 200 mind\u0259n \u00e7ox i\u015f yerl\u0259rinin yarad\u0131laca\u011f\u0131 g\u00f6zl\u0259nilirdi.\n<\/p>\n<p>\n  <i><br \/>\n    \u201cM\u00f6vs\u00fcmidir dey\u0259, faktiki i\u015fsiz say\u0131l\u0131rsan\u201d<br \/>\n  <\/i>\n<\/p>\n<p>\n  P\u00fcst\u0259 Orucova deyir ki, pamb\u0131q y\u0131\u011fmaq, alaq t\u0259mizl\u0259m\u0259k h\u0259m \u00e7ox \u0259ziyy\u0259tli, h\u0259m d\u0259 g\u0259lirsiz sah\u0259dir. D\u00fczd\u00fcr, i\u015fsiz qalmaqdan yax\u015f\u0131d\u0131r, amma h\u0259m d\u0259 m\u00f6vs\u00fcmidir dey\u0259, faktiki i\u015fsiz say\u0131l\u0131rsan. B\u00f6lg\u0259l\u0259rd\u0259 ba\u015fqa yerd\u0259n i\u015f tapmaq is\u0259 \u0259m\u0259lli-ba\u015fl\u0131 z\u00fclmd\u00fcr:\n<\/p>\n<figure class=\"wp-block-image size-large\">\n  <img decoding=\"async\" src=\"https:\/\/www.meydan.tv\/az\/image00001-jpeg-10\/\" alt=\"image00001.jpeg\" class=\"wp-image-122038\"\/><figcaption>\n    Pamb\u0131q\u00e7\u0131 P.Orucova<br \/>\n  <\/figcaption><\/figure>\n<p>\n  \u201cM\u0259nim kimi t\u0259hsilsiz, \u0259lind\u0259 bir pe\u015f\u0259si olmayan insan \u00fc\u00e7\u00fcn ba\u015fqa \u00e7ar\u0259 yoxdur. Bacard\u0131\u011f\u0131m pamb\u0131q toplamaq, alaq etm\u0259kdir, o da ki, m\u00f6vs\u00fcm\u00fcnd\u0259. \u0130lin \u00e7ox ay\u0131n\u0131 i\u015fsiz qal\u0131ram\u201d.\n<\/p>\n<p>\n  Real v\u0259ziyy\u0259t, bu sah\u0259d\u0259 \u00e7al\u0131\u015fanlar\u0131n fikirl\u0259ri v\u0259 son ill\u0259r h\u00f6kum\u0259tin atd\u0131\u011f\u0131 add\u0131mlar g\u00f6st\u0259rir ki, \u0259slind\u0259 pamb\u0131q \u0259kini \u00f6lk\u0259y\u0259 xeyird\u0259n \u00e7ox ziyan g\u0259tirib. Pamb\u0131q\u00e7\u0131lara g\u0259linc\u0259, \u0259ziyy\u0259tl\u0259ri, z\u0259hm\u0259tl\u0259ri \u00e7ox, g\u0259lirl\u0259ri is\u0259 q\u0259pik-quru\u015fdur.\n<\/p>\n<p>\n  Demokratiya v\u0259 Rifah H\u0259r\u0259kat\u0131n\u0131n s\u0259dri, iqtisad\u00e7\u0131 Qubad \u0130bado\u011flu da deyir ki, pamb\u0131q\u00e7\u0131l\u0131q h\u0259qiq\u0259t\u0259n d\u0259 \u0259m\u0259k tutumlu sah\u0259dir. Bu sah\u0259d\u0259 istehsal z\u0259nciri h\u0259m\u00e7inin yeni i\u015f yerl\u0259rinin yarad\u0131lmas\u0131na g\u0259tirib \u00e7\u0131xar\u0131r. Lakin burda \u00e7ox vacib m\u0259s\u0259l\u0259rd\u0259n biri \u0259m\u0259yin d\u0259y\u0259rinin layiqli \u00f6d\u0259nilm\u0259si \u00fc\u00e7\u00fcn qazan\u0131lan g\u0259lirl\u0259rin \u0259dal\u0259tli paylanmas\u0131d\u0131r.\n<\/p>\n<figure class=\"wp-block-image size-large\">\n  <img decoding=\"async\" src=\"https:\/\/www.meydan.tv\/az\/image00009-jpeg-10\/\" alt=\"image00009.jpeg\" class=\"wp-image-122041\"\/><figcaption>\n    ev<br \/>\n  <\/figcaption><\/figure>\n","protected":false},"excerpt":{"rendered":"<p>\u201cBacard\u0131\u011f\u0131m pamb\u0131q toplamaq, alaq etm\u0259kdir, o da ki, m\u00f6vs\u00fcm\u00fcnd\u0259. \u0130lin \u00e7ox ay\u0131n\u0131 i\u015fsiz qal\u0131ram\u201d.<\/p>\n","protected":false},"author":11,"featured_media":122023,"comment_status":"closed","ping_status":"open","sticky":false,"template":"","format":"standard","meta":{"_acf_changed":false,"_sitemap_exclude":false,"_sitemap_priority":"","_sitemap_frequency":"","footnotes":""},"categories":[60],"tags":[],"class_list":["post-194969","post","type-post","status-publish","format-standard","has-post-thumbnail","hentry","category-bolge","infinite-scroll-item","generate-columns","tablet-grid-50","mobile-grid-100","grid-parent","grid-33","no-featured-image-padding"],"acf":[],"yoast_head":"<!-- This site is optimized with the Yoast SEO plugin v27.4 - https:\/\/yoast.com\/product\/yoast-seo-wordpress\/ -->\n<title>Pamb\u0131q\u00e7\u0131: Prezident\u0259 dedikl\u0259ri q\u0259d\u0259r qazansayd\u0131m, q\u0131\u015fda ac\u0131ndan \u00f6lm\u0259zdim - MEYDAN.TV<\/title>\n<meta name=\"robots\" content=\"index, follow, max-snippet:-1, max-image-preview:large, max-video-preview:-1\" \/>\n<link rel=\"canonical\" href=\"https:\/\/www.meydan.tv\/az\/article\/pambiqci-prezidente-dedikleri-qeder-qazansaydim-qisda-acindan-olmezdim\/\" \/>\n<meta property=\"og:locale\" content=\"az_AZ\" \/>\n<meta property=\"og:type\" content=\"article\" \/>\n<meta property=\"og:title\" content=\"Pamb\u0131q\u00e7\u0131: Prezident\u0259 dedikl\u0259ri q\u0259d\u0259r qazansayd\u0131m, q\u0131\u015fda ac\u0131ndan \u00f6lm\u0259zdim - MEYDAN.TV\" \/>\n<meta property=\"og:description\" content=\"\u201cBacard\u0131\u011f\u0131m pamb\u0131q toplamaq, alaq etm\u0259kdir, o da ki, m\u00f6vs\u00fcm\u00fcnd\u0259. \u0130lin \u00e7ox ay\u0131n\u0131 i\u015fsiz qal\u0131ram\u201d.\" \/>\n<meta property=\"og:url\" content=\"https:\/\/www.meydan.tv\/az\/article\/pambiqci-prezidente-dedikleri-qeder-qazansaydim-qisda-acindan-olmezdim\/\" \/>\n<meta property=\"og:site_name\" content=\"MEYDAN.TV\" \/>\n<meta property=\"article:published_time\" content=\"2019-04-15T14:42:04+00:00\" \/>\n<meta property=\"og:image\" content=\"https:\/\/www.meydan.tv\/wp-content\/uploads\/image00005_c0npbef.jpeg\" \/>\n\t<meta property=\"og:image:width\" content=\"640\" \/>\n\t<meta property=\"og:image:height\" content=\"480\" \/>\n\t<meta property=\"og:image:type\" content=\"image\/jpeg\" \/>\n<meta name=\"author\" content=\"user-manager\" \/>\n<meta name=\"twitter:card\" content=\"summary_large_image\" \/>\n<script type=\"application\/ld+json\" class=\"yoast-schema-graph\">{\"@context\":\"https:\\\/\\\/schema.org\",\"@graph\":[{\"@type\":\"Article\",\"@id\":\"https:\\\/\\\/www.meydan.tv\\\/az\\\/article\\\/pambiqci-prezidente-dedikleri-qeder-qazansaydim-qisda-acindan-olmezdim\\\/#article\",\"isPartOf\":{\"@id\":\"https:\\\/\\\/www.meydan.tv\\\/az\\\/article\\\/pambiqci-prezidente-dedikleri-qeder-qazansaydim-qisda-acindan-olmezdim\\\/\"},\"author\":{\"name\":\"user-manager\",\"@id\":\"https:\\\/\\\/www.meydan.tv\\\/az\\\/#\\\/schema\\\/person\\\/10d11eccf6da3662cf5fdab9806ea91a\"},\"headline\":\"Pamb\u0131q\u00e7\u0131: Prezident\u0259 dedikl\u0259ri q\u0259d\u0259r qazansayd\u0131m, q\u0131\u015fda ac\u0131ndan \u00f6lm\u0259zdim\",\"datePublished\":\"2019-04-15T14:42:04+00:00\",\"mainEntityOfPage\":{\"@id\":\"https:\\\/\\\/www.meydan.tv\\\/az\\\/article\\\/pambiqci-prezidente-dedikleri-qeder-qazansaydim-qisda-acindan-olmezdim\\\/\"},\"wordCount\":1708,\"publisher\":{\"@id\":\"https:\\\/\\\/www.meydan.tv\\\/az\\\/#organization\"},\"image\":{\"@id\":\"https:\\\/\\\/www.meydan.tv\\\/az\\\/article\\\/pambiqci-prezidente-dedikleri-qeder-qazansaydim-qisda-acindan-olmezdim\\\/#primaryimage\"},\"thumbnailUrl\":\"https:\\\/\\\/www.meydan.tv\\\/wp-content\\\/uploads\\\/image00005_c0npbef.jpeg\",\"articleSection\":[\"B\u00f6lg\u0259\"],\"inLanguage\":\"az\"},{\"@type\":\"WebPage\",\"@id\":\"https:\\\/\\\/www.meydan.tv\\\/az\\\/article\\\/pambiqci-prezidente-dedikleri-qeder-qazansaydim-qisda-acindan-olmezdim\\\/\",\"url\":\"https:\\\/\\\/www.meydan.tv\\\/az\\\/article\\\/pambiqci-prezidente-dedikleri-qeder-qazansaydim-qisda-acindan-olmezdim\\\/\",\"name\":\"Pamb\u0131q\u00e7\u0131: Prezident\u0259 dedikl\u0259ri q\u0259d\u0259r qazansayd\u0131m, q\u0131\u015fda ac\u0131ndan \u00f6lm\u0259zdim - MEYDAN.TV\",\"isPartOf\":{\"@id\":\"https:\\\/\\\/www.meydan.tv\\\/az\\\/#website\"},\"primaryImageOfPage\":{\"@id\":\"https:\\\/\\\/www.meydan.tv\\\/az\\\/article\\\/pambiqci-prezidente-dedikleri-qeder-qazansaydim-qisda-acindan-olmezdim\\\/#primaryimage\"},\"image\":{\"@id\":\"https:\\\/\\\/www.meydan.tv\\\/az\\\/article\\\/pambiqci-prezidente-dedikleri-qeder-qazansaydim-qisda-acindan-olmezdim\\\/#primaryimage\"},\"thumbnailUrl\":\"https:\\\/\\\/www.meydan.tv\\\/wp-content\\\/uploads\\\/image00005_c0npbef.jpeg\",\"datePublished\":\"2019-04-15T14:42:04+00:00\",\"breadcrumb\":{\"@id\":\"https:\\\/\\\/www.meydan.tv\\\/az\\\/article\\\/pambiqci-prezidente-dedikleri-qeder-qazansaydim-qisda-acindan-olmezdim\\\/#breadcrumb\"},\"inLanguage\":\"az\",\"potentialAction\":[{\"@type\":\"ReadAction\",\"target\":[\"https:\\\/\\\/www.meydan.tv\\\/az\\\/article\\\/pambiqci-prezidente-dedikleri-qeder-qazansaydim-qisda-acindan-olmezdim\\\/\"]}]},{\"@type\":\"ImageObject\",\"inLanguage\":\"az\",\"@id\":\"https:\\\/\\\/www.meydan.tv\\\/az\\\/article\\\/pambiqci-prezidente-dedikleri-qeder-qazansaydim-qisda-acindan-olmezdim\\\/#primaryimage\",\"url\":\"https:\\\/\\\/www.meydan.tv\\\/wp-content\\\/uploads\\\/image00005_c0npbef.jpeg\",\"contentUrl\":\"https:\\\/\\\/www.meydan.tv\\\/wp-content\\\/uploads\\\/image00005_c0npbef.jpeg\",\"width\":640,\"height\":480,\"caption\":\"Source: meydan tv\"},{\"@type\":\"BreadcrumbList\",\"@id\":\"https:\\\/\\\/www.meydan.tv\\\/az\\\/article\\\/pambiqci-prezidente-dedikleri-qeder-qazansaydim-qisda-acindan-olmezdim\\\/#breadcrumb\",\"itemListElement\":[{\"@type\":\"ListItem\",\"position\":1,\"name\":\"Ana s\u0259hif\u0259\",\"item\":\"https:\\\/\\\/www.meydan.tv\\\/az\\\/\"},{\"@type\":\"ListItem\",\"position\":2,\"name\":\"B\u00f6lg\u0259\",\"item\":\"https:\\\/\\\/www.meydan.tv\\\/az\\\/section\\\/bolge\\\/\"},{\"@type\":\"ListItem\",\"position\":3,\"name\":\"Pamb\u0131q\u00e7\u0131: Prezident\u0259 dedikl\u0259ri q\u0259d\u0259r qazansayd\u0131m, q\u0131\u015fda ac\u0131ndan \u00f6lm\u0259zdim\"}]},{\"@type\":\"WebSite\",\"@id\":\"https:\\\/\\\/www.meydan.tv\\\/az\\\/#website\",\"url\":\"https:\\\/\\\/www.meydan.tv\\\/az\\\/\",\"name\":\"MEYDAN.TV\",\"description\":\"Meydan TV Az\u0259rbaycan\u0131n media m\u0259kan\u0131ndak\u0131 alternativ s\u0259sidir\",\"publisher\":{\"@id\":\"https:\\\/\\\/www.meydan.tv\\\/az\\\/#organization\"},\"potentialAction\":[{\"@type\":\"SearchAction\",\"target\":{\"@type\":\"EntryPoint\",\"urlTemplate\":\"https:\\\/\\\/www.meydan.tv\\\/az\\\/?s={search_term_string}\"},\"query-input\":{\"@type\":\"PropertyValueSpecification\",\"valueRequired\":true,\"valueName\":\"search_term_string\"}}],\"inLanguage\":\"az\"},{\"@type\":\"Organization\",\"@id\":\"https:\\\/\\\/www.meydan.tv\\\/az\\\/#organization\",\"name\":\"Meydan TV\",\"url\":\"https:\\\/\\\/www.meydan.tv\\\/az\\\/\",\"logo\":{\"@type\":\"ImageObject\",\"inLanguage\":\"az\",\"@id\":\"https:\\\/\\\/www.meydan.tv\\\/az\\\/#\\\/schema\\\/logo\\\/image\\\/\",\"url\":\"https:\\\/\\\/www.meydan.tv\\\/wp-content\\\/uploads\\\/2021\\\/07\\\/meydan-logo.svg\",\"contentUrl\":\"https:\\\/\\\/www.meydan.tv\\\/wp-content\\\/uploads\\\/2021\\\/07\\\/meydan-logo.svg\",\"width\":195,\"height\":46,\"caption\":\"Meydan TV\"},\"image\":{\"@id\":\"https:\\\/\\\/www.meydan.tv\\\/az\\\/#\\\/schema\\\/logo\\\/image\\\/\"}},{\"@type\":\"Person\",\"@id\":\"https:\\\/\\\/www.meydan.tv\\\/az\\\/#\\\/schema\\\/person\\\/10d11eccf6da3662cf5fdab9806ea91a\",\"name\":\"user-manager\"}]}<\/script>\n<!-- \/ Yoast SEO plugin. -->","yoast_head_json":{"title":"Pamb\u0131q\u00e7\u0131: Prezident\u0259 dedikl\u0259ri q\u0259d\u0259r qazansayd\u0131m, q\u0131\u015fda ac\u0131ndan \u00f6lm\u0259zdim - MEYDAN.TV","robots":{"index":"index","follow":"follow","max-snippet":"max-snippet:-1","max-image-preview":"max-image-preview:large","max-video-preview":"max-video-preview:-1"},"canonical":"https:\/\/www.meydan.tv\/az\/article\/pambiqci-prezidente-dedikleri-qeder-qazansaydim-qisda-acindan-olmezdim\/","og_locale":"az_AZ","og_type":"article","og_title":"Pamb\u0131q\u00e7\u0131: Prezident\u0259 dedikl\u0259ri q\u0259d\u0259r qazansayd\u0131m, q\u0131\u015fda ac\u0131ndan \u00f6lm\u0259zdim - MEYDAN.TV","og_description":"\u201cBacard\u0131\u011f\u0131m pamb\u0131q toplamaq, alaq etm\u0259kdir, o da ki, m\u00f6vs\u00fcm\u00fcnd\u0259. \u0130lin \u00e7ox ay\u0131n\u0131 i\u015fsiz qal\u0131ram\u201d.","og_url":"https:\/\/www.meydan.tv\/az\/article\/pambiqci-prezidente-dedikleri-qeder-qazansaydim-qisda-acindan-olmezdim\/","og_site_name":"MEYDAN.TV","article_published_time":"2019-04-15T14:42:04+00:00","og_image":[{"width":640,"height":480,"url":"https:\/\/www.meydan.tv\/wp-content\/uploads\/image00005_c0npbef.jpeg","type":"image\/jpeg"}],"author":"user-manager","twitter_card":"summary_large_image","schema":{"@context":"https:\/\/schema.org","@graph":[{"@type":"Article","@id":"https:\/\/www.meydan.tv\/az\/article\/pambiqci-prezidente-dedikleri-qeder-qazansaydim-qisda-acindan-olmezdim\/#article","isPartOf":{"@id":"https:\/\/www.meydan.tv\/az\/article\/pambiqci-prezidente-dedikleri-qeder-qazansaydim-qisda-acindan-olmezdim\/"},"author":{"name":"user-manager","@id":"https:\/\/www.meydan.tv\/az\/#\/schema\/person\/10d11eccf6da3662cf5fdab9806ea91a"},"headline":"Pamb\u0131q\u00e7\u0131: Prezident\u0259 dedikl\u0259ri q\u0259d\u0259r qazansayd\u0131m, q\u0131\u015fda ac\u0131ndan \u00f6lm\u0259zdim","datePublished":"2019-04-15T14:42:04+00:00","mainEntityOfPage":{"@id":"https:\/\/www.meydan.tv\/az\/article\/pambiqci-prezidente-dedikleri-qeder-qazansaydim-qisda-acindan-olmezdim\/"},"wordCount":1708,"publisher":{"@id":"https:\/\/www.meydan.tv\/az\/#organization"},"image":{"@id":"https:\/\/www.meydan.tv\/az\/article\/pambiqci-prezidente-dedikleri-qeder-qazansaydim-qisda-acindan-olmezdim\/#primaryimage"},"thumbnailUrl":"https:\/\/www.meydan.tv\/wp-content\/uploads\/image00005_c0npbef.jpeg","articleSection":["B\u00f6lg\u0259"],"inLanguage":"az"},{"@type":"WebPage","@id":"https:\/\/www.meydan.tv\/az\/article\/pambiqci-prezidente-dedikleri-qeder-qazansaydim-qisda-acindan-olmezdim\/","url":"https:\/\/www.meydan.tv\/az\/article\/pambiqci-prezidente-dedikleri-qeder-qazansaydim-qisda-acindan-olmezdim\/","name":"Pamb\u0131q\u00e7\u0131: Prezident\u0259 dedikl\u0259ri q\u0259d\u0259r qazansayd\u0131m, q\u0131\u015fda ac\u0131ndan \u00f6lm\u0259zdim - MEYDAN.TV","isPartOf":{"@id":"https:\/\/www.meydan.tv\/az\/#website"},"primaryImageOfPage":{"@id":"https:\/\/www.meydan.tv\/az\/article\/pambiqci-prezidente-dedikleri-qeder-qazansaydim-qisda-acindan-olmezdim\/#primaryimage"},"image":{"@id":"https:\/\/www.meydan.tv\/az\/article\/pambiqci-prezidente-dedikleri-qeder-qazansaydim-qisda-acindan-olmezdim\/#primaryimage"},"thumbnailUrl":"https:\/\/www.meydan.tv\/wp-content\/uploads\/image00005_c0npbef.jpeg","datePublished":"2019-04-15T14:42:04+00:00","breadcrumb":{"@id":"https:\/\/www.meydan.tv\/az\/article\/pambiqci-prezidente-dedikleri-qeder-qazansaydim-qisda-acindan-olmezdim\/#breadcrumb"},"inLanguage":"az","potentialAction":[{"@type":"ReadAction","target":["https:\/\/www.meydan.tv\/az\/article\/pambiqci-prezidente-dedikleri-qeder-qazansaydim-qisda-acindan-olmezdim\/"]}]},{"@type":"ImageObject","inLanguage":"az","@id":"https:\/\/www.meydan.tv\/az\/article\/pambiqci-prezidente-dedikleri-qeder-qazansaydim-qisda-acindan-olmezdim\/#primaryimage","url":"https:\/\/www.meydan.tv\/wp-content\/uploads\/image00005_c0npbef.jpeg","contentUrl":"https:\/\/www.meydan.tv\/wp-content\/uploads\/image00005_c0npbef.jpeg","width":640,"height":480,"caption":"Source: meydan tv"},{"@type":"BreadcrumbList","@id":"https:\/\/www.meydan.tv\/az\/article\/pambiqci-prezidente-dedikleri-qeder-qazansaydim-qisda-acindan-olmezdim\/#breadcrumb","itemListElement":[{"@type":"ListItem","position":1,"name":"Ana s\u0259hif\u0259","item":"https:\/\/www.meydan.tv\/az\/"},{"@type":"ListItem","position":2,"name":"B\u00f6lg\u0259","item":"https:\/\/www.meydan.tv\/az\/section\/bolge\/"},{"@type":"ListItem","position":3,"name":"Pamb\u0131q\u00e7\u0131: Prezident\u0259 dedikl\u0259ri q\u0259d\u0259r qazansayd\u0131m, q\u0131\u015fda ac\u0131ndan \u00f6lm\u0259zdim"}]},{"@type":"WebSite","@id":"https:\/\/www.meydan.tv\/az\/#website","url":"https:\/\/www.meydan.tv\/az\/","name":"MEYDAN.TV","description":"Meydan TV Az\u0259rbaycan\u0131n media m\u0259kan\u0131ndak\u0131 alternativ s\u0259sidir","publisher":{"@id":"https:\/\/www.meydan.tv\/az\/#organization"},"potentialAction":[{"@type":"SearchAction","target":{"@type":"EntryPoint","urlTemplate":"https:\/\/www.meydan.tv\/az\/?s={search_term_string}"},"query-input":{"@type":"PropertyValueSpecification","valueRequired":true,"valueName":"search_term_string"}}],"inLanguage":"az"},{"@type":"Organization","@id":"https:\/\/www.meydan.tv\/az\/#organization","name":"Meydan TV","url":"https:\/\/www.meydan.tv\/az\/","logo":{"@type":"ImageObject","inLanguage":"az","@id":"https:\/\/www.meydan.tv\/az\/#\/schema\/logo\/image\/","url":"https:\/\/www.meydan.tv\/wp-content\/uploads\/2021\/07\/meydan-logo.svg","contentUrl":"https:\/\/www.meydan.tv\/wp-content\/uploads\/2021\/07\/meydan-logo.svg","width":195,"height":46,"caption":"Meydan TV"},"image":{"@id":"https:\/\/www.meydan.tv\/az\/#\/schema\/logo\/image\/"}},{"@type":"Person","@id":"https:\/\/www.meydan.tv\/az\/#\/schema\/person\/10d11eccf6da3662cf5fdab9806ea91a","name":"user-manager"}]}},"_links":{"self":[{"href":"https:\/\/www.meydan.tv\/az\/wp-json\/wp\/v2\/posts\/194969","targetHints":{"allow":["GET"]}}],"collection":[{"href":"https:\/\/www.meydan.tv\/az\/wp-json\/wp\/v2\/posts"}],"about":[{"href":"https:\/\/www.meydan.tv\/az\/wp-json\/wp\/v2\/types\/post"}],"author":[{"embeddable":true,"href":"https:\/\/www.meydan.tv\/az\/wp-json\/wp\/v2\/users\/11"}],"replies":[{"embeddable":true,"href":"https:\/\/www.meydan.tv\/az\/wp-json\/wp\/v2\/comments?post=194969"}],"version-history":[{"count":0,"href":"https:\/\/www.meydan.tv\/az\/wp-json\/wp\/v2\/posts\/194969\/revisions"}],"wp:featuredmedia":[{"embeddable":true,"href":"https:\/\/www.meydan.tv\/az\/wp-json\/wp\/v2\/media\/122023"}],"wp:attachment":[{"href":"https:\/\/www.meydan.tv\/az\/wp-json\/wp\/v2\/media?parent=194969"}],"wp:term":[{"taxonomy":"category","embeddable":true,"href":"https:\/\/www.meydan.tv\/az\/wp-json\/wp\/v2\/categories?post=194969"},{"taxonomy":"post_tag","embeddable":true,"href":"https:\/\/www.meydan.tv\/az\/wp-json\/wp\/v2\/tags?post=194969"}],"curies":[{"name":"wp","href":"https:\/\/api.w.org\/{rel}","templated":true}]}}