{"id":194968,"date":"2019-04-15T13:36:11","date_gmt":"2019-04-15T13:36:11","guid":{"rendered":"https:\/\/www.meydan.tv\/article\/xacmazlilar-ayrilan-pullarin-yarisi-ciblerine-gedir-yarisi-da-heykel-qoymaga\/"},"modified":"2019-04-15T13:36:11","modified_gmt":"2019-04-15T13:36:11","slug":"xacmazlilar-ayrilan-pullarin-yarisi-ciblerine-gedir-yarisi-da-heykel-qoymaga","status":"publish","type":"post","link":"https:\/\/www.meydan.tv\/az\/article\/xacmazlilar-ayrilan-pullarin-yarisi-ciblerine-gedir-yarisi-da-heykel-qoymaga\/","title":{"rendered":"Xa\u00e7mazl\u0131lar: Ayr\u0131lan pullar\u0131n yar\u0131s\u0131 cibl\u0259rin\u0259 gedir, yar\u0131s\u0131 da heyk\u0259l qoyma\u011fa"},"content":{"rendered":"<p>\n  <i><br \/>\n    &#x27;&#x27;T\u0259kc\u0259 dayanacaq yox, k\u0259ndd\u0259ki \u00e7ox yerl\u0259r pis v\u0259ziyy\u0259td\u0259dir&#x27;&#x27;<br \/>\n  <\/i>\n<\/p>\n<p>\n  \u201cDeyil\u0259n\u0259 g\u00f6r\u0259, dayanacaq da\u011f\u0131landa orda u\u015faq da olub. Xudata getm\u0259k \u00fc\u00e7\u00fcn anas\u0131yla avtobus g\u00f6zl\u0259yirmi\u015f. H\u0259tta deyil\u0259n\u0259 g\u00f6r\u0259, anayla bala x\u0259sar\u0259t al\u0131b\u201d.\n<\/p>\n<p>\n  Xa\u00e7maz\u0131n Seyidl\u0259r k\u0259ndinin sakinl\u0259ri Meydan TV-y\u0259 dan\u0131\u015f\u0131rlar ki, k\u0259ndin \u0259razisind\u0259ki dayanacaq iki aydan \u00e7oxdur da\u011f\u0131l\u0131b. V\u0259 iki aydan \u00e7oxdur ki, h\u0259m sakinl\u0259r dayanacaqs\u0131z qal\u0131b, h\u0259m d\u0259 da\u011f\u0131nt\u0131lar g\u00fcnd\u00fczl\u0259r bu yoldan istifad\u0259 ed\u0259n m\u0259kt\u0259blil\u0259r\u0259, gec\u0259l\u0259rs\u0259 s\u00fcr\u00fcc\u00fcl\u0259r\u0259 t\u0259hl\u00fck\u0259 yarad\u0131r.\n<\/p>\n<p>\n  <i><br \/>\n    \u201cYa\u011f\u0131\u015f dayanaca\u011f\u0131 da\u011f\u0131d\u0131b\u201d<br \/>\n  <\/i>\n<\/p>\n<p>\n  Seyidl\u0259r k\u0259nd sakini Elariz H\u0259s\u0259novun dem\u0259sin\u0259 g\u00f6r\u0259, dayanaca\u011f\u0131n da\u011f\u0131lmas\u0131na s\u0259b\u0259b ya\u011f\u0131\u015f olub:\n<\/p>\n<p>\n  \u201cG\u00fccl\u00fc ya\u011f\u0131\u015fdan da\u011f\u0131l\u0131b. T\u0259s\u0259vv\u00fcr edin, ya\u011f\u0131\u015f ya\u011f\u0131r, avtobus g\u00f6zl\u0259y\u0259nl\u0259r d\u0259 y\u0131\u011f\u0131\u015f\u0131b dayanaca\u011fa ki, ya\u011f\u0131\u015fdan islanmas\u0131nlar, bu vaxt dayanacaq ya\u011f\u0131\u015f sular\u0131na tab g\u0259tirm\u0259yib ba\u015flar\u0131na u\u00e7ur. K\u0259ndd\u0259 bel\u0259 dan\u0131\u015f\u0131rlar&#8230; Deyirl\u0259r, h\u0259min vaxt ana v\u0259 azya\u015fl\u0131 u\u015fa\u011f\u0131 dayanacaqda olub, ancaq x\u0259sar\u0259t al\u0131b-almad\u0131qlar\u0131n\u0131 bilmirik. K\u00f6hn\u0259 tikili idi, istismar m\u00fcdd\u0259ti \u00e7oxdan \u00f6tm\u00fc\u015fd\u00fc\u201d.\n<\/p>\n<p>\n  <i><br \/>\n    \u201cTibb m\u0259nt\u0259q\u0259si, m\u0259d\u0259niyy\u0259t klubu \u2013 h\u0259r yer bu v\u0259ziyy\u0259td\u0259dir\u201d<br \/>\n  <\/i>\n<\/p>\n<p>\n  K\u0259nd sakini F\u0259zil\u0259 Qurbanova deyir, yeni tipli, d\u0259mir konstruksiyal\u0131 dayanacaq \u00fc\u00e7\u00fcn d\u0259f\u0259l\u0259rl\u0259 Xa\u00e7maz Rayon \u0130cra Hakimiyy\u0259tin\u0259 m\u00fcraci\u0259t edibl\u0259r. Qurum sakinl\u0259r\u0259 s\u00f6z verib ki, tezlikl\u0259 m\u00fcvafiq qurumlar problemi h\u0259ll ed\u0259c\u0259k:\n<\/p>\n<figure class=\"wp-block-image size-large\">\n  <img decoding=\"async\" src=\"https:\/\/www.meydan.tv\/az\/reg_xudat_dayanacaq_1-1-jpg\/\" alt=\"reg_xudat_dayanacaq_1 (1).jpg\" class=\"wp-image-122008\"\/><figcaption>\n    Xudat dayanaca\u011f\u0131<br \/>\n  <\/figcaption><\/figure>\n<p>\n  \u201cBu dayanacaq Qubadan Xudata ged\u0259n yolun \u00fcst\u00fcnd\u0259dir. H\u0259r g\u00fcn y\u00fczl\u0259rl\u0259 adam\u0131n istifad\u0259 etdiyi yoldur. Ancaq indi bizi narahat ed\u0259n o deyil ki, niy\u0259 bura t\u0259z\u0259 dayanacaq qura\u015fd\u0131r\u0131lm\u0131r. Bizi narahat ed\u0259n odur ki, bu da\u011f\u0131nt\u0131 ortal\u0131qda qal\u0131b, iki ayd\u0131r g\u0259lib y\u0131\u011f\u0131\u015fd\u0131rm\u0131rlar. Gedib icra hakimiyy\u0259tind\u0259 bir az s\u0259s-k\u00fcy salandan sonra g\u0259tirib bir t\u0259r\u0259fin\u0259 lent ba\u011flay\u0131b getdil\u0259r. \u018fslind\u0259 yen\u0259 d\u0259 dava dayanacaq davas\u0131 deyil. S\u00f6hb\u0259t odur ki, k\u0259ndl\u0259rd\u0259 h\u0259r sah\u0259 bel\u0259c\u0259 da\u011f\u0131l\u0131r v\u0259 diqq\u0259t g\u00f6st\u0259rilmir. Xa\u00e7maz\u0131n m\u0259rk\u0259zin\u0259 g\u0259ls\u0259niz, el\u0259 bil\u0259rsiz ba\u015fqa al\u0259m\u0259 d\u00fc\u015fm\u00fcs\u00fcz. Ayr\u0131lan pullar\u0131n yar\u0131s\u0131 cibl\u0259rin\u0259 gedir, yar\u0131s\u0131 da heyk\u0259l qoyma\u011fa&#8230; Ancaq k\u0259ndimizd\u0259ki tibb m\u0259nt\u0259q\u0259si d\u0259, m\u0259d\u0259niyy\u0259t klubu da \u2013 ham\u0131s\u0131 bu v\u0259ziyy\u0259td\u0259dir\u201d.\n<\/p>\n<p>\n  <i><br \/>\n    \u201cAyr\u0131lan pullar cibl\u0259r\u0259 ax\u0131r\u201d<br \/>\n  <\/i>\n<\/p>\n<p>\n  Sakinl\u0259r d\u00fc\u015f\u00fcn\u00fcr ki, \u0259slind\u0259 bu i\u015fl\u0259r\u0259 g\u00f6r\u0259 pul v\u0259saitl\u0259ri ayr\u0131l\u0131r, ancaq o pullar \u015f\u0259xsi cibl\u0259r\u0259 ax\u0131r:\n<\/p>\n<p>\n  \u201c\u0130ndi ara\u015fd\u0131rsaq, g\u00f6r\u0259rik ki, o dayanaca\u011fa g\u00f6r\u0259 ne\u00e7\u0259 d\u0259f\u0259 pul silinib. Bax\u0131rsan ki, bir \u015fey deyil, d\u00fc\u015f\u00fcn\u00fcrs\u0259n ki, dayanacaqd\u0131r da&#8230; Uzaqba\u015f\u0131 avtobusu yolun k\u0259nar\u0131nda dayan\u0131b g\u00f6zl\u0259y\u0259c\u0259ks\u0259n. Ancaq bel\u0259 deyil. Biz\u0259 vacib g\u00f6r\u00fcnm\u0259y\u0259n o dayanaca\u011f\u0131n \u0259vv\u0259l t\u0259mirin\u0259 g\u00f6r\u0259 pul ayr\u0131l\u0131r, sonra da t\u0259z\u0259sin\u0259 g\u00f6r\u0259. K\u0259ndd\u0259ki i\u015f\u0131q dir\u0259kl\u0259ri, naqill\u0259r&#8230; H\u0259r \u015fey bu v\u0259ziyy\u0259td\u0259dir. Eyni qaydalarla ka\u011f\u0131z \u00fcz\u0259rind\u0259 ild\u0259 b\u0259lk\u0259 3-4 d\u0259f\u0259 \u201cd\u0259yi\u015fdirilir\u201d, yenil\u0259nir v\u0259 sair\u201d.\n<\/p>\n<figure class=\"wp-block-image size-large\">\n  <img decoding=\"async\" src=\"https:\/\/www.meydan.tv\/az\/dayanacaq_3-jpg\/\" alt=\"dayanacaq_3.jpg\" class=\"wp-image-122014\"\/><figcaption>\n    dayanacaq<br \/>\n  <\/figcaption><\/figure>\n<p>\n  <i><br \/>\n    R\u0259smi qurum: \u201cDeyil\u0259nl\u0259r \u0259sass\u0131zd\u0131r\u201d<br \/>\n  <\/i>\n<\/p>\n<p>\n  Xa\u00e7maz Rayon \u0130cra Hakimiyy\u0259tind\u0259n Meydan TV-y\u0259 bildirilib ki, Seyidl\u0259r k\u0259ndi \u0259razisind\u0259 \u00e7\u00f6km\u00fc\u015f k\u00f6hn\u0259 dayanaca\u011f\u0131n yerind\u0259 m\u00fcasir tipli, d\u0259mir konstruksiyal\u0131 dayanacaq qura\u015fd\u0131r\u0131lacaq: \u201cOrda i\u015fl\u0259r gedir. He\u00e7 bir t\u0259hl\u00fck\u0259 d\u0259 yoxdur. Yax\u0131n vaxtlarda k\u00f6hn\u0259 dayanacaqdan bir az k\u0259narda m\u00fcasir tipli dayanacaq qura\u015fd\u0131r\u0131l\u0131b istifad\u0259y\u0259 veril\u0259c\u0259k. Ba\u015fqa m\u0259s\u0259l\u0259l\u0259r\u0259 g\u0259linc\u0259, Seyidl\u0259r k\u0259ndind\u0259ki inzibati binalar normal v\u0259ziyy\u0259td\u0259dir, deyil\u0259nl\u0259r \u0259sass\u0131zd\u0131r\u201d.<\/p>\n","protected":false},"excerpt":{"rendered":"<p>R\u0259smi qurum: \u201cDeyil\u0259nl\u0259r \u0259sass\u0131zd\u0131r\u201d<\/p>\n","protected":false},"author":11,"featured_media":122009,"comment_status":"closed","ping_status":"open","sticky":false,"template":"","format":"standard","meta":{"_acf_changed":false,"_sitemap_exclude":false,"_sitemap_priority":"","_sitemap_frequency":"","footnotes":""},"categories":[60],"tags":[],"class_list":["post-194968","post","type-post","status-publish","format-standard","has-post-thumbnail","hentry","category-bolge","infinite-scroll-item","generate-columns","tablet-grid-50","mobile-grid-100","grid-parent","grid-33","no-featured-image-padding"],"acf":[],"yoast_head":"<!-- This site is optimized with the Yoast SEO plugin v27.4 - https:\/\/yoast.com\/product\/yoast-seo-wordpress\/ -->\n<title>Xa\u00e7mazl\u0131lar: Ayr\u0131lan pullar\u0131n yar\u0131s\u0131 cibl\u0259rin\u0259 gedir, yar\u0131s\u0131 da heyk\u0259l qoyma\u011fa - MEYDAN.TV<\/title>\n<meta name=\"robots\" content=\"index, follow, max-snippet:-1, max-image-preview:large, max-video-preview:-1\" \/>\n<link rel=\"canonical\" href=\"https:\/\/www.meydan.tv\/az\/article\/xacmazlilar-ayrilan-pullarin-yarisi-ciblerine-gedir-yarisi-da-heykel-qoymaga\/\" \/>\n<meta property=\"og:locale\" content=\"az_AZ\" \/>\n<meta property=\"og:type\" content=\"article\" \/>\n<meta property=\"og:title\" content=\"Xa\u00e7mazl\u0131lar: Ayr\u0131lan pullar\u0131n yar\u0131s\u0131 cibl\u0259rin\u0259 gedir, yar\u0131s\u0131 da heyk\u0259l qoyma\u011fa - MEYDAN.TV\" \/>\n<meta property=\"og:description\" content=\"R\u0259smi qurum: \u201cDeyil\u0259nl\u0259r \u0259sass\u0131zd\u0131r\u201d\" \/>\n<meta property=\"og:url\" content=\"https:\/\/www.meydan.tv\/az\/article\/xacmazlilar-ayrilan-pullarin-yarisi-ciblerine-gedir-yarisi-da-heykel-qoymaga\/\" \/>\n<meta property=\"og:site_name\" content=\"MEYDAN.TV\" \/>\n<meta property=\"article:published_time\" content=\"2019-04-15T13:36:11+00:00\" \/>\n<meta property=\"og:image\" content=\"https:\/\/www.meydan.tv\/wp-content\/uploads\/dayanacaq_2.jpg\" \/>\n\t<meta property=\"og:image:width\" content=\"1280\" \/>\n\t<meta property=\"og:image:height\" content=\"960\" \/>\n\t<meta property=\"og:image:type\" content=\"image\/jpeg\" \/>\n<meta name=\"author\" content=\"user-manager\" \/>\n<meta name=\"twitter:card\" content=\"summary_large_image\" \/>\n<script type=\"application\/ld+json\" class=\"yoast-schema-graph\">{\"@context\":\"https:\\\/\\\/schema.org\",\"@graph\":[{\"@type\":\"Article\",\"@id\":\"https:\\\/\\\/www.meydan.tv\\\/az\\\/article\\\/xacmazlilar-ayrilan-pullarin-yarisi-ciblerine-gedir-yarisi-da-heykel-qoymaga\\\/#article\",\"isPartOf\":{\"@id\":\"https:\\\/\\\/www.meydan.tv\\\/az\\\/article\\\/xacmazlilar-ayrilan-pullarin-yarisi-ciblerine-gedir-yarisi-da-heykel-qoymaga\\\/\"},\"author\":{\"name\":\"user-manager\",\"@id\":\"https:\\\/\\\/www.meydan.tv\\\/az\\\/#\\\/schema\\\/person\\\/10d11eccf6da3662cf5fdab9806ea91a\"},\"headline\":\"Xa\u00e7mazl\u0131lar: Ayr\u0131lan pullar\u0131n yar\u0131s\u0131 cibl\u0259rin\u0259 gedir, yar\u0131s\u0131 da heyk\u0259l qoyma\u011fa\",\"datePublished\":\"2019-04-15T13:36:11+00:00\",\"mainEntityOfPage\":{\"@id\":\"https:\\\/\\\/www.meydan.tv\\\/az\\\/article\\\/xacmazlilar-ayrilan-pullarin-yarisi-ciblerine-gedir-yarisi-da-heykel-qoymaga\\\/\"},\"wordCount\":749,\"publisher\":{\"@id\":\"https:\\\/\\\/www.meydan.tv\\\/az\\\/#organization\"},\"image\":{\"@id\":\"https:\\\/\\\/www.meydan.tv\\\/az\\\/article\\\/xacmazlilar-ayrilan-pullarin-yarisi-ciblerine-gedir-yarisi-da-heykel-qoymaga\\\/#primaryimage\"},\"thumbnailUrl\":\"https:\\\/\\\/www.meydan.tv\\\/wp-content\\\/uploads\\\/dayanacaq_2.jpg\",\"articleSection\":[\"B\u00f6lg\u0259\"],\"inLanguage\":\"az\"},{\"@type\":\"WebPage\",\"@id\":\"https:\\\/\\\/www.meydan.tv\\\/az\\\/article\\\/xacmazlilar-ayrilan-pullarin-yarisi-ciblerine-gedir-yarisi-da-heykel-qoymaga\\\/\",\"url\":\"https:\\\/\\\/www.meydan.tv\\\/az\\\/article\\\/xacmazlilar-ayrilan-pullarin-yarisi-ciblerine-gedir-yarisi-da-heykel-qoymaga\\\/\",\"name\":\"Xa\u00e7mazl\u0131lar: Ayr\u0131lan pullar\u0131n yar\u0131s\u0131 cibl\u0259rin\u0259 gedir, yar\u0131s\u0131 da heyk\u0259l qoyma\u011fa - MEYDAN.TV\",\"isPartOf\":{\"@id\":\"https:\\\/\\\/www.meydan.tv\\\/az\\\/#website\"},\"primaryImageOfPage\":{\"@id\":\"https:\\\/\\\/www.meydan.tv\\\/az\\\/article\\\/xacmazlilar-ayrilan-pullarin-yarisi-ciblerine-gedir-yarisi-da-heykel-qoymaga\\\/#primaryimage\"},\"image\":{\"@id\":\"https:\\\/\\\/www.meydan.tv\\\/az\\\/article\\\/xacmazlilar-ayrilan-pullarin-yarisi-ciblerine-gedir-yarisi-da-heykel-qoymaga\\\/#primaryimage\"},\"thumbnailUrl\":\"https:\\\/\\\/www.meydan.tv\\\/wp-content\\\/uploads\\\/dayanacaq_2.jpg\",\"datePublished\":\"2019-04-15T13:36:11+00:00\",\"breadcrumb\":{\"@id\":\"https:\\\/\\\/www.meydan.tv\\\/az\\\/article\\\/xacmazlilar-ayrilan-pullarin-yarisi-ciblerine-gedir-yarisi-da-heykel-qoymaga\\\/#breadcrumb\"},\"inLanguage\":\"az\",\"potentialAction\":[{\"@type\":\"ReadAction\",\"target\":[\"https:\\\/\\\/www.meydan.tv\\\/az\\\/article\\\/xacmazlilar-ayrilan-pullarin-yarisi-ciblerine-gedir-yarisi-da-heykel-qoymaga\\\/\"]}]},{\"@type\":\"ImageObject\",\"inLanguage\":\"az\",\"@id\":\"https:\\\/\\\/www.meydan.tv\\\/az\\\/article\\\/xacmazlilar-ayrilan-pullarin-yarisi-ciblerine-gedir-yarisi-da-heykel-qoymaga\\\/#primaryimage\",\"url\":\"https:\\\/\\\/www.meydan.tv\\\/wp-content\\\/uploads\\\/dayanacaq_2.jpg\",\"contentUrl\":\"https:\\\/\\\/www.meydan.tv\\\/wp-content\\\/uploads\\\/dayanacaq_2.jpg\",\"width\":1280,\"height\":960,\"caption\":\"Source: meydan tv\"},{\"@type\":\"BreadcrumbList\",\"@id\":\"https:\\\/\\\/www.meydan.tv\\\/az\\\/article\\\/xacmazlilar-ayrilan-pullarin-yarisi-ciblerine-gedir-yarisi-da-heykel-qoymaga\\\/#breadcrumb\",\"itemListElement\":[{\"@type\":\"ListItem\",\"position\":1,\"name\":\"Ana s\u0259hif\u0259\",\"item\":\"https:\\\/\\\/www.meydan.tv\\\/az\\\/\"},{\"@type\":\"ListItem\",\"position\":2,\"name\":\"B\u00f6lg\u0259\",\"item\":\"https:\\\/\\\/www.meydan.tv\\\/az\\\/section\\\/bolge\\\/\"},{\"@type\":\"ListItem\",\"position\":3,\"name\":\"Xa\u00e7mazl\u0131lar: Ayr\u0131lan pullar\u0131n yar\u0131s\u0131 cibl\u0259rin\u0259 gedir, yar\u0131s\u0131 da heyk\u0259l qoyma\u011fa\"}]},{\"@type\":\"WebSite\",\"@id\":\"https:\\\/\\\/www.meydan.tv\\\/az\\\/#website\",\"url\":\"https:\\\/\\\/www.meydan.tv\\\/az\\\/\",\"name\":\"MEYDAN.TV\",\"description\":\"Meydan TV Az\u0259rbaycan\u0131n media m\u0259kan\u0131ndak\u0131 alternativ s\u0259sidir\",\"publisher\":{\"@id\":\"https:\\\/\\\/www.meydan.tv\\\/az\\\/#organization\"},\"potentialAction\":[{\"@type\":\"SearchAction\",\"target\":{\"@type\":\"EntryPoint\",\"urlTemplate\":\"https:\\\/\\\/www.meydan.tv\\\/az\\\/?s={search_term_string}\"},\"query-input\":{\"@type\":\"PropertyValueSpecification\",\"valueRequired\":true,\"valueName\":\"search_term_string\"}}],\"inLanguage\":\"az\"},{\"@type\":\"Organization\",\"@id\":\"https:\\\/\\\/www.meydan.tv\\\/az\\\/#organization\",\"name\":\"Meydan TV\",\"url\":\"https:\\\/\\\/www.meydan.tv\\\/az\\\/\",\"logo\":{\"@type\":\"ImageObject\",\"inLanguage\":\"az\",\"@id\":\"https:\\\/\\\/www.meydan.tv\\\/az\\\/#\\\/schema\\\/logo\\\/image\\\/\",\"url\":\"https:\\\/\\\/www.meydan.tv\\\/wp-content\\\/uploads\\\/2021\\\/07\\\/meydan-logo.svg\",\"contentUrl\":\"https:\\\/\\\/www.meydan.tv\\\/wp-content\\\/uploads\\\/2021\\\/07\\\/meydan-logo.svg\",\"width\":195,\"height\":46,\"caption\":\"Meydan TV\"},\"image\":{\"@id\":\"https:\\\/\\\/www.meydan.tv\\\/az\\\/#\\\/schema\\\/logo\\\/image\\\/\"}},{\"@type\":\"Person\",\"@id\":\"https:\\\/\\\/www.meydan.tv\\\/az\\\/#\\\/schema\\\/person\\\/10d11eccf6da3662cf5fdab9806ea91a\",\"name\":\"user-manager\"}]}<\/script>\n<!-- \/ Yoast SEO plugin. -->","yoast_head_json":{"title":"Xa\u00e7mazl\u0131lar: Ayr\u0131lan pullar\u0131n yar\u0131s\u0131 cibl\u0259rin\u0259 gedir, yar\u0131s\u0131 da heyk\u0259l qoyma\u011fa - MEYDAN.TV","robots":{"index":"index","follow":"follow","max-snippet":"max-snippet:-1","max-image-preview":"max-image-preview:large","max-video-preview":"max-video-preview:-1"},"canonical":"https:\/\/www.meydan.tv\/az\/article\/xacmazlilar-ayrilan-pullarin-yarisi-ciblerine-gedir-yarisi-da-heykel-qoymaga\/","og_locale":"az_AZ","og_type":"article","og_title":"Xa\u00e7mazl\u0131lar: Ayr\u0131lan pullar\u0131n yar\u0131s\u0131 cibl\u0259rin\u0259 gedir, yar\u0131s\u0131 da heyk\u0259l qoyma\u011fa - MEYDAN.TV","og_description":"R\u0259smi qurum: \u201cDeyil\u0259nl\u0259r \u0259sass\u0131zd\u0131r\u201d","og_url":"https:\/\/www.meydan.tv\/az\/article\/xacmazlilar-ayrilan-pullarin-yarisi-ciblerine-gedir-yarisi-da-heykel-qoymaga\/","og_site_name":"MEYDAN.TV","article_published_time":"2019-04-15T13:36:11+00:00","og_image":[{"width":1280,"height":960,"url":"https:\/\/www.meydan.tv\/wp-content\/uploads\/dayanacaq_2.jpg","type":"image\/jpeg"}],"author":"user-manager","twitter_card":"summary_large_image","schema":{"@context":"https:\/\/schema.org","@graph":[{"@type":"Article","@id":"https:\/\/www.meydan.tv\/az\/article\/xacmazlilar-ayrilan-pullarin-yarisi-ciblerine-gedir-yarisi-da-heykel-qoymaga\/#article","isPartOf":{"@id":"https:\/\/www.meydan.tv\/az\/article\/xacmazlilar-ayrilan-pullarin-yarisi-ciblerine-gedir-yarisi-da-heykel-qoymaga\/"},"author":{"name":"user-manager","@id":"https:\/\/www.meydan.tv\/az\/#\/schema\/person\/10d11eccf6da3662cf5fdab9806ea91a"},"headline":"Xa\u00e7mazl\u0131lar: Ayr\u0131lan pullar\u0131n yar\u0131s\u0131 cibl\u0259rin\u0259 gedir, yar\u0131s\u0131 da heyk\u0259l qoyma\u011fa","datePublished":"2019-04-15T13:36:11+00:00","mainEntityOfPage":{"@id":"https:\/\/www.meydan.tv\/az\/article\/xacmazlilar-ayrilan-pullarin-yarisi-ciblerine-gedir-yarisi-da-heykel-qoymaga\/"},"wordCount":749,"publisher":{"@id":"https:\/\/www.meydan.tv\/az\/#organization"},"image":{"@id":"https:\/\/www.meydan.tv\/az\/article\/xacmazlilar-ayrilan-pullarin-yarisi-ciblerine-gedir-yarisi-da-heykel-qoymaga\/#primaryimage"},"thumbnailUrl":"https:\/\/www.meydan.tv\/wp-content\/uploads\/dayanacaq_2.jpg","articleSection":["B\u00f6lg\u0259"],"inLanguage":"az"},{"@type":"WebPage","@id":"https:\/\/www.meydan.tv\/az\/article\/xacmazlilar-ayrilan-pullarin-yarisi-ciblerine-gedir-yarisi-da-heykel-qoymaga\/","url":"https:\/\/www.meydan.tv\/az\/article\/xacmazlilar-ayrilan-pullarin-yarisi-ciblerine-gedir-yarisi-da-heykel-qoymaga\/","name":"Xa\u00e7mazl\u0131lar: Ayr\u0131lan pullar\u0131n yar\u0131s\u0131 cibl\u0259rin\u0259 gedir, yar\u0131s\u0131 da heyk\u0259l qoyma\u011fa - MEYDAN.TV","isPartOf":{"@id":"https:\/\/www.meydan.tv\/az\/#website"},"primaryImageOfPage":{"@id":"https:\/\/www.meydan.tv\/az\/article\/xacmazlilar-ayrilan-pullarin-yarisi-ciblerine-gedir-yarisi-da-heykel-qoymaga\/#primaryimage"},"image":{"@id":"https:\/\/www.meydan.tv\/az\/article\/xacmazlilar-ayrilan-pullarin-yarisi-ciblerine-gedir-yarisi-da-heykel-qoymaga\/#primaryimage"},"thumbnailUrl":"https:\/\/www.meydan.tv\/wp-content\/uploads\/dayanacaq_2.jpg","datePublished":"2019-04-15T13:36:11+00:00","breadcrumb":{"@id":"https:\/\/www.meydan.tv\/az\/article\/xacmazlilar-ayrilan-pullarin-yarisi-ciblerine-gedir-yarisi-da-heykel-qoymaga\/#breadcrumb"},"inLanguage":"az","potentialAction":[{"@type":"ReadAction","target":["https:\/\/www.meydan.tv\/az\/article\/xacmazlilar-ayrilan-pullarin-yarisi-ciblerine-gedir-yarisi-da-heykel-qoymaga\/"]}]},{"@type":"ImageObject","inLanguage":"az","@id":"https:\/\/www.meydan.tv\/az\/article\/xacmazlilar-ayrilan-pullarin-yarisi-ciblerine-gedir-yarisi-da-heykel-qoymaga\/#primaryimage","url":"https:\/\/www.meydan.tv\/wp-content\/uploads\/dayanacaq_2.jpg","contentUrl":"https:\/\/www.meydan.tv\/wp-content\/uploads\/dayanacaq_2.jpg","width":1280,"height":960,"caption":"Source: meydan tv"},{"@type":"BreadcrumbList","@id":"https:\/\/www.meydan.tv\/az\/article\/xacmazlilar-ayrilan-pullarin-yarisi-ciblerine-gedir-yarisi-da-heykel-qoymaga\/#breadcrumb","itemListElement":[{"@type":"ListItem","position":1,"name":"Ana s\u0259hif\u0259","item":"https:\/\/www.meydan.tv\/az\/"},{"@type":"ListItem","position":2,"name":"B\u00f6lg\u0259","item":"https:\/\/www.meydan.tv\/az\/section\/bolge\/"},{"@type":"ListItem","position":3,"name":"Xa\u00e7mazl\u0131lar: Ayr\u0131lan pullar\u0131n yar\u0131s\u0131 cibl\u0259rin\u0259 gedir, yar\u0131s\u0131 da heyk\u0259l qoyma\u011fa"}]},{"@type":"WebSite","@id":"https:\/\/www.meydan.tv\/az\/#website","url":"https:\/\/www.meydan.tv\/az\/","name":"MEYDAN.TV","description":"Meydan TV Az\u0259rbaycan\u0131n media m\u0259kan\u0131ndak\u0131 alternativ s\u0259sidir","publisher":{"@id":"https:\/\/www.meydan.tv\/az\/#organization"},"potentialAction":[{"@type":"SearchAction","target":{"@type":"EntryPoint","urlTemplate":"https:\/\/www.meydan.tv\/az\/?s={search_term_string}"},"query-input":{"@type":"PropertyValueSpecification","valueRequired":true,"valueName":"search_term_string"}}],"inLanguage":"az"},{"@type":"Organization","@id":"https:\/\/www.meydan.tv\/az\/#organization","name":"Meydan TV","url":"https:\/\/www.meydan.tv\/az\/","logo":{"@type":"ImageObject","inLanguage":"az","@id":"https:\/\/www.meydan.tv\/az\/#\/schema\/logo\/image\/","url":"https:\/\/www.meydan.tv\/wp-content\/uploads\/2021\/07\/meydan-logo.svg","contentUrl":"https:\/\/www.meydan.tv\/wp-content\/uploads\/2021\/07\/meydan-logo.svg","width":195,"height":46,"caption":"Meydan TV"},"image":{"@id":"https:\/\/www.meydan.tv\/az\/#\/schema\/logo\/image\/"}},{"@type":"Person","@id":"https:\/\/www.meydan.tv\/az\/#\/schema\/person\/10d11eccf6da3662cf5fdab9806ea91a","name":"user-manager"}]}},"_links":{"self":[{"href":"https:\/\/www.meydan.tv\/az\/wp-json\/wp\/v2\/posts\/194968","targetHints":{"allow":["GET"]}}],"collection":[{"href":"https:\/\/www.meydan.tv\/az\/wp-json\/wp\/v2\/posts"}],"about":[{"href":"https:\/\/www.meydan.tv\/az\/wp-json\/wp\/v2\/types\/post"}],"author":[{"embeddable":true,"href":"https:\/\/www.meydan.tv\/az\/wp-json\/wp\/v2\/users\/11"}],"replies":[{"embeddable":true,"href":"https:\/\/www.meydan.tv\/az\/wp-json\/wp\/v2\/comments?post=194968"}],"version-history":[{"count":0,"href":"https:\/\/www.meydan.tv\/az\/wp-json\/wp\/v2\/posts\/194968\/revisions"}],"wp:featuredmedia":[{"embeddable":true,"href":"https:\/\/www.meydan.tv\/az\/wp-json\/wp\/v2\/media\/122009"}],"wp:attachment":[{"href":"https:\/\/www.meydan.tv\/az\/wp-json\/wp\/v2\/media?parent=194968"}],"wp:term":[{"taxonomy":"category","embeddable":true,"href":"https:\/\/www.meydan.tv\/az\/wp-json\/wp\/v2\/categories?post=194968"},{"taxonomy":"post_tag","embeddable":true,"href":"https:\/\/www.meydan.tv\/az\/wp-json\/wp\/v2\/tags?post=194968"}],"curies":[{"name":"wp","href":"https:\/\/api.w.org\/{rel}","templated":true}]}}