{"id":194958,"date":"2019-04-14T11:55:12","date_gmt":"2019-04-14T11:55:12","guid":{"rendered":"https:\/\/www.meydan.tv\/article\/ucar-sakini-geceler-evde-yatmaga-qorxuruq\/"},"modified":"2019-04-14T11:55:12","modified_gmt":"2019-04-14T11:55:12","slug":"ucar-sakini-geceler-evde-yatmaga-qorxuruq","status":"publish","type":"post","link":"https:\/\/www.meydan.tv\/az\/article\/ucar-sakini-geceler-evde-yatmaga-qorxuruq\/","title":{"rendered":"Ucar sakini: Gec\u0259l\u0259r evd\u0259 yatma\u011fa qorxuruq"},"content":{"rendered":"<p>\n  <i><br \/>\n    &#x27;&#x27;M\u0259n bas\u0327qalar\u0131 kimi imkans\u0131zl\u0131g\u0306\u0131 b\u0259han\u0259 edib, us\u0327aqlar\u0131m\u0131 t\u0259hsild\u0259n d\u0259 yay\u0131nd\u0131rm\u0131ram&#x27;&#x27;<br \/>\n  <\/i>\n<\/p>\n<p>\n  \u201cEvimiz q\u0259zal\u0131d\u0131r. Sonuncu z\u0259lz\u0259l\u0259d\u0259n sonra daha da b\u0259rbad hala du\u0308s\u0327u\u0308b. Bu gu\u0308n-sabah uc\u0327acaq deyib, gec\u0259l\u0259r yatmag\u0306a da qorxuruq\u201d.\n<\/p>\n<p>\n  Ucar rayonunun M\u0259likball\u0131 k\u0259ndinin sakini Ramil\u0259 Namazova bel\u0259 deyir. O, 1948-ci ild\u0259 tikil\u0259n bu evin onlara yoldas\u0327\u0131n\u0131n babas\u0131ndan qald\u0131g\u0306\u0131n\u0131 so\u0308yl\u0259yir. Uc\u0327ub-to\u0308ku\u0308l\u0259n evi t\u0259mir etm\u0259k u\u0308c\u0327u\u0308n ail\u0259nin maddi imkan\u0131 yoxdur:\n<\/p>\n<p>\n  \u201cC\u0327ox yer\u0259 mu\u0308raci\u0259t etdim ki, evimiz q\u0259zal\u0131d\u0131r, ko\u0308m\u0259k edin. H\u0259tta Mehriban xan\u0131m \u018fliyevaya, Fo\u0308vq\u0259lad\u0259 Hallar Nazirliyin\u0259 \u0259riz\u0259l\u0259r yazd\u0131m. Bu\u0308tu\u0308n cavablar bax\u0131lmas\u0131 u\u0308c\u0327u\u0308n go\u0308nd\u0259rilir Ucar Rayon I\u0307cra Hakimiyy\u0259tin\u0259. Onlar da baxm\u0131rlar. Deyirl\u0259r, el\u0259 qurum yoxdur ki, siz\u0259 ko\u0308m\u0259k etsin\u201d.\n<\/p>\n<p>\n  <i><br \/>\n    \u201cI\u0307cran\u0131n nu\u0308may\u0259nd\u0259si baxd\u0131, dedi, b\u0259li, q\u0259zal\u0131d\u0131r, t\u0259hlu\u0308k\u0259lidir\u201d<br \/>\n  <\/i>\n<\/p>\n<p>\n  Ramil\u0259 Namazova deyir ki, bu q\u0259d\u0259r m\u0259ktublara cavab g\u0259lir. Ancaq bir c\u0327ag\u0306\u0131r\u0131b dey\u0259n yoxdur ki, d\u0259rdiniz n\u0259dir, siz niy\u0259 s\u0327ikay\u0259t edir, \u0259riz\u0259 yaz\u0131rs\u0131z:\n<\/p>\n<figure class=\"wp-block-image size-large\">\n  <img decoding=\"async\" src=\"https:\/\/www.meydan.tv\/az\/image00006-jpeg-11\/\" alt=\"image00006.jpeg\" class=\"wp-image-121960\"\/><figcaption>\n    Namazovlar\u0131n q\u0259zal\u0131 evi<br \/>\n  <\/figcaption><\/figure>\n<p>\n  \u201cI\u0307cra Hakimiyy\u0259tind\u0259n bir n\u0259f\u0259r nu\u0308may\u0259nd\u0259 g\u0259lmis\u0327di. Ev\u0259 baxd\u0131, dedi, b\u0259li, q\u0259zal\u0131d\u0131r, pis v\u0259ziyy\u0259td\u0259dir. Burada yas\u0327amaq t\u0259hlu\u0308k\u0259lidir. Sonra da c\u0327\u0131x\u0131b getdi. O gu\u0308nd\u0259n onlardan bas\u0327qa x\u0259b\u0259r almam\u0131s\u0327\u0131q\u201d.\n<\/p>\n<p>\n  <i><br \/>\n    \u201cDivarlar n\u0259ml\u0259nir, qurumur, alt\u0131 c\u0327o\u0308ku\u0308r\u201d<br \/>\n  <\/i>\n<\/p>\n<p>\n  R.Namazova deyir ki, yag\u0306\u0131s\u0327 yag\u0306anda evinin ic\u0327in\u0259 su dolur. Divarlar n\u0259ml\u0259nir, qurumur, alt\u0131 c\u0327o\u0308ku\u0308r:\n<\/p>\n<p>\n  \u201cBiz art\u0131q gec\u0259l\u0259ri evd\u0259 yatmaqdan da qorxuruq ki, tavan as\u0327\u0131b to\u0308ku\u0308l\u0259c\u0259k us\u0327aqlar\u0131m\u0131n bas\u0327\u0131na. 4 us\u0327aq bo\u0308yu\u0308du\u0308r\u0259m, c\u0327\u0259tindir. I\u0307mkans\u0131z adam\u0131q. I\u0307ndiki z\u0259man\u0259d\u0259 t\u0259s\u0259rru\u0308fatla da m\u0259s\u0327g\u0306ul olmaq c\u0327\u0259tindir. S\u0327\u0259rait yoxdur, toxum, gu\u0308br\u0259 almag\u0306a imkan olmur. Bir-iki s\u0327ey \u0259kirik, o da bir nec\u0327\u0259 ay\u0131 gu\u0308cl\u0259 go\u0308ru\u0308r. Ail\u0259d\u0259 6 n\u0259f\u0259rik. Q\u0131zlar\u0131m\u0131n do\u0308rdu\u0308 d\u0259 m\u0259kt\u0259blidir. Onlar\u0131 gu\u0308c-b\u0259la il\u0259 oxuduruq. \u018fks\u0259r hallarda c\u0327ox s\u0327eyl\u0259rini c\u0327atd\u0131ra da bilmirik\u201d.\n<\/p>\n<p>\n  <i><br \/>\n    \u201cSonuncu z\u0259lz\u0259l\u0259d\u0259 evi daha da b\u0259rbad hala sal\u0131b\u201d<br \/>\n  <\/i>\n<\/p>\n<p>\n  Ramil\u0259 Namazova deyir ki, du\u0308n\u0259n\u0259d\u0259k u\u0308nvanl\u0131 sosial yard\u0131m al\u0131rm\u0131s\u0327lar. Bu da onlar\u0131n azt\u0259minatl\u0131 ail\u0259 oldug\u0306unu bir daha su\u0308but edir. Odur ki, ail\u0259nin evini yenid\u0259n tikm\u0259k bir yana, sad\u0259 t\u0259mir etm\u0259k imkanlar\u0131 bel\u0259 yoxdur:\n<\/p>\n<figure class=\"wp-block-image size-large\">\n  <img decoding=\"async\" src=\"https:\/\/www.meydan.tv\/az\/image00004-jpeg-7\/\" alt=\"image00004.jpeg\" class=\"wp-image-121965\"\/><figcaption>\n    q\u0259zal\u0131 ev<br \/>\n  <\/figcaption><\/figure>\n<p>\n  \u201cOtaqlarda c\u0327atlar var. B\u0259zi yerl\u0259r, u\u0308mumiyy\u0259tl\u0259, aralan\u0131b. H\u0259min aral\u0131 hiss\u0259l\u0259ri s\u0131vamag\u0306a bel\u0259 imkan\u0131m\u0131z yoxdur, qald\u0131, g\u0259l\u0259n nu\u0308may\u0259nd\u0259 dedi ki, ev tamamil\u0259 q\u0259zal\u0131d\u0131r v\u0259 yenid\u0259n tikilm\u0259lidir. Biz evi n\u0259 il\u0259 yenid\u0259n tik\u0259k? Bu gu\u0308nd\u0259n sabaha u\u0308midi olmayan insanlar\u0131q. M\u0259n c\u0327ox s\u0327ey ist\u0259mir\u0259m, nolar, azt\u0259minatl\u0131, sonuncu z\u0259lz\u0259l\u0259d\u0259 evi daha da b\u0259rbad hala du\u0308s\u0327mu\u0308s\u0327 ail\u0259 kimi biz\u0259 ko\u0308m\u0259k etsinl\u0259r. M\u0259n bas\u0327qalar\u0131 kimi imkans\u0131zl\u0131g\u0306\u0131 b\u0259han\u0259 edib, us\u0327aqlar\u0131m\u0131 t\u0259hsild\u0259n d\u0259 yay\u0131nd\u0131rm\u0131ram. Ac qal\u0131ram, amma onlar\u0131 m\u0259kt\u0259b\u0259 go\u0308nd\u0259rir\u0259m ki, o\u0308lk\u0259miz\u0259 yararl\u0131 o\u0308vlad oldunlar. Nolar, do\u0308vl\u0259t d\u0259 bizi azac\u0131q du\u0308s\u0327u\u0308nsu\u0308n, us\u0327aqlar\u0131ma isti bir ev, normal s\u0327\u0259rait qurmag\u0306\u0131m\u0131za ko\u0308m\u0259k etsin\u201d.\n<\/p>\n<p>\n  <i><br \/>\n    \u201cS\u0259h\u0259r\u0259c\u0259n evi dolan\u0131ram ki, bird\u0259n n\u0259s\u0259 olar\u201d<br \/>\n  <\/i>\n<\/p>\n<p>\n  Ail\u0259 o\u0308vladlar\u0131n\u0131n yem\u0259yini, geyimini gu\u0308cl\u0259 c\u0327atd\u0131r\u0131r. Deyir, q\u0131s\u0327 aylar\u0131nda h\u0259tta kommunal xidm\u0259t haqlar\u0131n\u0131 o\u0308d\u0259m\u0259kd\u0259 d\u0259 c\u0327\u0259tinlikl\u0259ri olur. Yen\u0259 d\u0259 hallar\u0131ndan naraz\u0131 deyill\u0259r, birt\u0259h\u0259r dolana bildikl\u0259rini so\u0308yl\u0259yirl\u0259r. Birc\u0259 probleml\u0259ri q\u0259zal\u0131 evl\u0259ridir. Onlar\u0131n bu evd\u0259n bas\u0327qa hec\u0327 n\u0259l\u0259ri yoxdur:\n<\/p>\n<figure class=\"wp-block-image size-large\">\n  <img decoding=\"async\" src=\"https:\/\/www.meydan.tv\/az\/image00007-jpeg-8\/\" alt=\"image00007.jpeg\" class=\"wp-image-121976\"\/><figcaption>\n    q\u0259zal\u0131 ev<br \/>\n  <\/figcaption><\/figure>\n<p>\n  \u201cI\u0307nan\u0131n, o q\u0259d\u0259r c\u0327\u0259tindir ki, odun sobas\u0131 yand\u0131r\u0131r\u0131q. Qaz\u0131 c\u0327ox is\u0327l\u0259tmirik ki, o\u0308d\u0259m\u0259k c\u0327\u0259tindir. I\u0307s\u0327\u0131g\u0306\u0131 da c\u0327atd\u0131ra bilmirik. Biz bu c\u0327\u0259tinlikl\u0259r\u0259 do\u0308zu\u0308ru\u0308k, bunlar\u0131 birt\u0259h\u0259r yola verm\u0259k olur. Amma q\u0259zal\u0131 evi t\u0259mir ed\u0259c\u0259k gu\u0308c\u0259 malik deyilik. Evin h\u0259r yeri d\u0259lm\u0259-des\u0327ikdir. Ku\u0308l\u0259k \u0259sir, evin ic\u0327ind\u0259dir, yag\u0306\u0131s\u0327 yag\u0306\u0131r, ev\u0259 dam\u0131r. O gu\u0308n kic\u0327ik q\u0131z\u0131m g\u0259lib ki, ana, yorg\u0306an\u0131m sudur. Bax\u0131ram ki, yuxar\u0131dan dam\u0131b. Yatag\u0306\u0131n\u0131n yerini d\u0259yis\u0327mis\u0327\u0259m. Yag\u0306\u0131s\u0327 yag\u0306anda biz yatm\u0131r\u0131q. S\u0259h\u0259r\u0259c\u0259n evi dolan\u0131ram ki, bird\u0259n n\u0259s\u0259 olar\u201d, &#8211; R. Namazova bel\u0259 so\u0308yl\u0259yir.\n<\/p>\n<p>\n  <i><br \/>\n    \u201cBu q\u0259d\u0259r kas\u0131bc\u0327\u0131l\u0131q, zu\u0308lml\u0259 o\u0308vladlar\u0131m\u0131z\u0131n ham\u0131s\u0131na t\u0259hsil verm\u0259y\u0259 c\u0327al\u0131s\u0327\u0131r\u0131q\u201d<br \/>\n  <\/i>\n<\/p>\n<p>\n  Evl\u0259ri 2 otaq, bir eyvandan ibar\u0259tdir. Otaqlar\u0131ndan birinin tamamil\u0259 q\u0259zal\u0131 oldug\u0306unu deyirl\u0259r. H\u0259min otag\u0306\u0131n qap\u0131s\u0131n\u0131 bag\u0306lay\u0131blar, istifad\u0259 etmirl\u0259r. G\u0259l\u0259c\u0259kd\u0259 bu\u0308tu\u0308n otaqlar\u0131n bu hala du\u0308s\u0327\u0259c\u0259yind\u0259n qorxduqlar\u0131n\u0131 so\u0308yl\u0259y\u0259n ail\u0259, bel\u0259 olacag\u0306\u0131 t\u0259qdird\u0259 n\u0259 ed\u0259c\u0259kl\u0259rini bilm\u0259dikl\u0259rini deyirl\u0259r:\n<\/p>\n<figure class=\"wp-block-image size-large\">\n  <img decoding=\"async\" src=\"https:\/\/www.meydan.tv\/az\/image00014-jpeg-2\/\" alt=\"image00014.jpeg\" class=\"wp-image-121963\"\/><figcaption>\n    evin i\u00e7i<br \/>\n  <\/figcaption><\/figure>\n<p>\n  \u201cBo\u0308yu\u0308k q\u0131z\u0131m 11-c sinifd\u0259 oxuyur. Ag\u0306das\u0327da tibb kursu var, ora go\u0308nd\u0259ririk. I\u0307kinci is\u0259 universitet\u0259 haz\u0131rlas\u0327\u0131r. \u018flac\u0327\u0131 oldug\u0306undan m\u0259kt\u0259b mu\u0308\u0259lliml\u0259ri t\u0259m\u0259nnas\u0131z haz\u0131rlas\u0327d\u0131r\u0131rlar, sag\u0306 olsunlar. Ham\u0131s\u0131 oxumaq ist\u0259yir, o\u0308zu\u0308 d\u0259 \u0259lac\u0327\u0131d\u0131rlar. Kas\u0327 imkan ola, oxudaq. Sonuncu q\u0131z\u0131m is\u0259 4-cu\u0308 sinfd\u0259 oxuyur, o da \u0259lac\u0327\u0131d\u0131r. Biz bu q\u0259d\u0259r kas\u0131bc\u0327\u0131l\u0131q, zu\u0308lml\u0259 ham\u0131s\u0131na t\u0259hsil verm\u0259y\u0259 c\u0327al\u0131s\u0327\u0131r\u0131q. C\u0259miyy\u0259t\u0259 yararl\u0131 o\u0308vlad yetis\u0327diririk. Buna c\u0327\u0259tinlikl\u0259 d\u0259 olsa, gu\u0308cu\u0308mu\u0308z c\u0327at\u0131r. Amma gu\u0308cu\u0308mu\u0308zu\u0308n c\u0327atmad\u0131g\u0306\u0131 s\u0327eyl\u0259r d\u0259 var. N\u0259 olar, buna da do\u0308vl\u0259timiz d\u0259st\u0259k versin\u201d.\n<\/p>\n<p>\n  <i><br \/>\n    \u201cDedim hec\u0327 olmasa borc verin, aybaay qaytaraq, verm\u0259dil\u0259r\u201d<br \/>\n  <\/i>\n<\/p>\n<p>\n  Ramil\u0259 Namazova deyir ki, evl\u0259ri 2007-ci ild\u0259 olan z\u0259lz\u0259l\u0259d\u0259n sonra daha da pis hala du\u0308s\u0327u\u0308b. Bu zaman evd\u0259 bo\u0308yu\u0308k c\u0327atlar \u0259m\u0259l\u0259 g\u0259lib, otag\u0306\u0131n biri tamamil\u0259 uc\u0327ub:\n<\/p>\n<p>\n  \u201cOnda evin yar\u0131s\u0131 dag\u0306\u0131ld\u0131. Birt\u0259h\u0259r, gu\u0308cu\u0308mu\u0308z c\u0327atd\u0131g\u0306\u0131 q\u0259d\u0259r du\u0308z\u0259ltdik. Zamanla yen\u0259 yavas\u0327-yavas\u0327 to\u0308ku\u0308lu\u0308b, gedir. Hara da yaz\u0131r\u0131q, cavab icraya g\u0259lir. Daha bezmis\u0327ik. Onlar da birm\u0259nal\u0131 s\u0327\u0259kild\u0259 ko\u0308m\u0259k etm\u0259k ist\u0259mirl\u0259r. Dedim, hec\u0327 olmasa borc verin, aybaay qaytaraq. Onu da etm\u0259dil\u0259r\u201d.\n<\/p>\n<figure class=\"wp-block-image size-large\">\n  <img decoding=\"async\" src=\"https:\/\/www.meydan.tv\/az\/image00015-jpeg-2\/\" alt=\"image00015.jpeg\" class=\"wp-image-121969\"\/><figcaption>\n    evin qap\u0131s\u0131<br \/>\n  <\/figcaption><\/figure>\n<p>\n  <i><br \/>\n    I\u0307cra Hakimiyy\u0259ti: \u201cBizim onlara ev tikm\u0259k u\u0308c\u0327u\u0308n bu\u0308dc\u0259miz yoxdur\u201d<br \/>\n  <\/i>\n<\/p>\n<p>\n  Ucar Rayon I\u0307cra Hakimiyy\u0259tind\u0259n Meydan TV-y\u0259 deyilib ki, onlar\u0131n v\u0259t\u0259ndas\u0327lara aid f\u0259rdi, q\u0259zal\u0131 evl\u0259ri t\u0259mir etm\u0259k u\u0308c\u0327u\u0308n bu\u0308dc\u0259l\u0259ri yoxdur:\n<\/p>\n<p>\n  \u201cHarada go\u0308ru\u0308lu\u0308b ki, do\u0308vl\u0259t v\u0259t\u0259ndas\u0327a ev tikib verm\u0259lidir. Deyirl\u0259r, z\u0259lz\u0259l\u0259d\u0259 olub, b\u0259s bugu\u0308n\u0259d\u0259k niy\u0259 s\u0259sl\u0259rini c\u0327\u0131xarm\u0131rd\u0131lar? Ad\u0259t\u0259n z\u0259lz\u0259l\u0259d\u0259 uc\u0327an, dag\u0306\u0131lan evl\u0259ri rayonun Fo\u0308vq\u0259lad\u0259 Hallar Komissiyas\u0131 qeyd\u0259 al\u0131r v\u0259 h\u0259min s\u0327\u0259xsl\u0259r\u0259 ko\u0308m\u0259klik go\u0308st\u0259rilir. Vaxt\u0131nda mu\u0308raci\u0259t etm\u0259k laz\u0131md\u0131r. I\u0307ndi bizim onlara ev tikm\u0259k u\u0308c\u0327u\u0308n bu\u0308dc\u0259miz yoxdur\u201d.\n<\/p>\n<p>\n  M\u0259s\u0259l\u0259 il\u0259 bag\u0306l\u0131 Fo\u0308vq\u0259lad\u0259 Hallar Nazirliyin\u0259 u\u0308nvanlad\u0131g\u0306\u0131m\u0131z sorg\u0306uya cavab almaq mu\u0308mku\u0308n olmay\u0131b.\n<\/p>\n<p>\n  Son ill\u0259r do\u0308vl\u0259t S\u0327amax\u0131, Zaqatala, I\u0307smay\u0131ll\u0131, Balak\u0259n v\u0259 s. bo\u0308lg\u0259l\u0259rd\u0259 bas\u0327 ver\u0259n z\u0259lz\u0259l\u0259l\u0259rd\u0259n sonra \u0259haliy\u0259 d\u0259y\u0259n z\u0259r\u0259ri kompensasiya edib. Evi uc\u0327an v\u0259 ya q\u0259zal\u0131 hala du\u0308s\u0327\u0259n yu\u0308zl\u0259rl\u0259 sakin\u0259 yeni evl\u0259r tikilib v\u0259 ya q\u0259zal\u0131 hala du\u0308s\u0327\u0259n evl\u0259ri t\u0259mir olunub.\n<\/p>\n<figure class=\"wp-block-image size-large\">\n  <img decoding=\"async\" src=\"https:\/\/www.meydan.tv\/az\/image00016-jpeg-4\/\" alt=\"image00016.jpeg\" class=\"wp-image-121975\"\/><figcaption>\n    evin zirz\u0259misi<br \/>\n  <\/figcaption><\/figure>\n<figure class=\"wp-block-image size-large\">\n  <img decoding=\"async\" src=\"https:\/\/www.meydan.tv\/az\/image00013-jpeg-3\/\" alt=\"image00013.jpeg\" class=\"wp-image-121984\"\/><figcaption>\n    odun pe\u00e7i<br \/>\n  <\/figcaption><\/figure>\n<figure class=\"wp-block-image size-large\">\n  <img decoding=\"async\" src=\"https:\/\/www.meydan.tv\/az\/image00001-jpeg-9\/\" alt=\"image00001.jpeg\" class=\"wp-image-121981\"\/><figcaption>\n    Ramil\u0259 Namazova<br \/>\n  <\/figcaption><\/figure>\n","protected":false},"excerpt":{"rendered":"<p>I\u0307cra Hakimiyy\u0259ti: \u201cBizim onlara ev tikm\u0259k u\u0308c\u0327u\u0308n bu\u0308dc\u0259miz yoxdur\u201d<\/p>\n","protected":false},"author":11,"featured_media":121957,"comment_status":"closed","ping_status":"open","sticky":false,"template":"","format":"standard","meta":{"_acf_changed":false,"_sitemap_exclude":false,"_sitemap_priority":"","_sitemap_frequency":"","footnotes":""},"categories":[60],"tags":[],"class_list":["post-194958","post","type-post","status-publish","format-standard","has-post-thumbnail","hentry","category-bolge","infinite-scroll-item","generate-columns","tablet-grid-50","mobile-grid-100","grid-parent","grid-33","no-featured-image-padding"],"acf":[],"yoast_head":"<!-- This site is optimized with the Yoast SEO plugin v27.4 - https:\/\/yoast.com\/product\/yoast-seo-wordpress\/ -->\n<title>Ucar sakini: Gec\u0259l\u0259r evd\u0259 yatma\u011fa qorxuruq - MEYDAN.TV<\/title>\n<meta name=\"robots\" content=\"index, follow, max-snippet:-1, max-image-preview:large, max-video-preview:-1\" \/>\n<link rel=\"canonical\" href=\"https:\/\/www.meydan.tv\/az\/article\/ucar-sakini-geceler-evde-yatmaga-qorxuruq\/\" \/>\n<meta property=\"og:locale\" content=\"az_AZ\" \/>\n<meta property=\"og:type\" content=\"article\" \/>\n<meta property=\"og:title\" content=\"Ucar sakini: Gec\u0259l\u0259r evd\u0259 yatma\u011fa qorxuruq - MEYDAN.TV\" \/>\n<meta property=\"og:description\" content=\"I\u0307cra Hakimiyy\u0259ti: \u201cBizim onlara ev tikm\u0259k u\u0308c\u0327u\u0308n bu\u0308dc\u0259miz yoxdur\u201d\" \/>\n<meta property=\"og:url\" content=\"https:\/\/www.meydan.tv\/az\/article\/ucar-sakini-geceler-evde-yatmaga-qorxuruq\/\" \/>\n<meta property=\"og:site_name\" content=\"MEYDAN.TV\" \/>\n<meta property=\"article:published_time\" content=\"2019-04-14T11:55:12+00:00\" \/>\n<meta property=\"og:image\" content=\"https:\/\/www.meydan.tv\/wp-content\/uploads\/image00017_r2bxw7h.jpeg\" \/>\n\t<meta property=\"og:image:width\" content=\"640\" \/>\n\t<meta property=\"og:image:height\" content=\"480\" \/>\n\t<meta property=\"og:image:type\" content=\"image\/jpeg\" \/>\n<meta name=\"author\" content=\"user-manager\" \/>\n<meta name=\"twitter:card\" content=\"summary_large_image\" \/>\n<script type=\"application\/ld+json\" class=\"yoast-schema-graph\">{\"@context\":\"https:\\\/\\\/schema.org\",\"@graph\":[{\"@type\":\"Article\",\"@id\":\"https:\\\/\\\/www.meydan.tv\\\/az\\\/article\\\/ucar-sakini-geceler-evde-yatmaga-qorxuruq\\\/#article\",\"isPartOf\":{\"@id\":\"https:\\\/\\\/www.meydan.tv\\\/az\\\/article\\\/ucar-sakini-geceler-evde-yatmaga-qorxuruq\\\/\"},\"author\":{\"name\":\"user-manager\",\"@id\":\"https:\\\/\\\/www.meydan.tv\\\/az\\\/#\\\/schema\\\/person\\\/10d11eccf6da3662cf5fdab9806ea91a\"},\"headline\":\"Ucar sakini: Gec\u0259l\u0259r evd\u0259 yatma\u011fa qorxuruq\",\"datePublished\":\"2019-04-14T11:55:12+00:00\",\"mainEntityOfPage\":{\"@id\":\"https:\\\/\\\/www.meydan.tv\\\/az\\\/article\\\/ucar-sakini-geceler-evde-yatmaga-qorxuruq\\\/\"},\"wordCount\":1541,\"publisher\":{\"@id\":\"https:\\\/\\\/www.meydan.tv\\\/az\\\/#organization\"},\"image\":{\"@id\":\"https:\\\/\\\/www.meydan.tv\\\/az\\\/article\\\/ucar-sakini-geceler-evde-yatmaga-qorxuruq\\\/#primaryimage\"},\"thumbnailUrl\":\"https:\\\/\\\/www.meydan.tv\\\/wp-content\\\/uploads\\\/image00017_r2bxw7h.jpeg\",\"articleSection\":[\"B\u00f6lg\u0259\"],\"inLanguage\":\"az\"},{\"@type\":\"WebPage\",\"@id\":\"https:\\\/\\\/www.meydan.tv\\\/az\\\/article\\\/ucar-sakini-geceler-evde-yatmaga-qorxuruq\\\/\",\"url\":\"https:\\\/\\\/www.meydan.tv\\\/az\\\/article\\\/ucar-sakini-geceler-evde-yatmaga-qorxuruq\\\/\",\"name\":\"Ucar sakini: Gec\u0259l\u0259r evd\u0259 yatma\u011fa qorxuruq - MEYDAN.TV\",\"isPartOf\":{\"@id\":\"https:\\\/\\\/www.meydan.tv\\\/az\\\/#website\"},\"primaryImageOfPage\":{\"@id\":\"https:\\\/\\\/www.meydan.tv\\\/az\\\/article\\\/ucar-sakini-geceler-evde-yatmaga-qorxuruq\\\/#primaryimage\"},\"image\":{\"@id\":\"https:\\\/\\\/www.meydan.tv\\\/az\\\/article\\\/ucar-sakini-geceler-evde-yatmaga-qorxuruq\\\/#primaryimage\"},\"thumbnailUrl\":\"https:\\\/\\\/www.meydan.tv\\\/wp-content\\\/uploads\\\/image00017_r2bxw7h.jpeg\",\"datePublished\":\"2019-04-14T11:55:12+00:00\",\"breadcrumb\":{\"@id\":\"https:\\\/\\\/www.meydan.tv\\\/az\\\/article\\\/ucar-sakini-geceler-evde-yatmaga-qorxuruq\\\/#breadcrumb\"},\"inLanguage\":\"az\",\"potentialAction\":[{\"@type\":\"ReadAction\",\"target\":[\"https:\\\/\\\/www.meydan.tv\\\/az\\\/article\\\/ucar-sakini-geceler-evde-yatmaga-qorxuruq\\\/\"]}]},{\"@type\":\"ImageObject\",\"inLanguage\":\"az\",\"@id\":\"https:\\\/\\\/www.meydan.tv\\\/az\\\/article\\\/ucar-sakini-geceler-evde-yatmaga-qorxuruq\\\/#primaryimage\",\"url\":\"https:\\\/\\\/www.meydan.tv\\\/wp-content\\\/uploads\\\/image00017_r2bxw7h.jpeg\",\"contentUrl\":\"https:\\\/\\\/www.meydan.tv\\\/wp-content\\\/uploads\\\/image00017_r2bxw7h.jpeg\",\"width\":640,\"height\":480,\"caption\":\"Source: meydan.tv\"},{\"@type\":\"BreadcrumbList\",\"@id\":\"https:\\\/\\\/www.meydan.tv\\\/az\\\/article\\\/ucar-sakini-geceler-evde-yatmaga-qorxuruq\\\/#breadcrumb\",\"itemListElement\":[{\"@type\":\"ListItem\",\"position\":1,\"name\":\"Ana s\u0259hif\u0259\",\"item\":\"https:\\\/\\\/www.meydan.tv\\\/az\\\/\"},{\"@type\":\"ListItem\",\"position\":2,\"name\":\"B\u00f6lg\u0259\",\"item\":\"https:\\\/\\\/www.meydan.tv\\\/az\\\/section\\\/bolge\\\/\"},{\"@type\":\"ListItem\",\"position\":3,\"name\":\"Ucar sakini: Gec\u0259l\u0259r evd\u0259 yatma\u011fa qorxuruq\"}]},{\"@type\":\"WebSite\",\"@id\":\"https:\\\/\\\/www.meydan.tv\\\/az\\\/#website\",\"url\":\"https:\\\/\\\/www.meydan.tv\\\/az\\\/\",\"name\":\"MEYDAN.TV\",\"description\":\"Meydan TV Az\u0259rbaycan\u0131n media m\u0259kan\u0131ndak\u0131 alternativ s\u0259sidir\",\"publisher\":{\"@id\":\"https:\\\/\\\/www.meydan.tv\\\/az\\\/#organization\"},\"potentialAction\":[{\"@type\":\"SearchAction\",\"target\":{\"@type\":\"EntryPoint\",\"urlTemplate\":\"https:\\\/\\\/www.meydan.tv\\\/az\\\/?s={search_term_string}\"},\"query-input\":{\"@type\":\"PropertyValueSpecification\",\"valueRequired\":true,\"valueName\":\"search_term_string\"}}],\"inLanguage\":\"az\"},{\"@type\":\"Organization\",\"@id\":\"https:\\\/\\\/www.meydan.tv\\\/az\\\/#organization\",\"name\":\"Meydan TV\",\"url\":\"https:\\\/\\\/www.meydan.tv\\\/az\\\/\",\"logo\":{\"@type\":\"ImageObject\",\"inLanguage\":\"az\",\"@id\":\"https:\\\/\\\/www.meydan.tv\\\/az\\\/#\\\/schema\\\/logo\\\/image\\\/\",\"url\":\"https:\\\/\\\/www.meydan.tv\\\/wp-content\\\/uploads\\\/2021\\\/07\\\/meydan-logo.svg\",\"contentUrl\":\"https:\\\/\\\/www.meydan.tv\\\/wp-content\\\/uploads\\\/2021\\\/07\\\/meydan-logo.svg\",\"width\":195,\"height\":46,\"caption\":\"Meydan TV\"},\"image\":{\"@id\":\"https:\\\/\\\/www.meydan.tv\\\/az\\\/#\\\/schema\\\/logo\\\/image\\\/\"}},{\"@type\":\"Person\",\"@id\":\"https:\\\/\\\/www.meydan.tv\\\/az\\\/#\\\/schema\\\/person\\\/10d11eccf6da3662cf5fdab9806ea91a\",\"name\":\"user-manager\"}]}<\/script>\n<!-- \/ Yoast SEO plugin. -->","yoast_head_json":{"title":"Ucar sakini: Gec\u0259l\u0259r evd\u0259 yatma\u011fa qorxuruq - MEYDAN.TV","robots":{"index":"index","follow":"follow","max-snippet":"max-snippet:-1","max-image-preview":"max-image-preview:large","max-video-preview":"max-video-preview:-1"},"canonical":"https:\/\/www.meydan.tv\/az\/article\/ucar-sakini-geceler-evde-yatmaga-qorxuruq\/","og_locale":"az_AZ","og_type":"article","og_title":"Ucar sakini: Gec\u0259l\u0259r evd\u0259 yatma\u011fa qorxuruq - MEYDAN.TV","og_description":"I\u0307cra Hakimiyy\u0259ti: \u201cBizim onlara ev tikm\u0259k u\u0308c\u0327u\u0308n bu\u0308dc\u0259miz yoxdur\u201d","og_url":"https:\/\/www.meydan.tv\/az\/article\/ucar-sakini-geceler-evde-yatmaga-qorxuruq\/","og_site_name":"MEYDAN.TV","article_published_time":"2019-04-14T11:55:12+00:00","og_image":[{"width":640,"height":480,"url":"https:\/\/www.meydan.tv\/wp-content\/uploads\/image00017_r2bxw7h.jpeg","type":"image\/jpeg"}],"author":"user-manager","twitter_card":"summary_large_image","schema":{"@context":"https:\/\/schema.org","@graph":[{"@type":"Article","@id":"https:\/\/www.meydan.tv\/az\/article\/ucar-sakini-geceler-evde-yatmaga-qorxuruq\/#article","isPartOf":{"@id":"https:\/\/www.meydan.tv\/az\/article\/ucar-sakini-geceler-evde-yatmaga-qorxuruq\/"},"author":{"name":"user-manager","@id":"https:\/\/www.meydan.tv\/az\/#\/schema\/person\/10d11eccf6da3662cf5fdab9806ea91a"},"headline":"Ucar sakini: Gec\u0259l\u0259r evd\u0259 yatma\u011fa qorxuruq","datePublished":"2019-04-14T11:55:12+00:00","mainEntityOfPage":{"@id":"https:\/\/www.meydan.tv\/az\/article\/ucar-sakini-geceler-evde-yatmaga-qorxuruq\/"},"wordCount":1541,"publisher":{"@id":"https:\/\/www.meydan.tv\/az\/#organization"},"image":{"@id":"https:\/\/www.meydan.tv\/az\/article\/ucar-sakini-geceler-evde-yatmaga-qorxuruq\/#primaryimage"},"thumbnailUrl":"https:\/\/www.meydan.tv\/wp-content\/uploads\/image00017_r2bxw7h.jpeg","articleSection":["B\u00f6lg\u0259"],"inLanguage":"az"},{"@type":"WebPage","@id":"https:\/\/www.meydan.tv\/az\/article\/ucar-sakini-geceler-evde-yatmaga-qorxuruq\/","url":"https:\/\/www.meydan.tv\/az\/article\/ucar-sakini-geceler-evde-yatmaga-qorxuruq\/","name":"Ucar sakini: Gec\u0259l\u0259r evd\u0259 yatma\u011fa qorxuruq - MEYDAN.TV","isPartOf":{"@id":"https:\/\/www.meydan.tv\/az\/#website"},"primaryImageOfPage":{"@id":"https:\/\/www.meydan.tv\/az\/article\/ucar-sakini-geceler-evde-yatmaga-qorxuruq\/#primaryimage"},"image":{"@id":"https:\/\/www.meydan.tv\/az\/article\/ucar-sakini-geceler-evde-yatmaga-qorxuruq\/#primaryimage"},"thumbnailUrl":"https:\/\/www.meydan.tv\/wp-content\/uploads\/image00017_r2bxw7h.jpeg","datePublished":"2019-04-14T11:55:12+00:00","breadcrumb":{"@id":"https:\/\/www.meydan.tv\/az\/article\/ucar-sakini-geceler-evde-yatmaga-qorxuruq\/#breadcrumb"},"inLanguage":"az","potentialAction":[{"@type":"ReadAction","target":["https:\/\/www.meydan.tv\/az\/article\/ucar-sakini-geceler-evde-yatmaga-qorxuruq\/"]}]},{"@type":"ImageObject","inLanguage":"az","@id":"https:\/\/www.meydan.tv\/az\/article\/ucar-sakini-geceler-evde-yatmaga-qorxuruq\/#primaryimage","url":"https:\/\/www.meydan.tv\/wp-content\/uploads\/image00017_r2bxw7h.jpeg","contentUrl":"https:\/\/www.meydan.tv\/wp-content\/uploads\/image00017_r2bxw7h.jpeg","width":640,"height":480,"caption":"Source: meydan.tv"},{"@type":"BreadcrumbList","@id":"https:\/\/www.meydan.tv\/az\/article\/ucar-sakini-geceler-evde-yatmaga-qorxuruq\/#breadcrumb","itemListElement":[{"@type":"ListItem","position":1,"name":"Ana s\u0259hif\u0259","item":"https:\/\/www.meydan.tv\/az\/"},{"@type":"ListItem","position":2,"name":"B\u00f6lg\u0259","item":"https:\/\/www.meydan.tv\/az\/section\/bolge\/"},{"@type":"ListItem","position":3,"name":"Ucar sakini: Gec\u0259l\u0259r evd\u0259 yatma\u011fa qorxuruq"}]},{"@type":"WebSite","@id":"https:\/\/www.meydan.tv\/az\/#website","url":"https:\/\/www.meydan.tv\/az\/","name":"MEYDAN.TV","description":"Meydan TV Az\u0259rbaycan\u0131n media m\u0259kan\u0131ndak\u0131 alternativ s\u0259sidir","publisher":{"@id":"https:\/\/www.meydan.tv\/az\/#organization"},"potentialAction":[{"@type":"SearchAction","target":{"@type":"EntryPoint","urlTemplate":"https:\/\/www.meydan.tv\/az\/?s={search_term_string}"},"query-input":{"@type":"PropertyValueSpecification","valueRequired":true,"valueName":"search_term_string"}}],"inLanguage":"az"},{"@type":"Organization","@id":"https:\/\/www.meydan.tv\/az\/#organization","name":"Meydan TV","url":"https:\/\/www.meydan.tv\/az\/","logo":{"@type":"ImageObject","inLanguage":"az","@id":"https:\/\/www.meydan.tv\/az\/#\/schema\/logo\/image\/","url":"https:\/\/www.meydan.tv\/wp-content\/uploads\/2021\/07\/meydan-logo.svg","contentUrl":"https:\/\/www.meydan.tv\/wp-content\/uploads\/2021\/07\/meydan-logo.svg","width":195,"height":46,"caption":"Meydan TV"},"image":{"@id":"https:\/\/www.meydan.tv\/az\/#\/schema\/logo\/image\/"}},{"@type":"Person","@id":"https:\/\/www.meydan.tv\/az\/#\/schema\/person\/10d11eccf6da3662cf5fdab9806ea91a","name":"user-manager"}]}},"_links":{"self":[{"href":"https:\/\/www.meydan.tv\/az\/wp-json\/wp\/v2\/posts\/194958","targetHints":{"allow":["GET"]}}],"collection":[{"href":"https:\/\/www.meydan.tv\/az\/wp-json\/wp\/v2\/posts"}],"about":[{"href":"https:\/\/www.meydan.tv\/az\/wp-json\/wp\/v2\/types\/post"}],"author":[{"embeddable":true,"href":"https:\/\/www.meydan.tv\/az\/wp-json\/wp\/v2\/users\/11"}],"replies":[{"embeddable":true,"href":"https:\/\/www.meydan.tv\/az\/wp-json\/wp\/v2\/comments?post=194958"}],"version-history":[{"count":0,"href":"https:\/\/www.meydan.tv\/az\/wp-json\/wp\/v2\/posts\/194958\/revisions"}],"wp:featuredmedia":[{"embeddable":true,"href":"https:\/\/www.meydan.tv\/az\/wp-json\/wp\/v2\/media\/121957"}],"wp:attachment":[{"href":"https:\/\/www.meydan.tv\/az\/wp-json\/wp\/v2\/media?parent=194958"}],"wp:term":[{"taxonomy":"category","embeddable":true,"href":"https:\/\/www.meydan.tv\/az\/wp-json\/wp\/v2\/categories?post=194958"},{"taxonomy":"post_tag","embeddable":true,"href":"https:\/\/www.meydan.tv\/az\/wp-json\/wp\/v2\/tags?post=194958"}],"curies":[{"name":"wp","href":"https:\/\/api.w.org\/{rel}","templated":true}]}}