{"id":194957,"date":"2019-04-14T08:18:22","date_gmt":"2019-04-14T08:18:22","guid":{"rendered":"https:\/\/www.meydan.tv\/article\/samaxi-sakinleri-qul-bazarilarini-oz-inhisarlarina-aliblar-deyirler-yerleri-acmisiq\/"},"modified":"2019-04-14T08:18:22","modified_gmt":"2019-04-14T08:18:22","slug":"samaxi-sakinleri-qul-bazarilarini-oz-inhisarlarina-aliblar-deyirler-yerleri-acmisiq","status":"publish","type":"post","link":"https:\/\/www.meydan.tv\/az\/article\/samaxi-sakinleri-qul-bazarilarini-oz-inhisarlarina-aliblar-deyirler-yerleri-acmisiq\/","title":{"rendered":"\u015eamax\u0131 sakinl\u0259ri: Qul bazar\u0131lar\u0131n\u0131 \u00f6z inhisarlar\u0131na al\u0131blar, deyirl\u0259r, i\u015f yerl\u0259ri a\u00e7m\u0131\u015f\u0131q"},"content":{"rendered":"<p>\n  <i><br \/>\n    \u015eamax\u0131 sakinl\u0259ri iddia edirl\u0259r ki, onlar\u0131 ayl\u0131q c\u00fczi maa\u015fa oturdub, h\u0259r g\u00fcn \u0259n a\u011f\u0131r i\u015fl\u0259rd\u0259 qul kimi i\u015fl\u0259dirl\u0259r<br \/>\n  <\/i>\n<\/p>\n<p>\n  \u201cBizi \u015f\u0259nb\u0259-bazar dem\u0259d\u0259n, h\u0259ft\u0259nin yeddi g\u00fcn\u00fc s\u00f6k\u00fcnt\u00fc yerl\u0259rind\u0259, ba\u011flarda \u0259n a\u011f\u0131r i\u015fl\u0259rd\u0259 i\u015fl\u0259dirl\u0259r. Bu i\u015fl\u0259r\u0259 g\u00f6r\u0259 g\u00fcnd\u0259lik f\u0259hl\u0259pulu 15-20 manatd\u0131r, o pulu al\u0131b \u00f6z cibl\u0259rin\u0259 qoyurlar, biz\u0259 is\u0259 ayda 166 manat maa\u015f verirl\u0259r. Deyirl\u0259r, siz maa\u015fa bax\u0131rs\u0131z, g\u00fcnd\u0259lik qazanca yox.. Bizi qul yerin\u0259 i\u015fl\u0259dirl\u0259r. Etiraz edirik, deyirl\u0259r, d\u00f6vl\u0259td\u0259n i\u015f ist\u0259yirdiz, bu da siz\u0259 i\u015f&#8230;\u201d\n<\/p>\n<p>\n  \u015eamax\u0131 sakinl\u0259ri Vasif Burcal\u0131yev, \u018fb\u00fclh\u0259s\u0259n Babayev v\u0259 Raqib A\u011fayev Meydan TV-y\u0259 dan\u0131\u015f\u0131rlar ki, bu ilin yanvar\u0131ndan h\u00f6kum\u0259tin yaratd\u0131\u011f\u0131 \u201cDOST\u201d \u0130\u015f M\u0259rk\u0259zi MMC-d\u0259 sosialy\u00f6n\u00fcml\u00fc f\u0259aliyy\u0259tl\u0259 ba\u011fl\u0131 i\u015f\u0259 q\u0259bul olunublar. Onlara pe\u015f\u0259l\u0259rin\u0259 uy\u011fun i\u015fl\u0259r v\u0259d olunsa da, \u201cDOST\u201dla m\u00fcqavil\u0259 ba\u011flayandan sonra t\u0259klif edil\u0259n i\u015fl\u0259r qane etm\u0259yib. M\u0259lum olub ki, h\u00f6kum\u0259tin i\u015fl\u0259 t\u0259min etm\u0259 siyas\u0259ti \u0259slind\u0259 \u201cqul bazar\u0131\u201d kimi tan\u0131nan, i\u015fsizl\u0259rin i\u015f tapmaq \u00fc\u00e7\u00fcn topla\u015fd\u0131\u011f\u0131 yerl\u0259ri r\u0259smil\u0259\u015fdirm\u0259kd\u0259n ibar\u0259tdir.\n<\/p>\n<p>\n  <i><br \/>\n    \u201cS\u00f6k\u00fcnt\u00fc yerl\u0259rind\u0259, \u00fcz\u00fcm ba\u011flar\u0131nda qul kimi i\u015fl\u0259dirl\u0259r\u201d<br \/>\n  <\/i>\n<\/p>\n<p>\n  Vaqif Burcal\u0131yev dan\u0131\u015f\u0131r:\n<\/p>\n<p>\n  \u201cBizi \u015eamax\u0131da z\u0259lz\u0259l\u0259d\u0259n sonra q\u0259zal\u0131 v\u0259ziyy\u0259t\u0259 d\u00fc\u015fm\u00fc\u015f evl\u0259rin s\u00f6k\u00fcnt\u00fcs\u00fcnd\u0259, ayr\u0131-ayr\u0131 \u015firk\u0259tl\u0259r\u0259 m\u0259xsus \u00fcz\u00fcm ba\u011flar\u0131nda i\u015fl\u0259m\u0259y\u0259 m\u0259cbur edirl\u0259r. H\u0259r s\u0259h\u0259r Heyd\u0259r \u018fliyev park\u0131na y\u0131\u011f\u0131b, ordan taksil\u0259r\u0259 mindirib ya ba\u011flara g\u00f6nd\u0259rirl\u0259r, ya da s\u00f6k\u00fcnt\u00fc yerl\u0259rin\u0259&#8230; Z\u0259lz\u0259l\u0259d\u0259n z\u0259r\u0259r \u00e7\u0259kmi\u015f evl\u0259ri, da\u015f hasarlar\u0131 s\u00f6k\u00fcr\u00fck, da\u015flar\u0131, dam \u00f6rt\u00fckl\u0259rini, taxtalar\u0131 da\u015f\u0131y\u0131b apar\u0131b, \u00f6zl\u0259ri \u00fc\u00e7\u00fcn sat\u0131rlar. Biz\u0259 verilm\u0259li olan g\u00fcnd\u0259lik 15-20 manat\u0131 da \u00f6z cibl\u0259rin\u0259 qoyurlar. Etiraz ed\u0259nl\u0259ri k\u00fctl\u0259vi \u015f\u0259kild\u0259 i\u015fd\u0259n \u00e7\u0131xar\u0131rlar\u201d.\n<\/p>\n<p>\n  <i><br \/>\n    \u201cBa\u015f\u00e7\u0131n\u0131n sa\u011f \u0259li Yaqub&#8230;\u201d<br \/>\n  <\/i>\n<\/p>\n<p>\n  Dig\u0259r sakin \u018fb\u00fclh\u0259s\u0259n Babayev deyir, i\u015fl\u0259rin ba\u015f\u0131nda rayon icra hakimiyy\u0259tind\u0259 oturan, ancaq oran\u0131n r\u0259smi i\u015f\u00e7isi olmayan, ham\u0131n\u0131n icra ba\u015f\u00e7\u0131s\u0131n\u0131n sa\u011f \u0259li kimi tan\u0131d\u0131\u011f\u0131 Yaqub adl\u0131 \u015f\u0259xs dayan\u0131r:\n<\/p>\n<p>\n  \u201cBu i\u015fl\u0259r\u0259 Yaqub adl\u0131 \u015f\u0259xs ba\u015f\u00e7\u0131l\u0131q edir. H\u0259r \u015feyi o idar\u0259 edir. \u015eamax\u0131 Rayon \u0130cra Hakimiyy\u0259tinin ikinci m\u0259rt\u0259b\u0259sind\u0259 &#8211; m\u0259ktublar \u015f\u00f6b\u0259sind\u0259 oturur. Biz icra hakimiyy\u0259tin\u0259 gedib onunla g\u00f6r\u00fc\u015fm\u0259k ist\u0259y\u0259nd\u0259 i\u00e7\u0259ri buraxm\u0131rlar, deyirl\u0259r, o adam buran\u0131n i\u015f\u00e7isi olmad\u0131\u011f\u0131 \u00fc\u00e7\u00fcn onunla i\u00e7\u0259rid\u0259 g\u00f6r\u00fc\u015f\u0259 bilm\u0259zsiz. \u00c7a\u011f\u0131r\u0131rlar \u00e7\u00f6l\u0259, onunla icra hakimiyy\u0259tinin binas\u0131n\u0131n qar\u015f\u0131s\u0131ndak\u0131 pill\u0259k\u0259nl\u0259rin \u00fcst\u00fcnd\u0259 dan\u0131\u015f\u0131r\u0131q. Deyirik, ax\u0131 bizi s\u0259h\u0259rd\u0259n ax\u015famacan, h\u0259tta \u015f\u0259nb\u0259-bazar g\u00fcnl\u0259ri d\u0259 i\u015fl\u0259dirsiz, niy\u0259 g\u00fcnd\u0259lik pulumuzu vermirsiz? Deyir, sizin ayl\u0131q maa\u015f\u0131n\u0131z var, maa\u015f\u0131n\u0131z h\u0259r ay kart\u0131n\u0131za vurulur, kartdan al\u0131rs\u0131z\u201d.\n<\/p>\n<p>\n  <i><br \/>\n    \u201cBu da qul bazar\u0131d\u0131r, ancaq i\u015fl\u0259dib pulunu vermirl\u0259r\u201d<br \/>\n  <\/i>\n<\/p>\n<p>\n  Bundan \u0259vv\u0259l d\u0259 Meydan TV-y\u0259 m\u00fcraci\u0259t etmi\u015f v\u0259 \u201cDOST\u201d MMC il\u0259 m\u00fcqavil\u0259 ba\u011fland\u0131qdan sonra, pe\u015f\u0259sin\u0259 uy\u011fun deyil, s\u00fcp\u00fcrg\u0259\u00e7i i\u015fi il\u0259 t\u0259min olunmas\u0131na etiraz etmi\u015f Raqib A\u011fayev dan\u0131\u015f\u0131r. Deyir, \u201cDOST\u201d MMC t\u0259r\u0259find\u0259n maa\u015f kartlar\u0131na 166 manat m\u0259bl\u0259\u011find\u0259 maa\u015f k\u00f6\u00e7\u00fcr\u00fcl\u00fcb. Ancaq bu m\u0259bl\u0259\u011f g\u00f6rd\u00fckl\u0259ri i\u015fl\u0259rin qar\u015f\u0131l\u0131\u011f\u0131nda \u00e7ox c\u00fczidir.\n<\/p>\n<p>\n  \u201cApreld\u0259n maa\u015f\u0131m\u0131z 180 manat olub, bunun da 6 manat\u0131 sosial s\u0131\u011fortaya \u00e7\u0131x\u0131lacaq, \u0259limiz\u0259 g\u0259lib 174 manat \u00e7atacaq. Bel\u0259 g\u00f6t\u00fcr\u0259nd\u0259, c\u0259mi 8 manat art\u0131m olub. H\u0259r g\u00fcn fasil\u0259siz a\u011f\u0131r i\u015fl\u0259rd\u0259 \u00e7al\u0131\u015f\u0131b ay\u0131n sonunda 174 manat alaca\u011f\u0131q. Bilirsiz, bir var, qul bazar\u0131nda dayan\u0131rsan, f\u0259rdi adamlar yax\u0131nla\u015f\u0131b s\u0259n\u0259 i\u015f t\u0259klif edir, g\u00f6r\u0259c\u0259yin i\u015f\u0259 g\u00f6r\u0259 z\u0259hm\u0259thaqq\u0131 dan\u0131\u015f\u0131san, raz\u0131la\u015f\u0131b gedirs\u0259n. Adam s\u0259ni apar\u0131r, i\u015fl\u0259dir, ki\u015fi kimi z\u0259hm\u0259thaqq\u0131n\u0131 da \u00f6d\u0259yib yola sal\u0131r. Bir d\u0259 var, yen\u0259 qul bazar\u0131 kimi adamlar\u0131 Heyd\u0259r \u018fliyev park\u0131na toplay\u0131rlar, \u00f6zl\u0259ri s\u0259ni ist\u0259din-ist\u0259m\u0259din, raz\u0131la\u015fd\u0131n-raz\u0131la\u015fmad\u0131n, \u0259n a\u011f\u0131r i\u015fl\u0259rd\u0259 i\u015fl\u0259m\u0259y\u0259 apar\u0131rlar. Sad\u0259c\u0259, g\u00fcn\u00fcn sonunda s\u0259n\u0259 \u00e7atacaq z\u0259hm\u0259thaqq\u0131n\u0131 \u00f6zl\u0259rin\u0259 g\u00f6t\u00fcr\u00fcrl\u0259r. Y\u0259ni ki, bu da qul bazar\u0131d\u0131r, sad\u0259c\u0259, i\u015fl\u0259dib pulunu vermirl\u0259r\u201d.\n<\/p>\n<p>\n  <i><br \/>\n    \u201cS\u00fcp\u00fcrg\u0259\u00e7i i\u015fin\u0259 g\u00f6t\u00fcr\u00fcbl\u0259r, s\u00f6k\u00fcnt\u00fc yerl\u0259rind\u0259 f\u0259hl\u0259 i\u015fl\u0259dirl\u0259r\u201d<br \/>\n  <\/i>\n<\/p>\n<p>\n  \u015eikay\u0259t\u00e7il\u0259rin s\u00f6zl\u0259rin\u0259 g\u00f6r\u0259, z\u0259lz\u0259l\u0259d\u0259n q\u0259zal\u0131 v\u0259ziyy\u0259t\u0259 d\u00fc\u015fm\u00fc\u015f tikilil\u0259rd\u0259 i\u015fl\u0259y\u0259rk\u0259n, f\u0259hl\u0259l\u0259rin texniki t\u0259hl\u00fck\u0259sizliyi \u00fc\u00e7\u00fcn he\u00e7 bir t\u0259dbir g\u00f6r\u00fclm\u00fcr:\n<\/p>\n<p>\n  \u201cHasarlar\u0131 s\u00f6k\u00fcr\u00fck, birinin ba\u015f\u0131na, birinin aya\u011f\u0131na da\u015f d\u00fc\u015f\u00fcr&#8230; \u00c7\u00fcnki el\u0259 adamlar var ki, he\u00e7 vaxt bel\u0259 i\u015fl\u0259ri g\u00f6rm\u0259yibl\u0259r. Ba\u015f\u0131m\u0131zda \u201ckaska\u201d yox, toz ciy\u0259rl\u0259rimiz\u0259 dolur, \u201cmaska\u201dm\u0131z yox&#8230; \u018fslind\u0259 z\u0259lz\u0259l\u0259d\u0259n da\u011f\u0131lm\u0131\u015f tikilil\u0259rl\u0259 ba\u011fl\u0131 i\u015fl\u0259rin icra hakimiyy\u0259ti il\u0259 he\u00e7 bir \u0259laq\u0259si yoxdur. Bu i\u015fl\u0259ri F\u00f6vq\u0259lad\u0259 Hallar Nazirliyi g\u00f6rm\u0259lidir. Biz is\u0259 icra hakimiyy\u0259tinin \u201ckomxoz\u201dunun i\u015f\u00e7il\u0259riyik. Bizi ora s\u00fcp\u00fcrg\u0259\u00e7i i\u015fin\u0259 g\u00f6t\u00fcr\u00fcbl\u0259r. Sad\u0259c\u0259, n\u0259zar\u0259tsizlikdir, he\u00e7 bir qurum n\u0259zar\u0259t etmir, Baxmayaraq ki, \u201cDOST\u201d MMC \u018fm\u0259k v\u0259 \u018fhalinin Sosial M\u00fcdafi\u0259si Nazirliyinin tabeliyind\u0259dir, h\u0259l\u0259 indiy\u0259d\u0259k biziml\u0259 bu qurumdan bir adam da maraqlanmay\u0131b. Kim harda ist\u0259yir, apar\u0131b orda da i\u015fl\u0259dir bizi&#8230; Bir azdan e\u015fits\u0259niz ki, bizi ba\u015f\u00e7\u0131n\u0131n, ya hans\u0131sa ba\u015fqa bir m\u0259murun \u015f\u0259xsi ba\u011f\u0131nda, bostan\u0131nda i\u015fl\u0259dirl\u0259r, t\u0259\u0259cc\u00fcbl\u0259nm\u0259yin\u201d.\n<\/p>\n<figure class=\"wp-block-image size-large\">\n  <img decoding=\"async\" src=\"https:\/\/www.meydan.tv\/az\/image_from_ios-5-jpg-5\/\" alt=\"image_from_ios (5).jpg\" class=\"wp-image-121954\"\/><figcaption>\n    \u018friz\u0259<br \/>\n  <\/figcaption><\/figure>\n<p>\n  <i><br \/>\n    \u201cDOST\u201d niy\u0259 yarad\u0131ld\u0131?<br \/>\n  <\/i>\n<\/p>\n<p>\n  Bu ilin \u0259vv\u0259li prezident \u0130lham \u018fliyevin t\u0259\u015f\u0259bb\u00fcs\u00fc il\u0259 \u018fm\u0259k v\u0259 \u018fhalinin Sosial M\u00fcdafi\u0259si Nazirliyinin tabeliyind\u0259 i\u015fsizliyi aradan qald\u0131rmaq m\u0259qs\u0259dil\u0259 Dayan\u0131ql\u0131 v\u0259 Operativ Sosial T\u0259minat Agentliyi (DOST) yarad\u0131l\u0131b. Agentliyin \u201cDOST \u0130\u015f M\u0259rk\u0259zi\u201d i\u015fsiz v\u0259t\u0259nda\u015flar\u0131n i\u015fl\u0259 t\u0259minat\u0131n\u0131 v\u0259 onlara \u0259m\u0259khaqq\u0131 verilm\u0259sini h\u0259yata ke\u00e7irir. Proqram \u00e7\u0259r\u00e7iv\u0259sind\u0259 ictimai i\u015fl\u0259r\u0259 c\u0259lb olunan v\u0259t\u0259nda\u015flar rayon m\u0259\u015f\u011fulluq m\u0259rk\u0259zl\u0259rind\u0259 i\u015faxtaran v\u0259 ya i\u015fsiz kimi qeydiyyatda olanlar\u0131n aras\u0131ndan se\u00e7ilir. R\u0259smi m\u0259lumata g\u00f6r\u0259, haqq\u0131 \u00f6d\u0259nil\u0259n bu ictimai i\u015fl\u0259r i\u015fsiz \u015f\u0259xsl\u0259rin m\u00fcv\u0259qq\u0259ti m\u0259\u015f\u011fullu\u011funu t\u0259min etm\u0259k m\u0259qs\u0259di il\u0259 t\u0259\u015fkil edilib. \u00d6d\u0259ni\u015fli ictimai i\u015fl\u0259r\u0259 sosial xidm\u0259tl\u0259rin g\u00f6st\u0259rilm\u0259si, t\u0259mir, abadla\u015fd\u0131rma, \u0259razil\u0259rin ekoloji sa\u011flamla\u015fd\u0131r\u0131lmas\u0131, o c\u00fcml\u0259d\u0259n ya\u015f\u0131lla\u015fd\u0131rma i\u015fl\u0259ri, parklara, ictimai yerl\u0259r\u0259 qulluq v\u0259 sair daxildir. Ancaq \u015eamax\u0131 sakini iddia edir ki, bu proqram \u00e7\u0259r\u00e7iv\u0259sind\u0259 yaln\u0131z k\u00fc\u00e7\u0259 t\u0259mizlik\u00e7isi i\u015fl\u0259rin\u0259 c\u0259lb olunurlar.\n<\/p>\n<p>\n  \u015eamax\u0131 sakinl\u0259ri deyirl\u0259r ki, bu ilin yanvar\u0131nda i\u015fsiz kimi \u015eamax\u0131 Rayon M\u0259\u015f\u011fulluq M\u0259rk\u0259zin\u0259 d\u0259v\u0259t olunublar. Onlara bildirilib ki, rayonda i\u015fsizliyi aradan qald\u0131rmaq \u00fc\u00e7\u00fcn ictimai i\u015fl\u0259rin yarad\u0131lmas\u0131na, \u0259halinin i\u015fl\u0259 t\u0259min olunmas\u0131na ba\u015flan\u0131l\u0131b. \u0130\u015f \u00fc\u00e7\u00fcn m\u00fcraci\u0259t ed\u0259nl\u0259r\u0259 tezlikl\u0259 pe\u015f\u0259l\u0259rin\u0259 uy\u011fun i\u015f t\u0259klifl\u0259ri olacaq. H\u0259r k\u0259s \u00f6z pe\u015f\u0259sin\u0259 uy\u011fun i\u015f \u00fc\u00e7\u00fcn \u0259riz\u0259 yaz\u0131b, lakin \u201cDOST\u201d MMC il\u0259 m\u00fcqavil\u0259l\u0259r ba\u011fland\u0131qdan sonra m\u00fcraci\u0259t ed\u0259nl\u0259rin \u0259ks\u0259riyy\u0259ti s\u00fcp\u00fcrg\u0259\u00e7i i\u015fin\u0259 g\u00f6t\u00fcr\u00fcl\u00fcb. \u0130\u015f oras\u0131ndad\u0131r ki, iddialar\u0131na g\u00f6r\u0259, indi onlara s\u00fcp\u00fcrg\u0259 ver\u0259n d\u0259 yoxdur, da\u011f\u0131nt\u0131 yerl\u0259rind\u0259 \u0259n a\u011f\u0131r i\u015fl\u0259r\u0259 c\u0259lb edilibl\u0259r.\n<\/p>\n<p>\n  \u015eamax\u0131 Rayon M\u0259\u015f\u011fulluq M\u0259rk\u0259zind\u0259n bildirilib ki, t\u0259klif olunan i\u015fl\u0259rin v\u0259t\u0259nda\u015flar t\u0259r\u0259find\u0259n q\u0259bul edilib-edilm\u0259m\u0259si k\u00f6n\u00fcll\u00fcd\u00fcr:\n<\/p>\n<p>\n  \u201cDeyil\u0259nl\u0259rin \u0259sas\u0131 yoxdur, v\u0259t\u0259nda\u015flar t\u0259kc\u0259 t\u0259mizlik\u00e7i yox, pe\u015f\u0259l\u0259rin\u0259 uy\u011fun ba\u015fqa i\u015fl\u0259rl\u0259 d\u0259 t\u0259min olunurlar. Pe\u015f\u0259si, ixtisas\u0131, bacar\u0131\u011f\u0131 olmayanlara is\u0259 t\u0259mizlik\u00e7i i\u015fl\u0259ri t\u0259klif olunur. He\u00e7 kim k\u00fc\u00e7\u0259 s\u00fcp\u00fcrm\u0259y\u0259 m\u0259cbur edilmir. M\u00fcqavil\u0259l\u0259rd\u0259 t\u0259klif olunan i\u015fl\u0259r, m\u0259vacib v\u0259 i\u015f saatlar\u0131 g\u00f6st\u0259rilib. V\u0259t\u0259nda\u015flar \u00f6zl\u0259ri m\u00fcqavil\u0259l\u0259rl\u0259 raz\u0131la\u015f\u0131b imza at\u0131blar, m\u00fcqavil\u0259l\u0259rin sur\u0259ti onlara t\u0259qdim olunacaq\u201d.\n<\/p>\n<p>\n  \u015eamax\u0131 Rayon \u0130cra Hakimiyy\u0259tind\u0259n bildirilib ki, qurumda Yaqub adl\u0131 \u015f\u0259xs n\u0259 r\u0259smi, n\u0259 d\u0259 qeyri-r\u0259smi \u00e7al\u0131\u015f\u0131r. Qurumdan ba\u015fqa suallara ayd\u0131nl\u0131q g\u0259tirilm\u0259yib.<\/p>\n","protected":false},"excerpt":{"rendered":"<p>Ancaq \u015eamax\u0131 sakini iddia edir ki, bu proqram \u00e7\u0259r\u00e7iv\u0259sind\u0259 yaln\u0131z k\u00fc\u00e7\u0259 t\u0259mizlik\u00e7isi i\u015fl\u0259rin\u0259 c\u0259lb olunurlar<\/p>\n","protected":false},"author":11,"featured_media":121936,"comment_status":"closed","ping_status":"open","sticky":false,"template":"","format":"standard","meta":{"_acf_changed":false,"_sitemap_exclude":false,"_sitemap_priority":"","_sitemap_frequency":"","footnotes":""},"categories":[60],"tags":[],"class_list":["post-194957","post","type-post","status-publish","format-standard","has-post-thumbnail","hentry","category-bolge","infinite-scroll-item","generate-columns","tablet-grid-50","mobile-grid-100","grid-parent","grid-33","no-featured-image-padding"],"acf":[],"yoast_head":"<!-- This site is optimized with the Yoast SEO plugin v27.4 - https:\/\/yoast.com\/product\/yoast-seo-wordpress\/ -->\n<title>\u015eamax\u0131 sakinl\u0259ri: Qul bazar\u0131lar\u0131n\u0131 \u00f6z inhisarlar\u0131na al\u0131blar, deyirl\u0259r, i\u015f yerl\u0259ri a\u00e7m\u0131\u015f\u0131q - MEYDAN.TV<\/title>\n<meta name=\"robots\" content=\"index, follow, max-snippet:-1, max-image-preview:large, max-video-preview:-1\" \/>\n<link rel=\"canonical\" href=\"https:\/\/www.meydan.tv\/az\/article\/samaxi-sakinleri-qul-bazarilarini-oz-inhisarlarina-aliblar-deyirler-yerleri-acmisiq\/\" \/>\n<meta property=\"og:locale\" content=\"az_AZ\" \/>\n<meta property=\"og:type\" content=\"article\" \/>\n<meta property=\"og:title\" content=\"\u015eamax\u0131 sakinl\u0259ri: Qul bazar\u0131lar\u0131n\u0131 \u00f6z inhisarlar\u0131na al\u0131blar, deyirl\u0259r, i\u015f yerl\u0259ri a\u00e7m\u0131\u015f\u0131q - MEYDAN.TV\" \/>\n<meta property=\"og:description\" content=\"Ancaq \u015eamax\u0131 sakini iddia edir ki, bu proqram \u00e7\u0259r\u00e7iv\u0259sind\u0259 yaln\u0131z k\u00fc\u00e7\u0259 t\u0259mizlik\u00e7isi i\u015fl\u0259rin\u0259 c\u0259lb olunurlar\" \/>\n<meta property=\"og:url\" content=\"https:\/\/www.meydan.tv\/az\/article\/samaxi-sakinleri-qul-bazarilarini-oz-inhisarlarina-aliblar-deyirler-yerleri-acmisiq\/\" \/>\n<meta property=\"og:site_name\" content=\"MEYDAN.TV\" \/>\n<meta property=\"article:published_time\" content=\"2019-04-14T08:18:22+00:00\" \/>\n<meta property=\"og:image\" content=\"https:\/\/www.meydan.tv\/wp-content\/uploads\/image_from_ios_4_n6ab8t2.jpg\" \/>\n\t<meta property=\"og:image:width\" content=\"1280\" \/>\n\t<meta property=\"og:image:height\" content=\"960\" \/>\n\t<meta property=\"og:image:type\" content=\"image\/jpeg\" \/>\n<meta name=\"author\" content=\"user-manager\" \/>\n<meta name=\"twitter:card\" content=\"summary_large_image\" \/>\n<script type=\"application\/ld+json\" class=\"yoast-schema-graph\">{\"@context\":\"https:\\\/\\\/schema.org\",\"@graph\":[{\"@type\":\"Article\",\"@id\":\"https:\\\/\\\/www.meydan.tv\\\/az\\\/article\\\/samaxi-sakinleri-qul-bazarilarini-oz-inhisarlarina-aliblar-deyirler-yerleri-acmisiq\\\/#article\",\"isPartOf\":{\"@id\":\"https:\\\/\\\/www.meydan.tv\\\/az\\\/article\\\/samaxi-sakinleri-qul-bazarilarini-oz-inhisarlarina-aliblar-deyirler-yerleri-acmisiq\\\/\"},\"author\":{\"name\":\"user-manager\",\"@id\":\"https:\\\/\\\/www.meydan.tv\\\/az\\\/#\\\/schema\\\/person\\\/10d11eccf6da3662cf5fdab9806ea91a\"},\"headline\":\"\u015eamax\u0131 sakinl\u0259ri: Qul bazar\u0131lar\u0131n\u0131 \u00f6z inhisarlar\u0131na al\u0131blar, deyirl\u0259r, i\u015f yerl\u0259ri a\u00e7m\u0131\u015f\u0131q\",\"datePublished\":\"2019-04-14T08:18:22+00:00\",\"mainEntityOfPage\":{\"@id\":\"https:\\\/\\\/www.meydan.tv\\\/az\\\/article\\\/samaxi-sakinleri-qul-bazarilarini-oz-inhisarlarina-aliblar-deyirler-yerleri-acmisiq\\\/\"},\"wordCount\":1661,\"publisher\":{\"@id\":\"https:\\\/\\\/www.meydan.tv\\\/az\\\/#organization\"},\"image\":{\"@id\":\"https:\\\/\\\/www.meydan.tv\\\/az\\\/article\\\/samaxi-sakinleri-qul-bazarilarini-oz-inhisarlarina-aliblar-deyirler-yerleri-acmisiq\\\/#primaryimage\"},\"thumbnailUrl\":\"https:\\\/\\\/www.meydan.tv\\\/wp-content\\\/uploads\\\/image_from_ios_4_n6ab8t2.jpg\",\"articleSection\":[\"B\u00f6lg\u0259\"],\"inLanguage\":\"az\"},{\"@type\":\"WebPage\",\"@id\":\"https:\\\/\\\/www.meydan.tv\\\/az\\\/article\\\/samaxi-sakinleri-qul-bazarilarini-oz-inhisarlarina-aliblar-deyirler-yerleri-acmisiq\\\/\",\"url\":\"https:\\\/\\\/www.meydan.tv\\\/az\\\/article\\\/samaxi-sakinleri-qul-bazarilarini-oz-inhisarlarina-aliblar-deyirler-yerleri-acmisiq\\\/\",\"name\":\"\u015eamax\u0131 sakinl\u0259ri: Qul bazar\u0131lar\u0131n\u0131 \u00f6z inhisarlar\u0131na al\u0131blar, deyirl\u0259r, i\u015f yerl\u0259ri a\u00e7m\u0131\u015f\u0131q - MEYDAN.TV\",\"isPartOf\":{\"@id\":\"https:\\\/\\\/www.meydan.tv\\\/az\\\/#website\"},\"primaryImageOfPage\":{\"@id\":\"https:\\\/\\\/www.meydan.tv\\\/az\\\/article\\\/samaxi-sakinleri-qul-bazarilarini-oz-inhisarlarina-aliblar-deyirler-yerleri-acmisiq\\\/#primaryimage\"},\"image\":{\"@id\":\"https:\\\/\\\/www.meydan.tv\\\/az\\\/article\\\/samaxi-sakinleri-qul-bazarilarini-oz-inhisarlarina-aliblar-deyirler-yerleri-acmisiq\\\/#primaryimage\"},\"thumbnailUrl\":\"https:\\\/\\\/www.meydan.tv\\\/wp-content\\\/uploads\\\/image_from_ios_4_n6ab8t2.jpg\",\"datePublished\":\"2019-04-14T08:18:22+00:00\",\"breadcrumb\":{\"@id\":\"https:\\\/\\\/www.meydan.tv\\\/az\\\/article\\\/samaxi-sakinleri-qul-bazarilarini-oz-inhisarlarina-aliblar-deyirler-yerleri-acmisiq\\\/#breadcrumb\"},\"inLanguage\":\"az\",\"potentialAction\":[{\"@type\":\"ReadAction\",\"target\":[\"https:\\\/\\\/www.meydan.tv\\\/az\\\/article\\\/samaxi-sakinleri-qul-bazarilarini-oz-inhisarlarina-aliblar-deyirler-yerleri-acmisiq\\\/\"]}]},{\"@type\":\"ImageObject\",\"inLanguage\":\"az\",\"@id\":\"https:\\\/\\\/www.meydan.tv\\\/az\\\/article\\\/samaxi-sakinleri-qul-bazarilarini-oz-inhisarlarina-aliblar-deyirler-yerleri-acmisiq\\\/#primaryimage\",\"url\":\"https:\\\/\\\/www.meydan.tv\\\/wp-content\\\/uploads\\\/image_from_ios_4_n6ab8t2.jpg\",\"contentUrl\":\"https:\\\/\\\/www.meydan.tv\\\/wp-content\\\/uploads\\\/image_from_ios_4_n6ab8t2.jpg\",\"width\":1280,\"height\":960,\"caption\":\"Source: meydan.tv\"},{\"@type\":\"BreadcrumbList\",\"@id\":\"https:\\\/\\\/www.meydan.tv\\\/az\\\/article\\\/samaxi-sakinleri-qul-bazarilarini-oz-inhisarlarina-aliblar-deyirler-yerleri-acmisiq\\\/#breadcrumb\",\"itemListElement\":[{\"@type\":\"ListItem\",\"position\":1,\"name\":\"Ana s\u0259hif\u0259\",\"item\":\"https:\\\/\\\/www.meydan.tv\\\/az\\\/\"},{\"@type\":\"ListItem\",\"position\":2,\"name\":\"B\u00f6lg\u0259\",\"item\":\"https:\\\/\\\/www.meydan.tv\\\/az\\\/section\\\/bolge\\\/\"},{\"@type\":\"ListItem\",\"position\":3,\"name\":\"\u015eamax\u0131 sakinl\u0259ri: Qul bazar\u0131lar\u0131n\u0131 \u00f6z inhisarlar\u0131na al\u0131blar, deyirl\u0259r, i\u015f yerl\u0259ri a\u00e7m\u0131\u015f\u0131q\"}]},{\"@type\":\"WebSite\",\"@id\":\"https:\\\/\\\/www.meydan.tv\\\/az\\\/#website\",\"url\":\"https:\\\/\\\/www.meydan.tv\\\/az\\\/\",\"name\":\"MEYDAN.TV\",\"description\":\"Meydan TV Az\u0259rbaycan\u0131n media m\u0259kan\u0131ndak\u0131 alternativ s\u0259sidir\",\"publisher\":{\"@id\":\"https:\\\/\\\/www.meydan.tv\\\/az\\\/#organization\"},\"potentialAction\":[{\"@type\":\"SearchAction\",\"target\":{\"@type\":\"EntryPoint\",\"urlTemplate\":\"https:\\\/\\\/www.meydan.tv\\\/az\\\/?s={search_term_string}\"},\"query-input\":{\"@type\":\"PropertyValueSpecification\",\"valueRequired\":true,\"valueName\":\"search_term_string\"}}],\"inLanguage\":\"az\"},{\"@type\":\"Organization\",\"@id\":\"https:\\\/\\\/www.meydan.tv\\\/az\\\/#organization\",\"name\":\"Meydan TV\",\"url\":\"https:\\\/\\\/www.meydan.tv\\\/az\\\/\",\"logo\":{\"@type\":\"ImageObject\",\"inLanguage\":\"az\",\"@id\":\"https:\\\/\\\/www.meydan.tv\\\/az\\\/#\\\/schema\\\/logo\\\/image\\\/\",\"url\":\"https:\\\/\\\/www.meydan.tv\\\/wp-content\\\/uploads\\\/2021\\\/07\\\/meydan-logo.svg\",\"contentUrl\":\"https:\\\/\\\/www.meydan.tv\\\/wp-content\\\/uploads\\\/2021\\\/07\\\/meydan-logo.svg\",\"width\":195,\"height\":46,\"caption\":\"Meydan TV\"},\"image\":{\"@id\":\"https:\\\/\\\/www.meydan.tv\\\/az\\\/#\\\/schema\\\/logo\\\/image\\\/\"}},{\"@type\":\"Person\",\"@id\":\"https:\\\/\\\/www.meydan.tv\\\/az\\\/#\\\/schema\\\/person\\\/10d11eccf6da3662cf5fdab9806ea91a\",\"name\":\"user-manager\"}]}<\/script>\n<!-- \/ Yoast SEO plugin. -->","yoast_head_json":{"title":"\u015eamax\u0131 sakinl\u0259ri: Qul bazar\u0131lar\u0131n\u0131 \u00f6z inhisarlar\u0131na al\u0131blar, deyirl\u0259r, i\u015f yerl\u0259ri a\u00e7m\u0131\u015f\u0131q - MEYDAN.TV","robots":{"index":"index","follow":"follow","max-snippet":"max-snippet:-1","max-image-preview":"max-image-preview:large","max-video-preview":"max-video-preview:-1"},"canonical":"https:\/\/www.meydan.tv\/az\/article\/samaxi-sakinleri-qul-bazarilarini-oz-inhisarlarina-aliblar-deyirler-yerleri-acmisiq\/","og_locale":"az_AZ","og_type":"article","og_title":"\u015eamax\u0131 sakinl\u0259ri: Qul bazar\u0131lar\u0131n\u0131 \u00f6z inhisarlar\u0131na al\u0131blar, deyirl\u0259r, i\u015f yerl\u0259ri a\u00e7m\u0131\u015f\u0131q - MEYDAN.TV","og_description":"Ancaq \u015eamax\u0131 sakini iddia edir ki, bu proqram \u00e7\u0259r\u00e7iv\u0259sind\u0259 yaln\u0131z k\u00fc\u00e7\u0259 t\u0259mizlik\u00e7isi i\u015fl\u0259rin\u0259 c\u0259lb olunurlar","og_url":"https:\/\/www.meydan.tv\/az\/article\/samaxi-sakinleri-qul-bazarilarini-oz-inhisarlarina-aliblar-deyirler-yerleri-acmisiq\/","og_site_name":"MEYDAN.TV","article_published_time":"2019-04-14T08:18:22+00:00","og_image":[{"width":1280,"height":960,"url":"https:\/\/www.meydan.tv\/wp-content\/uploads\/image_from_ios_4_n6ab8t2.jpg","type":"image\/jpeg"}],"author":"user-manager","twitter_card":"summary_large_image","schema":{"@context":"https:\/\/schema.org","@graph":[{"@type":"Article","@id":"https:\/\/www.meydan.tv\/az\/article\/samaxi-sakinleri-qul-bazarilarini-oz-inhisarlarina-aliblar-deyirler-yerleri-acmisiq\/#article","isPartOf":{"@id":"https:\/\/www.meydan.tv\/az\/article\/samaxi-sakinleri-qul-bazarilarini-oz-inhisarlarina-aliblar-deyirler-yerleri-acmisiq\/"},"author":{"name":"user-manager","@id":"https:\/\/www.meydan.tv\/az\/#\/schema\/person\/10d11eccf6da3662cf5fdab9806ea91a"},"headline":"\u015eamax\u0131 sakinl\u0259ri: Qul bazar\u0131lar\u0131n\u0131 \u00f6z inhisarlar\u0131na al\u0131blar, deyirl\u0259r, i\u015f yerl\u0259ri a\u00e7m\u0131\u015f\u0131q","datePublished":"2019-04-14T08:18:22+00:00","mainEntityOfPage":{"@id":"https:\/\/www.meydan.tv\/az\/article\/samaxi-sakinleri-qul-bazarilarini-oz-inhisarlarina-aliblar-deyirler-yerleri-acmisiq\/"},"wordCount":1661,"publisher":{"@id":"https:\/\/www.meydan.tv\/az\/#organization"},"image":{"@id":"https:\/\/www.meydan.tv\/az\/article\/samaxi-sakinleri-qul-bazarilarini-oz-inhisarlarina-aliblar-deyirler-yerleri-acmisiq\/#primaryimage"},"thumbnailUrl":"https:\/\/www.meydan.tv\/wp-content\/uploads\/image_from_ios_4_n6ab8t2.jpg","articleSection":["B\u00f6lg\u0259"],"inLanguage":"az"},{"@type":"WebPage","@id":"https:\/\/www.meydan.tv\/az\/article\/samaxi-sakinleri-qul-bazarilarini-oz-inhisarlarina-aliblar-deyirler-yerleri-acmisiq\/","url":"https:\/\/www.meydan.tv\/az\/article\/samaxi-sakinleri-qul-bazarilarini-oz-inhisarlarina-aliblar-deyirler-yerleri-acmisiq\/","name":"\u015eamax\u0131 sakinl\u0259ri: Qul bazar\u0131lar\u0131n\u0131 \u00f6z inhisarlar\u0131na al\u0131blar, deyirl\u0259r, i\u015f yerl\u0259ri a\u00e7m\u0131\u015f\u0131q - MEYDAN.TV","isPartOf":{"@id":"https:\/\/www.meydan.tv\/az\/#website"},"primaryImageOfPage":{"@id":"https:\/\/www.meydan.tv\/az\/article\/samaxi-sakinleri-qul-bazarilarini-oz-inhisarlarina-aliblar-deyirler-yerleri-acmisiq\/#primaryimage"},"image":{"@id":"https:\/\/www.meydan.tv\/az\/article\/samaxi-sakinleri-qul-bazarilarini-oz-inhisarlarina-aliblar-deyirler-yerleri-acmisiq\/#primaryimage"},"thumbnailUrl":"https:\/\/www.meydan.tv\/wp-content\/uploads\/image_from_ios_4_n6ab8t2.jpg","datePublished":"2019-04-14T08:18:22+00:00","breadcrumb":{"@id":"https:\/\/www.meydan.tv\/az\/article\/samaxi-sakinleri-qul-bazarilarini-oz-inhisarlarina-aliblar-deyirler-yerleri-acmisiq\/#breadcrumb"},"inLanguage":"az","potentialAction":[{"@type":"ReadAction","target":["https:\/\/www.meydan.tv\/az\/article\/samaxi-sakinleri-qul-bazarilarini-oz-inhisarlarina-aliblar-deyirler-yerleri-acmisiq\/"]}]},{"@type":"ImageObject","inLanguage":"az","@id":"https:\/\/www.meydan.tv\/az\/article\/samaxi-sakinleri-qul-bazarilarini-oz-inhisarlarina-aliblar-deyirler-yerleri-acmisiq\/#primaryimage","url":"https:\/\/www.meydan.tv\/wp-content\/uploads\/image_from_ios_4_n6ab8t2.jpg","contentUrl":"https:\/\/www.meydan.tv\/wp-content\/uploads\/image_from_ios_4_n6ab8t2.jpg","width":1280,"height":960,"caption":"Source: meydan.tv"},{"@type":"BreadcrumbList","@id":"https:\/\/www.meydan.tv\/az\/article\/samaxi-sakinleri-qul-bazarilarini-oz-inhisarlarina-aliblar-deyirler-yerleri-acmisiq\/#breadcrumb","itemListElement":[{"@type":"ListItem","position":1,"name":"Ana s\u0259hif\u0259","item":"https:\/\/www.meydan.tv\/az\/"},{"@type":"ListItem","position":2,"name":"B\u00f6lg\u0259","item":"https:\/\/www.meydan.tv\/az\/section\/bolge\/"},{"@type":"ListItem","position":3,"name":"\u015eamax\u0131 sakinl\u0259ri: Qul bazar\u0131lar\u0131n\u0131 \u00f6z inhisarlar\u0131na al\u0131blar, deyirl\u0259r, i\u015f yerl\u0259ri a\u00e7m\u0131\u015f\u0131q"}]},{"@type":"WebSite","@id":"https:\/\/www.meydan.tv\/az\/#website","url":"https:\/\/www.meydan.tv\/az\/","name":"MEYDAN.TV","description":"Meydan TV Az\u0259rbaycan\u0131n media m\u0259kan\u0131ndak\u0131 alternativ s\u0259sidir","publisher":{"@id":"https:\/\/www.meydan.tv\/az\/#organization"},"potentialAction":[{"@type":"SearchAction","target":{"@type":"EntryPoint","urlTemplate":"https:\/\/www.meydan.tv\/az\/?s={search_term_string}"},"query-input":{"@type":"PropertyValueSpecification","valueRequired":true,"valueName":"search_term_string"}}],"inLanguage":"az"},{"@type":"Organization","@id":"https:\/\/www.meydan.tv\/az\/#organization","name":"Meydan TV","url":"https:\/\/www.meydan.tv\/az\/","logo":{"@type":"ImageObject","inLanguage":"az","@id":"https:\/\/www.meydan.tv\/az\/#\/schema\/logo\/image\/","url":"https:\/\/www.meydan.tv\/wp-content\/uploads\/2021\/07\/meydan-logo.svg","contentUrl":"https:\/\/www.meydan.tv\/wp-content\/uploads\/2021\/07\/meydan-logo.svg","width":195,"height":46,"caption":"Meydan TV"},"image":{"@id":"https:\/\/www.meydan.tv\/az\/#\/schema\/logo\/image\/"}},{"@type":"Person","@id":"https:\/\/www.meydan.tv\/az\/#\/schema\/person\/10d11eccf6da3662cf5fdab9806ea91a","name":"user-manager"}]}},"_links":{"self":[{"href":"https:\/\/www.meydan.tv\/az\/wp-json\/wp\/v2\/posts\/194957","targetHints":{"allow":["GET"]}}],"collection":[{"href":"https:\/\/www.meydan.tv\/az\/wp-json\/wp\/v2\/posts"}],"about":[{"href":"https:\/\/www.meydan.tv\/az\/wp-json\/wp\/v2\/types\/post"}],"author":[{"embeddable":true,"href":"https:\/\/www.meydan.tv\/az\/wp-json\/wp\/v2\/users\/11"}],"replies":[{"embeddable":true,"href":"https:\/\/www.meydan.tv\/az\/wp-json\/wp\/v2\/comments?post=194957"}],"version-history":[{"count":0,"href":"https:\/\/www.meydan.tv\/az\/wp-json\/wp\/v2\/posts\/194957\/revisions"}],"wp:featuredmedia":[{"embeddable":true,"href":"https:\/\/www.meydan.tv\/az\/wp-json\/wp\/v2\/media\/121936"}],"wp:attachment":[{"href":"https:\/\/www.meydan.tv\/az\/wp-json\/wp\/v2\/media?parent=194957"}],"wp:term":[{"taxonomy":"category","embeddable":true,"href":"https:\/\/www.meydan.tv\/az\/wp-json\/wp\/v2\/categories?post=194957"},{"taxonomy":"post_tag","embeddable":true,"href":"https:\/\/www.meydan.tv\/az\/wp-json\/wp\/v2\/tags?post=194957"}],"curies":[{"name":"wp","href":"https:\/\/api.w.org\/{rel}","templated":true}]}}