{"id":194917,"date":"2019-04-11T23:35:00","date_gmt":"2019-04-11T23:35:00","guid":{"rendered":"https:\/\/www.meydan.tv\/article\/mekteblerde-bullinq-ne-derecede-arasdirilir\/"},"modified":"2019-04-11T23:35:00","modified_gmt":"2019-04-11T23:35:00","slug":"mekteblerde-bullinq-ne-derecede-arasdirilir","status":"publish","type":"post","link":"https:\/\/www.meydan.tv\/az\/article\/mekteblerde-bullinq-ne-derecede-arasdirilir\/","title":{"rendered":"M\u0259kt\u0259bl\u0259rd\u0259 bullinq n\u0259 d\u0259r\u0259c\u0259d\u0259 ara\u015fd\u0131r\u0131l\u0131r?"},"content":{"rendered":"<p>\n  <b><br \/>\n    <i><br \/>\n      M\u00fc\u0259llif: Aydan N\u00fcsal<br \/>\n    <\/i><br \/>\n  <\/b>\n<\/p>\n<p>\n  <i><br \/>\n    D\u00fcnyaya g\u0259l\u0259n h\u0259r bir u\u015faq ayr\u0131ca \u015f\u0259xsiyy\u0259tdir<br \/>\n  <\/i>\n<\/p>\n<p>\n  14 ya\u015fl\u0131 Elina Hac\u0131yevan\u0131n intihar\u0131 v\u0259 bu m\u00f6vzu \u0259traf\u0131nda yaranan suallar Az\u0259rbaycan c\u0259miyy\u0259tind\u0259 ist\u0259r h\u00fcquqi, ist\u0259r sosial, ist\u0259rs\u0259 d\u0259 elmi-psixoloji s\u0259viyy\u0259d\u0259 bug\u00fcn\u0259 q\u0259d\u0259r ara\u015fd\u0131r\u0131lmam\u0131\u015f, lakin ciddi t\u0259dqiqata ehtiyac duyan m\u0259s\u0259l\u0259l\u0259rdir. T\u0259\u0259ss\u00fcfl\u0259r olsun ki, bu m\u00f6vzu v\u0259 ya daha \u00f6nc\u0259d\u0259n ya\u015fanm\u0131\u015f bu kimi m\u0259s\u0259l\u0259l\u0259rin sosial \u015f\u0259b\u0259k\u0259l\u0259rd\u0259 m\u00fczakir\u0259l\u0259ri xaricind\u0259 he\u00e7 bir ciddi t\u0259dqiqi, yaxud analizi apar\u0131lm\u0131r. Bu sah\u0259d\u0259 m\u00fct\u0259x\u0259ssis deyil\u0259m, m\u00fct\u0259x\u0259ssisl\u0259rin onsuz da susmas\u0131 fakt\u0131n\u0131 n\u0259z\u0259r\u0259 alaraq v\u0259 Elinan\u0131n xatir\u0259sin\u0259 h\u00f6rm\u0259t \u0259lam\u0259ti olaraq ki\u00e7ik bir ara\u015fd\u0131rma aparma\u011f\u0131 laz\u0131m bildim.\n<\/p>\n<p>\n  M\u0259ni \u0259n \u00e7ox d\u00fc\u015f\u00fcnd\u00fcr\u0259n bullinq (al\u00e7altma, \u0259l\u0259salma, psixoloji terror) m\u0259s\u0259l\u0259sinin \u00f6z\u00fc, m\u0259kt\u0259bya\u015fl\u0131 u\u015faqlar\u0131n davran\u0131\u015f\u0131d\u0131r. Elinan\u0131n intihar\u0131n\u0131n s\u0259b\u0259bi m\u0259hz m\u0259kt\u0259b yolda\u015flar\u0131 t\u0259r\u0259find\u0259n m\u0259n\u0259vi, fiziki zorak\u0131l\u0131\u011fa qalmas\u0131 v\u0259 \u0259traf\u0131ndan g\u00f6rd\u00fcy\u00fc etinas\u0131z m\u00fcnasib\u0259t- m\u00fcnasib\u0259tsizlikdir. \u015e\u0259xsiyy\u0259tsiz m\u0259kt\u0259b direktoru v\u0259 yum\u015faq des\u0259k, m\u0259suliyy\u0259tsiz h\u0259kiml\u0259r b\u0259rbad t\u0259hsil v\u0259 s\u0259hiyy\u0259 sisteminin iyr\u0259nc \u00fcfun\u0259tini sad\u0259c\u0259 bir daha &quot;qoxlatd\u0131&quot;. Sosial \u015f\u0259b\u0259k\u0259l\u0259r \u00e7\u0259r\u00e7iv\u0259sind\u0259 olsa bel\u0259, kifay\u0259t q\u0259d\u0259r q\u0131na\u011fa m\u0259ruz qald\u0131qlar\u0131ndan bu m\u0259s\u0259l\u0259l\u0259r\u0259 he\u00e7 toxunmayaca\u011fam. Vur\u011fulamaq v\u0259 haqq\u0131nda nisb\u0259t\u0259n uzun yazmaq ist\u0259diyim m\u0259s\u0259l\u0259 bullinqdir.\n<\/p>\n<p>\n  M\u0259kt\u0259bl\u0259rd\u0259 bullinq n\u0259 d\u0259r\u0259c\u0259d\u0259 ara\u015fd\u0131r\u0131l\u0131r ( \u00f6lk\u0259mizd\u0259 psixologiya sah\u0259sind\u0259 h\u0259r hans\u0131 bir t\u0259dqiqatdan, \u00fcmumiyy\u0259tl\u0259, s\u00f6hb\u0259t getm\u0259diyind\u0259n \u0259lb\u0259tt\u0259 ki, d\u00fcnya t\u0259cr\u00fcb\u0259sind\u0259n b\u0259hs edir\u0259m?) Zorak\u0131l\u0131q, bullinq v\u0259 bu kimi hallar\u0131n qar\u015f\u0131s\u0131n\u0131n al\u0131nmas\u0131 istiqam\u0259tind\u0259 hans\u0131 add\u0131mlar at\u0131l\u0131b? Bu add\u0131mlar n\u0259 q\u0259d\u0259r effektivdir?\n<\/p>\n<p>\n  Bullinq h\u0259r \u015feyd\u0259n \u0259vv\u0259l, b\u00fct\u00fcn d\u00fcnya \u00f6lk\u0259l\u0259rind\u0259 m\u00fc\u015fahid\u0259 olunan v\u0259 m\u00fcxt\u0259lif s\u0259viyy\u0259li t\u0259dqiqatlar n\u0259tic\u0259sind\u0259 ortaya \u00e7\u0131xan t\u0259lim-t\u0259rbiy\u0259 problemidir. Bullinq g\u00fcc b\u0259rab\u0259rsizliyi \u015f\u0259raitind\u0259 g\u00fccl\u00fc t\u0259r\u0259fin z\u0259if t\u0259r\u0259f\u0259 bil\u0259r\u0259k v\u0259 ist\u0259y\u0259r\u0259k, m\u0259qs\u0259dli v\u0259 sistemli formada, m\u00fc\u0259yy\u0259n zaman aral\u0131qlar\u0131nda davaml\u0131 olaraq t\u0259tbiq etdiyi, qurbanda qorxu, narahatl\u0131q yaradan v\u0259 ya onu daha a\u011f\u0131r davran\u0131\u015flara s\u00f6vq ed\u0259n fiziki, s\u00f6zl\u00fc v\u0259 psixoloji h\u00fccumdur. ( Baldry, Fannington 2000, Hughes 2005)\n<\/p>\n<p>\n  Bullinq\u0259 t\u0259sir ed\u0259n faktorlar s\u0131ras\u0131nda gender v\u0259 ya\u015f x\u00fcsusi \u0259h\u0259miyy\u0259t k\u0259sb edir. Bullinq aktlar\u0131n\u0131n t\u0259dqiqi g\u00f6st\u0259rir ki, q\u0131zlar daha \u00e7ox qay\u011f\u0131 g\u00f6st\u0259r\u0259n v\u0259 empati quran t\u0259r\u0259f oldu\u011fu halda, aqressiv davran\u0131\u015flar daha \u00e7ox o\u011flanlara m\u0259xsusdur. (Carlo 2014) &quot;2 m\u0259d\u0259niyy\u0259t&quot; ( Two cultures theory) n\u0259z\u0259riyy\u0259sin\u0259 g\u00f6r\u0259 ( Underwood, 2004) , u\u015faqlar art\u0131q ki\u00e7ik ya\u015flar\u0131ndan o\u011flanlar v\u0259 q\u0131zlar olaraq iki f\u0259rqli qrupa b\u00f6l\u00fcn\u0259r\u0259k inki\u015faf etm\u0259y\u0259 ba\u015flay\u0131r. Q\u0131zlara nisb\u0259t\u0259n o\u011flanlar daha \u00e7ox qaba oyunlar oynama\u011fa, bilavasit\u0259 aqressiyaya, el\u0259c\u0259 d\u0259 r\u0259qab\u0259tli (yar\u0131\u015f) m\u0259\u015f\u011fuliyy\u0259tl\u0259r\u0259 meyilli olur. Cook ( 2010), Mitsopoulu v\u0259 Giovazonun (2015) apard\u0131\u011f\u0131 t\u0259dqiqatlara istinad\u0259n bunlar\u0131 iddia etm\u0259k olar.\n<\/p>\n<p>\n  Dig\u0259r ara\u015fd\u0131rmalar is\u0259 ya\u015fla bullinq aras\u0131nda \u0259laq\u0259nin oldu\u011funu \u00fcz\u0259 \u00e7\u0131xar\u0131r. Cook(2010) v\u0259 Klyakovicin (2016) ara\u015fd\u0131rmalar\u0131 m\u00fcvafiq olaraq, z\u0259if pozitiv v\u0259 z\u0259if neqativ assosiasiyalar\u0131 m\u00fc\u0259yy\u0259nl\u0259\u015fdirib. Holland m\u0259kt\u0259bl\u0259rind\u0259 2230 i\u015ftirak\u00e7\u0131n\u0131n qat\u0131lmas\u0131 il\u0259 apar\u0131lan t\u0259cr\u00fcb\u0259 is\u0259 g\u00f6st\u0259rib ki, ya\u015fla bullinq aras\u0131nda t\u0259rs-m\u00fct\u0259nasib \u0259laq\u0259 var. Y\u0259ni daha son d\u00f6vr yeniyetm\u0259likd\u0259 ilkin d\u00f6vr\u0259 nisb\u0259t\u0259n bullinq hallar\u0131 azal\u0131b.\n<\/p>\n<p>\n  1970-ci ill\u0259r\u0259 q\u0259d\u0259r bullinq \u00fcmumilikd\u0259 problem olaraq deyil, m\u0259kt\u0259bya\u015fl\u0131 u\u015faqlar\u0131n ya\u015famas\u0131 v\u0259 ke\u00e7m\u0259si g\u0259r\u0259k\u0259n h\u0259yati durum olaraq g\u00f6r\u00fcl\u00fcr. 70-l\u0259rd\u0259n sonra is\u0259 \u00e7\u00f6z\u00fclm\u0259si vacib olan problem olaraq q\u0259bul olunur.\n<\/p>\n<p>\n  Qon\u015fu T\u00fcrkiy\u0259d\u0259 2000-ci ill\u0259rin \u0259vv\u0259ll\u0259rind\u0259 bu sah\u0259d\u0259 qism\u0259n ara\u015fd\u0131rmalar apar\u0131l\u0131b. (M\u0259s\u0259l\u0259n, t\u00fcrk dili d\u0259rsind\u0259 \u015fagirdl\u0259rin g\u00f6st\u0259rdiyi performansa onlar\u0131n qar\u015f\u0131la\u015fd\u0131\u011f\u0131 bullinq hallar\u0131n\u0131n t\u0259siri) . 2015-ci il g\u00f6st\u0259ricil\u0259rin\u0259 g\u00f6r\u0259, m\u0259kt\u0259bl\u0259rd\u0259 bullinq\u0259 m\u0259ruz qalma hallar\u0131n\u0131n ortalama g\u00f6st\u0259ricisi 19 faizdir.\n<\/p>\n<p>\n  Bu kimi hallar\u0131n qar\u015f\u0131n\u0131n al\u0131nmas\u0131 \u00fc\u00e7\u00fcn hans\u0131 add\u0131mlar at\u0131lmal\u0131d\u0131r?\n<\/p>\n<p>\n  1983-c\u00fc ild\u0259 Norve\u00e7d\u0259 3 yeniyetm\u0259nin m\u00fcxt\u0259lif bullinq h\u00fccumlar\u0131 n\u0259tic\u0259si olaraq intihar\u0131ndan sonra Norve\u00e7 T\u0259hsil Nazirliyi b\u00fct\u00fcn \u00f6lk\u0259d\u0259 anti-bullinq h\u0259r\u0259kat\u0131na ba\u015flad\u0131. N\u0259tic\u0259 olaraq, m\u0259\u015fhur Olweus-un Bullinqin Qar\u015f\u0131s\u0131n\u0131n Al\u0131nmas\u0131 Proqram\u0131 &#8211; Olweus Bullying Prevention Program ( OBPP) q\u0259bul olundu. Sonradan proqram, m\u00fcxt\u0259lif kontekstl\u0259rd\u0259 inki\u015faf etdi v\u0259 yenil\u0259ndi. 1990-c\u0131 ill\u0259rd\u0259n bu kimi proqramlar \u0259hat\u0259 etdikl\u0259ri miqyas v\u0259 k\u0259miyy\u0259t olaraq \u00e7oxalma\u011fa ba\u015flad\u0131. Q\u0259bul olunan proqramlar, m\u0259kan v\u0259 atmosfer f\u0259rqlilikl\u0259ri n\u0259z\u0259r\u0259 al\u0131naraq menecment yana\u015fmalar\u0131n\u0131, m\u00fcxr\u0259lif dissiplin metodlar\u0131ndan istifad\u0259 ed\u0259r\u0259k m\u0259kt\u0259b strategiyalar\u0131n\u0131n haz\u0131rlanmas\u0131n\u0131 \u00f6z\u00fcnd\u0259 ehtiva edir.\n<\/p>\n<p>\n  B\u0259s valideynl\u0259r u\u015faqlar\u0131n\u0131 bullinqd\u0259n qorumaq \u00fc\u00e7\u00fcn n\u0259 etm\u0259lidir?\n<\/p>\n<ol>\n<li>\n    \u0130lk n\u00f6vb\u0259d\u0259 bullinqin n\u0259 oldu\u011fu haqq\u0131nda tam anlay\u0131\u015fa malik olmaq laz\u0131md\u0131r. Unutmaq olmaz ki, bullinq \u00f6z\u00fcnd\u0259 fiziki, verbal, kiber ( internet \u00fcz\u0259rind\u0259n) bulliniq c\u0259ml\u0259\u015fdir\u0259 bil\u0259r.\n  <\/li>\n<li>\n    Bullinqin \u0259lam\u0259tl\u0259rini g\u00f6rm\u0259yi bacarmaq laz\u0131md\u0131r. Dr. Joel Haber\u0259 g\u00f6r\u0259, &quot;\u0259g\u0259r u\u015fa\u011f\u0131n\u0131z:\n  <\/li>\n<\/ol>\n<p>\n  &#8211; m\u0259kt\u0259b\u0259 ist\u0259ksiz gedirs\u0259 v\u0259 ya getm\u0259kd\u0259n tamamil\u0259 imtina edirs\u0259;\n<\/p>\n<p>\n  &#8211; m\u0259kt\u0259b h\u0259yat\u0131 il\u0259 ba\u011fl\u0131 b\u00fct\u00fcn s\u00f6hb\u0259t c\u0259hdl\u0259rinizd\u0259n yay\u0131n\u0131rsa, \u00f6t\u0259ri cavablar verirs\u0259;\n<\/p>\n<p>\n  &#8211; m\u0259kt\u0259bd\u0259nk\u0259nar m\u0259\u015f\u011fuliyy\u0259tl\u0259r\u0259 qat\u0131lmaqdan imtina edirs\u0259;\n<\/p>\n<p>\n  &#8211; fiziki stress v\u0259 ba\u015f a\u011fr\u0131lar\u0131ndan \u015fikay\u0259t edirs\u0259;\n<\/p>\n<p>\n  &#8211; ona xas olmad\u0131\u011f\u0131 halda, tez-tez vulqar s\u00f6zl\u0259rd\u0259n istifad\u0259 edirs\u0259;\n<\/p>\n<p>\n  &#8211; b\u0259d\u0259ninin m\u00fcxt\u0259lif nahiy\u0259l\u0259rind\u0259 izahedilm\u0259z fiziki zorak\u0131l\u0131q \u0259lam\u0259tl\u0259ri il\u0259 ev\u0259 d\u00f6n\u00fcrs\u0259;\n<\/p>\n<p>\n  u\u015fa\u011f\u0131n\u0131z\u0131n \u00e7ox g\u00fcman v\u0259 t\u0259\u0259ss\u00fcf ki, bullinq qurban\u0131 olma ehtimal\u0131 var&quot;.\n<\/p>\n<p>\n  Dr.Haber\u0259 g\u00f6r\u0259, sizin u\u015fa\u011f\u0131n\u0131z bullinq ed\u0259n t\u0259r\u0259f d\u0259 ola bil\u0259r. \u018fg\u0259r u\u015fa\u011f\u0131n\u0131z empati qurmaqda \u00e7\u0259tinlik \u00e7\u0259kirs\u0259; h\u0259mi\u015f\u0259 \u00fcz\u0259rind\u0259 n\u0259zar\u0259t t\u0259l\u0259b olunursa; ba\u015fqalar\u0131n\u0131n a\u011fr\u0131s\u0131ndan v\u0259 \u0259ziyy\u0259tind\u0259n m\u0259mnundursa v\u0259 ya h\u0259tta z\u00f6vq al\u0131rsa; sizin t\u0259r\u0259finizd\u0259n psixoloji z\u0259rba al\u0131bsa v\u0259 ya fiziki zorak\u0131l\u0131q g\u00f6r\u00fcbs\u0259; heyvanlar\u0131 incidirs\u0259; aqressiya t\u0259l\u0259b ed\u0259n video oyunlara a\u015f\u0131r\u0131 mara\u011f\u0131 varsa, \u00e7ox g\u00fcman ki, o, dig\u0259rl\u0259rin\u0259 bullinq edir.\n<\/p>\n<p>\n  3. U\u015faqlarla bullinq haqq\u0131nda s\u00f6hb\u0259t aparmaq laz\u0131md\u0131r. Rol oyunlar\u0131 oynayaraq, bullinq hallar\u0131nda nec\u0259 h\u0259r\u0259k\u0259t etm\u0259li oldu\u011funu \u00f6yr\u0259tm\u0259k laz\u0131md\u0131r. Psixoloqla v\u0259 m\u0259kt\u0259bl\u0259 daimi \u0259laq\u0259d\u0259 olmaq \u00e7ox vacibdir.\n<\/p>\n<p>\n  Bu hadis\u0259d\u0259 bullinq ed\u0259n u\u015faqlar v\u0259 valideynin g\u00fcnah\u0131 b\u0259rbad sistemin simas\u0131 olan direktor v\u0259 etinas\u0131z h\u0259kiml\u0259rin b\u00f6y\u00fck g\u00fcnah\u0131 k\u00f6lg\u0259sind\u0259 ki\u00e7ildilm\u0259m\u0259lidir. D\u00fcnyaya g\u0259l\u0259n h\u0259r bir u\u015faq ayr\u0131ca \u015f\u0259xsiyy\u0259tdir. Bunu unutmaq olmaz.<\/p>\n","protected":false},"excerpt":{"rendered":"<p>D\u00fcnyaya g\u0259l\u0259n h\u0259r bir u\u015faq ayr\u0131ca \u015f\u0259xsiyy\u0259tdir<\/p>\n","protected":false},"author":11,"featured_media":121837,"comment_status":"closed","ping_status":"open","sticky":false,"template":"","format":"standard","meta":{"_acf_changed":false,"_sitemap_exclude":false,"_sitemap_priority":"","_sitemap_frequency":"","footnotes":""},"categories":[56],"tags":[],"class_list":["post-194917","post","type-post","status-publish","format-standard","has-post-thumbnail","hentry","category-xeberler","infinite-scroll-item","generate-columns","tablet-grid-50","mobile-grid-100","grid-parent","grid-33","no-featured-image-padding"],"acf":[],"yoast_head":"<!-- This site is optimized with the Yoast SEO plugin v27.5 - https:\/\/yoast.com\/product\/yoast-seo-wordpress\/ -->\n<title>M\u0259kt\u0259bl\u0259rd\u0259 bullinq n\u0259 d\u0259r\u0259c\u0259d\u0259 ara\u015fd\u0131r\u0131l\u0131r? - MEYDAN.TV<\/title>\n<meta name=\"robots\" content=\"index, follow, max-snippet:-1, max-image-preview:large, max-video-preview:-1\" \/>\n<link rel=\"canonical\" href=\"https:\/\/www.meydan.tv\/az\/article\/mekteblerde-bullinq-ne-derecede-arasdirilir\/\" \/>\n<meta property=\"og:locale\" content=\"az_AZ\" \/>\n<meta property=\"og:type\" content=\"article\" \/>\n<meta property=\"og:title\" content=\"M\u0259kt\u0259bl\u0259rd\u0259 bullinq n\u0259 d\u0259r\u0259c\u0259d\u0259 ara\u015fd\u0131r\u0131l\u0131r? - MEYDAN.TV\" \/>\n<meta property=\"og:description\" content=\"D\u00fcnyaya g\u0259l\u0259n h\u0259r bir u\u015faq ayr\u0131ca \u015f\u0259xsiyy\u0259tdir\" \/>\n<meta property=\"og:url\" content=\"https:\/\/www.meydan.tv\/az\/article\/mekteblerde-bullinq-ne-derecede-arasdirilir\/\" \/>\n<meta property=\"og:site_name\" content=\"MEYDAN.TV\" \/>\n<meta property=\"article:published_time\" content=\"2019-04-11T23:35:00+00:00\" \/>\n<meta property=\"og:image\" content=\"https:\/\/www.meydan.tv\/wp-content\/uploads\/c892bfdb-93e5-4945-bfcf-3b3ed81b5d96.png\" \/>\n\t<meta property=\"og:image:width\" content=\"1412\" \/>\n\t<meta property=\"og:image:height\" content=\"794\" \/>\n\t<meta property=\"og:image:type\" content=\"image\/png\" \/>\n<meta name=\"author\" content=\"user-manager\" \/>\n<meta name=\"twitter:card\" content=\"summary_large_image\" \/>\n<script type=\"application\/ld+json\" class=\"yoast-schema-graph\">{\"@context\":\"https:\\\/\\\/schema.org\",\"@graph\":[{\"@type\":\"Article\",\"@id\":\"https:\\\/\\\/www.meydan.tv\\\/az\\\/article\\\/mekteblerde-bullinq-ne-derecede-arasdirilir\\\/#article\",\"isPartOf\":{\"@id\":\"https:\\\/\\\/www.meydan.tv\\\/az\\\/article\\\/mekteblerde-bullinq-ne-derecede-arasdirilir\\\/\"},\"author\":{\"name\":\"user-manager\",\"@id\":\"https:\\\/\\\/www.meydan.tv\\\/az\\\/#\\\/schema\\\/person\\\/10d11eccf6da3662cf5fdab9806ea91a\"},\"headline\":\"M\u0259kt\u0259bl\u0259rd\u0259 bullinq n\u0259 d\u0259r\u0259c\u0259d\u0259 ara\u015fd\u0131r\u0131l\u0131r?\",\"datePublished\":\"2019-04-11T23:35:00+00:00\",\"mainEntityOfPage\":{\"@id\":\"https:\\\/\\\/www.meydan.tv\\\/az\\\/article\\\/mekteblerde-bullinq-ne-derecede-arasdirilir\\\/\"},\"wordCount\":1426,\"publisher\":{\"@id\":\"https:\\\/\\\/www.meydan.tv\\\/az\\\/#organization\"},\"image\":{\"@id\":\"https:\\\/\\\/www.meydan.tv\\\/az\\\/article\\\/mekteblerde-bullinq-ne-derecede-arasdirilir\\\/#primaryimage\"},\"thumbnailUrl\":\"https:\\\/\\\/www.meydan.tv\\\/wp-content\\\/uploads\\\/c892bfdb-93e5-4945-bfcf-3b3ed81b5d96.png\",\"articleSection\":[\"X\u0259b\u0259rl\u0259r\"],\"inLanguage\":\"az\"},{\"@type\":\"WebPage\",\"@id\":\"https:\\\/\\\/www.meydan.tv\\\/az\\\/article\\\/mekteblerde-bullinq-ne-derecede-arasdirilir\\\/\",\"url\":\"https:\\\/\\\/www.meydan.tv\\\/az\\\/article\\\/mekteblerde-bullinq-ne-derecede-arasdirilir\\\/\",\"name\":\"M\u0259kt\u0259bl\u0259rd\u0259 bullinq n\u0259 d\u0259r\u0259c\u0259d\u0259 ara\u015fd\u0131r\u0131l\u0131r? - MEYDAN.TV\",\"isPartOf\":{\"@id\":\"https:\\\/\\\/www.meydan.tv\\\/az\\\/#website\"},\"primaryImageOfPage\":{\"@id\":\"https:\\\/\\\/www.meydan.tv\\\/az\\\/article\\\/mekteblerde-bullinq-ne-derecede-arasdirilir\\\/#primaryimage\"},\"image\":{\"@id\":\"https:\\\/\\\/www.meydan.tv\\\/az\\\/article\\\/mekteblerde-bullinq-ne-derecede-arasdirilir\\\/#primaryimage\"},\"thumbnailUrl\":\"https:\\\/\\\/www.meydan.tv\\\/wp-content\\\/uploads\\\/c892bfdb-93e5-4945-bfcf-3b3ed81b5d96.png\",\"datePublished\":\"2019-04-11T23:35:00+00:00\",\"breadcrumb\":{\"@id\":\"https:\\\/\\\/www.meydan.tv\\\/az\\\/article\\\/mekteblerde-bullinq-ne-derecede-arasdirilir\\\/#breadcrumb\"},\"inLanguage\":\"az\",\"potentialAction\":[{\"@type\":\"ReadAction\",\"target\":[\"https:\\\/\\\/www.meydan.tv\\\/az\\\/article\\\/mekteblerde-bullinq-ne-derecede-arasdirilir\\\/\"]}]},{\"@type\":\"ImageObject\",\"inLanguage\":\"az\",\"@id\":\"https:\\\/\\\/www.meydan.tv\\\/az\\\/article\\\/mekteblerde-bullinq-ne-derecede-arasdirilir\\\/#primaryimage\",\"url\":\"https:\\\/\\\/www.meydan.tv\\\/wp-content\\\/uploads\\\/c892bfdb-93e5-4945-bfcf-3b3ed81b5d96.png\",\"contentUrl\":\"https:\\\/\\\/www.meydan.tv\\\/wp-content\\\/uploads\\\/c892bfdb-93e5-4945-bfcf-3b3ed81b5d96.png\",\"width\":1412,\"height\":794,\"caption\":\"Source: Sosial \u015f\u0259b\u0259k\u0259\"},{\"@type\":\"BreadcrumbList\",\"@id\":\"https:\\\/\\\/www.meydan.tv\\\/az\\\/article\\\/mekteblerde-bullinq-ne-derecede-arasdirilir\\\/#breadcrumb\",\"itemListElement\":[{\"@type\":\"ListItem\",\"position\":1,\"name\":\"Ana s\u0259hif\u0259\",\"item\":\"https:\\\/\\\/www.meydan.tv\\\/az\\\/\"},{\"@type\":\"ListItem\",\"position\":2,\"name\":\"X\u0259b\u0259rl\u0259r\",\"item\":\"https:\\\/\\\/www.meydan.tv\\\/az\\\/section\\\/xeberler\\\/\"},{\"@type\":\"ListItem\",\"position\":3,\"name\":\"M\u0259kt\u0259bl\u0259rd\u0259 bullinq n\u0259 d\u0259r\u0259c\u0259d\u0259 ara\u015fd\u0131r\u0131l\u0131r?\"}]},{\"@type\":\"WebSite\",\"@id\":\"https:\\\/\\\/www.meydan.tv\\\/az\\\/#website\",\"url\":\"https:\\\/\\\/www.meydan.tv\\\/az\\\/\",\"name\":\"MEYDAN.TV\",\"description\":\"Meydan TV Az\u0259rbaycan\u0131n media m\u0259kan\u0131ndak\u0131 alternativ s\u0259sidir\",\"publisher\":{\"@id\":\"https:\\\/\\\/www.meydan.tv\\\/az\\\/#organization\"},\"potentialAction\":[{\"@type\":\"SearchAction\",\"target\":{\"@type\":\"EntryPoint\",\"urlTemplate\":\"https:\\\/\\\/www.meydan.tv\\\/az\\\/?s={search_term_string}\"},\"query-input\":{\"@type\":\"PropertyValueSpecification\",\"valueRequired\":true,\"valueName\":\"search_term_string\"}}],\"inLanguage\":\"az\"},{\"@type\":\"Organization\",\"@id\":\"https:\\\/\\\/www.meydan.tv\\\/az\\\/#organization\",\"name\":\"Meydan TV\",\"url\":\"https:\\\/\\\/www.meydan.tv\\\/az\\\/\",\"logo\":{\"@type\":\"ImageObject\",\"inLanguage\":\"az\",\"@id\":\"https:\\\/\\\/www.meydan.tv\\\/az\\\/#\\\/schema\\\/logo\\\/image\\\/\",\"url\":\"https:\\\/\\\/www.meydan.tv\\\/wp-content\\\/uploads\\\/2021\\\/07\\\/meydan-logo.svg\",\"contentUrl\":\"https:\\\/\\\/www.meydan.tv\\\/wp-content\\\/uploads\\\/2021\\\/07\\\/meydan-logo.svg\",\"width\":195,\"height\":46,\"caption\":\"Meydan TV\"},\"image\":{\"@id\":\"https:\\\/\\\/www.meydan.tv\\\/az\\\/#\\\/schema\\\/logo\\\/image\\\/\"}},{\"@type\":\"Person\",\"@id\":\"https:\\\/\\\/www.meydan.tv\\\/az\\\/#\\\/schema\\\/person\\\/10d11eccf6da3662cf5fdab9806ea91a\",\"name\":\"user-manager\"}]}<\/script>\n<!-- \/ Yoast SEO plugin. -->","yoast_head_json":{"title":"M\u0259kt\u0259bl\u0259rd\u0259 bullinq n\u0259 d\u0259r\u0259c\u0259d\u0259 ara\u015fd\u0131r\u0131l\u0131r? - MEYDAN.TV","robots":{"index":"index","follow":"follow","max-snippet":"max-snippet:-1","max-image-preview":"max-image-preview:large","max-video-preview":"max-video-preview:-1"},"canonical":"https:\/\/www.meydan.tv\/az\/article\/mekteblerde-bullinq-ne-derecede-arasdirilir\/","og_locale":"az_AZ","og_type":"article","og_title":"M\u0259kt\u0259bl\u0259rd\u0259 bullinq n\u0259 d\u0259r\u0259c\u0259d\u0259 ara\u015fd\u0131r\u0131l\u0131r? - MEYDAN.TV","og_description":"D\u00fcnyaya g\u0259l\u0259n h\u0259r bir u\u015faq ayr\u0131ca \u015f\u0259xsiyy\u0259tdir","og_url":"https:\/\/www.meydan.tv\/az\/article\/mekteblerde-bullinq-ne-derecede-arasdirilir\/","og_site_name":"MEYDAN.TV","article_published_time":"2019-04-11T23:35:00+00:00","og_image":[{"width":1412,"height":794,"url":"https:\/\/www.meydan.tv\/wp-content\/uploads\/c892bfdb-93e5-4945-bfcf-3b3ed81b5d96.png","type":"image\/png"}],"author":"user-manager","twitter_card":"summary_large_image","schema":{"@context":"https:\/\/schema.org","@graph":[{"@type":"Article","@id":"https:\/\/www.meydan.tv\/az\/article\/mekteblerde-bullinq-ne-derecede-arasdirilir\/#article","isPartOf":{"@id":"https:\/\/www.meydan.tv\/az\/article\/mekteblerde-bullinq-ne-derecede-arasdirilir\/"},"author":{"name":"user-manager","@id":"https:\/\/www.meydan.tv\/az\/#\/schema\/person\/10d11eccf6da3662cf5fdab9806ea91a"},"headline":"M\u0259kt\u0259bl\u0259rd\u0259 bullinq n\u0259 d\u0259r\u0259c\u0259d\u0259 ara\u015fd\u0131r\u0131l\u0131r?","datePublished":"2019-04-11T23:35:00+00:00","mainEntityOfPage":{"@id":"https:\/\/www.meydan.tv\/az\/article\/mekteblerde-bullinq-ne-derecede-arasdirilir\/"},"wordCount":1426,"publisher":{"@id":"https:\/\/www.meydan.tv\/az\/#organization"},"image":{"@id":"https:\/\/www.meydan.tv\/az\/article\/mekteblerde-bullinq-ne-derecede-arasdirilir\/#primaryimage"},"thumbnailUrl":"https:\/\/www.meydan.tv\/wp-content\/uploads\/c892bfdb-93e5-4945-bfcf-3b3ed81b5d96.png","articleSection":["X\u0259b\u0259rl\u0259r"],"inLanguage":"az"},{"@type":"WebPage","@id":"https:\/\/www.meydan.tv\/az\/article\/mekteblerde-bullinq-ne-derecede-arasdirilir\/","url":"https:\/\/www.meydan.tv\/az\/article\/mekteblerde-bullinq-ne-derecede-arasdirilir\/","name":"M\u0259kt\u0259bl\u0259rd\u0259 bullinq n\u0259 d\u0259r\u0259c\u0259d\u0259 ara\u015fd\u0131r\u0131l\u0131r? - MEYDAN.TV","isPartOf":{"@id":"https:\/\/www.meydan.tv\/az\/#website"},"primaryImageOfPage":{"@id":"https:\/\/www.meydan.tv\/az\/article\/mekteblerde-bullinq-ne-derecede-arasdirilir\/#primaryimage"},"image":{"@id":"https:\/\/www.meydan.tv\/az\/article\/mekteblerde-bullinq-ne-derecede-arasdirilir\/#primaryimage"},"thumbnailUrl":"https:\/\/www.meydan.tv\/wp-content\/uploads\/c892bfdb-93e5-4945-bfcf-3b3ed81b5d96.png","datePublished":"2019-04-11T23:35:00+00:00","breadcrumb":{"@id":"https:\/\/www.meydan.tv\/az\/article\/mekteblerde-bullinq-ne-derecede-arasdirilir\/#breadcrumb"},"inLanguage":"az","potentialAction":[{"@type":"ReadAction","target":["https:\/\/www.meydan.tv\/az\/article\/mekteblerde-bullinq-ne-derecede-arasdirilir\/"]}]},{"@type":"ImageObject","inLanguage":"az","@id":"https:\/\/www.meydan.tv\/az\/article\/mekteblerde-bullinq-ne-derecede-arasdirilir\/#primaryimage","url":"https:\/\/www.meydan.tv\/wp-content\/uploads\/c892bfdb-93e5-4945-bfcf-3b3ed81b5d96.png","contentUrl":"https:\/\/www.meydan.tv\/wp-content\/uploads\/c892bfdb-93e5-4945-bfcf-3b3ed81b5d96.png","width":1412,"height":794,"caption":"Source: Sosial \u015f\u0259b\u0259k\u0259"},{"@type":"BreadcrumbList","@id":"https:\/\/www.meydan.tv\/az\/article\/mekteblerde-bullinq-ne-derecede-arasdirilir\/#breadcrumb","itemListElement":[{"@type":"ListItem","position":1,"name":"Ana s\u0259hif\u0259","item":"https:\/\/www.meydan.tv\/az\/"},{"@type":"ListItem","position":2,"name":"X\u0259b\u0259rl\u0259r","item":"https:\/\/www.meydan.tv\/az\/section\/xeberler\/"},{"@type":"ListItem","position":3,"name":"M\u0259kt\u0259bl\u0259rd\u0259 bullinq n\u0259 d\u0259r\u0259c\u0259d\u0259 ara\u015fd\u0131r\u0131l\u0131r?"}]},{"@type":"WebSite","@id":"https:\/\/www.meydan.tv\/az\/#website","url":"https:\/\/www.meydan.tv\/az\/","name":"MEYDAN.TV","description":"Meydan TV Az\u0259rbaycan\u0131n media m\u0259kan\u0131ndak\u0131 alternativ s\u0259sidir","publisher":{"@id":"https:\/\/www.meydan.tv\/az\/#organization"},"potentialAction":[{"@type":"SearchAction","target":{"@type":"EntryPoint","urlTemplate":"https:\/\/www.meydan.tv\/az\/?s={search_term_string}"},"query-input":{"@type":"PropertyValueSpecification","valueRequired":true,"valueName":"search_term_string"}}],"inLanguage":"az"},{"@type":"Organization","@id":"https:\/\/www.meydan.tv\/az\/#organization","name":"Meydan TV","url":"https:\/\/www.meydan.tv\/az\/","logo":{"@type":"ImageObject","inLanguage":"az","@id":"https:\/\/www.meydan.tv\/az\/#\/schema\/logo\/image\/","url":"https:\/\/www.meydan.tv\/wp-content\/uploads\/2021\/07\/meydan-logo.svg","contentUrl":"https:\/\/www.meydan.tv\/wp-content\/uploads\/2021\/07\/meydan-logo.svg","width":195,"height":46,"caption":"Meydan TV"},"image":{"@id":"https:\/\/www.meydan.tv\/az\/#\/schema\/logo\/image\/"}},{"@type":"Person","@id":"https:\/\/www.meydan.tv\/az\/#\/schema\/person\/10d11eccf6da3662cf5fdab9806ea91a","name":"user-manager"}]}},"_links":{"self":[{"href":"https:\/\/www.meydan.tv\/az\/wp-json\/wp\/v2\/posts\/194917","targetHints":{"allow":["GET"]}}],"collection":[{"href":"https:\/\/www.meydan.tv\/az\/wp-json\/wp\/v2\/posts"}],"about":[{"href":"https:\/\/www.meydan.tv\/az\/wp-json\/wp\/v2\/types\/post"}],"author":[{"embeddable":true,"href":"https:\/\/www.meydan.tv\/az\/wp-json\/wp\/v2\/users\/11"}],"replies":[{"embeddable":true,"href":"https:\/\/www.meydan.tv\/az\/wp-json\/wp\/v2\/comments?post=194917"}],"version-history":[{"count":0,"href":"https:\/\/www.meydan.tv\/az\/wp-json\/wp\/v2\/posts\/194917\/revisions"}],"wp:featuredmedia":[{"embeddable":true,"href":"https:\/\/www.meydan.tv\/az\/wp-json\/wp\/v2\/media\/121837"}],"wp:attachment":[{"href":"https:\/\/www.meydan.tv\/az\/wp-json\/wp\/v2\/media?parent=194917"}],"wp:term":[{"taxonomy":"category","embeddable":true,"href":"https:\/\/www.meydan.tv\/az\/wp-json\/wp\/v2\/categories?post=194917"},{"taxonomy":"post_tag","embeddable":true,"href":"https:\/\/www.meydan.tv\/az\/wp-json\/wp\/v2\/tags?post=194917"}],"curies":[{"name":"wp","href":"https:\/\/api.w.org\/{rel}","templated":true}]}}