{"id":194905,"date":"2019-04-11T09:11:01","date_gmt":"2019-04-11T09:11:01","guid":{"rendered":"https:\/\/www.meydan.tv\/article\/ucar-sakini-evimiz-yanib-bitdi-yanginsondurenler-gelib-cixmadi\/"},"modified":"2019-04-11T09:11:01","modified_gmt":"2019-04-11T09:11:01","slug":"ucar-sakini-evimiz-yanib-bitdi-yanginsondurenler-gelib-cixmadi","status":"publish","type":"post","link":"https:\/\/www.meydan.tv\/az\/article\/ucar-sakini-evimiz-yanib-bitdi-yanginsondurenler-gelib-cixmadi\/","title":{"rendered":"Ucar sakini: Evimiz yan\u0131b bitdi, yang\u0306\u0131nso\u0308ndu\u0308r\u0259nl\u0259r g\u0259lib c\u0327\u0131xmad\u0131"},"content":{"rendered":"<p>\n  <i><br \/>\n    &#x27;&#x27;Pulumuz, q\u0131z\u0131l\u0131m\u0131z, geyimimiz, us\u0327aqlar\u0131n d\u0259rs l\u0259vazimatlar\u0131, s\u0259n\u0259dl\u0259rimiz, ham\u0131s\u0131 yan\u0131b&#x27;&#x27;<br \/>\n  <\/i>\n<\/p>\n<p>\n  Ucar rayonunun B\u0259rgu\u0308s\u0327ad k\u0259ndinin sakini Asif S\u0259bz\u0259liyevin ail\u0259si il\u0259 birg\u0259 yas\u0327ad\u0131g\u0306\u0131 evi mart\u0131n 12-d\u0259 yan\u0131b. Haz\u0131rda ku\u0308c\u0327\u0259d\u0259 qalan ail\u0259nin getm\u0259y\u0259 yeri yoxdur. Yang\u0306\u0131n zaman\u0131 ail\u0259 u\u0308zvl\u0259rind\u0259n b\u0259zil\u0259ri evd\u0259 olub, yang\u0306\u0131nso\u0308ndu\u0308r\u0259n\u0259 z\u0259ng edibl\u0259r. Ancaq xidm\u0259t vaxt\u0131nda g\u0259lib c\u0327\u0131xmad\u0131g\u0306\u0131ndan ev yan\u0131b-ku\u0308l\u0259 do\u0308nu\u0308b.\n<\/p>\n<p>\n  <i><br \/>\n    \u201cUs\u0327aqlar\u0131n \u0259yinl\u0259rinin d\u0259yis\u0327\u0259yi yoxdur\u201d<br \/>\n  <\/i>\n<\/p>\n<p>\n  \u201cYoldas\u0327\u0131m ancaq us\u0327aqlar\u0131 go\u0308tu\u0308ru\u0308b c\u0327\u0131xa bilib. 2 azyas\u0327l\u0131 o\u0308vlad\u0131m\u0131z var. Sizi inand\u0131r\u0131m ki, \u0259yinl\u0259rinin d\u0259yis\u0327\u0259yi yoxdur. Bu\u0308tu\u0308n \u0259s\u0327yalar\u0131m\u0131z, pulumuz, q\u0131z\u0131l\u0131m\u0131z, geyimimiz, us\u0327aqlar\u0131n d\u0259rs l\u0259vazimatlar\u0131, s\u0259n\u0259dl\u0259rimiz, h\u0259r s\u0327eyimiz yan\u0131b. Us\u0327aqlar\u0131m nec\u0259 qorxublarsa, bu gu\u0308n d\u0259 o\u0308zl\u0259rin\u0259 g\u0259l\u0259 bilmirl\u0259r. H\u0259kim\u0259 aparmag\u0306a imkan\u0131m\u0131z yoxdur. Haz\u0131rda c\u0327o\u0308ll\u0259rd\u0259 qalm\u0131s\u0327\u0131q\u201d, &#8211; Asif S\u0259bz\u0259liyev bel\u0259 deyir.\n<\/p>\n<p>\n  Ail\u0259 evin h\u0259y\u0259tind\u0259ki toyuq hininin qap\u0131s\u0131n\u0131 du\u0308z\u0259ldib, ic\u0327in\u0259 s\u0131g\u0306\u0131n\u0131b. Ancaq yag\u0306\u0131s\u0327 yag\u0306anda gu\u0308nl\u0259ri qara olur. Deyirl\u0259r ki, qohum-\u0259qr\u0259ban\u0131n yatmalar\u0131 u\u0308c\u0327u\u0308n verdikl\u0259ri yorg\u0306an- do\u0308s\u0327\u0259yin ham\u0131s\u0131 qal\u0131b suyun alt\u0131nda.\n<\/p>\n<figure class=\"wp-block-image size-large\">\n  <img decoding=\"async\" src=\"https:\/\/www.meydan.tv\/az\/image00003-jpeg-5\/\" alt=\"image00003.jpeg\" class=\"wp-image-121764\"\/><figcaption>\n    Asif S\u0259bz\u0259liyev<br \/>\n  <\/figcaption><\/figure>\n<p>\n  &#x27;<br \/>\n  <i><br \/>\n    &#x27;N\u0259 vaxtacan 2 ko\u0308rp\u0259 us\u0327aqla ku\u0308c\u0327\u0259l\u0259rd\u0259 qalacag\u0306\u0131q, bilmir\u0259m&#x27;&#x27;<br \/>\n  <\/i>\n<\/p>\n<p>\n  A.S\u0259bz\u0259liyev deyir ki, anas\u0131gild\u0259 d\u0259 qalmag\u0306a s\u0327\u0259rait yoxdur. 2 qardas\u0327\u0131, us\u0327aqlar\u0131 il\u0259 birlikd\u0259 yas\u0327ay\u0131rlar, yer yoxdur:\n<\/p>\n<p>\n  \u201cI\u0307nan\u0131n ki, h\u0259qiq\u0259t\u0259n d\u0259 orada qalmag\u0306\u0131m\u0131z mu\u0308mku\u0308n deyil. Kims\u0259ni narahat etm\u0259k d\u0259 ist\u0259mir\u0259m. N\u0259 q\u0259d\u0259r olar? I\u0307ll\u0259rl\u0259 is\u0327l\u0259dik, bu evi tikdik, qurduq, birt\u0259h\u0259r y\u0131g\u0306\u0131ld\u0131q ic\u0327in\u0259. O da yan\u0131b ku\u0308l\u0259 do\u0308ndu\u0308. Ucar Rayon I\u0307cra Hakimiyy\u0259tin\u0259, k\u0259nd icra nu\u0308may\u0259nd\u0259liyin\u0259, b\u0259l\u0259diyy\u0259y\u0259 d\u0259f\u0259l\u0259rl\u0259 mu\u0308raci\u0259t etmis\u0327ik, ko\u0308m\u0259k ed\u0259c\u0259yik deyibl\u0259r, h\u0259l\u0259lik, bir s\u0259s-soraq yoxdur\u201d.\n<\/p>\n<p>\n  <i><br \/>\n    \u201cBorular normal c\u0327\u0259kils\u0259ydi, qaz s\u0131zmas\u0131 da olmayacaqd\u0131\u201d<br \/>\n  <\/i>\n<\/p>\n<p>\n  \u018fl\u0259sg\u0259r Eyvazov Asif S\u0259bz\u0259liyevin day\u0131s\u0131d\u0131r. Deyir, bac\u0131s\u0131 og\u0306lu bu evi c\u0327ox c\u0327\u0259tinlikl\u0259, borc-x\u0259rcl\u0259 tikib bas\u0327a vurmus\u0327du. Hec\u0327 evin ham\u0131s\u0131 haz\u0131r deyilmis\u0327:\n<\/p>\n<p>\n  \u201c2 otag\u0306\u0131n\u0131 haz\u0131rlay\u0131b yas\u0327ay\u0131rd\u0131lar. N\u0259 etsinl\u0259r, kas\u0131b adamlard\u0131. Biz d\u0259 \u0259limizd\u0259n g\u0259l\u0259n ko\u0308m\u0259yi etmis\u0327dik. Daha ed\u0259 bilmirik. C\u0327u\u0308nki ev tamamil\u0259 yan\u0131b ku\u0308l\u0259 do\u0308nu\u0308b. 10 ild\u0259n c\u0327oxdur ail\u0259 qurub. H\u0259l\u0259 indil\u0259rd\u0259 evi haz\u0131r olmus\u0327du. I\u0307ndiki do\u0308vrd\u0259 kiray\u0259 qalmaq da c\u0327\u0259tindir, bilirsiniz. I\u0307ndi iki us\u0327aqla qal\u0131blar ku\u0308c\u0327\u0259l\u0259rd\u0259\u201d.\n<\/p>\n<figure class=\"wp-block-image size-large\">\n  <img decoding=\"async\" src=\"https:\/\/www.meydan.tv\/az\/image00008-jpeg-9\/\" alt=\"image00008.jpeg\" class=\"wp-image-121767\"\/><figcaption>\n    yanan ev<br \/>\n  <\/figcaption><\/figure>\n<p>\n  A.S\u0259bz\u0259liyev deyir ki, evin nec\u0259 yanmas\u0131n\u0131n o\u0308zu\u0308 d\u0259 bir m\u0259s\u0259l\u0259dir. Onun vaxt\u0131nda so\u0308ndu\u0308ru\u0308lm\u0259m\u0259si d\u0259:\n<\/p>\n<p>\n  \u201cQaz s\u0131zmas\u0131 bas\u0327 verib. \u018fg\u0259r ev\u0259 c\u0327\u0259kil\u0259n borular normal olsayd\u0131, qaz s\u0131zmas\u0131 da olmayacaqd\u0131. Dey\u0259k ki, hadis\u0259dir, oldu. Bu zaman yang\u0306\u0131nso\u0308ndu\u0308r\u0259nl\u0259r niy\u0259 vaxt\u0131nda g\u0259lib c\u0327\u0131xmay\u0131blar? Rayon r\u0259hb\u0259rliyin\u0259 yazd\u0131q, xahis\u0327 etdik ki, bu\u0308tu\u0308n bunlar\u0131 n\u0259z\u0259r\u0259 al\u0131b biz\u0259 ko\u0308m\u0259k etsinl\u0259r. G\u0259lib bax\u0131s\u0327 kec\u0327irdil\u0259r. O ged\u0259n getdil\u0259r\u201d.\n<\/p>\n<p>\n  <i><br \/>\n    \u201cUs\u0327aqlar\u0131 ku\u0308c\u0327\u0259l\u0259rd\u0259, yerd\u0259, s\u0327\u0259raitsizlikd\u0259 yas\u0327atmaqdan x\u0259st\u0259 salacag\u0306\u0131q\u201d<br \/>\n  <\/i>\n<\/p>\n<p>\n  Evin xan\u0131m\u0131, Gu\u0308lnaz S\u0259bz\u0259liyeva h\u0259min gec\u0259nin s\u0327oku ic\u0327ind\u0259dir. Deyir, evi, ill\u0259rl\u0259 c\u0327\u0259kdiyi \u0259ziyy\u0259ti, bu\u0308tu\u0308n var- yoxu, ham\u0131s\u0131 go\u0308zl\u0259rinin o\u0308nu\u0308nd\u0259 yan\u0131b ku\u0308l\u0259 do\u0308nu\u0308b. T\u0259kc\u0259 us\u0327aqlar\u0131n\u0131 salamat c\u0327\u0131xara bilib:\n<\/p>\n<p>\n  \u201cSalamat c\u0327\u0131xard\u0131m, c\u0327\u0131xarmas\u0131na. I\u0307ndi ku\u0308c\u0327\u0259l\u0259rd\u0259, yerd\u0259, s\u0327\u0259raitsizlikd\u0259 yas\u0327atmaqdan x\u0259st\u0259 salacag\u0306\u0131q. M\u0259kt\u0259b\u0259 d\u0259 ged\u0259 bilmirl\u0259r. Geyiml\u0259ri, d\u0259ft\u0259r-kitablar\u0131, c\u0327antalar\u0131 v\u0259 s.\n<\/p>\n<p>\n  Salamat hec\u0327 n\u0259l\u0259ri qalmay\u0131b. N\u0259 d\u0259 pulumuz, ziny\u0259t \u0259s\u0327yalar\u0131m\u0131z\u0131 filan da c\u0327\u0131xara bilm\u0259mis\u0327ik ki, hec\u0327 olmasa, kiray\u0259 c\u0327\u0131xaq\u201d.\n<\/p>\n<figure class=\"wp-block-image size-large\">\n  <img decoding=\"async\" src=\"https:\/\/www.meydan.tv\/az\/image00006-jpeg-10\/\" alt=\"image00006.jpeg\" class=\"wp-image-121770\"\/><figcaption>\n    ev<br \/>\n  <\/figcaption><\/figure>\n<p>\n  <i><br \/>\n    \u201cBu evi gu\u0308c-b\u0259la il\u0259 ill\u0259rl\u0259 is\u0327l\u0259yib tikmis\u0327dik\u201d<br \/>\n  <\/i>\n<\/p>\n<p>\n  G.S\u0259bz\u0259liyeva deyir ki, ail\u0259si bir gu\u0308nu\u0308n ic\u0327ind\u0259 h\u0259r s\u0327eyini itirib, s\u0131f\u0131r\u0131n alt\u0131na du\u0308s\u0327u\u0308b:\n<\/p>\n<p>\n  \u201cH\u0259r s\u0327eyimizi itirmis\u0327ik. M\u0259nc\u0259, bel\u0259 olan halda do\u0308vl\u0259t bir ko\u0308m\u0259k go\u0308st\u0259rm\u0259lidir. Vallah, gu\u0308c-b\u0259la il\u0259 ill\u0259rl\u0259 is\u0327l\u0259yib, zu\u0308lml\u0259 bu evi tikmis\u0327dik. I\u0307ndi qalm\u0131s\u0327\u0131q toyuq hinind\u0259. H\u0259y\u0259td\u0259ki o kic\u0327ik tikilini go\u0308ru\u0308rsu\u0308nu\u0308z, bax\u0131n orada. 2 us\u0327aqla zu\u0308lm c\u0327\u0259kirik. T\u0259k qalan h\u0259min gu\u0308n \u0259ynimizd\u0259 olan paltarlar\u0131m\u0131zd\u0131r, v\u0259ss\u0259lam. I\u0307ndi bas\u0327\u0131m\u0131za haran\u0131n das\u0327\u0131n\u0131 to\u0308k\u0259k, bilmirik\u201d.\n<\/p>\n<p>\n  <i><br \/>\n    \u201cYenid\u0259n ayaq u\u0308st\u0259 dura bilm\u0259k u\u0308c\u0327u\u0308n d\u0259st\u0259y\u0259 ehtiyac\u0131m\u0131z var\u201d<br \/>\n  <\/i>\n<\/p>\n<p>\n  Ail\u0259 yang\u0306\u0131nda onlara n\u0259 q\u0259d\u0259r z\u0259r\u0259r d\u0259ydiyini bilmir. Deyirl\u0259r ki, bunu oturub hesablamaq laz\u0131md\u0131r d\u0259qiqliyi il\u0259. Ancaq t\u0259xmini go\u0308tu\u0308r\u0259nd\u0259 40 min manata yax\u0131n ziyanlar\u0131 var:\n<\/p>\n<figure class=\"wp-block-image size-large\">\n  <img decoding=\"async\" src=\"https:\/\/www.meydan.tv\/az\/image00004-jpeg-6\/\" alt=\"image00004.jpeg\" class=\"wp-image-121773\"\/><figcaption>\n    evi yanan S\u0259bz\u0259liyevl\u0259r ail\u0259si<br \/>\n  <\/figcaption><\/figure>\n<p>\n  \u201cI\u0307ndi bir is\u0327dir d\u0259 du\u0308s\u0327mu\u0308s\u0327u\u0308k. Nolar, do\u0308vl\u0259t biz\u0259 ko\u0308m\u0259k etsin. Yenid\u0259n ayaq u\u0308st\u0259 dura bilm\u0259k u\u0308c\u0327u\u0308n d\u0259st\u0259y\u0259 ehtiyac\u0131m\u0131z var. V\u0259 bizim do\u0308vl\u0259timizd\u0259n bas\u0327qa kims\u0259miz yoxdur. Y\u0259ni biz\u0259 ko\u0308m\u0259k ed\u0259 bil\u0259c\u0259k yegan\u0259 gu\u0308c do\u0308vl\u0259tdir. Anam\u0131z, atam\u0131z da kas\u0131b adamlard\u0131r. Pensiyayla dolan\u0131rlar. O\u0308zl\u0259rin\u0259 gu\u0308cl\u0259 bax\u0131rlar\u201d.\n<\/p>\n<p>\n  Meydan TV m\u0259s\u0259l\u0259y\u0259 mu\u0308nasib\u0259t o\u0308yr\u0259nm\u0259k u\u0308c\u0327u\u0308n Ucar Rayon I\u0307cra Hakimiyy\u0259tin\u0259 mu\u0308raci\u0259t edib. I\u0307cra hakimiyy\u0259tind\u0259n yang\u0306\u0131no\u0308ndu\u0308r\u0259nin \u0259raziy\u0259 vaxt\u0131nda c\u0327atd\u0131g\u0306\u0131n\u0131, sad\u0259c\u0259 v\u0259t\u0259ndas\u0327\u0131n vaxt\u0131nda mu\u0308raci\u0259t etm\u0259diyini deyibl\u0259r:\n<\/p>\n<p>\n  \u201cGo\u0308ru\u0308nu\u0308r, s\u0327okda olublar, bilmr\u0259m. Ko\u0308m\u0259k go\u0308st\u0259rilm\u0259sin\u0259 g\u0259lind\u0259, maraqlanacag\u0306\u0131q, go\u0308r\u0259k \u0259limizd\u0259n n\u0259 g\u0259lir. Dey\u0259s\u0259n m\u0259nzilin s\u0131g\u0306ortas\u0131 da olmay\u0131b, bel\u0259 olan halda c\u0327\u0259tindir n\u0259s\u0259 etm\u0259k\u201d.\n<\/p>\n<figure class=\"wp-block-image size-large\">\n  <img decoding=\"async\" src=\"https:\/\/www.meydan.tv\/az\/image00009-jpeg-9\/\" alt=\"image00009.jpeg\" class=\"wp-image-121779\"\/><figcaption>\n    ev<br \/>\n  <\/figcaption><\/figure>\n","protected":false},"excerpt":{"rendered":"<p>I\u0307ndi bir is\u0327dir d\u0259 du\u0308s\u0327mu\u0308s\u0327u\u0308k<\/p>\n","protected":false},"author":11,"featured_media":121758,"comment_status":"closed","ping_status":"open","sticky":false,"template":"","format":"standard","meta":{"_acf_changed":false,"_sitemap_exclude":false,"_sitemap_priority":"","_sitemap_frequency":"","footnotes":""},"categories":[60],"tags":[],"class_list":["post-194905","post","type-post","status-publish","format-standard","has-post-thumbnail","hentry","category-bolge","infinite-scroll-item","generate-columns","tablet-grid-50","mobile-grid-100","grid-parent","grid-33","no-featured-image-padding"],"acf":[],"yoast_head":"<!-- This site is optimized with the Yoast SEO plugin v27.4 - https:\/\/yoast.com\/product\/yoast-seo-wordpress\/ -->\n<title>Ucar sakini: Evimiz yan\u0131b bitdi, yang\u0306\u0131nso\u0308ndu\u0308r\u0259nl\u0259r g\u0259lib c\u0327\u0131xmad\u0131 - MEYDAN.TV<\/title>\n<meta name=\"robots\" content=\"index, follow, max-snippet:-1, max-image-preview:large, max-video-preview:-1\" \/>\n<link rel=\"canonical\" href=\"https:\/\/www.meydan.tv\/az\/article\/ucar-sakini-evimiz-yanib-bitdi-yanginsondurenler-gelib-cixmadi\/\" \/>\n<meta property=\"og:locale\" content=\"az_AZ\" \/>\n<meta property=\"og:type\" content=\"article\" \/>\n<meta property=\"og:title\" content=\"Ucar sakini: Evimiz yan\u0131b bitdi, yang\u0306\u0131nso\u0308ndu\u0308r\u0259nl\u0259r g\u0259lib c\u0327\u0131xmad\u0131 - MEYDAN.TV\" \/>\n<meta property=\"og:description\" content=\"I\u0307ndi bir is\u0327dir d\u0259 du\u0308s\u0327mu\u0308s\u0327u\u0308k\" \/>\n<meta property=\"og:url\" content=\"https:\/\/www.meydan.tv\/az\/article\/ucar-sakini-evimiz-yanib-bitdi-yanginsondurenler-gelib-cixmadi\/\" \/>\n<meta property=\"og:site_name\" content=\"MEYDAN.TV\" \/>\n<meta property=\"article:published_time\" content=\"2019-04-11T09:11:01+00:00\" \/>\n<meta property=\"og:image\" content=\"https:\/\/www.meydan.tv\/wp-content\/uploads\/image00011_9zasmlt.jpeg\" \/>\n\t<meta property=\"og:image:width\" content=\"640\" \/>\n\t<meta property=\"og:image:height\" content=\"480\" \/>\n\t<meta property=\"og:image:type\" content=\"image\/jpeg\" \/>\n<meta name=\"author\" content=\"user-manager\" \/>\n<meta name=\"twitter:card\" content=\"summary_large_image\" \/>\n<script type=\"application\/ld+json\" class=\"yoast-schema-graph\">{\"@context\":\"https:\\\/\\\/schema.org\",\"@graph\":[{\"@type\":\"Article\",\"@id\":\"https:\\\/\\\/www.meydan.tv\\\/az\\\/article\\\/ucar-sakini-evimiz-yanib-bitdi-yanginsondurenler-gelib-cixmadi\\\/#article\",\"isPartOf\":{\"@id\":\"https:\\\/\\\/www.meydan.tv\\\/az\\\/article\\\/ucar-sakini-evimiz-yanib-bitdi-yanginsondurenler-gelib-cixmadi\\\/\"},\"author\":{\"name\":\"user-manager\",\"@id\":\"https:\\\/\\\/www.meydan.tv\\\/az\\\/#\\\/schema\\\/person\\\/10d11eccf6da3662cf5fdab9806ea91a\"},\"headline\":\"Ucar sakini: Evimiz yan\u0131b bitdi, yang\u0306\u0131nso\u0308ndu\u0308r\u0259nl\u0259r g\u0259lib c\u0327\u0131xmad\u0131\",\"datePublished\":\"2019-04-11T09:11:01+00:00\",\"mainEntityOfPage\":{\"@id\":\"https:\\\/\\\/www.meydan.tv\\\/az\\\/article\\\/ucar-sakini-evimiz-yanib-bitdi-yanginsondurenler-gelib-cixmadi\\\/\"},\"wordCount\":1199,\"publisher\":{\"@id\":\"https:\\\/\\\/www.meydan.tv\\\/az\\\/#organization\"},\"image\":{\"@id\":\"https:\\\/\\\/www.meydan.tv\\\/az\\\/article\\\/ucar-sakini-evimiz-yanib-bitdi-yanginsondurenler-gelib-cixmadi\\\/#primaryimage\"},\"thumbnailUrl\":\"https:\\\/\\\/www.meydan.tv\\\/wp-content\\\/uploads\\\/image00011_9zasmlt.jpeg\",\"articleSection\":[\"B\u00f6lg\u0259\"],\"inLanguage\":\"az\"},{\"@type\":\"WebPage\",\"@id\":\"https:\\\/\\\/www.meydan.tv\\\/az\\\/article\\\/ucar-sakini-evimiz-yanib-bitdi-yanginsondurenler-gelib-cixmadi\\\/\",\"url\":\"https:\\\/\\\/www.meydan.tv\\\/az\\\/article\\\/ucar-sakini-evimiz-yanib-bitdi-yanginsondurenler-gelib-cixmadi\\\/\",\"name\":\"Ucar sakini: Evimiz yan\u0131b bitdi, yang\u0306\u0131nso\u0308ndu\u0308r\u0259nl\u0259r g\u0259lib c\u0327\u0131xmad\u0131 - MEYDAN.TV\",\"isPartOf\":{\"@id\":\"https:\\\/\\\/www.meydan.tv\\\/az\\\/#website\"},\"primaryImageOfPage\":{\"@id\":\"https:\\\/\\\/www.meydan.tv\\\/az\\\/article\\\/ucar-sakini-evimiz-yanib-bitdi-yanginsondurenler-gelib-cixmadi\\\/#primaryimage\"},\"image\":{\"@id\":\"https:\\\/\\\/www.meydan.tv\\\/az\\\/article\\\/ucar-sakini-evimiz-yanib-bitdi-yanginsondurenler-gelib-cixmadi\\\/#primaryimage\"},\"thumbnailUrl\":\"https:\\\/\\\/www.meydan.tv\\\/wp-content\\\/uploads\\\/image00011_9zasmlt.jpeg\",\"datePublished\":\"2019-04-11T09:11:01+00:00\",\"breadcrumb\":{\"@id\":\"https:\\\/\\\/www.meydan.tv\\\/az\\\/article\\\/ucar-sakini-evimiz-yanib-bitdi-yanginsondurenler-gelib-cixmadi\\\/#breadcrumb\"},\"inLanguage\":\"az\",\"potentialAction\":[{\"@type\":\"ReadAction\",\"target\":[\"https:\\\/\\\/www.meydan.tv\\\/az\\\/article\\\/ucar-sakini-evimiz-yanib-bitdi-yanginsondurenler-gelib-cixmadi\\\/\"]}]},{\"@type\":\"ImageObject\",\"inLanguage\":\"az\",\"@id\":\"https:\\\/\\\/www.meydan.tv\\\/az\\\/article\\\/ucar-sakini-evimiz-yanib-bitdi-yanginsondurenler-gelib-cixmadi\\\/#primaryimage\",\"url\":\"https:\\\/\\\/www.meydan.tv\\\/wp-content\\\/uploads\\\/image00011_9zasmlt.jpeg\",\"contentUrl\":\"https:\\\/\\\/www.meydan.tv\\\/wp-content\\\/uploads\\\/image00011_9zasmlt.jpeg\",\"width\":640,\"height\":480,\"caption\":\"Source: meydan tv\"},{\"@type\":\"BreadcrumbList\",\"@id\":\"https:\\\/\\\/www.meydan.tv\\\/az\\\/article\\\/ucar-sakini-evimiz-yanib-bitdi-yanginsondurenler-gelib-cixmadi\\\/#breadcrumb\",\"itemListElement\":[{\"@type\":\"ListItem\",\"position\":1,\"name\":\"Ana s\u0259hif\u0259\",\"item\":\"https:\\\/\\\/www.meydan.tv\\\/az\\\/\"},{\"@type\":\"ListItem\",\"position\":2,\"name\":\"B\u00f6lg\u0259\",\"item\":\"https:\\\/\\\/www.meydan.tv\\\/az\\\/section\\\/bolge\\\/\"},{\"@type\":\"ListItem\",\"position\":3,\"name\":\"Ucar sakini: Evimiz yan\u0131b bitdi, yang\u0306\u0131nso\u0308ndu\u0308r\u0259nl\u0259r g\u0259lib c\u0327\u0131xmad\u0131\"}]},{\"@type\":\"WebSite\",\"@id\":\"https:\\\/\\\/www.meydan.tv\\\/az\\\/#website\",\"url\":\"https:\\\/\\\/www.meydan.tv\\\/az\\\/\",\"name\":\"MEYDAN.TV\",\"description\":\"Meydan TV Az\u0259rbaycan\u0131n media m\u0259kan\u0131ndak\u0131 alternativ s\u0259sidir\",\"publisher\":{\"@id\":\"https:\\\/\\\/www.meydan.tv\\\/az\\\/#organization\"},\"potentialAction\":[{\"@type\":\"SearchAction\",\"target\":{\"@type\":\"EntryPoint\",\"urlTemplate\":\"https:\\\/\\\/www.meydan.tv\\\/az\\\/?s={search_term_string}\"},\"query-input\":{\"@type\":\"PropertyValueSpecification\",\"valueRequired\":true,\"valueName\":\"search_term_string\"}}],\"inLanguage\":\"az\"},{\"@type\":\"Organization\",\"@id\":\"https:\\\/\\\/www.meydan.tv\\\/az\\\/#organization\",\"name\":\"Meydan TV\",\"url\":\"https:\\\/\\\/www.meydan.tv\\\/az\\\/\",\"logo\":{\"@type\":\"ImageObject\",\"inLanguage\":\"az\",\"@id\":\"https:\\\/\\\/www.meydan.tv\\\/az\\\/#\\\/schema\\\/logo\\\/image\\\/\",\"url\":\"https:\\\/\\\/www.meydan.tv\\\/wp-content\\\/uploads\\\/2021\\\/07\\\/meydan-logo.svg\",\"contentUrl\":\"https:\\\/\\\/www.meydan.tv\\\/wp-content\\\/uploads\\\/2021\\\/07\\\/meydan-logo.svg\",\"width\":195,\"height\":46,\"caption\":\"Meydan TV\"},\"image\":{\"@id\":\"https:\\\/\\\/www.meydan.tv\\\/az\\\/#\\\/schema\\\/logo\\\/image\\\/\"}},{\"@type\":\"Person\",\"@id\":\"https:\\\/\\\/www.meydan.tv\\\/az\\\/#\\\/schema\\\/person\\\/10d11eccf6da3662cf5fdab9806ea91a\",\"name\":\"user-manager\"}]}<\/script>\n<!-- \/ Yoast SEO plugin. -->","yoast_head_json":{"title":"Ucar sakini: Evimiz yan\u0131b bitdi, yang\u0306\u0131nso\u0308ndu\u0308r\u0259nl\u0259r g\u0259lib c\u0327\u0131xmad\u0131 - MEYDAN.TV","robots":{"index":"index","follow":"follow","max-snippet":"max-snippet:-1","max-image-preview":"max-image-preview:large","max-video-preview":"max-video-preview:-1"},"canonical":"https:\/\/www.meydan.tv\/az\/article\/ucar-sakini-evimiz-yanib-bitdi-yanginsondurenler-gelib-cixmadi\/","og_locale":"az_AZ","og_type":"article","og_title":"Ucar sakini: Evimiz yan\u0131b bitdi, yang\u0306\u0131nso\u0308ndu\u0308r\u0259nl\u0259r g\u0259lib c\u0327\u0131xmad\u0131 - MEYDAN.TV","og_description":"I\u0307ndi bir is\u0327dir d\u0259 du\u0308s\u0327mu\u0308s\u0327u\u0308k","og_url":"https:\/\/www.meydan.tv\/az\/article\/ucar-sakini-evimiz-yanib-bitdi-yanginsondurenler-gelib-cixmadi\/","og_site_name":"MEYDAN.TV","article_published_time":"2019-04-11T09:11:01+00:00","og_image":[{"width":640,"height":480,"url":"https:\/\/www.meydan.tv\/wp-content\/uploads\/image00011_9zasmlt.jpeg","type":"image\/jpeg"}],"author":"user-manager","twitter_card":"summary_large_image","schema":{"@context":"https:\/\/schema.org","@graph":[{"@type":"Article","@id":"https:\/\/www.meydan.tv\/az\/article\/ucar-sakini-evimiz-yanib-bitdi-yanginsondurenler-gelib-cixmadi\/#article","isPartOf":{"@id":"https:\/\/www.meydan.tv\/az\/article\/ucar-sakini-evimiz-yanib-bitdi-yanginsondurenler-gelib-cixmadi\/"},"author":{"name":"user-manager","@id":"https:\/\/www.meydan.tv\/az\/#\/schema\/person\/10d11eccf6da3662cf5fdab9806ea91a"},"headline":"Ucar sakini: Evimiz yan\u0131b bitdi, yang\u0306\u0131nso\u0308ndu\u0308r\u0259nl\u0259r g\u0259lib c\u0327\u0131xmad\u0131","datePublished":"2019-04-11T09:11:01+00:00","mainEntityOfPage":{"@id":"https:\/\/www.meydan.tv\/az\/article\/ucar-sakini-evimiz-yanib-bitdi-yanginsondurenler-gelib-cixmadi\/"},"wordCount":1199,"publisher":{"@id":"https:\/\/www.meydan.tv\/az\/#organization"},"image":{"@id":"https:\/\/www.meydan.tv\/az\/article\/ucar-sakini-evimiz-yanib-bitdi-yanginsondurenler-gelib-cixmadi\/#primaryimage"},"thumbnailUrl":"https:\/\/www.meydan.tv\/wp-content\/uploads\/image00011_9zasmlt.jpeg","articleSection":["B\u00f6lg\u0259"],"inLanguage":"az"},{"@type":"WebPage","@id":"https:\/\/www.meydan.tv\/az\/article\/ucar-sakini-evimiz-yanib-bitdi-yanginsondurenler-gelib-cixmadi\/","url":"https:\/\/www.meydan.tv\/az\/article\/ucar-sakini-evimiz-yanib-bitdi-yanginsondurenler-gelib-cixmadi\/","name":"Ucar sakini: Evimiz yan\u0131b bitdi, yang\u0306\u0131nso\u0308ndu\u0308r\u0259nl\u0259r g\u0259lib c\u0327\u0131xmad\u0131 - MEYDAN.TV","isPartOf":{"@id":"https:\/\/www.meydan.tv\/az\/#website"},"primaryImageOfPage":{"@id":"https:\/\/www.meydan.tv\/az\/article\/ucar-sakini-evimiz-yanib-bitdi-yanginsondurenler-gelib-cixmadi\/#primaryimage"},"image":{"@id":"https:\/\/www.meydan.tv\/az\/article\/ucar-sakini-evimiz-yanib-bitdi-yanginsondurenler-gelib-cixmadi\/#primaryimage"},"thumbnailUrl":"https:\/\/www.meydan.tv\/wp-content\/uploads\/image00011_9zasmlt.jpeg","datePublished":"2019-04-11T09:11:01+00:00","breadcrumb":{"@id":"https:\/\/www.meydan.tv\/az\/article\/ucar-sakini-evimiz-yanib-bitdi-yanginsondurenler-gelib-cixmadi\/#breadcrumb"},"inLanguage":"az","potentialAction":[{"@type":"ReadAction","target":["https:\/\/www.meydan.tv\/az\/article\/ucar-sakini-evimiz-yanib-bitdi-yanginsondurenler-gelib-cixmadi\/"]}]},{"@type":"ImageObject","inLanguage":"az","@id":"https:\/\/www.meydan.tv\/az\/article\/ucar-sakini-evimiz-yanib-bitdi-yanginsondurenler-gelib-cixmadi\/#primaryimage","url":"https:\/\/www.meydan.tv\/wp-content\/uploads\/image00011_9zasmlt.jpeg","contentUrl":"https:\/\/www.meydan.tv\/wp-content\/uploads\/image00011_9zasmlt.jpeg","width":640,"height":480,"caption":"Source: meydan tv"},{"@type":"BreadcrumbList","@id":"https:\/\/www.meydan.tv\/az\/article\/ucar-sakini-evimiz-yanib-bitdi-yanginsondurenler-gelib-cixmadi\/#breadcrumb","itemListElement":[{"@type":"ListItem","position":1,"name":"Ana s\u0259hif\u0259","item":"https:\/\/www.meydan.tv\/az\/"},{"@type":"ListItem","position":2,"name":"B\u00f6lg\u0259","item":"https:\/\/www.meydan.tv\/az\/section\/bolge\/"},{"@type":"ListItem","position":3,"name":"Ucar sakini: Evimiz yan\u0131b bitdi, yang\u0306\u0131nso\u0308ndu\u0308r\u0259nl\u0259r g\u0259lib c\u0327\u0131xmad\u0131"}]},{"@type":"WebSite","@id":"https:\/\/www.meydan.tv\/az\/#website","url":"https:\/\/www.meydan.tv\/az\/","name":"MEYDAN.TV","description":"Meydan TV Az\u0259rbaycan\u0131n media m\u0259kan\u0131ndak\u0131 alternativ s\u0259sidir","publisher":{"@id":"https:\/\/www.meydan.tv\/az\/#organization"},"potentialAction":[{"@type":"SearchAction","target":{"@type":"EntryPoint","urlTemplate":"https:\/\/www.meydan.tv\/az\/?s={search_term_string}"},"query-input":{"@type":"PropertyValueSpecification","valueRequired":true,"valueName":"search_term_string"}}],"inLanguage":"az"},{"@type":"Organization","@id":"https:\/\/www.meydan.tv\/az\/#organization","name":"Meydan TV","url":"https:\/\/www.meydan.tv\/az\/","logo":{"@type":"ImageObject","inLanguage":"az","@id":"https:\/\/www.meydan.tv\/az\/#\/schema\/logo\/image\/","url":"https:\/\/www.meydan.tv\/wp-content\/uploads\/2021\/07\/meydan-logo.svg","contentUrl":"https:\/\/www.meydan.tv\/wp-content\/uploads\/2021\/07\/meydan-logo.svg","width":195,"height":46,"caption":"Meydan TV"},"image":{"@id":"https:\/\/www.meydan.tv\/az\/#\/schema\/logo\/image\/"}},{"@type":"Person","@id":"https:\/\/www.meydan.tv\/az\/#\/schema\/person\/10d11eccf6da3662cf5fdab9806ea91a","name":"user-manager"}]}},"_links":{"self":[{"href":"https:\/\/www.meydan.tv\/az\/wp-json\/wp\/v2\/posts\/194905","targetHints":{"allow":["GET"]}}],"collection":[{"href":"https:\/\/www.meydan.tv\/az\/wp-json\/wp\/v2\/posts"}],"about":[{"href":"https:\/\/www.meydan.tv\/az\/wp-json\/wp\/v2\/types\/post"}],"author":[{"embeddable":true,"href":"https:\/\/www.meydan.tv\/az\/wp-json\/wp\/v2\/users\/11"}],"replies":[{"embeddable":true,"href":"https:\/\/www.meydan.tv\/az\/wp-json\/wp\/v2\/comments?post=194905"}],"version-history":[{"count":0,"href":"https:\/\/www.meydan.tv\/az\/wp-json\/wp\/v2\/posts\/194905\/revisions"}],"wp:featuredmedia":[{"embeddable":true,"href":"https:\/\/www.meydan.tv\/az\/wp-json\/wp\/v2\/media\/121758"}],"wp:attachment":[{"href":"https:\/\/www.meydan.tv\/az\/wp-json\/wp\/v2\/media?parent=194905"}],"wp:term":[{"taxonomy":"category","embeddable":true,"href":"https:\/\/www.meydan.tv\/az\/wp-json\/wp\/v2\/categories?post=194905"},{"taxonomy":"post_tag","embeddable":true,"href":"https:\/\/www.meydan.tv\/az\/wp-json\/wp\/v2\/tags?post=194905"}],"curies":[{"name":"wp","href":"https:\/\/api.w.org\/{rel}","templated":true}]}}