{"id":194896,"date":"2019-04-10T18:07:50","date_gmt":"2019-04-10T18:07:50","guid":{"rendered":"https:\/\/www.meydan.tv\/article\/kurdemirde-orus-yerlerine-gore-aksiya-keciribler\/"},"modified":"2019-04-10T18:07:50","modified_gmt":"2019-04-10T18:07:50","slug":"kurdemirde-orus-yerlerine-gore-aksiya-keciribler","status":"publish","type":"post","link":"https:\/\/www.meydan.tv\/az\/article\/kurdemirde-orus-yerlerine-gore-aksiya-keciribler\/","title":{"rendered":"K\u00fcrd\u0259mird\u0259: \u00d6r\u00fc\u015f yerl\u0259rin\u0259 g\u00f6r\u0259 aksiya ke\u00e7iribl\u0259r"},"content":{"rendered":"<p>\n  <i><br \/>\n    K\u0259nd sakinl\u0259ri torpaqlar\u0131n\u0131n saxta s\u0259n\u0259dl\u0259rl\u0259 z\u0259bt olundu\u011funu deyirl\u0259r<br \/>\n  <\/i>\n<\/p>\n<p>\n  K\u00fcrd\u0259mir rayonunun \u018fr\u0259bqubal\u0131 k\u0259ndinin sakinl\u0259ri aprelin 8-d\u0259 etiraz aksiyas\u0131 ke\u00e7iribl\u0259r.\n<\/p>\n<p>\n  Sakinl\u0259r Azadl\u0131q Radiosuna deyibl\u0259r ki, naraz\u0131l\u0131\u011fa s\u0259b\u0259b \u015fikay\u0259tl\u0259rinin yerli icra v\u0259 b\u0259l\u0259diyy\u0259 orqanlar\u0131nda e\u015fidilm\u0259m\u0259sidir.\n<\/p>\n<p>\n  Onlar\u0131n s\u00f6zl\u0259rin\u0259 g\u00f6r\u0259, k\u0259ndin \u00f6r\u00fc\u015f v\u0259 otlaq \u00fc\u00e7\u00fcn \u0259n yax\u015f\u0131 yerl\u0259ri saxta s\u0259n\u0259dl\u0259rl\u0259 \u00fc\u00e7 n\u0259f\u0259r t\u0259r\u0259find\u0259n z\u0259bt olunub. Bu m\u0259s\u0259l\u0259ni d\u0259f\u0259l\u0259rl\u0259 qald\u0131rsalar da, problem h\u0259ll olunmay\u0131b:\n<\/p>\n<p>\n  \u201cBir ne\u00e7\u0259 g\u00fcn \u0259vv\u0259l g\u00f6rd\u00fck ki, bizi K\u00fcrd\u0259mir Rayon \u0130cra Hakimiyy\u0259tind\u0259 normal q\u0259bul ed\u0259n, \u015fikay\u0259timiz\u0259 baxan yoxdur, qrup hal\u0131nda Bak\u0131ya getm\u0259k ist\u0259dik. \u0130cra hakimiyy\u0259tinin i\u015f\u00e7il\u0259ri telefonla \u0259laq\u0259 saxlayaraq bizi yoldan qaytard\u0131lar. Dedil\u0259r ki, g\u0259lin, probleminiz yoluna qoyulacaq. Amma v\u0259d edil\u0259n kimi olmad\u0131. Buna g\u00f6r\u0259 camaat s\u00f6z\u00fc bir yer\u0259 qoyub yolu k\u0259sdi\u00bb.\n<\/p>\n<p>\n  Ad\u0131n\u0131n \u00e7\u0259kilm\u0259sini ist\u0259m\u0259y\u0259n sakin is\u0259 bildirib ki, etiraz\u00e7\u0131lar Bak\u0131-Qazax magistral yolunun K\u00fcrd\u0259mir rayonunun S\u0131\u011f\u0131rl\u0131 k\u0259ndind\u0259n ke\u00e7\u0259n hiss\u0259sind\u0259 avtomobill\u0259rin h\u0259r\u0259k\u0259tini 10 d\u0259qiq\u0259y\u0259d\u0259k dayand\u0131r\u0131blar:\n<\/p>\n<p>\n  \u00abPolisin m\u00fcdaxil\u0259si v\u0259 r\u0259smil\u0259rin dan\u0131\u015f\u0131q t\u0259klifind\u0259n sonra aksiya dayand\u0131r\u0131ld\u0131. Rayon icra hakimiyy\u0259ti ba\u015f\u00e7\u0131s\u0131 k\u0259nd\u0259 g\u0259ldi v\u0259 \u0259hali il\u0259 g\u00f6r\u00fc\u015f ke\u00e7irdi. Dinl\u0259m\u0259l\u0259r zaman\u0131 sakinl\u0259r ayr\u0131-ayr\u0131 \u015f\u0259xsl\u0259r\u0259 verilmi\u015f \u00f6r\u00fc\u015f yerl\u0259rinin \u0259halinin \u00fcmumi istifad\u0259sin\u0259 qaytar\u0131lmas\u0131n\u0131 t\u0259l\u0259b edibl\u0259r. \u0130cra ba\u015f\u00e7\u0131s\u0131 problemin 10 g\u00fcn \u0259rzind\u0259 \u00e7\u00f6z\u00fcl\u0259c\u0259yin\u0259 s\u00f6z verdi. G\u00f6r\u0259k bu d\u0259f\u0259 nec\u0259 olur&#8230;\u00bb.\n<\/p>\n<p>\n  <b><br \/>\n    <i><br \/>\n      \u0130cra n\u00fcmay\u0259nd\u0259si: \u00abKomissiya yarad\u0131l\u0131b\u00bb<br \/>\n    <\/i><br \/>\n  <\/b>\n<\/p>\n<p>\n  K\u00fcrd\u0259mir Rayon \u0130cra Hakimiyy\u0259ti ba\u015f\u00e7\u0131s\u0131n\u0131n \u018fr\u0259bqubal\u0131 inzibati \u0259razi dair\u0259si \u00fczr\u0259 n\u00fcmay\u0259nd\u0259si M\u0259h\u0259mm\u0259d\u0259li Surxayev Azadl\u0131q Radiosuna deyib ki, m\u00fcbahis\u0259 yerli b\u0259l\u0259diyy\u0259 t\u0259r\u0259find\u0259n \u018fr\u0259bqubal\u0131 k\u0259ndinin \u00fc\u00e7 n\u0259f\u0259r sakininin icar\u0259sin\u0259 verilmi\u015f, \u00fcmumilikd\u0259 280 hektarl\u0131q sah\u0259 \u00fcst\u00fcnd\u0259dir: \u201c\u0130car\u0259darlar onu 2002-ci ild\u0259 qanuni s\u0259n\u0259dl\u0259rl\u0259 \u0259ld\u0259 edibl\u0259r. H\u0259tta bu \u00fc\u00e7 n\u0259f\u0259rd\u0259n birinin istifad\u0259sind\u0259ki torpaq ona kolxoz d\u00f6vr\u00fcnd\u0259, y\u0259ni b\u0259l\u0259diyy\u0259l\u0259r yarananad\u0259k verilib. Amma \u0259halinin bir qismi daim bu m\u0259s\u0259l\u0259ni qald\u0131r\u0131b v\u0259 h\u0259min icar\u0259 m\u00fcqavil\u0259l\u0259rinin l\u0259\u011fvini t\u0259l\u0259b edib. \u0130cra ba\u015f\u00e7\u0131s\u0131 k\u0259nd\u0259 g\u0259ldi. Torpaq m\u00fclkiyy\u0259t\u00e7isi v\u0259 sakinl\u0259rl\u0259 bir yerd\u0259 o sah\u0259l\u0259r\u0259 bax\u0131\u015f ke\u00e7irildi. Komissiya yarad\u0131l\u0131b v\u0259 onlar indi k\u0259ndd\u0259 i\u015fl\u0259yirl\u0259r. Y\u0259qin ki, yax\u0131n g\u00fcnl\u0259rd\u0259 m\u0259s\u0259l\u0259 ham\u0131n\u0131 qane ed\u0259c\u0259k bir \u015f\u0259kild\u0259 h\u0259llini tapacaq\u00bb.\n<\/p>\n<p>\n  \u018fr\u0259bqubal\u0131 b\u0259l\u0259diyy\u0259sinin s\u0259dri Ad\u0131g\u00f6z\u0259l \u015eirinov is\u0259 etiraz\u0131 bu i\u015fd\u0259 maraql\u0131 olan bir ne\u00e7\u0259 n\u0259f\u0259r \u015f\u0259xsin t\u0259\u015fkil etdiyini iddia edir:\n<\/p>\n<p>\n  \u00abOnlar\u0131n adlar\u0131 da ham\u0131ya m\u0259lumdur. Bu m\u0259s\u0259l\u0259ni bir ne\u00e7\u0259 d\u0259f\u0259 qald\u0131r\u0131blar. \u0130ndi g\u00f6r\u00fcrl\u0259r yen\u0259 \u00e7\u0259tin d\u00f6vrd\u00fcr, \u0259halini q\u0131z\u0131\u015fd\u0131r\u0131b sal\u0131blar ortaya. \u018fslind\u0259 k\u0259nd \u0259halisinin \u00f6r\u00fc\u015f problemi olmay\u0131b, indi d\u0259 yoxdur. Mal-qara otarmaq \u00fc\u00e7\u00fcn yer \u00e7oxdur. Amma yen\u0259 d\u0259 naraz\u0131l\u0131q yats\u0131n dey\u0259, icra ba\u015f\u00e7\u0131s\u0131 t\u0259r\u0259fl\u0259r\u0259 g\u00fcz\u0259\u015ftli bir variant t\u0259klif etdi. \u0130car\u0259darlarla s\u00f6hb\u0259t apar\u0131b, onlardan yerl\u0259rinin yar\u0131s\u0131n\u0131n \u0259halinin \u00fcmumi istifad\u0259sin\u0259 qaytarmalar\u0131n\u0131 xahi\u015f etdi. Raz\u0131l\u0131q \u0259ld\u0259 olunub. \u0130ndi \u00f6l\u00e7\u00fc-bi\u00e7i, s\u0259n\u0259dl\u0259\u015fm\u0259 i\u015fi apar\u0131l\u0131r\u00bb.\n<\/p>\n<p>\n  Ad\u0131n\u0131n a\u00e7\u0131qlanmas\u0131n\u0131 ist\u0259m\u0259y\u0259n sakin onu da \u0259lav\u0259 edib ki, son ill\u0259r eyni problem K\u00fcrd\u0259mir rayonunun \u0259ks\u0259r k\u0259ndl\u0259rind\u0259 yaran\u0131b. O bildirib ki, icra ba\u015f\u00e7\u0131s\u0131n\u0131n h\u0259ft\u0259d\u0259 bir d\u0259f\u0259 rayon m\u0259rk\u0259zind\u0259 ke\u00e7irdiyi q\u0259bulda h\u0259r d\u0259f\u0259 bir k\u0259ndin qrup hal\u0131nda olan \u015fikay\u0259t\u00e7il\u0259rini g\u00f6rm\u0259k olur: \u00abH\u0259r yerd\u0259 \u00f6r\u00fc\u015f yerl\u0259rin\u0259 \u0259l qoyulub. Pamb\u0131q \u0259kini geni\u015fl\u0259ndiril\u0259nd\u0259n sonra v\u0259ziyy\u0259t lap pisl\u0259\u015fib. K\u0259nd \u0259halisinin \u0259ks\u0259riyy\u0259ti mal-qara saxlamaqla dolan\u0131\u015faca\u011f\u0131n\u0131 t\u0259min edir. Heyvanlar \u00fc\u00e7\u00fcn is\u0259 \u00f6r\u00fc\u015f, otlaq yerl\u0259ri laz\u0131md\u0131r. Bir ne\u00e7\u0259 g\u00fcn \u0259vv\u0259l S\u0131\u011f\u0131rl\u0131 k\u0259ndind\u0259 \u0259hali mal-qaran\u0131 vaxtil\u0259 \u00f6r\u00fc\u015f yeri olmu\u015f, sonradan sakinl\u0259rd\u0259n birinin istifad\u0259sin\u0259 veril\u0259n tax\u0131l \u0259kini apar\u0131lm\u0131\u015f sah\u0259y\u0259 sal\u0131blar. Bel\u0259c\u0259 \u0259hali \u00fcz-\u00fcz\u0259 qoyulub\u00bb.\n<\/p>\n<p>\n  Ba\u015f ver\u0259nl\u0259rl\u0259 ba\u011fl\u0131 K\u00fcrd\u0259mir Rayon \u0130cra Hakimiyy\u0259tind\u0259n m\u00fcnasib\u0259t \u00f6yr\u0259nm\u0259k m\u00fcmk\u00fcn olmay\u0131b.<\/p>\n","protected":false},"excerpt":{"rendered":"<p>K\u0259nd sakinl\u0259ri torpaqlar\u0131n\u0131n saxta s\u0259n\u0259dl\u0259rl\u0259 z\u0259bt olundu\u011funu deyirl\u0259r<\/p>\n","protected":false},"author":11,"featured_media":121755,"comment_status":"closed","ping_status":"open","sticky":false,"template":"","format":"standard","meta":{"_acf_changed":false,"_sitemap_exclude":false,"_sitemap_priority":"","_sitemap_frequency":"","footnotes":""},"categories":[60],"tags":[],"class_list":["post-194896","post","type-post","status-publish","format-standard","has-post-thumbnail","hentry","category-bolge","infinite-scroll-item","generate-columns","tablet-grid-50","mobile-grid-100","grid-parent","grid-33","no-featured-image-padding"],"acf":[],"yoast_head":"<!-- This site is optimized with the Yoast SEO plugin v27.4 - https:\/\/yoast.com\/product\/yoast-seo-wordpress\/ -->\n<title>K\u00fcrd\u0259mird\u0259: \u00d6r\u00fc\u015f yerl\u0259rin\u0259 g\u00f6r\u0259 aksiya ke\u00e7iribl\u0259r - MEYDAN.TV<\/title>\n<meta name=\"robots\" content=\"index, follow, max-snippet:-1, max-image-preview:large, max-video-preview:-1\" \/>\n<link rel=\"canonical\" href=\"https:\/\/www.meydan.tv\/az\/article\/kurdemirde-orus-yerlerine-gore-aksiya-keciribler\/\" \/>\n<meta property=\"og:locale\" content=\"az_AZ\" \/>\n<meta property=\"og:type\" content=\"article\" \/>\n<meta property=\"og:title\" content=\"K\u00fcrd\u0259mird\u0259: \u00d6r\u00fc\u015f yerl\u0259rin\u0259 g\u00f6r\u0259 aksiya ke\u00e7iribl\u0259r - MEYDAN.TV\" \/>\n<meta property=\"og:description\" content=\"K\u0259nd sakinl\u0259ri torpaqlar\u0131n\u0131n saxta s\u0259n\u0259dl\u0259rl\u0259 z\u0259bt olundu\u011funu deyirl\u0259r\" \/>\n<meta property=\"og:url\" content=\"https:\/\/www.meydan.tv\/az\/article\/kurdemirde-orus-yerlerine-gore-aksiya-keciribler\/\" \/>\n<meta property=\"og:site_name\" content=\"MEYDAN.TV\" \/>\n<meta property=\"article:published_time\" content=\"2019-04-10T18:07:50+00:00\" \/>\n<meta property=\"og:image\" content=\"https:\/\/www.meydan.tv\/wp-content\/uploads\/screenshot_2019-04-10_at_18.06.29.png\" \/>\n\t<meta property=\"og:image:width\" content=\"2062\" \/>\n\t<meta property=\"og:image:height\" content=\"1126\" \/>\n\t<meta property=\"og:image:type\" content=\"image\/png\" \/>\n<meta name=\"author\" content=\"user-manager\" \/>\n<meta name=\"twitter:card\" content=\"summary_large_image\" \/>\n<script type=\"application\/ld+json\" class=\"yoast-schema-graph\">{\"@context\":\"https:\\\/\\\/schema.org\",\"@graph\":[{\"@type\":\"Article\",\"@id\":\"https:\\\/\\\/www.meydan.tv\\\/az\\\/article\\\/kurdemirde-orus-yerlerine-gore-aksiya-keciribler\\\/#article\",\"isPartOf\":{\"@id\":\"https:\\\/\\\/www.meydan.tv\\\/az\\\/article\\\/kurdemirde-orus-yerlerine-gore-aksiya-keciribler\\\/\"},\"author\":{\"name\":\"user-manager\",\"@id\":\"https:\\\/\\\/www.meydan.tv\\\/az\\\/#\\\/schema\\\/person\\\/10d11eccf6da3662cf5fdab9806ea91a\"},\"headline\":\"K\u00fcrd\u0259mird\u0259: \u00d6r\u00fc\u015f yerl\u0259rin\u0259 g\u00f6r\u0259 aksiya ke\u00e7iribl\u0259r\",\"datePublished\":\"2019-04-10T18:07:50+00:00\",\"mainEntityOfPage\":{\"@id\":\"https:\\\/\\\/www.meydan.tv\\\/az\\\/article\\\/kurdemirde-orus-yerlerine-gore-aksiya-keciribler\\\/\"},\"wordCount\":862,\"publisher\":{\"@id\":\"https:\\\/\\\/www.meydan.tv\\\/az\\\/#organization\"},\"image\":{\"@id\":\"https:\\\/\\\/www.meydan.tv\\\/az\\\/article\\\/kurdemirde-orus-yerlerine-gore-aksiya-keciribler\\\/#primaryimage\"},\"thumbnailUrl\":\"https:\\\/\\\/www.meydan.tv\\\/wp-content\\\/uploads\\\/screenshot_2019-04-10_at_18.06.29.png\",\"articleSection\":[\"B\u00f6lg\u0259\"],\"inLanguage\":\"az\"},{\"@type\":\"WebPage\",\"@id\":\"https:\\\/\\\/www.meydan.tv\\\/az\\\/article\\\/kurdemirde-orus-yerlerine-gore-aksiya-keciribler\\\/\",\"url\":\"https:\\\/\\\/www.meydan.tv\\\/az\\\/article\\\/kurdemirde-orus-yerlerine-gore-aksiya-keciribler\\\/\",\"name\":\"K\u00fcrd\u0259mird\u0259: \u00d6r\u00fc\u015f yerl\u0259rin\u0259 g\u00f6r\u0259 aksiya ke\u00e7iribl\u0259r - MEYDAN.TV\",\"isPartOf\":{\"@id\":\"https:\\\/\\\/www.meydan.tv\\\/az\\\/#website\"},\"primaryImageOfPage\":{\"@id\":\"https:\\\/\\\/www.meydan.tv\\\/az\\\/article\\\/kurdemirde-orus-yerlerine-gore-aksiya-keciribler\\\/#primaryimage\"},\"image\":{\"@id\":\"https:\\\/\\\/www.meydan.tv\\\/az\\\/article\\\/kurdemirde-orus-yerlerine-gore-aksiya-keciribler\\\/#primaryimage\"},\"thumbnailUrl\":\"https:\\\/\\\/www.meydan.tv\\\/wp-content\\\/uploads\\\/screenshot_2019-04-10_at_18.06.29.png\",\"datePublished\":\"2019-04-10T18:07:50+00:00\",\"breadcrumb\":{\"@id\":\"https:\\\/\\\/www.meydan.tv\\\/az\\\/article\\\/kurdemirde-orus-yerlerine-gore-aksiya-keciribler\\\/#breadcrumb\"},\"inLanguage\":\"az\",\"potentialAction\":[{\"@type\":\"ReadAction\",\"target\":[\"https:\\\/\\\/www.meydan.tv\\\/az\\\/article\\\/kurdemirde-orus-yerlerine-gore-aksiya-keciribler\\\/\"]}]},{\"@type\":\"ImageObject\",\"inLanguage\":\"az\",\"@id\":\"https:\\\/\\\/www.meydan.tv\\\/az\\\/article\\\/kurdemirde-orus-yerlerine-gore-aksiya-keciribler\\\/#primaryimage\",\"url\":\"https:\\\/\\\/www.meydan.tv\\\/wp-content\\\/uploads\\\/screenshot_2019-04-10_at_18.06.29.png\",\"contentUrl\":\"https:\\\/\\\/www.meydan.tv\\\/wp-content\\\/uploads\\\/screenshot_2019-04-10_at_18.06.29.png\",\"width\":2062,\"height\":1126,\"caption\":\"Source: Meydan TV\"},{\"@type\":\"BreadcrumbList\",\"@id\":\"https:\\\/\\\/www.meydan.tv\\\/az\\\/article\\\/kurdemirde-orus-yerlerine-gore-aksiya-keciribler\\\/#breadcrumb\",\"itemListElement\":[{\"@type\":\"ListItem\",\"position\":1,\"name\":\"Ana s\u0259hif\u0259\",\"item\":\"https:\\\/\\\/www.meydan.tv\\\/az\\\/\"},{\"@type\":\"ListItem\",\"position\":2,\"name\":\"B\u00f6lg\u0259\",\"item\":\"https:\\\/\\\/www.meydan.tv\\\/az\\\/section\\\/bolge\\\/\"},{\"@type\":\"ListItem\",\"position\":3,\"name\":\"K\u00fcrd\u0259mird\u0259: \u00d6r\u00fc\u015f yerl\u0259rin\u0259 g\u00f6r\u0259 aksiya ke\u00e7iribl\u0259r\"}]},{\"@type\":\"WebSite\",\"@id\":\"https:\\\/\\\/www.meydan.tv\\\/az\\\/#website\",\"url\":\"https:\\\/\\\/www.meydan.tv\\\/az\\\/\",\"name\":\"MEYDAN.TV\",\"description\":\"Meydan TV Az\u0259rbaycan\u0131n media m\u0259kan\u0131ndak\u0131 alternativ s\u0259sidir\",\"publisher\":{\"@id\":\"https:\\\/\\\/www.meydan.tv\\\/az\\\/#organization\"},\"potentialAction\":[{\"@type\":\"SearchAction\",\"target\":{\"@type\":\"EntryPoint\",\"urlTemplate\":\"https:\\\/\\\/www.meydan.tv\\\/az\\\/?s={search_term_string}\"},\"query-input\":{\"@type\":\"PropertyValueSpecification\",\"valueRequired\":true,\"valueName\":\"search_term_string\"}}],\"inLanguage\":\"az\"},{\"@type\":\"Organization\",\"@id\":\"https:\\\/\\\/www.meydan.tv\\\/az\\\/#organization\",\"name\":\"Meydan TV\",\"url\":\"https:\\\/\\\/www.meydan.tv\\\/az\\\/\",\"logo\":{\"@type\":\"ImageObject\",\"inLanguage\":\"az\",\"@id\":\"https:\\\/\\\/www.meydan.tv\\\/az\\\/#\\\/schema\\\/logo\\\/image\\\/\",\"url\":\"https:\\\/\\\/www.meydan.tv\\\/wp-content\\\/uploads\\\/2021\\\/07\\\/meydan-logo.svg\",\"contentUrl\":\"https:\\\/\\\/www.meydan.tv\\\/wp-content\\\/uploads\\\/2021\\\/07\\\/meydan-logo.svg\",\"width\":195,\"height\":46,\"caption\":\"Meydan TV\"},\"image\":{\"@id\":\"https:\\\/\\\/www.meydan.tv\\\/az\\\/#\\\/schema\\\/logo\\\/image\\\/\"}},{\"@type\":\"Person\",\"@id\":\"https:\\\/\\\/www.meydan.tv\\\/az\\\/#\\\/schema\\\/person\\\/10d11eccf6da3662cf5fdab9806ea91a\",\"name\":\"user-manager\"}]}<\/script>\n<!-- \/ Yoast SEO plugin. -->","yoast_head_json":{"title":"K\u00fcrd\u0259mird\u0259: \u00d6r\u00fc\u015f yerl\u0259rin\u0259 g\u00f6r\u0259 aksiya ke\u00e7iribl\u0259r - MEYDAN.TV","robots":{"index":"index","follow":"follow","max-snippet":"max-snippet:-1","max-image-preview":"max-image-preview:large","max-video-preview":"max-video-preview:-1"},"canonical":"https:\/\/www.meydan.tv\/az\/article\/kurdemirde-orus-yerlerine-gore-aksiya-keciribler\/","og_locale":"az_AZ","og_type":"article","og_title":"K\u00fcrd\u0259mird\u0259: \u00d6r\u00fc\u015f yerl\u0259rin\u0259 g\u00f6r\u0259 aksiya ke\u00e7iribl\u0259r - MEYDAN.TV","og_description":"K\u0259nd sakinl\u0259ri torpaqlar\u0131n\u0131n saxta s\u0259n\u0259dl\u0259rl\u0259 z\u0259bt olundu\u011funu deyirl\u0259r","og_url":"https:\/\/www.meydan.tv\/az\/article\/kurdemirde-orus-yerlerine-gore-aksiya-keciribler\/","og_site_name":"MEYDAN.TV","article_published_time":"2019-04-10T18:07:50+00:00","og_image":[{"width":2062,"height":1126,"url":"https:\/\/www.meydan.tv\/wp-content\/uploads\/screenshot_2019-04-10_at_18.06.29.png","type":"image\/png"}],"author":"user-manager","twitter_card":"summary_large_image","schema":{"@context":"https:\/\/schema.org","@graph":[{"@type":"Article","@id":"https:\/\/www.meydan.tv\/az\/article\/kurdemirde-orus-yerlerine-gore-aksiya-keciribler\/#article","isPartOf":{"@id":"https:\/\/www.meydan.tv\/az\/article\/kurdemirde-orus-yerlerine-gore-aksiya-keciribler\/"},"author":{"name":"user-manager","@id":"https:\/\/www.meydan.tv\/az\/#\/schema\/person\/10d11eccf6da3662cf5fdab9806ea91a"},"headline":"K\u00fcrd\u0259mird\u0259: \u00d6r\u00fc\u015f yerl\u0259rin\u0259 g\u00f6r\u0259 aksiya ke\u00e7iribl\u0259r","datePublished":"2019-04-10T18:07:50+00:00","mainEntityOfPage":{"@id":"https:\/\/www.meydan.tv\/az\/article\/kurdemirde-orus-yerlerine-gore-aksiya-keciribler\/"},"wordCount":862,"publisher":{"@id":"https:\/\/www.meydan.tv\/az\/#organization"},"image":{"@id":"https:\/\/www.meydan.tv\/az\/article\/kurdemirde-orus-yerlerine-gore-aksiya-keciribler\/#primaryimage"},"thumbnailUrl":"https:\/\/www.meydan.tv\/wp-content\/uploads\/screenshot_2019-04-10_at_18.06.29.png","articleSection":["B\u00f6lg\u0259"],"inLanguage":"az"},{"@type":"WebPage","@id":"https:\/\/www.meydan.tv\/az\/article\/kurdemirde-orus-yerlerine-gore-aksiya-keciribler\/","url":"https:\/\/www.meydan.tv\/az\/article\/kurdemirde-orus-yerlerine-gore-aksiya-keciribler\/","name":"K\u00fcrd\u0259mird\u0259: \u00d6r\u00fc\u015f yerl\u0259rin\u0259 g\u00f6r\u0259 aksiya ke\u00e7iribl\u0259r - MEYDAN.TV","isPartOf":{"@id":"https:\/\/www.meydan.tv\/az\/#website"},"primaryImageOfPage":{"@id":"https:\/\/www.meydan.tv\/az\/article\/kurdemirde-orus-yerlerine-gore-aksiya-keciribler\/#primaryimage"},"image":{"@id":"https:\/\/www.meydan.tv\/az\/article\/kurdemirde-orus-yerlerine-gore-aksiya-keciribler\/#primaryimage"},"thumbnailUrl":"https:\/\/www.meydan.tv\/wp-content\/uploads\/screenshot_2019-04-10_at_18.06.29.png","datePublished":"2019-04-10T18:07:50+00:00","breadcrumb":{"@id":"https:\/\/www.meydan.tv\/az\/article\/kurdemirde-orus-yerlerine-gore-aksiya-keciribler\/#breadcrumb"},"inLanguage":"az","potentialAction":[{"@type":"ReadAction","target":["https:\/\/www.meydan.tv\/az\/article\/kurdemirde-orus-yerlerine-gore-aksiya-keciribler\/"]}]},{"@type":"ImageObject","inLanguage":"az","@id":"https:\/\/www.meydan.tv\/az\/article\/kurdemirde-orus-yerlerine-gore-aksiya-keciribler\/#primaryimage","url":"https:\/\/www.meydan.tv\/wp-content\/uploads\/screenshot_2019-04-10_at_18.06.29.png","contentUrl":"https:\/\/www.meydan.tv\/wp-content\/uploads\/screenshot_2019-04-10_at_18.06.29.png","width":2062,"height":1126,"caption":"Source: Meydan TV"},{"@type":"BreadcrumbList","@id":"https:\/\/www.meydan.tv\/az\/article\/kurdemirde-orus-yerlerine-gore-aksiya-keciribler\/#breadcrumb","itemListElement":[{"@type":"ListItem","position":1,"name":"Ana s\u0259hif\u0259","item":"https:\/\/www.meydan.tv\/az\/"},{"@type":"ListItem","position":2,"name":"B\u00f6lg\u0259","item":"https:\/\/www.meydan.tv\/az\/section\/bolge\/"},{"@type":"ListItem","position":3,"name":"K\u00fcrd\u0259mird\u0259: \u00d6r\u00fc\u015f yerl\u0259rin\u0259 g\u00f6r\u0259 aksiya ke\u00e7iribl\u0259r"}]},{"@type":"WebSite","@id":"https:\/\/www.meydan.tv\/az\/#website","url":"https:\/\/www.meydan.tv\/az\/","name":"MEYDAN.TV","description":"Meydan TV Az\u0259rbaycan\u0131n media m\u0259kan\u0131ndak\u0131 alternativ s\u0259sidir","publisher":{"@id":"https:\/\/www.meydan.tv\/az\/#organization"},"potentialAction":[{"@type":"SearchAction","target":{"@type":"EntryPoint","urlTemplate":"https:\/\/www.meydan.tv\/az\/?s={search_term_string}"},"query-input":{"@type":"PropertyValueSpecification","valueRequired":true,"valueName":"search_term_string"}}],"inLanguage":"az"},{"@type":"Organization","@id":"https:\/\/www.meydan.tv\/az\/#organization","name":"Meydan TV","url":"https:\/\/www.meydan.tv\/az\/","logo":{"@type":"ImageObject","inLanguage":"az","@id":"https:\/\/www.meydan.tv\/az\/#\/schema\/logo\/image\/","url":"https:\/\/www.meydan.tv\/wp-content\/uploads\/2021\/07\/meydan-logo.svg","contentUrl":"https:\/\/www.meydan.tv\/wp-content\/uploads\/2021\/07\/meydan-logo.svg","width":195,"height":46,"caption":"Meydan TV"},"image":{"@id":"https:\/\/www.meydan.tv\/az\/#\/schema\/logo\/image\/"}},{"@type":"Person","@id":"https:\/\/www.meydan.tv\/az\/#\/schema\/person\/10d11eccf6da3662cf5fdab9806ea91a","name":"user-manager"}]}},"_links":{"self":[{"href":"https:\/\/www.meydan.tv\/az\/wp-json\/wp\/v2\/posts\/194896","targetHints":{"allow":["GET"]}}],"collection":[{"href":"https:\/\/www.meydan.tv\/az\/wp-json\/wp\/v2\/posts"}],"about":[{"href":"https:\/\/www.meydan.tv\/az\/wp-json\/wp\/v2\/types\/post"}],"author":[{"embeddable":true,"href":"https:\/\/www.meydan.tv\/az\/wp-json\/wp\/v2\/users\/11"}],"replies":[{"embeddable":true,"href":"https:\/\/www.meydan.tv\/az\/wp-json\/wp\/v2\/comments?post=194896"}],"version-history":[{"count":0,"href":"https:\/\/www.meydan.tv\/az\/wp-json\/wp\/v2\/posts\/194896\/revisions"}],"wp:featuredmedia":[{"embeddable":true,"href":"https:\/\/www.meydan.tv\/az\/wp-json\/wp\/v2\/media\/121755"}],"wp:attachment":[{"href":"https:\/\/www.meydan.tv\/az\/wp-json\/wp\/v2\/media?parent=194896"}],"wp:term":[{"taxonomy":"category","embeddable":true,"href":"https:\/\/www.meydan.tv\/az\/wp-json\/wp\/v2\/categories?post=194896"},{"taxonomy":"post_tag","embeddable":true,"href":"https:\/\/www.meydan.tv\/az\/wp-json\/wp\/v2\/tags?post=194896"}],"curies":[{"name":"wp","href":"https:\/\/api.w.org\/{rel}","templated":true}]}}