{"id":194878,"date":"2019-04-10T13:44:57","date_gmt":"2019-04-10T13:44:57","guid":{"rendered":"https:\/\/www.meydan.tv\/article\/hokumet-sahib-cixsin-bahara\/"},"modified":"2019-04-10T13:44:57","modified_gmt":"2019-04-10T13:44:57","slug":"hokumet-sahib-cixsin-bahara","status":"publish","type":"post","link":"https:\/\/www.meydan.tv\/az\/article\/hokumet-sahib-cixsin-bahara\/","title":{"rendered":"&#8221;H\u00f6kum\u0259t sahib \u00e7\u0131xs\u0131n Bahara&#8230;&#8221;"},"content":{"rendered":"<p>\n  <i><br \/>\n    Tu\u011fay k\u0259nd sakini: &#x27;&#x27;Biz\u0259 s\u0259d\u0259q\u0259 laz\u0131m deyil&#x27;&#x27;<br \/>\n  <\/i>\n<\/p>\n<p>\n  Sakinl\u0259rinin Ta\u011fay adland\u0131rd\u0131\u011f\u0131 Siy\u0259z\u0259nin Tu\u011fay k\u0259ndi d\u0259niz k\u0259nar\u0131nda yerl\u0259\u015fir. K\u0259ndd\u0259 evl\u0259rin \u0259ks\u0259ri nimda\u015f g\u00f6rk\u0259md\u0259dir. Kaz\u0131mova bac\u0131lar\u0131n\u0131n evi is\u0259 lap b\u0259rbad t\u0259siri ba\u011f\u0131\u015flay\u0131r.\n<\/p>\n<p>\n  <i><br \/>\n    Sahibsiz \u00fc\u00e7 bac\u0131<br \/>\n  <\/i>\n<\/p>\n<p>\n  K\u0259ndin giri\u015find\u0259ki hasar\u0131 olmayan, eyvan\u0131 \u00e7\u00f6km\u00fc\u015f, k\u00f6hn\u0259 ev uzaqdan se\u00e7ilir. Burada \u00fc\u00e7 bac\u0131 ya\u015fay\u0131r. Atalar\u0131 Mirfeyzulla ki\u015fi k\u0259ndin a\u011fsaqqallar\u0131ndan olub, a\u011f\u0131r seyid kimi tan\u0131n\u0131b. R\u0259hm\u0259t\u0259 ged\u0259nd\u0259n sonra q\u0131zlar\u0131 ba\u015fs\u0131z qal\u0131b. K\u0259nd camaat\u0131 dan\u0131\u015f\u0131r ki, Mirfeyzulla ki\u015finin \u00fc\u00e7 o\u011flu bac\u0131lar\u0131 il\u0259 \u0259laq\u0259ni k\u0259sib. \u0130ndi bac\u0131lar \u00e7ox ac\u0131nacaql\u0131 v\u0259ziyy\u0259td\u0259 ya\u015fay\u0131r. He\u00e7 biri i\u015fl\u0259mir. B\u00f6y\u00fck bac\u0131 Bahar Kaz\u0131mova onsuz da i\u015fl\u0259m\u0259k iqtidar\u0131nda deyil. \u018fqli probleml\u0259rin\u0259 g\u00f6r\u0259 birinci qrup \u0259lildir. K\u0259ndd\u0259 dan\u0131\u015f\u0131rlar ki, Bahar b\u0259z\u0259n g\u00fcnl\u0259rl\u0259 evd\u0259 t\u0259k qal\u0131r. \u00c7\u00fcnki bac\u0131lar\u0131 Siy\u0259z\u0259n\u0259 g\u00fcnd\u0259lik i\u015f tapmaq \u00fc\u00e7\u00fcn yollan\u0131r. K\u0259nd\u0259 g\u00fcn \u0259rzind\u0259 yaln\u0131z bir d\u0259f\u0259 mar\u015frut avtobusu g\u0259ldiyind\u0259n, Tu\u011faya qay\u0131da bilmirl\u0259r, tan\u0131\u015flar\u0131n\u0131n evind\u0259 qal\u0131rlar. \u201cEl\u0259 vaxt olub, Bahar h\u0259y\u0259td\u0259 y\u0131x\u0131l\u0131b qal\u0131b, gedib pal\u00e7\u0131qdan \u00e7\u0131xarm\u0131\u015f\u0131q\u201d, &#8211; bunu da k\u0259nd adamlar\u0131ndan e\u015fidirik.\n<\/p>\n<figure class=\"wp-block-image size-large\">\n  <img decoding=\"async\" src=\"https:\/\/www.meydan.tv\/az\/image_from_ios-5-jpg-3\/\" alt=\"image_from_ios (5).jpg\" class=\"wp-image-121710\"\/><figcaption>\n    Kaz\u0131movalar\u0131n evi<br \/>\n  <\/figcaption><\/figure>\n<p>\n  <i><br \/>\n    Evd\u0259 t\u0259k<br \/>\n  <\/i>\n<\/p>\n<p>\n  Camaat ail\u0259y\u0259 k\u00f6m\u0259k \u00fc\u00e7\u00fcn \u0259lind\u0259n g\u0259l\u0259ni \u0259sirg\u0259mir. Ya\u015fl\u0131 sakinl\u0259rin birind\u0259n e\u015fidirik ki, q\u0131\u015fda bac\u0131lar\u0131n evi qaz yand\u0131ra bilm\u0259dikl\u0259rind\u0259n soyuq olur. Kommunal x\u0259rcl\u0259ri \u00f6d\u0259m\u0259k g\u00fcc\u00fcnd\u0259 deyill\u0259r. Ail\u0259nin \u00fcz\u0259rin\u0259 b\u00f6y\u00fck qaz borcu y\u00fckl\u0259nir. Dan\u0131\u015f\u0131rlar ki, bir d\u0259f\u0259 qon\u015fu o\u011flan x\u00fcsusil\u0259 Bahar\u0131n evd\u0259 soyuqdan donmas\u0131na d\u00f6zm\u0259yib, ya\u015fad\u0131\u011f\u0131 yerd\u0259n ora qanunsuz x\u0259tt \u00e7\u0259kib. SOCAR-dan x\u0259b\u0259r tutanda g\u0259lib onu 250 manat c\u0259rim\u0259 edibl\u0259r.\n<\/p>\n<p>\n  K\u0259nd sakinl\u0259rind\u0259n biri il\u0259 ev\u0259 yollan\u0131r\u0131q. Bahar eyvanda g\u00f6r\u00fcn\u00fcr. \u0130lkin t\u0259\u0259ss\u00fcrat budur ki, onunla dan\u0131\u015fmaq, fikir soru\u015fmaq m\u00fcmk\u00fcn olmayacaq. Biz\u0259 i\u00e7\u0259ri ke\u00e7m\u0259y\u0259 icaz\u0259 verir. Ev \u00e7ox b\u0259rbad g\u00fcnd\u0259dir. H\u0259yat elementl\u0259ri yox d\u0259r\u0259c\u0259sind\u0259dir. Ev i\u00e7m\u0259li su il\u0259 t\u0259min olunmay\u0131b, istilik yoxdur. Bahar yerd\u0259 yat\u0131r. Soyuqdan titr\u0259yir. Bac\u0131lar\u0131n\u0131 soru\u015furuq. S\u0259rrast cavab vermir, n\u0259 dediyi anla\u015f\u0131lm\u0131r. Yaln\u0131z bir sual\u0131 t\u0259krar edir:\n<\/p>\n<p>\n  \u201cSabah m\u0259kt\u0259b var?\u201d.\n<\/p>\n<figure class=\"wp-block-image size-large\">\n  <img decoding=\"async\" src=\"https:\/\/www.meydan.tv\/az\/image_from_ios-6-jpg-2\/\" alt=\"image_from_ios (6).jpg\" class=\"wp-image-121721\"\/><figcaption>\n    m\u0259tb\u0259x<br \/>\n  <\/figcaption><\/figure>\n<p>\n  Evi t\u0259rk edirik. Bac\u0131lar\u0131n k\u0259nd\u0259 qay\u0131tmas\u0131n\u0131 g\u00f6zl\u0259m\u0259k laz\u0131m g\u0259l\u0259c\u0259k&#8230;\n<\/p>\n<p>\n  <i><br \/>\n    \u201cM\u00fcbariz\u0259 aparma\u011fa hal\u0131m\u0131z qalmay\u0131b\u201d<br \/>\n  <\/i>\n<\/p>\n<p>\n  \u0130kinci d\u0259f\u0259 Kaz\u0131movalar\u0131n ya\u015fad\u0131\u011f\u0131 ev\u0259 yollan\u0131r\u0131q. \u0130ndi S\u0259daq\u0259t v\u0259 Z\u00fcmr\u00fcd d\u0259 evd\u0259dir. S\u00f6z\u0259 Z\u00fcmr\u00fcd Kaz\u0131mova ba\u015flay\u0131r:\n<\/p>\n<p>\n  \u201cBac\u0131m\u0131 t\u0259kba\u015f\u0131na saxlam\u0131\u015fam. U\u015faql\u0131qdan bel\u0259 x\u0259st\u0259dir. Asan g\u0259lm\u0259sin he\u00e7 kim\u0259. B\u00fct\u00fcn \u0259zablara d\u00f6zm\u00fc\u015f\u0259m. Ona baxd\u0131\u011f\u0131ma g\u00f6r\u0259 he\u00e7 bir \u0259lav\u0259 v\u0259sait vermirl\u0259r. C\u0259mi 155 manat pensiya al\u0131r. N\u0259 q\u0259d\u0259r qazpulu yaz\u0131l\u0131r aya\u011f\u0131m\u0131za. M\u00fcbariz\u0259 aparma\u011fa hal\u0131m\u0131z qalmay\u0131b. \u00dc\u00e7 qarda\u015f\u0131m\u0131z var, bizd\u0259n x\u0259b\u0259r tutmurlar. H\u00f6kum\u0259t sahib \u00e7\u0131xs\u0131n Bahara. Bura seyid oca\u011f\u0131d\u0131. \u018fvv\u0259ll\u0259r n\u0259zir-niyaz olub, indi m\u0259n imtina el\u0259mi\u015f\u0259m. Konkret k\u00f6m\u0259k olunsun biz\u0259. N\u0259zirl\u0259 ya\u015famazlar\u201d.\n<\/p>\n<p>\n  <i><br \/>\n    \u201cSosial yard\u0131m \u00fc\u00e7\u00fcn m\u00fcraci\u0259t el\u0259mi\u015f\u0259m, \u00fcst\u00fcm\u0259 q\u0131\u015fq\u0131r\u0131b qovublar\u201d<br \/>\n  <\/i>\n<\/p>\n<p>\n  Ortanc\u0131l bac\u0131 S\u0259daq\u0259t deyir ki, k\u00f6m\u0259k \u00fc\u00e7\u00fcn \u00e7ox yer\u0259 m\u00fcraci\u0259t edibl\u0259r: \u201cB\u0259l\u0259diyy\u0259y\u0259 y\u00fcz d\u0259f\u0259 getmi\u015f\u0259m. \u0130\u015f yoxdu i\u015fl\u0259m\u0259y\u0259. Atam r\u0259hm\u0259t\u0259 ged\u0259nd\u0259n sonra bel\u0259 a\u011f\u0131r g\u00fcn\u0259 qald\u0131q. He\u00e7 olmasa, 50 manat sosial yard\u0131m versinl\u0259r. \u00c7ox ac\u0131nacaql\u0131 v\u0259ziyy\u0259td\u0259yik. Sosial yard\u0131m \u00fc\u00e7\u00fcn m\u00fcraci\u0259t el\u0259mi\u015f\u0259m, \u00fcst\u00fcm\u0259 q\u0131\u015fq\u0131r\u0131b qovublar. He\u00e7 birimiz i\u015fl\u0259mirik. Ev u\u00e7ub da\u011f\u0131l\u0131r. Yatma\u011fa d\u00fcz-\u0259m\u0259lli yerimiz yoxdu. Yerd\u0259 yat\u0131r\u0131q. Evd\u0259 \u00e7arpay\u0131m\u0131z da yoxdu. \u00c7\u0131x\u0131n h\u0259y\u0259t\u0259 bax\u0131n, he\u00e7 hamam da g\u00f6rm\u0259y\u0259c\u0259ksiz. \u015e\u0259xs\u0259n m\u0259n qap\u0131larda qal\u0131ram. \u0130st\u0259rdim su x\u0259tti olsun. \u00c7ox b\u0259rbad \u015f\u0259raitd\u0259 ya\u015fay\u0131r\u0131q. Adic\u0259 su yoxdusa, nec\u0259 ya\u015famaq olar burda?! K\u00f6m\u0259k ist\u0259m\u0259diyim yer qalmay\u0131b. He\u00e7 kimin vecin\u0259 deyil\u201d.\n<\/p>\n<p>\n  Z\u00fcmr\u00fcd deyir ki, onlara k\u0259nd sakinl\u0259rinin \u0259l tutmas\u0131n\u0131 ist\u0259mirl\u0259r, h\u00f6kum\u0259t probleml\u0259rin h\u0259lli \u00fc\u00e7\u00fcn konkret k\u00f6m\u0259k etsin:\n<\/p>\n<p>\n  \u201cN\u0259zir verirl\u0259r, arxas\u0131nca y\u00fcz s\u00f6z deyirl\u0259r. Adam bunu g\u00f6t\u00fcr\u0259 bilmir. Biz\u0259 s\u0259d\u0259q\u0259 laz\u0131m deyil. G\u00f6z g\u00f6r\u0259-g\u00f6r\u0259 q\u0131r\u0131l\u0131r\u0131q\u201d.\n<\/p>\n<figure class=\"wp-block-image size-large\">\n  <img decoding=\"async\" src=\"https:\/\/www.meydan.tv\/az\/image_from_ios-7-jpg\/\" alt=\"image_from_ios (7).jpg\" class=\"wp-image-121716\"\/><figcaption>\n    ev<br \/>\n  <\/figcaption><\/figure>\n<p>\n  Siy\u0259z\u0259n Rayon \u0130cra Hakimiyy\u0259tind\u0259n Meydan TV-y\u0259 bildiribl\u0259r ki, v\u0259ziyy\u0259td\u0259n x\u0259b\u0259rsizdirl\u0259r, maraqlanacaqlar.\n<\/p>\n<p>\n  Tu\u011fay k\u0259ndi Yenik\u0259nd B\u0259l\u0259diyy\u0259sinin tabeliyind\u0259dir. B\u0259l\u0259diyy\u0259 s\u0259dri \u018fb\u00fclf\u0259rz Muradov Meydan TV-y\u0259 s\u00f6z\u00fcged\u0259n ail\u0259ni yax\u015f\u0131 tan\u0131d\u0131\u011f\u0131n\u0131 deyib. O, h\u0259m\u00e7inin Meydan TV \u0259m\u0259kda\u015f\u0131n\u0131n g\u00f6rd\u00fckl\u0259rinin \u0259ksini s\u00f6yl\u0259yib:\n<\/p>\n<p>\n  \u201cOnlar a\u011f\u0131r seyid ovladlar\u0131d\u0131r, d\u0259f\u0259l\u0259rl\u0259 evl\u0259rind\u0259 olmu\u015fam. \u00c7ox yax\u015f\u0131 \u015f\u0259raitli evl\u0259ri var. Suyu, elektriki, qaz\u0131 var. M\u0259n \u00f6z\u00fcm qoymuram onlar\u0131n borcu yarans\u0131n ki, bird\u0259n i\u015f\u0131\u011f\u0131, qaz\u0131 k\u0259s\u0259rl\u0259r. Kim deyirs\u0259, \u015f\u0259raitl\u0259ri yoxdur, yalan deyir. D\u00fczd\u00fcr, i\u015f yoxdur, amma d\u0259f\u0259l\u0259rl\u0259 t\u0259klif etmi\u015f\u0259m ki, k\u0259nd camaat\u0131 kimi toyuq-c\u00fcc\u0259 saxlas\u0131nlar, \u0259kin-bi\u00e7inl\u0259 m\u0259\u015f\u011ful olsunlar. Yard\u0131m q\u0259bul etm\u0259yibl\u0259r. S\u0259b\u0259bini d\u0259 bilmir\u0259m\u201d.<\/p>\n","protected":false},"excerpt":{"rendered":"<p>Siy\u0259z\u0259n Rayon \u0130cra Hakimiyy\u0259tind\u0259n Meydan TV-y\u0259 bildiribl\u0259r ki, v\u0259ziyy\u0259td\u0259n x\u0259b\u0259rsizdirl\u0259r, maraqlanacaqlar.<\/p>\n","protected":false},"author":11,"featured_media":121707,"comment_status":"closed","ping_status":"open","sticky":false,"template":"","format":"standard","meta":{"_acf_changed":false,"_sitemap_exclude":false,"_sitemap_priority":"","_sitemap_frequency":"","footnotes":""},"categories":[60],"tags":[],"class_list":["post-194878","post","type-post","status-publish","format-standard","has-post-thumbnail","hentry","category-bolge","infinite-scroll-item","generate-columns","tablet-grid-50","mobile-grid-100","grid-parent","grid-33","no-featured-image-padding"],"acf":[],"yoast_head":"<!-- This site is optimized with the Yoast SEO plugin v27.4 - https:\/\/yoast.com\/product\/yoast-seo-wordpress\/ -->\n<title>&#039;&#039;H\u00f6kum\u0259t sahib \u00e7\u0131xs\u0131n Bahara...&#039;&#039; - MEYDAN.TV<\/title>\n<meta name=\"robots\" content=\"index, follow, max-snippet:-1, max-image-preview:large, max-video-preview:-1\" \/>\n<link rel=\"canonical\" href=\"https:\/\/www.meydan.tv\/az\/article\/hokumet-sahib-cixsin-bahara\/\" \/>\n<meta property=\"og:locale\" content=\"az_AZ\" \/>\n<meta property=\"og:type\" content=\"article\" \/>\n<meta property=\"og:title\" content=\"&#039;&#039;H\u00f6kum\u0259t sahib \u00e7\u0131xs\u0131n Bahara...&#039;&#039; - MEYDAN.TV\" \/>\n<meta property=\"og:description\" content=\"Siy\u0259z\u0259n Rayon \u0130cra Hakimiyy\u0259tind\u0259n Meydan TV-y\u0259 bildiribl\u0259r ki, v\u0259ziyy\u0259td\u0259n x\u0259b\u0259rsizdirl\u0259r, maraqlanacaqlar.\" \/>\n<meta property=\"og:url\" content=\"https:\/\/www.meydan.tv\/az\/article\/hokumet-sahib-cixsin-bahara\/\" \/>\n<meta property=\"og:site_name\" content=\"MEYDAN.TV\" \/>\n<meta property=\"article:published_time\" content=\"2019-04-10T13:44:57+00:00\" \/>\n<meta property=\"og:image\" content=\"https:\/\/www.meydan.tv\/wp-content\/uploads\/image_from_ios_4_psiuvdn.jpg\" \/>\n\t<meta property=\"og:image:width\" content=\"1004\" \/>\n\t<meta property=\"og:image:height\" content=\"750\" \/>\n\t<meta property=\"og:image:type\" content=\"image\/jpeg\" \/>\n<meta name=\"author\" content=\"user-manager\" \/>\n<meta name=\"twitter:card\" content=\"summary_large_image\" \/>\n<script type=\"application\/ld+json\" class=\"yoast-schema-graph\">{\"@context\":\"https:\\\/\\\/schema.org\",\"@graph\":[{\"@type\":\"Article\",\"@id\":\"https:\\\/\\\/www.meydan.tv\\\/az\\\/article\\\/hokumet-sahib-cixsin-bahara\\\/#article\",\"isPartOf\":{\"@id\":\"https:\\\/\\\/www.meydan.tv\\\/az\\\/article\\\/hokumet-sahib-cixsin-bahara\\\/\"},\"author\":{\"name\":\"user-manager\",\"@id\":\"https:\\\/\\\/www.meydan.tv\\\/az\\\/#\\\/schema\\\/person\\\/10d11eccf6da3662cf5fdab9806ea91a\"},\"headline\":\"&#8221;H\u00f6kum\u0259t sahib \u00e7\u0131xs\u0131n Bahara&#8230;&#8221;\",\"datePublished\":\"2019-04-10T13:44:57+00:00\",\"mainEntityOfPage\":{\"@id\":\"https:\\\/\\\/www.meydan.tv\\\/az\\\/article\\\/hokumet-sahib-cixsin-bahara\\\/\"},\"wordCount\":1077,\"publisher\":{\"@id\":\"https:\\\/\\\/www.meydan.tv\\\/az\\\/#organization\"},\"image\":{\"@id\":\"https:\\\/\\\/www.meydan.tv\\\/az\\\/article\\\/hokumet-sahib-cixsin-bahara\\\/#primaryimage\"},\"thumbnailUrl\":\"https:\\\/\\\/www.meydan.tv\\\/wp-content\\\/uploads\\\/image_from_ios_4_psiuvdn.jpg\",\"articleSection\":[\"B\u00f6lg\u0259\"],\"inLanguage\":\"az\"},{\"@type\":\"WebPage\",\"@id\":\"https:\\\/\\\/www.meydan.tv\\\/az\\\/article\\\/hokumet-sahib-cixsin-bahara\\\/\",\"url\":\"https:\\\/\\\/www.meydan.tv\\\/az\\\/article\\\/hokumet-sahib-cixsin-bahara\\\/\",\"name\":\"''H\u00f6kum\u0259t sahib \u00e7\u0131xs\u0131n Bahara...'' - MEYDAN.TV\",\"isPartOf\":{\"@id\":\"https:\\\/\\\/www.meydan.tv\\\/az\\\/#website\"},\"primaryImageOfPage\":{\"@id\":\"https:\\\/\\\/www.meydan.tv\\\/az\\\/article\\\/hokumet-sahib-cixsin-bahara\\\/#primaryimage\"},\"image\":{\"@id\":\"https:\\\/\\\/www.meydan.tv\\\/az\\\/article\\\/hokumet-sahib-cixsin-bahara\\\/#primaryimage\"},\"thumbnailUrl\":\"https:\\\/\\\/www.meydan.tv\\\/wp-content\\\/uploads\\\/image_from_ios_4_psiuvdn.jpg\",\"datePublished\":\"2019-04-10T13:44:57+00:00\",\"breadcrumb\":{\"@id\":\"https:\\\/\\\/www.meydan.tv\\\/az\\\/article\\\/hokumet-sahib-cixsin-bahara\\\/#breadcrumb\"},\"inLanguage\":\"az\",\"potentialAction\":[{\"@type\":\"ReadAction\",\"target\":[\"https:\\\/\\\/www.meydan.tv\\\/az\\\/article\\\/hokumet-sahib-cixsin-bahara\\\/\"]}]},{\"@type\":\"ImageObject\",\"inLanguage\":\"az\",\"@id\":\"https:\\\/\\\/www.meydan.tv\\\/az\\\/article\\\/hokumet-sahib-cixsin-bahara\\\/#primaryimage\",\"url\":\"https:\\\/\\\/www.meydan.tv\\\/wp-content\\\/uploads\\\/image_from_ios_4_psiuvdn.jpg\",\"contentUrl\":\"https:\\\/\\\/www.meydan.tv\\\/wp-content\\\/uploads\\\/image_from_ios_4_psiuvdn.jpg\",\"width\":1004,\"height\":750,\"caption\":\"Source: meydan tv\"},{\"@type\":\"BreadcrumbList\",\"@id\":\"https:\\\/\\\/www.meydan.tv\\\/az\\\/article\\\/hokumet-sahib-cixsin-bahara\\\/#breadcrumb\",\"itemListElement\":[{\"@type\":\"ListItem\",\"position\":1,\"name\":\"Ana s\u0259hif\u0259\",\"item\":\"https:\\\/\\\/www.meydan.tv\\\/az\\\/\"},{\"@type\":\"ListItem\",\"position\":2,\"name\":\"B\u00f6lg\u0259\",\"item\":\"https:\\\/\\\/www.meydan.tv\\\/az\\\/section\\\/bolge\\\/\"},{\"@type\":\"ListItem\",\"position\":3,\"name\":\"&#8221;H\u00f6kum\u0259t sahib \u00e7\u0131xs\u0131n Bahara&#8230;&#8221;\"}]},{\"@type\":\"WebSite\",\"@id\":\"https:\\\/\\\/www.meydan.tv\\\/az\\\/#website\",\"url\":\"https:\\\/\\\/www.meydan.tv\\\/az\\\/\",\"name\":\"MEYDAN.TV\",\"description\":\"Meydan TV Az\u0259rbaycan\u0131n media m\u0259kan\u0131ndak\u0131 alternativ s\u0259sidir\",\"publisher\":{\"@id\":\"https:\\\/\\\/www.meydan.tv\\\/az\\\/#organization\"},\"potentialAction\":[{\"@type\":\"SearchAction\",\"target\":{\"@type\":\"EntryPoint\",\"urlTemplate\":\"https:\\\/\\\/www.meydan.tv\\\/az\\\/?s={search_term_string}\"},\"query-input\":{\"@type\":\"PropertyValueSpecification\",\"valueRequired\":true,\"valueName\":\"search_term_string\"}}],\"inLanguage\":\"az\"},{\"@type\":\"Organization\",\"@id\":\"https:\\\/\\\/www.meydan.tv\\\/az\\\/#organization\",\"name\":\"Meydan TV\",\"url\":\"https:\\\/\\\/www.meydan.tv\\\/az\\\/\",\"logo\":{\"@type\":\"ImageObject\",\"inLanguage\":\"az\",\"@id\":\"https:\\\/\\\/www.meydan.tv\\\/az\\\/#\\\/schema\\\/logo\\\/image\\\/\",\"url\":\"https:\\\/\\\/www.meydan.tv\\\/wp-content\\\/uploads\\\/2021\\\/07\\\/meydan-logo.svg\",\"contentUrl\":\"https:\\\/\\\/www.meydan.tv\\\/wp-content\\\/uploads\\\/2021\\\/07\\\/meydan-logo.svg\",\"width\":195,\"height\":46,\"caption\":\"Meydan TV\"},\"image\":{\"@id\":\"https:\\\/\\\/www.meydan.tv\\\/az\\\/#\\\/schema\\\/logo\\\/image\\\/\"}},{\"@type\":\"Person\",\"@id\":\"https:\\\/\\\/www.meydan.tv\\\/az\\\/#\\\/schema\\\/person\\\/10d11eccf6da3662cf5fdab9806ea91a\",\"name\":\"user-manager\"}]}<\/script>\n<!-- \/ Yoast SEO plugin. -->","yoast_head_json":{"title":"''H\u00f6kum\u0259t sahib \u00e7\u0131xs\u0131n Bahara...'' - MEYDAN.TV","robots":{"index":"index","follow":"follow","max-snippet":"max-snippet:-1","max-image-preview":"max-image-preview:large","max-video-preview":"max-video-preview:-1"},"canonical":"https:\/\/www.meydan.tv\/az\/article\/hokumet-sahib-cixsin-bahara\/","og_locale":"az_AZ","og_type":"article","og_title":"''H\u00f6kum\u0259t sahib \u00e7\u0131xs\u0131n Bahara...'' - MEYDAN.TV","og_description":"Siy\u0259z\u0259n Rayon \u0130cra Hakimiyy\u0259tind\u0259n Meydan TV-y\u0259 bildiribl\u0259r ki, v\u0259ziyy\u0259td\u0259n x\u0259b\u0259rsizdirl\u0259r, maraqlanacaqlar.","og_url":"https:\/\/www.meydan.tv\/az\/article\/hokumet-sahib-cixsin-bahara\/","og_site_name":"MEYDAN.TV","article_published_time":"2019-04-10T13:44:57+00:00","og_image":[{"width":1004,"height":750,"url":"https:\/\/www.meydan.tv\/wp-content\/uploads\/image_from_ios_4_psiuvdn.jpg","type":"image\/jpeg"}],"author":"user-manager","twitter_card":"summary_large_image","schema":{"@context":"https:\/\/schema.org","@graph":[{"@type":"Article","@id":"https:\/\/www.meydan.tv\/az\/article\/hokumet-sahib-cixsin-bahara\/#article","isPartOf":{"@id":"https:\/\/www.meydan.tv\/az\/article\/hokumet-sahib-cixsin-bahara\/"},"author":{"name":"user-manager","@id":"https:\/\/www.meydan.tv\/az\/#\/schema\/person\/10d11eccf6da3662cf5fdab9806ea91a"},"headline":"&#8221;H\u00f6kum\u0259t sahib \u00e7\u0131xs\u0131n Bahara&#8230;&#8221;","datePublished":"2019-04-10T13:44:57+00:00","mainEntityOfPage":{"@id":"https:\/\/www.meydan.tv\/az\/article\/hokumet-sahib-cixsin-bahara\/"},"wordCount":1077,"publisher":{"@id":"https:\/\/www.meydan.tv\/az\/#organization"},"image":{"@id":"https:\/\/www.meydan.tv\/az\/article\/hokumet-sahib-cixsin-bahara\/#primaryimage"},"thumbnailUrl":"https:\/\/www.meydan.tv\/wp-content\/uploads\/image_from_ios_4_psiuvdn.jpg","articleSection":["B\u00f6lg\u0259"],"inLanguage":"az"},{"@type":"WebPage","@id":"https:\/\/www.meydan.tv\/az\/article\/hokumet-sahib-cixsin-bahara\/","url":"https:\/\/www.meydan.tv\/az\/article\/hokumet-sahib-cixsin-bahara\/","name":"''H\u00f6kum\u0259t sahib \u00e7\u0131xs\u0131n Bahara...'' - MEYDAN.TV","isPartOf":{"@id":"https:\/\/www.meydan.tv\/az\/#website"},"primaryImageOfPage":{"@id":"https:\/\/www.meydan.tv\/az\/article\/hokumet-sahib-cixsin-bahara\/#primaryimage"},"image":{"@id":"https:\/\/www.meydan.tv\/az\/article\/hokumet-sahib-cixsin-bahara\/#primaryimage"},"thumbnailUrl":"https:\/\/www.meydan.tv\/wp-content\/uploads\/image_from_ios_4_psiuvdn.jpg","datePublished":"2019-04-10T13:44:57+00:00","breadcrumb":{"@id":"https:\/\/www.meydan.tv\/az\/article\/hokumet-sahib-cixsin-bahara\/#breadcrumb"},"inLanguage":"az","potentialAction":[{"@type":"ReadAction","target":["https:\/\/www.meydan.tv\/az\/article\/hokumet-sahib-cixsin-bahara\/"]}]},{"@type":"ImageObject","inLanguage":"az","@id":"https:\/\/www.meydan.tv\/az\/article\/hokumet-sahib-cixsin-bahara\/#primaryimage","url":"https:\/\/www.meydan.tv\/wp-content\/uploads\/image_from_ios_4_psiuvdn.jpg","contentUrl":"https:\/\/www.meydan.tv\/wp-content\/uploads\/image_from_ios_4_psiuvdn.jpg","width":1004,"height":750,"caption":"Source: meydan tv"},{"@type":"BreadcrumbList","@id":"https:\/\/www.meydan.tv\/az\/article\/hokumet-sahib-cixsin-bahara\/#breadcrumb","itemListElement":[{"@type":"ListItem","position":1,"name":"Ana s\u0259hif\u0259","item":"https:\/\/www.meydan.tv\/az\/"},{"@type":"ListItem","position":2,"name":"B\u00f6lg\u0259","item":"https:\/\/www.meydan.tv\/az\/section\/bolge\/"},{"@type":"ListItem","position":3,"name":"&#8221;H\u00f6kum\u0259t sahib \u00e7\u0131xs\u0131n Bahara&#8230;&#8221;"}]},{"@type":"WebSite","@id":"https:\/\/www.meydan.tv\/az\/#website","url":"https:\/\/www.meydan.tv\/az\/","name":"MEYDAN.TV","description":"Meydan TV Az\u0259rbaycan\u0131n media m\u0259kan\u0131ndak\u0131 alternativ s\u0259sidir","publisher":{"@id":"https:\/\/www.meydan.tv\/az\/#organization"},"potentialAction":[{"@type":"SearchAction","target":{"@type":"EntryPoint","urlTemplate":"https:\/\/www.meydan.tv\/az\/?s={search_term_string}"},"query-input":{"@type":"PropertyValueSpecification","valueRequired":true,"valueName":"search_term_string"}}],"inLanguage":"az"},{"@type":"Organization","@id":"https:\/\/www.meydan.tv\/az\/#organization","name":"Meydan TV","url":"https:\/\/www.meydan.tv\/az\/","logo":{"@type":"ImageObject","inLanguage":"az","@id":"https:\/\/www.meydan.tv\/az\/#\/schema\/logo\/image\/","url":"https:\/\/www.meydan.tv\/wp-content\/uploads\/2021\/07\/meydan-logo.svg","contentUrl":"https:\/\/www.meydan.tv\/wp-content\/uploads\/2021\/07\/meydan-logo.svg","width":195,"height":46,"caption":"Meydan TV"},"image":{"@id":"https:\/\/www.meydan.tv\/az\/#\/schema\/logo\/image\/"}},{"@type":"Person","@id":"https:\/\/www.meydan.tv\/az\/#\/schema\/person\/10d11eccf6da3662cf5fdab9806ea91a","name":"user-manager"}]}},"_links":{"self":[{"href":"https:\/\/www.meydan.tv\/az\/wp-json\/wp\/v2\/posts\/194878","targetHints":{"allow":["GET"]}}],"collection":[{"href":"https:\/\/www.meydan.tv\/az\/wp-json\/wp\/v2\/posts"}],"about":[{"href":"https:\/\/www.meydan.tv\/az\/wp-json\/wp\/v2\/types\/post"}],"author":[{"embeddable":true,"href":"https:\/\/www.meydan.tv\/az\/wp-json\/wp\/v2\/users\/11"}],"replies":[{"embeddable":true,"href":"https:\/\/www.meydan.tv\/az\/wp-json\/wp\/v2\/comments?post=194878"}],"version-history":[{"count":0,"href":"https:\/\/www.meydan.tv\/az\/wp-json\/wp\/v2\/posts\/194878\/revisions"}],"wp:featuredmedia":[{"embeddable":true,"href":"https:\/\/www.meydan.tv\/az\/wp-json\/wp\/v2\/media\/121707"}],"wp:attachment":[{"href":"https:\/\/www.meydan.tv\/az\/wp-json\/wp\/v2\/media?parent=194878"}],"wp:term":[{"taxonomy":"category","embeddable":true,"href":"https:\/\/www.meydan.tv\/az\/wp-json\/wp\/v2\/categories?post=194878"},{"taxonomy":"post_tag","embeddable":true,"href":"https:\/\/www.meydan.tv\/az\/wp-json\/wp\/v2\/tags?post=194878"}],"curies":[{"name":"wp","href":"https:\/\/api.w.org\/{rel}","templated":true}]}}