{"id":194872,"date":"2019-04-10T09:41:07","date_gmt":"2019-04-10T09:41:07","guid":{"rendered":"https:\/\/www.meydan.tv\/article\/elina-olmemisden-evvel-yazmisdi-ki-men-size-lazim-deyildim-qebrimin-ustune-gelmeyin\/"},"modified":"2019-04-10T09:41:07","modified_gmt":"2019-04-10T09:41:07","slug":"elina-olmemisden-evvel-yazmisdi-ki-men-size-lazim-deyildim-qebrimin-ustune-gelmeyin","status":"publish","type":"post","link":"https:\/\/www.meydan.tv\/az\/article\/elina-olmemisden-evvel-yazmisdi-ki-men-size-lazim-deyildim-qebrimin-ustune-gelmeyin\/","title":{"rendered":"&#8221;Elina \u00f6lm\u0259mi\u015fd\u0259n \u0259vv\u0259l yazm\u0131\u015fd\u0131 ki, m\u0259n siz\u0259 laz\u0131m deyildim, q\u0259brimin \u00fcst\u00fcn\u0259 g\u0259lm\u0259yin&#8221;"},"content":{"rendered":"<figure class=\"wp-block-embed is-type-video is-provider-youtube wp-block-embed-youtube wp-embed-aspect-16-9 wp-has-aspect-ratio\">\n<div class=\"wp-block-embed__wrapper\">\n    <iframe\ttitle=\"Redaksiyadan d\u00fcz\u0259li\u015f: Videoda yay\u0131mlanan direktora m\u0259xsus olan s\u0259s yaz\u0131s\u0131 m\u00f6vqe.az sayt\u0131na m\u0259xsusdur. Texniki x\u0259ta n\u0259tic\u0259sind\u0259 sayta istinad verilm\u0259yib. \u018fvv\u0259lc\u0259d\u0259n \u00fczr ist\u0259yirik.\ufeff\" width=\"1200\" height=\"675\" data-src=\"https:\/\/www.youtube.com\/embed\/62aIE2dvwCA\"\tframeborder=\"0\"\tallow=\"accelerometer; autoplay; clipboard-write; encrypted-media; gyroscope; picture-in-picture\" allowfullscreen src=\"data:image\/svg+xml;base64,PHN2ZyB3aWR0aD0iMSIgaGVpZ2h0PSIxIiB4bWxucz0iaHR0cDovL3d3dy53My5vcmcvMjAwMC9zdmciPjwvc3ZnPg==\" class=\"lazyload\" data-load-mode=\"1\"><\/iframe>\n  <\/div><figcaption>\n    Redaksiyadan d\u00fcz\u0259li\u015f: Videoda yay\u0131mlanan direktora m\u0259xsus olan s\u0259s yaz\u0131s\u0131 m\u00f6vqe.az sayt\u0131na m\u0259xsusdur. Texniki x\u0259ta n\u0259tic\u0259sind\u0259 sayta istinad verilm\u0259yib. \u018fvv\u0259lc\u0259d\u0259n \u00fczr ist\u0259yirik.\ufeff<br \/>\n  <\/figcaption><\/figure>\n<p>\n  <b><br \/>\n    <i><br \/>\n      162 sayl\u0131 orta m\u0259kt\u0259bin rus b\u00f6lm\u0259sinin intihar etmi\u015f 8-ci sinif \u015fagirdnin ba\u015f\u0131na g\u0259l\u0259nl\u0259r&#8230;<br \/>\n    <\/i><br \/>\n  <\/b>\n<\/p>\n<p>\n  \u201cQ\u0259brimin \u00fcst\u00fcn\u0259 g\u0259lm\u0259yin, m\u0259ni sa\u011f olanda \u00e7ox ist\u0259y\u0259rdiz. \u00d6l\u0259nd\u0259n sonra m\u0259ni ist\u0259m\u0259yiniz laz\u0131m deyil. M\u0259n siz\u0259 laz\u0131m deyildim, q\u0259brimin \u00fcst\u00fcn\u0259 g\u0259lm\u0259yin\u201d.\n<\/p>\n<p>\n  Bu s\u00f6zl\u0259ri d\u0259ft\u0259rinin bir k\u00fcnc\u00fcn\u0259 aprelin 4-d\u0259 162 sayl\u0131 m\u0259kt\u0259bin 8-ci sinif \u015fagirdi, Elina Hac\u0131yeva yaz\u0131b. \u00d6z\u00fcn\u00fc h\u0259min m\u0259kt\u0259bin \u00fc\u00e7\u00fcnc\u00fc m\u0259rt\u0259b\u0259sind\u0259n atmam\u0131\u015fdan bir ne\u00e7\u0259 d\u0259qiq\u0259 \u0259vv\u0259l&#8230;\n<\/p>\n<p>\n  15 ya\u015f\u0131n\u0131n tamam\u0131na iki ay qalm\u0131\u015fd\u0131 Elinan\u0131n. Ancaq bu q\u0131sa h\u0259yat\u0131n\u0131n \u00e7ox uzun hekay\u0259ti oldu&#8230;\n<\/p>\n<p>\n  Sinif\u0259 t\u0259r\u0259f bax\u0131r, sonra p\u0259nc\u0259r\u0259nin k\u0259nar\u0131na \u00e7\u0131x\u0131r v\u0259&#8230;\n<\/p>\n<p>\n  M\u00fc\u015fahid\u0259 kameralar\u0131n\u0131n yadda\u015f\u0131ndan goturul\u0259n videogoruntul\u0259r var&#8230; Sinif ota\u011f\u0131nda, parta arxas\u0131ndad\u0131r, \u0259trafdak\u0131 partalar\u0131n arxas\u0131nda sinif yolda\u015flar\u0131 oturub. D\u0259ft\u0259ri a\u00e7\u0131r, v\u0259r\u0259q\u0259 n\u0259s\u0259 yaz\u0131r (sonradan ora yazd\u0131qlar\u0131 n\u0259dir, bunu da ham\u0131 bil\u0259c\u0259k). Sonra \u00e7antas\u0131n\u0131 qucaqlay\u0131b bir ne\u00e7\u0259 d\u0259qiq\u0259 bu v\u0259ziyy\u0259td\u0259 oturur. T\u0259n\u0259ff\u00fcs z\u0259ngi \u00e7al\u0131n\u0131r, sonra Elina \u00e7antas\u0131n\u0131 partan\u0131n \u00fcst\u00fcn\u0259 burax\u0131b sinif ota\u011f\u0131ndan \u00e7\u0131x\u0131r. Uzun, dar\u0131sqal d\u0259hlizin ortas\u0131na kimi yeriyir, p\u0259nc\u0259r\u0259nin qar\u015f\u0131s\u0131nda dayan\u0131r, \u0259yilib corablar\u0131n\u0131 d\u00fcz\u0259ldir, (halbuki, corablar\u0131 s\u0259liq\u0259li idi), sinif\u0259 t\u0259r\u0259f bax\u0131r, sonra p\u0259nc\u0259r\u0259nin k\u0259nar\u0131na \u00e7\u0131x\u0131r, sonra da&#8230;. H\u0259min vaxt d\u0259hlizd\u0259 g\u0259zi\u015f\u0259n yuxar\u0131 sinif \u015fagirdl\u0259ri p\u0259nc\u0259r\u0259y\u0259 t\u0259r\u0259f qa\u00e7\u0131rlar, \u0259yilib a\u015fa\u011f\u0131 bax\u0131rlar&#8230;\n<\/p>\n<p>\n  Buna q\u0259d\u0259rs\u0259 \u0259l boyda u\u015fa\u011fa olan basq\u0131lar, asa\u011f\u0131lamalar&#8230; M\u00fcdafi\u0259siz, \u00e7ar\u0259siz, \u00f6z g\u0259l\u0259c\u0259yi il\u0259 ba\u011fl\u0131 \u00e7oxlu arzular\u0131, planlar\u0131 olan Elina&#8230;\n<\/p>\n<p>\n  <b><br \/>\n    <i><br \/>\n      S\u0259ssiz-s\u0259mirsiz ev, fotodan boylanan q\u0131zc\u0131\u011faz&#8230;<br \/>\n    <\/i><br \/>\n  <\/b>\n<\/p>\n<p>\n  Yasamalda, \u201cXru\u015fovka\u201d layih\u0259li evin 5-ci m\u0259rt\u0259b\u0259sind\u0259, Elinan\u0131n ail\u0259sinin kiray\u0259 qald\u0131\u011f\u0131 evd\u0259 sakitlikdir. Bu sakitlikd\u0259 masan\u0131n \u00fcst\u00fcnd\u0259 &#8211; yenic\u0259 \u00e7\u0259r\u00e7iv\u0259y\u0259 sal\u0131nm\u0131\u015f fotodan boylanan q\u0131zc\u0131\u011faz var. Baxmayaraq ki, az \u0259vv\u0259l Elinan\u0131 Zabratda d\u0259fn etmi\u015fdil\u0259r v\u0259 yolboyu adamda o t\u0259\u0259ss\u00fcrat yanan\u0131rd\u0131, sanki evd\u0259 bir q\u0259l\u0259b\u0259likl\u0259 rastla\u015faca\u011f\u0131q, otaqlar dolu, ba\u015fsa\u011fl\u0131\u011f\u0131na g\u0259l\u0259n kim, bu balaca q\u0131zc\u0131\u011faz \u00fc\u00e7\u00fcn g\u00f6z ya\u015f\u0131 t\u00f6k\u0259n kim&#8230;\n<\/p>\n<p>\n  Elinan\u0131n anas\u0131 Sevil H\u00fcseynovaya \u00fcnvanlanan ilk sual\u0131m\u0131z da bununla ba\u011fl\u0131 olur. Deyir, qohumlarla yax\u0131n m\u00fcnasib\u0259tl\u0259ri yoxdur. Adda-budda z\u0259ng ed\u0259nl\u0259r olur, bizd\u0259n \u0259vv\u0259l ba\u015fsa\u011fl\u0131\u011f\u0131na g\u0259lib-ged\u0259n bir ne\u00e7\u0259 n\u0259f\u0259r olub. Y\u0259ni, ail\u0259 qohum-\u0259qr\u0259baya a\u00e7\u0131q deyil. Elina Sevil xan\u0131m\u0131n birinci izdivac\u0131ndan d\u00fcnyaya g\u0259lib. 6 ayl\u0131q olanda valideynl\u0259ri bo\u015fan\u0131b. Sonradan Sevil xan\u0131m ikinci d\u0259f\u0259 ail\u0259 qurub, bu izdivacdan da iki k\u00f6rp\u0259 u\u015fa\u011f\u0131 var. Sevil H\u00fcseynova deyir, atal\u0131\u011f\u0131 Elinaya yax\u015f\u0131 bax\u0131b, dig\u0259r u\u015faqlardan ay\u0131rmay\u0131b.\n<\/p>\n<p>\n  Elina Hac\u0131yeva 1-ci sinif\u0259 49 sayl\u0131 m\u0259kt\u0259b\u0259 gedib. 3 il orada oxuyub. H\u0259min m\u0259kt\u0259bin rus b\u00f6lm\u0259si ba\u011flananda, bu b\u00f6lm\u0259nin \u015fagirdl\u0259ri az\u0259rbaycandilli b\u00f6lm\u0259l\u0259r aras\u0131nda b\u00f6l\u00fc\u015fd\u00fcr\u00fcl\u0259nd\u0259 valideynl\u0259ri Elinan\u0131 ba\u015fqa m\u0259kt\u0259b\u0259 ke\u00e7irm\u0259li olublar. 4-c\u00fc sinifd\u0259n ba\u015flayaraq q\u0131zc\u0131\u011faz Bay\u0131l\u0131n gir\u0259c\u0259yind\u0259ki 203 sayl\u0131 m\u0259kt\u0259b\u0259 getm\u0259y\u0259 ba\u015flay\u0131b. Ancaq evd\u0259 daha bir azya\u015fl\u0131 bac\u0131s\u0131n\u0131n varl\u0131\u011f\u0131, \u00fcst\u0259lik, anas\u0131n\u0131n da hamil\u0259 olmas\u0131 Elinan\u0131n n\u00f6vb\u0259ti d\u0259f\u0259 m\u0259kt\u0259bd\u0259n ayr\u0131lmas\u0131na s\u0259b\u0259b olub. O, 5-ci sinif\u0259 evin yax\u0131nl\u0131\u011f\u0131ndak\u0131 162 sayl\u0131 m\u0259kt\u0259bd\u0259 ba\u015flay\u0131b.\n<\/p>\n<p>\n  <b><br \/>\n    <i><br \/>\n      \u201cH\u0259r g\u00fcn ev\u0259 dilxor g\u0259lirdi\u201d<br \/>\n    <\/i><br \/>\n  <\/b>\n<\/p>\n<p>\n  N\u0259n\u0259si dan\u0131\u015f\u0131r ki, el\u0259 ilk g\u00fcnl\u0259rd\u0259n Elina sinif\u0259 adaptasiya ola bilm\u0259yib:\n<\/p>\n<p>\n  \u201cM\u0259kt\u0259b\u0259 getdiyi ilk aylardan probleml\u0259ri ba\u015flad\u0131. \u018fvv\u0259lc\u0259 onunla eyni sinifd\u0259 oxuyan bir q\u0131z Elinaya \u00e7ox sata\u015f\u0131rd\u0131, a\u015fa\u011f\u0131lay\u0131rd\u0131. Elina g\u0259lib bunu evd\u0259 dey\u0259nd\u0259 m\u0259n \u00f6z\u00fcm m\u0259kt\u0259b\u0259 getdim, direktorla g\u00f6r\u00fc\u015fd\u00fcm, dedi ki, o u\u015fa\u011f\u0131n n\u0259n\u0259si bizim i\u015f\u00e7imizdir, m\u0259n o u\u015fa\u011f\u0131n x\u0259trin\u0259 d\u0259y\u0259 bilm\u0259r\u0259m. Bunun n\u0259tic\u0259sind\u0259 o biri u\u015faqlar da Elinaya qar\u015f\u0131 el\u0259 bil, \u201cbirl\u0259\u015fdil\u0259r\u201d. Elina h\u0259r g\u00fcn d\u0259rsd\u0259n dilxor g\u0259lirdi, h\u0259r g\u00fcn deyirdi ki, \u201cm\u0259ni \u00f6z m\u0259kt\u0259bim\u0259 qaytar\u0131n, m\u0259n bu m\u0259kt\u0259b\u0259 getm\u0259k ist\u0259mir\u0259m, u\u015faqlar m\u0259niml\u0259 yola getmirl\u0259r\u201d. H\u0259tta biz Elinan\u0131 g\u00f6t\u00fcr\u00fcb 203 sayl\u0131 m\u0259kt\u0259b\u0259 d\u0259 getdik. Direktor dedi: \u201cG\u00f6t\u00fcr\u0259 bilm\u0259r\u0259m, 162 sayl\u0131 m\u0259kt\u0259bin u\u015faqlar\u0131 t\u0259rbiy\u0259siz, v\u0259h\u015fi, \u201cikialan\u201dd\u0131r, m\u0259n ordan m\u0259kt\u0259bim\u0259 u\u015faq q\u0259bul el\u0259mir\u0259m\u201d. Biz bu il d\u0259 bir ne\u00e7\u0259 d\u0259f\u0259 h\u0259min m\u0259kt\u0259bin direktoruna m\u00fcraci\u0259t el\u0259dik, u\u015fa\u011f\u0131 geri q\u0259bul el\u0259m\u0259di\u201d.\n<\/p>\n<p>\n  Elinan\u0131n anas\u0131 v\u0259 n\u0259n\u0259si dan\u0131\u015f\u0131r ki, 162 sayl\u0131 m\u0259kt\u0259bd\u0259 n\u0259zar\u0259tsizlik h\u00f6km s\u00fcr\u00fcb:\n<\/p>\n<p>\n  \u201cYuxar\u0131 sinifd\u0259 oxuyan o\u011flanlar, bir d\u0259 h\u0259min m\u0259kt\u0259bin qon\u015fulu\u011funda yerl\u0259\u015f\u0259n 59 sayl\u0131 m\u0259kt\u0259bin yuxar\u0131 sinif \u015fagirdl\u0259ri \u00e7ox n\u0259zar\u0259tsizdil\u0259r. Dig\u0259r n\u0259v\u0259m Diana Elinayla bir sinifd\u0259 oxuyurdu. Bir g\u00fcn x\u0259b\u0259r tutduq ki, Diana yuxar\u0131 sinif u\u015faqlar\u0131yla \u201cTorqov\u0131\u201dya gedir, orda \u201cqorxulu ev\u201d \u0259yl\u0259nc\u0259 evi var, s\u0259n dem\u0259, m\u0259kt\u0259bin u\u015faqlar\u0131 dadan\u0131b ora&#8230; Hadis\u0259d\u0259n \u0259vv\u0259l Elina bir ne\u00e7\u0259 g\u00fcn evd\u0259n \u00e7\u0131x\u0131b, ancaq m\u0259kt\u0259b\u0259 getm\u0259yib, \u00fcst\u0259lik, tez-tez m\u0259kt\u0259bd\u0259n vaxt\u0131ndan tez \u00e7\u0131x\u0131rm\u0131\u015f. Birc\u0259 d\u0259f\u0259 d\u0259 olsun m\u00fc\u0259lliml\u0259ri biz\u0259 bu bar\u0259d\u0259 bildirm\u0259yib\u201d.\n<\/p>\n<p>\n  <b><br \/>\n    <i><br \/>\n      Elinan\u0131n m\u00fcdafi\u0259\u00e7isi Diana&#8230;<br \/>\n    <\/i><br \/>\n  <\/b>\n<\/p>\n<p>\n  Elinan\u0131n xalas\u0131 q\u0131z\u0131 Diana Hac\u0131yeva onunla eyni sinifd\u0259 oxuyub. Dan\u0131\u015f\u0131r ki, o, m\u0259kt\u0259bd\u0259 Elinan\u0131 tez-tez m\u00fcdafi\u0259 etm\u0259s\u0259ydi, ona daha \u00e7\u0259tin olard\u0131:\n<\/p>\n<p>\n  \u201cU\u015faqlar m\u0259kt\u0259b\u0259 s\u0131r\u011fa, qolbaq, boyunba\u011f\u0131 tax\u0131b g\u0259lirl\u0259r, d\u0131rnaqlar\u0131n\u0131 boyay\u0131rlar, sa\u00e7lar\u0131n\u0131 boyay\u0131rlar, ist\u0259dikl\u0259ri kimi geyinirl\u0259r, m\u0259n \u00f6z\u00fcm d\u0259 bunlar\u0131 edir\u0259m, he\u00e7 bir m\u00fc\u0259llim n\u0259 m\u0259n\u0259, n\u0259 d\u0259 ba\u015fqa u\u015faqlara bunu irad tutmur. Ancaq Elina qula\u011f\u0131na s\u0131r\u011fa taxan kimi m\u00fc\u0259lliml\u0259r onu l\u00f6vh\u0259nin qar\u015f\u0131s\u0131na \u00e7\u0131xar\u0131b danlay\u0131rd\u0131. Elina \u00e7ox h\u0259ssas idi, a\u011flay\u0131rd\u0131, a\u011flay\u0131rd\u0131&#8230; U\u015faqlar ona g\u00fcl\u00fcrd\u00fc&#8230; M\u0259n u\u015faqlarla dala\u015f\u0131rd\u0131m. Bir d\u0259f\u0259 bir q\u0131z kapron qabdak\u0131 suyu b\u00fct\u00fcn sinif yolda\u015flar\u0131n\u0131n yan\u0131nda Elinan\u0131n ba\u015f\u0131na t\u00f6km\u00fc\u015fd\u00fc. B\u00fct\u00fcn qab\u0131 Elinan\u0131n ba\u015f\u0131na bo\u015faltm\u0131\u015fd\u0131. U\u015faqlar da Elinan\u0131n bu v\u0259ziyy\u0259tin\u0259 g\u00fclm\u00fc\u015fd\u00fcl\u0259r. Bu, Elinaya \u00e7ox pis t\u0259sir etmi\u015fdi, a\u011flam\u0131\u015fd\u0131. Elina gedib sinif r\u0259hb\u0259ri \u00c7imnaz Hac\u0131yevaya \u015fikay\u0259t el\u0259s\u0259 d\u0259, m\u00fc\u0259llim\u0259 \u00fcst\u00fcn\u0259 ac\u0131qlanm\u0131\u015fd\u0131, demi\u015fdi, y\u0259qin bir t\u0259qsirin olub, c\u0259zaland\u0131r\u0131blar. H\u0259min vaxt m\u0259n m\u0259kt\u0259bd\u0259 olmam\u0131\u015fd\u0131m. M\u0259n bunu e\u015fid\u0259nd\u0259 q\u0131z\u0131 g\u00fcdd\u00fcm, getdim, yem\u0259kxanadan bir \u015f\u00fc\u015f\u0259 su ald\u0131m, dart\u0131b apard\u0131m onu u\u015faqlar\u0131n aras\u0131na, ham\u0131n\u0131n i\u00e7ind\u0259 bir \u201cbut\u0131lka\u201d suyu q\u0131z\u0131n ba\u015f\u0131na t\u00f6kd\u00fcm, b\u00fct\u00fcn u\u015faqlar da ona g\u00fcld\u00fc\u201d.\n<\/p>\n<p>\n  Diana ba\u015fqa m\u0259s\u0259l\u0259l\u0259rd\u0259n d\u0259 dan\u0131\u015f\u0131r. Deyir, son vaxtlar Elinan\u0131n bir o\u011flan dostu da peyda olubmu\u015f:\n<\/p>\n<p>\n  \u201c59 sayl\u0131 m\u0259kt\u0259bd\u0259 Cahad ad\u0131nda o\u011flan oxuyur, 16 ya\u015f\u0131 var. Tez-tez m\u0259kt\u0259bimiz\u0259 g\u0259lirdi. Elina \u00f6lm\u0259mi\u015fd\u0259n iki ay \u0259vv\u0259l tan\u0131\u015f olmu\u015fdular. Bunu m\u00fc\u0259lliml\u0259r d\u0259 bilirdi. M\u0259nd\u0259 15 ya\u015f tamam olub, Elinada h\u0259l\u0259 olacaq. M\u0259n ondan b\u00f6y\u00fck idim dey\u0259, onu t\u0259k buraxm\u0131rd\u0131m. Bir d\u0259f\u0259 o\u011flan Elinan\u0131 \u00e7a\u011f\u0131rd\u0131, onu m\u0259nd\u0259n uzaqla\u015fd\u0131rmaq, \u00f6z\u00fc il\u0259 aparmaq ist\u0259di, m\u0259n onlar\u0131 g\u00fcdd\u00fcm, g\u00f6rd\u00fcm ki, o\u011flan\u0131n \u0259lind\u0259 b\u00fck\u00fcl\u00fc var, a\u00e7d\u0131, Elinaya g\u00f6st\u0259rdi, t\u0259klif el\u0259di. Elina o\u011flan\u0131 it\u0259l\u0259yib m\u0259n\u0259 t\u0259r\u0259f qa\u00e7d\u0131, dedi, burdan tez ged\u0259k, o, m\u0259n\u0259 marixuana verm\u0259k ist\u0259yir. O o\u011flan Elinaya demi\u015fdi ki, \u201ctramal\u201d d\u0259rman\u0131 i\u00e7ir. Marixuana s\u00f6hb\u0259tind\u0259n sonra ayr\u0131ld\u0131lar. Ancaq \u00f6l\u0259n\u0259 yax\u0131n Elina dedi ki, o\u011flanla yen\u0259 bar\u0131\u015f\u0131b. Elina \u00f6z\u00fcn\u00fc atmam\u0131\u015fdan \u0259vv\u0259l z\u0259ng el\u0259di, dedi ki, m\u0259n\u0259 vacib s\u00f6z\u00fc var, m\u0259ns\u0259 bildirdim ki, anam evd\u0259 qap\u0131n\u0131 \u00fcz\u00fcm\u0259 ba\u011flay\u0131b gedib, sabah g\u00f6r\u00fc\u015f\u0259rik. Sabah\u0131 g\u00fcn m\u0259kt\u0259b\u0259 getm\u0259mi\u015fdim, g\u00fcnortaya yax\u0131n anam dedi ki, Elina m\u0259kt\u0259bd\u0259 y\u0131x\u0131l\u0131b. Anam m\u0259n\u0259 onu dey\u0259nd\u0259 bildim ki, o, y\u0131x\u0131lmay\u0131b, \u00f6z\u00fcn\u00fc at\u0131b. \u00c7\u00fcnki \u00f6z\u00fcn\u00fc \u00f6ld\u00fcrm\u0259k ist\u0259diyini tez-tez deyirdi. Deyirdi, m\u0259ni he\u00e7 k\u0259s \u00e7ox ist\u0259mir, ham\u0131 m\u0259ni t\u0259hqir el\u0259yir\u201d.\n<\/p>\n<p>\n  Diana onu da deyir ki, bir d\u0259f\u0259 yuxar\u0131 sinifd\u0259 oxuyan bir o\u011flan m\u0259kt\u0259bin d\u0259hlizind\u0259 Elinan\u0131n boyrund\u0259n \u00f6t\u00fcb ke\u00e7\u0259nd\u0259 yan\u0131na \u015fill\u0259 ilisdirib. Bir d\u0259f\u0259 is\u0259 m\u0259kt\u0259b yolda\u015flar\u0131 t\u0259n\u0259ff\u00fcs vaxt\u0131 Elinan\u0131 o d\u0259r\u0259c\u0259y\u0259 \u00e7atd\u0131r\u0131b ki, q\u0131z yer\u0259 y\u0131x\u0131l\u0131b, \u00f6z\u00fcn\u00fc d\u00f6y\u00fcb, \u00f6z sa\u00e7lar\u0131n\u0131 yolub, u\u015faqlar onu d\u00f6vr\u0259y\u0259 al\u0131b, \u201cd\u0259li\u201d deyib, g\u00fcl\u00fcbl\u0259r&#8230;\n<\/p>\n<p>\n  <b><br \/>\n    <i><br \/>\n      \u201cH\u0259kiml\u0259r qa\u00e7d\u0131\u201d<br \/>\n    <\/i><br \/>\n  <\/b>\n<\/p>\n<p>\n  Elinan\u0131n ail\u0259 \u00fczvl\u0259ri dan\u0131\u015f\u0131r ki, hadis\u0259 bar\u0259d\u0259 ilk x\u0259b\u0259ri S\u0259bail Rayon Polis \u0130dar\u0259sinin P\u0259rvan\u0259 adl\u0131 \u0259m\u0259kda\u015f\u0131ndan al\u0131blar. Anas\u0131 Sevil H\u00fcseynova dan\u0131\u015f\u0131r:\n<\/p>\n<p>\n  \u201cM\u0259n\u0259 z\u0259ng el\u0259di, dedi, Elina m\u0259kt\u0259bd\u0259 p\u0259nc\u0259r\u0259d\u0259n y\u0131x\u0131l\u0131b, x\u0259st\u0259xanaya apar\u0131blar. M\u0259n tez birinci yolda\u015f\u0131ma &#8211; Elinan\u0131n atas\u0131na z\u0259ng vurdum. Biz x\u0259st\u0259xanaya \u00e7atanda h\u0259l\u0259 polis d\u0259 g\u0259lm\u0259mi\u015fdi. Atas\u0131 102-y\u0259 z\u0259ng vurandan sonra polisl\u0259r g\u0259ldi. Elinan\u0131 \u201cSema\u015fko\u201dnun travmatologiya \u015f\u00f6b\u0259sinin reanimasiya b\u00f6lm\u0259sin\u0259 aparm\u0131\u015fd\u0131lar. Sinif r\u0259hb\u0259ri \u00c7imnaz Hac\u0131yevan\u0131 reanimasiya \u015f\u00f6b\u0259sin\u0259 burax\u0131rd\u0131lar, ancaq bizi yox&#8230; Biz\u0259 sad\u0259c\u0259 \u00e7\u0131x\u0131b \u00e7\u00f6ld\u0259 m\u0259lumat verirdil\u0259r, deyirdil\u0259r ki, \u201cnarahat olmay\u0131n, v\u0259ziyy\u0259ti yax\u015f\u0131d\u0131r. Daxili orqanlar\u0131 yerind\u0259dir, z\u0259d\u0259l\u0259nm\u0259yib, b\u0259d\u0259nind\u0259 bir ne\u00e7\u0259 s\u0131n\u0131\u011f\u0131 var, tezlikl\u0259 palataya k\u00f6\u00e7\u00fcr\u00fcl\u0259c\u0259k\u201d. Yan\u0131na yaln\u0131z Tu\u015faq polisi P\u0259rvan\u0259 xan\u0131m\u0131, bir d\u0259 sinif r\u0259hb\u0259rini burax\u0131rd\u0131lar. N\u0259hay\u0259t, biz ay\u0131n 7-d\u0259 reanimasiya \u015f\u00f6b\u0259sinin qar\u015f\u0131s\u0131nda s\u0259s-k\u00fcy salandan sonra bir tibb bac\u0131s\u0131 qap\u0131n\u0131 a\u00e7d\u0131 v\u0259 onda \u00fcst\u00fc a\u00e7\u0131ld\u0131 ki, s\u0259n dem\u0259, Elina \u00e7oxdan ke\u00e7inib, \u00f6l\u00fcn\u00fc aparata qo\u015fub saxlay\u0131blar, bizi aldad\u0131rlar. H\u0259kiml\u0259r s\u0259s-k\u00fcy\u00fc e\u015fidib bildil\u0259r ki, h\u0259r \u015feyd\u0259n x\u0259b\u0259rimiz var, ham\u0131s\u0131 qa\u00e7d\u0131lar. Biri qa\u00e7anda ota\u011f\u0131n\u0131n \u00fcst\u00fcnd\u0259ki l\u00f6vh\u0259ni d\u0259 \u00e7\u0131xard\u0131b \u00f6z\u00fcyl\u0259 apard\u0131. Dedim, hara qa\u00e7\u0131rs\u0131z, g\u0259lin, cavab verin, u\u015faq \u00f6l\u00fcb, yalandan aparata ba\u011flam\u0131s\u0131z, bizd\u0259n d\u0259 gizl\u0259tmisiz\u201d.\n<\/p>\n<p>\n  <b><br \/>\n    <i><br \/>\n      \u201cAparat i\u015fl\u0259mirdi, Elina ke\u00e7inmi\u015fdi\u201d<br \/>\n    <\/i><br \/>\n  <\/b>\n<\/p>\n<p>\n  Ail\u0259 \u00fczvl\u0259ri dan\u0131\u015f\u0131r ki, Elina x\u0259st\u0259xanaya g\u00f6t\u00fcr\u00fcl\u0259nd\u0259 daxili orqanlar\u0131 z\u0259d\u0259siz olub. B\u0259d\u0259nin bir ne\u00e7\u0259 yerind\u0259 s\u0131n\u0131qlar varm\u0131\u015f. Bir ne\u00e7\u0259 saat sonra normal dan\u0131\u015f\u0131b.\n<\/p>\n<p>\n  Anas\u0131n\u0131n telefonunun yadda\u015f\u0131ndak\u0131 videogoruntul\u0259rin\u0259 bax\u0131r\u0131q, P\u0259rvan\u0259 adl\u0131 u\u015faq polisi soru\u015fur ki, Elina, n\u0259 ist\u0259yirs\u0259n? Elina deyir, he\u00e7 n\u0259, birc\u0259 onu ist\u0259yir\u0259m ki, m\u0259ni o m\u0259kt\u0259bd\u0259 saxlamas\u0131nlar, \u0259vv\u0259l oxudu\u011fum 203 sayl\u0131 m\u0259kt\u0259b\u0259 qaytars\u0131nlar. Ax\u0131rda da rusca bel\u0259 deyir: \u201cM\u0259n ancaq bunu ist\u0259yir\u0259m, v\u0259ssalam&quot;.\n<\/p>\n<p>\n  Yen\u0259 ail\u0259 \u00fczvl\u0259ri dan\u0131\u015f\u0131r:\n<\/p>\n<p>\n  \u201cH\u0259r il 203 sayl\u0131 m\u0259kt\u0259bin direktorunun yan\u0131na gedirdik, bu il d\u0259 getmi\u015fik. H\u0259r d\u0259f\u0259 deyirdik ki, bu u\u015faq getdiyi m\u0259kt\u0259b\u0259 adaptasiya ola bilmir, sinif yolda\u015flar\u0131 onu q\u0259bul etmir. Direktor deyirdi, 162 n\u00f6mr\u0259li m\u0259kt\u0259b pozgun m\u0259kt\u0259bdir, biz ordan g\u0259l\u0259n \u015fagirdl\u0259ri \u00f6z m\u0259kt\u0259bimiz\u0259 q\u0259bul etmirik. Elina \u00f6lm\u0259mi\u015fd\u0259n bir az \u0259vv\u0259l x\u0259st\u0259xanada da deyib ki, m\u0259nim t\u0259k ist\u0259diyim o m\u0259kt\u0259b\u0259 qaytar\u0131lmaqd\u0131r\u201d.\n<\/p>\n<p>\n  Ail\u0259 \u00fczvl\u0259ri deyir ki, Elina h\u0259m d\u0259 1 sayl\u0131 Kliniki Tibbi M\u0259rk\u0259zin (Sema\u015fko) h\u0259kiml\u0259rinin qurban\u0131 olub. Elina x\u0259st\u0259xanaya g\u00f6t\u00fcr\u00fcld\u00fckd\u0259n sonra reanimasiya \u015f\u00f6b\u0259sind\u0259 normal dan\u0131\u015f\u0131b, deyil\u0259nl\u0259ri qavray\u0131b, fikir bildirib. A\u011fr\u0131lar\u0131 yaln\u0131z s\u0131n\u0131\u011fa g\u00f6r\u0259 olub. \u00d6l\u00fcm\u00fcnd\u0259n bir g\u00fcn \u0259vv\u0259l ax\u015fam saatlar\u0131nda qab\u0131r\u011fas\u0131ndak\u0131 s\u0131n\u0131q dig\u0259r orqanlar\u0131 bas\u0131b, n\u0259tic\u0259d\u0259 beyin\u0259 oksigen n\u0259qli \u00e7\u0259tinl\u0259\u015fib. Elinan\u0131 oksigeni olmayan aparata qo\u015fublar. Ail\u0259 \u00fczvl\u0259ri iddia edir ki, Elina aprelin 7-d\u0259 g\u00fcnorta saatlar\u0131nda yox, aprelin 6-da ax\u015fam saatlar\u0131nda ke\u00e7inib.\n<\/p>\n<p>\n  \u201cBiz s\u0259s-k\u00fcy sal\u0131b reanimasiya \u015f\u00f6b\u0259sin\u0259 gir\u0259nd\u0259 g\u00f6rd\u00fck ki, Elinan\u0131n qo\u015fuldu\u011fu aparat i\u015fl\u0259mir, ancaq komp\u00fcterd\u0259 \u00fcr\u0259k d\u00f6y\u00fcnt\u00fcl\u0259ri g\u00f6r\u00fcn\u00fcr. Ba\u015fa d\u00fc\u015fd\u00fck ki, bu, f\u0131r\u0131ldaqd\u0131r. \u00c7\u00fcnki he\u00e7 komp\u00fcter \u00f6z\u00fc d\u0259 h\u0259min aparata ba\u011fl\u0131 deyildi. Y\u0259ni ekrandak\u0131 d\u00f6y\u00fcnt\u00fcl\u0259rin Elinayla \u0259laq\u0259si yox idi. Aparatdan oksigen g\u0259l\u0259n yer bo\u015f idi, \u015flanq\u0131 \u00e7\u0131xartm\u0131\u015fd\u0131lar. Bir h\u0259kim s\u0259simiz\u0259 g\u0259ldi, dedi, bu \u00f6l\u00fcb, \u0259l atd\u0131 ki, aparat\u0131 ay\u0131rs\u0131n, biz q\u0131\u015fq\u0131rd\u0131q, imkan verm\u0259dik. Dedik, bel\u0259 \u00f6zba\u015f\u0131nal\u0131q olar? S\u0259n kims\u0259n ki, \u00f6zba\u015f\u0131na aparatdan ay\u0131r\u0131rsan? Buran\u0131n bit yiy\u0259si var, ya yox?\u201d- anas\u0131 deyir.\n<\/p>\n<p>\n  <b><br \/>\n    <i><br \/>\n      \u0130ttihamlar, qarayaxmalar&#8230;<br \/>\n    <\/i><br \/>\n  <\/b>\n<\/p>\n<p>\n  R\u0259smi m\u0259lumata g\u00f6r\u0259, ba\u015f vermi\u015f hadis\u0259 il\u0259 ba\u011fl\u0131 cinay\u0259t i\u015fi a\u00e7\u0131l\u0131b, ara\u015fd\u0131rma apar\u0131l\u0131r. Yeniyetm\u0259nin \u00f6l\u00fcm\u00fc sosial \u015f\u0259b\u0259k\u0259l\u0259rin \u0259sas m\u00f6vzular\u0131ndan birin\u0259 \u00e7evrilib. T\u0259hsil Nazirliyinin m\u0259tbuat xidm\u0259tinin r\u0259hb\u0259ri C\u0259sar\u0259t Valehov Meydan TV-y\u0259 a\u00e7\u0131qlamas\u0131nda deyib ki, hadis\u0259 il\u0259 ba\u011fl\u0131 istintaq qrupu i\u015fl\u0259yir. Nazirlik s\u00f6z\u00e7\u00fcs\u00fc sosial \u015f\u0259b\u0259k\u0259l\u0259rd\u0259ki payla\u015f\u0131mlara yazd\u0131\u011f\u0131 \u015f\u0259rhl\u0259rd\u0259 is\u0259 diqq\u0259ti ail\u0259nin \u00fcz\u0259rin\u0259 \u00e7\u0259km\u0259y\u0259 \u00e7al\u0131\u015f\u0131r. El\u0259 Sevil H\u00fcseynova da deyir ki, iki k\u00f6rp\u0259 u\u015fa\u011f\u0131 oldu\u011fundan m\u0259kt\u0259b\u0259 bu il \u0259rzind\u0259 c\u0259mi iki d\u0259f\u0259 ged\u0259 bilib. Amma h\u0259r d\u0259f\u0259 q\u0131z\u0131 ev\u0259 dilxor qay\u0131danda sinif r\u0259hb\u0259rin\u0259 z\u0259ng edib n\u0259 ba\u015f verdiyi il\u0259 maraqlan\u0131b.\n<\/p>\n<p>\n  Sevil H\u00fcseynova q\u0131z\u0131n\u0131n cinsi oriyentasiyas\u0131na g\u00f6r\u0259 q\u0131na\u011fa tu\u015f g\u0259lm\u0259si il\u0259 ba\u011fl\u0131 deyil\u0259nl\u0259rl\u0259 raz\u0131la\u015fm\u0131r. O, bu bar\u0259d\u0259 internetd\u0259n oxudu\u011funu, he\u00e7 kim\u0259 bel\u0259 bir s\u00f6z dem\u0259diyini bildirir.\n<\/p>\n<p>\n  Aprelin 8-d\u0259 is\u0259 sosial \u015f\u0259b\u0259k\u0259l\u0259rd\u0259 m\u0259kt\u0259bin direktoru Sevinc Abbasovan\u0131n s\u0259s yaz\u0131s\u0131 yay\u0131l\u0131b. O, faci\u0259vi \u015f\u0259kild\u0259 h\u0259lak olmu\u015f \u015fagirdinin ail\u0259sini t\u0259hqir edib:\n<\/p>\n<p>\n  \u201cYaz\u0131n ki, poz\u011fun, u\u011fursuz ail\u0259nin u\u015fa\u011f\u0131 idi. Valideyn ikinci d\u0259f\u0259 \u0259r\u0259 gedib, balaca u\u015faqlar\u0131 var, bununla maraqlanm\u0131rd\u0131\u201d.\n<\/p>\n<p>\n  Bundan sonra Bak\u0131 \u015e\u0259h\u0259r T\u0259hsil \u0130dar\u0259si m\u0259lumat yayaraq bildirib ki, apar\u0131lan xidm\u0259ti ara\u015fd\u0131rma il\u0259 \u0259laq\u0259dar yaranm\u0131\u015f z\u0259rur\u0259ti n\u0259z\u0259r\u0259 alaraq, h\u0259r iki istiqam\u0259t \u00fczr\u0259 ara\u015fd\u0131rman\u0131n tam obyektivliyini t\u0259min etm\u0259k m\u0259qs\u0259dil\u0259 t\u0259hsil nazirinin 8 aprel 2019-cu il tarixli \u0259mri il\u0259 m\u0259kt\u0259bin direktoru Abbasova Sevinc Kamil q\u0131z\u0131 ara\u015fd\u0131rma m\u00fcdd\u0259tind\u0259 i\u015fd\u0259n k\u0259narla\u015fd\u0131r\u0131l\u0131b.\n<\/p>\n<p>\n  <b><br \/>\n    <i><br \/>\n      Dara\u011f\u0131, g\u00fczg\u00fcs\u00fc, \u0259tiri&#8230;<br \/>\n    <\/i><br \/>\n  <\/b>\n<\/p>\n<p>\n  Bel\u0259c\u0259, b\u00fct\u00fcn olanlar yeniyetm\u0259 Elinan\u0131 x\u0259st\u0259xana divarlar\u0131 aras\u0131ndan \u0259vv\u0259l \u201cmorq\u201da, ordan G\u00f6y m\u0259scid\u0259, ordansa m\u0259zarl\u0131\u011fa da\u015f\u0131d\u0131&#8230;\n<\/p>\n<p>\n  Diana Elinan\u0131n kosmetik \u0259\u015fyalar\u0131n\u0131, m\u0259kt\u0259b \u00e7antas\u0131n\u0131, dara\u011f\u0131n\u0131, g\u00fczg\u00fcs\u00fcn\u00fc, \u0259tirini, d\u0259ft\u0259r-kitablar\u0131n\u0131 bir-bir masan\u0131n \u00fcst\u00fcn\u0259 d\u00fcz\u00fcr. Deyir, ka\u015f o g\u00fcn m\u0259kt\u0259bd\u0259 olayd\u0131m. Ka\u015f ki, anam m\u0259ni evd\u0259 ba\u011flay\u0131b getm\u0259y\u0259ydi, bir g\u00fcn \u0259vv\u0259l Elinayla g\u00f6r\u00fc\u015f\u00fcb onu dinl\u0259y\u0259ydim. Deyir, Elina Koreya q\u0131zlar\u0131na b\u0259nz\u0259yirdi, sa\u00e7lar\u0131n\u0131 sevirdi, onlar\u0131 tez-tez boyama\u011f\u0131, f\u0259rqli g\u00f6r\u00fcnm\u0259yi xo\u015flay\u0131rd\u0131, \u00f6z\u00fcn\u0259 vur\u011fun, diqq\u0259t t\u0259l\u0259b ed\u0259n, d\u0259li-dolu, yetkinlik d\u00f6vr\u00fcn\u00fc maraql\u0131 ya\u015famaq ist\u0259y\u0259n bir q\u0131z idi. Bir g\u00fcn model, bir g\u00fcn dizayner arzusu il\u0259 ya\u015fay\u0131rd\u0131. Olmad\u0131&#8230;<\/p>\n","protected":false},"excerpt":{"rendered":"<p>162 sayl\u0131 orta m\u0259kt\u0259bin rus b\u00f6lm\u0259sinin intihar etmi\u015f 8-ci sinif \u015fagirdnin ba\u015f\u0131na g\u0259l\u0259nl\u0259r&#8230;<\/p>\n","protected":false},"author":11,"featured_media":121683,"comment_status":"closed","ping_status":"open","sticky":false,"template":"","format":"standard","meta":{"_acf_changed":false,"_sitemap_exclude":false,"_sitemap_priority":"","_sitemap_frequency":"","footnotes":""},"categories":[63],"tags":[],"class_list":["post-194872","post","type-post","status-publish","format-standard","has-post-thumbnail","hentry","category-video-2","infinite-scroll-item","generate-columns","tablet-grid-50","mobile-grid-100","grid-parent","grid-33","no-featured-image-padding"],"acf":[],"yoast_head":"<!-- This site is optimized with the Yoast SEO plugin v27.5 - https:\/\/yoast.com\/product\/yoast-seo-wordpress\/ -->\n<title>&#039;&#039;Elina \u00f6lm\u0259mi\u015fd\u0259n \u0259vv\u0259l yazm\u0131\u015fd\u0131 ki, m\u0259n siz\u0259 laz\u0131m deyildim, q\u0259brimin \u00fcst\u00fcn\u0259 g\u0259lm\u0259yin&#039;&#039; - MEYDAN.TV<\/title>\n<meta name=\"robots\" content=\"index, follow, max-snippet:-1, max-image-preview:large, max-video-preview:-1\" \/>\n<link rel=\"canonical\" href=\"https:\/\/www.meydan.tv\/az\/article\/elina-olmemisden-evvel-yazmisdi-ki-men-size-lazim-deyildim-qebrimin-ustune-gelmeyin\/\" \/>\n<meta property=\"og:locale\" content=\"az_AZ\" \/>\n<meta property=\"og:type\" content=\"article\" \/>\n<meta property=\"og:title\" content=\"&#039;&#039;Elina \u00f6lm\u0259mi\u015fd\u0259n \u0259vv\u0259l yazm\u0131\u015fd\u0131 ki, m\u0259n siz\u0259 laz\u0131m deyildim, q\u0259brimin \u00fcst\u00fcn\u0259 g\u0259lm\u0259yin&#039;&#039; - MEYDAN.TV\" \/>\n<meta property=\"og:description\" content=\"162 sayl\u0131 orta m\u0259kt\u0259bin rus b\u00f6lm\u0259sinin intihar etmi\u015f 8-ci sinif \u015fagirdnin ba\u015f\u0131na g\u0259l\u0259nl\u0259r...\" \/>\n<meta property=\"og:url\" content=\"https:\/\/www.meydan.tv\/az\/article\/elina-olmemisden-evvel-yazmisdi-ki-men-size-lazim-deyildim-qebrimin-ustune-gelmeyin\/\" \/>\n<meta property=\"og:site_name\" content=\"MEYDAN.TV\" \/>\n<meta property=\"article:published_time\" content=\"2019-04-10T09:41:07+00:00\" \/>\n<meta property=\"og:image\" content=\"https:\/\/www.meydan.tv\/wp-content\/uploads\/4b5c21aa-b272-4138-a4a2-ef672960c63a-scaled.jpeg\" \/>\n\t<meta property=\"og:image:width\" content=\"2560\" \/>\n\t<meta property=\"og:image:height\" content=\"1440\" \/>\n\t<meta property=\"og:image:type\" content=\"image\/jpeg\" \/>\n<meta name=\"author\" content=\"user-manager\" \/>\n<meta name=\"twitter:card\" content=\"summary_large_image\" \/>\n<script type=\"application\/ld+json\" class=\"yoast-schema-graph\">{\"@context\":\"https:\\\/\\\/schema.org\",\"@graph\":[{\"@type\":\"Article\",\"@id\":\"https:\\\/\\\/www.meydan.tv\\\/az\\\/article\\\/elina-olmemisden-evvel-yazmisdi-ki-men-size-lazim-deyildim-qebrimin-ustune-gelmeyin\\\/#article\",\"isPartOf\":{\"@id\":\"https:\\\/\\\/www.meydan.tv\\\/az\\\/article\\\/elina-olmemisden-evvel-yazmisdi-ki-men-size-lazim-deyildim-qebrimin-ustune-gelmeyin\\\/\"},\"author\":{\"name\":\"user-manager\",\"@id\":\"https:\\\/\\\/www.meydan.tv\\\/az\\\/#\\\/schema\\\/person\\\/10d11eccf6da3662cf5fdab9806ea91a\"},\"headline\":\"&#8221;Elina \u00f6lm\u0259mi\u015fd\u0259n \u0259vv\u0259l yazm\u0131\u015fd\u0131 ki, m\u0259n siz\u0259 laz\u0131m deyildim, q\u0259brimin \u00fcst\u00fcn\u0259 g\u0259lm\u0259yin&#8221;\",\"datePublished\":\"2019-04-10T09:41:07+00:00\",\"mainEntityOfPage\":{\"@id\":\"https:\\\/\\\/www.meydan.tv\\\/az\\\/article\\\/elina-olmemisden-evvel-yazmisdi-ki-men-size-lazim-deyildim-qebrimin-ustune-gelmeyin\\\/\"},\"wordCount\":3096,\"publisher\":{\"@id\":\"https:\\\/\\\/www.meydan.tv\\\/az\\\/#organization\"},\"image\":{\"@id\":\"https:\\\/\\\/www.meydan.tv\\\/az\\\/article\\\/elina-olmemisden-evvel-yazmisdi-ki-men-size-lazim-deyildim-qebrimin-ustune-gelmeyin\\\/#primaryimage\"},\"thumbnailUrl\":\"https:\\\/\\\/www.meydan.tv\\\/wp-content\\\/uploads\\\/4b5c21aa-b272-4138-a4a2-ef672960c63a-scaled.jpeg\",\"articleSection\":[\"Video\"],\"inLanguage\":\"az\"},{\"@type\":\"WebPage\",\"@id\":\"https:\\\/\\\/www.meydan.tv\\\/az\\\/article\\\/elina-olmemisden-evvel-yazmisdi-ki-men-size-lazim-deyildim-qebrimin-ustune-gelmeyin\\\/\",\"url\":\"https:\\\/\\\/www.meydan.tv\\\/az\\\/article\\\/elina-olmemisden-evvel-yazmisdi-ki-men-size-lazim-deyildim-qebrimin-ustune-gelmeyin\\\/\",\"name\":\"''Elina \u00f6lm\u0259mi\u015fd\u0259n \u0259vv\u0259l yazm\u0131\u015fd\u0131 ki, m\u0259n siz\u0259 laz\u0131m deyildim, q\u0259brimin \u00fcst\u00fcn\u0259 g\u0259lm\u0259yin'' - MEYDAN.TV\",\"isPartOf\":{\"@id\":\"https:\\\/\\\/www.meydan.tv\\\/az\\\/#website\"},\"primaryImageOfPage\":{\"@id\":\"https:\\\/\\\/www.meydan.tv\\\/az\\\/article\\\/elina-olmemisden-evvel-yazmisdi-ki-men-size-lazim-deyildim-qebrimin-ustune-gelmeyin\\\/#primaryimage\"},\"image\":{\"@id\":\"https:\\\/\\\/www.meydan.tv\\\/az\\\/article\\\/elina-olmemisden-evvel-yazmisdi-ki-men-size-lazim-deyildim-qebrimin-ustune-gelmeyin\\\/#primaryimage\"},\"thumbnailUrl\":\"https:\\\/\\\/www.meydan.tv\\\/wp-content\\\/uploads\\\/4b5c21aa-b272-4138-a4a2-ef672960c63a-scaled.jpeg\",\"datePublished\":\"2019-04-10T09:41:07+00:00\",\"breadcrumb\":{\"@id\":\"https:\\\/\\\/www.meydan.tv\\\/az\\\/article\\\/elina-olmemisden-evvel-yazmisdi-ki-men-size-lazim-deyildim-qebrimin-ustune-gelmeyin\\\/#breadcrumb\"},\"inLanguage\":\"az\",\"potentialAction\":[{\"@type\":\"ReadAction\",\"target\":[\"https:\\\/\\\/www.meydan.tv\\\/az\\\/article\\\/elina-olmemisden-evvel-yazmisdi-ki-men-size-lazim-deyildim-qebrimin-ustune-gelmeyin\\\/\"]}]},{\"@type\":\"ImageObject\",\"inLanguage\":\"az\",\"@id\":\"https:\\\/\\\/www.meydan.tv\\\/az\\\/article\\\/elina-olmemisden-evvel-yazmisdi-ki-men-size-lazim-deyildim-qebrimin-ustune-gelmeyin\\\/#primaryimage\",\"url\":\"https:\\\/\\\/www.meydan.tv\\\/wp-content\\\/uploads\\\/4b5c21aa-b272-4138-a4a2-ef672960c63a-scaled.jpeg\",\"contentUrl\":\"https:\\\/\\\/www.meydan.tv\\\/wp-content\\\/uploads\\\/4b5c21aa-b272-4138-a4a2-ef672960c63a-scaled.jpeg\",\"width\":2560,\"height\":1440,\"caption\":\"Source: Meydan Tv\"},{\"@type\":\"BreadcrumbList\",\"@id\":\"https:\\\/\\\/www.meydan.tv\\\/az\\\/article\\\/elina-olmemisden-evvel-yazmisdi-ki-men-size-lazim-deyildim-qebrimin-ustune-gelmeyin\\\/#breadcrumb\",\"itemListElement\":[{\"@type\":\"ListItem\",\"position\":1,\"name\":\"Ana s\u0259hif\u0259\",\"item\":\"https:\\\/\\\/www.meydan.tv\\\/az\\\/\"},{\"@type\":\"ListItem\",\"position\":2,\"name\":\"Video\",\"item\":\"https:\\\/\\\/www.meydan.tv\\\/az\\\/section\\\/video-2\\\/\"},{\"@type\":\"ListItem\",\"position\":3,\"name\":\"&#8221;Elina \u00f6lm\u0259mi\u015fd\u0259n \u0259vv\u0259l yazm\u0131\u015fd\u0131 ki, m\u0259n siz\u0259 laz\u0131m deyildim, q\u0259brimin \u00fcst\u00fcn\u0259 g\u0259lm\u0259yin&#8221;\"}]},{\"@type\":\"WebSite\",\"@id\":\"https:\\\/\\\/www.meydan.tv\\\/az\\\/#website\",\"url\":\"https:\\\/\\\/www.meydan.tv\\\/az\\\/\",\"name\":\"MEYDAN.TV\",\"description\":\"Meydan TV Az\u0259rbaycan\u0131n media m\u0259kan\u0131ndak\u0131 alternativ s\u0259sidir\",\"publisher\":{\"@id\":\"https:\\\/\\\/www.meydan.tv\\\/az\\\/#organization\"},\"potentialAction\":[{\"@type\":\"SearchAction\",\"target\":{\"@type\":\"EntryPoint\",\"urlTemplate\":\"https:\\\/\\\/www.meydan.tv\\\/az\\\/?s={search_term_string}\"},\"query-input\":{\"@type\":\"PropertyValueSpecification\",\"valueRequired\":true,\"valueName\":\"search_term_string\"}}],\"inLanguage\":\"az\"},{\"@type\":\"Organization\",\"@id\":\"https:\\\/\\\/www.meydan.tv\\\/az\\\/#organization\",\"name\":\"Meydan TV\",\"url\":\"https:\\\/\\\/www.meydan.tv\\\/az\\\/\",\"logo\":{\"@type\":\"ImageObject\",\"inLanguage\":\"az\",\"@id\":\"https:\\\/\\\/www.meydan.tv\\\/az\\\/#\\\/schema\\\/logo\\\/image\\\/\",\"url\":\"https:\\\/\\\/www.meydan.tv\\\/wp-content\\\/uploads\\\/2021\\\/07\\\/meydan-logo.svg\",\"contentUrl\":\"https:\\\/\\\/www.meydan.tv\\\/wp-content\\\/uploads\\\/2021\\\/07\\\/meydan-logo.svg\",\"width\":195,\"height\":46,\"caption\":\"Meydan TV\"},\"image\":{\"@id\":\"https:\\\/\\\/www.meydan.tv\\\/az\\\/#\\\/schema\\\/logo\\\/image\\\/\"}},{\"@type\":\"Person\",\"@id\":\"https:\\\/\\\/www.meydan.tv\\\/az\\\/#\\\/schema\\\/person\\\/10d11eccf6da3662cf5fdab9806ea91a\",\"name\":\"user-manager\"}]}<\/script>\n<!-- \/ Yoast SEO plugin. -->","yoast_head_json":{"title":"''Elina \u00f6lm\u0259mi\u015fd\u0259n \u0259vv\u0259l yazm\u0131\u015fd\u0131 ki, m\u0259n siz\u0259 laz\u0131m deyildim, q\u0259brimin \u00fcst\u00fcn\u0259 g\u0259lm\u0259yin'' - MEYDAN.TV","robots":{"index":"index","follow":"follow","max-snippet":"max-snippet:-1","max-image-preview":"max-image-preview:large","max-video-preview":"max-video-preview:-1"},"canonical":"https:\/\/www.meydan.tv\/az\/article\/elina-olmemisden-evvel-yazmisdi-ki-men-size-lazim-deyildim-qebrimin-ustune-gelmeyin\/","og_locale":"az_AZ","og_type":"article","og_title":"''Elina \u00f6lm\u0259mi\u015fd\u0259n \u0259vv\u0259l yazm\u0131\u015fd\u0131 ki, m\u0259n siz\u0259 laz\u0131m deyildim, q\u0259brimin \u00fcst\u00fcn\u0259 g\u0259lm\u0259yin'' - MEYDAN.TV","og_description":"162 sayl\u0131 orta m\u0259kt\u0259bin rus b\u00f6lm\u0259sinin intihar etmi\u015f 8-ci sinif \u015fagirdnin ba\u015f\u0131na g\u0259l\u0259nl\u0259r...","og_url":"https:\/\/www.meydan.tv\/az\/article\/elina-olmemisden-evvel-yazmisdi-ki-men-size-lazim-deyildim-qebrimin-ustune-gelmeyin\/","og_site_name":"MEYDAN.TV","article_published_time":"2019-04-10T09:41:07+00:00","og_image":[{"width":2560,"height":1440,"url":"https:\/\/www.meydan.tv\/wp-content\/uploads\/4b5c21aa-b272-4138-a4a2-ef672960c63a-scaled.jpeg","type":"image\/jpeg"}],"author":"user-manager","twitter_card":"summary_large_image","schema":{"@context":"https:\/\/schema.org","@graph":[{"@type":"Article","@id":"https:\/\/www.meydan.tv\/az\/article\/elina-olmemisden-evvel-yazmisdi-ki-men-size-lazim-deyildim-qebrimin-ustune-gelmeyin\/#article","isPartOf":{"@id":"https:\/\/www.meydan.tv\/az\/article\/elina-olmemisden-evvel-yazmisdi-ki-men-size-lazim-deyildim-qebrimin-ustune-gelmeyin\/"},"author":{"name":"user-manager","@id":"https:\/\/www.meydan.tv\/az\/#\/schema\/person\/10d11eccf6da3662cf5fdab9806ea91a"},"headline":"&#8221;Elina \u00f6lm\u0259mi\u015fd\u0259n \u0259vv\u0259l yazm\u0131\u015fd\u0131 ki, m\u0259n siz\u0259 laz\u0131m deyildim, q\u0259brimin \u00fcst\u00fcn\u0259 g\u0259lm\u0259yin&#8221;","datePublished":"2019-04-10T09:41:07+00:00","mainEntityOfPage":{"@id":"https:\/\/www.meydan.tv\/az\/article\/elina-olmemisden-evvel-yazmisdi-ki-men-size-lazim-deyildim-qebrimin-ustune-gelmeyin\/"},"wordCount":3096,"publisher":{"@id":"https:\/\/www.meydan.tv\/az\/#organization"},"image":{"@id":"https:\/\/www.meydan.tv\/az\/article\/elina-olmemisden-evvel-yazmisdi-ki-men-size-lazim-deyildim-qebrimin-ustune-gelmeyin\/#primaryimage"},"thumbnailUrl":"https:\/\/www.meydan.tv\/wp-content\/uploads\/4b5c21aa-b272-4138-a4a2-ef672960c63a-scaled.jpeg","articleSection":["Video"],"inLanguage":"az"},{"@type":"WebPage","@id":"https:\/\/www.meydan.tv\/az\/article\/elina-olmemisden-evvel-yazmisdi-ki-men-size-lazim-deyildim-qebrimin-ustune-gelmeyin\/","url":"https:\/\/www.meydan.tv\/az\/article\/elina-olmemisden-evvel-yazmisdi-ki-men-size-lazim-deyildim-qebrimin-ustune-gelmeyin\/","name":"''Elina \u00f6lm\u0259mi\u015fd\u0259n \u0259vv\u0259l yazm\u0131\u015fd\u0131 ki, m\u0259n siz\u0259 laz\u0131m deyildim, q\u0259brimin \u00fcst\u00fcn\u0259 g\u0259lm\u0259yin'' - MEYDAN.TV","isPartOf":{"@id":"https:\/\/www.meydan.tv\/az\/#website"},"primaryImageOfPage":{"@id":"https:\/\/www.meydan.tv\/az\/article\/elina-olmemisden-evvel-yazmisdi-ki-men-size-lazim-deyildim-qebrimin-ustune-gelmeyin\/#primaryimage"},"image":{"@id":"https:\/\/www.meydan.tv\/az\/article\/elina-olmemisden-evvel-yazmisdi-ki-men-size-lazim-deyildim-qebrimin-ustune-gelmeyin\/#primaryimage"},"thumbnailUrl":"https:\/\/www.meydan.tv\/wp-content\/uploads\/4b5c21aa-b272-4138-a4a2-ef672960c63a-scaled.jpeg","datePublished":"2019-04-10T09:41:07+00:00","breadcrumb":{"@id":"https:\/\/www.meydan.tv\/az\/article\/elina-olmemisden-evvel-yazmisdi-ki-men-size-lazim-deyildim-qebrimin-ustune-gelmeyin\/#breadcrumb"},"inLanguage":"az","potentialAction":[{"@type":"ReadAction","target":["https:\/\/www.meydan.tv\/az\/article\/elina-olmemisden-evvel-yazmisdi-ki-men-size-lazim-deyildim-qebrimin-ustune-gelmeyin\/"]}]},{"@type":"ImageObject","inLanguage":"az","@id":"https:\/\/www.meydan.tv\/az\/article\/elina-olmemisden-evvel-yazmisdi-ki-men-size-lazim-deyildim-qebrimin-ustune-gelmeyin\/#primaryimage","url":"https:\/\/www.meydan.tv\/wp-content\/uploads\/4b5c21aa-b272-4138-a4a2-ef672960c63a-scaled.jpeg","contentUrl":"https:\/\/www.meydan.tv\/wp-content\/uploads\/4b5c21aa-b272-4138-a4a2-ef672960c63a-scaled.jpeg","width":2560,"height":1440,"caption":"Source: Meydan Tv"},{"@type":"BreadcrumbList","@id":"https:\/\/www.meydan.tv\/az\/article\/elina-olmemisden-evvel-yazmisdi-ki-men-size-lazim-deyildim-qebrimin-ustune-gelmeyin\/#breadcrumb","itemListElement":[{"@type":"ListItem","position":1,"name":"Ana s\u0259hif\u0259","item":"https:\/\/www.meydan.tv\/az\/"},{"@type":"ListItem","position":2,"name":"Video","item":"https:\/\/www.meydan.tv\/az\/section\/video-2\/"},{"@type":"ListItem","position":3,"name":"&#8221;Elina \u00f6lm\u0259mi\u015fd\u0259n \u0259vv\u0259l yazm\u0131\u015fd\u0131 ki, m\u0259n siz\u0259 laz\u0131m deyildim, q\u0259brimin \u00fcst\u00fcn\u0259 g\u0259lm\u0259yin&#8221;"}]},{"@type":"WebSite","@id":"https:\/\/www.meydan.tv\/az\/#website","url":"https:\/\/www.meydan.tv\/az\/","name":"MEYDAN.TV","description":"Meydan TV Az\u0259rbaycan\u0131n media m\u0259kan\u0131ndak\u0131 alternativ s\u0259sidir","publisher":{"@id":"https:\/\/www.meydan.tv\/az\/#organization"},"potentialAction":[{"@type":"SearchAction","target":{"@type":"EntryPoint","urlTemplate":"https:\/\/www.meydan.tv\/az\/?s={search_term_string}"},"query-input":{"@type":"PropertyValueSpecification","valueRequired":true,"valueName":"search_term_string"}}],"inLanguage":"az"},{"@type":"Organization","@id":"https:\/\/www.meydan.tv\/az\/#organization","name":"Meydan TV","url":"https:\/\/www.meydan.tv\/az\/","logo":{"@type":"ImageObject","inLanguage":"az","@id":"https:\/\/www.meydan.tv\/az\/#\/schema\/logo\/image\/","url":"https:\/\/www.meydan.tv\/wp-content\/uploads\/2021\/07\/meydan-logo.svg","contentUrl":"https:\/\/www.meydan.tv\/wp-content\/uploads\/2021\/07\/meydan-logo.svg","width":195,"height":46,"caption":"Meydan TV"},"image":{"@id":"https:\/\/www.meydan.tv\/az\/#\/schema\/logo\/image\/"}},{"@type":"Person","@id":"https:\/\/www.meydan.tv\/az\/#\/schema\/person\/10d11eccf6da3662cf5fdab9806ea91a","name":"user-manager"}]}},"_links":{"self":[{"href":"https:\/\/www.meydan.tv\/az\/wp-json\/wp\/v2\/posts\/194872","targetHints":{"allow":["GET"]}}],"collection":[{"href":"https:\/\/www.meydan.tv\/az\/wp-json\/wp\/v2\/posts"}],"about":[{"href":"https:\/\/www.meydan.tv\/az\/wp-json\/wp\/v2\/types\/post"}],"author":[{"embeddable":true,"href":"https:\/\/www.meydan.tv\/az\/wp-json\/wp\/v2\/users\/11"}],"replies":[{"embeddable":true,"href":"https:\/\/www.meydan.tv\/az\/wp-json\/wp\/v2\/comments?post=194872"}],"version-history":[{"count":0,"href":"https:\/\/www.meydan.tv\/az\/wp-json\/wp\/v2\/posts\/194872\/revisions"}],"wp:featuredmedia":[{"embeddable":true,"href":"https:\/\/www.meydan.tv\/az\/wp-json\/wp\/v2\/media\/121683"}],"wp:attachment":[{"href":"https:\/\/www.meydan.tv\/az\/wp-json\/wp\/v2\/media?parent=194872"}],"wp:term":[{"taxonomy":"category","embeddable":true,"href":"https:\/\/www.meydan.tv\/az\/wp-json\/wp\/v2\/categories?post=194872"},{"taxonomy":"post_tag","embeddable":true,"href":"https:\/\/www.meydan.tv\/az\/wp-json\/wp\/v2\/tags?post=194872"}],"curies":[{"name":"wp","href":"https:\/\/api.w.org\/{rel}","templated":true}]}}