{"id":194870,"date":"2019-04-09T21:00:49","date_gmt":"2019-04-09T21:00:49","guid":{"rendered":"https:\/\/www.meydan.tv\/article\/oksigen-balonuna-bagli-yasayan-kecmis-esger\/"},"modified":"2019-04-09T21:00:49","modified_gmt":"2019-04-09T21:00:49","slug":"oksigen-balonuna-bagli-yasayan-kecmis-esger","status":"publish","type":"post","link":"https:\/\/www.meydan.tv\/az\/article\/oksigen-balonuna-bagli-yasayan-kecmis-esger\/","title":{"rendered":"Oksigen balonuna ba\u011fl\u0131 ya\u015fayan ke\u00e7mi\u015f \u0259sg\u0259r"},"content":{"rendered":"<p>\n  <i><br \/>\n    Elxan Mehdiyev: &#x27;&#x27;H\u0259rbid\u0259ki \u015f\u0259raitsizlikd\u0259n ciy\u0259rim s\u0131radan \u00e7\u0131x\u0131b, hava balonuna ba\u011fl\u0131 ya\u015fay\u0131ram&#x27;&#x27;<br \/>\n  <\/i>\n<\/p>\n<p>\n  \u201c\u018fsg\u0259rlikd\u0259ki \u015f\u0259raitsizlikd\u0259n, quru yerd\u0259 yatmaqdan v\u0259r\u0259m oldum. Ciy\u0259rimin biri tamamil\u0259 s\u0131radan \u00e7\u0131xd\u0131. D\u00f6vl\u0259t m\u00fcalic\u0259 etdirm\u0259di, laqeyd yana\u015fd\u0131. N\u0259tic\u0259d\u0259 bu g\u00fcn 90 kiloluq a\u011f\u0131rl\u0131\u011f\u0131 olan oksigen balonlar\u0131na ba\u011fl\u0131 ya\u015fay\u0131ram. Onlars\u0131z n\u0259f\u0259s alma\u011f\u0131m m\u00fcmk\u00fcn deyil. Hara m\u00fcraci\u0259t edir\u0259m, k\u00f6m\u0259k ed\u0259n olmur\u201d.\n<\/p>\n<p>\n  T\u0259rt\u0259rin T\u0259z\u0259k\u0259nd k\u0259ndinin sakini, 33 ya\u015fl\u0131 Elxan Mehdiyev bel\u0259 deyir. 1995-ci ild\u0259 atas\u0131n\u0131 Qaraba\u011f d\u00f6y\u00fc\u015f\u00fcnd\u0259 itir\u0259n Elxan \u00f6z\u00fc d\u0259 sa\u011flaml\u0131\u011f\u0131n\u0131 h\u0259rbid\u0259 qoyub. 2004-c\u00fc ild\u0259 h\u0259qiqi h\u0259rbi xidm\u0259t\u0259 \u00e7a\u011f\u0131r\u0131l\u0131b. \u018fsg\u0259rliyinin bir ili bit\u0259n\u0259 yax\u0131n v\u0259r\u0259m x\u0259st\u0259liyin\u0259 tutulub. Ondan sonra bir m\u00fcdd\u0259t h\u0259rbi hospitalda m\u00fcalic\u0259 al\u0131b. Sa\u011falmad\u0131\u011f\u0131n\u0131 g\u00f6r\u0259nd\u0259, t\u0259xris edib, evin\u0259 yollay\u0131blar. Bundan sonra is\u0259 onunla maraqlanan olmay\u0131b. Deyir, h\u0259min vaxtdan bu yana m\u00fcraci\u0259t etm\u0259diyi qurum qalmay\u0131b. M\u00fcdafi\u0259 Nazirliyi, Prezident Administrasiyas\u0131, T\u0259rt\u0259r Rayon \u0130cra Hakimiyy\u0259ti v\u0259 s. he\u00e7 yerd\u0259n m\u00fcsb\u0259t cavab ala bilm\u0259yib.\n<\/p>\n<p>\n  <i><br \/>\n    \u201cM\u0259n\u0259 d\u00f6vl\u0259t k\u00f6m\u0259k etm\u0259li, d\u0259st\u0259k olmal\u0131d\u0131r\u201d<br \/>\n  <\/i>\n<\/p>\n<p>\n  \u018fsg\u0259rliyini F\u00fczuli rayonunda \u00e7\u0259k\u0259n Elxan Mehdiyev deyir ki, x\u0259st\u0259lik onun sol ciy\u0259rini \u00e7\u00fcr\u00fcd\u00fcb. Ham\u0131s\u0131 da h\u0259rbid\u0259ki \u015f\u0259raitsizliyin n\u0259tic\u0259sidir:\n<\/p>\n<p>\n  \u201cSoyuqda, \u015f\u0259raitsizlikd\u0259, s\u0131zaqda xidm\u0259t etm\u0259kd\u0259n x\u0259st\u0259 d\u00fc\u015fd\u00fcm. M\u0259n sa\u011flaml\u0131\u011f\u0131m\u0131 h\u0259rbid\u0259 itirmi\u015f\u0259m. Bu g\u00fcn n\u0259f\u0259s ala bilm\u0259y\u0259c\u0259k v\u0259ziyy\u0259td\u0259y\u0259m. Aparatdan as\u0131l\u0131 qalm\u0131\u015fam. M\u0259n\u0259 d\u00f6vl\u0259t k\u00f6m\u0259k etm\u0259li, d\u0259st\u0259k olmal\u0131d\u0131r. Ancaq he\u00e7 vecl\u0259rin\u0259 d\u0259 deyil\u0259m\u201d.\n<\/p>\n<figure class=\"wp-block-image size-large\">\n  <img decoding=\"async\" src=\"https:\/\/www.meydan.tv\/az\/image00002-jpeg-9\/\" alt=\"image00002.jpeg\" class=\"wp-image-121668\"\/><figcaption>\n    oksigen balonlar\u0131n<br \/>\n  <\/figcaption><\/figure>\n<p>\n  <i><br \/>\n    \u201cAld\u0131\u011f\u0131m\u0131z t\u0259qa\u00fcdl\u0259rin yar\u0131s\u0131ndan \u00e7oxunu kredit\u0259 veririk\u201d<br \/>\n  <\/i>\n<\/p>\n<p>\n  E.Mehdiyev t\u0259xris olunandan sonra d\u00f6vl\u0259td\u0259n k\u00f6m\u0259k g\u00f6rm\u0259yinc\u0259, T\u00fcrkiy\u0259y\u0259 getm\u0259li olub. Deyir, oradak\u0131 m\u00fcalic\u0259si onu xeyli yax\u015f\u0131la\u015fd\u0131r\u0131b. Ancaq \u0259m\u0259liyyata pullar\u0131 \u00e7atmay\u0131b dey\u0259 geri d\u00f6nm\u0259li olublar. Elxana T\u00fcrkiy\u0259d\u0259 ciy\u0259r n\u0259qlini m\u0259sl\u0259h\u0259t g\u00f6r\u00fcbl\u0259r. Ancaq onlar\u0131n bu \u0259m\u0259liyyat\u0131 qar\u015f\u0131layacaq imkanlar\u0131 yoxdur.\n<\/p>\n<p>\n  Elxan Mehdiyevin anas\u0131 Minar\u0259 xan\u0131m ail\u0259nin yegan\u0259 g\u0259lirinin o\u011flunun ald\u0131\u011f\u0131 pensiya v\u0259 h\u0259yat yolda\u015f\u0131na g\u00f6r\u0259 ald\u0131\u011f\u0131 prezident t\u0259qa\u00fcd\u00fc oldu\u011funu s\u00f6yl\u0259yir. Onlar\u0131 da \u00fcst-\u00fcst\u0259 qoyanda he\u00e7 300 manat etm\u0259diyini deyir:\n<\/p>\n<p>\n  \u201cO\u011flum T\u00fcrkiy\u0259d\u0259 m\u00fcalic\u0259 alanda pula ehtiyac yarand\u0131. \u00c7ox pul gedirdi. M\u0259cbur olub bankdan kredit g\u00f6t\u00fcrd\u00fck. \u0130ndi ald\u0131\u011f\u0131m\u0131z t\u0259qa\u00fcdl\u0259rin yar\u0131s\u0131ndan \u00e7oxunu h\u0259min kredit\u0259 veririk. Bir t\u0259r\u0259fd\u0259n d\u0259 x\u0259st\u0259nin g\u00fcnl\u00fck x\u0259rcl\u0259ri, d\u0259rmanlar\u0131 var. Oksigen balonu 8 saatdanbir bo\u015fal\u0131r, 12 manat verib, doldururuq. Bunlar\u0131n ham\u0131s\u0131 hesabd\u0131r, \u00e7atd\u0131ra bilmirik\u201d.\n<\/p>\n<figure class=\"wp-block-image size-large\">\n  <img decoding=\"async\" src=\"https:\/\/www.meydan.tv\/az\/image00010-jpeg-4\/\" alt=\"image00010.jpeg\" class=\"wp-image-121671\"\/><figcaption>\n    Minar\u0259 Mehdiyeva<br \/>\n  <\/figcaption><\/figure>\n<p>\n  <i><br \/>\n    \u201cZ\u00fclml\u0259, zill\u0259tl\u0259 u\u015faq b\u00f6y\u00fctd\u00fcm, ax\u0131r\u0131 bel\u0259\u2026\u201d<br \/>\n  <\/i>\n<\/p>\n<p>\n  Minar\u0259 Mehdiyeva h\u0259yat yolda\u015f\u0131n\u0131 29 ya\u015f\u0131nda itirib. \u0130ki \u00f6vlad\u0131n\u0131 \u00e7ox \u00e7\u0259tinlikl\u0259 b\u00f6y\u00fctd\u00fcy\u00fcn\u00fc deyir. T\u0259kba\u015f\u0131na ki\u00e7ik bir daxma tikib, u\u015faqlar\u0131n\u0131 h\u0259min pal\u00e7\u0131qdan tikdiyi daxmada b\u00f6y\u00fcd\u00fcb. Ancaq indi h\u0259min evin d\u0259 q\u0259zal\u0131 oldu\u011funu s\u00f6yl\u0259yir. Qald\u0131qlar\u0131 ev\u0259 g\u0259linc\u0259, k\u0259ndd\u0259n tan\u0131d\u0131qlar\u0131 birin\u0259 aiddir. Evi sat\u0131r, deyib, sat\u0131lanacan i\u00e7ind\u0259 ya\u015fay\u0131n:\n<\/p>\n<p>\n  \u201cBu ev sat\u0131lanacan i\u00e7ind\u0259 qalaca\u011f\u0131q. Sat\u0131landa yen\u0259 k\u00f6hn\u0259 evimiz\u0259 getm\u0259k m\u0259cburiyy\u0259tind\u0259yik. Onun da he\u00e7 bir \u015f\u0259raiti yoxdur. Nec\u0259 olacaq, bilmir\u0259m. Ba\u015fqa bir ev \u00fc\u00e7\u00fcn b\u00fcn\u00f6vr\u0259 t\u00f6kd\u00fcrm\u00fc\u015f\u00fck, ancaq tikm\u0259y\u0259 imkan\u0131m\u0131z yoxdur. Q\u0131z\u0131m da ail\u0259sind\u0259n ayr\u0131l\u0131b, biziml\u0259 qal\u0131r. Onun da iki u\u015fa\u011f\u0131 var. Yaz\u0131q q\u0131z onlara baxa bilm\u0259k \u00fc\u00e7\u00fcn s\u0259h\u0259rd\u0259n ax\u015famacan f\u0259hl\u0259lik edir, k\u00f6k qaz\u0131r, so\u011fan d\u0259st\u0259l\u0259yir. H\u0259l\u0259 biz\u0259 d\u0259 \u0259l at\u0131r\u201d.\n<\/p>\n<p>\n  <i><br \/>\n    \u201cEvimiz k\u0259ndin o ba\u015f\u0131nda ki\u00e7ik, q\u0259zal\u0131 bir daxmad\u0131r\u201d<br \/>\n  <\/i>\n<\/p>\n<p>\n  E.Mehdiyev deyir ki, art\u0131q utan\u0131r. Anas\u0131 il\u0259 bac\u0131s\u0131 onun oksigen balonlar\u0131n\u0131 g\u00fccl\u0259 da\u015f\u0131y\u0131rlar. O, evin t\u0259k o\u011fludur. Deyir, i\u015fl\u0259yib, anas\u0131na, bac\u0131s\u0131na baxmaq \u0259v\u0259zin\u0259, onlar bunun \u00fc\u00e7\u00fcn \u0259ziyy\u0259t \u00e7\u0259kirl\u0259r:\n<\/p>\n<figure class=\"wp-block-image size-large\">\n  <img decoding=\"async\" src=\"https:\/\/www.meydan.tv\/az\/image00006-jpeg-9\/\" alt=\"image00006.jpeg\" class=\"wp-image-121674\"\/><figcaption>\n    ev<br \/>\n  <\/figcaption><\/figure>\n<p>\n  \u201cBir d\u0259 o\u011flum var, m\u0259kt\u0259blidir. M\u0259kt\u0259b\u0259 g\u00fccl\u0259 g\u00f6nd\u0259ririk. \u00c7\u0259tindir, inan\u0131n, \u00e7atd\u0131ra bilmir\u0259m. Ata yox, qarda\u015f yox, birc\u0259 anam, bac\u0131m var. Onlar\u0131 da canlar\u0131ndan bezdirmi\u015f\u0259m. D\u0259f\u0259l\u0259rl\u0259 k\u00f6m\u0259k \u00fc\u00e7\u00fcn aidiyyat\u0131 orqanlara m\u00fcraci\u0259t etmi\u015f\u0259m. Bir k\u00f6m\u0259kl\u0259rini g\u00f6rm\u0259mi\u015f\u0259m. Halbuki m\u0259n atam\u0131n evind\u0259 x\u0259st\u0259l\u0259nm\u0259mi\u015f\u0259m, h\u0259rbid\u0259, \u015f\u0259raitsizlikd\u0259n bel\u0259 hala d\u00fc\u015fm\u00fc\u015f\u0259m. Bu aparatlar\u0131 da imkanl\u0131 \u015f\u0259xsl\u0259r al\u0131b verib. Yoxsa m\u0259n \u00e7oxdan \u00f6lm\u00fc\u015fd\u00fcm. He\u00e7 bir k\u00f6m\u0259k yoxdur. He\u00e7 ya\u015fad\u0131\u011f\u0131m ev d\u0259 \u00f6z\u00fcm\u00fcn deyil. \u00d6z\u00fcm\u00fcz\u00fcn evimiz k\u0259ndin o ba\u015f\u0131nda ki\u00e7ik, q\u0259zal\u0131 bir daxmad\u0131r\u201d.\n<\/p>\n<p>\n  <i><br \/>\n    \u201cD\u00f6vl\u0259t z\u0259lil qoyub v\u0259 boynuna g\u00f6t\u00fcrm\u00fcr\u201d<br \/>\n  <\/i>\n<\/p>\n<p>\n  E.Mehdiyev deyir ki, \u00e7oxdan h\u0259yat\u0131ndan bezib. O\u011fluna, anas\u0131na g\u00f6r\u0259 g\u00fccl\u0259 d\u00f6z\u00fcr. Ancaq bu yax\u0131nlarda d\u00f6zm\u0259yib, can\u0131na q\u0259st etm\u0259k ist\u0259yib, day\u0131s\u0131 qar\u015f\u0131s\u0131n\u0131 al\u0131b:\n<\/p>\n<p>\n  \u201c\u00d6z\u00fcm\u00fc yand\u0131rmaq ist\u0259yirdim. Day\u0131n m\u0259n\u0259 mane oldu. Bundan sonra rayon r\u0259hb\u0259rliyi m\u0259ni Bak\u0131ya, A\u011fciy\u0259r X\u0259st\u0259likl\u0259ri \u0130nstitutuna g\u00f6nd\u0259rdi. Olmayan ciy\u0259rin n\u0259yini m\u00fcalic\u0259 etm\u0259li idil\u0259r ki? H\u0259kim dedi ki, bizim x\u0259st\u0259xanada oksigen yoxdur, s\u0259n is\u0259 oksigenl\u0259 ya\u015fay\u0131rsan. \u00c7\u0131x get, s\u0259n\u0259 bizim bir k\u00f6m\u0259yimiz d\u0259ym\u0259z. M\u0259n\u0259 ciy\u0259r k\u00f6\u00e7\u00fcr\u00fclm\u0259si \u0259m\u0259liyyat\u0131 edilm\u0259lidir. Onu da burada etmirl\u0259r, T\u00fcrkiy\u0259d\u0259 var. M\u0259nim is\u0259 bu \u0259m\u0259liyyat\u0131 etdirm\u0259k \u00fc\u00e7\u00fcn imkan\u0131m yoxdur. D\u00f6vl\u0259t d\u0259 boynuna g\u00f6t\u00fcrm\u00fcr. Z\u0259lil qoyub v\u0259 boynuna alm\u0131r\u201d.\n<\/p>\n<figure class=\"wp-block-image size-large\">\n  <img decoding=\"async\" src=\"https:\/\/www.meydan.tv\/az\/image00007-jpeg-7\/\" alt=\"image00007.jpeg\" class=\"wp-image-121677\"\/><figcaption>\n    zirz\u0259mi<br \/>\n  <\/figcaption><\/figure>\n<p>\n  <i><br \/>\n    \u201cAld\u0131\u011f\u0131 pensiya t\u0259kc\u0259 d\u0259rman\u0131n puluna b\u0259s edir\u201d<br \/>\n  <\/i>\n<\/p>\n<p>\n  Ail\u0259 h\u0259r ay 120 manat kredit \u00f6d\u0259yir. Minar\u0259 Mehdiyeva deyir ki, o\u011flunun \u0259sas bir d\u0259rman\u0131 var, onu da ancaq B\u0259rd\u0259d\u0259n tap\u0131b, ala bilir:\n<\/p>\n<p>\n  \u201c10 g\u00fcn\u0259 bitir. Qiym\u0259ti d\u0259 45 manatd\u0131r. Bunun qar\u015f\u0131l\u0131\u011f\u0131nda o\u011fluma ayda 155 manat pensiya verirl\u0259r. Birc\u0259 d\u0259rman\u0131n puluna b\u0259s edir. B\u0259s bu adam\u0131n dolan\u0131\u015f\u0131\u011f\u0131, ehtiyaclar\u0131, \u0259m\u0259liyyat\u0131 nec\u0259 olsun?\u201d\n<\/p>\n<p>\n  <i><br \/>\n    \u201c\u0130cra Hakimiyy\u0259ti \u0259lind\u0259n g\u0259l\u0259n k\u00f6m\u0259yi edib\u201d<br \/>\n  <\/i>\n<\/p>\n<p>\n  Meydan TV m\u0259s\u0259l\u0259y\u0259 m\u00fcnasib\u0259t \u00f6yr\u0259nm\u0259k \u00fc\u00e7\u00fcn T\u0259rt\u0259r Rayon \u0130cra Hakimiyy\u0259ti il\u0259 \u0259laq\u0259 saxlay\u0131b. \u0130cra hakimiyy\u0259tind\u0259n Elxan Mehdiyevin durumundan x\u0259b\u0259rdar olduqlar\u0131n\u0131 s\u00f6yl\u0259yibl\u0259r:\n<\/p>\n<p>\n  \u201cB\u0259li, biz\u0259 d\u0259f\u0259l\u0259rl\u0259 m\u00fcraci\u0259t edib, a\u011f\u0131r x\u0259st\u0259dir. \u00d6t\u0259n g\u00fcnl\u0259rd\u0259 biz onu ambulansa qoyub, Bak\u0131ya x\u0259st\u0259xanaya g\u00f6nd\u0259rdik. Bundan \u0259lav\u0259, oksigen balonlar\u0131ndan istifad\u0259 edir, onlar\u0131 doldurduq, ail\u0259y\u0259 maddi d\u0259st\u0259k olduq. Evl\u0259ri yoxdur, daha do\u011frusu, \u015f\u0259raitsizdir. Yenisini tikm\u0259l\u0259ri \u00fc\u00e7\u00fcn bir az material da yollad\u0131q. Bu, icra hakimiyy\u0259tinin \u0259lind\u0259n g\u0259l\u0259n k\u00f6m\u0259kl\u0259rdir. Ona \u0259m\u0259liyyat laz\u0131md\u0131r, bahal\u0131 prosesdir. Bizim buna yet\u0259c\u0259k b\u00fcdc\u0259miz yoxdur. Bunun \u00fc\u00e7\u00fcn yuxar\u0131lara m\u00fcraci\u0259t etm\u0259lidir\u201d.\n<\/p>\n<figure class=\"wp-block-image size-large\">\n  <img decoding=\"async\" src=\"https:\/\/www.meydan.tv\/az\/dsc_0104-jpg\/\" alt=\"DSC_0104.JPG\" class=\"wp-image-121680\"\/><figcaption>\n    T\u0259rt\u0259r Rayon \u0130cra Hakimiyy\u0259ti<br \/>\n  <\/figcaption><\/figure>\n<p>\n  Bir ne\u00e7\u0259 g\u00fcn \u0259rzind\u0259 m\u0259s\u0259l\u0259y\u0259 M\u00fcdafi\u0259 Nazirliyind\u0259n m\u00fcnasib\u0259t \u00f6yr\u0259nm\u0259k m\u00fcmk\u00fcn olmay\u0131b.\n<\/p>\n<p>\n  <i><br \/>\n    \u201cD\u00f6vl\u0259td\u0259n onu \u0259m\u0259liyyat etm\u0259sini t\u0259l\u0259b ed\u0259 bil\u0259r\u201d<br \/>\n  <\/i>\n<\/p>\n<p>\n  H\u0259rbi ekspert C\u0259sur S\u00fcm\u0259rinli is\u0259 deyir ki, h\u0259rbid\u0259 sa\u011flaml\u0131\u011f\u0131n\u0131 itir\u0259n h\u0259r bir \u015f\u0259xsin m\u00fcalic\u0259sini d\u00f6vl\u0259t h\u0259yata ke\u00e7irm\u0259lidir. Bunun \u00fc\u00e7\u00fcn h\u0259min \u015f\u0259xs indiy\u0259 q\u0259d\u0259r x\u0259rcl\u0259diyi v\u0259saitl\u0259rin q\u0259bzl\u0259rin il\u0259 birg\u0259 M\u00fcdafi\u0259 Nazirliyin\u0259 m\u00fcraci\u0259t etm\u0259lidir:\n<\/p>\n<p>\n  \u201cH\u0259min x\u0259rcl\u0259ri qar\u015f\u0131lamasalar, o, m\u0259hk\u0259m\u0259y\u0259 m\u00fcraci\u0259t ed\u0259 bil\u0259r. \u018fn son da Avropa \u0130nsan Haqlar\u0131 M\u0259hk\u0259m\u0259sin\u0259d\u0259k yolu var. Bununla kompensasiyas\u0131n\u0131 ala bil\u0259r\u201d.\n<\/p>\n<p>\n  C.S\u00fcm\u0259rinli deyir ki, h\u0259rbid\u0259 itirilmi\u015f sa\u011flaml\u0131\u011fa g\u00f6r\u0259 qanunla 3 c\u00fcr cavabdehlik var:\n<\/p>\n<figure class=\"wp-block-image size-large\">\n  <img decoding=\"async\" src=\"https:\/\/www.meydan.tv\/az\/cesur-sumerinli\/\" alt=\"C\u0259sur S\u00fcm\u0259rinli\" class=\"wp-image-53327\"\/><figcaption>\n    C\u0259sur S\u00fcm\u0259rinli<br \/>\n  <\/figcaption><\/figure>\n<p>\n  \u201cBirincisi, icbari s\u0131\u011fortalama qanunu, ikincisi, M\u00fcdafi\u0259 Nazirliyinin v\u0259zif\u0259li \u015f\u0259xsl\u0259rinin s\u0259hl\u0259nkarl\u0131\u011f\u0131 n\u0259tic\u0259sind\u0259 ortaya \u00e7\u0131xan problem (x\u0259st\u0259lik), \u00fc\u00e7\u00fcnc\u00fcs\u00fc is\u0259 h\u0259rbi hiss\u0259nin tibbi t\u0259minat\u0131ndak\u0131 probleml\u0259 ba\u011fl\u0131 yaranm\u0131\u015f v\u0259ziyy\u0259t. Bu v\u0259ziyy\u0259tl\u0259r\u0259 g\u00f6r\u0259, h\u0259min h\u0259rb\u00e7i maliyy\u0259 t\u0259l\u0259b etm\u0259lidir v\u0259 almal\u0131d\u0131r. \u0130cbari s\u0131\u011forta qanununda \u0259ksini tapan n\u00fcxt\u0259lif m\u0259bl\u0259\u011fl\u0259r var. Bu, x\u0259st\u0259liy\u0259, \u0259lilliy\u0259 g\u00f6r\u0259 d\u0259yi\u015fir. Do\u011frudur, h\u0259min \u015f\u0259xs h\u0259rbid\u0259 2004-c\u00fc ild\u0259 olub. \u00dcst\u00fcnd\u0259n xeyli vaxt ke\u00e7ib, ancaq gec deyil. \u0130ndi d\u0259 m\u00fcraci\u0259t ed\u0259, bug\u00fcn\u0259d\u0259k x\u0259rcl\u0259diyi v\u0259saiti geri ist\u0259y\u0259 v\u0259 d\u00f6vl\u0259td\u0259n onu \u0259m\u0259liyyat etm\u0259sini t\u0259l\u0259b ed\u0259 bil\u0259r\u201d.\n<\/p>\n<p>\n  <i><br \/>\n    \u201cH\u0259min \u015f\u0259xs pulunu son q\u0259piyin\u0259c\u0259n ala bil\u0259r\u201d<br \/>\n  <\/i>\n<\/p>\n<p>\n  C.S\u00fcm\u0259rinli deyir ki, h\u0259r bir halda h\u0259rb\u00e7i haql\u0131 t\u0259r\u0259fdir v\u0259 m\u0259hk\u0259m\u0259d\u0259 udmaq \u015fans\u0131 b\u00f6y\u00fckd\u00fcr. Ancaq M\u00fcdafi\u0259 Nazirliyi 90-c\u0131 ill\u0259rd\u0259n h\u0259rb\u00e7il\u0259r\u0259 olan borclar\u0131n\u0131 (m\u0259zuniyy\u0259t pulu, ev v\u0259 s) h\u0259l\u0259 qaytar\u0131b qurtarmay\u0131b. Ola bil\u0259r ki, onun alaca\u011f\u0131 v\u0259sait d\u0259 gecik\u0259r:\n<\/p>\n<p>\n  \u201c\u0130ndiy\u0259d\u0259k buna ox\u015far y\u00fczl\u0259rl\u0259 m\u0259hk\u0259m\u0259 prosesi olub. Bu da n\u00f6vb\u0259tisi olacaq. Sad\u0259c\u0259 ail\u0259 \u0259vv\u0259lc\u0259 s\u0259n\u0259dl\u0259rl\u0259 x\u0259rcl\u0259dikl\u0259ri v\u0259saiti M\u00fcdafi\u0259 Nazirliyin\u0259 g\u00f6nd\u0259rm\u0259lidir. \u018fg\u0259r onlar \u00f6d\u0259m\u0259d\u0259n boyun qa\u00e7\u0131rsalar, bu zaman m\u0259hk\u0259m\u0259y\u0259 m\u00fcraci\u0259t etm\u0259lidirl\u0259r. H\u0259min \u015f\u0259xs pulunu son q\u0259piyin\u0259c\u0259n ala bil\u0259r, almal\u0131d\u0131r. Bu, onun haqq\u0131d\u0131r\u201d.<\/p>\n","protected":false},"excerpt":{"rendered":"<p>\u201cH\u0259min \u015f\u0259xs pulunu son q\u0259piyin\u0259c\u0259n ala bil\u0259r\u201d<\/p>\n","protected":false},"author":11,"featured_media":121665,"comment_status":"closed","ping_status":"open","sticky":false,"template":"","format":"standard","meta":{"_acf_changed":false,"_sitemap_exclude":false,"_sitemap_priority":"","_sitemap_frequency":"","footnotes":""},"categories":[60],"tags":[],"class_list":["post-194870","post","type-post","status-publish","format-standard","has-post-thumbnail","hentry","category-bolge","infinite-scroll-item","generate-columns","tablet-grid-50","mobile-grid-100","grid-parent","grid-33","no-featured-image-padding"],"acf":[],"yoast_head":"<!-- This site is optimized with the Yoast SEO plugin v27.4 - https:\/\/yoast.com\/product\/yoast-seo-wordpress\/ -->\n<title>Oksigen balonuna ba\u011fl\u0131 ya\u015fayan ke\u00e7mi\u015f \u0259sg\u0259r - MEYDAN.TV<\/title>\n<meta name=\"robots\" content=\"index, follow, max-snippet:-1, max-image-preview:large, max-video-preview:-1\" \/>\n<link rel=\"canonical\" href=\"https:\/\/www.meydan.tv\/az\/article\/oksigen-balonuna-bagli-yasayan-kecmis-esger\/\" \/>\n<meta property=\"og:locale\" content=\"az_AZ\" \/>\n<meta property=\"og:type\" content=\"article\" \/>\n<meta property=\"og:title\" content=\"Oksigen balonuna ba\u011fl\u0131 ya\u015fayan ke\u00e7mi\u015f \u0259sg\u0259r - MEYDAN.TV\" \/>\n<meta property=\"og:description\" content=\"\u201cH\u0259min \u015f\u0259xs pulunu son q\u0259piyin\u0259c\u0259n ala bil\u0259r\u201d\" \/>\n<meta property=\"og:url\" content=\"https:\/\/www.meydan.tv\/az\/article\/oksigen-balonuna-bagli-yasayan-kecmis-esger\/\" \/>\n<meta property=\"og:site_name\" content=\"MEYDAN.TV\" \/>\n<meta property=\"article:published_time\" content=\"2019-04-09T21:00:49+00:00\" \/>\n<meta property=\"og:image\" content=\"https:\/\/www.meydan.tv\/wp-content\/uploads\/image00001_6tsmr2q.jpeg\" \/>\n\t<meta property=\"og:image:width\" content=\"640\" \/>\n\t<meta property=\"og:image:height\" content=\"480\" \/>\n\t<meta property=\"og:image:type\" content=\"image\/jpeg\" \/>\n<meta name=\"author\" content=\"user-manager\" \/>\n<meta name=\"twitter:card\" content=\"summary_large_image\" \/>\n<script type=\"application\/ld+json\" class=\"yoast-schema-graph\">{\"@context\":\"https:\\\/\\\/schema.org\",\"@graph\":[{\"@type\":\"Article\",\"@id\":\"https:\\\/\\\/www.meydan.tv\\\/az\\\/article\\\/oksigen-balonuna-bagli-yasayan-kecmis-esger\\\/#article\",\"isPartOf\":{\"@id\":\"https:\\\/\\\/www.meydan.tv\\\/az\\\/article\\\/oksigen-balonuna-bagli-yasayan-kecmis-esger\\\/\"},\"author\":{\"name\":\"user-manager\",\"@id\":\"https:\\\/\\\/www.meydan.tv\\\/az\\\/#\\\/schema\\\/person\\\/10d11eccf6da3662cf5fdab9806ea91a\"},\"headline\":\"Oksigen balonuna ba\u011fl\u0131 ya\u015fayan ke\u00e7mi\u015f \u0259sg\u0259r\",\"datePublished\":\"2019-04-09T21:00:49+00:00\",\"mainEntityOfPage\":{\"@id\":\"https:\\\/\\\/www.meydan.tv\\\/az\\\/article\\\/oksigen-balonuna-bagli-yasayan-kecmis-esger\\\/\"},\"wordCount\":1836,\"publisher\":{\"@id\":\"https:\\\/\\\/www.meydan.tv\\\/az\\\/#organization\"},\"image\":{\"@id\":\"https:\\\/\\\/www.meydan.tv\\\/az\\\/article\\\/oksigen-balonuna-bagli-yasayan-kecmis-esger\\\/#primaryimage\"},\"thumbnailUrl\":\"https:\\\/\\\/www.meydan.tv\\\/wp-content\\\/uploads\\\/image00001_6tsmr2q.jpeg\",\"articleSection\":[\"B\u00f6lg\u0259\"],\"inLanguage\":\"az\"},{\"@type\":\"WebPage\",\"@id\":\"https:\\\/\\\/www.meydan.tv\\\/az\\\/article\\\/oksigen-balonuna-bagli-yasayan-kecmis-esger\\\/\",\"url\":\"https:\\\/\\\/www.meydan.tv\\\/az\\\/article\\\/oksigen-balonuna-bagli-yasayan-kecmis-esger\\\/\",\"name\":\"Oksigen balonuna ba\u011fl\u0131 ya\u015fayan ke\u00e7mi\u015f \u0259sg\u0259r - MEYDAN.TV\",\"isPartOf\":{\"@id\":\"https:\\\/\\\/www.meydan.tv\\\/az\\\/#website\"},\"primaryImageOfPage\":{\"@id\":\"https:\\\/\\\/www.meydan.tv\\\/az\\\/article\\\/oksigen-balonuna-bagli-yasayan-kecmis-esger\\\/#primaryimage\"},\"image\":{\"@id\":\"https:\\\/\\\/www.meydan.tv\\\/az\\\/article\\\/oksigen-balonuna-bagli-yasayan-kecmis-esger\\\/#primaryimage\"},\"thumbnailUrl\":\"https:\\\/\\\/www.meydan.tv\\\/wp-content\\\/uploads\\\/image00001_6tsmr2q.jpeg\",\"datePublished\":\"2019-04-09T21:00:49+00:00\",\"breadcrumb\":{\"@id\":\"https:\\\/\\\/www.meydan.tv\\\/az\\\/article\\\/oksigen-balonuna-bagli-yasayan-kecmis-esger\\\/#breadcrumb\"},\"inLanguage\":\"az\",\"potentialAction\":[{\"@type\":\"ReadAction\",\"target\":[\"https:\\\/\\\/www.meydan.tv\\\/az\\\/article\\\/oksigen-balonuna-bagli-yasayan-kecmis-esger\\\/\"]}]},{\"@type\":\"ImageObject\",\"inLanguage\":\"az\",\"@id\":\"https:\\\/\\\/www.meydan.tv\\\/az\\\/article\\\/oksigen-balonuna-bagli-yasayan-kecmis-esger\\\/#primaryimage\",\"url\":\"https:\\\/\\\/www.meydan.tv\\\/wp-content\\\/uploads\\\/image00001_6tsmr2q.jpeg\",\"contentUrl\":\"https:\\\/\\\/www.meydan.tv\\\/wp-content\\\/uploads\\\/image00001_6tsmr2q.jpeg\",\"width\":640,\"height\":480,\"caption\":\"Source: Foto: Meydan.tv\"},{\"@type\":\"BreadcrumbList\",\"@id\":\"https:\\\/\\\/www.meydan.tv\\\/az\\\/article\\\/oksigen-balonuna-bagli-yasayan-kecmis-esger\\\/#breadcrumb\",\"itemListElement\":[{\"@type\":\"ListItem\",\"position\":1,\"name\":\"Ana s\u0259hif\u0259\",\"item\":\"https:\\\/\\\/www.meydan.tv\\\/az\\\/\"},{\"@type\":\"ListItem\",\"position\":2,\"name\":\"B\u00f6lg\u0259\",\"item\":\"https:\\\/\\\/www.meydan.tv\\\/az\\\/section\\\/bolge\\\/\"},{\"@type\":\"ListItem\",\"position\":3,\"name\":\"Oksigen balonuna ba\u011fl\u0131 ya\u015fayan ke\u00e7mi\u015f \u0259sg\u0259r\"}]},{\"@type\":\"WebSite\",\"@id\":\"https:\\\/\\\/www.meydan.tv\\\/az\\\/#website\",\"url\":\"https:\\\/\\\/www.meydan.tv\\\/az\\\/\",\"name\":\"MEYDAN.TV\",\"description\":\"Meydan TV Az\u0259rbaycan\u0131n media m\u0259kan\u0131ndak\u0131 alternativ s\u0259sidir\",\"publisher\":{\"@id\":\"https:\\\/\\\/www.meydan.tv\\\/az\\\/#organization\"},\"potentialAction\":[{\"@type\":\"SearchAction\",\"target\":{\"@type\":\"EntryPoint\",\"urlTemplate\":\"https:\\\/\\\/www.meydan.tv\\\/az\\\/?s={search_term_string}\"},\"query-input\":{\"@type\":\"PropertyValueSpecification\",\"valueRequired\":true,\"valueName\":\"search_term_string\"}}],\"inLanguage\":\"az\"},{\"@type\":\"Organization\",\"@id\":\"https:\\\/\\\/www.meydan.tv\\\/az\\\/#organization\",\"name\":\"Meydan TV\",\"url\":\"https:\\\/\\\/www.meydan.tv\\\/az\\\/\",\"logo\":{\"@type\":\"ImageObject\",\"inLanguage\":\"az\",\"@id\":\"https:\\\/\\\/www.meydan.tv\\\/az\\\/#\\\/schema\\\/logo\\\/image\\\/\",\"url\":\"https:\\\/\\\/www.meydan.tv\\\/wp-content\\\/uploads\\\/2021\\\/07\\\/meydan-logo.svg\",\"contentUrl\":\"https:\\\/\\\/www.meydan.tv\\\/wp-content\\\/uploads\\\/2021\\\/07\\\/meydan-logo.svg\",\"width\":195,\"height\":46,\"caption\":\"Meydan TV\"},\"image\":{\"@id\":\"https:\\\/\\\/www.meydan.tv\\\/az\\\/#\\\/schema\\\/logo\\\/image\\\/\"}},{\"@type\":\"Person\",\"@id\":\"https:\\\/\\\/www.meydan.tv\\\/az\\\/#\\\/schema\\\/person\\\/10d11eccf6da3662cf5fdab9806ea91a\",\"name\":\"user-manager\"}]}<\/script>\n<!-- \/ Yoast SEO plugin. -->","yoast_head_json":{"title":"Oksigen balonuna ba\u011fl\u0131 ya\u015fayan ke\u00e7mi\u015f \u0259sg\u0259r - MEYDAN.TV","robots":{"index":"index","follow":"follow","max-snippet":"max-snippet:-1","max-image-preview":"max-image-preview:large","max-video-preview":"max-video-preview:-1"},"canonical":"https:\/\/www.meydan.tv\/az\/article\/oksigen-balonuna-bagli-yasayan-kecmis-esger\/","og_locale":"az_AZ","og_type":"article","og_title":"Oksigen balonuna ba\u011fl\u0131 ya\u015fayan ke\u00e7mi\u015f \u0259sg\u0259r - MEYDAN.TV","og_description":"\u201cH\u0259min \u015f\u0259xs pulunu son q\u0259piyin\u0259c\u0259n ala bil\u0259r\u201d","og_url":"https:\/\/www.meydan.tv\/az\/article\/oksigen-balonuna-bagli-yasayan-kecmis-esger\/","og_site_name":"MEYDAN.TV","article_published_time":"2019-04-09T21:00:49+00:00","og_image":[{"width":640,"height":480,"url":"https:\/\/www.meydan.tv\/wp-content\/uploads\/image00001_6tsmr2q.jpeg","type":"image\/jpeg"}],"author":"user-manager","twitter_card":"summary_large_image","schema":{"@context":"https:\/\/schema.org","@graph":[{"@type":"Article","@id":"https:\/\/www.meydan.tv\/az\/article\/oksigen-balonuna-bagli-yasayan-kecmis-esger\/#article","isPartOf":{"@id":"https:\/\/www.meydan.tv\/az\/article\/oksigen-balonuna-bagli-yasayan-kecmis-esger\/"},"author":{"name":"user-manager","@id":"https:\/\/www.meydan.tv\/az\/#\/schema\/person\/10d11eccf6da3662cf5fdab9806ea91a"},"headline":"Oksigen balonuna ba\u011fl\u0131 ya\u015fayan ke\u00e7mi\u015f \u0259sg\u0259r","datePublished":"2019-04-09T21:00:49+00:00","mainEntityOfPage":{"@id":"https:\/\/www.meydan.tv\/az\/article\/oksigen-balonuna-bagli-yasayan-kecmis-esger\/"},"wordCount":1836,"publisher":{"@id":"https:\/\/www.meydan.tv\/az\/#organization"},"image":{"@id":"https:\/\/www.meydan.tv\/az\/article\/oksigen-balonuna-bagli-yasayan-kecmis-esger\/#primaryimage"},"thumbnailUrl":"https:\/\/www.meydan.tv\/wp-content\/uploads\/image00001_6tsmr2q.jpeg","articleSection":["B\u00f6lg\u0259"],"inLanguage":"az"},{"@type":"WebPage","@id":"https:\/\/www.meydan.tv\/az\/article\/oksigen-balonuna-bagli-yasayan-kecmis-esger\/","url":"https:\/\/www.meydan.tv\/az\/article\/oksigen-balonuna-bagli-yasayan-kecmis-esger\/","name":"Oksigen balonuna ba\u011fl\u0131 ya\u015fayan ke\u00e7mi\u015f \u0259sg\u0259r - MEYDAN.TV","isPartOf":{"@id":"https:\/\/www.meydan.tv\/az\/#website"},"primaryImageOfPage":{"@id":"https:\/\/www.meydan.tv\/az\/article\/oksigen-balonuna-bagli-yasayan-kecmis-esger\/#primaryimage"},"image":{"@id":"https:\/\/www.meydan.tv\/az\/article\/oksigen-balonuna-bagli-yasayan-kecmis-esger\/#primaryimage"},"thumbnailUrl":"https:\/\/www.meydan.tv\/wp-content\/uploads\/image00001_6tsmr2q.jpeg","datePublished":"2019-04-09T21:00:49+00:00","breadcrumb":{"@id":"https:\/\/www.meydan.tv\/az\/article\/oksigen-balonuna-bagli-yasayan-kecmis-esger\/#breadcrumb"},"inLanguage":"az","potentialAction":[{"@type":"ReadAction","target":["https:\/\/www.meydan.tv\/az\/article\/oksigen-balonuna-bagli-yasayan-kecmis-esger\/"]}]},{"@type":"ImageObject","inLanguage":"az","@id":"https:\/\/www.meydan.tv\/az\/article\/oksigen-balonuna-bagli-yasayan-kecmis-esger\/#primaryimage","url":"https:\/\/www.meydan.tv\/wp-content\/uploads\/image00001_6tsmr2q.jpeg","contentUrl":"https:\/\/www.meydan.tv\/wp-content\/uploads\/image00001_6tsmr2q.jpeg","width":640,"height":480,"caption":"Source: Foto: Meydan.tv"},{"@type":"BreadcrumbList","@id":"https:\/\/www.meydan.tv\/az\/article\/oksigen-balonuna-bagli-yasayan-kecmis-esger\/#breadcrumb","itemListElement":[{"@type":"ListItem","position":1,"name":"Ana s\u0259hif\u0259","item":"https:\/\/www.meydan.tv\/az\/"},{"@type":"ListItem","position":2,"name":"B\u00f6lg\u0259","item":"https:\/\/www.meydan.tv\/az\/section\/bolge\/"},{"@type":"ListItem","position":3,"name":"Oksigen balonuna ba\u011fl\u0131 ya\u015fayan ke\u00e7mi\u015f \u0259sg\u0259r"}]},{"@type":"WebSite","@id":"https:\/\/www.meydan.tv\/az\/#website","url":"https:\/\/www.meydan.tv\/az\/","name":"MEYDAN.TV","description":"Meydan TV Az\u0259rbaycan\u0131n media m\u0259kan\u0131ndak\u0131 alternativ s\u0259sidir","publisher":{"@id":"https:\/\/www.meydan.tv\/az\/#organization"},"potentialAction":[{"@type":"SearchAction","target":{"@type":"EntryPoint","urlTemplate":"https:\/\/www.meydan.tv\/az\/?s={search_term_string}"},"query-input":{"@type":"PropertyValueSpecification","valueRequired":true,"valueName":"search_term_string"}}],"inLanguage":"az"},{"@type":"Organization","@id":"https:\/\/www.meydan.tv\/az\/#organization","name":"Meydan TV","url":"https:\/\/www.meydan.tv\/az\/","logo":{"@type":"ImageObject","inLanguage":"az","@id":"https:\/\/www.meydan.tv\/az\/#\/schema\/logo\/image\/","url":"https:\/\/www.meydan.tv\/wp-content\/uploads\/2021\/07\/meydan-logo.svg","contentUrl":"https:\/\/www.meydan.tv\/wp-content\/uploads\/2021\/07\/meydan-logo.svg","width":195,"height":46,"caption":"Meydan TV"},"image":{"@id":"https:\/\/www.meydan.tv\/az\/#\/schema\/logo\/image\/"}},{"@type":"Person","@id":"https:\/\/www.meydan.tv\/az\/#\/schema\/person\/10d11eccf6da3662cf5fdab9806ea91a","name":"user-manager"}]}},"_links":{"self":[{"href":"https:\/\/www.meydan.tv\/az\/wp-json\/wp\/v2\/posts\/194870","targetHints":{"allow":["GET"]}}],"collection":[{"href":"https:\/\/www.meydan.tv\/az\/wp-json\/wp\/v2\/posts"}],"about":[{"href":"https:\/\/www.meydan.tv\/az\/wp-json\/wp\/v2\/types\/post"}],"author":[{"embeddable":true,"href":"https:\/\/www.meydan.tv\/az\/wp-json\/wp\/v2\/users\/11"}],"replies":[{"embeddable":true,"href":"https:\/\/www.meydan.tv\/az\/wp-json\/wp\/v2\/comments?post=194870"}],"version-history":[{"count":0,"href":"https:\/\/www.meydan.tv\/az\/wp-json\/wp\/v2\/posts\/194870\/revisions"}],"wp:featuredmedia":[{"embeddable":true,"href":"https:\/\/www.meydan.tv\/az\/wp-json\/wp\/v2\/media\/121665"}],"wp:attachment":[{"href":"https:\/\/www.meydan.tv\/az\/wp-json\/wp\/v2\/media?parent=194870"}],"wp:term":[{"taxonomy":"category","embeddable":true,"href":"https:\/\/www.meydan.tv\/az\/wp-json\/wp\/v2\/categories?post=194870"},{"taxonomy":"post_tag","embeddable":true,"href":"https:\/\/www.meydan.tv\/az\/wp-json\/wp\/v2\/tags?post=194870"}],"curies":[{"name":"wp","href":"https:\/\/api.w.org\/{rel}","templated":true}]}}