{"id":194835,"date":"2019-04-08T12:11:39","date_gmt":"2019-04-08T12:11:39","guid":{"rendered":"https:\/\/www.meydan.tv\/article\/pambiq-ekini-ile-mesgul-olanlarin-hamisi-esgerxan-hesenovla-serik-olmaga-mehkumdur\/"},"modified":"2019-04-08T12:11:39","modified_gmt":"2019-04-08T12:11:39","slug":"pambiq-ekini-ile-mesgul-olanlarin-hamisi-esgerxan-hesenovla-serik-olmaga-mehkumdur","status":"publish","type":"post","link":"https:\/\/www.meydan.tv\/az\/article\/pambiq-ekini-ile-mesgul-olanlarin-hamisi-esgerxan-hesenovla-serik-olmaga-mehkumdur\/","title":{"rendered":"&#8221;Pamb\u0131q \u0259kini il\u0259 m\u0259\u015f\u011ful olanlar\u0131n ham\u0131s\u0131 \u018fsg\u0259rxan H\u0259s\u0259novla \u015f\u0259rik olma\u011fa m\u0259hkumdur&#8221;"},"content":{"rendered":"<p>\n  <i><br \/>\n    A\u011fda\u015f sakinl\u0259ri bostan m\u0259hsullar\u0131 \u0259km\u0259k \u00fc\u00e7\u00fcn torpaq tapa bilm\u0259dikl\u0259rini deyirl\u0259r<br \/>\n  <\/i>\n<\/p>\n<p>\n  A\u011fda\u015f rayonunun K\u00fcr \u00e7ay\u0131n\u0131n \u0259traf\u0131ndak\u0131 k\u0259ndl\u0259rinin sakinl\u0259ri \u00e7\u00f6l torpaqlar\u0131n\u0131n \u015foranla\u015fmas\u0131ndan \u0259ziyy\u0259t \u00e7\u0259kir. Bu s\u0259b\u0259bd\u0259n \u0259vv\u0259ll\u0259r me\u015f\u0259 \u0259razil\u0259rind\u0259 bostan m\u0259hsullar\u0131 \u0259kib dolanan k\u0259ndlil\u0259r haz\u0131rda qada\u011fa il\u0259 \u00fczl\u0259\u015fibl\u0259r. \u018fsas\u0259n d\u0259 A\u011fz\u0131bir, Kotavan, Abat, Qaradeyin, Pir\u0259z\u0259, Qarxun k\u0259ndl\u0259ri. Eyni zamanda, B\u0259rd\u0259, T\u0259rt\u0259r rayonlar\u0131n\u0131n K\u00fcr k\u0259nar\u0131ndak\u0131 k\u0259ndl\u0259ri d\u0259 \u015foranla\u015fman\u0131n qurban\u0131na \u00e7evrilibl\u0259r.\n<\/p>\n<p>\n  Yerli sakinl\u0259r bildirirl\u0259r ki, \u00f6t\u0259n ild\u0259n A\u011fda\u015f Rayon \u0130cra Hakimiyy\u0259tinin yerli idar\u0259etm\u0259 \u015f\u00f6b\u0259sinin m\u00fcdiri \u018fsg\u0259rxan H\u0259s\u0259nov me\u015f\u0259l\u0259ri d\u00fczl\u0259yib, pamb\u0131q \u0259kdirib. Qanunvericiliy\u0259 g\u00f6r\u0259s\u0259, m\u0259mur sahibkarl\u0131q f\u0259aliyy\u0259ti il\u0259 m\u0259\u015f\u011ful ola bilm\u0259z.\n<\/p>\n<p>\n  \u201cAmma \u018fsg\u0259rxan H\u0259s\u0259nov sahibkarl\u0131qla m\u0259\u015f\u011ful olur v\u0259 h\u0259m d\u0259 bir s\u0131ra fermerl\u0259r\u0259 d\u0259 himay\u0259darl\u0131q edir. X\u00fcsus\u0259n h\u0259min \u0259razil\u0259rd\u0259 pamb\u0131q \u0259kini il\u0259 m\u0259\u015f\u011ful olanlar\u0131n ham\u0131s\u0131 \u018fsg\u0259rxan H\u0259s\u0259novla \u015f\u0259rik olma\u011fa m\u0259hkumdur, \u0259ks t\u0259qdird\u0259, n\u0259 su, n\u0259 d\u0259 texnika ala bilm\u0259zl\u0259r,\u201d- sakinl\u0259r bel\u0259 deyir.\n<\/p>\n<p>\n  \u015eikay\u0259t\u00e7il\u0259rd\u0259n Qaraba\u011f \u0259lili Zaur N\u0259sirli Meydan TV-y\u0259 deyib ki, onlar pamb\u0131q \u0259razil\u0259ri ist\u0259mil\u0259r, me\u015f\u0259 \u0259razil\u0259rind\u0259 bo\u015f yerl\u0259r var, orda bostan m\u0259hsullar\u0131 \u0259ks\u0259l\u0259r, me\u015f\u0259 a\u011faclar\u0131na da qulluq ed\u0259rl\u0259r, bazara m\u0259hsul da \u00e7\u0131xar\u0131b ail\u0259l\u0259rini doland\u0131rarlar.\n<\/p>\n<p>\n  Zaur N\u0259sirlinin s\u00f6zl\u0259rin\u0259 g\u00f6r\u0259, qada\u011fa il\u0259 \u00fczl\u0259\u015f\u0259nl\u0259r aras\u0131nda 8 \u015f\u0259hid ail\u0259si var.\n<\/p>\n<p>\n  Qaraba\u011f \u0259lili deyir ki, B\u0259rd\u0259 \u015f\u0259h\u0259rind\u0259 yerl\u0259\u015f\u0259n Regional Me\u015f\u0259 \u0130dar\u0259sin\u0259 qar\u015f\u0131la\u015fd\u0131\u011f\u0131 durumla \u015fikay\u0259t edibl\u0259r, amma \u018fsg\u0259rxan H\u0259s\u0259novun t\u0259siri \u015fikay\u0259tl\u0259rin\u0259 reaksiya verilm\u0259m\u0259si il\u0259 yekunla\u015f\u0131b.\n<\/p>\n<p>\n  \u0130dar\u0259d\u0259n onlara cavab veribl\u0259r ki, \u018fsg\u0259rxan H\u0259s\u0259nov \u00f6t\u0259n il \u0259kdiyinin pulunu h\u0259l\u0259 d\u00f6vl\u0259t b\u00fcdc\u0259sin\u0259 ke\u00e7irm\u0259yib:\n<\/p>\n<p>\n  \u201cOna g\u00f6r\u0259 d\u0259 k\u0259nd camaat\u0131 yolu ba\u011flam\u0131\u015fd\u0131, yerli polis m\u00fcdaxil\u0259sind\u0259n v\u0259 bir ne\u00e7\u0259 n\u0259f\u0259rin saxlanmas\u0131ndan sonra sakitlik yarand\u0131. Amma K\u00fcrk\u0259nar\u0131 k\u0259ndl\u0259rin camaat\u0131 \u00e7ox naraz\u0131d\u0131r. Yerli icra hakimiyy\u0259ti \u018fsg\u0259rxan H\u0259s\u0259novun ad\u0131 oldu\u011fu \u00fc\u00e7\u00fcn m\u0259s\u0259l\u0259nin h\u0259llin\u0259 k\u00f6kl\u00fc yana\u015fm\u0131r, yaln\u0131z k\u0259ndlil\u0259ri sakitl\u0259\u015fdirm\u0259kl\u0259 m\u0259\u015f\u011fuldur\u201d.\n<\/p>\n<p>\n  Zaur N\u0259sirli bildirib ki, onlar mart\u0131n 11-d\u0259 ekologiya v\u0259 t\u0259bii s\u0259rv\u0259tl\u0259r nazirinin birinci m\u00fcavini Novruz Quliyevin q\u0259bulunda olublar:\n<\/p>\n<p>\n  \u201cNovruz Quliyev\u0259 dedik ki, bostan m\u0259hsullar\u0131 \u0259km\u0259s\u0259k dolana bilm\u0259y\u0259c\u0259yik, v\u0259ziyy\u0259t \u00e7ox ac\u0131nacaql\u0131d\u0131r. H\u0259tta sovet d\u00f6n\u0259mind\u0259 k\u0259ndlil\u0259r\u0259 me\u015f\u0259 \u0259razil\u0259rind\u0259 bostan \u0259km\u0259y\u0259 icaz\u0259 verilibs\u0259, indi niy\u0259 qada\u011fa var, anlam\u0131r\u0131q. Birinci m\u00fcavin dedi ki, m\u0259s\u0259l\u0259ni nazirl\u0259 m\u00fczakir\u0259 edib m\u00fcnasib\u0259t bildir\u0259c\u0259kl\u0259r.\n<\/p>\n<p>\n  Bizi arxay\u0131n etdi ki, nazirin q\u0259buluna d\u00fc\u015fm\u0259y\u0259 ehtiyac yoxdur, icaz\u0259 ver\u0259c\u0259kl\u0259r. T\u0259\u0259ss\u00fcf ki, mart\u0131n 11-d\u0259n sonra nazirlikd\u0259n cavab ala bilmirl\u0259r. T\u0259s\u0259vv\u00fcr edin, 2 sotluq \u0259razid\u0259 30-40 kiloqraml\u0131q toxum kartof \u0259k\u0259nd\u0259 400 kiloqram m\u0259hsul g\u00f6t\u00fcrm\u0259k olur. N\u0259tic\u0259d\u0259 ilboyu ail\u0259ni t\u0259min etm\u0259k m\u00fcmk\u00fcnd\u00fcr\u201d.\n<\/p>\n<p>\n  Meydan TV A\u011fda\u015f Rayon \u0130cra Hakimiyy\u0259tinin yerli idar\u0259etm\u0259 \u015f\u00f6b\u0259sinin m\u00fcdiri \u018fsg\u0259rxan H\u0259s\u0259novla \u0259laq\u0259 saxlay\u0131b.\n<\/p>\n<p>\n  \u018f.H\u0259s\u0259nov A\u011fda\u015f rayon \u0259razisind\u0259 pamb\u0131q \u0259kini haqda deyil\u0259nl\u0259ri yalanlay\u0131b:\n<\/p>\n<p>\n  \u201cBizim rayonda 1 hektar da pamb\u0131q \u0259klilmir. \u0130kincisi, Ekologiya v\u0259 T\u0259bii S\u0259rv\u0259tl\u0259r Nazirliyinin me\u015f\u0259 \u0259razisind\u0259 \u0259kin\u0259 icaz\u0259 verilm\u0259m\u0259si haqda \u0259mri var. \u018fmr\u0259 g\u00f6r\u0259 me\u015f\u0259 \u0259razisind\u0259 yaln\u0131z a\u011fac \u0259kil\u0259 bil\u0259r, icar\u0259y\u0259 torpaq verilm\u0259si qada\u011fan olunub. Bununla ba\u011fl\u0131 c\u0259nab icra ba\u015f\u00e7\u0131s\u0131 nazirliy\u0259 m\u00fcraci\u0259t etdi ki, k\u0259ndlil\u0259r\u0259 me\u015f\u0259 \u0259razisind\u0259n icar\u0259y\u0259 yer verilsin, amma h\u0259l\u0259 cavab almam\u0131\u015f\u0131q\u201d.\n<\/p>\n<p>\n  Ekologiya v\u0259 T\u0259bii S\u0259rv\u0259tl\u0259r Nazirliyinin m\u0259tbuat xidm\u0259tinin r\u0259hb\u0259ri \u0130rad\u0259 \u0130brahimova me\u015f\u0259 \u0259razisind\u0259 \u0259kin\u0259 icaz\u0259 verilm\u0259diyini Meydan TV-y\u0259 t\u0259sdiql\u0259yib:\n<\/p>\n<p>\n  \u201c\u00d6z\u00fcn\u00fcz t\u0259s\u0259vv\u00fcr edin, ev heyvan\u0131n\u0131 t\u00f6vl\u0259d\u0259, yoxsa evd\u0259 saxlay\u0131rlar? \u018flb\u0259tt\u0259, t\u00f6vl\u0259d\u0259. Me\u015f\u0259d\u0259 bostan m\u0259hsullar\u0131 \u0259kil\u0259 bilm\u0259z, bostan m\u0259hsullar\u0131 h\u0259y\u0259tyan\u0131 sah\u0259l\u0259rd\u0259 \u0259kilm\u0259lidir. \u018fg\u0259r sakinl\u0259r aqroba\u011f salmaq ist\u0259yirl\u0259rs\u0259, ba\u015fqa m\u0259s\u0259l\u0259, amma bostan \u0259kinin\u0259 icaz\u0259 verilmir\u201d.<\/p>\n","protected":false},"excerpt":{"rendered":"<p>Yerli sakinl\u0259r bildirirl\u0259r ki, \u00f6t\u0259n ild\u0259n A\u011fda\u015f Rayon \u0130cra Hakimiyy\u0259tinin yerli idar\u0259etm\u0259 \u015f\u00f6b\u0259sinin m\u00fcdiri \u018fsg\u0259rxan H\u0259s\u0259nov me\u015f\u0259l\u0259ri d\u00fczl\u0259yib, pamb\u0131q \u0259kdiri<\/p>\n","protected":false},"author":11,"featured_media":121539,"comment_status":"closed","ping_status":"open","sticky":false,"template":"","format":"standard","meta":{"_acf_changed":false,"_sitemap_exclude":false,"_sitemap_priority":"","_sitemap_frequency":"","footnotes":""},"categories":[60],"tags":[],"class_list":["post-194835","post","type-post","status-publish","format-standard","has-post-thumbnail","hentry","category-bolge","infinite-scroll-item","generate-columns","tablet-grid-50","mobile-grid-100","grid-parent","grid-33","no-featured-image-padding"],"acf":[],"yoast_head":"<!-- This site is optimized with the Yoast SEO plugin v27.4 - https:\/\/yoast.com\/product\/yoast-seo-wordpress\/ -->\n<title>&#039;&#039;Pamb\u0131q \u0259kini il\u0259 m\u0259\u015f\u011ful olanlar\u0131n ham\u0131s\u0131 \u018fsg\u0259rxan H\u0259s\u0259novla \u015f\u0259rik olma\u011fa m\u0259hkumdur&#039;&#039; - MEYDAN.TV<\/title>\n<meta name=\"robots\" content=\"index, follow, max-snippet:-1, max-image-preview:large, max-video-preview:-1\" \/>\n<link rel=\"canonical\" href=\"https:\/\/www.meydan.tv\/az\/article\/pambiq-ekini-ile-mesgul-olanlarin-hamisi-esgerxan-hesenovla-serik-olmaga-mehkumdur\/\" \/>\n<meta property=\"og:locale\" content=\"az_AZ\" \/>\n<meta property=\"og:type\" content=\"article\" \/>\n<meta property=\"og:title\" content=\"&#039;&#039;Pamb\u0131q \u0259kini il\u0259 m\u0259\u015f\u011ful olanlar\u0131n ham\u0131s\u0131 \u018fsg\u0259rxan H\u0259s\u0259novla \u015f\u0259rik olma\u011fa m\u0259hkumdur&#039;&#039; - MEYDAN.TV\" \/>\n<meta property=\"og:description\" content=\"Yerli sakinl\u0259r bildirirl\u0259r ki, \u00f6t\u0259n ild\u0259n A\u011fda\u015f Rayon \u0130cra Hakimiyy\u0259tinin yerli idar\u0259etm\u0259 \u015f\u00f6b\u0259sinin m\u00fcdiri \u018fsg\u0259rxan H\u0259s\u0259nov me\u015f\u0259l\u0259ri d\u00fczl\u0259yib, pamb\u0131q \u0259kdiri\" \/>\n<meta property=\"og:url\" content=\"https:\/\/www.meydan.tv\/az\/article\/pambiq-ekini-ile-mesgul-olanlarin-hamisi-esgerxan-hesenovla-serik-olmaga-mehkumdur\/\" \/>\n<meta property=\"og:site_name\" content=\"MEYDAN.TV\" \/>\n<meta property=\"article:published_time\" content=\"2019-04-08T12:11:39+00:00\" \/>\n<meta property=\"og:image\" content=\"https:\/\/www.meydan.tv\/wp-content\/uploads\/64_big.jpg\" \/>\n\t<meta property=\"og:image:width\" content=\"640\" \/>\n\t<meta property=\"og:image:height\" content=\"480\" \/>\n\t<meta property=\"og:image:type\" content=\"image\/jpeg\" \/>\n<meta name=\"author\" content=\"user-manager\" \/>\n<meta name=\"twitter:card\" content=\"summary_large_image\" \/>\n<script type=\"application\/ld+json\" class=\"yoast-schema-graph\">{\"@context\":\"https:\\\/\\\/schema.org\",\"@graph\":[{\"@type\":\"Article\",\"@id\":\"https:\\\/\\\/www.meydan.tv\\\/az\\\/article\\\/pambiq-ekini-ile-mesgul-olanlarin-hamisi-esgerxan-hesenovla-serik-olmaga-mehkumdur\\\/#article\",\"isPartOf\":{\"@id\":\"https:\\\/\\\/www.meydan.tv\\\/az\\\/article\\\/pambiq-ekini-ile-mesgul-olanlarin-hamisi-esgerxan-hesenovla-serik-olmaga-mehkumdur\\\/\"},\"author\":{\"name\":\"user-manager\",\"@id\":\"https:\\\/\\\/www.meydan.tv\\\/az\\\/#\\\/schema\\\/person\\\/10d11eccf6da3662cf5fdab9806ea91a\"},\"headline\":\"&#8221;Pamb\u0131q \u0259kini il\u0259 m\u0259\u015f\u011ful olanlar\u0131n ham\u0131s\u0131 \u018fsg\u0259rxan H\u0259s\u0259novla \u015f\u0259rik olma\u011fa m\u0259hkumdur&#8221;\",\"datePublished\":\"2019-04-08T12:11:39+00:00\",\"mainEntityOfPage\":{\"@id\":\"https:\\\/\\\/www.meydan.tv\\\/az\\\/article\\\/pambiq-ekini-ile-mesgul-olanlarin-hamisi-esgerxan-hesenovla-serik-olmaga-mehkumdur\\\/\"},\"wordCount\":841,\"publisher\":{\"@id\":\"https:\\\/\\\/www.meydan.tv\\\/az\\\/#organization\"},\"image\":{\"@id\":\"https:\\\/\\\/www.meydan.tv\\\/az\\\/article\\\/pambiq-ekini-ile-mesgul-olanlarin-hamisi-esgerxan-hesenovla-serik-olmaga-mehkumdur\\\/#primaryimage\"},\"thumbnailUrl\":\"https:\\\/\\\/www.meydan.tv\\\/wp-content\\\/uploads\\\/64_big.jpg\",\"articleSection\":[\"B\u00f6lg\u0259\"],\"inLanguage\":\"az\"},{\"@type\":\"WebPage\",\"@id\":\"https:\\\/\\\/www.meydan.tv\\\/az\\\/article\\\/pambiq-ekini-ile-mesgul-olanlarin-hamisi-esgerxan-hesenovla-serik-olmaga-mehkumdur\\\/\",\"url\":\"https:\\\/\\\/www.meydan.tv\\\/az\\\/article\\\/pambiq-ekini-ile-mesgul-olanlarin-hamisi-esgerxan-hesenovla-serik-olmaga-mehkumdur\\\/\",\"name\":\"''Pamb\u0131q \u0259kini il\u0259 m\u0259\u015f\u011ful olanlar\u0131n ham\u0131s\u0131 \u018fsg\u0259rxan H\u0259s\u0259novla \u015f\u0259rik olma\u011fa m\u0259hkumdur'' - MEYDAN.TV\",\"isPartOf\":{\"@id\":\"https:\\\/\\\/www.meydan.tv\\\/az\\\/#website\"},\"primaryImageOfPage\":{\"@id\":\"https:\\\/\\\/www.meydan.tv\\\/az\\\/article\\\/pambiq-ekini-ile-mesgul-olanlarin-hamisi-esgerxan-hesenovla-serik-olmaga-mehkumdur\\\/#primaryimage\"},\"image\":{\"@id\":\"https:\\\/\\\/www.meydan.tv\\\/az\\\/article\\\/pambiq-ekini-ile-mesgul-olanlarin-hamisi-esgerxan-hesenovla-serik-olmaga-mehkumdur\\\/#primaryimage\"},\"thumbnailUrl\":\"https:\\\/\\\/www.meydan.tv\\\/wp-content\\\/uploads\\\/64_big.jpg\",\"datePublished\":\"2019-04-08T12:11:39+00:00\",\"breadcrumb\":{\"@id\":\"https:\\\/\\\/www.meydan.tv\\\/az\\\/article\\\/pambiq-ekini-ile-mesgul-olanlarin-hamisi-esgerxan-hesenovla-serik-olmaga-mehkumdur\\\/#breadcrumb\"},\"inLanguage\":\"az\",\"potentialAction\":[{\"@type\":\"ReadAction\",\"target\":[\"https:\\\/\\\/www.meydan.tv\\\/az\\\/article\\\/pambiq-ekini-ile-mesgul-olanlarin-hamisi-esgerxan-hesenovla-serik-olmaga-mehkumdur\\\/\"]}]},{\"@type\":\"ImageObject\",\"inLanguage\":\"az\",\"@id\":\"https:\\\/\\\/www.meydan.tv\\\/az\\\/article\\\/pambiq-ekini-ile-mesgul-olanlarin-hamisi-esgerxan-hesenovla-serik-olmaga-mehkumdur\\\/#primaryimage\",\"url\":\"https:\\\/\\\/www.meydan.tv\\\/wp-content\\\/uploads\\\/64_big.jpg\",\"contentUrl\":\"https:\\\/\\\/www.meydan.tv\\\/wp-content\\\/uploads\\\/64_big.jpg\",\"width\":640,\"height\":480,\"caption\":\"Source: google.az\"},{\"@type\":\"BreadcrumbList\",\"@id\":\"https:\\\/\\\/www.meydan.tv\\\/az\\\/article\\\/pambiq-ekini-ile-mesgul-olanlarin-hamisi-esgerxan-hesenovla-serik-olmaga-mehkumdur\\\/#breadcrumb\",\"itemListElement\":[{\"@type\":\"ListItem\",\"position\":1,\"name\":\"Ana s\u0259hif\u0259\",\"item\":\"https:\\\/\\\/www.meydan.tv\\\/az\\\/\"},{\"@type\":\"ListItem\",\"position\":2,\"name\":\"B\u00f6lg\u0259\",\"item\":\"https:\\\/\\\/www.meydan.tv\\\/az\\\/section\\\/bolge\\\/\"},{\"@type\":\"ListItem\",\"position\":3,\"name\":\"&#8221;Pamb\u0131q \u0259kini il\u0259 m\u0259\u015f\u011ful olanlar\u0131n ham\u0131s\u0131 \u018fsg\u0259rxan H\u0259s\u0259novla \u015f\u0259rik olma\u011fa m\u0259hkumdur&#8221;\"}]},{\"@type\":\"WebSite\",\"@id\":\"https:\\\/\\\/www.meydan.tv\\\/az\\\/#website\",\"url\":\"https:\\\/\\\/www.meydan.tv\\\/az\\\/\",\"name\":\"MEYDAN.TV\",\"description\":\"Meydan TV Az\u0259rbaycan\u0131n media m\u0259kan\u0131ndak\u0131 alternativ s\u0259sidir\",\"publisher\":{\"@id\":\"https:\\\/\\\/www.meydan.tv\\\/az\\\/#organization\"},\"potentialAction\":[{\"@type\":\"SearchAction\",\"target\":{\"@type\":\"EntryPoint\",\"urlTemplate\":\"https:\\\/\\\/www.meydan.tv\\\/az\\\/?s={search_term_string}\"},\"query-input\":{\"@type\":\"PropertyValueSpecification\",\"valueRequired\":true,\"valueName\":\"search_term_string\"}}],\"inLanguage\":\"az\"},{\"@type\":\"Organization\",\"@id\":\"https:\\\/\\\/www.meydan.tv\\\/az\\\/#organization\",\"name\":\"Meydan TV\",\"url\":\"https:\\\/\\\/www.meydan.tv\\\/az\\\/\",\"logo\":{\"@type\":\"ImageObject\",\"inLanguage\":\"az\",\"@id\":\"https:\\\/\\\/www.meydan.tv\\\/az\\\/#\\\/schema\\\/logo\\\/image\\\/\",\"url\":\"https:\\\/\\\/www.meydan.tv\\\/wp-content\\\/uploads\\\/2021\\\/07\\\/meydan-logo.svg\",\"contentUrl\":\"https:\\\/\\\/www.meydan.tv\\\/wp-content\\\/uploads\\\/2021\\\/07\\\/meydan-logo.svg\",\"width\":195,\"height\":46,\"caption\":\"Meydan TV\"},\"image\":{\"@id\":\"https:\\\/\\\/www.meydan.tv\\\/az\\\/#\\\/schema\\\/logo\\\/image\\\/\"}},{\"@type\":\"Person\",\"@id\":\"https:\\\/\\\/www.meydan.tv\\\/az\\\/#\\\/schema\\\/person\\\/10d11eccf6da3662cf5fdab9806ea91a\",\"name\":\"user-manager\"}]}<\/script>\n<!-- \/ Yoast SEO plugin. -->","yoast_head_json":{"title":"''Pamb\u0131q \u0259kini il\u0259 m\u0259\u015f\u011ful olanlar\u0131n ham\u0131s\u0131 \u018fsg\u0259rxan H\u0259s\u0259novla \u015f\u0259rik olma\u011fa m\u0259hkumdur'' - MEYDAN.TV","robots":{"index":"index","follow":"follow","max-snippet":"max-snippet:-1","max-image-preview":"max-image-preview:large","max-video-preview":"max-video-preview:-1"},"canonical":"https:\/\/www.meydan.tv\/az\/article\/pambiq-ekini-ile-mesgul-olanlarin-hamisi-esgerxan-hesenovla-serik-olmaga-mehkumdur\/","og_locale":"az_AZ","og_type":"article","og_title":"''Pamb\u0131q \u0259kini il\u0259 m\u0259\u015f\u011ful olanlar\u0131n ham\u0131s\u0131 \u018fsg\u0259rxan H\u0259s\u0259novla \u015f\u0259rik olma\u011fa m\u0259hkumdur'' - MEYDAN.TV","og_description":"Yerli sakinl\u0259r bildirirl\u0259r ki, \u00f6t\u0259n ild\u0259n A\u011fda\u015f Rayon \u0130cra Hakimiyy\u0259tinin yerli idar\u0259etm\u0259 \u015f\u00f6b\u0259sinin m\u00fcdiri \u018fsg\u0259rxan H\u0259s\u0259nov me\u015f\u0259l\u0259ri d\u00fczl\u0259yib, pamb\u0131q \u0259kdiri","og_url":"https:\/\/www.meydan.tv\/az\/article\/pambiq-ekini-ile-mesgul-olanlarin-hamisi-esgerxan-hesenovla-serik-olmaga-mehkumdur\/","og_site_name":"MEYDAN.TV","article_published_time":"2019-04-08T12:11:39+00:00","og_image":[{"width":640,"height":480,"url":"https:\/\/www.meydan.tv\/wp-content\/uploads\/64_big.jpg","type":"image\/jpeg"}],"author":"user-manager","twitter_card":"summary_large_image","schema":{"@context":"https:\/\/schema.org","@graph":[{"@type":"Article","@id":"https:\/\/www.meydan.tv\/az\/article\/pambiq-ekini-ile-mesgul-olanlarin-hamisi-esgerxan-hesenovla-serik-olmaga-mehkumdur\/#article","isPartOf":{"@id":"https:\/\/www.meydan.tv\/az\/article\/pambiq-ekini-ile-mesgul-olanlarin-hamisi-esgerxan-hesenovla-serik-olmaga-mehkumdur\/"},"author":{"name":"user-manager","@id":"https:\/\/www.meydan.tv\/az\/#\/schema\/person\/10d11eccf6da3662cf5fdab9806ea91a"},"headline":"&#8221;Pamb\u0131q \u0259kini il\u0259 m\u0259\u015f\u011ful olanlar\u0131n ham\u0131s\u0131 \u018fsg\u0259rxan H\u0259s\u0259novla \u015f\u0259rik olma\u011fa m\u0259hkumdur&#8221;","datePublished":"2019-04-08T12:11:39+00:00","mainEntityOfPage":{"@id":"https:\/\/www.meydan.tv\/az\/article\/pambiq-ekini-ile-mesgul-olanlarin-hamisi-esgerxan-hesenovla-serik-olmaga-mehkumdur\/"},"wordCount":841,"publisher":{"@id":"https:\/\/www.meydan.tv\/az\/#organization"},"image":{"@id":"https:\/\/www.meydan.tv\/az\/article\/pambiq-ekini-ile-mesgul-olanlarin-hamisi-esgerxan-hesenovla-serik-olmaga-mehkumdur\/#primaryimage"},"thumbnailUrl":"https:\/\/www.meydan.tv\/wp-content\/uploads\/64_big.jpg","articleSection":["B\u00f6lg\u0259"],"inLanguage":"az"},{"@type":"WebPage","@id":"https:\/\/www.meydan.tv\/az\/article\/pambiq-ekini-ile-mesgul-olanlarin-hamisi-esgerxan-hesenovla-serik-olmaga-mehkumdur\/","url":"https:\/\/www.meydan.tv\/az\/article\/pambiq-ekini-ile-mesgul-olanlarin-hamisi-esgerxan-hesenovla-serik-olmaga-mehkumdur\/","name":"''Pamb\u0131q \u0259kini il\u0259 m\u0259\u015f\u011ful olanlar\u0131n ham\u0131s\u0131 \u018fsg\u0259rxan H\u0259s\u0259novla \u015f\u0259rik olma\u011fa m\u0259hkumdur'' - MEYDAN.TV","isPartOf":{"@id":"https:\/\/www.meydan.tv\/az\/#website"},"primaryImageOfPage":{"@id":"https:\/\/www.meydan.tv\/az\/article\/pambiq-ekini-ile-mesgul-olanlarin-hamisi-esgerxan-hesenovla-serik-olmaga-mehkumdur\/#primaryimage"},"image":{"@id":"https:\/\/www.meydan.tv\/az\/article\/pambiq-ekini-ile-mesgul-olanlarin-hamisi-esgerxan-hesenovla-serik-olmaga-mehkumdur\/#primaryimage"},"thumbnailUrl":"https:\/\/www.meydan.tv\/wp-content\/uploads\/64_big.jpg","datePublished":"2019-04-08T12:11:39+00:00","breadcrumb":{"@id":"https:\/\/www.meydan.tv\/az\/article\/pambiq-ekini-ile-mesgul-olanlarin-hamisi-esgerxan-hesenovla-serik-olmaga-mehkumdur\/#breadcrumb"},"inLanguage":"az","potentialAction":[{"@type":"ReadAction","target":["https:\/\/www.meydan.tv\/az\/article\/pambiq-ekini-ile-mesgul-olanlarin-hamisi-esgerxan-hesenovla-serik-olmaga-mehkumdur\/"]}]},{"@type":"ImageObject","inLanguage":"az","@id":"https:\/\/www.meydan.tv\/az\/article\/pambiq-ekini-ile-mesgul-olanlarin-hamisi-esgerxan-hesenovla-serik-olmaga-mehkumdur\/#primaryimage","url":"https:\/\/www.meydan.tv\/wp-content\/uploads\/64_big.jpg","contentUrl":"https:\/\/www.meydan.tv\/wp-content\/uploads\/64_big.jpg","width":640,"height":480,"caption":"Source: google.az"},{"@type":"BreadcrumbList","@id":"https:\/\/www.meydan.tv\/az\/article\/pambiq-ekini-ile-mesgul-olanlarin-hamisi-esgerxan-hesenovla-serik-olmaga-mehkumdur\/#breadcrumb","itemListElement":[{"@type":"ListItem","position":1,"name":"Ana s\u0259hif\u0259","item":"https:\/\/www.meydan.tv\/az\/"},{"@type":"ListItem","position":2,"name":"B\u00f6lg\u0259","item":"https:\/\/www.meydan.tv\/az\/section\/bolge\/"},{"@type":"ListItem","position":3,"name":"&#8221;Pamb\u0131q \u0259kini il\u0259 m\u0259\u015f\u011ful olanlar\u0131n ham\u0131s\u0131 \u018fsg\u0259rxan H\u0259s\u0259novla \u015f\u0259rik olma\u011fa m\u0259hkumdur&#8221;"}]},{"@type":"WebSite","@id":"https:\/\/www.meydan.tv\/az\/#website","url":"https:\/\/www.meydan.tv\/az\/","name":"MEYDAN.TV","description":"Meydan TV Az\u0259rbaycan\u0131n media m\u0259kan\u0131ndak\u0131 alternativ s\u0259sidir","publisher":{"@id":"https:\/\/www.meydan.tv\/az\/#organization"},"potentialAction":[{"@type":"SearchAction","target":{"@type":"EntryPoint","urlTemplate":"https:\/\/www.meydan.tv\/az\/?s={search_term_string}"},"query-input":{"@type":"PropertyValueSpecification","valueRequired":true,"valueName":"search_term_string"}}],"inLanguage":"az"},{"@type":"Organization","@id":"https:\/\/www.meydan.tv\/az\/#organization","name":"Meydan TV","url":"https:\/\/www.meydan.tv\/az\/","logo":{"@type":"ImageObject","inLanguage":"az","@id":"https:\/\/www.meydan.tv\/az\/#\/schema\/logo\/image\/","url":"https:\/\/www.meydan.tv\/wp-content\/uploads\/2021\/07\/meydan-logo.svg","contentUrl":"https:\/\/www.meydan.tv\/wp-content\/uploads\/2021\/07\/meydan-logo.svg","width":195,"height":46,"caption":"Meydan TV"},"image":{"@id":"https:\/\/www.meydan.tv\/az\/#\/schema\/logo\/image\/"}},{"@type":"Person","@id":"https:\/\/www.meydan.tv\/az\/#\/schema\/person\/10d11eccf6da3662cf5fdab9806ea91a","name":"user-manager"}]}},"_links":{"self":[{"href":"https:\/\/www.meydan.tv\/az\/wp-json\/wp\/v2\/posts\/194835","targetHints":{"allow":["GET"]}}],"collection":[{"href":"https:\/\/www.meydan.tv\/az\/wp-json\/wp\/v2\/posts"}],"about":[{"href":"https:\/\/www.meydan.tv\/az\/wp-json\/wp\/v2\/types\/post"}],"author":[{"embeddable":true,"href":"https:\/\/www.meydan.tv\/az\/wp-json\/wp\/v2\/users\/11"}],"replies":[{"embeddable":true,"href":"https:\/\/www.meydan.tv\/az\/wp-json\/wp\/v2\/comments?post=194835"}],"version-history":[{"count":0,"href":"https:\/\/www.meydan.tv\/az\/wp-json\/wp\/v2\/posts\/194835\/revisions"}],"wp:featuredmedia":[{"embeddable":true,"href":"https:\/\/www.meydan.tv\/az\/wp-json\/wp\/v2\/media\/121539"}],"wp:attachment":[{"href":"https:\/\/www.meydan.tv\/az\/wp-json\/wp\/v2\/media?parent=194835"}],"wp:term":[{"taxonomy":"category","embeddable":true,"href":"https:\/\/www.meydan.tv\/az\/wp-json\/wp\/v2\/categories?post=194835"},{"taxonomy":"post_tag","embeddable":true,"href":"https:\/\/www.meydan.tv\/az\/wp-json\/wp\/v2\/tags?post=194835"}],"curies":[{"name":"wp","href":"https:\/\/api.w.org\/{rel}","templated":true}]}}