{"id":194827,"date":"2019-04-07T18:03:53","date_gmt":"2019-04-07T18:03:53","guid":{"rendered":"https:\/\/www.meydan.tv\/article\/usaqlar-oyanib-yemek-isteyirler-deye-seherin-acilmasini-istemirem\/"},"modified":"2019-04-07T18:03:53","modified_gmt":"2019-04-07T18:03:53","slug":"usaqlar-oyanib-yemek-isteyirler-deye-seherin-acilmasini-istemirem","status":"publish","type":"post","link":"https:\/\/www.meydan.tv\/az\/article\/usaqlar-oyanib-yemek-isteyirler-deye-seherin-acilmasini-istemirem\/","title":{"rendered":"&#8221;U\u015faqlar oyan\u0131b yem\u0259k ist\u0259yirl\u0259r dey\u0259, s\u0259h\u0259rin a\u00e7\u0131lmas\u0131n\u0131 ist\u0259mir\u0259m&#8221;"},"content":{"rendered":"<p>\n  <i><br \/>\n    Yevlax sakini: &#x27;&#x27;4 \u0259sg\u0259r b\u00f6y\u00fcd\u00fcr\u0259m, onlar\u0131n he\u00e7 biri q\u0259l\u0259m tuta bilmir&#x27;&#x27;<br \/>\n  <\/i>\n<\/p>\n<p>\n  36 ya\u015fl\u0131 G\u00f6z\u0259l M\u0259h\u0259rr\u0259movan\u0131n 4 u\u015fa\u011f\u0131 var. O, Yevlax\u0131n Qaram\u0259mm\u0259dli k\u0259ndind\u0259ndir. He\u00e7 yerd\u0259 i\u015fl\u0259m\u0259y\u0259n G\u00f6z\u0259l M\u0259h\u0259rr\u0259mova evd\u0259 4 u\u015fa\u011f\u0131 v\u0259 x\u0259st\u0259 qay\u0131natas\u0131na bax\u0131r. Deyir, ail\u0259sinin yegan\u0259 g\u0259liri d\u0259 el\u0259 ya\u015fl\u0131 qay\u0131natas\u0131n\u0131n 180 manatl\u0131q pensiyas\u0131d\u0131r:\n<\/p>\n<p>\n  \u201cYolda\u015f\u0131m k\u0259ndd\u0259 camaat\u0131n qoyununu otar\u0131r. G\u00fcn\u00fcn\u0259 3-4 manat qazan\u0131r. Bununla dolana bilmirik. Zaman-zaman evin \u0259\u015fyalar\u0131n\u0131 satd\u0131q, o da bit\u0259nd\u0259n sonra u\u015faqlar\u0131 m\u0259kt\u0259bd\u0259n \u00e7\u0131xard\u0131q. \u00c7\u00fcnki onlar\u0131 oxutma\u011fa g\u00fcc\u00fcm\u00fcz \u00e7atm\u0131r. Ayaqqab\u0131, geyim ala bilm\u0259diyimizd\u0259n \u00e7\u0131xar\u0131b oturtmu\u015fuq evd\u0259\u201d.\n<\/p>\n<p>\n  <i><br \/>\n    \u201cOnlar\u0131n yax\u015f\u0131 yeyib, geyinib, m\u0259kt\u0259bd\u0259 d\u0259rs oxuyan ya\u015flar\u0131d\u0131r\u201d<br \/>\n  <\/i>\n<\/p>\n<p>\n  G.M\u0259h\u0259rr\u0259mova deyir ki, d\u0259f\u0259l\u0259rl\u0259 i\u015f \u00fc\u00e7\u00fcn m\u00fcraci\u0259t edibl\u0259r. N\u0259 \u00f6z\u00fc, n\u0259 d\u0259 yolda\u015f\u0131 normal bir i\u015f tapa bilib:\n<\/p>\n<figure class=\"wp-block-image size-large\">\n  <img decoding=\"async\" src=\"https:\/\/www.meydan.tv\/az\/image00006-jpeg-8\/\" alt=\"image00006.jpeg\" class=\"wp-image-121500\"\/><figcaption>\n    M\u0259h\u0259rr\u0259movlar\u0131n evi<br \/>\n  <\/figcaption><\/figure>\n<p>\n  \u201cU\u015faqlar oyan\u0131b yem\u0259k ist\u0259yirl\u0259r dey\u0259, s\u0259h\u0259rin a\u00e7\u0131lmas\u0131n\u0131 ist\u0259mir\u0259m\u201d\n<\/p>\n<p>\n  <i><br \/>\n    Yevlax sakini: \u201c4 \u0259sg\u0259r b\u00f6y\u00fcd\u00fcr\u0259m, onlar\u0131n he\u00e7 biri q\u0259l\u0259m tuta bilmir\u201d<br \/>\n  <\/i>\n<\/p>\n<p>\n  36 ya\u015fl\u0131 G\u00f6z\u0259l M\u0259h\u0259rr\u0259movan\u0131n 4 u\u015fa\u011f\u0131 var. O, Yevlax\u0131n Qaram\u0259mm\u0259dli k\u0259ndind\u0259ndir. He\u00e7 yerd\u0259 i\u015fl\u0259m\u0259y\u0259n G\u00f6z\u0259l M\u0259h\u0259rr\u0259mova evd\u0259 4 u\u015fa\u011f\u0131 v\u0259 x\u0259st\u0259 qay\u0131natas\u0131na bax\u0131r. Deyir, ail\u0259sinin yegan\u0259 g\u0259liri d\u0259 el\u0259 ya\u015fl\u0131 qay\u0131natas\u0131n\u0131n 180 manatl\u0131q pensiyas\u0131d\u0131r:\n<\/p>\n<p>\n  \u201cYolda\u015f\u0131m k\u0259ndd\u0259 camaat\u0131n qoyununu otar\u0131r. G\u00fcn\u00fcn\u0259 3-4 manat qazan\u0131r. Bununla dolana bilmirik. Zaman-zaman evin \u0259\u015fyalar\u0131n\u0131 satd\u0131q, o da bit\u0259nd\u0259n sonra u\u015faqlar\u0131 m\u0259kt\u0259bd\u0259n \u00e7\u0131xard\u0131q. \u00c7\u00fcnki onlar\u0131 oxutma\u011fa g\u00fcc\u00fcm\u00fcz \u00e7atm\u0131r. Ayaqqab\u0131, geyim ala bilm\u0259diyimizd\u0259n \u00e7\u0131xar\u0131b oturtmu\u015fuq evd\u0259\u201d.\n<\/p>\n<p>\n  <i><br \/>\n    \u201cOnlar\u0131n yax\u015f\u0131 yeyib, geyinib, m\u0259kt\u0259bd\u0259 d\u0259rs oxuyan ya\u015flar\u0131d\u0131r\u201d<br \/>\n  <\/i>\n<\/p>\n<p>\n  G.M\u0259h\u0259rr\u0259mova deyir ki, d\u0259f\u0259l\u0259rl\u0259 i\u015f \u00fc\u00e7\u00fcn m\u00fcraci\u0259t edibl\u0259r. N\u0259 \u00f6z\u00fc, n\u0259 d\u0259 yolda\u015f\u0131 normal bir i\u015f tapa bilib:\n<\/p>\n<p>\n  \u201c\u0130nan\u0131n el\u0259 g\u00fcn olur s\u0259h\u0259rin a\u00e7\u0131lmas\u0131n\u0131 ist\u0259mir\u0259m. Ham\u0131s\u0131 u\u015faqd\u0131, ba\u015fa d\u00fc\u015fm\u00fcrl\u0259r. S\u0259h\u0259r olur, yuxudan dururlar, deyirl\u0259r, yem\u0259y\u0259 n\u0259 var? Valideyn kimi utanc ke\u00e7irir\u0259m. Yem\u0259k el\u0259 bir \u015feydir ki, ba\u015fqa \u015fey\u0259 b\u0259nz\u0259mir. Ehtiyacd\u0131r, laz\u0131md\u0131r. Bax, biz o \u0259sas ehtiyac\u0131 \u00f6d\u0259m\u0259kd\u0259 acizik. Onlar\u0131n yax\u015f\u0131 yeyib, geyinib, m\u0259kt\u0259bd\u0259 d\u0259rs oxuyan ya\u015flar\u0131d\u0131r. Ancaq ac, susuz, b\u00fct\u00fcn g\u00fcn\u00fc k\u00fc\u00e7\u0259l\u0259rd\u0259dirl\u0259r. Qal\u0131n geyiml\u0259ri bel\u0259 yoxdur. Qon\u015funun, onun-bunun verdiyi il\u0259 dolan\u0131r\u0131q. O da n\u0259 vaxta q\u0259d\u0259r bel\u0259 davam ed\u0259c\u0259k, bilmir\u0259m\u201d.\n<\/p>\n<p>\n  <i><br \/>\n    \u201cBiz\u0259 qaz \u00e7\u0259kmirl\u0259r ki, n\u0259 il\u0259 \u00f6d\u0259y\u0259c\u0259ksiniz?\u201d<br \/>\n  <\/i>\n<\/p>\n<p>\n  Ail\u0259 d\u0259f\u0259l\u0259rl\u0259 D\u00f6vl\u0259t Sosial M\u00fcdafi\u0259 Fondunun Yevlax rayon \u015f\u00f6b\u0259sin\u0259 \u00fcnvanl\u0131 sosial yard\u0131ma, i\u015f \u00fc\u00e7\u00fcns\u0259 Yevlax Rayon \u0130cra Hakimiyy\u0259tin\u0259 m\u00fcraci\u0259t edib. Ancaq n\u0259tic\u0259si olmay\u0131b. N\u0259 i\u015f tap\u0131blar, n\u0259 d\u0259 sosial yard\u0131m ala bilibl\u0259r:\n<\/p>\n<p>\n  \u201cDeyirl\u0259r, \u201csiz\u0259 yard\u0131m d\u00fc\u015fm\u00fcr\u201d. Halbuki dediyim kimi qay\u0131natam\u0131n pensiyas\u0131ndan ba\u015fqa bir q\u0259pik g\u0259lirimiz yoxdur. Evimizi d\u0259 g\u00f6r\u00fcrs\u00fcn\u00fcz d\u0259, h\u0259r yeri u\u00e7ub-t\u00f6k\u00fcl\u00fcr. \u018fl g\u0259zdir\u0259 bilmirik. N\u0259inki ev\u0259 \u0259l g\u0259zdirm\u0259k, biz\u0259 qaz \u00e7\u0259kmirl\u0259r ki, n\u0259 il\u0259 \u00f6d\u0259y\u0259c\u0259ksiniz? Onlar da bizim hans\u0131 v\u0259ziyy\u0259td\u0259 oldu\u011fumuzu bilirl\u0259r. Q\u0131\u015f\u0131 k\u00fc\u00e7\u0259d\u0259n \u00e7\u00f6r-\u00e7\u00f6p toplamaqdan yorulmu\u015fuq. Odun pe\u00e7i yand\u0131r\u0131r\u0131q\u201d.\n<\/p>\n<figure class=\"wp-block-image size-large\">\n  <img decoding=\"async\" src=\"https:\/\/www.meydan.tv\/az\/image00008-jpeg-8\/\" alt=\"image00008.jpeg\" class=\"wp-image-121518\"\/><figcaption>\n    odun pe\u00e7i<br \/>\n  <\/figcaption><\/figure>\n<p>\n  <i><br \/>\n    \u201cG\u00fcnd\u0259 bir d\u0259f\u0259 yem\u0259k tapanda sevinirik\u201d<br \/>\n  <\/i>\n<\/p>\n<p>\n  Ail\u0259nin yegan\u0259 g\u0259liri ya\u015fl\u0131 qay\u0131natan\u0131n pensiyas\u0131d\u0131r. G.M\u0259h\u0259rr\u0259mova deyir ki, o da he\u00e7 \u00f6z d\u0259rmanlar\u0131na \u00e7atm\u0131r:\n<\/p>\n<p>\n  \u201cDeyir\u0259m d\u0259, biz g\u00fcnd\u0259 bir d\u0259f\u0259 yem\u0259k tapanda sevinirik. Camaat s\u0259h\u0259r, g\u00fcnorta, ax\u015fam yeyir. Biz bu \u015feyl\u0259ri \u00e7oxdan unutmu\u015fuq. Bir ac\u0131ndan \u00f6lm\u0259diyimiz qal\u0131b. Ad\u0131m\u0131za he\u00e7 n\u0259 yoxdur. Birc\u0259 bu s\u0131n\u0131q-salxaq evdir. Onun da g\u00fcn\u00fcn\u00fc g\u00f6r\u00fcrs\u00fcn\u00fcz, t\u00f6vl\u0259y\u0259 b\u0259nz\u0259yir. H\u0259r t\u0259r\u0259fi d\u0259 u\u00e7ub, t\u00f6k\u00fcl\u00fcr. Ancaq deyirl\u0259r, \u201csiz\u0259 yard\u0131m d\u00fc\u015fm\u00fcr\u201d\u201d.\n<\/p>\n<p>\n  <i><br \/>\n    \u201cU\u015faqlar\u0131m\u0131n bizim kimi savads\u0131z b\u00f6y\u00fcm\u0259sini ist\u0259mir\u0259m\u201d<br \/>\n  <\/i>\n<\/p>\n<p>\n  G\u00f6z\u0259l M\u0259h\u0259rr\u0259mova deyir ki, \u0259slind\u0259 h\u0259yat yolda\u015f\u0131n\u0131 normal i\u015fl\u0259 t\u0259min ets\u0259l\u0259r, onlar\u0131n yard\u0131ma ehtiyac\u0131 qalmaz. Ancaq i\u015f m\u0259s\u0259l\u0259si d\u0259 m\u00fc\u015fk\u00fcld\u00fcr dey\u0259, \u00fcnvanl\u0131 sosial yard\u0131mdan ba\u015fqa \u00e7\u0131x\u0131\u015f yolu g\u00f6rm\u00fcrl\u0259r:\n<\/p>\n<figure class=\"wp-block-image size-large\">\n  <img decoding=\"async\" src=\"https:\/\/www.meydan.tv\/az\/image00004-jpeg-5\/\" alt=\"image00004.jpeg\" class=\"wp-image-121506\"\/><figcaption>\n    d\u0259hlizin tavan\u0131<br \/>\n  <\/figcaption><\/figure>\n<p>\n  \u201cBir g\u00fcn i\u015f olanda, be\u015f g\u00fcn evd\u0259 oturur. G\u00fcn\u0259 2-3 manatla 7 n\u0259f\u0259rlik ail\u0259 nec\u0259 dolans\u0131n? Deyirl\u0259r, b\u00f6lg\u0259l\u0259rd\u0259 i\u015fsizlik yoxdur. Siz bir axtar\u0131n, g\u00f6r\u00fcn, b\u00f6lg\u0259l\u0259rd\u0259 i\u015fl\u0259y\u0259n varm\u0131? Bu u\u015faqlar\u0131 geyim d\u0259rdind\u0259n m\u0259kt\u0259b\u0259 g\u00f6nd\u0259r\u0259 bilmir\u0259m. Onlar\u0131n g\u0259l\u0259c\u0259yi n\u0259 olacaq, nec\u0259 olacaq he\u00e7 onu da bilmir\u0259m. H\u00f6kum\u0259timizd\u0259n xahi\u015f edir\u0259m, biz\u0259 yaz\u0131\u011f\u0131 g\u0259lmir, he\u00e7 olmasa bu u\u015faqlara g\u0259lsin, k\u00f6m\u0259k etsinl\u0259r. M\u0259n u\u015faqlar\u0131ma t\u0259hsil verm\u0259k ist\u0259yir\u0259m. Onlar\u0131n bizim kimi savads\u0131z b\u00f6y\u00fcm\u0259sini, f\u0259hl\u0259 olmas\u0131n\u0131 ist\u0259mir\u0259m\u201d.\n<\/p>\n<p>\n  <i><br \/>\n    \u201cBa\u015fqa ad\u0131 yoxdur, biz \u00f6l\u00fcr\u00fck, bu, \u00f6lm\u0259kdir\u201d<br \/>\n  <\/i>\n<\/p>\n<p>\n  Ail\u0259nin b\u00f6y\u00fck o\u011flu 8-ci sinifd\u0259 oxumal\u0131d\u0131r. Ancaq imkans\u0131zl\u0131qdan t\u0259hsil ala bilmir. \u0130kinci u\u015faq 3-c\u00fc, dig\u0259ri 1-ci sinf\u0259 getm\u0259lidir. Ancaq valideynl\u0259ri geyiml\u0259ri, d\u0259ft\u0259r-q\u0259l\u0259ml\u0259ri olmad\u0131\u011f\u0131 \u00fc\u00e7\u00fcn he\u00e7 birini m\u0259kt\u0259b\u0259 g\u00f6nd\u0259r\u0259 bilmir:\n<\/p>\n<p>\n  \u201c4-c\u00fc o\u011flum h\u0259l\u0259 ki\u00e7ikdir. O da ba\u011f\u00e7aya getm\u0259lidir. Onu da g\u00f6nd\u0259r\u0259 bilmir\u0259m. Evd\u0259 x\u0259st\u0259miz var, budur, yaz\u0131q qay\u0131natam, ya\u015fl\u0131 adamd\u0131, yataq x\u0259st\u0259sidir, g\u00f6zl\u0259ri tutulub. Bird\u0259n el\u0259 a\u011fr\u0131lar\u0131 olur ki, biz ona d\u0259rman almaq \u00fc\u00e7\u00fcn pul tapm\u0131r\u0131q. Hardan tapaq, yaz\u0131\u011f\u0131n pensiyas\u0131n\u0131 \u00e7\u00f6r\u0259y\u0259, q\u0259nd\u0259 veririk. 180 manat n\u0259 puldur ki? He\u00e7 7 n\u0259f\u0259rin quru \u00e7\u00f6r\u0259yin\u0259, \u00e7ay\u0131na \u00e7atm\u0131r. Vallah, bunun ba\u015fqa ad\u0131 yoxdur. Biz \u00f6l\u00fcr\u00fck, bu, \u00f6lm\u0259kdir\u201d.\n<\/p>\n<figure class=\"wp-block-image size-large\">\n  <img decoding=\"async\" src=\"https:\/\/www.meydan.tv\/az\/image00010-jpeg-3\/\" alt=\"image00010.jpeg\" class=\"wp-image-121509\"\/><figcaption>\n    evin tavan\u0131<br \/>\n  <\/figcaption><\/figure>\n<p>\n  <i><br \/>\n    \u201cBilirsiniz k\u0259ndd\u0259 n\u0259 q\u0259d\u0259r bizim kimi ail\u0259l\u0259r var?\u201d<br \/>\n  <\/i>\n<\/p>\n<p>\n  G.M\u0259h\u0259rr\u0259mova deyir ki, s\u0131n\u0131q-s\u00f6k\u00fck, da\u011f\u0131lan, k\u00f6hn\u0259 evind\u0259 4 \u00f6vlad b\u00f6y\u00fcd\u00fcr. Ham\u0131s\u0131 da o\u011flan, g\u0259l\u0259c\u0259yin \u0259sg\u0259ridir. Ancaq onlar\u0131n he\u00e7 biri adic\u0259 adlar\u0131n\u0131 da yaza bilmirl\u0259r:\n<\/p>\n<p>\n  \u201cD\u00f6rd\u00fc d\u0259 ad\u0131n\u0131 yaza bilmir, savads\u0131zd\u0131r. Bunun ax\u0131r\u0131 nec\u0259 olacaq? Bilirsiniz k\u0259ndd\u0259 n\u0259 q\u0259d\u0259r bizim kimi ail\u0259l\u0259r var? M\u0259nc\u0259, bel\u0259 hal \u00f6lk\u0259nin g\u0259l\u0259c\u0259yin\u0259 d\u0259 z\u0259r\u0259rlidir. T\u0259hsilsizlik yay\u0131l\u0131r, m\u0259n bel\u0259 olmas\u0131n\u0131 ist\u0259m\u0259r\u0259m, amma \u0259limd\u0259n ba\u015fqa he\u00e7 n\u0259 g\u0259lmir. M\u0259n g\u0259l\u0259c\u0259y\u0259 4 \u0259sg\u0259r b\u00f6y\u00fcd\u00fcr\u0259m v\u0259 onlar\u0131n he\u00e7 biri q\u0259l\u0259m tuta bilmir\u201d.\n<\/p>\n<figure class=\"wp-block-image size-large\">\n  <img decoding=\"async\" src=\"https:\/\/www.meydan.tv\/az\/image00007-jpeg-6\/\" alt=\"image00007.jpeg\" class=\"wp-image-121515\"\/><figcaption>\n    G\u00f6z\u0259l M\u0259h\u0259rr\u0259movan\u0131n qay\u0131natas\u0131<br \/>\n  <\/figcaption><\/figure>\n<p>\n  <i><br \/>\n    \u201cM\u00fcraci\u0259t etsinl\u0259r, baxaq\u201d<br \/>\n  <\/i>\n<\/p>\n<p>\n  Meydan TV ail\u0259nin v\u0259ziyy\u0259ti il\u0259 ba\u011fl\u0131 Yevlax Rayon \u0130cra Hakimiyy\u0259tini m\u0259lumatland\u0131r\u0131b. \u0130cra hakimiyy\u0259tinin \u00fcmumi \u015f\u00f6b\u0259sind\u0259n bildirilib ki, h\u0259min ail\u0259nin probleml\u0259rinin he\u00e7 birinin onlara aidiyyat\u0131 yoxdur:\n<\/p>\n<p>\n  \u201c\u0130\u015fsizlikl\u0259 ba\u011fl\u0131 m\u0259\u015f\u011fulluq m\u0259rk\u0259zin\u0259, \u00fcnvanl\u0131 sosial yard\u0131mla ba\u011fl\u0131 is\u0259 sosial fonda m\u00fcraci\u0259t etm\u0259lidirl\u0259r. Qald\u0131, evl\u0259rinin q\u0259zal\u0131 v\u0259ziyy\u0259td\u0259 olmas\u0131na da biz baxm\u0131r\u0131q. F\u0259rdi \u015f\u0259xsl\u0259r\u0259 ev tikmirik\u201d.\n<\/p>\n<p>\n  D\u00f6vl\u0259t Sosial M\u00fcdafi\u0259 Fondunun Yevlax rayon \u015f\u00f6b\u0259sind\u0259n is\u0259 bildirilib ki, ail\u0259 onlara m\u00fcraci\u0259t etm\u0259lidir:\n<\/p>\n<p>\n  \u201cBiz elektron m\u00fcraci\u0259t t\u0259klif ed\u0259 bil\u0259rik. Yox, bunu bacarmayacaqlarsa, yax\u0131nla\u015fs\u0131nlar, onlara n\u0259 etm\u0259l\u0259ri laz\u0131m oldu\u011funu dey\u0259k. \u018fg\u0259r v\u0259ziyy\u0259tl\u0259ri il\u0259 ba\u011fl\u0131 sosial yard\u0131m d\u00fc\u015f\u00fcrs\u0259, veril\u0259r. Bunun \u00fc\u00e7\u00fcn \u0259vv\u0259lc\u0259 m\u00fcraci\u0259t etm\u0259lidirl\u0259r. Komissiya onlar\u0131n s\u0259n\u0259dl\u0259rin\u0259 baxmal\u0131d\u0131r, sonra yard\u0131m\u0131n verilib, verilm\u0259y\u0259c\u0259yi il\u0259 ba\u011fl\u0131 q\u0259rar verilm\u0259lidir\u201d.\n<\/p>\n<figure class=\"wp-block-image size-large\">\n  <img decoding=\"async\" src=\"https:\/\/www.meydan.tv\/az\/image00014-jpeg\/\" alt=\"image00014.jpeg\" class=\"wp-image-121521\"\/><figcaption>\n    M\u0259h\u0259rr\u0259movlar ail\u0259si<br \/>\n  <\/figcaption><\/figure>\n<figure class=\"wp-block-image size-large\">\n  <img decoding=\"async\" src=\"https:\/\/www.meydan.tv\/az\/image00003-jpeg-4\/\" alt=\"image00003.jpeg\" class=\"wp-image-121524\"\/><figcaption>\n    m\u0259tb\u0259x<br \/>\n  <\/figcaption><\/figure>\n<figure class=\"wp-block-image size-large\">\n  <img decoding=\"async\" src=\"https:\/\/www.meydan.tv\/az\/image00016-jpeg-3\/\" alt=\"image00016.jpeg\" class=\"wp-image-121527\"\/><figcaption>\n    ev<br \/>\n  <\/figcaption><\/figure>\n","protected":false},"excerpt":{"rendered":"<p>G\u00fcn\u0259 2-3 manatla 7 n\u0259f\u0259rlik ail\u0259 nec\u0259 dolans\u0131n?<\/p>\n","protected":false},"author":11,"featured_media":121497,"comment_status":"closed","ping_status":"open","sticky":false,"template":"","format":"standard","meta":{"_acf_changed":false,"_sitemap_exclude":false,"_sitemap_priority":"","_sitemap_frequency":"","footnotes":""},"categories":[60],"tags":[],"class_list":["post-194827","post","type-post","status-publish","format-standard","has-post-thumbnail","hentry","category-bolge","infinite-scroll-item","generate-columns","tablet-grid-50","mobile-grid-100","grid-parent","grid-33","no-featured-image-padding"],"acf":[],"yoast_head":"<!-- This site is optimized with the Yoast SEO plugin v27.4 - https:\/\/yoast.com\/product\/yoast-seo-wordpress\/ -->\n<title>&#039;&#039;U\u015faqlar oyan\u0131b yem\u0259k ist\u0259yirl\u0259r dey\u0259, s\u0259h\u0259rin a\u00e7\u0131lmas\u0131n\u0131 ist\u0259mir\u0259m&#039;&#039; - MEYDAN.TV<\/title>\n<meta name=\"robots\" content=\"index, follow, max-snippet:-1, max-image-preview:large, max-video-preview:-1\" \/>\n<link rel=\"canonical\" href=\"https:\/\/www.meydan.tv\/az\/article\/usaqlar-oyanib-yemek-isteyirler-deye-seherin-acilmasini-istemirem\/\" \/>\n<meta property=\"og:locale\" content=\"az_AZ\" \/>\n<meta property=\"og:type\" content=\"article\" \/>\n<meta property=\"og:title\" content=\"&#039;&#039;U\u015faqlar oyan\u0131b yem\u0259k ist\u0259yirl\u0259r dey\u0259, s\u0259h\u0259rin a\u00e7\u0131lmas\u0131n\u0131 ist\u0259mir\u0259m&#039;&#039; - MEYDAN.TV\" \/>\n<meta property=\"og:description\" content=\"G\u00fcn\u0259 2-3 manatla 7 n\u0259f\u0259rlik ail\u0259 nec\u0259 dolans\u0131n?\" \/>\n<meta property=\"og:url\" content=\"https:\/\/www.meydan.tv\/az\/article\/usaqlar-oyanib-yemek-isteyirler-deye-seherin-acilmasini-istemirem\/\" \/>\n<meta property=\"og:site_name\" content=\"MEYDAN.TV\" \/>\n<meta property=\"article:published_time\" content=\"2019-04-07T18:03:53+00:00\" \/>\n<meta property=\"og:image\" content=\"https:\/\/www.meydan.tv\/wp-content\/uploads\/image00002_qrlqjhg.jpeg\" \/>\n\t<meta property=\"og:image:width\" content=\"640\" \/>\n\t<meta property=\"og:image:height\" content=\"480\" \/>\n\t<meta property=\"og:image:type\" content=\"image\/jpeg\" \/>\n<meta name=\"author\" content=\"user-manager\" \/>\n<meta name=\"twitter:card\" content=\"summary_large_image\" \/>\n<script type=\"application\/ld+json\" class=\"yoast-schema-graph\">{\"@context\":\"https:\\\/\\\/schema.org\",\"@graph\":[{\"@type\":\"Article\",\"@id\":\"https:\\\/\\\/www.meydan.tv\\\/az\\\/article\\\/usaqlar-oyanib-yemek-isteyirler-deye-seherin-acilmasini-istemirem\\\/#article\",\"isPartOf\":{\"@id\":\"https:\\\/\\\/www.meydan.tv\\\/az\\\/article\\\/usaqlar-oyanib-yemek-isteyirler-deye-seherin-acilmasini-istemirem\\\/\"},\"author\":{\"name\":\"user-manager\",\"@id\":\"https:\\\/\\\/www.meydan.tv\\\/az\\\/#\\\/schema\\\/person\\\/10d11eccf6da3662cf5fdab9806ea91a\"},\"headline\":\"&#8221;U\u015faqlar oyan\u0131b yem\u0259k ist\u0259yirl\u0259r dey\u0259, s\u0259h\u0259rin a\u00e7\u0131lmas\u0131n\u0131 ist\u0259mir\u0259m&#8221;\",\"datePublished\":\"2019-04-07T18:03:53+00:00\",\"mainEntityOfPage\":{\"@id\":\"https:\\\/\\\/www.meydan.tv\\\/az\\\/article\\\/usaqlar-oyanib-yemek-isteyirler-deye-seherin-acilmasini-istemirem\\\/\"},\"wordCount\":1540,\"publisher\":{\"@id\":\"https:\\\/\\\/www.meydan.tv\\\/az\\\/#organization\"},\"image\":{\"@id\":\"https:\\\/\\\/www.meydan.tv\\\/az\\\/article\\\/usaqlar-oyanib-yemek-isteyirler-deye-seherin-acilmasini-istemirem\\\/#primaryimage\"},\"thumbnailUrl\":\"https:\\\/\\\/www.meydan.tv\\\/wp-content\\\/uploads\\\/image00002_qrlqjhg.jpeg\",\"articleSection\":[\"B\u00f6lg\u0259\"],\"inLanguage\":\"az\"},{\"@type\":\"WebPage\",\"@id\":\"https:\\\/\\\/www.meydan.tv\\\/az\\\/article\\\/usaqlar-oyanib-yemek-isteyirler-deye-seherin-acilmasini-istemirem\\\/\",\"url\":\"https:\\\/\\\/www.meydan.tv\\\/az\\\/article\\\/usaqlar-oyanib-yemek-isteyirler-deye-seherin-acilmasini-istemirem\\\/\",\"name\":\"''U\u015faqlar oyan\u0131b yem\u0259k ist\u0259yirl\u0259r dey\u0259, s\u0259h\u0259rin a\u00e7\u0131lmas\u0131n\u0131 ist\u0259mir\u0259m'' - MEYDAN.TV\",\"isPartOf\":{\"@id\":\"https:\\\/\\\/www.meydan.tv\\\/az\\\/#website\"},\"primaryImageOfPage\":{\"@id\":\"https:\\\/\\\/www.meydan.tv\\\/az\\\/article\\\/usaqlar-oyanib-yemek-isteyirler-deye-seherin-acilmasini-istemirem\\\/#primaryimage\"},\"image\":{\"@id\":\"https:\\\/\\\/www.meydan.tv\\\/az\\\/article\\\/usaqlar-oyanib-yemek-isteyirler-deye-seherin-acilmasini-istemirem\\\/#primaryimage\"},\"thumbnailUrl\":\"https:\\\/\\\/www.meydan.tv\\\/wp-content\\\/uploads\\\/image00002_qrlqjhg.jpeg\",\"datePublished\":\"2019-04-07T18:03:53+00:00\",\"breadcrumb\":{\"@id\":\"https:\\\/\\\/www.meydan.tv\\\/az\\\/article\\\/usaqlar-oyanib-yemek-isteyirler-deye-seherin-acilmasini-istemirem\\\/#breadcrumb\"},\"inLanguage\":\"az\",\"potentialAction\":[{\"@type\":\"ReadAction\",\"target\":[\"https:\\\/\\\/www.meydan.tv\\\/az\\\/article\\\/usaqlar-oyanib-yemek-isteyirler-deye-seherin-acilmasini-istemirem\\\/\"]}]},{\"@type\":\"ImageObject\",\"inLanguage\":\"az\",\"@id\":\"https:\\\/\\\/www.meydan.tv\\\/az\\\/article\\\/usaqlar-oyanib-yemek-isteyirler-deye-seherin-acilmasini-istemirem\\\/#primaryimage\",\"url\":\"https:\\\/\\\/www.meydan.tv\\\/wp-content\\\/uploads\\\/image00002_qrlqjhg.jpeg\",\"contentUrl\":\"https:\\\/\\\/www.meydan.tv\\\/wp-content\\\/uploads\\\/image00002_qrlqjhg.jpeg\",\"width\":640,\"height\":480,\"caption\":\"Source: meydan.tv\"},{\"@type\":\"BreadcrumbList\",\"@id\":\"https:\\\/\\\/www.meydan.tv\\\/az\\\/article\\\/usaqlar-oyanib-yemek-isteyirler-deye-seherin-acilmasini-istemirem\\\/#breadcrumb\",\"itemListElement\":[{\"@type\":\"ListItem\",\"position\":1,\"name\":\"Ana s\u0259hif\u0259\",\"item\":\"https:\\\/\\\/www.meydan.tv\\\/az\\\/\"},{\"@type\":\"ListItem\",\"position\":2,\"name\":\"B\u00f6lg\u0259\",\"item\":\"https:\\\/\\\/www.meydan.tv\\\/az\\\/section\\\/bolge\\\/\"},{\"@type\":\"ListItem\",\"position\":3,\"name\":\"&#8221;U\u015faqlar oyan\u0131b yem\u0259k ist\u0259yirl\u0259r dey\u0259, s\u0259h\u0259rin a\u00e7\u0131lmas\u0131n\u0131 ist\u0259mir\u0259m&#8221;\"}]},{\"@type\":\"WebSite\",\"@id\":\"https:\\\/\\\/www.meydan.tv\\\/az\\\/#website\",\"url\":\"https:\\\/\\\/www.meydan.tv\\\/az\\\/\",\"name\":\"MEYDAN.TV\",\"description\":\"Meydan TV Az\u0259rbaycan\u0131n media m\u0259kan\u0131ndak\u0131 alternativ s\u0259sidir\",\"publisher\":{\"@id\":\"https:\\\/\\\/www.meydan.tv\\\/az\\\/#organization\"},\"potentialAction\":[{\"@type\":\"SearchAction\",\"target\":{\"@type\":\"EntryPoint\",\"urlTemplate\":\"https:\\\/\\\/www.meydan.tv\\\/az\\\/?s={search_term_string}\"},\"query-input\":{\"@type\":\"PropertyValueSpecification\",\"valueRequired\":true,\"valueName\":\"search_term_string\"}}],\"inLanguage\":\"az\"},{\"@type\":\"Organization\",\"@id\":\"https:\\\/\\\/www.meydan.tv\\\/az\\\/#organization\",\"name\":\"Meydan TV\",\"url\":\"https:\\\/\\\/www.meydan.tv\\\/az\\\/\",\"logo\":{\"@type\":\"ImageObject\",\"inLanguage\":\"az\",\"@id\":\"https:\\\/\\\/www.meydan.tv\\\/az\\\/#\\\/schema\\\/logo\\\/image\\\/\",\"url\":\"https:\\\/\\\/www.meydan.tv\\\/wp-content\\\/uploads\\\/2021\\\/07\\\/meydan-logo.svg\",\"contentUrl\":\"https:\\\/\\\/www.meydan.tv\\\/wp-content\\\/uploads\\\/2021\\\/07\\\/meydan-logo.svg\",\"width\":195,\"height\":46,\"caption\":\"Meydan TV\"},\"image\":{\"@id\":\"https:\\\/\\\/www.meydan.tv\\\/az\\\/#\\\/schema\\\/logo\\\/image\\\/\"}},{\"@type\":\"Person\",\"@id\":\"https:\\\/\\\/www.meydan.tv\\\/az\\\/#\\\/schema\\\/person\\\/10d11eccf6da3662cf5fdab9806ea91a\",\"name\":\"user-manager\"}]}<\/script>\n<!-- \/ Yoast SEO plugin. -->","yoast_head_json":{"title":"''U\u015faqlar oyan\u0131b yem\u0259k ist\u0259yirl\u0259r dey\u0259, s\u0259h\u0259rin a\u00e7\u0131lmas\u0131n\u0131 ist\u0259mir\u0259m'' - MEYDAN.TV","robots":{"index":"index","follow":"follow","max-snippet":"max-snippet:-1","max-image-preview":"max-image-preview:large","max-video-preview":"max-video-preview:-1"},"canonical":"https:\/\/www.meydan.tv\/az\/article\/usaqlar-oyanib-yemek-isteyirler-deye-seherin-acilmasini-istemirem\/","og_locale":"az_AZ","og_type":"article","og_title":"''U\u015faqlar oyan\u0131b yem\u0259k ist\u0259yirl\u0259r dey\u0259, s\u0259h\u0259rin a\u00e7\u0131lmas\u0131n\u0131 ist\u0259mir\u0259m'' - MEYDAN.TV","og_description":"G\u00fcn\u0259 2-3 manatla 7 n\u0259f\u0259rlik ail\u0259 nec\u0259 dolans\u0131n?","og_url":"https:\/\/www.meydan.tv\/az\/article\/usaqlar-oyanib-yemek-isteyirler-deye-seherin-acilmasini-istemirem\/","og_site_name":"MEYDAN.TV","article_published_time":"2019-04-07T18:03:53+00:00","og_image":[{"width":640,"height":480,"url":"https:\/\/www.meydan.tv\/wp-content\/uploads\/image00002_qrlqjhg.jpeg","type":"image\/jpeg"}],"author":"user-manager","twitter_card":"summary_large_image","schema":{"@context":"https:\/\/schema.org","@graph":[{"@type":"Article","@id":"https:\/\/www.meydan.tv\/az\/article\/usaqlar-oyanib-yemek-isteyirler-deye-seherin-acilmasini-istemirem\/#article","isPartOf":{"@id":"https:\/\/www.meydan.tv\/az\/article\/usaqlar-oyanib-yemek-isteyirler-deye-seherin-acilmasini-istemirem\/"},"author":{"name":"user-manager","@id":"https:\/\/www.meydan.tv\/az\/#\/schema\/person\/10d11eccf6da3662cf5fdab9806ea91a"},"headline":"&#8221;U\u015faqlar oyan\u0131b yem\u0259k ist\u0259yirl\u0259r dey\u0259, s\u0259h\u0259rin a\u00e7\u0131lmas\u0131n\u0131 ist\u0259mir\u0259m&#8221;","datePublished":"2019-04-07T18:03:53+00:00","mainEntityOfPage":{"@id":"https:\/\/www.meydan.tv\/az\/article\/usaqlar-oyanib-yemek-isteyirler-deye-seherin-acilmasini-istemirem\/"},"wordCount":1540,"publisher":{"@id":"https:\/\/www.meydan.tv\/az\/#organization"},"image":{"@id":"https:\/\/www.meydan.tv\/az\/article\/usaqlar-oyanib-yemek-isteyirler-deye-seherin-acilmasini-istemirem\/#primaryimage"},"thumbnailUrl":"https:\/\/www.meydan.tv\/wp-content\/uploads\/image00002_qrlqjhg.jpeg","articleSection":["B\u00f6lg\u0259"],"inLanguage":"az"},{"@type":"WebPage","@id":"https:\/\/www.meydan.tv\/az\/article\/usaqlar-oyanib-yemek-isteyirler-deye-seherin-acilmasini-istemirem\/","url":"https:\/\/www.meydan.tv\/az\/article\/usaqlar-oyanib-yemek-isteyirler-deye-seherin-acilmasini-istemirem\/","name":"''U\u015faqlar oyan\u0131b yem\u0259k ist\u0259yirl\u0259r dey\u0259, s\u0259h\u0259rin a\u00e7\u0131lmas\u0131n\u0131 ist\u0259mir\u0259m'' - MEYDAN.TV","isPartOf":{"@id":"https:\/\/www.meydan.tv\/az\/#website"},"primaryImageOfPage":{"@id":"https:\/\/www.meydan.tv\/az\/article\/usaqlar-oyanib-yemek-isteyirler-deye-seherin-acilmasini-istemirem\/#primaryimage"},"image":{"@id":"https:\/\/www.meydan.tv\/az\/article\/usaqlar-oyanib-yemek-isteyirler-deye-seherin-acilmasini-istemirem\/#primaryimage"},"thumbnailUrl":"https:\/\/www.meydan.tv\/wp-content\/uploads\/image00002_qrlqjhg.jpeg","datePublished":"2019-04-07T18:03:53+00:00","breadcrumb":{"@id":"https:\/\/www.meydan.tv\/az\/article\/usaqlar-oyanib-yemek-isteyirler-deye-seherin-acilmasini-istemirem\/#breadcrumb"},"inLanguage":"az","potentialAction":[{"@type":"ReadAction","target":["https:\/\/www.meydan.tv\/az\/article\/usaqlar-oyanib-yemek-isteyirler-deye-seherin-acilmasini-istemirem\/"]}]},{"@type":"ImageObject","inLanguage":"az","@id":"https:\/\/www.meydan.tv\/az\/article\/usaqlar-oyanib-yemek-isteyirler-deye-seherin-acilmasini-istemirem\/#primaryimage","url":"https:\/\/www.meydan.tv\/wp-content\/uploads\/image00002_qrlqjhg.jpeg","contentUrl":"https:\/\/www.meydan.tv\/wp-content\/uploads\/image00002_qrlqjhg.jpeg","width":640,"height":480,"caption":"Source: meydan.tv"},{"@type":"BreadcrumbList","@id":"https:\/\/www.meydan.tv\/az\/article\/usaqlar-oyanib-yemek-isteyirler-deye-seherin-acilmasini-istemirem\/#breadcrumb","itemListElement":[{"@type":"ListItem","position":1,"name":"Ana s\u0259hif\u0259","item":"https:\/\/www.meydan.tv\/az\/"},{"@type":"ListItem","position":2,"name":"B\u00f6lg\u0259","item":"https:\/\/www.meydan.tv\/az\/section\/bolge\/"},{"@type":"ListItem","position":3,"name":"&#8221;U\u015faqlar oyan\u0131b yem\u0259k ist\u0259yirl\u0259r dey\u0259, s\u0259h\u0259rin a\u00e7\u0131lmas\u0131n\u0131 ist\u0259mir\u0259m&#8221;"}]},{"@type":"WebSite","@id":"https:\/\/www.meydan.tv\/az\/#website","url":"https:\/\/www.meydan.tv\/az\/","name":"MEYDAN.TV","description":"Meydan TV Az\u0259rbaycan\u0131n media m\u0259kan\u0131ndak\u0131 alternativ s\u0259sidir","publisher":{"@id":"https:\/\/www.meydan.tv\/az\/#organization"},"potentialAction":[{"@type":"SearchAction","target":{"@type":"EntryPoint","urlTemplate":"https:\/\/www.meydan.tv\/az\/?s={search_term_string}"},"query-input":{"@type":"PropertyValueSpecification","valueRequired":true,"valueName":"search_term_string"}}],"inLanguage":"az"},{"@type":"Organization","@id":"https:\/\/www.meydan.tv\/az\/#organization","name":"Meydan TV","url":"https:\/\/www.meydan.tv\/az\/","logo":{"@type":"ImageObject","inLanguage":"az","@id":"https:\/\/www.meydan.tv\/az\/#\/schema\/logo\/image\/","url":"https:\/\/www.meydan.tv\/wp-content\/uploads\/2021\/07\/meydan-logo.svg","contentUrl":"https:\/\/www.meydan.tv\/wp-content\/uploads\/2021\/07\/meydan-logo.svg","width":195,"height":46,"caption":"Meydan TV"},"image":{"@id":"https:\/\/www.meydan.tv\/az\/#\/schema\/logo\/image\/"}},{"@type":"Person","@id":"https:\/\/www.meydan.tv\/az\/#\/schema\/person\/10d11eccf6da3662cf5fdab9806ea91a","name":"user-manager"}]}},"_links":{"self":[{"href":"https:\/\/www.meydan.tv\/az\/wp-json\/wp\/v2\/posts\/194827","targetHints":{"allow":["GET"]}}],"collection":[{"href":"https:\/\/www.meydan.tv\/az\/wp-json\/wp\/v2\/posts"}],"about":[{"href":"https:\/\/www.meydan.tv\/az\/wp-json\/wp\/v2\/types\/post"}],"author":[{"embeddable":true,"href":"https:\/\/www.meydan.tv\/az\/wp-json\/wp\/v2\/users\/11"}],"replies":[{"embeddable":true,"href":"https:\/\/www.meydan.tv\/az\/wp-json\/wp\/v2\/comments?post=194827"}],"version-history":[{"count":0,"href":"https:\/\/www.meydan.tv\/az\/wp-json\/wp\/v2\/posts\/194827\/revisions"}],"wp:featuredmedia":[{"embeddable":true,"href":"https:\/\/www.meydan.tv\/az\/wp-json\/wp\/v2\/media\/121497"}],"wp:attachment":[{"href":"https:\/\/www.meydan.tv\/az\/wp-json\/wp\/v2\/media?parent=194827"}],"wp:term":[{"taxonomy":"category","embeddable":true,"href":"https:\/\/www.meydan.tv\/az\/wp-json\/wp\/v2\/categories?post=194827"},{"taxonomy":"post_tag","embeddable":true,"href":"https:\/\/www.meydan.tv\/az\/wp-json\/wp\/v2\/tags?post=194827"}],"curies":[{"name":"wp","href":"https:\/\/api.w.org\/{rel}","templated":true}]}}