{"id":194823,"date":"2019-04-06T16:53:18","date_gmt":"2019-04-06T16:53:18","guid":{"rendered":"https:\/\/www.meydan.tv\/article\/kurdemir-sakini-10-nefer-qezali-evde-yasayiriq\/"},"modified":"2019-04-06T16:53:18","modified_gmt":"2019-04-06T16:53:18","slug":"kurdemir-sakini-10-nefer-qezali-evde-yasayiriq","status":"publish","type":"post","link":"https:\/\/www.meydan.tv\/az\/article\/kurdemir-sakini-10-nefer-qezali-evde-yasayiriq\/","title":{"rendered":"K\u00fcrd\u0259mir sakini: &#8221;10 n\u0259f\u0259r q\u0259zal\u0131 evd\u0259 ya\u015fay\u0131r\u0131q&#8221;"},"content":{"rendered":"<p>\n  &#x27;&#x27;Normal i\u015fl\u0259mir, normal \u015f\u0259raitd\u0259 ya\u015fam\u0131r, yax\u015f\u0131 qidalanm\u0131r\u0131q, biz \u00f6lm\u0259y\u0259k, kim \u00f6ls\u00fcn?&#x27;&#x27;\n<\/p>\n<p>\n  \u201cEvimiz 1962-ci ild\u0259 tikilib, k\u00f6hn\u0259dir. T\u0259bii ba\u015f vermi\u015f z\u0259lz\u0259l\u0259l\u0259rin d\u0259 t\u0259sirind\u0259n sonra indi ya\u015fanmaz hala d\u00fc\u015f\u00fcb. Q\u0259zal\u0131d\u0131r v\u0259 biz bel\u0259 \u015f\u0259raitd\u0259 4 \u00f6vlad b\u00f6y\u00fcd\u00fcr\u00fck\u201d.\n<\/p>\n<p>\n  K\u00fcrd\u0259mir \u015f\u0259h\u0259ri, Xaqani k\u00fc\u00e7\u0259si 6 \u00fcnvan\u0131nda ya\u015fayan 36 ya\u015fl\u0131 El\u015fad Hac\u0131yev bel\u0259 deyir. Bildirir ki, h\u0259min q\u0259zal\u0131 v\u0259ziyy\u0259td\u0259 olan evd\u0259 qarda\u015f\u0131n\u0131n ail\u0259si v\u0259 iki x\u0259st\u0259 bac\u0131s\u0131 il\u0259 birg\u0259 ya\u015fay\u0131r:\n<\/p>\n<p>\n  \u201c\u00d6z ail\u0259m v\u0259 \u00f6vlad\u0131m, qarda\u015f\u0131m\u0131n ail\u0259si, bac\u0131lar\u0131mla birg\u0259 10 n\u0259f\u0259rik. Bizim h\u0259yat\u0131m\u0131z t\u0259hl\u00fck\u0259 alt\u0131ndad\u0131r. \u0130ndiy\u0259d\u0259k m\u00fcraci\u0259t etm\u0259diyimiz yer qalmay\u0131b, ancaq s\u0259simizi e\u015fid\u0259n yoxdur\u201d.\n<\/p>\n<figure class=\"wp-block-image size-large\">\n  <img decoding=\"async\" src=\"https:\/\/www.meydan.tv\/az\/image00012-jpeg-5\/\" alt=\"image00012.jpeg\" class=\"wp-image-121451\"\/><figcaption>\n    El\u015fad Hac\u0131yev<br \/>\n  <\/figcaption><\/figure>\n<p>\n  E.Hac\u0131yev deyir ki, do\u011fulandan bu evd\u0259 ya\u015fay\u0131b. \u0130ndiy\u0259 q\u0259d\u0259r \u00f6z hesablar\u0131na t\u0259mir d\u0259 edibl\u0259r. Art\u0131q g\u00fccl\u0259ri \u00e7atmaz hala d\u00fc\u015f\u00fcb:\n<\/p>\n<p>\n  \u201c\u00c7atlar b\u00f6y\u00fckd\u00fcr, \u00fcst\u0259lik, evin alt\u0131na su y\u0131\u011f\u0131l\u0131b, az qal\u0131r \u00e7\u00f6k\u0259. Bel\u0259 v\u0259ziyy\u0259td\u0259 olan evi \u00f6z\u00fcn\u0259 g\u0259tir\u0259 bilm\u0259rik. Hardand\u0131 bizd\u0259 o q\u0259d\u0259r pul? \u0130\u015f d\u0259 yox ki, gedim i\u015fl\u0259yim, evimi t\u0259mir etdirim. 2 qarda\u015f\u0131q, ail\u0259mizl\u0259 birg\u0259 q\u0259zal\u0131 evd\u0259 ya\u015fay\u0131r\u0131q. \u00d6z\u00fcm\u00fcz bir yana, u\u015faqlardan \u00f6tr\u00fc \u00e7ox qorxuram. Onlar\u0131n ba\u015f\u0131na bir i\u015f g\u0259ls\u0259, n\u0259 ed\u0259rik? Ev tutacaq v\u0259 ya yeni ev alacaq imkan\u0131m\u0131z yoxdur dey\u0259 vicdan \u0259zab\u0131 \u00e7\u0259km\u0259k ist\u0259mir\u0259m\u201d.\n<\/p>\n<p>\n  E.Hac\u0131yev deyir ki, 4 u\u015faqla b\u0259rab\u0259r bac\u0131lar\u0131na da baxmaq m\u0259cburiyy\u0259tind\u0259dir. Onlar\u0131n i\u015fl\u0259m\u0259k qabiliyy\u0259tl\u0259ri yoxdur. H\u0259r ikisi ruhi \u0259s\u0259b x\u0259st\u0259liyind\u0259n \u0259ziyy\u0259t \u00e7\u0259kirl\u0259r:\n<\/p>\n<p>\n  \u201c\u00c7\u0259tindir, vallah, dolana bilmirik. Evin da\u011f\u0131l\u0131b t\u00f6k\u00fcl\u0259n yerl\u0259rin\u0259 n\u0259l\u0259rs\u0259 etmi\u015fik ki, a\u00e7\u0131q qalmas\u0131n. Ya\u011f\u0131\u015f ya\u011fanda evin ne\u00e7\u0259 yerind\u0259n dam\u0131r. Alt\u0131na vedr\u0259l\u0259r qoyuruq. U\u015faqlar a\u015f\u0131r\u0131r, yer su olur. \u0130nan\u0131n \u00f6z\u00fcm\u00fcz\u00fcn imkan\u0131m\u0131z olsa, d\u00f6vl\u0259td\u0259n he\u00e7 n\u0259 g\u00f6zl\u0259m\u0259rik. Hara gedir\u0259m, i\u015f yoxdur. Gedin, siz\u0259 x\u0259b\u0259r ver\u0259c\u0259yik deyib, yola sal\u0131rlar. F\u0259hl\u0259likdir ancaq. O da normal maa\u015f vermir. Aya 200 manat m\u0259n\u0259 s\u0259rf etmir. H\u0259r iki halda acl\u0131q, s\u0259fal\u0259t i\u00e7ind\u0259 ya\u015fay\u0131r\u0131q. M\u0259n d\u0259 \u00e7al\u0131\u015f\u0131ram ki, yax\u015f\u0131 i\u015f tapam. O da ki aylard\u0131r bir i\u015f\u0131q ucu g\u00f6r\u00fcnm\u00fcr\u201d.\n<\/p>\n<figure class=\"wp-block-image size-large\">\n  <img decoding=\"async\" src=\"https:\/\/www.meydan.tv\/az\/image00011-jpeg-5\/\" alt=\"image00011.jpeg\" class=\"wp-image-121457\"\/><figcaption>\n    Evin tavan\u0131<br \/>\n  <\/figcaption><\/figure>\n<p>\n  El\u015fad Hac\u0131yev\u0259 ayda 450-500 manat \u0259m\u0259k haqq\u0131s\u0131 olan i\u015f laz\u0131md\u0131r. Deyir, g\u00fcn\u00fc-g\u00fcnd\u0259n \u0259rza\u011f\u0131n, geyimin qiym\u0259ti qalx\u0131r. \u00c7atd\u0131ra bilmir. Ondan a\u015fa\u011f\u0131 \u0259m\u0259k haqq\u0131 b\u0259s etm\u0259z:\n<\/p>\n<p>\n  \u201cBu boyda ail\u0259y\u0259 az\u0131 500 manatl\u0131q \u0259m\u0259k haqq\u0131s\u0131 olan i\u015f axtar\u0131ram. Ba\u015fqa c\u00fcr yet\u0259rli olmaz\u201d.\n<\/p>\n<p>\n  R\u00f6ya Hac\u0131yeva 7 ildir ail\u0259 h\u0259yat\u0131 qurub. 3 \u00f6vlad\u0131 il\u0259 birg\u0259 bu evd\u0259 ya\u015fay\u0131r. Deyir, evin alt\u0131 su il\u0259 dolu oldu\u011fundan, u\u015faqlar\u0131n\u0131n ham\u0131s\u0131nda yel x\u0259st\u0259liyi yaran\u0131b. H\u0259kim\u0259 apara, daimi m\u00fcalic\u0259 etdir\u0259 bilmir:\n<\/p>\n<p>\n  \u201cS\u0259h\u0259r\u0259c\u0259n a\u011fr\u0131dan \u00e7\u0131\u011f\u0131r\u0131rlar. N\u0259 edim, imkans\u0131zl\u0131qdan m\u00fcalic\u0259 etdir\u0259 bilmir\u0259m. Dey\u0259k ki, etdik, yen\u0259 bu evd\u0259 ya\u015fayandan sonra n\u0259 m\u0259nas\u0131 var? Yolda\u015f\u0131m g\u00fcnl\u00fck i\u015fl\u0259rd\u0259 \u00e7al\u0131\u015f\u0131r, f\u0259hl\u0259lik edir. Bir g\u00fcn orda, bir g\u00fcn burda. Harada i\u015f tapsa, gedib g\u00f6r\u00fcr. Y\u00fck da\u015f\u0131y\u0131r, yer s\u00fcp\u00fcr\u00fcr, h\u0259y\u0259t t\u0259mizl\u0259yir. Yet\u0259r ki, ax\u015fam ev\u0259 g\u0259l\u0259nd\u0259 \u00e7\u00f6r\u0259k ala bilsin\u201d.\n<\/p>\n<figure class=\"wp-block-image size-large\">\n  <img decoding=\"async\" src=\"https:\/\/www.meydan.tv\/az\/image00002-jpeg-7\/\" alt=\"image00002.jpeg\" class=\"wp-image-121460\"\/><figcaption>\n    zirz\u0259mi<br \/>\n  <\/figcaption><\/figure>\n<p>\n  R.Hac\u0131yeva deyir ki, h\u0259yat yolda\u015f\u0131n\u0131n g\u00fcnl\u00fck qazand\u0131\u011f\u0131 5-10 manat pulla 3 u\u015fa\u011f\u0131 doland\u0131rmaq \u00e7\u0259tindir. B\u0259z\u0259n olur ki, g\u00fcnl\u0259rl\u0259 i\u015f tapm\u0131r. Oturur evd\u0259. Onda v\u0259ziyy\u0259tl\u0259ri daha da a\u011f\u0131rla\u015f\u0131r:\n<\/p>\n<p>\n  \u201c\u00c7\u00fcnki ba\u015fqa bir yerd\u0259n birc\u0259 q\u0259pik g\u0259lirimiz yoxdur. Yollad\u0131\u011f\u0131m\u0131z m\u0259ktublara da normal cavab ala bilmirik. B\u0259lk\u0259 d\u0259 o m\u0259ktublar\u0131 y\u0131\u011fsaq bir \u00e7emodan olar. Ancaq standart cavab verilir, ya imkan\u0131m\u0131z yoxdur, ya da icra hakimiyy\u0259tin\u0259 y\u00f6nl\u0259ndirilir. Onlar da bizd\u0259n bet\u0259r a\u011flay\u0131rlar. Yay olanda ev\u0259 ilan \u00e7\u0131x\u0131r. C\u00fcrb\u0259c\u00fcr b\u00f6c\u0259kl\u0259r, soxulcanlar peyda olur. Q\u0131\u015fda da soyuqdan donuruq. R\u00fctub\u0259t olur\u201d.\n<\/p>\n<p>\n  28 ya\u015fl\u0131 R\u00f6ya deyir ki, \u00e7ox vaxt qaza, i\u015f\u0131\u011fa, suya olan borclar\u0131n\u0131 da \u00f6d\u0259y\u0259 bilmirl\u0259r. X\u00fcsus\u0259n d\u0259 q\u0131\u015f aylar\u0131nda, yolda\u015f\u0131 i\u015f tapa bilm\u0259y\u0259nd\u0259 bel\u0259 olur:\n<\/p>\n<p>\n  \u201cOnda g\u0259lib i\u015f\u0131\u011f\u0131m\u0131z\u0131 k\u0259sirl\u0259r. El\u0259 olur bu evin i\u00e7ind\u0259 10 g\u00fcn qaranl\u0131qda qal\u0131r\u0131q. \u015eam i\u015f\u0131\u011f\u0131nda ya\u015fay\u0131rd\u0131q. He\u00e7 kimin biz\u0259 yaz\u0131\u011f\u0131 g\u0259lmir. Bir d\u0259f\u0259 i\u015f\u0131\u011f\u0131n pulunu \u00f6d\u0259m\u0259k \u00fc\u00e7\u00fcn 3-4 yerd\u0259n q\u0131r\u0131q-q\u0131r\u0131q borc pul tapd\u0131q. Art\u0131q borc ver\u0259n d\u0259 yoxdur. Haql\u0131d\u0131rlar, \u00f6d\u0259y\u0259 bilmirik, niy\u0259 versinl\u0259r ki?\u201d\n<\/p>\n<figure class=\"wp-block-image size-large\">\n  <img decoding=\"async\" src=\"https:\/\/www.meydan.tv\/az\/image00013-jpeg-2\/\" alt=\"image00013.jpeg\" class=\"wp-image-121463\"\/><figcaption>\n    R\u00f6ya Hac\u0131yeva<br \/>\n  <\/figcaption><\/figure>\n<p>\n  Evin dig\u0259r sakini 29 ya\u015fl\u0131 Vasif Hac\u0131yev g\u00fcn\u00fc 5-10 manata f\u0259hl\u0259lik edir. Deyir, bununla ail\u0259sini g\u00fccl\u0259 doland\u0131r\u0131r. Onun q\u0259zal\u0131 evi t\u0259mir etdir\u0259c\u0259k g\u00fcc\u00fc yoxdur:\n<\/p>\n<p>\n  \u201c\u00c7\u00fcnki qanuni he\u00e7 bir i\u015fim yoxdur. Orda-burda y\u00fck da\u015f\u0131y\u0131ram. Sonra da deyirl\u0259r, \u00f6l\u00fcm niy\u0259 g\u0259ncl\u0259\u015fir. \u018flb\u0259tt\u0259 g\u0259ncl\u0259\u015f\u0259c\u0259k. Normal yerd\u0259 i\u015fl\u0259mir, normal \u015f\u0259raitd\u0259 ya\u015fam\u0131r\u0131q, yax\u015f\u0131 qidalanm\u0131r\u0131q, biz \u00f6lm\u0259y\u0259k, kim \u00f6ls\u00fcn? Ona g\u00f6r\u0259 d\u0259 ad\u0131n\u0131 bilm\u0259diyimiz min c\u00fcr x\u0259st\u0259likl\u0259r yay\u0131l\u0131b\u201d.\n<\/p>\n<figure class=\"wp-block-image size-large\">\n  <img decoding=\"async\" src=\"https:\/\/www.meydan.tv\/az\/image00018-jpeg\/\" alt=\"image00018.jpeg\" class=\"wp-image-121466\"\/><figcaption>\n    Vasif Hac\u0131yev<br \/>\n  <\/figcaption><\/figure>\n<p>\n  V.Hac\u0131yev deyir ki, bilmir, Bak\u0131da nec\u0259dir, ancaq K\u00fcrd\u0259mird\u0259 i\u015f-g\u00fcc yoxdur. H\u0259r iki n\u0259f\u0259rd\u0259n biri i\u015fsizdir, dolana bilmir:\n<\/p>\n<p>\n  \u201cCamaat ac\u0131ndan q\u0131r\u0131l\u0131r. Evimizin alt\u0131n\u0131 da g\u00f6r\u00fcrs\u00fcz, su dolub, i\u00e7\u0259ri n\u0259mi\u015flik verir. He\u00e7 n\u0259 ed\u0259 bilmirik. Hardan ed\u0259k? Atamdan, anamdan iki x\u0259st\u0259 bac\u0131m\u0131z qal\u0131b. Bir d\u0259 ail\u0259, u\u015faq var. Onlar\u0131n qarn\u0131n\u0131 g\u00fccl\u0259 doyururuq. Yar\u0131ac, yar\u0131tox dolan\u0131r\u0131q. Haradan alaq ev tik\u0259c\u0259k v\u0259saiti? Kommunal\u0131 g\u00fccl\u0259 \u00f6d\u0259yirik. D\u00fcz icra hakimiyy\u0259tinin dibind\u0259 ya\u015fay\u0131r\u0131q. G\u00f6r\u00fcrs\u00fcn\u00fcz d\u0259 \u015f\u0259raitimizi\u201d.\n<\/p>\n<figure class=\"wp-block-image size-large\">\n  <img decoding=\"async\" src=\"https:\/\/www.meydan.tv\/az\/image00017-jpeg-2\/\" alt=\"image00017.jpeg\" class=\"wp-image-121469\"\/><figcaption>\n    bildiri\u015fl\u0259r<br \/>\n  <\/figcaption><\/figure>\n<p>\n  Meydan TV m\u0259s\u0259l\u0259y\u0259 m\u00fcnasib\u0259t \u00f6yr\u0259nm\u0259k \u00fc\u00e7\u00fcn K\u00fcrd\u0259mir Rayon \u0130cra Hakimiyy\u0259tin\u0259 m\u00fcraci\u0259t edib. \u0130cra ba\u015f\u00e7\u0131s\u0131n\u0131n birinci m\u00fcavini, rayon f\u00f6vq\u0259lad\u0259 hallar komissiyas\u0131n\u0131n s\u0259dri Tac\u0259ddin Novruzov deyib ki, El\u015fad Hac\u0131yevin m\u0259ktub yazmad\u0131\u011f\u0131 d\u00f6vl\u0259t qurumu qalmay\u0131b. B\u0259li, h\u0259min m\u0259ktublar icra hakimiyy\u0259tin\u0259 y\u00f6nl\u0259ndirilib. Ancaq icra hakimiyy\u0259tinin v\u0259t\u0259nda\u015fa ev tikm\u0259k \u00fc\u00e7\u00fcn b\u00fcdc\u0259si yoxdur:\n<\/p>\n<p>\n  \u201cBuna \u00e7ox v\u0259sait t\u0259l\u0259b olunur. Bizd\u0259 o q\u0259d\u0259r v\u0259sait n\u0259 g\u0259zir. \u0130\u015f m\u0259s\u0259l\u0259sin\u0259 g\u0259linc\u0259, v\u0259t\u0259nda\u015f z\u0259hm\u0259t \u00e7\u0259kib rayondak\u0131 m\u0259\u015f\u011fulluq idar\u0259sin\u0259 m\u00fcraci\u0259t etsin. Onu qeydiyyata al\u0131b, i\u015fl\u0259 t\u0259min ed\u0259rl\u0259r. Burada problemli bir \u015fey yoxdur\u201d.\n<\/p>\n<figure class=\"wp-block-image size-large\">\n  <img decoding=\"async\" src=\"https:\/\/www.meydan.tv\/az\/image00008-jpeg-7\/\" alt=\"image00008.jpeg\" class=\"wp-image-121472\"\/><figcaption>\n    evin i\u00e7i<br \/>\n  <\/figcaption><\/figure>\n<figure class=\"wp-block-image size-large\">\n  <img decoding=\"async\" src=\"https:\/\/www.meydan.tv\/az\/image00023-jpeg\/\" alt=\"image00023.jpeg\" class=\"wp-image-121475\"\/><figcaption>\n    m\u0259tb\u0259x<br \/>\n  <\/figcaption><\/figure>\n<figure class=\"wp-block-image size-large\">\n  <img decoding=\"async\" src=\"https:\/\/www.meydan.tv\/az\/image00009-jpeg-8\/\" alt=\"image00009.jpeg\" class=\"wp-image-121478\"\/><figcaption>\n    tavan\u0131n \u00e7at\u0131<br \/>\n  <\/figcaption><\/figure>\n<figure class=\"wp-block-image size-large\">\n  <img decoding=\"async\" src=\"https:\/\/www.meydan.tv\/az\/image00024-jpeg\/\" alt=\"image00024.jpeg\" class=\"wp-image-121481\"\/><figcaption>\n    tualet<br \/>\n  <\/figcaption><\/figure>\n<figure class=\"wp-block-image size-large\">\n  <img decoding=\"async\" src=\"https:\/\/www.meydan.tv\/az\/image00001-jpeg-7\/\" alt=\"image00001.jpeg\" class=\"wp-image-121487\"\/><figcaption>\n    ev<br \/>\n  <\/figcaption><\/figure>\n<figure class=\"wp-block-image size-large\">\n  <img decoding=\"async\" src=\"https:\/\/www.meydan.tv\/az\/image00016-jpeg\/\" alt=\"image00016.jpeg\" class=\"wp-image-121484\"\/><figcaption>\n    m\u0259tb\u0259x<br \/>\n  <\/figcaption><\/figure>\n","protected":false},"excerpt":{"rendered":"<p>Normal yerd\u0259 i\u015fl\u0259mir, normal \u015f\u0259raitd\u0259 ya\u015fam\u0131r\u0131q, yax\u015f\u0131 qidalanm\u0131r\u0131q, biz \u00f6lm\u0259y\u0259k, kim \u00f6ls\u00fcn?<\/p>\n","protected":false},"author":11,"featured_media":121454,"comment_status":"closed","ping_status":"open","sticky":false,"template":"","format":"standard","meta":{"_acf_changed":false,"_sitemap_exclude":false,"_sitemap_priority":"","_sitemap_frequency":"","footnotes":""},"categories":[60],"tags":[],"class_list":["post-194823","post","type-post","status-publish","format-standard","has-post-thumbnail","hentry","category-bolge","infinite-scroll-item","generate-columns","tablet-grid-50","mobile-grid-100","grid-parent","grid-33","no-featured-image-padding"],"acf":[],"yoast_head":"<!-- This site is optimized with the Yoast SEO plugin v27.4 - https:\/\/yoast.com\/product\/yoast-seo-wordpress\/ -->\n<title>K\u00fcrd\u0259mir sakini: &#039;&#039;10 n\u0259f\u0259r q\u0259zal\u0131 evd\u0259 ya\u015fay\u0131r\u0131q&#039;&#039; - MEYDAN.TV<\/title>\n<meta name=\"robots\" content=\"index, follow, max-snippet:-1, max-image-preview:large, max-video-preview:-1\" \/>\n<link rel=\"canonical\" href=\"https:\/\/www.meydan.tv\/az\/article\/kurdemir-sakini-10-nefer-qezali-evde-yasayiriq\/\" \/>\n<meta property=\"og:locale\" content=\"az_AZ\" \/>\n<meta property=\"og:type\" content=\"article\" \/>\n<meta property=\"og:title\" content=\"K\u00fcrd\u0259mir sakini: &#039;&#039;10 n\u0259f\u0259r q\u0259zal\u0131 evd\u0259 ya\u015fay\u0131r\u0131q&#039;&#039; - MEYDAN.TV\" \/>\n<meta property=\"og:description\" content=\"Normal yerd\u0259 i\u015fl\u0259mir, normal \u015f\u0259raitd\u0259 ya\u015fam\u0131r\u0131q, yax\u015f\u0131 qidalanm\u0131r\u0131q, biz \u00f6lm\u0259y\u0259k, kim \u00f6ls\u00fcn?\" \/>\n<meta property=\"og:url\" content=\"https:\/\/www.meydan.tv\/az\/article\/kurdemir-sakini-10-nefer-qezali-evde-yasayiriq\/\" \/>\n<meta property=\"og:site_name\" content=\"MEYDAN.TV\" \/>\n<meta property=\"article:published_time\" content=\"2019-04-06T16:53:18+00:00\" \/>\n<meta property=\"og:image\" content=\"https:\/\/www.meydan.tv\/wp-content\/uploads\/image00020.jpeg\" \/>\n\t<meta property=\"og:image:width\" content=\"1365\" \/>\n\t<meta property=\"og:image:height\" content=\"1024\" \/>\n\t<meta property=\"og:image:type\" content=\"image\/jpeg\" \/>\n<meta name=\"author\" content=\"user-manager\" \/>\n<meta name=\"twitter:card\" content=\"summary_large_image\" \/>\n<script type=\"application\/ld+json\" class=\"yoast-schema-graph\">{\"@context\":\"https:\\\/\\\/schema.org\",\"@graph\":[{\"@type\":\"Article\",\"@id\":\"https:\\\/\\\/www.meydan.tv\\\/az\\\/article\\\/kurdemir-sakini-10-nefer-qezali-evde-yasayiriq\\\/#article\",\"isPartOf\":{\"@id\":\"https:\\\/\\\/www.meydan.tv\\\/az\\\/article\\\/kurdemir-sakini-10-nefer-qezali-evde-yasayiriq\\\/\"},\"author\":{\"name\":\"user-manager\",\"@id\":\"https:\\\/\\\/www.meydan.tv\\\/az\\\/#\\\/schema\\\/person\\\/10d11eccf6da3662cf5fdab9806ea91a\"},\"headline\":\"K\u00fcrd\u0259mir sakini: &#8221;10 n\u0259f\u0259r q\u0259zal\u0131 evd\u0259 ya\u015fay\u0131r\u0131q&#8221;\",\"datePublished\":\"2019-04-06T16:53:18+00:00\",\"mainEntityOfPage\":{\"@id\":\"https:\\\/\\\/www.meydan.tv\\\/az\\\/article\\\/kurdemir-sakini-10-nefer-qezali-evde-yasayiriq\\\/\"},\"wordCount\":1330,\"publisher\":{\"@id\":\"https:\\\/\\\/www.meydan.tv\\\/az\\\/#organization\"},\"image\":{\"@id\":\"https:\\\/\\\/www.meydan.tv\\\/az\\\/article\\\/kurdemir-sakini-10-nefer-qezali-evde-yasayiriq\\\/#primaryimage\"},\"thumbnailUrl\":\"https:\\\/\\\/www.meydan.tv\\\/wp-content\\\/uploads\\\/image00020.jpeg\",\"articleSection\":[\"B\u00f6lg\u0259\"],\"inLanguage\":\"az\"},{\"@type\":\"WebPage\",\"@id\":\"https:\\\/\\\/www.meydan.tv\\\/az\\\/article\\\/kurdemir-sakini-10-nefer-qezali-evde-yasayiriq\\\/\",\"url\":\"https:\\\/\\\/www.meydan.tv\\\/az\\\/article\\\/kurdemir-sakini-10-nefer-qezali-evde-yasayiriq\\\/\",\"name\":\"K\u00fcrd\u0259mir sakini: ''10 n\u0259f\u0259r q\u0259zal\u0131 evd\u0259 ya\u015fay\u0131r\u0131q'' - MEYDAN.TV\",\"isPartOf\":{\"@id\":\"https:\\\/\\\/www.meydan.tv\\\/az\\\/#website\"},\"primaryImageOfPage\":{\"@id\":\"https:\\\/\\\/www.meydan.tv\\\/az\\\/article\\\/kurdemir-sakini-10-nefer-qezali-evde-yasayiriq\\\/#primaryimage\"},\"image\":{\"@id\":\"https:\\\/\\\/www.meydan.tv\\\/az\\\/article\\\/kurdemir-sakini-10-nefer-qezali-evde-yasayiriq\\\/#primaryimage\"},\"thumbnailUrl\":\"https:\\\/\\\/www.meydan.tv\\\/wp-content\\\/uploads\\\/image00020.jpeg\",\"datePublished\":\"2019-04-06T16:53:18+00:00\",\"breadcrumb\":{\"@id\":\"https:\\\/\\\/www.meydan.tv\\\/az\\\/article\\\/kurdemir-sakini-10-nefer-qezali-evde-yasayiriq\\\/#breadcrumb\"},\"inLanguage\":\"az\",\"potentialAction\":[{\"@type\":\"ReadAction\",\"target\":[\"https:\\\/\\\/www.meydan.tv\\\/az\\\/article\\\/kurdemir-sakini-10-nefer-qezali-evde-yasayiriq\\\/\"]}]},{\"@type\":\"ImageObject\",\"inLanguage\":\"az\",\"@id\":\"https:\\\/\\\/www.meydan.tv\\\/az\\\/article\\\/kurdemir-sakini-10-nefer-qezali-evde-yasayiriq\\\/#primaryimage\",\"url\":\"https:\\\/\\\/www.meydan.tv\\\/wp-content\\\/uploads\\\/image00020.jpeg\",\"contentUrl\":\"https:\\\/\\\/www.meydan.tv\\\/wp-content\\\/uploads\\\/image00020.jpeg\",\"width\":1365,\"height\":1024,\"caption\":\"Source: meydan.tv\"},{\"@type\":\"BreadcrumbList\",\"@id\":\"https:\\\/\\\/www.meydan.tv\\\/az\\\/article\\\/kurdemir-sakini-10-nefer-qezali-evde-yasayiriq\\\/#breadcrumb\",\"itemListElement\":[{\"@type\":\"ListItem\",\"position\":1,\"name\":\"Ana s\u0259hif\u0259\",\"item\":\"https:\\\/\\\/www.meydan.tv\\\/az\\\/\"},{\"@type\":\"ListItem\",\"position\":2,\"name\":\"B\u00f6lg\u0259\",\"item\":\"https:\\\/\\\/www.meydan.tv\\\/az\\\/section\\\/bolge\\\/\"},{\"@type\":\"ListItem\",\"position\":3,\"name\":\"K\u00fcrd\u0259mir sakini: &#8221;10 n\u0259f\u0259r q\u0259zal\u0131 evd\u0259 ya\u015fay\u0131r\u0131q&#8221;\"}]},{\"@type\":\"WebSite\",\"@id\":\"https:\\\/\\\/www.meydan.tv\\\/az\\\/#website\",\"url\":\"https:\\\/\\\/www.meydan.tv\\\/az\\\/\",\"name\":\"MEYDAN.TV\",\"description\":\"Meydan TV Az\u0259rbaycan\u0131n media m\u0259kan\u0131ndak\u0131 alternativ s\u0259sidir\",\"publisher\":{\"@id\":\"https:\\\/\\\/www.meydan.tv\\\/az\\\/#organization\"},\"potentialAction\":[{\"@type\":\"SearchAction\",\"target\":{\"@type\":\"EntryPoint\",\"urlTemplate\":\"https:\\\/\\\/www.meydan.tv\\\/az\\\/?s={search_term_string}\"},\"query-input\":{\"@type\":\"PropertyValueSpecification\",\"valueRequired\":true,\"valueName\":\"search_term_string\"}}],\"inLanguage\":\"az\"},{\"@type\":\"Organization\",\"@id\":\"https:\\\/\\\/www.meydan.tv\\\/az\\\/#organization\",\"name\":\"Meydan TV\",\"url\":\"https:\\\/\\\/www.meydan.tv\\\/az\\\/\",\"logo\":{\"@type\":\"ImageObject\",\"inLanguage\":\"az\",\"@id\":\"https:\\\/\\\/www.meydan.tv\\\/az\\\/#\\\/schema\\\/logo\\\/image\\\/\",\"url\":\"https:\\\/\\\/www.meydan.tv\\\/wp-content\\\/uploads\\\/2021\\\/07\\\/meydan-logo.svg\",\"contentUrl\":\"https:\\\/\\\/www.meydan.tv\\\/wp-content\\\/uploads\\\/2021\\\/07\\\/meydan-logo.svg\",\"width\":195,\"height\":46,\"caption\":\"Meydan TV\"},\"image\":{\"@id\":\"https:\\\/\\\/www.meydan.tv\\\/az\\\/#\\\/schema\\\/logo\\\/image\\\/\"}},{\"@type\":\"Person\",\"@id\":\"https:\\\/\\\/www.meydan.tv\\\/az\\\/#\\\/schema\\\/person\\\/10d11eccf6da3662cf5fdab9806ea91a\",\"name\":\"user-manager\"}]}<\/script>\n<!-- \/ Yoast SEO plugin. -->","yoast_head_json":{"title":"K\u00fcrd\u0259mir sakini: ''10 n\u0259f\u0259r q\u0259zal\u0131 evd\u0259 ya\u015fay\u0131r\u0131q'' - MEYDAN.TV","robots":{"index":"index","follow":"follow","max-snippet":"max-snippet:-1","max-image-preview":"max-image-preview:large","max-video-preview":"max-video-preview:-1"},"canonical":"https:\/\/www.meydan.tv\/az\/article\/kurdemir-sakini-10-nefer-qezali-evde-yasayiriq\/","og_locale":"az_AZ","og_type":"article","og_title":"K\u00fcrd\u0259mir sakini: ''10 n\u0259f\u0259r q\u0259zal\u0131 evd\u0259 ya\u015fay\u0131r\u0131q'' - MEYDAN.TV","og_description":"Normal yerd\u0259 i\u015fl\u0259mir, normal \u015f\u0259raitd\u0259 ya\u015fam\u0131r\u0131q, yax\u015f\u0131 qidalanm\u0131r\u0131q, biz \u00f6lm\u0259y\u0259k, kim \u00f6ls\u00fcn?","og_url":"https:\/\/www.meydan.tv\/az\/article\/kurdemir-sakini-10-nefer-qezali-evde-yasayiriq\/","og_site_name":"MEYDAN.TV","article_published_time":"2019-04-06T16:53:18+00:00","og_image":[{"width":1365,"height":1024,"url":"https:\/\/www.meydan.tv\/wp-content\/uploads\/image00020.jpeg","type":"image\/jpeg"}],"author":"user-manager","twitter_card":"summary_large_image","schema":{"@context":"https:\/\/schema.org","@graph":[{"@type":"Article","@id":"https:\/\/www.meydan.tv\/az\/article\/kurdemir-sakini-10-nefer-qezali-evde-yasayiriq\/#article","isPartOf":{"@id":"https:\/\/www.meydan.tv\/az\/article\/kurdemir-sakini-10-nefer-qezali-evde-yasayiriq\/"},"author":{"name":"user-manager","@id":"https:\/\/www.meydan.tv\/az\/#\/schema\/person\/10d11eccf6da3662cf5fdab9806ea91a"},"headline":"K\u00fcrd\u0259mir sakini: &#8221;10 n\u0259f\u0259r q\u0259zal\u0131 evd\u0259 ya\u015fay\u0131r\u0131q&#8221;","datePublished":"2019-04-06T16:53:18+00:00","mainEntityOfPage":{"@id":"https:\/\/www.meydan.tv\/az\/article\/kurdemir-sakini-10-nefer-qezali-evde-yasayiriq\/"},"wordCount":1330,"publisher":{"@id":"https:\/\/www.meydan.tv\/az\/#organization"},"image":{"@id":"https:\/\/www.meydan.tv\/az\/article\/kurdemir-sakini-10-nefer-qezali-evde-yasayiriq\/#primaryimage"},"thumbnailUrl":"https:\/\/www.meydan.tv\/wp-content\/uploads\/image00020.jpeg","articleSection":["B\u00f6lg\u0259"],"inLanguage":"az"},{"@type":"WebPage","@id":"https:\/\/www.meydan.tv\/az\/article\/kurdemir-sakini-10-nefer-qezali-evde-yasayiriq\/","url":"https:\/\/www.meydan.tv\/az\/article\/kurdemir-sakini-10-nefer-qezali-evde-yasayiriq\/","name":"K\u00fcrd\u0259mir sakini: ''10 n\u0259f\u0259r q\u0259zal\u0131 evd\u0259 ya\u015fay\u0131r\u0131q'' - MEYDAN.TV","isPartOf":{"@id":"https:\/\/www.meydan.tv\/az\/#website"},"primaryImageOfPage":{"@id":"https:\/\/www.meydan.tv\/az\/article\/kurdemir-sakini-10-nefer-qezali-evde-yasayiriq\/#primaryimage"},"image":{"@id":"https:\/\/www.meydan.tv\/az\/article\/kurdemir-sakini-10-nefer-qezali-evde-yasayiriq\/#primaryimage"},"thumbnailUrl":"https:\/\/www.meydan.tv\/wp-content\/uploads\/image00020.jpeg","datePublished":"2019-04-06T16:53:18+00:00","breadcrumb":{"@id":"https:\/\/www.meydan.tv\/az\/article\/kurdemir-sakini-10-nefer-qezali-evde-yasayiriq\/#breadcrumb"},"inLanguage":"az","potentialAction":[{"@type":"ReadAction","target":["https:\/\/www.meydan.tv\/az\/article\/kurdemir-sakini-10-nefer-qezali-evde-yasayiriq\/"]}]},{"@type":"ImageObject","inLanguage":"az","@id":"https:\/\/www.meydan.tv\/az\/article\/kurdemir-sakini-10-nefer-qezali-evde-yasayiriq\/#primaryimage","url":"https:\/\/www.meydan.tv\/wp-content\/uploads\/image00020.jpeg","contentUrl":"https:\/\/www.meydan.tv\/wp-content\/uploads\/image00020.jpeg","width":1365,"height":1024,"caption":"Source: meydan.tv"},{"@type":"BreadcrumbList","@id":"https:\/\/www.meydan.tv\/az\/article\/kurdemir-sakini-10-nefer-qezali-evde-yasayiriq\/#breadcrumb","itemListElement":[{"@type":"ListItem","position":1,"name":"Ana s\u0259hif\u0259","item":"https:\/\/www.meydan.tv\/az\/"},{"@type":"ListItem","position":2,"name":"B\u00f6lg\u0259","item":"https:\/\/www.meydan.tv\/az\/section\/bolge\/"},{"@type":"ListItem","position":3,"name":"K\u00fcrd\u0259mir sakini: &#8221;10 n\u0259f\u0259r q\u0259zal\u0131 evd\u0259 ya\u015fay\u0131r\u0131q&#8221;"}]},{"@type":"WebSite","@id":"https:\/\/www.meydan.tv\/az\/#website","url":"https:\/\/www.meydan.tv\/az\/","name":"MEYDAN.TV","description":"Meydan TV Az\u0259rbaycan\u0131n media m\u0259kan\u0131ndak\u0131 alternativ s\u0259sidir","publisher":{"@id":"https:\/\/www.meydan.tv\/az\/#organization"},"potentialAction":[{"@type":"SearchAction","target":{"@type":"EntryPoint","urlTemplate":"https:\/\/www.meydan.tv\/az\/?s={search_term_string}"},"query-input":{"@type":"PropertyValueSpecification","valueRequired":true,"valueName":"search_term_string"}}],"inLanguage":"az"},{"@type":"Organization","@id":"https:\/\/www.meydan.tv\/az\/#organization","name":"Meydan TV","url":"https:\/\/www.meydan.tv\/az\/","logo":{"@type":"ImageObject","inLanguage":"az","@id":"https:\/\/www.meydan.tv\/az\/#\/schema\/logo\/image\/","url":"https:\/\/www.meydan.tv\/wp-content\/uploads\/2021\/07\/meydan-logo.svg","contentUrl":"https:\/\/www.meydan.tv\/wp-content\/uploads\/2021\/07\/meydan-logo.svg","width":195,"height":46,"caption":"Meydan TV"},"image":{"@id":"https:\/\/www.meydan.tv\/az\/#\/schema\/logo\/image\/"}},{"@type":"Person","@id":"https:\/\/www.meydan.tv\/az\/#\/schema\/person\/10d11eccf6da3662cf5fdab9806ea91a","name":"user-manager"}]}},"_links":{"self":[{"href":"https:\/\/www.meydan.tv\/az\/wp-json\/wp\/v2\/posts\/194823","targetHints":{"allow":["GET"]}}],"collection":[{"href":"https:\/\/www.meydan.tv\/az\/wp-json\/wp\/v2\/posts"}],"about":[{"href":"https:\/\/www.meydan.tv\/az\/wp-json\/wp\/v2\/types\/post"}],"author":[{"embeddable":true,"href":"https:\/\/www.meydan.tv\/az\/wp-json\/wp\/v2\/users\/11"}],"replies":[{"embeddable":true,"href":"https:\/\/www.meydan.tv\/az\/wp-json\/wp\/v2\/comments?post=194823"}],"version-history":[{"count":0,"href":"https:\/\/www.meydan.tv\/az\/wp-json\/wp\/v2\/posts\/194823\/revisions"}],"wp:featuredmedia":[{"embeddable":true,"href":"https:\/\/www.meydan.tv\/az\/wp-json\/wp\/v2\/media\/121454"}],"wp:attachment":[{"href":"https:\/\/www.meydan.tv\/az\/wp-json\/wp\/v2\/media?parent=194823"}],"wp:term":[{"taxonomy":"category","embeddable":true,"href":"https:\/\/www.meydan.tv\/az\/wp-json\/wp\/v2\/categories?post=194823"},{"taxonomy":"post_tag","embeddable":true,"href":"https:\/\/www.meydan.tv\/az\/wp-json\/wp\/v2\/tags?post=194823"}],"curies":[{"name":"wp","href":"https:\/\/api.w.org\/{rel}","templated":true}]}}