{"id":194821,"date":"2019-04-06T16:10:06","date_gmt":"2019-04-06T16:10:06","guid":{"rendered":"https:\/\/www.meydan.tv\/article\/sumqayitli-sahibkarlar-zakir-ferecov-bize-ved-verdi\/"},"modified":"2019-04-06T16:10:06","modified_gmt":"2019-04-06T16:10:06","slug":"sumqayitli-sahibkarlar-zakir-ferecov-bize-ved-verdi","status":"publish","type":"post","link":"https:\/\/www.meydan.tv\/az\/article\/sumqayitli-sahibkarlar-zakir-ferecov-bize-ved-verdi\/","title":{"rendered":"Sumqay\u0131tl\u0131 sahibkarlar: Zakir F\u0259r\u0259cov biz\u0259 v\u0259d verdi"},"content":{"rendered":"<p>\n  <i><br \/>\n    &#x27;&#x27;Biz n\u0259 zaman i\u015f\u0259 ba\u015flay\u0131b, ail\u0259mizi doland\u0131ra bil\u0259c\u0259yik?&#x27;&#x27;<br \/>\n  <\/i>\n<\/p>\n<p>\n  Sumqay\u0131t\u0131n icra ba\u015f\u00e7\u0131s\u0131 d\u00fckanlar\u0131 s\u00f6k\u00fclm\u00fc\u015f 66 sahibkara onlara yeni ma\u011fazalar\u0131n tikil\u0259c\u0259yini s\u00f6yl\u0259yib.\n<\/p>\n<p>\n  Bu bar\u0259d\u0259 Meydan TV-y\u0259 sahibkarlar m\u0259lumat veribl\u0259r. Bildiribl\u0259r ki, aprelin 2-d\u0259 ke\u00e7irdikl\u0259ri etiraz aksiyas\u0131ndan sonra icra ba\u015f\u00e7\u0131s\u0131 Zakir F\u0259r\u0259covla g\u00f6r\u00fc\u015f\u00fcbl\u0259r. \u018frazid\u0259 tikinti i\u015fl\u0259rinin apar\u0131lmas\u0131 istiqam\u0259tind\u0259 \u00fcmumi \u015fifahi raz\u0131l\u0131q \u0259ld\u0259 edibl\u0259r.\n<\/p>\n<p>\n  \u201cBiziml\u0259 2 saatdan \u00e7ox s\u00f6hb\u0259t ed\u0259n Zakir F\u0259r\u0259cov v\u0259d verdi ki, m\u0259s\u0259l\u0259 \u00f6z m\u00fcsb\u0259t h\u0259llini tapacaq. Bildirdi ki, may\u0131n 1-d\u0259n \u0259razid\u0259 ticar\u0259t m\u0259rk\u0259zinin tikintisinin ba\u015flan\u0131lmas\u0131 \u00fc\u00e7\u00fcn m\u00fcvafiq s\u0259r\u0259ncam ver\u0259c\u0259k\u201d.\n<\/p>\n<p>\n  \u015eikay\u0259t\u00e7il\u0259r bildirirl\u0259r ki, \u0259slind\u0259 2017-ci ilin sentyabr\u0131nda h\u0259min \u0259razid\u0259 tikil\u0259c\u0259k ticar\u0259t m\u0259rk\u0259zind\u0259 onlar\u0131n h\u0259r birin\u0259 yer veril\u0259c\u0259yi v\u0259d edilmi\u015fdi. Lakin \u00f6t\u0259n m\u00fcdd\u0259td\u0259 burada h\u0259r hans\u0131 tikinti i\u015fi apar\u0131lmay\u0131b.\n<\/p>\n<figure class=\"wp-block-image size-large\">\n  <img decoding=\"async\" src=\"https:\/\/www.meydan.tv\/az\/img_20190402_095853-jpg\/\" alt=\"img_20190402_095853.jpg\" class=\"wp-image-121442\"\/><figcaption>\n    \u015e\u0259rq Bazar\u0131<br \/>\n  <\/figcaption><\/figure>\n<p>\n  Sahibkarlar d\u00fckanlar\u0131n s\u00f6k\u00fclm\u0259sind\u0259n 2 il ke\u00e7diyini, amma h\u0259l\u0259 d\u0259 onlar\u0131n xeyrin\u0259 bir ir\u0259lil\u0259yi\u015f olmad\u0131\u011f\u0131n\u0131 s\u00f6yl\u0259yirl\u0259r.\n<\/p>\n<p>\n  \u201c\u015e\u0259h\u0259r r\u0259hb\u0259rliyin\u0259 m\u00fcraci\u0259t edirik. H\u0259r d\u0259f\u0259 problemin tezlikl\u0259 h\u0259ll edil\u0259c\u0259yini deyirl\u0259r. Ancaq he\u00e7 bir n\u0259tic\u0259si yoxdur\u201d.\n<\/p>\n<p>\n  Sahibkarla bildirirl\u0259r ki, s\u00f6k\u00fcnt\u00fcd\u0259n sonra onlara 19 may 2017-ci il tarixli 554 sayl\u0131 s\u0259r\u0259ncama \u0259sas\u0259n, yeni obyektin tikilib veril\u0259c\u0259yin\u0259 dair z\u0259man\u0259t m\u0259ktubu verilib. Sumqay\u0131t \u015e\u0259h\u0259r \u0130cra Hakimiyy\u0259ti ba\u015f\u00e7\u0131s\u0131n\u0131n m\u00fcavini Sahib Quliyevin imzalad\u0131\u011f\u0131 z\u0259man\u0259t m\u0259ktubunda deyilir ki, Sumqay\u0131t \u015f\u0259h\u0259rinin ba\u015f plan\u0131na, memarl\u0131q v\u0259 \u015f\u0259h\u0259rsalma prinsipl\u0259rin\u0259 riay\u0259t edilm\u0259si, \u015f\u0259h\u0259rsalman\u0131n nizaml\u0131 inki\u015faf\u0131n\u0131n t\u0259min edilm\u0259si m\u0259qs\u0259dil\u0259 \u015f\u0259h\u0259rd\u0259 apar\u0131lan b\u0259rpa, yenid\u0259nqurma v\u0259 abadl\u0131q i\u015fl\u0259rinin davam\u0131 olaraq 9-cu mikrorayon \u0259razisind\u0259 yerl\u0259\u015f\u0259n m\u00fcasir memarl\u0131q t\u0259l\u0259bl\u0259rin\u0259 cavab ver\u0259c\u0259k yeni Ticar\u0259t M\u0259rk\u0259zinin tikintisi layih\u0259l\u0259ndirilir:\n<\/p>\n<p>\n  \u201c\u0130n\u015fa olunacaq yeni Ticar\u0259t M\u0259rk\u0259zind\u0259 haz\u0131rda m\u00fclkiyy\u0259tinizd\u0259 olan 9 kv. m ticar\u0259t sah\u0259sinin \u0259v\u0259zin\u0259 sizin m\u00fclkiyy\u0259tiniz\u0259 18 kv. m t\u0259mirsiz ticar\u0259t m\u0259rk\u0259zi veril\u0259c\u0259k\u201d.\n<\/p>\n<figure class=\"wp-block-image size-large\">\n  <img decoding=\"async\" src=\"https:\/\/www.meydan.tv\/az\/sahibkar-jpg\/\" alt=\"sahibkar.jpg\" class=\"wp-image-121445\"\/><figcaption>\n    sahibkarlar<br \/>\n  <\/figcaption><\/figure>\n<p>\n  \u015eikay\u0259t\u00e7il\u0259r bildirirl\u0259r ki, h\u0259min m\u00fcdd\u0259td\u0259n is\u0259 2 il\u0259 yax\u0131n vaxt ke\u00e7ib:\n<\/p>\n<p>\n  \u201cB\u0259s n\u0259 zaman ver\u0259c\u0259kl\u0259r? Biz n\u0259 zaman i\u015f\u0259 ba\u015flay\u0131b, ail\u0259mizi doland\u0131ra bil\u0259c\u0259yik? D\u0259f\u0259l\u0259rl\u0259 Prezident Administrasiyas\u0131na da m\u00fcraci\u0259t etmi\u015fik. Oradan is\u0259 biz\u0259 problemimizin yax\u0131n zamanlarda h\u0259llini tapaca\u011f\u0131 il\u0259 ba\u011fl\u0131 \u00fcmidverici v\u0259d veribl\u0259r. H\u0259l\u0259 d\u0259 g\u00f6zl\u0259yirik\u201d.\n<\/p>\n<p>\n  Aprelin 2-d\u0259, s\u0259h\u0259r saatlar\u0131nda Sumqay\u0131t \u015f\u0259h\u0259ri, 9-cu mikrorayonda yerl\u0259\u015f\u0259n \u201c\u015e\u0259rq bazar\u0131\u201dnda obyektl\u0259ri s\u00f6k\u00fcl\u0259n 66 sahibkar aksiya ke\u00e7irib. Onlar ma\u011fazalar\u0131n\u0131 geri ist\u0259yibl\u0259r. Aksiyaya s\u0259b\u0259b kimi is\u0259 onlara g\u00f6st\u0259ril\u0259n laqeyd m\u00fcnasib\u0259t oldu\u011funu bildir\u0259n sahibkarlar ma\u011fazalar\u0131 s\u00f6k\u00fcl\u0259nd\u0259n sonra ail\u0259l\u0259rini doland\u0131ra bilm\u0259dikl\u0259rini, m\u00fcraci\u0259t etdikl\u0259ri aidiyyat\u0131 qurumlar\u0131n onlar\u0131 dinl\u0259m\u0259dikl\u0259rini s\u00f6yl\u0259yibl\u0259r.\n<\/p>\n<figure class=\"wp-block-image size-large\">\n  <img decoding=\"async\" src=\"https:\/\/www.meydan.tv\/az\/b7136918-a40c-48ef-998c-2aabdcdda8c3-jpg\/\" alt=\"b7136918-a40c-48ef-998c-2aabdcdda8c3.jpg\" class=\"wp-image-121448\"\/><figcaption>\n    bazar \u0259razisi<br \/>\n  <\/figcaption><\/figure>\n<p>\n  66 sahibkara m\u0259xsus ticar\u0259t obyektl\u0259ri 2017-ci ilin may\u0131nda Sumqay\u0131t \u015e\u0259h\u0259r \u0130cra Hakimiyy\u0259ti t\u0259r\u0259find\u0259n s\u00f6k\u00fcl\u00fcb. Sahibkarlar deyirl\u0259r ki, s\u0259n\u0259dl\u0259ri tam qaydas\u0131nda olan d\u00fckanlar\u0131n\u0131n m\u0259hk\u0259m\u0259 q\u0259rar\u0131 olmadan s\u00f6k\u00fclm\u0259si qanunsuzluqdur:\n<\/p>\n<p>\n  \u201cBuna baxmayaraq, antisanitariya, \u015f\u0259h\u0259rin g\u00f6r\u00fcn\u00fc\u015f\u00fcn\u0259 x\u0259l\u0259l g\u0259tirm\u0259si ad\u0131 il\u0259 bizim ma\u011fazalar\u0131 tezbazar s\u00f6kd\u00fcl\u0259r. \u0130ndi bu \u0259razi daha da xarabal\u0131\u011f\u0131 xat\u0131rlad\u0131r v\u0259 \u0259v\u0259llkind\u0259n be\u015fbet\u0259r antisanitariya v\u0259ziyy\u0259tind\u0259dir. \u00dcst\u0259lik, \u015f\u0259h\u0259rin g\u00f6rk\u0259mini korlay\u0131r\u201d.<\/p>\n","protected":false},"excerpt":{"rendered":"<p>66 sahibkara m\u0259xsus ticar\u0259t obyektl\u0259ri 2017-ci ilin may\u0131nda Sumqay\u0131t \u015e\u0259h\u0259r \u0130cra Hakimiyy\u0259ti t\u0259r\u0259find\u0259n s\u00f6k\u00fcl\u00fcb.<\/p>\n","protected":false},"author":11,"featured_media":121436,"comment_status":"closed","ping_status":"open","sticky":false,"template":"","format":"standard","meta":{"_acf_changed":false,"_sitemap_exclude":false,"_sitemap_priority":"","_sitemap_frequency":"","footnotes":""},"categories":[60],"tags":[],"class_list":["post-194821","post","type-post","status-publish","format-standard","has-post-thumbnail","hentry","category-bolge","infinite-scroll-item","generate-columns","tablet-grid-50","mobile-grid-100","grid-parent","grid-33","no-featured-image-padding"],"acf":[],"yoast_head":"<!-- This site is optimized with the Yoast SEO plugin v27.4 - https:\/\/yoast.com\/product\/yoast-seo-wordpress\/ -->\n<title>Sumqay\u0131tl\u0131 sahibkarlar: Zakir F\u0259r\u0259cov biz\u0259 v\u0259d verdi - MEYDAN.TV<\/title>\n<meta name=\"robots\" content=\"index, follow, max-snippet:-1, max-image-preview:large, max-video-preview:-1\" \/>\n<link rel=\"canonical\" href=\"https:\/\/www.meydan.tv\/az\/article\/sumqayitli-sahibkarlar-zakir-ferecov-bize-ved-verdi\/\" \/>\n<meta property=\"og:locale\" content=\"az_AZ\" \/>\n<meta property=\"og:type\" content=\"article\" \/>\n<meta property=\"og:title\" content=\"Sumqay\u0131tl\u0131 sahibkarlar: Zakir F\u0259r\u0259cov biz\u0259 v\u0259d verdi - MEYDAN.TV\" \/>\n<meta property=\"og:description\" content=\"66 sahibkara m\u0259xsus ticar\u0259t obyektl\u0259ri 2017-ci ilin may\u0131nda Sumqay\u0131t \u015e\u0259h\u0259r \u0130cra Hakimiyy\u0259ti t\u0259r\u0259find\u0259n s\u00f6k\u00fcl\u00fcb.\" \/>\n<meta property=\"og:url\" content=\"https:\/\/www.meydan.tv\/az\/article\/sumqayitli-sahibkarlar-zakir-ferecov-bize-ved-verdi\/\" \/>\n<meta property=\"og:site_name\" content=\"MEYDAN.TV\" \/>\n<meta property=\"article:published_time\" content=\"2019-04-06T16:10:06+00:00\" \/>\n<meta property=\"og:image\" content=\"https:\/\/www.meydan.tv\/wp-content\/uploads\/zakir.jpg\" \/>\n\t<meta property=\"og:image:width\" content=\"750\" \/>\n\t<meta property=\"og:image:height\" content=\"500\" \/>\n\t<meta property=\"og:image:type\" content=\"image\/jpeg\" \/>\n<meta name=\"author\" content=\"user-manager\" \/>\n<meta name=\"twitter:card\" content=\"summary_large_image\" \/>\n<script type=\"application\/ld+json\" class=\"yoast-schema-graph\">{\"@context\":\"https:\\\/\\\/schema.org\",\"@graph\":[{\"@type\":\"Article\",\"@id\":\"https:\\\/\\\/www.meydan.tv\\\/az\\\/article\\\/sumqayitli-sahibkarlar-zakir-ferecov-bize-ved-verdi\\\/#article\",\"isPartOf\":{\"@id\":\"https:\\\/\\\/www.meydan.tv\\\/az\\\/article\\\/sumqayitli-sahibkarlar-zakir-ferecov-bize-ved-verdi\\\/\"},\"author\":{\"name\":\"user-manager\",\"@id\":\"https:\\\/\\\/www.meydan.tv\\\/az\\\/#\\\/schema\\\/person\\\/10d11eccf6da3662cf5fdab9806ea91a\"},\"headline\":\"Sumqay\u0131tl\u0131 sahibkarlar: Zakir F\u0259r\u0259cov biz\u0259 v\u0259d verdi\",\"datePublished\":\"2019-04-06T16:10:06+00:00\",\"mainEntityOfPage\":{\"@id\":\"https:\\\/\\\/www.meydan.tv\\\/az\\\/article\\\/sumqayitli-sahibkarlar-zakir-ferecov-bize-ved-verdi\\\/\"},\"wordCount\":716,\"publisher\":{\"@id\":\"https:\\\/\\\/www.meydan.tv\\\/az\\\/#organization\"},\"image\":{\"@id\":\"https:\\\/\\\/www.meydan.tv\\\/az\\\/article\\\/sumqayitli-sahibkarlar-zakir-ferecov-bize-ved-verdi\\\/#primaryimage\"},\"thumbnailUrl\":\"https:\\\/\\\/www.meydan.tv\\\/wp-content\\\/uploads\\\/zakir.jpg\",\"articleSection\":[\"B\u00f6lg\u0259\"],\"inLanguage\":\"az\"},{\"@type\":\"WebPage\",\"@id\":\"https:\\\/\\\/www.meydan.tv\\\/az\\\/article\\\/sumqayitli-sahibkarlar-zakir-ferecov-bize-ved-verdi\\\/\",\"url\":\"https:\\\/\\\/www.meydan.tv\\\/az\\\/article\\\/sumqayitli-sahibkarlar-zakir-ferecov-bize-ved-verdi\\\/\",\"name\":\"Sumqay\u0131tl\u0131 sahibkarlar: Zakir F\u0259r\u0259cov biz\u0259 v\u0259d verdi - MEYDAN.TV\",\"isPartOf\":{\"@id\":\"https:\\\/\\\/www.meydan.tv\\\/az\\\/#website\"},\"primaryImageOfPage\":{\"@id\":\"https:\\\/\\\/www.meydan.tv\\\/az\\\/article\\\/sumqayitli-sahibkarlar-zakir-ferecov-bize-ved-verdi\\\/#primaryimage\"},\"image\":{\"@id\":\"https:\\\/\\\/www.meydan.tv\\\/az\\\/article\\\/sumqayitli-sahibkarlar-zakir-ferecov-bize-ved-verdi\\\/#primaryimage\"},\"thumbnailUrl\":\"https:\\\/\\\/www.meydan.tv\\\/wp-content\\\/uploads\\\/zakir.jpg\",\"datePublished\":\"2019-04-06T16:10:06+00:00\",\"breadcrumb\":{\"@id\":\"https:\\\/\\\/www.meydan.tv\\\/az\\\/article\\\/sumqayitli-sahibkarlar-zakir-ferecov-bize-ved-verdi\\\/#breadcrumb\"},\"inLanguage\":\"az\",\"potentialAction\":[{\"@type\":\"ReadAction\",\"target\":[\"https:\\\/\\\/www.meydan.tv\\\/az\\\/article\\\/sumqayitli-sahibkarlar-zakir-ferecov-bize-ved-verdi\\\/\"]}]},{\"@type\":\"ImageObject\",\"inLanguage\":\"az\",\"@id\":\"https:\\\/\\\/www.meydan.tv\\\/az\\\/article\\\/sumqayitli-sahibkarlar-zakir-ferecov-bize-ved-verdi\\\/#primaryimage\",\"url\":\"https:\\\/\\\/www.meydan.tv\\\/wp-content\\\/uploads\\\/zakir.jpg\",\"contentUrl\":\"https:\\\/\\\/www.meydan.tv\\\/wp-content\\\/uploads\\\/zakir.jpg\",\"width\":750,\"height\":500,\"caption\":\"Source: Foto: Meydan.tv\"},{\"@type\":\"BreadcrumbList\",\"@id\":\"https:\\\/\\\/www.meydan.tv\\\/az\\\/article\\\/sumqayitli-sahibkarlar-zakir-ferecov-bize-ved-verdi\\\/#breadcrumb\",\"itemListElement\":[{\"@type\":\"ListItem\",\"position\":1,\"name\":\"Ana s\u0259hif\u0259\",\"item\":\"https:\\\/\\\/www.meydan.tv\\\/az\\\/\"},{\"@type\":\"ListItem\",\"position\":2,\"name\":\"B\u00f6lg\u0259\",\"item\":\"https:\\\/\\\/www.meydan.tv\\\/az\\\/section\\\/bolge\\\/\"},{\"@type\":\"ListItem\",\"position\":3,\"name\":\"Sumqay\u0131tl\u0131 sahibkarlar: Zakir F\u0259r\u0259cov biz\u0259 v\u0259d verdi\"}]},{\"@type\":\"WebSite\",\"@id\":\"https:\\\/\\\/www.meydan.tv\\\/az\\\/#website\",\"url\":\"https:\\\/\\\/www.meydan.tv\\\/az\\\/\",\"name\":\"MEYDAN.TV\",\"description\":\"Meydan TV Az\u0259rbaycan\u0131n media m\u0259kan\u0131ndak\u0131 alternativ s\u0259sidir\",\"publisher\":{\"@id\":\"https:\\\/\\\/www.meydan.tv\\\/az\\\/#organization\"},\"potentialAction\":[{\"@type\":\"SearchAction\",\"target\":{\"@type\":\"EntryPoint\",\"urlTemplate\":\"https:\\\/\\\/www.meydan.tv\\\/az\\\/?s={search_term_string}\"},\"query-input\":{\"@type\":\"PropertyValueSpecification\",\"valueRequired\":true,\"valueName\":\"search_term_string\"}}],\"inLanguage\":\"az\"},{\"@type\":\"Organization\",\"@id\":\"https:\\\/\\\/www.meydan.tv\\\/az\\\/#organization\",\"name\":\"Meydan TV\",\"url\":\"https:\\\/\\\/www.meydan.tv\\\/az\\\/\",\"logo\":{\"@type\":\"ImageObject\",\"inLanguage\":\"az\",\"@id\":\"https:\\\/\\\/www.meydan.tv\\\/az\\\/#\\\/schema\\\/logo\\\/image\\\/\",\"url\":\"https:\\\/\\\/www.meydan.tv\\\/wp-content\\\/uploads\\\/2021\\\/07\\\/meydan-logo.svg\",\"contentUrl\":\"https:\\\/\\\/www.meydan.tv\\\/wp-content\\\/uploads\\\/2021\\\/07\\\/meydan-logo.svg\",\"width\":195,\"height\":46,\"caption\":\"Meydan TV\"},\"image\":{\"@id\":\"https:\\\/\\\/www.meydan.tv\\\/az\\\/#\\\/schema\\\/logo\\\/image\\\/\"}},{\"@type\":\"Person\",\"@id\":\"https:\\\/\\\/www.meydan.tv\\\/az\\\/#\\\/schema\\\/person\\\/10d11eccf6da3662cf5fdab9806ea91a\",\"name\":\"user-manager\"}]}<\/script>\n<!-- \/ Yoast SEO plugin. -->","yoast_head_json":{"title":"Sumqay\u0131tl\u0131 sahibkarlar: Zakir F\u0259r\u0259cov biz\u0259 v\u0259d verdi - MEYDAN.TV","robots":{"index":"index","follow":"follow","max-snippet":"max-snippet:-1","max-image-preview":"max-image-preview:large","max-video-preview":"max-video-preview:-1"},"canonical":"https:\/\/www.meydan.tv\/az\/article\/sumqayitli-sahibkarlar-zakir-ferecov-bize-ved-verdi\/","og_locale":"az_AZ","og_type":"article","og_title":"Sumqay\u0131tl\u0131 sahibkarlar: Zakir F\u0259r\u0259cov biz\u0259 v\u0259d verdi - MEYDAN.TV","og_description":"66 sahibkara m\u0259xsus ticar\u0259t obyektl\u0259ri 2017-ci ilin may\u0131nda Sumqay\u0131t \u015e\u0259h\u0259r \u0130cra Hakimiyy\u0259ti t\u0259r\u0259find\u0259n s\u00f6k\u00fcl\u00fcb.","og_url":"https:\/\/www.meydan.tv\/az\/article\/sumqayitli-sahibkarlar-zakir-ferecov-bize-ved-verdi\/","og_site_name":"MEYDAN.TV","article_published_time":"2019-04-06T16:10:06+00:00","og_image":[{"width":750,"height":500,"url":"https:\/\/www.meydan.tv\/wp-content\/uploads\/zakir.jpg","type":"image\/jpeg"}],"author":"user-manager","twitter_card":"summary_large_image","schema":{"@context":"https:\/\/schema.org","@graph":[{"@type":"Article","@id":"https:\/\/www.meydan.tv\/az\/article\/sumqayitli-sahibkarlar-zakir-ferecov-bize-ved-verdi\/#article","isPartOf":{"@id":"https:\/\/www.meydan.tv\/az\/article\/sumqayitli-sahibkarlar-zakir-ferecov-bize-ved-verdi\/"},"author":{"name":"user-manager","@id":"https:\/\/www.meydan.tv\/az\/#\/schema\/person\/10d11eccf6da3662cf5fdab9806ea91a"},"headline":"Sumqay\u0131tl\u0131 sahibkarlar: Zakir F\u0259r\u0259cov biz\u0259 v\u0259d verdi","datePublished":"2019-04-06T16:10:06+00:00","mainEntityOfPage":{"@id":"https:\/\/www.meydan.tv\/az\/article\/sumqayitli-sahibkarlar-zakir-ferecov-bize-ved-verdi\/"},"wordCount":716,"publisher":{"@id":"https:\/\/www.meydan.tv\/az\/#organization"},"image":{"@id":"https:\/\/www.meydan.tv\/az\/article\/sumqayitli-sahibkarlar-zakir-ferecov-bize-ved-verdi\/#primaryimage"},"thumbnailUrl":"https:\/\/www.meydan.tv\/wp-content\/uploads\/zakir.jpg","articleSection":["B\u00f6lg\u0259"],"inLanguage":"az"},{"@type":"WebPage","@id":"https:\/\/www.meydan.tv\/az\/article\/sumqayitli-sahibkarlar-zakir-ferecov-bize-ved-verdi\/","url":"https:\/\/www.meydan.tv\/az\/article\/sumqayitli-sahibkarlar-zakir-ferecov-bize-ved-verdi\/","name":"Sumqay\u0131tl\u0131 sahibkarlar: Zakir F\u0259r\u0259cov biz\u0259 v\u0259d verdi - MEYDAN.TV","isPartOf":{"@id":"https:\/\/www.meydan.tv\/az\/#website"},"primaryImageOfPage":{"@id":"https:\/\/www.meydan.tv\/az\/article\/sumqayitli-sahibkarlar-zakir-ferecov-bize-ved-verdi\/#primaryimage"},"image":{"@id":"https:\/\/www.meydan.tv\/az\/article\/sumqayitli-sahibkarlar-zakir-ferecov-bize-ved-verdi\/#primaryimage"},"thumbnailUrl":"https:\/\/www.meydan.tv\/wp-content\/uploads\/zakir.jpg","datePublished":"2019-04-06T16:10:06+00:00","breadcrumb":{"@id":"https:\/\/www.meydan.tv\/az\/article\/sumqayitli-sahibkarlar-zakir-ferecov-bize-ved-verdi\/#breadcrumb"},"inLanguage":"az","potentialAction":[{"@type":"ReadAction","target":["https:\/\/www.meydan.tv\/az\/article\/sumqayitli-sahibkarlar-zakir-ferecov-bize-ved-verdi\/"]}]},{"@type":"ImageObject","inLanguage":"az","@id":"https:\/\/www.meydan.tv\/az\/article\/sumqayitli-sahibkarlar-zakir-ferecov-bize-ved-verdi\/#primaryimage","url":"https:\/\/www.meydan.tv\/wp-content\/uploads\/zakir.jpg","contentUrl":"https:\/\/www.meydan.tv\/wp-content\/uploads\/zakir.jpg","width":750,"height":500,"caption":"Source: Foto: Meydan.tv"},{"@type":"BreadcrumbList","@id":"https:\/\/www.meydan.tv\/az\/article\/sumqayitli-sahibkarlar-zakir-ferecov-bize-ved-verdi\/#breadcrumb","itemListElement":[{"@type":"ListItem","position":1,"name":"Ana s\u0259hif\u0259","item":"https:\/\/www.meydan.tv\/az\/"},{"@type":"ListItem","position":2,"name":"B\u00f6lg\u0259","item":"https:\/\/www.meydan.tv\/az\/section\/bolge\/"},{"@type":"ListItem","position":3,"name":"Sumqay\u0131tl\u0131 sahibkarlar: Zakir F\u0259r\u0259cov biz\u0259 v\u0259d verdi"}]},{"@type":"WebSite","@id":"https:\/\/www.meydan.tv\/az\/#website","url":"https:\/\/www.meydan.tv\/az\/","name":"MEYDAN.TV","description":"Meydan TV Az\u0259rbaycan\u0131n media m\u0259kan\u0131ndak\u0131 alternativ s\u0259sidir","publisher":{"@id":"https:\/\/www.meydan.tv\/az\/#organization"},"potentialAction":[{"@type":"SearchAction","target":{"@type":"EntryPoint","urlTemplate":"https:\/\/www.meydan.tv\/az\/?s={search_term_string}"},"query-input":{"@type":"PropertyValueSpecification","valueRequired":true,"valueName":"search_term_string"}}],"inLanguage":"az"},{"@type":"Organization","@id":"https:\/\/www.meydan.tv\/az\/#organization","name":"Meydan TV","url":"https:\/\/www.meydan.tv\/az\/","logo":{"@type":"ImageObject","inLanguage":"az","@id":"https:\/\/www.meydan.tv\/az\/#\/schema\/logo\/image\/","url":"https:\/\/www.meydan.tv\/wp-content\/uploads\/2021\/07\/meydan-logo.svg","contentUrl":"https:\/\/www.meydan.tv\/wp-content\/uploads\/2021\/07\/meydan-logo.svg","width":195,"height":46,"caption":"Meydan TV"},"image":{"@id":"https:\/\/www.meydan.tv\/az\/#\/schema\/logo\/image\/"}},{"@type":"Person","@id":"https:\/\/www.meydan.tv\/az\/#\/schema\/person\/10d11eccf6da3662cf5fdab9806ea91a","name":"user-manager"}]}},"_links":{"self":[{"href":"https:\/\/www.meydan.tv\/az\/wp-json\/wp\/v2\/posts\/194821","targetHints":{"allow":["GET"]}}],"collection":[{"href":"https:\/\/www.meydan.tv\/az\/wp-json\/wp\/v2\/posts"}],"about":[{"href":"https:\/\/www.meydan.tv\/az\/wp-json\/wp\/v2\/types\/post"}],"author":[{"embeddable":true,"href":"https:\/\/www.meydan.tv\/az\/wp-json\/wp\/v2\/users\/11"}],"replies":[{"embeddable":true,"href":"https:\/\/www.meydan.tv\/az\/wp-json\/wp\/v2\/comments?post=194821"}],"version-history":[{"count":0,"href":"https:\/\/www.meydan.tv\/az\/wp-json\/wp\/v2\/posts\/194821\/revisions"}],"wp:featuredmedia":[{"embeddable":true,"href":"https:\/\/www.meydan.tv\/az\/wp-json\/wp\/v2\/media\/121436"}],"wp:attachment":[{"href":"https:\/\/www.meydan.tv\/az\/wp-json\/wp\/v2\/media?parent=194821"}],"wp:term":[{"taxonomy":"category","embeddable":true,"href":"https:\/\/www.meydan.tv\/az\/wp-json\/wp\/v2\/categories?post=194821"},{"taxonomy":"post_tag","embeddable":true,"href":"https:\/\/www.meydan.tv\/az\/wp-json\/wp\/v2\/tags?post=194821"}],"curies":[{"name":"wp","href":"https:\/\/api.w.org\/{rel}","templated":true}]}}