{"id":194790,"date":"2019-04-04T12:13:06","date_gmt":"2019-04-04T12:13:06","guid":{"rendered":"https:\/\/www.meydan.tv\/article\/26-il-camasirxanada-yasayan-aile\/"},"modified":"2019-04-04T12:13:06","modified_gmt":"2019-04-04T12:13:06","slug":"26-il-camasirxanada-yasayan-aile","status":"publish","type":"post","link":"https:\/\/www.meydan.tv\/az\/article\/26-il-camasirxanada-yasayan-aile\/","title":{"rendered":"26 il \u00e7ama\u015f\u0131rxanada ya\u015fayan ail\u0259"},"content":{"rendered":"<p>\n  K\u0259lb\u0259c\u0259r sakinl\u0259ri: &#x27;&#x27;Nolar, x\u0259b\u0259rimizi \u00e7atd\u0131r\u0131n Prezidentimiz\u0259, Mehriban \u018fliyevaya&#x27;&#x27;\n<\/p>\n<p>\n  Aprelin 2-d\u0259 K\u0259lb\u0259c\u0259rin i\u015f\u011fal\u0131ndan 26 il \u00f6td\u00fc. 70 min n\u0259f\u0259rd\u0259n \u00e7ox \u0259halisi olan bu rayonun i\u015f\u011fal\u0131 53 340 n\u0259f\u0259ri evsiz qoyub.\n<\/p>\n<p>\n  Ke\u00e7\u0259n 26 il \u0259rzind\u0259 k\u00f6\u00e7k\u00fcn d\u00fc\u015fm\u00fc\u015f insanlardan b\u0259zil\u0259rini d\u00f6vl\u0259t yeni tikdiyi m\u0259nzill\u0259rl\u0259 t\u0259min edib. Ancaq onlar\u0131n aras\u0131nda bu g\u00fcn d\u0259 ya\u015fay\u0131\u015f t\u0259yinat\u0131 olmayan, \u015f\u0259raitsiz yerl\u0259rd\u0259 qalanlar var. Goranboyda Goran dair\u0259sinin yax\u0131nl\u0131\u011f\u0131ndak\u0131 Sovet d\u00f6vr\u00fcnd\u0259n qalma \u00e7ama\u015f\u0131rxana binas\u0131nda m\u0259skunla\u015fan K\u0259lb\u0259c\u0259r k\u00f6\u00e7k\u00fcnl\u0259ri kimi\u2026\n<\/p>\n<p>\n  <b><br \/>\n    <i><br \/>\n      \u201cSi\u00e7ovul yuvas\u0131d\u0131r, burada adam ya\u015famaz\u201d<br \/>\n    <\/i><br \/>\n  <\/b>\n<\/p>\n<p>\n  \u201cQ\u0259zal\u0131 \u015f\u0259raitd\u0259 ya\u015fayan ham\u0131 evl\u0259 t\u0259min edildi, k\u00f6\u00e7d\u00fc. Bir bizd\u0259n ba\u015fqa. Bax\u0131n, h\u0259m u\u00e7ub-t\u00f6k\u00fcl\u00fcr, h\u0259m d\u0259 betondur. Ham\u0131m\u0131z x\u0259st\u0259 d\u00fc\u015fm\u00fc\u015f\u00fck. Si\u00e7ovul yuvas\u0131d\u0131r, burada adam ya\u015famaz ki, biz ya\u015fay\u0131r\u0131q\u201d, &#8211; 60 ya\u015fl\u0131 K\u0259lb\u0259c\u0259r k\u00f6\u00e7k\u00fcn\u00fc \u015e\u0259rqiyy\u0259 M\u0259mm\u0259dova bel\u0259 deyir. \u00d6vladlar\u0131n\u0131 bu inzibati binada b\u00f6y\u00fctd\u00fcy\u00fcn\u00fc dey\u0259n \u015e\u0259rqiyy\u0259 xan\u0131m, ke\u00e7\u0259n 26 ilin onun \u00fc\u00e7\u00fcn he\u00e7 d\u0259 asan olmad\u0131\u011f\u0131n\u0131 s\u00f6yl\u0259yir:\n<\/p>\n<figure class=\"wp-block-image size-large\">\n  <img decoding=\"async\" src=\"https:\/\/www.meydan.tv\/az\/image00001-jpeg-6\/\" alt=\"image00001.jpeg\" class=\"wp-image-121319\"\/><figcaption>\n    \u015e\u0259rqiyy\u0259 M\u0259mm\u0259dova<br \/>\n  <\/figcaption><\/figure>\n<p>\n  \u201cB\u0259xt\u0259v\u0259r idik, Novruz bayram\u0131na haz\u0131rla\u015f\u0131rd\u0131q. Ev-e\u015fiyimizi, h\u0259y\u0259t-bacam\u0131z\u0131 t\u0259mizl\u0259mi\u015fdik. H\u0259r \u015feyi g\u00fcl kimi ed\u0259nd\u0259n sonra oturdum aynab\u0259ndin qar\u015f\u0131s\u0131nda. Sa\u011fa baxd\u0131m, sola baxd\u0131m. Eviml\u0259, \u015f\u0259raitiml\u0259 q\u00fcrurland\u0131m. Dedim, ay \u015e\u0259rqiyy\u0259, s\u0259n n\u0259 talehli qad\u0131nsan, g\u00f6r n\u0259 yax\u015f\u0131 evin-e\u015fiyin, \u015f\u0259raitin var. He\u00e7 bir ay \u00e7\u0259km\u0259di. Ham\u0131s\u0131n\u0131 itirdim. \u0130nan\u0131rs\u0131z, bug\u00fcn\u0259d\u0259k \u00f6z\u00fcm\u00fc g\u00fcnahland\u0131r\u0131ram ki, b\u0259lk\u0259 o c\u00fcr f\u0259r\u0259hl\u0259nm\u0259s\u0259ydim, b\u00fct\u00fcn bunlar ba\u015f verm\u0259y\u0259c\u0259kdi. Evimd\u0259n olmayacaqd\u0131m,\u201d &#8211; dey\u0259 \u015e. M\u0259mm\u0259dova \u00f6z\u00fcn\u00fc g\u00fcnahland\u0131r\u0131r.\n<\/p>\n<p>\n  <b><br \/>\n    <i><br \/>\n      \u201cSoyuq ilikl\u0259rimiz\u0259 i\u015fl\u0259yir, donuruq\u201d<br \/>\n    <\/i><br \/>\n  <\/b>\n<\/p>\n<p>\n  S\u0259hn\u0259banu Cabbarova da h\u0259yat yolda\u015f\u0131 v\u0259 ki\u00e7ik q\u0131z\u0131 il\u0259 burada m\u0259skunla\u015f\u0131b. \u0130ll\u0259rdir h\u0259min binan\u0131n birinci m\u0259rt\u0259b\u0259sind\u0259ki ki\u00e7ik otaqda ya\u015fay\u0131r. O, h\u00f6kum\u0259tin onlar\u0131 unutdu\u011funu d\u00fc\u015f\u00fcn\u00fcr. \u201cYoxsa bu c\u00fcr q\u0259zal\u0131 v\u0259 betonda ya\u015famalar\u0131n\u0131n s\u0259b\u0259bi n\u0259 ola bil\u0259r ki,\u201d \u2013 dey\u0259, sual edir:\n<\/p>\n<figure class=\"wp-block-image size-large\">\n  <img decoding=\"async\" src=\"https:\/\/www.meydan.tv\/az\/image00006-jpeg-7\/\" alt=\"image00006.jpeg\" class=\"wp-image-121322\"\/><figcaption>\n    S\u0259hn\u0259banu Cabbarova<br \/>\n  <\/figcaption><\/figure>\n<p>\n  \u201cSoyuq ilikl\u0259rimiz\u0259 i\u015fl\u0259yir, donuruq. D\u0259rdimizi dem\u0259y\u0259 kims\u0259miz yoxdur. Bura da bilirsiniz d\u0259 n\u0259dir, \u00e7ama\u015f\u0131rxana. Sovetin d\u00f6vr\u00fcnd\u0259 ruslar Naftalana sanatoriyalara gedirdil\u0259r. Bizim ya\u015fad\u0131\u011f\u0131m\u0131z bu bina h\u0259min sanatoriyalar\u0131n paltaryuyulan yeri olub. O vaxt tonla paltar, \u00e7ar\u015faf v\u0259 d\u0259smallar\u0131 g\u0259tirib, burada yuyub, qurudub, \u00fct\u00fcl\u0259yib, h\u0259min sanatoriyalara g\u00f6nd\u0259rirmi\u015fl\u0259r. Bina bo\u015f idi, yerl\u0259\u015fdik. Art\u0131q \u00e7\u00f6km\u0259k \u00fczr\u0259dir\u201d.\n<\/p>\n<p>\n  <b><br \/>\n    <i><br \/>\n      \u201cB\u0259lk\u0259 d\u0259 \u0259n \u00e7\u0259tin \u015f\u0259raitd\u0259 ya\u015fayan insan\u0131q\u201d<br \/>\n    <\/i><br \/>\n  <\/b>\n<\/p>\n<p>\n  Bu k\u00f6hn\u0259, q\u0259zal\u0131 \u015f\u0259raitd\u0259 olan ikim\u0259rt\u0259b\u0259li binada 4 k\u0259lb\u0259c\u0259rli ail\u0259 m\u0259skunla\u015f\u0131b. N\u0259 az, n\u0259 \u00e7ox, 15 n\u0259f\u0259rin m\u0259sk\u0259nidir bu k\u00f6hn\u0259, yar\u0131u\u00e7uq bina.\n<\/p>\n<figure class=\"wp-block-image size-large\">\n  <img decoding=\"async\" src=\"https:\/\/www.meydan.tv\/az\/image00010-jpeg-2\/\" alt=\"image00010.jpeg\" class=\"wp-image-121325\"\/><figcaption>\n    m\u0259nzilin i\u00e7i<br \/>\n  <\/figcaption><\/figure>\n<p>\n  S\u0259hn\u0259banu Cabbarova deyir ki, betonda ya\u015famaqdan, istilik olmad\u0131\u011f\u0131ndan ill\u0259rdir b\u00f6yr\u0259kl\u0259ri x\u0259st\u0259 d\u00fc\u015f\u00fcb, m\u00fcalic\u0259 olunur:\n<\/p>\n<p>\n  \u201cU\u015fa\u011f\u0131m da k\u00f6rp\u0259dir. Onu 40 ya\u015f\u0131mda d\u00fcnyaya g\u0259tirmi\u015f\u0259m. Duayla, m\u00fcalic\u0259yl\u0259 ill\u0259r sonra do\u011fulub. \u0130ndi normal bir \u015f\u0259raitd\u0259 b\u00f6y\u00fcd\u0259 bilmirik. Bir-iki il d\u00f6zm\u0259k olar, daha 26 il yox. B\u0259lk\u0259 d\u0259 \u0259n \u00e7\u0259tin \u015f\u0259raitd\u0259 ya\u015fayan insan\u0131q. Camaat\u0131n ya\u015fay\u0131\u015f\u0131na gedib bax\u0131rsan, h\u0259v\u0259sin g\u0259lir. Bizim evimiz\u0259 bax. Ya\u015fay\u0131\u015f budur?\u201d\n<\/p>\n<p>\n  <b><br \/>\n    <i><br \/>\n      \u201cBu g\u00fcn, sabah olub 26 il, h\u0259l\u0259 d\u0259 buraday\u0131q\u201d<br \/>\n    <\/i><br \/>\n  <\/b>\n<\/p>\n<p>\n  S. Cabbarova deyir ki, onlar\u0131n da K\u0259b\u0259c\u0259rd\u0259ki evl\u0259ri \u015f\u0259raitli, imkanlar\u0131 yax\u015f\u0131 olub. Oradak\u0131 h\u0259yatlar\u0131n\u0131 xat\u0131rlay\u0131r, t\u0259\u0259ss\u00fcfll\u0259nir ki, daha o c\u00fcr \u015f\u0259rait yarada bilmirl\u0259r:\n<\/p>\n<p>\n  \u201cY\u0259qin \u015fans adam\u0131n \u0259lin\u0259 h\u0259r zaman ke\u00e7mir d\u0259. K\u0259lb\u0259c\u0259rd\u0259 h\u0259r \u015fey na\u011f\u0131l kimi idi. S\u0259h\u0259rl\u0259r mal-heyvan\u0131 \u00f6t\u00fcr\u00fcrd\u00fck \u00f6r\u00fc\u015f\u0259. \u00d6z-\u00f6z\u00fcn\u0259 gedib, g\u0259lirdi. H\u0259y\u0259timiz, meyv\u0259 a\u011faclar\u0131m\u0131z, heyvanlar\u0131m\u0131z, evl\u0259rimiz&#8230; Bir d\u0259 buradak\u0131 \u015f\u0259rait\u0259 bax\u0131n. G\u00fccl\u0259 \u00f6yr\u0259\u015fmi\u015fik. \u018flimiz d\u0259 isinmir bir i\u015f g\u00f6rm\u0259y\u0259. Deyirik, bu g\u00fcn, sabah \u00e7\u0131xaracaqlar, k\u00f6\u00e7\u00fcr\u0259c\u0259kl\u0259r bizi. Bu g\u00fcn, sabah olub 26 il. H\u0259l\u0259 d\u0259 buraday\u0131q\u201d.\n<\/p>\n<p>\n  <b><br \/>\n    <i><br \/>\n      \u201cO vertolyota mindik v\u0259 h\u0259r \u015fey oradaca bitdi\u201d<br \/>\n    <\/i><br \/>\n  <\/b>\n<\/p>\n<p>\n  S\u0259hn\u0259banu Cabbarova deyir ki, K\u0259lb\u0259c\u0259rd\u0259ki evl\u0259ri ikim\u0259rt\u0259b\u0259li olub. Burada da ya\u015fad\u0131qlar\u0131 yer ikim\u0259rt\u0259b\u0259lidir, ancaq ev deyil:\n<\/p>\n<p>\n  \u201cAlt-\u00fcst m\u0259rt\u0259b\u0259 evimiz var idi. Biz k\u0259ndimizd\u0259n bayramdan bir az \u0259vv\u0259l \u00e7\u0131xd\u0131q. \u018fn son \u00e7\u0131xanlardan\u0131q. Son anad\u0259k \u00fcmidimiz var idi. Amma sonda o vertolyota mindik v\u0259 h\u0259r \u015fey oradaca bitdi. T\u00f6vb\u0259, evimizd\u0259n bir \u00e7\u00f6p d\u0259 g\u00f6t\u00fcr\u0259 bilm\u0259dik. G\u00f6r\u00fcrs\u00fcn\u00fcz d\u0259 g\u00fcn\u00fcm\u00fcz\u00fc, nolar, x\u0259b\u0259rimizi \u00e7atd\u0131r\u0131n Prezidentimiz\u0259, Mehriban xan\u0131m \u018fliyevaya. Bizi g\u00f6rs\u00fcnl\u0259r, bilsinl\u0259r n\u0259 g\u00fcnd\u0259yik. Bilsinl\u0259r ki, it d\u0259, pi\u015fik d\u0259, biz d\u0259, eyni yerd\u0259 ya\u015fay\u0131r\u0131q\u201d.\n<\/p>\n<p>\n  <b><br \/>\n    <i><br \/>\n      \u201cAcl\u0131q, s\u0259fal\u0259t, \u00e7\u0259tinlik, \u015f\u0259raitsizlik, h\u0259r \u015fey g\u00f6rd\u00fck\u201d<br \/>\n    <\/i><br \/>\n  <\/b>\n<\/p>\n<p>\n  \u015e\u0259rqiyy\u0259 M\u0259mm\u0259dovan\u0131n K\u0259lb\u0259c\u0259rd\u0259 s\u00fcr\u00fc il\u0259 mal-heyvan\u0131 olub. Burada c\u0259mi bir in\u0259kl\u0259ri var. Deyir, onu da g\u00fccl\u0259, s\u00fcd\u00fcn\u0259, qat\u0131\u011f\u0131na g\u00f6r\u0259 saxlay\u0131r. Yoxsa, \u00e7\u00f6ll\u00fckd\u0259 heyvan saxlamaq \u00e7ox \u00e7\u0259tindir:\n<\/p>\n<figure class=\"wp-block-image size-large\">\n  <img decoding=\"async\" src=\"https:\/\/www.meydan.tv\/az\/image00011-jpeg-4\/\" alt=\"image00011.jpeg\" class=\"wp-image-121328\"\/><figcaption>\n    ev<br \/>\n  <\/figcaption><\/figure>\n<p>\n  \u201cBirc\u0259 in\u0259yimiz var. Yavanl\u0131q \u00fc\u00e7\u00fcn saxlay\u0131r\u0131q. S\u00fcd\u00fcnd\u0259n, qat\u0131\u011f\u0131ndan istifad\u0259 edirik. Yoxsa dolanmaq \u00e7ox \u00e7\u0259tindir. Bura he\u00e7n\u0259siz g\u0259lmi\u015fik. A\u011fcaqanad g\u00f6rm\u0259mi\u015fdik, burada tan\u0131d\u0131q. Ayaqlar\u0131m\u0131z yara t\u00f6kd\u00fc. Acl\u0131q, s\u0259fal\u0259t, \u00e7\u0259tinlik, \u015f\u0259raitsizlik, h\u0259r \u015fey g\u00f6rd\u00fck. U\u015faqlar\u0131m\u0131z k\u00f6rp\u0259, \u00f6z\u00fcm\u00fcz i\u015fsiz, a\u011f\u0131r v\u0259ziyy\u0259tl\u0259r idi. \u0130ndi o vaxtk\u0131 kimi deyil, amma yen\u0259 z\u00fclmd\u0259yik. Allah k\u0259ssin bel\u0259 ya\u015fay\u0131\u015f\u0131. H\u0259r \u015feyi televizorda g\u00f6r\u00fcr\u00fck. M\u0259s\u0259l\u0259n, paltarlar\u0131, qablar\u0131 at\u0131rlar ma\u015f\u0131na, \u00f6z\u00fc yuyur. Bizim \u00fc\u00e7\u00fcns\u0259 bu, sad\u0259c\u0259 x\u0259yald\u0131r\u201d.\n<\/p>\n<p>\n  <b><br \/>\n    <i><br \/>\n      \u201cBu, 26 g\u00fcn deyil e, 26 ildir ki, evsizik\u201d<br \/>\n    <\/i><br \/>\n  <\/b>\n<\/p>\n<p>\n  S\u0259rxan Orucov da k\u00f6\u00e7\u00fcr\u00fcl\u0259c\u0259kl\u0259ri g\u00fcn\u00fc g\u00f6zl\u0259yir. Deyir, art\u0131q bezib. H\u0259r ya\u011f\u0131\u015f ya\u011fanda ya\u015fad\u0131qlar\u0131 binan\u0131n h\u0259y\u0259tini su bas\u0131r. Onu t\u0259mizl\u0259m\u0259kd\u0259n yorulub, lap t\u0259ng\u0259 g\u0259lib:\n<\/p>\n<figure class=\"wp-block-image size-large\">\n  <img decoding=\"async\" src=\"https:\/\/www.meydan.tv\/az\/image00015-jpeg\/\" alt=\"image00015.jpeg\" class=\"wp-image-121331\"\/><figcaption>\n    S\u0259rxan Orucov<br \/>\n  <\/figcaption><\/figure>\n<p>\n  \u201cBax\u0131n, q\u0259zal\u0131 binada ya\u015fay\u0131r\u0131q. H\u0259r g\u00fcn bir yeri t\u00f6k\u00fcl\u00fcr, u\u00e7ur, da\u011f\u0131l\u0131r. 26 ildir buraday\u0131q. Bax\u0131ms\u0131zl\u0131qd\u0131r, betondur, k\u00f6m\u0259k laz\u0131md\u0131r. Aidiyyat\u0131 qurumlara da m\u0259lumat vermi\u015fik. Baxan yoxdur\u201d.\n<\/p>\n<p>\n  El\u015fad Orucov da ya\u015fay\u0131\u015f\u0131ndan gileyl\u0259nir. Deyir, torpaq yox ki, \u0259kib-bec\u0259r\u0259s\u0259n, mal-heyvan saxlayasan, ev yox ki, aya\u011f\u0131n\u0131 a\u015f\u0131r\u0131b \u00fcr\u0259yind\u0259n ke\u00e7\u0259n istirah\u0259t ed\u0259s\u0259n:\n<\/p>\n<p>\n  \u201cNolar, biz\u0259 k\u00f6m\u0259k etsinl\u0259r. H\u0259r yer\u0259 m\u00fcraci\u0259t etmi\u015fik. Qeydiyyata al\u0131blar ki, harada ev tikils\u0259, n\u00f6vb\u0259y\u0259 sizi birinci salaca\u011f\u0131q. D\u0259f\u0259l\u0259rl\u0259 sel g\u0259lib, b\u00fct\u00fcn \u0259razini bas\u0131b. Qalm\u0131\u015f\u0131q suyun i\u00e7ind\u0259. \u015e\u0259raitsizlikdir, bax\u0131ms\u0131zl\u0131qd\u0131r. Bizi d\u0259 evl\u0259 t\u0259min etsinl\u0259r, n\u0259 olar. N\u00f6vb\u0259ni g\u00f6zl\u0259y\u0259c\u0259k hal\u0131m\u0131z qalmay\u0131b. Bu, 26 g\u00fcn deyil e, 26 ildir ki, evsizik, K\u0259lb\u0259c\u0259rsizik, yurdsuz, yuvas\u0131z\u0131q\u201d.\n<\/p>\n<figure class=\"wp-block-image size-large\">\n  <img decoding=\"async\" src=\"https:\/\/www.meydan.tv\/az\/image00017-jpeg\/\" alt=\"image00017.jpeg\" class=\"wp-image-121340\"\/><figcaption>\n    Elxan Orucov<br \/>\n  <\/figcaption><\/figure>\n<p>\n  <b><br \/>\n    <i><br \/>\n      \u201cAidiyyat\u0131 quruma m\u00fcraci\u0259t edin\u201d<br \/>\n    <\/i><br \/>\n  <\/b>\n<\/p>\n<p>\n  Goranboy Rayon \u0130cra Hakimiyy\u0259tind\u0259n bildiribl\u0259r ki, bu m\u0259s\u0259l\u0259nin onlara aidiyyat\u0131 yoxdur:\n<\/p>\n<p>\n  \u201cBu bar\u0259d\u0259 n\u0259s\u0259 dey\u0259 bilm\u0259rik. Bu i\u015f\u0259 biz baxm\u0131r\u0131q. Ola bil\u0259r ki, q\u0259zal\u0131 v\u0259ziyy\u0259td\u0259 olan yerd\u0259 ya\u015fay\u0131rlar. Yen\u0259 d\u0259 biz 5 ail\u0259ni evl\u0259 t\u0259min ed\u0259c\u0259k imkana malik deyilik. Bunun \u00fc\u00e7\u00fcn Qa\u00e7q\u0131nlar\u0131n v\u0259 M\u0259cburi K\u00f6\u00e7k\u00fcnl\u0259rin \u0130\u015fl\u0259ri \u00fczr\u0259 D\u00f6vl\u0259t Komit\u0259sin\u0259 m\u00fcraci\u0259t edin. Qa\u00e7q\u0131nlar \u00fc\u00e7\u00fcn evl\u0259ri onlar tikir, o c\u00fcr ail\u0259l\u0259ri onlar k\u00f6\u00e7\u00fcr\u00fcrl\u0259r\u201d.\n<\/p>\n<p>\n  Qa\u00e7q\u0131nlar\u0131n v\u0259 M\u0259cburi K\u00f6\u00e7k\u00fcnl\u0259rin \u0130\u015fl\u0259ri \u00fczr\u0259 D\u00f6vl\u0259t Komit\u0259sinin is\u0259 bel\u0259 durumlarda bir cavab\u0131 var. H\u0259r d\u0259f\u0259 bildirirl\u0259r ki, b\u00fct\u00fcn m\u0259cburi k\u00f6\u00e7k\u00fcnl\u0259r siyah\u0131ya al\u0131n\u0131b, ham\u0131 bir g\u00fcn evl\u0259 t\u0259min edil\u0259c\u0259k. Sad\u0259c\u0259 bu i\u015fl\u0259r m\u0259rh\u0259l\u0259li \u015f\u0259kild\u0259 h\u0259yata ke\u00e7irilir. N\u00f6vb\u0259 ham\u0131ya \u00e7atacaq.\n<\/p>\n<p>\n  1990-c\u0131 ilin \u0259vv\u0259ll\u0259rind\u0259 Qaraba\u011fda Az\u0259rbaycan v\u0259 Erm\u0259nistan aras\u0131nda silahl\u0131 m\u00fcnaqi\u015f\u0259 y\u00fcz minl\u0259rl\u0259 insan\u0131 evind\u0259n k\u00f6\u00e7k\u00fcn sald\u0131.\n<\/p>\n<figure class=\"wp-block-image size-large\">\n  <img decoding=\"async\" src=\"https:\/\/www.meydan.tv\/az\/image00002-jpeg-6\/\" alt=\"image00002.jpeg\" class=\"wp-image-121334\"\/><figcaption>\n    m\u0259tb\u0259x<br \/>\n  <\/figcaption><\/figure>\n<p>\n  <a href=\"https:\/\/www.refworld.org\/country,,UNHCR,,AZE,,5b081e2f4,0.html\"><br \/>\n    BMT-nin Miqrasiya Agentliyi<br \/>\n  <\/a><br \/>\n  nin m\u0259lumat\u0131na \u0259sas\u0259n, 1994-c\u00fc ild\u0259 at\u0259\u015fk\u0259s imzalanana q\u0259d\u0259r m\u00fcharib\u0259d\u0259 30000-d\u0259n \u00e7ox insan h\u0259yat\u0131n\u0131 itirib, 600 mind\u0259n \u00e7ox insan m\u0259cburi k\u00f6\u00e7k\u00fcn v\u0259 250 mind\u0259n \u00e7ox etnik az\u0259rbaycanl\u0131 is\u0259 qa\u00e7q\u0131n d\u00fc\u015f\u00fcb.\n<\/p>\n<p>\n  K\u00f6\u00e7k\u00fcn d\u00fc\u015fm\u00fc\u015f \u0259hali s\u0131\u011f\u0131nacaq kimi istifad\u0259 ed\u0259 bil\u0259c\u0259kl\u0259ri h\u0259r yerd\u0259 m\u0259skunla\u015f\u0131b. M\u0259kt\u0259bl\u0259r, x\u0259st\u0259xanalar, u\u015faq ba\u011f\u00e7alar\u0131, kitabxanalar, yol k\u0259narlar\u0131, h\u0259tta ilk vaxtlarda \u00e7ad\u0131rlarda qalanlar da var idi. Bu s\u0131\u011f\u0131nacaqlar m\u00fcv\u0259qq\u0259ti say\u0131l\u0131rd\u0131, ancaq insanlar 25 ild\u0259n art\u0131qd\u0131r ki, bu yerl\u0259rd\u0259 ya\u015fay\u0131rlar. M\u00fcv\u0259qq\u0259ti s\u0131\u011f\u0131nd\u0131qlar\u0131 bu yerl\u0259r onlar\u0131n daimi ya\u015fay\u0131\u015f m\u0259sk\u0259nl\u0259rin\u0259 \u00e7evrilib.\n<\/p>\n<figure class=\"wp-block-image size-large\">\n  <img decoding=\"async\" src=\"https:\/\/www.meydan.tv\/az\/image00005-jpeg-7\/\" alt=\"image00005.jpeg\" class=\"wp-image-121337\"\/><figcaption>\n    otaq<br \/>\n  <\/figcaption><\/figure>\n<figure class=\"wp-block-image size-large\">\n  <img decoding=\"async\" src=\"https:\/\/www.meydan.tv\/az\/image00012-jpeg-3\/\" alt=\"image00012.jpeg\" class=\"wp-image-121343\"\/><figcaption>\n    yataq ota\u011f\u0131<br \/>\n  <\/figcaption><\/figure>\n<figure class=\"wp-block-image size-large\">\n  <img decoding=\"async\" src=\"https:\/\/www.meydan.tv\/az\/image00008-jpeg-6\/\" alt=\"image00008.jpeg\" class=\"wp-image-121346\"\/><figcaption>\n    d\u0259hliz<br \/>\n  <\/figcaption><\/figure>\n","protected":false},"excerpt":{"rendered":"<p>M\u00fcv\u0259qq\u0259ti s\u0131\u011f\u0131nd\u0131qlar\u0131 bu yerl\u0259r onlar\u0131n daimi ya\u015fay\u0131\u015f m\u0259sk\u0259nl\u0259rin\u0259 \u00e7evrilib<\/p>\n","protected":false},"author":11,"featured_media":121316,"comment_status":"closed","ping_status":"open","sticky":false,"template":"","format":"standard","meta":{"_acf_changed":false,"_sitemap_exclude":false,"_sitemap_priority":"","_sitemap_frequency":"","footnotes":""},"categories":[60],"tags":[],"class_list":["post-194790","post","type-post","status-publish","format-standard","has-post-thumbnail","hentry","category-bolge","infinite-scroll-item","generate-columns","tablet-grid-50","mobile-grid-100","grid-parent","grid-33","no-featured-image-padding"],"acf":[],"yoast_head":"<!-- This site is optimized with the Yoast SEO plugin v27.4 - https:\/\/yoast.com\/product\/yoast-seo-wordpress\/ -->\n<title>26 il \u00e7ama\u015f\u0131rxanada ya\u015fayan ail\u0259 - MEYDAN.TV<\/title>\n<meta name=\"robots\" content=\"index, follow, max-snippet:-1, max-image-preview:large, max-video-preview:-1\" \/>\n<link rel=\"canonical\" href=\"https:\/\/www.meydan.tv\/az\/article\/26-il-camasirxanada-yasayan-aile\/\" \/>\n<meta property=\"og:locale\" content=\"az_AZ\" \/>\n<meta property=\"og:type\" content=\"article\" \/>\n<meta property=\"og:title\" content=\"26 il \u00e7ama\u015f\u0131rxanada ya\u015fayan ail\u0259 - MEYDAN.TV\" \/>\n<meta property=\"og:description\" content=\"M\u00fcv\u0259qq\u0259ti s\u0131\u011f\u0131nd\u0131qlar\u0131 bu yerl\u0259r onlar\u0131n daimi ya\u015fay\u0131\u015f m\u0259sk\u0259nl\u0259rin\u0259 \u00e7evrilib\" \/>\n<meta property=\"og:url\" content=\"https:\/\/www.meydan.tv\/az\/article\/26-il-camasirxanada-yasayan-aile\/\" \/>\n<meta property=\"og:site_name\" content=\"MEYDAN.TV\" \/>\n<meta property=\"article:published_time\" content=\"2019-04-04T12:13:06+00:00\" \/>\n<meta property=\"og:image\" content=\"https:\/\/www.meydan.tv\/wp-content\/uploads\/basliq.jpeg\" \/>\n\t<meta property=\"og:image:width\" content=\"1365\" \/>\n\t<meta property=\"og:image:height\" content=\"1024\" \/>\n\t<meta property=\"og:image:type\" content=\"image\/jpeg\" \/>\n<meta name=\"author\" content=\"user-manager\" \/>\n<meta name=\"twitter:card\" content=\"summary_large_image\" \/>\n<script type=\"application\/ld+json\" class=\"yoast-schema-graph\">{\"@context\":\"https:\\\/\\\/schema.org\",\"@graph\":[{\"@type\":\"Article\",\"@id\":\"https:\\\/\\\/www.meydan.tv\\\/az\\\/article\\\/26-il-camasirxanada-yasayan-aile\\\/#article\",\"isPartOf\":{\"@id\":\"https:\\\/\\\/www.meydan.tv\\\/az\\\/article\\\/26-il-camasirxanada-yasayan-aile\\\/\"},\"author\":{\"name\":\"user-manager\",\"@id\":\"https:\\\/\\\/www.meydan.tv\\\/az\\\/#\\\/schema\\\/person\\\/10d11eccf6da3662cf5fdab9806ea91a\"},\"headline\":\"26 il \u00e7ama\u015f\u0131rxanada ya\u015fayan ail\u0259\",\"datePublished\":\"2019-04-04T12:13:06+00:00\",\"mainEntityOfPage\":{\"@id\":\"https:\\\/\\\/www.meydan.tv\\\/az\\\/article\\\/26-il-camasirxanada-yasayan-aile\\\/\"},\"wordCount\":1727,\"publisher\":{\"@id\":\"https:\\\/\\\/www.meydan.tv\\\/az\\\/#organization\"},\"image\":{\"@id\":\"https:\\\/\\\/www.meydan.tv\\\/az\\\/article\\\/26-il-camasirxanada-yasayan-aile\\\/#primaryimage\"},\"thumbnailUrl\":\"https:\\\/\\\/www.meydan.tv\\\/wp-content\\\/uploads\\\/basliq.jpeg\",\"articleSection\":[\"B\u00f6lg\u0259\"],\"inLanguage\":\"az\"},{\"@type\":\"WebPage\",\"@id\":\"https:\\\/\\\/www.meydan.tv\\\/az\\\/article\\\/26-il-camasirxanada-yasayan-aile\\\/\",\"url\":\"https:\\\/\\\/www.meydan.tv\\\/az\\\/article\\\/26-il-camasirxanada-yasayan-aile\\\/\",\"name\":\"26 il \u00e7ama\u015f\u0131rxanada ya\u015fayan ail\u0259 - MEYDAN.TV\",\"isPartOf\":{\"@id\":\"https:\\\/\\\/www.meydan.tv\\\/az\\\/#website\"},\"primaryImageOfPage\":{\"@id\":\"https:\\\/\\\/www.meydan.tv\\\/az\\\/article\\\/26-il-camasirxanada-yasayan-aile\\\/#primaryimage\"},\"image\":{\"@id\":\"https:\\\/\\\/www.meydan.tv\\\/az\\\/article\\\/26-il-camasirxanada-yasayan-aile\\\/#primaryimage\"},\"thumbnailUrl\":\"https:\\\/\\\/www.meydan.tv\\\/wp-content\\\/uploads\\\/basliq.jpeg\",\"datePublished\":\"2019-04-04T12:13:06+00:00\",\"breadcrumb\":{\"@id\":\"https:\\\/\\\/www.meydan.tv\\\/az\\\/article\\\/26-il-camasirxanada-yasayan-aile\\\/#breadcrumb\"},\"inLanguage\":\"az\",\"potentialAction\":[{\"@type\":\"ReadAction\",\"target\":[\"https:\\\/\\\/www.meydan.tv\\\/az\\\/article\\\/26-il-camasirxanada-yasayan-aile\\\/\"]}]},{\"@type\":\"ImageObject\",\"inLanguage\":\"az\",\"@id\":\"https:\\\/\\\/www.meydan.tv\\\/az\\\/article\\\/26-il-camasirxanada-yasayan-aile\\\/#primaryimage\",\"url\":\"https:\\\/\\\/www.meydan.tv\\\/wp-content\\\/uploads\\\/basliq.jpeg\",\"contentUrl\":\"https:\\\/\\\/www.meydan.tv\\\/wp-content\\\/uploads\\\/basliq.jpeg\",\"width\":1365,\"height\":1024,\"caption\":\"Source: meydan.tv\"},{\"@type\":\"BreadcrumbList\",\"@id\":\"https:\\\/\\\/www.meydan.tv\\\/az\\\/article\\\/26-il-camasirxanada-yasayan-aile\\\/#breadcrumb\",\"itemListElement\":[{\"@type\":\"ListItem\",\"position\":1,\"name\":\"Ana s\u0259hif\u0259\",\"item\":\"https:\\\/\\\/www.meydan.tv\\\/az\\\/\"},{\"@type\":\"ListItem\",\"position\":2,\"name\":\"B\u00f6lg\u0259\",\"item\":\"https:\\\/\\\/www.meydan.tv\\\/az\\\/section\\\/bolge\\\/\"},{\"@type\":\"ListItem\",\"position\":3,\"name\":\"26 il \u00e7ama\u015f\u0131rxanada ya\u015fayan ail\u0259\"}]},{\"@type\":\"WebSite\",\"@id\":\"https:\\\/\\\/www.meydan.tv\\\/az\\\/#website\",\"url\":\"https:\\\/\\\/www.meydan.tv\\\/az\\\/\",\"name\":\"MEYDAN.TV\",\"description\":\"Meydan TV Az\u0259rbaycan\u0131n media m\u0259kan\u0131ndak\u0131 alternativ s\u0259sidir\",\"publisher\":{\"@id\":\"https:\\\/\\\/www.meydan.tv\\\/az\\\/#organization\"},\"potentialAction\":[{\"@type\":\"SearchAction\",\"target\":{\"@type\":\"EntryPoint\",\"urlTemplate\":\"https:\\\/\\\/www.meydan.tv\\\/az\\\/?s={search_term_string}\"},\"query-input\":{\"@type\":\"PropertyValueSpecification\",\"valueRequired\":true,\"valueName\":\"search_term_string\"}}],\"inLanguage\":\"az\"},{\"@type\":\"Organization\",\"@id\":\"https:\\\/\\\/www.meydan.tv\\\/az\\\/#organization\",\"name\":\"Meydan TV\",\"url\":\"https:\\\/\\\/www.meydan.tv\\\/az\\\/\",\"logo\":{\"@type\":\"ImageObject\",\"inLanguage\":\"az\",\"@id\":\"https:\\\/\\\/www.meydan.tv\\\/az\\\/#\\\/schema\\\/logo\\\/image\\\/\",\"url\":\"https:\\\/\\\/www.meydan.tv\\\/wp-content\\\/uploads\\\/2021\\\/07\\\/meydan-logo.svg\",\"contentUrl\":\"https:\\\/\\\/www.meydan.tv\\\/wp-content\\\/uploads\\\/2021\\\/07\\\/meydan-logo.svg\",\"width\":195,\"height\":46,\"caption\":\"Meydan TV\"},\"image\":{\"@id\":\"https:\\\/\\\/www.meydan.tv\\\/az\\\/#\\\/schema\\\/logo\\\/image\\\/\"}},{\"@type\":\"Person\",\"@id\":\"https:\\\/\\\/www.meydan.tv\\\/az\\\/#\\\/schema\\\/person\\\/10d11eccf6da3662cf5fdab9806ea91a\",\"name\":\"user-manager\"}]}<\/script>\n<!-- \/ Yoast SEO plugin. -->","yoast_head_json":{"title":"26 il \u00e7ama\u015f\u0131rxanada ya\u015fayan ail\u0259 - MEYDAN.TV","robots":{"index":"index","follow":"follow","max-snippet":"max-snippet:-1","max-image-preview":"max-image-preview:large","max-video-preview":"max-video-preview:-1"},"canonical":"https:\/\/www.meydan.tv\/az\/article\/26-il-camasirxanada-yasayan-aile\/","og_locale":"az_AZ","og_type":"article","og_title":"26 il \u00e7ama\u015f\u0131rxanada ya\u015fayan ail\u0259 - MEYDAN.TV","og_description":"M\u00fcv\u0259qq\u0259ti s\u0131\u011f\u0131nd\u0131qlar\u0131 bu yerl\u0259r onlar\u0131n daimi ya\u015fay\u0131\u015f m\u0259sk\u0259nl\u0259rin\u0259 \u00e7evrilib","og_url":"https:\/\/www.meydan.tv\/az\/article\/26-il-camasirxanada-yasayan-aile\/","og_site_name":"MEYDAN.TV","article_published_time":"2019-04-04T12:13:06+00:00","og_image":[{"width":1365,"height":1024,"url":"https:\/\/www.meydan.tv\/wp-content\/uploads\/basliq.jpeg","type":"image\/jpeg"}],"author":"user-manager","twitter_card":"summary_large_image","schema":{"@context":"https:\/\/schema.org","@graph":[{"@type":"Article","@id":"https:\/\/www.meydan.tv\/az\/article\/26-il-camasirxanada-yasayan-aile\/#article","isPartOf":{"@id":"https:\/\/www.meydan.tv\/az\/article\/26-il-camasirxanada-yasayan-aile\/"},"author":{"name":"user-manager","@id":"https:\/\/www.meydan.tv\/az\/#\/schema\/person\/10d11eccf6da3662cf5fdab9806ea91a"},"headline":"26 il \u00e7ama\u015f\u0131rxanada ya\u015fayan ail\u0259","datePublished":"2019-04-04T12:13:06+00:00","mainEntityOfPage":{"@id":"https:\/\/www.meydan.tv\/az\/article\/26-il-camasirxanada-yasayan-aile\/"},"wordCount":1727,"publisher":{"@id":"https:\/\/www.meydan.tv\/az\/#organization"},"image":{"@id":"https:\/\/www.meydan.tv\/az\/article\/26-il-camasirxanada-yasayan-aile\/#primaryimage"},"thumbnailUrl":"https:\/\/www.meydan.tv\/wp-content\/uploads\/basliq.jpeg","articleSection":["B\u00f6lg\u0259"],"inLanguage":"az"},{"@type":"WebPage","@id":"https:\/\/www.meydan.tv\/az\/article\/26-il-camasirxanada-yasayan-aile\/","url":"https:\/\/www.meydan.tv\/az\/article\/26-il-camasirxanada-yasayan-aile\/","name":"26 il \u00e7ama\u015f\u0131rxanada ya\u015fayan ail\u0259 - MEYDAN.TV","isPartOf":{"@id":"https:\/\/www.meydan.tv\/az\/#website"},"primaryImageOfPage":{"@id":"https:\/\/www.meydan.tv\/az\/article\/26-il-camasirxanada-yasayan-aile\/#primaryimage"},"image":{"@id":"https:\/\/www.meydan.tv\/az\/article\/26-il-camasirxanada-yasayan-aile\/#primaryimage"},"thumbnailUrl":"https:\/\/www.meydan.tv\/wp-content\/uploads\/basliq.jpeg","datePublished":"2019-04-04T12:13:06+00:00","breadcrumb":{"@id":"https:\/\/www.meydan.tv\/az\/article\/26-il-camasirxanada-yasayan-aile\/#breadcrumb"},"inLanguage":"az","potentialAction":[{"@type":"ReadAction","target":["https:\/\/www.meydan.tv\/az\/article\/26-il-camasirxanada-yasayan-aile\/"]}]},{"@type":"ImageObject","inLanguage":"az","@id":"https:\/\/www.meydan.tv\/az\/article\/26-il-camasirxanada-yasayan-aile\/#primaryimage","url":"https:\/\/www.meydan.tv\/wp-content\/uploads\/basliq.jpeg","contentUrl":"https:\/\/www.meydan.tv\/wp-content\/uploads\/basliq.jpeg","width":1365,"height":1024,"caption":"Source: meydan.tv"},{"@type":"BreadcrumbList","@id":"https:\/\/www.meydan.tv\/az\/article\/26-il-camasirxanada-yasayan-aile\/#breadcrumb","itemListElement":[{"@type":"ListItem","position":1,"name":"Ana s\u0259hif\u0259","item":"https:\/\/www.meydan.tv\/az\/"},{"@type":"ListItem","position":2,"name":"B\u00f6lg\u0259","item":"https:\/\/www.meydan.tv\/az\/section\/bolge\/"},{"@type":"ListItem","position":3,"name":"26 il \u00e7ama\u015f\u0131rxanada ya\u015fayan ail\u0259"}]},{"@type":"WebSite","@id":"https:\/\/www.meydan.tv\/az\/#website","url":"https:\/\/www.meydan.tv\/az\/","name":"MEYDAN.TV","description":"Meydan TV Az\u0259rbaycan\u0131n media m\u0259kan\u0131ndak\u0131 alternativ s\u0259sidir","publisher":{"@id":"https:\/\/www.meydan.tv\/az\/#organization"},"potentialAction":[{"@type":"SearchAction","target":{"@type":"EntryPoint","urlTemplate":"https:\/\/www.meydan.tv\/az\/?s={search_term_string}"},"query-input":{"@type":"PropertyValueSpecification","valueRequired":true,"valueName":"search_term_string"}}],"inLanguage":"az"},{"@type":"Organization","@id":"https:\/\/www.meydan.tv\/az\/#organization","name":"Meydan TV","url":"https:\/\/www.meydan.tv\/az\/","logo":{"@type":"ImageObject","inLanguage":"az","@id":"https:\/\/www.meydan.tv\/az\/#\/schema\/logo\/image\/","url":"https:\/\/www.meydan.tv\/wp-content\/uploads\/2021\/07\/meydan-logo.svg","contentUrl":"https:\/\/www.meydan.tv\/wp-content\/uploads\/2021\/07\/meydan-logo.svg","width":195,"height":46,"caption":"Meydan TV"},"image":{"@id":"https:\/\/www.meydan.tv\/az\/#\/schema\/logo\/image\/"}},{"@type":"Person","@id":"https:\/\/www.meydan.tv\/az\/#\/schema\/person\/10d11eccf6da3662cf5fdab9806ea91a","name":"user-manager"}]}},"_links":{"self":[{"href":"https:\/\/www.meydan.tv\/az\/wp-json\/wp\/v2\/posts\/194790","targetHints":{"allow":["GET"]}}],"collection":[{"href":"https:\/\/www.meydan.tv\/az\/wp-json\/wp\/v2\/posts"}],"about":[{"href":"https:\/\/www.meydan.tv\/az\/wp-json\/wp\/v2\/types\/post"}],"author":[{"embeddable":true,"href":"https:\/\/www.meydan.tv\/az\/wp-json\/wp\/v2\/users\/11"}],"replies":[{"embeddable":true,"href":"https:\/\/www.meydan.tv\/az\/wp-json\/wp\/v2\/comments?post=194790"}],"version-history":[{"count":0,"href":"https:\/\/www.meydan.tv\/az\/wp-json\/wp\/v2\/posts\/194790\/revisions"}],"wp:featuredmedia":[{"embeddable":true,"href":"https:\/\/www.meydan.tv\/az\/wp-json\/wp\/v2\/media\/121316"}],"wp:attachment":[{"href":"https:\/\/www.meydan.tv\/az\/wp-json\/wp\/v2\/media?parent=194790"}],"wp:term":[{"taxonomy":"category","embeddable":true,"href":"https:\/\/www.meydan.tv\/az\/wp-json\/wp\/v2\/categories?post=194790"},{"taxonomy":"post_tag","embeddable":true,"href":"https:\/\/www.meydan.tv\/az\/wp-json\/wp\/v2\/tags?post=194790"}],"curies":[{"name":"wp","href":"https:\/\/api.w.org\/{rel}","templated":true}]}}