{"id":194745,"date":"2019-04-02T15:40:21","date_gmt":"2019-04-02T15:40:21","guid":{"rendered":"https:\/\/www.meydan.tv\/article\/caxirli-kendinin-sakini-sosial-problemler-icinde-boguluruq\/"},"modified":"2019-04-02T15:40:21","modified_gmt":"2019-04-02T15:40:21","slug":"caxirli-kendinin-sakini-sosial-problemler-icinde-boguluruq","status":"publish","type":"post","link":"https:\/\/www.meydan.tv\/az\/article\/caxirli-kendinin-sakini-sosial-problemler-icinde-boguluruq\/","title":{"rendered":"\u00c7ax\u0131rl\u0131 k\u0259ndinin sakini: Sosial probleml\u0259r i\u00e7ind\u0259 bo\u011fuluruq"},"content":{"rendered":"<p>\n  <i><br \/>\n    Sakinl\u0259r k\u0259ndl\u0259rin\u0259 qaz x\u0259tti \u00e7\u0259kildiyini, ancaq qaz\u0131n verilm\u0259diyini deyirl\u0259r<br \/>\n  <\/i>\n<\/p>\n<p>\n  G\u00f6y\u00e7ay rayonunun \u00c7ax\u0131rl\u0131 k\u0259ndinin sakinl\u0259rinin \u015fikay\u0259ti var. Onlar k\u0259ndl\u0259rin\u0259 2 ildir qaz \u00e7\u0259kildiyini, ancaq istifad\u0259y\u0259 verilm\u0259diyini s\u00f6yl\u0259yirl\u0259r. Bundan \u0259ziyy\u0259t \u00e7\u0259k\u0259n k\u0259nd sakinl\u0259ri d\u0259f\u0259l\u0259rl\u0259 aidiyyat\u0131 qurumlara m\u00fcraci\u0259t edibl\u0259r. Ancaq onlar\u0131n bu problemi h\u0259ll edilm\u0259yib.\n<\/p>\n<p>\n  \u201cK\u0259nd\u0259 qaz x\u0259tti \u00e7\u0259kilib. Qaz\u0131n a\u00e7\u0131l\u0131\u015f\u0131 zaman\u0131 yand\u0131r\u0131b televiziya \u00e7\u0259kli\u015fi d\u0259 edibl\u0259r. Ancaq sonra qaz verilm\u0259yib. M\u0259s\u0259l\u0259nin \u00fcst\u00fcnd\u0259n 1 il yar\u0131m ke\u00e7\u0259nd\u0259n sonra k\u0259nd camaat\u0131 y\u0131\u011f\u0131\u015f\u0131b \u015fikay\u0259t verdik. \u00c7ox yazd\u0131q, m\u0259ktub g\u00f6nd\u0259rdik. N\u0259hay\u0259t, bu q\u0131\u015f qaz\u0131 a\u00e7d\u0131lar. O da \u00e7ox z\u0259if, yan\u0131ndan ke\u00e7\u0259nd\u0259 s\u00f6n\u00fcrd\u00fc. Yen\u0259 yazd\u0131q, \u015fikay\u0259t etdik. Dedil\u0259r, fevralda g\u0259lib h\u0259ll ed\u0259c\u0259kl\u0259r. Fevralda g\u0259lib yerli-dibli k\u0259sib, getdil\u0259r. \u0130ndi yen\u0259 qalm\u0131\u015f\u0131q qazs\u0131z\u201d.\n<\/p>\n<p><embed alt=\"Hafiz \u00c7\u0259l\u0259biyev\" embedtype=\"image\" format=\"left\" id=\"39514\"\/><\/p>\n<p>\n  Sakinl\u0259rd\u0259n Hafiz \u00c7\u0259l\u0259biyev bel\u0259 deyir. Bildirir ki, d\u0259f\u0259l\u0259rl\u0259 G\u00f6y\u00e7ay Rayon \u0130cra Hakimiyy\u0259ti v\u0259 \u201cAz\u0259riqaz\u201d \u0130stehsalat Birliyin\u0259 \u0259riz\u0259 il\u0259 m\u00fcraci\u0259t edibl\u0259r. Ancaq bir faydas\u0131 olmay\u0131b.\n<\/p>\n<p>\n  \u201cEl\u0259 bilin ki, k\u0259ndin yuxar\u0131lar\u0131nda yen\u0259 azca da olsa g\u0259lir, babatd\u0131r. A\u015fa\u011f\u0131larda, \u00fcmumiyy\u0259tl\u0259, qaz yoxdur. Biz d\u0259 Az\u0259rbaycan v\u0259t\u0259nda\u015f\u0131y\u0131q. Vaxtil\u0259 v\u0259t\u0259n\u0259 xidm\u0259t d\u0259 etmi\u015fik. H\u0259tta Qaraba\u011f d\u00f6y\u00fc\u015fl\u0259rind\u0259 k\u0259ndimiz 8 \u015f\u0259hid verib. N\u0259y\u0259 g\u00f6r\u0259 bu g\u00fcn o o\u011fullar\u0131n k\u0259ndi bu v\u0259ziyy\u0259td\u0259 olmal\u0131d\u0131r? Biz d\u0259 ham\u0131 kimi yax\u015f\u0131 ya\u015famaq ist\u0259yirik\u201d, &#8211; 63 ya\u015fl\u0131 k\u0259nd sakini Tofiq Q\u0259niyev bel\u0259 deyir.\n<\/p>\n<p><embed alt=\"Tofiq Q\u0259niyev\" embedtype=\"image\" format=\"right\" id=\"39515\"\/><\/p>\n<p>\n  T.Q\u0259niyev k\u0259ndin t\u0259k probleminin qaz olmad\u0131\u011f\u0131n\u0131 s\u00f6yl\u0259yir. Deyir, yollar da b\u0259rbadd\u0131r. H\u0259m\u00e7inin \u015f\u0259h\u0259r\u0259 getm\u0259k \u00fc\u00e7\u00fcn n\u0259qliyyat vasit\u0259si probleml\u0259ri d\u0259 var:\n<\/p>\n<p>\n  \u201cK\u0259ndin avtobus dayanaca\u011f\u0131 s\u00f6k\u00fcl\u00fcb, da\u011f\u0131l\u0131r, yollar\u0131m\u0131z b\u0259rbadd\u0131r. Bu boyda k\u0259nddir, biz \u015f\u0259h\u0259r\u0259 getm\u0259k ist\u0259y\u0259nd\u0259 qal\u0131r\u0131q pis v\u0259ziyy\u0259td\u0259. Avtobus ist\u0259diyi vaxt g\u0259lir, d\u0259qiq v\u0259d\u0259si yoxdur. Getm\u0259k ist\u0259y\u0259n taksi tapmad\u0131sa, piyada getm\u0259lidir. Bel\u0259 \u00e7\u0131x\u0131r d\u0259. Normal yol, dayanacaq olsa, \u00e7ox demir\u0259m, bir d\u0259n\u0259 d\u0259 normal avtobus ayr\u0131lsa, \u0259la olar. Yoxsa \u0259ziyy\u0259t \u00e7\u0259kirik\u201d.\n<\/p>\n<p>\n  \u015eahin R\u0259himov da k\u0259ndl\u0259rinin \u015f\u0259raitsizliyind\u0259n \u015fikay\u0259t\u00e7idir. Deyir, k\u0259nd camaat\u0131 y\u0131\u011f\u0131\u015f\u0131b cibinin pulu il\u0259 12 kilometr yol \u00e7\u0259kibl\u0259r. Geriy\u0259 2 kilometr b\u0259rbad yol qal\u0131b. Ona pullar\u0131 \u00e7atmay\u0131b:\n<\/p>\n<p>\n  &quot;Nolar, onu da d\u00f6vl\u0259t etsin. Qaz g\u0259lmir, yollar b\u0259rbad. B\u0259s biz k\u0259ndd\u0259 nec\u0259 ya\u015fayaq? 3 d\u0259f\u0259 G\u00f6y\u00e7ay Rayon \u0130cra Hakimiyy\u0259tin\u0259 m\u00fcraci\u0259t etmi\u015fik. G\u0259lib bax\u0131blar da. Yen\u0259 d\u0259 bir xeyri yoxdur. S\u00f6z vermi\u015fdil\u0259r ki, fevralda problem h\u0259ll edil\u0259c\u0259k. \u018fvv\u0259l yen\u0259 bir balaca g\u0259lirdi. Fevraldan sonra tamamil\u0259 k\u0259sildi. Sosial probleml\u0259r i\u00e7ind\u0259 bo\u011fuluruq. Harada g\u00f6r\u00fcl\u00fcb ki, camaat pul y\u0131\u011f\u0131b yol tiksin, m\u0259kt\u0259b t\u0259mir etsin?&quot;\n<\/p>\n<p><embed alt=\"\u015eahin R\u0259himov\" embedtype=\"image\" format=\"left\" id=\"39516\"\/><\/p>\n<p>\n  \u015e. R\u0259himov deyir ki, b\u00f6lg\u0259l\u0259rd\u0259 v\u0259ziyy\u0259t he\u00e7 d\u0259 yax\u015f\u0131 deyil. Camaat i\u015f \u00fc\u00e7\u00fcn Rusiyaya \u00fcz tutur. Onlar\u0131n k\u0259ndind\u0259n d\u0259 Rusiyaya ged\u0259nl\u0259r \u00e7oxdur. Yoxsa dolanma\u011f\u0131n m\u00fcmk\u00fcn olmad\u0131\u011f\u0131n\u0131 s\u00f6yl\u0259yir:\n<\/p>\n<p>\n  &quot;Qald\u0131, bir d\u0259 yol \u00e7\u0259kir, m\u0259kt\u0259b t\u0259mir etdiririk. \u0130\u00e7diyimiz su da t\u0259miz deyil. Vallah, d\u0259rd bir-iki deyil. H\u0259r \u015feyimiz problemdir. \u0130\u00e7m\u0259li suyu da k\u0259ndin yuxar\u0131s\u0131na verirl\u0259r, a\u015fa\u011f\u0131s\u0131na yox&quot;.\n<\/p>\n<p>\n  G\u00f6y\u00e7ay Rayon \u0130cra Hakimiyy\u0259tind\u0259n Meydan TV-y\u0259 h\u0259min k\u0259nd\u0259 qaz verildiyini, bu bax\u0131mdan he\u00e7 bir problemin olmad\u0131\u011f\u0131n\u0131 s\u00f6yl\u0259yibl\u0259r:\n<\/p>\n<p>\n  &quot;Ola bilsin bir az z\u0259ifdir, t\u0259zyiq a\u015fa\u011f\u0131d\u0131r. O da q\u0131\u015f aylar\u0131 il\u0259 ba\u011fl\u0131d\u0131r ki, ham\u0131 \u00e7ox istifad\u0259 edir. Tezlikl\u0259 bu problem d\u0259 aradan qalxacaq. Yollara g\u0259linc\u0259, h\u0259min k\u0259ndin yollar\u0131 normald\u0131r. H\u0259tta k\u0259nd \u00fc\u00e7\u00fcn \u00e7ox yax\u015f\u0131 v\u0259ziyy\u0259td\u0259dir&quot;.\n<\/p>\n<p>\n  2018-ci il yanvar\u0131n 27-d\u0259 &quot;Az\u0259riqaz&quot; \u0130stehsalat Birliyi m\u0259lumat (http:\/\/azeriqaz104.az\/az\/news\/325) yayaraq bildirib ki, regionlar\u0131n 2014-2018-ci ill\u0259rd\u0259 sosial-iqtisadi inki\u015faf\u0131 D\u00f6vl\u0259t Proqram\u0131\u201dn\u0131n icras\u0131 istiqam\u0259tind\u0259 SOCAR-\u0131n \u201cAz\u0259riqaz\u201d \u0130stehsalat Birliyi t\u0259r\u0259find\u0259n G\u00f6y\u00e7ay\u0131n \u00c7ax\u0131rl\u0131 k\u0259ndin\u0259 ilk d\u0259f\u0259 t\u0259bii qaz\u0131n verilm\u0259si k\u0259nd sakinl\u0259rinin b\u00f6y\u00fck sevincin\u0259 s\u0259b\u0259b olub:\n<\/p>\n<p>\n  &quot;\u00dcmumilikd\u0259 660 abonenti olan k\u0259ndin qazla\u015fd\u0131r\u0131lmas\u0131 \u00fc\u00e7\u00fcn birpill\u0259li sistem \u0259sas\u0131nda \u00fcmumi uzunlu\u011fu 93 min 645 metr olan m\u00fcxt\u0259lif diametrli polad v\u0259 polietilen borularla da\u015f\u0131y\u0131c\u0131 h\u0259m\u00e7inin m\u0259h\u0259ll\u0259daxili qaz x\u0259tl\u0259ri \u00e7\u0259kilib, h\u0259r bir m\u0259nzil\u0259 say\u011fac v\u0259 f\u0259rdi t\u0259nziml\u0259yici qura\u015fd\u0131r\u0131l\u0131b&quot;.\n<\/p>\n<p>\n  Sakinl\u0259r is\u0259 bildirirl\u0259r ki, t\u0259kc\u0259 a\u00e7\u0131l\u0131\u015f g\u00fcn\u00fc qaz \u00fcz\u00fc g\u00f6r\u00fcbl\u0259r. Onda da qaz\u0131 yand\u0131r\u0131b, alq\u0131\u015flay\u0131blar. H\u0259min g\u00fcnd\u0259n sonra onlar qaz \u00fcz\u00fc g\u00f6rm\u0259yibl\u0259r.<\/p>\n","protected":false},"excerpt":{"rendered":"<p>Sakinl\u0259r k\u0259ndl\u0259rin\u0259 qaz x\u0259tti \u00e7\u0259kildiyini, ancaq qaz\u0131n verilm\u0259diyini deyirl\u0259r<\/p>\n","protected":false},"author":11,"featured_media":121150,"comment_status":"closed","ping_status":"open","sticky":false,"template":"","format":"standard","meta":{"_acf_changed":false,"_sitemap_exclude":false,"_sitemap_priority":"","_sitemap_frequency":"","footnotes":""},"categories":[60],"tags":[],"class_list":["post-194745","post","type-post","status-publish","format-standard","has-post-thumbnail","hentry","category-bolge","infinite-scroll-item","generate-columns","tablet-grid-50","mobile-grid-100","grid-parent","grid-33","no-featured-image-padding"],"acf":[],"yoast_head":"<!-- This site is optimized with the Yoast SEO plugin v27.4 - https:\/\/yoast.com\/product\/yoast-seo-wordpress\/ -->\n<title>\u00c7ax\u0131rl\u0131 k\u0259ndinin sakini: Sosial probleml\u0259r i\u00e7ind\u0259 bo\u011fuluruq - MEYDAN.TV<\/title>\n<meta name=\"robots\" content=\"index, follow, max-snippet:-1, max-image-preview:large, max-video-preview:-1\" \/>\n<link rel=\"canonical\" href=\"https:\/\/www.meydan.tv\/az\/article\/caxirli-kendinin-sakini-sosial-problemler-icinde-boguluruq\/\" \/>\n<meta property=\"og:locale\" content=\"az_AZ\" \/>\n<meta property=\"og:type\" content=\"article\" \/>\n<meta property=\"og:title\" content=\"\u00c7ax\u0131rl\u0131 k\u0259ndinin sakini: Sosial probleml\u0259r i\u00e7ind\u0259 bo\u011fuluruq - MEYDAN.TV\" \/>\n<meta property=\"og:description\" content=\"Sakinl\u0259r k\u0259ndl\u0259rin\u0259 qaz x\u0259tti \u00e7\u0259kildiyini, ancaq qaz\u0131n verilm\u0259diyini deyirl\u0259r\" \/>\n<meta property=\"og:url\" content=\"https:\/\/www.meydan.tv\/az\/article\/caxirli-kendinin-sakini-sosial-problemler-icinde-boguluruq\/\" \/>\n<meta property=\"og:site_name\" content=\"MEYDAN.TV\" \/>\n<meta property=\"article:published_time\" content=\"2019-04-02T15:40:21+00:00\" \/>\n<meta property=\"og:image\" content=\"https:\/\/www.meydan.tv\/wp-content\/uploads\/image00004_l5puqx9-scaled.jpeg\" \/>\n\t<meta property=\"og:image:width\" content=\"2560\" \/>\n\t<meta property=\"og:image:height\" content=\"1920\" \/>\n\t<meta property=\"og:image:type\" content=\"image\/jpeg\" \/>\n<meta name=\"author\" content=\"user-manager\" \/>\n<meta name=\"twitter:card\" content=\"summary_large_image\" \/>\n<script type=\"application\/ld+json\" class=\"yoast-schema-graph\">{\"@context\":\"https:\\\/\\\/schema.org\",\"@graph\":[{\"@type\":\"Article\",\"@id\":\"https:\\\/\\\/www.meydan.tv\\\/az\\\/article\\\/caxirli-kendinin-sakini-sosial-problemler-icinde-boguluruq\\\/#article\",\"isPartOf\":{\"@id\":\"https:\\\/\\\/www.meydan.tv\\\/az\\\/article\\\/caxirli-kendinin-sakini-sosial-problemler-icinde-boguluruq\\\/\"},\"author\":{\"name\":\"user-manager\",\"@id\":\"https:\\\/\\\/www.meydan.tv\\\/az\\\/#\\\/schema\\\/person\\\/10d11eccf6da3662cf5fdab9806ea91a\"},\"headline\":\"\u00c7ax\u0131rl\u0131 k\u0259ndinin sakini: Sosial probleml\u0259r i\u00e7ind\u0259 bo\u011fuluruq\",\"datePublished\":\"2019-04-02T15:40:21+00:00\",\"mainEntityOfPage\":{\"@id\":\"https:\\\/\\\/www.meydan.tv\\\/az\\\/article\\\/caxirli-kendinin-sakini-sosial-problemler-icinde-boguluruq\\\/\"},\"wordCount\":928,\"publisher\":{\"@id\":\"https:\\\/\\\/www.meydan.tv\\\/az\\\/#organization\"},\"image\":{\"@id\":\"https:\\\/\\\/www.meydan.tv\\\/az\\\/article\\\/caxirli-kendinin-sakini-sosial-problemler-icinde-boguluruq\\\/#primaryimage\"},\"thumbnailUrl\":\"https:\\\/\\\/www.meydan.tv\\\/wp-content\\\/uploads\\\/image00004_l5puqx9-scaled.jpeg\",\"articleSection\":[\"B\u00f6lg\u0259\"],\"inLanguage\":\"az\"},{\"@type\":\"WebPage\",\"@id\":\"https:\\\/\\\/www.meydan.tv\\\/az\\\/article\\\/caxirli-kendinin-sakini-sosial-problemler-icinde-boguluruq\\\/\",\"url\":\"https:\\\/\\\/www.meydan.tv\\\/az\\\/article\\\/caxirli-kendinin-sakini-sosial-problemler-icinde-boguluruq\\\/\",\"name\":\"\u00c7ax\u0131rl\u0131 k\u0259ndinin sakini: Sosial probleml\u0259r i\u00e7ind\u0259 bo\u011fuluruq - MEYDAN.TV\",\"isPartOf\":{\"@id\":\"https:\\\/\\\/www.meydan.tv\\\/az\\\/#website\"},\"primaryImageOfPage\":{\"@id\":\"https:\\\/\\\/www.meydan.tv\\\/az\\\/article\\\/caxirli-kendinin-sakini-sosial-problemler-icinde-boguluruq\\\/#primaryimage\"},\"image\":{\"@id\":\"https:\\\/\\\/www.meydan.tv\\\/az\\\/article\\\/caxirli-kendinin-sakini-sosial-problemler-icinde-boguluruq\\\/#primaryimage\"},\"thumbnailUrl\":\"https:\\\/\\\/www.meydan.tv\\\/wp-content\\\/uploads\\\/image00004_l5puqx9-scaled.jpeg\",\"datePublished\":\"2019-04-02T15:40:21+00:00\",\"breadcrumb\":{\"@id\":\"https:\\\/\\\/www.meydan.tv\\\/az\\\/article\\\/caxirli-kendinin-sakini-sosial-problemler-icinde-boguluruq\\\/#breadcrumb\"},\"inLanguage\":\"az\",\"potentialAction\":[{\"@type\":\"ReadAction\",\"target\":[\"https:\\\/\\\/www.meydan.tv\\\/az\\\/article\\\/caxirli-kendinin-sakini-sosial-problemler-icinde-boguluruq\\\/\"]}]},{\"@type\":\"ImageObject\",\"inLanguage\":\"az\",\"@id\":\"https:\\\/\\\/www.meydan.tv\\\/az\\\/article\\\/caxirli-kendinin-sakini-sosial-problemler-icinde-boguluruq\\\/#primaryimage\",\"url\":\"https:\\\/\\\/www.meydan.tv\\\/wp-content\\\/uploads\\\/image00004_l5puqx9-scaled.jpeg\",\"contentUrl\":\"https:\\\/\\\/www.meydan.tv\\\/wp-content\\\/uploads\\\/image00004_l5puqx9-scaled.jpeg\",\"width\":2560,\"height\":1920,\"caption\":\"Source: Meydan TV\"},{\"@type\":\"BreadcrumbList\",\"@id\":\"https:\\\/\\\/www.meydan.tv\\\/az\\\/article\\\/caxirli-kendinin-sakini-sosial-problemler-icinde-boguluruq\\\/#breadcrumb\",\"itemListElement\":[{\"@type\":\"ListItem\",\"position\":1,\"name\":\"Ana s\u0259hif\u0259\",\"item\":\"https:\\\/\\\/www.meydan.tv\\\/az\\\/\"},{\"@type\":\"ListItem\",\"position\":2,\"name\":\"B\u00f6lg\u0259\",\"item\":\"https:\\\/\\\/www.meydan.tv\\\/az\\\/section\\\/bolge\\\/\"},{\"@type\":\"ListItem\",\"position\":3,\"name\":\"\u00c7ax\u0131rl\u0131 k\u0259ndinin sakini: Sosial probleml\u0259r i\u00e7ind\u0259 bo\u011fuluruq\"}]},{\"@type\":\"WebSite\",\"@id\":\"https:\\\/\\\/www.meydan.tv\\\/az\\\/#website\",\"url\":\"https:\\\/\\\/www.meydan.tv\\\/az\\\/\",\"name\":\"MEYDAN.TV\",\"description\":\"Meydan TV Az\u0259rbaycan\u0131n media m\u0259kan\u0131ndak\u0131 alternativ s\u0259sidir\",\"publisher\":{\"@id\":\"https:\\\/\\\/www.meydan.tv\\\/az\\\/#organization\"},\"potentialAction\":[{\"@type\":\"SearchAction\",\"target\":{\"@type\":\"EntryPoint\",\"urlTemplate\":\"https:\\\/\\\/www.meydan.tv\\\/az\\\/?s={search_term_string}\"},\"query-input\":{\"@type\":\"PropertyValueSpecification\",\"valueRequired\":true,\"valueName\":\"search_term_string\"}}],\"inLanguage\":\"az\"},{\"@type\":\"Organization\",\"@id\":\"https:\\\/\\\/www.meydan.tv\\\/az\\\/#organization\",\"name\":\"Meydan TV\",\"url\":\"https:\\\/\\\/www.meydan.tv\\\/az\\\/\",\"logo\":{\"@type\":\"ImageObject\",\"inLanguage\":\"az\",\"@id\":\"https:\\\/\\\/www.meydan.tv\\\/az\\\/#\\\/schema\\\/logo\\\/image\\\/\",\"url\":\"https:\\\/\\\/www.meydan.tv\\\/wp-content\\\/uploads\\\/2021\\\/07\\\/meydan-logo.svg\",\"contentUrl\":\"https:\\\/\\\/www.meydan.tv\\\/wp-content\\\/uploads\\\/2021\\\/07\\\/meydan-logo.svg\",\"width\":195,\"height\":46,\"caption\":\"Meydan TV\"},\"image\":{\"@id\":\"https:\\\/\\\/www.meydan.tv\\\/az\\\/#\\\/schema\\\/logo\\\/image\\\/\"}},{\"@type\":\"Person\",\"@id\":\"https:\\\/\\\/www.meydan.tv\\\/az\\\/#\\\/schema\\\/person\\\/10d11eccf6da3662cf5fdab9806ea91a\",\"name\":\"user-manager\"}]}<\/script>\n<!-- \/ Yoast SEO plugin. -->","yoast_head_json":{"title":"\u00c7ax\u0131rl\u0131 k\u0259ndinin sakini: Sosial probleml\u0259r i\u00e7ind\u0259 bo\u011fuluruq - MEYDAN.TV","robots":{"index":"index","follow":"follow","max-snippet":"max-snippet:-1","max-image-preview":"max-image-preview:large","max-video-preview":"max-video-preview:-1"},"canonical":"https:\/\/www.meydan.tv\/az\/article\/caxirli-kendinin-sakini-sosial-problemler-icinde-boguluruq\/","og_locale":"az_AZ","og_type":"article","og_title":"\u00c7ax\u0131rl\u0131 k\u0259ndinin sakini: Sosial probleml\u0259r i\u00e7ind\u0259 bo\u011fuluruq - MEYDAN.TV","og_description":"Sakinl\u0259r k\u0259ndl\u0259rin\u0259 qaz x\u0259tti \u00e7\u0259kildiyini, ancaq qaz\u0131n verilm\u0259diyini deyirl\u0259r","og_url":"https:\/\/www.meydan.tv\/az\/article\/caxirli-kendinin-sakini-sosial-problemler-icinde-boguluruq\/","og_site_name":"MEYDAN.TV","article_published_time":"2019-04-02T15:40:21+00:00","og_image":[{"width":2560,"height":1920,"url":"https:\/\/www.meydan.tv\/wp-content\/uploads\/image00004_l5puqx9-scaled.jpeg","type":"image\/jpeg"}],"author":"user-manager","twitter_card":"summary_large_image","schema":{"@context":"https:\/\/schema.org","@graph":[{"@type":"Article","@id":"https:\/\/www.meydan.tv\/az\/article\/caxirli-kendinin-sakini-sosial-problemler-icinde-boguluruq\/#article","isPartOf":{"@id":"https:\/\/www.meydan.tv\/az\/article\/caxirli-kendinin-sakini-sosial-problemler-icinde-boguluruq\/"},"author":{"name":"user-manager","@id":"https:\/\/www.meydan.tv\/az\/#\/schema\/person\/10d11eccf6da3662cf5fdab9806ea91a"},"headline":"\u00c7ax\u0131rl\u0131 k\u0259ndinin sakini: Sosial probleml\u0259r i\u00e7ind\u0259 bo\u011fuluruq","datePublished":"2019-04-02T15:40:21+00:00","mainEntityOfPage":{"@id":"https:\/\/www.meydan.tv\/az\/article\/caxirli-kendinin-sakini-sosial-problemler-icinde-boguluruq\/"},"wordCount":928,"publisher":{"@id":"https:\/\/www.meydan.tv\/az\/#organization"},"image":{"@id":"https:\/\/www.meydan.tv\/az\/article\/caxirli-kendinin-sakini-sosial-problemler-icinde-boguluruq\/#primaryimage"},"thumbnailUrl":"https:\/\/www.meydan.tv\/wp-content\/uploads\/image00004_l5puqx9-scaled.jpeg","articleSection":["B\u00f6lg\u0259"],"inLanguage":"az"},{"@type":"WebPage","@id":"https:\/\/www.meydan.tv\/az\/article\/caxirli-kendinin-sakini-sosial-problemler-icinde-boguluruq\/","url":"https:\/\/www.meydan.tv\/az\/article\/caxirli-kendinin-sakini-sosial-problemler-icinde-boguluruq\/","name":"\u00c7ax\u0131rl\u0131 k\u0259ndinin sakini: Sosial probleml\u0259r i\u00e7ind\u0259 bo\u011fuluruq - MEYDAN.TV","isPartOf":{"@id":"https:\/\/www.meydan.tv\/az\/#website"},"primaryImageOfPage":{"@id":"https:\/\/www.meydan.tv\/az\/article\/caxirli-kendinin-sakini-sosial-problemler-icinde-boguluruq\/#primaryimage"},"image":{"@id":"https:\/\/www.meydan.tv\/az\/article\/caxirli-kendinin-sakini-sosial-problemler-icinde-boguluruq\/#primaryimage"},"thumbnailUrl":"https:\/\/www.meydan.tv\/wp-content\/uploads\/image00004_l5puqx9-scaled.jpeg","datePublished":"2019-04-02T15:40:21+00:00","breadcrumb":{"@id":"https:\/\/www.meydan.tv\/az\/article\/caxirli-kendinin-sakini-sosial-problemler-icinde-boguluruq\/#breadcrumb"},"inLanguage":"az","potentialAction":[{"@type":"ReadAction","target":["https:\/\/www.meydan.tv\/az\/article\/caxirli-kendinin-sakini-sosial-problemler-icinde-boguluruq\/"]}]},{"@type":"ImageObject","inLanguage":"az","@id":"https:\/\/www.meydan.tv\/az\/article\/caxirli-kendinin-sakini-sosial-problemler-icinde-boguluruq\/#primaryimage","url":"https:\/\/www.meydan.tv\/wp-content\/uploads\/image00004_l5puqx9-scaled.jpeg","contentUrl":"https:\/\/www.meydan.tv\/wp-content\/uploads\/image00004_l5puqx9-scaled.jpeg","width":2560,"height":1920,"caption":"Source: Meydan TV"},{"@type":"BreadcrumbList","@id":"https:\/\/www.meydan.tv\/az\/article\/caxirli-kendinin-sakini-sosial-problemler-icinde-boguluruq\/#breadcrumb","itemListElement":[{"@type":"ListItem","position":1,"name":"Ana s\u0259hif\u0259","item":"https:\/\/www.meydan.tv\/az\/"},{"@type":"ListItem","position":2,"name":"B\u00f6lg\u0259","item":"https:\/\/www.meydan.tv\/az\/section\/bolge\/"},{"@type":"ListItem","position":3,"name":"\u00c7ax\u0131rl\u0131 k\u0259ndinin sakini: Sosial probleml\u0259r i\u00e7ind\u0259 bo\u011fuluruq"}]},{"@type":"WebSite","@id":"https:\/\/www.meydan.tv\/az\/#website","url":"https:\/\/www.meydan.tv\/az\/","name":"MEYDAN.TV","description":"Meydan TV Az\u0259rbaycan\u0131n media m\u0259kan\u0131ndak\u0131 alternativ s\u0259sidir","publisher":{"@id":"https:\/\/www.meydan.tv\/az\/#organization"},"potentialAction":[{"@type":"SearchAction","target":{"@type":"EntryPoint","urlTemplate":"https:\/\/www.meydan.tv\/az\/?s={search_term_string}"},"query-input":{"@type":"PropertyValueSpecification","valueRequired":true,"valueName":"search_term_string"}}],"inLanguage":"az"},{"@type":"Organization","@id":"https:\/\/www.meydan.tv\/az\/#organization","name":"Meydan TV","url":"https:\/\/www.meydan.tv\/az\/","logo":{"@type":"ImageObject","inLanguage":"az","@id":"https:\/\/www.meydan.tv\/az\/#\/schema\/logo\/image\/","url":"https:\/\/www.meydan.tv\/wp-content\/uploads\/2021\/07\/meydan-logo.svg","contentUrl":"https:\/\/www.meydan.tv\/wp-content\/uploads\/2021\/07\/meydan-logo.svg","width":195,"height":46,"caption":"Meydan TV"},"image":{"@id":"https:\/\/www.meydan.tv\/az\/#\/schema\/logo\/image\/"}},{"@type":"Person","@id":"https:\/\/www.meydan.tv\/az\/#\/schema\/person\/10d11eccf6da3662cf5fdab9806ea91a","name":"user-manager"}]}},"_links":{"self":[{"href":"https:\/\/www.meydan.tv\/az\/wp-json\/wp\/v2\/posts\/194745","targetHints":{"allow":["GET"]}}],"collection":[{"href":"https:\/\/www.meydan.tv\/az\/wp-json\/wp\/v2\/posts"}],"about":[{"href":"https:\/\/www.meydan.tv\/az\/wp-json\/wp\/v2\/types\/post"}],"author":[{"embeddable":true,"href":"https:\/\/www.meydan.tv\/az\/wp-json\/wp\/v2\/users\/11"}],"replies":[{"embeddable":true,"href":"https:\/\/www.meydan.tv\/az\/wp-json\/wp\/v2\/comments?post=194745"}],"version-history":[{"count":0,"href":"https:\/\/www.meydan.tv\/az\/wp-json\/wp\/v2\/posts\/194745\/revisions"}],"wp:featuredmedia":[{"embeddable":true,"href":"https:\/\/www.meydan.tv\/az\/wp-json\/wp\/v2\/media\/121150"}],"wp:attachment":[{"href":"https:\/\/www.meydan.tv\/az\/wp-json\/wp\/v2\/media?parent=194745"}],"wp:term":[{"taxonomy":"category","embeddable":true,"href":"https:\/\/www.meydan.tv\/az\/wp-json\/wp\/v2\/categories?post=194745"},{"taxonomy":"post_tag","embeddable":true,"href":"https:\/\/www.meydan.tv\/az\/wp-json\/wp\/v2\/tags?post=194745"}],"curies":[{"name":"wp","href":"https:\/\/api.w.org\/{rel}","templated":true}]}}