{"id":194713,"date":"2019-03-31T12:33:20","date_gmt":"2019-03-31T12:33:20","guid":{"rendered":"https:\/\/www.meydan.tv\/article\/astara-sakini-atamin-qani-ort-basdir-edilib\/"},"modified":"2019-03-31T12:33:20","modified_gmt":"2019-03-31T12:33:20","slug":"astara-sakini-atamin-qani-ort-basdir-edilib","status":"publish","type":"post","link":"https:\/\/www.meydan.tv\/az\/article\/astara-sakini-atamin-qani-ort-basdir-edilib\/","title":{"rendered":"Astara sakini: Atam\u0131n qan\u0131 \u00f6rt-basd\u0131r edilib"},"content":{"rendered":"<p>\n  <i><br \/>\n    Famil Ba\u011f\u0131rovun iddias\u0131na g\u00f6r\u0259, polis m\u00fcst\u0259ntiqi onun anas\u0131n\u0131 aldadaraq bar\u0131\u015f\u0131q \u0259riz\u0259si al\u0131b v\u0259 i\u015fi ba\u011flay\u0131b<br \/>\n  <\/i>\n<\/p>\n<p>\n  \u201cAnam\u0131 atam\u0131n yas m\u0259clisind\u0259n polis\u0259 aparm\u0131\u015fd\u0131lar, ist\u0259dikl\u0259ri ka\u011f\u0131zlara imzalatd\u0131r\u0131b buraxm\u0131\u015fd\u0131lar. Sonradan bilmi\u015fik ki, h\u0259min \u0259riz\u0259yl\u0259 guya anam atam\u0131 vuran adam\u0131 ba\u011f\u0131\u015flay\u0131b\u201d.\n<\/p>\n<p>\n  Astara \u015f\u0259h\u0259r sakini Famil Ba\u011f\u0131rov Meydan TV-y\u0259 dan\u0131\u015f\u0131r ki, 2016-c\u0131 il, may\u0131n 4-d\u0259 atas\u0131 Zaida\u011fa Ba\u011f\u0131rovu el\u0259 Astarada S\u0259rh\u0259d Xidm\u0259tinin zabiti Samir Nadirov idar\u0259 etdiyi avtomobill\u0259 vurub. Zaida\u011fa Ba\u011f\u0131rov hadis\u0259 zaman\u0131 ald\u011f\u0131 x\u0259sar\u0259tl\u0259rd\u0259n v\u0259fat edib. 3 il ke\u00e7m\u0259sin\u0259 baxmayaraq, hadis\u0259ni t\u00f6r\u0259tmi\u015f \u015f\u0259xs m\u0259suliyy\u0259t\u0259 c\u0259lb olunmay\u0131b.\n<\/p>\n<p>\n  <i><br \/>\n    \u201cY\u00fcks\u0259k s\u00fcr\u0259t bir ail\u0259ni g\u00f6z\u00fcya\u015fl\u0131 qoyub\u201d<br \/>\n  <\/i>\n<\/p>\n<p>\n  \u201cH\u0259min s\u00fcr\u00fcc\u00fc ma\u015f\u0131n\u0131 y\u00fcks\u0259k s\u00fcr\u0259tl\u0259 idar\u0259 edib, n\u0259tic\u0259d\u0259 bir insan\u0131n \u00f6l\u00fcm\u00fcn\u0259, bir ail\u0259nin g\u00f6z\u00fcya\u015fl\u0131 qalmas\u0131na s\u0259b\u0259b olub. Ancaq Astara Rayon Polis \u015e\u00f6b\u0259si cinay\u0259ti \u00f6rt-basd\u0131r edib,\u201d- Famil Ba\u011f\u0131rov deyir.\n<\/p>\n<p>\n  Bu fakt \u00fczr\u0259 Astara Rayon Polis \u015e\u00f6b\u0259sind\u0259 cinay\u0259t i\u015fi ba\u015flan\u0131b. Ancaq q\u0131sa m\u00fcdd\u0259td\u0259n sonra z\u0259r\u0259r\u00e7\u0259kmi\u015f ail\u0259y\u0259 cinay\u0259t i\u015fin\u0259 xitam verildiyi bildirilib. Famil Ba\u011f\u0131rov deyir, polis i\u015f\u0259 bar\u0131\u015f\u0131q \u0259riz\u0259sin\u0259 \u0259saslanaraq xitam verib. Ancaq \u015fikay\u0259t\u00e7inin iddias\u0131na g\u00f6r\u0259, bu \u0259riz\u0259 d\u0259 saxta olub:\n<\/p>\n<p>\n  \u201cAtam\u0131n \u00f6l\u00fcm\u00fcn\u00fcn \u00fc\u00e7 m\u0259rasimini ke\u00e7irirdik. Bir d\u0259 x\u0259b\u0259r tutduq ki, polisl\u0259r g\u0259lib anam\u0131 \u015f\u00f6b\u0259y\u0259 apar\u0131blar. Anam \u015f\u00f6b\u0259d\u0259n qay\u0131danda dedi ki, ona bir ne\u00e7\u0259 ka\u011f\u0131za imza etdiribl\u0259r. Atam\u0131n 40 m\u0259raisimi bit\u0259nd\u0259n sonra polisd\u0259 i\u015fin gedi\u015fat\u0131yla maraqland\u0131q, m\u0259lum oldu ki, m\u00fcst\u0259ntiq anam\u0131n ad\u0131ndan bar\u0131\u015f\u0131q \u0259riz\u0259si haz\u0131rlay\u0131b, anam\u0131n ad\u0131ndan \u0259riz\u0259d\u0259 yaz\u0131b ki, qar\u015f\u0131 t\u0259r\u0259fd\u0259n \u015fikay\u0259ti yoxdur v\u0259 sair&#8230; Biz etiraz ed\u0259nd\u0259 m\u00fcst\u0259ntiq bildirdi ki, anan \u00f6z\u00fc \u0259riz\u0259ni oxuyub, qol \u00e7\u0259kib. Halbuki, m\u0259nim anam savads\u0131z, ya\u015fl\u0131 qad\u0131nd\u0131r. Anam el\u0259 oradaca h\u0259min \u0259riz\u0259sinin q\u00fcvv\u0259d\u0259n d\u00fc\u015fm\u0259si \u00fc\u00e7\u00fcn ba\u015fqa bir \u0259riz\u0259 yazd\u0131. M\u00fcst\u0259ntiq g\u00f6z\u00fcm\u00fcz\u00fcn qar\u015f\u0131s\u0131nda anam\u0131n ikinci \u0259riz\u0259sini siyirtm\u0259y\u0259 atd\u0131, dedi, gedin, laz\u0131m olanda \u00e7a\u011f\u0131raram\u201d.\n<\/p>\n<p>\n  <i><br \/>\n    \u201cXitam q\u0259rar\u0131n\u0131 zorla \u0259ld\u0259 etdim\u201d<br \/>\n  <\/i>\n<\/p>\n<p>\n  Bir m\u00fcdd\u0259t d\u0259 ke\u00e7ib, Famil Ba\u011f\u0131rov n\u00f6vb\u0259ti d\u0259f\u0259 istintaq\u0131n gedi\u015fat\u0131yla maraqlananda ona bildirilib ki, anas\u0131n\u0131n bar\u0131\u015f\u0131q \u0259riz\u0259sin\u0259 \u0259saslanaraq m\u00fcst\u0259ntiq cinay\u0259t i\u015fin\u0259 xitam verib. Famil Ba\u011f\u0131rov xitam q\u0259rar\u0131n\u0131 da zorla \u0259ld\u0259 etdiyini deyir:\n<\/p>\n<p>\n  \u201cD\u0259f\u0259l\u0259rl\u0259 \u015fikay\u0259t etdik, q\u0259rar\u0131 biz\u0259 verm\u0259dil\u0259r. Ax\u0131rda m\u0259cbur oldum ki, ba\u015fqa yola \u0259l at\u0131m. S\u0131\u011forta \u015firk\u0259tin\u0259 \u0259riz\u0259yl\u0259 m\u00fcraci\u0259t etdim, m\u0259n\u0259 Forma-4 verdil\u0259r, onu apar\u0131b r\u0259is\u0259 t\u0259qdim el\u0259dim, xitam q\u0259rar\u0131n\u0131 m\u0259n\u0259 verdil\u0259r&quot;.\n<\/p>\n<p>\n  Astara rayon Polis \u015e\u00f6b\u0259sind\u0259n bildirilib ki, bu hadis\u0259 2016-c\u0131 il, may\u0131nda ba\u015f verib. Zaqatala sakini olan 30 ya\u015fl\u0131 Samir Nadirov idar\u0259 etdiyi 99-GH-063 d\u00f6vl\u0259t n\u00f6mr\u0259 ni\u015fanl\u0131 \u201cHyundai\u201d markal\u0131 avtomobill\u0259 h\u0259r\u0259k\u0259td\u0259 olark\u0259n piyadan\u0131 &#8211; \u015eaha\u011fac\u0131 k\u0259nd sakini 65 ya\u015fl\u0131 Zaida\u011fa Ba\u011f\u0131rovu vurub. Zaida\u011fa Ba\u011f\u0131rov x\u0259st\u0259xanaya g\u00f6t\u00fcr\u00fcls\u0259 d\u0259, h\u0259yat\u0131n\u0131 xilas etm\u0259k m\u00fcmk\u00fcn olmay\u0131b. Hadis\u0259d\u0259n sonra i\u015fd\u0259 z\u0259r\u0259r\u00e7\u0259kmi\u015fin varisi kimi tan\u0131nan h\u0259yat yolda\u015f\u0131 \u015f\u00f6b\u0259d\u0259 bar\u0131\u015f\u0131q \u0259riz\u0259si yazaraq hadis\u0259nin t\u0259sad\u00fcf\u0259n ba\u015f verdiyini, Samir Nadirovun g\u0259nc, \u00f6hd\u0259sind\u0259 azya\u015fl\u0131 u\u015faqlar\u0131n oldu\u011funu qeyd ed\u0259r\u0259k m\u0259suliyy\u0259td\u0259n azad edilm\u0259sini xahi\u015f edib. Samir Nadirov m\u0259rhumun d\u0259fninin x\u0259rcl\u0259rini \u00e7\u0259kib, ail\u0259y\u0259 maddi yard\u0131mlar edib. Lakin ail\u0259 bu yard\u0131mlar\u0131n davaml\u0131 olmas\u0131n\u0131 ist\u0259yib, bu ist\u0259kl\u0259ri h\u0259yata ke\u00e7m\u0259y\u0259nd\u0259 qar\u015f\u0131 t\u0259r\u0259fd\u0259n t\u0259krar \u015fikay\u0259tl\u0259r etm\u0259y\u0259 ba\u015flay\u0131blar. Qanunvericiliy\u0259 g\u00f6r\u0259 is\u0259 bar\u0131\u015f\u0131q \u0259riz\u0259si bir d\u0259f\u0259 yaz\u0131l\u0131r v\u0259 geri g\u00f6t\u00fcr\u00fcl\u0259 bilm\u0259z.<\/p>\n","protected":false},"excerpt":{"rendered":"<p>Anam\u0131 atam\u0131n yas m\u0259clisind\u0259n polis\u0259 aparm\u0131\u015fd\u0131lar, ist\u0259dikl\u0259ri ka\u011f\u0131zlara imzalatd\u0131r\u0131b buraxm\u0131\u015fd\u0131lar<\/p>\n","protected":false},"author":11,"featured_media":121105,"comment_status":"closed","ping_status":"open","sticky":false,"template":"","format":"standard","meta":{"_acf_changed":false,"_sitemap_exclude":false,"_sitemap_priority":"","_sitemap_frequency":"","footnotes":""},"categories":[60],"tags":[],"class_list":["post-194713","post","type-post","status-publish","format-standard","has-post-thumbnail","hentry","category-bolge","infinite-scroll-item","generate-columns","tablet-grid-50","mobile-grid-100","grid-parent","grid-33","no-featured-image-padding"],"acf":[],"yoast_head":"<!-- This site is optimized with the Yoast SEO plugin v27.4 - https:\/\/yoast.com\/product\/yoast-seo-wordpress\/ -->\n<title>Astara sakini: Atam\u0131n qan\u0131 \u00f6rt-basd\u0131r edilib - MEYDAN.TV<\/title>\n<meta name=\"robots\" content=\"index, follow, max-snippet:-1, max-image-preview:large, max-video-preview:-1\" \/>\n<link rel=\"canonical\" href=\"https:\/\/www.meydan.tv\/az\/article\/astara-sakini-atamin-qani-ort-basdir-edilib\/\" \/>\n<meta property=\"og:locale\" content=\"az_AZ\" \/>\n<meta property=\"og:type\" content=\"article\" \/>\n<meta property=\"og:title\" content=\"Astara sakini: Atam\u0131n qan\u0131 \u00f6rt-basd\u0131r edilib - MEYDAN.TV\" \/>\n<meta property=\"og:description\" content=\"Anam\u0131 atam\u0131n yas m\u0259clisind\u0259n polis\u0259 aparm\u0131\u015fd\u0131lar, ist\u0259dikl\u0259ri ka\u011f\u0131zlara imzalatd\u0131r\u0131b buraxm\u0131\u015fd\u0131lar\" \/>\n<meta property=\"og:url\" content=\"https:\/\/www.meydan.tv\/az\/article\/astara-sakini-atamin-qani-ort-basdir-edilib\/\" \/>\n<meta property=\"og:site_name\" content=\"MEYDAN.TV\" \/>\n<meta property=\"article:published_time\" content=\"2019-03-31T12:33:20+00:00\" \/>\n<meta property=\"og:image\" content=\"https:\/\/www.meydan.tv\/wp-content\/uploads\/famil.jpg\" \/>\n\t<meta property=\"og:image:width\" content=\"960\" \/>\n\t<meta property=\"og:image:height\" content=\"540\" \/>\n\t<meta property=\"og:image:type\" content=\"image\/jpeg\" \/>\n<meta name=\"author\" content=\"user-manager\" \/>\n<meta name=\"twitter:card\" content=\"summary_large_image\" \/>\n<script type=\"application\/ld+json\" class=\"yoast-schema-graph\">{\"@context\":\"https:\\\/\\\/schema.org\",\"@graph\":[{\"@type\":\"Article\",\"@id\":\"https:\\\/\\\/www.meydan.tv\\\/az\\\/article\\\/astara-sakini-atamin-qani-ort-basdir-edilib\\\/#article\",\"isPartOf\":{\"@id\":\"https:\\\/\\\/www.meydan.tv\\\/az\\\/article\\\/astara-sakini-atamin-qani-ort-basdir-edilib\\\/\"},\"author\":{\"name\":\"user-manager\",\"@id\":\"https:\\\/\\\/www.meydan.tv\\\/az\\\/#\\\/schema\\\/person\\\/10d11eccf6da3662cf5fdab9806ea91a\"},\"headline\":\"Astara sakini: Atam\u0131n qan\u0131 \u00f6rt-basd\u0131r edilib\",\"datePublished\":\"2019-03-31T12:33:20+00:00\",\"mainEntityOfPage\":{\"@id\":\"https:\\\/\\\/www.meydan.tv\\\/az\\\/article\\\/astara-sakini-atamin-qani-ort-basdir-edilib\\\/\"},\"wordCount\":769,\"publisher\":{\"@id\":\"https:\\\/\\\/www.meydan.tv\\\/az\\\/#organization\"},\"image\":{\"@id\":\"https:\\\/\\\/www.meydan.tv\\\/az\\\/article\\\/astara-sakini-atamin-qani-ort-basdir-edilib\\\/#primaryimage\"},\"thumbnailUrl\":\"https:\\\/\\\/www.meydan.tv\\\/wp-content\\\/uploads\\\/famil.jpg\",\"articleSection\":[\"B\u00f6lg\u0259\"],\"inLanguage\":\"az\"},{\"@type\":\"WebPage\",\"@id\":\"https:\\\/\\\/www.meydan.tv\\\/az\\\/article\\\/astara-sakini-atamin-qani-ort-basdir-edilib\\\/\",\"url\":\"https:\\\/\\\/www.meydan.tv\\\/az\\\/article\\\/astara-sakini-atamin-qani-ort-basdir-edilib\\\/\",\"name\":\"Astara sakini: Atam\u0131n qan\u0131 \u00f6rt-basd\u0131r edilib - MEYDAN.TV\",\"isPartOf\":{\"@id\":\"https:\\\/\\\/www.meydan.tv\\\/az\\\/#website\"},\"primaryImageOfPage\":{\"@id\":\"https:\\\/\\\/www.meydan.tv\\\/az\\\/article\\\/astara-sakini-atamin-qani-ort-basdir-edilib\\\/#primaryimage\"},\"image\":{\"@id\":\"https:\\\/\\\/www.meydan.tv\\\/az\\\/article\\\/astara-sakini-atamin-qani-ort-basdir-edilib\\\/#primaryimage\"},\"thumbnailUrl\":\"https:\\\/\\\/www.meydan.tv\\\/wp-content\\\/uploads\\\/famil.jpg\",\"datePublished\":\"2019-03-31T12:33:20+00:00\",\"breadcrumb\":{\"@id\":\"https:\\\/\\\/www.meydan.tv\\\/az\\\/article\\\/astara-sakini-atamin-qani-ort-basdir-edilib\\\/#breadcrumb\"},\"inLanguage\":\"az\",\"potentialAction\":[{\"@type\":\"ReadAction\",\"target\":[\"https:\\\/\\\/www.meydan.tv\\\/az\\\/article\\\/astara-sakini-atamin-qani-ort-basdir-edilib\\\/\"]}]},{\"@type\":\"ImageObject\",\"inLanguage\":\"az\",\"@id\":\"https:\\\/\\\/www.meydan.tv\\\/az\\\/article\\\/astara-sakini-atamin-qani-ort-basdir-edilib\\\/#primaryimage\",\"url\":\"https:\\\/\\\/www.meydan.tv\\\/wp-content\\\/uploads\\\/famil.jpg\",\"contentUrl\":\"https:\\\/\\\/www.meydan.tv\\\/wp-content\\\/uploads\\\/famil.jpg\",\"width\":960,\"height\":540,\"caption\":\"Source: meydan.tv\"},{\"@type\":\"BreadcrumbList\",\"@id\":\"https:\\\/\\\/www.meydan.tv\\\/az\\\/article\\\/astara-sakini-atamin-qani-ort-basdir-edilib\\\/#breadcrumb\",\"itemListElement\":[{\"@type\":\"ListItem\",\"position\":1,\"name\":\"Ana s\u0259hif\u0259\",\"item\":\"https:\\\/\\\/www.meydan.tv\\\/az\\\/\"},{\"@type\":\"ListItem\",\"position\":2,\"name\":\"B\u00f6lg\u0259\",\"item\":\"https:\\\/\\\/www.meydan.tv\\\/az\\\/section\\\/bolge\\\/\"},{\"@type\":\"ListItem\",\"position\":3,\"name\":\"Astara sakini: Atam\u0131n qan\u0131 \u00f6rt-basd\u0131r edilib\"}]},{\"@type\":\"WebSite\",\"@id\":\"https:\\\/\\\/www.meydan.tv\\\/az\\\/#website\",\"url\":\"https:\\\/\\\/www.meydan.tv\\\/az\\\/\",\"name\":\"MEYDAN.TV\",\"description\":\"Meydan TV Az\u0259rbaycan\u0131n media m\u0259kan\u0131ndak\u0131 alternativ s\u0259sidir\",\"publisher\":{\"@id\":\"https:\\\/\\\/www.meydan.tv\\\/az\\\/#organization\"},\"potentialAction\":[{\"@type\":\"SearchAction\",\"target\":{\"@type\":\"EntryPoint\",\"urlTemplate\":\"https:\\\/\\\/www.meydan.tv\\\/az\\\/?s={search_term_string}\"},\"query-input\":{\"@type\":\"PropertyValueSpecification\",\"valueRequired\":true,\"valueName\":\"search_term_string\"}}],\"inLanguage\":\"az\"},{\"@type\":\"Organization\",\"@id\":\"https:\\\/\\\/www.meydan.tv\\\/az\\\/#organization\",\"name\":\"Meydan TV\",\"url\":\"https:\\\/\\\/www.meydan.tv\\\/az\\\/\",\"logo\":{\"@type\":\"ImageObject\",\"inLanguage\":\"az\",\"@id\":\"https:\\\/\\\/www.meydan.tv\\\/az\\\/#\\\/schema\\\/logo\\\/image\\\/\",\"url\":\"https:\\\/\\\/www.meydan.tv\\\/wp-content\\\/uploads\\\/2021\\\/07\\\/meydan-logo.svg\",\"contentUrl\":\"https:\\\/\\\/www.meydan.tv\\\/wp-content\\\/uploads\\\/2021\\\/07\\\/meydan-logo.svg\",\"width\":195,\"height\":46,\"caption\":\"Meydan TV\"},\"image\":{\"@id\":\"https:\\\/\\\/www.meydan.tv\\\/az\\\/#\\\/schema\\\/logo\\\/image\\\/\"}},{\"@type\":\"Person\",\"@id\":\"https:\\\/\\\/www.meydan.tv\\\/az\\\/#\\\/schema\\\/person\\\/10d11eccf6da3662cf5fdab9806ea91a\",\"name\":\"user-manager\"}]}<\/script>\n<!-- \/ Yoast SEO plugin. -->","yoast_head_json":{"title":"Astara sakini: Atam\u0131n qan\u0131 \u00f6rt-basd\u0131r edilib - MEYDAN.TV","robots":{"index":"index","follow":"follow","max-snippet":"max-snippet:-1","max-image-preview":"max-image-preview:large","max-video-preview":"max-video-preview:-1"},"canonical":"https:\/\/www.meydan.tv\/az\/article\/astara-sakini-atamin-qani-ort-basdir-edilib\/","og_locale":"az_AZ","og_type":"article","og_title":"Astara sakini: Atam\u0131n qan\u0131 \u00f6rt-basd\u0131r edilib - MEYDAN.TV","og_description":"Anam\u0131 atam\u0131n yas m\u0259clisind\u0259n polis\u0259 aparm\u0131\u015fd\u0131lar, ist\u0259dikl\u0259ri ka\u011f\u0131zlara imzalatd\u0131r\u0131b buraxm\u0131\u015fd\u0131lar","og_url":"https:\/\/www.meydan.tv\/az\/article\/astara-sakini-atamin-qani-ort-basdir-edilib\/","og_site_name":"MEYDAN.TV","article_published_time":"2019-03-31T12:33:20+00:00","og_image":[{"width":960,"height":540,"url":"https:\/\/www.meydan.tv\/wp-content\/uploads\/famil.jpg","type":"image\/jpeg"}],"author":"user-manager","twitter_card":"summary_large_image","schema":{"@context":"https:\/\/schema.org","@graph":[{"@type":"Article","@id":"https:\/\/www.meydan.tv\/az\/article\/astara-sakini-atamin-qani-ort-basdir-edilib\/#article","isPartOf":{"@id":"https:\/\/www.meydan.tv\/az\/article\/astara-sakini-atamin-qani-ort-basdir-edilib\/"},"author":{"name":"user-manager","@id":"https:\/\/www.meydan.tv\/az\/#\/schema\/person\/10d11eccf6da3662cf5fdab9806ea91a"},"headline":"Astara sakini: Atam\u0131n qan\u0131 \u00f6rt-basd\u0131r edilib","datePublished":"2019-03-31T12:33:20+00:00","mainEntityOfPage":{"@id":"https:\/\/www.meydan.tv\/az\/article\/astara-sakini-atamin-qani-ort-basdir-edilib\/"},"wordCount":769,"publisher":{"@id":"https:\/\/www.meydan.tv\/az\/#organization"},"image":{"@id":"https:\/\/www.meydan.tv\/az\/article\/astara-sakini-atamin-qani-ort-basdir-edilib\/#primaryimage"},"thumbnailUrl":"https:\/\/www.meydan.tv\/wp-content\/uploads\/famil.jpg","articleSection":["B\u00f6lg\u0259"],"inLanguage":"az"},{"@type":"WebPage","@id":"https:\/\/www.meydan.tv\/az\/article\/astara-sakini-atamin-qani-ort-basdir-edilib\/","url":"https:\/\/www.meydan.tv\/az\/article\/astara-sakini-atamin-qani-ort-basdir-edilib\/","name":"Astara sakini: Atam\u0131n qan\u0131 \u00f6rt-basd\u0131r edilib - MEYDAN.TV","isPartOf":{"@id":"https:\/\/www.meydan.tv\/az\/#website"},"primaryImageOfPage":{"@id":"https:\/\/www.meydan.tv\/az\/article\/astara-sakini-atamin-qani-ort-basdir-edilib\/#primaryimage"},"image":{"@id":"https:\/\/www.meydan.tv\/az\/article\/astara-sakini-atamin-qani-ort-basdir-edilib\/#primaryimage"},"thumbnailUrl":"https:\/\/www.meydan.tv\/wp-content\/uploads\/famil.jpg","datePublished":"2019-03-31T12:33:20+00:00","breadcrumb":{"@id":"https:\/\/www.meydan.tv\/az\/article\/astara-sakini-atamin-qani-ort-basdir-edilib\/#breadcrumb"},"inLanguage":"az","potentialAction":[{"@type":"ReadAction","target":["https:\/\/www.meydan.tv\/az\/article\/astara-sakini-atamin-qani-ort-basdir-edilib\/"]}]},{"@type":"ImageObject","inLanguage":"az","@id":"https:\/\/www.meydan.tv\/az\/article\/astara-sakini-atamin-qani-ort-basdir-edilib\/#primaryimage","url":"https:\/\/www.meydan.tv\/wp-content\/uploads\/famil.jpg","contentUrl":"https:\/\/www.meydan.tv\/wp-content\/uploads\/famil.jpg","width":960,"height":540,"caption":"Source: meydan.tv"},{"@type":"BreadcrumbList","@id":"https:\/\/www.meydan.tv\/az\/article\/astara-sakini-atamin-qani-ort-basdir-edilib\/#breadcrumb","itemListElement":[{"@type":"ListItem","position":1,"name":"Ana s\u0259hif\u0259","item":"https:\/\/www.meydan.tv\/az\/"},{"@type":"ListItem","position":2,"name":"B\u00f6lg\u0259","item":"https:\/\/www.meydan.tv\/az\/section\/bolge\/"},{"@type":"ListItem","position":3,"name":"Astara sakini: Atam\u0131n qan\u0131 \u00f6rt-basd\u0131r edilib"}]},{"@type":"WebSite","@id":"https:\/\/www.meydan.tv\/az\/#website","url":"https:\/\/www.meydan.tv\/az\/","name":"MEYDAN.TV","description":"Meydan TV Az\u0259rbaycan\u0131n media m\u0259kan\u0131ndak\u0131 alternativ s\u0259sidir","publisher":{"@id":"https:\/\/www.meydan.tv\/az\/#organization"},"potentialAction":[{"@type":"SearchAction","target":{"@type":"EntryPoint","urlTemplate":"https:\/\/www.meydan.tv\/az\/?s={search_term_string}"},"query-input":{"@type":"PropertyValueSpecification","valueRequired":true,"valueName":"search_term_string"}}],"inLanguage":"az"},{"@type":"Organization","@id":"https:\/\/www.meydan.tv\/az\/#organization","name":"Meydan TV","url":"https:\/\/www.meydan.tv\/az\/","logo":{"@type":"ImageObject","inLanguage":"az","@id":"https:\/\/www.meydan.tv\/az\/#\/schema\/logo\/image\/","url":"https:\/\/www.meydan.tv\/wp-content\/uploads\/2021\/07\/meydan-logo.svg","contentUrl":"https:\/\/www.meydan.tv\/wp-content\/uploads\/2021\/07\/meydan-logo.svg","width":195,"height":46,"caption":"Meydan TV"},"image":{"@id":"https:\/\/www.meydan.tv\/az\/#\/schema\/logo\/image\/"}},{"@type":"Person","@id":"https:\/\/www.meydan.tv\/az\/#\/schema\/person\/10d11eccf6da3662cf5fdab9806ea91a","name":"user-manager"}]}},"_links":{"self":[{"href":"https:\/\/www.meydan.tv\/az\/wp-json\/wp\/v2\/posts\/194713","targetHints":{"allow":["GET"]}}],"collection":[{"href":"https:\/\/www.meydan.tv\/az\/wp-json\/wp\/v2\/posts"}],"about":[{"href":"https:\/\/www.meydan.tv\/az\/wp-json\/wp\/v2\/types\/post"}],"author":[{"embeddable":true,"href":"https:\/\/www.meydan.tv\/az\/wp-json\/wp\/v2\/users\/11"}],"replies":[{"embeddable":true,"href":"https:\/\/www.meydan.tv\/az\/wp-json\/wp\/v2\/comments?post=194713"}],"version-history":[{"count":0,"href":"https:\/\/www.meydan.tv\/az\/wp-json\/wp\/v2\/posts\/194713\/revisions"}],"wp:featuredmedia":[{"embeddable":true,"href":"https:\/\/www.meydan.tv\/az\/wp-json\/wp\/v2\/media\/121105"}],"wp:attachment":[{"href":"https:\/\/www.meydan.tv\/az\/wp-json\/wp\/v2\/media?parent=194713"}],"wp:term":[{"taxonomy":"category","embeddable":true,"href":"https:\/\/www.meydan.tv\/az\/wp-json\/wp\/v2\/categories?post=194713"},{"taxonomy":"post_tag","embeddable":true,"href":"https:\/\/www.meydan.tv\/az\/wp-json\/wp\/v2\/tags?post=194713"}],"curies":[{"name":"wp","href":"https:\/\/api.w.org\/{rel}","templated":true}]}}