{"id":194711,"date":"2019-03-30T20:49:17","date_gmt":"2019-03-30T20:49:17","guid":{"rendered":"https:\/\/www.meydan.tv\/article\/ogrunun-tutulmasini-teleb-edirem-polis-deyir-gel-sene-pul-verim\/"},"modified":"2019-03-30T20:49:17","modified_gmt":"2019-03-30T20:49:17","slug":"ogrunun-tutulmasini-teleb-edirem-polis-deyir-gel-sene-pul-verim","status":"publish","type":"post","link":"https:\/\/www.meydan.tv\/az\/article\/ogrunun-tutulmasini-teleb-edirem-polis-deyir-gel-sene-pul-verim\/","title":{"rendered":"&#8221;O\u011frunun tutulmas\u0131n\u0131 t\u0259l\u0259b edir\u0259m, polis deyir, g\u0259l, s\u0259n\u0259 pul verim&#8221;"},"content":{"rendered":"<p>\n  <i><br \/>\n    Ucar sakini evind\u0259n zin\u0259t \u0259\u015fyas\u0131 v\u0259 pul aparan o\u011frunun tap\u0131lmamas\u0131nda yerli polisi g\u00fcnahland\u0131r\u0131r<br \/>\n  <\/i>\n<\/p>\n<p>\n  \u201cNazir Ramil Usubov G\u00f6y\u00e7ayda v\u0259t\u0259nda\u015flar\u0131n q\u0259bulunu ke\u00e7irirdi, m\u0259n\u0259 onun q\u0259buluna getm\u0259y\u0259 imkan verm\u0259dil\u0259r. Q\u0259sd\u0259n mane\u00e7ilik t\u00f6r\u0259tdil\u0259r\u201d.\n<\/p>\n<p>\n  Ucar rayon sakini Mahir K\u0259rimov Meydan TV-y\u0259 dan\u0131\u015f\u0131r ki, \u00f6t\u0259n il fevral\u0131n 7-d\u0259 ona m\u0259xsus m\u0259nzil\u0259 o\u011fru girib. M\u0259nzild\u0259n q\u0131z\u0131l-zin\u0259t \u0259\u015fyalar\u0131 v\u0259 685 manat o\u011furlan\u0131b. Ancaq 1 ild\u0259n \u00e7ox ke\u00e7m\u0259sin\u0259 baxmayaraq, yerli polis cinay\u0259tin \u00fcst\u00fcn\u00fc a\u00e7may\u0131b:\n<\/p>\n<p>\n  \u201cAil\u0259ml\u0259 yax\u0131n qohumumun evind\u0259ydik, fevral\u0131n 7-d\u0259 ev\u0259 o\u011fru girib, anamgill\u0259 \u00e7\u0259p\u0259r qon\u015fusuyuq, s\u0259h\u0259ri g\u00fcn ilk onlar x\u0259b\u0259r tutmu\u015fdu, anam z\u0259ng vurdu ki, tez ev\u0259 g\u0259l, p\u0259nc\u0259r\u0259l\u0259rin a\u00e7\u0131qd\u0131r, dey\u0259s\u0259n evin\u0259 giribl\u0259r. Ev\u0259 g\u0259l\u0259nd\u0259 g\u00f6rd\u00fcm b\u0259li, ev\u0259 giribl\u0259r, baxd\u0131m ki, h\u0259yat yolda\u015f\u0131m\u0131n brilyant \u00fcz\u00fcy\u00fcn\u00fc, q\u0131z\u0131l d\u0259stini, bir d\u0259 pulu apar\u0131blar. D\u0259rhal D\u0130N 102 xidm\u0259tin\u0259 z\u0259ng vurub m\u0259lumat verdim, Ucar rayon Polis \u015e\u00f6b\u0259sinin polisl\u0259ri g\u0259ldi. Ev\u0259 bax\u0131\u015f ke\u00e7irildi, \u0259l izl\u0259ri g\u00f6t\u00fcr\u00fcld\u00fc\u201d.\n<\/p>\n<p>\n  <i><br \/>\n    \u201cH\u0259r d\u0259f\u0259 deyirl\u0259r, ara\u015fd\u0131rma davam edir\u201d<br \/>\n  <\/i>\n<\/p>\n<p>\n  Mahir K\u0259rimovun s\u00f6zl\u0259rin\u0259 g\u00f6r\u0259, hadis\u0259 ba\u015f ver\u0259nd\u0259n sonra d\u0259f\u0259l\u0259rl\u0259 rayon polis \u015f\u00f6b\u0259sin\u0259 m\u00fcraci\u0259t edib, o\u011frudan bir x\u0259b\u0259r var dey\u0259, maraqlan\u0131b. Ancaq h\u0259r d\u0259f\u0259 d\u0259 ona bildirilib ki, ara\u015fd\u0131rmalar davam edir:\n<\/p>\n<p>\n  \u201cM\u0259n \u0259l izl\u0259ri il\u0259 maraqland\u0131m, dedil\u0259r ki, \u0259l izl\u0259rind\u0259n bir \u015fey \u00e7\u0131xmay\u0131b. Nec\u0259 ola bil\u0259r ki, ev\u0259 o\u011fru girsin, he\u00e7 bir iz qoymas\u0131n? Sad\u0259c\u0259, ara\u015fd\u0131rm\u0131rlar. Ya\u015fad\u0131\u011f\u0131m \u0259razid\u0259 bizd\u0259n \u0259vv\u0259l d\u0259, sonra da d\u0259f\u0259l\u0259rl\u0259 o\u011furluq hadis\u0259l\u0259ri olub, he\u00e7 birinin \u00fcst\u00fc a\u00e7\u0131lmay\u0131b\u201d.\n<\/p>\n<p>\n  Mahir K\u0259rimov deyir, m\u0259hz c\u0259zas\u0131zl\u0131\u011f\u0131n n\u0259tic\u0259sidir ki, 1 ild\u0259n sonra o\u011fru yen\u0259 onun evn\u0259 girm\u0259y\u0259 c\u0259hd edib:\n<\/p>\n<p>\n  \u201cDediyim kimi, birinci o\u011furluq hadis\u0259si \u00f6t\u0259n ilin fevral\u0131nda ba\u015f vermi\u015fdi. O cinay\u0259tin \u00fcst\u00fc a\u00e7\u0131lmam\u0131\u015f, bir ilin tamam\u0131ndan 1 h\u0259ft\u0259 sonra &#8211; bu ilin fevral\u0131n 14-d\u0259 gec\u0259 saatlar\u0131nda evim\u0259 n\u00f6vb\u0259ti d\u0259f\u0259 o\u011fru girm\u0259y\u0259 c\u0259hd el\u0259di. Sad\u0259c\u0259, evd\u0259 oldu\u011fumuza g\u00f6r\u0259 bu c\u0259hdi al\u0131nmad\u0131. Evd\u0259 \u00fc\u00e7 azya\u015fl\u0131 u\u015faq vard\u0131, ikisi \u00f6z\u00fcm\u00fcn, biri qarda\u015f\u0131m\u0131n balas\u0131&#8230; U\u015faqlar m\u00f6hk\u0259m qorxdular, stress ke\u00e7irdil\u0259r. Yen\u0259 D\u0130N 102 xidm\u0259tin\u0259 m\u0259lumat verdim. Evim\u0259 girm\u0259k ist\u0259y\u0259n \u015f\u0259xsin g\u00f6r\u00fcnt\u00fcs\u00fc qap\u0131dak\u0131 kameraya d\u00fc\u015fm\u00fc\u015fd\u00fc. Polisl\u0259r g\u00f6r\u00fcnt\u00fcy\u0259 baxd\u0131lar, h\u0259min \u015f\u0259xsin kimliyini d\u0259 m\u00fc\u0259yy\u0259n etdil\u0259r. H\u0259min \u015f\u0259xsi \u015f\u00f6b\u0259y\u0259 g\u00f6t\u00fcrd\u00fcl\u0259r, m\u0259n\u0259 is\u0259 bildirdil\u0259r ki, n\u0259tic\u0259si bar\u0259d\u0259 m\u0259lumat ver\u0259c\u0259kl\u0259r. \u015e\u00f6b\u0259d\u0259n bir x\u0259b\u0259r \u00e7\u0131xmad\u0131\u011f\u0131n\u0131 g\u00f6r\u0259nd\u0259 \u00f6z\u00fcm gedib maraqland\u0131m, dedil\u0259r, narahat olma, ara\u015fd\u0131rma apar\u0131l\u0131r\u201d.\n<\/p>\n<p>\n  <i><br \/>\n    \u201cR\u0259isin biri 300, o biri 400 manat t\u0259klif el\u0259di\u201d<br \/>\n  <\/i>\n<\/p>\n<p>\n  \u015eikay\u0259t\u00e7i deyir, daha bir ne\u00e7\u0259 g\u00fcn ke\u00e7\u0259nd\u0259n sonra yen\u0259 x\u0259b\u0259r \u00e7\u0131xmad\u0131\u011f\u0131n\u0131 g\u00f6r\u00fcb n\u00f6vb\u0259ti d\u0259f\u0259 polis \u015f\u00f6b\u0259sin\u0259 gedib. Bu d\u0259f\u0259 \u015f\u00f6b\u0259nin cinay\u0259t-axtar\u0131\u015f b\u00f6lm\u0259sinin r\u0259isi il\u0259 g\u00f6r\u00fc\u015f\u00fcb. R\u0259is ona bildirib ki, h\u0259min adam\u0131 ara\u015fd\u0131r\u0131blar, cinay\u0259tl\u0259 \u0259laq\u0259si yoxdur:\n<\/p>\n<p>\n  \u201cCinay\u0259t-axtar\u0131\u015f b\u00f6lm\u0259sinin r\u0259isi m\u0259n\u0259 300 manat t\u0259kif etdi. Soru\u015fdum ki, bu pulu m\u0259n\u0259 niy\u0259 t\u0259klif edir. He\u00e7 n\u0259 dem\u0259di. Onun ota\u011f\u0131ndan \u00e7\u0131x\u0131b t\u0259hqiqat b\u00f6lm\u0259sinin r\u0259isinin yan\u0131na getdim, o da eyni s\u00f6zl\u0259ri dedi, dedi, g\u0259l, s\u0259n\u0259 400 manat ver\u0259k, get&#8230; M\u0259n raz\u0131la\u015fmad\u0131m, dedim, ax\u0131, bu pulu m\u0259n\u0259 niy\u0259 verirsiz ki? G\u00f6rd\u00fc etiraz edir\u0259m, dedi, get, ara\u015fd\u0131rma davam el\u0259yir, bir x\u0259b\u0259r olanda \u00e7a\u011f\u0131rar\u0131q&#8230;\u201d\n<\/p>\n<p>\n  Bu il fevral\u0131n 27-d\u0259 kifay\u0259t q\u0259d\u0259r s\u00fcbut olmad\u0131\u011f\u0131 \u00fc\u00e7\u00fcn fakt \u00fczr\u0259 cinay\u0259t i\u015fi ba\u015flanmas\u0131 r\u0259dd edilib.\n<\/p>\n<p>\n  H\u0259l\u0259 \u00f6t\u0259n ilin fevral\u0131nda ev\u0259 o\u011fru girm\u0259si il\u0259 \u0259laq\u0259dar polisd\u0259ki ara\u015fd\u0131rmadan naraz\u0131 qalan Mahir K\u0259rimov hadis\u0259d\u0259n bir ay sonra Ucar Rayon Prokurorlu\u011funa \u015fikay\u0259t edib. Prokurorluq da v\u0259t\u0259nda\u015fa yaz\u0131b ki, onun m\u00fcraci\u0259ti \u0259sas\u0131nda material \u00f6yr\u0259nil\u0259rk\u0259n polis \u015f\u00f6b\u0259sinin istintaq b\u00f6lm\u0259sind\u0259 tam v\u0259 obyektiv ara\u015fd\u0131rma apar\u0131lmad\u0131\u011f\u0131, z\u0259ruri olan prosessual h\u0259r\u0259k\u0259tl\u0259rin icra olunmad\u0131\u011f\u0131 \u00fcz\u0259 \u00e7\u0131x\u0131b: \u201c&#8230; Cavab m\u0259ktubunda qeyd olunub: \u201c&#8230; Ya\u015fay\u0131\u015f evinizd\u0259n q\u0131z\u0131l-zin\u0259t \u0259\u015fyalar\u0131n\u0131n o\u011furlanmas\u0131 x\u00fcsusat\u0131 \u00fczr\u0259 Ucar RP\u015e-nin \u0130stintaq B\u00f6lm\u0259sind\u0259 ara\u015fd\u0131r\u0131lan yoxlama material\u0131 29.03.2018-ci ild\u0259 icras\u0131 m\u0259cburi g\u00f6st\u0259ri\u015fl\u0259rl\u0259 Ucar RP\u015e-nin \u0130B-n\u0259 qaytar\u0131l\u0131b\u201d.\n<\/p>\n<p>\n  <i><br \/>\n    \u201cNazirin q\u0259buluna getm\u0259y\u0259 imkan verm\u0259dil\u0259r\u201d<br \/>\n  <\/i>\n<\/p>\n<p>\n  Mahir K\u0259rimov prokurorlu\u011fa \u015fikay\u0259t etm\u0259kl\u0259 kifay\u0259tl\u0259nm\u0259yib. \u00d6t\u0259n ilin aprelind\u0259 x\u0259b\u0259r tutub ki, daxili i\u015fl\u0259r naziri Ramil Usubov G\u00f6y\u00e7ayda v\u0259t\u0259nda\u015flar\u0131n q\u0259bulunu ke\u00e7irir. O da polisd\u0259n naraz\u0131l\u0131\u011f\u0131n\u0131 bildirm\u0259k \u00fc\u00e7\u00fcn Ucardan G\u00f6y\u00e7aya getm\u0259k ist\u0259yib. Ancaq Ucar polisi qar\u015f\u0131s\u0131n\u0131 al\u0131b:\n<\/p>\n<figure class=\"wp-block-image size-large\">\n  <img decoding=\"async\" src=\"https:\/\/www.meydan.tv\/az\/image_from_ios-3-jpg-12\/\" alt=\"image_from_ios (3).jpg\" class=\"wp-image-121099\"\/><figcaption>\n    Rayon prokurorlu\u011funun cavab\u0131<br \/>\n  <\/figcaption><\/figure>\n<p>\n  \u201cPolisl\u0259r dedil\u0259r ki, g\u00f6st\u0259ri\u015f var, getm\u0259k olmaz&#8230; Nazirin g\u00f6r\u00fc\u015f\u00fc bit\u0259n\u0259d\u0259k m\u0259ni n\u0259zar\u0259td\u0259 saxlad\u0131lar, rayondan \u00e7\u0131xma\u011fa imkan verm\u0259dil\u0259r\u201d.\n<\/p>\n<p>\n  Mahir K\u0259rimov deyir, evin\u0259 gir\u0259n o\u011frunun tutulmas\u0131n\u0131 ist\u0259yir. Bu, ona \u0259n az\u0131, t\u0259hl\u00fck\u0259nin hardan g\u0259ldiyini bilm\u0259si \u00fc\u00e7\u00fcn laz\u0131md\u0131r:\n<\/p>\n<p>\n  \u201c\u0130ki u\u015faq b\u00f6y\u00fcd\u00fcr\u0259m, onlar\u0131 evd\u0259 qoyub i\u015f\u0259 gedir\u0259m, g\u0259lir\u0259m&#8230; Bilm\u0259liy\u0259m ki, d\u00fc\u015fm\u0259nim kimdir, evim\u0259 gir\u0259n, talan el\u0259y\u0259n kimdir. Bu g\u00fcn c\u0259zas\u0131z qalan sabah ikinci, \u00fc\u00e7\u00fcnc\u00fc, d\u00f6rd\u00fcnc\u00fc d\u0259f\u0259 evim\u0259 gir\u0259c\u0259k. M\u0259nim u\u015faqlar\u0131m, ail\u0259m niy\u0259 qorxu i\u00e7ind\u0259 ya\u015famal\u0131d\u0131r? Polis n\u0259 \u00fc\u00e7\u00fcnd\u00fcr? V\u0259t\u0259nda\u015f\u0131n t\u0259hl\u00fck\u0259sizliyini, arxay\u0131n ya\u015famas\u0131n\u0131 t\u0259min etm\u0259k \u00fc\u00e7\u00fcn&#8230; O\u011frunu polis tutmayacaqsa, kim tutacaq? M\u0259n \u00f6z\u00fcm tutub c\u0259zaland\u0131rmal\u0131 deyil\u0259m ki&#8230; Polis \u00f6z v\u0259zif\u0259sini icra etm\u0259lidir, m\u0259n d\u0259 arxay\u0131n olum ki, ail\u0259m t\u0259hl\u00fck\u0259d\u0259n qurtard\u0131\u201d.\n<\/p>\n<p>\n  Ucar Rayon Polis \u015e\u00f6b\u0259sind\u0259n bildirilib ki, Mahir K\u0259rimovun \u00f6t\u0259n il m\u0259nzilind\u0259 ba\u015f vermi\u015f o\u011furluq fakt\u0131na g\u00f6r\u0259 ara\u015fd\u0131rmalar davam edir. Onun istintaqa bildirdiyi \u015f\u00fcbh\u0259l\u0259ri ara\u015fd\u0131r\u0131l\u0131b, s\u00fcbuta yetirilm\u0259yib. Bu ilin fevral\u0131nda ya\u015fad\u0131\u011f\u0131 m\u0259nzil\u0259 o\u011fru girm\u0259si c\u0259hdi il\u0259 ba\u011fl\u0131 m\u00fcraci\u0259ti d\u0259 yoxlan\u0131l\u0131b v\u0259 s\u00fcbuta yetirilm\u0259yib. \u018fnv\u0259r adl\u0131 rayon sakini polis \u015f\u00f6b\u0259sin\u0259 g\u0259tirilib dindirils\u0259 d\u0259, o\u011furlu\u011fa c\u0259hdl\u0259 \u0259laq\u0259si \u00fcz\u0259 \u00e7\u0131xmay\u0131b. Polisd\u0259n v\u0259t\u0259nda\u015fa pul t\u0259klif olunmas\u0131yla ba\u011fl\u0131 deyil\u0259nl\u0259r d\u0259 t\u0259kzib edilib.<\/p>\n","protected":false},"excerpt":{"rendered":"<p>Nazirin g\u00f6r\u00fc\u015f\u00fc bit\u0259n\u0259d\u0259k m\u0259ni n\u0259zar\u0259td\u0259 saxlad\u0131lar, rayondan \u00e7\u0131xma\u011fa imkan verm\u0259dil\u0259r<\/p>\n","protected":false},"author":11,"featured_media":121090,"comment_status":"closed","ping_status":"open","sticky":false,"template":"","format":"standard","meta":{"_acf_changed":false,"_sitemap_exclude":false,"_sitemap_priority":"","_sitemap_frequency":"","footnotes":""},"categories":[60],"tags":[],"class_list":["post-194711","post","type-post","status-publish","format-standard","has-post-thumbnail","hentry","category-bolge","infinite-scroll-item","generate-columns","tablet-grid-50","mobile-grid-100","grid-parent","grid-33","no-featured-image-padding"],"acf":[],"yoast_head":"<!-- This site is optimized with the Yoast SEO plugin v27.4 - https:\/\/yoast.com\/product\/yoast-seo-wordpress\/ -->\n<title>&#039;&#039;O\u011frunun tutulmas\u0131n\u0131 t\u0259l\u0259b edir\u0259m, polis deyir, g\u0259l, s\u0259n\u0259 pul verim&#039;&#039; - MEYDAN.TV<\/title>\n<meta name=\"robots\" content=\"index, follow, max-snippet:-1, max-image-preview:large, max-video-preview:-1\" \/>\n<link rel=\"canonical\" href=\"https:\/\/www.meydan.tv\/az\/article\/ogrunun-tutulmasini-teleb-edirem-polis-deyir-gel-sene-pul-verim\/\" \/>\n<meta property=\"og:locale\" content=\"az_AZ\" \/>\n<meta property=\"og:type\" content=\"article\" \/>\n<meta property=\"og:title\" content=\"&#039;&#039;O\u011frunun tutulmas\u0131n\u0131 t\u0259l\u0259b edir\u0259m, polis deyir, g\u0259l, s\u0259n\u0259 pul verim&#039;&#039; - MEYDAN.TV\" \/>\n<meta property=\"og:description\" content=\"Nazirin g\u00f6r\u00fc\u015f\u00fc bit\u0259n\u0259d\u0259k m\u0259ni n\u0259zar\u0259td\u0259 saxlad\u0131lar, rayondan \u00e7\u0131xma\u011fa imkan verm\u0259dil\u0259r\" \/>\n<meta property=\"og:url\" content=\"https:\/\/www.meydan.tv\/az\/article\/ogrunun-tutulmasini-teleb-edirem-polis-deyir-gel-sene-pul-verim\/\" \/>\n<meta property=\"og:site_name\" content=\"MEYDAN.TV\" \/>\n<meta property=\"article:published_time\" content=\"2019-03-30T20:49:17+00:00\" \/>\n<meta property=\"og:image\" content=\"https:\/\/www.meydan.tv\/wp-content\/uploads\/image_from_ios_2_m8dfuux.jpg\" \/>\n\t<meta property=\"og:image:width\" content=\"1280\" \/>\n\t<meta property=\"og:image:height\" content=\"960\" \/>\n\t<meta property=\"og:image:type\" content=\"image\/jpeg\" \/>\n<meta name=\"author\" content=\"user-manager\" \/>\n<meta name=\"twitter:card\" content=\"summary_large_image\" \/>\n<script type=\"application\/ld+json\" class=\"yoast-schema-graph\">{\"@context\":\"https:\\\/\\\/schema.org\",\"@graph\":[{\"@type\":\"Article\",\"@id\":\"https:\\\/\\\/www.meydan.tv\\\/az\\\/article\\\/ogrunun-tutulmasini-teleb-edirem-polis-deyir-gel-sene-pul-verim\\\/#article\",\"isPartOf\":{\"@id\":\"https:\\\/\\\/www.meydan.tv\\\/az\\\/article\\\/ogrunun-tutulmasini-teleb-edirem-polis-deyir-gel-sene-pul-verim\\\/\"},\"author\":{\"name\":\"user-manager\",\"@id\":\"https:\\\/\\\/www.meydan.tv\\\/az\\\/#\\\/schema\\\/person\\\/10d11eccf6da3662cf5fdab9806ea91a\"},\"headline\":\"&#8221;O\u011frunun tutulmas\u0131n\u0131 t\u0259l\u0259b edir\u0259m, polis deyir, g\u0259l, s\u0259n\u0259 pul verim&#8221;\",\"datePublished\":\"2019-03-30T20:49:17+00:00\",\"mainEntityOfPage\":{\"@id\":\"https:\\\/\\\/www.meydan.tv\\\/az\\\/article\\\/ogrunun-tutulmasini-teleb-edirem-polis-deyir-gel-sene-pul-verim\\\/\"},\"wordCount\":1306,\"publisher\":{\"@id\":\"https:\\\/\\\/www.meydan.tv\\\/az\\\/#organization\"},\"image\":{\"@id\":\"https:\\\/\\\/www.meydan.tv\\\/az\\\/article\\\/ogrunun-tutulmasini-teleb-edirem-polis-deyir-gel-sene-pul-verim\\\/#primaryimage\"},\"thumbnailUrl\":\"https:\\\/\\\/www.meydan.tv\\\/wp-content\\\/uploads\\\/image_from_ios_2_m8dfuux.jpg\",\"articleSection\":[\"B\u00f6lg\u0259\"],\"inLanguage\":\"az\"},{\"@type\":\"WebPage\",\"@id\":\"https:\\\/\\\/www.meydan.tv\\\/az\\\/article\\\/ogrunun-tutulmasini-teleb-edirem-polis-deyir-gel-sene-pul-verim\\\/\",\"url\":\"https:\\\/\\\/www.meydan.tv\\\/az\\\/article\\\/ogrunun-tutulmasini-teleb-edirem-polis-deyir-gel-sene-pul-verim\\\/\",\"name\":\"''O\u011frunun tutulmas\u0131n\u0131 t\u0259l\u0259b edir\u0259m, polis deyir, g\u0259l, s\u0259n\u0259 pul verim'' - MEYDAN.TV\",\"isPartOf\":{\"@id\":\"https:\\\/\\\/www.meydan.tv\\\/az\\\/#website\"},\"primaryImageOfPage\":{\"@id\":\"https:\\\/\\\/www.meydan.tv\\\/az\\\/article\\\/ogrunun-tutulmasini-teleb-edirem-polis-deyir-gel-sene-pul-verim\\\/#primaryimage\"},\"image\":{\"@id\":\"https:\\\/\\\/www.meydan.tv\\\/az\\\/article\\\/ogrunun-tutulmasini-teleb-edirem-polis-deyir-gel-sene-pul-verim\\\/#primaryimage\"},\"thumbnailUrl\":\"https:\\\/\\\/www.meydan.tv\\\/wp-content\\\/uploads\\\/image_from_ios_2_m8dfuux.jpg\",\"datePublished\":\"2019-03-30T20:49:17+00:00\",\"breadcrumb\":{\"@id\":\"https:\\\/\\\/www.meydan.tv\\\/az\\\/article\\\/ogrunun-tutulmasini-teleb-edirem-polis-deyir-gel-sene-pul-verim\\\/#breadcrumb\"},\"inLanguage\":\"az\",\"potentialAction\":[{\"@type\":\"ReadAction\",\"target\":[\"https:\\\/\\\/www.meydan.tv\\\/az\\\/article\\\/ogrunun-tutulmasini-teleb-edirem-polis-deyir-gel-sene-pul-verim\\\/\"]}]},{\"@type\":\"ImageObject\",\"inLanguage\":\"az\",\"@id\":\"https:\\\/\\\/www.meydan.tv\\\/az\\\/article\\\/ogrunun-tutulmasini-teleb-edirem-polis-deyir-gel-sene-pul-verim\\\/#primaryimage\",\"url\":\"https:\\\/\\\/www.meydan.tv\\\/wp-content\\\/uploads\\\/image_from_ios_2_m8dfuux.jpg\",\"contentUrl\":\"https:\\\/\\\/www.meydan.tv\\\/wp-content\\\/uploads\\\/image_from_ios_2_m8dfuux.jpg\",\"width\":1280,\"height\":960,\"caption\":\"Source: meydan.tv\"},{\"@type\":\"BreadcrumbList\",\"@id\":\"https:\\\/\\\/www.meydan.tv\\\/az\\\/article\\\/ogrunun-tutulmasini-teleb-edirem-polis-deyir-gel-sene-pul-verim\\\/#breadcrumb\",\"itemListElement\":[{\"@type\":\"ListItem\",\"position\":1,\"name\":\"Ana s\u0259hif\u0259\",\"item\":\"https:\\\/\\\/www.meydan.tv\\\/az\\\/\"},{\"@type\":\"ListItem\",\"position\":2,\"name\":\"B\u00f6lg\u0259\",\"item\":\"https:\\\/\\\/www.meydan.tv\\\/az\\\/section\\\/bolge\\\/\"},{\"@type\":\"ListItem\",\"position\":3,\"name\":\"&#8221;O\u011frunun tutulmas\u0131n\u0131 t\u0259l\u0259b edir\u0259m, polis deyir, g\u0259l, s\u0259n\u0259 pul verim&#8221;\"}]},{\"@type\":\"WebSite\",\"@id\":\"https:\\\/\\\/www.meydan.tv\\\/az\\\/#website\",\"url\":\"https:\\\/\\\/www.meydan.tv\\\/az\\\/\",\"name\":\"MEYDAN.TV\",\"description\":\"Meydan TV Az\u0259rbaycan\u0131n media m\u0259kan\u0131ndak\u0131 alternativ s\u0259sidir\",\"publisher\":{\"@id\":\"https:\\\/\\\/www.meydan.tv\\\/az\\\/#organization\"},\"potentialAction\":[{\"@type\":\"SearchAction\",\"target\":{\"@type\":\"EntryPoint\",\"urlTemplate\":\"https:\\\/\\\/www.meydan.tv\\\/az\\\/?s={search_term_string}\"},\"query-input\":{\"@type\":\"PropertyValueSpecification\",\"valueRequired\":true,\"valueName\":\"search_term_string\"}}],\"inLanguage\":\"az\"},{\"@type\":\"Organization\",\"@id\":\"https:\\\/\\\/www.meydan.tv\\\/az\\\/#organization\",\"name\":\"Meydan TV\",\"url\":\"https:\\\/\\\/www.meydan.tv\\\/az\\\/\",\"logo\":{\"@type\":\"ImageObject\",\"inLanguage\":\"az\",\"@id\":\"https:\\\/\\\/www.meydan.tv\\\/az\\\/#\\\/schema\\\/logo\\\/image\\\/\",\"url\":\"https:\\\/\\\/www.meydan.tv\\\/wp-content\\\/uploads\\\/2021\\\/07\\\/meydan-logo.svg\",\"contentUrl\":\"https:\\\/\\\/www.meydan.tv\\\/wp-content\\\/uploads\\\/2021\\\/07\\\/meydan-logo.svg\",\"width\":195,\"height\":46,\"caption\":\"Meydan TV\"},\"image\":{\"@id\":\"https:\\\/\\\/www.meydan.tv\\\/az\\\/#\\\/schema\\\/logo\\\/image\\\/\"}},{\"@type\":\"Person\",\"@id\":\"https:\\\/\\\/www.meydan.tv\\\/az\\\/#\\\/schema\\\/person\\\/10d11eccf6da3662cf5fdab9806ea91a\",\"name\":\"user-manager\"}]}<\/script>\n<!-- \/ Yoast SEO plugin. -->","yoast_head_json":{"title":"''O\u011frunun tutulmas\u0131n\u0131 t\u0259l\u0259b edir\u0259m, polis deyir, g\u0259l, s\u0259n\u0259 pul verim'' - MEYDAN.TV","robots":{"index":"index","follow":"follow","max-snippet":"max-snippet:-1","max-image-preview":"max-image-preview:large","max-video-preview":"max-video-preview:-1"},"canonical":"https:\/\/www.meydan.tv\/az\/article\/ogrunun-tutulmasini-teleb-edirem-polis-deyir-gel-sene-pul-verim\/","og_locale":"az_AZ","og_type":"article","og_title":"''O\u011frunun tutulmas\u0131n\u0131 t\u0259l\u0259b edir\u0259m, polis deyir, g\u0259l, s\u0259n\u0259 pul verim'' - MEYDAN.TV","og_description":"Nazirin g\u00f6r\u00fc\u015f\u00fc bit\u0259n\u0259d\u0259k m\u0259ni n\u0259zar\u0259td\u0259 saxlad\u0131lar, rayondan \u00e7\u0131xma\u011fa imkan verm\u0259dil\u0259r","og_url":"https:\/\/www.meydan.tv\/az\/article\/ogrunun-tutulmasini-teleb-edirem-polis-deyir-gel-sene-pul-verim\/","og_site_name":"MEYDAN.TV","article_published_time":"2019-03-30T20:49:17+00:00","og_image":[{"width":1280,"height":960,"url":"https:\/\/www.meydan.tv\/wp-content\/uploads\/image_from_ios_2_m8dfuux.jpg","type":"image\/jpeg"}],"author":"user-manager","twitter_card":"summary_large_image","schema":{"@context":"https:\/\/schema.org","@graph":[{"@type":"Article","@id":"https:\/\/www.meydan.tv\/az\/article\/ogrunun-tutulmasini-teleb-edirem-polis-deyir-gel-sene-pul-verim\/#article","isPartOf":{"@id":"https:\/\/www.meydan.tv\/az\/article\/ogrunun-tutulmasini-teleb-edirem-polis-deyir-gel-sene-pul-verim\/"},"author":{"name":"user-manager","@id":"https:\/\/www.meydan.tv\/az\/#\/schema\/person\/10d11eccf6da3662cf5fdab9806ea91a"},"headline":"&#8221;O\u011frunun tutulmas\u0131n\u0131 t\u0259l\u0259b edir\u0259m, polis deyir, g\u0259l, s\u0259n\u0259 pul verim&#8221;","datePublished":"2019-03-30T20:49:17+00:00","mainEntityOfPage":{"@id":"https:\/\/www.meydan.tv\/az\/article\/ogrunun-tutulmasini-teleb-edirem-polis-deyir-gel-sene-pul-verim\/"},"wordCount":1306,"publisher":{"@id":"https:\/\/www.meydan.tv\/az\/#organization"},"image":{"@id":"https:\/\/www.meydan.tv\/az\/article\/ogrunun-tutulmasini-teleb-edirem-polis-deyir-gel-sene-pul-verim\/#primaryimage"},"thumbnailUrl":"https:\/\/www.meydan.tv\/wp-content\/uploads\/image_from_ios_2_m8dfuux.jpg","articleSection":["B\u00f6lg\u0259"],"inLanguage":"az"},{"@type":"WebPage","@id":"https:\/\/www.meydan.tv\/az\/article\/ogrunun-tutulmasini-teleb-edirem-polis-deyir-gel-sene-pul-verim\/","url":"https:\/\/www.meydan.tv\/az\/article\/ogrunun-tutulmasini-teleb-edirem-polis-deyir-gel-sene-pul-verim\/","name":"''O\u011frunun tutulmas\u0131n\u0131 t\u0259l\u0259b edir\u0259m, polis deyir, g\u0259l, s\u0259n\u0259 pul verim'' - MEYDAN.TV","isPartOf":{"@id":"https:\/\/www.meydan.tv\/az\/#website"},"primaryImageOfPage":{"@id":"https:\/\/www.meydan.tv\/az\/article\/ogrunun-tutulmasini-teleb-edirem-polis-deyir-gel-sene-pul-verim\/#primaryimage"},"image":{"@id":"https:\/\/www.meydan.tv\/az\/article\/ogrunun-tutulmasini-teleb-edirem-polis-deyir-gel-sene-pul-verim\/#primaryimage"},"thumbnailUrl":"https:\/\/www.meydan.tv\/wp-content\/uploads\/image_from_ios_2_m8dfuux.jpg","datePublished":"2019-03-30T20:49:17+00:00","breadcrumb":{"@id":"https:\/\/www.meydan.tv\/az\/article\/ogrunun-tutulmasini-teleb-edirem-polis-deyir-gel-sene-pul-verim\/#breadcrumb"},"inLanguage":"az","potentialAction":[{"@type":"ReadAction","target":["https:\/\/www.meydan.tv\/az\/article\/ogrunun-tutulmasini-teleb-edirem-polis-deyir-gel-sene-pul-verim\/"]}]},{"@type":"ImageObject","inLanguage":"az","@id":"https:\/\/www.meydan.tv\/az\/article\/ogrunun-tutulmasini-teleb-edirem-polis-deyir-gel-sene-pul-verim\/#primaryimage","url":"https:\/\/www.meydan.tv\/wp-content\/uploads\/image_from_ios_2_m8dfuux.jpg","contentUrl":"https:\/\/www.meydan.tv\/wp-content\/uploads\/image_from_ios_2_m8dfuux.jpg","width":1280,"height":960,"caption":"Source: meydan.tv"},{"@type":"BreadcrumbList","@id":"https:\/\/www.meydan.tv\/az\/article\/ogrunun-tutulmasini-teleb-edirem-polis-deyir-gel-sene-pul-verim\/#breadcrumb","itemListElement":[{"@type":"ListItem","position":1,"name":"Ana s\u0259hif\u0259","item":"https:\/\/www.meydan.tv\/az\/"},{"@type":"ListItem","position":2,"name":"B\u00f6lg\u0259","item":"https:\/\/www.meydan.tv\/az\/section\/bolge\/"},{"@type":"ListItem","position":3,"name":"&#8221;O\u011frunun tutulmas\u0131n\u0131 t\u0259l\u0259b edir\u0259m, polis deyir, g\u0259l, s\u0259n\u0259 pul verim&#8221;"}]},{"@type":"WebSite","@id":"https:\/\/www.meydan.tv\/az\/#website","url":"https:\/\/www.meydan.tv\/az\/","name":"MEYDAN.TV","description":"Meydan TV Az\u0259rbaycan\u0131n media m\u0259kan\u0131ndak\u0131 alternativ s\u0259sidir","publisher":{"@id":"https:\/\/www.meydan.tv\/az\/#organization"},"potentialAction":[{"@type":"SearchAction","target":{"@type":"EntryPoint","urlTemplate":"https:\/\/www.meydan.tv\/az\/?s={search_term_string}"},"query-input":{"@type":"PropertyValueSpecification","valueRequired":true,"valueName":"search_term_string"}}],"inLanguage":"az"},{"@type":"Organization","@id":"https:\/\/www.meydan.tv\/az\/#organization","name":"Meydan TV","url":"https:\/\/www.meydan.tv\/az\/","logo":{"@type":"ImageObject","inLanguage":"az","@id":"https:\/\/www.meydan.tv\/az\/#\/schema\/logo\/image\/","url":"https:\/\/www.meydan.tv\/wp-content\/uploads\/2021\/07\/meydan-logo.svg","contentUrl":"https:\/\/www.meydan.tv\/wp-content\/uploads\/2021\/07\/meydan-logo.svg","width":195,"height":46,"caption":"Meydan TV"},"image":{"@id":"https:\/\/www.meydan.tv\/az\/#\/schema\/logo\/image\/"}},{"@type":"Person","@id":"https:\/\/www.meydan.tv\/az\/#\/schema\/person\/10d11eccf6da3662cf5fdab9806ea91a","name":"user-manager"}]}},"_links":{"self":[{"href":"https:\/\/www.meydan.tv\/az\/wp-json\/wp\/v2\/posts\/194711","targetHints":{"allow":["GET"]}}],"collection":[{"href":"https:\/\/www.meydan.tv\/az\/wp-json\/wp\/v2\/posts"}],"about":[{"href":"https:\/\/www.meydan.tv\/az\/wp-json\/wp\/v2\/types\/post"}],"author":[{"embeddable":true,"href":"https:\/\/www.meydan.tv\/az\/wp-json\/wp\/v2\/users\/11"}],"replies":[{"embeddable":true,"href":"https:\/\/www.meydan.tv\/az\/wp-json\/wp\/v2\/comments?post=194711"}],"version-history":[{"count":0,"href":"https:\/\/www.meydan.tv\/az\/wp-json\/wp\/v2\/posts\/194711\/revisions"}],"wp:featuredmedia":[{"embeddable":true,"href":"https:\/\/www.meydan.tv\/az\/wp-json\/wp\/v2\/media\/121090"}],"wp:attachment":[{"href":"https:\/\/www.meydan.tv\/az\/wp-json\/wp\/v2\/media?parent=194711"}],"wp:term":[{"taxonomy":"category","embeddable":true,"href":"https:\/\/www.meydan.tv\/az\/wp-json\/wp\/v2\/categories?post=194711"},{"taxonomy":"post_tag","embeddable":true,"href":"https:\/\/www.meydan.tv\/az\/wp-json\/wp\/v2\/tags?post=194711"}],"curies":[{"name":"wp","href":"https:\/\/api.w.org\/{rel}","templated":true}]}}