{"id":194688,"date":"2019-03-29T12:52:52","date_gmt":"2019-03-29T12:52:52","guid":{"rendered":"https:\/\/www.meydan.tv\/article\/reis-dedi-yazmasa-aparin-tualetde-basini-murdarlayin\/"},"modified":"2019-03-29T12:52:52","modified_gmt":"2019-03-29T12:52:52","slug":"reis-dedi-yazmasa-aparin-tualetde-basini-murdarlayin","status":"publish","type":"post","link":"https:\/\/www.meydan.tv\/az\/article\/reis-dedi-yazmasa-aparin-tualetde-basini-murdarlayin\/","title":{"rendered":"&#8221;R\u0259is dedi, yazmasa, apar\u0131n, tualetd\u0259 ba\u015f\u0131n\u0131 murdarlay\u0131n&#8221;"},"content":{"rendered":"<p>\n  <i><br \/>\n    Quba sakini Meydan TV-y\u0259 polis i\u015fg\u0259nc\u0259sind\u0259n dan\u0131\u015f\u0131b<br \/>\n  <\/i>\n<\/p>\n<p>\n  \u201cSaxlad\u0131qlar\u0131 otaqda q\u0131\u015fq\u0131r\u0131rd\u0131m ki, buran\u0131n bir sahibi var, ya yox? Biri g\u0259lsin, desin, m\u0259ni bura niy\u0259 g\u0259tirmisiz. N\u0259 cinay\u0259tim, n\u0259 g\u00fcnah\u0131m var? S\u0259sim\u0259 \u015f\u00f6b\u0259nin r\u0259isi \u00f6z\u00fc a\u015fa\u011f\u0131 d\u00fc\u015fd\u00fc, i\u015f\u00e7il\u0259rin\u0259 tap\u015f\u0131r\u0131q verdi, m\u0259ni onun ota\u011f\u0131na apard\u0131lar, sonra l\u00fct soyundurdular. R\u0259is, h\u0259min \u015f\u00f6b\u0259d\u0259 i\u015fl\u0259y\u0259n bac\u0131s\u0131 o\u011flu v\u0259 dig\u0259r i\u015f\u00e7il\u0259r \u2013 h\u0259r\u0259si bir t\u0259r\u0259fd\u0259n amans\u0131zcas\u0131na d\u00f6yd\u00fc m\u0259ni&#8230;.\u201d\n<\/p>\n<p>\n  Quba sakini R\u0259\u015fid M\u0259mm\u0259dov Meydan TV-y\u0259 dan\u0131\u015f\u0131r ki, \u00f6t\u0259n ilin noyabr\u0131nda rayon polis \u015f\u00f6b\u0259sind\u0259 i\u015fg\u0259nc\u0259l\u0259r\u0259 m\u0259ruz qald\u0131qdan sonra polis\u0259 m\u00fcqavim\u0259t ittiham\u0131 il\u0259 10 g\u00fcnl\u00fck inzibati h\u0259bs c\u0259zas\u0131na m\u0259hkum edilib. R\u0259\u015fid M\u0259mm\u0259dovun s\u00f6zl\u0259rin\u0259 g\u00f6r\u0259, onu noyabr\u0131n 15-d\u0259 G\u00fcrc\u00fcstandan qay\u0131dark\u0259n &quot;S\u0131n\u0131q k\u00f6rp\u00fc&quot; g\u00f6mr\u00fck -s\u0259rh\u0259d ke\u00e7id m\u0259nt\u0259q\u0259sind\u0259 saxlay\u0131blar:\n<\/p>\n<p>\n  <b><br \/>\n    <i><br \/>\n      \u201cBa\u015f\u0131m\u0131 \u0259yib stola \u00e7\u0131rpd\u0131, aln\u0131mdan qan a\u00e7\u0131ld\u0131\u201d<br \/>\n    <\/i><br \/>\n  <\/b>\n<\/p>\n<p>\n  \u201cMa\u015f\u0131n alveriyl\u0259 m\u0259\u015f\u011ful olub ail\u0259mi doland\u0131r\u0131ram. Noyabr\u0131n 5-d\u0259 G\u00fcrc\u00fcstana ma\u015f\u0131n hiss\u0259l\u0259ri almaq \u00fc\u00e7\u00fcn getmi\u015fdim. Geri qaydanda Qazaxda &#8211; S\u0131n\u0131q k\u00f6rp\u00fc g\u00f6mr\u00fck-s\u0259rh\u0259d ke\u00e7id m\u0259nt\u0259q\u0259sind\u0259 saxlan\u0131ld\u0131m. Bildirdil\u0259r ki, \u201cstop\u201dum var. Qazax Rayon Polis \u015e\u00f6b\u0259sin\u0259 apard\u0131lar. Dedil\u0259r, s\u0259h\u0259r Quba polisin\u0259 t\u0259hvil veril\u0259c\u0259ks\u0259n. Noyabr\u0131n 16-da Quba Rayon Polis \u015e\u00f6b\u0259sinin \u0259m\u0259liyyat\u00e7\u0131lar\u0131 g\u0259ldi, m\u0259ni t\u0259hvil al\u0131b Qubaya g\u00f6t\u00fcrd\u00fcl\u0259r. Qollar\u0131m\u0131 qandallam\u0131\u015fd\u0131lar, n\u0259 ba\u015f verdiyini soru\u015fanda dedil\u0259r, bilmirik, biz\u0259 s\u0259ni Qubaya g\u00f6t\u00fcrm\u0259k \u0259mri verilib, s\u0259b\u0259bi orda \u00f6yr\u0259n\u0259rs\u0259n&#8230; Ax\u015fama kimi orada saxlan\u0131ld\u0131m, t\u0259l\u0259b edirdim ki, ail\u0259m\u0259 m\u0259lumat verilsin, ail\u0259m 1 sutkad\u0131r m\u0259nd\u0259n x\u0259b\u0259r tuta bilmir, x\u0259st\u0259 valideynl\u0259rim narahatd\u0131r. M\u0259n q\u0131\u015fq\u0131r\u0131b t\u0259l\u0259bl\u0259rimi s\u0259sl\u0259ndir\u0259nd\u0259 r\u0259is m\u00fcavini B\u0259hruz B\u0259d\u0259lov g\u0259ldi. Qollar\u0131m qandall\u0131 ola-ola ba\u015f\u0131m\u0131 \u0259yib stola \u00e7\u0131rpd\u0131, \u201cs\u0259sini a\u015fa\u011f\u0131 sal\u201d dedi. Aln\u0131mdan qan a\u00e7\u0131ld\u0131, apard\u0131lar, ayaqyoluda qan\u0131m\u0131 yudum\u201d.\n<\/p>\n<p>\n  <b><br \/>\n    <i><br \/>\n      \u201cS\u00fcr\u00fcy\u00fcb tualet\u0259 apard\u0131lar, qan\u0131m\u0131 yudum\u201d<br \/>\n    <\/i><br \/>\n  <\/b>\n<\/p>\n<p>\n  R\u0259\u015fid M\u0259mm\u0259dovun s\u00f6zl\u0259rin\u0259 g\u00f6r\u0259, n\u00f6vb\u0259ti g\u00fcn \u2013 noyabr\u0131n 17-d\u0259 g\u00fcnortayad\u0259k n\u00f6vb\u0259t\u00e7i hiss\u0259nin arxas\u0131ndak\u0131 kamerada saxlan\u0131l\u0131b:\n<\/p>\n<p>\n  \u201cN\u0259 yem\u0259k, n\u0259 su verirdil\u0259r. Qollar\u0131m qandall\u0131 v\u0259ziyy\u0259td\u0259 saxlay\u0131rd\u0131lar. Kamerada yan\u0131mda bir polis i\u015f\u00e7isi otururdu, s\u0259simi qald\u0131ran kimi t\u0259piyinin alt\u0131na sal\u0131rd\u0131. G\u00fcnorta yen\u0259 q\u0131\u015fq\u0131rd\u0131m ki, evim\u0259 x\u0259b\u0259r verin, ail\u0259m narahatd\u0131r, biri m\u0259n\u0259 desin ki, m\u0259n niy\u0259 burdayam. \u0130ctimai t\u0259hl\u00fck\u0259sizlik b\u00f6lm\u0259sinin r\u0259isi R\u00fcst\u0259m R\u00fcst\u0259mov kameraya girdi, m\u0259ni yer\u0259 y\u0131x\u0131b t\u0259pikl\u0259di. M\u0259n daha da m\u00f6hk\u0259m q\u0131\u015fq\u0131rma\u011fa ba\u015flad\u0131m. Bir d\u0259 baxd\u0131m ki, \u015f\u00f6b\u0259nin r\u0259isi S\u00fcleyman Nem\u0259tov ba\u015f\u0131m\u0131n \u00fcst\u00fcnd\u0259 dayan\u0131b. \u018fm\u0259liyyat\u00e7\u0131lara tap\u015f\u0131rd\u0131 ki, \u201cbunu m\u0259nim ota\u011f\u0131ma g\u0259tirin\u201d. M\u00fclki geyimd\u0259 olan iki \u0259m\u0259liyyat\u00e7\u0131 m\u0259ni r\u0259isin ota\u011f\u0131na qald\u0131rd\u0131. M\u0259ni l\u00fct soyundurdular, sonra R\u00fcst\u0259m R\u00fcst\u0259mov, \u015f\u00f6b\u0259nin r\u0259is m\u00fcavini B\u0259hruz B\u0259d\u0259lov, r\u0259is S\u00fcleyman Nem\u0259tov v\u0259 onun bac\u0131s\u0131 o\u011flu, \u015f\u00f6b\u0259d\u0259 t\u0259hqiqat \u015f\u00f6b\u0259sinin H\u00fcseyn adl\u0131 r\u0259isi birl\u0259\u015fib d\u00f6yd\u00fcl\u0259r. Daha sonra R\u00fcst\u0259m R\u00fcst\u0259movdan ba\u015fqa ham\u0131 otaqdan \u00e7\u0131xd\u0131, otaqdan \u00e7\u0131xark\u0259n r\u0259is R\u00fcst\u0259m R\u00fcst\u0259mova dedi ki, \u0259g\u0259r g\u00f6rs\u0259n dediyini yazmaq ist\u0259mir, \u00e7ox \u0259ziyy\u0259t \u00e7\u0259km\u0259, x\u0259b\u0259r el\u0259, apars\u0131nlar, tualetd\u0259 ba\u015f\u0131n\u0131 murdarlas\u0131nlar, onda tez yazar&#8230; Qula\u011f\u0131mdan, a\u011fz\u0131mdan, aln\u0131mdan qan a\u00e7\u0131lm\u0131\u015fd\u0131. B\u00fct\u00fcn b\u0259d\u0259nim a\u011fr\u0131y\u0131rd\u0131. R\u00fcst\u0259m R\u00fcst\u0259mov qar\u015f\u0131ma q\u0259l\u0259m, ka\u011f\u0131z qoydu, dedi, bir \u00fczrxahl\u0131q yaz, i\u015f bitsin, s\u0259n d\u0259 \u00e7\u0131x get evin\u0259&#8230; Yaz ki, \u015f\u00f6b\u0259d\u0259 polisl\u0259ri t\u0259hqir etdiyim\u0259, \u00f6z\u00fcm\u00fc divarlara \u00e7\u0131rp\u0131b \u00f6z b\u0259d\u0259nim\u0259 x\u0259sar\u0259t yetirdiyim\u0259 g\u00f6r\u0259 polis \u0259m\u0259kda\u015flar\u0131ndan \u00fczr ist\u0259yir\u0259m. M\u0259n etiraz el\u0259dim, dedi, \u00f6z\u00fcn bil\u0259rs\u0259n, g\u00f6rd\u00fcn ki, r\u0259is n\u0259 tap\u015f\u0131rd\u0131, yazmasan, tualet\u0259 apar\u0131b ba\u015f\u0131na oyun g\u0259tir\u0259c\u0259kl\u0259r. Baxd\u0131m ki, bunlardan h\u0259r \u015fey g\u00f6zl\u0259m\u0259k olar, m\u0259cbur olub ist\u0259dikl\u0259rini yazd\u0131m. Guya \u015f\u00f6b\u0259y\u0259 g\u0259l\u0259nd\u0259 polisl\u0259ri s\u00f6y\u00fcb t\u0259hqir el\u0259mi\u015f\u0259m, divara \u00e7\u0131rp\u0131l\u0131b \u00f6z\u00fcm\u0259 x\u0259sar\u0259t yetirmi\u015f\u0259m v\u0259 b\u00fct\u00fcn bunlara g\u00f6r\u0259 polis \u0259m\u0259kda\u015flar\u0131ndan \u00fczr ist\u0259yir\u0259m&#8230; Bunu yazandan sonra paltarlar\u0131m\u0131 geyindim, getdim, aya\u011f\u0131ma dubinkayla vurmu\u015fdular dey\u0259, g\u0259z\u0259 bilmirdim, s\u00fcr\u00fcy\u00fcb apard\u0131lar, tualetd\u0259 \u0259l-\u00fcz\u00fcm\u00fcn qan\u0131n\u0131 yudum. Apar\u0131b t\u0259z\u0259d\u0259n birinci m\u0259rt\u0259b\u0259d\u0259ki kameraya sald\u0131lar\u201d.\n<\/p>\n<p>\n  <b><br \/>\n    <i><br \/>\n      \u201c102 xidm\u0259ti ail\u0259mi aldad\u0131b\u201d<br \/>\n    <\/i><br \/>\n  <\/b>\n<\/p>\n<p>\n  R\u0259\u015fid M\u0259mm\u0259dov deyir, h\u0259l\u0259 Qazaxda polisl\u0259r t\u0259r\u0259find\u0259n saxlan\u0131laraq \u015f\u00f6b\u0259y\u0259 apar\u0131lmas\u0131n\u0131n \u015fahidi olan bir tan\u0131\u015f onun ail\u0259sin\u0259 m\u0259lumat verib. Ail\u0259 \u00fczvl\u0259ri onu \u0259vv\u0259l Qazax polisind\u0259 axtar\u0131b, daha sonra D\u0130N-in 102 xidm\u0259tin\u0259 z\u0259ng vurublar:\n<\/p>\n<figure class=\"wp-block-image size-large\">\n  <img decoding=\"async\" src=\"https:\/\/www.meydan.tv\/az\/arayis-jpg\/\" alt=\"arayis.jpg\" class=\"wp-image-120988\"\/><figcaption>\n    aray\u0131\u015f<br \/>\n  <\/figcaption><\/figure>\n<p>\n  \u201cAil\u0259mi aldad\u0131blar ki, guya m\u0259n Quba polisin\u0259 g\u0259tiril\u0259nd\u0259n bir ne\u00e7\u0259 saat sonra s\u0259rb\u0259st burax\u0131lm\u0131\u015fam. Ail\u0259m d\u0259 m\u0259ni ba\u015fqa istiqam\u0259tl\u0259rd\u0259 axtarma\u011fa ba\u015flay\u0131b. Sonra t\u0259sad\u00fcf\u0259n x\u0259b\u0259r tutublar ki, m\u0259n h\u0259l\u0259 d\u0259 \u015f\u00f6b\u0259d\u0259y\u0259m. He\u00e7 birini \u015f\u00f6b\u0259y\u0259 yax\u0131n buraxmay\u0131blar. Noyabr\u0131n 17-d\u0259 m\u0259ni l\u00fct el\u0259yib d\u00f6y\u0259nd\u0259n sonra dediyim kimi, birinci m\u0259rt\u0259b\u0259d\u0259ki kameraya atd\u0131lar. N\u00f6vb\u0259ti g\u00fcn h\u0259ft\u0259nin bazar g\u00fcn\u00fcn\u0259 d\u00fc\u015f\u00fcrd\u00fc. Hals\u0131z idim, b\u00fct\u00fcn b\u0259d\u0259nim a\u011fr\u0131dan s\u0131z\u0131lday\u0131rd\u0131, h\u0259min g\u00fcn yerimd\u0259n t\u0259rp\u0259n\u0259 bilm\u0259dim. Noyabr\u0131n 19-da yen\u0259 q\u0259l\u0259m-ka\u011f\u0131zla g\u0259ldil\u0259r ki, dediyimizi yaz, \u00e7\u0131x get evin\u0259&#8230;\u201d\n<\/p>\n<p>\n  <b><br \/>\n    <i><br \/>\n      \u201cBu d\u0259f\u0259 d\u0259 hans\u0131sa o\u011furlu\u011fa g\u00f6r\u0259 izahat yazd\u0131rd\u0131lar\u201d<br \/>\n    <\/i><br \/>\n  <\/b>\n<\/p>\n<p>\n  Bu d\u0259f\u0259 R\u0259\u015fid M\u0259mm\u0259dova rayonun Q\u0131rm\u0131z\u0131 q\u0259s\u0259b\u0259sind\u0259 ba\u015f vermi\u015f o\u011furluqla ba\u011fl\u0131 izahat yazd\u0131r\u0131blar:\n<\/p>\n<p>\n  \u201cSahib v\u0259 Emin adl\u0131 \u0259m\u0259liyyat\u00e7\u0131lar kameraya g\u0259ldil\u0259r, yazd\u0131rd\u0131lar ki, iyunun 26-da Q\u0131rm\u0131z\u0131 q\u0259s\u0259b\u0259d\u0259 ba\u015f vermi\u015f o\u011furluqdan x\u0259b\u0259rim yoxdur, m\u0259lumat\u0131m olsa, polis\u0259 bildir\u0259r\u0259m. Ancaq bu d\u0259f\u0259 d\u0259 aldatd\u0131lar. M\u0259n evim\u0259 buraxaca\u011f\u0131m\u0131 g\u00f6zl\u0259yirdim, ancaq m\u0259hk\u0259m\u0259y\u0259 apar\u0131ld\u0131m. Quba Rayon M\u0259hk\u0259m\u0259sind\u0259 hakim\u0259 ba\u015f\u0131ma g\u0259l\u0259nl\u0259ri dan\u0131\u015fsam da, baxd\u0131m ki, q\u0259rar \u00e7oxdan haz\u0131rd\u0131r. Hakim iki g\u00fcn \u0259vv\u0259l m\u0259n\u0259 i\u015fg\u0259nc\u0259 alt\u0131nda yazd\u0131r\u0131lan \u00fczrxahl\u0131\u011fa \u0259saslan\u0131b 10 g\u00fcnl\u00fck inzibati h\u0259bs c\u0259zas\u0131 k\u0259sdi\u201d.\n<\/p>\n<p>\n  <b><br \/>\n    <i><br \/>\n      X\u0259sar\u0259tl\u0259r h\u0259kim t\u0259r\u0259find\u0259n r\u0259smil\u0259\u015fdirilib<br \/>\n    <\/i><br \/>\n  <\/b>\n<\/p>\n<p>\n  R\u0259\u015fid M\u0259mm\u0259dov deyir, polis \u015f\u00f6b\u0259sind\u0259 saxlan\u0131lark\u0259n s\u0259hh\u0259tinin pisl\u0259\u015fm\u0259sin\u0259 g\u00f6r\u0259 h\u0259kim t\u0259l\u0259b ets\u0259 d\u0259, \u015f\u00f6b\u0259y\u0259 h\u0259kim \u00e7a\u011f\u0131r\u0131lmay\u0131b. M\u0259hk\u0259m\u0259d\u0259 ail\u0259 \u00fczvl\u0259ri onun durumunu g\u00f6r\u00fcb t\u0259cili yard\u0131m \u00e7a\u011f\u0131r\u0131blar. T\u0259cili Yard\u0131m R\u0259\u015fid M\u0259mm\u0259dovun \u00fcz\u0259rind\u0259ki x\u0259sar\u0259tl\u0259ri s\u0259n\u0259dl\u0259\u015fdirib.\n<\/p>\n<p>\n  R\u0259\u015fid M\u0259mm\u0259dov \u0130nzibati X\u0259talar M\u0259c\u0259ll\u0259sinin 535.1-ci madd\u0259siyl\u0259 &#8211; polis i\u015f\u00e7isinin qanuni t\u0259l\u0259bin\u0259 q\u0259sd\u0259n tabe olmama ittiham\u0131yla 10 g\u00fcnl\u00fck inzibati h\u0259bs h\u00f6km\u00fc \u00e7\u0131xar\u0131l\u0131b. Bundan iki g\u00fcn sonra \u2013 noyabr\u0131n 21-d\u0259 atas\u0131 Mustafaqulu M\u0259mm\u0259dov Quba Rayon Prokurorlu\u011funa m\u00fcraci\u0259t edib. Bu il yanvar\u0131n 28-d\u0259 Quba Rayon Prokurorlu\u011fu q\u0259rar \u00e7\u0131xar\u0131b ki, R\u0259\u015fid M\u0259mm\u0259dovun polis \u015f\u00f6b\u0259sind\u0259 i\u015fg\u0259nc\u0259y\u0259 m\u0259ruz qalmas\u0131 il\u0259 ba\u011fl\u0131 dedikl\u0259ri s\u00fcbuta yetirilm\u0259diyi \u00fc\u00e7\u00fcn cinay\u0259t i\u015finin ba\u015flanmas\u0131 r\u0259dd edilib.\n<\/p>\n<figure class=\"wp-block-image size-large\">\n  <img decoding=\"async\" src=\"https:\/\/www.meydan.tv\/az\/qerar-jpg\/\" alt=\"qerar.jpg\" class=\"wp-image-120985\"\/><figcaption>\n    q\u0259rar<br \/>\n  <\/figcaption><\/figure>\n<p>\n  Quba Rayon Polis \u015e\u00f6b\u0259sind\u0259n bildirilib ki, \u00f6t\u0259n il iyunun 14-d\u0259n 15-n\u0259 ke\u00e7\u0259n gec\u0259 Q\u0131rm\u0131z\u0131 q\u0259s\u0259b\u0259 sakini Yefim Yadadiyevin evind\u0259n 70 min mantl\u0131q q\u0131z\u0131l-zin\u0259t \u0259\u015fyalar\u0131 o\u011furlan\u0131b. Bu fakt \u00fczr\u0259 Quba Rayon Polis \u015e\u00f6b\u0259sind\u0259 cinay\u0259t i\u015fi ba\u015flan\u0131b. R\u0259\u015fid M\u0259mm\u0259dovun h\u0259min cinay\u0259td\u0259 \u015f\u00fcbh\u0259li olmas\u0131 bar\u0259d\u0259 \u0259m\u0259liyyat m\u0259lumat\u0131 daxil olub. Bu \u0259m\u0259liyyat m\u0259lumat\u0131 daxil olark\u0259n \u2013 y\u0259ni \u00f6t\u0259n ilin noyabr\u0131nda R\u0259\u015fid M\u0259mm\u0259dovun \u00f6lk\u0259 xaricind\u0259 oldu\u011fu m\u00fc\u0259yy\u0259n edilib v\u0259 bar\u0259sind\u0259 \u201csaxla\u201d \u0259mri verilib. Noyabr\u0131n 15-d\u0259 G\u00fcrc\u00fcstandan Az\u0259rbaycana ke\u00e7\u0259rk\u0259n Qazax g\u00f6mr\u00fck postunda saxlan\u0131l\u0131b. Noyabr\u0131n 16-da \u0259m\u0259liyyat\u00e7\u0131lar t\u0259r\u0259find\u0259n Quba polis \u015f\u00f6b\u0259sin\u0259 g\u0259tirilib. \u0130zahat\u0131 al\u0131nd\u0131qdan sonra \u015f\u00f6b\u0259d\u0259n burax\u0131l\u0131b. Noyabr\u0131n 17-d\u0259 ax\u015fam saat 7 rad\u0259l\u0259rind\u0259 \u015f\u00f6b\u0259y\u0259 g\u0259l\u0259r\u0259k s\u0259s-k\u00fcy sal\u0131b, h\u0259min vaxt \u015f\u00f6b\u0259d\u0259 xidm\u0259td\u0259 olan polis n\u0259f\u0259ri F\u0259rhad R\u0259himovla m\u00fcbahis\u0259 edib, onu intizama d\u0259v\u0259t ed\u0259n n\u00f6vb\u0259t\u00e7i M\u0259tin K\u0259rimovun v\u0259 \u0130ctimai T\u0259hl\u00fck\u0259sizlik B\u00f6lm\u0259sinin r\u0259isi R\u00fcst\u0259m R\u00fcst\u0259movun qanuni t\u0259l\u0259bl\u0259rin\u0259 m\u0259h\u0259l qoymay\u0131b, \u00f6z\u00fcn\u00fc divara vuraraq ba\u015f\u0131na v\u0259 b\u0259d\u0259nin\u0259 x\u0259sar\u0259tl\u0259r yetirib. H\u0259min g\u00fcn inzibati qaydada tutulub v\u0259 bar\u0259sind\u0259 protokol t\u0259rtib olunub. Noyabr\u0131n 19-da m\u0259hk\u0259m\u0259 bar\u0259sind\u0259 10 g\u00fcnl\u00fck h\u0259bs q\u0259rar\u0131 \u00e7\u0131xar\u0131b.\n<\/p>\n<figure class=\"wp-block-image size-large\">\n  <img decoding=\"async\" src=\"https:\/\/www.meydan.tv\/az\/image_from_ios-png\/\" alt=\"image_from_ios.png\" class=\"wp-image-121015\"\/><figcaption>\n    S\u00fcleymanov Nem\u0259tov<br \/>\n  <\/figcaption><\/figure>\n<p>\n  R\u0259\u015fid M\u0259mm\u0259dov ba\u015f\u0131na g\u0259l\u0259nl\u0259rl\u0259 ba\u011fl\u0131 h\u0259m prezident\u0259, h\u0259m daxili i\u015fl\u0259r nazirin\u0259, h\u0259m d\u0259 Ba\u015f Prokurorlu\u011fa m\u00fcraci\u0259t edib, m\u00fcraci\u0259tl\u0259ri cavabs\u0131z qal\u0131b:\n<\/p>\n<p>\n  \u201cM\u0259n rayon prokurorlu\u011funa m\u00fcraci\u0259timd\u0259 \u015f\u00f6b\u0259nin d\u0259hlizl\u0259rind\u0259ki kameralar\u0131n yadda\u015f\u0131n\u0131 ara\u015fd\u0131rma\u011f\u0131 t\u0259l\u0259b etmi\u015f\u0259m. M\u0259n\u0259 bildirilib ki, h\u0259min g\u00fcn kameralar i\u015fl\u0259m\u0259yib. Halbuki, m\u0259ni h\u0259r d\u0259f\u0259 d\u00f6y\u0259nd\u0259n sonra tualet\u0259 aparanda, h\u0259min kameralar\u0131n yadda\u015f\u0131na d\u00fc\u015f\u00fcb. Kameralar\u0131n ara\u015fd\u0131r\u0131lmas\u0131n\u0131 iki \u015fey\u0259 g\u00f6r\u0259 ist\u0259yir\u0259m, h\u0259m m\u0259n\u0259 olan i\u015fg\u0259nc\u0259ni s\u00fcbut etm\u0259k \u00fc\u00e7\u00fcn, h\u0259m d\u0259 kameran\u0131 a\u00e7s\u0131nlar, g\u00f6r\u0259k, m\u0259n harda \u00f6z\u00fcm\u00fc divara \u00e7\u0131rpm\u0131\u015fam, \u00f6z\u00fcm\u0259 x\u0259sar\u0259t yetirmi\u015f\u0259m&#8230;\u201d\n<\/p>\n<p>\n  R\u0259\u015fid M\u0259mm\u0259dov \u00f6lk\u0259 ba\u015f\u00e7\u0131s\u0131ndan v\u0259 Ba\u015f prokurordan ba\u015f\u0131na g\u0259l\u0259nl\u0259rin n\u0259zar\u0259t\u0259 g\u00f6t\u00fcr\u00fclm\u0259sini ist\u0259yir.<\/p>\n","protected":false},"excerpt":{"rendered":"<p>Quba Rayon Polis \u015e\u00f6b\u0259sind\u0259n bildirilib ki, \u00f6t\u0259n il iyunun 14-d\u0259n 15-n\u0259 ke\u00e7\u0259n gec\u0259 Q\u0131rm\u0131z\u0131 q\u0259s\u0259b\u0259 sakini Yefim Yadadiyevin evind\u0259n 70 min mantl\u0131q q\u0131z\u0131l-zin\u0259t \u0259\u015fyalar\u0131 o\u011furlan\u0131b.<\/p>\n","protected":false},"author":11,"featured_media":120982,"comment_status":"closed","ping_status":"open","sticky":false,"template":"","format":"standard","meta":{"_acf_changed":false,"_sitemap_exclude":false,"_sitemap_priority":"","_sitemap_frequency":"","footnotes":""},"categories":[60],"tags":[],"class_list":["post-194688","post","type-post","status-publish","format-standard","has-post-thumbnail","hentry","category-bolge","infinite-scroll-item","generate-columns","tablet-grid-50","mobile-grid-100","grid-parent","grid-33","no-featured-image-padding"],"acf":[],"yoast_head":"<!-- This site is optimized with the Yoast SEO plugin v27.4 - https:\/\/yoast.com\/product\/yoast-seo-wordpress\/ -->\n<title>&#039;&#039;R\u0259is dedi, yazmasa, apar\u0131n, tualetd\u0259 ba\u015f\u0131n\u0131 murdarlay\u0131n&#039;&#039; - MEYDAN.TV<\/title>\n<meta name=\"robots\" content=\"index, follow, max-snippet:-1, max-image-preview:large, max-video-preview:-1\" \/>\n<link rel=\"canonical\" href=\"https:\/\/www.meydan.tv\/az\/article\/reis-dedi-yazmasa-aparin-tualetde-basini-murdarlayin\/\" \/>\n<meta property=\"og:locale\" content=\"az_AZ\" \/>\n<meta property=\"og:type\" content=\"article\" \/>\n<meta property=\"og:title\" content=\"&#039;&#039;R\u0259is dedi, yazmasa, apar\u0131n, tualetd\u0259 ba\u015f\u0131n\u0131 murdarlay\u0131n&#039;&#039; - MEYDAN.TV\" \/>\n<meta property=\"og:description\" content=\"Quba Rayon Polis \u015e\u00f6b\u0259sind\u0259n bildirilib ki, \u00f6t\u0259n il iyunun 14-d\u0259n 15-n\u0259 ke\u00e7\u0259n gec\u0259 Q\u0131rm\u0131z\u0131 q\u0259s\u0259b\u0259 sakini Yefim Yadadiyevin evind\u0259n 70 min mantl\u0131q q\u0131z\u0131l-zin\u0259t \u0259\u015fyalar\u0131 o\u011furlan\u0131b.\" \/>\n<meta property=\"og:url\" content=\"https:\/\/www.meydan.tv\/az\/article\/reis-dedi-yazmasa-aparin-tualetde-basini-murdarlayin\/\" \/>\n<meta property=\"og:site_name\" content=\"MEYDAN.TV\" \/>\n<meta property=\"article:published_time\" content=\"2019-03-29T12:52:52+00:00\" \/>\n<meta property=\"og:image\" content=\"https:\/\/www.meydan.tv\/wp-content\/uploads\/rasid.jpg\" \/>\n\t<meta property=\"og:image:width\" content=\"1280\" \/>\n\t<meta property=\"og:image:height\" content=\"960\" \/>\n\t<meta property=\"og:image:type\" content=\"image\/jpeg\" \/>\n<meta name=\"author\" content=\"user-manager\" \/>\n<meta name=\"twitter:card\" content=\"summary_large_image\" \/>\n<script type=\"application\/ld+json\" class=\"yoast-schema-graph\">{\"@context\":\"https:\\\/\\\/schema.org\",\"@graph\":[{\"@type\":\"Article\",\"@id\":\"https:\\\/\\\/www.meydan.tv\\\/az\\\/article\\\/reis-dedi-yazmasa-aparin-tualetde-basini-murdarlayin\\\/#article\",\"isPartOf\":{\"@id\":\"https:\\\/\\\/www.meydan.tv\\\/az\\\/article\\\/reis-dedi-yazmasa-aparin-tualetde-basini-murdarlayin\\\/\"},\"author\":{\"name\":\"user-manager\",\"@id\":\"https:\\\/\\\/www.meydan.tv\\\/az\\\/#\\\/schema\\\/person\\\/10d11eccf6da3662cf5fdab9806ea91a\"},\"headline\":\"&#8221;R\u0259is dedi, yazmasa, apar\u0131n, tualetd\u0259 ba\u015f\u0131n\u0131 murdarlay\u0131n&#8221;\",\"datePublished\":\"2019-03-29T12:52:52+00:00\",\"mainEntityOfPage\":{\"@id\":\"https:\\\/\\\/www.meydan.tv\\\/az\\\/article\\\/reis-dedi-yazmasa-aparin-tualetde-basini-murdarlayin\\\/\"},\"wordCount\":1992,\"publisher\":{\"@id\":\"https:\\\/\\\/www.meydan.tv\\\/az\\\/#organization\"},\"image\":{\"@id\":\"https:\\\/\\\/www.meydan.tv\\\/az\\\/article\\\/reis-dedi-yazmasa-aparin-tualetde-basini-murdarlayin\\\/#primaryimage\"},\"thumbnailUrl\":\"https:\\\/\\\/www.meydan.tv\\\/wp-content\\\/uploads\\\/rasid.jpg\",\"articleSection\":[\"B\u00f6lg\u0259\"],\"inLanguage\":\"az\"},{\"@type\":\"WebPage\",\"@id\":\"https:\\\/\\\/www.meydan.tv\\\/az\\\/article\\\/reis-dedi-yazmasa-aparin-tualetde-basini-murdarlayin\\\/\",\"url\":\"https:\\\/\\\/www.meydan.tv\\\/az\\\/article\\\/reis-dedi-yazmasa-aparin-tualetde-basini-murdarlayin\\\/\",\"name\":\"''R\u0259is dedi, yazmasa, apar\u0131n, tualetd\u0259 ba\u015f\u0131n\u0131 murdarlay\u0131n'' - MEYDAN.TV\",\"isPartOf\":{\"@id\":\"https:\\\/\\\/www.meydan.tv\\\/az\\\/#website\"},\"primaryImageOfPage\":{\"@id\":\"https:\\\/\\\/www.meydan.tv\\\/az\\\/article\\\/reis-dedi-yazmasa-aparin-tualetde-basini-murdarlayin\\\/#primaryimage\"},\"image\":{\"@id\":\"https:\\\/\\\/www.meydan.tv\\\/az\\\/article\\\/reis-dedi-yazmasa-aparin-tualetde-basini-murdarlayin\\\/#primaryimage\"},\"thumbnailUrl\":\"https:\\\/\\\/www.meydan.tv\\\/wp-content\\\/uploads\\\/rasid.jpg\",\"datePublished\":\"2019-03-29T12:52:52+00:00\",\"breadcrumb\":{\"@id\":\"https:\\\/\\\/www.meydan.tv\\\/az\\\/article\\\/reis-dedi-yazmasa-aparin-tualetde-basini-murdarlayin\\\/#breadcrumb\"},\"inLanguage\":\"az\",\"potentialAction\":[{\"@type\":\"ReadAction\",\"target\":[\"https:\\\/\\\/www.meydan.tv\\\/az\\\/article\\\/reis-dedi-yazmasa-aparin-tualetde-basini-murdarlayin\\\/\"]}]},{\"@type\":\"ImageObject\",\"inLanguage\":\"az\",\"@id\":\"https:\\\/\\\/www.meydan.tv\\\/az\\\/article\\\/reis-dedi-yazmasa-aparin-tualetde-basini-murdarlayin\\\/#primaryimage\",\"url\":\"https:\\\/\\\/www.meydan.tv\\\/wp-content\\\/uploads\\\/rasid.jpg\",\"contentUrl\":\"https:\\\/\\\/www.meydan.tv\\\/wp-content\\\/uploads\\\/rasid.jpg\",\"width\":1280,\"height\":960,\"caption\":\"Source: meydan tv\"},{\"@type\":\"BreadcrumbList\",\"@id\":\"https:\\\/\\\/www.meydan.tv\\\/az\\\/article\\\/reis-dedi-yazmasa-aparin-tualetde-basini-murdarlayin\\\/#breadcrumb\",\"itemListElement\":[{\"@type\":\"ListItem\",\"position\":1,\"name\":\"Ana s\u0259hif\u0259\",\"item\":\"https:\\\/\\\/www.meydan.tv\\\/az\\\/\"},{\"@type\":\"ListItem\",\"position\":2,\"name\":\"B\u00f6lg\u0259\",\"item\":\"https:\\\/\\\/www.meydan.tv\\\/az\\\/section\\\/bolge\\\/\"},{\"@type\":\"ListItem\",\"position\":3,\"name\":\"&#8221;R\u0259is dedi, yazmasa, apar\u0131n, tualetd\u0259 ba\u015f\u0131n\u0131 murdarlay\u0131n&#8221;\"}]},{\"@type\":\"WebSite\",\"@id\":\"https:\\\/\\\/www.meydan.tv\\\/az\\\/#website\",\"url\":\"https:\\\/\\\/www.meydan.tv\\\/az\\\/\",\"name\":\"MEYDAN.TV\",\"description\":\"Meydan TV Az\u0259rbaycan\u0131n media m\u0259kan\u0131ndak\u0131 alternativ s\u0259sidir\",\"publisher\":{\"@id\":\"https:\\\/\\\/www.meydan.tv\\\/az\\\/#organization\"},\"potentialAction\":[{\"@type\":\"SearchAction\",\"target\":{\"@type\":\"EntryPoint\",\"urlTemplate\":\"https:\\\/\\\/www.meydan.tv\\\/az\\\/?s={search_term_string}\"},\"query-input\":{\"@type\":\"PropertyValueSpecification\",\"valueRequired\":true,\"valueName\":\"search_term_string\"}}],\"inLanguage\":\"az\"},{\"@type\":\"Organization\",\"@id\":\"https:\\\/\\\/www.meydan.tv\\\/az\\\/#organization\",\"name\":\"Meydan TV\",\"url\":\"https:\\\/\\\/www.meydan.tv\\\/az\\\/\",\"logo\":{\"@type\":\"ImageObject\",\"inLanguage\":\"az\",\"@id\":\"https:\\\/\\\/www.meydan.tv\\\/az\\\/#\\\/schema\\\/logo\\\/image\\\/\",\"url\":\"https:\\\/\\\/www.meydan.tv\\\/wp-content\\\/uploads\\\/2021\\\/07\\\/meydan-logo.svg\",\"contentUrl\":\"https:\\\/\\\/www.meydan.tv\\\/wp-content\\\/uploads\\\/2021\\\/07\\\/meydan-logo.svg\",\"width\":195,\"height\":46,\"caption\":\"Meydan TV\"},\"image\":{\"@id\":\"https:\\\/\\\/www.meydan.tv\\\/az\\\/#\\\/schema\\\/logo\\\/image\\\/\"}},{\"@type\":\"Person\",\"@id\":\"https:\\\/\\\/www.meydan.tv\\\/az\\\/#\\\/schema\\\/person\\\/10d11eccf6da3662cf5fdab9806ea91a\",\"name\":\"user-manager\"}]}<\/script>\n<!-- \/ Yoast SEO plugin. -->","yoast_head_json":{"title":"''R\u0259is dedi, yazmasa, apar\u0131n, tualetd\u0259 ba\u015f\u0131n\u0131 murdarlay\u0131n'' - MEYDAN.TV","robots":{"index":"index","follow":"follow","max-snippet":"max-snippet:-1","max-image-preview":"max-image-preview:large","max-video-preview":"max-video-preview:-1"},"canonical":"https:\/\/www.meydan.tv\/az\/article\/reis-dedi-yazmasa-aparin-tualetde-basini-murdarlayin\/","og_locale":"az_AZ","og_type":"article","og_title":"''R\u0259is dedi, yazmasa, apar\u0131n, tualetd\u0259 ba\u015f\u0131n\u0131 murdarlay\u0131n'' - MEYDAN.TV","og_description":"Quba Rayon Polis \u015e\u00f6b\u0259sind\u0259n bildirilib ki, \u00f6t\u0259n il iyunun 14-d\u0259n 15-n\u0259 ke\u00e7\u0259n gec\u0259 Q\u0131rm\u0131z\u0131 q\u0259s\u0259b\u0259 sakini Yefim Yadadiyevin evind\u0259n 70 min mantl\u0131q q\u0131z\u0131l-zin\u0259t \u0259\u015fyalar\u0131 o\u011furlan\u0131b.","og_url":"https:\/\/www.meydan.tv\/az\/article\/reis-dedi-yazmasa-aparin-tualetde-basini-murdarlayin\/","og_site_name":"MEYDAN.TV","article_published_time":"2019-03-29T12:52:52+00:00","og_image":[{"width":1280,"height":960,"url":"https:\/\/www.meydan.tv\/wp-content\/uploads\/rasid.jpg","type":"image\/jpeg"}],"author":"user-manager","twitter_card":"summary_large_image","schema":{"@context":"https:\/\/schema.org","@graph":[{"@type":"Article","@id":"https:\/\/www.meydan.tv\/az\/article\/reis-dedi-yazmasa-aparin-tualetde-basini-murdarlayin\/#article","isPartOf":{"@id":"https:\/\/www.meydan.tv\/az\/article\/reis-dedi-yazmasa-aparin-tualetde-basini-murdarlayin\/"},"author":{"name":"user-manager","@id":"https:\/\/www.meydan.tv\/az\/#\/schema\/person\/10d11eccf6da3662cf5fdab9806ea91a"},"headline":"&#8221;R\u0259is dedi, yazmasa, apar\u0131n, tualetd\u0259 ba\u015f\u0131n\u0131 murdarlay\u0131n&#8221;","datePublished":"2019-03-29T12:52:52+00:00","mainEntityOfPage":{"@id":"https:\/\/www.meydan.tv\/az\/article\/reis-dedi-yazmasa-aparin-tualetde-basini-murdarlayin\/"},"wordCount":1992,"publisher":{"@id":"https:\/\/www.meydan.tv\/az\/#organization"},"image":{"@id":"https:\/\/www.meydan.tv\/az\/article\/reis-dedi-yazmasa-aparin-tualetde-basini-murdarlayin\/#primaryimage"},"thumbnailUrl":"https:\/\/www.meydan.tv\/wp-content\/uploads\/rasid.jpg","articleSection":["B\u00f6lg\u0259"],"inLanguage":"az"},{"@type":"WebPage","@id":"https:\/\/www.meydan.tv\/az\/article\/reis-dedi-yazmasa-aparin-tualetde-basini-murdarlayin\/","url":"https:\/\/www.meydan.tv\/az\/article\/reis-dedi-yazmasa-aparin-tualetde-basini-murdarlayin\/","name":"''R\u0259is dedi, yazmasa, apar\u0131n, tualetd\u0259 ba\u015f\u0131n\u0131 murdarlay\u0131n'' - MEYDAN.TV","isPartOf":{"@id":"https:\/\/www.meydan.tv\/az\/#website"},"primaryImageOfPage":{"@id":"https:\/\/www.meydan.tv\/az\/article\/reis-dedi-yazmasa-aparin-tualetde-basini-murdarlayin\/#primaryimage"},"image":{"@id":"https:\/\/www.meydan.tv\/az\/article\/reis-dedi-yazmasa-aparin-tualetde-basini-murdarlayin\/#primaryimage"},"thumbnailUrl":"https:\/\/www.meydan.tv\/wp-content\/uploads\/rasid.jpg","datePublished":"2019-03-29T12:52:52+00:00","breadcrumb":{"@id":"https:\/\/www.meydan.tv\/az\/article\/reis-dedi-yazmasa-aparin-tualetde-basini-murdarlayin\/#breadcrumb"},"inLanguage":"az","potentialAction":[{"@type":"ReadAction","target":["https:\/\/www.meydan.tv\/az\/article\/reis-dedi-yazmasa-aparin-tualetde-basini-murdarlayin\/"]}]},{"@type":"ImageObject","inLanguage":"az","@id":"https:\/\/www.meydan.tv\/az\/article\/reis-dedi-yazmasa-aparin-tualetde-basini-murdarlayin\/#primaryimage","url":"https:\/\/www.meydan.tv\/wp-content\/uploads\/rasid.jpg","contentUrl":"https:\/\/www.meydan.tv\/wp-content\/uploads\/rasid.jpg","width":1280,"height":960,"caption":"Source: meydan tv"},{"@type":"BreadcrumbList","@id":"https:\/\/www.meydan.tv\/az\/article\/reis-dedi-yazmasa-aparin-tualetde-basini-murdarlayin\/#breadcrumb","itemListElement":[{"@type":"ListItem","position":1,"name":"Ana s\u0259hif\u0259","item":"https:\/\/www.meydan.tv\/az\/"},{"@type":"ListItem","position":2,"name":"B\u00f6lg\u0259","item":"https:\/\/www.meydan.tv\/az\/section\/bolge\/"},{"@type":"ListItem","position":3,"name":"&#8221;R\u0259is dedi, yazmasa, apar\u0131n, tualetd\u0259 ba\u015f\u0131n\u0131 murdarlay\u0131n&#8221;"}]},{"@type":"WebSite","@id":"https:\/\/www.meydan.tv\/az\/#website","url":"https:\/\/www.meydan.tv\/az\/","name":"MEYDAN.TV","description":"Meydan TV Az\u0259rbaycan\u0131n media m\u0259kan\u0131ndak\u0131 alternativ s\u0259sidir","publisher":{"@id":"https:\/\/www.meydan.tv\/az\/#organization"},"potentialAction":[{"@type":"SearchAction","target":{"@type":"EntryPoint","urlTemplate":"https:\/\/www.meydan.tv\/az\/?s={search_term_string}"},"query-input":{"@type":"PropertyValueSpecification","valueRequired":true,"valueName":"search_term_string"}}],"inLanguage":"az"},{"@type":"Organization","@id":"https:\/\/www.meydan.tv\/az\/#organization","name":"Meydan TV","url":"https:\/\/www.meydan.tv\/az\/","logo":{"@type":"ImageObject","inLanguage":"az","@id":"https:\/\/www.meydan.tv\/az\/#\/schema\/logo\/image\/","url":"https:\/\/www.meydan.tv\/wp-content\/uploads\/2021\/07\/meydan-logo.svg","contentUrl":"https:\/\/www.meydan.tv\/wp-content\/uploads\/2021\/07\/meydan-logo.svg","width":195,"height":46,"caption":"Meydan TV"},"image":{"@id":"https:\/\/www.meydan.tv\/az\/#\/schema\/logo\/image\/"}},{"@type":"Person","@id":"https:\/\/www.meydan.tv\/az\/#\/schema\/person\/10d11eccf6da3662cf5fdab9806ea91a","name":"user-manager"}]}},"_links":{"self":[{"href":"https:\/\/www.meydan.tv\/az\/wp-json\/wp\/v2\/posts\/194688","targetHints":{"allow":["GET"]}}],"collection":[{"href":"https:\/\/www.meydan.tv\/az\/wp-json\/wp\/v2\/posts"}],"about":[{"href":"https:\/\/www.meydan.tv\/az\/wp-json\/wp\/v2\/types\/post"}],"author":[{"embeddable":true,"href":"https:\/\/www.meydan.tv\/az\/wp-json\/wp\/v2\/users\/11"}],"replies":[{"embeddable":true,"href":"https:\/\/www.meydan.tv\/az\/wp-json\/wp\/v2\/comments?post=194688"}],"version-history":[{"count":0,"href":"https:\/\/www.meydan.tv\/az\/wp-json\/wp\/v2\/posts\/194688\/revisions"}],"wp:featuredmedia":[{"embeddable":true,"href":"https:\/\/www.meydan.tv\/az\/wp-json\/wp\/v2\/media\/120982"}],"wp:attachment":[{"href":"https:\/\/www.meydan.tv\/az\/wp-json\/wp\/v2\/media?parent=194688"}],"wp:term":[{"taxonomy":"category","embeddable":true,"href":"https:\/\/www.meydan.tv\/az\/wp-json\/wp\/v2\/categories?post=194688"},{"taxonomy":"post_tag","embeddable":true,"href":"https:\/\/www.meydan.tv\/az\/wp-json\/wp\/v2\/tags?post=194688"}],"curies":[{"name":"wp","href":"https:\/\/api.w.org\/{rel}","templated":true}]}}