{"id":194687,"date":"2019-03-29T13:06:48","date_gmt":"2019-03-29T13:06:48","guid":{"rendered":"https:\/\/www.meydan.tv\/article\/sehid-ailesi-6-usagi-qaynamis-kartofla-heyatda-saxlayiriq\/"},"modified":"2019-03-29T13:06:48","modified_gmt":"2019-03-29T13:06:48","slug":"sehid-ailesi-6-usagi-qaynamis-kartofla-heyatda-saxlayiriq","status":"publish","type":"post","link":"https:\/\/www.meydan.tv\/az\/article\/sehid-ailesi-6-usagi-qaynamis-kartofla-heyatda-saxlayiriq\/","title":{"rendered":"\u015e\u0259hid ail\u0259si: 6 u\u015fa\u011f\u0131 qaynam\u0131\u015f kartofla h\u0259yatda saxlay\u0131r\u0131q"},"content":{"rendered":"<p>\n  <i><br \/>\n    El\u015f\u0259n Babayev F\u00f6vq\u0259lad\u0259 Hallar Nazirliyind\u0259ki i\u015fini itir\u0259nd\u0259n \u00f6z\u00fcn\u0259 yer tapa bilmir<br \/>\n  <\/i>\n<\/p>\n<p>\n  \u201c\u00dc\u00e7 u\u015faq qarda\u015f\u0131mdad\u0131r, \u00fc\u00e7 u\u015faq m\u0259nd\u0259\u2026 Qarda\u015f\u0131m da ill\u0259rdir ki, i\u015fsizdir. \u0130ki ail\u0259, anam, m\u0259n\u2026 11 n\u0259f\u0259r m\u0259nim 380 manat maa\u015f\u0131ma m\u00f6htac idi. Bir d\u0259 atam\u0131n \u015f\u0259hidliyin\u0259 g\u00f6r\u0259 ald\u0131\u011f\u0131m\u0131z prezident t\u0259qa\u00fcd\u00fc\u2026 \u0130ll\u0259rdir ki, kartdan birba\u015fa borca gedir, g\u0259lib ev\u0259 \u00e7atm\u0131r. Nec\u0259 dolanaq, d\u0259rdimizi kim\u0259 dey\u0259k, bilmirik\u201d.\n<\/p>\n<p>\n  Ming\u0259\u00e7evir sakini El\u015f\u0259n Babayev Meydan TV-y\u0259 dan\u0131\u015f\u0131r ki, uzun ill\u0259rd\u0259n sonra tapd\u0131\u011f\u0131 i\u015fini itirib. Daha do\u011frusu, \u00f6lk\u0259 xaricind\u0259 m\u00fcalic\u0259d\u0259 olark\u0259n onu i\u015fd\u0259n azad edibl\u0259r. Bununla da ail\u0259nin n\u0259f\u0259sliyi hesab olunan son dolan\u0131\u015f\u0131\u011f\u0131 \u0259ld\u0259n \u00e7\u0131x\u0131b.\n<\/p>\n<p>\n  <b><br \/>\n    <i><br \/>\n      \u201cK\u0259mal\u0259ddin Heyd\u0259rov tap\u015f\u0131rd\u0131, i\u015f\u0259 g\u00f6t\u00fcrd\u00fcl\u0259r\u201d<br \/>\n    <\/i><br \/>\n  <\/b>\n<\/p>\n<p>\n  El\u015f\u0259n Babayev deyir, h\u0259rbi xidm\u0259td\u0259n qay\u0131dandan sonra qarda\u015f\u0131 El\u015fadla Ming\u0259\u00e7evirin M\u0259\u015f\u011fulluq M\u0259rk\u0259zin\u0259 i\u015faxtaran kimi m\u00fcraci\u0259t edib. Ancaq i\u015fi d\u00fcz 10 ild\u0259n sonra tap\u0131b. Bel\u0259 ki, 4 il \u0259vv\u0259l anas\u0131 \u0130rad\u0259 Babayeva f\u00f6vq\u0259lad\u0259 hallar naziri K\u0259mal\u0259ddin Heyd\u0259rova \u015f\u0259hid ail\u0259si kimi m\u00fcraci\u0259t etdikd\u0259n sonra nazirin g\u00f6st\u0259ri\u015fi il\u0259 El\u015f\u0259n FHN Ming\u0259\u00e7evir \u015f\u0259h\u0259ri \u00fczr\u0259 yans\u00f6nd\u00fcrm\u0259 hiss\u0259sin\u0259 yan\u011f\u0131ns\u00f6nd\u00fcr\u0259n kimi i\u015f\u0259 g\u00f6t\u00fcr\u00fcl\u00fcb. Bir m\u00fcdd\u0259t \u0259vv\u0259ls\u0259 s\u0259hh\u0259tind\u0259ki probleml\u0259r\u0259 g\u00f6r\u0259 FHN-\u0259 m\u00fcraci\u0259t ed\u0259r\u0259k k\u00f6m\u0259k ist\u0259yib:\n<\/p>\n<p>\n  \u201cSinir x\u0259st\u0259liyind\u0259n m\u00fcalic\u0259 oluna bilmirdim, maddi imkan\u0131m \u00e7atm\u0131rd\u0131\u2026 FHN-\u0259 m\u00fcraci\u0259t etdim ki, m\u00fcalic\u0259l\u0259rim\u0259 k\u00f6m\u0259k el\u0259sinl\u0259r, ancaq el\u0259m\u0259dil\u0259r. M\u0259n d\u0259 Moskvadak\u0131 qohumlar\u0131n yan\u0131na gedib onlar\u0131n k\u00f6m\u0259kliyi il\u0259 m\u00fcalic\u0259 olunma\u011fa q\u0259rar verdim. \u00c7\u00fcnki s\u0259hh\u0259tim g\u00fcnb\u0259g\u00fcn pisl\u0259\u015firdi, h\u0259kiml\u0259r demi\u015fdil\u0259r ki, \u00fcst\u00fcn\u0259 d\u00fc\u015fm\u0259s\u0259m, sonra m\u00fcalic\u0259 d\u0259 xilas etm\u0259y\u0259c\u0259k. FHN r\u0259hb\u0259rliyin\u0259 \u0259riz\u0259yl\u0259 m\u00fcraci\u0259t etdim ki, Rusiyaya m\u00fcalic\u0259y\u0259 gedir\u0259m v\u0259 getdim. 2 ay m\u00fcalic\u0259l\u0259riml\u0259 m\u0259\u015f\u011ful oldum, geri qay\u0131danda x\u0259b\u0259r tutdum ki, m\u0259ni i\u015fd\u0259n azad edibl\u0259r\u201d.\n<\/p>\n<p>\n  <b><br \/>\n    <i><br \/>\n      \u201cBirinci m\u00fcavind\u0259n k\u00f6m\u0259k ist\u0259dim\u201d<br \/>\n    <\/i><br \/>\n  <\/b>\n<\/p>\n<p>\n  El\u015f\u0259n Babayev v\u0259 anas\u0131 \u0130rad\u0259 xan\u0131m d\u0259f\u0259l\u0259rl\u0259 F\u00f6vq\u0259lad\u0259 Hallar Nazirliyin\u0259 m\u00fcraci\u0259t edibl\u0259r. \u0130rad\u0259 xan\u0131m deyir, t\u0259kc\u0259 fevral ay\u0131nda nazirin q\u0259buluna d\u00fc\u015fm\u0259k \u00fc\u00e7\u00fcn iki d\u0259f\u0259 Ming\u0259\u00e7evird\u0259n Bak\u0131ya g\u0259lib:\n<\/p>\n<p>\n  \u201cFevral\u0131n 7-d\u0259 nazirin birinci m\u00fcavini Etibar Mirz\u0259yev q\u0259bul el\u0259di, dedi, m\u0259nd\u0259 olan m\u0259lumata g\u00f6r\u0259, o\u011flunuz yax\u015f\u0131 i\u015f\u00e7i olub, f\u0259dakar olub, i\u015fin\u0259 m\u0259suliyy\u0259tl\u0259 yana\u015f\u0131b, ancaq sizin o\u011flunuza he\u00e7 c\u00fcr k\u00f6m\u0259k etm\u0259k imkan\u0131m\u0131z yoxdur. Dedim, ax\u0131 o\u011flum iki ail\u0259y\u0259, m\u0259n\u0259 &#8211; x\u0259st\u0259 anas\u0131na bax\u0131r. 6 k\u00f6rp\u0259nin qarn\u0131n\u0131 doydurur. Dedi, \u00e7ox ist\u0259rdim k\u00f6m\u0259k ed\u0259m, ancaq i\u015f yoxdur\u201d.\n<\/p>\n<p>\n  Ana \u00fcmidini itirm\u0259yib, fevral\u0131n 26-da n\u00f6vb\u0259ti d\u0259f\u0259 Ming\u0259\u00e7evird\u0259n Bak\u0131ya \u2013 F\u00f6vq\u0259lad\u0259 Hallar Nazirliyin\u0259 g\u0259lib. Bu d\u0259f\u0259 geriy\u0259 m\u0259yus \u015f\u0259kild\u0259 qay\u0131d\u0131b.\n<\/p>\n<p>\n  <b><br \/>\n    <i><br \/>\n      \u201cDedi, sabah\u0131 g\u00f6zl\u0259m\u0259, get bu g\u00fcn yand\u0131r\u201d<br \/>\n    <\/i><br \/>\n  <\/b>\n<\/p>\n<p>\n  \u201cDedil\u0259r, siz\u0259 art\u0131q bir d\u0259f\u0259 q\u0259bul edibl\u0259r, s\u00f6zl\u0259rini deyibl\u0259r, ikinci d\u0259f\u0259 \u00e7\u0259tin q\u0259bul etsinl\u0259r. Dedim, ax\u0131 m\u0259ni nazir q\u0259bul el\u0259m\u0259yib h\u0259l\u0259. O\u011flumu i\u015f\u0259 nazirin g\u00f6st\u0259ri\u015fiyl\u0259 g\u00f6t\u00fcrm\u00fc\u015fd\u00fcl\u0259r, b\u0259lk\u0259 yen\u0259 g\u00f6st\u0259ri\u015f ver\u0259r\u2026 Dedil\u0259r, ana, g\u00f6zl\u0259m\u0259, nazir q\u0259bul el\u0259mir. \u00d6z\u00fcmd\u0259n ixtiyars\u0131z dedim ki, b\u0259s neyn\u0259y\u0259k, sabah ged\u0259k biz d\u0259 \u00f6z\u00fcm\u00fcz\u00fc yand\u0131raq ki, nazirin diqq\u0259tini \u00e7\u0259k\u0259k, bizi q\u0259bul el\u0259sin? Oran\u0131n i\u015f\u00e7isi olan bir xan\u0131m qay\u0131td\u0131 ki, sabah\u0131 niy\u0259 g\u00f6zl\u0259yirsiz, el\u0259 bu g\u00fcn d\u0259 yand\u0131ra bil\u0259rsiz\u2026 M\u0259n o binan\u0131 nec\u0259 t\u0259rk el\u0259diyimi bilmir\u0259m. M\u0259nim o\u011flum i\u015f vaxt\u0131 olmasa da, g\u00f6r\u00fcb yan\u011f\u0131n var, el\u0259 m\u00fclki geyimd\u0259, t\u0259kba\u015f\u0131na yan\u011f\u0131n olan yer\u0259 gedib, adamlar\u0131 xilas edib, bunu nazirlikd\u0259kil\u0259r d\u0259 bilir. El\u0259 sinirl\u0259ri d\u0259 i\u015fd\u0259 pozulub, ancaq m\u00fcalic\u0259si \u00fc\u00e7\u00fcn m\u00fcraci\u0259tl\u0259rin\u0259 he\u00e7 cavab da verm\u0259dil\u0259r,\u201d &#8211; \u0130rad\u0259 Babayeva deyir.\n<\/p>\n<p>\n  H\u0259r iki qarda\u015f ayr\u0131-ayr\u0131l\u0131qda kiray\u0259d\u0259 ya\u015fay\u0131rlar v\u0259 yar\u0131m ildir ki, kiray\u0259haqq\u0131 \u00f6d\u0259mirl\u0259r. Deyirl\u0259r ki, ev sahibl\u0259ri d\u0259 onlar\u0131n durumunu bilir dey\u0259, kiray\u0259haqq\u0131 \u00fc\u00e7\u00fcn \u00e7ox s\u0131x\u0131\u015fd\u0131rm\u0131rlar. El\u015f\u0259n Babayev i\u015f tapmasam, v\u0259ziyy\u0259timiz bundan da a\u011f\u0131r olacaq, deyir:\n<\/p>\n<p>\n  \u201cU\u015faqlara h\u0259r g\u00fcn soyutma kartof veririk. El\u0259 g\u00fcn olur ki, he\u00e7 \u00e7\u00f6r\u0259k d\u0259 olmur evd\u0259\u2026 Anam \u015f\u0259k\u0259rd\u0259n, t\u0259zyiqd\u0259n \u0259ziyy\u0259t \u00e7\u0259kir. Vaxtl\u0131-vaxt\u0131nda qidalanmal\u0131d\u0131r, qidalanm\u0131r&quot;.\n<\/p>\n<p>\n  FHN Ming\u0259\u00e7evir \u015f\u0259h\u0259ri \u00fczr\u0259 yans\u00f6nd\u00fcrm\u0259 hiss\u0259sind\u0259n bildirilib ki, El\u015f\u0259n Babayev uzun m\u00fcdd\u0259t x\u0259b\u0259rdarl\u0131qs\u0131z v\u0259 \u00fczrs\u00fcz s\u0259b\u0259bd\u0259n i\u015f\u0259 g\u0259lm\u0259diyi \u00fc\u00e7\u00fcn i\u015fd\u0259n azad edilib. \u0130\u015fd\u0259n \u00e7\u0131xar\u0131lmas\u0131nda he\u00e7 bir qanunsuzluq olmay\u0131b.<\/p>\n","protected":false},"excerpt":{"rendered":"<p>H\u0259r iki qarda\u015f ayr\u0131-ayr\u0131l\u0131qda kiray\u0259d\u0259 ya\u015fay\u0131rlar v\u0259 yar\u0131m ildir ki, kiray\u0259haqq\u0131 \u00f6d\u0259mirl\u0259r<\/p>\n","protected":false},"author":11,"featured_media":121018,"comment_status":"closed","ping_status":"open","sticky":false,"template":"","format":"standard","meta":{"_acf_changed":false,"_sitemap_exclude":false,"_sitemap_priority":"","_sitemap_frequency":"","footnotes":""},"categories":[60],"tags":[],"class_list":["post-194687","post","type-post","status-publish","format-standard","has-post-thumbnail","hentry","category-bolge","infinite-scroll-item","generate-columns","tablet-grid-50","mobile-grid-100","grid-parent","grid-33","no-featured-image-padding"],"acf":[],"yoast_head":"<!-- This site is optimized with the Yoast SEO plugin v27.4 - https:\/\/yoast.com\/product\/yoast-seo-wordpress\/ -->\n<title>\u015e\u0259hid ail\u0259si: 6 u\u015fa\u011f\u0131 qaynam\u0131\u015f kartofla h\u0259yatda saxlay\u0131r\u0131q - MEYDAN.TV<\/title>\n<meta name=\"robots\" content=\"index, follow, max-snippet:-1, max-image-preview:large, max-video-preview:-1\" \/>\n<link rel=\"canonical\" href=\"https:\/\/www.meydan.tv\/az\/article\/sehid-ailesi-6-usagi-qaynamis-kartofla-heyatda-saxlayiriq\/\" \/>\n<meta property=\"og:locale\" content=\"az_AZ\" \/>\n<meta property=\"og:type\" content=\"article\" \/>\n<meta property=\"og:title\" content=\"\u015e\u0259hid ail\u0259si: 6 u\u015fa\u011f\u0131 qaynam\u0131\u015f kartofla h\u0259yatda saxlay\u0131r\u0131q - MEYDAN.TV\" \/>\n<meta property=\"og:description\" content=\"H\u0259r iki qarda\u015f ayr\u0131-ayr\u0131l\u0131qda kiray\u0259d\u0259 ya\u015fay\u0131rlar v\u0259 yar\u0131m ildir ki, kiray\u0259haqq\u0131 \u00f6d\u0259mirl\u0259r\" \/>\n<meta property=\"og:url\" content=\"https:\/\/www.meydan.tv\/az\/article\/sehid-ailesi-6-usagi-qaynamis-kartofla-heyatda-saxlayiriq\/\" \/>\n<meta property=\"og:site_name\" content=\"MEYDAN.TV\" \/>\n<meta property=\"article:published_time\" content=\"2019-03-29T13:06:48+00:00\" \/>\n<meta property=\"og:image\" content=\"https:\/\/www.meydan.tv\/wp-content\/uploads\/image_from_ios_unjnwmt.jpg\" \/>\n\t<meta property=\"og:image:width\" content=\"1280\" \/>\n\t<meta property=\"og:image:height\" content=\"720\" \/>\n\t<meta property=\"og:image:type\" content=\"image\/jpeg\" \/>\n<meta name=\"author\" content=\"user-manager\" \/>\n<meta name=\"twitter:card\" content=\"summary_large_image\" \/>\n<script type=\"application\/ld+json\" class=\"yoast-schema-graph\">{\"@context\":\"https:\\\/\\\/schema.org\",\"@graph\":[{\"@type\":\"Article\",\"@id\":\"https:\\\/\\\/www.meydan.tv\\\/az\\\/article\\\/sehid-ailesi-6-usagi-qaynamis-kartofla-heyatda-saxlayiriq\\\/#article\",\"isPartOf\":{\"@id\":\"https:\\\/\\\/www.meydan.tv\\\/az\\\/article\\\/sehid-ailesi-6-usagi-qaynamis-kartofla-heyatda-saxlayiriq\\\/\"},\"author\":{\"name\":\"user-manager\",\"@id\":\"https:\\\/\\\/www.meydan.tv\\\/az\\\/#\\\/schema\\\/person\\\/10d11eccf6da3662cf5fdab9806ea91a\"},\"headline\":\"\u015e\u0259hid ail\u0259si: 6 u\u015fa\u011f\u0131 qaynam\u0131\u015f kartofla h\u0259yatda saxlay\u0131r\u0131q\",\"datePublished\":\"2019-03-29T13:06:48+00:00\",\"mainEntityOfPage\":{\"@id\":\"https:\\\/\\\/www.meydan.tv\\\/az\\\/article\\\/sehid-ailesi-6-usagi-qaynamis-kartofla-heyatda-saxlayiriq\\\/\"},\"wordCount\":960,\"publisher\":{\"@id\":\"https:\\\/\\\/www.meydan.tv\\\/az\\\/#organization\"},\"image\":{\"@id\":\"https:\\\/\\\/www.meydan.tv\\\/az\\\/article\\\/sehid-ailesi-6-usagi-qaynamis-kartofla-heyatda-saxlayiriq\\\/#primaryimage\"},\"thumbnailUrl\":\"https:\\\/\\\/www.meydan.tv\\\/wp-content\\\/uploads\\\/image_from_ios_unjnwmt.jpg\",\"articleSection\":[\"B\u00f6lg\u0259\"],\"inLanguage\":\"az\"},{\"@type\":\"WebPage\",\"@id\":\"https:\\\/\\\/www.meydan.tv\\\/az\\\/article\\\/sehid-ailesi-6-usagi-qaynamis-kartofla-heyatda-saxlayiriq\\\/\",\"url\":\"https:\\\/\\\/www.meydan.tv\\\/az\\\/article\\\/sehid-ailesi-6-usagi-qaynamis-kartofla-heyatda-saxlayiriq\\\/\",\"name\":\"\u015e\u0259hid ail\u0259si: 6 u\u015fa\u011f\u0131 qaynam\u0131\u015f kartofla h\u0259yatda saxlay\u0131r\u0131q - MEYDAN.TV\",\"isPartOf\":{\"@id\":\"https:\\\/\\\/www.meydan.tv\\\/az\\\/#website\"},\"primaryImageOfPage\":{\"@id\":\"https:\\\/\\\/www.meydan.tv\\\/az\\\/article\\\/sehid-ailesi-6-usagi-qaynamis-kartofla-heyatda-saxlayiriq\\\/#primaryimage\"},\"image\":{\"@id\":\"https:\\\/\\\/www.meydan.tv\\\/az\\\/article\\\/sehid-ailesi-6-usagi-qaynamis-kartofla-heyatda-saxlayiriq\\\/#primaryimage\"},\"thumbnailUrl\":\"https:\\\/\\\/www.meydan.tv\\\/wp-content\\\/uploads\\\/image_from_ios_unjnwmt.jpg\",\"datePublished\":\"2019-03-29T13:06:48+00:00\",\"breadcrumb\":{\"@id\":\"https:\\\/\\\/www.meydan.tv\\\/az\\\/article\\\/sehid-ailesi-6-usagi-qaynamis-kartofla-heyatda-saxlayiriq\\\/#breadcrumb\"},\"inLanguage\":\"az\",\"potentialAction\":[{\"@type\":\"ReadAction\",\"target\":[\"https:\\\/\\\/www.meydan.tv\\\/az\\\/article\\\/sehid-ailesi-6-usagi-qaynamis-kartofla-heyatda-saxlayiriq\\\/\"]}]},{\"@type\":\"ImageObject\",\"inLanguage\":\"az\",\"@id\":\"https:\\\/\\\/www.meydan.tv\\\/az\\\/article\\\/sehid-ailesi-6-usagi-qaynamis-kartofla-heyatda-saxlayiriq\\\/#primaryimage\",\"url\":\"https:\\\/\\\/www.meydan.tv\\\/wp-content\\\/uploads\\\/image_from_ios_unjnwmt.jpg\",\"contentUrl\":\"https:\\\/\\\/www.meydan.tv\\\/wp-content\\\/uploads\\\/image_from_ios_unjnwmt.jpg\",\"width\":1280,\"height\":720,\"caption\":\"Source: meydan tv\"},{\"@type\":\"BreadcrumbList\",\"@id\":\"https:\\\/\\\/www.meydan.tv\\\/az\\\/article\\\/sehid-ailesi-6-usagi-qaynamis-kartofla-heyatda-saxlayiriq\\\/#breadcrumb\",\"itemListElement\":[{\"@type\":\"ListItem\",\"position\":1,\"name\":\"Ana s\u0259hif\u0259\",\"item\":\"https:\\\/\\\/www.meydan.tv\\\/az\\\/\"},{\"@type\":\"ListItem\",\"position\":2,\"name\":\"B\u00f6lg\u0259\",\"item\":\"https:\\\/\\\/www.meydan.tv\\\/az\\\/section\\\/bolge\\\/\"},{\"@type\":\"ListItem\",\"position\":3,\"name\":\"\u015e\u0259hid ail\u0259si: 6 u\u015fa\u011f\u0131 qaynam\u0131\u015f kartofla h\u0259yatda saxlay\u0131r\u0131q\"}]},{\"@type\":\"WebSite\",\"@id\":\"https:\\\/\\\/www.meydan.tv\\\/az\\\/#website\",\"url\":\"https:\\\/\\\/www.meydan.tv\\\/az\\\/\",\"name\":\"MEYDAN.TV\",\"description\":\"Meydan TV Az\u0259rbaycan\u0131n media m\u0259kan\u0131ndak\u0131 alternativ s\u0259sidir\",\"publisher\":{\"@id\":\"https:\\\/\\\/www.meydan.tv\\\/az\\\/#organization\"},\"potentialAction\":[{\"@type\":\"SearchAction\",\"target\":{\"@type\":\"EntryPoint\",\"urlTemplate\":\"https:\\\/\\\/www.meydan.tv\\\/az\\\/?s={search_term_string}\"},\"query-input\":{\"@type\":\"PropertyValueSpecification\",\"valueRequired\":true,\"valueName\":\"search_term_string\"}}],\"inLanguage\":\"az\"},{\"@type\":\"Organization\",\"@id\":\"https:\\\/\\\/www.meydan.tv\\\/az\\\/#organization\",\"name\":\"Meydan TV\",\"url\":\"https:\\\/\\\/www.meydan.tv\\\/az\\\/\",\"logo\":{\"@type\":\"ImageObject\",\"inLanguage\":\"az\",\"@id\":\"https:\\\/\\\/www.meydan.tv\\\/az\\\/#\\\/schema\\\/logo\\\/image\\\/\",\"url\":\"https:\\\/\\\/www.meydan.tv\\\/wp-content\\\/uploads\\\/2021\\\/07\\\/meydan-logo.svg\",\"contentUrl\":\"https:\\\/\\\/www.meydan.tv\\\/wp-content\\\/uploads\\\/2021\\\/07\\\/meydan-logo.svg\",\"width\":195,\"height\":46,\"caption\":\"Meydan TV\"},\"image\":{\"@id\":\"https:\\\/\\\/www.meydan.tv\\\/az\\\/#\\\/schema\\\/logo\\\/image\\\/\"}},{\"@type\":\"Person\",\"@id\":\"https:\\\/\\\/www.meydan.tv\\\/az\\\/#\\\/schema\\\/person\\\/10d11eccf6da3662cf5fdab9806ea91a\",\"name\":\"user-manager\"}]}<\/script>\n<!-- \/ Yoast SEO plugin. -->","yoast_head_json":{"title":"\u015e\u0259hid ail\u0259si: 6 u\u015fa\u011f\u0131 qaynam\u0131\u015f kartofla h\u0259yatda saxlay\u0131r\u0131q - MEYDAN.TV","robots":{"index":"index","follow":"follow","max-snippet":"max-snippet:-1","max-image-preview":"max-image-preview:large","max-video-preview":"max-video-preview:-1"},"canonical":"https:\/\/www.meydan.tv\/az\/article\/sehid-ailesi-6-usagi-qaynamis-kartofla-heyatda-saxlayiriq\/","og_locale":"az_AZ","og_type":"article","og_title":"\u015e\u0259hid ail\u0259si: 6 u\u015fa\u011f\u0131 qaynam\u0131\u015f kartofla h\u0259yatda saxlay\u0131r\u0131q - MEYDAN.TV","og_description":"H\u0259r iki qarda\u015f ayr\u0131-ayr\u0131l\u0131qda kiray\u0259d\u0259 ya\u015fay\u0131rlar v\u0259 yar\u0131m ildir ki, kiray\u0259haqq\u0131 \u00f6d\u0259mirl\u0259r","og_url":"https:\/\/www.meydan.tv\/az\/article\/sehid-ailesi-6-usagi-qaynamis-kartofla-heyatda-saxlayiriq\/","og_site_name":"MEYDAN.TV","article_published_time":"2019-03-29T13:06:48+00:00","og_image":[{"width":1280,"height":720,"url":"https:\/\/www.meydan.tv\/wp-content\/uploads\/image_from_ios_unjnwmt.jpg","type":"image\/jpeg"}],"author":"user-manager","twitter_card":"summary_large_image","schema":{"@context":"https:\/\/schema.org","@graph":[{"@type":"Article","@id":"https:\/\/www.meydan.tv\/az\/article\/sehid-ailesi-6-usagi-qaynamis-kartofla-heyatda-saxlayiriq\/#article","isPartOf":{"@id":"https:\/\/www.meydan.tv\/az\/article\/sehid-ailesi-6-usagi-qaynamis-kartofla-heyatda-saxlayiriq\/"},"author":{"name":"user-manager","@id":"https:\/\/www.meydan.tv\/az\/#\/schema\/person\/10d11eccf6da3662cf5fdab9806ea91a"},"headline":"\u015e\u0259hid ail\u0259si: 6 u\u015fa\u011f\u0131 qaynam\u0131\u015f kartofla h\u0259yatda saxlay\u0131r\u0131q","datePublished":"2019-03-29T13:06:48+00:00","mainEntityOfPage":{"@id":"https:\/\/www.meydan.tv\/az\/article\/sehid-ailesi-6-usagi-qaynamis-kartofla-heyatda-saxlayiriq\/"},"wordCount":960,"publisher":{"@id":"https:\/\/www.meydan.tv\/az\/#organization"},"image":{"@id":"https:\/\/www.meydan.tv\/az\/article\/sehid-ailesi-6-usagi-qaynamis-kartofla-heyatda-saxlayiriq\/#primaryimage"},"thumbnailUrl":"https:\/\/www.meydan.tv\/wp-content\/uploads\/image_from_ios_unjnwmt.jpg","articleSection":["B\u00f6lg\u0259"],"inLanguage":"az"},{"@type":"WebPage","@id":"https:\/\/www.meydan.tv\/az\/article\/sehid-ailesi-6-usagi-qaynamis-kartofla-heyatda-saxlayiriq\/","url":"https:\/\/www.meydan.tv\/az\/article\/sehid-ailesi-6-usagi-qaynamis-kartofla-heyatda-saxlayiriq\/","name":"\u015e\u0259hid ail\u0259si: 6 u\u015fa\u011f\u0131 qaynam\u0131\u015f kartofla h\u0259yatda saxlay\u0131r\u0131q - MEYDAN.TV","isPartOf":{"@id":"https:\/\/www.meydan.tv\/az\/#website"},"primaryImageOfPage":{"@id":"https:\/\/www.meydan.tv\/az\/article\/sehid-ailesi-6-usagi-qaynamis-kartofla-heyatda-saxlayiriq\/#primaryimage"},"image":{"@id":"https:\/\/www.meydan.tv\/az\/article\/sehid-ailesi-6-usagi-qaynamis-kartofla-heyatda-saxlayiriq\/#primaryimage"},"thumbnailUrl":"https:\/\/www.meydan.tv\/wp-content\/uploads\/image_from_ios_unjnwmt.jpg","datePublished":"2019-03-29T13:06:48+00:00","breadcrumb":{"@id":"https:\/\/www.meydan.tv\/az\/article\/sehid-ailesi-6-usagi-qaynamis-kartofla-heyatda-saxlayiriq\/#breadcrumb"},"inLanguage":"az","potentialAction":[{"@type":"ReadAction","target":["https:\/\/www.meydan.tv\/az\/article\/sehid-ailesi-6-usagi-qaynamis-kartofla-heyatda-saxlayiriq\/"]}]},{"@type":"ImageObject","inLanguage":"az","@id":"https:\/\/www.meydan.tv\/az\/article\/sehid-ailesi-6-usagi-qaynamis-kartofla-heyatda-saxlayiriq\/#primaryimage","url":"https:\/\/www.meydan.tv\/wp-content\/uploads\/image_from_ios_unjnwmt.jpg","contentUrl":"https:\/\/www.meydan.tv\/wp-content\/uploads\/image_from_ios_unjnwmt.jpg","width":1280,"height":720,"caption":"Source: meydan tv"},{"@type":"BreadcrumbList","@id":"https:\/\/www.meydan.tv\/az\/article\/sehid-ailesi-6-usagi-qaynamis-kartofla-heyatda-saxlayiriq\/#breadcrumb","itemListElement":[{"@type":"ListItem","position":1,"name":"Ana s\u0259hif\u0259","item":"https:\/\/www.meydan.tv\/az\/"},{"@type":"ListItem","position":2,"name":"B\u00f6lg\u0259","item":"https:\/\/www.meydan.tv\/az\/section\/bolge\/"},{"@type":"ListItem","position":3,"name":"\u015e\u0259hid ail\u0259si: 6 u\u015fa\u011f\u0131 qaynam\u0131\u015f kartofla h\u0259yatda saxlay\u0131r\u0131q"}]},{"@type":"WebSite","@id":"https:\/\/www.meydan.tv\/az\/#website","url":"https:\/\/www.meydan.tv\/az\/","name":"MEYDAN.TV","description":"Meydan TV Az\u0259rbaycan\u0131n media m\u0259kan\u0131ndak\u0131 alternativ s\u0259sidir","publisher":{"@id":"https:\/\/www.meydan.tv\/az\/#organization"},"potentialAction":[{"@type":"SearchAction","target":{"@type":"EntryPoint","urlTemplate":"https:\/\/www.meydan.tv\/az\/?s={search_term_string}"},"query-input":{"@type":"PropertyValueSpecification","valueRequired":true,"valueName":"search_term_string"}}],"inLanguage":"az"},{"@type":"Organization","@id":"https:\/\/www.meydan.tv\/az\/#organization","name":"Meydan TV","url":"https:\/\/www.meydan.tv\/az\/","logo":{"@type":"ImageObject","inLanguage":"az","@id":"https:\/\/www.meydan.tv\/az\/#\/schema\/logo\/image\/","url":"https:\/\/www.meydan.tv\/wp-content\/uploads\/2021\/07\/meydan-logo.svg","contentUrl":"https:\/\/www.meydan.tv\/wp-content\/uploads\/2021\/07\/meydan-logo.svg","width":195,"height":46,"caption":"Meydan TV"},"image":{"@id":"https:\/\/www.meydan.tv\/az\/#\/schema\/logo\/image\/"}},{"@type":"Person","@id":"https:\/\/www.meydan.tv\/az\/#\/schema\/person\/10d11eccf6da3662cf5fdab9806ea91a","name":"user-manager"}]}},"_links":{"self":[{"href":"https:\/\/www.meydan.tv\/az\/wp-json\/wp\/v2\/posts\/194687","targetHints":{"allow":["GET"]}}],"collection":[{"href":"https:\/\/www.meydan.tv\/az\/wp-json\/wp\/v2\/posts"}],"about":[{"href":"https:\/\/www.meydan.tv\/az\/wp-json\/wp\/v2\/types\/post"}],"author":[{"embeddable":true,"href":"https:\/\/www.meydan.tv\/az\/wp-json\/wp\/v2\/users\/11"}],"replies":[{"embeddable":true,"href":"https:\/\/www.meydan.tv\/az\/wp-json\/wp\/v2\/comments?post=194687"}],"version-history":[{"count":0,"href":"https:\/\/www.meydan.tv\/az\/wp-json\/wp\/v2\/posts\/194687\/revisions"}],"wp:featuredmedia":[{"embeddable":true,"href":"https:\/\/www.meydan.tv\/az\/wp-json\/wp\/v2\/media\/121018"}],"wp:attachment":[{"href":"https:\/\/www.meydan.tv\/az\/wp-json\/wp\/v2\/media?parent=194687"}],"wp:term":[{"taxonomy":"category","embeddable":true,"href":"https:\/\/www.meydan.tv\/az\/wp-json\/wp\/v2\/categories?post=194687"},{"taxonomy":"post_tag","embeddable":true,"href":"https:\/\/www.meydan.tv\/az\/wp-json\/wp\/v2\/tags?post=194687"}],"curies":[{"name":"wp","href":"https:\/\/api.w.org\/{rel}","templated":true}]}}