{"id":194673,"date":"2019-03-28T16:33:04","date_gmt":"2019-03-28T16:33:04","guid":{"rendered":"https:\/\/www.meydan.tv\/article\/sikayetci-adil-eliyev-pulsuzluqdan-ildir-qaz-yandirmiriq\/"},"modified":"2019-03-28T16:33:04","modified_gmt":"2019-03-28T16:33:04","slug":"sikayetci-adil-eliyev-pulsuzluqdan-ildir-qaz-yandirmiriq","status":"publish","type":"post","link":"https:\/\/www.meydan.tv\/az\/article\/sikayetci-adil-eliyev-pulsuzluqdan-ildir-qaz-yandirmiriq\/","title":{"rendered":"\u015eikay\u0259t\u00e7i Adil \u018fliyev: Pulsuzluqdan on ildir qaz yand\u0131rm\u0131r\u0131q"},"content":{"rendered":"<p>\n  <i><br \/>\n    &quot;H\u0259kiml\u0259r aya\u011f\u0131m\u0131 hiss\u0259-hiss\u0259 do\u011fray\u0131rlar&quot;<br \/>\n  <\/i>\n<\/p>\n<p>\n  G\u00f6y\u00e7ay sakini Adil \u018fliyev be\u015f ildir \u015f\u0259k\u0259r x\u0259st\u0259liyin\u0259 tutulub. Aya\u011f\u0131n\u0131n biri \u00fc\u00e7, dig\u0259ri bir d\u0259f\u0259 \u0259m\u0259liyyat olunub. \u00d6z\u00fcn\u00fcn dediyi kimi, h\u0259kiml\u0259r onu hiss\u0259-hiss\u0259 do\u011fray\u0131rlar. Sa\u011f aya\u011f\u0131ndan he\u00e7 n\u0259 qalmay\u0131b&#8230;\n<\/p>\n<p>\n  <b><br \/>\n    \u201cSosial yard\u0131m \u00fc\u00e7\u00fcn gedirik, deyirl\u0259r, o\u011flun var, i\u015fl\u0259sin\u201d<br \/>\n  <\/b>\n<\/p>\n<p>\n  Adil \u018fliyevl\u0259 G\u00f6y\u00e7ay \u015e\u0259h\u0259r X\u0259st\u0259xanas\u0131nda g\u00f6r\u00fc\u015fd\u00fck. Deyir ki, \u00e7ox a\u011f\u0131r \u015f\u0259rtl\u0259rl\u0259 ya\u015fay\u0131rlar, \u00fcst\u0259lik, m\u00fcalic\u0259 olunmaq da laz\u0131md\u0131r: \u201cH\u00f6kum\u0259t h\u0259yat yolda\u015f\u0131ma da pensiya k\u0259sm\u0259lidi. O da \u015f\u0259k\u0259r x\u0259st\u0259sidi, burada m\u00fcalic\u0259 al\u0131r. Sosial yard\u0131m \u00fc\u00e7\u00fcn gedirik, deyirl\u0259r, o\u011flun var, i\u015fl\u0259sin. \u0130\u015f yoxdu ax\u0131, harada i\u015fl\u0259sin? \u018flil arabam yoxdu, indi g\u00f6rd\u00fcy\u00fcn\u00fcz d\u0259 he\u00e7 m\u0259nim deyil. Bir tan\u0131\u015f var, verdi. S\u0131n\u0131q-salxaqd\u0131, ancaq x\u0259st\u0259xanada d\u0259hliz\u0259 \u00e7\u0131xa bilir\u0259m bununla. M\u0259ni idar\u0259 el\u0259y\u0259n arabaya ehtiyac\u0131m var. Daha i\u015fl\u0259y\u0259 d\u0259 bilmir\u0259m. Bir aya\u011f\u0131m\u0131 itirmi\u015f\u0259m, ikincini d\u0259 itirir\u0259m&#8230;\u201d\n<\/p>\n<p>\n  Adil \u018fliyev dan\u0131\u015f\u0131r ki, protezi d\u0259 \u00f6z puluna alm\u0131\u015fd\u0131. Ancaq c\u0259mi iki d\u0259f\u0259 taxa bilib. \u00c7\u00fcnki aya\u011f\u0131na d\u00fc\u015fm\u0259yib, k\u0259sil\u0259n hiss\u0259ni yara el\u0259yib.\n<\/p>\n<p>\n  \u018flil arabas\u0131na \u00e7ox ehtiyac\u0131 oldu\u011funu dey\u0259n Adil \u018fliyevin s\u00f6zl\u0259rin\u0259 g\u00f6r\u0259, d\u00f6vl\u0259td\u0259n \u0259lil arabas\u0131 almaq \u00fc\u00e7\u00fcn laz\u0131m olan s\u0259n\u0259dl\u0259ri d\u0259 var. Amma araba ala bilm\u0259yibl\u0259r: \u201cEvd\u0259 n\u0259 q\u0259d\u0259r dustaq qalmaq olar?! H\u0259y\u0259t-bacaya \u00e7\u0131xmaq ist\u0259yir\u0259m. Oturmu\u015fam burada, \u00fcr\u0259yim partlay\u0131r. Ax\u015famacan p\u0259nc\u0259r\u0259d\u0259n \u00e7\u00f6l\u0259 bax\u0131ram. \u0130ndi yolda\u015f\u0131m g\u0259l\u0259c\u0259k, bir az d\u0259hlizd\u0259 f\u0131rladacaq\u201d.\n<\/p>\n<p><embed alt=\"Evin v\u0259ziyy\u0259ti\" embedtype=\"image\" format=\"left\" id=\"39452\"\/><\/p>\n<p>\n  <b><br \/>\n    \u201c\u00c7\u0131r-\u00e7\u0131rp\u0131 tap\u0131b yand\u0131r\u0131r\u0131q ki, soyuqdan \u00f6lm\u0259y\u0259k\u201d<br \/>\n  <\/b>\n<\/p>\n<p>\n  Adil \u018fliyev c\u0259mi 156 manat t\u0259qa\u00fcd al\u0131r. \u0130ki o\u011flundan he\u00e7 biri daimi i\u015f tapa bilm\u0259diyini deyir. Palatada qar\u015f\u0131la\u015fd\u0131\u011f\u0131m\u0131z o\u011flu Aqil b\u0259rb\u0259r kimi i\u015fl\u0259m\u0259y\u0259 ba\u015flay\u0131b, amma atas\u0131n\u0131n m\u00fcalic\u0259sini t\u0259min etm\u0259y\u0259 imkan\u0131 \u00e7atm\u0131r.\n<\/p>\n<p>\n  Adil \u018fliyev \u0259n adi sosial qay\u011f\u0131lar\u0131n \u00f6hd\u0259sind\u0259n g\u0259l\u0259 bilm\u0259dikl\u0259rini deyir: \u201cM\u0259nim pensiyamla dolan\u0131r\u0131q. Bu u\u015faq b\u0259rb\u0259rlikd\u0259n 3-5 manat qazan\u0131r, onunla ail\u0259 ya\u015famaz. \u015e\u0259k\u0259r d\u0259rmanlar\u0131n\u0131 x\u0259st\u0259xana verir, qalanlar\u0131n\u0131 \u00f6z\u00fcm\u00fcz almal\u0131 oluruq. Sra\u011fag\u00fcn pensiya ald\u0131m, ham\u0131s\u0131n\u0131 verdim d\u0259rmana. On ildir evd\u0259 qaz yand\u0131rm\u0131r\u0131q. Kommunal x\u0259rcl\u0259ri \u00f6d\u0259y\u0259 bilmirik. 200 manata q\u0259d\u0259r borc y\u00fckl\u0259yibl\u0259r biz\u0259. Qohum-qon\u015funun qap\u0131s\u0131ndan \u00e7\u0131r-\u00e7\u0131rp\u0131 tap\u0131b yand\u0131r\u0131r\u0131q ki, soyuqdan \u00f6lm\u0259y\u0259k. U\u015faqlar\u0131n evl\u0259nm\u0259k ya\u015f\u0131 \u00e7at\u0131b, amma evl\u0259ndir\u0259 bilmirik. Gedib evimiz\u0259 baxars\u0131z, divar \u00fcst\u00fcm\u00fcz\u0259 a\u015f\u0131r. O \u015f\u0259raitd\u0259 nec\u0259 ya\u015famaq olar?! Be\u015f ildir x\u0259st\u0259likl\u0259 vuru\u015furam. \u018fvv\u0259ll\u0259r s\u00fcr\u00fcc\u00fc i\u015fl\u0259mi\u015f\u0259m. Evimi g\u00f6r\u0259c\u0259ksiz, \u00e7iy k\u0259rpicd\u0259n tikmi\u015fdim. N\u0259 g\u00fcnd\u0259di indi. Bak\u0131ya gedib-g\u0259lm\u0259y\u0259 n\u0259 q\u0259d\u0259r x\u0259rcimiz \u00e7\u0131x\u0131r. Bu ay iki d\u0259f\u0259 Bak\u0131ya getmi\u015f\u0259m. Deyibl\u0259r ki, qay\u0131t rayona, aya\u011f\u0131n\u0131 k\u0259ssinl\u0259r. Bak\u0131da bir d\u0259n\u0259 aya\u011f\u0131m\u0131n p\u0259nc\u0259sini g\u00f6t\u00fcrm\u0259y\u0259 m\u0259nd\u0259n 1300 manat ist\u0259dil\u0259r. G\u0259ldim bura, Elman h\u0259kimin yaz\u0131\u011f\u0131 g\u0259ldi, pulsuz \u0259m\u0259liyyat el\u0259di\u201d.\n<\/p>\n<p><embed alt=\"Reyhan xan\u0131m\" embedtype=\"image\" format=\"right\" id=\"39453\"\/><\/p>\n<p>\n  <b><br \/>\n    \u201c\u00d6z v\u0259ziyy\u0259tim yax\u015f\u0131 deyil, amma h\u0259yat yolda\u015f\u0131ma baxmal\u0131 oluram\u201d<br \/>\n  <\/b>\n<\/p>\n<p>\n  O\u011flu Aqill\u0259 evl\u0259rin\u0259 gedirik. Anas\u0131 Reyhan xan\u0131m x\u0259st\u0259xanaya aparmaq \u00fc\u00e7\u00fcn yem\u0259k haz\u0131rlay\u0131r. Evin nimda\u015f g\u00f6rk\u0259mi ail\u0259nin a\u011f\u0131r v\u0259ziyy\u0259td\u0259 ya\u015famas\u0131ndan x\u0259b\u0259r verir. Reyhan \u018fliyeva \u00e7ox pis durumda olduqlar\u0131n\u0131 deyir:\n<\/p>\n<p>\n  \u201cGec\u0259miz-g\u00fcnd\u00fcz\u00fcm\u00fcz yoxdu. A\u011fr\u0131dan b\u00fct\u00fcn g\u00fcn\u00fc q\u0131\u015fq\u0131r\u0131r. Bu d\u0259f\u0259 h\u0259kim\u0259 yalvard\u0131m ki, aparaq x\u0259st\u0259xanaya, bizi bu evd\u0259n k\u00f6\u00e7\u00fcr\u0259c\u0259kl\u0259r. Q\u0131\u015fq\u0131r\u0131\u011f\u0131 h\u0259r t\u0259r\u0259f\u0259 yay\u0131l\u0131r. Be\u015f d\u0259qiq\u0259 sakit dura bilmir. \u018fvv\u0259l aya\u011f\u0131n\u0131n k\u0259silm\u0259sini ist\u0259mirdi. Sonra g\u00f6rd\u00fc ki, \u00e7\u00fcr\u00fcy\u00fcb, iy verir. Aya\u011f\u0131 qapqara olmu\u015fdu. \u018fvv\u0259lc\u0259 deyirdil\u0259r sinirl\u0259 ba\u011fl\u0131d\u0131, ke\u00e7ib ged\u0259c\u0259k. A\u011fr\u0131k\u0259sici iyn\u0259 vururdum. Sonra a\u011f\u0131rla\u015fd\u0131. Respublika x\u0259st\u0259xanas\u0131nda yatd\u0131. Bak\u0131da \u00e7ox x\u0259st\u0259xanada olmu\u015fuq. Hiss\u0259-hiss\u0259 k\u0259sdil\u0259r. G\u00fcc\u00fcm\u00fcz d\u0259 \u00e7atm\u0131r. X\u0259st\u0259xanada g\u00f6b\u0259k iyn\u0259si vururlar, biri 8 manat. Be\u015fini ald\u0131r\u0131b vurdurdum, qalan\u0131 m\u00fcmk\u00fcn olmad\u0131. On d\u0259n\u0259 vurdurmal\u0131yd\u0131q. O\u011flum b\u0259rb\u0259rdi, he\u00e7 icar\u0259 pulunu \u00f6d\u0259y\u0259 bilmir\u201d.\n<\/p>\n<p>\n  Reyhan \u018fliyeva \u00f6z s\u0259hh\u0259tinin \u00e7ox pis oldu\u011funu bildirir: \u201cKe\u00e7\u0259n il x\u0259b\u0259r tutduq ki, m\u0259n d\u0259 \u015f\u0259k\u0259r\u0259m. H\u0259r gec\u0259 h\u0259yat yolda\u015f\u0131ma baxmaq \u00fc\u00e7\u00fcn x\u0259st\u0259xanada qal\u0131ram. G\u00fcnorta ev\u0259 g\u0259lir\u0259m ki, u\u015faqlara yem\u0259k verim. Bel\u0259 z\u00fclml\u0259 ya\u015fay\u0131r\u0131q. Pensiya alm\u0131ram. K\u0259nardan baxana asan g\u00f6r\u00fcn\u00fcr. Bir d\u0259st paltar\u0131 ham\u0131 geyinir. He\u00e7 bir k\u00f6m\u0259yimiz yoxdur. \u0130ndi ham\u0131n\u0131n v\u0259ziyy\u0259ti a\u011f\u0131rd\u0131r. \u00d6z\u00fcn\u00fc yorulmu\u015f bil\u0259nd\u0259 qon\u015funu \u00f6lm\u00fc\u015f bil. \u015e\u0259k\u0259rim 383-\u0259 qalxm\u0131\u015fd\u0131. He\u00e7 \u00f6z v\u0259ziyy\u0259tim yax\u015f\u0131 deyil, amma h\u0259yat yolda\u015f\u0131ma baxmal\u0131 oluram\u201d.\n<\/p>\n<p>\n  Reyhan xan\u0131m deyir ki, d\u00f6vl\u0259t onun \u00f6z\u00fcn\u0259 t\u0259qa\u00fcd vermirs\u0259 bel\u0259, he\u00e7 olmasa, \u00f6vladlar\u0131n\u0131 i\u015fl\u0259 t\u0259min el\u0259sin. \u00c7\u00fcnki qohum-qarda\u015f da daha onlar\u0131n ail\u0259sin\u0259 k\u00f6m\u0259k el\u0259y\u0259 bilmir, ac\u0131nacaql\u0131 durumdad\u0131lar.\n<\/p>\n<p>\n  Bir d\u0259 h\u0259r iki aya\u011f\u0131 k\u0259silmi\u015f h\u0259yat yolda\u015f\u0131na \u0259lil arabas\u0131 ist\u0259yir&#8230;\n<\/p>\n<figure class=\"wp-block-image size-large\">\n  <img decoding=\"async\" src=\"https:\/\/www.meydan.tv\/az\/evin-veziyyeti-2\/\" alt=\"Evin v\u0259ziyy\u0259ti\" class=\"wp-image-120973\"\/><figcaption>\n    Evin v\u0259ziyy\u0259ti<br \/>\n  <\/figcaption><\/figure>\n","protected":false},"excerpt":{"rendered":"<p>&#8220;H\u0259kiml\u0259r aya\u011f\u0131m\u0131 hiss\u0259-hiss\u0259 do\u011fray\u0131rlar&#8221;<\/p>\n","protected":false},"author":11,"featured_media":120955,"comment_status":"closed","ping_status":"open","sticky":false,"template":"","format":"standard","meta":{"_acf_changed":false,"_sitemap_exclude":false,"_sitemap_priority":"","_sitemap_frequency":"","footnotes":""},"categories":[60],"tags":[],"class_list":["post-194673","post","type-post","status-publish","format-standard","has-post-thumbnail","hentry","category-bolge","infinite-scroll-item","generate-columns","tablet-grid-50","mobile-grid-100","grid-parent","grid-33","no-featured-image-padding"],"acf":[],"yoast_head":"<!-- This site is optimized with the Yoast SEO plugin v27.4 - https:\/\/yoast.com\/product\/yoast-seo-wordpress\/ -->\n<title>\u015eikay\u0259t\u00e7i Adil \u018fliyev: Pulsuzluqdan on ildir qaz yand\u0131rm\u0131r\u0131q - MEYDAN.TV<\/title>\n<meta name=\"robots\" content=\"index, follow, max-snippet:-1, max-image-preview:large, max-video-preview:-1\" \/>\n<link rel=\"canonical\" href=\"https:\/\/www.meydan.tv\/az\/article\/sikayetci-adil-eliyev-pulsuzluqdan-ildir-qaz-yandirmiriq\/\" \/>\n<meta property=\"og:locale\" content=\"az_AZ\" \/>\n<meta property=\"og:type\" content=\"article\" \/>\n<meta property=\"og:title\" content=\"\u015eikay\u0259t\u00e7i Adil \u018fliyev: Pulsuzluqdan on ildir qaz yand\u0131rm\u0131r\u0131q - MEYDAN.TV\" \/>\n<meta property=\"og:description\" content=\"&quot;H\u0259kiml\u0259r aya\u011f\u0131m\u0131 hiss\u0259-hiss\u0259 do\u011fray\u0131rlar&quot;\" \/>\n<meta property=\"og:url\" content=\"https:\/\/www.meydan.tv\/az\/article\/sikayetci-adil-eliyev-pulsuzluqdan-ildir-qaz-yandirmiriq\/\" \/>\n<meta property=\"og:site_name\" content=\"MEYDAN.TV\" \/>\n<meta property=\"article:published_time\" content=\"2019-03-28T16:33:04+00:00\" \/>\n<meta property=\"og:image\" content=\"https:\/\/www.meydan.tv\/wp-content\/uploads\/image_from_ios_16.jpg\" \/>\n\t<meta property=\"og:image:width\" content=\"1004\" \/>\n\t<meta property=\"og:image:height\" content=\"750\" \/>\n\t<meta property=\"og:image:type\" content=\"image\/jpeg\" \/>\n<meta name=\"author\" content=\"user-manager\" \/>\n<meta name=\"twitter:card\" content=\"summary_large_image\" \/>\n<script type=\"application\/ld+json\" class=\"yoast-schema-graph\">{\"@context\":\"https:\\\/\\\/schema.org\",\"@graph\":[{\"@type\":\"Article\",\"@id\":\"https:\\\/\\\/www.meydan.tv\\\/az\\\/article\\\/sikayetci-adil-eliyev-pulsuzluqdan-ildir-qaz-yandirmiriq\\\/#article\",\"isPartOf\":{\"@id\":\"https:\\\/\\\/www.meydan.tv\\\/az\\\/article\\\/sikayetci-adil-eliyev-pulsuzluqdan-ildir-qaz-yandirmiriq\\\/\"},\"author\":{\"name\":\"user-manager\",\"@id\":\"https:\\\/\\\/www.meydan.tv\\\/az\\\/#\\\/schema\\\/person\\\/10d11eccf6da3662cf5fdab9806ea91a\"},\"headline\":\"\u015eikay\u0259t\u00e7i Adil \u018fliyev: Pulsuzluqdan on ildir qaz yand\u0131rm\u0131r\u0131q\",\"datePublished\":\"2019-03-28T16:33:04+00:00\",\"mainEntityOfPage\":{\"@id\":\"https:\\\/\\\/www.meydan.tv\\\/az\\\/article\\\/sikayetci-adil-eliyev-pulsuzluqdan-ildir-qaz-yandirmiriq\\\/\"},\"wordCount\":1055,\"publisher\":{\"@id\":\"https:\\\/\\\/www.meydan.tv\\\/az\\\/#organization\"},\"image\":{\"@id\":\"https:\\\/\\\/www.meydan.tv\\\/az\\\/article\\\/sikayetci-adil-eliyev-pulsuzluqdan-ildir-qaz-yandirmiriq\\\/#primaryimage\"},\"thumbnailUrl\":\"https:\\\/\\\/www.meydan.tv\\\/wp-content\\\/uploads\\\/image_from_ios_16.jpg\",\"articleSection\":[\"B\u00f6lg\u0259\"],\"inLanguage\":\"az\"},{\"@type\":\"WebPage\",\"@id\":\"https:\\\/\\\/www.meydan.tv\\\/az\\\/article\\\/sikayetci-adil-eliyev-pulsuzluqdan-ildir-qaz-yandirmiriq\\\/\",\"url\":\"https:\\\/\\\/www.meydan.tv\\\/az\\\/article\\\/sikayetci-adil-eliyev-pulsuzluqdan-ildir-qaz-yandirmiriq\\\/\",\"name\":\"\u015eikay\u0259t\u00e7i Adil \u018fliyev: Pulsuzluqdan on ildir qaz yand\u0131rm\u0131r\u0131q - MEYDAN.TV\",\"isPartOf\":{\"@id\":\"https:\\\/\\\/www.meydan.tv\\\/az\\\/#website\"},\"primaryImageOfPage\":{\"@id\":\"https:\\\/\\\/www.meydan.tv\\\/az\\\/article\\\/sikayetci-adil-eliyev-pulsuzluqdan-ildir-qaz-yandirmiriq\\\/#primaryimage\"},\"image\":{\"@id\":\"https:\\\/\\\/www.meydan.tv\\\/az\\\/article\\\/sikayetci-adil-eliyev-pulsuzluqdan-ildir-qaz-yandirmiriq\\\/#primaryimage\"},\"thumbnailUrl\":\"https:\\\/\\\/www.meydan.tv\\\/wp-content\\\/uploads\\\/image_from_ios_16.jpg\",\"datePublished\":\"2019-03-28T16:33:04+00:00\",\"breadcrumb\":{\"@id\":\"https:\\\/\\\/www.meydan.tv\\\/az\\\/article\\\/sikayetci-adil-eliyev-pulsuzluqdan-ildir-qaz-yandirmiriq\\\/#breadcrumb\"},\"inLanguage\":\"az\",\"potentialAction\":[{\"@type\":\"ReadAction\",\"target\":[\"https:\\\/\\\/www.meydan.tv\\\/az\\\/article\\\/sikayetci-adil-eliyev-pulsuzluqdan-ildir-qaz-yandirmiriq\\\/\"]}]},{\"@type\":\"ImageObject\",\"inLanguage\":\"az\",\"@id\":\"https:\\\/\\\/www.meydan.tv\\\/az\\\/article\\\/sikayetci-adil-eliyev-pulsuzluqdan-ildir-qaz-yandirmiriq\\\/#primaryimage\",\"url\":\"https:\\\/\\\/www.meydan.tv\\\/wp-content\\\/uploads\\\/image_from_ios_16.jpg\",\"contentUrl\":\"https:\\\/\\\/www.meydan.tv\\\/wp-content\\\/uploads\\\/image_from_ios_16.jpg\",\"width\":1004,\"height\":750,\"caption\":\"Source: Meydan TV\"},{\"@type\":\"BreadcrumbList\",\"@id\":\"https:\\\/\\\/www.meydan.tv\\\/az\\\/article\\\/sikayetci-adil-eliyev-pulsuzluqdan-ildir-qaz-yandirmiriq\\\/#breadcrumb\",\"itemListElement\":[{\"@type\":\"ListItem\",\"position\":1,\"name\":\"Ana s\u0259hif\u0259\",\"item\":\"https:\\\/\\\/www.meydan.tv\\\/az\\\/\"},{\"@type\":\"ListItem\",\"position\":2,\"name\":\"B\u00f6lg\u0259\",\"item\":\"https:\\\/\\\/www.meydan.tv\\\/az\\\/section\\\/bolge\\\/\"},{\"@type\":\"ListItem\",\"position\":3,\"name\":\"\u015eikay\u0259t\u00e7i Adil \u018fliyev: Pulsuzluqdan on ildir qaz yand\u0131rm\u0131r\u0131q\"}]},{\"@type\":\"WebSite\",\"@id\":\"https:\\\/\\\/www.meydan.tv\\\/az\\\/#website\",\"url\":\"https:\\\/\\\/www.meydan.tv\\\/az\\\/\",\"name\":\"MEYDAN.TV\",\"description\":\"Meydan TV Az\u0259rbaycan\u0131n media m\u0259kan\u0131ndak\u0131 alternativ s\u0259sidir\",\"publisher\":{\"@id\":\"https:\\\/\\\/www.meydan.tv\\\/az\\\/#organization\"},\"potentialAction\":[{\"@type\":\"SearchAction\",\"target\":{\"@type\":\"EntryPoint\",\"urlTemplate\":\"https:\\\/\\\/www.meydan.tv\\\/az\\\/?s={search_term_string}\"},\"query-input\":{\"@type\":\"PropertyValueSpecification\",\"valueRequired\":true,\"valueName\":\"search_term_string\"}}],\"inLanguage\":\"az\"},{\"@type\":\"Organization\",\"@id\":\"https:\\\/\\\/www.meydan.tv\\\/az\\\/#organization\",\"name\":\"Meydan TV\",\"url\":\"https:\\\/\\\/www.meydan.tv\\\/az\\\/\",\"logo\":{\"@type\":\"ImageObject\",\"inLanguage\":\"az\",\"@id\":\"https:\\\/\\\/www.meydan.tv\\\/az\\\/#\\\/schema\\\/logo\\\/image\\\/\",\"url\":\"https:\\\/\\\/www.meydan.tv\\\/wp-content\\\/uploads\\\/2021\\\/07\\\/meydan-logo.svg\",\"contentUrl\":\"https:\\\/\\\/www.meydan.tv\\\/wp-content\\\/uploads\\\/2021\\\/07\\\/meydan-logo.svg\",\"width\":195,\"height\":46,\"caption\":\"Meydan TV\"},\"image\":{\"@id\":\"https:\\\/\\\/www.meydan.tv\\\/az\\\/#\\\/schema\\\/logo\\\/image\\\/\"}},{\"@type\":\"Person\",\"@id\":\"https:\\\/\\\/www.meydan.tv\\\/az\\\/#\\\/schema\\\/person\\\/10d11eccf6da3662cf5fdab9806ea91a\",\"name\":\"user-manager\"}]}<\/script>\n<!-- \/ Yoast SEO plugin. -->","yoast_head_json":{"title":"\u015eikay\u0259t\u00e7i Adil \u018fliyev: Pulsuzluqdan on ildir qaz yand\u0131rm\u0131r\u0131q - MEYDAN.TV","robots":{"index":"index","follow":"follow","max-snippet":"max-snippet:-1","max-image-preview":"max-image-preview:large","max-video-preview":"max-video-preview:-1"},"canonical":"https:\/\/www.meydan.tv\/az\/article\/sikayetci-adil-eliyev-pulsuzluqdan-ildir-qaz-yandirmiriq\/","og_locale":"az_AZ","og_type":"article","og_title":"\u015eikay\u0259t\u00e7i Adil \u018fliyev: Pulsuzluqdan on ildir qaz yand\u0131rm\u0131r\u0131q - MEYDAN.TV","og_description":"\"H\u0259kiml\u0259r aya\u011f\u0131m\u0131 hiss\u0259-hiss\u0259 do\u011fray\u0131rlar\"","og_url":"https:\/\/www.meydan.tv\/az\/article\/sikayetci-adil-eliyev-pulsuzluqdan-ildir-qaz-yandirmiriq\/","og_site_name":"MEYDAN.TV","article_published_time":"2019-03-28T16:33:04+00:00","og_image":[{"width":1004,"height":750,"url":"https:\/\/www.meydan.tv\/wp-content\/uploads\/image_from_ios_16.jpg","type":"image\/jpeg"}],"author":"user-manager","twitter_card":"summary_large_image","schema":{"@context":"https:\/\/schema.org","@graph":[{"@type":"Article","@id":"https:\/\/www.meydan.tv\/az\/article\/sikayetci-adil-eliyev-pulsuzluqdan-ildir-qaz-yandirmiriq\/#article","isPartOf":{"@id":"https:\/\/www.meydan.tv\/az\/article\/sikayetci-adil-eliyev-pulsuzluqdan-ildir-qaz-yandirmiriq\/"},"author":{"name":"user-manager","@id":"https:\/\/www.meydan.tv\/az\/#\/schema\/person\/10d11eccf6da3662cf5fdab9806ea91a"},"headline":"\u015eikay\u0259t\u00e7i Adil \u018fliyev: Pulsuzluqdan on ildir qaz yand\u0131rm\u0131r\u0131q","datePublished":"2019-03-28T16:33:04+00:00","mainEntityOfPage":{"@id":"https:\/\/www.meydan.tv\/az\/article\/sikayetci-adil-eliyev-pulsuzluqdan-ildir-qaz-yandirmiriq\/"},"wordCount":1055,"publisher":{"@id":"https:\/\/www.meydan.tv\/az\/#organization"},"image":{"@id":"https:\/\/www.meydan.tv\/az\/article\/sikayetci-adil-eliyev-pulsuzluqdan-ildir-qaz-yandirmiriq\/#primaryimage"},"thumbnailUrl":"https:\/\/www.meydan.tv\/wp-content\/uploads\/image_from_ios_16.jpg","articleSection":["B\u00f6lg\u0259"],"inLanguage":"az"},{"@type":"WebPage","@id":"https:\/\/www.meydan.tv\/az\/article\/sikayetci-adil-eliyev-pulsuzluqdan-ildir-qaz-yandirmiriq\/","url":"https:\/\/www.meydan.tv\/az\/article\/sikayetci-adil-eliyev-pulsuzluqdan-ildir-qaz-yandirmiriq\/","name":"\u015eikay\u0259t\u00e7i Adil \u018fliyev: Pulsuzluqdan on ildir qaz yand\u0131rm\u0131r\u0131q - MEYDAN.TV","isPartOf":{"@id":"https:\/\/www.meydan.tv\/az\/#website"},"primaryImageOfPage":{"@id":"https:\/\/www.meydan.tv\/az\/article\/sikayetci-adil-eliyev-pulsuzluqdan-ildir-qaz-yandirmiriq\/#primaryimage"},"image":{"@id":"https:\/\/www.meydan.tv\/az\/article\/sikayetci-adil-eliyev-pulsuzluqdan-ildir-qaz-yandirmiriq\/#primaryimage"},"thumbnailUrl":"https:\/\/www.meydan.tv\/wp-content\/uploads\/image_from_ios_16.jpg","datePublished":"2019-03-28T16:33:04+00:00","breadcrumb":{"@id":"https:\/\/www.meydan.tv\/az\/article\/sikayetci-adil-eliyev-pulsuzluqdan-ildir-qaz-yandirmiriq\/#breadcrumb"},"inLanguage":"az","potentialAction":[{"@type":"ReadAction","target":["https:\/\/www.meydan.tv\/az\/article\/sikayetci-adil-eliyev-pulsuzluqdan-ildir-qaz-yandirmiriq\/"]}]},{"@type":"ImageObject","inLanguage":"az","@id":"https:\/\/www.meydan.tv\/az\/article\/sikayetci-adil-eliyev-pulsuzluqdan-ildir-qaz-yandirmiriq\/#primaryimage","url":"https:\/\/www.meydan.tv\/wp-content\/uploads\/image_from_ios_16.jpg","contentUrl":"https:\/\/www.meydan.tv\/wp-content\/uploads\/image_from_ios_16.jpg","width":1004,"height":750,"caption":"Source: Meydan TV"},{"@type":"BreadcrumbList","@id":"https:\/\/www.meydan.tv\/az\/article\/sikayetci-adil-eliyev-pulsuzluqdan-ildir-qaz-yandirmiriq\/#breadcrumb","itemListElement":[{"@type":"ListItem","position":1,"name":"Ana s\u0259hif\u0259","item":"https:\/\/www.meydan.tv\/az\/"},{"@type":"ListItem","position":2,"name":"B\u00f6lg\u0259","item":"https:\/\/www.meydan.tv\/az\/section\/bolge\/"},{"@type":"ListItem","position":3,"name":"\u015eikay\u0259t\u00e7i Adil \u018fliyev: Pulsuzluqdan on ildir qaz yand\u0131rm\u0131r\u0131q"}]},{"@type":"WebSite","@id":"https:\/\/www.meydan.tv\/az\/#website","url":"https:\/\/www.meydan.tv\/az\/","name":"MEYDAN.TV","description":"Meydan TV Az\u0259rbaycan\u0131n media m\u0259kan\u0131ndak\u0131 alternativ s\u0259sidir","publisher":{"@id":"https:\/\/www.meydan.tv\/az\/#organization"},"potentialAction":[{"@type":"SearchAction","target":{"@type":"EntryPoint","urlTemplate":"https:\/\/www.meydan.tv\/az\/?s={search_term_string}"},"query-input":{"@type":"PropertyValueSpecification","valueRequired":true,"valueName":"search_term_string"}}],"inLanguage":"az"},{"@type":"Organization","@id":"https:\/\/www.meydan.tv\/az\/#organization","name":"Meydan TV","url":"https:\/\/www.meydan.tv\/az\/","logo":{"@type":"ImageObject","inLanguage":"az","@id":"https:\/\/www.meydan.tv\/az\/#\/schema\/logo\/image\/","url":"https:\/\/www.meydan.tv\/wp-content\/uploads\/2021\/07\/meydan-logo.svg","contentUrl":"https:\/\/www.meydan.tv\/wp-content\/uploads\/2021\/07\/meydan-logo.svg","width":195,"height":46,"caption":"Meydan TV"},"image":{"@id":"https:\/\/www.meydan.tv\/az\/#\/schema\/logo\/image\/"}},{"@type":"Person","@id":"https:\/\/www.meydan.tv\/az\/#\/schema\/person\/10d11eccf6da3662cf5fdab9806ea91a","name":"user-manager"}]}},"_links":{"self":[{"href":"https:\/\/www.meydan.tv\/az\/wp-json\/wp\/v2\/posts\/194673","targetHints":{"allow":["GET"]}}],"collection":[{"href":"https:\/\/www.meydan.tv\/az\/wp-json\/wp\/v2\/posts"}],"about":[{"href":"https:\/\/www.meydan.tv\/az\/wp-json\/wp\/v2\/types\/post"}],"author":[{"embeddable":true,"href":"https:\/\/www.meydan.tv\/az\/wp-json\/wp\/v2\/users\/11"}],"replies":[{"embeddable":true,"href":"https:\/\/www.meydan.tv\/az\/wp-json\/wp\/v2\/comments?post=194673"}],"version-history":[{"count":0,"href":"https:\/\/www.meydan.tv\/az\/wp-json\/wp\/v2\/posts\/194673\/revisions"}],"wp:featuredmedia":[{"embeddable":true,"href":"https:\/\/www.meydan.tv\/az\/wp-json\/wp\/v2\/media\/120955"}],"wp:attachment":[{"href":"https:\/\/www.meydan.tv\/az\/wp-json\/wp\/v2\/media?parent=194673"}],"wp:term":[{"taxonomy":"category","embeddable":true,"href":"https:\/\/www.meydan.tv\/az\/wp-json\/wp\/v2\/categories?post=194673"},{"taxonomy":"post_tag","embeddable":true,"href":"https:\/\/www.meydan.tv\/az\/wp-json\/wp\/v2\/tags?post=194673"}],"curies":[{"name":"wp","href":"https:\/\/api.w.org\/{rel}","templated":true}]}}