{"id":194649,"date":"2019-03-27T13:45:30","date_gmt":"2019-03-27T13:45:30","guid":{"rendered":"https:\/\/www.meydan.tv\/article\/eqli-catismazligi-oldugu-deyilen-esgere-3-illik-hebs-cezasi-verilib\/"},"modified":"2019-03-27T13:45:30","modified_gmt":"2019-03-27T13:45:30","slug":"eqli-catismazligi-oldugu-deyilen-esgere-3-illik-hebs-cezasi-verilib","status":"publish","type":"post","link":"https:\/\/www.meydan.tv\/az\/article\/eqli-catismazligi-oldugu-deyilen-esgere-3-illik-hebs-cezasi-verilib\/","title":{"rendered":"\u018fqli \u00e7at\u0131\u015fmazl\u0131\u011f\u0131 oldu\u011fu deyil\u0259n \u0259sg\u0259r\u0259 3 illik h\u0259bs c\u0259zas\u0131 verilib"},"content":{"rendered":"<p>\n  \u018fsg\u0259r anas\u0131 deyir, pulsuzluqdan x\u0259st\u0259 \u00f6vlad\u0131n\u0131n h\u0259rbi xidm\u0259t\u0259 apar\u0131lmas\u0131na mane ola bilm\u0259yib, sonra da eyni s\u0259b\u0259bd\u0259n onu h\u0259bsd\u0259n qurtara bim\u0259yib\n<\/p>\n<p>\n  \u201cAndi\u00e7m\u0259d\u0259n \u0259vv\u0259l v\u0259 sonra h\u0259rbi hiss\u0259d\u0259n z\u0259ng vurub deyirdil\u0259r ki, bu u\u015fa\u011f\u0131 bura niy\u0259 yollay\u0131blar? Niy\u0259 mane olmam\u0131s\u0131z? Gedin, M\u00fcdafi\u0259 Nazirliyi il\u0259 dan\u0131\u015f\u0131n, u\u015fa\u011f\u0131 yoxlas\u0131nlar, bu u\u015faqda \u0259qli \u00e7at\u0131\u015fmazl\u0131q var. Burda ona \u00e7ox \u00e7\u0259tin olacaq\u201d.\n<\/p>\n<p>\n  X\u0131z\u0131dak\u0131 N sayl\u0131 h\u0259rbi hiss\u0259nin ke\u00e7mi\u015f \u0259sg\u0259ri, bu il fevral\u0131n 14-d\u0259 Bak\u0131 H\u0259rbi M\u0259hk\u0259m\u0259sinin h\u00f6km\u00fcyl\u0259 3 illik h\u0259bs\u0259 m\u0259hkum edilmi\u015f 18 ya\u015fl\u0131 H\u00fcseyn H\u00fcseynovun anas\u0131 M\u0259hs\u0259ti \u00c7obanzad\u0259 Meydan TV-y\u0259 m\u00fcraci\u0259t edib. O, bildirib ki, \u0259qli \u00e7at\u0131\u015fmazl\u0131\u011f\u0131 olan H\u00fcseyni r\u00fc\u015fv\u0259t verm\u0259diyi \u00fc\u00e7\u00fcn h\u0259rbi xidm\u0259t\u0259 apar\u0131blar. H\u0259r \u015fey d\u0259 bundan sonra ba\u015flay\u0131b.\n<\/p>\n<p>\n  <i><br \/>\n    \u201cYa\u015f artd\u0131qca, \u0259qli gerilik d\u0259 art\u0131r\u201d<br \/>\n  <\/i>\n<\/p>\n<p>\n  H\u00fcseyn Goranboyun Faxral\u0131 k\u0259ndind\u0259ndir. K\u0259nd sakinl\u0259ri onu fa\u011f\u0131r, \u0259qli c\u0259h\u0259td\u0259n z\u0259ifliyi olan birisi kimi tan\u0131y\u0131r. Dem\u0259l\u0259rin\u0259 g\u00f6r\u0259, bu, H\u00fcseynd\u0259 genetikdir, \u0259mil\u0259ri d\u0259 ruhi x\u0259st\u0259likd\u0259n \u0259ziyy\u0259t \u00e7\u0259kir. \u015e\u0259raitsiz bir komada s\u0259t\u0259lc\u0259m d\u0259 tutub. H\u0259tta bir d\u0259f\u0259 \u00f6ld\u00fcy\u00fcn\u00fc z\u0259nn edibl\u0259r. U\u015faql\u0131qda m\u00fcxt\u0259lif x\u0259st\u0259lilkl\u0259r ke\u00e7ir\u0259n H\u00fcseyn uzun m\u00fcdd\u0259t Az\u0259rbaycanda v\u0259 Rusiyada m\u00fcalic\u0259 olunub. Bir d\u0259f\u0259 \u00f6z\u00fcn\u00fc yand\u0131r\u0131b, anas\u0131n\u0131n dem\u0259sin\u0259 g\u00f6r\u0259, b\u0259d\u0259ninin \u0259lli faizi yan\u0131\u011fa m\u0259ruz qal\u0131b. M\u0259kt\u0259b\u0259 getm\u0259yib, h\u0259rf tan\u0131m\u0131r. Dan\u0131\u015fanda k\u0259k\u0259l\u0259yir. 16 ya\u015f\u0131ndan sonra \u0259qli gerilik \u00f6z\u00fcn\u00fc daha qabar\u0131q \u015f\u0259kild\u0259 b\u00fcruz\u0259 verm\u0259y\u0259 ba\u015flay\u0131b. H\u0259rbi xidm\u0259t\u0259 apar\u0131ld\u0131\u011f\u0131 ilk g\u00fcnl\u0259rd\u0259n h\u0259rbi hiss\u0259d\u0259n anaya z\u0259ngl\u0259r g\u0259lm\u0259y\u0259 ba\u015flay\u0131b. M\u0259hs\u0259ti xan\u0131m dan\u0131\u015f\u0131r:\n<\/p>\n<p>\n  \u201c\u00d6t\u0259n ilin aprelind\u0259 X\u0131z\u0131da \u2013 Sital\u00e7ayda xidm\u0259t\u0259 ba\u015flam\u0131\u015fd\u0131. Bir ne\u00e7\u0259 g\u00fcn sonra M\u00fcdafi\u0259 Nazirliyinin n\u00fcmay\u0259nd\u0259si z\u0259ng vurdu. Dedi ki, m\u0259ni h\u0259min h\u0259rbi hiss\u0259y\u0259 t\u0259z\u0259 g\u0259l\u0259n \u0259sg\u0259rl\u0259rl\u0259 s\u00f6hb\u0259t etm\u0259y\u0259 g\u00f6nd\u0259ribl\u0259r. \u018fsg\u0259rl\u0259rd\u0259n biri o\u011flunuz H\u00fcseyndir. O u\u015faqla s\u00f6hb\u0259t el\u0259dim, h\u0259rbi hiss\u0259d\u0259 ona \u00e7ox \u00e7\u0259tin olacaq, \u00e7\u00fcnki bura onun yeri deyil, \u0259qli \u00e7at\u0131\u015fmazl\u0131\u011f\u0131 var. \u00c7al\u0131\u015f\u0131n, u\u015fa\u011f\u0131 t\u0259rxis el\u0259tdirin. May\u0131n 10-da andi\u00e7m\u0259 m\u0259rasimi oldu, ondan sonra h\u0259rbi hiss\u0259nin t\u0259lim-t\u0259rbiy\u0259 i\u015fl\u0259ri \u00fczr\u0259 komandir m\u00fcavini d\u0259 z\u0259ng el\u0259di. O da eyni s\u00f6zl\u0259ri dedi, eyni m\u0259sl\u0259h\u0259tl\u0259ri verdi. Dedim, ax\u0131 g\u00fcc\u00fcm\u00fcz \u00e7atm\u0131r, pulumuz yoxdur, u\u015fa\u011f\u0131 nec\u0259 t\u0259rxis el\u0259tdir\u0259k? Dedi, biz d\u0259 \u00f6z t\u0259r\u0259fimizd\u0259n M\u00fcdafi\u0259 Nazirliyin\u0259 yaz\u0131r\u0131q ki, bu u\u015faq h\u0259rbi xidm\u0259t\u0259 yarars\u0131zd\u0131r, siz d\u0259 \u00f6z t\u0259r\u0259finizd\u0259n h\u0259r\u0259k\u0259t el\u0259yin, yaz\u0131qd\u0131r, m\u0259hv olacaq ortal\u0131qda&#8230;\u201d\n<\/p>\n<figure class=\"wp-block-image size-large\">\n  <img decoding=\"async\" src=\"https:\/\/www.meydan.tv\/az\/image_from_ios-jpg-13\/\" alt=\"image_from_ios.jpg\" class=\"wp-image-120889\"\/><figcaption>\n    \u018fsg\u0259r evi<br \/>\n  <\/figcaption><\/figure>\n<p>\n  <i><br \/>\n    \u201cPsixoloji testl\u0259rd\u0259n ke\u00e7\u0259 bilm\u0259yib\u201d<br \/>\n  <\/i>\n<\/p>\n<p>\n  Anan\u0131n s\u00f6zl\u0259rin\u0259 g\u00f6r\u0259, bir d\u0259f\u0259 d\u0259 M\u00fcdafi\u0259 Nazirliyind\u0259n h\u0259rbi hiss\u0259y\u0259 ged\u0259n psixoloq ona z\u0259ng vurub v\u0259 t\u0259xmin\u0259n eyni s\u00f6zl\u0259ri deyib. Bildirib ki, H\u00fcseyn psixoloji testl\u0259rd\u0259n ke\u00e7\u0259 bilm\u0259yib:\n<\/p>\n<p>\n  \u201cPsixoloq da dedi ki, bu u\u015fa\u011f\u0131n \u0259qli geriliyi var, h\u0259rbi xidm\u0259t\u0259 yaram\u0131r. M\u0259n d\u0259 bildirdim ki, u\u015faqda bu, genetikdir, \u0259mil\u0259ri d\u0259 ruhi x\u0259st\u0259dir, \u0259misi o\u011flanlar\u0131 k\u0259k\u0259l\u0259yir, H\u00fcseyn d\u0259 k\u0259k\u0259l\u0259yir. Bir d\u0259 g\u00f6r\u00fcrs\u0259n \u00e7oxdan \u00f6l\u00fcb-getmi\u015f yax\u0131nlarla saatlarla dan\u0131\u015f\u0131r, a\u011flay\u0131r, g\u00fcl\u00fcr&#8230; H\u00fcseyni Bak\u0131ya \u2013 M\u0259rk\u0259zi Hospitala g\u00f6nd\u0259rdil\u0259r, orda da \u015fifahi t\u0259sdiql\u0259dil\u0259r ki, bu u\u015faq h\u0259rbi xidm\u0259t\u0259 yarars\u0131zd\u0131r, s\u0259n\u0259di verm\u0259k \u00fc\u00e7\u00fcn pul ist\u0259dil\u0259r, dedim, m\u0259kt\u0259bd\u0259 xadim\u0259 i\u015fl\u0259yir\u0259m, bir tik\u0259 \u00e7\u00f6r\u0259y\u0259 g\u00f6r\u0259 onun-bunun evini y\u0131\u011f\u0131\u015fd\u0131r\u0131ram, m\u0259nd\u0259 pul n\u0259 g\u0259zir? U\u015faq x\u0259st\u0259dir, yaz\u0131n x\u0259st\u0259dir, verin, apar\u0131m ev\u0259. Bir d\u0259 e\u015fitdim ki, sa\u011flam kimi h\u0259rbi hiss\u0259y\u0259 qaytar\u0131blar\u201d.\n<\/p>\n<p>\n  \u201cZ\u0259r\u0259r\u00e7\u0259kmi\u015fl\u0259r \u015fikay\u0259t\u00e7i deyildi\u201d\n<\/p>\n<p>\n  H\u00fcseyn H\u00fcseynova qar\u015f\u0131 Cinay\u0259t M\u0259c\u0259ll\u0259sinin d\u00f6rd madd\u0259sinin m\u00fcxt\u0259lif hiss\u0259l\u0259riyl\u0259 ittihamlar ir\u0259li s\u00fcr\u00fcl\u00fcb. Z\u0259r\u0259r\u00e7\u0259kmi\u015f qismind\u0259 biri ta\u011f\u0131m komandiri olmaqla d\u00f6rd \u0259sg\u0259r yolda\u015f\u0131 tan\u0131n\u0131b. H\u00fcseyn H\u00fcseynov onlar\u0131 t\u0259hqir etm\u0259kd\u0259, x\u0259sar\u0259t yetirm\u0259kd\u0259 t\u0259qsirli bilinib.\n<\/p>\n<figure class=\"wp-block-image size-large\">\n  <img decoding=\"async\" src=\"https:\/\/www.meydan.tv\/az\/image_from_ios-2-jpg-10\/\" alt=\"image_from_ios (2).jpg\" class=\"wp-image-120892\"\/><figcaption>\n    H\u00fcseyn H\u00fcseynov<br \/>\n  <\/figcaption><\/figure>\n<p>\n  H\u00f6km s\u0259n\u0259dind\u0259 g\u00f6st\u0259rilir ki, \u00f6t\u0259n ilin may\u0131ndan H\u00fcseyn H\u00fcseynov h\u0259rbi hiss\u0259nin maddi-texniki t\u0259minat b\u00f6l\u00fcy\u00fcn\u00fcn t\u0259minat ta\u011f\u0131m\u0131n\u0131n a\u015fpaz\u0131 v\u0259zif\u0259sind\u0259, \u0259sg\u0259r h\u0259rbi r\u00fctb\u0259sind\u0259 xidm\u0259t etm\u0259y\u0259 ba\u015flay\u0131b. Ona veril\u0259n ittihama g\u00f6r\u0259, h\u0259rbi xidm\u0259td\u0259n boyun qa\u00e7\u0131rmaq m\u0259qs\u0259dil\u0259 \u00fc\u00e7 d\u0259f\u0259 &#8211; \u015f\u00fc\u015f\u0259 q\u0131r\u0131nt\u0131s\u0131 v\u0259 \u00fclg\u00fccl\u0259 qollar\u0131n\u0131 k\u0259sib. Bu, bir d\u0259f\u0259 iyunda, iki d\u0259f\u0259 sentyabrda t\u0259krarlan\u0131b. Daha bir ittihama g\u00f6r\u0259, iyulun 12-d\u0259 v\u0259 16-da ta\u011f\u0131m komandiri S\u0259rv\u0259r R\u0259himovun \u0259mrin\u0259 tabe olmay\u0131b, naryada \u00e7\u0131xmaqdan imtina edib, h\u0259rbi intizam\u0131 pozub, ta\u011f\u0131m komandirinin n\u00fcfuzunu sonuncunun tabeliyind\u0259ki ba\u015fqa \u0259sg\u0259rl\u0259rin yan\u0131nda a\u015fa\u011f\u0131lay\u0131b. Avqustun 5-d\u0259 \u0259sg\u0259r Anar Quluzad\u0259ni s\u00f6y\u00fcb, \u0259sg\u0259r Elmar \u0130smay\u0131lovu yumruqla vurub, onlar qa\u00e7maq ist\u0259dikd\u0259 arxalar\u0131nca b\u0131\u00e7aq at\u0131b. Oktyabr\u0131n 17-d\u0259 \u0259sg\u0259r yolda\u015f\u0131 Davud Davudovu s\u00f6y\u00fcb, yumruqla vurub. Z\u0259r\u0259r\u00e7\u0259kmi\u015fl\u0259r m\u0259hk\u0259m\u0259 ifad\u0259l\u0259rind\u0259 bildiribl\u0259r ki, H\u00fcseyn H\u00fcseynovdan \u015fikay\u0259t\u00e7i deyill\u0259r v\u0259 aralar\u0131nda bar\u0131\u015f\u0131q olub. H\u00fcseynin anas\u0131 deyir, z\u0259r\u0259r\u00e7\u0259kmi\u015fl\u0259r v\u0259 \u015fahidl\u0259r d\u0259 onun anlaqs\u0131z, \u0259qli c\u0259h\u0259td\u0259n geri qalm\u0131\u015f oldu\u011funu deyibl\u0259r:\n<\/p>\n<p>\n  \u201cM\u0259hk\u0259m\u0259d\u0259 deyirdil\u0259r ki, bu u\u015fa\u011f\u0131n yerini d\u0259 biz y\u0131\u011f\u0131rd\u0131q, bilirdik ki, y\u0131\u011fa bilmir, \u0259qli \u00e7at\u0131\u015fmazl\u0131\u011f\u0131 var. Ona h\u0259r \u015fey\u0259 g\u00fcz\u0259\u015ft\u0259 gedirdik. Biz ondan ilk g\u00fcnd\u0259n \u015fikay\u0259t\u00e7i olmam\u0131\u015f\u0131q, x\u0259st\u0259 u\u015faqd\u0131r. Bununla bel\u0259, z\u0259r\u0259r\u00e7\u0259kmi\u015fl\u0259rin, \u015fahidl\u0259rin dedikl\u0259ri protokola sal\u0131nmad\u0131. Prokuror H\u00fcseyn\u0259 5 il i\u015f ist\u0259di, hakim 3 il h\u0259bs c\u0259zas\u0131 k\u0259sdi\u201d.\n<\/p>\n<p>\n  <i><br \/>\n    \u201c20 g\u00fcn ruhi x\u0259st\u0259xanada yat\u0131b\u201d<br \/>\n  <\/i>\n<\/p>\n<p>\n  Ana deyir, h\u0259l\u0259 m\u0259hk\u0259m\u0259d\u0259n \u0259vv\u0259l \u2013 oktyabr ay\u0131nda H\u00fcseyn Ma\u015fta\u011fadak\u0131 1 sayl\u0131 Psixatriya X\u0259st\u0259xanas\u0131na g\u00f6nd\u0259rilib. 20 g\u00fcn x\u0259st\u0259xanada stasionar m\u00fcalic\u0259 olunub:\n<\/p>\n<figure class=\"wp-block-image size-large\">\n  <img decoding=\"async\" src=\"https:\/\/www.meydan.tv\/az\/image_from_ios-4-jpg-5\/\" alt=\"image_from_ios (4).jpg\" class=\"wp-image-120895\"\/><figcaption>\n    H\u00fcseyn H\u00fcseynov<br \/>\n  <\/figcaption><\/figure>\n<p>\n  \u201cM\u0259n\u0259 dedil\u0259r ki, bu u\u015faq h\u0259rbi xidm\u0259t\u0259 yarars\u0131zd\u0131r, \u00f6z\u00fcm\u00fcz hans\u0131 s\u0259n\u0259dl\u0259r laz\u0131md\u0131rsa, haz\u0131rlay\u0131b g\u00f6nd\u0259r\u0259c\u0259yik. 20 g\u00fcnd\u0259n sonra u\u015fa\u011fa \u201csa\u011flamd\u0131r, \u201ch\u0259rbi xidm\u0259t\u0259 yararl\u0131d\u0131r\u201d r\u0259yi veribl\u0259r, u\u015fa\u011f\u0131 h\u0259rbi hiss\u0259y\u0259 qaytar\u0131blar. X\u0259st\u0259xanadan bunun s\u0259b\u0259bi il\u0259 maraqlananda dedil\u0259r ki, ba\u015fqa c\u00fcr yazmaq m\u00fcmk\u00fcn deyildi, M\u0259rk\u0259zi Hospitaldan v\u0259 H\u0259rbi Prokuroluqdan t\u0259zyiq oldu, dedil\u0259r, u\u015fa\u011fa h\u0259rbi hospitalda \u201ch\u0259rbi xidm\u0259t\u0259 yararl\u0131\u201d r\u0259yi verilib, indi buna \u201cyarars\u0131zd\u0131r\u201d yazsan\u0131z, h\u0259rbi hospital\u0131n yalan\u0131n\u0131n \u00fcst\u00fc a\u00e7\u0131lacaq. Bel\u0259c\u0259, bir-birl\u0259rinin s\u00f6z\u00fcn\u00fc tutdular\u201d.\n<\/p>\n<p>\n  \u018fsg\u0259rin ail\u0259si yeni v\u0259kill\u0259 m\u00fcqavil\u0259 ba\u011flay\u0131b v\u0259 h\u00f6kmd\u0259n Sumqay\u0131t Apelyasiya M\u0259hk\u0259m\u0259sin\u0259 apelyasiya \u015fikay\u0259ti verm\u0259y\u0259 haz\u0131rla\u015f\u0131r.<\/p>\n","protected":false},"excerpt":{"rendered":"<p>\u018fsg\u0259rin ail\u0259si yeni v\u0259kill\u0259 m\u00fcqavil\u0259 ba\u011flay\u0131b v\u0259 h\u00f6kmd\u0259n Sumqay\u0131t Apelyasiya M\u0259hk\u0259m\u0259sin\u0259 apelyasiya \u015fikay\u0259ti verm\u0259y\u0259 haz\u0131rla\u015f\u0131r.<\/p>\n","protected":false},"author":11,"featured_media":120886,"comment_status":"closed","ping_status":"open","sticky":false,"template":"","format":"standard","meta":{"_acf_changed":false,"_sitemap_exclude":false,"_sitemap_priority":"","_sitemap_frequency":"","footnotes":""},"categories":[60],"tags":[],"class_list":["post-194649","post","type-post","status-publish","format-standard","has-post-thumbnail","hentry","category-bolge","infinite-scroll-item","generate-columns","tablet-grid-50","mobile-grid-100","grid-parent","grid-33","no-featured-image-padding"],"acf":[],"yoast_head":"<!-- This site is optimized with the Yoast SEO plugin v27.4 - https:\/\/yoast.com\/product\/yoast-seo-wordpress\/ -->\n<title>\u018fqli \u00e7at\u0131\u015fmazl\u0131\u011f\u0131 oldu\u011fu deyil\u0259n \u0259sg\u0259r\u0259 3 illik h\u0259bs c\u0259zas\u0131 verilib - MEYDAN.TV<\/title>\n<meta name=\"robots\" content=\"index, follow, max-snippet:-1, max-image-preview:large, max-video-preview:-1\" \/>\n<link rel=\"canonical\" href=\"https:\/\/www.meydan.tv\/az\/article\/eqli-catismazligi-oldugu-deyilen-esgere-3-illik-hebs-cezasi-verilib\/\" \/>\n<meta property=\"og:locale\" content=\"az_AZ\" \/>\n<meta property=\"og:type\" content=\"article\" \/>\n<meta property=\"og:title\" content=\"\u018fqli \u00e7at\u0131\u015fmazl\u0131\u011f\u0131 oldu\u011fu deyil\u0259n \u0259sg\u0259r\u0259 3 illik h\u0259bs c\u0259zas\u0131 verilib - MEYDAN.TV\" \/>\n<meta property=\"og:description\" content=\"\u018fsg\u0259rin ail\u0259si yeni v\u0259kill\u0259 m\u00fcqavil\u0259 ba\u011flay\u0131b v\u0259 h\u00f6kmd\u0259n Sumqay\u0131t Apelyasiya M\u0259hk\u0259m\u0259sin\u0259 apelyasiya \u015fikay\u0259ti verm\u0259y\u0259 haz\u0131rla\u015f\u0131r.\" \/>\n<meta property=\"og:url\" content=\"https:\/\/www.meydan.tv\/az\/article\/eqli-catismazligi-oldugu-deyilen-esgere-3-illik-hebs-cezasi-verilib\/\" \/>\n<meta property=\"og:site_name\" content=\"MEYDAN.TV\" \/>\n<meta property=\"article:published_time\" content=\"2019-03-27T13:45:30+00:00\" \/>\n<meta property=\"og:image\" content=\"https:\/\/www.meydan.tv\/wp-content\/uploads\/ana.jpg\" \/>\n\t<meta property=\"og:image:width\" content=\"1280\" \/>\n\t<meta property=\"og:image:height\" content=\"960\" \/>\n\t<meta property=\"og:image:type\" content=\"image\/jpeg\" \/>\n<meta name=\"author\" content=\"user-manager\" \/>\n<meta name=\"twitter:card\" content=\"summary_large_image\" \/>\n<script type=\"application\/ld+json\" class=\"yoast-schema-graph\">{\"@context\":\"https:\\\/\\\/schema.org\",\"@graph\":[{\"@type\":\"Article\",\"@id\":\"https:\\\/\\\/www.meydan.tv\\\/az\\\/article\\\/eqli-catismazligi-oldugu-deyilen-esgere-3-illik-hebs-cezasi-verilib\\\/#article\",\"isPartOf\":{\"@id\":\"https:\\\/\\\/www.meydan.tv\\\/az\\\/article\\\/eqli-catismazligi-oldugu-deyilen-esgere-3-illik-hebs-cezasi-verilib\\\/\"},\"author\":{\"name\":\"user-manager\",\"@id\":\"https:\\\/\\\/www.meydan.tv\\\/az\\\/#\\\/schema\\\/person\\\/10d11eccf6da3662cf5fdab9806ea91a\"},\"headline\":\"\u018fqli \u00e7at\u0131\u015fmazl\u0131\u011f\u0131 oldu\u011fu deyil\u0259n \u0259sg\u0259r\u0259 3 illik h\u0259bs c\u0259zas\u0131 verilib\",\"datePublished\":\"2019-03-27T13:45:30+00:00\",\"mainEntityOfPage\":{\"@id\":\"https:\\\/\\\/www.meydan.tv\\\/az\\\/article\\\/eqli-catismazligi-oldugu-deyilen-esgere-3-illik-hebs-cezasi-verilib\\\/\"},\"wordCount\":1422,\"publisher\":{\"@id\":\"https:\\\/\\\/www.meydan.tv\\\/az\\\/#organization\"},\"image\":{\"@id\":\"https:\\\/\\\/www.meydan.tv\\\/az\\\/article\\\/eqli-catismazligi-oldugu-deyilen-esgere-3-illik-hebs-cezasi-verilib\\\/#primaryimage\"},\"thumbnailUrl\":\"https:\\\/\\\/www.meydan.tv\\\/wp-content\\\/uploads\\\/ana.jpg\",\"articleSection\":[\"B\u00f6lg\u0259\"],\"inLanguage\":\"az\"},{\"@type\":\"WebPage\",\"@id\":\"https:\\\/\\\/www.meydan.tv\\\/az\\\/article\\\/eqli-catismazligi-oldugu-deyilen-esgere-3-illik-hebs-cezasi-verilib\\\/\",\"url\":\"https:\\\/\\\/www.meydan.tv\\\/az\\\/article\\\/eqli-catismazligi-oldugu-deyilen-esgere-3-illik-hebs-cezasi-verilib\\\/\",\"name\":\"\u018fqli \u00e7at\u0131\u015fmazl\u0131\u011f\u0131 oldu\u011fu deyil\u0259n \u0259sg\u0259r\u0259 3 illik h\u0259bs c\u0259zas\u0131 verilib - MEYDAN.TV\",\"isPartOf\":{\"@id\":\"https:\\\/\\\/www.meydan.tv\\\/az\\\/#website\"},\"primaryImageOfPage\":{\"@id\":\"https:\\\/\\\/www.meydan.tv\\\/az\\\/article\\\/eqli-catismazligi-oldugu-deyilen-esgere-3-illik-hebs-cezasi-verilib\\\/#primaryimage\"},\"image\":{\"@id\":\"https:\\\/\\\/www.meydan.tv\\\/az\\\/article\\\/eqli-catismazligi-oldugu-deyilen-esgere-3-illik-hebs-cezasi-verilib\\\/#primaryimage\"},\"thumbnailUrl\":\"https:\\\/\\\/www.meydan.tv\\\/wp-content\\\/uploads\\\/ana.jpg\",\"datePublished\":\"2019-03-27T13:45:30+00:00\",\"breadcrumb\":{\"@id\":\"https:\\\/\\\/www.meydan.tv\\\/az\\\/article\\\/eqli-catismazligi-oldugu-deyilen-esgere-3-illik-hebs-cezasi-verilib\\\/#breadcrumb\"},\"inLanguage\":\"az\",\"potentialAction\":[{\"@type\":\"ReadAction\",\"target\":[\"https:\\\/\\\/www.meydan.tv\\\/az\\\/article\\\/eqli-catismazligi-oldugu-deyilen-esgere-3-illik-hebs-cezasi-verilib\\\/\"]}]},{\"@type\":\"ImageObject\",\"inLanguage\":\"az\",\"@id\":\"https:\\\/\\\/www.meydan.tv\\\/az\\\/article\\\/eqli-catismazligi-oldugu-deyilen-esgere-3-illik-hebs-cezasi-verilib\\\/#primaryimage\",\"url\":\"https:\\\/\\\/www.meydan.tv\\\/wp-content\\\/uploads\\\/ana.jpg\",\"contentUrl\":\"https:\\\/\\\/www.meydan.tv\\\/wp-content\\\/uploads\\\/ana.jpg\",\"width\":1280,\"height\":960,\"caption\":\"Source: meydan tv\"},{\"@type\":\"BreadcrumbList\",\"@id\":\"https:\\\/\\\/www.meydan.tv\\\/az\\\/article\\\/eqli-catismazligi-oldugu-deyilen-esgere-3-illik-hebs-cezasi-verilib\\\/#breadcrumb\",\"itemListElement\":[{\"@type\":\"ListItem\",\"position\":1,\"name\":\"Ana s\u0259hif\u0259\",\"item\":\"https:\\\/\\\/www.meydan.tv\\\/az\\\/\"},{\"@type\":\"ListItem\",\"position\":2,\"name\":\"B\u00f6lg\u0259\",\"item\":\"https:\\\/\\\/www.meydan.tv\\\/az\\\/section\\\/bolge\\\/\"},{\"@type\":\"ListItem\",\"position\":3,\"name\":\"\u018fqli \u00e7at\u0131\u015fmazl\u0131\u011f\u0131 oldu\u011fu deyil\u0259n \u0259sg\u0259r\u0259 3 illik h\u0259bs c\u0259zas\u0131 verilib\"}]},{\"@type\":\"WebSite\",\"@id\":\"https:\\\/\\\/www.meydan.tv\\\/az\\\/#website\",\"url\":\"https:\\\/\\\/www.meydan.tv\\\/az\\\/\",\"name\":\"MEYDAN.TV\",\"description\":\"Meydan TV Az\u0259rbaycan\u0131n media m\u0259kan\u0131ndak\u0131 alternativ s\u0259sidir\",\"publisher\":{\"@id\":\"https:\\\/\\\/www.meydan.tv\\\/az\\\/#organization\"},\"potentialAction\":[{\"@type\":\"SearchAction\",\"target\":{\"@type\":\"EntryPoint\",\"urlTemplate\":\"https:\\\/\\\/www.meydan.tv\\\/az\\\/?s={search_term_string}\"},\"query-input\":{\"@type\":\"PropertyValueSpecification\",\"valueRequired\":true,\"valueName\":\"search_term_string\"}}],\"inLanguage\":\"az\"},{\"@type\":\"Organization\",\"@id\":\"https:\\\/\\\/www.meydan.tv\\\/az\\\/#organization\",\"name\":\"Meydan TV\",\"url\":\"https:\\\/\\\/www.meydan.tv\\\/az\\\/\",\"logo\":{\"@type\":\"ImageObject\",\"inLanguage\":\"az\",\"@id\":\"https:\\\/\\\/www.meydan.tv\\\/az\\\/#\\\/schema\\\/logo\\\/image\\\/\",\"url\":\"https:\\\/\\\/www.meydan.tv\\\/wp-content\\\/uploads\\\/2021\\\/07\\\/meydan-logo.svg\",\"contentUrl\":\"https:\\\/\\\/www.meydan.tv\\\/wp-content\\\/uploads\\\/2021\\\/07\\\/meydan-logo.svg\",\"width\":195,\"height\":46,\"caption\":\"Meydan TV\"},\"image\":{\"@id\":\"https:\\\/\\\/www.meydan.tv\\\/az\\\/#\\\/schema\\\/logo\\\/image\\\/\"}},{\"@type\":\"Person\",\"@id\":\"https:\\\/\\\/www.meydan.tv\\\/az\\\/#\\\/schema\\\/person\\\/10d11eccf6da3662cf5fdab9806ea91a\",\"name\":\"user-manager\"}]}<\/script>\n<!-- \/ Yoast SEO plugin. -->","yoast_head_json":{"title":"\u018fqli \u00e7at\u0131\u015fmazl\u0131\u011f\u0131 oldu\u011fu deyil\u0259n \u0259sg\u0259r\u0259 3 illik h\u0259bs c\u0259zas\u0131 verilib - MEYDAN.TV","robots":{"index":"index","follow":"follow","max-snippet":"max-snippet:-1","max-image-preview":"max-image-preview:large","max-video-preview":"max-video-preview:-1"},"canonical":"https:\/\/www.meydan.tv\/az\/article\/eqli-catismazligi-oldugu-deyilen-esgere-3-illik-hebs-cezasi-verilib\/","og_locale":"az_AZ","og_type":"article","og_title":"\u018fqli \u00e7at\u0131\u015fmazl\u0131\u011f\u0131 oldu\u011fu deyil\u0259n \u0259sg\u0259r\u0259 3 illik h\u0259bs c\u0259zas\u0131 verilib - MEYDAN.TV","og_description":"\u018fsg\u0259rin ail\u0259si yeni v\u0259kill\u0259 m\u00fcqavil\u0259 ba\u011flay\u0131b v\u0259 h\u00f6kmd\u0259n Sumqay\u0131t Apelyasiya M\u0259hk\u0259m\u0259sin\u0259 apelyasiya \u015fikay\u0259ti verm\u0259y\u0259 haz\u0131rla\u015f\u0131r.","og_url":"https:\/\/www.meydan.tv\/az\/article\/eqli-catismazligi-oldugu-deyilen-esgere-3-illik-hebs-cezasi-verilib\/","og_site_name":"MEYDAN.TV","article_published_time":"2019-03-27T13:45:30+00:00","og_image":[{"width":1280,"height":960,"url":"https:\/\/www.meydan.tv\/wp-content\/uploads\/ana.jpg","type":"image\/jpeg"}],"author":"user-manager","twitter_card":"summary_large_image","schema":{"@context":"https:\/\/schema.org","@graph":[{"@type":"Article","@id":"https:\/\/www.meydan.tv\/az\/article\/eqli-catismazligi-oldugu-deyilen-esgere-3-illik-hebs-cezasi-verilib\/#article","isPartOf":{"@id":"https:\/\/www.meydan.tv\/az\/article\/eqli-catismazligi-oldugu-deyilen-esgere-3-illik-hebs-cezasi-verilib\/"},"author":{"name":"user-manager","@id":"https:\/\/www.meydan.tv\/az\/#\/schema\/person\/10d11eccf6da3662cf5fdab9806ea91a"},"headline":"\u018fqli \u00e7at\u0131\u015fmazl\u0131\u011f\u0131 oldu\u011fu deyil\u0259n \u0259sg\u0259r\u0259 3 illik h\u0259bs c\u0259zas\u0131 verilib","datePublished":"2019-03-27T13:45:30+00:00","mainEntityOfPage":{"@id":"https:\/\/www.meydan.tv\/az\/article\/eqli-catismazligi-oldugu-deyilen-esgere-3-illik-hebs-cezasi-verilib\/"},"wordCount":1422,"publisher":{"@id":"https:\/\/www.meydan.tv\/az\/#organization"},"image":{"@id":"https:\/\/www.meydan.tv\/az\/article\/eqli-catismazligi-oldugu-deyilen-esgere-3-illik-hebs-cezasi-verilib\/#primaryimage"},"thumbnailUrl":"https:\/\/www.meydan.tv\/wp-content\/uploads\/ana.jpg","articleSection":["B\u00f6lg\u0259"],"inLanguage":"az"},{"@type":"WebPage","@id":"https:\/\/www.meydan.tv\/az\/article\/eqli-catismazligi-oldugu-deyilen-esgere-3-illik-hebs-cezasi-verilib\/","url":"https:\/\/www.meydan.tv\/az\/article\/eqli-catismazligi-oldugu-deyilen-esgere-3-illik-hebs-cezasi-verilib\/","name":"\u018fqli \u00e7at\u0131\u015fmazl\u0131\u011f\u0131 oldu\u011fu deyil\u0259n \u0259sg\u0259r\u0259 3 illik h\u0259bs c\u0259zas\u0131 verilib - MEYDAN.TV","isPartOf":{"@id":"https:\/\/www.meydan.tv\/az\/#website"},"primaryImageOfPage":{"@id":"https:\/\/www.meydan.tv\/az\/article\/eqli-catismazligi-oldugu-deyilen-esgere-3-illik-hebs-cezasi-verilib\/#primaryimage"},"image":{"@id":"https:\/\/www.meydan.tv\/az\/article\/eqli-catismazligi-oldugu-deyilen-esgere-3-illik-hebs-cezasi-verilib\/#primaryimage"},"thumbnailUrl":"https:\/\/www.meydan.tv\/wp-content\/uploads\/ana.jpg","datePublished":"2019-03-27T13:45:30+00:00","breadcrumb":{"@id":"https:\/\/www.meydan.tv\/az\/article\/eqli-catismazligi-oldugu-deyilen-esgere-3-illik-hebs-cezasi-verilib\/#breadcrumb"},"inLanguage":"az","potentialAction":[{"@type":"ReadAction","target":["https:\/\/www.meydan.tv\/az\/article\/eqli-catismazligi-oldugu-deyilen-esgere-3-illik-hebs-cezasi-verilib\/"]}]},{"@type":"ImageObject","inLanguage":"az","@id":"https:\/\/www.meydan.tv\/az\/article\/eqli-catismazligi-oldugu-deyilen-esgere-3-illik-hebs-cezasi-verilib\/#primaryimage","url":"https:\/\/www.meydan.tv\/wp-content\/uploads\/ana.jpg","contentUrl":"https:\/\/www.meydan.tv\/wp-content\/uploads\/ana.jpg","width":1280,"height":960,"caption":"Source: meydan tv"},{"@type":"BreadcrumbList","@id":"https:\/\/www.meydan.tv\/az\/article\/eqli-catismazligi-oldugu-deyilen-esgere-3-illik-hebs-cezasi-verilib\/#breadcrumb","itemListElement":[{"@type":"ListItem","position":1,"name":"Ana s\u0259hif\u0259","item":"https:\/\/www.meydan.tv\/az\/"},{"@type":"ListItem","position":2,"name":"B\u00f6lg\u0259","item":"https:\/\/www.meydan.tv\/az\/section\/bolge\/"},{"@type":"ListItem","position":3,"name":"\u018fqli \u00e7at\u0131\u015fmazl\u0131\u011f\u0131 oldu\u011fu deyil\u0259n \u0259sg\u0259r\u0259 3 illik h\u0259bs c\u0259zas\u0131 verilib"}]},{"@type":"WebSite","@id":"https:\/\/www.meydan.tv\/az\/#website","url":"https:\/\/www.meydan.tv\/az\/","name":"MEYDAN.TV","description":"Meydan TV Az\u0259rbaycan\u0131n media m\u0259kan\u0131ndak\u0131 alternativ s\u0259sidir","publisher":{"@id":"https:\/\/www.meydan.tv\/az\/#organization"},"potentialAction":[{"@type":"SearchAction","target":{"@type":"EntryPoint","urlTemplate":"https:\/\/www.meydan.tv\/az\/?s={search_term_string}"},"query-input":{"@type":"PropertyValueSpecification","valueRequired":true,"valueName":"search_term_string"}}],"inLanguage":"az"},{"@type":"Organization","@id":"https:\/\/www.meydan.tv\/az\/#organization","name":"Meydan TV","url":"https:\/\/www.meydan.tv\/az\/","logo":{"@type":"ImageObject","inLanguage":"az","@id":"https:\/\/www.meydan.tv\/az\/#\/schema\/logo\/image\/","url":"https:\/\/www.meydan.tv\/wp-content\/uploads\/2021\/07\/meydan-logo.svg","contentUrl":"https:\/\/www.meydan.tv\/wp-content\/uploads\/2021\/07\/meydan-logo.svg","width":195,"height":46,"caption":"Meydan TV"},"image":{"@id":"https:\/\/www.meydan.tv\/az\/#\/schema\/logo\/image\/"}},{"@type":"Person","@id":"https:\/\/www.meydan.tv\/az\/#\/schema\/person\/10d11eccf6da3662cf5fdab9806ea91a","name":"user-manager"}]}},"_links":{"self":[{"href":"https:\/\/www.meydan.tv\/az\/wp-json\/wp\/v2\/posts\/194649","targetHints":{"allow":["GET"]}}],"collection":[{"href":"https:\/\/www.meydan.tv\/az\/wp-json\/wp\/v2\/posts"}],"about":[{"href":"https:\/\/www.meydan.tv\/az\/wp-json\/wp\/v2\/types\/post"}],"author":[{"embeddable":true,"href":"https:\/\/www.meydan.tv\/az\/wp-json\/wp\/v2\/users\/11"}],"replies":[{"embeddable":true,"href":"https:\/\/www.meydan.tv\/az\/wp-json\/wp\/v2\/comments?post=194649"}],"version-history":[{"count":0,"href":"https:\/\/www.meydan.tv\/az\/wp-json\/wp\/v2\/posts\/194649\/revisions"}],"wp:featuredmedia":[{"embeddable":true,"href":"https:\/\/www.meydan.tv\/az\/wp-json\/wp\/v2\/media\/120886"}],"wp:attachment":[{"href":"https:\/\/www.meydan.tv\/az\/wp-json\/wp\/v2\/media?parent=194649"}],"wp:term":[{"taxonomy":"category","embeddable":true,"href":"https:\/\/www.meydan.tv\/az\/wp-json\/wp\/v2\/categories?post=194649"},{"taxonomy":"post_tag","embeddable":true,"href":"https:\/\/www.meydan.tv\/az\/wp-json\/wp\/v2\/tags?post=194649"}],"curies":[{"name":"wp","href":"https:\/\/api.w.org\/{rel}","templated":true}]}}