{"id":194646,"date":"2019-03-27T13:17:59","date_gmt":"2019-03-27T13:17:59","guid":{"rendered":"https:\/\/www.meydan.tv\/article\/700-yasli-saxendan-turbesi-baximsiz-durumdadir\/"},"modified":"2019-03-27T13:17:59","modified_gmt":"2019-03-27T13:17:59","slug":"700-yasli-saxendan-turbesi-baximsiz-durumdadir","status":"publish","type":"post","link":"https:\/\/www.meydan.tv\/az\/article\/700-yasli-saxendan-turbesi-baximsiz-durumdadir\/","title":{"rendered":"&#8221;700 ya\u015fl\u0131 \u015eax\u0259ndan t\u00fcrb\u0259si bax\u0131ms\u0131z durumdad\u0131r&#8221;"},"content":{"rendered":"<p>\n  Rafael Ta\u011f\u0131zad\u0259: &#x27;&#x27;N\u0259simi ili il\u0259 \u0259laq\u0259dar olaraq t\u00fcrb\u0259d\u0259 t\u0259mir-b\u0259rpa i\u015fl\u0259ri g\u00f6r\u00fcl\u0259c\u0259k&#x27;&#x27;\n<\/p>\n<p>\n  \u201cBu q\u0259bristanl\u0131\u011f\u0131n yeddi y\u00fcz ya\u015f\u0131 var. \u0130mad\u0259ddin N\u0259siminin qarda\u015f\u0131 \u015eax\u0259ndan\u0131n m\u0259zar\u0131 da buradad\u0131r. T\u0259\u0259ss\u00fcf ki, \u015eax\u0259ndan\u0131n q\u0259bri v\u0259 t\u00fcrb\u0259si bax\u0131ms\u0131z v\u0259ziyy\u0259td\u0259dir\u201d.\n<\/p>\n<p>\n  Bu s\u00f6zl\u0259ri Meydan TV-y\u0259 \u015eamax\u0131 \u015f\u0259h\u0259r sakini Anar V\u0259liyev deyir. Onun s\u00f6zl\u0259rin\u0259 g\u00f6r\u0259, \u015fair Seyid \u018fzim \u015eirvaninin d\u0259 d\u0259fn olundu\u011fu \u015eax\u0259ndan q\u0259bristanl\u0131\u011f\u0131 haz\u0131rda bax\u0131ms\u0131z durumdad\u0131r:\n<\/p>\n<p>\n  \u201c\u018fsas da \u015eax\u0259ndan t\u00fcrb\u0259si, ac\u0131nacaql\u0131 v\u0259ziyy\u0259td\u0259dir. Burada Az\u0259rbaycan\u0131n g\u00f6rk\u0259mli \u015f\u0259xsiyy\u0259tl\u0259ri d\u0259fn olunub. Q\u0259bristanl\u0131qda on d\u00f6rd\u00fcnc\u00fc \u0259sr\u0259 aid m\u0259zar da\u015flar\u0131 var. G\u00f6rk\u0259mli ail\u0259l\u0259r\u0259 m\u0259nsub oldu\u011fu dan\u0131lmazd\u0131r. Amma ham\u0131s\u0131 bax\u0131ms\u0131zl\u0131qdan itib-bat\u0131r, torpa\u011fa qar\u0131\u015f\u0131r. \u015eax\u0259ndan \u0130mad\u0259ddin N\u0259simi il\u0259 birlikd\u0259 \u015eamax\u0131da poeziya v\u0259 musiqi h\u0259v\u0259skarlar\u0131 \u00fc\u00e7\u00fcn \u201cM\u0259clis-\u0259\u015f-\u015f\u00fcara\u201d qurmu\u015fdu. N\u0259simi sufiliyin bir qolu olan h\u00fcrufilik ideyalar\u0131n\u0131 yaymaq m\u0259qs\u0259dil\u0259 \u015eamax\u0131n\u0131 t\u0259rk etdikd\u0259n sonra m\u0259clisi qarda\u015f\u0131 \u015eax\u0259ndan idar\u0259 edirdi. \u015eax\u0259ndan on d\u00f6rd\u00fcnc\u00fc \u0259srin sonlar\u0131nda cavan ya\u015flar\u0131nda v\u0259fat edib. \u015eax\u0259ndan t\u00fcrb\u0259si \u015eamax\u0131 \u015f\u0259h\u0259rinin \u0259n m\u00fcq\u0259dd\u0259s yerl\u0259rind\u0259n biri say\u0131l\u0131r. Haz\u0131rda bura \u00e7oxlu sayda turist ax\u0131n\u0131 var. Lakin \u00f6z\u00fcn\u00fcz d\u0259 g\u00f6r\u00fcrs\u00fcn\u00fcz ki, ist\u0259r t\u00fcrb\u0259, ist\u0259rs\u0259 d\u0259 q\u0259bir da\u015f\u0131 ac\u0131nacaql\u0131 v\u0259ziyy\u0259td\u0259dir\u201d.\n<\/p>\n<figure class=\"wp-block-image size-large\">\n  <img decoding=\"async\" src=\"https:\/\/www.meydan.tv\/az\/_mg_8164-jpg\/\" alt=\"_mg_8164.jpg\" class=\"wp-image-120871\"\/><figcaption>\n    t\u00fcrb\u0259nin i\u00e7i<br \/>\n  <\/figcaption><\/figure>\n<p>\n  \u0130smay\u0131ll\u0131 Regional M\u0259d\u0259niyy\u0259t \u0130dar\u0259sinin \u015eamax\u0131 rayonu \u00fczr\u0259 r\u0259hb\u0259ri Rafael Ta\u011f\u0131zad\u0259 Meydan TV-y\u0259 bildirib ki, N\u0259simi ili il\u0259 \u0259laq\u0259dar olaraq \u015eax\u0259ndan t\u00fcrb\u0259sind\u0259 t\u0259mir-b\u0259rpa i\u015fl\u0259ri g\u00f6r\u00fcl\u0259c\u0259k.\n<\/p>\n<p>\n  M\u0259d\u0259niyy\u0259t Nazirliyi yan\u0131nda M\u0259d\u0259ni \u0130rsin Qorunmas\u0131, \u0130nki\u015faf\u0131 v\u0259 B\u0259rpas\u0131 \u00fczr\u0259 D\u00f6vl\u0259t Xidm\u0259tind\u0259n is\u0259 Meydan TV \u0259m\u0259kda\u015f\u0131na \u201cM\u0259d\u0259niyy\u0259t Nazirliyinin d\u00f6vl\u0259t xidm\u0259ti olaraq bizim planda yoxdur. Amma Heyd\u0259r \u018fliyev Fondu t\u0259r\u0259find\u0259n h\u0259min t\u00fcrb\u0259nin v\u0259 m\u0259zar\u0131n t\u0259miri n\u0259z\u0259rd\u0259 tutulub\u201d,- dey\u0259 bildirilib.<\/p>\n","protected":false},"excerpt":{"rendered":"<p>\u0130smay\u0131ll\u0131 Regional M\u0259d\u0259niyy\u0259t \u0130dar\u0259sinin \u015eamax\u0131 rayonu \u00fczr\u0259 r\u0259hb\u0259ri Rafael Ta\u011f\u0131zad\u0259 Meydan TV-y\u0259 bildirib ki, N\u0259simi ili il\u0259 \u0259laq\u0259dar olaraq \u015eax\u0259ndan t\u00fcrb\u0259sind\u0259 t\u0259mir-b\u0259rpa i\u015fl\u0259ri g\u00f6r\u00fcl\u0259c\u0259k.<\/p>\n","protected":false},"author":11,"featured_media":120874,"comment_status":"closed","ping_status":"open","sticky":false,"template":"","format":"standard","meta":{"_acf_changed":false,"_sitemap_exclude":false,"_sitemap_priority":"","_sitemap_frequency":"","footnotes":""},"categories":[60],"tags":[],"class_list":["post-194646","post","type-post","status-publish","format-standard","has-post-thumbnail","hentry","category-bolge","infinite-scroll-item","generate-columns","tablet-grid-50","mobile-grid-100","grid-parent","grid-33","no-featured-image-padding"],"acf":[],"yoast_head":"<!-- This site is optimized with the Yoast SEO plugin v27.4 - https:\/\/yoast.com\/product\/yoast-seo-wordpress\/ -->\n<title>&#039;&#039;700 ya\u015fl\u0131 \u015eax\u0259ndan t\u00fcrb\u0259si bax\u0131ms\u0131z durumdad\u0131r&#039;&#039; - MEYDAN.TV<\/title>\n<meta name=\"robots\" content=\"index, follow, max-snippet:-1, max-image-preview:large, max-video-preview:-1\" \/>\n<link rel=\"canonical\" href=\"https:\/\/www.meydan.tv\/az\/article\/700-yasli-saxendan-turbesi-baximsiz-durumdadir\/\" \/>\n<meta property=\"og:locale\" content=\"az_AZ\" \/>\n<meta property=\"og:type\" content=\"article\" \/>\n<meta property=\"og:title\" content=\"&#039;&#039;700 ya\u015fl\u0131 \u015eax\u0259ndan t\u00fcrb\u0259si bax\u0131ms\u0131z durumdad\u0131r&#039;&#039; - MEYDAN.TV\" \/>\n<meta property=\"og:description\" content=\"\u0130smay\u0131ll\u0131 Regional M\u0259d\u0259niyy\u0259t \u0130dar\u0259sinin \u015eamax\u0131 rayonu \u00fczr\u0259 r\u0259hb\u0259ri Rafael Ta\u011f\u0131zad\u0259 Meydan TV-y\u0259 bildirib ki, N\u0259simi ili il\u0259 \u0259laq\u0259dar olaraq \u015eax\u0259ndan t\u00fcrb\u0259sind\u0259 t\u0259mir-b\u0259rpa i\u015fl\u0259ri g\u00f6r\u00fcl\u0259c\u0259k.\" \/>\n<meta property=\"og:url\" content=\"https:\/\/www.meydan.tv\/az\/article\/700-yasli-saxendan-turbesi-baximsiz-durumdadir\/\" \/>\n<meta property=\"og:site_name\" content=\"MEYDAN.TV\" \/>\n<meta property=\"article:published_time\" content=\"2019-03-27T13:17:59+00:00\" \/>\n<meta property=\"og:image\" content=\"https:\/\/www.meydan.tv\/wp-content\/uploads\/turbee.jpg\" \/>\n\t<meta property=\"og:image:width\" content=\"789\" \/>\n\t<meta property=\"og:image:height\" content=\"1184\" \/>\n\t<meta property=\"og:image:type\" content=\"image\/jpeg\" \/>\n<meta name=\"author\" content=\"user-manager\" \/>\n<meta name=\"twitter:card\" content=\"summary_large_image\" \/>\n<script type=\"application\/ld+json\" class=\"yoast-schema-graph\">{\"@context\":\"https:\\\/\\\/schema.org\",\"@graph\":[{\"@type\":\"Article\",\"@id\":\"https:\\\/\\\/www.meydan.tv\\\/az\\\/article\\\/700-yasli-saxendan-turbesi-baximsiz-durumdadir\\\/#article\",\"isPartOf\":{\"@id\":\"https:\\\/\\\/www.meydan.tv\\\/az\\\/article\\\/700-yasli-saxendan-turbesi-baximsiz-durumdadir\\\/\"},\"author\":{\"name\":\"user-manager\",\"@id\":\"https:\\\/\\\/www.meydan.tv\\\/az\\\/#\\\/schema\\\/person\\\/10d11eccf6da3662cf5fdab9806ea91a\"},\"headline\":\"&#8221;700 ya\u015fl\u0131 \u015eax\u0259ndan t\u00fcrb\u0259si bax\u0131ms\u0131z durumdad\u0131r&#8221;\",\"datePublished\":\"2019-03-27T13:17:59+00:00\",\"mainEntityOfPage\":{\"@id\":\"https:\\\/\\\/www.meydan.tv\\\/az\\\/article\\\/700-yasli-saxendan-turbesi-baximsiz-durumdadir\\\/\"},\"wordCount\":432,\"publisher\":{\"@id\":\"https:\\\/\\\/www.meydan.tv\\\/az\\\/#organization\"},\"image\":{\"@id\":\"https:\\\/\\\/www.meydan.tv\\\/az\\\/article\\\/700-yasli-saxendan-turbesi-baximsiz-durumdadir\\\/#primaryimage\"},\"thumbnailUrl\":\"https:\\\/\\\/www.meydan.tv\\\/wp-content\\\/uploads\\\/turbee.jpg\",\"articleSection\":[\"B\u00f6lg\u0259\"],\"inLanguage\":\"az\"},{\"@type\":\"WebPage\",\"@id\":\"https:\\\/\\\/www.meydan.tv\\\/az\\\/article\\\/700-yasli-saxendan-turbesi-baximsiz-durumdadir\\\/\",\"url\":\"https:\\\/\\\/www.meydan.tv\\\/az\\\/article\\\/700-yasli-saxendan-turbesi-baximsiz-durumdadir\\\/\",\"name\":\"''700 ya\u015fl\u0131 \u015eax\u0259ndan t\u00fcrb\u0259si bax\u0131ms\u0131z durumdad\u0131r'' - MEYDAN.TV\",\"isPartOf\":{\"@id\":\"https:\\\/\\\/www.meydan.tv\\\/az\\\/#website\"},\"primaryImageOfPage\":{\"@id\":\"https:\\\/\\\/www.meydan.tv\\\/az\\\/article\\\/700-yasli-saxendan-turbesi-baximsiz-durumdadir\\\/#primaryimage\"},\"image\":{\"@id\":\"https:\\\/\\\/www.meydan.tv\\\/az\\\/article\\\/700-yasli-saxendan-turbesi-baximsiz-durumdadir\\\/#primaryimage\"},\"thumbnailUrl\":\"https:\\\/\\\/www.meydan.tv\\\/wp-content\\\/uploads\\\/turbee.jpg\",\"datePublished\":\"2019-03-27T13:17:59+00:00\",\"breadcrumb\":{\"@id\":\"https:\\\/\\\/www.meydan.tv\\\/az\\\/article\\\/700-yasli-saxendan-turbesi-baximsiz-durumdadir\\\/#breadcrumb\"},\"inLanguage\":\"az\",\"potentialAction\":[{\"@type\":\"ReadAction\",\"target\":[\"https:\\\/\\\/www.meydan.tv\\\/az\\\/article\\\/700-yasli-saxendan-turbesi-baximsiz-durumdadir\\\/\"]}]},{\"@type\":\"ImageObject\",\"inLanguage\":\"az\",\"@id\":\"https:\\\/\\\/www.meydan.tv\\\/az\\\/article\\\/700-yasli-saxendan-turbesi-baximsiz-durumdadir\\\/#primaryimage\",\"url\":\"https:\\\/\\\/www.meydan.tv\\\/wp-content\\\/uploads\\\/turbee.jpg\",\"contentUrl\":\"https:\\\/\\\/www.meydan.tv\\\/wp-content\\\/uploads\\\/turbee.jpg\",\"width\":789,\"height\":1184,\"caption\":\"Source: meydan tv\"},{\"@type\":\"BreadcrumbList\",\"@id\":\"https:\\\/\\\/www.meydan.tv\\\/az\\\/article\\\/700-yasli-saxendan-turbesi-baximsiz-durumdadir\\\/#breadcrumb\",\"itemListElement\":[{\"@type\":\"ListItem\",\"position\":1,\"name\":\"Ana s\u0259hif\u0259\",\"item\":\"https:\\\/\\\/www.meydan.tv\\\/az\\\/\"},{\"@type\":\"ListItem\",\"position\":2,\"name\":\"B\u00f6lg\u0259\",\"item\":\"https:\\\/\\\/www.meydan.tv\\\/az\\\/section\\\/bolge\\\/\"},{\"@type\":\"ListItem\",\"position\":3,\"name\":\"&#8221;700 ya\u015fl\u0131 \u015eax\u0259ndan t\u00fcrb\u0259si bax\u0131ms\u0131z durumdad\u0131r&#8221;\"}]},{\"@type\":\"WebSite\",\"@id\":\"https:\\\/\\\/www.meydan.tv\\\/az\\\/#website\",\"url\":\"https:\\\/\\\/www.meydan.tv\\\/az\\\/\",\"name\":\"MEYDAN.TV\",\"description\":\"Meydan TV Az\u0259rbaycan\u0131n media m\u0259kan\u0131ndak\u0131 alternativ s\u0259sidir\",\"publisher\":{\"@id\":\"https:\\\/\\\/www.meydan.tv\\\/az\\\/#organization\"},\"potentialAction\":[{\"@type\":\"SearchAction\",\"target\":{\"@type\":\"EntryPoint\",\"urlTemplate\":\"https:\\\/\\\/www.meydan.tv\\\/az\\\/?s={search_term_string}\"},\"query-input\":{\"@type\":\"PropertyValueSpecification\",\"valueRequired\":true,\"valueName\":\"search_term_string\"}}],\"inLanguage\":\"az\"},{\"@type\":\"Organization\",\"@id\":\"https:\\\/\\\/www.meydan.tv\\\/az\\\/#organization\",\"name\":\"Meydan TV\",\"url\":\"https:\\\/\\\/www.meydan.tv\\\/az\\\/\",\"logo\":{\"@type\":\"ImageObject\",\"inLanguage\":\"az\",\"@id\":\"https:\\\/\\\/www.meydan.tv\\\/az\\\/#\\\/schema\\\/logo\\\/image\\\/\",\"url\":\"https:\\\/\\\/www.meydan.tv\\\/wp-content\\\/uploads\\\/2021\\\/07\\\/meydan-logo.svg\",\"contentUrl\":\"https:\\\/\\\/www.meydan.tv\\\/wp-content\\\/uploads\\\/2021\\\/07\\\/meydan-logo.svg\",\"width\":195,\"height\":46,\"caption\":\"Meydan TV\"},\"image\":{\"@id\":\"https:\\\/\\\/www.meydan.tv\\\/az\\\/#\\\/schema\\\/logo\\\/image\\\/\"}},{\"@type\":\"Person\",\"@id\":\"https:\\\/\\\/www.meydan.tv\\\/az\\\/#\\\/schema\\\/person\\\/10d11eccf6da3662cf5fdab9806ea91a\",\"name\":\"user-manager\"}]}<\/script>\n<!-- \/ Yoast SEO plugin. -->","yoast_head_json":{"title":"''700 ya\u015fl\u0131 \u015eax\u0259ndan t\u00fcrb\u0259si bax\u0131ms\u0131z durumdad\u0131r'' - MEYDAN.TV","robots":{"index":"index","follow":"follow","max-snippet":"max-snippet:-1","max-image-preview":"max-image-preview:large","max-video-preview":"max-video-preview:-1"},"canonical":"https:\/\/www.meydan.tv\/az\/article\/700-yasli-saxendan-turbesi-baximsiz-durumdadir\/","og_locale":"az_AZ","og_type":"article","og_title":"''700 ya\u015fl\u0131 \u015eax\u0259ndan t\u00fcrb\u0259si bax\u0131ms\u0131z durumdad\u0131r'' - MEYDAN.TV","og_description":"\u0130smay\u0131ll\u0131 Regional M\u0259d\u0259niyy\u0259t \u0130dar\u0259sinin \u015eamax\u0131 rayonu \u00fczr\u0259 r\u0259hb\u0259ri Rafael Ta\u011f\u0131zad\u0259 Meydan TV-y\u0259 bildirib ki, N\u0259simi ili il\u0259 \u0259laq\u0259dar olaraq \u015eax\u0259ndan t\u00fcrb\u0259sind\u0259 t\u0259mir-b\u0259rpa i\u015fl\u0259ri g\u00f6r\u00fcl\u0259c\u0259k.","og_url":"https:\/\/www.meydan.tv\/az\/article\/700-yasli-saxendan-turbesi-baximsiz-durumdadir\/","og_site_name":"MEYDAN.TV","article_published_time":"2019-03-27T13:17:59+00:00","og_image":[{"width":789,"height":1184,"url":"https:\/\/www.meydan.tv\/wp-content\/uploads\/turbee.jpg","type":"image\/jpeg"}],"author":"user-manager","twitter_card":"summary_large_image","schema":{"@context":"https:\/\/schema.org","@graph":[{"@type":"Article","@id":"https:\/\/www.meydan.tv\/az\/article\/700-yasli-saxendan-turbesi-baximsiz-durumdadir\/#article","isPartOf":{"@id":"https:\/\/www.meydan.tv\/az\/article\/700-yasli-saxendan-turbesi-baximsiz-durumdadir\/"},"author":{"name":"user-manager","@id":"https:\/\/www.meydan.tv\/az\/#\/schema\/person\/10d11eccf6da3662cf5fdab9806ea91a"},"headline":"&#8221;700 ya\u015fl\u0131 \u015eax\u0259ndan t\u00fcrb\u0259si bax\u0131ms\u0131z durumdad\u0131r&#8221;","datePublished":"2019-03-27T13:17:59+00:00","mainEntityOfPage":{"@id":"https:\/\/www.meydan.tv\/az\/article\/700-yasli-saxendan-turbesi-baximsiz-durumdadir\/"},"wordCount":432,"publisher":{"@id":"https:\/\/www.meydan.tv\/az\/#organization"},"image":{"@id":"https:\/\/www.meydan.tv\/az\/article\/700-yasli-saxendan-turbesi-baximsiz-durumdadir\/#primaryimage"},"thumbnailUrl":"https:\/\/www.meydan.tv\/wp-content\/uploads\/turbee.jpg","articleSection":["B\u00f6lg\u0259"],"inLanguage":"az"},{"@type":"WebPage","@id":"https:\/\/www.meydan.tv\/az\/article\/700-yasli-saxendan-turbesi-baximsiz-durumdadir\/","url":"https:\/\/www.meydan.tv\/az\/article\/700-yasli-saxendan-turbesi-baximsiz-durumdadir\/","name":"''700 ya\u015fl\u0131 \u015eax\u0259ndan t\u00fcrb\u0259si bax\u0131ms\u0131z durumdad\u0131r'' - MEYDAN.TV","isPartOf":{"@id":"https:\/\/www.meydan.tv\/az\/#website"},"primaryImageOfPage":{"@id":"https:\/\/www.meydan.tv\/az\/article\/700-yasli-saxendan-turbesi-baximsiz-durumdadir\/#primaryimage"},"image":{"@id":"https:\/\/www.meydan.tv\/az\/article\/700-yasli-saxendan-turbesi-baximsiz-durumdadir\/#primaryimage"},"thumbnailUrl":"https:\/\/www.meydan.tv\/wp-content\/uploads\/turbee.jpg","datePublished":"2019-03-27T13:17:59+00:00","breadcrumb":{"@id":"https:\/\/www.meydan.tv\/az\/article\/700-yasli-saxendan-turbesi-baximsiz-durumdadir\/#breadcrumb"},"inLanguage":"az","potentialAction":[{"@type":"ReadAction","target":["https:\/\/www.meydan.tv\/az\/article\/700-yasli-saxendan-turbesi-baximsiz-durumdadir\/"]}]},{"@type":"ImageObject","inLanguage":"az","@id":"https:\/\/www.meydan.tv\/az\/article\/700-yasli-saxendan-turbesi-baximsiz-durumdadir\/#primaryimage","url":"https:\/\/www.meydan.tv\/wp-content\/uploads\/turbee.jpg","contentUrl":"https:\/\/www.meydan.tv\/wp-content\/uploads\/turbee.jpg","width":789,"height":1184,"caption":"Source: meydan tv"},{"@type":"BreadcrumbList","@id":"https:\/\/www.meydan.tv\/az\/article\/700-yasli-saxendan-turbesi-baximsiz-durumdadir\/#breadcrumb","itemListElement":[{"@type":"ListItem","position":1,"name":"Ana s\u0259hif\u0259","item":"https:\/\/www.meydan.tv\/az\/"},{"@type":"ListItem","position":2,"name":"B\u00f6lg\u0259","item":"https:\/\/www.meydan.tv\/az\/section\/bolge\/"},{"@type":"ListItem","position":3,"name":"&#8221;700 ya\u015fl\u0131 \u015eax\u0259ndan t\u00fcrb\u0259si bax\u0131ms\u0131z durumdad\u0131r&#8221;"}]},{"@type":"WebSite","@id":"https:\/\/www.meydan.tv\/az\/#website","url":"https:\/\/www.meydan.tv\/az\/","name":"MEYDAN.TV","description":"Meydan TV Az\u0259rbaycan\u0131n media m\u0259kan\u0131ndak\u0131 alternativ s\u0259sidir","publisher":{"@id":"https:\/\/www.meydan.tv\/az\/#organization"},"potentialAction":[{"@type":"SearchAction","target":{"@type":"EntryPoint","urlTemplate":"https:\/\/www.meydan.tv\/az\/?s={search_term_string}"},"query-input":{"@type":"PropertyValueSpecification","valueRequired":true,"valueName":"search_term_string"}}],"inLanguage":"az"},{"@type":"Organization","@id":"https:\/\/www.meydan.tv\/az\/#organization","name":"Meydan TV","url":"https:\/\/www.meydan.tv\/az\/","logo":{"@type":"ImageObject","inLanguage":"az","@id":"https:\/\/www.meydan.tv\/az\/#\/schema\/logo\/image\/","url":"https:\/\/www.meydan.tv\/wp-content\/uploads\/2021\/07\/meydan-logo.svg","contentUrl":"https:\/\/www.meydan.tv\/wp-content\/uploads\/2021\/07\/meydan-logo.svg","width":195,"height":46,"caption":"Meydan TV"},"image":{"@id":"https:\/\/www.meydan.tv\/az\/#\/schema\/logo\/image\/"}},{"@type":"Person","@id":"https:\/\/www.meydan.tv\/az\/#\/schema\/person\/10d11eccf6da3662cf5fdab9806ea91a","name":"user-manager"}]}},"_links":{"self":[{"href":"https:\/\/www.meydan.tv\/az\/wp-json\/wp\/v2\/posts\/194646","targetHints":{"allow":["GET"]}}],"collection":[{"href":"https:\/\/www.meydan.tv\/az\/wp-json\/wp\/v2\/posts"}],"about":[{"href":"https:\/\/www.meydan.tv\/az\/wp-json\/wp\/v2\/types\/post"}],"author":[{"embeddable":true,"href":"https:\/\/www.meydan.tv\/az\/wp-json\/wp\/v2\/users\/11"}],"replies":[{"embeddable":true,"href":"https:\/\/www.meydan.tv\/az\/wp-json\/wp\/v2\/comments?post=194646"}],"version-history":[{"count":0,"href":"https:\/\/www.meydan.tv\/az\/wp-json\/wp\/v2\/posts\/194646\/revisions"}],"wp:featuredmedia":[{"embeddable":true,"href":"https:\/\/www.meydan.tv\/az\/wp-json\/wp\/v2\/media\/120874"}],"wp:attachment":[{"href":"https:\/\/www.meydan.tv\/az\/wp-json\/wp\/v2\/media?parent=194646"}],"wp:term":[{"taxonomy":"category","embeddable":true,"href":"https:\/\/www.meydan.tv\/az\/wp-json\/wp\/v2\/categories?post=194646"},{"taxonomy":"post_tag","embeddable":true,"href":"https:\/\/www.meydan.tv\/az\/wp-json\/wp\/v2\/tags?post=194646"}],"curies":[{"name":"wp","href":"https:\/\/api.w.org\/{rel}","templated":true}]}}