{"id":194626,"date":"2019-03-26T17:13:50","date_gmt":"2019-03-26T17:13:50","guid":{"rendered":"https:\/\/www.meydan.tv\/article\/turkiyenin-pkk-ci-kimi-axtarisa-verdiyi-sexs-azerbaycana-ozunu-suriya-qacqini-kimi-teqdim-edib\/"},"modified":"2019-03-26T17:13:50","modified_gmt":"2019-03-26T17:13:50","slug":"turkiyenin-pkk-ci-kimi-axtarisa-verdiyi-sexs-azerbaycana-ozunu-suriya-qacqini-kimi-teqdim-edib","status":"publish","type":"post","link":"https:\/\/www.meydan.tv\/az\/article\/turkiyenin-pkk-ci-kimi-axtarisa-verdiyi-sexs-azerbaycana-ozunu-suriya-qacqini-kimi-teqdim-edib\/","title":{"rendered":"T\u00fcrkiy\u0259nin PKK-\u00e7\u0131 kimi axtar\u0131\u015fa verdiyi \u015f\u0259xs Az\u0259rbaycana \u00f6z\u00fcn\u00fc Suriya qa\u00e7q\u0131n\u0131 kimi t\u0259qdim edib"},"content":{"rendered":"<p>\n  <i><br \/>\n    Duman \u00d6zg\u00fcr: \u201cXahi\u015f edir\u0259m, m\u0259ni T\u00fcrkiy\u0259y\u0259 g\u00f6nd\u0259rin\u201d<br \/>\n  <\/i>\n<\/p>\n<p>\n  T\u00fcrkiy\u0259nin PKK t\u0259r\u0259fdar\u0131 kimi beyn\u0259lxalq axtar\u0131\u015fa verdiyi 1990-c\u0131 il t\u0259v\u0259ll\u00fcdl\u00fc Duman Seyf\u0259ddin o\u011flu \u00d6zg\u00fcr Az\u0259rbaycanda h\u0259bs olunub. Mart\u0131n 7-d\u0259 Bak\u0131 A\u011f\u0131r Cinay\u0259tl\u0259r M\u0259hk\u0259m\u0259sind\u0259 hakim \u018ffqan Hac\u0131yevin s\u0259drliyil\u0259 onun i\u015fin\u0259 bax\u0131l\u0131b.\n<\/p>\n<p>\n  Az\u0259rbaycan \u018fdliyy\u0259 Nazirliyinin, T\u00fcrkiy\u0259 s\u0259firliyinin \u0259m\u0259kda\u015flar\u0131n\u0131n da i\u015ftirak etdiyi m\u0259hk\u0259m\u0259d\u0259 Duman \u00d6zg\u00fcr\u0259 qar\u015f\u0131 ittihamlara yox, onun \u00f6lk\u0259sin\u0259 t\u0259hveil verilib-verilm\u0259m\u0259si m\u0259s\u0259l\u0259sin\u0259 bax\u0131l\u0131b.\n<\/p>\n<p>\n  Duman \u00d6zg\u00fcr partlay\u0131c\u0131 madd\u0259l\u0259rin saxlanmas\u0131 v\u0259 da\u015f\u0131nmas\u0131nda ittiham olunur.\n<\/p>\n<p>\n  O, m\u0259hk\u0259m\u0259d\u0259 ifad\u0259sind\u0259 bildirib ki, Az\u0259rbaycanda \u00f6z s\u0259hvi ucbat\u0131ndan h\u0259bs olunub. Onun s\u00f6zl\u0259rin\u0259 g\u00f6r\u0259, Az\u0259rbaycana g\u0259l\u0259nd\u0259n sonra D\u00f6vl\u0259t Miqrasiya Xidm\u0259tin\u0259 ged\u0259r\u0259k, \u00f6z\u00fcn\u00fc Suriya qa\u00e7q\u0131n\u0131 kimi t\u0259qdim edib, b\u00fct\u00fcn s\u0259n\u0259dl\u0259rini itirdiyini s\u00f6yl\u0259yib. Lakin ara\u015fd\u0131rma zaman\u0131 onun Duman \u00d6zg\u00fcr oldu\u011fu ortaya \u00e7\u0131x\u0131b v\u0259 h\u0259bs olunub.\n<\/p>\n<p>\n  Duman \u00d6zg\u00fcr onu da bildirib ki, bundan \u0259vv\u0259l eyni ittihamla (partlay\u0131c\u0131 madd\u0259l\u0259r, \u201cMolotov kokteyli\u201d haz\u0131rlama, da\u015f\u0131ma) T\u00fcrkiy\u0259d\u0259 7 il 6 ay h\u0259bs c\u0259zas\u0131 \u00e7\u0259kib. N\u00f6vb\u0259ti d\u0259f\u0259 ona h\u0259bs t\u0259hl\u00fck\u0259si yarananda \u00f6lk\u0259d\u0259n qa\u00e7\u0131b. \u018fvv\u0259lc\u0259 bir m\u00fcdd\u0259t G\u00fcrc\u00fcstanda ya\u015fay\u0131b, oradan Bak\u0131ya g\u0259lib.\n<\/p>\n<p>\n  O, m\u0259hk\u0259m\u0259d\u0259 bildirib ki, \u00f6lk\u0259sin\u0259 t\u0259hvil verilm\u0259sini ist\u0259yir: \u201cXahi\u015f edir\u0259m, m\u0259ni T\u00fcrkiy\u0259y\u0259 g\u00f6nd\u0259rin, bu bar\u0259d\u0259 t\u0259qdimat t\u0259min olunsun\u201d.\n<\/p>\n<p>\n  M\u0259hk\u0259m\u0259 \u018fdliyy\u0259 Nazirliyinin t\u0259qdimat\u0131n\u0131 t\u0259min edib.<\/p>\n","protected":false},"excerpt":{"rendered":"<p>Duman \u00d6zg\u00fcr: \u201cXahi\u015f edir\u0259m, m\u0259ni T\u00fcrkiy\u0259y\u0259 g\u00f6nd\u0259rin\u201d<\/p>\n","protected":false},"author":11,"featured_media":119696,"comment_status":"closed","ping_status":"open","sticky":false,"template":"","format":"standard","meta":{"_acf_changed":false,"_sitemap_exclude":false,"_sitemap_priority":"","_sitemap_frequency":"","footnotes":""},"categories":[64],"tags":[],"class_list":["post-194626","post","type-post","status-publish","format-standard","has-post-thumbnail","hentry","category-dunya","infinite-scroll-item","generate-columns","tablet-grid-50","mobile-grid-100","grid-parent","grid-33","no-featured-image-padding"],"acf":[],"yoast_head":"<!-- This site is optimized with the Yoast SEO plugin v27.4 - https:\/\/yoast.com\/product\/yoast-seo-wordpress\/ -->\n<title>T\u00fcrkiy\u0259nin PKK-\u00e7\u0131 kimi axtar\u0131\u015fa verdiyi \u015f\u0259xs Az\u0259rbaycana \u00f6z\u00fcn\u00fc Suriya qa\u00e7q\u0131n\u0131 kimi t\u0259qdim edib - MEYDAN.TV<\/title>\n<meta name=\"robots\" content=\"index, follow, max-snippet:-1, max-image-preview:large, max-video-preview:-1\" \/>\n<link rel=\"canonical\" href=\"https:\/\/www.meydan.tv\/az\/article\/turkiyenin-pkk-ci-kimi-axtarisa-verdiyi-sexs-azerbaycana-ozunu-suriya-qacqini-kimi-teqdim-edib\/\" \/>\n<meta property=\"og:locale\" content=\"az_AZ\" \/>\n<meta property=\"og:type\" content=\"article\" \/>\n<meta property=\"og:title\" content=\"T\u00fcrkiy\u0259nin PKK-\u00e7\u0131 kimi axtar\u0131\u015fa verdiyi \u015f\u0259xs Az\u0259rbaycana \u00f6z\u00fcn\u00fc Suriya qa\u00e7q\u0131n\u0131 kimi t\u0259qdim edib - MEYDAN.TV\" \/>\n<meta property=\"og:description\" content=\"Duman \u00d6zg\u00fcr: \u201cXahi\u015f edir\u0259m, m\u0259ni T\u00fcrkiy\u0259y\u0259 g\u00f6nd\u0259rin\u201d\" \/>\n<meta property=\"og:url\" content=\"https:\/\/www.meydan.tv\/az\/article\/turkiyenin-pkk-ci-kimi-axtarisa-verdiyi-sexs-azerbaycana-ozunu-suriya-qacqini-kimi-teqdim-edib\/\" \/>\n<meta property=\"og:site_name\" content=\"MEYDAN.TV\" \/>\n<meta property=\"article:published_time\" content=\"2019-03-26T17:13:50+00:00\" \/>\n<meta property=\"og:image\" content=\"https:\/\/www.meydan.tv\/wp-content\/uploads\/410827945_avcauli.jpg\" \/>\n\t<meta property=\"og:image:width\" content=\"1000\" \/>\n\t<meta property=\"og:image:height\" content=\"541\" \/>\n\t<meta property=\"og:image:type\" content=\"image\/jpeg\" \/>\n<meta name=\"author\" content=\"user-manager\" \/>\n<meta name=\"twitter:card\" content=\"summary_large_image\" \/>\n<script type=\"application\/ld+json\" class=\"yoast-schema-graph\">{\"@context\":\"https:\\\/\\\/schema.org\",\"@graph\":[{\"@type\":\"Article\",\"@id\":\"https:\\\/\\\/www.meydan.tv\\\/az\\\/article\\\/turkiyenin-pkk-ci-kimi-axtarisa-verdiyi-sexs-azerbaycana-ozunu-suriya-qacqini-kimi-teqdim-edib\\\/#article\",\"isPartOf\":{\"@id\":\"https:\\\/\\\/www.meydan.tv\\\/az\\\/article\\\/turkiyenin-pkk-ci-kimi-axtarisa-verdiyi-sexs-azerbaycana-ozunu-suriya-qacqini-kimi-teqdim-edib\\\/\"},\"author\":{\"name\":\"user-manager\",\"@id\":\"https:\\\/\\\/www.meydan.tv\\\/az\\\/#\\\/schema\\\/person\\\/10d11eccf6da3662cf5fdab9806ea91a\"},\"headline\":\"T\u00fcrkiy\u0259nin PKK-\u00e7\u0131 kimi axtar\u0131\u015fa verdiyi \u015f\u0259xs Az\u0259rbaycana \u00f6z\u00fcn\u00fc Suriya qa\u00e7q\u0131n\u0131 kimi t\u0259qdim edib\",\"datePublished\":\"2019-03-26T17:13:50+00:00\",\"mainEntityOfPage\":{\"@id\":\"https:\\\/\\\/www.meydan.tv\\\/az\\\/article\\\/turkiyenin-pkk-ci-kimi-axtarisa-verdiyi-sexs-azerbaycana-ozunu-suriya-qacqini-kimi-teqdim-edib\\\/\"},\"wordCount\":341,\"publisher\":{\"@id\":\"https:\\\/\\\/www.meydan.tv\\\/az\\\/#organization\"},\"image\":{\"@id\":\"https:\\\/\\\/www.meydan.tv\\\/az\\\/article\\\/turkiyenin-pkk-ci-kimi-axtarisa-verdiyi-sexs-azerbaycana-ozunu-suriya-qacqini-kimi-teqdim-edib\\\/#primaryimage\"},\"thumbnailUrl\":\"https:\\\/\\\/www.meydan.tv\\\/wp-content\\\/uploads\\\/410827945_avcauli.jpg\",\"articleSection\":[\"D\u00fcnya\"],\"inLanguage\":\"az\"},{\"@type\":\"WebPage\",\"@id\":\"https:\\\/\\\/www.meydan.tv\\\/az\\\/article\\\/turkiyenin-pkk-ci-kimi-axtarisa-verdiyi-sexs-azerbaycana-ozunu-suriya-qacqini-kimi-teqdim-edib\\\/\",\"url\":\"https:\\\/\\\/www.meydan.tv\\\/az\\\/article\\\/turkiyenin-pkk-ci-kimi-axtarisa-verdiyi-sexs-azerbaycana-ozunu-suriya-qacqini-kimi-teqdim-edib\\\/\",\"name\":\"T\u00fcrkiy\u0259nin PKK-\u00e7\u0131 kimi axtar\u0131\u015fa verdiyi \u015f\u0259xs Az\u0259rbaycana \u00f6z\u00fcn\u00fc Suriya qa\u00e7q\u0131n\u0131 kimi t\u0259qdim edib - MEYDAN.TV\",\"isPartOf\":{\"@id\":\"https:\\\/\\\/www.meydan.tv\\\/az\\\/#website\"},\"primaryImageOfPage\":{\"@id\":\"https:\\\/\\\/www.meydan.tv\\\/az\\\/article\\\/turkiyenin-pkk-ci-kimi-axtarisa-verdiyi-sexs-azerbaycana-ozunu-suriya-qacqini-kimi-teqdim-edib\\\/#primaryimage\"},\"image\":{\"@id\":\"https:\\\/\\\/www.meydan.tv\\\/az\\\/article\\\/turkiyenin-pkk-ci-kimi-axtarisa-verdiyi-sexs-azerbaycana-ozunu-suriya-qacqini-kimi-teqdim-edib\\\/#primaryimage\"},\"thumbnailUrl\":\"https:\\\/\\\/www.meydan.tv\\\/wp-content\\\/uploads\\\/410827945_avcauli.jpg\",\"datePublished\":\"2019-03-26T17:13:50+00:00\",\"breadcrumb\":{\"@id\":\"https:\\\/\\\/www.meydan.tv\\\/az\\\/article\\\/turkiyenin-pkk-ci-kimi-axtarisa-verdiyi-sexs-azerbaycana-ozunu-suriya-qacqini-kimi-teqdim-edib\\\/#breadcrumb\"},\"inLanguage\":\"az\",\"potentialAction\":[{\"@type\":\"ReadAction\",\"target\":[\"https:\\\/\\\/www.meydan.tv\\\/az\\\/article\\\/turkiyenin-pkk-ci-kimi-axtarisa-verdiyi-sexs-azerbaycana-ozunu-suriya-qacqini-kimi-teqdim-edib\\\/\"]}]},{\"@type\":\"ImageObject\",\"inLanguage\":\"az\",\"@id\":\"https:\\\/\\\/www.meydan.tv\\\/az\\\/article\\\/turkiyenin-pkk-ci-kimi-axtarisa-verdiyi-sexs-azerbaycana-ozunu-suriya-qacqini-kimi-teqdim-edib\\\/#primaryimage\",\"url\":\"https:\\\/\\\/www.meydan.tv\\\/wp-content\\\/uploads\\\/410827945_avcauli.jpg\",\"contentUrl\":\"https:\\\/\\\/www.meydan.tv\\\/wp-content\\\/uploads\\\/410827945_avcauli.jpg\",\"width\":1000,\"height\":541,\"caption\":\"Foto: Meydan TV\"},{\"@type\":\"BreadcrumbList\",\"@id\":\"https:\\\/\\\/www.meydan.tv\\\/az\\\/article\\\/turkiyenin-pkk-ci-kimi-axtarisa-verdiyi-sexs-azerbaycana-ozunu-suriya-qacqini-kimi-teqdim-edib\\\/#breadcrumb\",\"itemListElement\":[{\"@type\":\"ListItem\",\"position\":1,\"name\":\"Ana s\u0259hif\u0259\",\"item\":\"https:\\\/\\\/www.meydan.tv\\\/az\\\/\"},{\"@type\":\"ListItem\",\"position\":2,\"name\":\"D\u00fcnya\",\"item\":\"https:\\\/\\\/www.meydan.tv\\\/az\\\/section\\\/dunya\\\/\"},{\"@type\":\"ListItem\",\"position\":3,\"name\":\"T\u00fcrkiy\u0259nin PKK-\u00e7\u0131 kimi axtar\u0131\u015fa verdiyi \u015f\u0259xs Az\u0259rbaycana \u00f6z\u00fcn\u00fc Suriya qa\u00e7q\u0131n\u0131 kimi t\u0259qdim edib\"}]},{\"@type\":\"WebSite\",\"@id\":\"https:\\\/\\\/www.meydan.tv\\\/az\\\/#website\",\"url\":\"https:\\\/\\\/www.meydan.tv\\\/az\\\/\",\"name\":\"MEYDAN.TV\",\"description\":\"Meydan TV Az\u0259rbaycan\u0131n media m\u0259kan\u0131ndak\u0131 alternativ s\u0259sidir\",\"publisher\":{\"@id\":\"https:\\\/\\\/www.meydan.tv\\\/az\\\/#organization\"},\"potentialAction\":[{\"@type\":\"SearchAction\",\"target\":{\"@type\":\"EntryPoint\",\"urlTemplate\":\"https:\\\/\\\/www.meydan.tv\\\/az\\\/?s={search_term_string}\"},\"query-input\":{\"@type\":\"PropertyValueSpecification\",\"valueRequired\":true,\"valueName\":\"search_term_string\"}}],\"inLanguage\":\"az\"},{\"@type\":\"Organization\",\"@id\":\"https:\\\/\\\/www.meydan.tv\\\/az\\\/#organization\",\"name\":\"Meydan TV\",\"url\":\"https:\\\/\\\/www.meydan.tv\\\/az\\\/\",\"logo\":{\"@type\":\"ImageObject\",\"inLanguage\":\"az\",\"@id\":\"https:\\\/\\\/www.meydan.tv\\\/az\\\/#\\\/schema\\\/logo\\\/image\\\/\",\"url\":\"https:\\\/\\\/www.meydan.tv\\\/wp-content\\\/uploads\\\/2021\\\/07\\\/meydan-logo.svg\",\"contentUrl\":\"https:\\\/\\\/www.meydan.tv\\\/wp-content\\\/uploads\\\/2021\\\/07\\\/meydan-logo.svg\",\"width\":195,\"height\":46,\"caption\":\"Meydan TV\"},\"image\":{\"@id\":\"https:\\\/\\\/www.meydan.tv\\\/az\\\/#\\\/schema\\\/logo\\\/image\\\/\"}},{\"@type\":\"Person\",\"@id\":\"https:\\\/\\\/www.meydan.tv\\\/az\\\/#\\\/schema\\\/person\\\/10d11eccf6da3662cf5fdab9806ea91a\",\"name\":\"user-manager\"}]}<\/script>\n<!-- \/ Yoast SEO plugin. -->","yoast_head_json":{"title":"T\u00fcrkiy\u0259nin PKK-\u00e7\u0131 kimi axtar\u0131\u015fa verdiyi \u015f\u0259xs Az\u0259rbaycana \u00f6z\u00fcn\u00fc Suriya qa\u00e7q\u0131n\u0131 kimi t\u0259qdim edib - MEYDAN.TV","robots":{"index":"index","follow":"follow","max-snippet":"max-snippet:-1","max-image-preview":"max-image-preview:large","max-video-preview":"max-video-preview:-1"},"canonical":"https:\/\/www.meydan.tv\/az\/article\/turkiyenin-pkk-ci-kimi-axtarisa-verdiyi-sexs-azerbaycana-ozunu-suriya-qacqini-kimi-teqdim-edib\/","og_locale":"az_AZ","og_type":"article","og_title":"T\u00fcrkiy\u0259nin PKK-\u00e7\u0131 kimi axtar\u0131\u015fa verdiyi \u015f\u0259xs Az\u0259rbaycana \u00f6z\u00fcn\u00fc Suriya qa\u00e7q\u0131n\u0131 kimi t\u0259qdim edib - MEYDAN.TV","og_description":"Duman \u00d6zg\u00fcr: \u201cXahi\u015f edir\u0259m, m\u0259ni T\u00fcrkiy\u0259y\u0259 g\u00f6nd\u0259rin\u201d","og_url":"https:\/\/www.meydan.tv\/az\/article\/turkiyenin-pkk-ci-kimi-axtarisa-verdiyi-sexs-azerbaycana-ozunu-suriya-qacqini-kimi-teqdim-edib\/","og_site_name":"MEYDAN.TV","article_published_time":"2019-03-26T17:13:50+00:00","og_image":[{"width":1000,"height":541,"url":"https:\/\/www.meydan.tv\/wp-content\/uploads\/410827945_avcauli.jpg","type":"image\/jpeg"}],"author":"user-manager","twitter_card":"summary_large_image","schema":{"@context":"https:\/\/schema.org","@graph":[{"@type":"Article","@id":"https:\/\/www.meydan.tv\/az\/article\/turkiyenin-pkk-ci-kimi-axtarisa-verdiyi-sexs-azerbaycana-ozunu-suriya-qacqini-kimi-teqdim-edib\/#article","isPartOf":{"@id":"https:\/\/www.meydan.tv\/az\/article\/turkiyenin-pkk-ci-kimi-axtarisa-verdiyi-sexs-azerbaycana-ozunu-suriya-qacqini-kimi-teqdim-edib\/"},"author":{"name":"user-manager","@id":"https:\/\/www.meydan.tv\/az\/#\/schema\/person\/10d11eccf6da3662cf5fdab9806ea91a"},"headline":"T\u00fcrkiy\u0259nin PKK-\u00e7\u0131 kimi axtar\u0131\u015fa verdiyi \u015f\u0259xs Az\u0259rbaycana \u00f6z\u00fcn\u00fc Suriya qa\u00e7q\u0131n\u0131 kimi t\u0259qdim edib","datePublished":"2019-03-26T17:13:50+00:00","mainEntityOfPage":{"@id":"https:\/\/www.meydan.tv\/az\/article\/turkiyenin-pkk-ci-kimi-axtarisa-verdiyi-sexs-azerbaycana-ozunu-suriya-qacqini-kimi-teqdim-edib\/"},"wordCount":341,"publisher":{"@id":"https:\/\/www.meydan.tv\/az\/#organization"},"image":{"@id":"https:\/\/www.meydan.tv\/az\/article\/turkiyenin-pkk-ci-kimi-axtarisa-verdiyi-sexs-azerbaycana-ozunu-suriya-qacqini-kimi-teqdim-edib\/#primaryimage"},"thumbnailUrl":"https:\/\/www.meydan.tv\/wp-content\/uploads\/410827945_avcauli.jpg","articleSection":["D\u00fcnya"],"inLanguage":"az"},{"@type":"WebPage","@id":"https:\/\/www.meydan.tv\/az\/article\/turkiyenin-pkk-ci-kimi-axtarisa-verdiyi-sexs-azerbaycana-ozunu-suriya-qacqini-kimi-teqdim-edib\/","url":"https:\/\/www.meydan.tv\/az\/article\/turkiyenin-pkk-ci-kimi-axtarisa-verdiyi-sexs-azerbaycana-ozunu-suriya-qacqini-kimi-teqdim-edib\/","name":"T\u00fcrkiy\u0259nin PKK-\u00e7\u0131 kimi axtar\u0131\u015fa verdiyi \u015f\u0259xs Az\u0259rbaycana \u00f6z\u00fcn\u00fc Suriya qa\u00e7q\u0131n\u0131 kimi t\u0259qdim edib - MEYDAN.TV","isPartOf":{"@id":"https:\/\/www.meydan.tv\/az\/#website"},"primaryImageOfPage":{"@id":"https:\/\/www.meydan.tv\/az\/article\/turkiyenin-pkk-ci-kimi-axtarisa-verdiyi-sexs-azerbaycana-ozunu-suriya-qacqini-kimi-teqdim-edib\/#primaryimage"},"image":{"@id":"https:\/\/www.meydan.tv\/az\/article\/turkiyenin-pkk-ci-kimi-axtarisa-verdiyi-sexs-azerbaycana-ozunu-suriya-qacqini-kimi-teqdim-edib\/#primaryimage"},"thumbnailUrl":"https:\/\/www.meydan.tv\/wp-content\/uploads\/410827945_avcauli.jpg","datePublished":"2019-03-26T17:13:50+00:00","breadcrumb":{"@id":"https:\/\/www.meydan.tv\/az\/article\/turkiyenin-pkk-ci-kimi-axtarisa-verdiyi-sexs-azerbaycana-ozunu-suriya-qacqini-kimi-teqdim-edib\/#breadcrumb"},"inLanguage":"az","potentialAction":[{"@type":"ReadAction","target":["https:\/\/www.meydan.tv\/az\/article\/turkiyenin-pkk-ci-kimi-axtarisa-verdiyi-sexs-azerbaycana-ozunu-suriya-qacqini-kimi-teqdim-edib\/"]}]},{"@type":"ImageObject","inLanguage":"az","@id":"https:\/\/www.meydan.tv\/az\/article\/turkiyenin-pkk-ci-kimi-axtarisa-verdiyi-sexs-azerbaycana-ozunu-suriya-qacqini-kimi-teqdim-edib\/#primaryimage","url":"https:\/\/www.meydan.tv\/wp-content\/uploads\/410827945_avcauli.jpg","contentUrl":"https:\/\/www.meydan.tv\/wp-content\/uploads\/410827945_avcauli.jpg","width":1000,"height":541,"caption":"Foto: Meydan TV"},{"@type":"BreadcrumbList","@id":"https:\/\/www.meydan.tv\/az\/article\/turkiyenin-pkk-ci-kimi-axtarisa-verdiyi-sexs-azerbaycana-ozunu-suriya-qacqini-kimi-teqdim-edib\/#breadcrumb","itemListElement":[{"@type":"ListItem","position":1,"name":"Ana s\u0259hif\u0259","item":"https:\/\/www.meydan.tv\/az\/"},{"@type":"ListItem","position":2,"name":"D\u00fcnya","item":"https:\/\/www.meydan.tv\/az\/section\/dunya\/"},{"@type":"ListItem","position":3,"name":"T\u00fcrkiy\u0259nin PKK-\u00e7\u0131 kimi axtar\u0131\u015fa verdiyi \u015f\u0259xs Az\u0259rbaycana \u00f6z\u00fcn\u00fc Suriya qa\u00e7q\u0131n\u0131 kimi t\u0259qdim edib"}]},{"@type":"WebSite","@id":"https:\/\/www.meydan.tv\/az\/#website","url":"https:\/\/www.meydan.tv\/az\/","name":"MEYDAN.TV","description":"Meydan TV Az\u0259rbaycan\u0131n media m\u0259kan\u0131ndak\u0131 alternativ s\u0259sidir","publisher":{"@id":"https:\/\/www.meydan.tv\/az\/#organization"},"potentialAction":[{"@type":"SearchAction","target":{"@type":"EntryPoint","urlTemplate":"https:\/\/www.meydan.tv\/az\/?s={search_term_string}"},"query-input":{"@type":"PropertyValueSpecification","valueRequired":true,"valueName":"search_term_string"}}],"inLanguage":"az"},{"@type":"Organization","@id":"https:\/\/www.meydan.tv\/az\/#organization","name":"Meydan TV","url":"https:\/\/www.meydan.tv\/az\/","logo":{"@type":"ImageObject","inLanguage":"az","@id":"https:\/\/www.meydan.tv\/az\/#\/schema\/logo\/image\/","url":"https:\/\/www.meydan.tv\/wp-content\/uploads\/2021\/07\/meydan-logo.svg","contentUrl":"https:\/\/www.meydan.tv\/wp-content\/uploads\/2021\/07\/meydan-logo.svg","width":195,"height":46,"caption":"Meydan TV"},"image":{"@id":"https:\/\/www.meydan.tv\/az\/#\/schema\/logo\/image\/"}},{"@type":"Person","@id":"https:\/\/www.meydan.tv\/az\/#\/schema\/person\/10d11eccf6da3662cf5fdab9806ea91a","name":"user-manager"}]}},"_links":{"self":[{"href":"https:\/\/www.meydan.tv\/az\/wp-json\/wp\/v2\/posts\/194626","targetHints":{"allow":["GET"]}}],"collection":[{"href":"https:\/\/www.meydan.tv\/az\/wp-json\/wp\/v2\/posts"}],"about":[{"href":"https:\/\/www.meydan.tv\/az\/wp-json\/wp\/v2\/types\/post"}],"author":[{"embeddable":true,"href":"https:\/\/www.meydan.tv\/az\/wp-json\/wp\/v2\/users\/11"}],"replies":[{"embeddable":true,"href":"https:\/\/www.meydan.tv\/az\/wp-json\/wp\/v2\/comments?post=194626"}],"version-history":[{"count":0,"href":"https:\/\/www.meydan.tv\/az\/wp-json\/wp\/v2\/posts\/194626\/revisions"}],"wp:featuredmedia":[{"embeddable":true,"href":"https:\/\/www.meydan.tv\/az\/wp-json\/wp\/v2\/media\/119696"}],"wp:attachment":[{"href":"https:\/\/www.meydan.tv\/az\/wp-json\/wp\/v2\/media?parent=194626"}],"wp:term":[{"taxonomy":"category","embeddable":true,"href":"https:\/\/www.meydan.tv\/az\/wp-json\/wp\/v2\/categories?post=194626"},{"taxonomy":"post_tag","embeddable":true,"href":"https:\/\/www.meydan.tv\/az\/wp-json\/wp\/v2\/tags?post=194626"}],"curies":[{"name":"wp","href":"https:\/\/api.w.org\/{rel}","templated":true}]}}