{"id":194624,"date":"2019-03-26T16:31:09","date_gmt":"2019-03-26T16:31:09","guid":{"rendered":"https:\/\/www.meydan.tv\/article\/turkmenistandan-musteqil-jurnalistlere-edilen-tezyiqleri-dayandirmaq-teleb-olunur\/"},"modified":"2019-03-26T16:31:09","modified_gmt":"2019-03-26T16:31:09","slug":"turkmenistandan-musteqil-jurnalistlere-edilen-tezyiqleri-dayandirmaq-teleb-olunur","status":"publish","type":"post","link":"https:\/\/www.meydan.tv\/az\/article\/turkmenistandan-musteqil-jurnalistlere-edilen-tezyiqleri-dayandirmaq-teleb-olunur\/","title":{"rendered":"T\u00fcrkm\u0259nistandan m\u00fcst\u0259qil jurnalistl\u0259r\u0259 edil\u0259n t\u0259zyiql\u0259ri dayand\u0131rmaq t\u0259l\u0259b olunur"},"content":{"rendered":"<p>\n  <i><br \/>\n    \u0130mmiqrasiya \u0259m\u0259kda\u015f\u0131 A\u00e7\u0131lovaya bildirib ki, o, he\u00e7 bir izahat verm\u0259d\u0259n \u00f6lk\u0259ni t\u0259rk ed\u0259 bilm\u0259z<br \/>\n  <\/i>\n<\/p>\n<p>\n  Jurnalistl\u0259ri M\u00fcdafi\u0259 Komit\u0259si (CPJ) T\u00fcrkm\u0259nistan\u0131 veteran m\u00fcxbir Soltan A\u00e7\u0131lovaya t\u0259tbiq olunan s\u0259yah\u0259t qada\u011fas\u0131n\u0131 d\u0259rhal l\u0259\u011fv etm\u0259y\u0259 v\u0259 onu M\u0259rk\u0259zi Asiya \u00f6lk\u0259sind\u0259n k\u0259narda azad s\u0259yah\u0259t etm\u0259y\u0259 icaz\u0259 verm\u0259y\u0259 \u00e7a\u011f\u0131r\u0131b.\n<\/p>\n<p>\n  &quot;A\u00e7\u0131lovaya v\u0259 bir ne\u00e7\u0259 ba\u015fqa jurnalist\u0259 t\u0259tbiq edil\u0259n sistematik t\u0259zyiq onlar d\u00fcnyan\u0131n \u0259n qapal\u0131 \u00f6lk\u0259l\u0259rind\u0259n birind\u0259 m\u00fcxbirlik kimi vacib i\u015fi h\u0259yata ke\u00e7irdikl\u0259ri \u00fc\u00e7\u00fcn dayand\u0131r\u0131lmal\u0131d\u0131r&quot;, &#8211; Nyu-Yorkda f\u0259aliyy\u0259t g\u00f6st\u0259r\u0259n CPJ-nin Avropa v\u0259 M\u0259rk\u0259zi Asiya \u00f6lk\u0259l\u0259ri \u00fczr\u0259 proqram koordinatoru G\u00fclnoza S\u0259id, mart\u0131n 25-d\u0259 verdiyi b\u0259yanatda qeyd edib.\n<\/p>\n<p>\n  A\u00e7\u0131lova Vyana m\u0259rk\u0259zli m\u00fcst\u0259qil \u201cTurkm\u0259nistan Xronikas\u0131\u201d veb sayt\u0131n\u0131n (Chronicles of Turkmenistan) A\u015fqabad m\u00fcxbiridir.\n<\/p>\n<p>\n  \u201cT\u00fcrkm\u0259nistan Xronikas\u0131\u201dn\u0131n ba\u015f redaktoru F\u0259rid Tuxbatullinin s\u00f6zl\u0259rin\u0259 g\u00f6r\u0259, A\u00e7\u0131lova mart\u0131n 11-d\u0259 G\u00fcrc\u00fcstan\u0131n Tbilisi \u015f\u0259h\u0259rind\u0259 ke\u00e7iril\u0259c\u0259k beyn\u0259lxalq seminarda i\u015ftirak etm\u0259k \u00fc\u00e7\u00fcn ged\u0259rk\u0259n A\u015fqabat Beyn\u0259lxalq Hava Liman\u0131nda pasporta bax\u0131\u015f zaman\u0131 saxlan\u0131l\u0131b.\n<\/p>\n<p>\n  \u0130mmiqrasiya \u0259m\u0259kda\u015f\u0131 A\u00e7\u0131lovaya bildirib ki, o, he\u00e7 bir izahat verm\u0259d\u0259n \u00f6lk\u0259ni t\u0259rk ed\u0259 bilm\u0259z,- Tuxbatullin CPJ-y\u0259 bildirib.\n<\/p>\n<p>\n  S\u0259rh\u0259dsiz Reportyorlar (RSF) 21 mart tarixind\u0259 verdiyi b\u0259yanatda T\u00fcrkm\u0259nistan\u0131 &quot;A\u00e7\u0131lova v\u0259 T\u00fcrkm\u0259nistanda dig\u0259r az sayda m\u00fcst\u0259qil jurnalisti t\u0259zyiq etm\u0259m\u0259y\u0259&quot; \u00e7a\u011f\u0131r\u0131b.\n<\/p>\n<p>\n  A\u00e7\u0131lova bunda \u00f6nc\u0259 d\u0259 polis t\u0259r\u0259find\u0259n d\u0259f\u0259l\u0259rl\u0259r n\u0259zar\u0259t\u0259 al\u0131n\u0131n v\u0259 nam\u0259lum \u015f\u0259xsl\u0259r t\u0259r\u0259find\u0259n h\u00fccumlara m\u0259ruz qal\u0131b. Onun \u00e7al\u0131\u015fd\u0131\u011f\u0131 \u201cT\u00fcrm\u0259nistan Xronikas\u0131\u201d \u00f6lk\u0259d\u0259 olan azsayl\u0131 h\u00f6kum\u0259ti t\u0259nqid ed\u0259 bil\u0259n media platformalar\u0131ndan biridir.\n<\/p>\n<p>\n  &quot;T\u00fcrkm\u0259nistan Xronikas\u0131&quot; v\u0259 Azadl\u0131q Radiosu kimi tan\u0131nan RFE \/ RL T\u00fcrkm\u0259n Xidm\u0259ti T\u00fcrkm\u0259nistan\u0131n diqq\u0259t m\u0259rk\u0259zind\u0259 olan k\u00fctl\u0259vi informasiya vasit\u0259l\u0259rind\u0259n biridir &quot;, &#8211; Tuxbatullin bildirib.\n<\/p>\n<p>\n  RSF-nin 2018 D\u00fcnya M\u0259tbuat Azadl\u0131\u011f\u0131 Indeksind\u0259 T\u00fcrkm\u0259nistan 180 \u00f6lk\u0259 aras\u0131nda 178-ci s\u0131radad\u0131r.\n<\/p>\n<p>\n  CPJ-nin m\u0259lumat\u0131na g\u00f6r\u0259, T\u00fcrkm\u0259nistan h\u00f6kum\u0259ti &quot;\u00f6lk\u0259nin yegan\u0259 d\u00f6vl\u0259t provayderi vasit\u0259sil\u0259 \u0130nternet\u0259 s\u0131x n\u0259zar\u0259t edir v\u0259 t\u0259nqidi veb saytlar\u0131, sosial media v\u0259 WhatsApp v\u0259 Siqnal kimi mesajla\u015fma proqramlar\u0131n\u0131 blok edib\u201d.<\/p>\n","protected":false},"excerpt":{"rendered":"<p>\u0130mmiqrasiya \u0259m\u0259kda\u015f\u0131 A\u00e7\u0131lovaya bildirib ki, o, he\u00e7 bir izahat verm\u0259d\u0259n \u00f6lk\u0259ni t\u0259rk ed\u0259 bilm\u0259z<\/p>\n","protected":false},"author":11,"featured_media":120618,"comment_status":"closed","ping_status":"open","sticky":false,"template":"","format":"standard","meta":{"_acf_changed":false,"_sitemap_exclude":false,"_sitemap_priority":"","_sitemap_frequency":"","footnotes":""},"categories":[64],"tags":[],"class_list":["post-194624","post","type-post","status-publish","format-standard","has-post-thumbnail","hentry","category-dunya","infinite-scroll-item","generate-columns","tablet-grid-50","mobile-grid-100","grid-parent","grid-33","no-featured-image-padding"],"acf":[],"yoast_head":"<!-- This site is optimized with the Yoast SEO plugin v27.4 - https:\/\/yoast.com\/product\/yoast-seo-wordpress\/ -->\n<title>T\u00fcrkm\u0259nistandan m\u00fcst\u0259qil jurnalistl\u0259r\u0259 edil\u0259n t\u0259zyiql\u0259ri dayand\u0131rmaq t\u0259l\u0259b olunur - MEYDAN.TV<\/title>\n<meta name=\"robots\" content=\"index, follow, max-snippet:-1, max-image-preview:large, max-video-preview:-1\" \/>\n<link rel=\"canonical\" href=\"https:\/\/www.meydan.tv\/az\/article\/turkmenistandan-musteqil-jurnalistlere-edilen-tezyiqleri-dayandirmaq-teleb-olunur\/\" \/>\n<meta property=\"og:locale\" content=\"az_AZ\" \/>\n<meta property=\"og:type\" content=\"article\" \/>\n<meta property=\"og:title\" content=\"T\u00fcrkm\u0259nistandan m\u00fcst\u0259qil jurnalistl\u0259r\u0259 edil\u0259n t\u0259zyiql\u0259ri dayand\u0131rmaq t\u0259l\u0259b olunur - MEYDAN.TV\" \/>\n<meta property=\"og:description\" content=\"\u0130mmiqrasiya \u0259m\u0259kda\u015f\u0131 A\u00e7\u0131lovaya bildirib ki, o, he\u00e7 bir izahat verm\u0259d\u0259n \u00f6lk\u0259ni t\u0259rk ed\u0259 bilm\u0259z\" \/>\n<meta property=\"og:url\" content=\"https:\/\/www.meydan.tv\/az\/article\/turkmenistandan-musteqil-jurnalistlere-edilen-tezyiqleri-dayandirmaq-teleb-olunur\/\" \/>\n<meta property=\"og:site_name\" content=\"MEYDAN.TV\" \/>\n<meta property=\"article:published_time\" content=\"2019-03-26T16:31:09+00:00\" \/>\n<meta property=\"og:image\" content=\"https:\/\/www.meydan.tv\/wp-content\/uploads\/turkmenistan-ashgabat-photo-credit-shutterstock-gonetothemoon-1920x1080_1.jpg\" \/>\n\t<meta property=\"og:image:width\" content=\"1920\" \/>\n\t<meta property=\"og:image:height\" content=\"1080\" \/>\n\t<meta property=\"og:image:type\" content=\"image\/jpeg\" \/>\n<meta name=\"author\" content=\"user-manager\" \/>\n<meta name=\"twitter:card\" content=\"summary_large_image\" \/>\n<script type=\"application\/ld+json\" class=\"yoast-schema-graph\">{\"@context\":\"https:\\\/\\\/schema.org\",\"@graph\":[{\"@type\":\"Article\",\"@id\":\"https:\\\/\\\/www.meydan.tv\\\/az\\\/article\\\/turkmenistandan-musteqil-jurnalistlere-edilen-tezyiqleri-dayandirmaq-teleb-olunur\\\/#article\",\"isPartOf\":{\"@id\":\"https:\\\/\\\/www.meydan.tv\\\/az\\\/article\\\/turkmenistandan-musteqil-jurnalistlere-edilen-tezyiqleri-dayandirmaq-teleb-olunur\\\/\"},\"author\":{\"name\":\"user-manager\",\"@id\":\"https:\\\/\\\/www.meydan.tv\\\/az\\\/#\\\/schema\\\/person\\\/10d11eccf6da3662cf5fdab9806ea91a\"},\"headline\":\"T\u00fcrkm\u0259nistandan m\u00fcst\u0259qil jurnalistl\u0259r\u0259 edil\u0259n t\u0259zyiql\u0259ri dayand\u0131rmaq t\u0259l\u0259b olunur\",\"datePublished\":\"2019-03-26T16:31:09+00:00\",\"mainEntityOfPage\":{\"@id\":\"https:\\\/\\\/www.meydan.tv\\\/az\\\/article\\\/turkmenistandan-musteqil-jurnalistlere-edilen-tezyiqleri-dayandirmaq-teleb-olunur\\\/\"},\"wordCount\":480,\"publisher\":{\"@id\":\"https:\\\/\\\/www.meydan.tv\\\/az\\\/#organization\"},\"image\":{\"@id\":\"https:\\\/\\\/www.meydan.tv\\\/az\\\/article\\\/turkmenistandan-musteqil-jurnalistlere-edilen-tezyiqleri-dayandirmaq-teleb-olunur\\\/#primaryimage\"},\"thumbnailUrl\":\"https:\\\/\\\/www.meydan.tv\\\/wp-content\\\/uploads\\\/turkmenistan-ashgabat-photo-credit-shutterstock-gonetothemoon-1920x1080_1.jpg\",\"articleSection\":[\"D\u00fcnya\"],\"inLanguage\":\"az\"},{\"@type\":\"WebPage\",\"@id\":\"https:\\\/\\\/www.meydan.tv\\\/az\\\/article\\\/turkmenistandan-musteqil-jurnalistlere-edilen-tezyiqleri-dayandirmaq-teleb-olunur\\\/\",\"url\":\"https:\\\/\\\/www.meydan.tv\\\/az\\\/article\\\/turkmenistandan-musteqil-jurnalistlere-edilen-tezyiqleri-dayandirmaq-teleb-olunur\\\/\",\"name\":\"T\u00fcrkm\u0259nistandan m\u00fcst\u0259qil jurnalistl\u0259r\u0259 edil\u0259n t\u0259zyiql\u0259ri dayand\u0131rmaq t\u0259l\u0259b olunur - MEYDAN.TV\",\"isPartOf\":{\"@id\":\"https:\\\/\\\/www.meydan.tv\\\/az\\\/#website\"},\"primaryImageOfPage\":{\"@id\":\"https:\\\/\\\/www.meydan.tv\\\/az\\\/article\\\/turkmenistandan-musteqil-jurnalistlere-edilen-tezyiqleri-dayandirmaq-teleb-olunur\\\/#primaryimage\"},\"image\":{\"@id\":\"https:\\\/\\\/www.meydan.tv\\\/az\\\/article\\\/turkmenistandan-musteqil-jurnalistlere-edilen-tezyiqleri-dayandirmaq-teleb-olunur\\\/#primaryimage\"},\"thumbnailUrl\":\"https:\\\/\\\/www.meydan.tv\\\/wp-content\\\/uploads\\\/turkmenistan-ashgabat-photo-credit-shutterstock-gonetothemoon-1920x1080_1.jpg\",\"datePublished\":\"2019-03-26T16:31:09+00:00\",\"breadcrumb\":{\"@id\":\"https:\\\/\\\/www.meydan.tv\\\/az\\\/article\\\/turkmenistandan-musteqil-jurnalistlere-edilen-tezyiqleri-dayandirmaq-teleb-olunur\\\/#breadcrumb\"},\"inLanguage\":\"az\",\"potentialAction\":[{\"@type\":\"ReadAction\",\"target\":[\"https:\\\/\\\/www.meydan.tv\\\/az\\\/article\\\/turkmenistandan-musteqil-jurnalistlere-edilen-tezyiqleri-dayandirmaq-teleb-olunur\\\/\"]}]},{\"@type\":\"ImageObject\",\"inLanguage\":\"az\",\"@id\":\"https:\\\/\\\/www.meydan.tv\\\/az\\\/article\\\/turkmenistandan-musteqil-jurnalistlere-edilen-tezyiqleri-dayandirmaq-teleb-olunur\\\/#primaryimage\",\"url\":\"https:\\\/\\\/www.meydan.tv\\\/wp-content\\\/uploads\\\/turkmenistan-ashgabat-photo-credit-shutterstock-gonetothemoon-1920x1080_1.jpg\",\"contentUrl\":\"https:\\\/\\\/www.meydan.tv\\\/wp-content\\\/uploads\\\/turkmenistan-ashgabat-photo-credit-shutterstock-gonetothemoon-1920x1080_1.jpg\",\"width\":1920,\"height\":1080,\"caption\":\"Source: Meydan TV\"},{\"@type\":\"BreadcrumbList\",\"@id\":\"https:\\\/\\\/www.meydan.tv\\\/az\\\/article\\\/turkmenistandan-musteqil-jurnalistlere-edilen-tezyiqleri-dayandirmaq-teleb-olunur\\\/#breadcrumb\",\"itemListElement\":[{\"@type\":\"ListItem\",\"position\":1,\"name\":\"Ana s\u0259hif\u0259\",\"item\":\"https:\\\/\\\/www.meydan.tv\\\/az\\\/\"},{\"@type\":\"ListItem\",\"position\":2,\"name\":\"D\u00fcnya\",\"item\":\"https:\\\/\\\/www.meydan.tv\\\/az\\\/section\\\/dunya\\\/\"},{\"@type\":\"ListItem\",\"position\":3,\"name\":\"T\u00fcrkm\u0259nistandan m\u00fcst\u0259qil jurnalistl\u0259r\u0259 edil\u0259n t\u0259zyiql\u0259ri dayand\u0131rmaq t\u0259l\u0259b olunur\"}]},{\"@type\":\"WebSite\",\"@id\":\"https:\\\/\\\/www.meydan.tv\\\/az\\\/#website\",\"url\":\"https:\\\/\\\/www.meydan.tv\\\/az\\\/\",\"name\":\"MEYDAN.TV\",\"description\":\"Meydan TV Az\u0259rbaycan\u0131n media m\u0259kan\u0131ndak\u0131 alternativ s\u0259sidir\",\"publisher\":{\"@id\":\"https:\\\/\\\/www.meydan.tv\\\/az\\\/#organization\"},\"potentialAction\":[{\"@type\":\"SearchAction\",\"target\":{\"@type\":\"EntryPoint\",\"urlTemplate\":\"https:\\\/\\\/www.meydan.tv\\\/az\\\/?s={search_term_string}\"},\"query-input\":{\"@type\":\"PropertyValueSpecification\",\"valueRequired\":true,\"valueName\":\"search_term_string\"}}],\"inLanguage\":\"az\"},{\"@type\":\"Organization\",\"@id\":\"https:\\\/\\\/www.meydan.tv\\\/az\\\/#organization\",\"name\":\"Meydan TV\",\"url\":\"https:\\\/\\\/www.meydan.tv\\\/az\\\/\",\"logo\":{\"@type\":\"ImageObject\",\"inLanguage\":\"az\",\"@id\":\"https:\\\/\\\/www.meydan.tv\\\/az\\\/#\\\/schema\\\/logo\\\/image\\\/\",\"url\":\"https:\\\/\\\/www.meydan.tv\\\/wp-content\\\/uploads\\\/2021\\\/07\\\/meydan-logo.svg\",\"contentUrl\":\"https:\\\/\\\/www.meydan.tv\\\/wp-content\\\/uploads\\\/2021\\\/07\\\/meydan-logo.svg\",\"width\":195,\"height\":46,\"caption\":\"Meydan TV\"},\"image\":{\"@id\":\"https:\\\/\\\/www.meydan.tv\\\/az\\\/#\\\/schema\\\/logo\\\/image\\\/\"}},{\"@type\":\"Person\",\"@id\":\"https:\\\/\\\/www.meydan.tv\\\/az\\\/#\\\/schema\\\/person\\\/10d11eccf6da3662cf5fdab9806ea91a\",\"name\":\"user-manager\"}]}<\/script>\n<!-- \/ Yoast SEO plugin. -->","yoast_head_json":{"title":"T\u00fcrkm\u0259nistandan m\u00fcst\u0259qil jurnalistl\u0259r\u0259 edil\u0259n t\u0259zyiql\u0259ri dayand\u0131rmaq t\u0259l\u0259b olunur - MEYDAN.TV","robots":{"index":"index","follow":"follow","max-snippet":"max-snippet:-1","max-image-preview":"max-image-preview:large","max-video-preview":"max-video-preview:-1"},"canonical":"https:\/\/www.meydan.tv\/az\/article\/turkmenistandan-musteqil-jurnalistlere-edilen-tezyiqleri-dayandirmaq-teleb-olunur\/","og_locale":"az_AZ","og_type":"article","og_title":"T\u00fcrkm\u0259nistandan m\u00fcst\u0259qil jurnalistl\u0259r\u0259 edil\u0259n t\u0259zyiql\u0259ri dayand\u0131rmaq t\u0259l\u0259b olunur - MEYDAN.TV","og_description":"\u0130mmiqrasiya \u0259m\u0259kda\u015f\u0131 A\u00e7\u0131lovaya bildirib ki, o, he\u00e7 bir izahat verm\u0259d\u0259n \u00f6lk\u0259ni t\u0259rk ed\u0259 bilm\u0259z","og_url":"https:\/\/www.meydan.tv\/az\/article\/turkmenistandan-musteqil-jurnalistlere-edilen-tezyiqleri-dayandirmaq-teleb-olunur\/","og_site_name":"MEYDAN.TV","article_published_time":"2019-03-26T16:31:09+00:00","og_image":[{"width":1920,"height":1080,"url":"https:\/\/www.meydan.tv\/wp-content\/uploads\/turkmenistan-ashgabat-photo-credit-shutterstock-gonetothemoon-1920x1080_1.jpg","type":"image\/jpeg"}],"author":"user-manager","twitter_card":"summary_large_image","schema":{"@context":"https:\/\/schema.org","@graph":[{"@type":"Article","@id":"https:\/\/www.meydan.tv\/az\/article\/turkmenistandan-musteqil-jurnalistlere-edilen-tezyiqleri-dayandirmaq-teleb-olunur\/#article","isPartOf":{"@id":"https:\/\/www.meydan.tv\/az\/article\/turkmenistandan-musteqil-jurnalistlere-edilen-tezyiqleri-dayandirmaq-teleb-olunur\/"},"author":{"name":"user-manager","@id":"https:\/\/www.meydan.tv\/az\/#\/schema\/person\/10d11eccf6da3662cf5fdab9806ea91a"},"headline":"T\u00fcrkm\u0259nistandan m\u00fcst\u0259qil jurnalistl\u0259r\u0259 edil\u0259n t\u0259zyiql\u0259ri dayand\u0131rmaq t\u0259l\u0259b olunur","datePublished":"2019-03-26T16:31:09+00:00","mainEntityOfPage":{"@id":"https:\/\/www.meydan.tv\/az\/article\/turkmenistandan-musteqil-jurnalistlere-edilen-tezyiqleri-dayandirmaq-teleb-olunur\/"},"wordCount":480,"publisher":{"@id":"https:\/\/www.meydan.tv\/az\/#organization"},"image":{"@id":"https:\/\/www.meydan.tv\/az\/article\/turkmenistandan-musteqil-jurnalistlere-edilen-tezyiqleri-dayandirmaq-teleb-olunur\/#primaryimage"},"thumbnailUrl":"https:\/\/www.meydan.tv\/wp-content\/uploads\/turkmenistan-ashgabat-photo-credit-shutterstock-gonetothemoon-1920x1080_1.jpg","articleSection":["D\u00fcnya"],"inLanguage":"az"},{"@type":"WebPage","@id":"https:\/\/www.meydan.tv\/az\/article\/turkmenistandan-musteqil-jurnalistlere-edilen-tezyiqleri-dayandirmaq-teleb-olunur\/","url":"https:\/\/www.meydan.tv\/az\/article\/turkmenistandan-musteqil-jurnalistlere-edilen-tezyiqleri-dayandirmaq-teleb-olunur\/","name":"T\u00fcrkm\u0259nistandan m\u00fcst\u0259qil jurnalistl\u0259r\u0259 edil\u0259n t\u0259zyiql\u0259ri dayand\u0131rmaq t\u0259l\u0259b olunur - MEYDAN.TV","isPartOf":{"@id":"https:\/\/www.meydan.tv\/az\/#website"},"primaryImageOfPage":{"@id":"https:\/\/www.meydan.tv\/az\/article\/turkmenistandan-musteqil-jurnalistlere-edilen-tezyiqleri-dayandirmaq-teleb-olunur\/#primaryimage"},"image":{"@id":"https:\/\/www.meydan.tv\/az\/article\/turkmenistandan-musteqil-jurnalistlere-edilen-tezyiqleri-dayandirmaq-teleb-olunur\/#primaryimage"},"thumbnailUrl":"https:\/\/www.meydan.tv\/wp-content\/uploads\/turkmenistan-ashgabat-photo-credit-shutterstock-gonetothemoon-1920x1080_1.jpg","datePublished":"2019-03-26T16:31:09+00:00","breadcrumb":{"@id":"https:\/\/www.meydan.tv\/az\/article\/turkmenistandan-musteqil-jurnalistlere-edilen-tezyiqleri-dayandirmaq-teleb-olunur\/#breadcrumb"},"inLanguage":"az","potentialAction":[{"@type":"ReadAction","target":["https:\/\/www.meydan.tv\/az\/article\/turkmenistandan-musteqil-jurnalistlere-edilen-tezyiqleri-dayandirmaq-teleb-olunur\/"]}]},{"@type":"ImageObject","inLanguage":"az","@id":"https:\/\/www.meydan.tv\/az\/article\/turkmenistandan-musteqil-jurnalistlere-edilen-tezyiqleri-dayandirmaq-teleb-olunur\/#primaryimage","url":"https:\/\/www.meydan.tv\/wp-content\/uploads\/turkmenistan-ashgabat-photo-credit-shutterstock-gonetothemoon-1920x1080_1.jpg","contentUrl":"https:\/\/www.meydan.tv\/wp-content\/uploads\/turkmenistan-ashgabat-photo-credit-shutterstock-gonetothemoon-1920x1080_1.jpg","width":1920,"height":1080,"caption":"Source: Meydan TV"},{"@type":"BreadcrumbList","@id":"https:\/\/www.meydan.tv\/az\/article\/turkmenistandan-musteqil-jurnalistlere-edilen-tezyiqleri-dayandirmaq-teleb-olunur\/#breadcrumb","itemListElement":[{"@type":"ListItem","position":1,"name":"Ana s\u0259hif\u0259","item":"https:\/\/www.meydan.tv\/az\/"},{"@type":"ListItem","position":2,"name":"D\u00fcnya","item":"https:\/\/www.meydan.tv\/az\/section\/dunya\/"},{"@type":"ListItem","position":3,"name":"T\u00fcrkm\u0259nistandan m\u00fcst\u0259qil jurnalistl\u0259r\u0259 edil\u0259n t\u0259zyiql\u0259ri dayand\u0131rmaq t\u0259l\u0259b olunur"}]},{"@type":"WebSite","@id":"https:\/\/www.meydan.tv\/az\/#website","url":"https:\/\/www.meydan.tv\/az\/","name":"MEYDAN.TV","description":"Meydan TV Az\u0259rbaycan\u0131n media m\u0259kan\u0131ndak\u0131 alternativ s\u0259sidir","publisher":{"@id":"https:\/\/www.meydan.tv\/az\/#organization"},"potentialAction":[{"@type":"SearchAction","target":{"@type":"EntryPoint","urlTemplate":"https:\/\/www.meydan.tv\/az\/?s={search_term_string}"},"query-input":{"@type":"PropertyValueSpecification","valueRequired":true,"valueName":"search_term_string"}}],"inLanguage":"az"},{"@type":"Organization","@id":"https:\/\/www.meydan.tv\/az\/#organization","name":"Meydan TV","url":"https:\/\/www.meydan.tv\/az\/","logo":{"@type":"ImageObject","inLanguage":"az","@id":"https:\/\/www.meydan.tv\/az\/#\/schema\/logo\/image\/","url":"https:\/\/www.meydan.tv\/wp-content\/uploads\/2021\/07\/meydan-logo.svg","contentUrl":"https:\/\/www.meydan.tv\/wp-content\/uploads\/2021\/07\/meydan-logo.svg","width":195,"height":46,"caption":"Meydan TV"},"image":{"@id":"https:\/\/www.meydan.tv\/az\/#\/schema\/logo\/image\/"}},{"@type":"Person","@id":"https:\/\/www.meydan.tv\/az\/#\/schema\/person\/10d11eccf6da3662cf5fdab9806ea91a","name":"user-manager"}]}},"_links":{"self":[{"href":"https:\/\/www.meydan.tv\/az\/wp-json\/wp\/v2\/posts\/194624","targetHints":{"allow":["GET"]}}],"collection":[{"href":"https:\/\/www.meydan.tv\/az\/wp-json\/wp\/v2\/posts"}],"about":[{"href":"https:\/\/www.meydan.tv\/az\/wp-json\/wp\/v2\/types\/post"}],"author":[{"embeddable":true,"href":"https:\/\/www.meydan.tv\/az\/wp-json\/wp\/v2\/users\/11"}],"replies":[{"embeddable":true,"href":"https:\/\/www.meydan.tv\/az\/wp-json\/wp\/v2\/comments?post=194624"}],"version-history":[{"count":0,"href":"https:\/\/www.meydan.tv\/az\/wp-json\/wp\/v2\/posts\/194624\/revisions"}],"wp:featuredmedia":[{"embeddable":true,"href":"https:\/\/www.meydan.tv\/az\/wp-json\/wp\/v2\/media\/120618"}],"wp:attachment":[{"href":"https:\/\/www.meydan.tv\/az\/wp-json\/wp\/v2\/media?parent=194624"}],"wp:term":[{"taxonomy":"category","embeddable":true,"href":"https:\/\/www.meydan.tv\/az\/wp-json\/wp\/v2\/categories?post=194624"},{"taxonomy":"post_tag","embeddable":true,"href":"https:\/\/www.meydan.tv\/az\/wp-json\/wp\/v2\/tags?post=194624"}],"curies":[{"name":"wp","href":"https:\/\/api.w.org\/{rel}","templated":true}]}}