{"id":194620,"date":"2019-03-25T17:08:28","date_gmt":"2019-03-25T17:08:28","guid":{"rendered":"https:\/\/www.meydan.tv\/article\/lacin-kockunu-icra-bascisi-deyir-yazmagi-dayandirmasan-seni-hebse-atdiracam\/"},"modified":"2019-03-25T17:08:28","modified_gmt":"2019-03-25T17:08:28","slug":"lacin-kockunu-icra-bascisi-deyir-yazmagi-dayandirmasan-seni-hebse-atdiracam","status":"publish","type":"post","link":"https:\/\/www.meydan.tv\/az\/article\/lacin-kockunu-icra-bascisi-deyir-yazmagi-dayandirmasan-seni-hebse-atdiracam\/","title":{"rendered":"La\u00e7\u0131n k\u00f6\u00e7k\u00fcn\u00fc: \u0130cra ba\u015f\u00e7\u0131s\u0131 deyir, yazma\u011f\u0131 dayand\u0131rmasan s\u0259ni h\u0259bs\u0259 atd\u0131racam"},"content":{"rendered":"<p>\n  <i><br \/>\n    &#x27;&#x27;M\u0259n u\u015fa\u011f\u0131ma yedirtm\u0259y\u0259 quru \u00e7\u00f6r\u0259k axtar\u0131ram&#x27;&#x27;<br \/>\n  <\/i>\n<\/p>\n<p>\n  \u201cYolda\u015f\u0131m\u0131n pensiya kart\u0131, \u00f6z\u00fcm\u00fcn maa\u015f, \u00e7\u00f6r\u0259kpulu, \u00fcnvanl\u0131 sosial yard\u0131m kartlar\u0131m \u2013 he\u00e7 biri \u00f6z\u00fcmd\u0259 deyil. U\u015fa\u011f\u0131m\u0131n x\u0259st\u0259liyin\u0259 g\u00f6r\u0259 bir Qaraba\u011f \u0259lili m\u0259nim \u00fc\u00e7\u00fcn bankdan pul g\u00f6t\u00fcr\u00fcb. \u00d6d\u0259y\u0259 bilm\u0259diyim \u00fc\u00e7\u00fcn borc \u015fi\u015fib, b\u00fct\u00fcn kartlar\u0131 y\u0131\u011f\u0131b o adama vermi\u015f\u0259m ki, kartlara pul oturduqca, kreditl\u0259ri \u00f6d\u0259sin. N\u0259tic\u0259d\u0259 ail\u0259likc\u0259 ac\u0131ndan \u00f6l\u00fcr\u00fck\u201d.\n<\/p>\n<p>\n  La\u00e7\u0131n k\u00f6\u00e7k\u00fcn\u00fc Murad K\u0259rimov 25 ild\u0259n \u00e7oxdur ki, ail\u0259si il\u0259 A\u011fcab\u0259dinin Taxtak\u00f6rp\u00fc adlanan \u0259razisind\u0259 m\u0259skunla\u015f\u0131b. O, La\u00e7\u0131n Suvarma Sisteml\u0259rind\u0259 f\u0259hl\u0259 i\u015fl\u0259yir. Deyir ki, ya\u015fad\u0131\u011f\u0131 yer vaxtil\u0259 mal-qara yata\u011f\u0131 olub. Meydan TV-y\u0259 dan\u0131\u015f\u0131r ki, azya\u015fl\u0131 \u00f6vladlar\u0131ndan birinin m\u00fcalic\u0259si \u00fc\u00e7\u00fcn ba\u015fqas\u0131n\u0131n ad\u0131na bankdan pul g\u00f6t\u00fcrm\u0259li olub. M\u00fcalic\u0259l\u0259r\u0259 x\u0259rcl\u0259n\u0259n pul t\u00fck\u0259ns\u0259 d\u0259, sonradan ona bildirilib ki, x\u0259st\u0259lik anadang\u0259lm\u0259 oldu\u011funa g\u00f6r\u0259 m\u00fcalic\u0259si yoxdur. Murad K\u0259rimovun dediyin\u0259 g\u00f6r\u0259, 3 ild\u0259n \u00e7oxdur ki, k\u00f6m\u0259k \u00fc\u00e7\u00fcn La\u00e7\u0131n Rayon \u0130cra Hakimiyy\u0259tin\u0259 m\u00fcraci\u0259t edir, ancaq k\u00f6m\u0259klik olunmur:\n<\/p>\n<p>\n  <i><br \/>\n    \u201cPrezident\u0259 yazma\u011f\u0131 dayand\u0131rma\u011f\u0131m\u0131 t\u0259l\u0259b edirl\u0259r\u201d<br \/>\n  <\/i>\n<\/p>\n<p>\n  \u201c\u0130lham \u018fliyev\u0259, Mehriban xan\u0131ma 30-dan \u00e7ox m\u0259ktub yazm\u0131\u015fam, yalvarm\u0131\u015fam-yaxarm\u0131\u015fam ki, u\u015faqlar\u0131m ac\u0131ndan \u00f6l\u00fcr, t\u0259yin etdiyiniz m\u0259murlar biz\u0259 g\u00fcn a\u011flam\u0131r, i\u015f \u00fc\u00e7\u00fcn ged\u0259n v\u0259t\u0259nda\u015flar\u0131 t\u0259hqir edib qap\u0131dan qovurlar. \u0130cra ba\u015f\u00e7\u0131s\u0131 deyir, yazd\u0131qlar\u0131n ax\u0131rda m\u0259nim masama g\u0259lib \u00e7\u0131x\u0131r. Yazma\u011f\u0131 dayand\u0131rmasan, s\u0259ni \u015f\u0259rl\u0259yib h\u0259bs\u0259 atd\u0131racam\u201d.\n<\/p>\n<p>\n  Murad K\u0259rimovun s\u00f6zl\u0259rin\u0259 g\u00f6r\u0259, \u00f6vlad\u0131n\u0131n m\u00fcalic\u0259si \u00fc\u00e7\u00fcn icra hakimiyy\u0259tin\u0259 m\u00fcraci\u0259tl\u0259rind\u0259n sonra m\u0259cbur olub ki, bankdan kredit g\u00f6t\u00fcrs\u00fcn:\n<\/p>\n<p>\n  \u201cQaraba\u011f \u0259lili olan tan\u0131\u015f\u0131m evimiz\u0259 g\u0259l\u0259nd\u0259 u\u015fa\u011f\u0131n dayanmadan a\u011flad\u0131\u011f\u0131n\u0131, a\u011fr\u0131 \u00e7\u0259kdiyini g\u00f6rd\u00fc, yaz\u0131\u011f\u0131 g\u0259ldi. Dedi, d\u00f6vl\u0259t k\u00f6m\u0259k el\u0259mirs\u0259, ham\u0131 nec\u0259, s\u0259n d\u0259 el\u0259, get, bankdan kredit g\u00f6t\u00fcr, u\u015fa\u011f\u0131 m\u00fcalic\u0259 el\u0259tdir, yaz\u0131qd\u0131r. Dedim, \u00fcnvanl\u0131 sosial yard\u0131m ald\u0131\u011f\u0131m\u0131z \u00fc\u00e7\u00fcn banklar biz\u0259 kredit vermir. O da t\u0259klif el\u0259di ki, ged\u0259k, m\u0259nim ad\u0131ma g\u00f6t\u00fcr\u0259k, \u0259sas odur ki, u\u015faq m\u00fcalic\u0259 olunsun. H\u0259min adam m\u0259nim \u00fc\u00e7\u00fcn bankdan \u00f6z ad\u0131na 6400 manat kredit g\u00f6t\u00fcrd\u00fc. O pul da h\u0259m A\u011fcab\u0259did\u0259ki, h\u0259m d\u0259 Bak\u0131dak\u0131 x\u0259st\u0259xanalara, h\u0259kiml\u0259r\u0259 getdi, ancaq u\u015fa\u011f\u0131 s\u0259hh\u0259tind\u0259 m\u00fcsb\u0259t\u0259 do\u011fru ir\u0259lil\u0259yi\u015f olmad\u0131. Ax\u0131rda dedil\u0259r ki, bu, anadang\u0259lm\u0259 skaliozdur (onur\u011fa \u0259yriliyi), m\u00fcalic\u0259si bizlik deyil. Bank\u0131n kreditini d\u0259 vaxt\u0131nda \u00f6d\u0259y\u0259 bilm\u0259diyim \u00fc\u00e7\u00fcn borc \u015fi\u015fib 9500 manata \u00e7atd\u0131. M\u0259cbur qal\u0131b b\u00fct\u00fcn dolan\u0131\u015f\u0131q kartlar\u0131m\u0131z\u0131 h\u0259min adama vermi\u015fik ki, aybaay kartlara pul k\u00f6\u00e7\u00fcr\u00fcld\u00fckc\u0259, kredit\u0259 \u00f6d\u0259sin. D\u00f6vl\u0259td\u0259n ist\u0259diyim odur ki, h\u0259yat yolda\u015f\u0131ma bir i\u015f verilsin, he\u00e7 olmasa, onun maa\u015f\u0131 il\u0259 dolanaq. O i\u015fi d\u0259 vermirl\u0259r\u201d.\n<\/p>\n<figure class=\"wp-block-image size-large\">\n  <img decoding=\"async\" src=\"https:\/\/www.meydan.tv\/az\/image_from_ios-2-jpg-9\/\" alt=\"image_from_ios (2).jpg\" class=\"wp-image-120597\"\/><figcaption>\n    Murad K\u0259rimov ail\u0259si il\u0259 evind\u0259<br \/>\n  <\/figcaption><\/figure>\n<p>\n  <i><br \/>\n    \u201cDedil\u0259r, ba\u015f\u0131n\u0131 a\u015fa\u011f\u0131 sal, kas\u0131b\u00e7\u0131l\u0131\u011f\u0131n\u0131 el\u0259\u201d<br \/>\n  <\/i>\n<\/p>\n<p>\n  Murad K\u0259rimov deyir, ikinci qrup \u0259lil olan h\u0259yat yolda\u015f\u0131n\u0131n i\u015fl\u0259 t\u0259min olunmas\u0131 \u00fc\u00e7\u00fcn 3 ild\u0259n \u00e7oxdur ki, La\u00e7\u0131n Rayon \u0130cra Hakimiyy\u0259tin\u0259 m\u00fcraci\u0259t ets\u0259 d\u0259, n\u0259tic\u0259si olmay\u0131b. \u018fksin\u0259, h\u0259d\u0259l\u0259nib:\n<\/p>\n<p>\n  \u201cK\u00f6m\u0259klik g\u00f6st\u0259rilm\u0259y\u0259nd\u0259 prezident\u0259, xan\u0131m\u0131na yazm\u0131\u015fam. M\u0259n Bak\u0131ya yazd\u0131qca, h\u0259r d\u0259f\u0259 La\u00e7\u0131n Rayon \u0130cra Hakimiyy\u0259tin\u0259 \u00e7a\u011f\u0131r\u0131b deyirl\u0259r, s\u0259ni i\u00e7\u0259ri atd\u0131rar\u0131q. H\u0259tta bir d\u0259f\u0259 m\u0259ni polis\u0259 d\u0259 veribl\u0259r. Polisd\u0259 is\u0259 m\u0259n\u0259 m\u0259sl\u0259h\u0259t g\u00f6rd\u00fcl\u0259r ki, \u201csakit otur yerind\u0259, s\u0259nin ba\u015f\u00e7\u0131yla, prezidentl\u0259 n\u0259 i\u015fin var, sal ba\u015f\u0131n\u0131 a\u015fa\u011f\u0131, kas\u0131b\u00e7\u0131l\u0131\u011f\u0131n\u0131 el\u0259&#8230; Deyir\u0259m, ax\u0131 nec\u0259 sakit oturum, maa\u015f kart\u0131m, \u00fcnvanl\u0131 sosial yard\u0131m kart\u0131m, \u00e7\u00f6r\u0259kpulu kart\u0131m, h\u0259yat yolda\u015f\u0131m\u0131n \u0259lilliy\u0259 g\u00f6r\u0259 ald\u0131\u011f\u0131 pensiyan\u0131n kart\u0131 \u2013 ham\u0131s\u0131 dibin\u0259 q\u0259d\u0259r t\u0259mizl\u0259nir, banka \u00f6d\u0259nilir, \u00f6z\u00fcm\u00fcz ac\u0131ndan \u00f6l\u00fcr\u00fck\u201d.\n<\/p>\n<p>\n  <i><br \/>\n    \u201cQuru \u00e7\u00f6r\u0259y\u0259 d\u0259 ehtiyac\u0131m\u0131z var\u201d<br \/>\n  <\/i>\n<\/p>\n<p>\n  Murad K\u0259rimov d\u0259f\u0259l\u0259rl\u0259 La\u00e7\u0131n Rayon \u0130cra Hakimiyy\u0259ti ba\u015f\u00e7\u0131s\u0131n\u0131n v\u0259 m\u00fcavinl\u0259rinin q\u0259bulunda olub. Sonuncu d\u0259f\u0259 bu il mart\u0131n birind\u0259 ba\u015f\u00e7\u0131n\u0131n q\u0259buluna gedib, onu ba\u015f\u00e7\u0131n\u0131n m\u00fcavini q\u0259bul edib v\u0259 h\u0259yat yolda\u015f\u0131 \u00fc\u00e7\u00fcn i\u015f olmad\u0131\u011f\u0131n\u0131 deyib:\n<\/p>\n<p>\n  \u201cDeyirl\u0259r, get \u00f6z\u00fcn\u0259 k\u0259narda \u0259lav\u0259 i\u015f tap, n\u0259 bilirs\u0259n el\u0259, ancaq ora-bura yazma\u011f\u0131 dayand\u0131r. Ya\u015fad\u0131\u011fm\u0131z yerin qap\u0131s\u0131ndan i\u00e7\u0259ri ke\u00e7\u0259 bilm\u0259zsiz. Bir yerd\u0259 ki, bizd\u0259n \u0259vv\u0259l cam\u0131\u015f, in\u0259k saxlay\u0131blar, orda nec\u0259 ya\u015famaq olar?.. \u00dc\u00e7 u\u015faq, \u0259lil h\u0259yat yolda\u015f\u0131m t\u00f6vl\u0259d\u0259, n\u0259mi\u015flikd\u0259 \u0259zab \u00e7\u0259kirl\u0259r. Qon\u015fular\u0131n verdikl\u0259ri \u00e7\u00f6r\u0259yi yeyirl\u0259r. \u0130nan\u0131n, bu d\u0259qiq\u0259 bizim quru \u00e7\u00f6r\u0259y\u0259 d\u0259 ehtiyac\u0131m\u0131z var. U\u015faqlar x\u0259st\u0259likd\u0259n ay\u0131lm\u0131r. \u0130kisi m\u0259kt\u0259blidir, ancaq m\u0259kt\u0259b\u0259 g\u00f6nd\u0259r\u0259 bilmirik, geyim yox, ac\u0131ndan hals\u0131zl\u0131q&#8230; B\u00fct\u00fcn g\u00fcn\u00fc a\u011flay\u0131rlar, m\u0259kt\u0259b\u0259 ist\u0259yirl\u0259r, g\u00f6nd\u0259r\u0259 bilmir\u0259m\u201d.\n<\/p>\n<p>\n  <i><br \/>\n    \u201c\u00d6z\u00fcn\u00fcm\u0259\u015f\u011fullu\u011fa c\u0259lb olunub ki, ail\u0259sini doland\u0131rs\u0131n\u201d<br \/>\n  <\/i>\n<\/p>\n<p>\n  La\u00e7\u0131n Rayon \u0130cra Hakimiyy\u0259tind\u0259n bildirilib ki, Murad K\u0259rimova d\u0259f\u0259l\u0259rl\u0259 pul yard\u0131m\u0131 olunub. Azya\u015fl\u0131 \u00f6vlad\u0131n\u0131n m\u00fcalic\u0259si \u00fc\u00e7\u00fcn La\u00e7\u0131n Rayon M\u0259rk\u0259zi X\u0259st\u0259xanas\u0131n\u0131n ba\u015f h\u0259kimi G\u00fcll\u00fc \u0130badova h\u0259r c\u00fcr yard\u0131m g\u00f6st\u0259rib. H\u0259tta u\u015fa\u011f\u0131n m\u00fcalic\u0259si \u00fc\u00e7\u00fcn Murad K\u0259rimovla birlikd\u0259 Bak\u0131dak\u0131 x\u0259st\u0259xanalara da gedib. Qurumdan h\u0259m\u00e7inin bildirilib ki, Murad K\u0259rimov \u018fm\u0259k v\u0259 \u018fhalinin Sosial M\u00fcdafi\u0259si Nazirliyi t\u0259r\u0259find\u0259n \u00d6z\u00fcn\u00fcm\u0259\u015f\u011fulluq Proqram\u0131na c\u0259lb olunub ki, heyvandarl\u0131qla m\u0259\u015f\u011ful olun ail\u0259sini doland\u0131rs\u0131n.\n<\/p>\n<p>\n  Murad K\u0259rimovsa deyir, bu Proqram \u00e7\u0259r\u00e7iv\u0259sind\u0259 ona veril\u0259n heyvanlar da q\u0131r\u0131l\u0131r:\n<\/p>\n<p>\n  \u201cD\u00fczd\u00fcr, ad\u0131ma 20 qoyun, 20 quzu yazd\u0131lar, ancaq c\u0259mi 20 qoyun verdil\u0259r, ham\u0131s\u0131 da x\u0259st\u0259&#8230; Bir-bir q\u0131r\u0131l\u0131rlar. Yolda\u015f\u0131m icra hakimiyy\u0259tin\u0259 i\u015f \u00fc\u00e7\u00fcn m\u00fcraci\u0259t el\u0259y\u0259nd\u0259 deyirl\u0259r, gedin, veril\u0259n qoyunlar\u0131 \u00e7oxald\u0131n, saxlay\u0131n, dolan\u0131n. M\u0259n u\u015fa\u011f\u0131ma yedirtm\u0259y\u0259 quru \u00e7\u00f6r\u0259k axtar\u0131ram, qoyunu nec\u0259 saxlay\u0131m? \u00dcst\u0259lik d\u0259, bu qoyunlar bala ver\u0259n qoyunlar deyil, qocad\u0131r, x\u0259st\u0259dir&#8230; Ax\u0131 m\u0259n ba\u015f\u00e7\u0131dan xahi\u015f el\u0259mir\u0259m ki, cibind\u0259n m\u0259n\u0259 pul versin. M\u0259n ist\u0259yir\u0259m ki, yolda\u015f\u0131m ged\u0259nd\u0259 t\u0259hqir edib qap\u0131dan qovmas\u0131nlar, bir i\u015f versinl\u0259r, i\u015fl\u0259sin, maa\u015f als\u0131n. M\u0259nim kartlar\u0131mla kredit \u00f6d\u0259nilsin, yolda\u015f\u0131m\u0131n maa\u015f\u0131yla u\u015faqlar\u0131 yedird\u0259k. Ba\u015f\u0131na g\u0259lm\u0259y\u0259n anlamaz, u\u015faqlar ac\u0131ndan a\u011flay\u0131r, yem\u0259k ist\u0259yir\u201d.<\/p>\n","protected":false},"excerpt":{"rendered":"<p>M\u0259n ist\u0259yir\u0259m ki, yolda\u015f\u0131m ged\u0259nd\u0259 t\u0259hqir edib qap\u0131dan qovmas\u0131nlar, bir i\u015f versinl\u0259r, i\u015fl\u0259sin, maa\u015f als\u0131n<\/p>\n","protected":false},"author":11,"featured_media":120594,"comment_status":"closed","ping_status":"open","sticky":false,"template":"","format":"standard","meta":{"_acf_changed":false,"_sitemap_exclude":false,"_sitemap_priority":"","_sitemap_frequency":"","footnotes":""},"categories":[60],"tags":[],"class_list":["post-194620","post","type-post","status-publish","format-standard","has-post-thumbnail","hentry","category-bolge","infinite-scroll-item","generate-columns","tablet-grid-50","mobile-grid-100","grid-parent","grid-33","no-featured-image-padding"],"acf":[],"yoast_head":"<!-- This site is optimized with the Yoast SEO plugin v27.4 - https:\/\/yoast.com\/product\/yoast-seo-wordpress\/ -->\n<title>La\u00e7\u0131n k\u00f6\u00e7k\u00fcn\u00fc: \u0130cra ba\u015f\u00e7\u0131s\u0131 deyir, yazma\u011f\u0131 dayand\u0131rmasan s\u0259ni h\u0259bs\u0259 atd\u0131racam - MEYDAN.TV<\/title>\n<meta name=\"robots\" content=\"index, follow, max-snippet:-1, max-image-preview:large, max-video-preview:-1\" \/>\n<link rel=\"canonical\" href=\"https:\/\/www.meydan.tv\/az\/article\/lacin-kockunu-icra-bascisi-deyir-yazmagi-dayandirmasan-seni-hebse-atdiracam\/\" \/>\n<meta property=\"og:locale\" content=\"az_AZ\" \/>\n<meta property=\"og:type\" content=\"article\" \/>\n<meta property=\"og:title\" content=\"La\u00e7\u0131n k\u00f6\u00e7k\u00fcn\u00fc: \u0130cra ba\u015f\u00e7\u0131s\u0131 deyir, yazma\u011f\u0131 dayand\u0131rmasan s\u0259ni h\u0259bs\u0259 atd\u0131racam - MEYDAN.TV\" \/>\n<meta property=\"og:description\" content=\"M\u0259n ist\u0259yir\u0259m ki, yolda\u015f\u0131m ged\u0259nd\u0259 t\u0259hqir edib qap\u0131dan qovmas\u0131nlar, bir i\u015f versinl\u0259r, i\u015fl\u0259sin, maa\u015f als\u0131n\" \/>\n<meta property=\"og:url\" content=\"https:\/\/www.meydan.tv\/az\/article\/lacin-kockunu-icra-bascisi-deyir-yazmagi-dayandirmasan-seni-hebse-atdiracam\/\" \/>\n<meta property=\"og:site_name\" content=\"MEYDAN.TV\" \/>\n<meta property=\"article:published_time\" content=\"2019-03-25T17:08:28+00:00\" \/>\n<meta property=\"og:image\" content=\"https:\/\/www.meydan.tv\/wp-content\/uploads\/image_from_ios_3_lpeup61.jpg\" \/>\n\t<meta property=\"og:image:width\" content=\"1280\" \/>\n\t<meta property=\"og:image:height\" content=\"720\" \/>\n\t<meta property=\"og:image:type\" content=\"image\/jpeg\" \/>\n<meta name=\"author\" content=\"user-manager\" \/>\n<meta name=\"twitter:card\" content=\"summary_large_image\" \/>\n<script type=\"application\/ld+json\" class=\"yoast-schema-graph\">{\"@context\":\"https:\\\/\\\/schema.org\",\"@graph\":[{\"@type\":\"Article\",\"@id\":\"https:\\\/\\\/www.meydan.tv\\\/az\\\/article\\\/lacin-kockunu-icra-bascisi-deyir-yazmagi-dayandirmasan-seni-hebse-atdiracam\\\/#article\",\"isPartOf\":{\"@id\":\"https:\\\/\\\/www.meydan.tv\\\/az\\\/article\\\/lacin-kockunu-icra-bascisi-deyir-yazmagi-dayandirmasan-seni-hebse-atdiracam\\\/\"},\"author\":{\"name\":\"user-manager\",\"@id\":\"https:\\\/\\\/www.meydan.tv\\\/az\\\/#\\\/schema\\\/person\\\/10d11eccf6da3662cf5fdab9806ea91a\"},\"headline\":\"La\u00e7\u0131n k\u00f6\u00e7k\u00fcn\u00fc: \u0130cra ba\u015f\u00e7\u0131s\u0131 deyir, yazma\u011f\u0131 dayand\u0131rmasan s\u0259ni h\u0259bs\u0259 atd\u0131racam\",\"datePublished\":\"2019-03-25T17:08:28+00:00\",\"mainEntityOfPage\":{\"@id\":\"https:\\\/\\\/www.meydan.tv\\\/az\\\/article\\\/lacin-kockunu-icra-bascisi-deyir-yazmagi-dayandirmasan-seni-hebse-atdiracam\\\/\"},\"wordCount\":1301,\"publisher\":{\"@id\":\"https:\\\/\\\/www.meydan.tv\\\/az\\\/#organization\"},\"image\":{\"@id\":\"https:\\\/\\\/www.meydan.tv\\\/az\\\/article\\\/lacin-kockunu-icra-bascisi-deyir-yazmagi-dayandirmasan-seni-hebse-atdiracam\\\/#primaryimage\"},\"thumbnailUrl\":\"https:\\\/\\\/www.meydan.tv\\\/wp-content\\\/uploads\\\/image_from_ios_3_lpeup61.jpg\",\"articleSection\":[\"B\u00f6lg\u0259\"],\"inLanguage\":\"az\"},{\"@type\":\"WebPage\",\"@id\":\"https:\\\/\\\/www.meydan.tv\\\/az\\\/article\\\/lacin-kockunu-icra-bascisi-deyir-yazmagi-dayandirmasan-seni-hebse-atdiracam\\\/\",\"url\":\"https:\\\/\\\/www.meydan.tv\\\/az\\\/article\\\/lacin-kockunu-icra-bascisi-deyir-yazmagi-dayandirmasan-seni-hebse-atdiracam\\\/\",\"name\":\"La\u00e7\u0131n k\u00f6\u00e7k\u00fcn\u00fc: \u0130cra ba\u015f\u00e7\u0131s\u0131 deyir, yazma\u011f\u0131 dayand\u0131rmasan s\u0259ni h\u0259bs\u0259 atd\u0131racam - MEYDAN.TV\",\"isPartOf\":{\"@id\":\"https:\\\/\\\/www.meydan.tv\\\/az\\\/#website\"},\"primaryImageOfPage\":{\"@id\":\"https:\\\/\\\/www.meydan.tv\\\/az\\\/article\\\/lacin-kockunu-icra-bascisi-deyir-yazmagi-dayandirmasan-seni-hebse-atdiracam\\\/#primaryimage\"},\"image\":{\"@id\":\"https:\\\/\\\/www.meydan.tv\\\/az\\\/article\\\/lacin-kockunu-icra-bascisi-deyir-yazmagi-dayandirmasan-seni-hebse-atdiracam\\\/#primaryimage\"},\"thumbnailUrl\":\"https:\\\/\\\/www.meydan.tv\\\/wp-content\\\/uploads\\\/image_from_ios_3_lpeup61.jpg\",\"datePublished\":\"2019-03-25T17:08:28+00:00\",\"breadcrumb\":{\"@id\":\"https:\\\/\\\/www.meydan.tv\\\/az\\\/article\\\/lacin-kockunu-icra-bascisi-deyir-yazmagi-dayandirmasan-seni-hebse-atdiracam\\\/#breadcrumb\"},\"inLanguage\":\"az\",\"potentialAction\":[{\"@type\":\"ReadAction\",\"target\":[\"https:\\\/\\\/www.meydan.tv\\\/az\\\/article\\\/lacin-kockunu-icra-bascisi-deyir-yazmagi-dayandirmasan-seni-hebse-atdiracam\\\/\"]}]},{\"@type\":\"ImageObject\",\"inLanguage\":\"az\",\"@id\":\"https:\\\/\\\/www.meydan.tv\\\/az\\\/article\\\/lacin-kockunu-icra-bascisi-deyir-yazmagi-dayandirmasan-seni-hebse-atdiracam\\\/#primaryimage\",\"url\":\"https:\\\/\\\/www.meydan.tv\\\/wp-content\\\/uploads\\\/image_from_ios_3_lpeup61.jpg\",\"contentUrl\":\"https:\\\/\\\/www.meydan.tv\\\/wp-content\\\/uploads\\\/image_from_ios_3_lpeup61.jpg\",\"width\":1280,\"height\":720,\"caption\":\"Source: meydan.tv\"},{\"@type\":\"BreadcrumbList\",\"@id\":\"https:\\\/\\\/www.meydan.tv\\\/az\\\/article\\\/lacin-kockunu-icra-bascisi-deyir-yazmagi-dayandirmasan-seni-hebse-atdiracam\\\/#breadcrumb\",\"itemListElement\":[{\"@type\":\"ListItem\",\"position\":1,\"name\":\"Ana s\u0259hif\u0259\",\"item\":\"https:\\\/\\\/www.meydan.tv\\\/az\\\/\"},{\"@type\":\"ListItem\",\"position\":2,\"name\":\"B\u00f6lg\u0259\",\"item\":\"https:\\\/\\\/www.meydan.tv\\\/az\\\/section\\\/bolge\\\/\"},{\"@type\":\"ListItem\",\"position\":3,\"name\":\"La\u00e7\u0131n k\u00f6\u00e7k\u00fcn\u00fc: \u0130cra ba\u015f\u00e7\u0131s\u0131 deyir, yazma\u011f\u0131 dayand\u0131rmasan s\u0259ni h\u0259bs\u0259 atd\u0131racam\"}]},{\"@type\":\"WebSite\",\"@id\":\"https:\\\/\\\/www.meydan.tv\\\/az\\\/#website\",\"url\":\"https:\\\/\\\/www.meydan.tv\\\/az\\\/\",\"name\":\"MEYDAN.TV\",\"description\":\"Meydan TV Az\u0259rbaycan\u0131n media m\u0259kan\u0131ndak\u0131 alternativ s\u0259sidir\",\"publisher\":{\"@id\":\"https:\\\/\\\/www.meydan.tv\\\/az\\\/#organization\"},\"potentialAction\":[{\"@type\":\"SearchAction\",\"target\":{\"@type\":\"EntryPoint\",\"urlTemplate\":\"https:\\\/\\\/www.meydan.tv\\\/az\\\/?s={search_term_string}\"},\"query-input\":{\"@type\":\"PropertyValueSpecification\",\"valueRequired\":true,\"valueName\":\"search_term_string\"}}],\"inLanguage\":\"az\"},{\"@type\":\"Organization\",\"@id\":\"https:\\\/\\\/www.meydan.tv\\\/az\\\/#organization\",\"name\":\"Meydan TV\",\"url\":\"https:\\\/\\\/www.meydan.tv\\\/az\\\/\",\"logo\":{\"@type\":\"ImageObject\",\"inLanguage\":\"az\",\"@id\":\"https:\\\/\\\/www.meydan.tv\\\/az\\\/#\\\/schema\\\/logo\\\/image\\\/\",\"url\":\"https:\\\/\\\/www.meydan.tv\\\/wp-content\\\/uploads\\\/2021\\\/07\\\/meydan-logo.svg\",\"contentUrl\":\"https:\\\/\\\/www.meydan.tv\\\/wp-content\\\/uploads\\\/2021\\\/07\\\/meydan-logo.svg\",\"width\":195,\"height\":46,\"caption\":\"Meydan TV\"},\"image\":{\"@id\":\"https:\\\/\\\/www.meydan.tv\\\/az\\\/#\\\/schema\\\/logo\\\/image\\\/\"}},{\"@type\":\"Person\",\"@id\":\"https:\\\/\\\/www.meydan.tv\\\/az\\\/#\\\/schema\\\/person\\\/10d11eccf6da3662cf5fdab9806ea91a\",\"name\":\"user-manager\"}]}<\/script>\n<!-- \/ Yoast SEO plugin. -->","yoast_head_json":{"title":"La\u00e7\u0131n k\u00f6\u00e7k\u00fcn\u00fc: \u0130cra ba\u015f\u00e7\u0131s\u0131 deyir, yazma\u011f\u0131 dayand\u0131rmasan s\u0259ni h\u0259bs\u0259 atd\u0131racam - MEYDAN.TV","robots":{"index":"index","follow":"follow","max-snippet":"max-snippet:-1","max-image-preview":"max-image-preview:large","max-video-preview":"max-video-preview:-1"},"canonical":"https:\/\/www.meydan.tv\/az\/article\/lacin-kockunu-icra-bascisi-deyir-yazmagi-dayandirmasan-seni-hebse-atdiracam\/","og_locale":"az_AZ","og_type":"article","og_title":"La\u00e7\u0131n k\u00f6\u00e7k\u00fcn\u00fc: \u0130cra ba\u015f\u00e7\u0131s\u0131 deyir, yazma\u011f\u0131 dayand\u0131rmasan s\u0259ni h\u0259bs\u0259 atd\u0131racam - MEYDAN.TV","og_description":"M\u0259n ist\u0259yir\u0259m ki, yolda\u015f\u0131m ged\u0259nd\u0259 t\u0259hqir edib qap\u0131dan qovmas\u0131nlar, bir i\u015f versinl\u0259r, i\u015fl\u0259sin, maa\u015f als\u0131n","og_url":"https:\/\/www.meydan.tv\/az\/article\/lacin-kockunu-icra-bascisi-deyir-yazmagi-dayandirmasan-seni-hebse-atdiracam\/","og_site_name":"MEYDAN.TV","article_published_time":"2019-03-25T17:08:28+00:00","og_image":[{"width":1280,"height":720,"url":"https:\/\/www.meydan.tv\/wp-content\/uploads\/image_from_ios_3_lpeup61.jpg","type":"image\/jpeg"}],"author":"user-manager","twitter_card":"summary_large_image","schema":{"@context":"https:\/\/schema.org","@graph":[{"@type":"Article","@id":"https:\/\/www.meydan.tv\/az\/article\/lacin-kockunu-icra-bascisi-deyir-yazmagi-dayandirmasan-seni-hebse-atdiracam\/#article","isPartOf":{"@id":"https:\/\/www.meydan.tv\/az\/article\/lacin-kockunu-icra-bascisi-deyir-yazmagi-dayandirmasan-seni-hebse-atdiracam\/"},"author":{"name":"user-manager","@id":"https:\/\/www.meydan.tv\/az\/#\/schema\/person\/10d11eccf6da3662cf5fdab9806ea91a"},"headline":"La\u00e7\u0131n k\u00f6\u00e7k\u00fcn\u00fc: \u0130cra ba\u015f\u00e7\u0131s\u0131 deyir, yazma\u011f\u0131 dayand\u0131rmasan s\u0259ni h\u0259bs\u0259 atd\u0131racam","datePublished":"2019-03-25T17:08:28+00:00","mainEntityOfPage":{"@id":"https:\/\/www.meydan.tv\/az\/article\/lacin-kockunu-icra-bascisi-deyir-yazmagi-dayandirmasan-seni-hebse-atdiracam\/"},"wordCount":1301,"publisher":{"@id":"https:\/\/www.meydan.tv\/az\/#organization"},"image":{"@id":"https:\/\/www.meydan.tv\/az\/article\/lacin-kockunu-icra-bascisi-deyir-yazmagi-dayandirmasan-seni-hebse-atdiracam\/#primaryimage"},"thumbnailUrl":"https:\/\/www.meydan.tv\/wp-content\/uploads\/image_from_ios_3_lpeup61.jpg","articleSection":["B\u00f6lg\u0259"],"inLanguage":"az"},{"@type":"WebPage","@id":"https:\/\/www.meydan.tv\/az\/article\/lacin-kockunu-icra-bascisi-deyir-yazmagi-dayandirmasan-seni-hebse-atdiracam\/","url":"https:\/\/www.meydan.tv\/az\/article\/lacin-kockunu-icra-bascisi-deyir-yazmagi-dayandirmasan-seni-hebse-atdiracam\/","name":"La\u00e7\u0131n k\u00f6\u00e7k\u00fcn\u00fc: \u0130cra ba\u015f\u00e7\u0131s\u0131 deyir, yazma\u011f\u0131 dayand\u0131rmasan s\u0259ni h\u0259bs\u0259 atd\u0131racam - MEYDAN.TV","isPartOf":{"@id":"https:\/\/www.meydan.tv\/az\/#website"},"primaryImageOfPage":{"@id":"https:\/\/www.meydan.tv\/az\/article\/lacin-kockunu-icra-bascisi-deyir-yazmagi-dayandirmasan-seni-hebse-atdiracam\/#primaryimage"},"image":{"@id":"https:\/\/www.meydan.tv\/az\/article\/lacin-kockunu-icra-bascisi-deyir-yazmagi-dayandirmasan-seni-hebse-atdiracam\/#primaryimage"},"thumbnailUrl":"https:\/\/www.meydan.tv\/wp-content\/uploads\/image_from_ios_3_lpeup61.jpg","datePublished":"2019-03-25T17:08:28+00:00","breadcrumb":{"@id":"https:\/\/www.meydan.tv\/az\/article\/lacin-kockunu-icra-bascisi-deyir-yazmagi-dayandirmasan-seni-hebse-atdiracam\/#breadcrumb"},"inLanguage":"az","potentialAction":[{"@type":"ReadAction","target":["https:\/\/www.meydan.tv\/az\/article\/lacin-kockunu-icra-bascisi-deyir-yazmagi-dayandirmasan-seni-hebse-atdiracam\/"]}]},{"@type":"ImageObject","inLanguage":"az","@id":"https:\/\/www.meydan.tv\/az\/article\/lacin-kockunu-icra-bascisi-deyir-yazmagi-dayandirmasan-seni-hebse-atdiracam\/#primaryimage","url":"https:\/\/www.meydan.tv\/wp-content\/uploads\/image_from_ios_3_lpeup61.jpg","contentUrl":"https:\/\/www.meydan.tv\/wp-content\/uploads\/image_from_ios_3_lpeup61.jpg","width":1280,"height":720,"caption":"Source: meydan.tv"},{"@type":"BreadcrumbList","@id":"https:\/\/www.meydan.tv\/az\/article\/lacin-kockunu-icra-bascisi-deyir-yazmagi-dayandirmasan-seni-hebse-atdiracam\/#breadcrumb","itemListElement":[{"@type":"ListItem","position":1,"name":"Ana s\u0259hif\u0259","item":"https:\/\/www.meydan.tv\/az\/"},{"@type":"ListItem","position":2,"name":"B\u00f6lg\u0259","item":"https:\/\/www.meydan.tv\/az\/section\/bolge\/"},{"@type":"ListItem","position":3,"name":"La\u00e7\u0131n k\u00f6\u00e7k\u00fcn\u00fc: \u0130cra ba\u015f\u00e7\u0131s\u0131 deyir, yazma\u011f\u0131 dayand\u0131rmasan s\u0259ni h\u0259bs\u0259 atd\u0131racam"}]},{"@type":"WebSite","@id":"https:\/\/www.meydan.tv\/az\/#website","url":"https:\/\/www.meydan.tv\/az\/","name":"MEYDAN.TV","description":"Meydan TV Az\u0259rbaycan\u0131n media m\u0259kan\u0131ndak\u0131 alternativ s\u0259sidir","publisher":{"@id":"https:\/\/www.meydan.tv\/az\/#organization"},"potentialAction":[{"@type":"SearchAction","target":{"@type":"EntryPoint","urlTemplate":"https:\/\/www.meydan.tv\/az\/?s={search_term_string}"},"query-input":{"@type":"PropertyValueSpecification","valueRequired":true,"valueName":"search_term_string"}}],"inLanguage":"az"},{"@type":"Organization","@id":"https:\/\/www.meydan.tv\/az\/#organization","name":"Meydan TV","url":"https:\/\/www.meydan.tv\/az\/","logo":{"@type":"ImageObject","inLanguage":"az","@id":"https:\/\/www.meydan.tv\/az\/#\/schema\/logo\/image\/","url":"https:\/\/www.meydan.tv\/wp-content\/uploads\/2021\/07\/meydan-logo.svg","contentUrl":"https:\/\/www.meydan.tv\/wp-content\/uploads\/2021\/07\/meydan-logo.svg","width":195,"height":46,"caption":"Meydan TV"},"image":{"@id":"https:\/\/www.meydan.tv\/az\/#\/schema\/logo\/image\/"}},{"@type":"Person","@id":"https:\/\/www.meydan.tv\/az\/#\/schema\/person\/10d11eccf6da3662cf5fdab9806ea91a","name":"user-manager"}]}},"_links":{"self":[{"href":"https:\/\/www.meydan.tv\/az\/wp-json\/wp\/v2\/posts\/194620","targetHints":{"allow":["GET"]}}],"collection":[{"href":"https:\/\/www.meydan.tv\/az\/wp-json\/wp\/v2\/posts"}],"about":[{"href":"https:\/\/www.meydan.tv\/az\/wp-json\/wp\/v2\/types\/post"}],"author":[{"embeddable":true,"href":"https:\/\/www.meydan.tv\/az\/wp-json\/wp\/v2\/users\/11"}],"replies":[{"embeddable":true,"href":"https:\/\/www.meydan.tv\/az\/wp-json\/wp\/v2\/comments?post=194620"}],"version-history":[{"count":0,"href":"https:\/\/www.meydan.tv\/az\/wp-json\/wp\/v2\/posts\/194620\/revisions"}],"wp:featuredmedia":[{"embeddable":true,"href":"https:\/\/www.meydan.tv\/az\/wp-json\/wp\/v2\/media\/120594"}],"wp:attachment":[{"href":"https:\/\/www.meydan.tv\/az\/wp-json\/wp\/v2\/media?parent=194620"}],"wp:term":[{"taxonomy":"category","embeddable":true,"href":"https:\/\/www.meydan.tv\/az\/wp-json\/wp\/v2\/categories?post=194620"},{"taxonomy":"post_tag","embeddable":true,"href":"https:\/\/www.meydan.tv\/az\/wp-json\/wp\/v2\/tags?post=194620"}],"curies":[{"name":"wp","href":"https:\/\/api.w.org\/{rel}","templated":true}]}}