{"id":194598,"date":"2019-03-22T11:30:05","date_gmt":"2019-03-22T11:30:05","guid":{"rendered":"https:\/\/www.meydan.tv\/article\/azerbaycanda-hazirki-veziyyet-ssri-nin-son-illeri-ile-oxsardir\/"},"modified":"2019-03-22T11:30:05","modified_gmt":"2019-03-22T11:30:05","slug":"azerbaycanda-hazirki-veziyyet-ssri-nin-son-illeri-ile-oxsardir","status":"publish","type":"post","link":"https:\/\/www.meydan.tv\/az\/article\/azerbaycanda-hazirki-veziyyet-ssri-nin-son-illeri-ile-oxsardir\/","title":{"rendered":"Az\u0259rbaycanda haz\u0131rki v\u0259ziyy\u0259t SSR\u0130-nin son ill\u0259ri il\u0259 ox\u015fard\u0131r"},"content":{"rendered":"<p>\n  <b><br \/>\n    <i><br \/>\n      Sonuncu sovet lideri Mixail Qorba\u00e7ov 1985-ci ilin mart\u0131nda, Stalinin otuz illik m\u00fcasirl\u0259\u015fdirm\u0259sind\u0259n sonra \u00f6lk\u0259 iqtisadiyyat\u0131 totalitar ma\u015f\u0131n\u0131n y\u0131\u011f\u0131lm\u0131\u015f resurslar\u0131n\u0131 s\u0259rf edib, s\u00fcstl\u00fck v\u0259ziyy\u0259tin\u0259 daxil oldu\u011fu bir vaxtda s\u00fckan arxas\u0131na ke\u00e7di.<br \/>\n    <\/i><br \/>\n  <\/b>\n<\/p>\n<p>\n  H\u0259min vaxta d\u00f6vl\u0259t sovet tarixinin \u0259vv\u0259lki b\u00f6hran d\u00f6vrl\u0259rind\u0259 oldu\u011fu kimi, \u0259rzaq talonlar\u0131na qay\u0131tm\u0131\u015fd\u0131, bu da formala\u015fm\u0131\u015f h\u0259yat t\u0259rzind\u0259n \u00fcmumi naraz\u0131l\u0131q yaratm\u0131\u015fd\u0131 v\u0259 d\u0259yi\u015fiklikl\u0259r\u0259 ictimai t\u0259l\u0259bat yaratm\u0131\u015fd\u0131.\n<\/p>\n<p>\n  Qorba\u00e7ovun \u00f6lk\u0259ni b\u00f6hrandan \u00e7\u0131xarmaq v\u0259 iqtisadi v\u0259 ictimai prosesl\u0259r\u0259 yeni n\u0259f\u0259s verm\u0259k c\u0259hdl\u0259ri tamamil\u0259 \u0259ks n\u0259tic\u0259 verdi. Bu, \u0259sas\u0259n ged\u0259n prosesl\u0259rin kifay\u0259t q\u0259d\u0259r anla\u015f\u0131lmamas\u0131, b\u00f6hran v\u0259 ya inqilab v\u0259ziyy\u0259tl\u0259rind\u0259 h\u0259r\u0259k\u0259t \u00fc\u00e7\u00fcn biliyin olmamas\u0131, d\u00f6vl\u0259t aparat\u0131n\u0131n rejimin uzun ill\u0259r dur\u011funlu\u011fu \u015f\u0259raitind\u0259 artan s\u00fcr\u0259ti h\u0259lledici amil\u0259 \u00e7evril\u0259n d\u0259yi\u015fiklikl\u0259r\u0259 haz\u0131r olmamas\u0131 s\u0259b\u0259bind\u0259n ba\u015f verdi.\n<\/p>\n<p>\n  Sovetl\u0259r \u00f6lk\u0259sinin m\u00f6vcud oldu\u011fu son alt\u0131 il can \u00e7\u0259ki\u015fm\u0259yin parlaq n\u00fcmun\u0259sidir, amma Qorba\u00e7ov islahat\u0131n\u0131n deyil. Mahiyy\u0259tc\u0259, he\u00e7 bel\u0259 bir islahat olmay\u0131b. \u0130qtisadi, siyasi, ideoloji xarakterli, amma bir-biri il\u0259 he\u00e7 bir \u0259laq\u0259si olmayan kort\u0259bii q\u0259rarlar olub. Qorba\u00e7ov SSR\u0130-ni b\u00f6hrandan \u00e7\u0131xaraca\u011f\u0131n\u0131 d\u00fc\u015f\u00fcnd\u00fcy\u00fc \u00fc\u00e7 \u0259sas amil\u0259 istinad etdi:\n<\/p>\n<ol>\n<li>\n    <i><br \/>\n      Sosial-iqtisadi d\u0259yi\u015fiklikl\u0259rin investisiya \u0259sas\u0131 kimi energetika kompleksinin inki\u015faf\u0131.<br \/>\n    <\/i>\n  <\/li>\n<li>\n    <i><br \/>\n      B\u00fct\u00fcn d\u00f6vl\u0259t ma\u015f\u0131n\u0131n\u0131n v\u0259 m\u00fcnasib\u0259tl\u0259rin idar\u0259etm\u0259sinin yenid\u0259n qurulmas\u0131.<br \/>\n    <\/i>\n  <\/li>\n<li>\n    <i><br \/>\n      D\u00f6vl\u0259t pl\u00fcralizmi &#8211; ictimai pl\u00fcralizm sistemi kimi c\u0259miyy\u0259tin d\u00f6vl\u0259t quruculu\u011funa c\u0259lb edilm\u0259sin\u0259 v\u0259 m\u0259mur aparat\u0131n\u0131n c\u0259miyy\u0259t qar\u015f\u0131s\u0131nda m\u0259suliyy\u0259tini art\u0131rma\u011fa xidm\u0259t ed\u0259n A\u015fkarl\u0131q.<br \/>\n    <\/i>\n  <\/li>\n<\/ol>\n<p>\n  Birinci halda t\u0259m\u0259l u\u011furlu deyildi, d\u00fcnyada enerji resurslar\u0131n\u0131n qiym\u0259tinin k\u0259skin d\u00fc\u015fm\u0259si il\u0259 \u0259laq\u0259dar, b\u0259lk\u0259 d\u0259, u\u011fursuz idi. Bu, sovet s\u0259nayesinin m\u00fcasirl\u0259\u015fdirilm\u0259si \u00fc\u00e7\u00fcn texnologiyan\u0131n v\u0259 \u00e7oxi\u015fl\u0259n\u0259n mallar\u0131n al\u0131nmas\u0131n\u0131 t\u0259min etm\u0259y\u0259 imkan verm\u0259di ki, c\u0259miyy\u0259tin rifah\u0131 bunlar\u0131n idxal\u0131ndan as\u0131l\u0131 idi.\n<\/p>\n<p>\n  H\u0259m maliyy\u0259, h\u0259m d\u0259 texnologiya \u015f\u0259klind\u0259 xarici kapital\u0131n c\u0259lb edilm\u0259si m\u0259s\u0259l\u0259sind\u0259 q\u0259tiyy\u0259tsizlik, m\u00fcst\u0259sna olaraq neft dollarlar\u0131na \u0259saslanan daxili resurslardan istifad\u0259 strategiyas\u0131 sovet h\u00f6kum\u0259tinin \u0259sas v\u0259 faci\u0259vi s\u0259hvi oldu.\n<\/p>\n<p>\n  Qeyd etm\u0259k laz\u0131md\u0131r ki, \u00c7in islahatlar\u0131 ona g\u00f6r\u0259 dinamika qazand\u0131 ki, h\u00f6kum\u0259t d\u00f6vl\u0259t aparat\u0131 il\u0259 \u0259laq\u0259si olmayan xarici kapital\u0131n i\u015ftirak\u0131 il\u0259 \u00f6z\u0259l sektor yaranmas\u0131na istinad edirdi. M\u0259murlar\u0131n biznes\u0259 c\u0259lb edilm\u0259sin\u0259 v\u0259 onlar t\u0259r\u0259find\u0259n biznesin inki\u015faf\u0131na mane olunmas\u0131na ciddi n\u0259zar\u0259t v\u0259 c\u0259za mexanizmi i\u015f\u0259 sal\u0131nm\u0131\u015fd\u0131.\n<\/p>\n<p>\n  SSR\u0130-d\u0259 \u0259ksin\u0259, partiya-komsomol elitas\u0131 biznes \u00fcz\u0259rind\u0259 inhisar yaradaraq, d\u00f6vl\u0259t resurslar\u0131n\u0131n, t\u0259bii resurslar\u0131n v\u0259 insan resurslar\u0131n\u0131n istismar\u0131n\u0131 \u00f6z \u015f\u0259xsi maraqlar\u0131na tabe etmi\u015f m\u0259mur biznesmenl\u0259r hibridi yaratm\u0131\u015fd\u0131. Bu, sonrak\u0131 ill\u0259rd\u0259 imperiyan\u0131n qal\u0131qlar\u0131 \u00fcz\u0259rind\u0259 m\u00fcxt\u0259lif sah\u0259l\u0259rin ki\u00e7ik qrupun maraqlar\u0131 \u00fc\u00e7\u00fcn inhisara al\u0131nmas\u0131na, k\u00fctl\u0259l\u0259rin yarad\u0131c\u0131l\u0131q v\u0259 quruculuq prosesind\u0259n k\u0259narla\u015fd\u0131r\u0131lmas\u0131na, \u0259ks\u0259r yeni d\u00f6vl\u0259tl\u0259rin v\u0259 c\u0259miyy\u0259tin t\u0259n\u0259zz\u00fcl\u00fcn\u0259 g\u0259tirib \u00e7\u0131xard\u0131. Amma bu, art\u0131q Qorba\u00e7ovun d\u00f6vl\u0259t ma\u015f\u0131n\u0131n\u0131 v\u0259 idar\u0259etm\u0259ni d\u0259yi\u015fdirm\u0259sinin n\u0259tic\u0259si idi.\n<\/p>\n<p>\n  Qorba\u00e7ovun elan etdiyi, informasiya pl\u00fcralizmini v\u0259 fikir azadl\u0131\u011f\u0131n\u0131 n\u0259z\u0259rd\u0259 tutan, quruculu\u011fa y\u00f6n\u0259lmi\u015f a\u015fkarl\u0131q q\u0259tiyy\u0259tsizlik v\u0259 sonrak\u0131 sosial-iqtisadi t\u0259n\u0259zz\u00fcl \u015f\u0259raitind\u0259 insanlar\u0131n sovet rejimin\u0259 qar\u015f\u0131 m\u00fcbariz\u0259 \u00fc\u00e7\u00fcn birl\u0259\u015fm\u0259si vasit\u0259sin\u0259 \u00e7evrildi, burada f\u0259rdl\u0259r hakimiyy\u0259ti f\u0259lak\u0259tl\u0259rinin v\u0259 art\u0131q t\u0259kc\u0259 sosial-iqtisadi deyil, h\u0259m d\u0259 siyasi, milli, dini v\u0259 dig\u0259r f\u0259lak\u0259tl\u0259rinin \u0259sas t\u0259qsirkar\u0131 hesab edirdil\u0259r.\n<\/p>\n<p>\n  Bel\u0259likl\u0259, Qorba\u00e7ovun a\u015fkarl\u0131q\u0131 insanlar\u0131n m\u00fcxt\u0259lif m\u0259qs\u0259dl\u0259r u\u011frunda m\u00fcbariz\u0259sinin \u0259sas s\u0259f\u0259rb\u0259rlik amilin\u0259 \u00e7evrildi v\u0259 son n\u0259tic\u0259d\u0259 xalq-d\u00f6vl\u0259t, mill\u0259t-mill\u0259t, din-d\u00f6vl\u0259t v\u0259 s. s\u0259viyy\u0259l\u0259rd\u0259 a\u00e7\u0131q qar\u015f\u0131durmalara g\u0259tirib \u00e7\u0131xard\u0131.\n<\/p>\n<p>\n  Faktiki olaraq d\u00fcnyaya a\u00e7\u0131ql\u0131q formala\u015fd\u0131rmaq, sosial-iqtisadi probleml\u0259ri h\u0259ll etm\u0259k v\u0259 ictimai etirazlar\u0131 konstruktiv istiqam\u0259t\u0259 y\u00f6nl\u0259ndirm\u0259k iqtidar\u0131n\u0131n olmamas\u0131 inqilablar\u0131n v\u0259 \u00f6lk\u0259nin da\u011f\u0131lmas\u0131n\u0131n s\u0259b\u0259bi oldu.\n<\/p>\n<p>\n  <b><br \/>\n    Az\u0259rbaycan<br \/>\n  <\/b>\n<\/p>\n<p>\n  Az\u0259rbaycan t\u0259kc\u0259 h\u00fcquqi m\u0259nada deyil, t\u0259may\u00fcll\u0259rin\u0259 g\u00f6r\u0259 d\u0259 SSR\u0130-nin h\u00fcquqi varisl\u0259rind\u0259n biri oldu. Y\u0259ni Qorbo\u00e7ovun \u0259sas\u0131n\u0131 qoydu\u011fu t\u0259may\u00fcll\u0259r rejimin mahiyy\u0259tind\u0259 davam\u0131n\u0131 tapd\u0131 v\u0259 uzunm\u00fcdd\u0259tli dur\u011funlu\u011fun v\u0259 h\u0259tta son \u00fc\u00e7 ild\u0259 Az\u0259rbaycan\u0131n da SSR\u0130 kimi as\u0131l\u0131 qald\u0131\u011f\u0131 enerji resurslar\u0131n\u0131n qiym\u0259tl\u0259rinin ucuzla\u015fmas\u0131 n\u0259tic\u0259sind\u0259 geril\u0259m\u0259nin s\u0259b\u0259bi oldu.\n<\/p>\n<p>\n  Sonradan m\u0259mur v\u0259 biznes maraqlar\u0131n\u0131n birl\u0259\u015fm\u0259si m\u0259mur-oliqarxlar sinfinin formala\u015fmas\u0131na g\u0259tirib \u00e7\u0131xard\u0131, onlar d\u00f6vl\u0259ti \u0259m\u0259l\u0259 g\u0259tir\u0259n siyasi, iqtisadi v\u0259 ideoloji sah\u0259l\u0259ri q\u0259sb etdil\u0259r.\n<\/p>\n<p>\n  Eynil\u0259 qapal\u0131 d\u00f6vl\u0259t doktrinas\u0131n\u0131n formala\u015fmas\u0131n\u0131, xarici investisiyalar\u0131n daxili bazara \u00e7\u0131x\u0131\u015f\u0131n\u0131n bloklanmas\u0131n\u0131 m\u00fc\u015fahid\u0259 etm\u0259k olar. Buna repressiv d\u00f6vl\u0259t aparat\u0131n\u0131n b\u0259rpas\u0131, f\u0259rqli d\u00fc\u015f\u00fcnc\u0259 v\u0259 azadl\u0131qlar\u0131n bo\u011fulmas\u0131 \u0259lav\u0259 olunub. Mahiyy\u0259tc\u0259 bu sistem sosial-iqtisadi b\u00f6hran \u015f\u0259raitind\u0259 c\u0259miyy\u0259td\u0259 inqilabi \u0259hval-ruhiyy\u0259nin formala\u015fmas\u0131n\u0131n s\u0259b\u0259bi olub.\n<\/p>\n<p>\n  Az\u0259rbaycanda haz\u0131rki v\u0259ziyy\u0259t SSR\u0130-nin son ill\u0259ri il\u0259 ox\u015fard\u0131r, xalqa yuxar\u0131dan b\u0259x\u015f edilmi\u015f a\u015fkarl\u0131q al\u0259ti istisna olmaqla. Az\u0259rbaycan da, 80-ci ill\u0259rd\u0259 SSR\u0130-nin ya\u015fad\u0131\u011f\u0131 kimi, a\u015fkarl\u0131q d\u00f6vr\u00fc ya\u015fay\u0131r, amma haz\u0131rki \u015f\u0259raitd\u0259 xalqa d\u00fcnya informasiya \u015f\u0259b\u0259k\u0259sinin &#8211; \u0130nternetin b\u0259x\u015f etdiyi a\u015fkarl\u0131q d\u00f6vr\u00fcn\u00fc. Sovet a\u00e7\u0131ql\u0131\u011f\u0131ndan bu f\u0259rq bu al\u0259tin m\u00fcst\u0259sna olaraq xalqa m\u0259xsus olmas\u0131n\u0131 t\u0259min edir, avtoritarizm\u0259 qar\u015f\u0131 m\u00fcbariz\u0259d\u0259 s\u0259f\u0259rb\u0259rlik al\u0259tin\u0259 \u00e7evirir. Az\u0259rbaycan a\u015fkarl\u0131q\u0131 bu g\u00fcn c\u0259miyy\u0259ti v\u0259 d\u00f6vl\u0259ti (c\u0259miyy\u0259tin t\u0259zyiqi alt\u0131nda) d\u0259yi\u015fiklikl\u0259r\u0259 s\u00f6vq ed\u0259n \u0259sas amil\u0259 \u00e7evrilir.\n<\/p>\n<p>\n  H\u0259tta Maoist \u00c7inin a\u00e7\u0131q qap\u0131 siyas\u0259ti elan etm\u0259sind\u0259n 7 il sonra, 80-ci ill\u0259rin ortalar\u0131nda bel\u0259 Kreml a\u011fsaqqallar\u0131 qapal\u0131 iqtiadiyyat v\u0259 qapal\u0131 c\u0259miyy\u0259t ehkamlar\u0131ndan b\u0259rk-b\u0259rk yap\u0131\u015fma\u011fa davam edirdil\u0259r.<\/p>\n","protected":false},"excerpt":{"rendered":"<p>Az\u0259rbaycan a\u015fkarl\u0131q\u0131 bu g\u00fcn c\u0259miyy\u0259ti v\u0259 d\u00f6vl\u0259ti (c\u0259miyy\u0259tin t\u0259zyiqi alt\u0131nda) d\u0259yi\u015fiklikl\u0259r\u0259 s\u00f6vq ed\u0259n \u0259sas amil\u0259 \u00e7evrilir.<\/p>\n","protected":false},"author":11,"featured_media":120545,"comment_status":"closed","ping_status":"open","sticky":false,"template":"","format":"standard","meta":{"_acf_changed":false,"_sitemap_exclude":false,"_sitemap_priority":"","_sitemap_frequency":"","footnotes":""},"categories":[51],"tags":[],"class_list":["post-194598","post","type-post","status-publish","format-standard","has-post-thumbnail","hentry","category-analitika","infinite-scroll-item","generate-columns","tablet-grid-50","mobile-grid-100","grid-parent","grid-33","no-featured-image-padding"],"acf":[],"yoast_head":"<!-- This site is optimized with the Yoast SEO plugin v27.4 - https:\/\/yoast.com\/product\/yoast-seo-wordpress\/ -->\n<title>Az\u0259rbaycanda haz\u0131rki v\u0259ziyy\u0259t SSR\u0130-nin son ill\u0259ri il\u0259 ox\u015fard\u0131r - MEYDAN.TV<\/title>\n<meta name=\"robots\" content=\"index, follow, max-snippet:-1, max-image-preview:large, max-video-preview:-1\" \/>\n<link rel=\"canonical\" href=\"https:\/\/www.meydan.tv\/az\/article\/azerbaycanda-hazirki-veziyyet-ssri-nin-son-illeri-ile-oxsardir\/\" \/>\n<meta property=\"og:locale\" content=\"az_AZ\" \/>\n<meta property=\"og:type\" content=\"article\" \/>\n<meta property=\"og:title\" content=\"Az\u0259rbaycanda haz\u0131rki v\u0259ziyy\u0259t SSR\u0130-nin son ill\u0259ri il\u0259 ox\u015fard\u0131r - MEYDAN.TV\" \/>\n<meta property=\"og:description\" content=\"Az\u0259rbaycan a\u015fkarl\u0131q\u0131 bu g\u00fcn c\u0259miyy\u0259ti v\u0259 d\u00f6vl\u0259ti (c\u0259miyy\u0259tin t\u0259zyiqi alt\u0131nda) d\u0259yi\u015fiklikl\u0259r\u0259 s\u00f6vq ed\u0259n \u0259sas amil\u0259 \u00e7evrilir.\" \/>\n<meta property=\"og:url\" content=\"https:\/\/www.meydan.tv\/az\/article\/azerbaycanda-hazirki-veziyyet-ssri-nin-son-illeri-ile-oxsardir\/\" \/>\n<meta property=\"og:site_name\" content=\"MEYDAN.TV\" \/>\n<meta property=\"article:published_time\" content=\"2019-03-22T11:30:05+00:00\" \/>\n<meta property=\"og:image\" content=\"https:\/\/www.meydan.tv\/wp-content\/uploads\/qorbi.jpg\" \/>\n\t<meta property=\"og:image:width\" content=\"800\" \/>\n\t<meta property=\"og:image:height\" content=\"500\" \/>\n\t<meta property=\"og:image:type\" content=\"image\/jpeg\" \/>\n<meta name=\"author\" content=\"user-manager\" \/>\n<meta name=\"twitter:card\" content=\"summary_large_image\" \/>\n<script type=\"application\/ld+json\" class=\"yoast-schema-graph\">{\"@context\":\"https:\\\/\\\/schema.org\",\"@graph\":[{\"@type\":\"Article\",\"@id\":\"https:\\\/\\\/www.meydan.tv\\\/az\\\/article\\\/azerbaycanda-hazirki-veziyyet-ssri-nin-son-illeri-ile-oxsardir\\\/#article\",\"isPartOf\":{\"@id\":\"https:\\\/\\\/www.meydan.tv\\\/az\\\/article\\\/azerbaycanda-hazirki-veziyyet-ssri-nin-son-illeri-ile-oxsardir\\\/\"},\"author\":{\"name\":\"user-manager\",\"@id\":\"https:\\\/\\\/www.meydan.tv\\\/az\\\/#\\\/schema\\\/person\\\/10d11eccf6da3662cf5fdab9806ea91a\"},\"headline\":\"Az\u0259rbaycanda haz\u0131rki v\u0259ziyy\u0259t SSR\u0130-nin son ill\u0259ri il\u0259 ox\u015fard\u0131r\",\"datePublished\":\"2019-03-22T11:30:05+00:00\",\"mainEntityOfPage\":{\"@id\":\"https:\\\/\\\/www.meydan.tv\\\/az\\\/article\\\/azerbaycanda-hazirki-veziyyet-ssri-nin-son-illeri-ile-oxsardir\\\/\"},\"wordCount\":1225,\"publisher\":{\"@id\":\"https:\\\/\\\/www.meydan.tv\\\/az\\\/#organization\"},\"image\":{\"@id\":\"https:\\\/\\\/www.meydan.tv\\\/az\\\/article\\\/azerbaycanda-hazirki-veziyyet-ssri-nin-son-illeri-ile-oxsardir\\\/#primaryimage\"},\"thumbnailUrl\":\"https:\\\/\\\/www.meydan.tv\\\/wp-content\\\/uploads\\\/qorbi.jpg\",\"articleSection\":[\"Analitika\"],\"inLanguage\":\"az\"},{\"@type\":\"WebPage\",\"@id\":\"https:\\\/\\\/www.meydan.tv\\\/az\\\/article\\\/azerbaycanda-hazirki-veziyyet-ssri-nin-son-illeri-ile-oxsardir\\\/\",\"url\":\"https:\\\/\\\/www.meydan.tv\\\/az\\\/article\\\/azerbaycanda-hazirki-veziyyet-ssri-nin-son-illeri-ile-oxsardir\\\/\",\"name\":\"Az\u0259rbaycanda haz\u0131rki v\u0259ziyy\u0259t SSR\u0130-nin son ill\u0259ri il\u0259 ox\u015fard\u0131r - MEYDAN.TV\",\"isPartOf\":{\"@id\":\"https:\\\/\\\/www.meydan.tv\\\/az\\\/#website\"},\"primaryImageOfPage\":{\"@id\":\"https:\\\/\\\/www.meydan.tv\\\/az\\\/article\\\/azerbaycanda-hazirki-veziyyet-ssri-nin-son-illeri-ile-oxsardir\\\/#primaryimage\"},\"image\":{\"@id\":\"https:\\\/\\\/www.meydan.tv\\\/az\\\/article\\\/azerbaycanda-hazirki-veziyyet-ssri-nin-son-illeri-ile-oxsardir\\\/#primaryimage\"},\"thumbnailUrl\":\"https:\\\/\\\/www.meydan.tv\\\/wp-content\\\/uploads\\\/qorbi.jpg\",\"datePublished\":\"2019-03-22T11:30:05+00:00\",\"breadcrumb\":{\"@id\":\"https:\\\/\\\/www.meydan.tv\\\/az\\\/article\\\/azerbaycanda-hazirki-veziyyet-ssri-nin-son-illeri-ile-oxsardir\\\/#breadcrumb\"},\"inLanguage\":\"az\",\"potentialAction\":[{\"@type\":\"ReadAction\",\"target\":[\"https:\\\/\\\/www.meydan.tv\\\/az\\\/article\\\/azerbaycanda-hazirki-veziyyet-ssri-nin-son-illeri-ile-oxsardir\\\/\"]}]},{\"@type\":\"ImageObject\",\"inLanguage\":\"az\",\"@id\":\"https:\\\/\\\/www.meydan.tv\\\/az\\\/article\\\/azerbaycanda-hazirki-veziyyet-ssri-nin-son-illeri-ile-oxsardir\\\/#primaryimage\",\"url\":\"https:\\\/\\\/www.meydan.tv\\\/wp-content\\\/uploads\\\/qorbi.jpg\",\"contentUrl\":\"https:\\\/\\\/www.meydan.tv\\\/wp-content\\\/uploads\\\/qorbi.jpg\",\"width\":800,\"height\":500,\"caption\":\"Source: Foto: Turan \u0130A\"},{\"@type\":\"BreadcrumbList\",\"@id\":\"https:\\\/\\\/www.meydan.tv\\\/az\\\/article\\\/azerbaycanda-hazirki-veziyyet-ssri-nin-son-illeri-ile-oxsardir\\\/#breadcrumb\",\"itemListElement\":[{\"@type\":\"ListItem\",\"position\":1,\"name\":\"Ana s\u0259hif\u0259\",\"item\":\"https:\\\/\\\/www.meydan.tv\\\/az\\\/\"},{\"@type\":\"ListItem\",\"position\":2,\"name\":\"Analitika\",\"item\":\"https:\\\/\\\/www.meydan.tv\\\/az\\\/section\\\/analitika\\\/\"},{\"@type\":\"ListItem\",\"position\":3,\"name\":\"Az\u0259rbaycanda haz\u0131rki v\u0259ziyy\u0259t SSR\u0130-nin son ill\u0259ri il\u0259 ox\u015fard\u0131r\"}]},{\"@type\":\"WebSite\",\"@id\":\"https:\\\/\\\/www.meydan.tv\\\/az\\\/#website\",\"url\":\"https:\\\/\\\/www.meydan.tv\\\/az\\\/\",\"name\":\"MEYDAN.TV\",\"description\":\"Meydan TV Az\u0259rbaycan\u0131n media m\u0259kan\u0131ndak\u0131 alternativ s\u0259sidir\",\"publisher\":{\"@id\":\"https:\\\/\\\/www.meydan.tv\\\/az\\\/#organization\"},\"potentialAction\":[{\"@type\":\"SearchAction\",\"target\":{\"@type\":\"EntryPoint\",\"urlTemplate\":\"https:\\\/\\\/www.meydan.tv\\\/az\\\/?s={search_term_string}\"},\"query-input\":{\"@type\":\"PropertyValueSpecification\",\"valueRequired\":true,\"valueName\":\"search_term_string\"}}],\"inLanguage\":\"az\"},{\"@type\":\"Organization\",\"@id\":\"https:\\\/\\\/www.meydan.tv\\\/az\\\/#organization\",\"name\":\"Meydan TV\",\"url\":\"https:\\\/\\\/www.meydan.tv\\\/az\\\/\",\"logo\":{\"@type\":\"ImageObject\",\"inLanguage\":\"az\",\"@id\":\"https:\\\/\\\/www.meydan.tv\\\/az\\\/#\\\/schema\\\/logo\\\/image\\\/\",\"url\":\"https:\\\/\\\/www.meydan.tv\\\/wp-content\\\/uploads\\\/2021\\\/07\\\/meydan-logo.svg\",\"contentUrl\":\"https:\\\/\\\/www.meydan.tv\\\/wp-content\\\/uploads\\\/2021\\\/07\\\/meydan-logo.svg\",\"width\":195,\"height\":46,\"caption\":\"Meydan TV\"},\"image\":{\"@id\":\"https:\\\/\\\/www.meydan.tv\\\/az\\\/#\\\/schema\\\/logo\\\/image\\\/\"}},{\"@type\":\"Person\",\"@id\":\"https:\\\/\\\/www.meydan.tv\\\/az\\\/#\\\/schema\\\/person\\\/10d11eccf6da3662cf5fdab9806ea91a\",\"name\":\"user-manager\"}]}<\/script>\n<!-- \/ Yoast SEO plugin. -->","yoast_head_json":{"title":"Az\u0259rbaycanda haz\u0131rki v\u0259ziyy\u0259t SSR\u0130-nin son ill\u0259ri il\u0259 ox\u015fard\u0131r - MEYDAN.TV","robots":{"index":"index","follow":"follow","max-snippet":"max-snippet:-1","max-image-preview":"max-image-preview:large","max-video-preview":"max-video-preview:-1"},"canonical":"https:\/\/www.meydan.tv\/az\/article\/azerbaycanda-hazirki-veziyyet-ssri-nin-son-illeri-ile-oxsardir\/","og_locale":"az_AZ","og_type":"article","og_title":"Az\u0259rbaycanda haz\u0131rki v\u0259ziyy\u0259t SSR\u0130-nin son ill\u0259ri il\u0259 ox\u015fard\u0131r - MEYDAN.TV","og_description":"Az\u0259rbaycan a\u015fkarl\u0131q\u0131 bu g\u00fcn c\u0259miyy\u0259ti v\u0259 d\u00f6vl\u0259ti (c\u0259miyy\u0259tin t\u0259zyiqi alt\u0131nda) d\u0259yi\u015fiklikl\u0259r\u0259 s\u00f6vq ed\u0259n \u0259sas amil\u0259 \u00e7evrilir.","og_url":"https:\/\/www.meydan.tv\/az\/article\/azerbaycanda-hazirki-veziyyet-ssri-nin-son-illeri-ile-oxsardir\/","og_site_name":"MEYDAN.TV","article_published_time":"2019-03-22T11:30:05+00:00","og_image":[{"width":800,"height":500,"url":"https:\/\/www.meydan.tv\/wp-content\/uploads\/qorbi.jpg","type":"image\/jpeg"}],"author":"user-manager","twitter_card":"summary_large_image","schema":{"@context":"https:\/\/schema.org","@graph":[{"@type":"Article","@id":"https:\/\/www.meydan.tv\/az\/article\/azerbaycanda-hazirki-veziyyet-ssri-nin-son-illeri-ile-oxsardir\/#article","isPartOf":{"@id":"https:\/\/www.meydan.tv\/az\/article\/azerbaycanda-hazirki-veziyyet-ssri-nin-son-illeri-ile-oxsardir\/"},"author":{"name":"user-manager","@id":"https:\/\/www.meydan.tv\/az\/#\/schema\/person\/10d11eccf6da3662cf5fdab9806ea91a"},"headline":"Az\u0259rbaycanda haz\u0131rki v\u0259ziyy\u0259t SSR\u0130-nin son ill\u0259ri il\u0259 ox\u015fard\u0131r","datePublished":"2019-03-22T11:30:05+00:00","mainEntityOfPage":{"@id":"https:\/\/www.meydan.tv\/az\/article\/azerbaycanda-hazirki-veziyyet-ssri-nin-son-illeri-ile-oxsardir\/"},"wordCount":1225,"publisher":{"@id":"https:\/\/www.meydan.tv\/az\/#organization"},"image":{"@id":"https:\/\/www.meydan.tv\/az\/article\/azerbaycanda-hazirki-veziyyet-ssri-nin-son-illeri-ile-oxsardir\/#primaryimage"},"thumbnailUrl":"https:\/\/www.meydan.tv\/wp-content\/uploads\/qorbi.jpg","articleSection":["Analitika"],"inLanguage":"az"},{"@type":"WebPage","@id":"https:\/\/www.meydan.tv\/az\/article\/azerbaycanda-hazirki-veziyyet-ssri-nin-son-illeri-ile-oxsardir\/","url":"https:\/\/www.meydan.tv\/az\/article\/azerbaycanda-hazirki-veziyyet-ssri-nin-son-illeri-ile-oxsardir\/","name":"Az\u0259rbaycanda haz\u0131rki v\u0259ziyy\u0259t SSR\u0130-nin son ill\u0259ri il\u0259 ox\u015fard\u0131r - MEYDAN.TV","isPartOf":{"@id":"https:\/\/www.meydan.tv\/az\/#website"},"primaryImageOfPage":{"@id":"https:\/\/www.meydan.tv\/az\/article\/azerbaycanda-hazirki-veziyyet-ssri-nin-son-illeri-ile-oxsardir\/#primaryimage"},"image":{"@id":"https:\/\/www.meydan.tv\/az\/article\/azerbaycanda-hazirki-veziyyet-ssri-nin-son-illeri-ile-oxsardir\/#primaryimage"},"thumbnailUrl":"https:\/\/www.meydan.tv\/wp-content\/uploads\/qorbi.jpg","datePublished":"2019-03-22T11:30:05+00:00","breadcrumb":{"@id":"https:\/\/www.meydan.tv\/az\/article\/azerbaycanda-hazirki-veziyyet-ssri-nin-son-illeri-ile-oxsardir\/#breadcrumb"},"inLanguage":"az","potentialAction":[{"@type":"ReadAction","target":["https:\/\/www.meydan.tv\/az\/article\/azerbaycanda-hazirki-veziyyet-ssri-nin-son-illeri-ile-oxsardir\/"]}]},{"@type":"ImageObject","inLanguage":"az","@id":"https:\/\/www.meydan.tv\/az\/article\/azerbaycanda-hazirki-veziyyet-ssri-nin-son-illeri-ile-oxsardir\/#primaryimage","url":"https:\/\/www.meydan.tv\/wp-content\/uploads\/qorbi.jpg","contentUrl":"https:\/\/www.meydan.tv\/wp-content\/uploads\/qorbi.jpg","width":800,"height":500,"caption":"Source: Foto: Turan \u0130A"},{"@type":"BreadcrumbList","@id":"https:\/\/www.meydan.tv\/az\/article\/azerbaycanda-hazirki-veziyyet-ssri-nin-son-illeri-ile-oxsardir\/#breadcrumb","itemListElement":[{"@type":"ListItem","position":1,"name":"Ana s\u0259hif\u0259","item":"https:\/\/www.meydan.tv\/az\/"},{"@type":"ListItem","position":2,"name":"Analitika","item":"https:\/\/www.meydan.tv\/az\/section\/analitika\/"},{"@type":"ListItem","position":3,"name":"Az\u0259rbaycanda haz\u0131rki v\u0259ziyy\u0259t SSR\u0130-nin son ill\u0259ri il\u0259 ox\u015fard\u0131r"}]},{"@type":"WebSite","@id":"https:\/\/www.meydan.tv\/az\/#website","url":"https:\/\/www.meydan.tv\/az\/","name":"MEYDAN.TV","description":"Meydan TV Az\u0259rbaycan\u0131n media m\u0259kan\u0131ndak\u0131 alternativ s\u0259sidir","publisher":{"@id":"https:\/\/www.meydan.tv\/az\/#organization"},"potentialAction":[{"@type":"SearchAction","target":{"@type":"EntryPoint","urlTemplate":"https:\/\/www.meydan.tv\/az\/?s={search_term_string}"},"query-input":{"@type":"PropertyValueSpecification","valueRequired":true,"valueName":"search_term_string"}}],"inLanguage":"az"},{"@type":"Organization","@id":"https:\/\/www.meydan.tv\/az\/#organization","name":"Meydan TV","url":"https:\/\/www.meydan.tv\/az\/","logo":{"@type":"ImageObject","inLanguage":"az","@id":"https:\/\/www.meydan.tv\/az\/#\/schema\/logo\/image\/","url":"https:\/\/www.meydan.tv\/wp-content\/uploads\/2021\/07\/meydan-logo.svg","contentUrl":"https:\/\/www.meydan.tv\/wp-content\/uploads\/2021\/07\/meydan-logo.svg","width":195,"height":46,"caption":"Meydan TV"},"image":{"@id":"https:\/\/www.meydan.tv\/az\/#\/schema\/logo\/image\/"}},{"@type":"Person","@id":"https:\/\/www.meydan.tv\/az\/#\/schema\/person\/10d11eccf6da3662cf5fdab9806ea91a","name":"user-manager"}]}},"_links":{"self":[{"href":"https:\/\/www.meydan.tv\/az\/wp-json\/wp\/v2\/posts\/194598","targetHints":{"allow":["GET"]}}],"collection":[{"href":"https:\/\/www.meydan.tv\/az\/wp-json\/wp\/v2\/posts"}],"about":[{"href":"https:\/\/www.meydan.tv\/az\/wp-json\/wp\/v2\/types\/post"}],"author":[{"embeddable":true,"href":"https:\/\/www.meydan.tv\/az\/wp-json\/wp\/v2\/users\/11"}],"replies":[{"embeddable":true,"href":"https:\/\/www.meydan.tv\/az\/wp-json\/wp\/v2\/comments?post=194598"}],"version-history":[{"count":0,"href":"https:\/\/www.meydan.tv\/az\/wp-json\/wp\/v2\/posts\/194598\/revisions"}],"wp:featuredmedia":[{"embeddable":true,"href":"https:\/\/www.meydan.tv\/az\/wp-json\/wp\/v2\/media\/120545"}],"wp:attachment":[{"href":"https:\/\/www.meydan.tv\/az\/wp-json\/wp\/v2\/media?parent=194598"}],"wp:term":[{"taxonomy":"category","embeddable":true,"href":"https:\/\/www.meydan.tv\/az\/wp-json\/wp\/v2\/categories?post=194598"},{"taxonomy":"post_tag","embeddable":true,"href":"https:\/\/www.meydan.tv\/az\/wp-json\/wp\/v2\/tags?post=194598"}],"curies":[{"name":"wp","href":"https:\/\/api.w.org\/{rel}","templated":true}]}}