{"id":194597,"date":"2019-03-22T11:20:04","date_gmt":"2019-03-22T11:20:04","guid":{"rendered":"https:\/\/www.meydan.tv\/article\/oguz-sakini-hem-doyubler-hem-de-hebs-etdirmek-isteyirler\/"},"modified":"2019-03-22T11:20:04","modified_gmt":"2019-03-22T11:20:04","slug":"oguz-sakini-hem-doyubler-hem-de-hebs-etdirmek-isteyirler","status":"publish","type":"post","link":"https:\/\/www.meydan.tv\/az\/article\/oguz-sakini-hem-doyubler-hem-de-hebs-etdirmek-isteyirler\/","title":{"rendered":"O\u011fuz sakini: &#8221;H\u0259m d\u00f6y\u00fcbl\u0259r, h\u0259m d\u0259 h\u0259bs etdirm\u0259k ist\u0259yirl\u0259r&#8221;"},"content":{"rendered":"<p>\n  Elg\u00fcn Salamzad\u0259 deyir, rayonun ba\u015f notariusunun qarda\u015f\u0131 onu d\u00f6y\u00fcb, ancaq sonradan i\u015fi q\u0259r\u0259zli \u015f\u0259kild\u0259 onun \u00f6z\u00fcn\u0259 qar\u015f\u0131 \u00e7eviribl\u0259r.\n<\/p>\n<p>\n  \u201cM\u0259ni d\u00f6y\u0259n adam rayonumuzun ba\u015f notariusunun qarda\u015f\u0131 olub. Bu ba\u015f notarius da rayonun polis r\u0259isi, prokuroru, hakimiyl\u0259 dostdur, birlikd\u0259 i\u015fl\u0259r g\u00f6r\u00fcrl\u0259r, birlikd\u0259 nahar edirl\u0259r. B\u00fct\u00fcn rayon bilir ki, s\u0131x m\u00fcnasib\u0259tl\u0259ri var. Bu s\u0259b\u0259bd\u0259n d\u0259 bir ne\u00e7\u0259 aydan sonra cinay\u0259t i\u015fini \u00f6z\u00fcm\u0259 qar\u015f\u0131 \u00e7evirdil\u0259r. M\u0259ni d\u00f6y\u0259ni z\u0259r\u0259r\u00e7\u0259kmi\u015f, \u00f6z\u00fcm\u00fc is\u0259 t\u0259qsirl\u0259ndiril\u0259n \u015f\u0259xs elan edib m\u0259hk\u0259m\u0259 qar\u015f\u0131s\u0131na \u00e7\u0131xartd\u0131lar. \u00dcst\u0259lik, qarda\u015f\u0131m\u0131 da bu i\u015f\u0259 qatd\u0131lar\u201d.\n<\/p>\n<p>\n  O\u011fuz rayonunun Xa\u00e7mazq\u0131\u015flaq k\u0259nd sakini Elg\u00fcn Salamzad\u0259 Meydan TV-y\u0259 dan\u0131\u015f\u0131r ki, \u00f6t\u0259n il iyulun 13-d\u0259 h\u0259mk\u0259ndlisi olan Telman M\u0259mm\u0259dovla aralar\u0131nda yaranm\u0131\u015f m\u0259i\u015f\u0259t m\u00fcbahis\u0259si z\u0259minind\u0259 d\u00f6y\u00fcl\u00fcb. B\u00fct\u00fcn s\u00fcbutlar v\u0259 d\u0259lill\u0259r onun d\u00f6y\u00fcl\u0259r\u0259k x\u0259sar\u0259tl\u0259r ald\u0131\u011f\u0131n\u0131 t\u0259sdiql\u0259s\u0259 d\u0259, n\u0259tic\u0259d\u0259 \u00f6z\u00fcn\u00fc v\u0259 qarda\u015f\u0131n\u0131 cinay\u0259t m\u0259suliyy\u0259tin\u0259 c\u0259lb edibl\u0259r.\n<\/p>\n<figure class=\"wp-block-image size-large\">\n  <img decoding=\"async\" src=\"https:\/\/www.meydan.tv\/az\/image_from_ios-3-jpg-8\/\" alt=\"image_from_ios (3).jpg\" class=\"wp-image-120531\"\/><figcaption>\n    \u018friz\u0259<br \/>\n  <\/figcaption><\/figure>\n<p>\n  <i><br \/>\n    \u201cQolumu s\u0131nd\u0131rd\u0131, k\u00f6yn\u0259yimi c\u0131rd\u0131, t\u0259pikl\u0259r ili\u015fdirdi\u201d<br \/>\n  <\/i>\n<\/p>\n<p>\n  \u201c\u0130yulun 13-d\u0259 ax\u015fam saatlar\u0131nda ba\u011f\u0131 suvarmaq \u00fc\u00e7\u00fcn b\u0259nd qurub su kanal\u0131ndan \u00f6z istifad\u0259m \u00fc\u00e7\u00fcn su g\u00f6t\u00fcrm\u0259k ist\u0259dim. Rayonun ba\u015f notariusu Vaqif M\u0259mm\u0259dovun ail\u0259sin\u0259 m\u0259xsus traktor da \u0259razid\u0259 idi. Bir d\u0259 g\u00f6rd\u00fck ki, traktorun s\u00fcr\u00fcc\u00fcs\u00fc traktorla b\u0259ndi da\u011f\u0131d\u0131b. Qon\u015fu qad\u0131n da \u0259lin\u0259 da\u015f al\u0131b ki, onu qovsun. S\u00fcr\u00fcc\u00fc traktoru s\u00fcr\u00fcb aradan \u00e7\u0131xd\u0131. Qurdu\u011fumuz b\u0259ndi da\u011f\u0131tmas\u0131n\u0131n s\u0259b\u0259bini \u00f6yr\u0259nm\u0259k \u00fc\u00e7\u00fcn dal\u0131nca getdim, k\u0259nd \u00e7ayxanas\u0131ndayd\u0131. Ba\u015f notariusun qarda\u015f\u0131, h\u0259mk\u0259ndlimiz Telman M\u0259mm\u0259dov da ordayd\u0131, ona irad\u0131m\u0131 bildirdim. Dedi ki, traktor m\u0259nim deyil, qarda\u015f\u0131m\u0131nd\u0131r. Dedim, h\u0259r kimindir, bel\u0259 \u00f6zba\u015f\u0131nal\u0131q olmaz. S\u00fcr\u00fcc\u00fcn\u00fcz qurdu\u011fumuz b\u0259ndi da\u011f\u0131d\u0131r, adamlara su g\u00f6t\u00fcrm\u0259y\u0259 imkan vermir. Telman da q\u0131\u015fq\u0131rd\u0131 ki, bizim s\u00fcr\u00fcc\u00fcy\u0259 s\u00f6z dey\u0259nin var-yoxunu&#8230; Bundan da m\u00fcbahis\u0259miz ba\u015flad\u0131, ilk yumru\u011fu a\u011fz\u0131m\u0131n \u00fcst\u00fcnd\u0259n ili\u015fdirdi, qan f\u0131\u015fq\u0131rd\u0131. \u00d6z\u00fcm\u00fc m\u00fcdafi\u0259 el\u0259m\u0259k ist\u0259y\u0259nd\u0259 qolumu s\u0131nd\u0131rd\u0131, k\u00f6yn\u0259yimi c\u0131rd\u0131, t\u0259pikl\u0259r ili\u015fdirdi. Ora y\u0131\u011f\u0131\u015fan k\u0259nd sakinl\u0259ri m\u0259ni \u0259lind\u0259n zorla ald\u0131lar. Piv\u0259 \u015f\u00fc\u015f\u0259sini g\u00f6t\u00fcrd\u00fc ki, ba\u015f\u0131ma vursun, adamlar\u0131n k\u00f6m\u0259kliyi il\u0259 ordan qa\u00e7\u0131b uzaqla\u015fd\u0131m,\u201d- Elg\u00fcn Salamzad\u0259 deyir.\n<\/p>\n<p>\n  <i><br \/>\n    \u201cEkspertiza x\u0259sar\u0259tl\u0259rimi t\u0259sdiql\u0259yib\u201d<br \/>\n  <\/i>\n<\/p>\n<p>\n  Elg\u00fcn Salamzad\u0259nin s\u00f6zl\u0259rin\u0259 g\u00f6r\u0259, el\u0259 h\u0259min g\u00fcn rayon m\u0259rk\u0259zi x\u0259st\u0259xanas\u0131na gedib, m\u00fcayin\u0259d\u0259n ke\u00e7ib, s\u0131n\u0131q qoluna kips qoyulub, \u00fcz\u00fcnd\u0259ki v\u0259 b\u0259d\u0259nind\u0259ki x\u0259sar\u0259tl\u0259rin\u0259 g\u00f6r\u0259 tibbi yard\u0131m al\u0131b. Oradan da rayon polis \u015f\u00f6b\u0259sin\u0259 yollan\u0131b:\n<\/p>\n<figure class=\"wp-block-image size-large\">\n  <img decoding=\"async\" src=\"https:\/\/www.meydan.tv\/az\/image_from_ios-5-jpg-2\/\" alt=\"image_from_ios (5).jpg\" class=\"wp-image-120534\"\/><figcaption>\n    \u0130ttiham Akt\u0131<br \/>\n  <\/figcaption><\/figure>\n<p>\n  \u201c\u015e\u00f6b\u0259y\u0259 \u00e7atanda g\u00f6rd\u00fcm ki, binadan \u00e7\u0131x\u0131r. M\u0259ni g\u00f6r\u0259n kimi yen\u0259 \u00fcst\u00fcm\u0259 cumdu, s\u00f6y\u00fc\u015f, t\u0259hqir&#8230; Binadan \u00e7\u0131xan polisl\u0259r onu m\u0259nd\u0259n ay\u0131ra bilmirdi. H\u0259min g\u00fcn \u0130lkin adl\u0131 t\u0259hqiqat\u00e7\u0131 m\u0259nd\u0259n q\u0131sa izahat ald\u0131. N\u00f6vb\u0259ti g\u00fcn ekspertizadan ke\u00e7m\u0259k \u00fc\u00e7\u00fcn g\u00f6nd\u0259ri\u015f verdi. Daha bir g\u00fcn sonra yen\u0259 \u00e7a\u011f\u0131rd\u0131, dedi ki, Telman da D\u0130N-in 102 xidm\u0259tin\u0259 z\u0259ng vurub, s\u0259nd\u0259n \u015fikay\u0259t edib\u201d.\n<\/p>\n<p>\n  <i><br \/>\n    \u201cDedil\u0259r, r\u00fc\u015fv\u0259t verm\u0259s\u0259n, i\u015fi ba\u011flayaca\u011f\u0131q\u201d<br \/>\n  <\/i>\n<\/p>\n<p>\n  \u015eikay\u0259t\u00e7inin iddias\u0131na g\u00f6r\u0259 ondan 500 manat r\u00fc\u015fv\u0259t al\u0131n\u0131b:\n<\/p>\n<p>\n  \u201cDedil\u0259r ki, qar\u015f\u0131 t\u0259r\u0259fin arxas\u0131nda v\u0259zif\u0259li qarda\u015f\u0131 var. Ya 1500 manat g\u0259tir ki, qar\u015f\u0131 t\u0259r\u0259f\u0259 cinay\u0259t i\u015fi a\u00e7aq, ya da \u201ckifay\u0259t q\u0259d\u0259r s\u00fcbut yoxdur\u201d yaz\u0131b i\u015fi ba\u011flayaca\u011f\u0131q. Dan\u0131\u015f\u0131qlarla m\u0259bl\u0259\u011fi 500 manata endirdim v\u0259 500 manat verdim. Pulu alandan sonra s\u00f6hb\u0259ti \u00e7evirdil\u0259r, bildirdil\u0259r ki, qar\u015f\u0131 t\u0259r\u0259f s\u0259n\u0259 3 min manat t\u0259klif edir, g\u00f6t\u00fcr, bar\u0131\u015f\u0131q \u0259riz\u0259si yaz&#8230; Raz\u0131la\u015fmayandan sonra d\u00f6y\u0259ni z\u0259r\u0259r\u00e7\u0259kmi\u015f elan el\u0259yib m\u0259ni v\u0259 i\u015f\u0259 yax\u0131ndan, uzaqdan aidiyy\u0259ti olmayan qarda\u015f\u0131m\u0131 cinay\u0259t m\u0259suliyy\u0259tin\u0259 c\u0259lb el\u0259dil\u0259r. Halbuki \u015fahidl\u0259r m\u0259nim d\u00f6y\u00fcld\u00fcy\u00fcm\u00fc, s\u00f6y\u00fcld\u00fcy\u00fcm\u00fc yazm\u0131\u015fd\u0131lar, bununla bel\u0259, i\u015fi \u00f6z\u00fcm\u00fcz\u0259 t\u0259r\u0259f \u00e7evirdil\u0259r, guya m\u0259n qarda\u015f\u0131mla \u0259lbir olub Telman M\u0259mm\u0259dovu d\u00f6ym\u00fc\u015f\u0259m\u201d.\n<\/p>\n<p>\n  <i><br \/>\n    \u201cCinay\u0259t i\u015fi ba\u015fland\u0131, ancaq \u00f6z\u00fcm\u00fcz\u0259 qar\u015f\u0131 \u00e7evrildi\u201d<br \/>\n  <\/i>\n<\/p>\n<p>\n  \u018fvv\u0259lc\u0259 fakt \u00fczr\u0259 Cinay\u0259t M\u0259c\u0259ll\u0259sinin 127 (Q\u0259sd\u0259n sa\u011flaml\u0131\u011fa az a\u011f\u0131r z\u0259r\u0259r vurma) v\u0259 221 (xuliqanl\u0131q) madd\u0259l\u0259ri il\u0259 cinay\u0259t i\u015fi ba\u015flan\u0131b. Daha sonra rayon prokurorlu\u011funda istintaq\u0131n gedi\u015fat\u0131nda Elg\u00fcn Salamzad\u0259y\u0259 qar\u015f\u0131 t\u0259r\u0259fl\u0259 bar\u0131\u015f\u0131q t\u0259klif olunsa da, raz\u0131la\u015fmay\u0131b. 4 aydan sonra h\u0259m ona, h\u0259m d\u0259 qarda\u015f\u0131na qar\u015f\u0131 221.2.1 (bir qrup \u015f\u0259xs t\u0259r\u0259find\u0259n xuliqanl\u0131q) madd\u0259siyl\u0259 cinay\u0259t i\u015fi a\u00e7\u0131l\u0131b:\n<\/p>\n<figure class=\"wp-block-image size-large\">\n  <img decoding=\"async\" src=\"https:\/\/www.meydan.tv\/az\/image_from_ios-3-jpg-9\/\" alt=\"image_from_ios (3).jpg\" class=\"wp-image-120537\"\/><figcaption>\n    Elg\u00fcn Salamzad\u0259<br \/>\n  <\/figcaption><\/figure>\n<p>\n  \u201cD\u0259f\u0259l\u0259rl\u0259 \u00e7a\u011f\u0131r\u0131b t\u0259klif el\u0259dil\u0259r ki, g\u0259l bar\u0131\u015f, s\u00f6hb\u0259t bitsin, raz\u0131la\u015fmad\u0131m. Qanunsuzluqlarla ba\u011fl\u0131 Ba\u015f Prokurorlu\u011fa \u015fikay\u0259t yazd\u0131m. Bir m\u00fcdd\u0259td\u0259n sonra cavab g\u0259ldi ki, \u015fikay\u0259tim ara\u015fd\u0131r\u0131lmas\u0131 \u00fc\u00e7\u00fcn O\u011fuz rayon Prokurorlu\u011funa g\u00f6nd\u0259rilib. Halbuki, m\u0259nim \u015fikay\u0259tim el\u0259 h\u0259min prokurorluqdan idi. Noyabr\u0131n 27-d\u0259 prokuror m\u0259ni v\u0259 qarda\u015f\u0131m\u0131 yan\u0131na \u00e7a\u011f\u0131rd\u0131, dedi, m\u0259n pul-filan g\u00f6rm\u0259mi\u015f\u0259m, m\u0259n\u0259 he\u00e7 n\u0259 verilm\u0259yib. G\u0259l bar\u0131\u015f, bu i\u015f bitsin. Qarda\u015f\u0131m da, m\u0259n d\u0259 ona q\u0259ti \u015f\u0259kild\u0259 q\u0259rar\u0131m\u0131z\u0131 bildirdik. Dedi, bundan sonra daha \u00f6z\u00fcn\u00fcz bilin. Dekabr\u0131n 13-d\u0259 bizi n\u00f6vb\u0259ti d\u0259f\u0259 istintaqa \u00e7a\u011f\u0131randa m\u0259lum oldu ki, qarda\u015f\u0131mla m\u0259ni cinay\u0259t m\u0259suliyy\u0259tin\u0259 c\u0259lb edibl\u0259r, qar\u015f\u0131 t\u0259r\u0259fi is\u0259 z\u0259r\u0259r\u00e7\u0259k\u0259n edibl\u0259r. H\u0259min g\u00fcn d\u00f6vl\u0259t hesab\u0131na v\u0259kil t\u0259yin etdil\u0259r\u201d.\n<\/p>\n<p>\n  <i><br \/>\n    \u201cBak\u0131da oldu\u011fumuz tarixd\u0259 guya rayonda ittihamla tan\u0131\u015f olmu\u015fuq\u201d<br \/>\n  <\/i>\n<\/p>\n<p>\n  \u015eikay\u0259t\u00e7inin s\u00f6zl\u0259rin\u0259 g\u00f6r\u0259, dekabr\u0131n 22-d\u0259 m\u00fcst\u0259ntiq n\u00f6vb\u0259ti d\u0259f\u0259 onun ad\u0131ndan ittiham akt\u0131 il\u0259 tan\u0131\u015f olmas\u0131 il\u0259 ba\u011fl\u0131 s\u0259n\u0259dd\u0259 qeydl\u0259r apar\u0131b:\n<\/p>\n<p>\n  \u201cZ\u0259ng vurdu ki, qarda\u015f\u0131n\u0131 da g\u00f6t\u00fcr, t\u0259cili g\u0259l, s\u0259n\u0259dl\u0259r var, imzalamal\u0131s\u0131z, i\u015f m\u0259hk\u0259m\u0259y\u0259 gedir. Dedim, Bak\u0131da toyday\u0131q. Rayona qay\u0131dandan sonra &#8211; dekabr\u0131n 26-da getdik ki, ittiham akt\u0131yla tan\u0131\u015f olaq, g\u00f6rd\u00fck, \u00f6z\u00fc yerimiz\u0259 yaz\u0131b. Biz d\u0259 s\u0259n\u0259din arxas\u0131na ittihamlar\u0131n saxta oldu\u011funu v\u0259 q\u0259bul etm\u0259diyimizi yaz\u0131b imzalad\u0131q. M\u0259hk\u0259m\u0259d\u0259 dedim, g\u0259tir\u0259k, toyun \u00e7\u0259kili\u015fin\u0259 bax\u0131\u015f ke\u00e7irin, orda tarix qeyd olunub. Mobil telefonlar\u0131m\u0131z\u0131n h\u0259min tarixd\u0259 \u0259hat\u0259 dair\u0259sini ara\u015fd\u0131r\u0131n, biz rayonda olmam\u0131\u015f\u0131q, Bak\u0131da olmu\u015fuq. Hakim vecin\u0259 d\u0259 olmad\u0131. Prokurora etiraz etdik, hakim\u0259 etiraz etdik, protokollarla tan\u0131\u015f olmaq \u00fc\u00e7\u00fcn v\u0259sat\u0259tl\u0259r verdik, he\u00e7 bir v\u0259sat\u0259timiz t\u0259min olunmad\u0131. S\u0259kkiz \u015fahid m\u0259hk\u0259m\u0259d\u0259 hakim\u0259 bildirdi ki, ibtidai istintaqa verdikl\u0259ri ifad\u0259l\u0259r saxtala\u015fd\u0131r\u0131l\u0131b. Qar\u015f\u0131 t\u0259r\u0259fin saxta \u015fahidl\u0259rind\u0259n ikisi el\u0259 ifad\u0259 ver\u0259nd\u0259 if\u015fa olundu, biri is\u0259 h\u0259min traktorun s\u00fcr\u00fcc\u00fcs\u00fcd\u00fcr, ail\u0259d\u0259n maddi as\u0131l\u0131l\u0131\u011f\u0131 olan adamd\u0131r\u201d.\n<\/p>\n<p>\n  O\u011fuq Rayon M\u0259hk\u0259m\u0259sind\u0259 iki qrada\u015f\u0131n \u2013 Elg\u00fcn v\u0259 Elvin Salamzad\u0259l\u0259rin m\u0259hk\u0259m\u0259si yekunla\u015fmaq \u00fczr\u0259dir. Telman M\u0259mm\u0259dov ifad\u0259sind\u0259 g\u00f6st\u0259rib ki, Elg\u00fcn v\u0259 Elvin M\u0259mm\u0259dov qarda\u015flar\u0131 k\u0259ndd\u0259ki \u00e7ayxanada m\u00fcbahis\u0259 z\u0259minind\u0259 sif\u0259tin\u0259 v\u0259 ba\u015f\u0131na yumruqla vurublar, belind\u0259n t\u0259pikl\u0259yibl\u0259r, s\u00f6y\u0259r\u0259k t\u0259hqir edibl\u0259r.\n<\/p>\n<p>\n  Mart\u0131n 19-da hakim m\u0259hk\u0259m\u0259 iclas\u0131n\u0131n yekunla\u015fd\u0131\u011f\u0131n\u0131 elan edib. N\u00f6vb\u0259ti m\u0259hk\u0259m\u0259 iclas\u0131nda d\u00f6vl\u0259t ittiham\u00e7\u0131s\u0131 qarda\u015flara c\u0259za ist\u0259y\u0259c\u0259k.\n<\/p>\n<p>\n  O\u011fuz Rayon Polis \u015e\u00f6b\u0259sind\u0259n bildirilib ki, Elg\u00fcn Salamzad\u0259nin r\u00fc\u015fv\u0259tl\u0259 ba\u011fl\u0131 dedikl\u0259ri h\u0259qiq\u0259t\u0259uy\u011fun deyil. Bu i\u015f \u00fczr\u0259 ibtidai istintaq\u0131 polis \u015f\u00f6b\u0259sinin m\u00fcst\u0259ntiqi S\u0259id Abbasi apar\u0131b. \u0130stintaq \u00f6t\u0259n ilin dekabr ay\u0131nda ba\u015fa \u00e7at\u0131b. Bu il yanvar\u0131n 2-d\u0259 rayon prokuroru ittiham\u0131 t\u0259sdiq ed\u0259r\u0259k m\u0259hk\u0259m\u0259y\u0259 g\u00f6nd\u0259rib. Haz\u0131rda m\u0259hk\u0259m\u0259 prosesi davam edir v\u0259 son s\u00f6z\u00fc d\u0259 m\u0259hk\u0259m\u0259 dey\u0259c\u0259k.\n<\/p>\n<p>\n  Z\u0259r\u0259r\u00e7\u0259kmi\u015f kimi tan\u0131nan Telman M\u0259mm\u0259dovdan m\u0259s\u0259l\u0259y\u0259 m\u00fcnasib\u0259t \u00f6yr\u0259nm\u0259k m\u00fcmk\u00fcn olmay\u0131b.<\/p>\n","protected":false},"excerpt":{"rendered":"<p>Z\u0259r\u0259r\u00e7\u0259kmi\u015f kimi tan\u0131nan Telman M\u0259mm\u0259dovdan m\u0259s\u0259l\u0259y\u0259 m\u00fcnasib\u0259t \u00f6yr\u0259nm\u0259k m\u00fcmk\u00fcn olmay\u0131b.<\/p>\n","protected":false},"author":11,"featured_media":120528,"comment_status":"closed","ping_status":"open","sticky":false,"template":"","format":"standard","meta":{"_acf_changed":false,"_sitemap_exclude":false,"_sitemap_priority":"","_sitemap_frequency":"","footnotes":""},"categories":[60],"tags":[],"class_list":["post-194597","post","type-post","status-publish","format-standard","has-post-thumbnail","hentry","category-bolge","infinite-scroll-item","generate-columns","tablet-grid-50","mobile-grid-100","grid-parent","grid-33","no-featured-image-padding"],"acf":[],"yoast_head":"<!-- This site is optimized with the Yoast SEO plugin v27.4 - https:\/\/yoast.com\/product\/yoast-seo-wordpress\/ -->\n<title>O\u011fuz sakini: &#039;&#039;H\u0259m d\u00f6y\u00fcbl\u0259r, h\u0259m d\u0259 h\u0259bs etdirm\u0259k ist\u0259yirl\u0259r&#039;&#039; - MEYDAN.TV<\/title>\n<meta name=\"robots\" content=\"index, follow, max-snippet:-1, max-image-preview:large, max-video-preview:-1\" \/>\n<link rel=\"canonical\" href=\"https:\/\/www.meydan.tv\/az\/article\/oguz-sakini-hem-doyubler-hem-de-hebs-etdirmek-isteyirler\/\" \/>\n<meta property=\"og:locale\" content=\"az_AZ\" \/>\n<meta property=\"og:type\" content=\"article\" \/>\n<meta property=\"og:title\" content=\"O\u011fuz sakini: &#039;&#039;H\u0259m d\u00f6y\u00fcbl\u0259r, h\u0259m d\u0259 h\u0259bs etdirm\u0259k ist\u0259yirl\u0259r&#039;&#039; - MEYDAN.TV\" \/>\n<meta property=\"og:description\" content=\"Z\u0259r\u0259r\u00e7\u0259kmi\u015f kimi tan\u0131nan Telman M\u0259mm\u0259dovdan m\u0259s\u0259l\u0259y\u0259 m\u00fcnasib\u0259t \u00f6yr\u0259nm\u0259k m\u00fcmk\u00fcn olmay\u0131b.\" \/>\n<meta property=\"og:url\" content=\"https:\/\/www.meydan.tv\/az\/article\/oguz-sakini-hem-doyubler-hem-de-hebs-etdirmek-isteyirler\/\" \/>\n<meta property=\"og:site_name\" content=\"MEYDAN.TV\" \/>\n<meta property=\"article:published_time\" content=\"2019-03-22T11:20:04+00:00\" \/>\n<meta property=\"og:image\" content=\"https:\/\/www.meydan.tv\/wp-content\/uploads\/oquz_vdvkiae.jpg\" \/>\n\t<meta property=\"og:image:width\" content=\"787\" \/>\n\t<meta property=\"og:image:height\" content=\"580\" \/>\n\t<meta property=\"og:image:type\" content=\"image\/jpeg\" \/>\n<meta name=\"author\" content=\"user-manager\" \/>\n<meta name=\"twitter:card\" content=\"summary_large_image\" \/>\n<script type=\"application\/ld+json\" class=\"yoast-schema-graph\">{\"@context\":\"https:\\\/\\\/schema.org\",\"@graph\":[{\"@type\":\"Article\",\"@id\":\"https:\\\/\\\/www.meydan.tv\\\/az\\\/article\\\/oguz-sakini-hem-doyubler-hem-de-hebs-etdirmek-isteyirler\\\/#article\",\"isPartOf\":{\"@id\":\"https:\\\/\\\/www.meydan.tv\\\/az\\\/article\\\/oguz-sakini-hem-doyubler-hem-de-hebs-etdirmek-isteyirler\\\/\"},\"author\":{\"name\":\"user-manager\",\"@id\":\"https:\\\/\\\/www.meydan.tv\\\/az\\\/#\\\/schema\\\/person\\\/10d11eccf6da3662cf5fdab9806ea91a\"},\"headline\":\"O\u011fuz sakini: &#8221;H\u0259m d\u00f6y\u00fcbl\u0259r, h\u0259m d\u0259 h\u0259bs etdirm\u0259k ist\u0259yirl\u0259r&#8221;\",\"datePublished\":\"2019-03-22T11:20:04+00:00\",\"mainEntityOfPage\":{\"@id\":\"https:\\\/\\\/www.meydan.tv\\\/az\\\/article\\\/oguz-sakini-hem-doyubler-hem-de-hebs-etdirmek-isteyirler\\\/\"},\"wordCount\":1631,\"publisher\":{\"@id\":\"https:\\\/\\\/www.meydan.tv\\\/az\\\/#organization\"},\"image\":{\"@id\":\"https:\\\/\\\/www.meydan.tv\\\/az\\\/article\\\/oguz-sakini-hem-doyubler-hem-de-hebs-etdirmek-isteyirler\\\/#primaryimage\"},\"thumbnailUrl\":\"https:\\\/\\\/www.meydan.tv\\\/wp-content\\\/uploads\\\/oquz_vdvkiae.jpg\",\"articleSection\":[\"B\u00f6lg\u0259\"],\"inLanguage\":\"az\"},{\"@type\":\"WebPage\",\"@id\":\"https:\\\/\\\/www.meydan.tv\\\/az\\\/article\\\/oguz-sakini-hem-doyubler-hem-de-hebs-etdirmek-isteyirler\\\/\",\"url\":\"https:\\\/\\\/www.meydan.tv\\\/az\\\/article\\\/oguz-sakini-hem-doyubler-hem-de-hebs-etdirmek-isteyirler\\\/\",\"name\":\"O\u011fuz sakini: ''H\u0259m d\u00f6y\u00fcbl\u0259r, h\u0259m d\u0259 h\u0259bs etdirm\u0259k ist\u0259yirl\u0259r'' - MEYDAN.TV\",\"isPartOf\":{\"@id\":\"https:\\\/\\\/www.meydan.tv\\\/az\\\/#website\"},\"primaryImageOfPage\":{\"@id\":\"https:\\\/\\\/www.meydan.tv\\\/az\\\/article\\\/oguz-sakini-hem-doyubler-hem-de-hebs-etdirmek-isteyirler\\\/#primaryimage\"},\"image\":{\"@id\":\"https:\\\/\\\/www.meydan.tv\\\/az\\\/article\\\/oguz-sakini-hem-doyubler-hem-de-hebs-etdirmek-isteyirler\\\/#primaryimage\"},\"thumbnailUrl\":\"https:\\\/\\\/www.meydan.tv\\\/wp-content\\\/uploads\\\/oquz_vdvkiae.jpg\",\"datePublished\":\"2019-03-22T11:20:04+00:00\",\"breadcrumb\":{\"@id\":\"https:\\\/\\\/www.meydan.tv\\\/az\\\/article\\\/oguz-sakini-hem-doyubler-hem-de-hebs-etdirmek-isteyirler\\\/#breadcrumb\"},\"inLanguage\":\"az\",\"potentialAction\":[{\"@type\":\"ReadAction\",\"target\":[\"https:\\\/\\\/www.meydan.tv\\\/az\\\/article\\\/oguz-sakini-hem-doyubler-hem-de-hebs-etdirmek-isteyirler\\\/\"]}]},{\"@type\":\"ImageObject\",\"inLanguage\":\"az\",\"@id\":\"https:\\\/\\\/www.meydan.tv\\\/az\\\/article\\\/oguz-sakini-hem-doyubler-hem-de-hebs-etdirmek-isteyirler\\\/#primaryimage\",\"url\":\"https:\\\/\\\/www.meydan.tv\\\/wp-content\\\/uploads\\\/oquz_vdvkiae.jpg\",\"contentUrl\":\"https:\\\/\\\/www.meydan.tv\\\/wp-content\\\/uploads\\\/oquz_vdvkiae.jpg\",\"width\":787,\"height\":580,\"caption\":\"Source: google.az\"},{\"@type\":\"BreadcrumbList\",\"@id\":\"https:\\\/\\\/www.meydan.tv\\\/az\\\/article\\\/oguz-sakini-hem-doyubler-hem-de-hebs-etdirmek-isteyirler\\\/#breadcrumb\",\"itemListElement\":[{\"@type\":\"ListItem\",\"position\":1,\"name\":\"Ana s\u0259hif\u0259\",\"item\":\"https:\\\/\\\/www.meydan.tv\\\/az\\\/\"},{\"@type\":\"ListItem\",\"position\":2,\"name\":\"B\u00f6lg\u0259\",\"item\":\"https:\\\/\\\/www.meydan.tv\\\/az\\\/section\\\/bolge\\\/\"},{\"@type\":\"ListItem\",\"position\":3,\"name\":\"O\u011fuz sakini: &#8221;H\u0259m d\u00f6y\u00fcbl\u0259r, h\u0259m d\u0259 h\u0259bs etdirm\u0259k ist\u0259yirl\u0259r&#8221;\"}]},{\"@type\":\"WebSite\",\"@id\":\"https:\\\/\\\/www.meydan.tv\\\/az\\\/#website\",\"url\":\"https:\\\/\\\/www.meydan.tv\\\/az\\\/\",\"name\":\"MEYDAN.TV\",\"description\":\"Meydan TV Az\u0259rbaycan\u0131n media m\u0259kan\u0131ndak\u0131 alternativ s\u0259sidir\",\"publisher\":{\"@id\":\"https:\\\/\\\/www.meydan.tv\\\/az\\\/#organization\"},\"potentialAction\":[{\"@type\":\"SearchAction\",\"target\":{\"@type\":\"EntryPoint\",\"urlTemplate\":\"https:\\\/\\\/www.meydan.tv\\\/az\\\/?s={search_term_string}\"},\"query-input\":{\"@type\":\"PropertyValueSpecification\",\"valueRequired\":true,\"valueName\":\"search_term_string\"}}],\"inLanguage\":\"az\"},{\"@type\":\"Organization\",\"@id\":\"https:\\\/\\\/www.meydan.tv\\\/az\\\/#organization\",\"name\":\"Meydan TV\",\"url\":\"https:\\\/\\\/www.meydan.tv\\\/az\\\/\",\"logo\":{\"@type\":\"ImageObject\",\"inLanguage\":\"az\",\"@id\":\"https:\\\/\\\/www.meydan.tv\\\/az\\\/#\\\/schema\\\/logo\\\/image\\\/\",\"url\":\"https:\\\/\\\/www.meydan.tv\\\/wp-content\\\/uploads\\\/2021\\\/07\\\/meydan-logo.svg\",\"contentUrl\":\"https:\\\/\\\/www.meydan.tv\\\/wp-content\\\/uploads\\\/2021\\\/07\\\/meydan-logo.svg\",\"width\":195,\"height\":46,\"caption\":\"Meydan TV\"},\"image\":{\"@id\":\"https:\\\/\\\/www.meydan.tv\\\/az\\\/#\\\/schema\\\/logo\\\/image\\\/\"}},{\"@type\":\"Person\",\"@id\":\"https:\\\/\\\/www.meydan.tv\\\/az\\\/#\\\/schema\\\/person\\\/10d11eccf6da3662cf5fdab9806ea91a\",\"name\":\"user-manager\"}]}<\/script>\n<!-- \/ Yoast SEO plugin. -->","yoast_head_json":{"title":"O\u011fuz sakini: ''H\u0259m d\u00f6y\u00fcbl\u0259r, h\u0259m d\u0259 h\u0259bs etdirm\u0259k ist\u0259yirl\u0259r'' - MEYDAN.TV","robots":{"index":"index","follow":"follow","max-snippet":"max-snippet:-1","max-image-preview":"max-image-preview:large","max-video-preview":"max-video-preview:-1"},"canonical":"https:\/\/www.meydan.tv\/az\/article\/oguz-sakini-hem-doyubler-hem-de-hebs-etdirmek-isteyirler\/","og_locale":"az_AZ","og_type":"article","og_title":"O\u011fuz sakini: ''H\u0259m d\u00f6y\u00fcbl\u0259r, h\u0259m d\u0259 h\u0259bs etdirm\u0259k ist\u0259yirl\u0259r'' - MEYDAN.TV","og_description":"Z\u0259r\u0259r\u00e7\u0259kmi\u015f kimi tan\u0131nan Telman M\u0259mm\u0259dovdan m\u0259s\u0259l\u0259y\u0259 m\u00fcnasib\u0259t \u00f6yr\u0259nm\u0259k m\u00fcmk\u00fcn olmay\u0131b.","og_url":"https:\/\/www.meydan.tv\/az\/article\/oguz-sakini-hem-doyubler-hem-de-hebs-etdirmek-isteyirler\/","og_site_name":"MEYDAN.TV","article_published_time":"2019-03-22T11:20:04+00:00","og_image":[{"width":787,"height":580,"url":"https:\/\/www.meydan.tv\/wp-content\/uploads\/oquz_vdvkiae.jpg","type":"image\/jpeg"}],"author":"user-manager","twitter_card":"summary_large_image","schema":{"@context":"https:\/\/schema.org","@graph":[{"@type":"Article","@id":"https:\/\/www.meydan.tv\/az\/article\/oguz-sakini-hem-doyubler-hem-de-hebs-etdirmek-isteyirler\/#article","isPartOf":{"@id":"https:\/\/www.meydan.tv\/az\/article\/oguz-sakini-hem-doyubler-hem-de-hebs-etdirmek-isteyirler\/"},"author":{"name":"user-manager","@id":"https:\/\/www.meydan.tv\/az\/#\/schema\/person\/10d11eccf6da3662cf5fdab9806ea91a"},"headline":"O\u011fuz sakini: &#8221;H\u0259m d\u00f6y\u00fcbl\u0259r, h\u0259m d\u0259 h\u0259bs etdirm\u0259k ist\u0259yirl\u0259r&#8221;","datePublished":"2019-03-22T11:20:04+00:00","mainEntityOfPage":{"@id":"https:\/\/www.meydan.tv\/az\/article\/oguz-sakini-hem-doyubler-hem-de-hebs-etdirmek-isteyirler\/"},"wordCount":1631,"publisher":{"@id":"https:\/\/www.meydan.tv\/az\/#organization"},"image":{"@id":"https:\/\/www.meydan.tv\/az\/article\/oguz-sakini-hem-doyubler-hem-de-hebs-etdirmek-isteyirler\/#primaryimage"},"thumbnailUrl":"https:\/\/www.meydan.tv\/wp-content\/uploads\/oquz_vdvkiae.jpg","articleSection":["B\u00f6lg\u0259"],"inLanguage":"az"},{"@type":"WebPage","@id":"https:\/\/www.meydan.tv\/az\/article\/oguz-sakini-hem-doyubler-hem-de-hebs-etdirmek-isteyirler\/","url":"https:\/\/www.meydan.tv\/az\/article\/oguz-sakini-hem-doyubler-hem-de-hebs-etdirmek-isteyirler\/","name":"O\u011fuz sakini: ''H\u0259m d\u00f6y\u00fcbl\u0259r, h\u0259m d\u0259 h\u0259bs etdirm\u0259k ist\u0259yirl\u0259r'' - MEYDAN.TV","isPartOf":{"@id":"https:\/\/www.meydan.tv\/az\/#website"},"primaryImageOfPage":{"@id":"https:\/\/www.meydan.tv\/az\/article\/oguz-sakini-hem-doyubler-hem-de-hebs-etdirmek-isteyirler\/#primaryimage"},"image":{"@id":"https:\/\/www.meydan.tv\/az\/article\/oguz-sakini-hem-doyubler-hem-de-hebs-etdirmek-isteyirler\/#primaryimage"},"thumbnailUrl":"https:\/\/www.meydan.tv\/wp-content\/uploads\/oquz_vdvkiae.jpg","datePublished":"2019-03-22T11:20:04+00:00","breadcrumb":{"@id":"https:\/\/www.meydan.tv\/az\/article\/oguz-sakini-hem-doyubler-hem-de-hebs-etdirmek-isteyirler\/#breadcrumb"},"inLanguage":"az","potentialAction":[{"@type":"ReadAction","target":["https:\/\/www.meydan.tv\/az\/article\/oguz-sakini-hem-doyubler-hem-de-hebs-etdirmek-isteyirler\/"]}]},{"@type":"ImageObject","inLanguage":"az","@id":"https:\/\/www.meydan.tv\/az\/article\/oguz-sakini-hem-doyubler-hem-de-hebs-etdirmek-isteyirler\/#primaryimage","url":"https:\/\/www.meydan.tv\/wp-content\/uploads\/oquz_vdvkiae.jpg","contentUrl":"https:\/\/www.meydan.tv\/wp-content\/uploads\/oquz_vdvkiae.jpg","width":787,"height":580,"caption":"Source: google.az"},{"@type":"BreadcrumbList","@id":"https:\/\/www.meydan.tv\/az\/article\/oguz-sakini-hem-doyubler-hem-de-hebs-etdirmek-isteyirler\/#breadcrumb","itemListElement":[{"@type":"ListItem","position":1,"name":"Ana s\u0259hif\u0259","item":"https:\/\/www.meydan.tv\/az\/"},{"@type":"ListItem","position":2,"name":"B\u00f6lg\u0259","item":"https:\/\/www.meydan.tv\/az\/section\/bolge\/"},{"@type":"ListItem","position":3,"name":"O\u011fuz sakini: &#8221;H\u0259m d\u00f6y\u00fcbl\u0259r, h\u0259m d\u0259 h\u0259bs etdirm\u0259k ist\u0259yirl\u0259r&#8221;"}]},{"@type":"WebSite","@id":"https:\/\/www.meydan.tv\/az\/#website","url":"https:\/\/www.meydan.tv\/az\/","name":"MEYDAN.TV","description":"Meydan TV Az\u0259rbaycan\u0131n media m\u0259kan\u0131ndak\u0131 alternativ s\u0259sidir","publisher":{"@id":"https:\/\/www.meydan.tv\/az\/#organization"},"potentialAction":[{"@type":"SearchAction","target":{"@type":"EntryPoint","urlTemplate":"https:\/\/www.meydan.tv\/az\/?s={search_term_string}"},"query-input":{"@type":"PropertyValueSpecification","valueRequired":true,"valueName":"search_term_string"}}],"inLanguage":"az"},{"@type":"Organization","@id":"https:\/\/www.meydan.tv\/az\/#organization","name":"Meydan TV","url":"https:\/\/www.meydan.tv\/az\/","logo":{"@type":"ImageObject","inLanguage":"az","@id":"https:\/\/www.meydan.tv\/az\/#\/schema\/logo\/image\/","url":"https:\/\/www.meydan.tv\/wp-content\/uploads\/2021\/07\/meydan-logo.svg","contentUrl":"https:\/\/www.meydan.tv\/wp-content\/uploads\/2021\/07\/meydan-logo.svg","width":195,"height":46,"caption":"Meydan TV"},"image":{"@id":"https:\/\/www.meydan.tv\/az\/#\/schema\/logo\/image\/"}},{"@type":"Person","@id":"https:\/\/www.meydan.tv\/az\/#\/schema\/person\/10d11eccf6da3662cf5fdab9806ea91a","name":"user-manager"}]}},"_links":{"self":[{"href":"https:\/\/www.meydan.tv\/az\/wp-json\/wp\/v2\/posts\/194597","targetHints":{"allow":["GET"]}}],"collection":[{"href":"https:\/\/www.meydan.tv\/az\/wp-json\/wp\/v2\/posts"}],"about":[{"href":"https:\/\/www.meydan.tv\/az\/wp-json\/wp\/v2\/types\/post"}],"author":[{"embeddable":true,"href":"https:\/\/www.meydan.tv\/az\/wp-json\/wp\/v2\/users\/11"}],"replies":[{"embeddable":true,"href":"https:\/\/www.meydan.tv\/az\/wp-json\/wp\/v2\/comments?post=194597"}],"version-history":[{"count":0,"href":"https:\/\/www.meydan.tv\/az\/wp-json\/wp\/v2\/posts\/194597\/revisions"}],"wp:featuredmedia":[{"embeddable":true,"href":"https:\/\/www.meydan.tv\/az\/wp-json\/wp\/v2\/media\/120528"}],"wp:attachment":[{"href":"https:\/\/www.meydan.tv\/az\/wp-json\/wp\/v2\/media?parent=194597"}],"wp:term":[{"taxonomy":"category","embeddable":true,"href":"https:\/\/www.meydan.tv\/az\/wp-json\/wp\/v2\/categories?post=194597"},{"taxonomy":"post_tag","embeddable":true,"href":"https:\/\/www.meydan.tv\/az\/wp-json\/wp\/v2\/tags?post=194597"}],"curies":[{"name":"wp","href":"https:\/\/api.w.org\/{rel}","templated":true}]}}