{"id":194574,"date":"2019-03-19T14:10:31","date_gmt":"2019-03-19T14:10:31","guid":{"rendered":"https:\/\/www.meydan.tv\/article\/neinki-dermanlari-almaga-pulum-var-hec-20-qepiyim-de-yoxdur\/"},"modified":"2019-03-19T14:10:31","modified_gmt":"2019-03-19T14:10:31","slug":"neinki-dermanlari-almaga-pulum-var-hec-20-qepiyim-de-yoxdur","status":"publish","type":"post","link":"https:\/\/www.meydan.tv\/az\/article\/neinki-dermanlari-almaga-pulum-var-hec-20-qepiyim-de-yoxdur\/","title":{"rendered":"&#8221;N\u0259inki d\u0259rmanlar\u0131 alma\u011fa pulum var, he\u00e7 20 q\u0259piyim d\u0259 yoxdur&#8221;"},"content":{"rendered":"<p>\n  O\u011flunun x\u0259st\u0259likd\u0259n \u0259ziyy\u0259t \u00e7\u0259kdiyini dey\u0259n ana k\u00f6m\u0259k ist\u0259yir\n<\/p>\n<p>\n  \u201cO\u011flumun a\u011f\u0131r \u0259qli geriliyi var. Buna g\u00f6r\u0259 pensiya alm\u0131r, k\u0259smirl\u0259r. D\u0259rmanlar\u0131n\u0131 ala bilm\u0259diyim \u00fc\u00e7\u00fcn b\u00fct\u00fcn g\u00fcn\u00fc q\u0131\u015fq\u0131r\u0131r. \u00d6z\u00fcm\u00fcz d\u0259 kiray\u0259d\u0259 qal\u0131r\u0131q, 6 ayd\u0131r pulunu \u00f6d\u0259y\u0259 bilmirik. \u0130nan\u0131n, bu d\u0259qiq\u0259 evimizd\u0259 bir tik\u0259 \u00e7\u00f6r\u0259yimiz d\u0259 yoxdur\u201d.\n<\/p>\n<p>\n  Ucar\u0131n B\u0259rg\u00fc\u015fad k\u0259ndinin sakini Ofeliya M\u0259mm\u0259dova bel\u0259 deyir. Bildirir ki, o\u011flu Natiq M\u0259mm\u0259dov k\u0259skin \u0259qli gerilikd\u0259n \u0259ziyy\u0259t \u00e7\u0259kir. \u0130ll\u0259rdir Ucar Rayon M\u0259rk\u0259zi X\u0259st\u0259xanas\u0131nda m\u00fcalic\u0259 olunub. X\u0259st\u0259xana son d\u00f6vrl\u0259r\u0259 q\u0259d\u0259r ona laz\u0131m olan \u0259sas iki d\u0259rman\u0131 pulsuz verirmi\u015f. Son bir ne\u00e7\u0259 ayd\u0131r ki, k\u0259sib, art\u0131q \u00f6z\u00fcn\u00fcz pulla al\u0131n deyib. Ana deyir ki, n\u0259inki d\u0259rmanlar\u0131 alma\u011fa pulu var, he\u00e7 evind\u0259 20 q\u0259piyi d\u0259 yoxdur. N\u0259tic\u0259d\u0259 o\u011flu g\u00fcn\u00fc-g\u00fcnd\u0259n pisl\u0259\u015fir, a\u011f\u0131rla\u015f\u0131r.\n<\/p>\n<figure class=\"wp-block-image size-large\">\n  <img decoding=\"async\" src=\"https:\/\/www.meydan.tv\/az\/image00004-jpeg-4\/\" alt=\"image00004.jpeg\" class=\"wp-image-120363\"\/><figcaption>\n    Natiq M\u0259mm\u0259dov<br \/>\n  <\/figcaption><\/figure>\n<p>\n  \u201cQon\u015fular da narahat olur. G\u00fcna\u015f\u0131r\u0131 deyirl\u0259r ki, bel\u0259 olmaz, buna bir \u00e7ar\u0259 tap. Daha dey\u0259 bilmir\u0259m ki, d\u0259rman\u0131 bitib, alma\u011fa da pul yoxdur. Bel\u0259 \u00e7\u0131x\u0131r ki, h\u00f6kum\u0259tin bu u\u015faqdan x\u0259b\u0259ri yoxdur. \u0130ki d\u0259rman verirdi, onu da k\u0259sdi. Pensiya is\u0259 d\u00fcz\u0259lmir. U\u015fa\u011fa qrup vermirl\u0259r. Halbuki a\u011f\u0131r ruhi x\u0259st\u0259dir\u201d.\n<\/p>\n<p>\n  O.M\u0259mm\u0259dova deyir ki, Natiq anadang\u0259lm\u0259 x\u0259st\u0259dir. Ancaq onun x\u0259st\u0259liyini gec anlay\u0131blar. Ana u\u015fa\u011f\u0131 d\u00fcnyaya g\u0259tir\u0259nd\u0259 \u00f6z\u00fcnd\u0259 d\u0259 b\u0259zi probleml\u0259r \u00e7\u0131x\u0131b. Aylarla m\u00fcalic\u0259 al\u0131b, x\u0259st\u0259xanada yat\u0131b:\n<\/p>\n<p>\n  \u201c2-3 ya\u015f\u0131nda f\u0259rqin\u0259 vard\u0131m ki, bu u\u015faq he\u00e7 ana da demir. U\u015faqda ciddi probleml\u0259r oldu\u011funun gec f\u0259rqin\u0259 vard\u0131m. \u00dcst\u0259lik, \u00f6z\u00fcn\u00fc bilmir, hissiyyats\u0131zd\u0131r. \u0130nan\u0131n x\u0259st\u0259xanaya verm\u0259y\u0259 d\u0259 \u00fcr\u0259yim g\u0259lmir. He\u00e7 kim\u0259 etibar etmir\u0259m, \u00f6z\u00fcmd\u0259n ba\u015fqa. N\u0259 d\u0259 onsuz qala bilm\u0259r\u0259m. Ona g\u00f6r\u0259 k\u0259ndd\u0259 evimi at\u0131b g\u0259lib Ucar\u0131n m\u0259rk\u0259zind\u0259 kiray\u0259 qal\u0131ram ki, v\u0259ziyy\u0259ti a\u011f\u0131rla\u015fanda h\u0259kim\u0259 apara bilim. Bu d\u00f6vl\u0259t n\u0259 m\u0259nim u\u015fa\u011f\u0131ma \u0259lillik qrupu verir, n\u0259 d\u0259 d\u0259rmanla t\u0259min edir\u201d. (edited)\n<\/p>\n<figure class=\"wp-block-image size-large\">\n  <img decoding=\"async\" src=\"https:\/\/www.meydan.tv\/az\/image00001-jpeg-5\/\" alt=\"image00001.jpeg\" class=\"wp-image-120369\"\/><figcaption>\n    Ofeliya M\u0259mm\u0259dova<br \/>\n  <\/figcaption><\/figure>\n<p>\n  Ana deyir ki, n\u0259 d\u0259 onu t\u0259k qoyub i\u015fl\u0259y\u0259 bilmir. \u00c7\u00fcnki t\u0259k qalanda \u00f6z\u00fcn\u0259 x\u0259sar\u0259t yetirir:\n<\/p>\n<p>\n  \u201cBir d\u0259f\u0259 bilm\u0259mi\u015f\u0259m, t\u0259k qoyub h\u0259y\u0259t\u0259 enmi\u015fdim. G\u0259ldim ki, atas\u0131n\u0131n \u00fczq\u0131rxan\u0131 il\u0259 \u00f6z\u00fcn\u00fc n\u0259 g\u00fcn\u0259 qoyub. Qan\u0131n i\u00e7ind\u0259 idi. M\u0259nc\u0259, a\u011fr\u0131 da hiss etmir. M\u0259n onu t\u0259k qoyub, i\u015fl\u0259y\u0259 d\u0259 bilmir\u0259m. Yoxsa gedib, f\u0259hl\u0259lik ed\u0259r\u0259m. Atas\u0131 onsuz da f\u0259hl\u0259dir. Bak\u0131 bazarlar\u0131nda araba s\u00fcr\u00fcr, y\u00fck da\u015f\u0131y\u0131r. Vallah, m\u0259n d\u0259 ed\u0259r\u0259m, ancaq onu t\u0259k qoymaq m\u00fcmk\u00fcn deyil. D\u0259f\u0259l\u0259rl\u0259 ba\u015f h\u0259kimin yan\u0131na aparm\u0131\u015fam ki, buna bir dioqnoz qoy, pensiya k\u0259silsin. O da m\u00fcraci\u0259t edib, s\u0259n\u0259d verib, xeyri yoxdur. Aidiyyat\u0131 qurumlar i\u015fim\u0259 baxm\u0131r. Ya da deyirl\u0259r, get i\u015fini Bak\u0131da h\u0259ll et. \u00c7ox kas\u0131b\u0131q, yolpulunu haradan alaq? Ged\u0259 bilmir\u0259m. He\u00e7 gets\u0259m d\u0259, bilmir\u0259m hara m\u00fcraci\u0259t etm\u0259k laz\u0131md\u0131r. Savad\u0131m, s\u00fcbutum da yox, qalm\u0131\u015fam \u00e7ox pis, \u00e7\u0131x\u0131lmaz v\u0259ziyy\u0259td\u0259. \u0130nan\u0131n bu d\u0259qiq\u0259 evimd\u0259 \u00e7\u00f6r\u0259yim, i\u00e7m\u0259y\u0259 \u00e7ay\u0131m yoxdur. Bundan o t\u0259r\u0259fi varm\u0131?\u201d\n<\/p>\n<figure class=\"wp-block-image size-large\">\n  <img decoding=\"async\" src=\"https:\/\/www.meydan.tv\/az\/image00008-jpeg-5\/\" alt=\"image00008.jpeg\" class=\"wp-image-120378\"\/><figcaption>\n    d\u0259rmanlar<br \/>\n  <\/figcaption><\/figure>\n<p>\n  Ofeliya M\u0259mm\u0259dova deyir ki, Ucar Rayon \u0130cra Hakimiyy\u0259ti onlara birc\u0259 d\u0259f\u0259 yard\u0131m edib. O da ki o\u011flunu Ma\u015fta\u011fadak\u0131 1 sayl\u0131 Ruhi \u018fs\u0259b Dispanserin\u0259 aparmaq \u00fc\u00e7\u00fcn:\n<\/p>\n<p>\n  \u201cOra getdim. \u0130\u00e7\u0259ri gir\u0259nd\u0259 u\u015faq a\u011flad\u0131, q\u0131\u015fq\u0131rd\u0131, hal\u0131 pisl\u0259\u015fdi. M\u0259nim d\u0259 \u00fcr\u0259yim g\u0259lm\u0259di onu orada qoyub geri g\u0259lm\u0259y\u0259. G\u00f6t\u00fcr\u00fcb g\u0259tirdim ev\u0259. Bundan sonra h\u0259r yer\u0259 m\u00fcraci\u0259t etdim. \u0130st\u0259r Ucar Rayon \u0130cra Hakimiyy\u0259ti olsun, ist\u0259r Sosial M\u00fcdafi\u0259 Fondu, ist\u0259rs\u0259 d\u0259 M\u0259rk\u0259zi X\u0259st\u0259xana. He\u00e7 yerd\u0259n m\u00fcsb\u0259t bir cavab ala bilm\u0259dim. H\u0259tta bir d\u0259f\u0259 icra ba\u015f\u00e7\u0131s\u0131n\u0131n q\u0259buluna apard\u0131m. \u0130cra ba\u015f\u00e7\u0131s\u0131 i\u00e7\u0259ri gir\u0259nd\u0259 ham\u0131 aya\u011fa qalxd\u0131. U\u015faq h\u0259y\u0259canland\u0131, ba\u015flad\u0131 q\u0131\u015fq\u0131rma\u011fa. Orada m\u0259n\u0259 irad bildirdil\u0259r ki, onu bel\u0259 yer\u0259 g\u0259tirib camaat\u0131 narahat etm\u0259y\u0259 n\u0259 haqq\u0131m var. M\u0259n d\u0259 a\u011flaya-a\u011flaya u\u015fa\u011f\u0131m\u0131 g\u00f6t\u00fcr\u00fcb g\u0259ldim ev\u0259. Sa\u011flam olub, \u0259sg\u0259r olsayd\u0131, \u0259la olard\u0131 amma\u201d.\n<\/p>\n<p>\n  Ofeliya M\u0259mm\u0259dovan\u0131n 4 \u00f6vlad\u0131 var. \u0130kisi q\u0131z, ikisi o\u011flan. Natiq \u0259n ki\u00e7ik o\u011fludur. Dig\u0259r o\u011flu k\u0259ndd\u0259ki evl\u0259rind\u0259 ya\u015fay\u0131r. Q\u0131zlar\u0131 is\u0259 ail\u0259 qurub. H\u0259r ikisi kiray\u0259 qal\u0131r. Onlardan birinin onkoloji x\u0259st\u0259liyi d\u0259 var:\n<\/p>\n<figure class=\"wp-block-image size-large\">\n  <img decoding=\"async\" src=\"https:\/\/www.meydan.tv\/az\/image00003_aisprg6\/\" alt=\"image00003_aisprg6\" class=\"wp-image-120375\"\/><figcaption>\n    Diaqnoz<br \/>\n  <\/figcaption><\/figure>\n<p>\n  \u201cY\u0259ni onlardan da bir k\u00f6m\u0259k yoxdur. M\u0259nd\u0259 olsa, m\u0259n ed\u0259r\u0259m, o da yoxdur. Qalm\u0131\u015fam bir u\u015fa\u011f\u0131n \u0259lind\u0259. Ham\u0131m\u0131z kas\u0131bl\u0131qla dolan\u0131r\u0131q. Birimiz bir normal g\u00fcnd\u0259 deyilik. O d\u0259rman var e, hans\u0131 ki u\u015faq atsa sakitl\u0259\u015f\u0259r, rahatla\u015far, he\u00e7 bilmir\u0259m onun qiym\u0259ti ne\u00e7\u0259dir. Guya bils\u0259m, n\u0259 olacaq?! Bu d\u0259qiq\u0259 evimd\u0259 he\u00e7 20 q\u0259piyim d\u0259 yoxdur. Olsa, \u00e7\u00f6r\u0259k alaram, u\u015faq \u015firin\u00e7ayla i\u00e7\u0259r. 6 ayd\u0131r evin pulunu da ver\u0259 bilmirik. Bu g\u00fcn-sabah \u00e7\u00f6l\u0259 atacaqlar. Rayondak\u0131 b\u00fct\u00fcn ma\u011fazalara borcum var. H\u0259tta bazarda da bir ne\u00e7\u0259 n\u0259f\u0259r\u0259 borcluyam. Z\u0259ng edirl\u0259r, deyir\u0259m, yoxdur. B\u0259z\u0259n e\u015fitm\u0259diyim s\u00f6z qalm\u0131r. S\u00fcr\u00fcn\u0259-s\u00fcr\u00fcn\u0259 dolan\u0131r\u0131q, inan\u0131n\u201d.\n<\/p>\n<p>\n  Meydan TV Ucar Rayon \u0130cra Hakimiyy\u0259ti il\u0259 \u0259laq\u0259 saxlay\u0131b. \u0130cra hakimiyy\u0259tind\u0259n pensiya, x\u0259st\u0259likl\u0259 ba\u011fl\u0131 i\u015f\u0259 onlar\u0131n baxmad\u0131\u011f\u0131n\u0131 s\u00f6yl\u0259yibl\u0259r.\n<\/p>\n<p>\n  Ucar Rayon M\u0259rk\u0259zi X\u0259st\u0259xanas\u0131ndan is\u0259 bildirildi ki, haz\u0131rda biz\u0259 bu bar\u0259d\u0259 cavab ver\u0259c\u0259k s\u0259lahiyy\u0259tli \u015f\u0259xsl\u0259r i\u015fd\u0259 deyill\u0259r:\n<\/p>\n<p>\n  \u201cBayramd\u0131r, g\u0259l\u0259nl\u0259r d\u0259 tez gedib. Bir h\u0259ft\u0259 sonra \u0259laq\u0259 saxlay\u0131n\u201d.<\/p>\n","protected":false},"excerpt":{"rendered":"<p>\u201cBayramd\u0131r, g\u0259l\u0259nl\u0259r d\u0259 tez gedib. Bir h\u0259ft\u0259 sonra \u0259laq\u0259 saxlay\u0131n\u201d.<\/p>\n","protected":false},"author":11,"featured_media":120360,"comment_status":"closed","ping_status":"open","sticky":false,"template":"","format":"standard","meta":{"_acf_changed":false,"_sitemap_exclude":false,"_sitemap_priority":"","_sitemap_frequency":"","footnotes":""},"categories":[60],"tags":[],"class_list":["post-194574","post","type-post","status-publish","format-standard","has-post-thumbnail","hentry","category-bolge","infinite-scroll-item","generate-columns","tablet-grid-50","mobile-grid-100","grid-parent","grid-33","no-featured-image-padding"],"acf":[],"yoast_head":"<!-- This site is optimized with the Yoast SEO plugin v27.4 - https:\/\/yoast.com\/product\/yoast-seo-wordpress\/ -->\n<title>&#039;&#039;N\u0259inki d\u0259rmanlar\u0131 alma\u011fa pulum var, he\u00e7 20 q\u0259piyim d\u0259 yoxdur&#039;&#039; - MEYDAN.TV<\/title>\n<meta name=\"robots\" content=\"index, follow, max-snippet:-1, max-image-preview:large, max-video-preview:-1\" \/>\n<link rel=\"canonical\" href=\"https:\/\/www.meydan.tv\/az\/article\/neinki-dermanlari-almaga-pulum-var-hec-20-qepiyim-de-yoxdur\/\" \/>\n<meta property=\"og:locale\" content=\"az_AZ\" \/>\n<meta property=\"og:type\" content=\"article\" \/>\n<meta property=\"og:title\" content=\"&#039;&#039;N\u0259inki d\u0259rmanlar\u0131 alma\u011fa pulum var, he\u00e7 20 q\u0259piyim d\u0259 yoxdur&#039;&#039; - MEYDAN.TV\" \/>\n<meta property=\"og:description\" content=\"\u201cBayramd\u0131r, g\u0259l\u0259nl\u0259r d\u0259 tez gedib. Bir h\u0259ft\u0259 sonra \u0259laq\u0259 saxlay\u0131n\u201d.\" \/>\n<meta property=\"og:url\" content=\"https:\/\/www.meydan.tv\/az\/article\/neinki-dermanlari-almaga-pulum-var-hec-20-qepiyim-de-yoxdur\/\" \/>\n<meta property=\"og:site_name\" content=\"MEYDAN.TV\" \/>\n<meta property=\"article:published_time\" content=\"2019-03-19T14:10:31+00:00\" \/>\n<meta property=\"og:image\" content=\"https:\/\/www.meydan.tv\/wp-content\/uploads\/image00009_9bgsl2l-scaled.jpeg\" \/>\n\t<meta property=\"og:image:width\" content=\"2560\" \/>\n\t<meta property=\"og:image:height\" content=\"1920\" \/>\n\t<meta property=\"og:image:type\" content=\"image\/jpeg\" \/>\n<meta name=\"author\" content=\"user-manager\" \/>\n<meta name=\"twitter:card\" content=\"summary_large_image\" \/>\n<script type=\"application\/ld+json\" class=\"yoast-schema-graph\">{\"@context\":\"https:\\\/\\\/schema.org\",\"@graph\":[{\"@type\":\"Article\",\"@id\":\"https:\\\/\\\/www.meydan.tv\\\/az\\\/article\\\/neinki-dermanlari-almaga-pulum-var-hec-20-qepiyim-de-yoxdur\\\/#article\",\"isPartOf\":{\"@id\":\"https:\\\/\\\/www.meydan.tv\\\/az\\\/article\\\/neinki-dermanlari-almaga-pulum-var-hec-20-qepiyim-de-yoxdur\\\/\"},\"author\":{\"name\":\"user-manager\",\"@id\":\"https:\\\/\\\/www.meydan.tv\\\/az\\\/#\\\/schema\\\/person\\\/10d11eccf6da3662cf5fdab9806ea91a\"},\"headline\":\"&#8221;N\u0259inki d\u0259rmanlar\u0131 alma\u011fa pulum var, he\u00e7 20 q\u0259piyim d\u0259 yoxdur&#8221;\",\"datePublished\":\"2019-03-19T14:10:31+00:00\",\"mainEntityOfPage\":{\"@id\":\"https:\\\/\\\/www.meydan.tv\\\/az\\\/article\\\/neinki-dermanlari-almaga-pulum-var-hec-20-qepiyim-de-yoxdur\\\/\"},\"wordCount\":1138,\"publisher\":{\"@id\":\"https:\\\/\\\/www.meydan.tv\\\/az\\\/#organization\"},\"image\":{\"@id\":\"https:\\\/\\\/www.meydan.tv\\\/az\\\/article\\\/neinki-dermanlari-almaga-pulum-var-hec-20-qepiyim-de-yoxdur\\\/#primaryimage\"},\"thumbnailUrl\":\"https:\\\/\\\/www.meydan.tv\\\/wp-content\\\/uploads\\\/image00009_9bgsl2l-scaled.jpeg\",\"articleSection\":[\"B\u00f6lg\u0259\"],\"inLanguage\":\"az\"},{\"@type\":\"WebPage\",\"@id\":\"https:\\\/\\\/www.meydan.tv\\\/az\\\/article\\\/neinki-dermanlari-almaga-pulum-var-hec-20-qepiyim-de-yoxdur\\\/\",\"url\":\"https:\\\/\\\/www.meydan.tv\\\/az\\\/article\\\/neinki-dermanlari-almaga-pulum-var-hec-20-qepiyim-de-yoxdur\\\/\",\"name\":\"''N\u0259inki d\u0259rmanlar\u0131 alma\u011fa pulum var, he\u00e7 20 q\u0259piyim d\u0259 yoxdur'' - MEYDAN.TV\",\"isPartOf\":{\"@id\":\"https:\\\/\\\/www.meydan.tv\\\/az\\\/#website\"},\"primaryImageOfPage\":{\"@id\":\"https:\\\/\\\/www.meydan.tv\\\/az\\\/article\\\/neinki-dermanlari-almaga-pulum-var-hec-20-qepiyim-de-yoxdur\\\/#primaryimage\"},\"image\":{\"@id\":\"https:\\\/\\\/www.meydan.tv\\\/az\\\/article\\\/neinki-dermanlari-almaga-pulum-var-hec-20-qepiyim-de-yoxdur\\\/#primaryimage\"},\"thumbnailUrl\":\"https:\\\/\\\/www.meydan.tv\\\/wp-content\\\/uploads\\\/image00009_9bgsl2l-scaled.jpeg\",\"datePublished\":\"2019-03-19T14:10:31+00:00\",\"breadcrumb\":{\"@id\":\"https:\\\/\\\/www.meydan.tv\\\/az\\\/article\\\/neinki-dermanlari-almaga-pulum-var-hec-20-qepiyim-de-yoxdur\\\/#breadcrumb\"},\"inLanguage\":\"az\",\"potentialAction\":[{\"@type\":\"ReadAction\",\"target\":[\"https:\\\/\\\/www.meydan.tv\\\/az\\\/article\\\/neinki-dermanlari-almaga-pulum-var-hec-20-qepiyim-de-yoxdur\\\/\"]}]},{\"@type\":\"ImageObject\",\"inLanguage\":\"az\",\"@id\":\"https:\\\/\\\/www.meydan.tv\\\/az\\\/article\\\/neinki-dermanlari-almaga-pulum-var-hec-20-qepiyim-de-yoxdur\\\/#primaryimage\",\"url\":\"https:\\\/\\\/www.meydan.tv\\\/wp-content\\\/uploads\\\/image00009_9bgsl2l-scaled.jpeg\",\"contentUrl\":\"https:\\\/\\\/www.meydan.tv\\\/wp-content\\\/uploads\\\/image00009_9bgsl2l-scaled.jpeg\",\"width\":2560,\"height\":1920,\"caption\":\"Source: meydan.tv\"},{\"@type\":\"BreadcrumbList\",\"@id\":\"https:\\\/\\\/www.meydan.tv\\\/az\\\/article\\\/neinki-dermanlari-almaga-pulum-var-hec-20-qepiyim-de-yoxdur\\\/#breadcrumb\",\"itemListElement\":[{\"@type\":\"ListItem\",\"position\":1,\"name\":\"Ana s\u0259hif\u0259\",\"item\":\"https:\\\/\\\/www.meydan.tv\\\/az\\\/\"},{\"@type\":\"ListItem\",\"position\":2,\"name\":\"B\u00f6lg\u0259\",\"item\":\"https:\\\/\\\/www.meydan.tv\\\/az\\\/section\\\/bolge\\\/\"},{\"@type\":\"ListItem\",\"position\":3,\"name\":\"&#8221;N\u0259inki d\u0259rmanlar\u0131 alma\u011fa pulum var, he\u00e7 20 q\u0259piyim d\u0259 yoxdur&#8221;\"}]},{\"@type\":\"WebSite\",\"@id\":\"https:\\\/\\\/www.meydan.tv\\\/az\\\/#website\",\"url\":\"https:\\\/\\\/www.meydan.tv\\\/az\\\/\",\"name\":\"MEYDAN.TV\",\"description\":\"Meydan TV Az\u0259rbaycan\u0131n media m\u0259kan\u0131ndak\u0131 alternativ s\u0259sidir\",\"publisher\":{\"@id\":\"https:\\\/\\\/www.meydan.tv\\\/az\\\/#organization\"},\"potentialAction\":[{\"@type\":\"SearchAction\",\"target\":{\"@type\":\"EntryPoint\",\"urlTemplate\":\"https:\\\/\\\/www.meydan.tv\\\/az\\\/?s={search_term_string}\"},\"query-input\":{\"@type\":\"PropertyValueSpecification\",\"valueRequired\":true,\"valueName\":\"search_term_string\"}}],\"inLanguage\":\"az\"},{\"@type\":\"Organization\",\"@id\":\"https:\\\/\\\/www.meydan.tv\\\/az\\\/#organization\",\"name\":\"Meydan TV\",\"url\":\"https:\\\/\\\/www.meydan.tv\\\/az\\\/\",\"logo\":{\"@type\":\"ImageObject\",\"inLanguage\":\"az\",\"@id\":\"https:\\\/\\\/www.meydan.tv\\\/az\\\/#\\\/schema\\\/logo\\\/image\\\/\",\"url\":\"https:\\\/\\\/www.meydan.tv\\\/wp-content\\\/uploads\\\/2021\\\/07\\\/meydan-logo.svg\",\"contentUrl\":\"https:\\\/\\\/www.meydan.tv\\\/wp-content\\\/uploads\\\/2021\\\/07\\\/meydan-logo.svg\",\"width\":195,\"height\":46,\"caption\":\"Meydan TV\"},\"image\":{\"@id\":\"https:\\\/\\\/www.meydan.tv\\\/az\\\/#\\\/schema\\\/logo\\\/image\\\/\"}},{\"@type\":\"Person\",\"@id\":\"https:\\\/\\\/www.meydan.tv\\\/az\\\/#\\\/schema\\\/person\\\/10d11eccf6da3662cf5fdab9806ea91a\",\"name\":\"user-manager\"}]}<\/script>\n<!-- \/ Yoast SEO plugin. -->","yoast_head_json":{"title":"''N\u0259inki d\u0259rmanlar\u0131 alma\u011fa pulum var, he\u00e7 20 q\u0259piyim d\u0259 yoxdur'' - MEYDAN.TV","robots":{"index":"index","follow":"follow","max-snippet":"max-snippet:-1","max-image-preview":"max-image-preview:large","max-video-preview":"max-video-preview:-1"},"canonical":"https:\/\/www.meydan.tv\/az\/article\/neinki-dermanlari-almaga-pulum-var-hec-20-qepiyim-de-yoxdur\/","og_locale":"az_AZ","og_type":"article","og_title":"''N\u0259inki d\u0259rmanlar\u0131 alma\u011fa pulum var, he\u00e7 20 q\u0259piyim d\u0259 yoxdur'' - MEYDAN.TV","og_description":"\u201cBayramd\u0131r, g\u0259l\u0259nl\u0259r d\u0259 tez gedib. Bir h\u0259ft\u0259 sonra \u0259laq\u0259 saxlay\u0131n\u201d.","og_url":"https:\/\/www.meydan.tv\/az\/article\/neinki-dermanlari-almaga-pulum-var-hec-20-qepiyim-de-yoxdur\/","og_site_name":"MEYDAN.TV","article_published_time":"2019-03-19T14:10:31+00:00","og_image":[{"width":2560,"height":1920,"url":"https:\/\/www.meydan.tv\/wp-content\/uploads\/image00009_9bgsl2l-scaled.jpeg","type":"image\/jpeg"}],"author":"user-manager","twitter_card":"summary_large_image","schema":{"@context":"https:\/\/schema.org","@graph":[{"@type":"Article","@id":"https:\/\/www.meydan.tv\/az\/article\/neinki-dermanlari-almaga-pulum-var-hec-20-qepiyim-de-yoxdur\/#article","isPartOf":{"@id":"https:\/\/www.meydan.tv\/az\/article\/neinki-dermanlari-almaga-pulum-var-hec-20-qepiyim-de-yoxdur\/"},"author":{"name":"user-manager","@id":"https:\/\/www.meydan.tv\/az\/#\/schema\/person\/10d11eccf6da3662cf5fdab9806ea91a"},"headline":"&#8221;N\u0259inki d\u0259rmanlar\u0131 alma\u011fa pulum var, he\u00e7 20 q\u0259piyim d\u0259 yoxdur&#8221;","datePublished":"2019-03-19T14:10:31+00:00","mainEntityOfPage":{"@id":"https:\/\/www.meydan.tv\/az\/article\/neinki-dermanlari-almaga-pulum-var-hec-20-qepiyim-de-yoxdur\/"},"wordCount":1138,"publisher":{"@id":"https:\/\/www.meydan.tv\/az\/#organization"},"image":{"@id":"https:\/\/www.meydan.tv\/az\/article\/neinki-dermanlari-almaga-pulum-var-hec-20-qepiyim-de-yoxdur\/#primaryimage"},"thumbnailUrl":"https:\/\/www.meydan.tv\/wp-content\/uploads\/image00009_9bgsl2l-scaled.jpeg","articleSection":["B\u00f6lg\u0259"],"inLanguage":"az"},{"@type":"WebPage","@id":"https:\/\/www.meydan.tv\/az\/article\/neinki-dermanlari-almaga-pulum-var-hec-20-qepiyim-de-yoxdur\/","url":"https:\/\/www.meydan.tv\/az\/article\/neinki-dermanlari-almaga-pulum-var-hec-20-qepiyim-de-yoxdur\/","name":"''N\u0259inki d\u0259rmanlar\u0131 alma\u011fa pulum var, he\u00e7 20 q\u0259piyim d\u0259 yoxdur'' - MEYDAN.TV","isPartOf":{"@id":"https:\/\/www.meydan.tv\/az\/#website"},"primaryImageOfPage":{"@id":"https:\/\/www.meydan.tv\/az\/article\/neinki-dermanlari-almaga-pulum-var-hec-20-qepiyim-de-yoxdur\/#primaryimage"},"image":{"@id":"https:\/\/www.meydan.tv\/az\/article\/neinki-dermanlari-almaga-pulum-var-hec-20-qepiyim-de-yoxdur\/#primaryimage"},"thumbnailUrl":"https:\/\/www.meydan.tv\/wp-content\/uploads\/image00009_9bgsl2l-scaled.jpeg","datePublished":"2019-03-19T14:10:31+00:00","breadcrumb":{"@id":"https:\/\/www.meydan.tv\/az\/article\/neinki-dermanlari-almaga-pulum-var-hec-20-qepiyim-de-yoxdur\/#breadcrumb"},"inLanguage":"az","potentialAction":[{"@type":"ReadAction","target":["https:\/\/www.meydan.tv\/az\/article\/neinki-dermanlari-almaga-pulum-var-hec-20-qepiyim-de-yoxdur\/"]}]},{"@type":"ImageObject","inLanguage":"az","@id":"https:\/\/www.meydan.tv\/az\/article\/neinki-dermanlari-almaga-pulum-var-hec-20-qepiyim-de-yoxdur\/#primaryimage","url":"https:\/\/www.meydan.tv\/wp-content\/uploads\/image00009_9bgsl2l-scaled.jpeg","contentUrl":"https:\/\/www.meydan.tv\/wp-content\/uploads\/image00009_9bgsl2l-scaled.jpeg","width":2560,"height":1920,"caption":"Source: meydan.tv"},{"@type":"BreadcrumbList","@id":"https:\/\/www.meydan.tv\/az\/article\/neinki-dermanlari-almaga-pulum-var-hec-20-qepiyim-de-yoxdur\/#breadcrumb","itemListElement":[{"@type":"ListItem","position":1,"name":"Ana s\u0259hif\u0259","item":"https:\/\/www.meydan.tv\/az\/"},{"@type":"ListItem","position":2,"name":"B\u00f6lg\u0259","item":"https:\/\/www.meydan.tv\/az\/section\/bolge\/"},{"@type":"ListItem","position":3,"name":"&#8221;N\u0259inki d\u0259rmanlar\u0131 alma\u011fa pulum var, he\u00e7 20 q\u0259piyim d\u0259 yoxdur&#8221;"}]},{"@type":"WebSite","@id":"https:\/\/www.meydan.tv\/az\/#website","url":"https:\/\/www.meydan.tv\/az\/","name":"MEYDAN.TV","description":"Meydan TV Az\u0259rbaycan\u0131n media m\u0259kan\u0131ndak\u0131 alternativ s\u0259sidir","publisher":{"@id":"https:\/\/www.meydan.tv\/az\/#organization"},"potentialAction":[{"@type":"SearchAction","target":{"@type":"EntryPoint","urlTemplate":"https:\/\/www.meydan.tv\/az\/?s={search_term_string}"},"query-input":{"@type":"PropertyValueSpecification","valueRequired":true,"valueName":"search_term_string"}}],"inLanguage":"az"},{"@type":"Organization","@id":"https:\/\/www.meydan.tv\/az\/#organization","name":"Meydan TV","url":"https:\/\/www.meydan.tv\/az\/","logo":{"@type":"ImageObject","inLanguage":"az","@id":"https:\/\/www.meydan.tv\/az\/#\/schema\/logo\/image\/","url":"https:\/\/www.meydan.tv\/wp-content\/uploads\/2021\/07\/meydan-logo.svg","contentUrl":"https:\/\/www.meydan.tv\/wp-content\/uploads\/2021\/07\/meydan-logo.svg","width":195,"height":46,"caption":"Meydan TV"},"image":{"@id":"https:\/\/www.meydan.tv\/az\/#\/schema\/logo\/image\/"}},{"@type":"Person","@id":"https:\/\/www.meydan.tv\/az\/#\/schema\/person\/10d11eccf6da3662cf5fdab9806ea91a","name":"user-manager"}]}},"_links":{"self":[{"href":"https:\/\/www.meydan.tv\/az\/wp-json\/wp\/v2\/posts\/194574","targetHints":{"allow":["GET"]}}],"collection":[{"href":"https:\/\/www.meydan.tv\/az\/wp-json\/wp\/v2\/posts"}],"about":[{"href":"https:\/\/www.meydan.tv\/az\/wp-json\/wp\/v2\/types\/post"}],"author":[{"embeddable":true,"href":"https:\/\/www.meydan.tv\/az\/wp-json\/wp\/v2\/users\/11"}],"replies":[{"embeddable":true,"href":"https:\/\/www.meydan.tv\/az\/wp-json\/wp\/v2\/comments?post=194574"}],"version-history":[{"count":0,"href":"https:\/\/www.meydan.tv\/az\/wp-json\/wp\/v2\/posts\/194574\/revisions"}],"wp:featuredmedia":[{"embeddable":true,"href":"https:\/\/www.meydan.tv\/az\/wp-json\/wp\/v2\/media\/120360"}],"wp:attachment":[{"href":"https:\/\/www.meydan.tv\/az\/wp-json\/wp\/v2\/media?parent=194574"}],"wp:term":[{"taxonomy":"category","embeddable":true,"href":"https:\/\/www.meydan.tv\/az\/wp-json\/wp\/v2\/categories?post=194574"},{"taxonomy":"post_tag","embeddable":true,"href":"https:\/\/www.meydan.tv\/az\/wp-json\/wp\/v2\/tags?post=194574"}],"curies":[{"name":"wp","href":"https:\/\/api.w.org\/{rel}","templated":true}]}}