{"id":194546,"date":"2019-03-18T08:37:33","date_gmt":"2019-03-18T08:37:33","guid":{"rendered":"https:\/\/www.meydan.tv\/article\/biz-3-yasli-qadin-az-qaliriq-acindan-olek\/"},"modified":"2019-03-18T08:37:33","modified_gmt":"2019-03-18T08:37:33","slug":"biz-3-yasli-qadin-az-qaliriq-acindan-olek","status":"publish","type":"post","link":"https:\/\/www.meydan.tv\/az\/article\/biz-3-yasli-qadin-az-qaliriq-acindan-olek\/","title":{"rendered":"&#8221;Biz, 3 ya\u015fl\u0131 qad\u0131n az qal\u0131r\u0131q ac\u0131ndan \u00f6l\u0259k&#8221;"},"content":{"rendered":"<p>\n  Ucar sakinl\u0259ri ayda c\u0259mi 130 manatla dolanmaq m\u0259cburiyy\u0259tind\u0259 qald\u0131qlar\u0131n\u0131 deyirl\u0259r\n<\/p>\n<p>\n  \u201cDolana bilmirik. He\u00e7 bir yerd\u0259n g\u0259lirimiz yoxdur. \u00dc\u00e7 bac\u0131y\u0131q, ail\u0259 qurmam\u0131\u015f\u0131q. Atam\u0131z\u0131n evind\u0259 ya\u015fay\u0131r\u0131q. Bir bac\u0131m\u0131n ayaqlar\u0131 tutulub. Onun ald\u0131\u011f\u0131 130 manat pensiyadan savay\u0131, bu ev\u0259 bir q\u0259pik girmir. \u00c7\u0259tindir\u2026\u201d\n<\/p>\n<p>\n  Ucar\u0131n Ba\u011fman k\u0259ndinin sakini, 60 ya\u015fl\u0131 R\u0259fiq\u0259 Novruzova bel\u0259 deyir. O, iki bac\u0131s\u0131 il\u0259 birg\u0259 ya\u015fay\u0131r. Qanunvericiliy\u0259 edil\u0259n d\u0259yi\u015fiklikl\u0259 pensiya ya\u015f\u0131n\u0131n art\u0131r\u0131lmas\u0131n\u0131n \u0259n \u00e7ox onlara t\u0259sir etdiyini s\u00f6yl\u0259y\u0259n R.Novruzova \u00e7\u0259tinlikl\u0259 doland\u0131qlar\u0131n\u0131 deyir.\n<\/p>\n<p>\n  \u201cG\u00fcn\u00fc-g\u00fcnd\u0259n pensiya ya\u015f\u0131 art\u0131r\u0131ld\u0131. \u018fvv\u0259lki vaxt olsayd\u0131, \u00e7oxdan al\u0131rd\u0131m. Pensiya ya\u015f\u0131m\u0131z \u00e7atanad\u0259k ac\u0131ndan \u00f6lm\u0259s\u0259k, yax\u015f\u0131d\u0131r. Bir n\u0259f\u0259rin \u0259lillik pensiyas\u0131 il\u0259 3 n\u0259f\u0259r nec\u0259 dolans\u0131n? Ya\u015f\u0131m\u0131z da az deyil, x\u0259st\u0259lik, \u00e7\u0259tinlik i\u00e7ind\u0259yik\u201d.\n<\/p>\n<figure class=\"wp-block-image size-large\">\n  <img decoding=\"async\" src=\"https:\/\/www.meydan.tv\/az\/image00004-jpeg-3\/\" alt=\"image00004.jpeg\" class=\"wp-image-120225\"\/><figcaption>\n    X\u0259dic\u0259 Novruzova<br \/>\n  <\/figcaption><\/figure>\n<p>\n  Bac\u0131lardan X\u0259dic\u0259 Novruzova deyir ki, he\u00e7 \u00f6z\u00fc d\u0259 bilmir aya\u011f\u0131n\u0131n d\u0259rdini. El\u0259 bir ay\u0131n i\u00e7ind\u0259 yerim\u0259 qabiliyy\u0259tini itirib. Azm\u0131\u015f kimi qolunu da yax\u015f\u0131 t\u0259rp\u0259d\u0259 bilmir. O, d\u00f6vl\u0259td\u0259n ald\u0131\u011f\u0131 130 manatl\u0131q t\u0259qa\u00fcd\u00fc m\u00fcalic\u0259sin\u0259 \u00e7atd\u0131ra bilmir, qald\u0131, h\u0259min pulla 3 n\u0259f\u0259r dolanma\u011fa \u00e7al\u0131\u015f\u0131r:\n<\/p>\n<p>\n  \u201cBunun kommunal x\u0259rcl\u0259ri, iyn\u0259si, d\u0259rman\u0131 var. Bir d\u0259 ac\u0131ndan \u00f6l\u0259si deyilik ki, bazarl\u0131\u011fa da x\u0259rcl\u0259nir. \u0130nan\u0131n, bu aydan dig\u0259rin\u0259 s\u00fcr\u00fcn\u0259-s\u00fcr\u00fcn\u0259 ke\u00e7irik. M\u0259nim ayaqlar\u0131m tutulub, bac\u0131lar\u0131m da ya\u015fl\u0131 adamlard\u0131r. \u018fkin, bi\u00e7in, t\u0259s\u0259rr\u00fcfatla m\u0259\u015f\u011ful olmaq da m\u00fcmk\u00fcn deyil. Birinin 60, dig\u0259rinin 56 ya\u015f\u0131 var. M\u0259nim ya\u015f\u0131m da 52-dir. Bizim indi d\u00f6vl\u0259td\u0259n pensiya al\u0131b, onunla \u00f6z\u00fcm\u00fcz\u00fc doland\u0131rmaq vaxt\u0131m\u0131zd\u0131r. Ancaq pensiya ya\u015f\u0131n\u0131 o q\u0259d\u0259r art\u0131rd\u0131lar ki, bu g\u00fcn biz, 3 ya\u015fl\u0131 qad\u0131n az qal\u0131r\u0131q ac\u0131ndan \u00f6l\u0259k\u201d.\n<\/p>\n<figure class=\"wp-block-image size-large\">\n  <img decoding=\"async\" src=\"https:\/\/www.meydan.tv\/az\/image00002-jpeg-5\/\" alt=\"image00002.jpeg\" class=\"wp-image-120228\"\/><figcaption>\n    Bac\u0131lar\u0131n evi<br \/>\n  <\/figcaption><\/figure>\n<p>\n  X.Novruzova deyir ki, sabah ba\u015flar\u0131na n\u0259 g\u0259l\u0259c\u0259yini bilmirl\u0259r. Art\u0131q he\u00e7 n\u0259y\u0259 \u00fcmidl\u0259ri qalmay\u0131b:\n<\/p>\n<p>\n  \u201cAyaqlar\u0131m tutulub, yava\u015f-yava\u015f qollar\u0131m da tutulur. Yaz\u0131q bac\u0131m bax\u0131r m\u0259n\u0259. He\u00e7 olmazsa, ona ayda bax\u0131c\u0131l\u0131\u011f\u0131na g\u00f6r\u0259 m\u00fc\u0259yy\u0259n m\u0259bl\u0259\u011f \u00f6d\u0259nsin. Ya da n\u0259 bilim, \u00fcnvanl\u0131 sosial yard\u0131m k\u0259silsin. Vallah, \u00e7\u0259tindir, ya\u015famaq olmur. Heyvan saxlaya, \u0259kin \u0259k\u0259 bilmirik, ya\u015fl\u0131 adamlar\u0131q. H\u0259y\u0259td\u0259 bir-iki a\u011fac var. Onlar\u0131 da g\u00fcc-b\u0259la il\u0259 suvara bilirik. Bayramlarda s\u00fcfr\u0259mizd\u0259 n\u0259s\u0259 olsun dey\u0259 bir-iki toyuq-c\u00fcc\u0259 saxlay\u0131r\u0131q. Ald\u0131\u011f\u0131m da 130 manatd\u0131r. Onu da iyn\u0259-d\u0259rman\u0131ma g\u00fccl\u0259 \u00e7atd\u0131r\u0131ram. 5-10 manat da art\u0131r\u0131b, \u0259rza\u011fa verir\u0259m. Bax\u0131n, geyim ala bilmirik, bir yer\u0259 \u00e7\u0131xa bilmirik, \u00e7\u0259tinlikl\u0259 ya\u015fay\u0131r\u0131q\u201d.\n<\/p>\n<figure class=\"wp-block-image size-large\">\n  <img decoding=\"async\" src=\"https:\/\/www.meydan.tv\/az\/image00009-jpeg-5\/\" alt=\"image00009.jpeg\" class=\"wp-image-120231\"\/><figcaption>\n    Fatma Novruzova v\u0259  R\u0259fiq\u0259 Novruzova<br \/>\n  <\/figcaption><\/figure>\n<p>\n  Fatma Novruzovan\u0131n is\u0259 56 ya\u015f\u0131 var. O, b\u00fct\u00fcn g\u00fcn\u00fc \u0259lilliyi olan bac\u0131s\u0131n\u0131n qullu\u011funda durur. Deyir, bir bac\u0131s\u0131 da qon\u015fu \u015eilyan k\u0259ndind\u0259 \u0259rd\u0259dir. Onlara ayda 1-2 d\u0259f\u0259 g\u0259lib d\u0259yir. \u00c7ox g\u0259l\u0259 bilmir. \u00c7\u00fcnki \u0259lilliyi olan q\u0131z\u0131 var:\n<\/p>\n<p>\n  \u201c\u00c7\u0259tinlikl\u0259, birt\u0259h\u0259r dolan\u0131r\u0131q. Ya\u015f \u00e7oxdur dey\u0259 gedib xadim\u0259lik etm\u0259k d\u0259 m\u00fcmk\u00fcn deyil. Ham\u0131m\u0131z\u0131n m\u00fcxt\u0259lif x\u0259st\u0259likl\u0259ri var. H\u0259m d\u0259 k\u0259ndimiz m\u0259rk\u0259zd\u0259n d\u0259 uzaqd\u0131r, yollar\u0131 b\u0259rbadd\u0131r. Dey\u0259k i\u015f tapd\u0131q. El\u0259 ald\u0131\u011f\u0131m\u0131z pul da yollarda x\u0259rcl\u0259nib ged\u0259c\u0259k. H\u0259m d\u0259 bac\u0131m\u0131 qoyub \u00e7\u0131xa da bilmir\u0259m. Nolar, d\u00f6vl\u0259t bu dedikl\u0259rimizi g\u00f6rs\u00fcn, biz\u0259 bir k\u00f6m\u0259k etsin. Bac\u0131m\u0131n dizinin a\u011fr\u0131lar\u0131n\u0131n k\u0259sm\u0259si \u00fc\u00e7\u00fcn iki iyn\u0259 laz\u0131m idi. Qiym\u0259ti 260 manat tutdu. Bu, onun 2 ayl\u0131q t\u0259qa\u00fcd\u00fcd\u00fcr. \u0130ndi deyirl\u0259r, ild\u0259 1-2 d\u0259f\u0259 vurulmal\u0131d\u0131r. Biz o iyn\u0259l\u0259ri vurdura bilm\u0259k \u00fc\u00e7\u00fcn bir ay ac qald\u0131q, inan\u0131n\u201d.\n<\/p>\n<p>\n  F.Novruzova deyir ki, d\u00f6vl\u0259td\u0259n \u00e7ox \u015fey ist\u0259mir. El\u0259 onlara ya \u00fcnvanl\u0131 sosial yard\u0131m, ya da pensiya k\u0259silsin:\n<\/p>\n<p>\n  \u201cBir tik\u0259 \u00e7\u00f6r\u0259k \u00fc\u00e7\u00fcn he\u00e7 kimin \u00fcst\u00fcn\u0259 getm\u0259y\u0259k. Bir d\u0259f\u0259 sosiala m\u00fcraci\u0259t etmi\u015fik. G\u0259lib yoxlamad\u0131lar, etm\u0259dil\u0259r. El\u0259c\u0259 dedil\u0259r ki, siz\u0259 d\u00fc\u015fm\u00fcr\u201d.\n<\/p>\n<figure class=\"wp-block-image size-large\">\n  <img decoding=\"async\" src=\"https:\/\/www.meydan.tv\/az\/image00003-jpeg-2\/\" alt=\"image00003.jpeg\" class=\"wp-image-120237\"\/><figcaption>\n    ev<br \/>\n  <\/figcaption><\/figure>\n<p>\n  Ucar Rayon \u0130cra Hakimiyy\u0259tind\u0259n Novruzova bac\u0131lar\u0131n\u0131n probleml\u0259rinin onlara aid olmad\u0131\u011f\u0131n\u0131 s\u00f6yl\u0259yibl\u0259r:\n<\/p>\n<p>\n  \u201cBiz n\u0259 ed\u0259 bil\u0259rik? H\u00f6kum\u0259t pensiya ya\u015f\u0131n\u0131 art\u0131r\u0131b. Bunu biz etm\u0259mi\u015fik. Sosial v\u0259ziyy\u0259tl\u0259ri \u00e7ox a\u011f\u0131rd\u0131rsa, \u00fcnvanl\u0131 sosial yard\u0131ma m\u00fcraci\u0259t ed\u0259 bil\u0259rl\u0259r. Onu da biz t\u0259yin etmirik\u201d.\n<\/p>\n<p>\n  D\u00f6vl\u0259t Sosial M\u00fcdafi\u0259 Fondunun Ucar \u015e\u00f6b\u0259sind\u0259n is\u0259 bildiribl\u0259r ki, ail\u0259 onlara elektron qaydada m\u00fcraci\u0259t etm\u0259lidir:\n<\/p>\n<p>\n  \u201cM\u00fcraci\u0259t\u0259 bax\u0131l\u0131r, \u0259g\u0259r h\u0259qiq\u0259t\u0259n \u015f\u0259rtl\u0259r\u0259 uy\u011fundurlarsa, onlara sosial yard\u0131m k\u0259silir\u201d.\n<\/p>\n<p>\n  2017-ci ild\u0259 Az\u0259rbaycan qanunvericiliyin\u0259 edil\u0259n d\u0259yi\u015fiklikl\u0259 pensiyaya \u00e7\u0131xmaq h\u0259ddi 65 ya\u015f m\u00fc\u0259yy\u0259n edildi.\n<\/p>\n<p>\n  Bu ya\u015f h\u0259ddi \u0259vv\u0259ll\u0259r qad\u0131nlarda 60, ki\u015fil\u0259rd\u0259 is\u0259 63 idi.\n<\/p>\n<figure class=\"wp-block-image size-large\">\n  <img decoding=\"async\" src=\"https:\/\/www.meydan.tv\/az\/image00006-jpeg-5\/\" alt=\"image00006.jpeg\" class=\"wp-image-120234\"\/><figcaption>\n    Fatma Novruzova v\u0259 X\u0259dic\u0259 Novruzova<br \/>\n  <\/figcaption><\/figure>\n<p>\n  Lakin bu m\u00fcdd\u0259t m\u0259rh\u0259l\u0259li \u015f\u0259kild\u0259 uzad\u0131l\u0131r. Pensiyaya \u00e7\u0131xmaq ya\u015f\u0131 ki\u015fil\u0259rd\u0259 2017-ci il yanvar\u0131n 1-d\u0259n ba\u015flayaraq 2021-ci il yanvar\u0131n 1-d\u0259k, qad\u0131nlarda is\u0259 2017-ci il yanvar\u0131n 1-d\u0259n 2027-ci il yanvar\u0131n 1-d\u0259k h\u0259r il 6 ay art\u0131r\u0131l\u0131r.\n<\/p>\n<p>\n  \u0130qtisad\u00e7\u0131 Nem\u0259t \u018fliyev deyir ki, pensiya ya\u015f\u0131n\u0131n art\u0131r\u0131lmas\u0131 h\u00f6kum\u0259t\u0259 xeyir g\u0259tirib. Ancaq sad\u0259 insanlar \u00fc\u00e7\u00fcn eynisini dem\u0259k olmaz. M\u0259s\u0259l\u0259n, t\u0259kc\u0259 birc\u0259 ild\u0259, y\u0259ni 2018-ci ild\u0259 pensiya\u00e7\u0131lar\u0131n say\u0131 20.9 min n\u0259f\u0259r azalaraq 1 milyon 320.4 mind\u0259n 1 milyon 299.5 min\u0259 d\u00fc\u015f\u00fcb.\n<\/p>\n<figure class=\"wp-block-image size-large\">\n  <img decoding=\"async\" src=\"https:\/\/www.meydan.tv\/az\/image00001-jpeg-3\/\" alt=\"image00001.jpeg\" class=\"wp-image-120243\"\/><figcaption>\n    R\u0259fiq\u0259 Novruzova<br \/>\n  <\/figcaption><\/figure>\n<p>\n  \u201cOrta ayl\u0131q pensiya m\u0259bl\u0259\u011finin 222.6 manat olmas\u0131n\u0131 n\u0259z\u0259r\u0259 al\u0131b sad\u0259 hesablama ets\u0259k, m\u0259lum olur ki, h\u00f6kum\u0259t pensiya\u00e7\u0131lar\u0131n hesab\u0131na bir aya t\u0259qrib\u0259n 4.6 milyon manat, bir il\u0259 56 milyon manata yax\u0131n ir\u0259li d\u00fc\u015f\u00fcb\u201d, &#8211; dey\u0259 iqtisad\u00e7\u0131 vur\u011fulay\u0131b.\n<\/p>\n<p>\n  M\u00fcxalif v\u0259 m\u00fcst\u0259qil iqtisad\u00e7\u0131lar Az\u0259rbaycanda pensiya ya\u015f\u0131n\u0131n art\u0131r\u0131lmas\u0131 il\u0259 ba\u011fl\u0131 h\u00f6kum\u0259ti daim t\u0259nqid edirl\u0259r. R\u0259smil\u0259r is\u0259 bel\u0259 t\u0259nqidl\u0259ri d\u00fczg\u00fcn saymayaraq, bunu islahatlar\u0131n t\u0259rkibi adland\u0131r\u0131rlar.<\/p>\n","protected":false},"excerpt":{"rendered":"<p>Pensiyaya \u00e7\u0131xmaq ya\u015f\u0131 ki\u015fil\u0259rd\u0259 2017-ci il yanvar\u0131n 1-d\u0259n ba\u015flayaraq 2021-ci il yanvar\u0131n 1-d\u0259k, qad\u0131nlarda is\u0259 2017-ci il yanvar\u0131n 1-d\u0259n 2027-ci il yanvar\u0131n 1-d\u0259k h\u0259r il 6 ay art\u0131r\u0131l\u0131r<\/p>\n","protected":false},"author":11,"featured_media":120222,"comment_status":"closed","ping_status":"open","sticky":false,"template":"","format":"standard","meta":{"_acf_changed":false,"_sitemap_exclude":false,"_sitemap_priority":"","_sitemap_frequency":"","footnotes":""},"categories":[60],"tags":[],"class_list":["post-194546","post","type-post","status-publish","format-standard","has-post-thumbnail","hentry","category-bolge","infinite-scroll-item","generate-columns","tablet-grid-50","mobile-grid-100","grid-parent","grid-33","no-featured-image-padding"],"acf":[],"yoast_head":"<!-- This site is optimized with the Yoast SEO plugin v27.4 - https:\/\/yoast.com\/product\/yoast-seo-wordpress\/ -->\n<title>&#039;&#039;Biz, 3 ya\u015fl\u0131 qad\u0131n az qal\u0131r\u0131q ac\u0131ndan \u00f6l\u0259k&#039;&#039; - MEYDAN.TV<\/title>\n<meta name=\"robots\" content=\"index, follow, max-snippet:-1, max-image-preview:large, max-video-preview:-1\" \/>\n<link rel=\"canonical\" href=\"https:\/\/www.meydan.tv\/az\/article\/biz-3-yasli-qadin-az-qaliriq-acindan-olek\/\" \/>\n<meta property=\"og:locale\" content=\"az_AZ\" \/>\n<meta property=\"og:type\" content=\"article\" \/>\n<meta property=\"og:title\" content=\"&#039;&#039;Biz, 3 ya\u015fl\u0131 qad\u0131n az qal\u0131r\u0131q ac\u0131ndan \u00f6l\u0259k&#039;&#039; - MEYDAN.TV\" \/>\n<meta property=\"og:description\" content=\"Pensiyaya \u00e7\u0131xmaq ya\u015f\u0131 ki\u015fil\u0259rd\u0259 2017-ci il yanvar\u0131n 1-d\u0259n ba\u015flayaraq 2021-ci il yanvar\u0131n 1-d\u0259k, qad\u0131nlarda is\u0259 2017-ci il yanvar\u0131n 1-d\u0259n 2027-ci il yanvar\u0131n 1-d\u0259k h\u0259r il 6 ay art\u0131r\u0131l\u0131r\" \/>\n<meta property=\"og:url\" content=\"https:\/\/www.meydan.tv\/az\/article\/biz-3-yasli-qadin-az-qaliriq-acindan-olek\/\" \/>\n<meta property=\"og:site_name\" content=\"MEYDAN.TV\" \/>\n<meta property=\"article:published_time\" content=\"2019-03-18T08:37:33+00:00\" \/>\n<meta property=\"og:image\" content=\"https:\/\/www.meydan.tv\/wp-content\/uploads\/image00007_gshncss-scaled.jpeg\" \/>\n\t<meta property=\"og:image:width\" content=\"2560\" \/>\n\t<meta property=\"og:image:height\" content=\"1920\" \/>\n\t<meta property=\"og:image:type\" content=\"image\/jpeg\" \/>\n<meta name=\"author\" content=\"user-manager\" \/>\n<meta name=\"twitter:card\" content=\"summary_large_image\" \/>\n<script type=\"application\/ld+json\" class=\"yoast-schema-graph\">{\"@context\":\"https:\\\/\\\/schema.org\",\"@graph\":[{\"@type\":\"Article\",\"@id\":\"https:\\\/\\\/www.meydan.tv\\\/az\\\/article\\\/biz-3-yasli-qadin-az-qaliriq-acindan-olek\\\/#article\",\"isPartOf\":{\"@id\":\"https:\\\/\\\/www.meydan.tv\\\/az\\\/article\\\/biz-3-yasli-qadin-az-qaliriq-acindan-olek\\\/\"},\"author\":{\"name\":\"user-manager\",\"@id\":\"https:\\\/\\\/www.meydan.tv\\\/az\\\/#\\\/schema\\\/person\\\/10d11eccf6da3662cf5fdab9806ea91a\"},\"headline\":\"&#8221;Biz, 3 ya\u015fl\u0131 qad\u0131n az qal\u0131r\u0131q ac\u0131ndan \u00f6l\u0259k&#8221;\",\"datePublished\":\"2019-03-18T08:37:33+00:00\",\"mainEntityOfPage\":{\"@id\":\"https:\\\/\\\/www.meydan.tv\\\/az\\\/article\\\/biz-3-yasli-qadin-az-qaliriq-acindan-olek\\\/\"},\"wordCount\":1164,\"publisher\":{\"@id\":\"https:\\\/\\\/www.meydan.tv\\\/az\\\/#organization\"},\"image\":{\"@id\":\"https:\\\/\\\/www.meydan.tv\\\/az\\\/article\\\/biz-3-yasli-qadin-az-qaliriq-acindan-olek\\\/#primaryimage\"},\"thumbnailUrl\":\"https:\\\/\\\/www.meydan.tv\\\/wp-content\\\/uploads\\\/image00007_gshncss-scaled.jpeg\",\"articleSection\":[\"B\u00f6lg\u0259\"],\"inLanguage\":\"az\"},{\"@type\":\"WebPage\",\"@id\":\"https:\\\/\\\/www.meydan.tv\\\/az\\\/article\\\/biz-3-yasli-qadin-az-qaliriq-acindan-olek\\\/\",\"url\":\"https:\\\/\\\/www.meydan.tv\\\/az\\\/article\\\/biz-3-yasli-qadin-az-qaliriq-acindan-olek\\\/\",\"name\":\"''Biz, 3 ya\u015fl\u0131 qad\u0131n az qal\u0131r\u0131q ac\u0131ndan \u00f6l\u0259k'' - MEYDAN.TV\",\"isPartOf\":{\"@id\":\"https:\\\/\\\/www.meydan.tv\\\/az\\\/#website\"},\"primaryImageOfPage\":{\"@id\":\"https:\\\/\\\/www.meydan.tv\\\/az\\\/article\\\/biz-3-yasli-qadin-az-qaliriq-acindan-olek\\\/#primaryimage\"},\"image\":{\"@id\":\"https:\\\/\\\/www.meydan.tv\\\/az\\\/article\\\/biz-3-yasli-qadin-az-qaliriq-acindan-olek\\\/#primaryimage\"},\"thumbnailUrl\":\"https:\\\/\\\/www.meydan.tv\\\/wp-content\\\/uploads\\\/image00007_gshncss-scaled.jpeg\",\"datePublished\":\"2019-03-18T08:37:33+00:00\",\"breadcrumb\":{\"@id\":\"https:\\\/\\\/www.meydan.tv\\\/az\\\/article\\\/biz-3-yasli-qadin-az-qaliriq-acindan-olek\\\/#breadcrumb\"},\"inLanguage\":\"az\",\"potentialAction\":[{\"@type\":\"ReadAction\",\"target\":[\"https:\\\/\\\/www.meydan.tv\\\/az\\\/article\\\/biz-3-yasli-qadin-az-qaliriq-acindan-olek\\\/\"]}]},{\"@type\":\"ImageObject\",\"inLanguage\":\"az\",\"@id\":\"https:\\\/\\\/www.meydan.tv\\\/az\\\/article\\\/biz-3-yasli-qadin-az-qaliriq-acindan-olek\\\/#primaryimage\",\"url\":\"https:\\\/\\\/www.meydan.tv\\\/wp-content\\\/uploads\\\/image00007_gshncss-scaled.jpeg\",\"contentUrl\":\"https:\\\/\\\/www.meydan.tv\\\/wp-content\\\/uploads\\\/image00007_gshncss-scaled.jpeg\",\"width\":2560,\"height\":1920,\"caption\":\"Source: meydan.tv\"},{\"@type\":\"BreadcrumbList\",\"@id\":\"https:\\\/\\\/www.meydan.tv\\\/az\\\/article\\\/biz-3-yasli-qadin-az-qaliriq-acindan-olek\\\/#breadcrumb\",\"itemListElement\":[{\"@type\":\"ListItem\",\"position\":1,\"name\":\"Ana s\u0259hif\u0259\",\"item\":\"https:\\\/\\\/www.meydan.tv\\\/az\\\/\"},{\"@type\":\"ListItem\",\"position\":2,\"name\":\"B\u00f6lg\u0259\",\"item\":\"https:\\\/\\\/www.meydan.tv\\\/az\\\/section\\\/bolge\\\/\"},{\"@type\":\"ListItem\",\"position\":3,\"name\":\"&#8221;Biz, 3 ya\u015fl\u0131 qad\u0131n az qal\u0131r\u0131q ac\u0131ndan \u00f6l\u0259k&#8221;\"}]},{\"@type\":\"WebSite\",\"@id\":\"https:\\\/\\\/www.meydan.tv\\\/az\\\/#website\",\"url\":\"https:\\\/\\\/www.meydan.tv\\\/az\\\/\",\"name\":\"MEYDAN.TV\",\"description\":\"Meydan TV Az\u0259rbaycan\u0131n media m\u0259kan\u0131ndak\u0131 alternativ s\u0259sidir\",\"publisher\":{\"@id\":\"https:\\\/\\\/www.meydan.tv\\\/az\\\/#organization\"},\"potentialAction\":[{\"@type\":\"SearchAction\",\"target\":{\"@type\":\"EntryPoint\",\"urlTemplate\":\"https:\\\/\\\/www.meydan.tv\\\/az\\\/?s={search_term_string}\"},\"query-input\":{\"@type\":\"PropertyValueSpecification\",\"valueRequired\":true,\"valueName\":\"search_term_string\"}}],\"inLanguage\":\"az\"},{\"@type\":\"Organization\",\"@id\":\"https:\\\/\\\/www.meydan.tv\\\/az\\\/#organization\",\"name\":\"Meydan TV\",\"url\":\"https:\\\/\\\/www.meydan.tv\\\/az\\\/\",\"logo\":{\"@type\":\"ImageObject\",\"inLanguage\":\"az\",\"@id\":\"https:\\\/\\\/www.meydan.tv\\\/az\\\/#\\\/schema\\\/logo\\\/image\\\/\",\"url\":\"https:\\\/\\\/www.meydan.tv\\\/wp-content\\\/uploads\\\/2021\\\/07\\\/meydan-logo.svg\",\"contentUrl\":\"https:\\\/\\\/www.meydan.tv\\\/wp-content\\\/uploads\\\/2021\\\/07\\\/meydan-logo.svg\",\"width\":195,\"height\":46,\"caption\":\"Meydan TV\"},\"image\":{\"@id\":\"https:\\\/\\\/www.meydan.tv\\\/az\\\/#\\\/schema\\\/logo\\\/image\\\/\"}},{\"@type\":\"Person\",\"@id\":\"https:\\\/\\\/www.meydan.tv\\\/az\\\/#\\\/schema\\\/person\\\/10d11eccf6da3662cf5fdab9806ea91a\",\"name\":\"user-manager\"}]}<\/script>\n<!-- \/ Yoast SEO plugin. -->","yoast_head_json":{"title":"''Biz, 3 ya\u015fl\u0131 qad\u0131n az qal\u0131r\u0131q ac\u0131ndan \u00f6l\u0259k'' - MEYDAN.TV","robots":{"index":"index","follow":"follow","max-snippet":"max-snippet:-1","max-image-preview":"max-image-preview:large","max-video-preview":"max-video-preview:-1"},"canonical":"https:\/\/www.meydan.tv\/az\/article\/biz-3-yasli-qadin-az-qaliriq-acindan-olek\/","og_locale":"az_AZ","og_type":"article","og_title":"''Biz, 3 ya\u015fl\u0131 qad\u0131n az qal\u0131r\u0131q ac\u0131ndan \u00f6l\u0259k'' - MEYDAN.TV","og_description":"Pensiyaya \u00e7\u0131xmaq ya\u015f\u0131 ki\u015fil\u0259rd\u0259 2017-ci il yanvar\u0131n 1-d\u0259n ba\u015flayaraq 2021-ci il yanvar\u0131n 1-d\u0259k, qad\u0131nlarda is\u0259 2017-ci il yanvar\u0131n 1-d\u0259n 2027-ci il yanvar\u0131n 1-d\u0259k h\u0259r il 6 ay art\u0131r\u0131l\u0131r","og_url":"https:\/\/www.meydan.tv\/az\/article\/biz-3-yasli-qadin-az-qaliriq-acindan-olek\/","og_site_name":"MEYDAN.TV","article_published_time":"2019-03-18T08:37:33+00:00","og_image":[{"width":2560,"height":1920,"url":"https:\/\/www.meydan.tv\/wp-content\/uploads\/image00007_gshncss-scaled.jpeg","type":"image\/jpeg"}],"author":"user-manager","twitter_card":"summary_large_image","schema":{"@context":"https:\/\/schema.org","@graph":[{"@type":"Article","@id":"https:\/\/www.meydan.tv\/az\/article\/biz-3-yasli-qadin-az-qaliriq-acindan-olek\/#article","isPartOf":{"@id":"https:\/\/www.meydan.tv\/az\/article\/biz-3-yasli-qadin-az-qaliriq-acindan-olek\/"},"author":{"name":"user-manager","@id":"https:\/\/www.meydan.tv\/az\/#\/schema\/person\/10d11eccf6da3662cf5fdab9806ea91a"},"headline":"&#8221;Biz, 3 ya\u015fl\u0131 qad\u0131n az qal\u0131r\u0131q ac\u0131ndan \u00f6l\u0259k&#8221;","datePublished":"2019-03-18T08:37:33+00:00","mainEntityOfPage":{"@id":"https:\/\/www.meydan.tv\/az\/article\/biz-3-yasli-qadin-az-qaliriq-acindan-olek\/"},"wordCount":1164,"publisher":{"@id":"https:\/\/www.meydan.tv\/az\/#organization"},"image":{"@id":"https:\/\/www.meydan.tv\/az\/article\/biz-3-yasli-qadin-az-qaliriq-acindan-olek\/#primaryimage"},"thumbnailUrl":"https:\/\/www.meydan.tv\/wp-content\/uploads\/image00007_gshncss-scaled.jpeg","articleSection":["B\u00f6lg\u0259"],"inLanguage":"az"},{"@type":"WebPage","@id":"https:\/\/www.meydan.tv\/az\/article\/biz-3-yasli-qadin-az-qaliriq-acindan-olek\/","url":"https:\/\/www.meydan.tv\/az\/article\/biz-3-yasli-qadin-az-qaliriq-acindan-olek\/","name":"''Biz, 3 ya\u015fl\u0131 qad\u0131n az qal\u0131r\u0131q ac\u0131ndan \u00f6l\u0259k'' - MEYDAN.TV","isPartOf":{"@id":"https:\/\/www.meydan.tv\/az\/#website"},"primaryImageOfPage":{"@id":"https:\/\/www.meydan.tv\/az\/article\/biz-3-yasli-qadin-az-qaliriq-acindan-olek\/#primaryimage"},"image":{"@id":"https:\/\/www.meydan.tv\/az\/article\/biz-3-yasli-qadin-az-qaliriq-acindan-olek\/#primaryimage"},"thumbnailUrl":"https:\/\/www.meydan.tv\/wp-content\/uploads\/image00007_gshncss-scaled.jpeg","datePublished":"2019-03-18T08:37:33+00:00","breadcrumb":{"@id":"https:\/\/www.meydan.tv\/az\/article\/biz-3-yasli-qadin-az-qaliriq-acindan-olek\/#breadcrumb"},"inLanguage":"az","potentialAction":[{"@type":"ReadAction","target":["https:\/\/www.meydan.tv\/az\/article\/biz-3-yasli-qadin-az-qaliriq-acindan-olek\/"]}]},{"@type":"ImageObject","inLanguage":"az","@id":"https:\/\/www.meydan.tv\/az\/article\/biz-3-yasli-qadin-az-qaliriq-acindan-olek\/#primaryimage","url":"https:\/\/www.meydan.tv\/wp-content\/uploads\/image00007_gshncss-scaled.jpeg","contentUrl":"https:\/\/www.meydan.tv\/wp-content\/uploads\/image00007_gshncss-scaled.jpeg","width":2560,"height":1920,"caption":"Source: meydan.tv"},{"@type":"BreadcrumbList","@id":"https:\/\/www.meydan.tv\/az\/article\/biz-3-yasli-qadin-az-qaliriq-acindan-olek\/#breadcrumb","itemListElement":[{"@type":"ListItem","position":1,"name":"Ana s\u0259hif\u0259","item":"https:\/\/www.meydan.tv\/az\/"},{"@type":"ListItem","position":2,"name":"B\u00f6lg\u0259","item":"https:\/\/www.meydan.tv\/az\/section\/bolge\/"},{"@type":"ListItem","position":3,"name":"&#8221;Biz, 3 ya\u015fl\u0131 qad\u0131n az qal\u0131r\u0131q ac\u0131ndan \u00f6l\u0259k&#8221;"}]},{"@type":"WebSite","@id":"https:\/\/www.meydan.tv\/az\/#website","url":"https:\/\/www.meydan.tv\/az\/","name":"MEYDAN.TV","description":"Meydan TV Az\u0259rbaycan\u0131n media m\u0259kan\u0131ndak\u0131 alternativ s\u0259sidir","publisher":{"@id":"https:\/\/www.meydan.tv\/az\/#organization"},"potentialAction":[{"@type":"SearchAction","target":{"@type":"EntryPoint","urlTemplate":"https:\/\/www.meydan.tv\/az\/?s={search_term_string}"},"query-input":{"@type":"PropertyValueSpecification","valueRequired":true,"valueName":"search_term_string"}}],"inLanguage":"az"},{"@type":"Organization","@id":"https:\/\/www.meydan.tv\/az\/#organization","name":"Meydan TV","url":"https:\/\/www.meydan.tv\/az\/","logo":{"@type":"ImageObject","inLanguage":"az","@id":"https:\/\/www.meydan.tv\/az\/#\/schema\/logo\/image\/","url":"https:\/\/www.meydan.tv\/wp-content\/uploads\/2021\/07\/meydan-logo.svg","contentUrl":"https:\/\/www.meydan.tv\/wp-content\/uploads\/2021\/07\/meydan-logo.svg","width":195,"height":46,"caption":"Meydan TV"},"image":{"@id":"https:\/\/www.meydan.tv\/az\/#\/schema\/logo\/image\/"}},{"@type":"Person","@id":"https:\/\/www.meydan.tv\/az\/#\/schema\/person\/10d11eccf6da3662cf5fdab9806ea91a","name":"user-manager"}]}},"_links":{"self":[{"href":"https:\/\/www.meydan.tv\/az\/wp-json\/wp\/v2\/posts\/194546","targetHints":{"allow":["GET"]}}],"collection":[{"href":"https:\/\/www.meydan.tv\/az\/wp-json\/wp\/v2\/posts"}],"about":[{"href":"https:\/\/www.meydan.tv\/az\/wp-json\/wp\/v2\/types\/post"}],"author":[{"embeddable":true,"href":"https:\/\/www.meydan.tv\/az\/wp-json\/wp\/v2\/users\/11"}],"replies":[{"embeddable":true,"href":"https:\/\/www.meydan.tv\/az\/wp-json\/wp\/v2\/comments?post=194546"}],"version-history":[{"count":0,"href":"https:\/\/www.meydan.tv\/az\/wp-json\/wp\/v2\/posts\/194546\/revisions"}],"wp:featuredmedia":[{"embeddable":true,"href":"https:\/\/www.meydan.tv\/az\/wp-json\/wp\/v2\/media\/120222"}],"wp:attachment":[{"href":"https:\/\/www.meydan.tv\/az\/wp-json\/wp\/v2\/media?parent=194546"}],"wp:term":[{"taxonomy":"category","embeddable":true,"href":"https:\/\/www.meydan.tv\/az\/wp-json\/wp\/v2\/categories?post=194546"},{"taxonomy":"post_tag","embeddable":true,"href":"https:\/\/www.meydan.tv\/az\/wp-json\/wp\/v2\/tags?post=194546"}],"curies":[{"name":"wp","href":"https:\/\/api.w.org\/{rel}","templated":true}]}}