{"id":194525,"date":"2019-03-16T10:59:35","date_gmt":"2019-03-16T10:59:35","guid":{"rendered":"https:\/\/www.meydan.tv\/article\/nerimankend-sakinleri-bu-hokumet-hara-baxir\/"},"modified":"2019-03-16T10:59:35","modified_gmt":"2019-03-16T10:59:35","slug":"nerimankend-sakinleri-bu-hokumet-hara-baxir","status":"publish","type":"post","link":"https:\/\/www.meydan.tv\/az\/article\/nerimankend-sakinleri-bu-hokumet-hara-baxir\/","title":{"rendered":"N\u0259rimank\u0259nd sakinl\u0259ri: Bu h\u00f6kum\u0259t hara bax\u0131r?"},"content":{"rendered":"<p>\n  &#x27;&#x27;K\u0259ndd\u0259 n\u0259 i\u015f\u0131q var, n\u0259 d\u0259 yol&#x27;&#x27;\n<\/p>\n<p>\n  \u201cK\u0259ndin yar\u0131s\u0131nda qaz var, yar\u0131s\u0131nda yoxdur. Aidiyyat\u0131 qurumlara d\u0259f\u0259l\u0259rl\u0259 m\u00fcraci\u0259t etmi\u015fik. Baxm\u0131rlar. Bel\u0259 d\u0259 d\u0259rd olar?\u201d\n<\/p>\n<p>\n  Goranboyun N\u0259rimank\u0259nd k\u0259ndinin sakini Nazim \u018fs\u0259dov bel\u0259 deyir. Bildirir ki, k\u0259ndl\u0259rind\u0259 qaz yox, yollar b\u0259rbad, i\u015f\u0131\u011f\u0131 da dig\u0259r k\u00fc\u00e7\u0259d\u0259n a\u011faclar\u0131n ba\u015f\u0131 il\u0259 g\u0259tiribl\u0259r. K\u00fcl\u0259k \u0259s\u0259nd\u0259 kabell\u0259r \u00fcst-\u00fcst\u0259 d\u00fc\u015f\u00fcb, s\u00f6n\u00fcr:\n<\/p>\n<figure class=\"wp-block-image size-large\">\n  <img decoding=\"async\" src=\"https:\/\/www.meydan.tv\/az\/image00001-jpeg\/\" alt=\"image00001.jpeg\" class=\"wp-image-119753\"\/><figcaption>\n    Nazim \u018fs\u0259dov<br \/>\n  <\/figcaption><\/figure>\n<p>\n  \u201cEv-e\u015fikd\u0259 bir salamat texnika qalmay\u0131b. Z\u0259ifl\u0259yib s\u00f6n\u0259nd\u0259 d\u0259f\u0259l\u0259rl\u0259 televizor, soyuducu xarab olub. Bu h\u00f6kum\u0259t hara bax\u0131r? Niy\u0259 biz\u0259 bu z\u00fclm\u00fc r\u0259va g\u00f6r\u00fcrl\u0259r, anlam\u0131ram. Bir d\u0259f\u0259 rayondak\u0131 Elektrik \u015e\u0259b\u0259k\u0259sin\u0259 m\u00fcraci\u0259t etdik. Dedik, b\u00f6y\u00fck k\u00fc\u00e7\u0259dir, biz\u0259 i\u015f\u0131q dir\u0259kl\u0259ri basd\u0131r\u0131n, i\u015f\u0131q \u00e7\u0259kin. Cavablar\u0131 o oldu ki, materiallar\u0131n\u0131 al\u0131n, g\u0259lib h\u0259ll ed\u0259k. V\u0259t\u0259nda\u015f almal\u0131d\u0131r i\u015f\u0131q materiallar\u0131n\u0131? Bu, harada g\u00f6r\u00fcn\u00fcb? B\u0259s d\u00f6vl\u0259t n\u0259 edir? Ax\u0131 bu \u015feyl\u0259r\u0259 g\u00f6r\u0259 b\u00fcdc\u0259d\u0259n v\u0259sait ayr\u0131l\u0131r\u201d.\n<\/p>\n<p>\n  <b><br \/>\n    <i><br \/>\n      \u201c8 ildir b\u0259rbad v\u0259ziyy\u0259td\u0259 ya\u015fay\u0131r\u0131q\u201d<br \/>\n    <\/i><br \/>\n  <\/b>\n<\/p>\n<p>\n  Sakinl\u0259rd\u0259n Samir M\u0259mm\u0259dov d\u00f6vl\u0259td\u0259n onlara i\u015f\u0131q, qaz, yol \u00e7\u0259km\u0259sini t\u0259l\u0259b edir. Deyir, az deyil, 8 ildir bel\u0259 b\u0259rbad v\u0259ziyy\u0259td\u0259 ya\u015fay\u0131rlar:\n<\/p>\n<p>\n  \u201cQaz idar\u0259sin\u0259 d\u0259 m\u00fcraci\u0259t etmi\u015fik. T\u0259kc\u0259 500 manat layih\u0259y\u0259 ist\u0259yirl\u0259r. \u018flav\u0259 d\u0259 h\u0259r ev \u00fc\u00e7\u00fcn 90 manat t\u0259l\u0259b edirl\u0259r. H\u0259tta dedil\u0259r ki, borunu da siz alacaqs\u0131n\u0131z. Biz d\u0259 kas\u0131b adamlar\u0131q. \u0130\u015fsizlikdir, \u00e7oxumuz atam\u0131z\u0131n, anam\u0131z\u0131n pensiyas\u0131 il\u0259 dolan\u0131r\u0131q. N\u0259 ed\u0259k? Haradan alaq o q\u0259d\u0259r pulu?\u201d\n<\/p>\n<figure class=\"wp-block-image size-large\">\n  <img decoding=\"async\" src=\"https:\/\/www.meydan.tv\/az\/image00004-jpeg\/\" alt=\"image00004.jpeg\" class=\"wp-image-119756\"\/><figcaption>\n    Samir M\u0259mm\u0259dov<br \/>\n  <\/figcaption><\/figure>\n<p>\n  S.M\u0259mm\u0259dov soru\u015fur ki, Yolu, i\u015f\u0131\u011f\u0131, qaz\u0131 \u00f6zl\u0259ri \u00e7\u0259kirs\u0259, onda o idar\u0259l\u0259r n\u0259 i\u015f\u0259 yaray\u0131r:\n<\/p>\n<p>\n  \u201cBir d\u0259f\u0259 i\u015f\u0131q \u00e7\u0259kdik, kabelini \u00f6z\u00fcm\u00fcz ald\u0131q. G\u00fccl\u00fc k\u00fcl\u0259k \u0259s\u0259n kimi ham\u0131s\u0131 yer\u0259 t\u00f6k\u00fcld\u00fc. Camaat\u0131n \u00e7\u0259kdiyi n\u0259 olacaq?\u201d\n<\/p>\n<p>\n  <b><br \/>\n    <i><br \/>\n      \u201cB\u00fct\u00fcn dir\u0259kl\u0259r q\u0259zal\u0131 v\u0259ziyy\u0259td\u0259dir\u201d<br \/>\n    <\/i><br \/>\n  <\/b>\n<\/p>\n<p>\n  N\u0259rimank\u0259nd sakini Faiq Abbasov da \u015fikay\u0259t\u00e7idir. Deyir, i\u015f\u0131q x\u0259tl\u0259ri a\u011faclara ili\u015f\u0259-ili\u015f\u0259, m\u0259h\u0259ll\u0259l\u0259rl\u0259 g\u0259lir. Q\u0131r\u0131landa da d\u00fcz\u0259ltmirl\u0259r:\n<\/p>\n<figure class=\"wp-block-image size-large\">\n  <img decoding=\"async\" src=\"https:\/\/www.meydan.tv\/az\/image00005-jpeg-3\/\" alt=\"image00005.jpeg\" class=\"wp-image-119759\"\/><figcaption>\n    Faiq Abbasov<br \/>\n  <\/figcaption><\/figure>\n<p>\n  \u201cAmma 5 manat borc y\u0131\u011f\u0131lan kimi i\u015f\u0131\u011f\u0131m\u0131z\u0131 k\u0259smi\u015fdil\u0259r. G\u00fcnl\u0259rl\u0259 g\u0259lib ba\u011flamad\u0131lar da. Ax\u0131rda aya\u011f\u0131m \u0259s\u0259-\u0259s\u0259 \u00e7\u00fcr\u00fck dir\u0259y\u0259 \u00e7\u0131x\u0131b \u00f6z\u00fcm ba\u011flad\u0131m. K\u0259nd\u0259 i\u015f\u0131q 1978-ci ild\u0259 \u00e7\u0259kilib. B\u00fct\u00fcn dir\u0259kl\u0259r q\u0259zal\u0131 v\u0259ziyy\u0259td\u0259dir. Bunu da d\u0259f\u0259l\u0259rl\u0259 demi\u015fik, ancaq kim\u0259 deyirs\u0259n, he\u00e7 vecl\u0259rin\u0259 d\u0259 deyil\u201d.\n<\/p>\n<p>\n  <b><br \/>\n    <i><br \/>\n      \u201cArt\u0131q idar\u0259l\u0259r\u0259 yox, ASAN Xidm\u0259t\u0259 m\u00fcraci\u0259t edirl\u0259r\u201d<br \/>\n    <\/i><br \/>\n  <\/b>\n<\/p>\n<p>\n  Sakinl\u0259r probleml\u0259ri il\u0259 ba\u011fl\u0131 d\u0259f\u0259l\u0259rl\u0259 Goranboy Rayon \u0130cra Hakimiyy\u0259tin\u0259 m\u00fcraci\u0259t etdikl\u0259rini s\u00f6yl\u0259yirl\u0259r. Ancaq bir t\u0259dbir g\u00f6r\u00fclm\u0259yib.\n<\/p>\n<figure class=\"wp-block-image size-large\">\n  <img decoding=\"async\" src=\"https:\/\/www.meydan.tv\/az\/image00002-jpeg-3\/\" alt=\"image00002.jpeg\" class=\"wp-image-119768\"\/><figcaption>\n    N\u0259rimank\u0259nd<br \/>\n  <\/figcaption><\/figure>\n<p>\n  Goranboy Rayon \u0130cra Hakimiyy\u0259tind\u0259n is\u0259 Meydan TV-y\u0259 bildirilib ki, ola bil\u0259r m\u0259ktub g\u0259lib, ancaq \u00fcmumi \u015f\u00f6b\u0259d\u0259dir:\n<\/p>\n<p>\n  \u201cN\u0259 q\u0259d\u0259r inand\u0131r\u0131c\u0131d\u0131r ki, bir k\u0259ndin yar\u0131s\u0131nda qaz ola, yar\u0131s\u0131nda yox? G\u00f6r\u00fcn\u00fcr, yeni m\u0259h\u0259ll\u0259l\u0259rdir, sonradan sal\u0131n\u0131b. Qaz x\u0259tti is\u0259 \u00e7oxdan \u00e7\u0259kilib. Elektrik enerjisi v\u0259 yollar da onun kimi. H\u0259r halda, siz\u0259 \u015fikay\u0259t etm\u0259k yerin\u0259 ASAN Xidm\u0259t\u0259 gedib \u0259riz\u0259 il\u0259 m\u00fcraci\u0259t etsinl\u0259r. \u018friz\u0259 yazmaq v\u0259 m\u00fcraci\u0259t etm\u0259k pulla deyil. H\u0259min m\u00fcraci\u0259tl\u0259r d\u0259y\u0259rl\u0259ndiril\u0259nd\u0259n sonra onlar\u0131n i\u015fin\u0259 bax\u0131l\u0131r. Art\u0131q idar\u0259l\u0259r\u0259 yox, ASAN Xidm\u0259t\u0259 m\u00fcraci\u0259t edirl\u0259r\u201d.\n<\/p>\n<figure class=\"wp-block-image size-large\">\n  <img decoding=\"async\" src=\"https:\/\/www.meydan.tv\/az\/image00003-jpeg\/\" alt=\"image00003.jpeg\" class=\"wp-image-119765\"\/><figcaption>\n    k\u0259nd<br \/>\n  <\/figcaption><\/figure>\n","protected":false},"excerpt":{"rendered":"<p>Goranboy Rayon \u0130cra Hakimiyy\u0259tind\u0259n is\u0259 Meydan TV-y\u0259 bildirilib ki, ola bil\u0259r m\u0259ktub g\u0259lib, ancaq \u00fcmumi \u015f\u00f6b\u0259d\u0259dir<\/p>\n","protected":false},"author":11,"featured_media":119761,"comment_status":"closed","ping_status":"open","sticky":false,"template":"","format":"standard","meta":{"_acf_changed":false,"_sitemap_exclude":false,"_sitemap_priority":"","_sitemap_frequency":"","footnotes":""},"categories":[60],"tags":[],"class_list":["post-194525","post","type-post","status-publish","format-standard","has-post-thumbnail","hentry","category-bolge","infinite-scroll-item","generate-columns","tablet-grid-50","mobile-grid-100","grid-parent","grid-33","no-featured-image-padding"],"acf":[],"yoast_head":"<!-- This site is optimized with the Yoast SEO plugin v27.4 - https:\/\/yoast.com\/product\/yoast-seo-wordpress\/ -->\n<title>N\u0259rimank\u0259nd sakinl\u0259ri: Bu h\u00f6kum\u0259t hara bax\u0131r? - MEYDAN.TV<\/title>\n<meta name=\"robots\" content=\"index, follow, max-snippet:-1, max-image-preview:large, max-video-preview:-1\" \/>\n<link rel=\"canonical\" href=\"https:\/\/www.meydan.tv\/az\/article\/nerimankend-sakinleri-bu-hokumet-hara-baxir\/\" \/>\n<meta property=\"og:locale\" content=\"az_AZ\" \/>\n<meta property=\"og:type\" content=\"article\" \/>\n<meta property=\"og:title\" content=\"N\u0259rimank\u0259nd sakinl\u0259ri: Bu h\u00f6kum\u0259t hara bax\u0131r? - MEYDAN.TV\" \/>\n<meta property=\"og:description\" content=\"Goranboy Rayon \u0130cra Hakimiyy\u0259tind\u0259n is\u0259 Meydan TV-y\u0259 bildirilib ki, ola bil\u0259r m\u0259ktub g\u0259lib, ancaq \u00fcmumi \u015f\u00f6b\u0259d\u0259dir\" \/>\n<meta property=\"og:url\" content=\"https:\/\/www.meydan.tv\/az\/article\/nerimankend-sakinleri-bu-hokumet-hara-baxir\/\" \/>\n<meta property=\"og:site_name\" content=\"MEYDAN.TV\" \/>\n<meta property=\"article:published_time\" content=\"2019-03-16T10:59:35+00:00\" \/>\n<meta property=\"og:image\" content=\"https:\/\/www.meydan.tv\/wp-content\/uploads\/image00008_u2udzqo-scaled.jpeg\" \/>\n\t<meta property=\"og:image:width\" content=\"2560\" \/>\n\t<meta property=\"og:image:height\" content=\"1920\" \/>\n\t<meta property=\"og:image:type\" content=\"image\/jpeg\" \/>\n<meta name=\"author\" content=\"user-manager\" \/>\n<meta name=\"twitter:card\" content=\"summary_large_image\" \/>\n<script type=\"application\/ld+json\" class=\"yoast-schema-graph\">{\"@context\":\"https:\\\/\\\/schema.org\",\"@graph\":[{\"@type\":\"Article\",\"@id\":\"https:\\\/\\\/www.meydan.tv\\\/az\\\/article\\\/nerimankend-sakinleri-bu-hokumet-hara-baxir\\\/#article\",\"isPartOf\":{\"@id\":\"https:\\\/\\\/www.meydan.tv\\\/az\\\/article\\\/nerimankend-sakinleri-bu-hokumet-hara-baxir\\\/\"},\"author\":{\"name\":\"user-manager\",\"@id\":\"https:\\\/\\\/www.meydan.tv\\\/az\\\/#\\\/schema\\\/person\\\/10d11eccf6da3662cf5fdab9806ea91a\"},\"headline\":\"N\u0259rimank\u0259nd sakinl\u0259ri: Bu h\u00f6kum\u0259t hara bax\u0131r?\",\"datePublished\":\"2019-03-16T10:59:35+00:00\",\"mainEntityOfPage\":{\"@id\":\"https:\\\/\\\/www.meydan.tv\\\/az\\\/article\\\/nerimankend-sakinleri-bu-hokumet-hara-baxir\\\/\"},\"wordCount\":715,\"publisher\":{\"@id\":\"https:\\\/\\\/www.meydan.tv\\\/az\\\/#organization\"},\"image\":{\"@id\":\"https:\\\/\\\/www.meydan.tv\\\/az\\\/article\\\/nerimankend-sakinleri-bu-hokumet-hara-baxir\\\/#primaryimage\"},\"thumbnailUrl\":\"https:\\\/\\\/www.meydan.tv\\\/wp-content\\\/uploads\\\/image00008_u2udzqo-scaled.jpeg\",\"articleSection\":[\"B\u00f6lg\u0259\"],\"inLanguage\":\"az\"},{\"@type\":\"WebPage\",\"@id\":\"https:\\\/\\\/www.meydan.tv\\\/az\\\/article\\\/nerimankend-sakinleri-bu-hokumet-hara-baxir\\\/\",\"url\":\"https:\\\/\\\/www.meydan.tv\\\/az\\\/article\\\/nerimankend-sakinleri-bu-hokumet-hara-baxir\\\/\",\"name\":\"N\u0259rimank\u0259nd sakinl\u0259ri: Bu h\u00f6kum\u0259t hara bax\u0131r? - MEYDAN.TV\",\"isPartOf\":{\"@id\":\"https:\\\/\\\/www.meydan.tv\\\/az\\\/#website\"},\"primaryImageOfPage\":{\"@id\":\"https:\\\/\\\/www.meydan.tv\\\/az\\\/article\\\/nerimankend-sakinleri-bu-hokumet-hara-baxir\\\/#primaryimage\"},\"image\":{\"@id\":\"https:\\\/\\\/www.meydan.tv\\\/az\\\/article\\\/nerimankend-sakinleri-bu-hokumet-hara-baxir\\\/#primaryimage\"},\"thumbnailUrl\":\"https:\\\/\\\/www.meydan.tv\\\/wp-content\\\/uploads\\\/image00008_u2udzqo-scaled.jpeg\",\"datePublished\":\"2019-03-16T10:59:35+00:00\",\"breadcrumb\":{\"@id\":\"https:\\\/\\\/www.meydan.tv\\\/az\\\/article\\\/nerimankend-sakinleri-bu-hokumet-hara-baxir\\\/#breadcrumb\"},\"inLanguage\":\"az\",\"potentialAction\":[{\"@type\":\"ReadAction\",\"target\":[\"https:\\\/\\\/www.meydan.tv\\\/az\\\/article\\\/nerimankend-sakinleri-bu-hokumet-hara-baxir\\\/\"]}]},{\"@type\":\"ImageObject\",\"inLanguage\":\"az\",\"@id\":\"https:\\\/\\\/www.meydan.tv\\\/az\\\/article\\\/nerimankend-sakinleri-bu-hokumet-hara-baxir\\\/#primaryimage\",\"url\":\"https:\\\/\\\/www.meydan.tv\\\/wp-content\\\/uploads\\\/image00008_u2udzqo-scaled.jpeg\",\"contentUrl\":\"https:\\\/\\\/www.meydan.tv\\\/wp-content\\\/uploads\\\/image00008_u2udzqo-scaled.jpeg\",\"width\":2560,\"height\":1920,\"caption\":\"Source: meydan.tv\"},{\"@type\":\"BreadcrumbList\",\"@id\":\"https:\\\/\\\/www.meydan.tv\\\/az\\\/article\\\/nerimankend-sakinleri-bu-hokumet-hara-baxir\\\/#breadcrumb\",\"itemListElement\":[{\"@type\":\"ListItem\",\"position\":1,\"name\":\"Ana s\u0259hif\u0259\",\"item\":\"https:\\\/\\\/www.meydan.tv\\\/az\\\/\"},{\"@type\":\"ListItem\",\"position\":2,\"name\":\"B\u00f6lg\u0259\",\"item\":\"https:\\\/\\\/www.meydan.tv\\\/az\\\/section\\\/bolge\\\/\"},{\"@type\":\"ListItem\",\"position\":3,\"name\":\"N\u0259rimank\u0259nd sakinl\u0259ri: Bu h\u00f6kum\u0259t hara bax\u0131r?\"}]},{\"@type\":\"WebSite\",\"@id\":\"https:\\\/\\\/www.meydan.tv\\\/az\\\/#website\",\"url\":\"https:\\\/\\\/www.meydan.tv\\\/az\\\/\",\"name\":\"MEYDAN.TV\",\"description\":\"Meydan TV Az\u0259rbaycan\u0131n media m\u0259kan\u0131ndak\u0131 alternativ s\u0259sidir\",\"publisher\":{\"@id\":\"https:\\\/\\\/www.meydan.tv\\\/az\\\/#organization\"},\"potentialAction\":[{\"@type\":\"SearchAction\",\"target\":{\"@type\":\"EntryPoint\",\"urlTemplate\":\"https:\\\/\\\/www.meydan.tv\\\/az\\\/?s={search_term_string}\"},\"query-input\":{\"@type\":\"PropertyValueSpecification\",\"valueRequired\":true,\"valueName\":\"search_term_string\"}}],\"inLanguage\":\"az\"},{\"@type\":\"Organization\",\"@id\":\"https:\\\/\\\/www.meydan.tv\\\/az\\\/#organization\",\"name\":\"Meydan TV\",\"url\":\"https:\\\/\\\/www.meydan.tv\\\/az\\\/\",\"logo\":{\"@type\":\"ImageObject\",\"inLanguage\":\"az\",\"@id\":\"https:\\\/\\\/www.meydan.tv\\\/az\\\/#\\\/schema\\\/logo\\\/image\\\/\",\"url\":\"https:\\\/\\\/www.meydan.tv\\\/wp-content\\\/uploads\\\/2021\\\/07\\\/meydan-logo.svg\",\"contentUrl\":\"https:\\\/\\\/www.meydan.tv\\\/wp-content\\\/uploads\\\/2021\\\/07\\\/meydan-logo.svg\",\"width\":195,\"height\":46,\"caption\":\"Meydan TV\"},\"image\":{\"@id\":\"https:\\\/\\\/www.meydan.tv\\\/az\\\/#\\\/schema\\\/logo\\\/image\\\/\"}},{\"@type\":\"Person\",\"@id\":\"https:\\\/\\\/www.meydan.tv\\\/az\\\/#\\\/schema\\\/person\\\/10d11eccf6da3662cf5fdab9806ea91a\",\"name\":\"user-manager\"}]}<\/script>\n<!-- \/ Yoast SEO plugin. -->","yoast_head_json":{"title":"N\u0259rimank\u0259nd sakinl\u0259ri: Bu h\u00f6kum\u0259t hara bax\u0131r? - MEYDAN.TV","robots":{"index":"index","follow":"follow","max-snippet":"max-snippet:-1","max-image-preview":"max-image-preview:large","max-video-preview":"max-video-preview:-1"},"canonical":"https:\/\/www.meydan.tv\/az\/article\/nerimankend-sakinleri-bu-hokumet-hara-baxir\/","og_locale":"az_AZ","og_type":"article","og_title":"N\u0259rimank\u0259nd sakinl\u0259ri: Bu h\u00f6kum\u0259t hara bax\u0131r? - MEYDAN.TV","og_description":"Goranboy Rayon \u0130cra Hakimiyy\u0259tind\u0259n is\u0259 Meydan TV-y\u0259 bildirilib ki, ola bil\u0259r m\u0259ktub g\u0259lib, ancaq \u00fcmumi \u015f\u00f6b\u0259d\u0259dir","og_url":"https:\/\/www.meydan.tv\/az\/article\/nerimankend-sakinleri-bu-hokumet-hara-baxir\/","og_site_name":"MEYDAN.TV","article_published_time":"2019-03-16T10:59:35+00:00","og_image":[{"width":2560,"height":1920,"url":"https:\/\/www.meydan.tv\/wp-content\/uploads\/image00008_u2udzqo-scaled.jpeg","type":"image\/jpeg"}],"author":"user-manager","twitter_card":"summary_large_image","schema":{"@context":"https:\/\/schema.org","@graph":[{"@type":"Article","@id":"https:\/\/www.meydan.tv\/az\/article\/nerimankend-sakinleri-bu-hokumet-hara-baxir\/#article","isPartOf":{"@id":"https:\/\/www.meydan.tv\/az\/article\/nerimankend-sakinleri-bu-hokumet-hara-baxir\/"},"author":{"name":"user-manager","@id":"https:\/\/www.meydan.tv\/az\/#\/schema\/person\/10d11eccf6da3662cf5fdab9806ea91a"},"headline":"N\u0259rimank\u0259nd sakinl\u0259ri: Bu h\u00f6kum\u0259t hara bax\u0131r?","datePublished":"2019-03-16T10:59:35+00:00","mainEntityOfPage":{"@id":"https:\/\/www.meydan.tv\/az\/article\/nerimankend-sakinleri-bu-hokumet-hara-baxir\/"},"wordCount":715,"publisher":{"@id":"https:\/\/www.meydan.tv\/az\/#organization"},"image":{"@id":"https:\/\/www.meydan.tv\/az\/article\/nerimankend-sakinleri-bu-hokumet-hara-baxir\/#primaryimage"},"thumbnailUrl":"https:\/\/www.meydan.tv\/wp-content\/uploads\/image00008_u2udzqo-scaled.jpeg","articleSection":["B\u00f6lg\u0259"],"inLanguage":"az"},{"@type":"WebPage","@id":"https:\/\/www.meydan.tv\/az\/article\/nerimankend-sakinleri-bu-hokumet-hara-baxir\/","url":"https:\/\/www.meydan.tv\/az\/article\/nerimankend-sakinleri-bu-hokumet-hara-baxir\/","name":"N\u0259rimank\u0259nd sakinl\u0259ri: Bu h\u00f6kum\u0259t hara bax\u0131r? - MEYDAN.TV","isPartOf":{"@id":"https:\/\/www.meydan.tv\/az\/#website"},"primaryImageOfPage":{"@id":"https:\/\/www.meydan.tv\/az\/article\/nerimankend-sakinleri-bu-hokumet-hara-baxir\/#primaryimage"},"image":{"@id":"https:\/\/www.meydan.tv\/az\/article\/nerimankend-sakinleri-bu-hokumet-hara-baxir\/#primaryimage"},"thumbnailUrl":"https:\/\/www.meydan.tv\/wp-content\/uploads\/image00008_u2udzqo-scaled.jpeg","datePublished":"2019-03-16T10:59:35+00:00","breadcrumb":{"@id":"https:\/\/www.meydan.tv\/az\/article\/nerimankend-sakinleri-bu-hokumet-hara-baxir\/#breadcrumb"},"inLanguage":"az","potentialAction":[{"@type":"ReadAction","target":["https:\/\/www.meydan.tv\/az\/article\/nerimankend-sakinleri-bu-hokumet-hara-baxir\/"]}]},{"@type":"ImageObject","inLanguage":"az","@id":"https:\/\/www.meydan.tv\/az\/article\/nerimankend-sakinleri-bu-hokumet-hara-baxir\/#primaryimage","url":"https:\/\/www.meydan.tv\/wp-content\/uploads\/image00008_u2udzqo-scaled.jpeg","contentUrl":"https:\/\/www.meydan.tv\/wp-content\/uploads\/image00008_u2udzqo-scaled.jpeg","width":2560,"height":1920,"caption":"Source: meydan.tv"},{"@type":"BreadcrumbList","@id":"https:\/\/www.meydan.tv\/az\/article\/nerimankend-sakinleri-bu-hokumet-hara-baxir\/#breadcrumb","itemListElement":[{"@type":"ListItem","position":1,"name":"Ana s\u0259hif\u0259","item":"https:\/\/www.meydan.tv\/az\/"},{"@type":"ListItem","position":2,"name":"B\u00f6lg\u0259","item":"https:\/\/www.meydan.tv\/az\/section\/bolge\/"},{"@type":"ListItem","position":3,"name":"N\u0259rimank\u0259nd sakinl\u0259ri: Bu h\u00f6kum\u0259t hara bax\u0131r?"}]},{"@type":"WebSite","@id":"https:\/\/www.meydan.tv\/az\/#website","url":"https:\/\/www.meydan.tv\/az\/","name":"MEYDAN.TV","description":"Meydan TV Az\u0259rbaycan\u0131n media m\u0259kan\u0131ndak\u0131 alternativ s\u0259sidir","publisher":{"@id":"https:\/\/www.meydan.tv\/az\/#organization"},"potentialAction":[{"@type":"SearchAction","target":{"@type":"EntryPoint","urlTemplate":"https:\/\/www.meydan.tv\/az\/?s={search_term_string}"},"query-input":{"@type":"PropertyValueSpecification","valueRequired":true,"valueName":"search_term_string"}}],"inLanguage":"az"},{"@type":"Organization","@id":"https:\/\/www.meydan.tv\/az\/#organization","name":"Meydan TV","url":"https:\/\/www.meydan.tv\/az\/","logo":{"@type":"ImageObject","inLanguage":"az","@id":"https:\/\/www.meydan.tv\/az\/#\/schema\/logo\/image\/","url":"https:\/\/www.meydan.tv\/wp-content\/uploads\/2021\/07\/meydan-logo.svg","contentUrl":"https:\/\/www.meydan.tv\/wp-content\/uploads\/2021\/07\/meydan-logo.svg","width":195,"height":46,"caption":"Meydan TV"},"image":{"@id":"https:\/\/www.meydan.tv\/az\/#\/schema\/logo\/image\/"}},{"@type":"Person","@id":"https:\/\/www.meydan.tv\/az\/#\/schema\/person\/10d11eccf6da3662cf5fdab9806ea91a","name":"user-manager"}]}},"_links":{"self":[{"href":"https:\/\/www.meydan.tv\/az\/wp-json\/wp\/v2\/posts\/194525","targetHints":{"allow":["GET"]}}],"collection":[{"href":"https:\/\/www.meydan.tv\/az\/wp-json\/wp\/v2\/posts"}],"about":[{"href":"https:\/\/www.meydan.tv\/az\/wp-json\/wp\/v2\/types\/post"}],"author":[{"embeddable":true,"href":"https:\/\/www.meydan.tv\/az\/wp-json\/wp\/v2\/users\/11"}],"replies":[{"embeddable":true,"href":"https:\/\/www.meydan.tv\/az\/wp-json\/wp\/v2\/comments?post=194525"}],"version-history":[{"count":0,"href":"https:\/\/www.meydan.tv\/az\/wp-json\/wp\/v2\/posts\/194525\/revisions"}],"wp:featuredmedia":[{"embeddable":true,"href":"https:\/\/www.meydan.tv\/az\/wp-json\/wp\/v2\/media\/119761"}],"wp:attachment":[{"href":"https:\/\/www.meydan.tv\/az\/wp-json\/wp\/v2\/media?parent=194525"}],"wp:term":[{"taxonomy":"category","embeddable":true,"href":"https:\/\/www.meydan.tv\/az\/wp-json\/wp\/v2\/categories?post=194525"},{"taxonomy":"post_tag","embeddable":true,"href":"https:\/\/www.meydan.tv\/az\/wp-json\/wp\/v2\/tags?post=194525"}],"curies":[{"name":"wp","href":"https:\/\/api.w.org\/{rel}","templated":true}]}}