{"id":194503,"date":"2019-03-15T13:05:48","date_gmt":"2019-03-15T13:05:48","guid":{"rendered":"https:\/\/www.meydan.tv\/article\/simali-koreya-abs-la-danisiqlari-dayandira-ve-nuve-testlerine-baslaya-biler\/"},"modified":"2019-03-15T13:05:48","modified_gmt":"2019-03-15T13:05:48","slug":"simali-koreya-abs-la-danisiqlari-dayandira-ve-nuve-testlerine-baslaya-biler","status":"publish","type":"post","link":"https:\/\/www.meydan.tv\/az\/article\/simali-koreya-abs-la-danisiqlari-dayandira-ve-nuve-testlerine-baslaya-biler\/","title":{"rendered":"\u015eimali Koreya AB\u015e-la dan\u0131\u015f\u0131qlar\u0131 dayand\u0131ra v\u0259 n\u00fcv\u0259 testl\u0259rin\u0259 ba\u015flaya bil\u0259r"},"content":{"rendered":"<p>\n  &#x27;&#x27;Bizim AB\u015e-\u0131n t\u0259l\u0259bl\u0259rin\u0259 he\u00e7 bir \u015f\u0259kild\u0259 cavab verm\u0259k niyy\u0259timiz yoxdur v\u0259 bu c\u00fcr m\u00fczakir\u0259l\u0259r\u0259 d\u0259 h\u0259v\u0259sli deyilik&#x27;&#x27;\n<\/p>\n<p>\n  \u015eimali Koreya lideri Kim Jong AB\u015e il\u0259 n\u00fcv\u0259sizl\u0259\u015fdirm\u0259 dan\u0131\u015f\u0131qlar\u0131n\u0131 poza, raket v\u0259 n\u00fcv\u0259 s\u0131naqlar\u0131n\u0131 davam etdir\u0259 bil\u0259r, &#8211; \u00f6lk\u0259 r\u0259smisi bel\u0259 deyib.\n<\/p>\n<p>\n  BBC x\u0259b\u0259r verir ki, xarici i\u015fl\u0259r nazirinin m\u00fcavini Choe Sun-hui xarici diplomatlarla g\u00f6r\u00fc\u015f\u00fcnd\u0259 AB\u015e-\u0131n prezidenti Donald Tramp il\u0259 Kim aras\u0131ndak\u0131 son zirv\u0259 toplant\u0131s\u0131 zaman\u0131 &quot;q\u0131z\u0131l f\u00fcrs\u0259ti&quot; \u0259ld\u0259n verdiyini s\u00f6yl\u0259yib.\n<\/p>\n<p>\n  \u015eimali Koreya \u0259sas Yongbyon n\u00fcv\u0259 kompleksini dayand\u0131rma\u011f\u0131 t\u0259klif etmi\u015fdi.\n<\/p>\n<p>\n  Lakin Tramp bildirdi ki, \u015eimali Koreya b\u00fct\u00fcn n\u00fcv\u0259 obyektl\u0259rini m\u0259hv etm\u0259zs\u0259, sanksiyalar\u0131 qald\u0131rmaqdan imtina ed\u0259c\u0259k. Bununla da dan\u0131\u015f\u0131qlar u\u011fursuzluqla n\u0259tic\u0259l\u0259ndi.\n<\/p>\n<p>\n  Choe Pyongyangda deyib ki, Kim AB\u015e-la g\u0259l\u0259c\u0259k dan\u0131\u015f\u0131qlarla ba\u011fl\u0131 m\u00f6vqeyini tezlikl\u0259 r\u0259smi \u015f\u0259kild\u0259 b\u0259yan ed\u0259c\u0259k.\n<\/p>\n<p>\n  &quot;Bizim AB\u015e-\u0131n t\u0259l\u0259bl\u0259rin\u0259 he\u00e7 bir \u015f\u0259kild\u0259 cavab verm\u0259k niyy\u0259timiz yoxdur v\u0259 bu c\u00fcr m\u00fczakir\u0259l\u0259r\u0259 d\u0259 h\u0259v\u0259sli deyilik&quot;, &#8211; o, \u015eimali Koreyada jurnalistl\u0259r\u0259 deyib.\n<\/p>\n<p>\n  Rusiyan\u0131n \u201cTass\u201d x\u0259b\u0259r agentliyinin m\u0259lumat\u0131na g\u00f6r\u0259, o, AB\u015e-\u0131 &quot;quldur kimi&quot; m\u00f6vqe tutmaqda ittiham edib.\n<\/p>\n<p>\n  Choe bildirib ki, son Hanoy zirv\u0259 g\u00f6r\u00fc\u015f\u00fcnd\u0259 \u015eimali Koreyan\u0131n t\u0259l\u0259bi b\u00fct\u00fcn sanksiyalar\u0131n deyil, be\u015f \u0259sas iqtisadi sanksiyan\u0131n qald\u0131r\u0131lmas\u0131 olub. Hanoy zirv\u0259 g\u00f6r\u00fc\u015f\u00fcnd\u0259n sonra AB\u015e prezidenti Tramp \u015eimali Koreyan\u0131n yaln\u0131z b\u00fct\u00fcn sanksiyalar\u0131n qald\u0131r\u0131laca\u011f\u0131 t\u0259qdird\u0259 n\u00fcv\u0259sizl\u0259\u015fdirm\u0259 plan\u0131n\u0131 realla\u015fd\u0131raca\u011f\u0131n\u0131 v\u0259 buna g\u00f6r\u0259 d\u0259 dan\u0131\u015f\u0131qlar\u0131n u\u011fursuzlu\u011fa u\u011frad\u0131\u011f\u0131n\u0131 s\u00f6yl\u0259mi\u015fdi.\n<\/p>\n<p>\n  &quot;Ayd\u0131nd\u0131r ki, AB\u015e bu d\u0259f\u0259 q\u0131z\u0131l bir f\u00fcrs\u0259ti \u0259ld\u0259n verdi,&quot; &#8211; Choe deyib. &quot;M\u0259n dey\u0259 bilm\u0259r\u0259m AB\u015e niy\u0259 bu f\u0259rqli t\u0259\u0259ss\u00fcratla g\u00f6r\u00fc\u015fd\u0259n \u00e7\u0131x\u0131b. Biz b\u00fct\u00fcn sanksiylar\u0131n aradan qald\u0131r\u0131lmas\u0131n\u0131 t\u0259l\u0259b etm\u0259mi\u015fik&quot;.\n<\/p>\n<p>\n  Tramp v\u0259 AB\u015e d\u00f6vl\u0259t katibi Mayk (Mike) Pompeo fevralda dan\u0131\u015f\u0131qlardan sonra bildirmi\u015fdil\u0259r ki, \u015eimali Koreya r\u0259smil\u0259ri b\u00fct\u00fcn sanksiylar\u0131n aradan qald\u0131r\u0131lmas\u0131n\u0131 t\u0259l\u0259b edirl\u0259r. Bu h\u0259ft\u0259 Va\u015finqtonda \u015eimali Koreya \u00fc\u00e7\u00fcn Amerikan\u0131n x\u00fcsusi n\u00fcmay\u0259nd\u0259si Stefen Biqan (Stephen Biegun) bildirib ki, diplomatiya \u201ch\u0259l\u0259 d\u0259 \u00e7ox canl\u0131d\u0131r\u201d, amma o zirv\u0259 g\u00f6r\u00fc\u015f\u00fcnd\u0259n sonra h\u0259r hans\u0131 bir dan\u0131\u015f\u0131\u011f\u0131n olmas\u0131na dair he\u00e7 bir fikir s\u00f6yl\u0259m\u0259yib.\n<\/p>\n<p>\n  \u0130ki lider ilk d\u0259f\u0259 ke\u00e7\u0259n il Sinqapurda g\u00f6r\u00fc\u015fm\u00fc\u015fd\u00fcl\u0259r. Onlar\u0131n ikinci g\u00f6r\u00fc\u015f\u00fc bu ilin fevral\u0131nda Hanoyda ba\u015f tutmu\u015fdu. Hanoy zirv\u0259 g\u00f6r\u00fc\u015f\u00fcnd\u0259n sonra m\u0259tbuat konfrans\u0131nda \u00e7\u0131x\u0131\u015f ed\u0259n Tramp zirv\u0259 g\u00f6r\u00fc\u015f\u00fcn\u00fcn he\u00e7 bir planla n\u0259tic\u0259l\u0259nm\u0259diyini, lakin g\u0259l\u0259c\u0259k \u00fc\u00e7\u00fcn optimist oldu\u011funu bildirmi\u015fdi.<\/p>\n","protected":false},"excerpt":{"rendered":"<p>Onlar\u0131n ikinci g\u00f6r\u00fc\u015f\u00fc bu ilin fevral\u0131nda Hanoyda ba\u015f tutmu\u015fdu<\/p>\n","protected":false},"author":11,"featured_media":120129,"comment_status":"closed","ping_status":"open","sticky":false,"template":"","format":"standard","meta":{"_acf_changed":false,"_sitemap_exclude":false,"_sitemap_priority":"","_sitemap_frequency":"","footnotes":""},"categories":[64],"tags":[],"class_list":["post-194503","post","type-post","status-publish","format-standard","has-post-thumbnail","hentry","category-dunya","infinite-scroll-item","generate-columns","tablet-grid-50","mobile-grid-100","grid-parent","grid-33","no-featured-image-padding"],"acf":[],"yoast_head":"<!-- This site is optimized with the Yoast SEO plugin v27.4 - https:\/\/yoast.com\/product\/yoast-seo-wordpress\/ -->\n<title>\u015eimali Koreya AB\u015e-la dan\u0131\u015f\u0131qlar\u0131 dayand\u0131ra v\u0259 n\u00fcv\u0259 testl\u0259rin\u0259 ba\u015flaya bil\u0259r - MEYDAN.TV<\/title>\n<meta name=\"robots\" content=\"index, follow, max-snippet:-1, max-image-preview:large, max-video-preview:-1\" \/>\n<link rel=\"canonical\" href=\"https:\/\/www.meydan.tv\/az\/article\/simali-koreya-abs-la-danisiqlari-dayandira-ve-nuve-testlerine-baslaya-biler\/\" \/>\n<meta property=\"og:locale\" content=\"az_AZ\" \/>\n<meta property=\"og:type\" content=\"article\" \/>\n<meta property=\"og:title\" content=\"\u015eimali Koreya AB\u015e-la dan\u0131\u015f\u0131qlar\u0131 dayand\u0131ra v\u0259 n\u00fcv\u0259 testl\u0259rin\u0259 ba\u015flaya bil\u0259r - MEYDAN.TV\" \/>\n<meta property=\"og:description\" content=\"Onlar\u0131n ikinci g\u00f6r\u00fc\u015f\u00fc bu ilin fevral\u0131nda Hanoyda ba\u015f tutmu\u015fdu\" \/>\n<meta property=\"og:url\" content=\"https:\/\/www.meydan.tv\/az\/article\/simali-koreya-abs-la-danisiqlari-dayandira-ve-nuve-testlerine-baslaya-biler\/\" \/>\n<meta property=\"og:site_name\" content=\"MEYDAN.TV\" \/>\n<meta property=\"article:published_time\" content=\"2019-03-15T13:05:48+00:00\" \/>\n<meta property=\"og:image\" content=\"https:\/\/www.meydan.tv\/wp-content\/uploads\/lead_720_405.jpg\" \/>\n\t<meta property=\"og:image:width\" content=\"853\" \/>\n\t<meta property=\"og:image:height\" content=\"480\" \/>\n\t<meta property=\"og:image:type\" content=\"image\/jpeg\" \/>\n<meta name=\"author\" content=\"user-manager\" \/>\n<meta name=\"twitter:card\" content=\"summary_large_image\" \/>\n<script type=\"application\/ld+json\" class=\"yoast-schema-graph\">{\"@context\":\"https:\\\/\\\/schema.org\",\"@graph\":[{\"@type\":\"Article\",\"@id\":\"https:\\\/\\\/www.meydan.tv\\\/az\\\/article\\\/simali-koreya-abs-la-danisiqlari-dayandira-ve-nuve-testlerine-baslaya-biler\\\/#article\",\"isPartOf\":{\"@id\":\"https:\\\/\\\/www.meydan.tv\\\/az\\\/article\\\/simali-koreya-abs-la-danisiqlari-dayandira-ve-nuve-testlerine-baslaya-biler\\\/\"},\"author\":{\"name\":\"user-manager\",\"@id\":\"https:\\\/\\\/www.meydan.tv\\\/az\\\/#\\\/schema\\\/person\\\/10d11eccf6da3662cf5fdab9806ea91a\"},\"headline\":\"\u015eimali Koreya AB\u015e-la dan\u0131\u015f\u0131qlar\u0131 dayand\u0131ra v\u0259 n\u00fcv\u0259 testl\u0259rin\u0259 ba\u015flaya bil\u0259r\",\"datePublished\":\"2019-03-15T13:05:48+00:00\",\"mainEntityOfPage\":{\"@id\":\"https:\\\/\\\/www.meydan.tv\\\/az\\\/article\\\/simali-koreya-abs-la-danisiqlari-dayandira-ve-nuve-testlerine-baslaya-biler\\\/\"},\"wordCount\":572,\"publisher\":{\"@id\":\"https:\\\/\\\/www.meydan.tv\\\/az\\\/#organization\"},\"image\":{\"@id\":\"https:\\\/\\\/www.meydan.tv\\\/az\\\/article\\\/simali-koreya-abs-la-danisiqlari-dayandira-ve-nuve-testlerine-baslaya-biler\\\/#primaryimage\"},\"thumbnailUrl\":\"https:\\\/\\\/www.meydan.tv\\\/wp-content\\\/uploads\\\/lead_720_405.jpg\",\"articleSection\":[\"D\u00fcnya\"],\"inLanguage\":\"az\"},{\"@type\":\"WebPage\",\"@id\":\"https:\\\/\\\/www.meydan.tv\\\/az\\\/article\\\/simali-koreya-abs-la-danisiqlari-dayandira-ve-nuve-testlerine-baslaya-biler\\\/\",\"url\":\"https:\\\/\\\/www.meydan.tv\\\/az\\\/article\\\/simali-koreya-abs-la-danisiqlari-dayandira-ve-nuve-testlerine-baslaya-biler\\\/\",\"name\":\"\u015eimali Koreya AB\u015e-la dan\u0131\u015f\u0131qlar\u0131 dayand\u0131ra v\u0259 n\u00fcv\u0259 testl\u0259rin\u0259 ba\u015flaya bil\u0259r - MEYDAN.TV\",\"isPartOf\":{\"@id\":\"https:\\\/\\\/www.meydan.tv\\\/az\\\/#website\"},\"primaryImageOfPage\":{\"@id\":\"https:\\\/\\\/www.meydan.tv\\\/az\\\/article\\\/simali-koreya-abs-la-danisiqlari-dayandira-ve-nuve-testlerine-baslaya-biler\\\/#primaryimage\"},\"image\":{\"@id\":\"https:\\\/\\\/www.meydan.tv\\\/az\\\/article\\\/simali-koreya-abs-la-danisiqlari-dayandira-ve-nuve-testlerine-baslaya-biler\\\/#primaryimage\"},\"thumbnailUrl\":\"https:\\\/\\\/www.meydan.tv\\\/wp-content\\\/uploads\\\/lead_720_405.jpg\",\"datePublished\":\"2019-03-15T13:05:48+00:00\",\"breadcrumb\":{\"@id\":\"https:\\\/\\\/www.meydan.tv\\\/az\\\/article\\\/simali-koreya-abs-la-danisiqlari-dayandira-ve-nuve-testlerine-baslaya-biler\\\/#breadcrumb\"},\"inLanguage\":\"az\",\"potentialAction\":[{\"@type\":\"ReadAction\",\"target\":[\"https:\\\/\\\/www.meydan.tv\\\/az\\\/article\\\/simali-koreya-abs-la-danisiqlari-dayandira-ve-nuve-testlerine-baslaya-biler\\\/\"]}]},{\"@type\":\"ImageObject\",\"inLanguage\":\"az\",\"@id\":\"https:\\\/\\\/www.meydan.tv\\\/az\\\/article\\\/simali-koreya-abs-la-danisiqlari-dayandira-ve-nuve-testlerine-baslaya-biler\\\/#primaryimage\",\"url\":\"https:\\\/\\\/www.meydan.tv\\\/wp-content\\\/uploads\\\/lead_720_405.jpg\",\"contentUrl\":\"https:\\\/\\\/www.meydan.tv\\\/wp-content\\\/uploads\\\/lead_720_405.jpg\",\"width\":853,\"height\":480,\"caption\":\"Source: google.az\"},{\"@type\":\"BreadcrumbList\",\"@id\":\"https:\\\/\\\/www.meydan.tv\\\/az\\\/article\\\/simali-koreya-abs-la-danisiqlari-dayandira-ve-nuve-testlerine-baslaya-biler\\\/#breadcrumb\",\"itemListElement\":[{\"@type\":\"ListItem\",\"position\":1,\"name\":\"Ana s\u0259hif\u0259\",\"item\":\"https:\\\/\\\/www.meydan.tv\\\/az\\\/\"},{\"@type\":\"ListItem\",\"position\":2,\"name\":\"D\u00fcnya\",\"item\":\"https:\\\/\\\/www.meydan.tv\\\/az\\\/section\\\/dunya\\\/\"},{\"@type\":\"ListItem\",\"position\":3,\"name\":\"\u015eimali Koreya AB\u015e-la dan\u0131\u015f\u0131qlar\u0131 dayand\u0131ra v\u0259 n\u00fcv\u0259 testl\u0259rin\u0259 ba\u015flaya bil\u0259r\"}]},{\"@type\":\"WebSite\",\"@id\":\"https:\\\/\\\/www.meydan.tv\\\/az\\\/#website\",\"url\":\"https:\\\/\\\/www.meydan.tv\\\/az\\\/\",\"name\":\"MEYDAN.TV\",\"description\":\"Meydan TV Az\u0259rbaycan\u0131n media m\u0259kan\u0131ndak\u0131 alternativ s\u0259sidir\",\"publisher\":{\"@id\":\"https:\\\/\\\/www.meydan.tv\\\/az\\\/#organization\"},\"potentialAction\":[{\"@type\":\"SearchAction\",\"target\":{\"@type\":\"EntryPoint\",\"urlTemplate\":\"https:\\\/\\\/www.meydan.tv\\\/az\\\/?s={search_term_string}\"},\"query-input\":{\"@type\":\"PropertyValueSpecification\",\"valueRequired\":true,\"valueName\":\"search_term_string\"}}],\"inLanguage\":\"az\"},{\"@type\":\"Organization\",\"@id\":\"https:\\\/\\\/www.meydan.tv\\\/az\\\/#organization\",\"name\":\"Meydan TV\",\"url\":\"https:\\\/\\\/www.meydan.tv\\\/az\\\/\",\"logo\":{\"@type\":\"ImageObject\",\"inLanguage\":\"az\",\"@id\":\"https:\\\/\\\/www.meydan.tv\\\/az\\\/#\\\/schema\\\/logo\\\/image\\\/\",\"url\":\"https:\\\/\\\/www.meydan.tv\\\/wp-content\\\/uploads\\\/2021\\\/07\\\/meydan-logo.svg\",\"contentUrl\":\"https:\\\/\\\/www.meydan.tv\\\/wp-content\\\/uploads\\\/2021\\\/07\\\/meydan-logo.svg\",\"width\":195,\"height\":46,\"caption\":\"Meydan TV\"},\"image\":{\"@id\":\"https:\\\/\\\/www.meydan.tv\\\/az\\\/#\\\/schema\\\/logo\\\/image\\\/\"}},{\"@type\":\"Person\",\"@id\":\"https:\\\/\\\/www.meydan.tv\\\/az\\\/#\\\/schema\\\/person\\\/10d11eccf6da3662cf5fdab9806ea91a\",\"name\":\"user-manager\"}]}<\/script>\n<!-- \/ Yoast SEO plugin. -->","yoast_head_json":{"title":"\u015eimali Koreya AB\u015e-la dan\u0131\u015f\u0131qlar\u0131 dayand\u0131ra v\u0259 n\u00fcv\u0259 testl\u0259rin\u0259 ba\u015flaya bil\u0259r - MEYDAN.TV","robots":{"index":"index","follow":"follow","max-snippet":"max-snippet:-1","max-image-preview":"max-image-preview:large","max-video-preview":"max-video-preview:-1"},"canonical":"https:\/\/www.meydan.tv\/az\/article\/simali-koreya-abs-la-danisiqlari-dayandira-ve-nuve-testlerine-baslaya-biler\/","og_locale":"az_AZ","og_type":"article","og_title":"\u015eimali Koreya AB\u015e-la dan\u0131\u015f\u0131qlar\u0131 dayand\u0131ra v\u0259 n\u00fcv\u0259 testl\u0259rin\u0259 ba\u015flaya bil\u0259r - MEYDAN.TV","og_description":"Onlar\u0131n ikinci g\u00f6r\u00fc\u015f\u00fc bu ilin fevral\u0131nda Hanoyda ba\u015f tutmu\u015fdu","og_url":"https:\/\/www.meydan.tv\/az\/article\/simali-koreya-abs-la-danisiqlari-dayandira-ve-nuve-testlerine-baslaya-biler\/","og_site_name":"MEYDAN.TV","article_published_time":"2019-03-15T13:05:48+00:00","og_image":[{"width":853,"height":480,"url":"https:\/\/www.meydan.tv\/wp-content\/uploads\/lead_720_405.jpg","type":"image\/jpeg"}],"author":"user-manager","twitter_card":"summary_large_image","schema":{"@context":"https:\/\/schema.org","@graph":[{"@type":"Article","@id":"https:\/\/www.meydan.tv\/az\/article\/simali-koreya-abs-la-danisiqlari-dayandira-ve-nuve-testlerine-baslaya-biler\/#article","isPartOf":{"@id":"https:\/\/www.meydan.tv\/az\/article\/simali-koreya-abs-la-danisiqlari-dayandira-ve-nuve-testlerine-baslaya-biler\/"},"author":{"name":"user-manager","@id":"https:\/\/www.meydan.tv\/az\/#\/schema\/person\/10d11eccf6da3662cf5fdab9806ea91a"},"headline":"\u015eimali Koreya AB\u015e-la dan\u0131\u015f\u0131qlar\u0131 dayand\u0131ra v\u0259 n\u00fcv\u0259 testl\u0259rin\u0259 ba\u015flaya bil\u0259r","datePublished":"2019-03-15T13:05:48+00:00","mainEntityOfPage":{"@id":"https:\/\/www.meydan.tv\/az\/article\/simali-koreya-abs-la-danisiqlari-dayandira-ve-nuve-testlerine-baslaya-biler\/"},"wordCount":572,"publisher":{"@id":"https:\/\/www.meydan.tv\/az\/#organization"},"image":{"@id":"https:\/\/www.meydan.tv\/az\/article\/simali-koreya-abs-la-danisiqlari-dayandira-ve-nuve-testlerine-baslaya-biler\/#primaryimage"},"thumbnailUrl":"https:\/\/www.meydan.tv\/wp-content\/uploads\/lead_720_405.jpg","articleSection":["D\u00fcnya"],"inLanguage":"az"},{"@type":"WebPage","@id":"https:\/\/www.meydan.tv\/az\/article\/simali-koreya-abs-la-danisiqlari-dayandira-ve-nuve-testlerine-baslaya-biler\/","url":"https:\/\/www.meydan.tv\/az\/article\/simali-koreya-abs-la-danisiqlari-dayandira-ve-nuve-testlerine-baslaya-biler\/","name":"\u015eimali Koreya AB\u015e-la dan\u0131\u015f\u0131qlar\u0131 dayand\u0131ra v\u0259 n\u00fcv\u0259 testl\u0259rin\u0259 ba\u015flaya bil\u0259r - MEYDAN.TV","isPartOf":{"@id":"https:\/\/www.meydan.tv\/az\/#website"},"primaryImageOfPage":{"@id":"https:\/\/www.meydan.tv\/az\/article\/simali-koreya-abs-la-danisiqlari-dayandira-ve-nuve-testlerine-baslaya-biler\/#primaryimage"},"image":{"@id":"https:\/\/www.meydan.tv\/az\/article\/simali-koreya-abs-la-danisiqlari-dayandira-ve-nuve-testlerine-baslaya-biler\/#primaryimage"},"thumbnailUrl":"https:\/\/www.meydan.tv\/wp-content\/uploads\/lead_720_405.jpg","datePublished":"2019-03-15T13:05:48+00:00","breadcrumb":{"@id":"https:\/\/www.meydan.tv\/az\/article\/simali-koreya-abs-la-danisiqlari-dayandira-ve-nuve-testlerine-baslaya-biler\/#breadcrumb"},"inLanguage":"az","potentialAction":[{"@type":"ReadAction","target":["https:\/\/www.meydan.tv\/az\/article\/simali-koreya-abs-la-danisiqlari-dayandira-ve-nuve-testlerine-baslaya-biler\/"]}]},{"@type":"ImageObject","inLanguage":"az","@id":"https:\/\/www.meydan.tv\/az\/article\/simali-koreya-abs-la-danisiqlari-dayandira-ve-nuve-testlerine-baslaya-biler\/#primaryimage","url":"https:\/\/www.meydan.tv\/wp-content\/uploads\/lead_720_405.jpg","contentUrl":"https:\/\/www.meydan.tv\/wp-content\/uploads\/lead_720_405.jpg","width":853,"height":480,"caption":"Source: google.az"},{"@type":"BreadcrumbList","@id":"https:\/\/www.meydan.tv\/az\/article\/simali-koreya-abs-la-danisiqlari-dayandira-ve-nuve-testlerine-baslaya-biler\/#breadcrumb","itemListElement":[{"@type":"ListItem","position":1,"name":"Ana s\u0259hif\u0259","item":"https:\/\/www.meydan.tv\/az\/"},{"@type":"ListItem","position":2,"name":"D\u00fcnya","item":"https:\/\/www.meydan.tv\/az\/section\/dunya\/"},{"@type":"ListItem","position":3,"name":"\u015eimali Koreya AB\u015e-la dan\u0131\u015f\u0131qlar\u0131 dayand\u0131ra v\u0259 n\u00fcv\u0259 testl\u0259rin\u0259 ba\u015flaya bil\u0259r"}]},{"@type":"WebSite","@id":"https:\/\/www.meydan.tv\/az\/#website","url":"https:\/\/www.meydan.tv\/az\/","name":"MEYDAN.TV","description":"Meydan TV Az\u0259rbaycan\u0131n media m\u0259kan\u0131ndak\u0131 alternativ s\u0259sidir","publisher":{"@id":"https:\/\/www.meydan.tv\/az\/#organization"},"potentialAction":[{"@type":"SearchAction","target":{"@type":"EntryPoint","urlTemplate":"https:\/\/www.meydan.tv\/az\/?s={search_term_string}"},"query-input":{"@type":"PropertyValueSpecification","valueRequired":true,"valueName":"search_term_string"}}],"inLanguage":"az"},{"@type":"Organization","@id":"https:\/\/www.meydan.tv\/az\/#organization","name":"Meydan TV","url":"https:\/\/www.meydan.tv\/az\/","logo":{"@type":"ImageObject","inLanguage":"az","@id":"https:\/\/www.meydan.tv\/az\/#\/schema\/logo\/image\/","url":"https:\/\/www.meydan.tv\/wp-content\/uploads\/2021\/07\/meydan-logo.svg","contentUrl":"https:\/\/www.meydan.tv\/wp-content\/uploads\/2021\/07\/meydan-logo.svg","width":195,"height":46,"caption":"Meydan TV"},"image":{"@id":"https:\/\/www.meydan.tv\/az\/#\/schema\/logo\/image\/"}},{"@type":"Person","@id":"https:\/\/www.meydan.tv\/az\/#\/schema\/person\/10d11eccf6da3662cf5fdab9806ea91a","name":"user-manager"}]}},"_links":{"self":[{"href":"https:\/\/www.meydan.tv\/az\/wp-json\/wp\/v2\/posts\/194503","targetHints":{"allow":["GET"]}}],"collection":[{"href":"https:\/\/www.meydan.tv\/az\/wp-json\/wp\/v2\/posts"}],"about":[{"href":"https:\/\/www.meydan.tv\/az\/wp-json\/wp\/v2\/types\/post"}],"author":[{"embeddable":true,"href":"https:\/\/www.meydan.tv\/az\/wp-json\/wp\/v2\/users\/11"}],"replies":[{"embeddable":true,"href":"https:\/\/www.meydan.tv\/az\/wp-json\/wp\/v2\/comments?post=194503"}],"version-history":[{"count":0,"href":"https:\/\/www.meydan.tv\/az\/wp-json\/wp\/v2\/posts\/194503\/revisions"}],"wp:featuredmedia":[{"embeddable":true,"href":"https:\/\/www.meydan.tv\/az\/wp-json\/wp\/v2\/media\/120129"}],"wp:attachment":[{"href":"https:\/\/www.meydan.tv\/az\/wp-json\/wp\/v2\/media?parent=194503"}],"wp:term":[{"taxonomy":"category","embeddable":true,"href":"https:\/\/www.meydan.tv\/az\/wp-json\/wp\/v2\/categories?post=194503"},{"taxonomy":"post_tag","embeddable":true,"href":"https:\/\/www.meydan.tv\/az\/wp-json\/wp\/v2\/tags?post=194503"}],"curies":[{"name":"wp","href":"https:\/\/api.w.org\/{rel}","templated":true}]}}