{"id":194492,"date":"2019-03-15T10:50:29","date_gmt":"2019-03-15T10:50:29","guid":{"rendered":"https:\/\/www.meydan.tv\/article\/agsu-sakini-zelzelede-evimize-ziyan-deydi-gelib-baxan-yoxdur\/"},"modified":"2019-03-15T10:50:29","modified_gmt":"2019-03-15T10:50:29","slug":"agsu-sakini-zelzelede-evimize-ziyan-deydi-gelib-baxan-yoxdur","status":"publish","type":"post","link":"https:\/\/www.meydan.tv\/az\/article\/agsu-sakini-zelzelede-evimize-ziyan-deydi-gelib-baxan-yoxdur\/","title":{"rendered":"A\u011fsu sakini: Z\u0259lz\u0259l\u0259d\u0259 evimiz\u0259 ziyan d\u0259ydi, g\u0259lib baxan yoxdur"},"content":{"rendered":"<p>\n  &#x27;&#x27;Prezident bununla ba\u011fl\u0131 s\u0259r\u0259ncam da verib, amma buradak\u0131lar qulaqard\u0131na vururlar&#x27;&#x27;\n<\/p>\n<p>\n  Bu il fevral\u0131n 5-d\u0259 \u00f6lk\u0259 \u0259razisind\u0259 ba\u015f ver\u0259n z\u0259lz\u0259l\u0259 n\u0259tic\u0259sind\u0259 A\u011fsu rayonu \u0130lyas Allahverdiyev k\u00fc\u00e7\u0259si, ev 13 \u00fcnvan\u0131nda ya\u015fayan \u0130manovlar ail\u0259si ciddi ziyan g\u00f6r\u00fcb.\n<\/p>\n<p>\n  Fazil\u0259 \u0130manova Meydan TV-y\u0259 bildirir ki, onsuz da q\u0259zal\u0131 olan ikiotaql\u0131 evl\u0259ri t\u0259bii f\u0259lak\u0259td\u0259n sonra u\u00e7ulub-da\u011f\u0131lmaq t\u0259hl\u00fck\u0259si il\u0259 \u00fcz-\u00fcz\u0259dir:\n<\/p>\n<p>\n  \u201cEvimiz onsuz da k\u00f6hn\u0259 idi. Bu z\u0259lz\u0259l\u0259d\u0259n sonra daha \u00e7ox ziyan d\u0259ydi. Bununla ba\u011fl\u0131 A\u011fsu Rayon \u0130cra Hakimiyy\u0259tin\u0259 getdik. \u0130yirmi g\u00fcnd\u0259n sonra g\u0259lib ev\u0259 bax\u0131\u015f ke\u00e7irdil\u0259r. Amma he\u00e7 bir r\u0259y bildirm\u0259d\u0259n getdil\u0259r. Halbuki, \u0259trafda olan qon\u015fular\u0131n evl\u0259rinin t\u0259mir i\u015fl\u0259rin\u0259 art\u0131q ba\u015flan\u0131l\u0131b. B\u0259s yax\u015f\u0131, bizim evi niy\u0259 t\u0259mir etm\u0259k ist\u0259mirl\u0259r? Prezident bununla ba\u011fl\u0131 s\u0259r\u0259ncam da verib, amma buradak\u0131lar qulaqard\u0131na vururlar. D\u00f6rd k\u00f6rp\u0259 u\u015fa\u011f\u0131m var, qorxudan a\u011fla\u015f\u0131b, ev\u0259 girmirl\u0259r. Divarlar aralan\u0131b, bay\u0131r g\u00f6r\u00fcn\u00fcr\u201d.\n<\/p>\n<figure class=\"wp-block-image size-large\">\n  <img decoding=\"async\" src=\"https:\/\/www.meydan.tv\/az\/54279399_2564222356953543_3405952603811479552_n-jpg\/\" alt=\"54279399_2564222356953543_3405952603811479552_n.jpg\" class=\"wp-image-120101\"\/><figcaption>\n    evin i\u00e7i<br \/>\n  <\/figcaption><\/figure>\n<p>\n  \u015eikay\u0259t\u00e7i bildirir ki, fevral ay\u0131ndan bu yana d\u0259f\u0259l\u0259rl\u0259 icra ba\u015f\u00e7\u0131s\u0131n\u0131n q\u0259bulunda olublar. H\u0259tta F\u00f6vq\u0259lad\u0259 Hallar Nazirliyinin A\u011fsudak\u0131 n\u00fcmay\u0259nd\u0259l\u0259ri il\u0259 d\u0259 g\u00f6r\u00fc\u015f\u00fcbl\u0259r:\n<\/p>\n<p>\n  \u201cH\u0259r d\u0259f\u0259 deyirl\u0259r ki, gedin, d\u00fcz\u0259l\u0259c\u0259k. Art\u0131q bo\u015f v\u0259 yalan v\u0259dl\u0259ri e\u015fitm\u0259kd\u0259n bezmi\u015fik, g\u0259lib baxm\u0131rlar da. H\u0259tta F\u00f6vq\u0259lad\u0259 Hallar Nazirliyinin haz\u0131rda burada olan n\u00fcmay\u0259nd\u0259l\u0259ri il\u0259 d\u0259 g\u00f6r\u00fc\u015fm\u00fc\u015f\u00fck. Ham\u0131s\u0131 da deyir ki, g\u00f6zl\u0259yin, g\u0259lib baxaca\u011f\u0131q. Burada el\u0259 evl\u0259rin t\u0259mirin\u0259 pul ay\u0131r\u0131blar ki, hec ehtiyac yoxdur. Ail\u0259miz alt\u0131 n\u0259f\u0259d\u0259n ibar\u0259tdir. N\u0259 yolda\u015f\u0131m, n\u0259 d\u0259 ki, m\u0259n i\u015fl\u0259mir\u0259m. Ayda u\u015faqlara g\u00f6r\u0259 188 manat sosial m\u00fcavin\u0259t al\u0131r\u0131q. Ba\u015f\u0131m\u0131z\u0131 soxma\u011fa bir evimiz var idi. O da u\u00e7ub gedir. Ev\u0259 ancaq gec\u0259 yatanda giririk. \u0130kiotaql\u0131 m\u0259nzildir. Qar\u015f\u0131s\u0131nda \u015fiferl\u0259 m\u0259tb\u0259x d\u00fcz\u0259ltmi\u015fik\u201d.\n<\/p>\n<p>\n  A\u011fsu Rayon \u0130cra Hakimiyy\u0259tinin ictimai-siyasi v\u0259 humanitar m\u0259s\u0259l\u0259l\u0259r \u015f\u00f6b\u0259sind\u0259n Meydan TV-y\u0259 bildirib ki, Fazil\u0259 \u0130manova ilk n\u00f6vb\u0259d\u0259 \u0130H-n\u0259 yaz\u0131l\u0131 m\u00fcraci\u0259t etm\u0259lidir:\n<\/p>\n<p>\n  &quot;Evl\u0259rin siyah\u0131ya al\u0131nmas\u0131 v\u0259 m\u00fcvafiq t\u0259dbirl\u0259rin g\u00f6r\u00fclm\u0259si il\u0259 F\u00f6vq\u0259lad\u0259 Hallar Nazirliyinin rayondak\u0131 \u015f\u00f6b\u0259si m\u0259\u015f\u011ful olur. V\u0259t\u0259nda\u015f \u00f6z\u00fc g\u0259lsin, \u0130H-n\u0259 m\u00fcraci\u0259t etsin. Qeydiyyata al\u0131nd\u0131qdan sonra y\u00f6nl\u0259ndir\u0259k, F\u00f6vq\u0259lad\u0259 Hallar Komissiyas\u0131n\u0131n \u00fczvl\u0259ri gedib yerind\u0259 bax\u0131b, qiym\u0259t ver\u0259c\u0259kl\u0259r&quot;.\n<\/p>\n<figure class=\"wp-block-image size-large\">\n  <img decoding=\"async\" src=\"https:\/\/www.meydan.tv\/az\/54521228_2564224480286664_4689071918827962368_n-jpg\/\" alt=\"54521228_2564224480286664_4689071918827962368_n.jpg\" class=\"wp-image-120104\"\/><figcaption>\n    evin \u00e7\u00f6l hiss\u0259si<br \/>\n  <\/figcaption><\/figure>\n<p>\n  Rayon F\u00f6vq\u0259lad\u0259 Hallar Komissiyas\u0131n\u0131n hesabat\u0131nda is\u0259 bildirlir ki, bug\u00fcn\u0259 q\u0259d\u0259r komissiyaya 1400-d\u0259n art\u0131q m\u00fcraci\u0259t daxil olub:\n<\/p>\n<p>\n  &quot;Komissiya m\u00fcraci\u0259tl\u0259ri f\u0259rdi qaydada ara\u015fd\u0131r\u0131r, d\u0259ymi\u015f ziyan m\u00fc\u0259yy\u0259nl\u0259\u015fdirilir. Art\u0131q m\u00fcraci\u0259tl\u0259r \u0259sas\u0131nda 1250-d\u0259n art\u0131q ev v\u0259 obyekt\u0259 bax\u0131\u015f ke\u00e7irilib. M\u0259nzil v\u0259 obyektl\u0259rin v\u0259ziyy\u0259ti bar\u0259d\u0259 akt t\u0259qdim edil\u0259r\u0259k aidiyy\u0259ti qurumlara t\u0259qdim olunub. Haz\u0131rda ara\u015fd\u0131rmalar davam edir&quot;.\n<\/p>\n<p>\n  Fevral\u0131n 5-d\u0259 Pirqulu stansiyas\u0131ndan 7 km c\u0259nubda A\u011fsu \u0259razisind\u0259 4,4 bal g\u00fcc\u00fcnd\u0259 z\u0259lz\u0259l\u0259 qeyd\u0259 al\u0131n\u0131b. H\u0259min z\u0259lz\u0259l\u0259 episentrd\u0259 5 bala yax\u0131n, \u0259traf rayonlarda 4,3 bala q\u0259d\u0259r hiss olunub. H\u0259min g\u00fcn Pirqulu stansiyas\u0131ndan 9 km c\u0259nub-q\u0259rbd\u0259 \u0130smay\u0131ll\u0131 \u0259razisind\u0259 z\u0259lz\u0259l\u0259 qeyd\u0259 al\u0131n\u0131b. Fevral\u0131n 9-da v\u0259 11-d\u0259 d\u0259 Pirqulu stansiyas\u0131ndan 8 v\u0259 9 km c\u0259nub-q\u0259rbd\u0259 v\u0259 q\u0259rbd\u0259 yeralt\u0131 t\u0259kanlar ba\u015f verib.<\/p>\n","protected":false},"excerpt":{"rendered":"<p>Rayon F\u00f6vq\u0259lad\u0259 Hallar Komissiyas\u0131n\u0131n hesabat\u0131nda is\u0259 bildirlir ki, bug\u00fcn\u0259 q\u0259d\u0259r komissiyaya 1400-d\u0259n art\u0131q m\u00fcraci\u0259t daxil olub<\/p>\n","protected":false},"author":11,"featured_media":120098,"comment_status":"closed","ping_status":"open","sticky":false,"template":"","format":"standard","meta":{"_acf_changed":false,"_sitemap_exclude":false,"_sitemap_priority":"","_sitemap_frequency":"","footnotes":""},"categories":[60],"tags":[],"class_list":["post-194492","post","type-post","status-publish","format-standard","has-post-thumbnail","hentry","category-bolge","infinite-scroll-item","generate-columns","tablet-grid-50","mobile-grid-100","grid-parent","grid-33","no-featured-image-padding"],"acf":[],"yoast_head":"<!-- This site is optimized with the Yoast SEO plugin v27.4 - https:\/\/yoast.com\/product\/yoast-seo-wordpress\/ -->\n<title>A\u011fsu sakini: Z\u0259lz\u0259l\u0259d\u0259 evimiz\u0259 ziyan d\u0259ydi, g\u0259lib baxan yoxdur - MEYDAN.TV<\/title>\n<meta name=\"robots\" content=\"index, follow, max-snippet:-1, max-image-preview:large, max-video-preview:-1\" \/>\n<link rel=\"canonical\" href=\"https:\/\/www.meydan.tv\/az\/article\/agsu-sakini-zelzelede-evimize-ziyan-deydi-gelib-baxan-yoxdur\/\" \/>\n<meta property=\"og:locale\" content=\"az_AZ\" \/>\n<meta property=\"og:type\" content=\"article\" \/>\n<meta property=\"og:title\" content=\"A\u011fsu sakini: Z\u0259lz\u0259l\u0259d\u0259 evimiz\u0259 ziyan d\u0259ydi, g\u0259lib baxan yoxdur - MEYDAN.TV\" \/>\n<meta property=\"og:description\" content=\"Rayon F\u00f6vq\u0259lad\u0259 Hallar Komissiyas\u0131n\u0131n hesabat\u0131nda is\u0259 bildirlir ki, bug\u00fcn\u0259 q\u0259d\u0259r komissiyaya 1400-d\u0259n art\u0131q m\u00fcraci\u0259t daxil olub\" \/>\n<meta property=\"og:url\" content=\"https:\/\/www.meydan.tv\/az\/article\/agsu-sakini-zelzelede-evimize-ziyan-deydi-gelib-baxan-yoxdur\/\" \/>\n<meta property=\"og:site_name\" content=\"MEYDAN.TV\" \/>\n<meta property=\"article:published_time\" content=\"2019-03-15T10:50:29+00:00\" \/>\n<meta property=\"og:image\" content=\"https:\/\/www.meydan.tv\/wp-content\/uploads\/54428359_2564224410286671_2041653974494347264_n.jpg\" \/>\n\t<meta property=\"og:image:width\" content=\"960\" \/>\n\t<meta property=\"og:image:height\" content=\"720\" \/>\n\t<meta property=\"og:image:type\" content=\"image\/jpeg\" \/>\n<meta name=\"author\" content=\"user-manager\" \/>\n<meta name=\"twitter:card\" content=\"summary_large_image\" \/>\n<script type=\"application\/ld+json\" class=\"yoast-schema-graph\">{\"@context\":\"https:\\\/\\\/schema.org\",\"@graph\":[{\"@type\":\"Article\",\"@id\":\"https:\\\/\\\/www.meydan.tv\\\/az\\\/article\\\/agsu-sakini-zelzelede-evimize-ziyan-deydi-gelib-baxan-yoxdur\\\/#article\",\"isPartOf\":{\"@id\":\"https:\\\/\\\/www.meydan.tv\\\/az\\\/article\\\/agsu-sakini-zelzelede-evimize-ziyan-deydi-gelib-baxan-yoxdur\\\/\"},\"author\":{\"name\":\"user-manager\",\"@id\":\"https:\\\/\\\/www.meydan.tv\\\/az\\\/#\\\/schema\\\/person\\\/10d11eccf6da3662cf5fdab9806ea91a\"},\"headline\":\"A\u011fsu sakini: Z\u0259lz\u0259l\u0259d\u0259 evimiz\u0259 ziyan d\u0259ydi, g\u0259lib baxan yoxdur\",\"datePublished\":\"2019-03-15T10:50:29+00:00\",\"mainEntityOfPage\":{\"@id\":\"https:\\\/\\\/www.meydan.tv\\\/az\\\/article\\\/agsu-sakini-zelzelede-evimize-ziyan-deydi-gelib-baxan-yoxdur\\\/\"},\"wordCount\":702,\"publisher\":{\"@id\":\"https:\\\/\\\/www.meydan.tv\\\/az\\\/#organization\"},\"image\":{\"@id\":\"https:\\\/\\\/www.meydan.tv\\\/az\\\/article\\\/agsu-sakini-zelzelede-evimize-ziyan-deydi-gelib-baxan-yoxdur\\\/#primaryimage\"},\"thumbnailUrl\":\"https:\\\/\\\/www.meydan.tv\\\/wp-content\\\/uploads\\\/54428359_2564224410286671_2041653974494347264_n.jpg\",\"articleSection\":[\"B\u00f6lg\u0259\"],\"inLanguage\":\"az\"},{\"@type\":\"WebPage\",\"@id\":\"https:\\\/\\\/www.meydan.tv\\\/az\\\/article\\\/agsu-sakini-zelzelede-evimize-ziyan-deydi-gelib-baxan-yoxdur\\\/\",\"url\":\"https:\\\/\\\/www.meydan.tv\\\/az\\\/article\\\/agsu-sakini-zelzelede-evimize-ziyan-deydi-gelib-baxan-yoxdur\\\/\",\"name\":\"A\u011fsu sakini: Z\u0259lz\u0259l\u0259d\u0259 evimiz\u0259 ziyan d\u0259ydi, g\u0259lib baxan yoxdur - MEYDAN.TV\",\"isPartOf\":{\"@id\":\"https:\\\/\\\/www.meydan.tv\\\/az\\\/#website\"},\"primaryImageOfPage\":{\"@id\":\"https:\\\/\\\/www.meydan.tv\\\/az\\\/article\\\/agsu-sakini-zelzelede-evimize-ziyan-deydi-gelib-baxan-yoxdur\\\/#primaryimage\"},\"image\":{\"@id\":\"https:\\\/\\\/www.meydan.tv\\\/az\\\/article\\\/agsu-sakini-zelzelede-evimize-ziyan-deydi-gelib-baxan-yoxdur\\\/#primaryimage\"},\"thumbnailUrl\":\"https:\\\/\\\/www.meydan.tv\\\/wp-content\\\/uploads\\\/54428359_2564224410286671_2041653974494347264_n.jpg\",\"datePublished\":\"2019-03-15T10:50:29+00:00\",\"breadcrumb\":{\"@id\":\"https:\\\/\\\/www.meydan.tv\\\/az\\\/article\\\/agsu-sakini-zelzelede-evimize-ziyan-deydi-gelib-baxan-yoxdur\\\/#breadcrumb\"},\"inLanguage\":\"az\",\"potentialAction\":[{\"@type\":\"ReadAction\",\"target\":[\"https:\\\/\\\/www.meydan.tv\\\/az\\\/article\\\/agsu-sakini-zelzelede-evimize-ziyan-deydi-gelib-baxan-yoxdur\\\/\"]}]},{\"@type\":\"ImageObject\",\"inLanguage\":\"az\",\"@id\":\"https:\\\/\\\/www.meydan.tv\\\/az\\\/article\\\/agsu-sakini-zelzelede-evimize-ziyan-deydi-gelib-baxan-yoxdur\\\/#primaryimage\",\"url\":\"https:\\\/\\\/www.meydan.tv\\\/wp-content\\\/uploads\\\/54428359_2564224410286671_2041653974494347264_n.jpg\",\"contentUrl\":\"https:\\\/\\\/www.meydan.tv\\\/wp-content\\\/uploads\\\/54428359_2564224410286671_2041653974494347264_n.jpg\",\"width\":960,\"height\":720,\"caption\":\"Source: meydan tv\"},{\"@type\":\"BreadcrumbList\",\"@id\":\"https:\\\/\\\/www.meydan.tv\\\/az\\\/article\\\/agsu-sakini-zelzelede-evimize-ziyan-deydi-gelib-baxan-yoxdur\\\/#breadcrumb\",\"itemListElement\":[{\"@type\":\"ListItem\",\"position\":1,\"name\":\"Ana s\u0259hif\u0259\",\"item\":\"https:\\\/\\\/www.meydan.tv\\\/az\\\/\"},{\"@type\":\"ListItem\",\"position\":2,\"name\":\"B\u00f6lg\u0259\",\"item\":\"https:\\\/\\\/www.meydan.tv\\\/az\\\/section\\\/bolge\\\/\"},{\"@type\":\"ListItem\",\"position\":3,\"name\":\"A\u011fsu sakini: Z\u0259lz\u0259l\u0259d\u0259 evimiz\u0259 ziyan d\u0259ydi, g\u0259lib baxan yoxdur\"}]},{\"@type\":\"WebSite\",\"@id\":\"https:\\\/\\\/www.meydan.tv\\\/az\\\/#website\",\"url\":\"https:\\\/\\\/www.meydan.tv\\\/az\\\/\",\"name\":\"MEYDAN.TV\",\"description\":\"Meydan TV Az\u0259rbaycan\u0131n media m\u0259kan\u0131ndak\u0131 alternativ s\u0259sidir\",\"publisher\":{\"@id\":\"https:\\\/\\\/www.meydan.tv\\\/az\\\/#organization\"},\"potentialAction\":[{\"@type\":\"SearchAction\",\"target\":{\"@type\":\"EntryPoint\",\"urlTemplate\":\"https:\\\/\\\/www.meydan.tv\\\/az\\\/?s={search_term_string}\"},\"query-input\":{\"@type\":\"PropertyValueSpecification\",\"valueRequired\":true,\"valueName\":\"search_term_string\"}}],\"inLanguage\":\"az\"},{\"@type\":\"Organization\",\"@id\":\"https:\\\/\\\/www.meydan.tv\\\/az\\\/#organization\",\"name\":\"Meydan TV\",\"url\":\"https:\\\/\\\/www.meydan.tv\\\/az\\\/\",\"logo\":{\"@type\":\"ImageObject\",\"inLanguage\":\"az\",\"@id\":\"https:\\\/\\\/www.meydan.tv\\\/az\\\/#\\\/schema\\\/logo\\\/image\\\/\",\"url\":\"https:\\\/\\\/www.meydan.tv\\\/wp-content\\\/uploads\\\/2021\\\/07\\\/meydan-logo.svg\",\"contentUrl\":\"https:\\\/\\\/www.meydan.tv\\\/wp-content\\\/uploads\\\/2021\\\/07\\\/meydan-logo.svg\",\"width\":195,\"height\":46,\"caption\":\"Meydan TV\"},\"image\":{\"@id\":\"https:\\\/\\\/www.meydan.tv\\\/az\\\/#\\\/schema\\\/logo\\\/image\\\/\"}},{\"@type\":\"Person\",\"@id\":\"https:\\\/\\\/www.meydan.tv\\\/az\\\/#\\\/schema\\\/person\\\/10d11eccf6da3662cf5fdab9806ea91a\",\"name\":\"user-manager\"}]}<\/script>\n<!-- \/ Yoast SEO plugin. -->","yoast_head_json":{"title":"A\u011fsu sakini: Z\u0259lz\u0259l\u0259d\u0259 evimiz\u0259 ziyan d\u0259ydi, g\u0259lib baxan yoxdur - MEYDAN.TV","robots":{"index":"index","follow":"follow","max-snippet":"max-snippet:-1","max-image-preview":"max-image-preview:large","max-video-preview":"max-video-preview:-1"},"canonical":"https:\/\/www.meydan.tv\/az\/article\/agsu-sakini-zelzelede-evimize-ziyan-deydi-gelib-baxan-yoxdur\/","og_locale":"az_AZ","og_type":"article","og_title":"A\u011fsu sakini: Z\u0259lz\u0259l\u0259d\u0259 evimiz\u0259 ziyan d\u0259ydi, g\u0259lib baxan yoxdur - MEYDAN.TV","og_description":"Rayon F\u00f6vq\u0259lad\u0259 Hallar Komissiyas\u0131n\u0131n hesabat\u0131nda is\u0259 bildirlir ki, bug\u00fcn\u0259 q\u0259d\u0259r komissiyaya 1400-d\u0259n art\u0131q m\u00fcraci\u0259t daxil olub","og_url":"https:\/\/www.meydan.tv\/az\/article\/agsu-sakini-zelzelede-evimize-ziyan-deydi-gelib-baxan-yoxdur\/","og_site_name":"MEYDAN.TV","article_published_time":"2019-03-15T10:50:29+00:00","og_image":[{"width":960,"height":720,"url":"https:\/\/www.meydan.tv\/wp-content\/uploads\/54428359_2564224410286671_2041653974494347264_n.jpg","type":"image\/jpeg"}],"author":"user-manager","twitter_card":"summary_large_image","schema":{"@context":"https:\/\/schema.org","@graph":[{"@type":"Article","@id":"https:\/\/www.meydan.tv\/az\/article\/agsu-sakini-zelzelede-evimize-ziyan-deydi-gelib-baxan-yoxdur\/#article","isPartOf":{"@id":"https:\/\/www.meydan.tv\/az\/article\/agsu-sakini-zelzelede-evimize-ziyan-deydi-gelib-baxan-yoxdur\/"},"author":{"name":"user-manager","@id":"https:\/\/www.meydan.tv\/az\/#\/schema\/person\/10d11eccf6da3662cf5fdab9806ea91a"},"headline":"A\u011fsu sakini: Z\u0259lz\u0259l\u0259d\u0259 evimiz\u0259 ziyan d\u0259ydi, g\u0259lib baxan yoxdur","datePublished":"2019-03-15T10:50:29+00:00","mainEntityOfPage":{"@id":"https:\/\/www.meydan.tv\/az\/article\/agsu-sakini-zelzelede-evimize-ziyan-deydi-gelib-baxan-yoxdur\/"},"wordCount":702,"publisher":{"@id":"https:\/\/www.meydan.tv\/az\/#organization"},"image":{"@id":"https:\/\/www.meydan.tv\/az\/article\/agsu-sakini-zelzelede-evimize-ziyan-deydi-gelib-baxan-yoxdur\/#primaryimage"},"thumbnailUrl":"https:\/\/www.meydan.tv\/wp-content\/uploads\/54428359_2564224410286671_2041653974494347264_n.jpg","articleSection":["B\u00f6lg\u0259"],"inLanguage":"az"},{"@type":"WebPage","@id":"https:\/\/www.meydan.tv\/az\/article\/agsu-sakini-zelzelede-evimize-ziyan-deydi-gelib-baxan-yoxdur\/","url":"https:\/\/www.meydan.tv\/az\/article\/agsu-sakini-zelzelede-evimize-ziyan-deydi-gelib-baxan-yoxdur\/","name":"A\u011fsu sakini: Z\u0259lz\u0259l\u0259d\u0259 evimiz\u0259 ziyan d\u0259ydi, g\u0259lib baxan yoxdur - MEYDAN.TV","isPartOf":{"@id":"https:\/\/www.meydan.tv\/az\/#website"},"primaryImageOfPage":{"@id":"https:\/\/www.meydan.tv\/az\/article\/agsu-sakini-zelzelede-evimize-ziyan-deydi-gelib-baxan-yoxdur\/#primaryimage"},"image":{"@id":"https:\/\/www.meydan.tv\/az\/article\/agsu-sakini-zelzelede-evimize-ziyan-deydi-gelib-baxan-yoxdur\/#primaryimage"},"thumbnailUrl":"https:\/\/www.meydan.tv\/wp-content\/uploads\/54428359_2564224410286671_2041653974494347264_n.jpg","datePublished":"2019-03-15T10:50:29+00:00","breadcrumb":{"@id":"https:\/\/www.meydan.tv\/az\/article\/agsu-sakini-zelzelede-evimize-ziyan-deydi-gelib-baxan-yoxdur\/#breadcrumb"},"inLanguage":"az","potentialAction":[{"@type":"ReadAction","target":["https:\/\/www.meydan.tv\/az\/article\/agsu-sakini-zelzelede-evimize-ziyan-deydi-gelib-baxan-yoxdur\/"]}]},{"@type":"ImageObject","inLanguage":"az","@id":"https:\/\/www.meydan.tv\/az\/article\/agsu-sakini-zelzelede-evimize-ziyan-deydi-gelib-baxan-yoxdur\/#primaryimage","url":"https:\/\/www.meydan.tv\/wp-content\/uploads\/54428359_2564224410286671_2041653974494347264_n.jpg","contentUrl":"https:\/\/www.meydan.tv\/wp-content\/uploads\/54428359_2564224410286671_2041653974494347264_n.jpg","width":960,"height":720,"caption":"Source: meydan tv"},{"@type":"BreadcrumbList","@id":"https:\/\/www.meydan.tv\/az\/article\/agsu-sakini-zelzelede-evimize-ziyan-deydi-gelib-baxan-yoxdur\/#breadcrumb","itemListElement":[{"@type":"ListItem","position":1,"name":"Ana s\u0259hif\u0259","item":"https:\/\/www.meydan.tv\/az\/"},{"@type":"ListItem","position":2,"name":"B\u00f6lg\u0259","item":"https:\/\/www.meydan.tv\/az\/section\/bolge\/"},{"@type":"ListItem","position":3,"name":"A\u011fsu sakini: Z\u0259lz\u0259l\u0259d\u0259 evimiz\u0259 ziyan d\u0259ydi, g\u0259lib baxan yoxdur"}]},{"@type":"WebSite","@id":"https:\/\/www.meydan.tv\/az\/#website","url":"https:\/\/www.meydan.tv\/az\/","name":"MEYDAN.TV","description":"Meydan TV Az\u0259rbaycan\u0131n media m\u0259kan\u0131ndak\u0131 alternativ s\u0259sidir","publisher":{"@id":"https:\/\/www.meydan.tv\/az\/#organization"},"potentialAction":[{"@type":"SearchAction","target":{"@type":"EntryPoint","urlTemplate":"https:\/\/www.meydan.tv\/az\/?s={search_term_string}"},"query-input":{"@type":"PropertyValueSpecification","valueRequired":true,"valueName":"search_term_string"}}],"inLanguage":"az"},{"@type":"Organization","@id":"https:\/\/www.meydan.tv\/az\/#organization","name":"Meydan TV","url":"https:\/\/www.meydan.tv\/az\/","logo":{"@type":"ImageObject","inLanguage":"az","@id":"https:\/\/www.meydan.tv\/az\/#\/schema\/logo\/image\/","url":"https:\/\/www.meydan.tv\/wp-content\/uploads\/2021\/07\/meydan-logo.svg","contentUrl":"https:\/\/www.meydan.tv\/wp-content\/uploads\/2021\/07\/meydan-logo.svg","width":195,"height":46,"caption":"Meydan TV"},"image":{"@id":"https:\/\/www.meydan.tv\/az\/#\/schema\/logo\/image\/"}},{"@type":"Person","@id":"https:\/\/www.meydan.tv\/az\/#\/schema\/person\/10d11eccf6da3662cf5fdab9806ea91a","name":"user-manager"}]}},"_links":{"self":[{"href":"https:\/\/www.meydan.tv\/az\/wp-json\/wp\/v2\/posts\/194492","targetHints":{"allow":["GET"]}}],"collection":[{"href":"https:\/\/www.meydan.tv\/az\/wp-json\/wp\/v2\/posts"}],"about":[{"href":"https:\/\/www.meydan.tv\/az\/wp-json\/wp\/v2\/types\/post"}],"author":[{"embeddable":true,"href":"https:\/\/www.meydan.tv\/az\/wp-json\/wp\/v2\/users\/11"}],"replies":[{"embeddable":true,"href":"https:\/\/www.meydan.tv\/az\/wp-json\/wp\/v2\/comments?post=194492"}],"version-history":[{"count":0,"href":"https:\/\/www.meydan.tv\/az\/wp-json\/wp\/v2\/posts\/194492\/revisions"}],"wp:featuredmedia":[{"embeddable":true,"href":"https:\/\/www.meydan.tv\/az\/wp-json\/wp\/v2\/media\/120098"}],"wp:attachment":[{"href":"https:\/\/www.meydan.tv\/az\/wp-json\/wp\/v2\/media?parent=194492"}],"wp:term":[{"taxonomy":"category","embeddable":true,"href":"https:\/\/www.meydan.tv\/az\/wp-json\/wp\/v2\/categories?post=194492"},{"taxonomy":"post_tag","embeddable":true,"href":"https:\/\/www.meydan.tv\/az\/wp-json\/wp\/v2\/tags?post=194492"}],"curies":[{"name":"wp","href":"https:\/\/api.w.org\/{rel}","templated":true}]}}