{"id":194478,"date":"2019-03-14T12:40:46","date_gmt":"2019-03-14T12:40:46","guid":{"rendered":"https:\/\/www.meydan.tv\/article\/bu-deqiqe-qonsunun-oglunun-salvarini-geyinmisem\/"},"modified":"2019-03-14T12:40:46","modified_gmt":"2019-03-14T12:40:46","slug":"bu-deqiqe-qonsunun-oglunun-salvarini-geyinmisem","status":"publish","type":"post","link":"https:\/\/www.meydan.tv\/az\/article\/bu-deqiqe-qonsunun-oglunun-salvarini-geyinmisem\/","title":{"rendered":"\u201cBu d\u0259qiq\u0259 qon\u015funun o\u011flunun \u015falvar\u0131n\u0131 geyinmi\u015f\u0259m\u201d"},"content":{"rendered":"<p>\n  <i><br \/>\n    Potuda 8 n\u0259f\u0259rlik ail\u0259 qalma\u011fa yer tapm\u0131r: \u201cA\u011f\u0131z a\u00e7mad\u0131\u011f\u0131m\u0131z m\u0259mur qalmay\u0131b&#8230;\u201d<br \/>\n  <\/i>\n<\/p>\n<p>\n  G\u00f6y\u00e7ayda rayon m\u0259rk\u0259zin\u0259 \u00e7ox yax\u0131n yerl\u0259\u015f\u0259n Potu k\u0259ndind\u0259 evi yanan ail\u0259 gec\u0259l\u0259m\u0259y\u0259 yer tapa bilmir. R\u0259sulovlar ail\u0259si k\u00fc\u00e7\u0259l\u0259rd\u0259 qal\u0131b.\n<\/p>\n<p>\n  <b><br \/>\n    <i><br \/>\n      \u201cNe\u00e7\u0259 d\u0259f\u0259 i\u015f\u0131q idar\u0259sin\u0259 \u015fikay\u0259t el\u0259mi\u015fdim\u201d<br \/>\n    <\/i><br \/>\n  <\/b>\n<\/p>\n<p>\n  G\u0259lib onlar\u0131n qap\u0131s\u0131n\u0131 q\u0131f\u0131ll\u0131 g\u00f6r\u00fcr\u00fck. Qon\u015fular deyir ki, ev bir aydan \u00e7oxdur yan\u0131b, ail\u0259 daim gec\u0259l\u0259m\u0259y\u0259 yer axtar\u0131r. Yanan \u0259\u015fyalar\u0131n \u00e7oxu h\u0259l\u0259 d\u0259 k\u00fc\u00e7\u0259d\u0259dir. Qalaqlanan \u0259\u015fyalar aras\u0131nda u\u015faq \u0259lc\u0259yinin yaln\u0131z bir tay\u0131 g\u00f6z\u0259 d\u0259yir&#8230;\n<\/p>\n<p>\n  Bir az sonra R\u0259sulovlar g\u0259lib \u00e7\u0131x\u0131r. T\u0259rxan R\u0259sulov deyir ki, evl\u0259ri q\u0131saqapanmadan yan\u0131b: \u201cD\u00fcz evin yan\u0131ndan y\u00fcks\u0259k g\u0259rginlikli elektrik x\u0259tl\u0259ri ke\u00e7ir. Ne\u00e7\u0259 d\u0259f\u0259 i\u015f\u0131q idar\u0259sin\u0259 gedib \u015fikay\u0259t el\u0259mi\u015fdim. Ev yanandan sonra icra ba\u015f\u00e7\u0131s\u0131 da g\u0259lib baxm\u0131\u015fd\u0131. \u0130\u015f\u0131q x\u0259tl\u0259ri telefon x\u0259tl\u0259rin\u0259 dola\u015fm\u0131\u015fd\u0131. \u018fvv\u0259l-ax\u0131r bir x\u0259ta \u00e7\u0131xacaqd\u0131\u201d.\n<\/p>\n<p><embed alt=\"T\u0259rxan R\u0259sulov\" embedtype=\"image\" format=\"right\" id=\"39113\"\/><\/p>\n<p>\n  T\u0259rxan R\u0259sulovun dediyin\u0259 g\u00f6r\u0259, d\u00f6vl\u0259t orqanlar\u0131 ail\u0259si il\u0259 maraqlanm\u0131r. \u0130\u015fi d\u0259 \u0259dal\u0259tl\u0259 ara\u015fd\u0131rm\u0131rlar: \u201c\u0130cra ba\u015f\u00e7\u0131s\u0131 dedi ki, m\u0259nim d\u0259 ba\u015f\u0131ma g\u0259l\u0259 bil\u0259r. El\u0259 o, bir az material verib. Novruz bayram\u0131na q\u0259d\u0259r evin \u00fcst\u00fcn\u00fc \u00f6rtm\u0259y\u0259 \u00e7al\u0131\u015f\u0131r\u0131q. Evi d\u00fcz\u0259ltm\u0259y\u0259 he\u00e7 bir q\u00fcvv\u0259miz yoxdu\u201d.\n<\/p>\n<p>\n  <b><br \/>\n    <i><br \/>\n      Qon\u015fular yem\u0259k, paltar verdil\u0259r&#8230;<br \/>\n    <\/i><br \/>\n  <\/b>\n<\/p>\n<p>\n  T\u0259rxan deyir ki, yan\u011f\u0131n q\u0131z\u0131n\u0131n v\u0259 n\u0259v\u0259l\u0259rinin ota\u011f\u0131ndan ba\u015flay\u0131b:\n<\/p>\n<p>\n  \u201c\u018frind\u0259n yeddi ildir ayr\u0131l\u0131b, u\u015faqlar\u0131yla bu otaqda qal\u0131rd\u0131. G\u0259linim qa\u00e7a-qa\u00e7a g\u0259lib yan\u011f\u0131n haqda x\u0259b\u0259r ver\u0259nd\u0259 birinci u\u015faqlar\u0131 xilas el\u0259m\u0259y\u0259 \u00e7al\u0131\u015fd\u0131m. Polis \u0259\u015fyalar\u0131 \u00e7\u0131xarma\u011fa qoymad\u0131. Q\u0131z\u0131m bu ill\u0259r \u0259rzind\u0259 alimentl\u0259 3 min manat pul y\u0131\u011fm\u0131\u015fd\u0131, o da yand\u0131. N\u0259 z\u00fclml\u0259 toplam\u0131\u015fd\u0131 o pulu. \u00c7emodan\u0131na qoymu\u015fdu. N\u0259yi var, yand\u0131. Soyuducu, mebel, g\u0259linimin cehizi&#8230;\u201d\n<\/p>\n<p>\n  T\u0259rxan\u0131n g\u0259lini F\u0259rid\u0259 R\u0259sulova dan\u0131\u015f\u0131r:\n<\/p>\n<p>\n  \u201cQa\u00e7\u0131b \u00e7\u00f6ld\u0259n say\u011fac\u0131 s\u00f6nd\u00fcrd\u00fcm. K\u00fc\u00e7\u0259d\u0259 iki cavan u\u015faq vard\u0131, k\u00f6m\u0259y\u0259 \u00e7a\u011f\u0131rd\u0131m, g\u0259lm\u0259dil\u0259r. Dedil\u0259r, indi yan\u011f\u0131ns\u00f6nd\u00fcr\u0259nl\u0259r g\u0259l\u0259c\u0259k. O da \u00e7ox gec g\u0259lib \u00e7atd\u0131. G\u0259ldil\u0259r, dedil\u0259r, suyumuz yoxdu. Ev g\u00f6z\u00fcm\u00fcz\u00fcn qaba\u011f\u0131nda m\u0259hv olub getdi\u201d.\n<\/p>\n<p>\n  T\u0259rxan deyir ki, qon\u015fular \u00e7ox k\u00f6m\u0259k edib: \u201cYem\u0259k, paltar verdil\u0259r. Bu d\u0259qiq\u0259 qon\u015funun o\u011flunun \u015falvar\u0131n\u0131 geyinmi\u015f\u0259m\u201d.\n<\/p>\n<p><embed alt=\"F\u0259rid\u0259 R\u0259sulova\" embedtype=\"image\" format=\"left\" id=\"39114\"\/><\/p>\n<p>\n  <b><br \/>\n    <i><br \/>\n      \u201c17 n\u0259f\u0259r bir yerd\u0259 yat\u0131r\u0131q\u201d<br \/>\n    <\/i><br \/>\n  <\/b>\n<\/p>\n<p>\n  T\u0259rxan dan\u0131\u015f\u0131r ki, on g\u00fcn h\u0259y\u0259td\u0259 a\u00e7\u0131q havada yat\u0131blar: \u201cB\u0259l\u0259diyy\u0259d\u0259n dedil\u0259r ki, kiray\u0259 ev tap\u0131n, 60 manat ver\u0259k. Dedim, 8 n\u0259f\u0259rlik ail\u0259yik, o qiym\u0259t\u0259 haradan ev tap\u0131m? He\u00e7 olmasa, 100 manat versinl\u0259r. \u00dcst\u0259lik, kommunal x\u0259rcl\u0259ri d\u0259 \u00f6z\u00fcm\u00fcz \u00f6d\u0259m\u0259liyik. \u0130ndi he\u00e7 o pulu da vermirl\u0259r. 100 manata ev tapm\u0131\u015fd\u0131q. B\u0259l\u0259diyy\u0259nin n\u00fcmay\u0259nd\u0259si dedi: \u201cOnsuz da h\u0259min pulu \u00f6z cibimd\u0259n t\u0259klif el\u0259yirdim\u201d. \u00c7ox aciz v\u0259ziyy\u0259td\u0259 qalm\u0131\u015f\u0131q. D\u00f6vl\u0259tin k\u00f6m\u0259yi yoxdu. Bac\u0131mgilin yataqxanadak\u0131 ota\u011f\u0131na y\u0131\u011f\u0131\u015fm\u0131\u015f\u0131q. 17 n\u0259f\u0259r bir yerd\u0259 yat\u0131r\u0131q. X\u0259cal\u0259timd\u0259n \u00f6l\u00fcr\u0259m\u201d.\n<\/p>\n<p>\n  T\u0259rxan\u0131n h\u0259yat yolda\u015f\u0131 Ayg\u00fcn R\u0259sulova s\u00f6hb\u0259t\u0259 qo\u015fulur:\n<\/p>\n<p>\n  \u201c\u0130ki n\u0259v\u0259mi m\u0259kt\u0259b\u0259 ev paltar\u0131 il\u0259 g\u00f6nd\u0259ririk. Evd\u0259 u\u015faqlar\u0131n \u00e7antas\u0131, kitab-d\u0259ft\u0259ri d\u0259 yand\u0131. N\u0259 q\u0259d\u0259r d\u0259rsd\u0259n qald\u0131lar. Ke\u00e7\u0259n h\u0259ft\u0259d\u0259n m\u0259kt\u0259b\u0259 gedirl\u0259r. D\u0259ft\u0259r-q\u0259l\u0259mi sinif yolda\u015flar\u0131 verir. Paltar, ayaqqab\u0131 ver\u0259n d\u0259 olub\u201d.\n<\/p>\n<p><embed alt=\"EV\" embedtype=\"image\" format=\"left\" id=\"39115\"\/><\/p>\n<p>\n  <b><br \/>\n    <i><br \/>\n      \u201cG\u00f6zl\u0259rim g\u00f6rm\u00fcr, ev\u0259 bir manat pul g\u0259lmir\u201d<br \/>\n    <\/i><br \/>\n  <\/b>\n<\/p>\n<p>\n  Ail\u0259d\u0259 n\u0259 i\u015fl\u0259y\u0259n var, n\u0259 d\u0259 sosial yard\u0131m alan. T\u0259rxan deyir ki, ev yanana q\u0259d\u0259r onsuz da ail\u0259nin durumu a\u011f\u0131r olub:\n<\/p>\n<p>\n  \u201cM\u0259n \u201cVAZ 2106\u201d ma\u015f\u0131n\u0131 il\u0259 xaltura el\u0259m\u0259y\u0259 \u00e7al\u0131\u015f\u0131rd\u0131m. Daha g\u00f6zl\u0259rim g\u00f6rm\u00fcr, ev\u0259 bir manat pul g\u0259lmir. H\u0259m g\u00f6z\u00fcmd\u0259n, h\u0259m d\u0259 daxili orqan\u0131mdan \u0259m\u0259liyyat olunmal\u0131yam. Ma\u015f\u0131n\u0131 \u00e7\u0259tinlikl\u0259 s\u00fcr\u00fcr\u0259m. Yan\u0131mdak\u0131ndan soru\u015furam ki, indi d\u00f6n\u00fcm, ya yox? G\u00f6z\u00fcm tezlikl\u0259 tamamil\u0259 tutulacaq. \u0130ll\u0259rl\u0259 ev \u00fc\u00e7\u00fcn vuru\u015fmu\u015fduq. N\u0259 z\u00fclml\u0259 tikmi\u015fdik&#8230;\u201d.\n<\/p>\n<p>\n  Ail\u0259 hesab edir ki, d\u00f6vl\u0259t orqanlar\u0131 onlara ciddi k\u00f6m\u0259k olmal\u0131d\u0131r. S\u0131\u011f\u0131nacaq yoxdur, he\u00e7 olmasa, evin b\u0259rpas\u0131na \u0259l tutsunlar.\n<\/p>\n<p><embed alt=\"Ev\" embedtype=\"image\" format=\"right\" id=\"39116\"\/><\/p>\n<p>\n  T\u0259rxan deyir: \u201c\u0130\u015f\u0131q idar\u0259sinin m\u0259suliyy\u0259tsizliyi \u00fcz\u00fcnd\u0259n bu g\u00fcn\u0259 d\u00fc\u015fm\u00fc\u015f\u00fck. Bayrama q\u0259d\u0259r evim\u0259 y\u0131\u011f\u0131\u015fma\u011fa k\u00f6m\u0259k el\u0259sinl\u0259r. A\u011f\u0131z a\u00e7mad\u0131\u011f\u0131m m\u0259mur qalmay\u0131b. Daha bel\u0259 v\u0259ziyy\u0259td\u0259 ya\u015famaq olmur. Utand\u0131\u011f\u0131mdan u\u015faqlar\u0131n \u00fcz\u00fcn\u0259 baxa bilmir\u0259m\u201d.\n<\/p>\n<p>\n  G\u00f6y\u00e7ay Rayon \u0130cra Hakimiyy\u0259tind\u0259n Meydan TV-y\u0259 deyibl\u0259r ki, T\u0259rxan R\u0259sulovun ail\u0259sin\u0259 bacard\u0131qlar\u0131 k\u00f6m\u0259kliyi g\u00f6st\u0259ribl\u0259r. Bundan sonra da onlar\u0131n v\u0259ziyy\u0259ti il\u0259 maraqlanacaqlar.<\/p>\n","protected":false},"excerpt":{"rendered":"<p>Potuda 8 n\u0259f\u0259rlik ail\u0259 qalma\u011fa yer tapm\u0131r: \u201cA\u011f\u0131z a\u00e7mad\u0131\u011f\u0131m\u0131z m\u0259mur qalmay\u0131b&#8230;\u201d<\/p>\n","protected":false},"author":11,"featured_media":120041,"comment_status":"closed","ping_status":"open","sticky":false,"template":"","format":"standard","meta":{"_acf_changed":false,"_sitemap_exclude":false,"_sitemap_priority":"","_sitemap_frequency":"","footnotes":""},"categories":[60],"tags":[],"class_list":["post-194478","post","type-post","status-publish","format-standard","has-post-thumbnail","hentry","category-bolge","infinite-scroll-item","generate-columns","tablet-grid-50","mobile-grid-100","grid-parent","grid-33","no-featured-image-padding"],"acf":[],"yoast_head":"<!-- This site is optimized with the Yoast SEO plugin v27.4 - https:\/\/yoast.com\/product\/yoast-seo-wordpress\/ -->\n<title>\u201cBu d\u0259qiq\u0259 qon\u015funun o\u011flunun \u015falvar\u0131n\u0131 geyinmi\u015f\u0259m\u201d - MEYDAN.TV<\/title>\n<meta name=\"robots\" content=\"index, follow, max-snippet:-1, max-image-preview:large, max-video-preview:-1\" \/>\n<link rel=\"canonical\" href=\"https:\/\/www.meydan.tv\/az\/article\/bu-deqiqe-qonsunun-oglunun-salvarini-geyinmisem\/\" \/>\n<meta property=\"og:locale\" content=\"az_AZ\" \/>\n<meta property=\"og:type\" content=\"article\" \/>\n<meta property=\"og:title\" content=\"\u201cBu d\u0259qiq\u0259 qon\u015funun o\u011flunun \u015falvar\u0131n\u0131 geyinmi\u015f\u0259m\u201d - MEYDAN.TV\" \/>\n<meta property=\"og:description\" content=\"Potuda 8 n\u0259f\u0259rlik ail\u0259 qalma\u011fa yer tapm\u0131r: \u201cA\u011f\u0131z a\u00e7mad\u0131\u011f\u0131m\u0131z m\u0259mur qalmay\u0131b...\u201d\" \/>\n<meta property=\"og:url\" content=\"https:\/\/www.meydan.tv\/az\/article\/bu-deqiqe-qonsunun-oglunun-salvarini-geyinmisem\/\" \/>\n<meta property=\"og:site_name\" content=\"MEYDAN.TV\" \/>\n<meta property=\"article:published_time\" content=\"2019-03-14T12:40:46+00:00\" \/>\n<meta property=\"og:image\" content=\"https:\/\/www.meydan.tv\/wp-content\/uploads\/image_from_ios_9.jpg\" \/>\n\t<meta property=\"og:image:width\" content=\"1004\" \/>\n\t<meta property=\"og:image:height\" content=\"750\" \/>\n\t<meta property=\"og:image:type\" content=\"image\/jpeg\" \/>\n<meta name=\"author\" content=\"user-manager\" \/>\n<meta name=\"twitter:card\" content=\"summary_large_image\" \/>\n<script type=\"application\/ld+json\" class=\"yoast-schema-graph\">{\"@context\":\"https:\\\/\\\/schema.org\",\"@graph\":[{\"@type\":\"Article\",\"@id\":\"https:\\\/\\\/www.meydan.tv\\\/az\\\/article\\\/bu-deqiqe-qonsunun-oglunun-salvarini-geyinmisem\\\/#article\",\"isPartOf\":{\"@id\":\"https:\\\/\\\/www.meydan.tv\\\/az\\\/article\\\/bu-deqiqe-qonsunun-oglunun-salvarini-geyinmisem\\\/\"},\"author\":{\"name\":\"user-manager\",\"@id\":\"https:\\\/\\\/www.meydan.tv\\\/az\\\/#\\\/schema\\\/person\\\/10d11eccf6da3662cf5fdab9806ea91a\"},\"headline\":\"\u201cBu d\u0259qiq\u0259 qon\u015funun o\u011flunun \u015falvar\u0131n\u0131 geyinmi\u015f\u0259m\u201d\",\"datePublished\":\"2019-03-14T12:40:46+00:00\",\"mainEntityOfPage\":{\"@id\":\"https:\\\/\\\/www.meydan.tv\\\/az\\\/article\\\/bu-deqiqe-qonsunun-oglunun-salvarini-geyinmisem\\\/\"},\"wordCount\":955,\"publisher\":{\"@id\":\"https:\\\/\\\/www.meydan.tv\\\/az\\\/#organization\"},\"image\":{\"@id\":\"https:\\\/\\\/www.meydan.tv\\\/az\\\/article\\\/bu-deqiqe-qonsunun-oglunun-salvarini-geyinmisem\\\/#primaryimage\"},\"thumbnailUrl\":\"https:\\\/\\\/www.meydan.tv\\\/wp-content\\\/uploads\\\/image_from_ios_9.jpg\",\"articleSection\":[\"B\u00f6lg\u0259\"],\"inLanguage\":\"az\"},{\"@type\":\"WebPage\",\"@id\":\"https:\\\/\\\/www.meydan.tv\\\/az\\\/article\\\/bu-deqiqe-qonsunun-oglunun-salvarini-geyinmisem\\\/\",\"url\":\"https:\\\/\\\/www.meydan.tv\\\/az\\\/article\\\/bu-deqiqe-qonsunun-oglunun-salvarini-geyinmisem\\\/\",\"name\":\"\u201cBu d\u0259qiq\u0259 qon\u015funun o\u011flunun \u015falvar\u0131n\u0131 geyinmi\u015f\u0259m\u201d - MEYDAN.TV\",\"isPartOf\":{\"@id\":\"https:\\\/\\\/www.meydan.tv\\\/az\\\/#website\"},\"primaryImageOfPage\":{\"@id\":\"https:\\\/\\\/www.meydan.tv\\\/az\\\/article\\\/bu-deqiqe-qonsunun-oglunun-salvarini-geyinmisem\\\/#primaryimage\"},\"image\":{\"@id\":\"https:\\\/\\\/www.meydan.tv\\\/az\\\/article\\\/bu-deqiqe-qonsunun-oglunun-salvarini-geyinmisem\\\/#primaryimage\"},\"thumbnailUrl\":\"https:\\\/\\\/www.meydan.tv\\\/wp-content\\\/uploads\\\/image_from_ios_9.jpg\",\"datePublished\":\"2019-03-14T12:40:46+00:00\",\"breadcrumb\":{\"@id\":\"https:\\\/\\\/www.meydan.tv\\\/az\\\/article\\\/bu-deqiqe-qonsunun-oglunun-salvarini-geyinmisem\\\/#breadcrumb\"},\"inLanguage\":\"az\",\"potentialAction\":[{\"@type\":\"ReadAction\",\"target\":[\"https:\\\/\\\/www.meydan.tv\\\/az\\\/article\\\/bu-deqiqe-qonsunun-oglunun-salvarini-geyinmisem\\\/\"]}]},{\"@type\":\"ImageObject\",\"inLanguage\":\"az\",\"@id\":\"https:\\\/\\\/www.meydan.tv\\\/az\\\/article\\\/bu-deqiqe-qonsunun-oglunun-salvarini-geyinmisem\\\/#primaryimage\",\"url\":\"https:\\\/\\\/www.meydan.tv\\\/wp-content\\\/uploads\\\/image_from_ios_9.jpg\",\"contentUrl\":\"https:\\\/\\\/www.meydan.tv\\\/wp-content\\\/uploads\\\/image_from_ios_9.jpg\",\"width\":1004,\"height\":750,\"caption\":\"Source: Meydan TV\"},{\"@type\":\"BreadcrumbList\",\"@id\":\"https:\\\/\\\/www.meydan.tv\\\/az\\\/article\\\/bu-deqiqe-qonsunun-oglunun-salvarini-geyinmisem\\\/#breadcrumb\",\"itemListElement\":[{\"@type\":\"ListItem\",\"position\":1,\"name\":\"Ana s\u0259hif\u0259\",\"item\":\"https:\\\/\\\/www.meydan.tv\\\/az\\\/\"},{\"@type\":\"ListItem\",\"position\":2,\"name\":\"B\u00f6lg\u0259\",\"item\":\"https:\\\/\\\/www.meydan.tv\\\/az\\\/section\\\/bolge\\\/\"},{\"@type\":\"ListItem\",\"position\":3,\"name\":\"\u201cBu d\u0259qiq\u0259 qon\u015funun o\u011flunun \u015falvar\u0131n\u0131 geyinmi\u015f\u0259m\u201d\"}]},{\"@type\":\"WebSite\",\"@id\":\"https:\\\/\\\/www.meydan.tv\\\/az\\\/#website\",\"url\":\"https:\\\/\\\/www.meydan.tv\\\/az\\\/\",\"name\":\"MEYDAN.TV\",\"description\":\"Meydan TV Az\u0259rbaycan\u0131n media m\u0259kan\u0131ndak\u0131 alternativ s\u0259sidir\",\"publisher\":{\"@id\":\"https:\\\/\\\/www.meydan.tv\\\/az\\\/#organization\"},\"potentialAction\":[{\"@type\":\"SearchAction\",\"target\":{\"@type\":\"EntryPoint\",\"urlTemplate\":\"https:\\\/\\\/www.meydan.tv\\\/az\\\/?s={search_term_string}\"},\"query-input\":{\"@type\":\"PropertyValueSpecification\",\"valueRequired\":true,\"valueName\":\"search_term_string\"}}],\"inLanguage\":\"az\"},{\"@type\":\"Organization\",\"@id\":\"https:\\\/\\\/www.meydan.tv\\\/az\\\/#organization\",\"name\":\"Meydan TV\",\"url\":\"https:\\\/\\\/www.meydan.tv\\\/az\\\/\",\"logo\":{\"@type\":\"ImageObject\",\"inLanguage\":\"az\",\"@id\":\"https:\\\/\\\/www.meydan.tv\\\/az\\\/#\\\/schema\\\/logo\\\/image\\\/\",\"url\":\"https:\\\/\\\/www.meydan.tv\\\/wp-content\\\/uploads\\\/2021\\\/07\\\/meydan-logo.svg\",\"contentUrl\":\"https:\\\/\\\/www.meydan.tv\\\/wp-content\\\/uploads\\\/2021\\\/07\\\/meydan-logo.svg\",\"width\":195,\"height\":46,\"caption\":\"Meydan TV\"},\"image\":{\"@id\":\"https:\\\/\\\/www.meydan.tv\\\/az\\\/#\\\/schema\\\/logo\\\/image\\\/\"}},{\"@type\":\"Person\",\"@id\":\"https:\\\/\\\/www.meydan.tv\\\/az\\\/#\\\/schema\\\/person\\\/10d11eccf6da3662cf5fdab9806ea91a\",\"name\":\"user-manager\"}]}<\/script>\n<!-- \/ Yoast SEO plugin. -->","yoast_head_json":{"title":"\u201cBu d\u0259qiq\u0259 qon\u015funun o\u011flunun \u015falvar\u0131n\u0131 geyinmi\u015f\u0259m\u201d - MEYDAN.TV","robots":{"index":"index","follow":"follow","max-snippet":"max-snippet:-1","max-image-preview":"max-image-preview:large","max-video-preview":"max-video-preview:-1"},"canonical":"https:\/\/www.meydan.tv\/az\/article\/bu-deqiqe-qonsunun-oglunun-salvarini-geyinmisem\/","og_locale":"az_AZ","og_type":"article","og_title":"\u201cBu d\u0259qiq\u0259 qon\u015funun o\u011flunun \u015falvar\u0131n\u0131 geyinmi\u015f\u0259m\u201d - MEYDAN.TV","og_description":"Potuda 8 n\u0259f\u0259rlik ail\u0259 qalma\u011fa yer tapm\u0131r: \u201cA\u011f\u0131z a\u00e7mad\u0131\u011f\u0131m\u0131z m\u0259mur qalmay\u0131b...\u201d","og_url":"https:\/\/www.meydan.tv\/az\/article\/bu-deqiqe-qonsunun-oglunun-salvarini-geyinmisem\/","og_site_name":"MEYDAN.TV","article_published_time":"2019-03-14T12:40:46+00:00","og_image":[{"width":1004,"height":750,"url":"https:\/\/www.meydan.tv\/wp-content\/uploads\/image_from_ios_9.jpg","type":"image\/jpeg"}],"author":"user-manager","twitter_card":"summary_large_image","schema":{"@context":"https:\/\/schema.org","@graph":[{"@type":"Article","@id":"https:\/\/www.meydan.tv\/az\/article\/bu-deqiqe-qonsunun-oglunun-salvarini-geyinmisem\/#article","isPartOf":{"@id":"https:\/\/www.meydan.tv\/az\/article\/bu-deqiqe-qonsunun-oglunun-salvarini-geyinmisem\/"},"author":{"name":"user-manager","@id":"https:\/\/www.meydan.tv\/az\/#\/schema\/person\/10d11eccf6da3662cf5fdab9806ea91a"},"headline":"\u201cBu d\u0259qiq\u0259 qon\u015funun o\u011flunun \u015falvar\u0131n\u0131 geyinmi\u015f\u0259m\u201d","datePublished":"2019-03-14T12:40:46+00:00","mainEntityOfPage":{"@id":"https:\/\/www.meydan.tv\/az\/article\/bu-deqiqe-qonsunun-oglunun-salvarini-geyinmisem\/"},"wordCount":955,"publisher":{"@id":"https:\/\/www.meydan.tv\/az\/#organization"},"image":{"@id":"https:\/\/www.meydan.tv\/az\/article\/bu-deqiqe-qonsunun-oglunun-salvarini-geyinmisem\/#primaryimage"},"thumbnailUrl":"https:\/\/www.meydan.tv\/wp-content\/uploads\/image_from_ios_9.jpg","articleSection":["B\u00f6lg\u0259"],"inLanguage":"az"},{"@type":"WebPage","@id":"https:\/\/www.meydan.tv\/az\/article\/bu-deqiqe-qonsunun-oglunun-salvarini-geyinmisem\/","url":"https:\/\/www.meydan.tv\/az\/article\/bu-deqiqe-qonsunun-oglunun-salvarini-geyinmisem\/","name":"\u201cBu d\u0259qiq\u0259 qon\u015funun o\u011flunun \u015falvar\u0131n\u0131 geyinmi\u015f\u0259m\u201d - MEYDAN.TV","isPartOf":{"@id":"https:\/\/www.meydan.tv\/az\/#website"},"primaryImageOfPage":{"@id":"https:\/\/www.meydan.tv\/az\/article\/bu-deqiqe-qonsunun-oglunun-salvarini-geyinmisem\/#primaryimage"},"image":{"@id":"https:\/\/www.meydan.tv\/az\/article\/bu-deqiqe-qonsunun-oglunun-salvarini-geyinmisem\/#primaryimage"},"thumbnailUrl":"https:\/\/www.meydan.tv\/wp-content\/uploads\/image_from_ios_9.jpg","datePublished":"2019-03-14T12:40:46+00:00","breadcrumb":{"@id":"https:\/\/www.meydan.tv\/az\/article\/bu-deqiqe-qonsunun-oglunun-salvarini-geyinmisem\/#breadcrumb"},"inLanguage":"az","potentialAction":[{"@type":"ReadAction","target":["https:\/\/www.meydan.tv\/az\/article\/bu-deqiqe-qonsunun-oglunun-salvarini-geyinmisem\/"]}]},{"@type":"ImageObject","inLanguage":"az","@id":"https:\/\/www.meydan.tv\/az\/article\/bu-deqiqe-qonsunun-oglunun-salvarini-geyinmisem\/#primaryimage","url":"https:\/\/www.meydan.tv\/wp-content\/uploads\/image_from_ios_9.jpg","contentUrl":"https:\/\/www.meydan.tv\/wp-content\/uploads\/image_from_ios_9.jpg","width":1004,"height":750,"caption":"Source: Meydan TV"},{"@type":"BreadcrumbList","@id":"https:\/\/www.meydan.tv\/az\/article\/bu-deqiqe-qonsunun-oglunun-salvarini-geyinmisem\/#breadcrumb","itemListElement":[{"@type":"ListItem","position":1,"name":"Ana s\u0259hif\u0259","item":"https:\/\/www.meydan.tv\/az\/"},{"@type":"ListItem","position":2,"name":"B\u00f6lg\u0259","item":"https:\/\/www.meydan.tv\/az\/section\/bolge\/"},{"@type":"ListItem","position":3,"name":"\u201cBu d\u0259qiq\u0259 qon\u015funun o\u011flunun \u015falvar\u0131n\u0131 geyinmi\u015f\u0259m\u201d"}]},{"@type":"WebSite","@id":"https:\/\/www.meydan.tv\/az\/#website","url":"https:\/\/www.meydan.tv\/az\/","name":"MEYDAN.TV","description":"Meydan TV Az\u0259rbaycan\u0131n media m\u0259kan\u0131ndak\u0131 alternativ s\u0259sidir","publisher":{"@id":"https:\/\/www.meydan.tv\/az\/#organization"},"potentialAction":[{"@type":"SearchAction","target":{"@type":"EntryPoint","urlTemplate":"https:\/\/www.meydan.tv\/az\/?s={search_term_string}"},"query-input":{"@type":"PropertyValueSpecification","valueRequired":true,"valueName":"search_term_string"}}],"inLanguage":"az"},{"@type":"Organization","@id":"https:\/\/www.meydan.tv\/az\/#organization","name":"Meydan TV","url":"https:\/\/www.meydan.tv\/az\/","logo":{"@type":"ImageObject","inLanguage":"az","@id":"https:\/\/www.meydan.tv\/az\/#\/schema\/logo\/image\/","url":"https:\/\/www.meydan.tv\/wp-content\/uploads\/2021\/07\/meydan-logo.svg","contentUrl":"https:\/\/www.meydan.tv\/wp-content\/uploads\/2021\/07\/meydan-logo.svg","width":195,"height":46,"caption":"Meydan TV"},"image":{"@id":"https:\/\/www.meydan.tv\/az\/#\/schema\/logo\/image\/"}},{"@type":"Person","@id":"https:\/\/www.meydan.tv\/az\/#\/schema\/person\/10d11eccf6da3662cf5fdab9806ea91a","name":"user-manager"}]}},"_links":{"self":[{"href":"https:\/\/www.meydan.tv\/az\/wp-json\/wp\/v2\/posts\/194478","targetHints":{"allow":["GET"]}}],"collection":[{"href":"https:\/\/www.meydan.tv\/az\/wp-json\/wp\/v2\/posts"}],"about":[{"href":"https:\/\/www.meydan.tv\/az\/wp-json\/wp\/v2\/types\/post"}],"author":[{"embeddable":true,"href":"https:\/\/www.meydan.tv\/az\/wp-json\/wp\/v2\/users\/11"}],"replies":[{"embeddable":true,"href":"https:\/\/www.meydan.tv\/az\/wp-json\/wp\/v2\/comments?post=194478"}],"version-history":[{"count":0,"href":"https:\/\/www.meydan.tv\/az\/wp-json\/wp\/v2\/posts\/194478\/revisions"}],"wp:featuredmedia":[{"embeddable":true,"href":"https:\/\/www.meydan.tv\/az\/wp-json\/wp\/v2\/media\/120041"}],"wp:attachment":[{"href":"https:\/\/www.meydan.tv\/az\/wp-json\/wp\/v2\/media?parent=194478"}],"wp:term":[{"taxonomy":"category","embeddable":true,"href":"https:\/\/www.meydan.tv\/az\/wp-json\/wp\/v2\/categories?post=194478"},{"taxonomy":"post_tag","embeddable":true,"href":"https:\/\/www.meydan.tv\/az\/wp-json\/wp\/v2\/tags?post=194478"}],"curies":[{"name":"wp","href":"https:\/\/api.w.org\/{rel}","templated":true}]}}