{"id":194474,"date":"2019-03-14T08:53:51","date_gmt":"2019-03-14T08:53:51","guid":{"rendered":"https:\/\/www.meydan.tv\/article\/mehriban-eliyeva-fransaya-niye-gedib\/"},"modified":"2019-03-14T08:53:51","modified_gmt":"2019-03-14T08:53:51","slug":"mehriban-eliyeva-fransaya-niye-gedib","status":"publish","type":"post","link":"https:\/\/www.meydan.tv\/az\/article\/mehriban-eliyeva-fransaya-niye-gedib\/","title":{"rendered":"Mehriban \u018fliyeva Fransaya niy\u0259 gedib?"},"content":{"rendered":"<p>\n  S\u0259f\u0259rin r\u0259smi v\u0259 ya i\u015fg\u00fczar olmas\u0131 haqq\u0131nda m\u0259lumat verilmir\n<\/p>\n<p>\n  Mehriban \u018fliyeva Birinci vitse-prezident qismind\u0259 ilk d\u0259f\u0259 Fransaya s\u0259f\u0259r edib. Statusuna g\u00f6r\u0259 bu s\u0259f\u0259r n\u0259 r\u0259smi, n\u0259 i\u015fg\u00fczar s\u0259f\u0259r kimi g\u00f6st\u0259rilm\u0259yib. Az\u0259rbaycan prezidentinin sayt\u0131nda quru \u015f\u0259kild\u0259 &quot;s\u0259f\u0259r edib&quot; yaz\u0131l\u0131b.\n<\/p>\n<p>\n  Amma, dey\u0259s\u0259n, prezident Makron istisna olmaqla, y\u00fcks\u0259k v\u0259zif\u0259li d\u00f6vl\u0259t xadiml\u0259ri il\u0259 t\u0259\u015fkil edilmi\u015f g\u00f6r\u00fc\u015fl\u0259r xaric\u0259n r\u0259smi s\u0259f\u0259r statusuna d\u0259lal\u0259t edirdi. Siyasi m\u0259nada kimin kim\u0259 baxd\u0131\u011f\u0131 \u00e7ox da ayd\u0131n deyil, baxmayaraq ki, qar\u015f\u0131l\u0131ql\u0131 maraq oldu\u011fu istisna deyil, ax\u0131, nec\u0259 olursa olsun, Az\u0259rbaycan d\u00f6vl\u0259tind\u0259 ikinci \u015f\u0259xsdir. Parisd\u0259 \u018fliyeva h\u00f6kum\u0259t, senat, parlament ba\u015f\u00e7\u0131lar\u0131, nazirl\u0259r, b\u00f6y\u00fck biznesmenl\u0259rl\u0259 g\u00f6r\u00fc\u015f\u00fcb. O, h\u0259m\u00e7inin bu yax\u0131nlarda, yanvar\u0131n 15-d\u0259 Fransan\u0131n xarici siyas\u0259t el\u00e7isi qismind\u0259 Bak\u0131ya g\u0259l\u0259n eks-prezident Sarkozi il\u0259 g\u00f6r\u00fc\u015f\u00fcb.\n<\/p>\n<p>\n  Parisd\u0259 sazi\u015f, memorandum v\u0259 bu c\u00fcr t\u0259dbirl\u0259r\u0259 xas olan dig\u0259r s\u0259n\u0259dl\u0259r imzalanmay\u0131b, bu da s\u0259f\u0259rin tan\u0131\u015fl\u0131q xarakteri da\u015f\u0131d\u0131\u011f\u0131n\u0131 t\u0259sdiq edir.\n<\/p>\n<p>\n  S\u0259f\u0259r s\u0259viyy\u0259sin\u0259 g\u00f6r\u0259 prezident \u0130lham \u018fliyevin 2017-ci ilin mart\u0131nda Fransaya r\u0259smi s\u0259f\u0259ri il\u0259 m\u00fcqayis\u0259 oluna bil\u0259r. H\u0259min vaxt o, Fransa d\u00f6vl\u0259t aparat\u0131nda prezident Oland v\u0259 onun komandas\u0131 il\u0259 bel\u0259 y\u00fcks\u0259k s\u0259viyy\u0259li g\u00f6r\u00fc\u015fl\u0259r ke\u00e7irmi\u015fdi.\n<\/p>\n<p>\n  2018-ci il iyulun 20-d\u0259 \u018fliyevin Paris\u0259 i\u015fg\u00fczar s\u0259f\u0259ri bir q\u0259d\u0259r soyuq idi v\u0259 prezident Makron v\u0259 Fransan\u0131n 11 b\u00f6y\u00fck \u015firk\u0259tinin r\u0259hb\u0259rl\u0259ri il\u0259 g\u00f6r\u00fc\u015fl\u0259rl\u0259 m\u0259hdudla\u015f\u0131b, yekun olaraq 2 mlrd. dollarl\u0131q m\u00fcqavil\u0259l\u0259r ba\u011flan\u0131l\u0131b.\n<\/p>\n<p>\n  \u018flb\u0259tt\u0259, qeyd edil\u0259n s\u0259f\u0259rl\u0259rin yaln\u0131z xarici f\u0259rql\u0259rin\u0259 \u0259saslanaraq, \u018fliyevan\u0131n h\u0259ms\u00f6hb\u0259tl\u0259ri il\u0259 s\u00f6hb\u0259tl\u0259rinin mahiyy\u0259ti haqq\u0131nda daha geni\u015f m\u0259lumata malik olmadan s\u0259f\u0259rin \u0259h\u0259miyy\u0259tind\u0259n \u0259minlikl\u0259 dan\u0131\u015fa bilm\u0259rik.\n<\/p>\n<p>\n  Amma odlar yurdunun m\u00fcst\u0259qillik \u0259ld\u0259 etm\u0259sind\u0259n etibar\u0259n Az\u0259rbaycan-Fransa m\u00fcnasib\u0259tl\u0259ri tarixin\u0259 n\u0259z\u0259r salsaq, ehtiyatla bel\u0259 bir n\u0259tic\u0259 \u00e7\u0131xarmaq olar ki, Fransa elitas\u0131 \u018fliyevan\u0131 g\u00f6rm\u0259kd\u0259 he\u00e7 d\u0259 az maraql\u0131 deyildi.\n<\/p>\n<p>\n  Prezident Heyd\u0259r \u018fliyev Fransaya ilk s\u0259f\u0259rini 1993-c\u00fc ilin dekabr\u0131nda edib, bu, ikit\u0259r\u0259fli m\u00fcnasib\u0259tl\u0259rin g\u0259l\u0259c\u0259k inki\u015faf\u0131n\u0131n \u0259sas\u0131n\u0131 qoyub. Avropa siyas\u0259tind\u0259 Fransan\u0131n \u0259h\u0259miyy\u0259tini n\u0259z\u0259r\u0259 alaraq, o, prezidentl\u0259r Meteran v\u0259 \u015eirakla v\u0259 Total, Elf v\u0259 dig\u0259rl\u0259rinin timsal\u0131nda b\u00f6y\u00fck Fransa biznesi il\u0259 subardinar m\u00fcnasib\u0259tl\u0259r qururdu.\n<\/p>\n<p>\n  \u0130lham \u018fliyev prezident qismind\u0259 ilk xarici s\u0259f\u0259rini 2004-c\u00fc ilin yanvar\u0131nda Fransaya edib, 2007-ci ilin yanvar\u0131nda is\u0259 art\u0131q d\u00f6vl\u0259t s\u0259f\u0259ri il\u0259 Paris\u0259 g\u0259lib.\n<\/p>\n<p>\n  \u018fliyevl\u0259r F\u0259xri Legion ordeni kavalerl\u0259ridirl\u0259r, onlar ikit\u0259r\u0259fli m\u00fcnasib\u0259tl\u0259rin inki\u015faf\u0131na verdikl\u0259ri t\u00f6hf\u0259y\u0259 g\u00f6r\u0259 bu ada layiq g\u00f6r\u00fcl\u00fcbl\u0259r. \u018fliyevl\u0259rin Fransaya m\u00fcnasib\u0259tini is\u0259 yaln\u0131z d\u00f6vl\u0259t maraqlar\u0131 v\u0259 m\u0259rasiml\u0259rl\u0259 deyil, h\u0259m d\u0259 Fransa m\u0259d\u0259niyy\u0259tin\u0259 v\u0259 mentalitetin\u0259 x\u00fcsusi m\u00fcnasib\u0259tl\u0259ri il\u0259 \u0259laq\u0259l\u0259ndirm\u0259k olar. Son zamanlar M.\u018fliyeva Heyd\u0259r \u018fliyev Fondunun r\u0259hb\u0259ri, birinci ledi v\u0259 x\u00fcsusi \u015f\u0259xs qismind\u0259 tez-tez Fransada olub v\u0259 u\u011furla onun getdikc\u0259 y\u00fcks\u0259l\u0259n siyasi karyeras\u0131nda m\u00fch\u00fcm rol oynaya bil\u0259c\u0259k y\u00fcks\u0259k \u0259laq\u0259l\u0259r qurma\u011f\u0131 bacar\u0131b.<\/p>\n","protected":false},"excerpt":{"rendered":"<p>S\u0259f\u0259rin r\u0259smi v\u0259 ya i\u015fg\u00fczar olmas\u0131 haqq\u0131nda m\u0259lumat verilmir<\/p>\n","protected":false},"author":11,"featured_media":120032,"comment_status":"closed","ping_status":"open","sticky":false,"template":"","format":"standard","meta":{"_acf_changed":false,"_sitemap_exclude":false,"_sitemap_priority":"","_sitemap_frequency":"","footnotes":""},"categories":[51],"tags":[],"class_list":["post-194474","post","type-post","status-publish","format-standard","has-post-thumbnail","hentry","category-analitika","infinite-scroll-item","generate-columns","tablet-grid-50","mobile-grid-100","grid-parent","grid-33","no-featured-image-padding"],"acf":[],"yoast_head":"<!-- This site is optimized with the Yoast SEO plugin v27.4 - https:\/\/yoast.com\/product\/yoast-seo-wordpress\/ -->\n<title>Mehriban \u018fliyeva Fransaya niy\u0259 gedib? - MEYDAN.TV<\/title>\n<meta name=\"robots\" content=\"index, follow, max-snippet:-1, max-image-preview:large, max-video-preview:-1\" \/>\n<link rel=\"canonical\" href=\"https:\/\/www.meydan.tv\/az\/article\/mehriban-eliyeva-fransaya-niye-gedib\/\" \/>\n<meta property=\"og:locale\" content=\"az_AZ\" \/>\n<meta property=\"og:type\" content=\"article\" \/>\n<meta property=\"og:title\" content=\"Mehriban \u018fliyeva Fransaya niy\u0259 gedib? - MEYDAN.TV\" \/>\n<meta property=\"og:description\" content=\"S\u0259f\u0259rin r\u0259smi v\u0259 ya i\u015fg\u00fczar olmas\u0131 haqq\u0131nda m\u0259lumat verilmir\" \/>\n<meta property=\"og:url\" content=\"https:\/\/www.meydan.tv\/az\/article\/mehriban-eliyeva-fransaya-niye-gedib\/\" \/>\n<meta property=\"og:site_name\" content=\"MEYDAN.TV\" \/>\n<meta property=\"article:published_time\" content=\"2019-03-14T08:53:51+00:00\" \/>\n<meta property=\"og:image\" content=\"https:\/\/www.meydan.tv\/wp-content\/uploads\/155249379114958154_1000x669.jpg\" \/>\n\t<meta property=\"og:image:width\" content=\"1000\" \/>\n\t<meta property=\"og:image:height\" content=\"638\" \/>\n\t<meta property=\"og:image:type\" content=\"image\/jpeg\" \/>\n<meta name=\"author\" content=\"user-manager\" \/>\n<meta name=\"twitter:card\" content=\"summary_large_image\" \/>\n<script type=\"application\/ld+json\" class=\"yoast-schema-graph\">{\"@context\":\"https:\\\/\\\/schema.org\",\"@graph\":[{\"@type\":\"Article\",\"@id\":\"https:\\\/\\\/www.meydan.tv\\\/az\\\/article\\\/mehriban-eliyeva-fransaya-niye-gedib\\\/#article\",\"isPartOf\":{\"@id\":\"https:\\\/\\\/www.meydan.tv\\\/az\\\/article\\\/mehriban-eliyeva-fransaya-niye-gedib\\\/\"},\"author\":{\"name\":\"user-manager\",\"@id\":\"https:\\\/\\\/www.meydan.tv\\\/az\\\/#\\\/schema\\\/person\\\/10d11eccf6da3662cf5fdab9806ea91a\"},\"headline\":\"Mehriban \u018fliyeva Fransaya niy\u0259 gedib?\",\"datePublished\":\"2019-03-14T08:53:51+00:00\",\"mainEntityOfPage\":{\"@id\":\"https:\\\/\\\/www.meydan.tv\\\/az\\\/article\\\/mehriban-eliyeva-fransaya-niye-gedib\\\/\"},\"wordCount\":658,\"publisher\":{\"@id\":\"https:\\\/\\\/www.meydan.tv\\\/az\\\/#organization\"},\"image\":{\"@id\":\"https:\\\/\\\/www.meydan.tv\\\/az\\\/article\\\/mehriban-eliyeva-fransaya-niye-gedib\\\/#primaryimage\"},\"thumbnailUrl\":\"https:\\\/\\\/www.meydan.tv\\\/wp-content\\\/uploads\\\/155249379114958154_1000x669.jpg\",\"articleSection\":[\"Analitika\"],\"inLanguage\":\"az\"},{\"@type\":\"WebPage\",\"@id\":\"https:\\\/\\\/www.meydan.tv\\\/az\\\/article\\\/mehriban-eliyeva-fransaya-niye-gedib\\\/\",\"url\":\"https:\\\/\\\/www.meydan.tv\\\/az\\\/article\\\/mehriban-eliyeva-fransaya-niye-gedib\\\/\",\"name\":\"Mehriban \u018fliyeva Fransaya niy\u0259 gedib? - MEYDAN.TV\",\"isPartOf\":{\"@id\":\"https:\\\/\\\/www.meydan.tv\\\/az\\\/#website\"},\"primaryImageOfPage\":{\"@id\":\"https:\\\/\\\/www.meydan.tv\\\/az\\\/article\\\/mehriban-eliyeva-fransaya-niye-gedib\\\/#primaryimage\"},\"image\":{\"@id\":\"https:\\\/\\\/www.meydan.tv\\\/az\\\/article\\\/mehriban-eliyeva-fransaya-niye-gedib\\\/#primaryimage\"},\"thumbnailUrl\":\"https:\\\/\\\/www.meydan.tv\\\/wp-content\\\/uploads\\\/155249379114958154_1000x669.jpg\",\"datePublished\":\"2019-03-14T08:53:51+00:00\",\"breadcrumb\":{\"@id\":\"https:\\\/\\\/www.meydan.tv\\\/az\\\/article\\\/mehriban-eliyeva-fransaya-niye-gedib\\\/#breadcrumb\"},\"inLanguage\":\"az\",\"potentialAction\":[{\"@type\":\"ReadAction\",\"target\":[\"https:\\\/\\\/www.meydan.tv\\\/az\\\/article\\\/mehriban-eliyeva-fransaya-niye-gedib\\\/\"]}]},{\"@type\":\"ImageObject\",\"inLanguage\":\"az\",\"@id\":\"https:\\\/\\\/www.meydan.tv\\\/az\\\/article\\\/mehriban-eliyeva-fransaya-niye-gedib\\\/#primaryimage\",\"url\":\"https:\\\/\\\/www.meydan.tv\\\/wp-content\\\/uploads\\\/155249379114958154_1000x669.jpg\",\"contentUrl\":\"https:\\\/\\\/www.meydan.tv\\\/wp-content\\\/uploads\\\/155249379114958154_1000x669.jpg\",\"width\":1000,\"height\":638,\"caption\":\"Source: Foto: Az\u0259rtac\"},{\"@type\":\"BreadcrumbList\",\"@id\":\"https:\\\/\\\/www.meydan.tv\\\/az\\\/article\\\/mehriban-eliyeva-fransaya-niye-gedib\\\/#breadcrumb\",\"itemListElement\":[{\"@type\":\"ListItem\",\"position\":1,\"name\":\"Ana s\u0259hif\u0259\",\"item\":\"https:\\\/\\\/www.meydan.tv\\\/az\\\/\"},{\"@type\":\"ListItem\",\"position\":2,\"name\":\"Analitika\",\"item\":\"https:\\\/\\\/www.meydan.tv\\\/az\\\/section\\\/analitika\\\/\"},{\"@type\":\"ListItem\",\"position\":3,\"name\":\"Mehriban \u018fliyeva Fransaya niy\u0259 gedib?\"}]},{\"@type\":\"WebSite\",\"@id\":\"https:\\\/\\\/www.meydan.tv\\\/az\\\/#website\",\"url\":\"https:\\\/\\\/www.meydan.tv\\\/az\\\/\",\"name\":\"MEYDAN.TV\",\"description\":\"Meydan TV Az\u0259rbaycan\u0131n media m\u0259kan\u0131ndak\u0131 alternativ s\u0259sidir\",\"publisher\":{\"@id\":\"https:\\\/\\\/www.meydan.tv\\\/az\\\/#organization\"},\"potentialAction\":[{\"@type\":\"SearchAction\",\"target\":{\"@type\":\"EntryPoint\",\"urlTemplate\":\"https:\\\/\\\/www.meydan.tv\\\/az\\\/?s={search_term_string}\"},\"query-input\":{\"@type\":\"PropertyValueSpecification\",\"valueRequired\":true,\"valueName\":\"search_term_string\"}}],\"inLanguage\":\"az\"},{\"@type\":\"Organization\",\"@id\":\"https:\\\/\\\/www.meydan.tv\\\/az\\\/#organization\",\"name\":\"Meydan TV\",\"url\":\"https:\\\/\\\/www.meydan.tv\\\/az\\\/\",\"logo\":{\"@type\":\"ImageObject\",\"inLanguage\":\"az\",\"@id\":\"https:\\\/\\\/www.meydan.tv\\\/az\\\/#\\\/schema\\\/logo\\\/image\\\/\",\"url\":\"https:\\\/\\\/www.meydan.tv\\\/wp-content\\\/uploads\\\/2021\\\/07\\\/meydan-logo.svg\",\"contentUrl\":\"https:\\\/\\\/www.meydan.tv\\\/wp-content\\\/uploads\\\/2021\\\/07\\\/meydan-logo.svg\",\"width\":195,\"height\":46,\"caption\":\"Meydan TV\"},\"image\":{\"@id\":\"https:\\\/\\\/www.meydan.tv\\\/az\\\/#\\\/schema\\\/logo\\\/image\\\/\"}},{\"@type\":\"Person\",\"@id\":\"https:\\\/\\\/www.meydan.tv\\\/az\\\/#\\\/schema\\\/person\\\/10d11eccf6da3662cf5fdab9806ea91a\",\"name\":\"user-manager\"}]}<\/script>\n<!-- \/ Yoast SEO plugin. -->","yoast_head_json":{"title":"Mehriban \u018fliyeva Fransaya niy\u0259 gedib? - MEYDAN.TV","robots":{"index":"index","follow":"follow","max-snippet":"max-snippet:-1","max-image-preview":"max-image-preview:large","max-video-preview":"max-video-preview:-1"},"canonical":"https:\/\/www.meydan.tv\/az\/article\/mehriban-eliyeva-fransaya-niye-gedib\/","og_locale":"az_AZ","og_type":"article","og_title":"Mehriban \u018fliyeva Fransaya niy\u0259 gedib? - MEYDAN.TV","og_description":"S\u0259f\u0259rin r\u0259smi v\u0259 ya i\u015fg\u00fczar olmas\u0131 haqq\u0131nda m\u0259lumat verilmir","og_url":"https:\/\/www.meydan.tv\/az\/article\/mehriban-eliyeva-fransaya-niye-gedib\/","og_site_name":"MEYDAN.TV","article_published_time":"2019-03-14T08:53:51+00:00","og_image":[{"width":1000,"height":638,"url":"https:\/\/www.meydan.tv\/wp-content\/uploads\/155249379114958154_1000x669.jpg","type":"image\/jpeg"}],"author":"user-manager","twitter_card":"summary_large_image","schema":{"@context":"https:\/\/schema.org","@graph":[{"@type":"Article","@id":"https:\/\/www.meydan.tv\/az\/article\/mehriban-eliyeva-fransaya-niye-gedib\/#article","isPartOf":{"@id":"https:\/\/www.meydan.tv\/az\/article\/mehriban-eliyeva-fransaya-niye-gedib\/"},"author":{"name":"user-manager","@id":"https:\/\/www.meydan.tv\/az\/#\/schema\/person\/10d11eccf6da3662cf5fdab9806ea91a"},"headline":"Mehriban \u018fliyeva Fransaya niy\u0259 gedib?","datePublished":"2019-03-14T08:53:51+00:00","mainEntityOfPage":{"@id":"https:\/\/www.meydan.tv\/az\/article\/mehriban-eliyeva-fransaya-niye-gedib\/"},"wordCount":658,"publisher":{"@id":"https:\/\/www.meydan.tv\/az\/#organization"},"image":{"@id":"https:\/\/www.meydan.tv\/az\/article\/mehriban-eliyeva-fransaya-niye-gedib\/#primaryimage"},"thumbnailUrl":"https:\/\/www.meydan.tv\/wp-content\/uploads\/155249379114958154_1000x669.jpg","articleSection":["Analitika"],"inLanguage":"az"},{"@type":"WebPage","@id":"https:\/\/www.meydan.tv\/az\/article\/mehriban-eliyeva-fransaya-niye-gedib\/","url":"https:\/\/www.meydan.tv\/az\/article\/mehriban-eliyeva-fransaya-niye-gedib\/","name":"Mehriban \u018fliyeva Fransaya niy\u0259 gedib? - MEYDAN.TV","isPartOf":{"@id":"https:\/\/www.meydan.tv\/az\/#website"},"primaryImageOfPage":{"@id":"https:\/\/www.meydan.tv\/az\/article\/mehriban-eliyeva-fransaya-niye-gedib\/#primaryimage"},"image":{"@id":"https:\/\/www.meydan.tv\/az\/article\/mehriban-eliyeva-fransaya-niye-gedib\/#primaryimage"},"thumbnailUrl":"https:\/\/www.meydan.tv\/wp-content\/uploads\/155249379114958154_1000x669.jpg","datePublished":"2019-03-14T08:53:51+00:00","breadcrumb":{"@id":"https:\/\/www.meydan.tv\/az\/article\/mehriban-eliyeva-fransaya-niye-gedib\/#breadcrumb"},"inLanguage":"az","potentialAction":[{"@type":"ReadAction","target":["https:\/\/www.meydan.tv\/az\/article\/mehriban-eliyeva-fransaya-niye-gedib\/"]}]},{"@type":"ImageObject","inLanguage":"az","@id":"https:\/\/www.meydan.tv\/az\/article\/mehriban-eliyeva-fransaya-niye-gedib\/#primaryimage","url":"https:\/\/www.meydan.tv\/wp-content\/uploads\/155249379114958154_1000x669.jpg","contentUrl":"https:\/\/www.meydan.tv\/wp-content\/uploads\/155249379114958154_1000x669.jpg","width":1000,"height":638,"caption":"Source: Foto: Az\u0259rtac"},{"@type":"BreadcrumbList","@id":"https:\/\/www.meydan.tv\/az\/article\/mehriban-eliyeva-fransaya-niye-gedib\/#breadcrumb","itemListElement":[{"@type":"ListItem","position":1,"name":"Ana s\u0259hif\u0259","item":"https:\/\/www.meydan.tv\/az\/"},{"@type":"ListItem","position":2,"name":"Analitika","item":"https:\/\/www.meydan.tv\/az\/section\/analitika\/"},{"@type":"ListItem","position":3,"name":"Mehriban \u018fliyeva Fransaya niy\u0259 gedib?"}]},{"@type":"WebSite","@id":"https:\/\/www.meydan.tv\/az\/#website","url":"https:\/\/www.meydan.tv\/az\/","name":"MEYDAN.TV","description":"Meydan TV Az\u0259rbaycan\u0131n media m\u0259kan\u0131ndak\u0131 alternativ s\u0259sidir","publisher":{"@id":"https:\/\/www.meydan.tv\/az\/#organization"},"potentialAction":[{"@type":"SearchAction","target":{"@type":"EntryPoint","urlTemplate":"https:\/\/www.meydan.tv\/az\/?s={search_term_string}"},"query-input":{"@type":"PropertyValueSpecification","valueRequired":true,"valueName":"search_term_string"}}],"inLanguage":"az"},{"@type":"Organization","@id":"https:\/\/www.meydan.tv\/az\/#organization","name":"Meydan TV","url":"https:\/\/www.meydan.tv\/az\/","logo":{"@type":"ImageObject","inLanguage":"az","@id":"https:\/\/www.meydan.tv\/az\/#\/schema\/logo\/image\/","url":"https:\/\/www.meydan.tv\/wp-content\/uploads\/2021\/07\/meydan-logo.svg","contentUrl":"https:\/\/www.meydan.tv\/wp-content\/uploads\/2021\/07\/meydan-logo.svg","width":195,"height":46,"caption":"Meydan TV"},"image":{"@id":"https:\/\/www.meydan.tv\/az\/#\/schema\/logo\/image\/"}},{"@type":"Person","@id":"https:\/\/www.meydan.tv\/az\/#\/schema\/person\/10d11eccf6da3662cf5fdab9806ea91a","name":"user-manager"}]}},"_links":{"self":[{"href":"https:\/\/www.meydan.tv\/az\/wp-json\/wp\/v2\/posts\/194474","targetHints":{"allow":["GET"]}}],"collection":[{"href":"https:\/\/www.meydan.tv\/az\/wp-json\/wp\/v2\/posts"}],"about":[{"href":"https:\/\/www.meydan.tv\/az\/wp-json\/wp\/v2\/types\/post"}],"author":[{"embeddable":true,"href":"https:\/\/www.meydan.tv\/az\/wp-json\/wp\/v2\/users\/11"}],"replies":[{"embeddable":true,"href":"https:\/\/www.meydan.tv\/az\/wp-json\/wp\/v2\/comments?post=194474"}],"version-history":[{"count":0,"href":"https:\/\/www.meydan.tv\/az\/wp-json\/wp\/v2\/posts\/194474\/revisions"}],"wp:featuredmedia":[{"embeddable":true,"href":"https:\/\/www.meydan.tv\/az\/wp-json\/wp\/v2\/media\/120032"}],"wp:attachment":[{"href":"https:\/\/www.meydan.tv\/az\/wp-json\/wp\/v2\/media?parent=194474"}],"wp:term":[{"taxonomy":"category","embeddable":true,"href":"https:\/\/www.meydan.tv\/az\/wp-json\/wp\/v2\/categories?post=194474"},{"taxonomy":"post_tag","embeddable":true,"href":"https:\/\/www.meydan.tv\/az\/wp-json\/wp\/v2\/tags?post=194474"}],"curies":[{"name":"wp","href":"https:\/\/api.w.org\/{rel}","templated":true}]}}