{"id":194468,"date":"2019-03-13T16:03:05","date_gmt":"2019-03-13T16:03:05","guid":{"rendered":"https:\/\/www.meydan.tv\/article\/ozbek-resmisi-mehemmed-peygemberle-bagli-serhden-sonra-olum-tehdidleri-alir\/"},"modified":"2019-03-13T16:03:05","modified_gmt":"2019-03-13T16:03:05","slug":"ozbek-resmisi-mehemmed-peygemberle-bagli-serhden-sonra-olum-tehdidleri-alir","status":"publish","type":"post","link":"https:\/\/www.meydan.tv\/az\/article\/ozbek-resmisi-mehemmed-peygemberle-bagli-serhden-sonra-olum-tehdidleri-alir\/","title":{"rendered":"\u00d6zb\u0259k r\u0259smisi M\u0259h\u0259mm\u0259d Pey\u011f\u0259mb\u0259rl\u0259 ba\u011fl\u0131 \u015f\u0259rhd\u0259n sonra \u00f6l\u00fcm t\u0259hdidl\u0259ri al\u0131r"},"content":{"rendered":"<p>\n  <i><br \/>\n    N\u0259rgiz\u0259 R\u0259himovan\u0131n h\u0259yat yolda\u015f\u0131 v\u0259 \u00f6vlad\u0131 h\u0259d\u0259fd\u0259dir<br \/>\n  <\/i>\n<\/p>\n<p>\n  \u00d6zb\u0259kistan h\u00f6kum\u0259tinin r\u0259smi n\u00fcmay\u0259nd\u0259si poliqamiya v\u0259 M\u0259h\u0259mm\u0259d Pey\u011f\u0259mb\u0259r\u0259 istinad\u0259n verdiyi onlayn yaz\u0131dan sonra \u00f6l\u00fcm t\u0259hdidl\u0259rin\u0259 m\u0259ruz qal\u0131b v\u0259 polis n\u0259zar\u0259tind\u0259dir, &#8211; Azadl\u0131q Radiosunun \u00d6zb\u0259k Xidm\u0259ti x\u0259b\u0259r verir.\n<\/p>\n<p>\n  \u00d6zb\u0259kistan M\u0259tbuat v\u0259 \u0130nformasiya Agentliyinin m\u00fcavini N\u0259rgiz\u0259 R\u0259himova (Nargiza Rakhimova) Beyn\u0259lxalq Qad\u0131nlar G\u00fcn\u00fc \u0259r\u0259f\u0259sind\u0259 \u201cFacebook\u201dda bir oxucunun \u015f\u0259rhin\u0259 cavab olaraq poliqamiyan\u0131 d\u0259st\u0259kl\u0259y\u0259n \u015f\u0259rh yaz\u0131b.\n<\/p>\n<p>\n  Hayot B\u0259xtiyor O\u2019gli \u015f\u0259rhind\u0259 yaz\u0131b: &quot;Bir qad\u0131nla bel\u0259 bacara bilm\u0259y\u0259n qam\u00e7\u0131lanm\u0131\u015f ki\u015fil\u0259r v\u0259 yaln\u0131z axmaq \u0259rl\u0259rin\u0259 s\u00fcd ver\u0259n fahi\u015f\u0259 qad\u0131nlar poliqamiyaya qar\u015f\u0131 \u00e7\u0131xarlar&quot;.\n<\/p>\n<p>\n  R\u0259himova 3 mart tarixind\u0259 yaz\u0131b: &quot;Pey\u011f\u0259mb\u0259rimiz anam\u0131z X\u0259dic\u0259 sa\u011f olanda ikinci bir qad\u0131n\u0131 almam\u0131\u015fd\u0131. Bilmir\u0259m, b\u0259lk\u0259 d\u0259 o da qam\u00e7\u0131lanm\u0131\u015fd\u0131 v\u0259 ya X\u0259dic\u0259 bir fahi\u015f\u0259 idi. Siz daha yax\u015f\u0131 bil\u0259rsiniz. H\u0259zr\u0259ti \u018fli (M\u0259h\u0259mm\u0259din o\u011fullu\u011fu) da Fatim\u0259 sa\u011f olanda ikinci arvad almam\u0131\u015fd\u0131&quot;.\n<\/p>\n<p>\n  Ba\u015f Prokurorluqdan Azadl\u0131q Radiosunun \u00d6zb\u0259kistan Xidm\u0259tin\u0259 veril\u0259n m\u0259lumata g\u00f6r\u0259, R\u0259himovan\u0131n \u015f\u0259rhind\u0259n sonra v\u0259zif\u0259sind\u0259n azad edilm\u0259si \u00fc\u00e7\u00fcn t\u0259hdid v\u0259 t\u0259l\u0259bl\u0259r olub. Buna g\u00f6r\u0259 d\u0259 ciddi t\u0259dbirl\u0259r g\u00f6r\u00fcl\u00fcb.\n<\/p>\n<p>\n  R\u0259himova daha sonra s\u00f6zl\u0259rin\u0259 g\u00f6r\u0259 \u00fczr ist\u0259diyini \u0259ks etdir\u0259n video yerl\u0259\u015fdirib, amma t\u0259hdidl\u0259r h\u0259l\u0259 d\u0259 davam edir. Sosial mediada yay\u0131lan bu t\u0259hdidl\u0259rd\u0259 R\u0259himovan\u0131n c\u0259zaland\u0131r\u0131lmal\u0131 oldu\u011fu \u0259ksini tap\u0131r.\n<\/p>\n<p>\n  T\u0259hdidl\u0259r sad\u0259c\u0259 35 ya\u015fl\u0131 R\u0259himovan\u0131 deyil, onun h\u0259yat yolda\u015f\u0131n\u0131 v\u0259 d\u00f6rd \u00f6vlad\u0131n\u0131 da h\u0259d\u0259f al\u0131r.\n<\/p>\n<p>\n  Polis ictimai media hesablar\u0131n\u0131n m\u0259nb\u0259l\u0259rini ara\u015fd\u0131r\u0131r.<\/p>\n","protected":false},"excerpt":{"rendered":"<p>N\u0259rgiz\u0259 R\u0259himovan\u0131n h\u0259yat yolda\u015f\u0131 v\u0259 \u00f6vlad\u0131 h\u0259d\u0259fd\u0259dir<\/p>\n","protected":false},"author":11,"featured_media":120005,"comment_status":"closed","ping_status":"open","sticky":false,"template":"","format":"standard","meta":{"_acf_changed":false,"_sitemap_exclude":false,"_sitemap_priority":"","_sitemap_frequency":"","footnotes":""},"categories":[64],"tags":[],"class_list":["post-194468","post","type-post","status-publish","format-standard","has-post-thumbnail","hentry","category-dunya","infinite-scroll-item","generate-columns","tablet-grid-50","mobile-grid-100","grid-parent","grid-33","no-featured-image-padding"],"acf":[],"yoast_head":"<!-- This site is optimized with the Yoast SEO plugin v27.4 - https:\/\/yoast.com\/product\/yoast-seo-wordpress\/ -->\n<title>\u00d6zb\u0259k r\u0259smisi M\u0259h\u0259mm\u0259d Pey\u011f\u0259mb\u0259rl\u0259 ba\u011fl\u0131 \u015f\u0259rhd\u0259n sonra \u00f6l\u00fcm t\u0259hdidl\u0259ri al\u0131r - MEYDAN.TV<\/title>\n<meta name=\"robots\" content=\"index, follow, max-snippet:-1, max-image-preview:large, max-video-preview:-1\" \/>\n<link rel=\"canonical\" href=\"https:\/\/www.meydan.tv\/az\/article\/ozbek-resmisi-mehemmed-peygemberle-bagli-serhden-sonra-olum-tehdidleri-alir\/\" \/>\n<meta property=\"og:locale\" content=\"az_AZ\" \/>\n<meta property=\"og:type\" content=\"article\" \/>\n<meta property=\"og:title\" content=\"\u00d6zb\u0259k r\u0259smisi M\u0259h\u0259mm\u0259d Pey\u011f\u0259mb\u0259rl\u0259 ba\u011fl\u0131 \u015f\u0259rhd\u0259n sonra \u00f6l\u00fcm t\u0259hdidl\u0259ri al\u0131r - MEYDAN.TV\" \/>\n<meta property=\"og:description\" content=\"N\u0259rgiz\u0259 R\u0259himovan\u0131n h\u0259yat yolda\u015f\u0131 v\u0259 \u00f6vlad\u0131 h\u0259d\u0259fd\u0259dir\" \/>\n<meta property=\"og:url\" content=\"https:\/\/www.meydan.tv\/az\/article\/ozbek-resmisi-mehemmed-peygemberle-bagli-serhden-sonra-olum-tehdidleri-alir\/\" \/>\n<meta property=\"og:site_name\" content=\"MEYDAN.TV\" \/>\n<meta property=\"article:published_time\" content=\"2019-03-13T16:03:05+00:00\" \/>\n<meta property=\"og:image\" content=\"https:\/\/www.meydan.tv\/wp-content\/uploads\/uzbekistan.jpg\" \/>\n\t<meta property=\"og:image:width\" content=\"2000\" \/>\n\t<meta property=\"og:image:height\" content=\"792\" \/>\n\t<meta property=\"og:image:type\" content=\"image\/jpeg\" \/>\n<meta name=\"author\" content=\"user-manager\" \/>\n<meta name=\"twitter:card\" content=\"summary_large_image\" \/>\n<script type=\"application\/ld+json\" class=\"yoast-schema-graph\">{\"@context\":\"https:\\\/\\\/schema.org\",\"@graph\":[{\"@type\":\"Article\",\"@id\":\"https:\\\/\\\/www.meydan.tv\\\/az\\\/article\\\/ozbek-resmisi-mehemmed-peygemberle-bagli-serhden-sonra-olum-tehdidleri-alir\\\/#article\",\"isPartOf\":{\"@id\":\"https:\\\/\\\/www.meydan.tv\\\/az\\\/article\\\/ozbek-resmisi-mehemmed-peygemberle-bagli-serhden-sonra-olum-tehdidleri-alir\\\/\"},\"author\":{\"name\":\"user-manager\",\"@id\":\"https:\\\/\\\/www.meydan.tv\\\/az\\\/#\\\/schema\\\/person\\\/10d11eccf6da3662cf5fdab9806ea91a\"},\"headline\":\"\u00d6zb\u0259k r\u0259smisi M\u0259h\u0259mm\u0259d Pey\u011f\u0259mb\u0259rl\u0259 ba\u011fl\u0131 \u015f\u0259rhd\u0259n sonra \u00f6l\u00fcm t\u0259hdidl\u0259ri al\u0131r\",\"datePublished\":\"2019-03-13T16:03:05+00:00\",\"mainEntityOfPage\":{\"@id\":\"https:\\\/\\\/www.meydan.tv\\\/az\\\/article\\\/ozbek-resmisi-mehemmed-peygemberle-bagli-serhden-sonra-olum-tehdidleri-alir\\\/\"},\"wordCount\":370,\"publisher\":{\"@id\":\"https:\\\/\\\/www.meydan.tv\\\/az\\\/#organization\"},\"image\":{\"@id\":\"https:\\\/\\\/www.meydan.tv\\\/az\\\/article\\\/ozbek-resmisi-mehemmed-peygemberle-bagli-serhden-sonra-olum-tehdidleri-alir\\\/#primaryimage\"},\"thumbnailUrl\":\"https:\\\/\\\/www.meydan.tv\\\/wp-content\\\/uploads\\\/uzbekistan.jpg\",\"articleSection\":[\"D\u00fcnya\"],\"inLanguage\":\"az\"},{\"@type\":\"WebPage\",\"@id\":\"https:\\\/\\\/www.meydan.tv\\\/az\\\/article\\\/ozbek-resmisi-mehemmed-peygemberle-bagli-serhden-sonra-olum-tehdidleri-alir\\\/\",\"url\":\"https:\\\/\\\/www.meydan.tv\\\/az\\\/article\\\/ozbek-resmisi-mehemmed-peygemberle-bagli-serhden-sonra-olum-tehdidleri-alir\\\/\",\"name\":\"\u00d6zb\u0259k r\u0259smisi M\u0259h\u0259mm\u0259d Pey\u011f\u0259mb\u0259rl\u0259 ba\u011fl\u0131 \u015f\u0259rhd\u0259n sonra \u00f6l\u00fcm t\u0259hdidl\u0259ri al\u0131r - MEYDAN.TV\",\"isPartOf\":{\"@id\":\"https:\\\/\\\/www.meydan.tv\\\/az\\\/#website\"},\"primaryImageOfPage\":{\"@id\":\"https:\\\/\\\/www.meydan.tv\\\/az\\\/article\\\/ozbek-resmisi-mehemmed-peygemberle-bagli-serhden-sonra-olum-tehdidleri-alir\\\/#primaryimage\"},\"image\":{\"@id\":\"https:\\\/\\\/www.meydan.tv\\\/az\\\/article\\\/ozbek-resmisi-mehemmed-peygemberle-bagli-serhden-sonra-olum-tehdidleri-alir\\\/#primaryimage\"},\"thumbnailUrl\":\"https:\\\/\\\/www.meydan.tv\\\/wp-content\\\/uploads\\\/uzbekistan.jpg\",\"datePublished\":\"2019-03-13T16:03:05+00:00\",\"breadcrumb\":{\"@id\":\"https:\\\/\\\/www.meydan.tv\\\/az\\\/article\\\/ozbek-resmisi-mehemmed-peygemberle-bagli-serhden-sonra-olum-tehdidleri-alir\\\/#breadcrumb\"},\"inLanguage\":\"az\",\"potentialAction\":[{\"@type\":\"ReadAction\",\"target\":[\"https:\\\/\\\/www.meydan.tv\\\/az\\\/article\\\/ozbek-resmisi-mehemmed-peygemberle-bagli-serhden-sonra-olum-tehdidleri-alir\\\/\"]}]},{\"@type\":\"ImageObject\",\"inLanguage\":\"az\",\"@id\":\"https:\\\/\\\/www.meydan.tv\\\/az\\\/article\\\/ozbek-resmisi-mehemmed-peygemberle-bagli-serhden-sonra-olum-tehdidleri-alir\\\/#primaryimage\",\"url\":\"https:\\\/\\\/www.meydan.tv\\\/wp-content\\\/uploads\\\/uzbekistan.jpg\",\"contentUrl\":\"https:\\\/\\\/www.meydan.tv\\\/wp-content\\\/uploads\\\/uzbekistan.jpg\",\"width\":2000,\"height\":792,\"caption\":\"Source: Meydan TV\"},{\"@type\":\"BreadcrumbList\",\"@id\":\"https:\\\/\\\/www.meydan.tv\\\/az\\\/article\\\/ozbek-resmisi-mehemmed-peygemberle-bagli-serhden-sonra-olum-tehdidleri-alir\\\/#breadcrumb\",\"itemListElement\":[{\"@type\":\"ListItem\",\"position\":1,\"name\":\"Ana s\u0259hif\u0259\",\"item\":\"https:\\\/\\\/www.meydan.tv\\\/az\\\/\"},{\"@type\":\"ListItem\",\"position\":2,\"name\":\"D\u00fcnya\",\"item\":\"https:\\\/\\\/www.meydan.tv\\\/az\\\/section\\\/dunya\\\/\"},{\"@type\":\"ListItem\",\"position\":3,\"name\":\"\u00d6zb\u0259k r\u0259smisi M\u0259h\u0259mm\u0259d Pey\u011f\u0259mb\u0259rl\u0259 ba\u011fl\u0131 \u015f\u0259rhd\u0259n sonra \u00f6l\u00fcm t\u0259hdidl\u0259ri al\u0131r\"}]},{\"@type\":\"WebSite\",\"@id\":\"https:\\\/\\\/www.meydan.tv\\\/az\\\/#website\",\"url\":\"https:\\\/\\\/www.meydan.tv\\\/az\\\/\",\"name\":\"MEYDAN.TV\",\"description\":\"Meydan TV Az\u0259rbaycan\u0131n media m\u0259kan\u0131ndak\u0131 alternativ s\u0259sidir\",\"publisher\":{\"@id\":\"https:\\\/\\\/www.meydan.tv\\\/az\\\/#organization\"},\"potentialAction\":[{\"@type\":\"SearchAction\",\"target\":{\"@type\":\"EntryPoint\",\"urlTemplate\":\"https:\\\/\\\/www.meydan.tv\\\/az\\\/?s={search_term_string}\"},\"query-input\":{\"@type\":\"PropertyValueSpecification\",\"valueRequired\":true,\"valueName\":\"search_term_string\"}}],\"inLanguage\":\"az\"},{\"@type\":\"Organization\",\"@id\":\"https:\\\/\\\/www.meydan.tv\\\/az\\\/#organization\",\"name\":\"Meydan TV\",\"url\":\"https:\\\/\\\/www.meydan.tv\\\/az\\\/\",\"logo\":{\"@type\":\"ImageObject\",\"inLanguage\":\"az\",\"@id\":\"https:\\\/\\\/www.meydan.tv\\\/az\\\/#\\\/schema\\\/logo\\\/image\\\/\",\"url\":\"https:\\\/\\\/www.meydan.tv\\\/wp-content\\\/uploads\\\/2021\\\/07\\\/meydan-logo.svg\",\"contentUrl\":\"https:\\\/\\\/www.meydan.tv\\\/wp-content\\\/uploads\\\/2021\\\/07\\\/meydan-logo.svg\",\"width\":195,\"height\":46,\"caption\":\"Meydan TV\"},\"image\":{\"@id\":\"https:\\\/\\\/www.meydan.tv\\\/az\\\/#\\\/schema\\\/logo\\\/image\\\/\"}},{\"@type\":\"Person\",\"@id\":\"https:\\\/\\\/www.meydan.tv\\\/az\\\/#\\\/schema\\\/person\\\/10d11eccf6da3662cf5fdab9806ea91a\",\"name\":\"user-manager\"}]}<\/script>\n<!-- \/ Yoast SEO plugin. -->","yoast_head_json":{"title":"\u00d6zb\u0259k r\u0259smisi M\u0259h\u0259mm\u0259d Pey\u011f\u0259mb\u0259rl\u0259 ba\u011fl\u0131 \u015f\u0259rhd\u0259n sonra \u00f6l\u00fcm t\u0259hdidl\u0259ri al\u0131r - MEYDAN.TV","robots":{"index":"index","follow":"follow","max-snippet":"max-snippet:-1","max-image-preview":"max-image-preview:large","max-video-preview":"max-video-preview:-1"},"canonical":"https:\/\/www.meydan.tv\/az\/article\/ozbek-resmisi-mehemmed-peygemberle-bagli-serhden-sonra-olum-tehdidleri-alir\/","og_locale":"az_AZ","og_type":"article","og_title":"\u00d6zb\u0259k r\u0259smisi M\u0259h\u0259mm\u0259d Pey\u011f\u0259mb\u0259rl\u0259 ba\u011fl\u0131 \u015f\u0259rhd\u0259n sonra \u00f6l\u00fcm t\u0259hdidl\u0259ri al\u0131r - MEYDAN.TV","og_description":"N\u0259rgiz\u0259 R\u0259himovan\u0131n h\u0259yat yolda\u015f\u0131 v\u0259 \u00f6vlad\u0131 h\u0259d\u0259fd\u0259dir","og_url":"https:\/\/www.meydan.tv\/az\/article\/ozbek-resmisi-mehemmed-peygemberle-bagli-serhden-sonra-olum-tehdidleri-alir\/","og_site_name":"MEYDAN.TV","article_published_time":"2019-03-13T16:03:05+00:00","og_image":[{"width":2000,"height":792,"url":"https:\/\/www.meydan.tv\/wp-content\/uploads\/uzbekistan.jpg","type":"image\/jpeg"}],"author":"user-manager","twitter_card":"summary_large_image","schema":{"@context":"https:\/\/schema.org","@graph":[{"@type":"Article","@id":"https:\/\/www.meydan.tv\/az\/article\/ozbek-resmisi-mehemmed-peygemberle-bagli-serhden-sonra-olum-tehdidleri-alir\/#article","isPartOf":{"@id":"https:\/\/www.meydan.tv\/az\/article\/ozbek-resmisi-mehemmed-peygemberle-bagli-serhden-sonra-olum-tehdidleri-alir\/"},"author":{"name":"user-manager","@id":"https:\/\/www.meydan.tv\/az\/#\/schema\/person\/10d11eccf6da3662cf5fdab9806ea91a"},"headline":"\u00d6zb\u0259k r\u0259smisi M\u0259h\u0259mm\u0259d Pey\u011f\u0259mb\u0259rl\u0259 ba\u011fl\u0131 \u015f\u0259rhd\u0259n sonra \u00f6l\u00fcm t\u0259hdidl\u0259ri al\u0131r","datePublished":"2019-03-13T16:03:05+00:00","mainEntityOfPage":{"@id":"https:\/\/www.meydan.tv\/az\/article\/ozbek-resmisi-mehemmed-peygemberle-bagli-serhden-sonra-olum-tehdidleri-alir\/"},"wordCount":370,"publisher":{"@id":"https:\/\/www.meydan.tv\/az\/#organization"},"image":{"@id":"https:\/\/www.meydan.tv\/az\/article\/ozbek-resmisi-mehemmed-peygemberle-bagli-serhden-sonra-olum-tehdidleri-alir\/#primaryimage"},"thumbnailUrl":"https:\/\/www.meydan.tv\/wp-content\/uploads\/uzbekistan.jpg","articleSection":["D\u00fcnya"],"inLanguage":"az"},{"@type":"WebPage","@id":"https:\/\/www.meydan.tv\/az\/article\/ozbek-resmisi-mehemmed-peygemberle-bagli-serhden-sonra-olum-tehdidleri-alir\/","url":"https:\/\/www.meydan.tv\/az\/article\/ozbek-resmisi-mehemmed-peygemberle-bagli-serhden-sonra-olum-tehdidleri-alir\/","name":"\u00d6zb\u0259k r\u0259smisi M\u0259h\u0259mm\u0259d Pey\u011f\u0259mb\u0259rl\u0259 ba\u011fl\u0131 \u015f\u0259rhd\u0259n sonra \u00f6l\u00fcm t\u0259hdidl\u0259ri al\u0131r - MEYDAN.TV","isPartOf":{"@id":"https:\/\/www.meydan.tv\/az\/#website"},"primaryImageOfPage":{"@id":"https:\/\/www.meydan.tv\/az\/article\/ozbek-resmisi-mehemmed-peygemberle-bagli-serhden-sonra-olum-tehdidleri-alir\/#primaryimage"},"image":{"@id":"https:\/\/www.meydan.tv\/az\/article\/ozbek-resmisi-mehemmed-peygemberle-bagli-serhden-sonra-olum-tehdidleri-alir\/#primaryimage"},"thumbnailUrl":"https:\/\/www.meydan.tv\/wp-content\/uploads\/uzbekistan.jpg","datePublished":"2019-03-13T16:03:05+00:00","breadcrumb":{"@id":"https:\/\/www.meydan.tv\/az\/article\/ozbek-resmisi-mehemmed-peygemberle-bagli-serhden-sonra-olum-tehdidleri-alir\/#breadcrumb"},"inLanguage":"az","potentialAction":[{"@type":"ReadAction","target":["https:\/\/www.meydan.tv\/az\/article\/ozbek-resmisi-mehemmed-peygemberle-bagli-serhden-sonra-olum-tehdidleri-alir\/"]}]},{"@type":"ImageObject","inLanguage":"az","@id":"https:\/\/www.meydan.tv\/az\/article\/ozbek-resmisi-mehemmed-peygemberle-bagli-serhden-sonra-olum-tehdidleri-alir\/#primaryimage","url":"https:\/\/www.meydan.tv\/wp-content\/uploads\/uzbekistan.jpg","contentUrl":"https:\/\/www.meydan.tv\/wp-content\/uploads\/uzbekistan.jpg","width":2000,"height":792,"caption":"Source: Meydan TV"},{"@type":"BreadcrumbList","@id":"https:\/\/www.meydan.tv\/az\/article\/ozbek-resmisi-mehemmed-peygemberle-bagli-serhden-sonra-olum-tehdidleri-alir\/#breadcrumb","itemListElement":[{"@type":"ListItem","position":1,"name":"Ana s\u0259hif\u0259","item":"https:\/\/www.meydan.tv\/az\/"},{"@type":"ListItem","position":2,"name":"D\u00fcnya","item":"https:\/\/www.meydan.tv\/az\/section\/dunya\/"},{"@type":"ListItem","position":3,"name":"\u00d6zb\u0259k r\u0259smisi M\u0259h\u0259mm\u0259d Pey\u011f\u0259mb\u0259rl\u0259 ba\u011fl\u0131 \u015f\u0259rhd\u0259n sonra \u00f6l\u00fcm t\u0259hdidl\u0259ri al\u0131r"}]},{"@type":"WebSite","@id":"https:\/\/www.meydan.tv\/az\/#website","url":"https:\/\/www.meydan.tv\/az\/","name":"MEYDAN.TV","description":"Meydan TV Az\u0259rbaycan\u0131n media m\u0259kan\u0131ndak\u0131 alternativ s\u0259sidir","publisher":{"@id":"https:\/\/www.meydan.tv\/az\/#organization"},"potentialAction":[{"@type":"SearchAction","target":{"@type":"EntryPoint","urlTemplate":"https:\/\/www.meydan.tv\/az\/?s={search_term_string}"},"query-input":{"@type":"PropertyValueSpecification","valueRequired":true,"valueName":"search_term_string"}}],"inLanguage":"az"},{"@type":"Organization","@id":"https:\/\/www.meydan.tv\/az\/#organization","name":"Meydan TV","url":"https:\/\/www.meydan.tv\/az\/","logo":{"@type":"ImageObject","inLanguage":"az","@id":"https:\/\/www.meydan.tv\/az\/#\/schema\/logo\/image\/","url":"https:\/\/www.meydan.tv\/wp-content\/uploads\/2021\/07\/meydan-logo.svg","contentUrl":"https:\/\/www.meydan.tv\/wp-content\/uploads\/2021\/07\/meydan-logo.svg","width":195,"height":46,"caption":"Meydan TV"},"image":{"@id":"https:\/\/www.meydan.tv\/az\/#\/schema\/logo\/image\/"}},{"@type":"Person","@id":"https:\/\/www.meydan.tv\/az\/#\/schema\/person\/10d11eccf6da3662cf5fdab9806ea91a","name":"user-manager"}]}},"_links":{"self":[{"href":"https:\/\/www.meydan.tv\/az\/wp-json\/wp\/v2\/posts\/194468","targetHints":{"allow":["GET"]}}],"collection":[{"href":"https:\/\/www.meydan.tv\/az\/wp-json\/wp\/v2\/posts"}],"about":[{"href":"https:\/\/www.meydan.tv\/az\/wp-json\/wp\/v2\/types\/post"}],"author":[{"embeddable":true,"href":"https:\/\/www.meydan.tv\/az\/wp-json\/wp\/v2\/users\/11"}],"replies":[{"embeddable":true,"href":"https:\/\/www.meydan.tv\/az\/wp-json\/wp\/v2\/comments?post=194468"}],"version-history":[{"count":0,"href":"https:\/\/www.meydan.tv\/az\/wp-json\/wp\/v2\/posts\/194468\/revisions"}],"wp:featuredmedia":[{"embeddable":true,"href":"https:\/\/www.meydan.tv\/az\/wp-json\/wp\/v2\/media\/120005"}],"wp:attachment":[{"href":"https:\/\/www.meydan.tv\/az\/wp-json\/wp\/v2\/media?parent=194468"}],"wp:term":[{"taxonomy":"category","embeddable":true,"href":"https:\/\/www.meydan.tv\/az\/wp-json\/wp\/v2\/categories?post=194468"},{"taxonomy":"post_tag","embeddable":true,"href":"https:\/\/www.meydan.tv\/az\/wp-json\/wp\/v2\/tags?post=194468"}],"curies":[{"name":"wp","href":"https:\/\/api.w.org\/{rel}","templated":true}]}}