{"id":194462,"date":"2019-03-13T13:10:35","date_gmt":"2019-03-13T13:10:35","guid":{"rendered":"https:\/\/www.meydan.tv\/article\/gulnare-kerimova-evinin-metbexinde-muhakime-edlib\/"},"modified":"2019-03-13T13:10:35","modified_gmt":"2019-03-13T13:10:35","slug":"gulnare-kerimova-evinin-metbexinde-muhakime-edlib","status":"publish","type":"post","link":"https:\/\/www.meydan.tv\/az\/article\/gulnare-kerimova-evinin-metbexinde-muhakime-edlib\/","title":{"rendered":"G\u00fclnar\u0259 K\u0259rimova evinin m\u0259tb\u0259xind\u0259 m\u00fchakim\u0259 edlib"},"content":{"rendered":"<p>\n  Eks-prezidentin n\u0259v\u0259si \u0130man K\u0259rimova \u201cThe Guardian\u201da dan\u0131\u015f\u0131r\n<\/p>\n<p>\n  Ke\u00e7mi\u015f \u00d6zb\u0259kistan prezidenti \u0130slam K\u0259rimovun b\u00f6y\u00fck q\u0131z\u0131 G\u00fclnar\u0259 K\u0259rimovan\u0131n be\u015f il m\u00fcdd\u0259tin\u0259 azadl\u0131qdan m\u0259hrum etm\u0259 il\u0259 n\u0259tic\u0259l\u0259n\u0259n m\u0259hk\u0259m\u0259si bir g\u00fcn bel\u0259 \u00e7\u0259km\u0259yib v\u0259 proses Karimovan\u0131n tutuldu\u011fu evin m\u0259tb\u0259xind\u0259 ba\u015f tutub. G\u00fclnar\u0259 K\u0259rimovan\u0131n q\u0131z\u0131 bel\u0259 deyir.\n<\/p>\n<p>\n  Mart\u0131n 12-d\u0259 \u201cThe Guardian\u201dda yay\u0131mlanan m\u00fcsahib\u0259d\u0259, K\u0259rimovan\u0131n q\u0131z\u0131 \u0130man K\u0259rimova 2014-c\u00fc ild\u0259 \u00d6zb\u0259kistan gizli qurumlar\u0131 t\u0259r\u0259find\u0259n h\u0259bs olunan G\u00fclnar\u0259 K\u0259rimovan\u0131n o vaxtda bu yana h\u0259yat\u0131n\u0131n m\u00fc\u0259mmal\u0131 t\u0259r\u0259fl\u0259ri haqda m\u0259lumat verib.\n<\/p>\n<p>\n  M\u00fcsahib\u0259d\u0259 qeyd edilir ki, x\u00fcsusi t\u0259yinatl\u0131lar K\u0259rimovan\u0131 saxlamaq \u00fc\u00e7\u00fcn evinin balkonundan daxil olublar v\u0259 K\u0259rimova h\u0259l\u0259 o vaxtlar h\u0259yatda olan atas\u0131yla \u0259laq\u0259 yaratma\u011fa imkan tapmay\u0131b.\n<\/p>\n<p>\n  M\u00fcsahib\u0259d\u0259n be\u015f g\u00fcn \u00f6nc\u0259 AB\u015e hakimiyy\u0259ti K\u0259rimovan\u0131 xarici korrupsiya qanunlar\u0131n\u0131 pozmaqda ittiham ed\u0259r\u0259k ilk d\u0259f\u0259 onun ad\u0131n\u0131 beyn\u0259lxalq r\u00fc\u015fv\u0259txorluqda halland\u0131r\u0131b.\n<\/p>\n<p>\n  Bundan az sonra, mart\u0131n 5-d\u0259 is\u0259 prokurorluq bildirdi ki, K\u0259rimova ev h\u0259bsinin \u015f\u0259rtl\u0259rini pozdu\u011fu \u00fc\u00e7\u00fcn h\u0259bsxanaya apar\u0131l\u0131b. K\u0259rimovan\u0131n isve\u00e7r\u0259li v\u0259kili is\u0259 \u015f\u0259rhind\u0259 qeyd edib ki, m\u00fcv\u0259kkili m\u0259hdudiyy\u0259tl\u0259r, \u00f6zba\u015f\u0131na \u00fcsullara v\u0259 k\u00fctl\u0259vi psixoloji t\u0259zyiql\u0259r\u0259 m\u0259ruz qal\u0131b:\n<\/p>\n<p>\n  &quot;G\u00fclnar\u0259 Karimova bir daha yoxa \u00e7\u0131x\u0131b. O, bir daha m\u0259hdudiyy\u0259tl\u0259r\u0259, \u00f6zba\u015f\u0131na \u00fcsullara v\u0259 k\u00fctl\u0259vi psixoloji t\u0259zyiql\u0259r\u0259 m\u0259ruz qal\u0131b. \u015eikay\u0259t\u00e7i \u015f\u0259xs \u00f6z\u00fcn\u00fc m\u00fcdafi\u0259 etm\u0259k, \u0259dal\u0259t\u0259 \u00e7atmaq v\u0259 \u0259dal\u0259tli m\u0259hk\u0259m\u0259 \u015f\u0259raitin\u0259 nail olmaqdan m\u0259hrum oldu\u011fu m\u00fcdd\u0259td\u0259 h\u0259r hans\u0131 iddianam\u0259 m\u0259nas\u0131zd\u0131r &quot;, &#8211; dey\u0259 v\u0259kil Gregoire Mangeat mart\u0131n 12-d\u0259 Azadl\u0131q Radiosuna bildirib.\n<\/p>\n<p>\n  Mangeat \u0259vv\u0259ll\u0259r deyib ki, K\u0259rimova Da\u015fk\u0259ndd\u0259 saxland\u0131\u011f\u0131 m\u0259nzild\u0259n &quot;zorla \u00e7\u0131xar\u0131l\u0131b&quot; v\u0259 &quot;bilinm\u0259y\u0259n yer\u0259 apar\u0131l\u0131b&quot;.\n<\/p>\n<p>\n  \u0130man K\u0259rimova anas\u0131n\u0131n m\u0259nzilin \u00f6n qap\u0131s\u0131ndan \u00e7\u0259hray\u0131 \u00e7\u0259k\u0259l\u0259kd\u0259 s\u00fcr\u00fckl\u0259n\u0259r\u0259k \u00e7\u0131xar\u0131ld\u0131\u011f\u0131n\u0131 g\u00f6st\u0259r\u0259n video da t\u0259qdim edib.\n<\/p>\n<p>\n  \u0130man K\u0259rimova \u201cThe Guardian\u201d-a bildirib ki, o v\u0259 anas\u0131n\u0131n probleml\u0259ri onlar 2014-c\u00fc ild\u0259 Britaniyadan Da\u015fk\u0259nd\u0259 t\u0259til \u00fc\u00e7\u00fcn g\u0259l\u0259nd\u0259n sonra ba\u015flay\u0131b. O zaman onun 15 ya\u015f\u0131 olub. Bir s\u0259h\u0259r x\u00fcsusi t\u0259yinatl\u0131lar onlar\u0131n Da\u015fk\u0259ndd\u0259ki evl\u0259rin\u0259 daxil olublar. Onlar\u0131 ziyar\u0259t\u0259 g\u0259l\u0259n dostlar\u0131n\u0131n ba\u015f\u0131na torba ke\u00e7iril\u0259r\u0259k evd\u0259n uzaqla\u015fd\u0131r\u0131ld\u0131\u011f\u0131n\u0131 dey\u0259n \u0130man K\u0259rimova m\u0259nzild\u0259 olan b\u00fct\u00fcn elektron \u0259\u015fyalar\u0131n v\u0259 s\u0259n\u0259dl\u0259rin m\u00fcsadir\u0259 edildiyini s\u00f6yl\u0259yib. O qeyd edib ki, anas\u0131 babas\u0131yla \u0259laq\u0259 saxlama\u011fa \u00e7al\u0131\u015fsa da bu, m\u00fcmk\u00fcn olmay\u0131b.\n<\/p>\n<p>\n  2015-ci ilin avqustunda \u0130man K\u0259rimova m\u00fcsahib\u0259si zaman\u0131 deyib ki, bir hakim, prokurorlar v\u0259 d\u00f6vl\u0259t t\u0259r\u0259find\u0259n t\u0259yin olunmu\u015f narahat bir h\u00fcquq\u015f\u00fcnas onlar\u0131n evin\u0259 g\u0259lib v\u0259 evd\u0259 bir ne\u00e7\u0259 saat davam ed\u0259n m\u0259hk\u0259m\u0259 ke\u00e7irilib.\n<\/p>\n<p>\n  Bu haqda \u00f6zb\u0259k hakimiyy\u0259ti 2017-ci ilin iyul ay\u0131na q\u0259d\u0259r he\u00e7 bir m\u0259lumat verm\u0259yib. 2017-ci ilin iyul ay\u0131nda Ba\u015f Prokurorluq deyib ki, 2015-ci ild\u0259 G\u00fclnar\u0259 K\u0259rimova v\u0259 bir ne\u00e7\u0259 \u015f\u0259xs\u0259 q\u0259sb, m\u0259nims\u0259m\u0259 v\u0259 vergid\u0259n yay\u0131nma da daxil olmaqla bir s\u0131ra cinay\u0259tl\u0259r\u0259 g\u00f6r\u0259 m\u0259hkum edilib. Onlar 5 il m\u00fcdd\u0259tin\u0259 azadl\u0131qdan m\u0259hrum edilibl\u0259r. Prokurorlu\u011fun b\u0259yanat\u0131nda deyilir ki, maliyy\u0259 s\u0259hvl\u0259ri, saxtakarl\u0131q v\u0259 pul yuyulmas\u0131 il\u0259 ba\u011fl\u0131 ba\u011fl\u0131 ara\u015fd\u0131rma apar\u0131l\u0131r.\n<\/p>\n<p>\n  20 ya\u015fl\u0131 \u0130man K\u0259rimova qarda\u015f\u0131 \u0130slam K\u0259rimovla haz\u0131rda Londonda ya\u015fay\u0131r. Bac\u0131 v\u0259 qarda\u015f \u00f6zb\u0259k hakimiyy\u0259tini anas\u0131n\u0131 azad etm\u0259y\u0259 \u00e7a\u011f\u0131r\u0131r. Bir zamanlar G\u00fclnar\u0259 K\u0259rimova 1989-2016-c\u0131 ill\u0259rd\u0259 \u00d6zb\u0259kistan\u0131 idar\u0259 ed\u0259n atas\u0131 \u0130slam K\u0259rimovdan sonra prezidentliy\u0259 \u0259n real namiz\u0259dl\u0259rd\u0259n say\u0131l\u0131rd\u0131. Lakin onun ad\u0131 prezident q\u0131z\u0131 olaraq s\u0259lahiyy\u0259tl\u0259rind\u0259n sui-istifad\u0259 etm\u0259kd\u0259, korrupsiyada hallan\u0131b.<\/p>\n","protected":false},"excerpt":{"rendered":"<p>20 ya\u015fl\u0131 \u0130man K\u0259rimova qarda\u015f\u0131 \u0130slam K\u0259rimovla haz\u0131rda Londonda ya\u015fay\u0131r<\/p>\n","protected":false},"author":11,"featured_media":119987,"comment_status":"closed","ping_status":"open","sticky":false,"template":"","format":"standard","meta":{"_acf_changed":false,"_sitemap_exclude":false,"_sitemap_priority":"","_sitemap_frequency":"","footnotes":""},"categories":[64],"tags":[],"class_list":["post-194462","post","type-post","status-publish","format-standard","has-post-thumbnail","hentry","category-dunya","infinite-scroll-item","generate-columns","tablet-grid-50","mobile-grid-100","grid-parent","grid-33","no-featured-image-padding"],"acf":[],"yoast_head":"<!-- This site is optimized with the Yoast SEO plugin v27.4 - https:\/\/yoast.com\/product\/yoast-seo-wordpress\/ -->\n<title>G\u00fclnar\u0259 K\u0259rimova evinin m\u0259tb\u0259xind\u0259 m\u00fchakim\u0259 edlib - MEYDAN.TV<\/title>\n<meta name=\"robots\" content=\"index, follow, max-snippet:-1, max-image-preview:large, max-video-preview:-1\" \/>\n<link rel=\"canonical\" href=\"https:\/\/www.meydan.tv\/az\/article\/gulnare-kerimova-evinin-metbexinde-muhakime-edlib\/\" \/>\n<meta property=\"og:locale\" content=\"az_AZ\" \/>\n<meta property=\"og:type\" content=\"article\" \/>\n<meta property=\"og:title\" content=\"G\u00fclnar\u0259 K\u0259rimova evinin m\u0259tb\u0259xind\u0259 m\u00fchakim\u0259 edlib - MEYDAN.TV\" \/>\n<meta property=\"og:description\" content=\"20 ya\u015fl\u0131 \u0130man K\u0259rimova qarda\u015f\u0131 \u0130slam K\u0259rimovla haz\u0131rda Londonda ya\u015fay\u0131r\" \/>\n<meta property=\"og:url\" content=\"https:\/\/www.meydan.tv\/az\/article\/gulnare-kerimova-evinin-metbexinde-muhakime-edlib\/\" \/>\n<meta property=\"og:site_name\" content=\"MEYDAN.TV\" \/>\n<meta property=\"article:published_time\" content=\"2019-03-13T13:10:35+00:00\" \/>\n<meta property=\"og:image\" content=\"https:\/\/www.meydan.tv\/wp-content\/uploads\/big_1479811749_tvitter-karimovoj.jpg\" \/>\n\t<meta property=\"og:image:width\" content=\"774\" \/>\n\t<meta property=\"og:image:height\" content=\"480\" \/>\n\t<meta property=\"og:image:type\" content=\"image\/jpeg\" \/>\n<meta name=\"author\" content=\"user-manager\" \/>\n<meta name=\"twitter:card\" content=\"summary_large_image\" \/>\n<script type=\"application\/ld+json\" class=\"yoast-schema-graph\">{\"@context\":\"https:\\\/\\\/schema.org\",\"@graph\":[{\"@type\":\"Article\",\"@id\":\"https:\\\/\\\/www.meydan.tv\\\/az\\\/article\\\/gulnare-kerimova-evinin-metbexinde-muhakime-edlib\\\/#article\",\"isPartOf\":{\"@id\":\"https:\\\/\\\/www.meydan.tv\\\/az\\\/article\\\/gulnare-kerimova-evinin-metbexinde-muhakime-edlib\\\/\"},\"author\":{\"name\":\"user-manager\",\"@id\":\"https:\\\/\\\/www.meydan.tv\\\/az\\\/#\\\/schema\\\/person\\\/10d11eccf6da3662cf5fdab9806ea91a\"},\"headline\":\"G\u00fclnar\u0259 K\u0259rimova evinin m\u0259tb\u0259xind\u0259 m\u00fchakim\u0259 edlib\",\"datePublished\":\"2019-03-13T13:10:35+00:00\",\"mainEntityOfPage\":{\"@id\":\"https:\\\/\\\/www.meydan.tv\\\/az\\\/article\\\/gulnare-kerimova-evinin-metbexinde-muhakime-edlib\\\/\"},\"wordCount\":775,\"publisher\":{\"@id\":\"https:\\\/\\\/www.meydan.tv\\\/az\\\/#organization\"},\"image\":{\"@id\":\"https:\\\/\\\/www.meydan.tv\\\/az\\\/article\\\/gulnare-kerimova-evinin-metbexinde-muhakime-edlib\\\/#primaryimage\"},\"thumbnailUrl\":\"https:\\\/\\\/www.meydan.tv\\\/wp-content\\\/uploads\\\/big_1479811749_tvitter-karimovoj.jpg\",\"articleSection\":[\"D\u00fcnya\"],\"inLanguage\":\"az\"},{\"@type\":\"WebPage\",\"@id\":\"https:\\\/\\\/www.meydan.tv\\\/az\\\/article\\\/gulnare-kerimova-evinin-metbexinde-muhakime-edlib\\\/\",\"url\":\"https:\\\/\\\/www.meydan.tv\\\/az\\\/article\\\/gulnare-kerimova-evinin-metbexinde-muhakime-edlib\\\/\",\"name\":\"G\u00fclnar\u0259 K\u0259rimova evinin m\u0259tb\u0259xind\u0259 m\u00fchakim\u0259 edlib - MEYDAN.TV\",\"isPartOf\":{\"@id\":\"https:\\\/\\\/www.meydan.tv\\\/az\\\/#website\"},\"primaryImageOfPage\":{\"@id\":\"https:\\\/\\\/www.meydan.tv\\\/az\\\/article\\\/gulnare-kerimova-evinin-metbexinde-muhakime-edlib\\\/#primaryimage\"},\"image\":{\"@id\":\"https:\\\/\\\/www.meydan.tv\\\/az\\\/article\\\/gulnare-kerimova-evinin-metbexinde-muhakime-edlib\\\/#primaryimage\"},\"thumbnailUrl\":\"https:\\\/\\\/www.meydan.tv\\\/wp-content\\\/uploads\\\/big_1479811749_tvitter-karimovoj.jpg\",\"datePublished\":\"2019-03-13T13:10:35+00:00\",\"breadcrumb\":{\"@id\":\"https:\\\/\\\/www.meydan.tv\\\/az\\\/article\\\/gulnare-kerimova-evinin-metbexinde-muhakime-edlib\\\/#breadcrumb\"},\"inLanguage\":\"az\",\"potentialAction\":[{\"@type\":\"ReadAction\",\"target\":[\"https:\\\/\\\/www.meydan.tv\\\/az\\\/article\\\/gulnare-kerimova-evinin-metbexinde-muhakime-edlib\\\/\"]}]},{\"@type\":\"ImageObject\",\"inLanguage\":\"az\",\"@id\":\"https:\\\/\\\/www.meydan.tv\\\/az\\\/article\\\/gulnare-kerimova-evinin-metbexinde-muhakime-edlib\\\/#primaryimage\",\"url\":\"https:\\\/\\\/www.meydan.tv\\\/wp-content\\\/uploads\\\/big_1479811749_tvitter-karimovoj.jpg\",\"contentUrl\":\"https:\\\/\\\/www.meydan.tv\\\/wp-content\\\/uploads\\\/big_1479811749_tvitter-karimovoj.jpg\",\"width\":774,\"height\":480,\"caption\":\"Source: google.az\"},{\"@type\":\"BreadcrumbList\",\"@id\":\"https:\\\/\\\/www.meydan.tv\\\/az\\\/article\\\/gulnare-kerimova-evinin-metbexinde-muhakime-edlib\\\/#breadcrumb\",\"itemListElement\":[{\"@type\":\"ListItem\",\"position\":1,\"name\":\"Ana s\u0259hif\u0259\",\"item\":\"https:\\\/\\\/www.meydan.tv\\\/az\\\/\"},{\"@type\":\"ListItem\",\"position\":2,\"name\":\"D\u00fcnya\",\"item\":\"https:\\\/\\\/www.meydan.tv\\\/az\\\/section\\\/dunya\\\/\"},{\"@type\":\"ListItem\",\"position\":3,\"name\":\"G\u00fclnar\u0259 K\u0259rimova evinin m\u0259tb\u0259xind\u0259 m\u00fchakim\u0259 edlib\"}]},{\"@type\":\"WebSite\",\"@id\":\"https:\\\/\\\/www.meydan.tv\\\/az\\\/#website\",\"url\":\"https:\\\/\\\/www.meydan.tv\\\/az\\\/\",\"name\":\"MEYDAN.TV\",\"description\":\"Meydan TV Az\u0259rbaycan\u0131n media m\u0259kan\u0131ndak\u0131 alternativ s\u0259sidir\",\"publisher\":{\"@id\":\"https:\\\/\\\/www.meydan.tv\\\/az\\\/#organization\"},\"potentialAction\":[{\"@type\":\"SearchAction\",\"target\":{\"@type\":\"EntryPoint\",\"urlTemplate\":\"https:\\\/\\\/www.meydan.tv\\\/az\\\/?s={search_term_string}\"},\"query-input\":{\"@type\":\"PropertyValueSpecification\",\"valueRequired\":true,\"valueName\":\"search_term_string\"}}],\"inLanguage\":\"az\"},{\"@type\":\"Organization\",\"@id\":\"https:\\\/\\\/www.meydan.tv\\\/az\\\/#organization\",\"name\":\"Meydan TV\",\"url\":\"https:\\\/\\\/www.meydan.tv\\\/az\\\/\",\"logo\":{\"@type\":\"ImageObject\",\"inLanguage\":\"az\",\"@id\":\"https:\\\/\\\/www.meydan.tv\\\/az\\\/#\\\/schema\\\/logo\\\/image\\\/\",\"url\":\"https:\\\/\\\/www.meydan.tv\\\/wp-content\\\/uploads\\\/2021\\\/07\\\/meydan-logo.svg\",\"contentUrl\":\"https:\\\/\\\/www.meydan.tv\\\/wp-content\\\/uploads\\\/2021\\\/07\\\/meydan-logo.svg\",\"width\":195,\"height\":46,\"caption\":\"Meydan TV\"},\"image\":{\"@id\":\"https:\\\/\\\/www.meydan.tv\\\/az\\\/#\\\/schema\\\/logo\\\/image\\\/\"}},{\"@type\":\"Person\",\"@id\":\"https:\\\/\\\/www.meydan.tv\\\/az\\\/#\\\/schema\\\/person\\\/10d11eccf6da3662cf5fdab9806ea91a\",\"name\":\"user-manager\"}]}<\/script>\n<!-- \/ Yoast SEO plugin. -->","yoast_head_json":{"title":"G\u00fclnar\u0259 K\u0259rimova evinin m\u0259tb\u0259xind\u0259 m\u00fchakim\u0259 edlib - MEYDAN.TV","robots":{"index":"index","follow":"follow","max-snippet":"max-snippet:-1","max-image-preview":"max-image-preview:large","max-video-preview":"max-video-preview:-1"},"canonical":"https:\/\/www.meydan.tv\/az\/article\/gulnare-kerimova-evinin-metbexinde-muhakime-edlib\/","og_locale":"az_AZ","og_type":"article","og_title":"G\u00fclnar\u0259 K\u0259rimova evinin m\u0259tb\u0259xind\u0259 m\u00fchakim\u0259 edlib - MEYDAN.TV","og_description":"20 ya\u015fl\u0131 \u0130man K\u0259rimova qarda\u015f\u0131 \u0130slam K\u0259rimovla haz\u0131rda Londonda ya\u015fay\u0131r","og_url":"https:\/\/www.meydan.tv\/az\/article\/gulnare-kerimova-evinin-metbexinde-muhakime-edlib\/","og_site_name":"MEYDAN.TV","article_published_time":"2019-03-13T13:10:35+00:00","og_image":[{"width":774,"height":480,"url":"https:\/\/www.meydan.tv\/wp-content\/uploads\/big_1479811749_tvitter-karimovoj.jpg","type":"image\/jpeg"}],"author":"user-manager","twitter_card":"summary_large_image","schema":{"@context":"https:\/\/schema.org","@graph":[{"@type":"Article","@id":"https:\/\/www.meydan.tv\/az\/article\/gulnare-kerimova-evinin-metbexinde-muhakime-edlib\/#article","isPartOf":{"@id":"https:\/\/www.meydan.tv\/az\/article\/gulnare-kerimova-evinin-metbexinde-muhakime-edlib\/"},"author":{"name":"user-manager","@id":"https:\/\/www.meydan.tv\/az\/#\/schema\/person\/10d11eccf6da3662cf5fdab9806ea91a"},"headline":"G\u00fclnar\u0259 K\u0259rimova evinin m\u0259tb\u0259xind\u0259 m\u00fchakim\u0259 edlib","datePublished":"2019-03-13T13:10:35+00:00","mainEntityOfPage":{"@id":"https:\/\/www.meydan.tv\/az\/article\/gulnare-kerimova-evinin-metbexinde-muhakime-edlib\/"},"wordCount":775,"publisher":{"@id":"https:\/\/www.meydan.tv\/az\/#organization"},"image":{"@id":"https:\/\/www.meydan.tv\/az\/article\/gulnare-kerimova-evinin-metbexinde-muhakime-edlib\/#primaryimage"},"thumbnailUrl":"https:\/\/www.meydan.tv\/wp-content\/uploads\/big_1479811749_tvitter-karimovoj.jpg","articleSection":["D\u00fcnya"],"inLanguage":"az"},{"@type":"WebPage","@id":"https:\/\/www.meydan.tv\/az\/article\/gulnare-kerimova-evinin-metbexinde-muhakime-edlib\/","url":"https:\/\/www.meydan.tv\/az\/article\/gulnare-kerimova-evinin-metbexinde-muhakime-edlib\/","name":"G\u00fclnar\u0259 K\u0259rimova evinin m\u0259tb\u0259xind\u0259 m\u00fchakim\u0259 edlib - MEYDAN.TV","isPartOf":{"@id":"https:\/\/www.meydan.tv\/az\/#website"},"primaryImageOfPage":{"@id":"https:\/\/www.meydan.tv\/az\/article\/gulnare-kerimova-evinin-metbexinde-muhakime-edlib\/#primaryimage"},"image":{"@id":"https:\/\/www.meydan.tv\/az\/article\/gulnare-kerimova-evinin-metbexinde-muhakime-edlib\/#primaryimage"},"thumbnailUrl":"https:\/\/www.meydan.tv\/wp-content\/uploads\/big_1479811749_tvitter-karimovoj.jpg","datePublished":"2019-03-13T13:10:35+00:00","breadcrumb":{"@id":"https:\/\/www.meydan.tv\/az\/article\/gulnare-kerimova-evinin-metbexinde-muhakime-edlib\/#breadcrumb"},"inLanguage":"az","potentialAction":[{"@type":"ReadAction","target":["https:\/\/www.meydan.tv\/az\/article\/gulnare-kerimova-evinin-metbexinde-muhakime-edlib\/"]}]},{"@type":"ImageObject","inLanguage":"az","@id":"https:\/\/www.meydan.tv\/az\/article\/gulnare-kerimova-evinin-metbexinde-muhakime-edlib\/#primaryimage","url":"https:\/\/www.meydan.tv\/wp-content\/uploads\/big_1479811749_tvitter-karimovoj.jpg","contentUrl":"https:\/\/www.meydan.tv\/wp-content\/uploads\/big_1479811749_tvitter-karimovoj.jpg","width":774,"height":480,"caption":"Source: google.az"},{"@type":"BreadcrumbList","@id":"https:\/\/www.meydan.tv\/az\/article\/gulnare-kerimova-evinin-metbexinde-muhakime-edlib\/#breadcrumb","itemListElement":[{"@type":"ListItem","position":1,"name":"Ana s\u0259hif\u0259","item":"https:\/\/www.meydan.tv\/az\/"},{"@type":"ListItem","position":2,"name":"D\u00fcnya","item":"https:\/\/www.meydan.tv\/az\/section\/dunya\/"},{"@type":"ListItem","position":3,"name":"G\u00fclnar\u0259 K\u0259rimova evinin m\u0259tb\u0259xind\u0259 m\u00fchakim\u0259 edlib"}]},{"@type":"WebSite","@id":"https:\/\/www.meydan.tv\/az\/#website","url":"https:\/\/www.meydan.tv\/az\/","name":"MEYDAN.TV","description":"Meydan TV Az\u0259rbaycan\u0131n media m\u0259kan\u0131ndak\u0131 alternativ s\u0259sidir","publisher":{"@id":"https:\/\/www.meydan.tv\/az\/#organization"},"potentialAction":[{"@type":"SearchAction","target":{"@type":"EntryPoint","urlTemplate":"https:\/\/www.meydan.tv\/az\/?s={search_term_string}"},"query-input":{"@type":"PropertyValueSpecification","valueRequired":true,"valueName":"search_term_string"}}],"inLanguage":"az"},{"@type":"Organization","@id":"https:\/\/www.meydan.tv\/az\/#organization","name":"Meydan TV","url":"https:\/\/www.meydan.tv\/az\/","logo":{"@type":"ImageObject","inLanguage":"az","@id":"https:\/\/www.meydan.tv\/az\/#\/schema\/logo\/image\/","url":"https:\/\/www.meydan.tv\/wp-content\/uploads\/2021\/07\/meydan-logo.svg","contentUrl":"https:\/\/www.meydan.tv\/wp-content\/uploads\/2021\/07\/meydan-logo.svg","width":195,"height":46,"caption":"Meydan TV"},"image":{"@id":"https:\/\/www.meydan.tv\/az\/#\/schema\/logo\/image\/"}},{"@type":"Person","@id":"https:\/\/www.meydan.tv\/az\/#\/schema\/person\/10d11eccf6da3662cf5fdab9806ea91a","name":"user-manager"}]}},"_links":{"self":[{"href":"https:\/\/www.meydan.tv\/az\/wp-json\/wp\/v2\/posts\/194462","targetHints":{"allow":["GET"]}}],"collection":[{"href":"https:\/\/www.meydan.tv\/az\/wp-json\/wp\/v2\/posts"}],"about":[{"href":"https:\/\/www.meydan.tv\/az\/wp-json\/wp\/v2\/types\/post"}],"author":[{"embeddable":true,"href":"https:\/\/www.meydan.tv\/az\/wp-json\/wp\/v2\/users\/11"}],"replies":[{"embeddable":true,"href":"https:\/\/www.meydan.tv\/az\/wp-json\/wp\/v2\/comments?post=194462"}],"version-history":[{"count":0,"href":"https:\/\/www.meydan.tv\/az\/wp-json\/wp\/v2\/posts\/194462\/revisions"}],"wp:featuredmedia":[{"embeddable":true,"href":"https:\/\/www.meydan.tv\/az\/wp-json\/wp\/v2\/media\/119987"}],"wp:attachment":[{"href":"https:\/\/www.meydan.tv\/az\/wp-json\/wp\/v2\/media?parent=194462"}],"wp:term":[{"taxonomy":"category","embeddable":true,"href":"https:\/\/www.meydan.tv\/az\/wp-json\/wp\/v2\/categories?post=194462"},{"taxonomy":"post_tag","embeddable":true,"href":"https:\/\/www.meydan.tv\/az\/wp-json\/wp\/v2\/tags?post=194462"}],"curies":[{"name":"wp","href":"https:\/\/api.w.org\/{rel}","templated":true}]}}