{"id":194459,"date":"2019-03-13T12:01:26","date_gmt":"2019-03-13T12:01:26","guid":{"rendered":"https:\/\/www.meydan.tv\/article\/26-il-xestexanada-yasayan-aile\/"},"modified":"2019-03-13T12:01:26","modified_gmt":"2019-03-13T12:01:26","slug":"26-il-xestexanada-yasayan-aile","status":"publish","type":"post","link":"https:\/\/www.meydan.tv\/az\/article\/26-il-xestexanada-yasayan-aile\/","title":{"rendered":"26 il x\u0259st\u0259xanada ya\u015fayan ail\u0259"},"content":{"rendered":"<p>\n  &#x27;&#x27;Ax\u015famlar y\u00fck\u00fc t\u00f6k\u00fcb, yerd\u0259 yataq a\u00e7\u0131r\u0131q, s\u0259h\u0259r d\u0259 yenid\u0259n o a\u011f\u0131r d\u00f6\u015f\u0259kl\u0259ri y\u0131\u011f\u0131r\u0131q y\u00fck\u0259&#x27;&#x27;\n<\/p>\n<p>\n  K\u0259lb\u0259c\u0259r k\u00f6\u00e7k\u00fcn\u00fc R\u0259c\u0259b M\u0259mm\u0259dov ill\u0259rdir ail\u0259si il\u0259 birg\u0259 Yevlax rayonunun Mal Bin\u0259si k\u0259ndind\u0259ki k\u00f6hn\u0259 x\u0259st\u0259xanada m\u0259skunla\u015f\u0131b. Daha do\u011frusu x\u0259st\u0259xana binas\u0131n\u0131n giri\u015find\u0259ki istixana binas\u0131nda. Deyir, 1993-c\u00fc ild\u0259n bu birotaql\u0131 daxmada 6 n\u0259f\u0259r ya\u015fay\u0131rlar. \u00d6vladlar\u0131n\u0131 g\u0259l\u0259c\u0259kd\u0259 bir ne\u00e7\u0259 otaql\u0131 evl\u0259ri olsa, orada nec\u0259 yerl\u0259\u015fm\u0259yin x\u0259yal\u0131 il\u0259 b\u00f6y\u00fcd\u00fcb, h\u0259r\u0259sin\u0259 ayr\u0131ca otaq v\u0259d edib. Ancaq buna imkan\u0131 \u00e7atmay\u0131b.\n<\/p>\n<p>\n  \u201c\u00d6z\u00fcm\u00fcz\u00fcn o imkan\u0131m\u0131z olmad\u0131, n\u0259 d\u0259 d\u00f6vl\u0259t qap\u0131m\u0131z\u0131 d\u00f6yd\u00fc. Bug\u00fcn\u0259d\u0259k hal\u0131m\u0131zla maraqlanan olmay\u0131b. \u00c7ox ist\u0259y\u0259rik bizi d\u0259 k\u00f6\u00e7\u00fcr\u0259l\u0259r, ev ver\u0259l\u0259r. 4 \u00f6vlad\u0131m var. H\u0259yat yolda\u015f\u0131m x\u0259st\u0259dir. \u0130\u015fl\u0259mirik, \u00e7\u00f6r\u0259kpulu il\u0259 dolan\u0131r\u0131q. Bu q\u0259d\u0259r adam bu otaqda ya\u015fay\u0131r. Burada yat\u0131r, burada yeyir, burada yem\u0259k haz\u0131rlay\u0131r, burada \u00e7imirik\u201d, &#8211; R\u0259c\u0259b M\u0259mm\u0259dov bel\u0259 deyir.\n<\/p>\n<figure class=\"wp-block-image size-large\">\n  <img decoding=\"async\" src=\"https:\/\/www.meydan.tv\/az\/image00006-jpeg-4\/\" alt=\"image00006.jpeg\" class=\"wp-image-119972\"\/><figcaption>\n    ev<br \/>\n  <\/figcaption><\/figure>\n<p>\n  H\u0259yat yolda\u015f\u0131 \u015f\u0259k\u0259rli diabetd\u0259n \u0259ziyy\u0259t \u00e7\u0259kir. El\u0259 x\u0259st\u0259liyin\u0259 g\u00f6r\u0259 aya\u011f\u0131na yara d\u00fc\u015f\u00fcb, sa\u011falm\u0131r:\n<\/p>\n<p>\n  \u201cHal\u0131 g\u00fcn\u00fc-g\u00fcnd\u0259n pisl\u0259\u015fir. H\u0259kim\u0259 apar\u0131r\u0131q, maz, d\u0259rman yaz\u0131r. S\u00fcrt\u00fcr\u00fck, he\u00e7 xeyir d\u0259 el\u0259mir. Bilmirik n\u0259 ed\u0259k. \u015e\u0259raiti g\u00f6r\u00fcrs\u00fcn\u00fcz. \u00c7\u0259tindir, vallah, ya\u015faya bilmirik. M\u0259n daha u\u015faqlar\u0131m\u0131n \u00fcz\u00fcn\u0259 baxma\u011fa da utan\u0131ram. Bir normal h\u0259yat ya\u015fada bilm\u0259dim onlara\u201d.\n<\/p>\n<p>\n  R\u0259na M\u0259mm\u0259dova bu ki\u00e7ik daxmada 4 u\u015faq b\u00f6y\u00fcd\u00fcb. Deyir, aya\u011f\u0131 sa\u011falmasa, nec\u0259 ya\u015fayacaq, bilmir:\n<\/p>\n<p>\n  \u201cOnsuz da aylard\u0131r normal h\u0259r\u0259k\u0259t ed\u0259 bilmir\u0259m. El\u0259 oturub qalm\u0131\u015fam bu odun pe\u00e7inin yan\u0131nda. Yax\u015f\u0131 ki, u\u015faqlar\u0131m b\u00f6y\u00fckd\u00fcr, \u00f6z i\u015fl\u0259rini g\u00f6r\u00fcrl\u0259r. Yoxsa m\u0259nim i\u015fim lap \u00e7\u0259tin olard\u0131. Ald\u0131\u011f\u0131m\u0131z da ayda 24 manat \u00e7\u00f6r\u0259kpuludur. El\u0259 \u00e7\u00f6r\u0259kd\u0259n ba\u015fqa he\u00e7 n\u0259y\u0259 \u00e7atm\u0131r. Bir ki\u00e7ik otaqd\u0131r. Ax\u015famlar y\u00fck\u00fc t\u00f6k\u00fcb, yerd\u0259 yataq a\u00e7\u0131r\u0131q, s\u0259h\u0259r d\u0259 yenid\u0259n o a\u011f\u0131r d\u00f6\u015f\u0259kl\u0259ri y\u0131\u011f\u0131r\u0131q y\u00fck\u0259. H\u0259r \u015feyimiz bu ota\u011f\u0131n i\u00e7ind\u0259dir. \u0130ll\u0259rdir v\u0259ziyy\u0259t bel\u0259 davam edir\u201d.\n<\/p>\n<figure class=\"wp-block-image size-large\">\n  <img decoding=\"async\" src=\"https:\/\/www.meydan.tv\/az\/image00010-jpeg\/\" alt=\"image00010.jpeg\" class=\"wp-image-119966\"\/><figcaption>\n    m\u0259tb\u0259x<br \/>\n  <\/figcaption><\/figure>\n<p>\n  R.M\u0259mm\u0259dova deyir ki, b\u0259lk\u0259 d\u0259 el\u0259 \u015f\u0259raitsizlikd\u0259ndir ki, n\u0259 pis x\u0259st\u0259lik olur, birinci onlar\u0131 tutur:\n<\/p>\n<p>\n  \u201cNat\u0259mizlikd\u0259n, \u015f\u0259raitsizlikd\u0259n g\u00f6r\u00fcrs\u00fcn\u00fcz d\u0259 aya\u011f\u0131m\u0131n hal\u0131n\u0131. \u015e\u0259raitimiz b\u0259rbadd\u0131r. Ona g\u00f6r\u0259 d\u0259 n\u0259 x\u0259st\u0259lik olsa, birinci bizi tap\u0131r. Kimi taps\u0131n? Bu \u015f\u0259raitd\u0259 he\u00e7 kim ya\u015famaz. G\u00f6rs\u00fcnl\u0259r, k\u00f6m\u0259k etsinl\u0259r biz\u0259, yaz\u0131\u011f\u0131q. Bundan sonra \u00f6mr\u00fcm\u0259 n\u0259 q\u0259d\u0259r qal\u0131b, bilmir\u0259m. Ka\u015f bir normal ev ver\u0259l\u0259r, m\u0259n d\u0259 bir g\u00fcn g\u00f6r\u0259m\u201d.\n<\/p>\n<p>\n  Meydan TV M\u0259mm\u0259dovlar ail\u0259sinin \u00e7\u0259tin \u015f\u0259raitd\u0259 ya\u015famas\u0131 il\u0259 ba\u011fl\u0131 Yevlax Rayon \u0130cra Hakimiyy\u0259tin\u0259 m\u00fcraci\u0259t edib. \u0130cra Hakimiyy\u0259tind\u0259n k\u00f6\u00e7k\u00fcnl\u0259rin yerl\u0259\u015fdirilm\u0259si, onlara ev verilm\u0259si i\u015fin\u0259 baxmad\u0131qlar\u0131n\u0131 s\u00f6yl\u0259yibl\u0259r:\n<\/p>\n<figure class=\"wp-block-image size-large\">\n  <img decoding=\"async\" src=\"https:\/\/www.meydan.tv\/az\/image00001-jpeg-2\/\" alt=\"image00001.jpeg\" class=\"wp-image-119978\"\/><figcaption>\n    h\u0259y\u0259t<br \/>\n  <\/figcaption><\/figure>\n<p>\n  \u201cBiz ev ver\u0259n qurum deyilik. H\u0259m d\u0259 bildiyim q\u0259d\u0259ril\u0259 h\u00f6kum\u0259t k\u00f6\u00e7k\u00fcnl\u0259r\u0259 ayl\u0131q m\u00fc\u0259yy\u0259n q\u0259d\u0259r v\u0259sait d\u0259 \u00f6d\u0259yir. \u0130\u015fl\u0259m\u0259s\u0259l\u0259r d\u0259, o v\u0259saiti al\u0131rlar. Ev is\u0259 bizlik olan m\u0259s\u0259l\u0259 deyil. Bunun \u00fc\u00e7\u00fcn Qa\u00e7q\u0131nlar\u0131n v\u0259 M\u0259cburi K\u00f6\u00e7k\u00fcnl\u0259rin \u0130\u015fl\u0259ri \u00fczr\u0259 D\u00f6vl\u0259t Komit\u0259sin\u0259 m\u00fcraci\u0259t etsinl\u0259r\u201d.\n<\/p>\n<p>\n  Qa\u00e7q\u0131nlar\u0131n v\u0259 M\u0259cburi K\u00f6\u00e7k\u00fcnl\u0259rin \u0130\u015fl\u0259ri \u00fczr\u0259 D\u00f6vl\u0259t Komit\u0259sinin is\u0259 bel\u0259 durumlarda bir cavab\u0131 var. H\u0259r d\u0259f\u0259 bildirirl\u0259r ki, b\u00fct\u00fcn m\u0259cburi k\u00f6\u00e7k\u00fcnl\u0259r siyah\u0131ya al\u0131n\u0131b, ham\u0131 bir g\u00fcn evl\u0259 t\u0259min edil\u0259c\u0259k. Sad\u0259c\u0259 bu i\u015fl\u0259r m\u0259rh\u0259l\u0259li \u015f\u0259kild\u0259 h\u0259yata ke\u00e7irilir. N\u00f6vb\u0259 ham\u0131ya \u00e7atacaq.\n<\/p>\n<figure class=\"wp-block-image size-large\">\n  <img decoding=\"async\" src=\"https:\/\/www.meydan.tv\/az\/image00011-jpeg-3\/\" alt=\"image00011.jpeg\" class=\"wp-image-119975\"\/><figcaption>\n    R\u0259c\u0259b M\u0259mm\u0259dov o\u011flu il\u0259<br \/>\n  <\/figcaption><\/figure>\n<p>\n  1990-c\u0131 ilin \u0259vv\u0259ll\u0259rind\u0259 Qaraba\u011fda Az\u0259rbaycan v\u0259 Erm\u0259nistan aras\u0131nda silahl\u0131 m\u00fcnaqi\u015f\u0259 y\u00fcz minl\u0259rl\u0259 insan\u0131 evind\u0259n k\u00f6\u00e7k\u00fcn sald\u0131.\n<\/p>\n<p>\n  <a href=\"https:\/\/www.refworld.org\/country,,UNHCR,,AZE,,5b081e2f4,0.html\"><br \/>\n    BMT-nin Miqrasiya Agentliyi<br \/>\n  <\/a><br \/>\n  nin m\u0259lumat\u0131na \u0259sas\u0259n, 1994-c\u00fc ild\u0259 at\u0259\u015fk\u0259s imzalanana q\u0259d\u0259r m\u00fcharib\u0259d\u0259 30000-d\u0259n \u00e7ox insan h\u0259yat\u0131n\u0131 itirib, 600 mind\u0259n \u00e7ox insan m\u0259cburi k\u00f6\u00e7k\u00fcn v\u0259 250 mind\u0259n \u00e7ox etnik az\u0259rbaycanl\u0131 is\u0259 qa\u00e7q\u0131n d\u00fc\u015f\u00fcb.\n<\/p>\n<figure class=\"wp-block-image size-large\">\n  <img decoding=\"async\" src=\"https:\/\/www.meydan.tv\/az\/image00009-jpeg-4\/\" alt=\"image00009.jpeg\" class=\"wp-image-119981\"\/><figcaption>\n    ev<br \/>\n  <\/figcaption><\/figure>\n<p>\n  K\u00f6\u00e7k\u00fcn d\u00fc\u015fm\u00fc\u015f \u0259hali s\u0131\u011f\u0131nacaq kimi istifad\u0259 ed\u0259 bil\u0259c\u0259kl\u0259ri h\u0259r yerd\u0259 m\u0259skunla\u015f\u0131b. M\u0259kt\u0259bl\u0259r, x\u0259st\u0259xanalar, u\u015faq ba\u011f\u00e7alar\u0131, kitabxanalar, yol k\u0259narlar\u0131, h\u0259tta ilk vaxtlarda \u00e7ad\u0131rlarda qalanlar da var idi. Bu s\u0131\u011f\u0131nacaqlar m\u00fcv\u0259qq\u0259ti say\u0131l\u0131rd\u0131, ancaq insanlar 25 ild\u0259n art\u0131qd\u0131r ki, bu yerl\u0259rd\u0259 ya\u015fay\u0131rlar. M\u00fcv\u0259qq\u0259ti s\u0131\u011f\u0131nd\u0131qlar\u0131 bu yerl\u0259r onlar\u0131n daimi ya\u015fay\u0131\u015f m\u0259sk\u0259nl\u0259rin\u0259 \u00e7evrilib.\n<\/p>\n<figure class=\"wp-block-image size-large\">\n  <img decoding=\"async\" src=\"https:\/\/www.meydan.tv\/az\/image00002-jpeg-4\/\" alt=\"image00002.jpeg\" class=\"wp-image-119984\"\/><figcaption>\n    h\u0259y\u0259t<br \/>\n  <\/figcaption><\/figure>\n","protected":false},"excerpt":{"rendered":"<p>K\u00f6\u00e7k\u00fcn d\u00fc\u015fm\u00fc\u015f \u0259hali s\u0131\u011f\u0131nacaq kimi istifad\u0259 ed\u0259 bil\u0259c\u0259kl\u0259ri h\u0259r yerd\u0259 m\u0259skunla\u015f\u0131b.<\/p>\n","protected":false},"author":11,"featured_media":119969,"comment_status":"closed","ping_status":"open","sticky":false,"template":"","format":"standard","meta":{"_acf_changed":false,"_sitemap_exclude":false,"_sitemap_priority":"","_sitemap_frequency":"","footnotes":""},"categories":[60],"tags":[],"class_list":["post-194459","post","type-post","status-publish","format-standard","has-post-thumbnail","hentry","category-bolge","infinite-scroll-item","generate-columns","tablet-grid-50","mobile-grid-100","grid-parent","grid-33","no-featured-image-padding"],"acf":[],"yoast_head":"<!-- This site is optimized with the Yoast SEO plugin v27.4 - https:\/\/yoast.com\/product\/yoast-seo-wordpress\/ -->\n<title>26 il x\u0259st\u0259xanada ya\u015fayan ail\u0259 - MEYDAN.TV<\/title>\n<meta name=\"robots\" content=\"index, follow, max-snippet:-1, max-image-preview:large, max-video-preview:-1\" \/>\n<link rel=\"canonical\" href=\"https:\/\/www.meydan.tv\/az\/article\/26-il-xestexanada-yasayan-aile\/\" \/>\n<meta property=\"og:locale\" content=\"az_AZ\" \/>\n<meta property=\"og:type\" content=\"article\" \/>\n<meta property=\"og:title\" content=\"26 il x\u0259st\u0259xanada ya\u015fayan ail\u0259 - MEYDAN.TV\" \/>\n<meta property=\"og:description\" content=\"K\u00f6\u00e7k\u00fcn d\u00fc\u015fm\u00fc\u015f \u0259hali s\u0131\u011f\u0131nacaq kimi istifad\u0259 ed\u0259 bil\u0259c\u0259kl\u0259ri h\u0259r yerd\u0259 m\u0259skunla\u015f\u0131b.\" \/>\n<meta property=\"og:url\" content=\"https:\/\/www.meydan.tv\/az\/article\/26-il-xestexanada-yasayan-aile\/\" \/>\n<meta property=\"og:site_name\" content=\"MEYDAN.TV\" \/>\n<meta property=\"article:published_time\" content=\"2019-03-13T12:01:26+00:00\" \/>\n<meta property=\"og:image\" content=\"https:\/\/www.meydan.tv\/wp-content\/uploads\/image00005_vc3smrk-scaled.jpeg\" \/>\n\t<meta property=\"og:image:width\" content=\"2560\" \/>\n\t<meta property=\"og:image:height\" content=\"1920\" \/>\n\t<meta property=\"og:image:type\" content=\"image\/jpeg\" \/>\n<meta name=\"author\" content=\"user-manager\" \/>\n<meta name=\"twitter:card\" content=\"summary_large_image\" \/>\n<script type=\"application\/ld+json\" class=\"yoast-schema-graph\">{\"@context\":\"https:\\\/\\\/schema.org\",\"@graph\":[{\"@type\":\"Article\",\"@id\":\"https:\\\/\\\/www.meydan.tv\\\/az\\\/article\\\/26-il-xestexanada-yasayan-aile\\\/#article\",\"isPartOf\":{\"@id\":\"https:\\\/\\\/www.meydan.tv\\\/az\\\/article\\\/26-il-xestexanada-yasayan-aile\\\/\"},\"author\":{\"name\":\"user-manager\",\"@id\":\"https:\\\/\\\/www.meydan.tv\\\/az\\\/#\\\/schema\\\/person\\\/10d11eccf6da3662cf5fdab9806ea91a\"},\"headline\":\"26 il x\u0259st\u0259xanada ya\u015fayan ail\u0259\",\"datePublished\":\"2019-03-13T12:01:26+00:00\",\"mainEntityOfPage\":{\"@id\":\"https:\\\/\\\/www.meydan.tv\\\/az\\\/article\\\/26-il-xestexanada-yasayan-aile\\\/\"},\"wordCount\":957,\"publisher\":{\"@id\":\"https:\\\/\\\/www.meydan.tv\\\/az\\\/#organization\"},\"image\":{\"@id\":\"https:\\\/\\\/www.meydan.tv\\\/az\\\/article\\\/26-il-xestexanada-yasayan-aile\\\/#primaryimage\"},\"thumbnailUrl\":\"https:\\\/\\\/www.meydan.tv\\\/wp-content\\\/uploads\\\/image00005_vc3smrk-scaled.jpeg\",\"articleSection\":[\"B\u00f6lg\u0259\"],\"inLanguage\":\"az\"},{\"@type\":\"WebPage\",\"@id\":\"https:\\\/\\\/www.meydan.tv\\\/az\\\/article\\\/26-il-xestexanada-yasayan-aile\\\/\",\"url\":\"https:\\\/\\\/www.meydan.tv\\\/az\\\/article\\\/26-il-xestexanada-yasayan-aile\\\/\",\"name\":\"26 il x\u0259st\u0259xanada ya\u015fayan ail\u0259 - MEYDAN.TV\",\"isPartOf\":{\"@id\":\"https:\\\/\\\/www.meydan.tv\\\/az\\\/#website\"},\"primaryImageOfPage\":{\"@id\":\"https:\\\/\\\/www.meydan.tv\\\/az\\\/article\\\/26-il-xestexanada-yasayan-aile\\\/#primaryimage\"},\"image\":{\"@id\":\"https:\\\/\\\/www.meydan.tv\\\/az\\\/article\\\/26-il-xestexanada-yasayan-aile\\\/#primaryimage\"},\"thumbnailUrl\":\"https:\\\/\\\/www.meydan.tv\\\/wp-content\\\/uploads\\\/image00005_vc3smrk-scaled.jpeg\",\"datePublished\":\"2019-03-13T12:01:26+00:00\",\"breadcrumb\":{\"@id\":\"https:\\\/\\\/www.meydan.tv\\\/az\\\/article\\\/26-il-xestexanada-yasayan-aile\\\/#breadcrumb\"},\"inLanguage\":\"az\",\"potentialAction\":[{\"@type\":\"ReadAction\",\"target\":[\"https:\\\/\\\/www.meydan.tv\\\/az\\\/article\\\/26-il-xestexanada-yasayan-aile\\\/\"]}]},{\"@type\":\"ImageObject\",\"inLanguage\":\"az\",\"@id\":\"https:\\\/\\\/www.meydan.tv\\\/az\\\/article\\\/26-il-xestexanada-yasayan-aile\\\/#primaryimage\",\"url\":\"https:\\\/\\\/www.meydan.tv\\\/wp-content\\\/uploads\\\/image00005_vc3smrk-scaled.jpeg\",\"contentUrl\":\"https:\\\/\\\/www.meydan.tv\\\/wp-content\\\/uploads\\\/image00005_vc3smrk-scaled.jpeg\",\"width\":2560,\"height\":1920,\"caption\":\"Source: meydan tv\"},{\"@type\":\"BreadcrumbList\",\"@id\":\"https:\\\/\\\/www.meydan.tv\\\/az\\\/article\\\/26-il-xestexanada-yasayan-aile\\\/#breadcrumb\",\"itemListElement\":[{\"@type\":\"ListItem\",\"position\":1,\"name\":\"Ana s\u0259hif\u0259\",\"item\":\"https:\\\/\\\/www.meydan.tv\\\/az\\\/\"},{\"@type\":\"ListItem\",\"position\":2,\"name\":\"B\u00f6lg\u0259\",\"item\":\"https:\\\/\\\/www.meydan.tv\\\/az\\\/section\\\/bolge\\\/\"},{\"@type\":\"ListItem\",\"position\":3,\"name\":\"26 il x\u0259st\u0259xanada ya\u015fayan ail\u0259\"}]},{\"@type\":\"WebSite\",\"@id\":\"https:\\\/\\\/www.meydan.tv\\\/az\\\/#website\",\"url\":\"https:\\\/\\\/www.meydan.tv\\\/az\\\/\",\"name\":\"MEYDAN.TV\",\"description\":\"Meydan TV Az\u0259rbaycan\u0131n media m\u0259kan\u0131ndak\u0131 alternativ s\u0259sidir\",\"publisher\":{\"@id\":\"https:\\\/\\\/www.meydan.tv\\\/az\\\/#organization\"},\"potentialAction\":[{\"@type\":\"SearchAction\",\"target\":{\"@type\":\"EntryPoint\",\"urlTemplate\":\"https:\\\/\\\/www.meydan.tv\\\/az\\\/?s={search_term_string}\"},\"query-input\":{\"@type\":\"PropertyValueSpecification\",\"valueRequired\":true,\"valueName\":\"search_term_string\"}}],\"inLanguage\":\"az\"},{\"@type\":\"Organization\",\"@id\":\"https:\\\/\\\/www.meydan.tv\\\/az\\\/#organization\",\"name\":\"Meydan TV\",\"url\":\"https:\\\/\\\/www.meydan.tv\\\/az\\\/\",\"logo\":{\"@type\":\"ImageObject\",\"inLanguage\":\"az\",\"@id\":\"https:\\\/\\\/www.meydan.tv\\\/az\\\/#\\\/schema\\\/logo\\\/image\\\/\",\"url\":\"https:\\\/\\\/www.meydan.tv\\\/wp-content\\\/uploads\\\/2021\\\/07\\\/meydan-logo.svg\",\"contentUrl\":\"https:\\\/\\\/www.meydan.tv\\\/wp-content\\\/uploads\\\/2021\\\/07\\\/meydan-logo.svg\",\"width\":195,\"height\":46,\"caption\":\"Meydan TV\"},\"image\":{\"@id\":\"https:\\\/\\\/www.meydan.tv\\\/az\\\/#\\\/schema\\\/logo\\\/image\\\/\"}},{\"@type\":\"Person\",\"@id\":\"https:\\\/\\\/www.meydan.tv\\\/az\\\/#\\\/schema\\\/person\\\/10d11eccf6da3662cf5fdab9806ea91a\",\"name\":\"user-manager\"}]}<\/script>\n<!-- \/ Yoast SEO plugin. -->","yoast_head_json":{"title":"26 il x\u0259st\u0259xanada ya\u015fayan ail\u0259 - MEYDAN.TV","robots":{"index":"index","follow":"follow","max-snippet":"max-snippet:-1","max-image-preview":"max-image-preview:large","max-video-preview":"max-video-preview:-1"},"canonical":"https:\/\/www.meydan.tv\/az\/article\/26-il-xestexanada-yasayan-aile\/","og_locale":"az_AZ","og_type":"article","og_title":"26 il x\u0259st\u0259xanada ya\u015fayan ail\u0259 - MEYDAN.TV","og_description":"K\u00f6\u00e7k\u00fcn d\u00fc\u015fm\u00fc\u015f \u0259hali s\u0131\u011f\u0131nacaq kimi istifad\u0259 ed\u0259 bil\u0259c\u0259kl\u0259ri h\u0259r yerd\u0259 m\u0259skunla\u015f\u0131b.","og_url":"https:\/\/www.meydan.tv\/az\/article\/26-il-xestexanada-yasayan-aile\/","og_site_name":"MEYDAN.TV","article_published_time":"2019-03-13T12:01:26+00:00","og_image":[{"width":2560,"height":1920,"url":"https:\/\/www.meydan.tv\/wp-content\/uploads\/image00005_vc3smrk-scaled.jpeg","type":"image\/jpeg"}],"author":"user-manager","twitter_card":"summary_large_image","schema":{"@context":"https:\/\/schema.org","@graph":[{"@type":"Article","@id":"https:\/\/www.meydan.tv\/az\/article\/26-il-xestexanada-yasayan-aile\/#article","isPartOf":{"@id":"https:\/\/www.meydan.tv\/az\/article\/26-il-xestexanada-yasayan-aile\/"},"author":{"name":"user-manager","@id":"https:\/\/www.meydan.tv\/az\/#\/schema\/person\/10d11eccf6da3662cf5fdab9806ea91a"},"headline":"26 il x\u0259st\u0259xanada ya\u015fayan ail\u0259","datePublished":"2019-03-13T12:01:26+00:00","mainEntityOfPage":{"@id":"https:\/\/www.meydan.tv\/az\/article\/26-il-xestexanada-yasayan-aile\/"},"wordCount":957,"publisher":{"@id":"https:\/\/www.meydan.tv\/az\/#organization"},"image":{"@id":"https:\/\/www.meydan.tv\/az\/article\/26-il-xestexanada-yasayan-aile\/#primaryimage"},"thumbnailUrl":"https:\/\/www.meydan.tv\/wp-content\/uploads\/image00005_vc3smrk-scaled.jpeg","articleSection":["B\u00f6lg\u0259"],"inLanguage":"az"},{"@type":"WebPage","@id":"https:\/\/www.meydan.tv\/az\/article\/26-il-xestexanada-yasayan-aile\/","url":"https:\/\/www.meydan.tv\/az\/article\/26-il-xestexanada-yasayan-aile\/","name":"26 il x\u0259st\u0259xanada ya\u015fayan ail\u0259 - MEYDAN.TV","isPartOf":{"@id":"https:\/\/www.meydan.tv\/az\/#website"},"primaryImageOfPage":{"@id":"https:\/\/www.meydan.tv\/az\/article\/26-il-xestexanada-yasayan-aile\/#primaryimage"},"image":{"@id":"https:\/\/www.meydan.tv\/az\/article\/26-il-xestexanada-yasayan-aile\/#primaryimage"},"thumbnailUrl":"https:\/\/www.meydan.tv\/wp-content\/uploads\/image00005_vc3smrk-scaled.jpeg","datePublished":"2019-03-13T12:01:26+00:00","breadcrumb":{"@id":"https:\/\/www.meydan.tv\/az\/article\/26-il-xestexanada-yasayan-aile\/#breadcrumb"},"inLanguage":"az","potentialAction":[{"@type":"ReadAction","target":["https:\/\/www.meydan.tv\/az\/article\/26-il-xestexanada-yasayan-aile\/"]}]},{"@type":"ImageObject","inLanguage":"az","@id":"https:\/\/www.meydan.tv\/az\/article\/26-il-xestexanada-yasayan-aile\/#primaryimage","url":"https:\/\/www.meydan.tv\/wp-content\/uploads\/image00005_vc3smrk-scaled.jpeg","contentUrl":"https:\/\/www.meydan.tv\/wp-content\/uploads\/image00005_vc3smrk-scaled.jpeg","width":2560,"height":1920,"caption":"Source: meydan tv"},{"@type":"BreadcrumbList","@id":"https:\/\/www.meydan.tv\/az\/article\/26-il-xestexanada-yasayan-aile\/#breadcrumb","itemListElement":[{"@type":"ListItem","position":1,"name":"Ana s\u0259hif\u0259","item":"https:\/\/www.meydan.tv\/az\/"},{"@type":"ListItem","position":2,"name":"B\u00f6lg\u0259","item":"https:\/\/www.meydan.tv\/az\/section\/bolge\/"},{"@type":"ListItem","position":3,"name":"26 il x\u0259st\u0259xanada ya\u015fayan ail\u0259"}]},{"@type":"WebSite","@id":"https:\/\/www.meydan.tv\/az\/#website","url":"https:\/\/www.meydan.tv\/az\/","name":"MEYDAN.TV","description":"Meydan TV Az\u0259rbaycan\u0131n media m\u0259kan\u0131ndak\u0131 alternativ s\u0259sidir","publisher":{"@id":"https:\/\/www.meydan.tv\/az\/#organization"},"potentialAction":[{"@type":"SearchAction","target":{"@type":"EntryPoint","urlTemplate":"https:\/\/www.meydan.tv\/az\/?s={search_term_string}"},"query-input":{"@type":"PropertyValueSpecification","valueRequired":true,"valueName":"search_term_string"}}],"inLanguage":"az"},{"@type":"Organization","@id":"https:\/\/www.meydan.tv\/az\/#organization","name":"Meydan TV","url":"https:\/\/www.meydan.tv\/az\/","logo":{"@type":"ImageObject","inLanguage":"az","@id":"https:\/\/www.meydan.tv\/az\/#\/schema\/logo\/image\/","url":"https:\/\/www.meydan.tv\/wp-content\/uploads\/2021\/07\/meydan-logo.svg","contentUrl":"https:\/\/www.meydan.tv\/wp-content\/uploads\/2021\/07\/meydan-logo.svg","width":195,"height":46,"caption":"Meydan TV"},"image":{"@id":"https:\/\/www.meydan.tv\/az\/#\/schema\/logo\/image\/"}},{"@type":"Person","@id":"https:\/\/www.meydan.tv\/az\/#\/schema\/person\/10d11eccf6da3662cf5fdab9806ea91a","name":"user-manager"}]}},"_links":{"self":[{"href":"https:\/\/www.meydan.tv\/az\/wp-json\/wp\/v2\/posts\/194459","targetHints":{"allow":["GET"]}}],"collection":[{"href":"https:\/\/www.meydan.tv\/az\/wp-json\/wp\/v2\/posts"}],"about":[{"href":"https:\/\/www.meydan.tv\/az\/wp-json\/wp\/v2\/types\/post"}],"author":[{"embeddable":true,"href":"https:\/\/www.meydan.tv\/az\/wp-json\/wp\/v2\/users\/11"}],"replies":[{"embeddable":true,"href":"https:\/\/www.meydan.tv\/az\/wp-json\/wp\/v2\/comments?post=194459"}],"version-history":[{"count":0,"href":"https:\/\/www.meydan.tv\/az\/wp-json\/wp\/v2\/posts\/194459\/revisions"}],"wp:featuredmedia":[{"embeddable":true,"href":"https:\/\/www.meydan.tv\/az\/wp-json\/wp\/v2\/media\/119969"}],"wp:attachment":[{"href":"https:\/\/www.meydan.tv\/az\/wp-json\/wp\/v2\/media?parent=194459"}],"wp:term":[{"taxonomy":"category","embeddable":true,"href":"https:\/\/www.meydan.tv\/az\/wp-json\/wp\/v2\/categories?post=194459"},{"taxonomy":"post_tag","embeddable":true,"href":"https:\/\/www.meydan.tv\/az\/wp-json\/wp\/v2\/tags?post=194459"}],"curies":[{"name":"wp","href":"https:\/\/api.w.org\/{rel}","templated":true}]}}