{"id":194457,"date":"2019-03-13T11:31:05","date_gmt":"2019-03-13T11:31:05","guid":{"rendered":"https:\/\/www.meydan.tv\/article\/qax-sakinleri-sesimizi-kemaleddin-heyderova-catdira-bilmirik\/"},"modified":"2019-03-13T11:31:05","modified_gmt":"2019-03-13T11:31:05","slug":"qax-sakinleri-sesimizi-kemaleddin-heyderova-catdira-bilmirik","status":"publish","type":"post","link":"https:\/\/www.meydan.tv\/az\/article\/qax-sakinleri-sesimizi-kemaleddin-heyderova-catdira-bilmirik\/","title":{"rendered":"Qax sakinl\u0259ri: S\u0259simizi K\u0259mal\u0259ddin Heyd\u0259rova \u00e7atd\u0131ra bilmirik"},"content":{"rendered":"<p>\n  Yard\u0131m \u00fc\u00e7\u00fcn yar\u0131m milyarddan \u00e7ox pul ayr\u0131l\u0131b, h\u0259l\u0259 d\u0259 evi q\u0259zal\u0131 olanlar var\n<\/p>\n<p>\n  \u201c7 ildir ki, z\u0259lz\u0259l\u0259 k\u0259ndd\u0259ki evl\u0259ri q\u0259zal\u0131 v\u0259ziyy\u0259t\u0259 sal\u0131b. \u0130lk 1 il \u0259rzind\u0259 evl\u0259rin bir qismi t\u0259mir-b\u0259rpa olundu, h\u0259tta yeni evl\u0259r d\u0259 tikildi, ancaq sonradan i\u015fl\u0259r yar\u0131m\u00e7\u0131q qald\u0131. 7 ildir ki, icra hakimiyy\u0259tind\u0259n evl\u0259rimizin t\u0259miri \u00fc\u00e7\u00fcn ayr\u0131lm\u0131\u015f pullar\u0131 t\u0259l\u0259b edirik, deyirl\u0259r, bu i\u015fl\u0259r\u0259 g\u00f6r\u0259 ayr\u0131lm\u0131\u015f pullar \u00e7oxdan x\u0259rcl\u0259nib\u201d.\n<\/p>\n<p>\n  2012-ci ilin may\u0131nda Qaxda ba\u015f vermi\u015f 7 ball\u0131q z\u0259lz\u0259l\u0259 n\u0259tic\u0259sind\u0259 h\u0259m rayon m\u0259rk\u0259zind\u0259, h\u0259m d\u0259 k\u0259ndl\u0259rd\u0259 q\u0259zal\u0131 v\u0259ziyy\u0259t\u0259 d\u00fc\u015fm\u00fc\u015f evl\u0259rin bir qismi h\u0259l\u0259 d\u0259 t\u0259mir olunmay\u0131b. Bunu Meydan TV-y\u0259 sakinl\u0259r deyir.\n<\/p>\n<p>\n  \u201cK\u0259nd\u0259 g\u0259ldil\u0259r, v\u0259dl\u0259r verdil\u0259r\u201d\n<\/p>\n<p>\n  Rayonun \u018fmircan k\u0259nd sakini Vasif Yunusovun s\u00f6zl\u0259rin\u0259 g\u00f6r\u0259, z\u0259lz\u0259l\u0259 n\u0259tic\u0259sind\u0259 \u015f\u0259xsi \u0259mlak\u0131na d\u0259ymi\u015f z\u0259r\u0259r h\u0259l\u0259 d\u0259 aradan qald\u0131r\u0131lmay\u0131b:\n<\/p>\n<figure class=\"wp-block-image size-large\">\n  <img decoding=\"async\" src=\"https:\/\/www.meydan.tv\/az\/image_from_ios-jpg-8\/\" alt=\"image_from_ios.jpg\" class=\"wp-image-119954\"\/><figcaption>\n    k\u0259nd<br \/>\n  <\/figcaption><\/figure>\n<p>\n  \u201cZ\u0259lz\u0259l\u0259d\u0259n sonra da\u011f\u0131nt\u0131lar\u0131n aradan qald\u0131r\u0131lmas\u0131 \u00fc\u00e7\u00fcn yarad\u0131lm\u0131\u015f komissiya \u00fczvl\u0259ri k\u0259ndimiz\u0259 g\u0259ldi. Dedil\u0259r ki, k\u0259ndd\u0259 \u00fc\u00e7 m\u0259rh\u0259l\u0259d\u0259 i\u015f apar\u0131lacaq. Birinci m\u0259rh\u0259l\u0259d\u0259 \u00e7ox da\u011f\u0131lm\u0131\u015f evl\u0259r b\u0259rpa olunacaq. \u0130kinci m\u0259rh\u0259l\u0259d\u0259 orta da\u011f\u0131nt\u0131ya m\u0259ruz qalm\u0131\u015f, \u00fc\u00e7\u00fcnc\u00fc m\u0259rh\u0259l\u0259d\u0259 qism\u0259n z\u0259r\u0259r \u00e7\u0259kmi\u015f evl\u0259r t\u0259mir olunacaq. Ancaq i\u015fl\u0259r el\u0259 iki m\u0259rh\u0259l\u0259d\u0259 apar\u0131ld\u0131. Birinci m\u0259rh\u0259l\u0259d\u0259 \u00e7ox da\u011f\u0131lm\u0131\u015f evl\u0259r b\u0259rpa olundu, h\u0259tta yenil\u0259ri d\u0259 tikildi. \u0130kinci m\u0259rh\u0259l\u0259d\u0259 orta z\u0259r\u0259r \u00e7\u0259k\u0259nl\u0259r\u0259 t\u0259xmin\u0259n 3-5 min manat aras\u0131 kompensasiya \u00f6d\u0259nildi. \u0130\u015f \u00fc\u00e7\u00fcnc\u00fc m\u0259rh\u0259l\u0259y\u0259 \u00e7atanda, aradan \u00e7\u0131xd\u0131lar\u201d.\n<\/p>\n<p>\n  \u201cDedil\u0259r, gedin, s\u00f6z\u00fcn\u00fcz\u00fc K\u0259mal\u0259ddin Heyd\u0259rova deyin\u201d\n<\/p>\n<p>\n  Z\u0259lz\u0259l\u0259 n\u0259tic\u0259sind\u0259 Vasif Yunusovun ikiotaql\u0131, aynab\u0259ndli evinin divarlar\u0131 \u00e7atlay\u0131b, tavan\u0131 da\u011f\u0131l\u0131b. Komissiya \u00fczvl\u0259ri ev\u0259 bax\u0131\u015f ke\u00e7ir\u0259r\u0259k q\u0259zal\u0131 tikili kimi qeydiyyata al\u0131blar. Ev sahibin\u0259 bildiribl\u0259r ki, i\u015fl\u0259r \u00fc\u00e7\u00fcnc\u00fc m\u0259rh\u0259l\u0259y\u0259 \u00e7atanda t\u0259mir \u00fc\u00e7\u00fcn ail\u0259y\u0259 2 min manat kompensasiya \u00f6d\u0259nil\u0259c\u0259k:\n<\/p>\n<figure class=\"wp-block-image size-large\">\n  <img decoding=\"async\" src=\"https:\/\/www.meydan.tv\/az\/image_from_ios-3-jpg-3\/\" alt=\"image_from_ios (3).jpg\" class=\"wp-image-119957\"\/><figcaption>\n    ev<br \/>\n  <\/figcaption><\/figure>\n<p>\n  \u201cG\u00f6rd\u00fck ki, s\u0259s-s\u0259mir yoxdur, bir m\u00fcdd\u0259t sonra \u00f6z\u00fcm\u00fcz Qax Rayon \u0130cra Hakimiyy\u0259tin\u0259 getdik. Dedil\u0259r ki, komissiya h\u0259l\u0259 rayondad\u0131r, narahat olmay\u0131n, n\u00f6vb\u0259 sizin d\u0259 ev\u0259 \u00e7atacaq. Bu i\u015fl\u0259r d\u00f6vl\u0259t ba\u015f\u00e7\u0131s\u0131n\u0131n n\u0259zar\u0259tind\u0259dir, \u00f6z\u00fc pul ay\u0131r\u0131b v\u0259 n\u0259zar\u0259t\u0259 g\u00f6t\u00fcr\u00fcb, sizin evinizin t\u0259mird\u0259n, kompensasiyadan k\u0259narda qalmas\u0131 m\u00fcmk\u00fcn deyil. Daha bir m\u00fcdd\u0259t ke\u00e7di, g\u0259lib \u00e7\u0131xmad\u0131lar. Bir g\u00fcn televizordan e\u015fitdik ki, guya z\u0259lz\u0259l\u0259nin vurdu\u011fu z\u0259r\u0259rl\u0259r tamamil\u0259 aradan qald\u0131r\u0131l\u0131b, z\u0259r\u0259r\u00e7\u0259kmi\u015fl\u0259r\u0259 ev tikilib, kompensasiya \u00f6d\u0259nilib\u2026 Yen\u0259 \u00fcz tutduq icra hakimiyy\u0259tin\u0259\u2026 Bu d\u0259f\u0259 dedil\u0259r, pul bitib, komissiya da Bak\u0131dad\u0131r. Biz bu i\u015fl\u0259rl\u0259 m\u0259\u015f\u011ful olmuruq. N\u0259 s\u00f6z\u00fcn\u00fcz varsa, gedin, K\u0259mal\u0259ddin Heyd\u0259rova deyin\u201d.\n<\/p>\n<p>\n  Sakinin s\u00f6zl\u0259rin\u0259 g\u00f6r\u0259, k\u0259ndd\u0259 z\u0259r\u0259r \u00e7\u0259kmi\u015f t\u0259xmin\u0259n 110 evd\u0259n 30-u h\u0259l\u0259 d\u0259 t\u0259mir olunmam\u0131\u015f qal\u0131b. Sakinl\u0259r s\u0259sl\u0259rini K\u0259mal\u0259ddin Heyd\u0259rova \u00e7atd\u0131ra bilmirl\u0259r. \u0130mkan\u0131 olanlar \u00f6zl\u0259ri evl\u0259rini t\u0259mir edibl\u0259r, imkan\u0131 olmayanlar\u0131n evinin tavan\u0131 h\u0259l\u0259 d\u0259 sallana-sallana qal\u0131b.\n<\/p>\n<p>\n  \u201cPrezidentin g\u00f6z\u00fc qar\u015f\u0131s\u0131nda pullar\u0131 bas\u0131b yeyirl\u0259r\u201d\n<\/p>\n<p>\n  \u201cM\u0259s\u0259l\u0259n, m\u0259n i\u015fl\u0259mir\u0259m, ail\u0259md\u0259 i\u015fl\u0259y\u0259n yoxdur, qap\u0131mda mal\u0131m, heyvan\u0131m, toyuq-c\u00fcc\u0259m d\u0259 yoxdur ki, sat\u0131b, pula \u00e7evirim, aralanm\u0131\u015f divarlar\u0131 birl\u0259\u015fdirim, evin tavan\u0131n\u0131 yenil\u0259yim. Bu komissiya ki vard\u0131, g\u0259lib bizim evl\u0259ri q\u0259zal\u0131 evl\u0259r kimi siyah\u0131ya al\u0131b, gedib h\u0259r ev\u0259 g\u00f6r\u0259 xeyli pul silibl\u0259r. M\u0259n\u0259 maraql\u0131 g\u0259l\u0259n odur ki, bu komissiya \u00fczvl\u0259ri he\u00e7 d\u00f6vl\u0259t ba\u015f\u00e7\u0131s\u0131ndan da \u00e7\u0259kinm\u0259yib. Onun ay\u0131rd\u0131\u011f\u0131 pulu i\u015fl\u0259r onun n\u0259zar\u0259tind\u0259 ola-ola, y\u0259ni g\u00f6z\u00fc qar\u015f\u0131s\u0131nda bas\u0131b yeyib v\u0259 c\u0259zas\u0131z qal\u0131b,\u201d- sakin deyir.\n<\/p>\n<figure class=\"wp-block-image size-large\">\n  <img decoding=\"async\" src=\"https:\/\/www.meydan.tv\/az\/image_from_ios-4-jpg-3\/\" alt=\"image_from_ios (4).jpg\" class=\"wp-image-119960\"\/><figcaption>\n    ev<br \/>\n  <\/figcaption><\/figure>\n<p>\n  Eyni rayonun dig\u0259r k\u0259ndind\u0259 &#8211; F\u0131st\u0131ql\u0131da da evi z\u0259lz\u0259l\u0259d\u0259n q\u0259zal\u0131 v\u0259ziyy\u0259t\u0259 d\u00fc\u015f\u0259n v\u0259 kompensasiyadan k\u0259narda qalanlar var. K\u0259nd sakini deyir, \u00fc\u00e7otaql\u0131 evin tavan\u0131 u\u00e7maq \u00fczr\u0259dir:\n<\/p>\n<p>\n  \u201cG\u00fccl\u00fc t\u0259kan otaqlar\u0131n divarlar\u0131n\u0131 yar\u0131q-yar\u0131q el\u0259di, tavan u\u00e7du, komissiya \u00fczvl\u0259ri s\u00f6z verdil\u0259r ki, t\u0259mir olunacaq, getdil\u0259r, g\u0259lm\u0259dil\u0259r. Sonrak\u0131 m\u00fcraci\u0259tl\u0259rim d\u0259 n\u0259tic\u0259siz qald\u0131, el\u0259c\u0259 dedil\u0259r ki, get, g\u00f6zl\u0259, n\u00f6vb\u0259 \u00e7atanda, siz\u0259 d\u0259 g\u0259l\u0259c\u0259yik. Sonra da x\u0259b\u0259r tutdum ki, komissiya \u00e7oxdan paytaxta qay\u0131d\u0131b. \u00d6z\u00fcm g\u00fcc\u00fcm \u00e7atandan d\u00fcz\u0259ltdim, ancaq ev h\u0259r an u\u00e7a bil\u0259r\u201d.\n<\/p>\n<p>\n  7 ildir f\u0259hl\u0259l\u0259rin yolunu g\u00f6zl\u0259yir\n<\/p>\n<p>\n  Qaxda t\u0259kc\u0259 k\u0259ndl\u0259rd\u0259 yox, rayon m\u0259rk\u0259zind\u0259 d\u0259 eyni problem ya\u015fayanlar var. Nizami k\u00fc\u00e7\u0259sind\u0259 ya\u015fayan M\u0259mm\u0259diy\u0259 X\u0259lilov:\n<\/p>\n<p>\n  \u201cM\u0259nd\u0259 ikiotaql\u0131 evdir. O vaxt g\u0259lib, bax\u0131b siyah\u0131ya yazd\u0131lar, qar\u015f\u0131s\u0131na da yazd\u0131lar ki, t\u0259mir olunacaq. Dedil\u0259r, tezlikl\u0259 f\u0259hl\u0259l\u0259r g\u0259l\u0259c\u0259k, n\u0259 laz\u0131md\u0131r ed\u0259c\u0259kl\u0259r, d\u00f6vl\u0259t t\u0259mir, tikinti material\u0131, pul ay\u0131r\u0131b. 7 ildir g\u0259lib \u00e7\u0131xm\u0131rlar. Bir s\u00f6zl\u0259, 7 ildir f\u0259hl\u0259l\u0259rin yolunu g\u00f6zl\u0259yir\u0259m\u201d.\n<\/p>\n<figure class=\"wp-block-image size-large\">\n  <img decoding=\"async\" src=\"https:\/\/www.meydan.tv\/az\/image_from_ios-1-jpg-4\/\" alt=\"image_from_ios (1).jpg\" class=\"wp-image-119963\"\/><figcaption>\n    tavan<br \/>\n  <\/figcaption><\/figure>\n<p>\n  7 may 2012-ci ild\u0259 episentri Zaqatala rayonu \u0259razisin\u0259 d\u00fc\u015f\u0259n z\u0259lz\u0259l\u0259 n\u0259tic\u0259sind\u0259 Zaqatala, Balak\u0259n v\u0259 Qax rayonlar\u0131nda ya\u015fay\u0131\u015f evl\u0259rin\u0259, sosial v\u0259 infrastruktur obyektl\u0259r\u0259 ciddi ziyan d\u0259ymi\u015fdi. \u00d6lk\u0259 ba\u015f\u00e7\u0131s\u0131 \u0130lham \u018fliyevin g\u00f6st\u0259ri\u015fl\u0259ri \u0259sas\u0131nda z\u0259r\u0259rl\u0259rin aradan qald\u0131r\u0131lmas\u0131 \u00fc\u00e7\u00fcn \u00fc\u00e7 d\u0259f\u0259 pul ayr\u0131l\u0131b. Nazirl\u0259r Kabinetinin 8 may 2012-ci il tarixli 117 sayl\u0131 s\u0259r\u0259ncam\u0131 il\u0259, z\u0259lz\u0259l\u0259nin n\u0259tic\u0259l\u0259rinin aradan qald\u0131r\u0131lmas\u0131 \u00fc\u00e7\u00fcn ilkin olaraq ehtiyat fondundan 20 milyon manat, 2012-ci il d\u00f6vl\u0259t b\u00fcdc\u0259sind\u0259n 300 milyon manat, Nazirl\u0259r Kabinetinin 24 oktyabr 2012-ci il 288 sayl\u0131 s\u0259r\u0259ncam\u0131 il\u0259 100 milyon manat, 2013-c\u00fc ilin d\u00f6vl\u0259t b\u00fcdc\u0259sind\u0259n yeb\u0259 189 milyon manat, \u00fcmumilikd\u0259 609 milyon manat ayr\u0131l\u0131b.\n<\/p>\n<p>\n  Qax Rayon \u0130cra Hakimiyy\u0259tind\u0259n Meydan TV-y\u0259 bildirilib ki, z\u0259lz\u0259l\u0259nin n\u0259tic\u0259l\u0259rinin aradan qald\u0131r\u0131lmas\u0131yla F\u00f6vq\u0259lad\u0259 Hallar Nazirliyi m\u0259\u015f\u011ful olub. \u0130cra hakimiyy\u0259tinin n\u00fcmay\u0259nd\u0259si yaln\u0131z komissiya t\u0259rkibind\u0259 f\u0259aliyy\u0259t g\u00f6st\u0259rib v\u0259 \u0259sas\u0259n, q\u0259zal\u0131 evl\u0259rin siyah\u0131ya al\u0131nmas\u0131nda i\u015ftirak edib. Qurumdan m\u0259sl\u0259h\u0259t g\u00f6r\u00fcl\u00fcb ki, suallar\u0131m\u0131z\u0131 F\u00f6vq\u0259lad\u0259 Hallar Nazirliyin\u0259 \u00fcnvanlayaq.\n<\/p>\n<p>\n  Meydan TV m\u00fcxbiri F\u00f6vq\u0259lad\u0259 Hallar Nazirliyi il\u0259 \u0259laq\u0259 saxlama\u011fa c\u0259hd g\u00f6st\u0259rs\u0259 d\u0259, ba\u015f tutmay\u0131b. Qurumun r\u0259smi sayt\u0131nda 7 may 2012-ci il tarixli z\u0259lz\u0259l\u0259nin n\u0259tic\u0259l\u0259rinin aradan qald\u0131r\u0131lmas\u0131 il\u0259 ba\u011fl\u0131 m\u00fcxt\u0259lif vaxtlarda m\u00fcxt\u0259lif statistik m\u0259lumatlar yerl\u0259\u015fdirils\u0259 d\u0259, yekun m\u0259lumat yoxdur. Son m\u0259lumat 2014-c\u00fc ilin yay\u0131nda yerl\u0259\u015fdirilib. H\u0259min m\u0259lumatda qeyd olunur ki, m\u00fcvafiq komissiya t\u0259r\u0259find\u0259n t\u0259rtib olunmu\u015f bax\u0131\u015f aktlar\u0131na \u0259sas\u0259n, 5 mind\u0259n \u00e7ox ev tikilib. 7478 ail\u0259y\u0259 b\u0259rpa i\u015fl\u0259rinin apar\u0131lmas\u0131 \u00fc\u00e7\u00fcn \u00fcmumilikd\u0259 370 min manata yax\u0131n yard\u0131m \u00f6d\u0259nilib. M\u0259lumatda sosial obyektl\u0259rin tikintisi, b\u0259rpas\u0131, t\u0259miri il\u0259 ba\u011fl\u0131 x\u0259rcl\u0259r d\u0259 \u0259ksini tap\u0131b.<\/p>\n","protected":false},"excerpt":{"rendered":"<p>7 may 2012-ci ild\u0259 episentri Zaqatala  rayonu \u0259razisin\u0259 d\u00fc\u015f\u0259n z\u0259lz\u0259l\u0259 n\u0259tic\u0259sind\u0259 Zaqatala, Balak\u0259n v\u0259 Qax rayonlar\u0131nda ya\u015fay\u0131\u015f evl\u0259rin\u0259, sosial v\u0259 infrastruktur obyektl\u0259r\u0259 ciddi ziyan d\u0259ymi\u015fdi.<\/p>\n","protected":false},"author":11,"featured_media":119951,"comment_status":"closed","ping_status":"open","sticky":false,"template":"","format":"standard","meta":{"_acf_changed":false,"_sitemap_exclude":false,"_sitemap_priority":"","_sitemap_frequency":"","footnotes":""},"categories":[60],"tags":[],"class_list":["post-194457","post","type-post","status-publish","format-standard","has-post-thumbnail","hentry","category-bolge","infinite-scroll-item","generate-columns","tablet-grid-50","mobile-grid-100","grid-parent","grid-33","no-featured-image-padding"],"acf":[],"yoast_head":"<!-- This site is optimized with the Yoast SEO plugin v27.4 - https:\/\/yoast.com\/product\/yoast-seo-wordpress\/ -->\n<title>Qax sakinl\u0259ri: S\u0259simizi K\u0259mal\u0259ddin Heyd\u0259rova \u00e7atd\u0131ra bilmirik - MEYDAN.TV<\/title>\n<meta name=\"robots\" content=\"index, follow, max-snippet:-1, max-image-preview:large, max-video-preview:-1\" \/>\n<link rel=\"canonical\" href=\"https:\/\/www.meydan.tv\/az\/article\/qax-sakinleri-sesimizi-kemaleddin-heyderova-catdira-bilmirik\/\" \/>\n<meta property=\"og:locale\" content=\"az_AZ\" \/>\n<meta property=\"og:type\" content=\"article\" \/>\n<meta property=\"og:title\" content=\"Qax sakinl\u0259ri: S\u0259simizi K\u0259mal\u0259ddin Heyd\u0259rova \u00e7atd\u0131ra bilmirik - MEYDAN.TV\" \/>\n<meta property=\"og:description\" content=\"7 may 2012-ci ild\u0259 episentri Zaqatala rayonu \u0259razisin\u0259 d\u00fc\u015f\u0259n z\u0259lz\u0259l\u0259 n\u0259tic\u0259sind\u0259 Zaqatala, Balak\u0259n v\u0259 Qax rayonlar\u0131nda ya\u015fay\u0131\u015f evl\u0259rin\u0259, sosial v\u0259 infrastruktur obyektl\u0259r\u0259 ciddi ziyan d\u0259ymi\u015fdi.\" \/>\n<meta property=\"og:url\" content=\"https:\/\/www.meydan.tv\/az\/article\/qax-sakinleri-sesimizi-kemaleddin-heyderova-catdira-bilmirik\/\" \/>\n<meta property=\"og:site_name\" content=\"MEYDAN.TV\" \/>\n<meta property=\"article:published_time\" content=\"2019-03-13T11:31:05+00:00\" \/>\n<meta property=\"og:image\" content=\"https:\/\/www.meydan.tv\/wp-content\/uploads\/image_from_ios_5-1-scaled.jpg\" \/>\n\t<meta property=\"og:image:width\" content=\"2560\" \/>\n\t<meta property=\"og:image:height\" content=\"1440\" \/>\n\t<meta property=\"og:image:type\" content=\"image\/jpeg\" \/>\n<meta name=\"author\" content=\"user-manager\" \/>\n<meta name=\"twitter:card\" content=\"summary_large_image\" \/>\n<script type=\"application\/ld+json\" class=\"yoast-schema-graph\">{\"@context\":\"https:\\\/\\\/schema.org\",\"@graph\":[{\"@type\":\"Article\",\"@id\":\"https:\\\/\\\/www.meydan.tv\\\/az\\\/article\\\/qax-sakinleri-sesimizi-kemaleddin-heyderova-catdira-bilmirik\\\/#article\",\"isPartOf\":{\"@id\":\"https:\\\/\\\/www.meydan.tv\\\/az\\\/article\\\/qax-sakinleri-sesimizi-kemaleddin-heyderova-catdira-bilmirik\\\/\"},\"author\":{\"name\":\"user-manager\",\"@id\":\"https:\\\/\\\/www.meydan.tv\\\/az\\\/#\\\/schema\\\/person\\\/10d11eccf6da3662cf5fdab9806ea91a\"},\"headline\":\"Qax sakinl\u0259ri: S\u0259simizi K\u0259mal\u0259ddin Heyd\u0259rova \u00e7atd\u0131ra bilmirik\",\"datePublished\":\"2019-03-13T11:31:05+00:00\",\"mainEntityOfPage\":{\"@id\":\"https:\\\/\\\/www.meydan.tv\\\/az\\\/article\\\/qax-sakinleri-sesimizi-kemaleddin-heyderova-catdira-bilmirik\\\/\"},\"wordCount\":1380,\"publisher\":{\"@id\":\"https:\\\/\\\/www.meydan.tv\\\/az\\\/#organization\"},\"image\":{\"@id\":\"https:\\\/\\\/www.meydan.tv\\\/az\\\/article\\\/qax-sakinleri-sesimizi-kemaleddin-heyderova-catdira-bilmirik\\\/#primaryimage\"},\"thumbnailUrl\":\"https:\\\/\\\/www.meydan.tv\\\/wp-content\\\/uploads\\\/image_from_ios_5-1-scaled.jpg\",\"articleSection\":[\"B\u00f6lg\u0259\"],\"inLanguage\":\"az\"},{\"@type\":\"WebPage\",\"@id\":\"https:\\\/\\\/www.meydan.tv\\\/az\\\/article\\\/qax-sakinleri-sesimizi-kemaleddin-heyderova-catdira-bilmirik\\\/\",\"url\":\"https:\\\/\\\/www.meydan.tv\\\/az\\\/article\\\/qax-sakinleri-sesimizi-kemaleddin-heyderova-catdira-bilmirik\\\/\",\"name\":\"Qax sakinl\u0259ri: S\u0259simizi K\u0259mal\u0259ddin Heyd\u0259rova \u00e7atd\u0131ra bilmirik - MEYDAN.TV\",\"isPartOf\":{\"@id\":\"https:\\\/\\\/www.meydan.tv\\\/az\\\/#website\"},\"primaryImageOfPage\":{\"@id\":\"https:\\\/\\\/www.meydan.tv\\\/az\\\/article\\\/qax-sakinleri-sesimizi-kemaleddin-heyderova-catdira-bilmirik\\\/#primaryimage\"},\"image\":{\"@id\":\"https:\\\/\\\/www.meydan.tv\\\/az\\\/article\\\/qax-sakinleri-sesimizi-kemaleddin-heyderova-catdira-bilmirik\\\/#primaryimage\"},\"thumbnailUrl\":\"https:\\\/\\\/www.meydan.tv\\\/wp-content\\\/uploads\\\/image_from_ios_5-1-scaled.jpg\",\"datePublished\":\"2019-03-13T11:31:05+00:00\",\"breadcrumb\":{\"@id\":\"https:\\\/\\\/www.meydan.tv\\\/az\\\/article\\\/qax-sakinleri-sesimizi-kemaleddin-heyderova-catdira-bilmirik\\\/#breadcrumb\"},\"inLanguage\":\"az\",\"potentialAction\":[{\"@type\":\"ReadAction\",\"target\":[\"https:\\\/\\\/www.meydan.tv\\\/az\\\/article\\\/qax-sakinleri-sesimizi-kemaleddin-heyderova-catdira-bilmirik\\\/\"]}]},{\"@type\":\"ImageObject\",\"inLanguage\":\"az\",\"@id\":\"https:\\\/\\\/www.meydan.tv\\\/az\\\/article\\\/qax-sakinleri-sesimizi-kemaleddin-heyderova-catdira-bilmirik\\\/#primaryimage\",\"url\":\"https:\\\/\\\/www.meydan.tv\\\/wp-content\\\/uploads\\\/image_from_ios_5-1-scaled.jpg\",\"contentUrl\":\"https:\\\/\\\/www.meydan.tv\\\/wp-content\\\/uploads\\\/image_from_ios_5-1-scaled.jpg\",\"width\":2560,\"height\":1440,\"caption\":\"Source: meydan tv\"},{\"@type\":\"BreadcrumbList\",\"@id\":\"https:\\\/\\\/www.meydan.tv\\\/az\\\/article\\\/qax-sakinleri-sesimizi-kemaleddin-heyderova-catdira-bilmirik\\\/#breadcrumb\",\"itemListElement\":[{\"@type\":\"ListItem\",\"position\":1,\"name\":\"Ana s\u0259hif\u0259\",\"item\":\"https:\\\/\\\/www.meydan.tv\\\/az\\\/\"},{\"@type\":\"ListItem\",\"position\":2,\"name\":\"B\u00f6lg\u0259\",\"item\":\"https:\\\/\\\/www.meydan.tv\\\/az\\\/section\\\/bolge\\\/\"},{\"@type\":\"ListItem\",\"position\":3,\"name\":\"Qax sakinl\u0259ri: S\u0259simizi K\u0259mal\u0259ddin Heyd\u0259rova \u00e7atd\u0131ra bilmirik\"}]},{\"@type\":\"WebSite\",\"@id\":\"https:\\\/\\\/www.meydan.tv\\\/az\\\/#website\",\"url\":\"https:\\\/\\\/www.meydan.tv\\\/az\\\/\",\"name\":\"MEYDAN.TV\",\"description\":\"Meydan TV Az\u0259rbaycan\u0131n media m\u0259kan\u0131ndak\u0131 alternativ s\u0259sidir\",\"publisher\":{\"@id\":\"https:\\\/\\\/www.meydan.tv\\\/az\\\/#organization\"},\"potentialAction\":[{\"@type\":\"SearchAction\",\"target\":{\"@type\":\"EntryPoint\",\"urlTemplate\":\"https:\\\/\\\/www.meydan.tv\\\/az\\\/?s={search_term_string}\"},\"query-input\":{\"@type\":\"PropertyValueSpecification\",\"valueRequired\":true,\"valueName\":\"search_term_string\"}}],\"inLanguage\":\"az\"},{\"@type\":\"Organization\",\"@id\":\"https:\\\/\\\/www.meydan.tv\\\/az\\\/#organization\",\"name\":\"Meydan TV\",\"url\":\"https:\\\/\\\/www.meydan.tv\\\/az\\\/\",\"logo\":{\"@type\":\"ImageObject\",\"inLanguage\":\"az\",\"@id\":\"https:\\\/\\\/www.meydan.tv\\\/az\\\/#\\\/schema\\\/logo\\\/image\\\/\",\"url\":\"https:\\\/\\\/www.meydan.tv\\\/wp-content\\\/uploads\\\/2021\\\/07\\\/meydan-logo.svg\",\"contentUrl\":\"https:\\\/\\\/www.meydan.tv\\\/wp-content\\\/uploads\\\/2021\\\/07\\\/meydan-logo.svg\",\"width\":195,\"height\":46,\"caption\":\"Meydan TV\"},\"image\":{\"@id\":\"https:\\\/\\\/www.meydan.tv\\\/az\\\/#\\\/schema\\\/logo\\\/image\\\/\"}},{\"@type\":\"Person\",\"@id\":\"https:\\\/\\\/www.meydan.tv\\\/az\\\/#\\\/schema\\\/person\\\/10d11eccf6da3662cf5fdab9806ea91a\",\"name\":\"user-manager\"}]}<\/script>\n<!-- \/ Yoast SEO plugin. -->","yoast_head_json":{"title":"Qax sakinl\u0259ri: S\u0259simizi K\u0259mal\u0259ddin Heyd\u0259rova \u00e7atd\u0131ra bilmirik - MEYDAN.TV","robots":{"index":"index","follow":"follow","max-snippet":"max-snippet:-1","max-image-preview":"max-image-preview:large","max-video-preview":"max-video-preview:-1"},"canonical":"https:\/\/www.meydan.tv\/az\/article\/qax-sakinleri-sesimizi-kemaleddin-heyderova-catdira-bilmirik\/","og_locale":"az_AZ","og_type":"article","og_title":"Qax sakinl\u0259ri: S\u0259simizi K\u0259mal\u0259ddin Heyd\u0259rova \u00e7atd\u0131ra bilmirik - MEYDAN.TV","og_description":"7 may 2012-ci ild\u0259 episentri Zaqatala rayonu \u0259razisin\u0259 d\u00fc\u015f\u0259n z\u0259lz\u0259l\u0259 n\u0259tic\u0259sind\u0259 Zaqatala, Balak\u0259n v\u0259 Qax rayonlar\u0131nda ya\u015fay\u0131\u015f evl\u0259rin\u0259, sosial v\u0259 infrastruktur obyektl\u0259r\u0259 ciddi ziyan d\u0259ymi\u015fdi.","og_url":"https:\/\/www.meydan.tv\/az\/article\/qax-sakinleri-sesimizi-kemaleddin-heyderova-catdira-bilmirik\/","og_site_name":"MEYDAN.TV","article_published_time":"2019-03-13T11:31:05+00:00","og_image":[{"width":2560,"height":1440,"url":"https:\/\/www.meydan.tv\/wp-content\/uploads\/image_from_ios_5-1-scaled.jpg","type":"image\/jpeg"}],"author":"user-manager","twitter_card":"summary_large_image","schema":{"@context":"https:\/\/schema.org","@graph":[{"@type":"Article","@id":"https:\/\/www.meydan.tv\/az\/article\/qax-sakinleri-sesimizi-kemaleddin-heyderova-catdira-bilmirik\/#article","isPartOf":{"@id":"https:\/\/www.meydan.tv\/az\/article\/qax-sakinleri-sesimizi-kemaleddin-heyderova-catdira-bilmirik\/"},"author":{"name":"user-manager","@id":"https:\/\/www.meydan.tv\/az\/#\/schema\/person\/10d11eccf6da3662cf5fdab9806ea91a"},"headline":"Qax sakinl\u0259ri: S\u0259simizi K\u0259mal\u0259ddin Heyd\u0259rova \u00e7atd\u0131ra bilmirik","datePublished":"2019-03-13T11:31:05+00:00","mainEntityOfPage":{"@id":"https:\/\/www.meydan.tv\/az\/article\/qax-sakinleri-sesimizi-kemaleddin-heyderova-catdira-bilmirik\/"},"wordCount":1380,"publisher":{"@id":"https:\/\/www.meydan.tv\/az\/#organization"},"image":{"@id":"https:\/\/www.meydan.tv\/az\/article\/qax-sakinleri-sesimizi-kemaleddin-heyderova-catdira-bilmirik\/#primaryimage"},"thumbnailUrl":"https:\/\/www.meydan.tv\/wp-content\/uploads\/image_from_ios_5-1-scaled.jpg","articleSection":["B\u00f6lg\u0259"],"inLanguage":"az"},{"@type":"WebPage","@id":"https:\/\/www.meydan.tv\/az\/article\/qax-sakinleri-sesimizi-kemaleddin-heyderova-catdira-bilmirik\/","url":"https:\/\/www.meydan.tv\/az\/article\/qax-sakinleri-sesimizi-kemaleddin-heyderova-catdira-bilmirik\/","name":"Qax sakinl\u0259ri: S\u0259simizi K\u0259mal\u0259ddin Heyd\u0259rova \u00e7atd\u0131ra bilmirik - MEYDAN.TV","isPartOf":{"@id":"https:\/\/www.meydan.tv\/az\/#website"},"primaryImageOfPage":{"@id":"https:\/\/www.meydan.tv\/az\/article\/qax-sakinleri-sesimizi-kemaleddin-heyderova-catdira-bilmirik\/#primaryimage"},"image":{"@id":"https:\/\/www.meydan.tv\/az\/article\/qax-sakinleri-sesimizi-kemaleddin-heyderova-catdira-bilmirik\/#primaryimage"},"thumbnailUrl":"https:\/\/www.meydan.tv\/wp-content\/uploads\/image_from_ios_5-1-scaled.jpg","datePublished":"2019-03-13T11:31:05+00:00","breadcrumb":{"@id":"https:\/\/www.meydan.tv\/az\/article\/qax-sakinleri-sesimizi-kemaleddin-heyderova-catdira-bilmirik\/#breadcrumb"},"inLanguage":"az","potentialAction":[{"@type":"ReadAction","target":["https:\/\/www.meydan.tv\/az\/article\/qax-sakinleri-sesimizi-kemaleddin-heyderova-catdira-bilmirik\/"]}]},{"@type":"ImageObject","inLanguage":"az","@id":"https:\/\/www.meydan.tv\/az\/article\/qax-sakinleri-sesimizi-kemaleddin-heyderova-catdira-bilmirik\/#primaryimage","url":"https:\/\/www.meydan.tv\/wp-content\/uploads\/image_from_ios_5-1-scaled.jpg","contentUrl":"https:\/\/www.meydan.tv\/wp-content\/uploads\/image_from_ios_5-1-scaled.jpg","width":2560,"height":1440,"caption":"Source: meydan tv"},{"@type":"BreadcrumbList","@id":"https:\/\/www.meydan.tv\/az\/article\/qax-sakinleri-sesimizi-kemaleddin-heyderova-catdira-bilmirik\/#breadcrumb","itemListElement":[{"@type":"ListItem","position":1,"name":"Ana s\u0259hif\u0259","item":"https:\/\/www.meydan.tv\/az\/"},{"@type":"ListItem","position":2,"name":"B\u00f6lg\u0259","item":"https:\/\/www.meydan.tv\/az\/section\/bolge\/"},{"@type":"ListItem","position":3,"name":"Qax sakinl\u0259ri: S\u0259simizi K\u0259mal\u0259ddin Heyd\u0259rova \u00e7atd\u0131ra bilmirik"}]},{"@type":"WebSite","@id":"https:\/\/www.meydan.tv\/az\/#website","url":"https:\/\/www.meydan.tv\/az\/","name":"MEYDAN.TV","description":"Meydan TV Az\u0259rbaycan\u0131n media m\u0259kan\u0131ndak\u0131 alternativ s\u0259sidir","publisher":{"@id":"https:\/\/www.meydan.tv\/az\/#organization"},"potentialAction":[{"@type":"SearchAction","target":{"@type":"EntryPoint","urlTemplate":"https:\/\/www.meydan.tv\/az\/?s={search_term_string}"},"query-input":{"@type":"PropertyValueSpecification","valueRequired":true,"valueName":"search_term_string"}}],"inLanguage":"az"},{"@type":"Organization","@id":"https:\/\/www.meydan.tv\/az\/#organization","name":"Meydan TV","url":"https:\/\/www.meydan.tv\/az\/","logo":{"@type":"ImageObject","inLanguage":"az","@id":"https:\/\/www.meydan.tv\/az\/#\/schema\/logo\/image\/","url":"https:\/\/www.meydan.tv\/wp-content\/uploads\/2021\/07\/meydan-logo.svg","contentUrl":"https:\/\/www.meydan.tv\/wp-content\/uploads\/2021\/07\/meydan-logo.svg","width":195,"height":46,"caption":"Meydan TV"},"image":{"@id":"https:\/\/www.meydan.tv\/az\/#\/schema\/logo\/image\/"}},{"@type":"Person","@id":"https:\/\/www.meydan.tv\/az\/#\/schema\/person\/10d11eccf6da3662cf5fdab9806ea91a","name":"user-manager"}]}},"_links":{"self":[{"href":"https:\/\/www.meydan.tv\/az\/wp-json\/wp\/v2\/posts\/194457","targetHints":{"allow":["GET"]}}],"collection":[{"href":"https:\/\/www.meydan.tv\/az\/wp-json\/wp\/v2\/posts"}],"about":[{"href":"https:\/\/www.meydan.tv\/az\/wp-json\/wp\/v2\/types\/post"}],"author":[{"embeddable":true,"href":"https:\/\/www.meydan.tv\/az\/wp-json\/wp\/v2\/users\/11"}],"replies":[{"embeddable":true,"href":"https:\/\/www.meydan.tv\/az\/wp-json\/wp\/v2\/comments?post=194457"}],"version-history":[{"count":0,"href":"https:\/\/www.meydan.tv\/az\/wp-json\/wp\/v2\/posts\/194457\/revisions"}],"wp:featuredmedia":[{"embeddable":true,"href":"https:\/\/www.meydan.tv\/az\/wp-json\/wp\/v2\/media\/119951"}],"wp:attachment":[{"href":"https:\/\/www.meydan.tv\/az\/wp-json\/wp\/v2\/media?parent=194457"}],"wp:term":[{"taxonomy":"category","embeddable":true,"href":"https:\/\/www.meydan.tv\/az\/wp-json\/wp\/v2\/categories?post=194457"},{"taxonomy":"post_tag","embeddable":true,"href":"https:\/\/www.meydan.tv\/az\/wp-json\/wp\/v2\/tags?post=194457"}],"curies":[{"name":"wp","href":"https:\/\/api.w.org\/{rel}","templated":true}]}}