{"id":194432,"date":"2019-03-11T15:08:18","date_gmt":"2019-03-11T15:08:18","guid":{"rendered":"https:\/\/www.meydan.tv\/article\/kendde-adam-olur-yumaga-su-tapilmir\/"},"modified":"2019-03-11T15:08:18","modified_gmt":"2019-03-11T15:08:18","slug":"kendde-adam-olur-yumaga-su-tapilmir","status":"publish","type":"post","link":"https:\/\/www.meydan.tv\/az\/article\/kendde-adam-olur-yumaga-su-tapilmir\/","title":{"rendered":"&#8221;K\u0259ndd\u0259 adam \u00f6l\u00fcr, yuma\u011fa su tap\u0131lm\u0131r&#8221;"},"content":{"rendered":"<p>\n  Qarada\u011fl\u0131 sakinl\u0259ri: &#x27;&#x27;Suyu pulla al\u0131r\u0131q, \u00e7atd\u0131ra bilmirik&#x27;&#x27;\n<\/p>\n<p>\n  \u201cSuyu pulla al\u0131r\u0131q. \u00c7atd\u0131ra bilmirik, bahad\u0131r. K\u0259ndliyik, kas\u0131b adamlar\u0131q. G\u00fcnd\u0259lik v\u0259ziyy\u0259ti g\u00f6r\u00fcrs\u00fcn\u00fcz, su da\u015f\u0131maqdan belim x\u0259st\u0259 d\u00fc\u015f\u00fcb. \u0130tin z\u00fclm\u00fcn\u00fc \u00e7\u0259kirik\u201d.\n<\/p>\n<p>\n  A\u011fda\u015f\u0131n Qarada\u011fl\u0131 k\u0259ndinin sakini Tamara Mehtiyeva bel\u0259 deyir. Bildirir ki, ayda suya az\u0131 100 manat pul x\u0259rcl\u0259yirl\u0259r. Bir ki\u00e7ik qab\u0131n da\u015f\u0131nmas\u0131na 50 q\u0259pik verirl\u0259r:\n<\/p>\n<figure class=\"wp-block-image size-large\">\n  <img decoding=\"async\" src=\"https:\/\/www.meydan.tv\/az\/image00004-jpeg-2\/\" alt=\"image00004.jpeg\" class=\"wp-image-119819\"\/><figcaption>\n    Tamara Mehtiyeva<br \/>\n  <\/figcaption><\/figure>\n<p>\n  \u201cO da ki, artezian ax\u015fam\u00e7a\u011f\u0131 5-d\u0259k a\u00e7\u0131q olur. Ma\u015f\u0131n tap\u0131b g\u0259tird\u0259 bildin, n\u0259 g\u00f6z\u0259l. Bilm\u0259din, b\u00fct\u00fcn g\u00fcn\u00fc susuz qalacaqsan. Ya da e\u015f\u015f\u0259k arabas\u0131n\u0131 \u015f\u0259h\u0259r\u0259 g\u00f6nd\u0259ririk. Onda qiym\u0259t bir az da qalx\u0131r. Bir qab\u0131 70 q\u0259pik olur. N\u0259 pulumuz qal\u0131r, n\u0259 d\u0259 abr\u0131m\u0131z. Daha ona-buna \u201csu g\u0259tir\u201d dem\u0259kd\u0259n abr\u0131m\u0131z t\u00f6k\u00fcl\u00fcb. Z\u00fclml\u0259, zill\u0259tl\u0259 ya\u015fay\u0131r\u0131q\u201d.\n<\/p>\n<p>\n  <b><br \/>\n    <i><br \/>\n      \u201c2 \u00e7aydan suya 1 manat veririk\u201d<br \/>\n    <\/i><br \/>\n  <\/b>\n<\/p>\n<p>\n  60 ya\u015fl\u0131 Reyhan M\u0259mm\u0259dova deyir ki, ayda ald\u0131\u011f\u0131 t\u0259qa\u00fcd\u00fcn\u00fcn ham\u0131s\u0131n\u0131 suya x\u0259rcl\u0259yir:\n<\/p>\n<figure class=\"wp-block-image size-large\">\n  <img decoding=\"async\" src=\"https:\/\/www.meydan.tv\/az\/image00009-jpeg-3\/\" alt=\"image00009.jpeg\" class=\"wp-image-119822\"\/><figcaption>\n    Reyhan M\u0259mm\u0259dova<br \/>\n  <\/figcaption><\/figure>\n<p>\n  \u201cBu, azm\u0131\u015f kimi, qramla i\u015fl\u0259dirik. Bel\u0259 d\u0259rd olar? K\u0259nd\u0259 g\u0259l\u0259n arx\u0131n suyu pis g\u00fcnd\u0259dir, i\u00e7m\u0259k olmur. \u0130\u00e7ind\u0259n zibil \u00e7\u0131x\u0131r. B\u0259z\u0259n he\u00e7 o da g\u0259lmir. 60 ya\u015f\u0131m var, m\u0259n h\u0259l\u0259 ev\u0259 su g\u0259ldiyinin \u015fahidi olmam\u0131\u015fam. Bilmir\u0259m, kran\u0131 a\u00e7anda su nec\u0259 g\u0259l\u0259r, o n\u0259 olan \u015feydir. 3-4 kilometr uzaql\u0131qda bir artezian var. G\u0259tirtdiyimiz d\u0259 2 \u00e7aydand\u0131r. O da 1 manat edir\u201d.\n<\/p>\n<p>\n  <b><br \/>\n    <i><br \/>\n      \u201cArxdan g\u0259l\u0259n su ayaqyoluna t\u00f6km\u0259kd\u0259n ba\u015fqa bir \u015fey\u0259 yaram\u0131r\u201d<br \/>\n    <\/i><br \/>\n  <\/b>\n<\/p>\n<p>\n  Reyhan M\u0259mm\u0259dova ya\u015fad\u0131\u011f\u0131 \u015f\u0259raitd\u0259n yoruldu\u011funu deyir:\n<\/p>\n<p>\n  \u201cN\u0259 q\u0259d\u0259r su da\u015f\u0131maq olar? Belimiz q\u0131r\u0131l\u0131r, ham\u0131m\u0131z x\u0259st\u0259lik tapm\u0131\u015f\u0131q. \u018flimizd\u0259 q\u0259piyimiz qalm\u0131r, ham\u0131s\u0131n\u0131 veririk suya. Su olsa, o pulu da d\u0259rman\u0131m\u0131za, d\u0259rdimiz\u0259 ver\u0259rik. Arxdan g\u0259l\u0259n su ayaqyoluna t\u00f6km\u0259kd\u0259n ba\u015fqa bir \u015fey\u0259 yaram\u0131r. Bir d\u0259f\u0259 su tapmad\u0131m. Arxdan su qaynatd\u0131m, \u00e7ay d\u0259ml\u0259dim. U\u015faqlar\u0131m allergiya oldu\u201d.\n<\/p>\n<p>\n  <b><br \/>\n    \u201c<br \/>\n  <\/b><br \/>\n  <b><br \/>\n    <i><br \/>\n      Adam \u00f6l\u00fcr, arxda su tap\u0131lm\u0131r\u201d<br \/>\n    <\/i><br \/>\n  <\/b>\n<\/p>\n<p>\n  S\u0259ad\u0259t Qurbanova da susuzluqdan naraz\u0131l\u0131q edir. Deyir, suya ayda \u0259n az\u0131 70-80 manat pul verirl\u0259r, \u00e7atd\u0131ra bilmirl\u0259r:\n<\/p>\n<figure class=\"wp-block-image size-large\">\n  <img decoding=\"async\" src=\"https:\/\/www.meydan.tv\/az\/image00007-jpeg-3\/\" alt=\"image00007.jpeg\" class=\"wp-image-119831\"\/><figcaption>\n    S\u0259ad\u0259t Qurbanova<br \/>\n  <\/figcaption><\/figure>\n<p>\n  \u201cYolda\u015f\u0131m f\u0259hl\u0259dir, qazand\u0131\u011f\u0131 sudad\u0131r. O 70-80 manat\u0131 da verib bar\u0131 doyunca su i\u015fl\u0259dirikmi? Yox, onu da q\u0131rt\u0131m-q\u0131rt\u0131m. Suyumuz olmur, z\u0259ng edirik taksiy\u0259. Qablar\u0131m\u0131z\u0131 doldurub g\u0259tirir. Az qala h\u0259r g\u00fcn 3-4 manat\u0131m\u0131z gedir. A\u011fda\u015f Rayon \u0130cra Hakimiyy\u0259tin\u0259 d\u0259f\u0259l\u0259rl\u0259 demi\u015fik. G\u0259lib, bax\u0131b gedibl\u0259r. Bu boyda k\u0259ndd\u0259 bir artezian yoxdur. K\u0259ndd\u0259 adam \u00f6l\u00fcr, arxda su tap\u0131lm\u0131r. Gedib hardansa su g\u0259tirib, \u00f6l\u00fcn\u00fc yuyurlar. Toy olanda bir ma\u015f\u0131n \u00e7\u0259n g\u0259tirdirik. Camaat i\u015fini bu c\u00fcr yola verir\u201d.\n<\/p>\n<p>\n  <b><br \/>\n    <i><br \/>\n      \u201cArxdan g\u0259l\u0259n zibilli suya ba\u015f \u0259yirik\u201d<br \/>\n    <\/i><br \/>\n  <\/b>\n<\/p>\n<p>\n  S\u0259ad\u0259t Qurbanova \u0259lav\u0259 edir ki, t\u0259l\u0259bi he\u00e7 d\u0259 evl\u0259r\u0259 su \u00e7\u0259kilm\u0259si deyil. He\u00e7 olmasa, k\u0259ndin i\u00e7ind\u0259 bir ne\u00e7\u0259 yer\u0259 artezian \u00e7\u0259k\u0259l\u0259r, b\u0259sl\u0259ridir:\n<\/p>\n<p>\n  \u201cSuya pul verm\u0259kd\u0259n m\u00fcflis olmu\u015fuq. Bir qab suya 50-60 q\u0259pik veririk. 25 ildir bu k\u0259ndd\u0259 ya\u015fay\u0131ram. H\u0259l\u0259 m\u0259n burada evl\u0259r\u0259, m\u0259h\u0259ll\u0259l\u0259r\u0259 su g\u0259ldiyini g\u00f6rm\u0259mi\u015f\u0259m. Bura g\u0259lin g\u0259l\u0259nd\u0259n lilli sudan i\u00e7ir\u0259m. B\u00f6yr\u0259kl\u0259rim d\u0259 s\u0131radan \u00e7\u0131x\u0131b, az qala, h\u0259r g\u00fcn a\u011fr\u0131y\u0131r. Adam n\u0259 q\u0259d\u0259r qab doldurar, lilli su da\u015f\u0131yar? U\u015faq ba\u015f\u0131n\u0131 yumaq ist\u0259yir, su tapa bilmirik. Arxdan g\u0259l\u0259n zibilli suya ba\u015f \u0259yirik. O da bir g\u00fcn g\u0259lir, be\u015f g\u00fcn olmur. B\u00f6y\u00fck k\u0259nddi, he\u00e7 olmasa 2 yer\u0259 artezian \u00e7\u0259k\u0259l\u0259r, camaat yen\u0259 da\u015f\u0131y\u0131b, birt\u0259h\u0259r dolanar\u201d.\n<\/p>\n<p>\n  <b><br \/>\n    <i><br \/>\n      \u201cAsfalt\u0131n o t\u0259r\u0259fin\u0259 su g\u0259lir, bu t\u0259r\u0259fin\u0259 yox\u201d<br \/>\n    <\/i><br \/>\n  <\/b>\n<\/p>\n<p>\n  75 ya\u015fl\u0131 N\u0259cib\u0259 \u0130srailovan\u0131n s\u00f6zl\u0259rin\u0259 g\u00f6r\u0259, ill\u0259rdir \u015fikay\u0259t etm\u0259diyi yerin qalmay\u0131b. Deyir, s\u0259sini e\u015fid\u0259n, s\u00f6z\u00fcn\u0259 baxan yoxdur:\n<\/p>\n<figure class=\"wp-block-image size-large\">\n  <img decoding=\"async\" src=\"https:\/\/www.meydan.tv\/az\/image00011-jpeg-2\/\" alt=\"image00011.jpeg\" class=\"wp-image-119825\"\/><figcaption>\n    N\u0259cib\u0259 \u0130srailova<br \/>\n  <\/figcaption><\/figure>\n<p>\n  \u201cSu yox, yol b\u0259rbad g\u00fcnd\u0259. \u0130\u00e7m\u0259li suyu pulla al\u0131ram. H\u0259r g\u00fcn taksiy\u0259 1-2 manat veririk. Onu da su ma\u015f\u0131n\u0131n i\u00e7in\u0259 t\u00f6k\u00fcl\u00fcr dey\u0259 minn\u0259tl\u0259 g\u0259tirirl\u0259r. Meyitl\u0259rimizi arteziandan su da\u015f\u0131y\u0131b, yuyuruq. O da 4-5 kilometr uzaql\u0131qdad\u0131r. 21-ci \u0259srd\u0259 \u00e7ox ac\u0131nacaql\u0131 v\u0259ziyy\u0259td\u0259 ya\u015fay\u0131r\u0131q. \u015e\u0259h\u0259rl\u0259 aram\u0131z 1 kiometrdir. Nec\u0259 olur ki, asfalt\u0131n o t\u0259r\u0259fin\u0259 su g\u0259lir, bu t\u0259r\u0259fin\u0259 yox\u201d.\n<\/p>\n<p>\n  <b><br \/>\n    <i><br \/>\n      \u201cX\u0259mir etm\u0259y\u0259, \u00e7ay qoyma\u011fa suyumuz olmur\u201d<br \/>\n    <\/i><br \/>\n  <\/b>\n<\/p>\n<p>\n  Minir\u0259 M\u0259mm\u0259dova is\u0259 h\u0259m d\u0259 k\u0259ndin yollar\u0131ndan \u015fikay\u0259tl\u0259nir. Deyir, azca ya\u011f\u0131\u015f ya\u011fan kimi yollar ke\u00e7ilm\u0259z olur. Su is\u0259 \u0259z\u0259li probleml\u0259ridir, da\u015f\u0131maqdan yorulub:\n<\/p>\n<figure class=\"wp-block-image size-large\">\n  <img decoding=\"async\" src=\"https:\/\/www.meydan.tv\/az\/image00005-jpeg-4\/\" alt=\"image00005.jpeg\" class=\"wp-image-119834\"\/><figcaption>\n    k\u0259nd<br \/>\n  <\/figcaption><\/figure>\n<p>\n  \u201cYolumuz b\u0259rbadd\u0131r, suyumuz is\u0259 yoxdur. Arx\u0131n suyunu da g\u00f6r\u00fcrs\u00fcz, i\u00e7in\u0259 u\u015faq bezi, zibil at\u0131rlar. Ordan da ax\u0131b, g\u0259lir k\u0259nd\u0259. \u0130\u00e7ini kol al\u0131r, baxan olmur. Bu suyu inan\u0131n, iyr\u0259n\u0259-iyr\u0259n\u0259 i\u00e7\u0259nl\u0259r var. Pullar\u0131 yoxdu g\u00fcnd\u0259 1-2 manat suya x\u0259rcl\u0259sinl\u0259r. B\u0259zi g\u00fcnl\u0259r x\u0259mir etm\u0259y\u0259, \u00e7ay qoyma\u011fa suyumuz olmur. N\u0259v\u0259l\u0259r\u0259 yalvarmaqdan da bezmi\u015fik. O g\u00fcn n\u0259v\u0259m deyir ki, n\u0259n\u0259, salam verir\u0259m, su deyirs\u0259n. Daha \u00fcz\u00fcm\u00fcz\u00fcn abr\u0131 qalmay\u0131b. Bilmirik ba\u015f\u0131m\u0131za haran\u0131n da\u015f\u0131n\u0131 t\u00f6k\u0259k\u201d.\n<\/p>\n<p>\n  <b><br \/>\n    <i><br \/>\n      \u201cO suyla \u00e7ims\u0259k, can\u0131m\u0131z yara t\u00f6k\u0259r\u201d<br \/>\n    <\/i><br \/>\n  <\/b>\n<\/p>\n<p>\n  K\u0259nd sakinl\u0259rind\u0259n A\u011fa Umudov is\u0259 deyir ki, 21-ci \u0259srd\u0259, texnikan\u0131n y\u00fcks\u0259k inki\u015faf etdiyi vaxtda i\u00e7m\u0259y\u0259 su tapmamaq biab\u0131r\u00e7\u0131l\u0131qd\u0131r:\n<\/p>\n<figure class=\"wp-block-image size-large\">\n  <img decoding=\"async\" src=\"https:\/\/www.meydan.tv\/az\/image00012-jpeg-2\/\" alt=\"image00012.jpeg\" class=\"wp-image-119843\"\/><figcaption>\n    A\u011fa Umudov<br \/>\n  <\/figcaption><\/figure>\n<p>\n  \u201c\u0130nan\u0131n o suyla \u00e7ims\u0259k, can\u0131m\u0131z yara t\u00f6k\u0259r. Murdarl\u0131qd\u0131r, iyr\u0259nclikdir. Ba\u015fda oturanlara Allah insaf versin. Biz ucqar k\u0259nd deyilik. \u015e\u0259h\u0259rin bir qoluyuq, ancaq bat\u0131r\u0131q. U\u015faqlar m\u0259kt\u0259b\u0259 ged\u0259 bilmirl\u0259r. Pal\u00e7\u0131\u011f\u0131n i\u00e7ind\u0259dirl\u0259r. Dem\u0259diyimiz, m\u00fcraci\u0259t etm\u0259diyimiz yer qalmay\u0131b. Hara m\u00fcraci\u0259t edirik, deyirl\u0259r, layih\u0259d\u0259 yoxdur. G\u0259l\u0259c\u0259kd\u0259 layih\u0259y\u0259 sal\u0131b, h\u0259ll ed\u0259c\u0259yik. Biz \u00f6m\u00fcr boyu bu suyu i\u00e7mi\u015fik. Demirik e, h\u0259r qap\u0131ya g\u0259lsin. Bir m\u0259kt\u0259bin yan\u0131na \u00e7\u0259ksinl\u0259r, da\u015f\u0131yar\u0131q, can\u0131m\u0131z c\u0259h\u0259nn\u0259m\u0259\u201d.\n<\/p>\n<p>\n  <b><br \/>\n    <i><br \/>\n      \u201cO k\u0259ndd\u0259 artezian, arx var\u201d<br \/>\n    <\/i><br \/>\n  <\/b>\n<\/p>\n<p>\n  66 ya\u015fl\u0131 \u0130lham\u0259 Mustafayeva da deyir ki, k\u0259ndd\u0259 bir ne\u00e7\u0259 yer\u0259, yax\u0131na artezian \u00e7\u0259ks\u0259l\u0259r u\u015faqlar ev\u0259 da\u015f\u0131yarlar. Onlar h\u0259r qap\u0131ya su g\u0259lsin, demirl\u0259r:\n<\/p>\n<figure class=\"wp-block-image size-large\">\n  <img decoding=\"async\" src=\"https:\/\/www.meydan.tv\/az\/image00013-jpeg\/\" alt=\"image00013.jpeg\" class=\"wp-image-119840\"\/><figcaption>\n    \u0130lham\u0259 Mustafayeva<br \/>\n  <\/figcaption><\/figure>\n<p>\n  \u201cYoxsa bel\u0259 al\u0131nm\u0131r. Bilmirik, ald\u0131\u011f\u0131m\u0131z 3-5 manat pensiyan\u0131 i\u015f\u0131\u011fa, qaza, \u00e7\u00f6r\u0259y\u0259, d\u0259rmana, yoxsa suya ver\u0259k. Vallah, z\u00fclmd\u0259yik, ya\u015faya bilmirik. Az qal\u0131b, yolu k\u0259sib, etiraz ed\u0259k. Biz\u0259 ba\u015fqa \u00e7ar\u0259 qoymay\u0131blar qala\u201d.\n<\/p>\n<p>\n  A\u011fda\u015f Rayon \u0130cra Hakimiyy\u0259tind\u0259n is\u0259 Meydan TV-y\u0259 bildirilib ki, rayonun k\u0259ndl\u0259rinin su t\u0259chizat\u0131n\u0131n yax\u015f\u0131la\u015fd\u0131r\u0131lmas\u0131 i\u015fl\u0259ri g\u00f6r\u00fcl\u00fcr:\n<\/p>\n<p>\n  \u201cAncaq bu, n\u00f6vb\u0259li \u015f\u0259kild\u0259 h\u0259yata ke\u00e7irilir. Qarada\u011fl\u0131n\u0131n is\u0259 su problemi yoxdur. \u00c7\u00fcnki k\u0259ndd\u0259 artezian, arx var. Yollar\u0131n t\u0259miri is\u0259 diqq\u0259td\u0259dir, yax\u0131n g\u0259l\u0259c\u0259kd\u0259 he\u00e7 bir k\u0259ndd\u0259 t\u0259mirsiz yol qalmayacaq\u201d.\n<\/p>\n<figure class=\"wp-block-image size-large\">\n  <img decoding=\"async\" src=\"https:\/\/www.meydan.tv\/az\/image00005-jpeg-5\/\" alt=\"image00005.jpeg\" class=\"wp-image-119849\"\/><figcaption>\n    k\u0259nd yolu<br \/>\n  <\/figcaption><\/figure>\n","protected":false},"excerpt":{"rendered":"<p>75 ya\u015fl\u0131 N\u0259cib\u0259 \u0130srailovan\u0131n s\u00f6zl\u0259rin\u0259 g\u00f6r\u0259, ill\u0259rdir \u015fikay\u0259t etm\u0259diyi yerin qalmay\u0131b<\/p>\n","protected":false},"author":11,"featured_media":119828,"comment_status":"closed","ping_status":"open","sticky":false,"template":"","format":"standard","meta":{"_acf_changed":false,"_sitemap_exclude":false,"_sitemap_priority":"","_sitemap_frequency":"","footnotes":""},"categories":[60],"tags":[],"class_list":["post-194432","post","type-post","status-publish","format-standard","has-post-thumbnail","hentry","category-bolge","infinite-scroll-item","generate-columns","tablet-grid-50","mobile-grid-100","grid-parent","grid-33","no-featured-image-padding"],"acf":[],"yoast_head":"<!-- This site is optimized with the Yoast SEO plugin v27.4 - https:\/\/yoast.com\/product\/yoast-seo-wordpress\/ -->\n<title>&#039;&#039;K\u0259ndd\u0259 adam \u00f6l\u00fcr, yuma\u011fa su tap\u0131lm\u0131r&#039;&#039; - MEYDAN.TV<\/title>\n<meta name=\"robots\" content=\"index, follow, max-snippet:-1, max-image-preview:large, max-video-preview:-1\" \/>\n<link rel=\"canonical\" href=\"https:\/\/www.meydan.tv\/az\/article\/kendde-adam-olur-yumaga-su-tapilmir\/\" \/>\n<meta property=\"og:locale\" content=\"az_AZ\" \/>\n<meta property=\"og:type\" content=\"article\" \/>\n<meta property=\"og:title\" content=\"&#039;&#039;K\u0259ndd\u0259 adam \u00f6l\u00fcr, yuma\u011fa su tap\u0131lm\u0131r&#039;&#039; - MEYDAN.TV\" \/>\n<meta property=\"og:description\" content=\"75 ya\u015fl\u0131 N\u0259cib\u0259 \u0130srailovan\u0131n s\u00f6zl\u0259rin\u0259 g\u00f6r\u0259, ill\u0259rdir \u015fikay\u0259t etm\u0259diyi yerin qalmay\u0131b\" \/>\n<meta property=\"og:url\" content=\"https:\/\/www.meydan.tv\/az\/article\/kendde-adam-olur-yumaga-su-tapilmir\/\" \/>\n<meta property=\"og:site_name\" content=\"MEYDAN.TV\" \/>\n<meta property=\"article:published_time\" content=\"2019-03-11T15:08:18+00:00\" \/>\n<meta property=\"og:image\" content=\"https:\/\/www.meydan.tv\/wp-content\/uploads\/image00008_8gc9he7-scaled.jpeg\" \/>\n\t<meta property=\"og:image:width\" content=\"2560\" \/>\n\t<meta property=\"og:image:height\" content=\"1920\" \/>\n\t<meta property=\"og:image:type\" content=\"image\/jpeg\" \/>\n<meta name=\"author\" content=\"user-manager\" \/>\n<meta name=\"twitter:card\" content=\"summary_large_image\" \/>\n<script type=\"application\/ld+json\" class=\"yoast-schema-graph\">{\"@context\":\"https:\\\/\\\/schema.org\",\"@graph\":[{\"@type\":\"Article\",\"@id\":\"https:\\\/\\\/www.meydan.tv\\\/az\\\/article\\\/kendde-adam-olur-yumaga-su-tapilmir\\\/#article\",\"isPartOf\":{\"@id\":\"https:\\\/\\\/www.meydan.tv\\\/az\\\/article\\\/kendde-adam-olur-yumaga-su-tapilmir\\\/\"},\"author\":{\"name\":\"user-manager\",\"@id\":\"https:\\\/\\\/www.meydan.tv\\\/az\\\/#\\\/schema\\\/person\\\/10d11eccf6da3662cf5fdab9806ea91a\"},\"headline\":\"&#8221;K\u0259ndd\u0259 adam \u00f6l\u00fcr, yuma\u011fa su tap\u0131lm\u0131r&#8221;\",\"datePublished\":\"2019-03-11T15:08:18+00:00\",\"mainEntityOfPage\":{\"@id\":\"https:\\\/\\\/www.meydan.tv\\\/az\\\/article\\\/kendde-adam-olur-yumaga-su-tapilmir\\\/\"},\"wordCount\":1366,\"publisher\":{\"@id\":\"https:\\\/\\\/www.meydan.tv\\\/az\\\/#organization\"},\"image\":{\"@id\":\"https:\\\/\\\/www.meydan.tv\\\/az\\\/article\\\/kendde-adam-olur-yumaga-su-tapilmir\\\/#primaryimage\"},\"thumbnailUrl\":\"https:\\\/\\\/www.meydan.tv\\\/wp-content\\\/uploads\\\/image00008_8gc9he7-scaled.jpeg\",\"articleSection\":[\"B\u00f6lg\u0259\"],\"inLanguage\":\"az\"},{\"@type\":\"WebPage\",\"@id\":\"https:\\\/\\\/www.meydan.tv\\\/az\\\/article\\\/kendde-adam-olur-yumaga-su-tapilmir\\\/\",\"url\":\"https:\\\/\\\/www.meydan.tv\\\/az\\\/article\\\/kendde-adam-olur-yumaga-su-tapilmir\\\/\",\"name\":\"''K\u0259ndd\u0259 adam \u00f6l\u00fcr, yuma\u011fa su tap\u0131lm\u0131r'' - MEYDAN.TV\",\"isPartOf\":{\"@id\":\"https:\\\/\\\/www.meydan.tv\\\/az\\\/#website\"},\"primaryImageOfPage\":{\"@id\":\"https:\\\/\\\/www.meydan.tv\\\/az\\\/article\\\/kendde-adam-olur-yumaga-su-tapilmir\\\/#primaryimage\"},\"image\":{\"@id\":\"https:\\\/\\\/www.meydan.tv\\\/az\\\/article\\\/kendde-adam-olur-yumaga-su-tapilmir\\\/#primaryimage\"},\"thumbnailUrl\":\"https:\\\/\\\/www.meydan.tv\\\/wp-content\\\/uploads\\\/image00008_8gc9he7-scaled.jpeg\",\"datePublished\":\"2019-03-11T15:08:18+00:00\",\"breadcrumb\":{\"@id\":\"https:\\\/\\\/www.meydan.tv\\\/az\\\/article\\\/kendde-adam-olur-yumaga-su-tapilmir\\\/#breadcrumb\"},\"inLanguage\":\"az\",\"potentialAction\":[{\"@type\":\"ReadAction\",\"target\":[\"https:\\\/\\\/www.meydan.tv\\\/az\\\/article\\\/kendde-adam-olur-yumaga-su-tapilmir\\\/\"]}]},{\"@type\":\"ImageObject\",\"inLanguage\":\"az\",\"@id\":\"https:\\\/\\\/www.meydan.tv\\\/az\\\/article\\\/kendde-adam-olur-yumaga-su-tapilmir\\\/#primaryimage\",\"url\":\"https:\\\/\\\/www.meydan.tv\\\/wp-content\\\/uploads\\\/image00008_8gc9he7-scaled.jpeg\",\"contentUrl\":\"https:\\\/\\\/www.meydan.tv\\\/wp-content\\\/uploads\\\/image00008_8gc9he7-scaled.jpeg\",\"width\":2560,\"height\":1920,\"caption\":\"Source: meydan tv\"},{\"@type\":\"BreadcrumbList\",\"@id\":\"https:\\\/\\\/www.meydan.tv\\\/az\\\/article\\\/kendde-adam-olur-yumaga-su-tapilmir\\\/#breadcrumb\",\"itemListElement\":[{\"@type\":\"ListItem\",\"position\":1,\"name\":\"Ana s\u0259hif\u0259\",\"item\":\"https:\\\/\\\/www.meydan.tv\\\/az\\\/\"},{\"@type\":\"ListItem\",\"position\":2,\"name\":\"B\u00f6lg\u0259\",\"item\":\"https:\\\/\\\/www.meydan.tv\\\/az\\\/section\\\/bolge\\\/\"},{\"@type\":\"ListItem\",\"position\":3,\"name\":\"&#8221;K\u0259ndd\u0259 adam \u00f6l\u00fcr, yuma\u011fa su tap\u0131lm\u0131r&#8221;\"}]},{\"@type\":\"WebSite\",\"@id\":\"https:\\\/\\\/www.meydan.tv\\\/az\\\/#website\",\"url\":\"https:\\\/\\\/www.meydan.tv\\\/az\\\/\",\"name\":\"MEYDAN.TV\",\"description\":\"Meydan TV Az\u0259rbaycan\u0131n media m\u0259kan\u0131ndak\u0131 alternativ s\u0259sidir\",\"publisher\":{\"@id\":\"https:\\\/\\\/www.meydan.tv\\\/az\\\/#organization\"},\"potentialAction\":[{\"@type\":\"SearchAction\",\"target\":{\"@type\":\"EntryPoint\",\"urlTemplate\":\"https:\\\/\\\/www.meydan.tv\\\/az\\\/?s={search_term_string}\"},\"query-input\":{\"@type\":\"PropertyValueSpecification\",\"valueRequired\":true,\"valueName\":\"search_term_string\"}}],\"inLanguage\":\"az\"},{\"@type\":\"Organization\",\"@id\":\"https:\\\/\\\/www.meydan.tv\\\/az\\\/#organization\",\"name\":\"Meydan TV\",\"url\":\"https:\\\/\\\/www.meydan.tv\\\/az\\\/\",\"logo\":{\"@type\":\"ImageObject\",\"inLanguage\":\"az\",\"@id\":\"https:\\\/\\\/www.meydan.tv\\\/az\\\/#\\\/schema\\\/logo\\\/image\\\/\",\"url\":\"https:\\\/\\\/www.meydan.tv\\\/wp-content\\\/uploads\\\/2021\\\/07\\\/meydan-logo.svg\",\"contentUrl\":\"https:\\\/\\\/www.meydan.tv\\\/wp-content\\\/uploads\\\/2021\\\/07\\\/meydan-logo.svg\",\"width\":195,\"height\":46,\"caption\":\"Meydan TV\"},\"image\":{\"@id\":\"https:\\\/\\\/www.meydan.tv\\\/az\\\/#\\\/schema\\\/logo\\\/image\\\/\"}},{\"@type\":\"Person\",\"@id\":\"https:\\\/\\\/www.meydan.tv\\\/az\\\/#\\\/schema\\\/person\\\/10d11eccf6da3662cf5fdab9806ea91a\",\"name\":\"user-manager\"}]}<\/script>\n<!-- \/ Yoast SEO plugin. -->","yoast_head_json":{"title":"''K\u0259ndd\u0259 adam \u00f6l\u00fcr, yuma\u011fa su tap\u0131lm\u0131r'' - MEYDAN.TV","robots":{"index":"index","follow":"follow","max-snippet":"max-snippet:-1","max-image-preview":"max-image-preview:large","max-video-preview":"max-video-preview:-1"},"canonical":"https:\/\/www.meydan.tv\/az\/article\/kendde-adam-olur-yumaga-su-tapilmir\/","og_locale":"az_AZ","og_type":"article","og_title":"''K\u0259ndd\u0259 adam \u00f6l\u00fcr, yuma\u011fa su tap\u0131lm\u0131r'' - MEYDAN.TV","og_description":"75 ya\u015fl\u0131 N\u0259cib\u0259 \u0130srailovan\u0131n s\u00f6zl\u0259rin\u0259 g\u00f6r\u0259, ill\u0259rdir \u015fikay\u0259t etm\u0259diyi yerin qalmay\u0131b","og_url":"https:\/\/www.meydan.tv\/az\/article\/kendde-adam-olur-yumaga-su-tapilmir\/","og_site_name":"MEYDAN.TV","article_published_time":"2019-03-11T15:08:18+00:00","og_image":[{"width":2560,"height":1920,"url":"https:\/\/www.meydan.tv\/wp-content\/uploads\/image00008_8gc9he7-scaled.jpeg","type":"image\/jpeg"}],"author":"user-manager","twitter_card":"summary_large_image","schema":{"@context":"https:\/\/schema.org","@graph":[{"@type":"Article","@id":"https:\/\/www.meydan.tv\/az\/article\/kendde-adam-olur-yumaga-su-tapilmir\/#article","isPartOf":{"@id":"https:\/\/www.meydan.tv\/az\/article\/kendde-adam-olur-yumaga-su-tapilmir\/"},"author":{"name":"user-manager","@id":"https:\/\/www.meydan.tv\/az\/#\/schema\/person\/10d11eccf6da3662cf5fdab9806ea91a"},"headline":"&#8221;K\u0259ndd\u0259 adam \u00f6l\u00fcr, yuma\u011fa su tap\u0131lm\u0131r&#8221;","datePublished":"2019-03-11T15:08:18+00:00","mainEntityOfPage":{"@id":"https:\/\/www.meydan.tv\/az\/article\/kendde-adam-olur-yumaga-su-tapilmir\/"},"wordCount":1366,"publisher":{"@id":"https:\/\/www.meydan.tv\/az\/#organization"},"image":{"@id":"https:\/\/www.meydan.tv\/az\/article\/kendde-adam-olur-yumaga-su-tapilmir\/#primaryimage"},"thumbnailUrl":"https:\/\/www.meydan.tv\/wp-content\/uploads\/image00008_8gc9he7-scaled.jpeg","articleSection":["B\u00f6lg\u0259"],"inLanguage":"az"},{"@type":"WebPage","@id":"https:\/\/www.meydan.tv\/az\/article\/kendde-adam-olur-yumaga-su-tapilmir\/","url":"https:\/\/www.meydan.tv\/az\/article\/kendde-adam-olur-yumaga-su-tapilmir\/","name":"''K\u0259ndd\u0259 adam \u00f6l\u00fcr, yuma\u011fa su tap\u0131lm\u0131r'' - MEYDAN.TV","isPartOf":{"@id":"https:\/\/www.meydan.tv\/az\/#website"},"primaryImageOfPage":{"@id":"https:\/\/www.meydan.tv\/az\/article\/kendde-adam-olur-yumaga-su-tapilmir\/#primaryimage"},"image":{"@id":"https:\/\/www.meydan.tv\/az\/article\/kendde-adam-olur-yumaga-su-tapilmir\/#primaryimage"},"thumbnailUrl":"https:\/\/www.meydan.tv\/wp-content\/uploads\/image00008_8gc9he7-scaled.jpeg","datePublished":"2019-03-11T15:08:18+00:00","breadcrumb":{"@id":"https:\/\/www.meydan.tv\/az\/article\/kendde-adam-olur-yumaga-su-tapilmir\/#breadcrumb"},"inLanguage":"az","potentialAction":[{"@type":"ReadAction","target":["https:\/\/www.meydan.tv\/az\/article\/kendde-adam-olur-yumaga-su-tapilmir\/"]}]},{"@type":"ImageObject","inLanguage":"az","@id":"https:\/\/www.meydan.tv\/az\/article\/kendde-adam-olur-yumaga-su-tapilmir\/#primaryimage","url":"https:\/\/www.meydan.tv\/wp-content\/uploads\/image00008_8gc9he7-scaled.jpeg","contentUrl":"https:\/\/www.meydan.tv\/wp-content\/uploads\/image00008_8gc9he7-scaled.jpeg","width":2560,"height":1920,"caption":"Source: meydan tv"},{"@type":"BreadcrumbList","@id":"https:\/\/www.meydan.tv\/az\/article\/kendde-adam-olur-yumaga-su-tapilmir\/#breadcrumb","itemListElement":[{"@type":"ListItem","position":1,"name":"Ana s\u0259hif\u0259","item":"https:\/\/www.meydan.tv\/az\/"},{"@type":"ListItem","position":2,"name":"B\u00f6lg\u0259","item":"https:\/\/www.meydan.tv\/az\/section\/bolge\/"},{"@type":"ListItem","position":3,"name":"&#8221;K\u0259ndd\u0259 adam \u00f6l\u00fcr, yuma\u011fa su tap\u0131lm\u0131r&#8221;"}]},{"@type":"WebSite","@id":"https:\/\/www.meydan.tv\/az\/#website","url":"https:\/\/www.meydan.tv\/az\/","name":"MEYDAN.TV","description":"Meydan TV Az\u0259rbaycan\u0131n media m\u0259kan\u0131ndak\u0131 alternativ s\u0259sidir","publisher":{"@id":"https:\/\/www.meydan.tv\/az\/#organization"},"potentialAction":[{"@type":"SearchAction","target":{"@type":"EntryPoint","urlTemplate":"https:\/\/www.meydan.tv\/az\/?s={search_term_string}"},"query-input":{"@type":"PropertyValueSpecification","valueRequired":true,"valueName":"search_term_string"}}],"inLanguage":"az"},{"@type":"Organization","@id":"https:\/\/www.meydan.tv\/az\/#organization","name":"Meydan TV","url":"https:\/\/www.meydan.tv\/az\/","logo":{"@type":"ImageObject","inLanguage":"az","@id":"https:\/\/www.meydan.tv\/az\/#\/schema\/logo\/image\/","url":"https:\/\/www.meydan.tv\/wp-content\/uploads\/2021\/07\/meydan-logo.svg","contentUrl":"https:\/\/www.meydan.tv\/wp-content\/uploads\/2021\/07\/meydan-logo.svg","width":195,"height":46,"caption":"Meydan TV"},"image":{"@id":"https:\/\/www.meydan.tv\/az\/#\/schema\/logo\/image\/"}},{"@type":"Person","@id":"https:\/\/www.meydan.tv\/az\/#\/schema\/person\/10d11eccf6da3662cf5fdab9806ea91a","name":"user-manager"}]}},"_links":{"self":[{"href":"https:\/\/www.meydan.tv\/az\/wp-json\/wp\/v2\/posts\/194432","targetHints":{"allow":["GET"]}}],"collection":[{"href":"https:\/\/www.meydan.tv\/az\/wp-json\/wp\/v2\/posts"}],"about":[{"href":"https:\/\/www.meydan.tv\/az\/wp-json\/wp\/v2\/types\/post"}],"author":[{"embeddable":true,"href":"https:\/\/www.meydan.tv\/az\/wp-json\/wp\/v2\/users\/11"}],"replies":[{"embeddable":true,"href":"https:\/\/www.meydan.tv\/az\/wp-json\/wp\/v2\/comments?post=194432"}],"version-history":[{"count":0,"href":"https:\/\/www.meydan.tv\/az\/wp-json\/wp\/v2\/posts\/194432\/revisions"}],"wp:featuredmedia":[{"embeddable":true,"href":"https:\/\/www.meydan.tv\/az\/wp-json\/wp\/v2\/media\/119828"}],"wp:attachment":[{"href":"https:\/\/www.meydan.tv\/az\/wp-json\/wp\/v2\/media?parent=194432"}],"wp:term":[{"taxonomy":"category","embeddable":true,"href":"https:\/\/www.meydan.tv\/az\/wp-json\/wp\/v2\/categories?post=194432"},{"taxonomy":"post_tag","embeddable":true,"href":"https:\/\/www.meydan.tv\/az\/wp-json\/wp\/v2\/tags?post=194432"}],"curies":[{"name":"wp","href":"https:\/\/api.w.org\/{rel}","templated":true}]}}