{"id":194423,"date":"2019-03-11T12:48:08","date_gmt":"2019-03-11T12:48:08","guid":{"rendered":"https:\/\/www.meydan.tv\/article\/oglumu-evden-cagirdilar-getdi-qayitmadi\/"},"modified":"2019-03-11T12:48:08","modified_gmt":"2019-03-11T12:48:08","slug":"oglumu-evden-cagirdilar-getdi-qayitmadi","status":"publish","type":"post","link":"https:\/\/www.meydan.tv\/az\/article\/oglumu-evden-cagirdilar-getdi-qayitmadi\/","title":{"rendered":"&#8221;O\u011flumu evd\u0259n \u00e7a\u011f\u0131rd\u0131lar, getdi, qay\u0131tmad\u0131&#8221;"},"content":{"rendered":"<p>\n  <i><br \/>\n    Bir il \u0259vv\u0259l yoxa \u00e7\u0131xm\u0131\u015f \u018flizamin Mehdiyevin ail\u0259si iddia edir ki, onu \u00f6z m\u00fc\u015ft\u0259ril\u0259ri \u00f6ld\u00fcr\u00fcb<br \/>\n  <\/i>\n<\/p>\n<p>\n  \u201cG\u0259lib evd\u0259n \u00e7a\u011f\u0131rd\u0131lar, qap\u0131dan \u00e7\u0131xanda dedi, ana, gedir\u0259m, g\u00f6r\u00fcm bunlar\u0131n m\u0259n\u0259 son s\u00f6z\u00fc n\u0259dir, ald\u0131qlar\u0131 in\u0259kl\u0259rin, qoyunlar\u0131n, ke\u00e7il\u0259rin pulunu n\u0259 vaxt verirl\u0259r&#8230; O ged\u0259n getdi, bir d\u0259 qay\u0131tmad\u0131\u201d.\n<\/p>\n<p>\n  A\u011fsunun B\u0259yimli k\u0259nd sakini F\u0131nd\u0131q Mehdiyeva bel\u0259 deyir. O\u011flu, 40 ya\u015fl\u0131 \u018flizamin Mehdiyev 1 ild\u0259n \u00e7oxdur ki, yoxa \u00e7\u0131x\u0131b.\n<\/p>\n<p>\n  <b><br \/>\n    <i><br \/>\n      \u201cSon s\u00f6z e\u015fitm\u0259k ist\u0259di, son gedi\u015fi oldu\u201d<br \/>\n    <\/i><br \/>\n  <\/b>\n<\/p>\n<p>\n  F\u0131nd\u0131q Mehdiyeva Meydan TV-y\u0259 dan\u0131\u015f\u0131r ki, \u018flizamin ill\u0259rdir heyvandarl\u0131qla m\u0259\u015f\u011ful olurmu\u015f. El\u0259 h\u0259y\u0259tind\u0259 mal-qara, qoyun-quzu \u00e7oxald\u0131b sat\u0131r, ail\u0259sini doland\u0131r\u0131rm\u0131\u015f. Sonuncu d\u0259f\u0259 evd\u0259n \u00e7\u0131xanda da anas\u0131na \u201csatd\u0131\u011f\u0131m mal-heyvan\u0131n pulunu alma\u011fa gedir\u0259m,\u201d- deyib. Ana dan\u0131\u015f\u0131r:\n<\/p>\n<p>\n  \u201cO\u011flum \u00f6z h\u0259y\u0259tind\u0259 \u015f\u0259rait yaratm\u0131\u015fd\u0131, heyvandarl\u0131qla m\u0259\u015f\u011ful olurdu. Al\u0131rd\u0131, \u00e7oxald\u0131rd\u0131, sat\u0131rd\u0131. Onlar da bununla yax\u0131n m\u00fcnasib\u0259t qurmu\u015fdular, guya dost olmu\u015fdular. O\u011flum onlara \u00e7ox inan\u0131rd\u0131, nisy\u0259 mal verirdi, g\u0259lib qap\u0131dan heyvanlar\u0131 g\u00f6t\u00fcr\u00fcb \u00d6m\u0259r adl\u0131 adam\u0131n fermas\u0131na apar\u0131rd\u0131lar. Deyirdil\u0259r, pulu yaz borcun \u00fcst\u00fcn\u0259&#8230; Bir ild\u0259 h\u0259y\u0259td\u0259n n\u0259 q\u0259d\u0259r heyvan apard\u0131lar. El\u0259 m\u0259n bildikl\u0259rim 25 ba\u015f iribuynuzlu mal, 140 qoyun, 70 ke\u00e7idir. Ancaq o\u011flum onlara bundan da \u00e7ox heyvan verib, pullar\u0131n\u0131n he\u00e7 bir qismini d\u0259 ona \u00f6d\u0259m\u0259yibl\u0259r. H\u0259l\u0259 m\u0259n da\u015f\u0131y\u0131b apard\u0131qlar\u0131 toyuq-c\u00fcc\u0259ni, qaz\u0131-hindu\u015fkan\u0131, kis\u0259l\u0259rl\u0259 yemi hesaba salm\u0131ram. G\u0259lib da\u015f\u0131y\u0131b apar\u0131rd\u0131lar, deyirdil\u0259r, yaz borcumuzun \u00fcst\u00fcn\u0259&#8230; \u0130\u015f o yer\u0259 \u00e7atm\u0131\u015fd\u0131 ki, h\u0259y\u0259td\u0259 n\u0259 heyvan qalm\u0131\u015fd\u0131, n\u0259 toyuq-c\u00fcc\u0259&#8230; \u018flizamin satd\u0131\u011f\u0131 heyvanlar\u0131n pulunu t\u0259l\u0259b edirdi, g\u00fcn\u00fc-g\u00fcn\u0259 sat\u0131rd\u0131lar, bu da \u0259s\u0259b ke\u00e7irirdi. Ke\u00e7\u0259n ilin \u0259vv\u0259li s\u00f6z verdil\u0259r ki, yanvar\u0131n 20-d\u0259k pullar\u0131 \u00f6d\u0259y\u0259c\u0259kl\u0259r. Yanvar\u0131n 17-d\u0259 g\u0259lib qap\u0131dan apard\u0131lar, bir d\u0259 geri qay\u0131tmad\u0131\u201d.\n<\/p>\n<p>\n  <b><br \/>\n    <i><br \/>\n      \u201cFerma sahibi \u00e7a\u011f\u0131rtd\u0131rm\u0131\u015fd\u0131\u201d<br \/>\n    <\/i><br \/>\n  <\/b>\n<\/p>\n<p>\n  Ana deyir, \u00f6t\u0259n il yanvar\u0131n 17-d\u0259 ax\u015fam saatlar\u0131nda R\u00f6v\u015f\u0259n adl\u0131 \u015f\u0259xs onlara g\u0259lib, \u018flizamin\u0259 bildirib ki, ferma sahibi \u00d6m\u0259r onu borcla ba\u011fl\u0131 dan\u0131\u015f\u0131\u011fa \u00e7a\u011f\u0131r\u0131r:\n<\/p>\n<p>\n  \u201cDedi, ana, dey\u0259s\u0259n puldan verm\u0259k ist\u0259yirl\u0259r. Gedim g\u00f6r\u00fcm, son s\u00f6zl\u0259ri n\u0259dir, h\u0259min ax\u015fam sonuncu d\u0259f\u0259 \u00e7\u0131xd\u0131 evd\u0259n&#8230; G\u00f6rd\u00fck, g\u0259lib \u00e7\u0131xm\u0131r, n\u00f6vb\u0259ti g\u00fcn polis\u0259 x\u0259b\u0259r verdik. Bu i\u015fi polis d\u0259, prokurorluq da yax\u015f\u0131 bilir. Sonuncu d\u0259f\u0259 kiml\u0259r ona z\u0259ng edib, n\u0259 dan\u0131\u015f\u0131blar, hara d\u0259v\u0259t edibl\u0259r, ham\u0131s\u0131 ortal\u0131qdad\u0131r. Polis a\u00e7\u0131q-a\u015fkar deyir ki, bu adam\u0131 el\u0259 bunlar \u00f6ld\u00fcr\u00fcb, ancaq meyiti harda basd\u0131r\u0131blar, bilinmir. Bunu dey\u0259n polis \u015f\u00fcbh\u0259li bildiyi adamlar\u0131 birc\u0259 g\u00fcn d\u0259 \u015f\u00f6b\u0259d\u0259 saxlamay\u0131b. Niy\u0259? Maraq n\u0259dir ki, bu i\u015fin \u00fcst\u00fcn\u00fc \u00f6rt-basd\u0131r edirl\u0259r? Hara da \u015fikay\u0259t yaz\u0131r\u0131q, g\u00f6nd\u0259rirl\u0259r rayon prokurorlu\u011funa, ordan da deyirl\u0259r, sakit olun, ara\u015fd\u0131rma apar\u0131l\u0131r, h\u0259r \u015feyin \u00fcst\u00fc a\u00e7\u0131lacaq&#8230; Bir s\u00f6zl\u0259, vaxt qazan\u0131rlar. \u0130st\u0259s\u0259l\u0259r, i\u015fin \u00fcst\u00fcn\u00fc 1 saat\u0131n i\u00e7ind\u0259 a\u00e7arlar. Burda a\u00e7\u0131lmal\u0131 i\u015f d\u0259 yoxdur, kor-kor, g\u00f6r-g\u00f6r, g\u0259lib evd\u0259n \u00e7a\u011f\u0131r\u0131b apar\u0131blar, geri qay\u0131tmay\u0131b\u201d.\n<\/p>\n<p>\n  <b><br \/>\n    <i><br \/>\n      \u201cN\u0259 \u00f6ld\u00fcs\u00fcnd\u0259n x\u0259b\u0259r var, n\u0259 qald\u0131s\u0131ndan&#8230;\u201d<br \/>\n    <\/i><br \/>\n  <\/b>\n<\/p>\n<p>\n  \u018flizamin Mehdiyevin \u00fc\u00e7 azya\u015fl\u0131 \u00f6vlad\u0131 var. Onlar h\u0259r g\u00fcn n\u0259n\u0259d\u0259n atalar\u0131n\u0131n n\u0259 vaxt qay\u0131daca\u011f\u0131n\u0131 soru\u015furlar:\n<\/p>\n<p>\n  \u201c\u00dcr\u0259yim da\u011flan\u0131r. N\u0259v\u0259l\u0259rim ikinci ildir ki, h\u0259r mart\u0131n 5-d\u0259 atalar\u0131n\u0131n ad g\u00fcn\u00fcn\u00fc onsuz ke\u00e7irirl\u0259r. G\u00f6zl\u0259ri qap\u0131da, qulaqlar\u0131 s\u0259sd\u0259 qal\u0131b. Bir var ki, d\u00fcnyas\u0131n\u0131 d\u0259yi\u015f\u0259, apar\u0131b d\u0259fn ed\u0259s\u0259n, u\u015fa\u011fa dey\u0259s\u0259n, atan yoxdu, \u00f6ld\u00fc. Bir d\u0259 var ki, g\u00f6z\u00fcm 1 ild\u0259n \u00e7oxdur qap\u0131dan \u00e7\u0259kilmir, cavan u\u015fa\u011f\u0131m\u0131n n\u0259 \u00f6ld\u00fcs\u00fc, n\u0259 qald\u0131s\u0131 var ortal\u0131qda&#8230; Gedir\u0259n prokurorlu\u011fa, deyir\u0259m, bu u\u015fa\u011fa bu adamlar\u0131n borcu olub, g\u0259lib apar\u0131blar, \u00e7a\u011f\u0131r\u0131n, s\u0131x\u0131\u015fd\u0131r\u0131n, \u00f6yr\u0259nin, hara apar\u0131blar, niy\u0259 apar\u0131blar&#8230; Bu hal n\u0259 q\u0259d\u0259r bel\u0259 davam ed\u0259c\u0259k? Deyirl\u0259r, n\u0259n\u0259, get, otur evd\u0259, i\u015fimiz\u0259 qar\u0131\u015fma. \u00c7\u00fcnki \u00f6zl\u0259ri h\u0259r \u015feyi yax\u015f\u0131 bilirl\u0259r. Polis \u00f6z\u00fc deyir ki, bu u\u015fa\u011f\u0131 bunlar yoxa \u00e7\u0131xar\u0131blar. Deyir\u0259m, b\u0259s niy\u0259 tutmursuz? Deyir, s\u00fcbut yoxdur. Deyir\u0259m, ax\u0131r\u0131nc\u0131 telefon dan\u0131\u015f\u0131qlar\u0131ndan yax\u015f\u0131 s\u00fcbut?\u201d\n<\/p>\n<p>\n  <b><br \/>\n    <i><br \/>\n      \u201cAdlar\u0131 \u00e7\u0259kil\u0259n \u015f\u0259xsl\u0259rin ifad\u0259l\u0259ri al\u0131n\u0131b\u201d<br \/>\n    <\/i><br \/>\n  <\/b>\n<\/p>\n<p>\n  A\u011fsu Rayon Prokurorlu\u011fundan bildirilib ki, \u018flizamin Mehdiyevin itkin d\u00fc\u015fm\u0259si il\u0259 ba\u011fl\u0131 Cinay\u0259t M\u0259c\u0259ll\u0259sinin 120.1 (Q\u0259sd\u0259n adam \u00f6ld\u00fcrm\u0259) madd\u0259si il\u0259 cinay\u0259t i\u015fi ba\u015fl\u0131an\u0131b. Cinay\u0259t i\u015fi \u00fczr\u0259 z\u0259ruri istintaq-\u0259m\u0259liyyat t\u0259dbirl\u0259ri davam etdirilir. Ail\u0259nin g\u00f6st\u0259rdiyi b\u00fct\u00fcn x\u00fcsusatlar ara\u015fd\u0131r\u0131l\u0131r, qeyd olunan \u015f\u0259xsl\u0259rin ifad\u0259l\u0259ri al\u0131n\u0131b. Ancaq h\u0259l\u0259 ki, bu \u015f\u0259xl\u0259rin faktla \u0259laq\u0259l\u0259ri t\u0259sdiqini tapmay\u0131b. Bununla yana\u015f\u0131, A\u011fsu Rayon Polis \u015e\u00f6b\u0259si t\u0259r\u0259find\u0259n cinay\u0259tin \u00fcst\u00fcn\u00fcn a\u00e7\u0131lmas\u0131 istiqam\u0259tind\u0259 g\u00f6r\u00fcl\u0259n i\u015fl\u0259r d\u0259 n\u0259zar\u0259t\u0259 g\u00f6t\u00fcr\u00fcl\u00fcb.\n<\/p>\n<p>\n  Ail\u0259nin \u015f\u00fcbh\u0259li bildiyi \u00d6m\u0259r M\u0259mm\u0259dov h\u0259m d\u0259 A\u011fsu \u015e\u0259h\u0259r M\u0259rk\u0259zi X\u0259st\u0259xanas\u0131nda u\u015faq h\u0259kimidir. Onun fermas\u0131 oldu\u011fu bildirilir. Meydan TV d\u0259f\u0259l\u0259rl\u0259 \u0259laq\u0259 saxlama\u011fa \u00e7al\u0131\u015fsa da, onunla dan\u0131\u015fa bilm\u0259yib. \u00d6m\u0259r M\u0259mm\u0259dov telefonlara cavab verm\u0259yib, yaz\u0131lan ismar\u0131clar\u0131 cavabland\u0131rmay\u0131b.<\/p>\n","protected":false},"excerpt":{"rendered":"<p>Bir il \u0259vv\u0259l yoxa \u00e7\u0131xm\u0131\u015f \u018flizamin Mehdiyevin ail\u0259si iddia edir ki, onu \u00f6z m\u00fc\u015ft\u0259ril\u0259ri \u00f6ld\u00fcr\u00fcb<\/p>\n","protected":false},"author":11,"featured_media":119816,"comment_status":"closed","ping_status":"open","sticky":false,"template":"","format":"standard","meta":{"_acf_changed":false,"_sitemap_exclude":false,"_sitemap_priority":"","_sitemap_frequency":"","footnotes":""},"categories":[60],"tags":[],"class_list":["post-194423","post","type-post","status-publish","format-standard","has-post-thumbnail","hentry","category-bolge","infinite-scroll-item","generate-columns","tablet-grid-50","mobile-grid-100","grid-parent","grid-33","no-featured-image-padding"],"acf":[],"yoast_head":"<!-- This site is optimized with the Yoast SEO plugin v27.4 - https:\/\/yoast.com\/product\/yoast-seo-wordpress\/ -->\n<title>&#039;&#039;O\u011flumu evd\u0259n \u00e7a\u011f\u0131rd\u0131lar, getdi, qay\u0131tmad\u0131&#039;&#039; - MEYDAN.TV<\/title>\n<meta name=\"robots\" content=\"index, follow, max-snippet:-1, max-image-preview:large, max-video-preview:-1\" \/>\n<link rel=\"canonical\" href=\"https:\/\/www.meydan.tv\/az\/article\/oglumu-evden-cagirdilar-getdi-qayitmadi\/\" \/>\n<meta property=\"og:locale\" content=\"az_AZ\" \/>\n<meta property=\"og:type\" content=\"article\" \/>\n<meta property=\"og:title\" content=\"&#039;&#039;O\u011flumu evd\u0259n \u00e7a\u011f\u0131rd\u0131lar, getdi, qay\u0131tmad\u0131&#039;&#039; - MEYDAN.TV\" \/>\n<meta property=\"og:description\" content=\"Bir il \u0259vv\u0259l yoxa \u00e7\u0131xm\u0131\u015f \u018flizamin Mehdiyevin ail\u0259si iddia edir ki, onu \u00f6z m\u00fc\u015ft\u0259ril\u0259ri \u00f6ld\u00fcr\u00fcb\" \/>\n<meta property=\"og:url\" content=\"https:\/\/www.meydan.tv\/az\/article\/oglumu-evden-cagirdilar-getdi-qayitmadi\/\" \/>\n<meta property=\"og:site_name\" content=\"MEYDAN.TV\" \/>\n<meta property=\"article:published_time\" content=\"2019-03-11T12:48:08+00:00\" \/>\n<meta property=\"og:image\" content=\"https:\/\/www.meydan.tv\/wp-content\/uploads\/screenshot_2019-03-11_at_12.46.21-1158x821.png\" \/>\n\t<meta property=\"og:image:width\" content=\"1158\" \/>\n\t<meta property=\"og:image:height\" content=\"821\" \/>\n\t<meta property=\"og:image:type\" content=\"image\/png\" \/>\n<meta name=\"author\" content=\"user-manager\" \/>\n<meta name=\"twitter:card\" content=\"summary_large_image\" \/>\n<script type=\"application\/ld+json\" class=\"yoast-schema-graph\">{\"@context\":\"https:\\\/\\\/schema.org\",\"@graph\":[{\"@type\":\"Article\",\"@id\":\"https:\\\/\\\/www.meydan.tv\\\/az\\\/article\\\/oglumu-evden-cagirdilar-getdi-qayitmadi\\\/#article\",\"isPartOf\":{\"@id\":\"https:\\\/\\\/www.meydan.tv\\\/az\\\/article\\\/oglumu-evden-cagirdilar-getdi-qayitmadi\\\/\"},\"author\":{\"name\":\"user-manager\",\"@id\":\"https:\\\/\\\/www.meydan.tv\\\/az\\\/#\\\/schema\\\/person\\\/10d11eccf6da3662cf5fdab9806ea91a\"},\"headline\":\"&#8221;O\u011flumu evd\u0259n \u00e7a\u011f\u0131rd\u0131lar, getdi, qay\u0131tmad\u0131&#8221;\",\"datePublished\":\"2019-03-11T12:48:08+00:00\",\"mainEntityOfPage\":{\"@id\":\"https:\\\/\\\/www.meydan.tv\\\/az\\\/article\\\/oglumu-evden-cagirdilar-getdi-qayitmadi\\\/\"},\"wordCount\":1076,\"publisher\":{\"@id\":\"https:\\\/\\\/www.meydan.tv\\\/az\\\/#organization\"},\"image\":{\"@id\":\"https:\\\/\\\/www.meydan.tv\\\/az\\\/article\\\/oglumu-evden-cagirdilar-getdi-qayitmadi\\\/#primaryimage\"},\"thumbnailUrl\":\"https:\\\/\\\/www.meydan.tv\\\/wp-content\\\/uploads\\\/screenshot_2019-03-11_at_12.46.21.png\",\"articleSection\":[\"B\u00f6lg\u0259\"],\"inLanguage\":\"az\"},{\"@type\":\"WebPage\",\"@id\":\"https:\\\/\\\/www.meydan.tv\\\/az\\\/article\\\/oglumu-evden-cagirdilar-getdi-qayitmadi\\\/\",\"url\":\"https:\\\/\\\/www.meydan.tv\\\/az\\\/article\\\/oglumu-evden-cagirdilar-getdi-qayitmadi\\\/\",\"name\":\"''O\u011flumu evd\u0259n \u00e7a\u011f\u0131rd\u0131lar, getdi, qay\u0131tmad\u0131'' - MEYDAN.TV\",\"isPartOf\":{\"@id\":\"https:\\\/\\\/www.meydan.tv\\\/az\\\/#website\"},\"primaryImageOfPage\":{\"@id\":\"https:\\\/\\\/www.meydan.tv\\\/az\\\/article\\\/oglumu-evden-cagirdilar-getdi-qayitmadi\\\/#primaryimage\"},\"image\":{\"@id\":\"https:\\\/\\\/www.meydan.tv\\\/az\\\/article\\\/oglumu-evden-cagirdilar-getdi-qayitmadi\\\/#primaryimage\"},\"thumbnailUrl\":\"https:\\\/\\\/www.meydan.tv\\\/wp-content\\\/uploads\\\/screenshot_2019-03-11_at_12.46.21.png\",\"datePublished\":\"2019-03-11T12:48:08+00:00\",\"breadcrumb\":{\"@id\":\"https:\\\/\\\/www.meydan.tv\\\/az\\\/article\\\/oglumu-evden-cagirdilar-getdi-qayitmadi\\\/#breadcrumb\"},\"inLanguage\":\"az\",\"potentialAction\":[{\"@type\":\"ReadAction\",\"target\":[\"https:\\\/\\\/www.meydan.tv\\\/az\\\/article\\\/oglumu-evden-cagirdilar-getdi-qayitmadi\\\/\"]}]},{\"@type\":\"ImageObject\",\"inLanguage\":\"az\",\"@id\":\"https:\\\/\\\/www.meydan.tv\\\/az\\\/article\\\/oglumu-evden-cagirdilar-getdi-qayitmadi\\\/#primaryimage\",\"url\":\"https:\\\/\\\/www.meydan.tv\\\/wp-content\\\/uploads\\\/screenshot_2019-03-11_at_12.46.21.png\",\"contentUrl\":\"https:\\\/\\\/www.meydan.tv\\\/wp-content\\\/uploads\\\/screenshot_2019-03-11_at_12.46.21.png\",\"width\":2144,\"height\":1520,\"caption\":\"Source: Meydan TV\"},{\"@type\":\"BreadcrumbList\",\"@id\":\"https:\\\/\\\/www.meydan.tv\\\/az\\\/article\\\/oglumu-evden-cagirdilar-getdi-qayitmadi\\\/#breadcrumb\",\"itemListElement\":[{\"@type\":\"ListItem\",\"position\":1,\"name\":\"Ana s\u0259hif\u0259\",\"item\":\"https:\\\/\\\/www.meydan.tv\\\/az\\\/\"},{\"@type\":\"ListItem\",\"position\":2,\"name\":\"B\u00f6lg\u0259\",\"item\":\"https:\\\/\\\/www.meydan.tv\\\/az\\\/section\\\/bolge\\\/\"},{\"@type\":\"ListItem\",\"position\":3,\"name\":\"&#8221;O\u011flumu evd\u0259n \u00e7a\u011f\u0131rd\u0131lar, getdi, qay\u0131tmad\u0131&#8221;\"}]},{\"@type\":\"WebSite\",\"@id\":\"https:\\\/\\\/www.meydan.tv\\\/az\\\/#website\",\"url\":\"https:\\\/\\\/www.meydan.tv\\\/az\\\/\",\"name\":\"MEYDAN.TV\",\"description\":\"Meydan TV Az\u0259rbaycan\u0131n media m\u0259kan\u0131ndak\u0131 alternativ s\u0259sidir\",\"publisher\":{\"@id\":\"https:\\\/\\\/www.meydan.tv\\\/az\\\/#organization\"},\"potentialAction\":[{\"@type\":\"SearchAction\",\"target\":{\"@type\":\"EntryPoint\",\"urlTemplate\":\"https:\\\/\\\/www.meydan.tv\\\/az\\\/?s={search_term_string}\"},\"query-input\":{\"@type\":\"PropertyValueSpecification\",\"valueRequired\":true,\"valueName\":\"search_term_string\"}}],\"inLanguage\":\"az\"},{\"@type\":\"Organization\",\"@id\":\"https:\\\/\\\/www.meydan.tv\\\/az\\\/#organization\",\"name\":\"Meydan TV\",\"url\":\"https:\\\/\\\/www.meydan.tv\\\/az\\\/\",\"logo\":{\"@type\":\"ImageObject\",\"inLanguage\":\"az\",\"@id\":\"https:\\\/\\\/www.meydan.tv\\\/az\\\/#\\\/schema\\\/logo\\\/image\\\/\",\"url\":\"https:\\\/\\\/www.meydan.tv\\\/wp-content\\\/uploads\\\/2021\\\/07\\\/meydan-logo.svg\",\"contentUrl\":\"https:\\\/\\\/www.meydan.tv\\\/wp-content\\\/uploads\\\/2021\\\/07\\\/meydan-logo.svg\",\"width\":195,\"height\":46,\"caption\":\"Meydan TV\"},\"image\":{\"@id\":\"https:\\\/\\\/www.meydan.tv\\\/az\\\/#\\\/schema\\\/logo\\\/image\\\/\"}},{\"@type\":\"Person\",\"@id\":\"https:\\\/\\\/www.meydan.tv\\\/az\\\/#\\\/schema\\\/person\\\/10d11eccf6da3662cf5fdab9806ea91a\",\"name\":\"user-manager\"}]}<\/script>\n<!-- \/ Yoast SEO plugin. -->","yoast_head_json":{"title":"''O\u011flumu evd\u0259n \u00e7a\u011f\u0131rd\u0131lar, getdi, qay\u0131tmad\u0131'' - MEYDAN.TV","robots":{"index":"index","follow":"follow","max-snippet":"max-snippet:-1","max-image-preview":"max-image-preview:large","max-video-preview":"max-video-preview:-1"},"canonical":"https:\/\/www.meydan.tv\/az\/article\/oglumu-evden-cagirdilar-getdi-qayitmadi\/","og_locale":"az_AZ","og_type":"article","og_title":"''O\u011flumu evd\u0259n \u00e7a\u011f\u0131rd\u0131lar, getdi, qay\u0131tmad\u0131'' - MEYDAN.TV","og_description":"Bir il \u0259vv\u0259l yoxa \u00e7\u0131xm\u0131\u015f \u018flizamin Mehdiyevin ail\u0259si iddia edir ki, onu \u00f6z m\u00fc\u015ft\u0259ril\u0259ri \u00f6ld\u00fcr\u00fcb","og_url":"https:\/\/www.meydan.tv\/az\/article\/oglumu-evden-cagirdilar-getdi-qayitmadi\/","og_site_name":"MEYDAN.TV","article_published_time":"2019-03-11T12:48:08+00:00","og_image":[{"width":1158,"height":821,"url":"https:\/\/www.meydan.tv\/wp-content\/uploads\/screenshot_2019-03-11_at_12.46.21-1158x821.png","type":"image\/png"}],"author":"user-manager","twitter_card":"summary_large_image","schema":{"@context":"https:\/\/schema.org","@graph":[{"@type":"Article","@id":"https:\/\/www.meydan.tv\/az\/article\/oglumu-evden-cagirdilar-getdi-qayitmadi\/#article","isPartOf":{"@id":"https:\/\/www.meydan.tv\/az\/article\/oglumu-evden-cagirdilar-getdi-qayitmadi\/"},"author":{"name":"user-manager","@id":"https:\/\/www.meydan.tv\/az\/#\/schema\/person\/10d11eccf6da3662cf5fdab9806ea91a"},"headline":"&#8221;O\u011flumu evd\u0259n \u00e7a\u011f\u0131rd\u0131lar, getdi, qay\u0131tmad\u0131&#8221;","datePublished":"2019-03-11T12:48:08+00:00","mainEntityOfPage":{"@id":"https:\/\/www.meydan.tv\/az\/article\/oglumu-evden-cagirdilar-getdi-qayitmadi\/"},"wordCount":1076,"publisher":{"@id":"https:\/\/www.meydan.tv\/az\/#organization"},"image":{"@id":"https:\/\/www.meydan.tv\/az\/article\/oglumu-evden-cagirdilar-getdi-qayitmadi\/#primaryimage"},"thumbnailUrl":"https:\/\/www.meydan.tv\/wp-content\/uploads\/screenshot_2019-03-11_at_12.46.21.png","articleSection":["B\u00f6lg\u0259"],"inLanguage":"az"},{"@type":"WebPage","@id":"https:\/\/www.meydan.tv\/az\/article\/oglumu-evden-cagirdilar-getdi-qayitmadi\/","url":"https:\/\/www.meydan.tv\/az\/article\/oglumu-evden-cagirdilar-getdi-qayitmadi\/","name":"''O\u011flumu evd\u0259n \u00e7a\u011f\u0131rd\u0131lar, getdi, qay\u0131tmad\u0131'' - MEYDAN.TV","isPartOf":{"@id":"https:\/\/www.meydan.tv\/az\/#website"},"primaryImageOfPage":{"@id":"https:\/\/www.meydan.tv\/az\/article\/oglumu-evden-cagirdilar-getdi-qayitmadi\/#primaryimage"},"image":{"@id":"https:\/\/www.meydan.tv\/az\/article\/oglumu-evden-cagirdilar-getdi-qayitmadi\/#primaryimage"},"thumbnailUrl":"https:\/\/www.meydan.tv\/wp-content\/uploads\/screenshot_2019-03-11_at_12.46.21.png","datePublished":"2019-03-11T12:48:08+00:00","breadcrumb":{"@id":"https:\/\/www.meydan.tv\/az\/article\/oglumu-evden-cagirdilar-getdi-qayitmadi\/#breadcrumb"},"inLanguage":"az","potentialAction":[{"@type":"ReadAction","target":["https:\/\/www.meydan.tv\/az\/article\/oglumu-evden-cagirdilar-getdi-qayitmadi\/"]}]},{"@type":"ImageObject","inLanguage":"az","@id":"https:\/\/www.meydan.tv\/az\/article\/oglumu-evden-cagirdilar-getdi-qayitmadi\/#primaryimage","url":"https:\/\/www.meydan.tv\/wp-content\/uploads\/screenshot_2019-03-11_at_12.46.21.png","contentUrl":"https:\/\/www.meydan.tv\/wp-content\/uploads\/screenshot_2019-03-11_at_12.46.21.png","width":2144,"height":1520,"caption":"Source: Meydan TV"},{"@type":"BreadcrumbList","@id":"https:\/\/www.meydan.tv\/az\/article\/oglumu-evden-cagirdilar-getdi-qayitmadi\/#breadcrumb","itemListElement":[{"@type":"ListItem","position":1,"name":"Ana s\u0259hif\u0259","item":"https:\/\/www.meydan.tv\/az\/"},{"@type":"ListItem","position":2,"name":"B\u00f6lg\u0259","item":"https:\/\/www.meydan.tv\/az\/section\/bolge\/"},{"@type":"ListItem","position":3,"name":"&#8221;O\u011flumu evd\u0259n \u00e7a\u011f\u0131rd\u0131lar, getdi, qay\u0131tmad\u0131&#8221;"}]},{"@type":"WebSite","@id":"https:\/\/www.meydan.tv\/az\/#website","url":"https:\/\/www.meydan.tv\/az\/","name":"MEYDAN.TV","description":"Meydan TV Az\u0259rbaycan\u0131n media m\u0259kan\u0131ndak\u0131 alternativ s\u0259sidir","publisher":{"@id":"https:\/\/www.meydan.tv\/az\/#organization"},"potentialAction":[{"@type":"SearchAction","target":{"@type":"EntryPoint","urlTemplate":"https:\/\/www.meydan.tv\/az\/?s={search_term_string}"},"query-input":{"@type":"PropertyValueSpecification","valueRequired":true,"valueName":"search_term_string"}}],"inLanguage":"az"},{"@type":"Organization","@id":"https:\/\/www.meydan.tv\/az\/#organization","name":"Meydan TV","url":"https:\/\/www.meydan.tv\/az\/","logo":{"@type":"ImageObject","inLanguage":"az","@id":"https:\/\/www.meydan.tv\/az\/#\/schema\/logo\/image\/","url":"https:\/\/www.meydan.tv\/wp-content\/uploads\/2021\/07\/meydan-logo.svg","contentUrl":"https:\/\/www.meydan.tv\/wp-content\/uploads\/2021\/07\/meydan-logo.svg","width":195,"height":46,"caption":"Meydan TV"},"image":{"@id":"https:\/\/www.meydan.tv\/az\/#\/schema\/logo\/image\/"}},{"@type":"Person","@id":"https:\/\/www.meydan.tv\/az\/#\/schema\/person\/10d11eccf6da3662cf5fdab9806ea91a","name":"user-manager"}]}},"_links":{"self":[{"href":"https:\/\/www.meydan.tv\/az\/wp-json\/wp\/v2\/posts\/194423","targetHints":{"allow":["GET"]}}],"collection":[{"href":"https:\/\/www.meydan.tv\/az\/wp-json\/wp\/v2\/posts"}],"about":[{"href":"https:\/\/www.meydan.tv\/az\/wp-json\/wp\/v2\/types\/post"}],"author":[{"embeddable":true,"href":"https:\/\/www.meydan.tv\/az\/wp-json\/wp\/v2\/users\/11"}],"replies":[{"embeddable":true,"href":"https:\/\/www.meydan.tv\/az\/wp-json\/wp\/v2\/comments?post=194423"}],"version-history":[{"count":0,"href":"https:\/\/www.meydan.tv\/az\/wp-json\/wp\/v2\/posts\/194423\/revisions"}],"wp:featuredmedia":[{"embeddable":true,"href":"https:\/\/www.meydan.tv\/az\/wp-json\/wp\/v2\/media\/119816"}],"wp:attachment":[{"href":"https:\/\/www.meydan.tv\/az\/wp-json\/wp\/v2\/media?parent=194423"}],"wp:term":[{"taxonomy":"category","embeddable":true,"href":"https:\/\/www.meydan.tv\/az\/wp-json\/wp\/v2\/categories?post=194423"},{"taxonomy":"post_tag","embeddable":true,"href":"https:\/\/www.meydan.tv\/az\/wp-json\/wp\/v2\/tags?post=194423"}],"curies":[{"name":"wp","href":"https:\/\/api.w.org\/{rel}","templated":true}]}}